{"id":971501,"date":"2022-03-14T08:00:00","date_gmt":"2022-03-14T11:00:00","guid":{"rendered":"https:\/\/www.estrategiaconcursos.com.br\/blog\/?p=971501"},"modified":"2022-03-15T11:40:15","modified_gmt":"2022-03-15T14:40:15","slug":"divida-ativa-sefa-pa-e-sefaz-am","status":"publish","type":"post","link":"https:\/\/www.estrategiaconcursos.com.br\/blog\/divida-ativa-sefa-pa-e-sefaz-am\/","title":{"rendered":"Entenda D\u00edvida Ativa para SEFA-PA e SEFAZ-AM"},"content":{"rendered":"\n<p>Hoje trataremos do tema <strong>D\u00edvida Ativa<\/strong> para SEFA-PA e SEFAZ-AM. Assim, o enfoque ser\u00e1 sobre os termos tribut\u00e1rios, ou melhor, abordaremos a d\u00edvida ativa <strong>tribut\u00e1ria<\/strong>.<\/p>\n\n\n\n<h2 class=\"has-vivid-green-cyan-background-color has-background wp-block-heading\" id=\"definicao-de-inscricao-em-divida-ativa\">Defini\u00e7\u00e3o de inscri\u00e7\u00e3o em d\u00edvida ativa<\/h2>\n\n\n\n<p>Inicialmente, destaca-se que a<strong> inscri\u00e7\u00e3o em d\u00edvida ativa tribut\u00e1ria <\/strong>\u00e9 um ato administrativo de <strong>controle de legalidade<\/strong> do lan\u00e7amento anteriormente efetuado. E ela confere liquidez, certeza e <strong>exequibilidade<\/strong> ao <strong>Cr\u00e9dito Tribut\u00e1rio<\/strong>.<\/p>\n\n\n\n<p>Nesse sentido,&nbsp; a inscri\u00e7\u00e3o em D\u00edvida Ativa \u00e9 o ato de registro de um d\u00e9bito n\u00e3o pago espontaneamente em livros pr\u00f3prios para tal fim.<\/p>\n\n\n\n<p>Outrossim, \u00e9 na inscri\u00e7\u00e3o em d\u00edvida ativa que ocorre o \u00faltimo controle da legalidade do cr\u00e9dito constitu\u00eddo na via administrativa.<\/p>\n\n\n\n<p>Entretanto, \u00e9 importante refor\u00e7ar que o ato de inscri\u00e7\u00e3o em d\u00edvida ativa <strong>n\u00e3o <\/strong>se confunde com o ato de constitui\u00e7\u00e3o do cr\u00e9dito a ser inscrito (este na verdade \u00e9 o LAN\u00c7AMENTO).<\/p>\n\n\n\n<h4 class=\"wp-block-heading\" id=\"exequibilidade-vs-exigibilidade\"><strong>Exequibilidade VS Exigibilidade<\/strong><\/h4>\n\n\n\n<p>Nesse contexto, o cr\u00e9dito tribut\u00e1rio torna-se exig\u00edvel (exigibilidade)&nbsp; a partir da notifica\u00e7\u00e3o do <strong>lan\u00e7amento<\/strong>. Por outro lado, o cr\u00e9dito tribut\u00e1rio somente se torna exequ\u00edvel (com exequibilidade) quando \u00e9<strong> inscrito em d\u00edvida ativa<\/strong>.<\/p>\n\n\n\n<h3 class=\"has-light-green-cyan-background-color has-background wp-block-heading\" id=\"divida-ativa-tributaria\">D\u00edvida ativa tribut\u00e1ria<\/h3>\n\n\n\n<p>Conforme a Lei 4320, constitui d\u00edvida ativa <strong>tribut\u00e1ria<\/strong> a proveniente de cr\u00e9dito dessa natureza, REGULARMENTE INSCRITA na reparti\u00e7\u00e3o administrativa competente, DEPOIS DE ESGOTADO O PRAZO fixado, PARA PAGAMENTO, pela lei ou por decis\u00e3o final proferida em processo regular.<\/p>\n\n\n\n<p>Ademais, sabe-se que a d\u00edvida regularmente inscrita goza da presun\u00e7\u00e3o de certeza e liquidez e tem o efeito de prova pr\u00e9-constitu\u00edda.<\/p>\n\n\n\n<p>Todavia, a presun\u00e7\u00e3o \u00e9 RELATIVA, podendo ser ilidida por prova inequ\u00edvoca, do Sujeito Passivo ou do terceiro a que aproveite.<\/p>\n\n\n\n<p>Al\u00e9m disso, sabe-se que a flu\u00eancia de juros de mora <strong>n\u00e3o <\/strong>exclui a liquidez do cr\u00e9dito inscrito.<\/p>\n\n\n\n<h3 class=\"has-light-green-cyan-background-color has-background wp-block-heading\" id=\"efeitos-da-inscricao-em-divida-ativa\">Efeitos da inscri\u00e7\u00e3o em d\u00edvida ativa<\/h3>\n\n\n\n<p>A <strong>d\u00edvida<\/strong> regularmente inscrita goza da <strong>PRESUN\u00c7\u00c3O<\/strong> <strong>relativa<\/strong><strong> de CERTEZA e LIQUIDEZ<\/strong> e tem o efeito de <strong>prova pr\u00e9-constitu\u00edda<\/strong>.<\/p>\n\n\n\n<p>Al\u00e9m do mais, a inscri\u00e7\u00e3o gera uma <strong>Certid\u00e3o de D\u00edvida Ativa (CDA)<\/strong>, que constitui <strong>t\u00edtulo executivo extrajudicial, <\/strong>possibilitando a execu\u00e7\u00e3o fiscal<strong>.<\/strong><\/p>\n\n\n\n<p>Por fim, a inscri\u00e7\u00e3o em, d\u00edvida ativa tem por efeito ser marco para <strong>PRESUN\u00c7\u00c3O DE FRAUDE<\/strong> na aliena\u00e7\u00e3o ou onera\u00e7\u00e3o de bens ou rendas, ou o seu come\u00e7o, pelo Sujeito Passivo em d\u00e9bito com a Fazenda P\u00fablica, <strong>salvo<\/strong> se forem reservados bens ou rendas suficientes para quita\u00e7\u00e3o integral.<\/p>\n\n\n\n<h3 class=\"has-vivid-red-background-color has-background wp-block-heading\" id=\"excecao-ao-sigilo-fiscal\">Exce\u00e7\u00e3o ao Sigilo Fiscal<\/h3>\n\n\n\n<p>Ainda, ressalta-se que o C\u00f3digo Tribut\u00e1rio Nacional, em seu artigo. 198. \u00a7 3\u00ba disp\u00f5e que <strong><em>N\u00c3O \u00c9 VEDADA<\/em><\/strong> a <strong>DIVULGA\u00c7\u00c3O DE INFORMA\u00c7\u00d5ES<\/strong> relativas a <strong>inscri\u00e7\u00f5es na D\u00edvida Ativa<\/strong> da Fazenda P\u00fablica. Dessa forma, o ato de inscri\u00e7\u00e3o em d\u00edvida ativa \u00e9 exce\u00e7\u00e3o ao sigilo fiscal, podendo ser divulgadas informa\u00e7\u00f5es relativas a esse procedimento.<\/p>\n\n\n\n<h3 class=\"has-light-green-cyan-background-color has-background wp-block-heading\" id=\"quando-e-efetuada-a-inscricao-em-divida-ativa\">Quando \u00e9 efetuada a inscri\u00e7\u00e3o em d\u00edvida ativa<\/h3>\n\n\n\n<p>A<strong> INSCRI\u00c7\u00c3O REGULAR<\/strong> somente pode ser efetuada ap\u00f3s o <strong>PRAZO<\/strong> fixado, para <strong>PAGAMENTO<\/strong>, pela <strong>LEI<\/strong> ou por <strong>DECIS\u00c3O<\/strong> final em processo regular. Isto \u00e9, somente pode haver a inscri\u00e7\u00e3o em d\u00edvida ativa ap\u00f3s a constitui\u00e7\u00e3o <span style=\"text-decoration: underline;\">definitiva<\/span> do cr\u00e9dito tribut\u00e1rio.<\/p>\n\n\n\n<p>Assim, a constitui\u00e7\u00e3o do cr\u00e9dito ocorre com o lan\u00e7amento e se torna definitiva ap\u00f3s esgotados os prazos para pagamento ou recursos administrativos. Al\u00e9m disso, <strong>n\u00e3o poder\u00e1<\/strong> ser feita a inscri\u00e7\u00e3o em d\u00edvida ativa enquanto <strong>n\u00e3o for decidido definitivamente <\/strong>algum<strong> recurso <\/strong>ou<strong> pedido de reconsidera\u00e7\u00e3o.<\/strong><\/p>\n\n\n\n<p>Al\u00e9m disso,<strong> <\/strong>em geral, os estados definem o momento m\u00ednimo da <strong>inscri\u00e7\u00e3o em d\u00edvida ativa<\/strong>, sendo ap\u00f3s o exerc\u00edcio do fato gerador, quando o tributo est\u00e1 sujeito a <strong>lan\u00e7amento anual. <\/strong>E ap\u00f3s o vencimento do prazo para pagamento (em regra, 30 dias), <strong>nos demais casos.<\/strong><\/p>\n\n\n\n<h3 class=\"has-light-green-cyan-background-color has-background wp-block-heading\" id=\"cobranca-do-credito-tributario\">Cobran\u00e7a do cr\u00e9dito tribut\u00e1rio<\/h3>\n\n\n\n<p>A <strong>cobran\u00e7a <\/strong>do cr\u00e9dito inscrito em d\u00edvida ativa pode ser realizada em procedimento <strong>extrajudicial<\/strong> , concomitantemente pelo \u00f3rg\u00e3o competente para a administra\u00e7\u00e3o tribut\u00e1ria <strong>e<\/strong> pelo \u00f3rg\u00e3o central do sistema jur\u00eddico. Ou pela via <strong>Judicial<\/strong>, pelo \u00f3rg\u00e3o central do sistema jur\u00eddico.<\/p>\n\n\n\n<p>E em geral antes dessas cobran\u00e7as tamb\u00e9m pode ser feita uma<strong> cobran\u00e7a amig\u00e1vel<\/strong>, ap\u00f3s o t\u00e9rmino do prazo para recolhimento do tributo. Entretanto, a<strong> cobran\u00e7a amig\u00e1vel <\/strong>ser\u00e1 sem preju\u00edzo das comina\u00e7\u00f5es legais que couber e<strong> enquanto n\u00e3o ajuizado o d\u00e9bito para cobran\u00e7a executiva<\/strong>.<\/p>\n\n\n\n<h3 class=\"has-light-green-cyan-background-color has-background wp-block-heading\" id=\"requisitos-do-termo-de-inscricao-em-divida-ativa\">Requisitos do termo de inscri\u00e7\u00e3o em d\u00edvida ativa<\/h3>\n\n\n\n<p>Com efeito sobre <strong>D\u00edvida Ativa<\/strong> para SEFA-PA e SEFAZ-AM, precisamos saber que de acordo com o CTN, o <strong>termo de inscri\u00e7\u00e3o da d\u00edvida ativa<\/strong>, autenticado pela autoridade competente, indicar\u00e1 <strong>obrigatoriamente<\/strong>:<\/p>\n\n\n\n<ol class=\"wp-block-list\"><li>o <strong>NOME<\/strong> do <strong>devedor<\/strong> e, sendo caso, o dos <strong>co-respons\u00e1veis<\/strong>, bem como, sempre que poss\u00edvel, o <strong>DOMIC\u00cdLIO<\/strong> ou a resid\u00eancia de um e de outros;<\/li><li>a <strong>QUANTIA<\/strong> <strong>devida<\/strong> e a <strong>MANEIRA<\/strong> <strong>DE CALCULAR os<\/strong> <strong>juros<\/strong> <strong>de mora<\/strong> acrescidos;<\/li><li>a <strong>ORIGEM<\/strong> e <strong>NATUREZA<\/strong> do <strong>CR\u00c9DITO<\/strong>, <em>mencionada<\/em> especificamente a <em>DISPOSI\u00c7\u00c3O DA LEI<\/em> em que seja fundado;<\/li><li>a <strong>DATA<\/strong> em que foi <strong>inscrita<\/strong>;<\/li><li>sendo caso, o <strong>n\u00famero do PROCESSO ADMINISTRATIVO<\/strong> de que se originar o cr\u00e9dito.<\/li><\/ol>\n\n\n\n<p>Outrossim, a <strong>Certid\u00e3o de D\u00edvida Ativa (CDA)<\/strong> conter\u00e1, al\u00e9m desses requisitos, a indica\u00e7\u00e3o do <strong>livro<\/strong> e da <strong>folha<\/strong> da inscri\u00e7\u00e3o.<\/p>\n\n\n\n<h3 class=\"has-vivid-red-background-color has-background wp-block-heading\" id=\"nulidade-da-inscricao\">Nulidade da inscri\u00e7\u00e3o<\/h3>\n\n\n\n<p>A <strong>omiss\u00e3o <\/strong>ou <strong>erro <\/strong>dos <span style=\"text-decoration: underline;\">requisitos do termo de inscri\u00e7\u00e3o<\/span> s\u00e3o causas de nulidade (ou melhor, anulabilidade) da inscri\u00e7\u00e3o e do processo de cobran\u00e7a. Todavia, a nulidade poder\u00e1 ser <strong>sanada <\/strong>at\u00e9 a decis\u00e3o de primeira inst\u00e2ncia, mediante substitui\u00e7\u00e3o da certid\u00e3o nula. Entretanto, em caso de substitui\u00e7\u00e3o da certid\u00e3o, \u00e9 devolvido ao Sujeito Passivo o prazo para defesa, que somente poder\u00e1 versar sobre a parte modificada.<\/p>\n\n\n\n<p>Nesse contexto, a causa da nulidade \u00e9 a<strong> OMISS\u00c3O<\/strong> ou o <strong>ERRO <\/strong>de quaisquer dos <strong>requisitos<\/strong>, mas <strong>poder\u00e1 ser SANADA<\/strong> at\u00e9 a <strong>DECIS\u00c3O DE PRIMEIRA INST\u00c2NCIA<\/strong> (at\u00e9 a prola\u00e7\u00e3o da senten\u00e7a de embargos, se houver), mediante SUBSTITUI\u00c7\u00c3O da certid\u00e3o nula. E ser\u00e1 <em>devolvido<\/em> ao Sujeito Passivo <em>o prazo para defesa<\/em>, <em>sobre a parte modificada<\/em>.<\/p>\n\n\n\n<h3 class=\"has-light-green-cyan-background-color has-background wp-block-heading\" id=\"jurisprudencia-do-stj\">Jurisprud\u00eancia do STJ<\/h3>\n\n\n\n<p>STJ: A Fazenda P\u00fablica pode substituir a (CDA) at\u00e9 a prola\u00e7\u00e3o da senten\u00e7a de embargos, <strong>quando se tratar de corre\u00e7\u00e3o de erro material ou formal<\/strong>, <strong>vedada<\/strong> a modifica\u00e7\u00e3o do Sujeito Passivo da execu\u00e7\u00e3o.<\/p>\n\n\n\n<p>STJ: A inscri\u00e7\u00e3o em d\u00edvida ativa de cr\u00e9ditos de natureza <strong>tribut\u00e1ria<\/strong> <strong>n\u00e3o exerce<\/strong> nenhuma influ\u00eancia sobre o prazo prescricional, pois n\u00e3o se encontra arrolada entre as hip\u00f3teses do art. 174 do (CTN).<\/p>\n\n\n\n<p>Em rela\u00e7\u00e3o a esse \u00faltimo entendimento do STJ, ressalta-se que a prescri\u00e7\u00e3o \u00e9 mat\u00e9ria reservada \u00e0 <strong>Lei Complementar (LC)<\/strong>, conforme s\u00famula vinculante do STF. Por isso, somente a inscri\u00e7\u00e3o de cr\u00e9ditos <strong>n\u00e3o tribut\u00e1rios<\/strong> provoca a suspens\u00e3o do prazo prescricional, nos termos da Lei Ordin\u00e1ria 6.830.<\/p>\n\n\n\n<h2 class=\"has-vivid-green-cyan-background-color has-background wp-block-heading\" id=\"certidao-negativa\">Certid\u00e3o negativa<\/h2>\n\n\n\n<p>Continuando, em rela\u00e7\u00e3o ao tema <strong>D\u00edvida Ativa<\/strong> para SEFA-PA e SEFAZ-AM, tamb\u00e9m \u00e9 importante o conhecimento da <strong>certid\u00e3o negativa<\/strong> e da <strong>certid\u00e3o positiva com efeitos de negativa<\/strong>.<\/p>\n\n\n\n<p>Nesse sentido, o CTN traz alguns requisitos da <span style=\"text-decoration: underline;\">certid\u00e3o negativa<\/span>, ensinando que a lei PODER\u00c1 exigir que a prova da quita\u00e7\u00e3o de tributo <strong>seja feita<\/strong> por <strong><em>certid\u00e3o negativa:<\/em><\/strong><\/p>\n\n\n\n<ul class=\"wp-block-list\"><li>expedida \u00e0 vista de requerimento <strong>do interessado<\/strong>,<\/li><li>que contenha todas as informa\u00e7\u00f5es necess\u00e1rias \u00e0 <strong>identifica\u00e7\u00e3o de:<\/strong><ul><li>sua <strong>pessoa<\/strong><\/li><li>seu <strong>domic\u00edlio fiscal,<\/strong><\/li><li>seu <strong>ramo de neg\u00f3cio<\/strong> e<\/li><li>do <strong>per\u00edodo<\/strong> a que se refere o pedido.<\/li><\/ul><\/li><\/ul>\n\n\n\n<p>Outrossim, o CTN disp\u00f5e que a certid\u00e3o negativa sempre ser\u00e1 expedida nos termos em que tenha sido requerida e ser\u00e1 fornecida, dentro de <strong>at\u00e9 10 (dez) dias<\/strong> (esse \u00e9 um prazo m\u00e1ximo, isto \u00e9, os entes poder\u00e3o definir prazos menores) da entrada do requerimento na reparti\u00e7\u00e3o.<\/p>\n\n\n\n<h2 class=\"has-vivid-green-cyan-background-color has-background wp-block-heading\" id=\"certidao-positiva-com-efeitos-de-negativa\">Certid\u00e3o positiva com efeitos de negativa:<\/h2>\n\n\n\n<p>De outro modo, o CTN tamb\u00e9m define alguns casos em que o Sujeito Passivo com d\u00e9bitos pode estar regular perante a fazendo e assim emitir uma certid\u00e3o com os<strong> mesmos efeitos da negativa.<\/strong> Dessa forma, tem os mesmos efeitos da negativa a certid\u00e3o de que conste a exist\u00eancia de cr\u00e9ditos <span style=\"text-decoration: underline;\">n\u00e3o vencidos<\/span>, <span style=\"text-decoration: underline;\">em curso de cobran\u00e7a executiva em que tenha sido efetivada a penhora<\/span>, ou cuja <span style=\"text-decoration: underline;\">exigibilidade esteja su<\/span>spensa.&nbsp;<\/p>\n\n\n\n<div class=\"wp-block-image\"><figure class=\"aligncenter size-full\"><img loading=\"lazy\" decoding=\"async\" width=\"832\" height=\"264\" src=\"https:\/\/dhg1h5j42swfq.cloudfront.net\/2022\/02\/18154007\/cda.png\" alt=\"Tem os mesmos efeitos da certid\u00e3o negativa\" class=\"wp-image-972460\" srcset=\"https:\/\/dhg1h5j42swfq.cloudfront.net\/2022\/02\/18154007\/cda.png 832w, https:\/\/dhg1h5j42swfq.cloudfront.net\/2022\/02\/18154007\/cda-300x95.png 300w, https:\/\/dhg1h5j42swfq.cloudfront.net\/2022\/02\/18154007\/cda-768x244.png 768w, https:\/\/dhg1h5j42swfq.cloudfront.net\/2022\/02\/18154007\/cda-610x194.png 610w\" sizes=\"auto, (max-width: 832px) 100vw, 832px\" \/><figcaption>Tem os mesmos efeitos da certid\u00e3o negativa<\/figcaption><\/figure><\/div>\n\n\n\n<p>Assim, em regra \u00e9 necess\u00e1rio uma dessas duas certid\u00f5es para executar atos e atividades. Entretanto, <strong>independentemente de disposi\u00e7\u00e3o legal permissiva<\/strong>, ser\u00e1 <strong>dispensada<\/strong> prova de quita\u00e7\u00e3o de tributos, quando da pr\u00e1tica de ato indispens\u00e1vel para <strong>evitar<\/strong> <strong>CADUCIDADE<\/strong><strong> de direito<\/strong>. Nesse caso, <strong>responde<\/strong>, por\u00e9m, <strong>TODOS<\/strong> os participantes no ato pelo tributo, juros de mora e penalidades cab\u00edveis (<strong>exceto<\/strong> as relativas a infra\u00e7\u00f5es cuja responsabilidade seja <strong>pessoal<\/strong> do infrator).<\/p>\n\n\n\n<p>Por fim, evidencia-se que a certid\u00e3o negativa expedida com <strong>dolo ou fraude<\/strong>, que contenha <strong>erro contra a Fazenda<\/strong>, responsabiliza <strong>PESSOALMENTE<\/strong> o <span style=\"text-decoration: underline;\">funcion\u00e1rio <\/span>que a expedir pelo cr\u00e9dito tribut\u00e1rio e seus juros de mora. Al\u00e9m disso, \u00e9 poss\u00edvel ainda a apura\u00e7\u00e3o da responsabilidade <strong>criminal e funcional<\/strong> que couber.<\/p>\n\n\n\n<p>Desse modo, o CTN somente responsabiliza pessoalmente o <span style=\"text-decoration: underline;\">auditor fiscal<\/span> pela emiss\u00e3o de certid\u00e3o em casos com<strong> dolo<\/strong> ou <strong>fraude<\/strong>, mas <strong>n\u00e3o<\/strong> por mera<strong> culpa (ato sem inten\u00e7\u00e3o).<\/strong><\/p>\n\n\n\n<h3 class=\"has-light-green-cyan-background-color has-background wp-block-heading\" id=\"jurisprudencia\">Jurisprud\u00eancia<\/h3>\n\n\n\n<p><strong>STJ:<\/strong> Declarado e n\u00e3o pago o d\u00e9bito tribut\u00e1rio pelo contribuinte, \u00e9 leg\u00edtima a <strong><mark style=\"background-color:rgba(0, 0, 0, 0)\" class=\"has-inline-color has-vivid-red-color\">recusa <\/mark><\/strong>de expedi\u00e7\u00e3o de certid\u00e3o negativa ou positiva com efeito de negativa.<\/p>\n\n\n\n<p><strong>STJ<\/strong>: Quando quem prop\u00f5e a a\u00e7\u00e3o (pela via judicial ) \u00e9 a<strong> PR\u00d3PRIA FAZENDA P\u00daBLICA em face de OUTRO ENTE P\u00daBLICO<\/strong> o ajuizamento da a\u00e7\u00e3o anulat\u00f3ria pela fazenda<strong> j\u00e1 ser\u00e1 o suficiente para que seja emitida a<\/strong> <strong>certid\u00e3o positiva com efeito de negativa<\/strong>, <strong>independe da garantia do ju\u00edzo<\/strong>, DEVIDO a impossibilidade de se penhorar bens p\u00fablicos.<\/p>\n\n\n\n<p>Esta \u00faltima jurisprud\u00eancia \u00e9 recente e cria um <strong>novo caso<\/strong> de expedi\u00e7\u00e3o de<strong> certid\u00e3o positiva com efeitos de negativa. <\/strong>E ele acontece<strong> <\/strong>quando o sujeito de um ajuizamento de a\u00e7\u00e3o judicial questionando o cr\u00e9dito tribut\u00e1rio seja um ente <strong>p\u00fablico<\/strong>. Entenda que nesse caso o ente p\u00fablico n\u00e3o precisa efetuar penhora e o cr\u00e9dito tribut\u00e1rio n\u00e3o precisa ter sido suspenso. Basta ser um ente p\u00fablico questionando o cr\u00e9dito na via judicial. Afinal, na via administrativa ocorreria a suspens\u00e3o do cr\u00e9dito tribut\u00e1rio e esta certid\u00e3o seria obtida por qualquer contribuinte (p\u00fablico ou privado).<\/p>\n\n\n\n<h2 class=\"has-cyan-bluish-gray-background-color has-background wp-block-heading\" id=\"h-consideracoes-finais\">Considera\u00e7\u00f5es Finais<\/h2>\n\n\n\n<p>Pessoal, chegamos ao final. Apesar da complexidade do tema <strong>D\u00edvida Ativa<\/strong> para SEFA-PA e SEFAZ-AM, espero que o artigo tenha sido \u00fatil para seu aprendizado. At\u00e9 a pr\u00f3xima!<\/p>\n\n\n\n<p>Gostou do artigo? N\u00e3o deixe de me seguir<\/p>\n\n\n\n<p><a href=\"https:\/\/www.instagram.com\/kaioguilherme7\/\">https:\/\/www.instagram.com\/kaioguilherme7\/<\/a><\/p>\n\n\n\n<p>Kaio Guilherme Moraes de Aquino<\/p>\n\n\n\n<p>Prepare-se com o melhor material e com quem mais aprova em Concursos P\u00fablicos em todo o pa\u00eds!<\/p>\n\n\n\n<p class=\"has-text-align-center has-white-color has-vivid-purple-background-color has-text-color has-background\"><a href=\"https:\/\/www.estrategiaconcursos.com.br\/blog\/concursos-abertos\/\" target=\"_blank\" rel=\"noreferrer noopener\"><strong>Concursos abertos<\/strong><\/a><\/p>\n\n\n\n<p class=\"has-text-align-center has-white-color has-vivid-purple-background-color has-text-color has-background\"><strong><a href=\"https:\/\/www.estrategiaconcursos.com.br\/blog\/concursos-2022\/\" target=\"_blank\" rel=\"noreferrer noopener\">Concursos 2022<\/a><\/strong><\/p>\n\n\n\n<div class=\"container\" id=\"boxes\">\n  <div class=\"row\">\n    <div class=\"col-sm\">\n      <div class=\"estrategia\" id=\"box-assinatura\">\n        <h3 class=\"titulo-assinatura\">Assinatura de Concursos<\/h3>\n        <p class=\"subtitulo-assinatura\">Assinatura de 1 ano ou 2 anos<\/p>\n        <div class=\"box-botao\">\n          <a class=\"btn-assinatura\" target=\"_blank\" href=\"https:\/\/www.estrategiaconcursos.com.br\/assinaturas\/\" role=\"button\" rel=\"noopener noreferrer\">ASSINE AGORA<\/a>\n        <\/div>\n      <\/div>\n      \n    <\/div><\/div><\/div>\n","protected":false},"excerpt":{"rendered":"<p>Entenda D\u00edvida Ativa Tribut\u00e1ria, Certid\u00e3o Negativa de D\u00e9bitos e a Certid\u00e3o Positiva com efeitos de negativa para SEFA-PA e SEFAZ-AM.<\/p>\n","protected":false},"author":2236,"featured_media":636571,"comment_status":"open","ping_status":"closed","sticky":false,"template":"","format":"standard","meta":{"post_tipo":"article","footnotes":""},"categories":[1,1983],"tags":[220560,220561,220448],"tax_estado":[219966,219977],"class_list":["post-971501","post","type-post","status-publish","format-standard","has-post-thumbnail","hentry","category-cursos-e-concursos","category-fiscal-estadual","tag-divida-ativa-para-sefa-pa-e-sefaz-am","tag-sefa-pa-2","tag-sefaz-am","tax_estado-am","tax_estado-pa"],"acf":[],"yoast_head":"<!-- This site is optimized with the Yoast SEO Premium plugin v27.2 (Yoast SEO v27.2) - https:\/\/yoast.com\/product\/yoast-seo-premium-wordpress\/ -->\n<title>Entenda D\u00edvida Ativa para SEFA-PA e SEFAZ-AM<\/title>\n<meta name=\"description\" content=\"Entenda D\u00edvida Ativa Tribut\u00e1ria, Certid\u00e3o Negativa de D\u00e9bitos e a Certid\u00e3o Positiva com efeitos de negativa para SEFAZ-PA e SEFAZ-AM\" \/>\n<meta name=\"robots\" content=\"index, follow, max-snippet:-1, max-image-preview:large, max-video-preview:-1\" \/>\n<link rel=\"canonical\" href=\"https:\/\/www.estrategiaconcursos.com.br\/blog\/divida-ativa-sefa-pa-e-sefaz-am\/\" \/>\n<meta property=\"og:locale\" content=\"pt_BR\" \/>\n<meta property=\"og:type\" content=\"article\" \/>\n<meta property=\"og:title\" content=\"Entenda D\u00edvida Ativa para SEFA-PA e SEFAZ-AM\" \/>\n<meta property=\"og:description\" content=\"Entenda D\u00edvida Ativa Tribut\u00e1ria, Certid\u00e3o Negativa de D\u00e9bitos e a Certid\u00e3o Positiva com efeitos de negativa para SEFAZ-PA e SEFAZ-AM\" \/>\n<meta property=\"og:url\" content=\"https:\/\/www.estrategiaconcursos.com.br\/blog\/divida-ativa-sefa-pa-e-sefaz-am\/\" \/>\n<meta property=\"og:site_name\" content=\"Estrat\u00e9gia Concursos\" \/>\n<meta property=\"article:published_time\" content=\"2022-03-14T11:00:00+00:00\" \/>\n<meta property=\"article:modified_time\" content=\"2022-03-15T14:40:15+00:00\" \/>\n<meta property=\"og:image\" content=\"https:\/\/dhg1h5j42swfq.cloudfront.net\/2020\/12\/27184318\/blog-responsabilidade-tributaria.jpg\" \/>\n\t<meta property=\"og:image:width\" content=\"1500\" \/>\n\t<meta property=\"og:image:height\" content=\"1000\" \/>\n\t<meta property=\"og:image:type\" content=\"image\/jpeg\" \/>\n<meta name=\"author\" content=\"Kaio Guilherme Moraes de Aquino\" \/>\n<meta name=\"twitter:card\" content=\"summary_large_image\" \/>\n<meta name=\"twitter:creator\" content=\"@EstratConcursos\" \/>\n<meta name=\"twitter:site\" content=\"@EstratConcursos\" \/>\n<meta name=\"twitter:label1\" content=\"Escrito por\" \/>\n\t<meta name=\"twitter:data1\" content=\"Kaio Guilherme Moraes de Aquino\" \/>\n\t<meta name=\"twitter:label2\" content=\"Est. tempo de leitura\" \/>\n\t<meta name=\"twitter:data2\" content=\"10 minutos\" \/>\n<script type=\"application\/ld+json\" class=\"yoast-schema-graph\">{\"@context\":\"https:\/\/schema.org\",\"@graph\":[{\"@type\":\"NewsArticle\",\"@id\":\"https:\/\/www.estrategiaconcursos.com.br\/blog\/divida-ativa-sefa-pa-e-sefaz-am\/#article\",\"isPartOf\":{\"@id\":\"https:\/\/www.estrategiaconcursos.com.br\/blog\/divida-ativa-sefa-pa-e-sefaz-am\/\"},\"author\":{\"name\":\"Kaio Guilherme Moraes de Aquino\",\"@id\":\"https:\/\/www.estrategiaconcursos.com.br\/blog\/#\/schema\/person\/893ca2bbd27a959ad2f97b3b2016ec11\"},\"headline\":\"Entenda D\u00edvida Ativa para SEFA-PA e SEFAZ-AM\",\"datePublished\":\"2022-03-14T11:00:00+00:00\",\"dateModified\":\"2022-03-15T14:40:15+00:00\",\"mainEntityOfPage\":{\"@id\":\"https:\/\/www.estrategiaconcursos.com.br\/blog\/divida-ativa-sefa-pa-e-sefaz-am\/\"},\"wordCount\":1897,\"commentCount\":0,\"publisher\":{\"@id\":\"https:\/\/www.estrategiaconcursos.com.br\/blog\/#organization\"},\"image\":{\"@id\":\"https:\/\/www.estrategiaconcursos.com.br\/blog\/divida-ativa-sefa-pa-e-sefaz-am\/#primaryimage\"},\"thumbnailUrl\":\"https:\/\/dhg1h5j42swfq.cloudfront.net\/2020\/12\/27184318\/blog-responsabilidade-tributaria.jpg\",\"keywords\":[\"D\u00edvida Ativa para SEFA-PA e SEFAZ-AM\",\"SEFA-PA\",\"SEFAZ-AM\"],\"articleSection\":[\"Concursos P\u00fablicos\",\"Fiscal - Estadual (ICMS)\"],\"inLanguage\":\"pt-BR\",\"potentialAction\":[{\"@type\":\"CommentAction\",\"name\":\"Comment\",\"target\":[\"https:\/\/www.estrategiaconcursos.com.br\/blog\/divida-ativa-sefa-pa-e-sefaz-am\/#respond\"]}],\"copyrightYear\":\"2022\",\"copyrightHolder\":{\"@id\":\"https:\/\/www.estrategiaconcursos.com.br\/blog\/#organization\"}},{\"@type\":\"WebPage\",\"@id\":\"https:\/\/www.estrategiaconcursos.com.br\/blog\/divida-ativa-sefa-pa-e-sefaz-am\/\",\"url\":\"https:\/\/www.estrategiaconcursos.com.br\/blog\/divida-ativa-sefa-pa-e-sefaz-am\/\",\"name\":\"Entenda D\u00edvida Ativa para SEFA-PA e SEFAZ-AM\",\"isPartOf\":{\"@id\":\"https:\/\/www.estrategiaconcursos.com.br\/blog\/#website\"},\"primaryImageOfPage\":{\"@id\":\"https:\/\/www.estrategiaconcursos.com.br\/blog\/divida-ativa-sefa-pa-e-sefaz-am\/#primaryimage\"},\"image\":{\"@id\":\"https:\/\/www.estrategiaconcursos.com.br\/blog\/divida-ativa-sefa-pa-e-sefaz-am\/#primaryimage\"},\"thumbnailUrl\":\"https:\/\/dhg1h5j42swfq.cloudfront.net\/2020\/12\/27184318\/blog-responsabilidade-tributaria.jpg\",\"datePublished\":\"2022-03-14T11:00:00+00:00\",\"dateModified\":\"2022-03-15T14:40:15+00:00\",\"description\":\"Entenda D\u00edvida Ativa Tribut\u00e1ria, Certid\u00e3o Negativa de D\u00e9bitos e a Certid\u00e3o Positiva com efeitos de negativa para SEFAZ-PA e SEFAZ-AM\",\"breadcrumb\":{\"@id\":\"https:\/\/www.estrategiaconcursos.com.br\/blog\/divida-ativa-sefa-pa-e-sefaz-am\/#breadcrumb\"},\"inLanguage\":\"pt-BR\",\"potentialAction\":[{\"@type\":\"ReadAction\",\"target\":[\"https:\/\/www.estrategiaconcursos.com.br\/blog\/divida-ativa-sefa-pa-e-sefaz-am\/\"]}]},{\"@type\":\"ImageObject\",\"inLanguage\":\"pt-BR\",\"@id\":\"https:\/\/www.estrategiaconcursos.com.br\/blog\/divida-ativa-sefa-pa-e-sefaz-am\/#primaryimage\",\"url\":\"https:\/\/dhg1h5j42swfq.cloudfront.net\/2020\/12\/27184318\/blog-responsabilidade-tributaria.jpg\",\"contentUrl\":\"https:\/\/dhg1h5j42swfq.cloudfront.net\/2020\/12\/27184318\/blog-responsabilidade-tributaria.jpg\",\"width\":1500,\"height\":1000,\"caption\":\"responsabilidade civil do estado\"},{\"@type\":\"BreadcrumbList\",\"@id\":\"https:\/\/www.estrategiaconcursos.com.br\/blog\/divida-ativa-sefa-pa-e-sefaz-am\/#breadcrumb\",\"itemListElement\":[{\"@type\":\"ListItem\",\"position\":1,\"name\":\"In\u00edcio\",\"item\":\"https:\/\/www.estrategiaconcursos.com.br\/blog\/\"},{\"@type\":\"ListItem\",\"position\":2,\"name\":\"Entenda D\u00edvida Ativa para SEFA-PA e SEFAZ-AM\"}]},{\"@type\":\"WebSite\",\"@id\":\"https:\/\/www.estrategiaconcursos.com.br\/blog\/#website\",\"url\":\"https:\/\/www.estrategiaconcursos.com.br\/blog\/\",\"name\":\"Estrat\u00e9gia Concursos\",\"description\":\"O blog da Estrat\u00e9gia Concursos traz not\u00edcias sobre concursos e artigos de professores oferecendo cursos para concursos (pdf + videaulas) no site.\",\"publisher\":{\"@id\":\"https:\/\/www.estrategiaconcursos.com.br\/blog\/#organization\"},\"potentialAction\":[{\"@type\":\"SearchAction\",\"target\":{\"@type\":\"EntryPoint\",\"urlTemplate\":\"https:\/\/www.estrategiaconcursos.com.br\/blog\/?s={search_term_string}\"},\"query-input\":{\"@type\":\"PropertyValueSpecification\",\"valueRequired\":true,\"valueName\":\"search_term_string\"}}],\"inLanguage\":\"pt-BR\"},{\"@type\":\"Organization\",\"@id\":\"https:\/\/www.estrategiaconcursos.com.br\/blog\/#organization\",\"name\":\"Estrat\u00e9gia Concursos\",\"url\":\"https:\/\/www.estrategiaconcursos.com.br\/blog\/\",\"logo\":{\"@type\":\"ImageObject\",\"inLanguage\":\"pt-BR\",\"@id\":\"https:\/\/www.estrategiaconcursos.com.br\/blog\/#\/schema\/logo\/image\/\",\"url\":\"https:\/\/dhg1h5j42swfq.cloudfront.net\/2025\/06\/03203428\/logo_concursos-1.jpg\",\"contentUrl\":\"https:\/\/dhg1h5j42swfq.cloudfront.net\/2025\/06\/03203428\/logo_concursos-1.jpg\",\"width\":230,\"height\":60,\"caption\":\"Estrat\u00e9gia Concursos\"},\"image\":{\"@id\":\"https:\/\/www.estrategiaconcursos.com.br\/blog\/#\/schema\/logo\/image\/\"},\"sameAs\":[\"https:\/\/x.com\/EstratConcursos\"]},{\"@type\":\"Person\",\"@id\":\"https:\/\/www.estrategiaconcursos.com.br\/blog\/#\/schema\/person\/893ca2bbd27a959ad2f97b3b2016ec11\",\"name\":\"Kaio Guilherme Moraes de Aquino\",\"image\":{\"@type\":\"ImageObject\",\"inLanguage\":\"pt-BR\",\"@id\":\"https:\/\/secure.gravatar.com\/avatar\/ad261d775d88e747a9faf0b4308571b9892e96c89da74e1f11f0d01245116e25?s=96&d=mm&r=g\",\"url\":\"https:\/\/secure.gravatar.com\/avatar\/ad261d775d88e747a9faf0b4308571b9892e96c89da74e1f11f0d01245116e25?s=96&d=mm&r=g\",\"contentUrl\":\"https:\/\/secure.gravatar.com\/avatar\/ad261d775d88e747a9faf0b4308571b9892e96c89da74e1f11f0d01245116e25?s=96&d=mm&r=g\",\"caption\":\"Kaio Guilherme Moraes de Aquino\"},\"url\":\"https:\/\/www.estrategiaconcursos.com.br\/blog\/author\/kaioguilhermemoraesgmail-com\/\"}]}<\/script>\n<!-- \/ Yoast SEO Premium plugin. -->","yoast_head_json":{"title":"Entenda D\u00edvida Ativa para SEFA-PA e SEFAZ-AM","description":"Entenda D\u00edvida Ativa Tribut\u00e1ria, Certid\u00e3o Negativa de D\u00e9bitos e a Certid\u00e3o Positiva com efeitos de negativa para SEFAZ-PA e SEFAZ-AM","robots":{"index":"index","follow":"follow","max-snippet":"max-snippet:-1","max-image-preview":"max-image-preview:large","max-video-preview":"max-video-preview:-1"},"canonical":"https:\/\/www.estrategiaconcursos.com.br\/blog\/divida-ativa-sefa-pa-e-sefaz-am\/","og_locale":"pt_BR","og_type":"article","og_title":"Entenda D\u00edvida Ativa para SEFA-PA e SEFAZ-AM","og_description":"Entenda D\u00edvida Ativa Tribut\u00e1ria, Certid\u00e3o Negativa de D\u00e9bitos e a Certid\u00e3o Positiva com efeitos de negativa para SEFAZ-PA e SEFAZ-AM","og_url":"https:\/\/www.estrategiaconcursos.com.br\/blog\/divida-ativa-sefa-pa-e-sefaz-am\/","og_site_name":"Estrat\u00e9gia Concursos","article_published_time":"2022-03-14T11:00:00+00:00","article_modified_time":"2022-03-15T14:40:15+00:00","og_image":[{"width":1500,"height":1000,"url":"https:\/\/dhg1h5j42swfq.cloudfront.net\/2020\/12\/27184318\/blog-responsabilidade-tributaria.jpg","type":"image\/jpeg"}],"author":"Kaio Guilherme Moraes de Aquino","twitter_card":"summary_large_image","twitter_creator":"@EstratConcursos","twitter_site":"@EstratConcursos","twitter_misc":{"Escrito por":"Kaio Guilherme Moraes de Aquino","Est. tempo de leitura":"10 minutos"},"schema":{"@context":"https:\/\/schema.org","@graph":[{"@type":"NewsArticle","@id":"https:\/\/www.estrategiaconcursos.com.br\/blog\/divida-ativa-sefa-pa-e-sefaz-am\/#article","isPartOf":{"@id":"https:\/\/www.estrategiaconcursos.com.br\/blog\/divida-ativa-sefa-pa-e-sefaz-am\/"},"author":{"name":"Kaio Guilherme Moraes de Aquino","@id":"https:\/\/www.estrategiaconcursos.com.br\/blog\/#\/schema\/person\/893ca2bbd27a959ad2f97b3b2016ec11"},"headline":"Entenda D\u00edvida Ativa para SEFA-PA e SEFAZ-AM","datePublished":"2022-03-14T11:00:00+00:00","dateModified":"2022-03-15T14:40:15+00:00","mainEntityOfPage":{"@id":"https:\/\/www.estrategiaconcursos.com.br\/blog\/divida-ativa-sefa-pa-e-sefaz-am\/"},"wordCount":1897,"commentCount":0,"publisher":{"@id":"https:\/\/www.estrategiaconcursos.com.br\/blog\/#organization"},"image":{"@id":"https:\/\/www.estrategiaconcursos.com.br\/blog\/divida-ativa-sefa-pa-e-sefaz-am\/#primaryimage"},"thumbnailUrl":"https:\/\/dhg1h5j42swfq.cloudfront.net\/2020\/12\/27184318\/blog-responsabilidade-tributaria.jpg","keywords":["D\u00edvida Ativa para SEFA-PA e SEFAZ-AM","SEFA-PA","SEFAZ-AM"],"articleSection":["Concursos P\u00fablicos","Fiscal - Estadual (ICMS)"],"inLanguage":"pt-BR","potentialAction":[{"@type":"CommentAction","name":"Comment","target":["https:\/\/www.estrategiaconcursos.com.br\/blog\/divida-ativa-sefa-pa-e-sefaz-am\/#respond"]}],"copyrightYear":"2022","copyrightHolder":{"@id":"https:\/\/www.estrategiaconcursos.com.br\/blog\/#organization"}},{"@type":"WebPage","@id":"https:\/\/www.estrategiaconcursos.com.br\/blog\/divida-ativa-sefa-pa-e-sefaz-am\/","url":"https:\/\/www.estrategiaconcursos.com.br\/blog\/divida-ativa-sefa-pa-e-sefaz-am\/","name":"Entenda D\u00edvida Ativa para SEFA-PA e SEFAZ-AM","isPartOf":{"@id":"https:\/\/www.estrategiaconcursos.com.br\/blog\/#website"},"primaryImageOfPage":{"@id":"https:\/\/www.estrategiaconcursos.com.br\/blog\/divida-ativa-sefa-pa-e-sefaz-am\/#primaryimage"},"image":{"@id":"https:\/\/www.estrategiaconcursos.com.br\/blog\/divida-ativa-sefa-pa-e-sefaz-am\/#primaryimage"},"thumbnailUrl":"https:\/\/dhg1h5j42swfq.cloudfront.net\/2020\/12\/27184318\/blog-responsabilidade-tributaria.jpg","datePublished":"2022-03-14T11:00:00+00:00","dateModified":"2022-03-15T14:40:15+00:00","description":"Entenda D\u00edvida Ativa Tribut\u00e1ria, Certid\u00e3o Negativa de D\u00e9bitos e a Certid\u00e3o Positiva com efeitos de negativa para SEFAZ-PA e SEFAZ-AM","breadcrumb":{"@id":"https:\/\/www.estrategiaconcursos.com.br\/blog\/divida-ativa-sefa-pa-e-sefaz-am\/#breadcrumb"},"inLanguage":"pt-BR","potentialAction":[{"@type":"ReadAction","target":["https:\/\/www.estrategiaconcursos.com.br\/blog\/divida-ativa-sefa-pa-e-sefaz-am\/"]}]},{"@type":"ImageObject","inLanguage":"pt-BR","@id":"https:\/\/www.estrategiaconcursos.com.br\/blog\/divida-ativa-sefa-pa-e-sefaz-am\/#primaryimage","url":"https:\/\/dhg1h5j42swfq.cloudfront.net\/2020\/12\/27184318\/blog-responsabilidade-tributaria.jpg","contentUrl":"https:\/\/dhg1h5j42swfq.cloudfront.net\/2020\/12\/27184318\/blog-responsabilidade-tributaria.jpg","width":1500,"height":1000,"caption":"responsabilidade civil do estado"},{"@type":"BreadcrumbList","@id":"https:\/\/www.estrategiaconcursos.com.br\/blog\/divida-ativa-sefa-pa-e-sefaz-am\/#breadcrumb","itemListElement":[{"@type":"ListItem","position":1,"name":"In\u00edcio","item":"https:\/\/www.estrategiaconcursos.com.br\/blog\/"},{"@type":"ListItem","position":2,"name":"Entenda D\u00edvida Ativa para SEFA-PA e SEFAZ-AM"}]},{"@type":"WebSite","@id":"https:\/\/www.estrategiaconcursos.com.br\/blog\/#website","url":"https:\/\/www.estrategiaconcursos.com.br\/blog\/","name":"Estrat\u00e9gia Concursos","description":"O blog da Estrat\u00e9gia Concursos traz not\u00edcias sobre concursos e artigos de professores oferecendo cursos para concursos (pdf + videaulas) no site.","publisher":{"@id":"https:\/\/www.estrategiaconcursos.com.br\/blog\/#organization"},"potentialAction":[{"@type":"SearchAction","target":{"@type":"EntryPoint","urlTemplate":"https:\/\/www.estrategiaconcursos.com.br\/blog\/?s={search_term_string}"},"query-input":{"@type":"PropertyValueSpecification","valueRequired":true,"valueName":"search_term_string"}}],"inLanguage":"pt-BR"},{"@type":"Organization","@id":"https:\/\/www.estrategiaconcursos.com.br\/blog\/#organization","name":"Estrat\u00e9gia Concursos","url":"https:\/\/www.estrategiaconcursos.com.br\/blog\/","logo":{"@type":"ImageObject","inLanguage":"pt-BR","@id":"https:\/\/www.estrategiaconcursos.com.br\/blog\/#\/schema\/logo\/image\/","url":"https:\/\/dhg1h5j42swfq.cloudfront.net\/2025\/06\/03203428\/logo_concursos-1.jpg","contentUrl":"https:\/\/dhg1h5j42swfq.cloudfront.net\/2025\/06\/03203428\/logo_concursos-1.jpg","width":230,"height":60,"caption":"Estrat\u00e9gia Concursos"},"image":{"@id":"https:\/\/www.estrategiaconcursos.com.br\/blog\/#\/schema\/logo\/image\/"},"sameAs":["https:\/\/x.com\/EstratConcursos"]},{"@type":"Person","@id":"https:\/\/www.estrategiaconcursos.com.br\/blog\/#\/schema\/person\/893ca2bbd27a959ad2f97b3b2016ec11","name":"Kaio Guilherme Moraes de Aquino","image":{"@type":"ImageObject","inLanguage":"pt-BR","@id":"https:\/\/secure.gravatar.com\/avatar\/ad261d775d88e747a9faf0b4308571b9892e96c89da74e1f11f0d01245116e25?s=96&d=mm&r=g","url":"https:\/\/secure.gravatar.com\/avatar\/ad261d775d88e747a9faf0b4308571b9892e96c89da74e1f11f0d01245116e25?s=96&d=mm&r=g","contentUrl":"https:\/\/secure.gravatar.com\/avatar\/ad261d775d88e747a9faf0b4308571b9892e96c89da74e1f11f0d01245116e25?s=96&d=mm&r=g","caption":"Kaio Guilherme Moraes de Aquino"},"url":"https:\/\/www.estrategiaconcursos.com.br\/blog\/author\/kaioguilhermemoraesgmail-com\/"}]}},"_links":{"self":[{"href":"https:\/\/www.estrategiaconcursos.com.br\/blog\/wp-json\/wp\/v2\/posts\/971501","targetHints":{"allow":["GET"]}}],"collection":[{"href":"https:\/\/www.estrategiaconcursos.com.br\/blog\/wp-json\/wp\/v2\/posts"}],"about":[{"href":"https:\/\/www.estrategiaconcursos.com.br\/blog\/wp-json\/wp\/v2\/types\/post"}],"author":[{"embeddable":true,"href":"https:\/\/www.estrategiaconcursos.com.br\/blog\/wp-json\/wp\/v2\/users\/2236"}],"replies":[{"embeddable":true,"href":"https:\/\/www.estrategiaconcursos.com.br\/blog\/wp-json\/wp\/v2\/comments?post=971501"}],"version-history":[{"count":7,"href":"https:\/\/www.estrategiaconcursos.com.br\/blog\/wp-json\/wp\/v2\/posts\/971501\/revisions"}],"predecessor-version":[{"id":975278,"href":"https:\/\/www.estrategiaconcursos.com.br\/blog\/wp-json\/wp\/v2\/posts\/971501\/revisions\/975278"}],"wp:featuredmedia":[{"embeddable":true,"href":"https:\/\/www.estrategiaconcursos.com.br\/blog\/wp-json\/wp\/v2\/media\/636571"}],"wp:attachment":[{"href":"https:\/\/www.estrategiaconcursos.com.br\/blog\/wp-json\/wp\/v2\/media?parent=971501"}],"wp:term":[{"taxonomy":"category","embeddable":true,"href":"https:\/\/www.estrategiaconcursos.com.br\/blog\/wp-json\/wp\/v2\/categories?post=971501"},{"taxonomy":"post_tag","embeddable":true,"href":"https:\/\/www.estrategiaconcursos.com.br\/blog\/wp-json\/wp\/v2\/tags?post=971501"},{"taxonomy":"tax_estado","embeddable":true,"href":"https:\/\/www.estrategiaconcursos.com.br\/blog\/wp-json\/wp\/v2\/tax_estado?post=971501"}],"curies":[{"name":"wp","href":"https:\/\/api.w.org\/{rel}","templated":true}]}}