{"id":971425,"date":"2022-02-17T11:53:47","date_gmt":"2022-02-17T14:53:47","guid":{"rendered":"https:\/\/www.estrategiaconcursos.com.br\/blog\/?p=971425"},"modified":"2022-10-17T18:24:56","modified_gmt":"2022-10-17T21:24:56","slug":"concurso-seduc-rs-pedido-de-novo-edital","status":"publish","type":"post","link":"https:\/\/www.estrategiaconcursos.com.br\/blog\/concurso-seduc-rs-pedido-de-novo-edital\/","title":{"rendered":"Concurso Seduc RS: deputada Cavedon protocola pedido de novo edital"},"content":{"rendered":"\n<p>Sem <strong>concurso Seduc RS<\/strong> (<a href=\"https:\/\/www.estrategiaconcursos.com.br\/cursosPorConcurso\/secretaria-da-educacao-do-estado-do-rio-grande-do-sul-seduc-rs\/\" target=\"_blank\" rel=\"noreferrer noopener\">Secretaria de Educa\u00e7\u00e3o do Estado do Rio Grande do Sul<\/a>) h\u00e1 cerca de oito anos, a deputada estadual Sofia Cavedon (PT-RS) protocolou pedido junto ao Minist\u00e9rio P\u00fablico para que um novo edital seja lan\u00e7ado.<\/p>\n\n\n\n<p>Em v\u00eddeo divulgado nas redes sociais, Cavedon destacou que apenas 55% dos professores do Estado do Rio Grande do Sul s\u00e3o <strong>concursados<\/strong>. <\/p>\n\n\n\n<p>A deputada tamb\u00e9m reclamou que, o restante do quadro de docentes, \u00e9 formada por pessoas contratadas em car\u00e1ter tempor\u00e1rio e com condi\u00e7\u00f5es prec\u00e1rias para desenvolver a fun\u00e7\u00e3o.<\/p>\n\n\n\n<p>\u201cN\u00e3o \u00e9 poss\u00edvel que a comunidade escolar n\u00e3o receba do poder p\u00fablico as melhores condi\u00e7\u00f5es para garantir a perman\u00eancia e a aprendizagem com sucesso de seus filhos e filhas. Al\u00e9m das melhorias nas condi\u00e7\u00f5es materiais, \u00e9 necess\u00e1rio prover as escolas de profissionais com estabilidade funcional para desenvolver com qualidade os projetos pedag\u00f3gicos\u201d, disse a deputada.<\/p>\n\n\n\n<p>No ano de 2021, o ent\u00e3o Secretario de Educa\u00e7\u00e3o do estado, Faisal Karam, designou servidores para comporem a comiss\u00e3o de concursos p\u00fablicos do \u00f3rg\u00e3o. Por\u00e9m, nenhum edital foi publicado.<\/p>\n\n\n\n<p class=\"has-text-align-center has-white-color has-pale-cyan-blue-background-color has-text-color has-background has-medium-font-size\"><a href=\"https:\/\/www.estrategiaconcursos.com.br\/blog\/concurso-seduc-rs\/\" target=\"_blank\" rel=\"noreferrer noopener\"><strong>Saiba mais: concurso Seduc RS <\/strong><\/a><\/p>\n\n\n\n<h2 class=\"has-text-align-center wp-block-heading\" id=\"h-quer-saber-tudo-sobre-concursos-previstos-confira-nossos-artigos\">Quer saber tudo sobre concursos previstos?<br \/>Confira nossos artigos!<\/h2>\n\n\n\n<ul class=\"wp-block-list\"><li><a href=\"https:\/\/www.estrategiaconcursos.com.br\/blog\/concursos-abertos\/\" target=\"_blank\" rel=\"noreferrer noopener\">Concursos abertos<\/a><\/li><li><a href=\"https:\/\/www.estrategiaconcursos.com.br\/blog\/concursos-2022\/\" target=\"_blank\" rel=\"noreferrer noopener\">Concursos 2022<\/a><\/li><\/ul>\n\n\n\n<h2 class=\"has-text-align-center wp-block-heading\" id=\"cursos-assinatura\"><strong><em>Quer estudar para o Concurso SEDUC RS?<\/em><\/strong><\/h2>\n\n\n\n<p class=\"has-text-align-center\"><em>Gostou desta oportunidade e deseja come\u00e7ar se preparar agora mesmo? Ent\u00e3o, confira os nossos cursos e comece a estudar:<\/em><\/p>\n\n\n\n<div class=\"container\" id=\"boxes\">\n  <div class=\"row\">\n\n    <div class=\"col-sm\">\n      <div class=\"banner-estrategia\" id=\"box-assinatura\">\n        <h3 class=\"titulo-assinatura\">Curso SEDUC RS<\/h3>\n        <p class=\"subtitulo-assinatura\">Conhe\u00e7a os cursos<\/p>\n        <div class=\"box-botao\">\n          <a class=\"btn-assinatura\" target=\"_blank\" href=\"https:\/\/www.estrategiaconcursos.com.br\/cursosPorConcurso\/secretaria-da-educacao-do-estado-do-rio-grande-do-sul-seduc-rs\/\" role=\"button\" rel=\"noopener noreferrer\">Conhe\u00e7a mais<\/a>\n        <\/div>\n      <\/div>\n      <p class=\"texto-auxiliar\">Prepare-se com o melhor material e com quem mais aprova em Concursos P\u00fablicos em todo o pa\u00eds.<\/p>\n    <\/div>\n\n  <\/div>\n<\/div>\n\n\n\n<div class=\"container\" id=\"boxes\">\n  <div class=\"row\">\n\n    <div class=\"col-sm\">\n      <div class=\"estrategia\" id=\"box-assinatura\">\n        <h3 class=\"titulo-assinatura\">Assinatura Concursos<\/h3>\n        <p class=\"subtitulo-assinatura\">Assinatura de 1 ano ou 2 anos<\/p>\n        <div class=\"box-botao\">\n          <a class=\"btn-assinatura\" target=\"_blank\" href=\"https:\/\/www.estrategiaconcursos.com.br\/assinaturas\/\" role=\"button\" rel=\"noopener noreferrer\">ASSINE AGORA<\/a>\n        <\/div>\n      <\/div>\n     \n    <\/div><\/div><\/div>\n","protected":false},"excerpt":{"rendered":"<p>Sem concurso Seduc RS (Secretaria de Educa\u00e7\u00e3o do Estado do Rio Grande do Sul) h\u00e1 cerca de oito anos, a deputada estadual Sofia Cavedon (PT-RS) protocolou pedido junto ao Minist\u00e9rio P\u00fablico para que um novo edital seja lan\u00e7ado. Em v\u00eddeo divulgado nas redes sociais, Cavedon destacou que apenas 55% dos professores do Estado do Rio [&hellip;]<\/p>\n","protected":false},"author":2374,"featured_media":662506,"comment_status":"open","ping_status":"closed","sticky":false,"template":"","format":"standard","meta":{"post_tipo":"news","footnotes":""},"categories":[1],"tags":[40,220516,220515,220517],"tax_estado":[219986],"class_list":["post-971425","post","type-post","status-publish","format-standard","has-post-thumbnail","hentry","category-cursos-e-concursos","tag-concurso","tag-concurso-seduc-rs","tag-protocolo","tag-seduc","tax_estado-rs"],"acf":[],"yoast_head":"<!-- This site is optimized with the Yoast SEO Premium plugin v27.2 (Yoast SEO v27.2) - https:\/\/yoast.com\/product\/yoast-seo-premium-wordpress\/ -->\n<title>Concurso Seduc RS: deputada Cavedon protocola pedido de novo edital<\/title>\n<meta name=\"description\" content=\"Deputada estadual Sofia Cavedon protocolou pedido junto ao Minist\u00e9rio P\u00fablico para que um novo edital do concurso Seduc RS seja lan\u00e7ado.\" \/>\n<meta name=\"robots\" content=\"index, follow, max-snippet:-1, max-image-preview:large, max-video-preview:-1\" \/>\n<link rel=\"canonical\" href=\"https:\/\/www.estrategiaconcursos.com.br\/blog\/concurso-seduc-rs-pedido-de-novo-edital\/\" \/>\n<meta property=\"og:locale\" content=\"pt_BR\" \/>\n<meta property=\"og:type\" content=\"article\" \/>\n<meta property=\"og:title\" content=\"Concurso Seduc RS: deputada Cavedon protocola pedido de novo edital\" \/>\n<meta property=\"og:description\" content=\"Deputada estadual Sofia Cavedon protocolou pedido junto ao Minist\u00e9rio P\u00fablico para que um novo edital do concurso Seduc RS seja lan\u00e7ado.\" \/>\n<meta property=\"og:url\" content=\"https:\/\/www.estrategiaconcursos.com.br\/blog\/concurso-seduc-rs-pedido-de-novo-edital\/\" \/>\n<meta property=\"og:site_name\" content=\"Estrat\u00e9gia Concursos\" \/>\n<meta property=\"article:published_time\" content=\"2022-02-17T14:53:47+00:00\" \/>\n<meta property=\"article:modified_time\" content=\"2022-10-17T21:24:56+00:00\" \/>\n<meta property=\"og:image\" content=\"https:\/\/dhg1h5j42swfq.cloudfront.net\/2021\/02\/02172359\/seduc_rs.jpg\" \/>\n\t<meta property=\"og:image:width\" content=\"1200\" \/>\n\t<meta property=\"og:image:height\" content=\"628\" \/>\n\t<meta property=\"og:image:type\" content=\"image\/jpeg\" \/>\n<meta name=\"author\" content=\"Guilherme Abarno\" \/>\n<meta name=\"twitter:card\" content=\"summary_large_image\" \/>\n<meta name=\"twitter:creator\" content=\"@EstratConcursos\" \/>\n<meta name=\"twitter:site\" content=\"@EstratConcursos\" \/>\n<meta name=\"twitter:label1\" content=\"Escrito por\" \/>\n\t<meta name=\"twitter:data1\" content=\"Guilherme Abarno\" \/>\n\t<meta name=\"twitter:label2\" content=\"Est. tempo de leitura\" \/>\n\t<meta name=\"twitter:data2\" content=\"2 minutos\" \/>\n<script type=\"application\/ld+json\" class=\"yoast-schema-graph\">{\"@context\":\"https:\/\/schema.org\",\"@graph\":[{\"@type\":\"NewsArticle\",\"@id\":\"https:\/\/www.estrategiaconcursos.com.br\/blog\/concurso-seduc-rs-pedido-de-novo-edital\/#article\",\"isPartOf\":{\"@id\":\"https:\/\/www.estrategiaconcursos.com.br\/blog\/concurso-seduc-rs-pedido-de-novo-edital\/\"},\"author\":{\"name\":\"Guilherme Abarno\",\"@id\":\"https:\/\/www.estrategiaconcursos.com.br\/blog\/#\/schema\/person\/79c1a7623a9ced8b38fc7591e63a0322\"},\"headline\":\"Concurso Seduc RS: deputada Cavedon protocola pedido de novo edital\",\"datePublished\":\"2022-02-17T14:53:47+00:00\",\"dateModified\":\"2022-10-17T21:24:56+00:00\",\"mainEntityOfPage\":{\"@id\":\"https:\/\/www.estrategiaconcursos.com.br\/blog\/concurso-seduc-rs-pedido-de-novo-edital\/\"},\"wordCount\":287,\"commentCount\":0,\"publisher\":{\"@id\":\"https:\/\/www.estrategiaconcursos.com.br\/blog\/#organization\"},\"image\":{\"@id\":\"https:\/\/www.estrategiaconcursos.com.br\/blog\/concurso-seduc-rs-pedido-de-novo-edital\/#primaryimage\"},\"thumbnailUrl\":\"https:\/\/dhg1h5j42swfq.cloudfront.net\/2021\/02\/02172359\/seduc_rs.jpg\",\"keywords\":[\"Concurso\",\"Concurso Seduc RS\",\"protocolo\",\"Seduc\"],\"articleSection\":[\"Concursos P\u00fablicos\"],\"inLanguage\":\"pt-BR\",\"potentialAction\":[{\"@type\":\"CommentAction\",\"name\":\"Comment\",\"target\":[\"https:\/\/www.estrategiaconcursos.com.br\/blog\/concurso-seduc-rs-pedido-de-novo-edital\/#respond\"]}],\"copyrightYear\":\"2022\",\"copyrightHolder\":{\"@id\":\"https:\/\/www.estrategiaconcursos.com.br\/blog\/#organization\"}},{\"@type\":\"WebPage\",\"@id\":\"https:\/\/www.estrategiaconcursos.com.br\/blog\/concurso-seduc-rs-pedido-de-novo-edital\/\",\"url\":\"https:\/\/www.estrategiaconcursos.com.br\/blog\/concurso-seduc-rs-pedido-de-novo-edital\/\",\"name\":\"Concurso Seduc RS: deputada Cavedon protocola pedido de novo edital\",\"isPartOf\":{\"@id\":\"https:\/\/www.estrategiaconcursos.com.br\/blog\/#website\"},\"primaryImageOfPage\":{\"@id\":\"https:\/\/www.estrategiaconcursos.com.br\/blog\/concurso-seduc-rs-pedido-de-novo-edital\/#primaryimage\"},\"image\":{\"@id\":\"https:\/\/www.estrategiaconcursos.com.br\/blog\/concurso-seduc-rs-pedido-de-novo-edital\/#primaryimage\"},\"thumbnailUrl\":\"https:\/\/dhg1h5j42swfq.cloudfront.net\/2021\/02\/02172359\/seduc_rs.jpg\",\"datePublished\":\"2022-02-17T14:53:47+00:00\",\"dateModified\":\"2022-10-17T21:24:56+00:00\",\"description\":\"Deputada estadual Sofia Cavedon protocolou pedido junto ao Minist\u00e9rio P\u00fablico para que um novo edital do concurso Seduc RS seja lan\u00e7ado.\",\"breadcrumb\":{\"@id\":\"https:\/\/www.estrategiaconcursos.com.br\/blog\/concurso-seduc-rs-pedido-de-novo-edital\/#breadcrumb\"},\"inLanguage\":\"pt-BR\",\"potentialAction\":[{\"@type\":\"ReadAction\",\"target\":[\"https:\/\/www.estrategiaconcursos.com.br\/blog\/concurso-seduc-rs-pedido-de-novo-edital\/\"]}]},{\"@type\":\"ImageObject\",\"inLanguage\":\"pt-BR\",\"@id\":\"https:\/\/www.estrategiaconcursos.com.br\/blog\/concurso-seduc-rs-pedido-de-novo-edital\/#primaryimage\",\"url\":\"https:\/\/dhg1h5j42swfq.cloudfront.net\/2021\/02\/02172359\/seduc_rs.jpg\",\"contentUrl\":\"https:\/\/dhg1h5j42swfq.cloudfront.net\/2021\/02\/02172359\/seduc_rs.jpg\",\"width\":1200,\"height\":628,\"caption\":\"Seduc RS\"},{\"@type\":\"BreadcrumbList\",\"@id\":\"https:\/\/www.estrategiaconcursos.com.br\/blog\/concurso-seduc-rs-pedido-de-novo-edital\/#breadcrumb\",\"itemListElement\":[{\"@type\":\"ListItem\",\"position\":1,\"name\":\"In\u00edcio\",\"item\":\"https:\/\/www.estrategiaconcursos.com.br\/blog\/\"},{\"@type\":\"ListItem\",\"position\":2,\"name\":\"Concurso Seduc RS: deputada Cavedon protocola pedido de novo edital\"}]},{\"@type\":\"WebSite\",\"@id\":\"https:\/\/www.estrategiaconcursos.com.br\/blog\/#website\",\"url\":\"https:\/\/www.estrategiaconcursos.com.br\/blog\/\",\"name\":\"Estrat\u00e9gia Concursos\",\"description\":\"O blog da Estrat\u00e9gia Concursos traz not\u00edcias sobre concursos e artigos de professores oferecendo cursos para concursos (pdf + videaulas) no site.\",\"publisher\":{\"@id\":\"https:\/\/www.estrategiaconcursos.com.br\/blog\/#organization\"},\"potentialAction\":[{\"@type\":\"SearchAction\",\"target\":{\"@type\":\"EntryPoint\",\"urlTemplate\":\"https:\/\/www.estrategiaconcursos.com.br\/blog\/?s={search_term_string}\"},\"query-input\":{\"@type\":\"PropertyValueSpecification\",\"valueRequired\":true,\"valueName\":\"search_term_string\"}}],\"inLanguage\":\"pt-BR\"},{\"@type\":\"Organization\",\"@id\":\"https:\/\/www.estrategiaconcursos.com.br\/blog\/#organization\",\"name\":\"Estrat\u00e9gia Concursos\",\"url\":\"https:\/\/www.estrategiaconcursos.com.br\/blog\/\",\"logo\":{\"@type\":\"ImageObject\",\"inLanguage\":\"pt-BR\",\"@id\":\"https:\/\/www.estrategiaconcursos.com.br\/blog\/#\/schema\/logo\/image\/\",\"url\":\"https:\/\/dhg1h5j42swfq.cloudfront.net\/2025\/06\/03203428\/logo_concursos-1.jpg\",\"contentUrl\":\"https:\/\/dhg1h5j42swfq.cloudfront.net\/2025\/06\/03203428\/logo_concursos-1.jpg\",\"width\":230,\"height\":60,\"caption\":\"Estrat\u00e9gia Concursos\"},\"image\":{\"@id\":\"https:\/\/www.estrategiaconcursos.com.br\/blog\/#\/schema\/logo\/image\/\"},\"sameAs\":[\"https:\/\/x.com\/EstratConcursos\"]},{\"@type\":\"Person\",\"@id\":\"https:\/\/www.estrategiaconcursos.com.br\/blog\/#\/schema\/person\/79c1a7623a9ced8b38fc7591e63a0322\",\"name\":\"Guilherme Abarno\",\"image\":{\"@type\":\"ImageObject\",\"inLanguage\":\"pt-BR\",\"@id\":\"https:\/\/secure.gravatar.com\/avatar\/a71cada404ac977e405a8f3fcb3f203ef33a8ad5c6b3f18f32b6d899a2032f89?s=96&d=mm&r=g\",\"url\":\"https:\/\/secure.gravatar.com\/avatar\/a71cada404ac977e405a8f3fcb3f203ef33a8ad5c6b3f18f32b6d899a2032f89?s=96&d=mm&r=g\",\"contentUrl\":\"https:\/\/secure.gravatar.com\/avatar\/a71cada404ac977e405a8f3fcb3f203ef33a8ad5c6b3f18f32b6d899a2032f89?s=96&d=mm&r=g\",\"caption\":\"Guilherme Abarno\"},\"url\":\"https:\/\/www.estrategiaconcursos.com.br\/blog\/author\/guilherme-abarnoestrategia-com\/\"}]}<\/script>\n<!-- \/ Yoast SEO Premium plugin. -->","yoast_head_json":{"title":"Concurso Seduc RS: deputada Cavedon protocola pedido de novo edital","description":"Deputada estadual Sofia Cavedon protocolou pedido junto ao Minist\u00e9rio P\u00fablico para que um novo edital do concurso Seduc RS seja lan\u00e7ado.","robots":{"index":"index","follow":"follow","max-snippet":"max-snippet:-1","max-image-preview":"max-image-preview:large","max-video-preview":"max-video-preview:-1"},"canonical":"https:\/\/www.estrategiaconcursos.com.br\/blog\/concurso-seduc-rs-pedido-de-novo-edital\/","og_locale":"pt_BR","og_type":"article","og_title":"Concurso Seduc RS: deputada Cavedon protocola pedido de novo edital","og_description":"Deputada estadual Sofia Cavedon protocolou pedido junto ao Minist\u00e9rio P\u00fablico para que um novo edital do concurso Seduc RS seja lan\u00e7ado.","og_url":"https:\/\/www.estrategiaconcursos.com.br\/blog\/concurso-seduc-rs-pedido-de-novo-edital\/","og_site_name":"Estrat\u00e9gia Concursos","article_published_time":"2022-02-17T14:53:47+00:00","article_modified_time":"2022-10-17T21:24:56+00:00","og_image":[{"width":1200,"height":628,"url":"https:\/\/dhg1h5j42swfq.cloudfront.net\/2021\/02\/02172359\/seduc_rs.jpg","type":"image\/jpeg"}],"author":"Guilherme Abarno","twitter_card":"summary_large_image","twitter_creator":"@EstratConcursos","twitter_site":"@EstratConcursos","twitter_misc":{"Escrito por":"Guilherme Abarno","Est. tempo de leitura":"2 minutos"},"schema":{"@context":"https:\/\/schema.org","@graph":[{"@type":"NewsArticle","@id":"https:\/\/www.estrategiaconcursos.com.br\/blog\/concurso-seduc-rs-pedido-de-novo-edital\/#article","isPartOf":{"@id":"https:\/\/www.estrategiaconcursos.com.br\/blog\/concurso-seduc-rs-pedido-de-novo-edital\/"},"author":{"name":"Guilherme Abarno","@id":"https:\/\/www.estrategiaconcursos.com.br\/blog\/#\/schema\/person\/79c1a7623a9ced8b38fc7591e63a0322"},"headline":"Concurso Seduc RS: deputada Cavedon protocola pedido de novo edital","datePublished":"2022-02-17T14:53:47+00:00","dateModified":"2022-10-17T21:24:56+00:00","mainEntityOfPage":{"@id":"https:\/\/www.estrategiaconcursos.com.br\/blog\/concurso-seduc-rs-pedido-de-novo-edital\/"},"wordCount":287,"commentCount":0,"publisher":{"@id":"https:\/\/www.estrategiaconcursos.com.br\/blog\/#organization"},"image":{"@id":"https:\/\/www.estrategiaconcursos.com.br\/blog\/concurso-seduc-rs-pedido-de-novo-edital\/#primaryimage"},"thumbnailUrl":"https:\/\/dhg1h5j42swfq.cloudfront.net\/2021\/02\/02172359\/seduc_rs.jpg","keywords":["Concurso","Concurso Seduc RS","protocolo","Seduc"],"articleSection":["Concursos P\u00fablicos"],"inLanguage":"pt-BR","potentialAction":[{"@type":"CommentAction","name":"Comment","target":["https:\/\/www.estrategiaconcursos.com.br\/blog\/concurso-seduc-rs-pedido-de-novo-edital\/#respond"]}],"copyrightYear":"2022","copyrightHolder":{"@id":"https:\/\/www.estrategiaconcursos.com.br\/blog\/#organization"}},{"@type":"WebPage","@id":"https:\/\/www.estrategiaconcursos.com.br\/blog\/concurso-seduc-rs-pedido-de-novo-edital\/","url":"https:\/\/www.estrategiaconcursos.com.br\/blog\/concurso-seduc-rs-pedido-de-novo-edital\/","name":"Concurso Seduc RS: deputada Cavedon protocola pedido de novo edital","isPartOf":{"@id":"https:\/\/www.estrategiaconcursos.com.br\/blog\/#website"},"primaryImageOfPage":{"@id":"https:\/\/www.estrategiaconcursos.com.br\/blog\/concurso-seduc-rs-pedido-de-novo-edital\/#primaryimage"},"image":{"@id":"https:\/\/www.estrategiaconcursos.com.br\/blog\/concurso-seduc-rs-pedido-de-novo-edital\/#primaryimage"},"thumbnailUrl":"https:\/\/dhg1h5j42swfq.cloudfront.net\/2021\/02\/02172359\/seduc_rs.jpg","datePublished":"2022-02-17T14:53:47+00:00","dateModified":"2022-10-17T21:24:56+00:00","description":"Deputada estadual Sofia Cavedon protocolou pedido junto ao Minist\u00e9rio P\u00fablico para que um novo edital do concurso Seduc RS seja lan\u00e7ado.","breadcrumb":{"@id":"https:\/\/www.estrategiaconcursos.com.br\/blog\/concurso-seduc-rs-pedido-de-novo-edital\/#breadcrumb"},"inLanguage":"pt-BR","potentialAction":[{"@type":"ReadAction","target":["https:\/\/www.estrategiaconcursos.com.br\/blog\/concurso-seduc-rs-pedido-de-novo-edital\/"]}]},{"@type":"ImageObject","inLanguage":"pt-BR","@id":"https:\/\/www.estrategiaconcursos.com.br\/blog\/concurso-seduc-rs-pedido-de-novo-edital\/#primaryimage","url":"https:\/\/dhg1h5j42swfq.cloudfront.net\/2021\/02\/02172359\/seduc_rs.jpg","contentUrl":"https:\/\/dhg1h5j42swfq.cloudfront.net\/2021\/02\/02172359\/seduc_rs.jpg","width":1200,"height":628,"caption":"Seduc RS"},{"@type":"BreadcrumbList","@id":"https:\/\/www.estrategiaconcursos.com.br\/blog\/concurso-seduc-rs-pedido-de-novo-edital\/#breadcrumb","itemListElement":[{"@type":"ListItem","position":1,"name":"In\u00edcio","item":"https:\/\/www.estrategiaconcursos.com.br\/blog\/"},{"@type":"ListItem","position":2,"name":"Concurso Seduc RS: deputada Cavedon protocola pedido de novo edital"}]},{"@type":"WebSite","@id":"https:\/\/www.estrategiaconcursos.com.br\/blog\/#website","url":"https:\/\/www.estrategiaconcursos.com.br\/blog\/","name":"Estrat\u00e9gia Concursos","description":"O blog da Estrat\u00e9gia Concursos traz not\u00edcias sobre concursos e artigos de professores oferecendo cursos para concursos (pdf + videaulas) no site.","publisher":{"@id":"https:\/\/www.estrategiaconcursos.com.br\/blog\/#organization"},"potentialAction":[{"@type":"SearchAction","target":{"@type":"EntryPoint","urlTemplate":"https:\/\/www.estrategiaconcursos.com.br\/blog\/?s={search_term_string}"},"query-input":{"@type":"PropertyValueSpecification","valueRequired":true,"valueName":"search_term_string"}}],"inLanguage":"pt-BR"},{"@type":"Organization","@id":"https:\/\/www.estrategiaconcursos.com.br\/blog\/#organization","name":"Estrat\u00e9gia Concursos","url":"https:\/\/www.estrategiaconcursos.com.br\/blog\/","logo":{"@type":"ImageObject","inLanguage":"pt-BR","@id":"https:\/\/www.estrategiaconcursos.com.br\/blog\/#\/schema\/logo\/image\/","url":"https:\/\/dhg1h5j42swfq.cloudfront.net\/2025\/06\/03203428\/logo_concursos-1.jpg","contentUrl":"https:\/\/dhg1h5j42swfq.cloudfront.net\/2025\/06\/03203428\/logo_concursos-1.jpg","width":230,"height":60,"caption":"Estrat\u00e9gia Concursos"},"image":{"@id":"https:\/\/www.estrategiaconcursos.com.br\/blog\/#\/schema\/logo\/image\/"},"sameAs":["https:\/\/x.com\/EstratConcursos"]},{"@type":"Person","@id":"https:\/\/www.estrategiaconcursos.com.br\/blog\/#\/schema\/person\/79c1a7623a9ced8b38fc7591e63a0322","name":"Guilherme Abarno","image":{"@type":"ImageObject","inLanguage":"pt-BR","@id":"https:\/\/secure.gravatar.com\/avatar\/a71cada404ac977e405a8f3fcb3f203ef33a8ad5c6b3f18f32b6d899a2032f89?s=96&d=mm&r=g","url":"https:\/\/secure.gravatar.com\/avatar\/a71cada404ac977e405a8f3fcb3f203ef33a8ad5c6b3f18f32b6d899a2032f89?s=96&d=mm&r=g","contentUrl":"https:\/\/secure.gravatar.com\/avatar\/a71cada404ac977e405a8f3fcb3f203ef33a8ad5c6b3f18f32b6d899a2032f89?s=96&d=mm&r=g","caption":"Guilherme Abarno"},"url":"https:\/\/www.estrategiaconcursos.com.br\/blog\/author\/guilherme-abarnoestrategia-com\/"}]}},"_links":{"self":[{"href":"https:\/\/www.estrategiaconcursos.com.br\/blog\/wp-json\/wp\/v2\/posts\/971425","targetHints":{"allow":["GET"]}}],"collection":[{"href":"https:\/\/www.estrategiaconcursos.com.br\/blog\/wp-json\/wp\/v2\/posts"}],"about":[{"href":"https:\/\/www.estrategiaconcursos.com.br\/blog\/wp-json\/wp\/v2\/types\/post"}],"author":[{"embeddable":true,"href":"https:\/\/www.estrategiaconcursos.com.br\/blog\/wp-json\/wp\/v2\/users\/2374"}],"replies":[{"embeddable":true,"href":"https:\/\/www.estrategiaconcursos.com.br\/blog\/wp-json\/wp\/v2\/comments?post=971425"}],"version-history":[{"count":7,"href":"https:\/\/www.estrategiaconcursos.com.br\/blog\/wp-json\/wp\/v2\/posts\/971425\/revisions"}],"predecessor-version":[{"id":1111388,"href":"https:\/\/www.estrategiaconcursos.com.br\/blog\/wp-json\/wp\/v2\/posts\/971425\/revisions\/1111388"}],"wp:featuredmedia":[{"embeddable":true,"href":"https:\/\/www.estrategiaconcursos.com.br\/blog\/wp-json\/wp\/v2\/media\/662506"}],"wp:attachment":[{"href":"https:\/\/www.estrategiaconcursos.com.br\/blog\/wp-json\/wp\/v2\/media?parent=971425"}],"wp:term":[{"taxonomy":"category","embeddable":true,"href":"https:\/\/www.estrategiaconcursos.com.br\/blog\/wp-json\/wp\/v2\/categories?post=971425"},{"taxonomy":"post_tag","embeddable":true,"href":"https:\/\/www.estrategiaconcursos.com.br\/blog\/wp-json\/wp\/v2\/tags?post=971425"},{"taxonomy":"tax_estado","embeddable":true,"href":"https:\/\/www.estrategiaconcursos.com.br\/blog\/wp-json\/wp\/v2\/tax_estado?post=971425"}],"curies":[{"name":"wp","href":"https:\/\/api.w.org\/{rel}","templated":true}]}}