{"id":971372,"date":"2022-02-18T18:00:00","date_gmt":"2022-02-18T21:00:00","guid":{"rendered":"https:\/\/www.estrategiaconcursos.com.br\/blog\/?p=971372"},"modified":"2022-02-24T09:05:10","modified_gmt":"2022-02-24T12:05:10","slug":"concurso-publico-editais-da-semana-14-a-18-02","status":"publish","type":"post","link":"https:\/\/www.estrategiaconcursos.com.br\/blog\/concurso-publico-editais-da-semana-14-a-18-02\/","title":{"rendered":"Concurso P\u00fablico: 25 editais esta semana! Mais de 400 vagas"},"content":{"rendered":"\n<p>Ao longo desta semana, tivemos a publica\u00e7\u00e3o de<strong> 25 editais <\/strong>de concurso p\u00fablico e processo seletivo.<\/p>\n\n\n\n<p>Esse n\u00famero se d\u00e1, principalmente, por conta da sele\u00e7\u00e3o para a <strong>Universidade Estadual de S\u00e3o Paulo<\/strong>, que veio com 18 editais, cada um para um campus.<\/p>\n\n\n\n<p>Al\u00e9m deste, tamb\u00e9m foram divulgados os certames para <strong>Diplomata<\/strong> (CACD), para a <strong>Prefeitura de Sorocaba<\/strong>\/SP, entre outros.<\/p>\n\n\n\n<p>Quer ficar informado sobre todos os novos editais de <a href=\"https:\/\/www.estrategiaconcursos.com.br\/blog\/concursos-abertos\/\" target=\"_blank\" rel=\"noreferrer noopener\">concursos publicados<\/a> nos \u00faltimos dias? <em><strong>Confira mais informa\u00e7\u00f5es ao longo deste artigo!<\/strong><\/em>  <\/p>\n\n\n\n<div class=\"container\" id=\"boxes\">\n  <div class=\"row\">\n\n    <div class=\"col-sm\">\n      <div class=\"banner-estrategia\" id=\"box-assinatura\">\n        <h3 class=\"titulo-assinatura\">Cursos para concursos<\/h3>\n        <p class=\"subtitulo-assinatura\">Estude conosco<\/p>\n        <div class=\"box-botao\">\n          <a class=\"btn-assinatura\" target=\"_blank\" href=\"https:\/\/www.estrategiaconcursos.com.br\/cursos\/\" role=\"button\" rel=\"noopener noreferrer\">Conhe\u00e7a os cursos<\/a>\n        <\/div>\n      <\/div>\n     \n    <\/div>\n\n  <\/div>\n<\/div>\n\n\n\n<h2 class=\"has-text-align-center has-cyan-bluish-gray-background-color has-background wp-block-heading\" id=\"h-confira-os-editais-de-concursos-publicados-nesta-semana\">Confira os editais de concursos publicados nesta semana:<\/h2>\n\n\n\n<h3 class=\"wp-block-heading\" id=\"processo-seletivo-sme-piracicaba-sp\"><a href=\"https:\/\/www.estrategiaconcursos.com.br\/blog\/pss-sme-piracicaba\/\" target=\"_blank\" rel=\"noreferrer noopener\">Processo seletivo SME Piracicaba<\/a> (SP)<\/h3>\n\n\n\n<ul class=\"wp-block-list\"><li><strong>Banca<\/strong>: Vunesp<\/li><li><strong>Per\u00edodo de inscri\u00e7\u00f5es<\/strong>:&nbsp;17\/02 a 28\/03\/2022<\/li><li><strong>Data da prova:<\/strong>&nbsp;08\/05\/2022<\/li><li><strong>Vagas:<\/strong>&nbsp;160<\/li><li><strong>Cargos:<\/strong>&nbsp;Professor Substituto<\/li><li><strong>Remunera\u00e7\u00e3o:&nbsp;<\/strong>R$ 18,71 hora\/aula<\/li><li><strong>Edital<\/strong>: <a href=\"https:\/\/dhg1h5j42swfq.cloudfront.net\/2022\/02\/14184440\/sme-piracicaba.pdf\" target=\"_blank\" rel=\"noreferrer noopener nofollow\">Edital SME Piracicaba SP<\/a><\/li><li><strong>Curso:<\/strong>&nbsp;<a href=\"https:\/\/www.estrategiaconcursos.com.br\/cursos\/concurso\/\" target=\"_blank\" rel=\"noreferrer noopener\">Piracicaba<\/a><\/li><\/ul>\n\n\n\n<h3 class=\"wp-block-heading\" id=\"concurso-prefeitura-de-cascavel-pr\"><a href=\"https:\/\/www.estrategiaconcursos.com.br\/blog\/concurso-prefeitura-de-cubatao\/\" target=\"_blank\" rel=\"noreferrer noopener\">Concurso Prefeitura de Cubat\u00e3o<\/a> (SP)<\/h3>\n\n\n\n<ul class=\"wp-block-list\"><li><strong style=\"font-size: revert; color: initial;\">Banca: <\/strong>IBAM<\/li><li><strong style=\"font-size: revert; color: initial;\">Per\u00edodo de inscri\u00e7\u00f5es<\/strong><span style=\"font-size: revert; color: initial;\">: <\/span>17\/02 a 17\/03\/2022<\/li><li><strong style=\"font-size: revert; color: initial;\">Data da prova<\/strong><span style=\"font-size: revert; color: initial;\">: <\/span>10\/04 <\/li><li><strong style=\"font-size: revert; color: initial;\">Vagas:<\/strong><span style=\"font-size: revert; color: initial;\"> <\/span>43<\/li><li><strong style=\"font-size: revert; color: initial;\">Cargos:<\/strong><span style=\"font-size: revert; color: initial;\"> <\/span>V\u00e1rios<\/li><li><strong style=\"font-size: revert; color: initial;\"><\/strong><strong>Remunera\u00e7\u00e3o<\/strong>: R$ 2.241,94 a R$ 6.873,69<\/li><li><strong>Edital: <\/strong><a href=\"https:\/\/dhg1h5j42swfq.cloudfront.net\/2022\/02\/17151257\/01-edital-de-abertura-1.pdf\" target=\"_blank\" rel=\"noreferrer noopener nofollow\">Edital Cubat\u00e3o 2022<\/a><\/li><li><strong style=\"font-size: revert; color: initial;\">Curso:<\/strong> <a href=\"https:\/\/www.estrategiaconcursos.com.br\/cursosPorConcurso\/prefeitura-municipal-de-cubatao-sp\/\" target=\"_blank\" rel=\"noreferrer noopener\">Cubat\u00e3o<\/a><\/li><\/ul>\n\n\n\n<h3 class=\"wp-block-heading\" id=\"h-concurso-prefeitura-de-sorocaba-sp\"><a href=\"https:\/\/www.estrategiaconcursos.com.br\/blog\/concurso-prefeitura-de-sorocaba\/\" target=\"_blank\" rel=\"noreferrer noopener\">Concurso Prefeitura de Sorocaba<\/a>&nbsp;(SP)<\/h3>\n\n\n\n<ul class=\"wp-block-list\"><li><strong>Banca<\/strong>: Vunesp<\/li><li><strong>Per\u00edodo de inscri\u00e7\u00f5es<\/strong>:&nbsp;24\/02 a 29\/03\/2022<\/li><li><strong>Data da prova:<\/strong>&nbsp;22\/05\/2022<\/li><li><strong>Vagas:<\/strong>&nbsp;31<\/li><li><strong>Cargos:<\/strong>&nbsp;V\u00e1rios<\/li><li><strong>Remunera\u00e7\u00e3o:&nbsp;<\/strong>R$ 1.749,42 a R$ 5.759,14<\/li><li><strong>Edital<\/strong>: <a href=\"https:\/\/dhg1h5j42swfq.cloudfront.net\/2022\/02\/18081826\/sorocaba.pdf\" target=\"_blank\" rel=\"noreferrer noopener nofollow\">Edital Sorocaba 2022<\/a><\/li><li><strong>Curso:<\/strong>&nbsp;<a href=\"https:\/\/www.estrategiaconcursos.com.br\/cursosPorConcurso\/prefeitura-municipal-de-sorocaba\/\" target=\"_blank\" rel=\"noreferrer noopener\">Prefeitura Sorocaba<\/a><\/li><\/ul>\n\n\n\n<h3 class=\"wp-block-heading\" id=\"h-concurso-crn-4\"><a href=\"https:\/\/www.estrategiaconcursos.com.br\/blog\/concurso-crn-4\/\" target=\"_blank\" rel=\"noreferrer noopener\">Concurso CRN 4<\/a><\/h3>\n\n\n\n<ul class=\"wp-block-list\"><li><strong>Banca<\/strong>: Quadris<\/li><li><strong>Per\u00edodo de inscri\u00e7\u00f5es<\/strong>:&nbsp;18\/02 a 21\/03\/2022<\/li><li><strong>Data da prova:<\/strong>&nbsp;01\/05\/2022<\/li><li><strong>Vagas:<\/strong>&nbsp;8 + 101 CR<\/li><li><strong>Cargos:<\/strong>&nbsp;V\u00e1rios<\/li><li><strong>Remunera\u00e7\u00e3o:&nbsp;<\/strong>R$ 2.323,33 e R$ 4.573,25<\/li><li><strong>Edital<\/strong>:&nbsp;<a href=\"https:\/\/www.in.gov.br\/en\/web\/dou\/-\/edital-n-1-de-17-de-fevereiro-de-2022.-381289769\" target=\"_blank\" rel=\"noreferrer noopener\">Edital CRN 4<\/a><\/li><li><strong>Curso:<\/strong>&nbsp;<a href=\"https:\/\/www.estrategiaconcursos.com.br\/cursos\/concurso\/\" target=\"_blank\" rel=\"noreferrer noopener\">CRN 4<\/a><\/li><\/ul>\n\n\n\n<h3 class=\"wp-block-heading\" id=\"h-concurso-core-ce-1\"><a href=\"https:\/\/www.estrategiaconcursos.com.br\/blog\/concurso-core-ce\/\" target=\"_blank\" rel=\"noreferrer noopener\">Concurso CORE CE<\/a><\/h3>\n\n\n\n<ul class=\"wp-block-list\"><li><strong>Banca<\/strong>: IUDS<\/li><li><strong>Per\u00edodo de inscri\u00e7\u00f5es<\/strong>:&nbsp;at\u00e9 27\/02\/2022<\/li><li><strong>Data da prova:<\/strong>&nbsp;11\/04\/2022<\/li><li><strong>Vagas:<\/strong>&nbsp;04 + CR<\/li><li><strong>Cargos:<\/strong>&nbsp;Fiscal e Assistente Administrativo<\/li><li><strong>Remunera\u00e7\u00e3o:&nbsp;<\/strong>R$ 1.850,00 e R$ 2.473,56<\/li><li><strong>Edital<\/strong>:&nbsp;<a href=\"https:\/\/dhg1h5j42swfq.cloudfront.net\/2022\/02\/17104311\/aa56dpegxosaljbnbvmlu0ama3oksgywszp5ntim.pdf\" target=\"_blank\" rel=\"noreferrer noopener nofollow\">Edital CORE CE<\/a><\/li><li><strong>Curso:<\/strong>&nbsp;<a href=\"https:\/\/www.estrategiaconcursos.com.br\/cursos\/concurso\/\" target=\"_blank\" rel=\"noreferrer noopener\">CORE CE<\/a><\/li><\/ul>\n\n\n\n<h3 class=\"wp-block-heading\" id=\"h-concurso-ghc-rs\"><a href=\"https:\/\/www.estrategiaconcursos.com.br\/blog\/concurso-grupo-hospital-conceicao-ghc-rs\/\" target=\"_blank\" rel=\"noreferrer noopener\">Concurso GHC<\/a>&nbsp;(RS)<\/h3>\n\n\n\n<ul class=\"wp-block-list\"><li><strong>Banca<\/strong>: Fundatec<\/li><li><strong>Per\u00edodo de inscri\u00e7\u00f5es<\/strong>:&nbsp;at\u00e9 18\/03\/2022<\/li><li><strong>Data da prova:<\/strong>&nbsp;24\/04\/2022<\/li><li><strong>Vagas:<\/strong>&nbsp;CR<\/li><li><strong>Cargos:<\/strong>&nbsp;V\u00e1rios<\/li><li><strong>Remunera\u00e7\u00e3o:&nbsp;<\/strong>R$ 1.591,20 a R$ 22.118,80<\/li><li><strong>Edital<\/strong>:&nbsp;<a href=\"https:\/\/dhg1h5j42swfq.cloudfront.net\/2022\/02\/17092605\/edital-ghc-1.pdf\" target=\"_blank\" rel=\"noreferrer noopener nofollow\">GHC 2022<\/a><\/li><li><strong>Curso:<\/strong>&nbsp;<a href=\"https:\/\/www.estrategiaconcursos.com.br\/cursosPorConcurso\/grupo-hospitalar-conceicao-rs\/\" target=\"_blank\" rel=\"noreferrer noopener\">GHC<\/a><\/li><\/ul>\n\n\n\n<h3 class=\"wp-block-heading\" id=\"h-concurso-unesp\"><a href=\"https:\/\/www.estrategiaconcursos.com.br\/blog\/concurso-unesp\/\" target=\"_blank\" rel=\"noreferrer noopener\">Concurso UNESP<\/a><\/h3>\n\n\n\n<ul class=\"wp-block-list\"><li><strong>Banca<\/strong>: Vunesp<\/li><li><strong>Per\u00edodo de inscri\u00e7\u00f5es<\/strong>:&nbsp;at\u00e9 21\/03\/2022 (Edital Reitoria 2) e 21\/02 a 22\/03\/2022 (demais)<\/li><li><strong>Data da prova:<\/strong>&nbsp;17\/04\/2022<\/li><li><strong>Vagas:<\/strong>&nbsp;57<\/li><li><strong>Cargo:<\/strong>&nbsp;V\u00e1rios<\/li><li><strong>Remunera\u00e7\u00e3o:&nbsp;<\/strong>R$ 5.706,00<\/li><li><strong>Editais<\/strong>:<ul><li><a href=\"https:\/\/documento.vunesp.com.br\/documento\/stream\/MjY3NzIyOA%3d%3d\" target=\"_blank\" rel=\"noreferrer noopener\">Edital 1<\/a>&nbsp;|&nbsp;<a href=\"https:\/\/documento.vunesp.com.br\/documento\/stream\/MjY3NzI3OA%3d%3d\" target=\"_blank\" rel=\"noreferrer noopener\">Edital 2<\/a>&nbsp;|&nbsp;<a href=\"https:\/\/documento.vunesp.com.br\/documento\/stream\/MjY3NzI3MA%3d%3d\" target=\"_blank\" rel=\"noreferrer noopener\">Edital 3<\/a>&nbsp;|&nbsp;<a href=\"https:\/\/documento.vunesp.com.br\/documento\/stream\/MjY3NzIzNg%3d%3d\" target=\"_blank\" rel=\"noreferrer noopener\">Edital 4<\/a>&nbsp;|&nbsp;<a href=\"https:\/\/documento.vunesp.com.br\/documento\/stream\/MjY3NzI1OA%3d%3d\" target=\"_blank\" rel=\"noreferrer noopener\">Edital 5<\/a>&nbsp;|&nbsp;<a href=\"https:\/\/documento.vunesp.com.br\/documento\/stream\/MjY3OTI1Ng%3d%3d\" target=\"_blank\" rel=\"noreferrer noopener\">Edital 6<\/a><\/li><li><a href=\"https:\/\/documento.vunesp.com.br\/documento\/stream\/MjY3NzI1OQ%3d%3d\" target=\"_blank\" rel=\"noreferrer noopener\">Edital 7<\/a>&nbsp;|&nbsp;<a href=\"https:\/\/documento.vunesp.com.br\/documento\/stream\/MjY3NzEzNA%3d%3d\" target=\"_blank\" rel=\"noreferrer noopener\">Edital 8<\/a>&nbsp;|&nbsp;<a href=\"https:\/\/documento.vunesp.com.br\/documento\/stream\/MjY3NzIyMg%3d%3d\" target=\"_blank\" rel=\"noreferrer noopener\">Edital 9<\/a>&nbsp;|&nbsp;<a href=\"https:\/\/documento.vunesp.com.br\/documento\/stream\/MjY3OTI1NA%3d%3d\" target=\"_blank\" rel=\"noreferrer noopener\">Edital 10<\/a>&nbsp;|&nbsp;<a href=\"https:\/\/documento.vunesp.com.br\/documento\/stream\/MjY3NzI1Mg%3d%3d\" target=\"_blank\" rel=\"noreferrer noopener\">Edital 11<\/a>&nbsp;|&nbsp;<a href=\"https:\/\/documento.vunesp.com.br\/documento\/stream\/MjY3NzE0Ng%3d%3d\" target=\"_blank\" rel=\"noreferrer noopener\">Edital 12<\/a><\/li><li><a href=\"https:\/\/documento.vunesp.com.br\/documento\/stream\/MjY3OTI3Nw%3d%3d\" target=\"_blank\" rel=\"noreferrer noopener\">Edital 13<\/a>&nbsp;|&nbsp;<a href=\"https:\/\/documento.vunesp.com.br\/documento\/stream\/MjY3OTMzMA%3d%3d\" target=\"_blank\" rel=\"noreferrer noopener\">Edital 14<\/a>&nbsp;|&nbsp;<a href=\"https:\/\/documento.vunesp.com.br\/documento\/stream\/MjY3NzI5NQ%3d%3d\" target=\"_blank\" rel=\"noreferrer noopener\">Edital 15<\/a>&nbsp;|&nbsp;<a href=\"https:\/\/documento.vunesp.com.br\/documento\/stream\/MjY4OTYzOQ%3d%3d\" target=\"_blank\" rel=\"noreferrer noopener\">Edital 16<\/a>&nbsp;|&nbsp;<a href=\"https:\/\/documento.vunesp.com.br\/documento\/stream\/MjY3NzI2Nw%3d%3d\" target=\"_blank\" rel=\"noreferrer noopener\">Edital 17<\/a>&nbsp;|&nbsp;<a href=\"https:\/\/documento.vunesp.com.br\/documento\/stream\/MjY3NzIxNw%3d%3d\" target=\"_blank\" rel=\"noreferrer noopener\">Edital 18<\/a><\/li><\/ul><\/li><li><strong>Curso:<\/strong>&nbsp;<a href=\"https:\/\/www.estrategiaconcursos.com.br\/cursosPorConcurso\/universidade-estadual-paulista-unesp\/\" target=\"_blank\" rel=\"noreferrer noopener\">UNESP<\/a><\/li><\/ul>\n\n\n\n<h3 class=\"wp-block-heading\" id=\"h-concurso-diplomata\"><a href=\"https:\/\/www.estrategiaconcursos.com.br\/blog\/concurso-diplomata\/\" target=\"_blank\" rel=\"noreferrer noopener\">Concurso Diplomata<\/a><\/h3>\n\n\n\n<ul class=\"wp-block-list\"><li><strong>Banca<\/strong>: IADES<\/li><li><strong>Per\u00edodo de inscri\u00e7\u00f5es<\/strong>:&nbsp;25\/02 a 20\/03\/2022<\/li><li><strong>Data da prova:<\/strong>&nbsp;17\/04\/2022<\/li><li><strong>Vagas:<\/strong>&nbsp;34<\/li><li><strong>Cargo:<\/strong>&nbsp;Terceiro-Secret\u00e1rio<\/li><li><strong>Remunera\u00e7\u00e3o:&nbsp;<\/strong>R$ 19.199,06<\/li><li><strong>Edital<\/strong>:&nbsp;<a href=\"https:\/\/www.in.gov.br\/web\/dou\/-\/edital-n-1-de-15-de-fevereiro-de-2022-380721899\" target=\"_blank\" rel=\"noreferrer noopener\">Edital Diplomata 2022<\/a><\/li><li><strong>Curso:<\/strong>&nbsp;<a href=\"https:\/\/www.estrategiaconcursos.com.br\/cursosPorConcurso\/cacd-concurso-de-admissao-a-carreira-de-diplomata\/\" target=\"_blank\" rel=\"noreferrer noopener\">CADC<\/a><\/li><\/ul>\n\n\n\n<p class=\"has-text-align-center has-background\" style=\"background-color:#ededed;font-size:clamp(14.642px, 0.915rem + ((1vw - 3.2px) * 0.721), 22px);px\"><strong>Veja tamb\u00e9m: <a href=\"https:\/\/www.estrategiaconcursos.com.br\/blog\/principais-noticias-do-dia\/\" target=\"_blank\" rel=\"noreferrer noopener\">Principais not\u00edcias do dia<\/a><\/strong><\/p>\n\n\n\n<div class=\"wp-block-image\"><figure class=\"aligncenter size-large is-resized\"><img loading=\"lazy\" decoding=\"async\" src=\"https:\/\/dhg1h5j42swfq.cloudfront.net\/2020\/09\/18141901\/Coruja_Concursos%404x-506x1024.png\" alt=\"Concurso P\u00fablico: 10 editais esta semana! Mais de 3,5 mil vagas\" class=\"wp-image-574355\" width=\"35\" height=\"71\" srcset=\"https:\/\/dhg1h5j42swfq.cloudfront.net\/2020\/09\/18141901\/Coruja_Concursos%404x-506x1024.png 506w, https:\/\/dhg1h5j42swfq.cloudfront.net\/2020\/09\/18141901\/Coruja_Concursos%404x-148x300.png 148w, https:\/\/dhg1h5j42swfq.cloudfront.net\/2020\/09\/18141901\/Coruja_Concursos%404x-610x1236.png 610w, https:\/\/dhg1h5j42swfq.cloudfront.net\/2020\/09\/18141901\/Coruja_Concursos%404x.png 745w\" sizes=\"auto, (max-width: 35px) 100vw, 35px\" \/><\/figure><\/div>\n\n\n\n<div class=\"container\" id=\"boxes\">\n  <div class=\"row\">\n\n    <div class=\"col-sm\">\n      <div class=\"estrategia\" id=\"box-assinatura\">\n        <h3 class=\"titulo-assinatura\">Assinatura Concursos<\/h3>\n        <p class=\"subtitulo-assinatura\">Assinatura de 1 ano ou 2 anos<\/p>\n        <div class=\"box-botao\">\n          <a class=\"btn-assinatura\" target=\"_blank\" href=\"https:\/\/www.estrategiaconcursos.com.br\/assinaturas\/\" role=\"button\" rel=\"noopener noreferrer\">ASSINE AGORA<\/a>\n        <\/div>\n      <\/div><\/div><\/div><\/div>\n\n\n\n<h2 class=\"has-text-align-center wp-block-heading\" id=\"h-quer-saber-tudo-sobre-concursos-previstos-confira-nossos-artigos\">Quer saber tudo sobre concursos previstos?<br \/>Confira nossos artigos!<\/h2>\n\n\n\n<ul class=\"wp-block-list\" id=\"concurso-publico-editais-esta-semana-03-a-07-01\"><li><a href=\"https:\/\/www.estrategiaconcursos.com.br\/blog\/concursos-abertos\/\" target=\"_blank\" rel=\"noreferrer noopener\">Concursos abertos<\/a><\/li><li><a href=\"https:\/\/www.estrategiaconcursos.com.br\/blog\/concursos-2022\/\" target=\"_blank\" rel=\"noreferrer noopener\">Concursos 2022<\/a><\/li><\/ul>\n","protected":false},"excerpt":{"rendered":"<p>Ao longo desta semana, tivemos a publica\u00e7\u00e3o de 25 editais de concurso p\u00fablico e processo seletivo. Esse n\u00famero se d\u00e1, principalmente, por conta da sele\u00e7\u00e3o para a Universidade Estadual de S\u00e3o Paulo, que veio com 18 editais, cada um para um campus. Al\u00e9m deste, tamb\u00e9m foram divulgados os certames para Diplomata (CACD), para a Prefeitura [&hellip;]<\/p>\n","protected":false},"author":659,"featured_media":746120,"comment_status":"open","ping_status":"closed","sticky":false,"template":"","format":"standard","meta":{"post_tipo":"news","footnotes":""},"categories":[1,220219],"tags":[],"tax_estado":[219963],"class_list":["post-971372","post","type-post","status-publish","format-standard","has-post-thumbnail","hentry","category-cursos-e-concursos","category-noticias","tax_estado-concursos-federais"],"acf":[],"yoast_head":"<!-- This site is optimized with the Yoast SEO Premium plugin v27.2 (Yoast SEO v27.2) - https:\/\/yoast.com\/product\/yoast-seo-premium-wordpress\/ -->\n<title>Concurso P\u00fablico: 25 editais esta semana! Mais de 400 vagas<\/title>\n<meta name=\"description\" content=\"Concurso P\u00fablico 2022: 25 editais sa\u00edram ao longo desta semana (14 a 18\/02). Confira n\u00famero de vagas, remunera\u00e7\u00e3o e principais datas\" \/>\n<meta name=\"robots\" content=\"index, follow, max-snippet:-1, max-image-preview:large, max-video-preview:-1\" \/>\n<link rel=\"canonical\" href=\"https:\/\/www.estrategiaconcursos.com.br\/blog\/concurso-publico-editais-da-semana-14-a-18-02\/\" \/>\n<meta property=\"og:locale\" content=\"pt_BR\" \/>\n<meta property=\"og:type\" content=\"article\" \/>\n<meta property=\"og:title\" content=\"Concurso P\u00fablico: 25 editais esta semana! Mais de 400 vagas\" \/>\n<meta property=\"og:description\" content=\"Concurso P\u00fablico 2022: 25 editais sa\u00edram ao longo desta semana (14 a 18\/02). Confira n\u00famero de vagas, remunera\u00e7\u00e3o e principais datas\" \/>\n<meta property=\"og:url\" content=\"https:\/\/www.estrategiaconcursos.com.br\/blog\/concurso-publico-editais-da-semana-14-a-18-02\/\" \/>\n<meta property=\"og:site_name\" content=\"Estrat\u00e9gia Concursos\" \/>\n<meta property=\"article:published_time\" content=\"2022-02-18T21:00:00+00:00\" \/>\n<meta property=\"article:modified_time\" content=\"2022-02-24T12:05:10+00:00\" \/>\n<meta property=\"og:image\" content=\"https:\/\/dhg1h5j42swfq.cloudfront.net\/2021\/04\/20121239\/2022_concursos.jpeg\" \/>\n\t<meta property=\"og:image:width\" content=\"768\" \/>\n\t<meta property=\"og:image:height\" content=\"432\" \/>\n\t<meta property=\"og:image:type\" content=\"image\/jpeg\" \/>\n<meta name=\"author\" content=\"Camila Leite\" \/>\n<meta name=\"twitter:card\" content=\"summary_large_image\" \/>\n<meta name=\"twitter:creator\" content=\"@EstratConcursos\" \/>\n<meta name=\"twitter:site\" content=\"@EstratConcursos\" \/>\n<meta name=\"twitter:label1\" content=\"Escrito por\" \/>\n\t<meta name=\"twitter:data1\" content=\"Camila Leite\" \/>\n\t<meta name=\"twitter:label2\" content=\"Est. tempo de leitura\" \/>\n\t<meta name=\"twitter:data2\" content=\"3 minutos\" \/>\n<script type=\"application\/ld+json\" class=\"yoast-schema-graph\">{\"@context\":\"https:\/\/schema.org\",\"@graph\":[{\"@type\":\"NewsArticle\",\"@id\":\"https:\/\/www.estrategiaconcursos.com.br\/blog\/concurso-publico-editais-da-semana-14-a-18-02\/#article\",\"isPartOf\":{\"@id\":\"https:\/\/www.estrategiaconcursos.com.br\/blog\/concurso-publico-editais-da-semana-14-a-18-02\/\"},\"author\":{\"name\":\"Camila Leite\",\"@id\":\"https:\/\/www.estrategiaconcursos.com.br\/blog\/#\/schema\/person\/84ecdc6eb58d3cf1689bf76c5cd8fb38\"},\"headline\":\"Concurso P\u00fablico: 25 editais esta semana! Mais de 400 vagas\",\"datePublished\":\"2022-02-18T21:00:00+00:00\",\"dateModified\":\"2022-02-24T12:05:10+00:00\",\"mainEntityOfPage\":{\"@id\":\"https:\/\/www.estrategiaconcursos.com.br\/blog\/concurso-publico-editais-da-semana-14-a-18-02\/\"},\"wordCount\":476,\"commentCount\":0,\"publisher\":{\"@id\":\"https:\/\/www.estrategiaconcursos.com.br\/blog\/#organization\"},\"image\":{\"@id\":\"https:\/\/www.estrategiaconcursos.com.br\/blog\/concurso-publico-editais-da-semana-14-a-18-02\/#primaryimage\"},\"thumbnailUrl\":\"https:\/\/dhg1h5j42swfq.cloudfront.net\/2021\/04\/20121239\/2022_concursos.jpeg\",\"articleSection\":[\"Concursos P\u00fablicos\",\"\u00daltimas not\u00edcias\"],\"inLanguage\":\"pt-BR\",\"potentialAction\":[{\"@type\":\"CommentAction\",\"name\":\"Comment\",\"target\":[\"https:\/\/www.estrategiaconcursos.com.br\/blog\/concurso-publico-editais-da-semana-14-a-18-02\/#respond\"]}],\"copyrightYear\":\"2022\",\"copyrightHolder\":{\"@id\":\"https:\/\/www.estrategiaconcursos.com.br\/blog\/#organization\"}},{\"@type\":\"WebPage\",\"@id\":\"https:\/\/www.estrategiaconcursos.com.br\/blog\/concurso-publico-editais-da-semana-14-a-18-02\/\",\"url\":\"https:\/\/www.estrategiaconcursos.com.br\/blog\/concurso-publico-editais-da-semana-14-a-18-02\/\",\"name\":\"Concurso P\u00fablico: 25 editais esta semana! Mais de 400 vagas\",\"isPartOf\":{\"@id\":\"https:\/\/www.estrategiaconcursos.com.br\/blog\/#website\"},\"primaryImageOfPage\":{\"@id\":\"https:\/\/www.estrategiaconcursos.com.br\/blog\/concurso-publico-editais-da-semana-14-a-18-02\/#primaryimage\"},\"image\":{\"@id\":\"https:\/\/www.estrategiaconcursos.com.br\/blog\/concurso-publico-editais-da-semana-14-a-18-02\/#primaryimage\"},\"thumbnailUrl\":\"https:\/\/dhg1h5j42swfq.cloudfront.net\/2021\/04\/20121239\/2022_concursos.jpeg\",\"datePublished\":\"2022-02-18T21:00:00+00:00\",\"dateModified\":\"2022-02-24T12:05:10+00:00\",\"description\":\"Concurso P\u00fablico 2022: 25 editais sa\u00edram ao longo desta semana (14 a 18\/02). Confira n\u00famero de vagas, remunera\u00e7\u00e3o e principais datas\",\"breadcrumb\":{\"@id\":\"https:\/\/www.estrategiaconcursos.com.br\/blog\/concurso-publico-editais-da-semana-14-a-18-02\/#breadcrumb\"},\"inLanguage\":\"pt-BR\",\"potentialAction\":[{\"@type\":\"ReadAction\",\"target\":[\"https:\/\/www.estrategiaconcursos.com.br\/blog\/concurso-publico-editais-da-semana-14-a-18-02\/\"]}]},{\"@type\":\"ImageObject\",\"inLanguage\":\"pt-BR\",\"@id\":\"https:\/\/www.estrategiaconcursos.com.br\/blog\/concurso-publico-editais-da-semana-14-a-18-02\/#primaryimage\",\"url\":\"https:\/\/dhg1h5j42swfq.cloudfront.net\/2021\/04\/20121239\/2022_concursos.jpeg\",\"contentUrl\":\"https:\/\/dhg1h5j42swfq.cloudfront.net\/2021\/04\/20121239\/2022_concursos.jpeg\",\"width\":768,\"height\":432,\"caption\":\"Concursos 2022\"},{\"@type\":\"BreadcrumbList\",\"@id\":\"https:\/\/www.estrategiaconcursos.com.br\/blog\/concurso-publico-editais-da-semana-14-a-18-02\/#breadcrumb\",\"itemListElement\":[{\"@type\":\"ListItem\",\"position\":1,\"name\":\"In\u00edcio\",\"item\":\"https:\/\/www.estrategiaconcursos.com.br\/blog\/\"},{\"@type\":\"ListItem\",\"position\":2,\"name\":\"Concurso P\u00fablico: 25 editais esta semana! Mais de 400 vagas\"}]},{\"@type\":\"WebSite\",\"@id\":\"https:\/\/www.estrategiaconcursos.com.br\/blog\/#website\",\"url\":\"https:\/\/www.estrategiaconcursos.com.br\/blog\/\",\"name\":\"Estrat\u00e9gia Concursos\",\"description\":\"O blog da Estrat\u00e9gia Concursos traz not\u00edcias sobre concursos e artigos de professores oferecendo cursos para concursos (pdf + videaulas) no site.\",\"publisher\":{\"@id\":\"https:\/\/www.estrategiaconcursos.com.br\/blog\/#organization\"},\"potentialAction\":[{\"@type\":\"SearchAction\",\"target\":{\"@type\":\"EntryPoint\",\"urlTemplate\":\"https:\/\/www.estrategiaconcursos.com.br\/blog\/?s={search_term_string}\"},\"query-input\":{\"@type\":\"PropertyValueSpecification\",\"valueRequired\":true,\"valueName\":\"search_term_string\"}}],\"inLanguage\":\"pt-BR\"},{\"@type\":\"Organization\",\"@id\":\"https:\/\/www.estrategiaconcursos.com.br\/blog\/#organization\",\"name\":\"Estrat\u00e9gia Concursos\",\"url\":\"https:\/\/www.estrategiaconcursos.com.br\/blog\/\",\"logo\":{\"@type\":\"ImageObject\",\"inLanguage\":\"pt-BR\",\"@id\":\"https:\/\/www.estrategiaconcursos.com.br\/blog\/#\/schema\/logo\/image\/\",\"url\":\"https:\/\/dhg1h5j42swfq.cloudfront.net\/2025\/06\/03203428\/logo_concursos-1.jpg\",\"contentUrl\":\"https:\/\/dhg1h5j42swfq.cloudfront.net\/2025\/06\/03203428\/logo_concursos-1.jpg\",\"width\":230,\"height\":60,\"caption\":\"Estrat\u00e9gia Concursos\"},\"image\":{\"@id\":\"https:\/\/www.estrategiaconcursos.com.br\/blog\/#\/schema\/logo\/image\/\"},\"sameAs\":[\"https:\/\/x.com\/EstratConcursos\"]},{\"@type\":\"Person\",\"@id\":\"https:\/\/www.estrategiaconcursos.com.br\/blog\/#\/schema\/person\/84ecdc6eb58d3cf1689bf76c5cd8fb38\",\"name\":\"Camila Leite\",\"image\":{\"@type\":\"ImageObject\",\"inLanguage\":\"pt-BR\",\"@id\":\"https:\/\/secure.gravatar.com\/avatar\/f2f8faef639c8a2bfb7fb909912a56917f4c3a0aed064500168e2fb8ea55cf61?s=96&d=mm&r=g\",\"url\":\"https:\/\/secure.gravatar.com\/avatar\/f2f8faef639c8a2bfb7fb909912a56917f4c3a0aed064500168e2fb8ea55cf61?s=96&d=mm&r=g\",\"contentUrl\":\"https:\/\/secure.gravatar.com\/avatar\/f2f8faef639c8a2bfb7fb909912a56917f4c3a0aed064500168e2fb8ea55cf61?s=96&d=mm&r=g\",\"caption\":\"Camila Leite\"},\"description\":\"Formada em Design Gr\u00e1fico e em Propaganda e Marketing pela UNIP, integra a equipe de jornalismo do Estrat\u00e9gia Concursos desde 2018. Ao longo dos anos, construiu uma s\u00f3lida experi\u00eancia na produ\u00e7\u00e3o de conte\u00fado informativo e relevante para concurseiros. Desde 2020, atua na cobertura das \u00e1reas Fiscal \u2014 com \u00eanfase nas Secretarias de Fazenda (Sefaz) das regi\u00f5es Sul e Sudeste \u2014, al\u00e9m da cobertura de concursos federais, como CNU, Petrobras, CGU, Receita Federal, ag\u00eancias reguladoras (Anvisa, ANAC, entre outras) e INSS. Mant\u00e9m contato direto com os principais \u00f3rg\u00e3os p\u00fablicos, acompanhando editais, atualiza\u00e7\u00f5es e movimenta\u00e7\u00f5es importantes para os candidatos.\",\"sameAs\":[\"https:\/\/www.linkedin.com\/in\/camila-pinheiro-leite-9ba135b6\/\"],\"url\":\"https:\/\/www.estrategiaconcursos.com.br\/blog\/author\/camila-leiteestrategiaconcursos-com-br\/\"}]}<\/script>\n<!-- \/ Yoast SEO Premium plugin. -->","yoast_head_json":{"title":"Concurso P\u00fablico: 25 editais esta semana! Mais de 400 vagas","description":"Concurso P\u00fablico 2022: 25 editais sa\u00edram ao longo desta semana (14 a 18\/02). Confira n\u00famero de vagas, remunera\u00e7\u00e3o e principais datas","robots":{"index":"index","follow":"follow","max-snippet":"max-snippet:-1","max-image-preview":"max-image-preview:large","max-video-preview":"max-video-preview:-1"},"canonical":"https:\/\/www.estrategiaconcursos.com.br\/blog\/concurso-publico-editais-da-semana-14-a-18-02\/","og_locale":"pt_BR","og_type":"article","og_title":"Concurso P\u00fablico: 25 editais esta semana! Mais de 400 vagas","og_description":"Concurso P\u00fablico 2022: 25 editais sa\u00edram ao longo desta semana (14 a 18\/02). Confira n\u00famero de vagas, remunera\u00e7\u00e3o e principais datas","og_url":"https:\/\/www.estrategiaconcursos.com.br\/blog\/concurso-publico-editais-da-semana-14-a-18-02\/","og_site_name":"Estrat\u00e9gia Concursos","article_published_time":"2022-02-18T21:00:00+00:00","article_modified_time":"2022-02-24T12:05:10+00:00","og_image":[{"width":768,"height":432,"url":"https:\/\/dhg1h5j42swfq.cloudfront.net\/2021\/04\/20121239\/2022_concursos.jpeg","type":"image\/jpeg"}],"author":"Camila Leite","twitter_card":"summary_large_image","twitter_creator":"@EstratConcursos","twitter_site":"@EstratConcursos","twitter_misc":{"Escrito por":"Camila Leite","Est. tempo de leitura":"3 minutos"},"schema":{"@context":"https:\/\/schema.org","@graph":[{"@type":"NewsArticle","@id":"https:\/\/www.estrategiaconcursos.com.br\/blog\/concurso-publico-editais-da-semana-14-a-18-02\/#article","isPartOf":{"@id":"https:\/\/www.estrategiaconcursos.com.br\/blog\/concurso-publico-editais-da-semana-14-a-18-02\/"},"author":{"name":"Camila Leite","@id":"https:\/\/www.estrategiaconcursos.com.br\/blog\/#\/schema\/person\/84ecdc6eb58d3cf1689bf76c5cd8fb38"},"headline":"Concurso P\u00fablico: 25 editais esta semana! Mais de 400 vagas","datePublished":"2022-02-18T21:00:00+00:00","dateModified":"2022-02-24T12:05:10+00:00","mainEntityOfPage":{"@id":"https:\/\/www.estrategiaconcursos.com.br\/blog\/concurso-publico-editais-da-semana-14-a-18-02\/"},"wordCount":476,"commentCount":0,"publisher":{"@id":"https:\/\/www.estrategiaconcursos.com.br\/blog\/#organization"},"image":{"@id":"https:\/\/www.estrategiaconcursos.com.br\/blog\/concurso-publico-editais-da-semana-14-a-18-02\/#primaryimage"},"thumbnailUrl":"https:\/\/dhg1h5j42swfq.cloudfront.net\/2021\/04\/20121239\/2022_concursos.jpeg","articleSection":["Concursos P\u00fablicos","\u00daltimas not\u00edcias"],"inLanguage":"pt-BR","potentialAction":[{"@type":"CommentAction","name":"Comment","target":["https:\/\/www.estrategiaconcursos.com.br\/blog\/concurso-publico-editais-da-semana-14-a-18-02\/#respond"]}],"copyrightYear":"2022","copyrightHolder":{"@id":"https:\/\/www.estrategiaconcursos.com.br\/blog\/#organization"}},{"@type":"WebPage","@id":"https:\/\/www.estrategiaconcursos.com.br\/blog\/concurso-publico-editais-da-semana-14-a-18-02\/","url":"https:\/\/www.estrategiaconcursos.com.br\/blog\/concurso-publico-editais-da-semana-14-a-18-02\/","name":"Concurso P\u00fablico: 25 editais esta semana! Mais de 400 vagas","isPartOf":{"@id":"https:\/\/www.estrategiaconcursos.com.br\/blog\/#website"},"primaryImageOfPage":{"@id":"https:\/\/www.estrategiaconcursos.com.br\/blog\/concurso-publico-editais-da-semana-14-a-18-02\/#primaryimage"},"image":{"@id":"https:\/\/www.estrategiaconcursos.com.br\/blog\/concurso-publico-editais-da-semana-14-a-18-02\/#primaryimage"},"thumbnailUrl":"https:\/\/dhg1h5j42swfq.cloudfront.net\/2021\/04\/20121239\/2022_concursos.jpeg","datePublished":"2022-02-18T21:00:00+00:00","dateModified":"2022-02-24T12:05:10+00:00","description":"Concurso P\u00fablico 2022: 25 editais sa\u00edram ao longo desta semana (14 a 18\/02). Confira n\u00famero de vagas, remunera\u00e7\u00e3o e principais datas","breadcrumb":{"@id":"https:\/\/www.estrategiaconcursos.com.br\/blog\/concurso-publico-editais-da-semana-14-a-18-02\/#breadcrumb"},"inLanguage":"pt-BR","potentialAction":[{"@type":"ReadAction","target":["https:\/\/www.estrategiaconcursos.com.br\/blog\/concurso-publico-editais-da-semana-14-a-18-02\/"]}]},{"@type":"ImageObject","inLanguage":"pt-BR","@id":"https:\/\/www.estrategiaconcursos.com.br\/blog\/concurso-publico-editais-da-semana-14-a-18-02\/#primaryimage","url":"https:\/\/dhg1h5j42swfq.cloudfront.net\/2021\/04\/20121239\/2022_concursos.jpeg","contentUrl":"https:\/\/dhg1h5j42swfq.cloudfront.net\/2021\/04\/20121239\/2022_concursos.jpeg","width":768,"height":432,"caption":"Concursos 2022"},{"@type":"BreadcrumbList","@id":"https:\/\/www.estrategiaconcursos.com.br\/blog\/concurso-publico-editais-da-semana-14-a-18-02\/#breadcrumb","itemListElement":[{"@type":"ListItem","position":1,"name":"In\u00edcio","item":"https:\/\/www.estrategiaconcursos.com.br\/blog\/"},{"@type":"ListItem","position":2,"name":"Concurso P\u00fablico: 25 editais esta semana! Mais de 400 vagas"}]},{"@type":"WebSite","@id":"https:\/\/www.estrategiaconcursos.com.br\/blog\/#website","url":"https:\/\/www.estrategiaconcursos.com.br\/blog\/","name":"Estrat\u00e9gia Concursos","description":"O blog da Estrat\u00e9gia Concursos traz not\u00edcias sobre concursos e artigos de professores oferecendo cursos para concursos (pdf + videaulas) no site.","publisher":{"@id":"https:\/\/www.estrategiaconcursos.com.br\/blog\/#organization"},"potentialAction":[{"@type":"SearchAction","target":{"@type":"EntryPoint","urlTemplate":"https:\/\/www.estrategiaconcursos.com.br\/blog\/?s={search_term_string}"},"query-input":{"@type":"PropertyValueSpecification","valueRequired":true,"valueName":"search_term_string"}}],"inLanguage":"pt-BR"},{"@type":"Organization","@id":"https:\/\/www.estrategiaconcursos.com.br\/blog\/#organization","name":"Estrat\u00e9gia Concursos","url":"https:\/\/www.estrategiaconcursos.com.br\/blog\/","logo":{"@type":"ImageObject","inLanguage":"pt-BR","@id":"https:\/\/www.estrategiaconcursos.com.br\/blog\/#\/schema\/logo\/image\/","url":"https:\/\/dhg1h5j42swfq.cloudfront.net\/2025\/06\/03203428\/logo_concursos-1.jpg","contentUrl":"https:\/\/dhg1h5j42swfq.cloudfront.net\/2025\/06\/03203428\/logo_concursos-1.jpg","width":230,"height":60,"caption":"Estrat\u00e9gia Concursos"},"image":{"@id":"https:\/\/www.estrategiaconcursos.com.br\/blog\/#\/schema\/logo\/image\/"},"sameAs":["https:\/\/x.com\/EstratConcursos"]},{"@type":"Person","@id":"https:\/\/www.estrategiaconcursos.com.br\/blog\/#\/schema\/person\/84ecdc6eb58d3cf1689bf76c5cd8fb38","name":"Camila Leite","image":{"@type":"ImageObject","inLanguage":"pt-BR","@id":"https:\/\/secure.gravatar.com\/avatar\/f2f8faef639c8a2bfb7fb909912a56917f4c3a0aed064500168e2fb8ea55cf61?s=96&d=mm&r=g","url":"https:\/\/secure.gravatar.com\/avatar\/f2f8faef639c8a2bfb7fb909912a56917f4c3a0aed064500168e2fb8ea55cf61?s=96&d=mm&r=g","contentUrl":"https:\/\/secure.gravatar.com\/avatar\/f2f8faef639c8a2bfb7fb909912a56917f4c3a0aed064500168e2fb8ea55cf61?s=96&d=mm&r=g","caption":"Camila Leite"},"description":"Formada em Design Gr\u00e1fico e em Propaganda e Marketing pela UNIP, integra a equipe de jornalismo do Estrat\u00e9gia Concursos desde 2018. Ao longo dos anos, construiu uma s\u00f3lida experi\u00eancia na produ\u00e7\u00e3o de conte\u00fado informativo e relevante para concurseiros. Desde 2020, atua na cobertura das \u00e1reas Fiscal \u2014 com \u00eanfase nas Secretarias de Fazenda (Sefaz) das regi\u00f5es Sul e Sudeste \u2014, al\u00e9m da cobertura de concursos federais, como CNU, Petrobras, CGU, Receita Federal, ag\u00eancias reguladoras (Anvisa, ANAC, entre outras) e INSS. Mant\u00e9m contato direto com os principais \u00f3rg\u00e3os p\u00fablicos, acompanhando editais, atualiza\u00e7\u00f5es e movimenta\u00e7\u00f5es importantes para os candidatos.","sameAs":["https:\/\/www.linkedin.com\/in\/camila-pinheiro-leite-9ba135b6\/"],"url":"https:\/\/www.estrategiaconcursos.com.br\/blog\/author\/camila-leiteestrategiaconcursos-com-br\/"}]}},"_links":{"self":[{"href":"https:\/\/www.estrategiaconcursos.com.br\/blog\/wp-json\/wp\/v2\/posts\/971372","targetHints":{"allow":["GET"]}}],"collection":[{"href":"https:\/\/www.estrategiaconcursos.com.br\/blog\/wp-json\/wp\/v2\/posts"}],"about":[{"href":"https:\/\/www.estrategiaconcursos.com.br\/blog\/wp-json\/wp\/v2\/types\/post"}],"author":[{"embeddable":true,"href":"https:\/\/www.estrategiaconcursos.com.br\/blog\/wp-json\/wp\/v2\/users\/659"}],"replies":[{"embeddable":true,"href":"https:\/\/www.estrategiaconcursos.com.br\/blog\/wp-json\/wp\/v2\/comments?post=971372"}],"version-history":[{"count":10,"href":"https:\/\/www.estrategiaconcursos.com.br\/blog\/wp-json\/wp\/v2\/posts\/971372\/revisions"}],"predecessor-version":[{"id":972544,"href":"https:\/\/www.estrategiaconcursos.com.br\/blog\/wp-json\/wp\/v2\/posts\/971372\/revisions\/972544"}],"wp:featuredmedia":[{"embeddable":true,"href":"https:\/\/www.estrategiaconcursos.com.br\/blog\/wp-json\/wp\/v2\/media\/746120"}],"wp:attachment":[{"href":"https:\/\/www.estrategiaconcursos.com.br\/blog\/wp-json\/wp\/v2\/media?parent=971372"}],"wp:term":[{"taxonomy":"category","embeddable":true,"href":"https:\/\/www.estrategiaconcursos.com.br\/blog\/wp-json\/wp\/v2\/categories?post=971372"},{"taxonomy":"post_tag","embeddable":true,"href":"https:\/\/www.estrategiaconcursos.com.br\/blog\/wp-json\/wp\/v2\/tags?post=971372"},{"taxonomy":"tax_estado","embeddable":true,"href":"https:\/\/www.estrategiaconcursos.com.br\/blog\/wp-json\/wp\/v2\/tax_estado?post=971372"}],"curies":[{"name":"wp","href":"https:\/\/api.w.org\/{rel}","templated":true}]}}