{"id":971345,"date":"2022-02-17T12:07:07","date_gmt":"2022-02-17T15:07:07","guid":{"rendered":"https:\/\/www.estrategiaconcursos.com.br\/blog\/?p=971345"},"modified":"2022-02-17T12:10:45","modified_gmt":"2022-02-17T15:10:45","slug":"concurso-bombeiro-ms-2018-vagas","status":"publish","type":"post","link":"https:\/\/www.estrategiaconcursos.com.br\/blog\/concurso-bombeiro-ms-2018-vagas\/","title":{"rendered":"Concurso Bombeiro MS 2018: n\u00famero de vagas \u00e9 ampliado!"},"content":{"rendered":"\n<p>O governador do Mato Grosso do Sul, Reinaldo Azambuja, <strong>ampliou <\/strong>as <strong>vagas<\/strong> do <strong>concurso Bombeiros MS,<\/strong> realizado em <strong>2018<\/strong>, aos cargos de Oficiais Especialistas.<\/p>\n\n\n\n<p>A publica\u00e7\u00e3o se deu no Di\u00e1rio Oficial do MS, nesta quinta-feira, 17 de fevereiro de 2022, por meio do <a href=\"https:\/\/dhg1h5j42swfq.cloudfront.net\/2022\/02\/17105927\/bombeiros-ms-2018-2.pdf\" target=\"_blank\" rel=\"noreferrer noopener nofollow\">Decreto n\u00ba 15.871<\/a>.<\/p>\n\n\n\n<p>No total ser\u00e3o mais nove (9) vagas, sendo quatro para a \u00e1rea de an\u00e1lise de sistemas\/ci\u00eancias da computa\u00e7\u00e3o\/engenharia da computa\u00e7\u00e3o, uma de arquitetura e urbanismo, uma de comunica\u00e7\u00e3o social \u2013 jornalismo, uma de direito, uma de engenharia civil e uma de servi\u00e7o social.<\/p>\n\n\n\n<blockquote class=\"wp-block-quote is-layout-flow wp-block-quote-is-layout-flow\"><p><em>\u201cEsse \u00e9 mais um investimento do Governo do Estado em nossa Corpora\u00e7\u00e3o. Al\u00e9m das aquisi\u00e7\u00f5es de aeronaves, viaturas, quart\u00e9is e equipamentos, h\u00e1 tamb\u00e9m uma aten\u00e7\u00e3o especial ao nosso efetivo\u201d, <\/em>afirmou o Coronel Hugo Djan Leite, Comandante-Geral da corpora\u00e7\u00e3o.<\/p><\/blockquote>\n\n\n\n<p>Atualmente, a <a href=\"https:\/\/www.instagram.com\/p\/CaFGLBALEhy\/\" target=\"_blank\" rel=\"noreferrer noopener\">corpora\u00e7\u00e3o<\/a> conta com 12 oficiais especialistas: 2 analistas de sistema, 1 pedagoga, 1 engenheiro ambiental, 1 engenheiro civil, 1 educadora f\u00edsica, 1 engenheiro mec\u00e2nico, 1 arquiteto, 1 jornalista, 1 assistente social e 2 especialistas em direito).<\/p>\n\n\n\n<p>O concurso Bombeiros MS, realizado em 2018, contou com a oferta de 176 vagas, divididas entre os cargos de Soldados (153 vagas) e Oficiais (23 vagas).<\/p>\n\n\n\n<p>As remunera\u00e7\u00f5es iniciais, ap\u00f3s a conclus\u00e3o do curso de forma\u00e7\u00e3o, foram de&nbsp;R$ 3.352,53 para Soldado e&nbsp;R$ 7.089,13 para Oficial.<\/p>\n\n\n\n<p>Confira no artigo abaixo as informa\u00e7\u00f5es completas sobre o concurso Bombeiros MS 2018, cujas vagas foram ampliadas.<\/p>\n\n\n\n<p class=\"has-text-align-center has-cyan-bluish-gray-background-color has-background has-medium-font-size\"><a href=\"https:\/\/www.estrategiaconcursos.com.br\/blog\/concurso-bombeiros-ms\/\" target=\"_blank\" rel=\"noreferrer noopener\"><strong>Concurso Bombeiros MS<\/strong><\/a><\/p>\n\n\n\n<h2 class=\"has-text-align-center wp-block-heading\" id=\"block-75ef51f4-1874-4f8b-854e-3432f7b9a4d1\">Quer saber tudo sobre concursos previstos?<br \/>Confira nossos artigos!<\/h2>\n\n\n\n<ul class=\"wp-block-list\" id=\"block-c26610a6-df54-4f1f-a072-d7cbf81aacbc\"><li><a href=\"https:\/\/www.estrategiaconcursos.com.br\/blog\/concursos-abertos\/\" target=\"_blank\" rel=\"noreferrer noopener\">Concursos abertos<\/a><\/li><li><a href=\"https:\/\/www.estrategiaconcursos.com.br\/blog\/concursos-2022\/\" target=\"_blank\" rel=\"noreferrer noopener\">Concursos 2022<\/a><\/li><\/ul>\n\n\n\n<h2 class=\"has-text-align-center wp-block-heading\" id=\"cursos\">Quer estudar para o concurso Bombeiros MS?<\/h2>\n\n\n\n<div class=\"container\" id=\"boxes\">\n  <div class=\"row\">\n\n    <div class=\"col-sm\">\n      <div class=\"banner-policial\" id=\"box-assinatura\">\n        <h3 class=\"titulo-assinatura\">Concurso Bombeiros MS<\/h3>\n        <p class=\"subtitulo-assinatura\">Conhe\u00e7a os cursos<\/p>\n        <div class=\"box-botao\">\n          <a class=\"btn-assinatura\" target=\"_blank\" href=\"https:\/\/www.estrategiaconcursos.com.br\/cursosPorConcurso\/\" role=\"button\" rel=\"noopener noreferrer\">Conhe\u00e7a mais<\/a>\n        <\/div>\n      <\/div>\n      \n    <\/div>\n\n  <\/div>\n<\/div>\n\n\n\n<div class=\"container\" id=\"boxes\">\n  <div class=\"row\">\n\n    <div class=\"col-sm\">\n      <div class=\"estrategia\" id=\"box-assinatura\">\n        <h3 class=\"titulo-assinatura\">Assinatura Concursos<\/h3>\n        <p class=\"subtitulo-assinatura\">Assinatura de 1 ano ou 2 anos<\/p>\n        <div class=\"box-botao\">\n          <a class=\"btn-assinatura\" target=\"_blank\" href=\"https:\/\/www.estrategiaconcursos.com.br\/assinaturas\/\" role=\"button\" rel=\"noopener noreferrer\">ASSINE AGORA<\/a>\n        <\/div>\n      <\/div>\n     \n    <\/div><\/div><\/div>\n","protected":false},"excerpt":{"rendered":"<p>O governador do Mato Grosso do Sul, Reinaldo Azambuja, ampliou as vagas do concurso Bombeiros MS, realizado em 2018, aos cargos de Oficiais Especialistas. A publica\u00e7\u00e3o se deu no Di\u00e1rio Oficial do MS, nesta quinta-feira, 17 de fevereiro de 2022, por meio do Decreto n\u00ba 15.871. No total ser\u00e3o mais nove (9) vagas, sendo quatro [&hellip;]<\/p>\n","protected":false},"author":2134,"featured_media":108279,"comment_status":"open","ping_status":"closed","sticky":false,"template":"","format":"standard","meta":{"post_tipo":"news","footnotes":""},"categories":[220186,220187,220219],"tags":[],"tax_estado":[219975],"class_list":["post-971345","post","type-post","status-publish","format-standard","has-post-thumbnail","hentry","category-policial-oficial","category-policial-pracas","category-noticias","tax_estado-ms"],"acf":[],"yoast_head":"<!-- This site is optimized with the Yoast SEO Premium plugin v27.2 (Yoast SEO v27.2) - https:\/\/yoast.com\/product\/yoast-seo-premium-wordpress\/ -->\n<title>Concurso Bombeiro MS 2018: n\u00famero de vagas \u00e9 ampliado!<\/title>\n<meta name=\"description\" content=\"Concurso Bombeiros MS: n\u00famero de vagas \u00e9 ampliado ao cargo de Oficial. Sele\u00e7\u00e3o aconteceu em 2018. Confira aqui os detalhes completos!\" \/>\n<meta name=\"robots\" content=\"index, follow, max-snippet:-1, max-image-preview:large, max-video-preview:-1\" \/>\n<link rel=\"canonical\" href=\"https:\/\/www.estrategiaconcursos.com.br\/blog\/concurso-bombeiro-ms-2018-vagas\/\" \/>\n<meta property=\"og:locale\" content=\"pt_BR\" \/>\n<meta property=\"og:type\" content=\"article\" \/>\n<meta property=\"og:title\" content=\"Concurso Bombeiro MS 2018: n\u00famero de vagas \u00e9 ampliado!\" \/>\n<meta property=\"og:description\" content=\"Concurso Bombeiros MS: n\u00famero de vagas \u00e9 ampliado ao cargo de Oficial. Sele\u00e7\u00e3o aconteceu em 2018. Confira aqui os detalhes completos!\" \/>\n<meta property=\"og:url\" content=\"https:\/\/www.estrategiaconcursos.com.br\/blog\/concurso-bombeiro-ms-2018-vagas\/\" \/>\n<meta property=\"og:site_name\" content=\"Estrat\u00e9gia Concursos\" \/>\n<meta property=\"article:published_time\" content=\"2022-02-17T15:07:07+00:00\" \/>\n<meta property=\"article:modified_time\" content=\"2022-02-17T15:10:45+00:00\" \/>\n<meta property=\"og:image\" content=\"https:\/\/dhg1h5j42swfq.cloudfront.net\/2018\/02\/28103040\/BOMBEIROS-MS5-e1519824647480.jpg\" \/>\n\t<meta property=\"og:image:width\" content=\"400\" \/>\n\t<meta property=\"og:image:height\" content=\"209\" \/>\n\t<meta property=\"og:image:type\" content=\"image\/jpeg\" \/>\n<meta name=\"author\" content=\"Rafaela Teixeira\" \/>\n<meta name=\"twitter:card\" content=\"summary_large_image\" \/>\n<meta name=\"twitter:creator\" content=\"@EstratConcursos\" \/>\n<meta name=\"twitter:site\" content=\"@EstratConcursos\" \/>\n<meta name=\"twitter:label1\" content=\"Escrito por\" \/>\n\t<meta name=\"twitter:data1\" content=\"Rafaela Teixeira\" \/>\n\t<meta name=\"twitter:label2\" content=\"Est. tempo de leitura\" \/>\n\t<meta name=\"twitter:data2\" content=\"2 minutos\" \/>\n<script type=\"application\/ld+json\" class=\"yoast-schema-graph\">{\"@context\":\"https:\/\/schema.org\",\"@graph\":[{\"@type\":\"NewsArticle\",\"@id\":\"https:\/\/www.estrategiaconcursos.com.br\/blog\/concurso-bombeiro-ms-2018-vagas\/#article\",\"isPartOf\":{\"@id\":\"https:\/\/www.estrategiaconcursos.com.br\/blog\/concurso-bombeiro-ms-2018-vagas\/\"},\"author\":{\"name\":\"Rafaela Teixeira\",\"@id\":\"https:\/\/www.estrategiaconcursos.com.br\/blog\/#\/schema\/person\/e75352021ea7f60781c599934f916eb1\"},\"headline\":\"Concurso Bombeiro MS 2018: n\u00famero de vagas \u00e9 ampliado!\",\"datePublished\":\"2022-02-17T15:07:07+00:00\",\"dateModified\":\"2022-02-17T15:10:45+00:00\",\"mainEntityOfPage\":{\"@id\":\"https:\/\/www.estrategiaconcursos.com.br\/blog\/concurso-bombeiro-ms-2018-vagas\/\"},\"wordCount\":281,\"commentCount\":0,\"publisher\":{\"@id\":\"https:\/\/www.estrategiaconcursos.com.br\/blog\/#organization\"},\"image\":{\"@id\":\"https:\/\/www.estrategiaconcursos.com.br\/blog\/concurso-bombeiro-ms-2018-vagas\/#primaryimage\"},\"thumbnailUrl\":\"https:\/\/dhg1h5j42swfq.cloudfront.net\/2018\/02\/28103040\/BOMBEIROS-MS5-e1519824647480.jpg\",\"articleSection\":[\"Policial (PM\/BM - Oficial)\",\"Policial (PM\/BM - Pra\u00e7as)\",\"\u00daltimas not\u00edcias\"],\"inLanguage\":\"pt-BR\",\"potentialAction\":[{\"@type\":\"CommentAction\",\"name\":\"Comment\",\"target\":[\"https:\/\/www.estrategiaconcursos.com.br\/blog\/concurso-bombeiro-ms-2018-vagas\/#respond\"]}],\"copyrightYear\":\"2022\",\"copyrightHolder\":{\"@id\":\"https:\/\/www.estrategiaconcursos.com.br\/blog\/#organization\"}},{\"@type\":\"WebPage\",\"@id\":\"https:\/\/www.estrategiaconcursos.com.br\/blog\/concurso-bombeiro-ms-2018-vagas\/\",\"url\":\"https:\/\/www.estrategiaconcursos.com.br\/blog\/concurso-bombeiro-ms-2018-vagas\/\",\"name\":\"Concurso Bombeiro MS 2018: n\u00famero de vagas \u00e9 ampliado!\",\"isPartOf\":{\"@id\":\"https:\/\/www.estrategiaconcursos.com.br\/blog\/#website\"},\"primaryImageOfPage\":{\"@id\":\"https:\/\/www.estrategiaconcursos.com.br\/blog\/concurso-bombeiro-ms-2018-vagas\/#primaryimage\"},\"image\":{\"@id\":\"https:\/\/www.estrategiaconcursos.com.br\/blog\/concurso-bombeiro-ms-2018-vagas\/#primaryimage\"},\"thumbnailUrl\":\"https:\/\/dhg1h5j42swfq.cloudfront.net\/2018\/02\/28103040\/BOMBEIROS-MS5-e1519824647480.jpg\",\"datePublished\":\"2022-02-17T15:07:07+00:00\",\"dateModified\":\"2022-02-17T15:10:45+00:00\",\"description\":\"Concurso Bombeiros MS: n\u00famero de vagas \u00e9 ampliado ao cargo de Oficial. Sele\u00e7\u00e3o aconteceu em 2018. Confira aqui os detalhes completos!\",\"breadcrumb\":{\"@id\":\"https:\/\/www.estrategiaconcursos.com.br\/blog\/concurso-bombeiro-ms-2018-vagas\/#breadcrumb\"},\"inLanguage\":\"pt-BR\",\"potentialAction\":[{\"@type\":\"ReadAction\",\"target\":[\"https:\/\/www.estrategiaconcursos.com.br\/blog\/concurso-bombeiro-ms-2018-vagas\/\"]}]},{\"@type\":\"ImageObject\",\"inLanguage\":\"pt-BR\",\"@id\":\"https:\/\/www.estrategiaconcursos.com.br\/blog\/concurso-bombeiro-ms-2018-vagas\/#primaryimage\",\"url\":\"https:\/\/dhg1h5j42swfq.cloudfront.net\/2018\/02\/28103040\/BOMBEIROS-MS5-e1519824647480.jpg\",\"contentUrl\":\"https:\/\/dhg1h5j42swfq.cloudfront.net\/2018\/02\/28103040\/BOMBEIROS-MS5-e1519824647480.jpg\",\"width\":400,\"height\":209,\"caption\":\"concurso bombeiros ms\"},{\"@type\":\"BreadcrumbList\",\"@id\":\"https:\/\/www.estrategiaconcursos.com.br\/blog\/concurso-bombeiro-ms-2018-vagas\/#breadcrumb\",\"itemListElement\":[{\"@type\":\"ListItem\",\"position\":1,\"name\":\"In\u00edcio\",\"item\":\"https:\/\/www.estrategiaconcursos.com.br\/blog\/\"},{\"@type\":\"ListItem\",\"position\":2,\"name\":\"Concurso Bombeiro MS 2018: n\u00famero de vagas \u00e9 ampliado!\"}]},{\"@type\":\"WebSite\",\"@id\":\"https:\/\/www.estrategiaconcursos.com.br\/blog\/#website\",\"url\":\"https:\/\/www.estrategiaconcursos.com.br\/blog\/\",\"name\":\"Estrat\u00e9gia Concursos\",\"description\":\"O blog da Estrat\u00e9gia Concursos traz not\u00edcias sobre concursos e artigos de professores oferecendo cursos para concursos (pdf + videaulas) no site.\",\"publisher\":{\"@id\":\"https:\/\/www.estrategiaconcursos.com.br\/blog\/#organization\"},\"potentialAction\":[{\"@type\":\"SearchAction\",\"target\":{\"@type\":\"EntryPoint\",\"urlTemplate\":\"https:\/\/www.estrategiaconcursos.com.br\/blog\/?s={search_term_string}\"},\"query-input\":{\"@type\":\"PropertyValueSpecification\",\"valueRequired\":true,\"valueName\":\"search_term_string\"}}],\"inLanguage\":\"pt-BR\"},{\"@type\":\"Organization\",\"@id\":\"https:\/\/www.estrategiaconcursos.com.br\/blog\/#organization\",\"name\":\"Estrat\u00e9gia Concursos\",\"url\":\"https:\/\/www.estrategiaconcursos.com.br\/blog\/\",\"logo\":{\"@type\":\"ImageObject\",\"inLanguage\":\"pt-BR\",\"@id\":\"https:\/\/www.estrategiaconcursos.com.br\/blog\/#\/schema\/logo\/image\/\",\"url\":\"https:\/\/dhg1h5j42swfq.cloudfront.net\/2025\/06\/03203428\/logo_concursos-1.jpg\",\"contentUrl\":\"https:\/\/dhg1h5j42swfq.cloudfront.net\/2025\/06\/03203428\/logo_concursos-1.jpg\",\"width\":230,\"height\":60,\"caption\":\"Estrat\u00e9gia Concursos\"},\"image\":{\"@id\":\"https:\/\/www.estrategiaconcursos.com.br\/blog\/#\/schema\/logo\/image\/\"},\"sameAs\":[\"https:\/\/x.com\/EstratConcursos\"]},{\"@type\":\"Person\",\"@id\":\"https:\/\/www.estrategiaconcursos.com.br\/blog\/#\/schema\/person\/e75352021ea7f60781c599934f916eb1\",\"name\":\"Rafaela Teixeira\",\"image\":{\"@type\":\"ImageObject\",\"inLanguage\":\"pt-BR\",\"@id\":\"https:\/\/secure.gravatar.com\/avatar\/8a349a2b22039b1ee88fc06461487c950fd6aa411ea8af8633314b43334ae793?s=96&d=mm&r=g\",\"url\":\"https:\/\/secure.gravatar.com\/avatar\/8a349a2b22039b1ee88fc06461487c950fd6aa411ea8af8633314b43334ae793?s=96&d=mm&r=g\",\"contentUrl\":\"https:\/\/secure.gravatar.com\/avatar\/8a349a2b22039b1ee88fc06461487c950fd6aa411ea8af8633314b43334ae793?s=96&d=mm&r=g\",\"caption\":\"Rafaela Teixeira\"},\"description\":\"Rafaela Teixeira \u00e9 advogada conveniada \u00e0 Defensoria P\u00fablica de S\u00e3o Paulo pela OAB, com experi\u00eancia em reda\u00e7\u00e3o jur\u00eddica e atua\u00e7\u00e3o em institui\u00e7\u00f5es p\u00fablicas, incluindo est\u00e1gio no TRE-SP. Possui mais de 7 anos de experi\u00eancia na produ\u00e7\u00e3o de conte\u00fados voltados ao nicho de concursos p\u00fablicos, com foco em apura\u00e7\u00e3o jornal\u00edstica cont\u00ednua, an\u00e1lise de editais e obten\u00e7\u00e3o de informa\u00e7\u00f5es diretamente junto a \u00f3rg\u00e3os e fontes oficiais. No Blog do Estrat\u00e9gia Concursos, atua como Analista de Conte\u00fado S\u00eanior, respons\u00e1vel pelo jornalismo do per\u00edodo noturno e da madrugada, com atua\u00e7\u00e3o transversal na cobertura de concursos p\u00fablicos, garantindo a continuidade, fluidez e confiabilidade das publica\u00e7\u00f5es e dos bastidores dos certames.\",\"url\":\"https:\/\/www.estrategiaconcursos.com.br\/blog\/author\/rafaela-teixeira\/\"}]}<\/script>\n<!-- \/ Yoast SEO Premium plugin. -->","yoast_head_json":{"title":"Concurso Bombeiro MS 2018: n\u00famero de vagas \u00e9 ampliado!","description":"Concurso Bombeiros MS: n\u00famero de vagas \u00e9 ampliado ao cargo de Oficial. Sele\u00e7\u00e3o aconteceu em 2018. Confira aqui os detalhes completos!","robots":{"index":"index","follow":"follow","max-snippet":"max-snippet:-1","max-image-preview":"max-image-preview:large","max-video-preview":"max-video-preview:-1"},"canonical":"https:\/\/www.estrategiaconcursos.com.br\/blog\/concurso-bombeiro-ms-2018-vagas\/","og_locale":"pt_BR","og_type":"article","og_title":"Concurso Bombeiro MS 2018: n\u00famero de vagas \u00e9 ampliado!","og_description":"Concurso Bombeiros MS: n\u00famero de vagas \u00e9 ampliado ao cargo de Oficial. Sele\u00e7\u00e3o aconteceu em 2018. Confira aqui os detalhes completos!","og_url":"https:\/\/www.estrategiaconcursos.com.br\/blog\/concurso-bombeiro-ms-2018-vagas\/","og_site_name":"Estrat\u00e9gia Concursos","article_published_time":"2022-02-17T15:07:07+00:00","article_modified_time":"2022-02-17T15:10:45+00:00","og_image":[{"width":400,"height":209,"url":"https:\/\/dhg1h5j42swfq.cloudfront.net\/2018\/02\/28103040\/BOMBEIROS-MS5-e1519824647480.jpg","type":"image\/jpeg"}],"author":"Rafaela Teixeira","twitter_card":"summary_large_image","twitter_creator":"@EstratConcursos","twitter_site":"@EstratConcursos","twitter_misc":{"Escrito por":"Rafaela Teixeira","Est. tempo de leitura":"2 minutos"},"schema":{"@context":"https:\/\/schema.org","@graph":[{"@type":"NewsArticle","@id":"https:\/\/www.estrategiaconcursos.com.br\/blog\/concurso-bombeiro-ms-2018-vagas\/#article","isPartOf":{"@id":"https:\/\/www.estrategiaconcursos.com.br\/blog\/concurso-bombeiro-ms-2018-vagas\/"},"author":{"name":"Rafaela Teixeira","@id":"https:\/\/www.estrategiaconcursos.com.br\/blog\/#\/schema\/person\/e75352021ea7f60781c599934f916eb1"},"headline":"Concurso Bombeiro MS 2018: n\u00famero de vagas \u00e9 ampliado!","datePublished":"2022-02-17T15:07:07+00:00","dateModified":"2022-02-17T15:10:45+00:00","mainEntityOfPage":{"@id":"https:\/\/www.estrategiaconcursos.com.br\/blog\/concurso-bombeiro-ms-2018-vagas\/"},"wordCount":281,"commentCount":0,"publisher":{"@id":"https:\/\/www.estrategiaconcursos.com.br\/blog\/#organization"},"image":{"@id":"https:\/\/www.estrategiaconcursos.com.br\/blog\/concurso-bombeiro-ms-2018-vagas\/#primaryimage"},"thumbnailUrl":"https:\/\/dhg1h5j42swfq.cloudfront.net\/2018\/02\/28103040\/BOMBEIROS-MS5-e1519824647480.jpg","articleSection":["Policial (PM\/BM - Oficial)","Policial (PM\/BM - Pra\u00e7as)","\u00daltimas not\u00edcias"],"inLanguage":"pt-BR","potentialAction":[{"@type":"CommentAction","name":"Comment","target":["https:\/\/www.estrategiaconcursos.com.br\/blog\/concurso-bombeiro-ms-2018-vagas\/#respond"]}],"copyrightYear":"2022","copyrightHolder":{"@id":"https:\/\/www.estrategiaconcursos.com.br\/blog\/#organization"}},{"@type":"WebPage","@id":"https:\/\/www.estrategiaconcursos.com.br\/blog\/concurso-bombeiro-ms-2018-vagas\/","url":"https:\/\/www.estrategiaconcursos.com.br\/blog\/concurso-bombeiro-ms-2018-vagas\/","name":"Concurso Bombeiro MS 2018: n\u00famero de vagas \u00e9 ampliado!","isPartOf":{"@id":"https:\/\/www.estrategiaconcursos.com.br\/blog\/#website"},"primaryImageOfPage":{"@id":"https:\/\/www.estrategiaconcursos.com.br\/blog\/concurso-bombeiro-ms-2018-vagas\/#primaryimage"},"image":{"@id":"https:\/\/www.estrategiaconcursos.com.br\/blog\/concurso-bombeiro-ms-2018-vagas\/#primaryimage"},"thumbnailUrl":"https:\/\/dhg1h5j42swfq.cloudfront.net\/2018\/02\/28103040\/BOMBEIROS-MS5-e1519824647480.jpg","datePublished":"2022-02-17T15:07:07+00:00","dateModified":"2022-02-17T15:10:45+00:00","description":"Concurso Bombeiros MS: n\u00famero de vagas \u00e9 ampliado ao cargo de Oficial. Sele\u00e7\u00e3o aconteceu em 2018. Confira aqui os detalhes completos!","breadcrumb":{"@id":"https:\/\/www.estrategiaconcursos.com.br\/blog\/concurso-bombeiro-ms-2018-vagas\/#breadcrumb"},"inLanguage":"pt-BR","potentialAction":[{"@type":"ReadAction","target":["https:\/\/www.estrategiaconcursos.com.br\/blog\/concurso-bombeiro-ms-2018-vagas\/"]}]},{"@type":"ImageObject","inLanguage":"pt-BR","@id":"https:\/\/www.estrategiaconcursos.com.br\/blog\/concurso-bombeiro-ms-2018-vagas\/#primaryimage","url":"https:\/\/dhg1h5j42swfq.cloudfront.net\/2018\/02\/28103040\/BOMBEIROS-MS5-e1519824647480.jpg","contentUrl":"https:\/\/dhg1h5j42swfq.cloudfront.net\/2018\/02\/28103040\/BOMBEIROS-MS5-e1519824647480.jpg","width":400,"height":209,"caption":"concurso bombeiros ms"},{"@type":"BreadcrumbList","@id":"https:\/\/www.estrategiaconcursos.com.br\/blog\/concurso-bombeiro-ms-2018-vagas\/#breadcrumb","itemListElement":[{"@type":"ListItem","position":1,"name":"In\u00edcio","item":"https:\/\/www.estrategiaconcursos.com.br\/blog\/"},{"@type":"ListItem","position":2,"name":"Concurso Bombeiro MS 2018: n\u00famero de vagas \u00e9 ampliado!"}]},{"@type":"WebSite","@id":"https:\/\/www.estrategiaconcursos.com.br\/blog\/#website","url":"https:\/\/www.estrategiaconcursos.com.br\/blog\/","name":"Estrat\u00e9gia Concursos","description":"O blog da Estrat\u00e9gia Concursos traz not\u00edcias sobre concursos e artigos de professores oferecendo cursos para concursos (pdf + videaulas) no site.","publisher":{"@id":"https:\/\/www.estrategiaconcursos.com.br\/blog\/#organization"},"potentialAction":[{"@type":"SearchAction","target":{"@type":"EntryPoint","urlTemplate":"https:\/\/www.estrategiaconcursos.com.br\/blog\/?s={search_term_string}"},"query-input":{"@type":"PropertyValueSpecification","valueRequired":true,"valueName":"search_term_string"}}],"inLanguage":"pt-BR"},{"@type":"Organization","@id":"https:\/\/www.estrategiaconcursos.com.br\/blog\/#organization","name":"Estrat\u00e9gia Concursos","url":"https:\/\/www.estrategiaconcursos.com.br\/blog\/","logo":{"@type":"ImageObject","inLanguage":"pt-BR","@id":"https:\/\/www.estrategiaconcursos.com.br\/blog\/#\/schema\/logo\/image\/","url":"https:\/\/dhg1h5j42swfq.cloudfront.net\/2025\/06\/03203428\/logo_concursos-1.jpg","contentUrl":"https:\/\/dhg1h5j42swfq.cloudfront.net\/2025\/06\/03203428\/logo_concursos-1.jpg","width":230,"height":60,"caption":"Estrat\u00e9gia Concursos"},"image":{"@id":"https:\/\/www.estrategiaconcursos.com.br\/blog\/#\/schema\/logo\/image\/"},"sameAs":["https:\/\/x.com\/EstratConcursos"]},{"@type":"Person","@id":"https:\/\/www.estrategiaconcursos.com.br\/blog\/#\/schema\/person\/e75352021ea7f60781c599934f916eb1","name":"Rafaela Teixeira","image":{"@type":"ImageObject","inLanguage":"pt-BR","@id":"https:\/\/secure.gravatar.com\/avatar\/8a349a2b22039b1ee88fc06461487c950fd6aa411ea8af8633314b43334ae793?s=96&d=mm&r=g","url":"https:\/\/secure.gravatar.com\/avatar\/8a349a2b22039b1ee88fc06461487c950fd6aa411ea8af8633314b43334ae793?s=96&d=mm&r=g","contentUrl":"https:\/\/secure.gravatar.com\/avatar\/8a349a2b22039b1ee88fc06461487c950fd6aa411ea8af8633314b43334ae793?s=96&d=mm&r=g","caption":"Rafaela Teixeira"},"description":"Rafaela Teixeira \u00e9 advogada conveniada \u00e0 Defensoria P\u00fablica de S\u00e3o Paulo pela OAB, com experi\u00eancia em reda\u00e7\u00e3o jur\u00eddica e atua\u00e7\u00e3o em institui\u00e7\u00f5es p\u00fablicas, incluindo est\u00e1gio no TRE-SP. Possui mais de 7 anos de experi\u00eancia na produ\u00e7\u00e3o de conte\u00fados voltados ao nicho de concursos p\u00fablicos, com foco em apura\u00e7\u00e3o jornal\u00edstica cont\u00ednua, an\u00e1lise de editais e obten\u00e7\u00e3o de informa\u00e7\u00f5es diretamente junto a \u00f3rg\u00e3os e fontes oficiais. No Blog do Estrat\u00e9gia Concursos, atua como Analista de Conte\u00fado S\u00eanior, respons\u00e1vel pelo jornalismo do per\u00edodo noturno e da madrugada, com atua\u00e7\u00e3o transversal na cobertura de concursos p\u00fablicos, garantindo a continuidade, fluidez e confiabilidade das publica\u00e7\u00f5es e dos bastidores dos certames.","url":"https:\/\/www.estrategiaconcursos.com.br\/blog\/author\/rafaela-teixeira\/"}]}},"_links":{"self":[{"href":"https:\/\/www.estrategiaconcursos.com.br\/blog\/wp-json\/wp\/v2\/posts\/971345","targetHints":{"allow":["GET"]}}],"collection":[{"href":"https:\/\/www.estrategiaconcursos.com.br\/blog\/wp-json\/wp\/v2\/posts"}],"about":[{"href":"https:\/\/www.estrategiaconcursos.com.br\/blog\/wp-json\/wp\/v2\/types\/post"}],"author":[{"embeddable":true,"href":"https:\/\/www.estrategiaconcursos.com.br\/blog\/wp-json\/wp\/v2\/users\/2134"}],"replies":[{"embeddable":true,"href":"https:\/\/www.estrategiaconcursos.com.br\/blog\/wp-json\/wp\/v2\/comments?post=971345"}],"version-history":[{"count":5,"href":"https:\/\/www.estrategiaconcursos.com.br\/blog\/wp-json\/wp\/v2\/posts\/971345\/revisions"}],"predecessor-version":[{"id":971455,"href":"https:\/\/www.estrategiaconcursos.com.br\/blog\/wp-json\/wp\/v2\/posts\/971345\/revisions\/971455"}],"wp:featuredmedia":[{"embeddable":true,"href":"https:\/\/www.estrategiaconcursos.com.br\/blog\/wp-json\/wp\/v2\/media\/108279"}],"wp:attachment":[{"href":"https:\/\/www.estrategiaconcursos.com.br\/blog\/wp-json\/wp\/v2\/media?parent=971345"}],"wp:term":[{"taxonomy":"category","embeddable":true,"href":"https:\/\/www.estrategiaconcursos.com.br\/blog\/wp-json\/wp\/v2\/categories?post=971345"},{"taxonomy":"post_tag","embeddable":true,"href":"https:\/\/www.estrategiaconcursos.com.br\/blog\/wp-json\/wp\/v2\/tags?post=971345"},{"taxonomy":"tax_estado","embeddable":true,"href":"https:\/\/www.estrategiaconcursos.com.br\/blog\/wp-json\/wp\/v2\/tax_estado?post=971345"}],"curies":[{"name":"wp","href":"https:\/\/api.w.org\/{rel}","templated":true}]}}