{"id":970958,"date":"2022-03-07T08:49:00","date_gmt":"2022-03-07T11:49:00","guid":{"rendered":"https:\/\/www.estrategiaconcursos.com.br\/blog\/?p=970958"},"modified":"2022-03-07T14:41:09","modified_gmt":"2022-03-07T17:41:09","slug":"resumo-pat-sefaz-pa-p2","status":"publish","type":"post","link":"https:\/\/www.estrategiaconcursos.com.br\/blog\/resumo-pat-sefaz-pa-p2\/","title":{"rendered":"Resumo PAT SEFAZ-PA &#8211; Lei 6.182\/98 \u2013 Parte II"},"content":{"rendered":"\n<p>Ol\u00e1, Pessoal! Vamos continuar nosso <mark style=\"background-color:rgba(0, 0, 0, 0)\" class=\"has-inline-color has-black-color\">resumo<\/mark> da <a href=\"http:\/\/www.sefa.pa.gov.br\/legislacao\/interna\/lei\/lp1998_06182.pdf\" target=\"_blank\" rel=\"noreferrer noopener\">Lei Estadual 6.182\/98<\/a>, que regula o Processo Administrativo Tribut\u00e1rio, PAT, para o cargo de <strong>Auditor Fiscal e Fiscal de Receitas da SEFAZ-PA.<\/strong><\/p>\n\n\n\n<div class=\"wp-block-image\"><figure class=\"aligncenter size-large is-resized\"><img loading=\"lazy\" decoding=\"async\" src=\"https:\/\/dhg1h5j42swfq.cloudfront.net\/2020\/06\/20105739\/sefaz-pa-1-1024x536.jpg\" alt=\"Resumo PAT SEFAZ-PA\" class=\"wp-image-529501\" width=\"512\" height=\"268\" srcset=\"https:\/\/dhg1h5j42swfq.cloudfront.net\/2020\/06\/20105739\/sefaz-pa-1-1024x536.jpg 1024w, https:\/\/dhg1h5j42swfq.cloudfront.net\/2020\/06\/20105739\/sefaz-pa-1-300x157.jpg 300w, https:\/\/dhg1h5j42swfq.cloudfront.net\/2020\/06\/20105739\/sefaz-pa-1-768x402.jpg 768w, https:\/\/dhg1h5j42swfq.cloudfront.net\/2020\/06\/20105739\/sefaz-pa-1-610x319.jpg 610w, https:\/\/dhg1h5j42swfq.cloudfront.net\/2020\/06\/20105739\/sefaz-pa-1.jpg 1200w\" sizes=\"auto, (max-width: 512px) 100vw, 512px\" \/><figcaption>Resumo PAT SEFAZ-PA<\/figcaption><\/figure><\/div>\n\n\n\n<p>Relembrando a organiza\u00e7\u00e3o do nosso resumo do PAT para SEFAZ-PA, ela ser\u00e1 feita em duas partes, organizadas como segue:<\/p>\n\n\n\n<ul class=\"wp-block-list\"><li><strong><mark style=\"background-color:rgba(0, 0, 0, 0)\" class=\"has-inline-color has-vivid-cyan-blue-color\">Parte I<\/mark><\/strong><ul><li>Penalidades<\/li><li><span style=\"color: initial; font-family: -apple-system, BlinkMacSystemFont, &quot;Segoe UI&quot;, Roboto, Oxygen-Sans, Ubuntu, Cantarell, &quot;Helvetica Neue&quot;, sans-serif;\">Acr\u00e9scimos Morat\u00f3rios<\/span> e Den\u00fancia Espont\u00e2nea<\/li><li>Medidas Acauteladoras<\/li><li>Apreens\u00f5es<\/li><\/ul><ul><li>Nulidades<\/li><li>Intima\u00e7\u00f5es<\/li><\/ul><\/li><li><strong><mark style=\"background-color:rgba(0, 0, 0, 0)\" class=\"has-inline-color has-vivid-cyan-blue-color\">Parte II<\/mark><\/strong><ul><li>Julgamento em Primeira Inst\u00e2ncia<\/li><li>Recursos em Primeira Inst\u00e2ncia<\/li><li>Julgamento em Segunda Inst\u00e2ncia<\/li><li>Recursos em Segunda Inst\u00e2ncia<\/li><\/ul><ul><li>Consulta<\/li><li>Organiza\u00e7\u00e3o do TARF<\/li><li>Organiza\u00e7\u00e3o da Julgadoria de Primeira Inst\u00e2ncia<\/li><\/ul><\/li><\/ul>\n\n\n\n<p>Sem mais delongas, vamos ao que interessa!<\/p>\n\n\n\n<h2 class=\"wp-block-heading\" id=\"h-julgamento-em-primeira-instancia-no-processo-administrativo-tributario-do-estado-do-para\">Julgamento em Primeira Inst\u00e2ncia no Processo Administrativo Tribut\u00e1rio do Estado do Par\u00e1<\/h2>\n\n\n\n<p>Antes de tudo, saiba que a <strong>compet\u00eancia para o julgamento em primeira inst\u00e2ncia \u00e9, originalmente, do <mark style=\"background-color:rgba(0, 0, 0, 0)\" class=\"has-inline-color has-vivid-cyan-blue-color\">Diretor da Julgadoria de 1\u00aa inst\u00e2ncia<\/mark><\/strong> e que ser\u00e3o escolhidos Auditores Fiscais de Receitas Estaduais em efetivo exerc\u00edcio para integrar a Julgadoria. Tamb\u00e9m saiba que <strong><mark style=\"background-color:rgba(0, 0, 0, 0)\" class=\"has-inline-color has-vivid-red-color\">o prazo para julgamento \u00e9 de 30 dias<\/mark><\/strong>, cabendo prorroga\u00e7\u00e3o em igual per\u00edodo pelo SEFAZ, sob pena de<mark style=\"background-color:rgba(0, 0, 0, 0)\" class=\"has-inline-color has-vivid-cyan-blue-color\"><strong> responsabilidade funcional<\/strong> <\/mark>do julgador.<\/p>\n\n\n\n<p>Prosseguindo, saiba os casos em que a <strong><mark style=\"background-color:rgba(0, 0, 0, 0)\" class=\"has-inline-color has-vivid-cyan-blue-color\">lei determina o indeferimento da impugna\u00e7\u00e3o<\/mark><\/strong>, s\u00e3o 5 casos em que, <strong>ou a impugna\u00e7\u00e3o perde o objeto, ou n\u00e3o possui um dos seus elementos essenciais<\/strong>:<\/p>\n\n\n\n<ol class=\"wp-block-list\"><li><strong>Parte<\/strong> manifestamente <strong>ileg\u00edtima<\/strong> ou n\u00e3o provar sua capacidade<\/li><li>Pedido <strong>intempestivo<\/strong><\/li><li>Pedido <strong>protelat\u00f3rio<\/strong><\/li><li>Sujeito Passivo requereu <strong>parcelamento<\/strong>, desistiu da impugna\u00e7\u00e3o ou <strong><mark style=\"background-color:rgba(0, 0, 0, 0)\" class=\"has-inline-color has-vivid-red-color\">prop\u00f4s a\u00e7\u00e3o judicial<\/mark><\/strong> com o mesmo objeto.<\/li><li>Pedido questiona <strong><mark style=\"background-color:rgba(0, 0, 0, 0)\" class=\"has-inline-color has-vivid-cyan-blue-color\">constitucionalidade ou legalidade<\/mark><\/strong> da legisla\u00e7\u00e3o tribut\u00e1ria, <strong><mark style=\"background-color:rgba(0, 0, 0, 0)\" class=\"has-inline-color has-vivid-red-color\">exceto<\/mark><\/strong>:<ul><li><mark style=\"background-color:rgba(0, 0, 0, 0)\" class=\"has-inline-color has-vivid-purple-color\">Plen\u00e1rio do STF: s\u00famula, controle concentrado, RE com repercuss\u00e3o geral<\/mark><\/li><li><mark style=\"background-color:rgba(0, 0, 0, 0)\" class=\"has-inline-color has-vivid-purple-color\">Se\u00e7\u00e3o ou Corte Especial do STJ: RE e REsp repetitivos<\/mark><\/li><li><mark style=\"background-color:rgba(0, 0, 0, 0)\" class=\"has-inline-color has-vivid-purple-color\">TJPA: incidente de resolu\u00e7\u00e3o de demanda repetitiva e s\u00famulas sobre direito local<\/mark><\/li><\/ul><\/li><\/ol>\n\n\n\n<h2 class=\"wp-block-heading\" id=\"h-recursos-em-primeira-instancia-no-processo-administrativo-tributario-do-estado-do-para\">Recursos em Primeira Inst\u00e2ncia no Processo Administrativo Tribut\u00e1rio do Estado do Par\u00e1<\/h2>\n\n\n\n<p><strong><mark style=\"background-color:rgba(0, 0, 0, 0)\" class=\"has-inline-color has-vivid-red-color\">Vale salientar que os recursos s\u00e3o sempre o assunto mais explorado quando o assunto \u00e9 PAT<\/mark><\/strong>. Assim, n\u00e3o arrisque chegar na prova sem ter suas hip\u00f3teses de cabimento na ponta da l\u00edngua! Para facilitar, vamos listar os recursos de primeira inst\u00e2ncia, eles s\u00e3o apenas 2 e s\u00e3o feitos \u00e0s C\u00e2maras do TARF:<\/p>\n\n\n\n<ul class=\"wp-block-list\"><li><strong>Recurso de Of\u00edcio<\/strong><ul><li>Decis\u00e3o contr\u00e1ria \u00e0 Fazenda P\u00fablica, <strong><mark style=\"background-color:rgba(0, 0, 0, 0)\" class=\"has-inline-color has-vivid-red-color\">exceto<\/mark><\/strong>:<ol><li>Import\u00e2ncia menor que <strong><mark style=\"background-color:rgba(0, 0, 0, 0)\" class=\"has-inline-color has-vivid-red-color\">8.801 UPF-PA<\/mark><\/strong><\/li><li><strong><mark style=\"background-color:rgba(0, 0, 0, 0)\" class=\"has-inline-color has-vivid-red-color\">Erro de fato<\/mark><\/strong><\/li><li><mark style=\"background-color:rgba(0, 0, 0, 0)\" class=\"has-inline-color has-black-color\">Exclusivamente<\/mark><strong><mark style=\"background-color:rgba(0, 0, 0, 0)\" class=\"has-inline-color has-vivid-red-color\"> Obriga\u00e7\u00e3o Acess\u00f3ria<\/mark><\/strong><\/li><li>Decis\u00e3o que decretar <strong><mark style=\"background-color:rgba(0, 0, 0, 0)\" class=\"has-inline-color has-vivid-red-color\">nulidade do procedimento fiscal<\/mark><\/strong><\/li><\/ol><\/li><\/ul><\/li><li><strong>Recurso Volunt\u00e1rio<\/strong><ul><li>Decis\u00e3o contr\u00e1ria ao Sujeito Passivo<\/li><\/ul><\/li><\/ul>\n\n\n\n<p>Com rela\u00e7\u00e3o ao <strong><mark style=\"background-color:rgba(0, 0, 0, 0)\" class=\"has-inline-color has-vivid-cyan-blue-color\">Recurso de Of\u00edcio<\/mark><\/strong>, saiba que a autoridade deve faz\u00ea-lo <strong><mark style=\"background-color:rgba(0, 0, 0, 0)\" class=\"has-inline-color has-vivid-cyan-blue-color\">na pr\u00f3pria decis\u00e3o<\/mark><\/strong> e, caso o recurso verse sobre toda a decis\u00e3o, n\u00e3o ser\u00e1 necess\u00e1rio intimar o Sujeito Passivo e o expediente dever\u00e1 ser enviado ao TARF em 2 dias.<\/p>\n\n\n\n<p>Al\u00e9m disso, com rela\u00e7\u00e3o ao Recurso Volunt\u00e1rio, o <strong><mark style=\"background-color:rgba(0, 0, 0, 0)\" class=\"has-inline-color has-vivid-red-color\">Sujeito Passivo deve interpor o recurso em 30 dias<\/mark><\/strong> contados da intima\u00e7\u00e3o da decis\u00e3o de primeira inst\u00e2ncia para o pr\u00f3prio \u00f3rg\u00e3o que o intimou. Agora, <strong><mark style=\"background-color:rgba(0, 0, 0, 0)\" class=\"has-inline-color has-vivid-red-color\">preste aten\u00e7\u00e3o: O Recurso Volunt\u00e1rio pode ser intempestivo!<\/mark><\/strong> Nesse caso ele apenas <strong><mark style=\"background-color:rgba(0, 0, 0, 0)\" class=\"has-inline-color has-vivid-red-color\">n\u00e3o ter\u00e1 efeito suspensivo<\/mark><\/strong>. Al\u00e9m disso, admitem-se apenas provas documentais nesse recurso, n\u00e3o podendo o sujeito passivo requisitar novas per\u00edcias, por exemplo.<\/p>\n\n\n\n<h2 class=\"wp-block-heading\" id=\"julgamento-em-segunda-instancia-no-processo-administrativo-tributario-do-estado-do-para\">Julgamento em Segunda Inst\u00e2ncia no Processo Administrativo Tribut\u00e1rio do Estado do Par\u00e1<\/h2>\n\n\n\n<p>Continuando nosso resumo do PAT para a SEFAZ-PA, tenha em mente que, ao receber um expediente, o <strong>Procurador do Estado ter\u00e1 30 dias para se manifestar<\/strong>. Ap\u00f3s a manifesta\u00e7\u00e3o do Procurador, o expediente ser\u00e1 enviado a um <strong><mark style=\"background-color:rgba(0, 0, 0, 0)\" class=\"has-inline-color has-vivid-red-color\">Relator que dever\u00e1 relatar e devolver o expediente em 30 dias<\/mark><\/strong>. <\/p>\n\n\n\n<p>Al\u00e9m disso, tanto o Procurador quanto o Relator poder\u00e3o requerer dilig\u00eancias que ser\u00e3o apreciadas pelo Presidente do TARF ou da C\u00e2mara, sendo que, <strong>caso seja o Procurador, ao ser cumprida a dilig\u00eancia, o prazo ser\u00e1 interrompido, recome\u00e7ando do zero, enquanto que para o Relator o prazo ser\u00e1 apenas suspenso.<\/strong><\/p>\n\n\n\n<p>Por fim, saiba tamb\u00e9m que, <strong><mark style=\"background-color:rgba(0, 0, 0, 0)\" class=\"has-inline-color has-vivid-cyan-blue-color\">em se tratando dos casos de jurisprud\u00eancia <\/mark><mark style=\"background-color:rgba(0, 0, 0, 0)\" class=\"has-inline-color has-vivid-purple-color\">listados no item 5 da primeira parte do resumo<\/mark><mark style=\"background-color:rgba(0, 0, 0, 0)\" class=\"has-inline-color has-vivid-cyan-blue-color\">, os conselheiros dever\u00e3o observar tais precedentes<\/mark><mark style=\"background-color:rgba(0, 0, 0, 0)\" class=\"has-inline-color has-black-color\">. Al\u00e9m disso, caso o STF suspenda liminarmente a efic\u00e1cia de legisla\u00e7\u00e3o que afete o julgamento, <\/mark>o presidente poder\u00e1 suspender tamb\u00e9m o julgamento at\u00e9 que o STF tenha uma decis\u00e3o definitiva<mark style=\"background-color:rgba(0, 0, 0, 0)\" class=\"has-inline-color has-black-color\">.<\/mark><\/strong><\/p>\n\n\n\n<h2 class=\"wp-block-heading\" id=\"h-recursos-em-segunda-instancia-no-processo-administrativo-tributario-do-estado-do-para\">Recursos em Segunda Inst\u00e2ncia no Processo Administrativo Tribut\u00e1rio do Estado do Par\u00e1<\/h2>\n\n\n\n<p>Mais uma vez, <strong><mark style=\"background-color:rgba(0, 0, 0, 0)\" class=\"has-inline-color has-vivid-red-color\">aten\u00e7\u00e3o redobrada nesse ponto! <\/mark><\/strong>Vejamos o resumo dos recursos em segunda inst\u00e2ncia no PAT para a SEFAZ-PA, feitos ao Pleno do TARF:<\/p>\n\n\n\n<ul class=\"wp-block-list\"><li><strong>Recurso de Reconsidera\u00e7\u00e3o<\/strong><ul><li>Sobre decis\u00e3o de C\u00e2mara do TARF que der <strong>provimento a Recurso de Of\u00edcio<\/strong><\/li><\/ul><\/li><li><strong>Recurso de Revis\u00e3o<\/strong><ul><li>Sobre decis\u00e3o de C\u00e2mara do TARF que der \u00e0 legisla\u00e7\u00e3o <strong>interpreta\u00e7\u00e3o divergente<\/strong><\/li><\/ul><\/li><\/ul>\n\n\n\n<p>Primeiramente lembre-se que o <strong><mark style=\"background-color:rgba(0, 0, 0, 0)\" class=\"has-inline-color has-vivid-red-color\">prazo para interpor o recurso \u00e9 de 30 dias <\/mark><\/strong>contados da intima\u00e7\u00e3o. Em seguida, atente-se ao fato de que o recurso de segunda inst\u00e2ncia n\u00e3o pode ser distribu\u00eddo ao mesmo conselheiro que redigiu o ac\u00f3rd\u00e3o na primeira inst\u00e2ncia. Por fim, \u00e9 importante saber que o <strong><mark style=\"background-color:rgba(0, 0, 0, 0)\" class=\"has-inline-color has-vivid-cyan-blue-color\">Recurso de Revis\u00e3o<\/mark><\/strong> deve ser instru\u00eddo com a prova da interpreta\u00e7\u00e3o divergente e pode ser <strong><mark style=\"background-color:rgba(0, 0, 0, 0)\" class=\"has-inline-color has-vivid-cyan-blue-color\">interposto tanto pelo Sujeito Passivo quanto pelo Procurador do Estado.<\/mark><\/strong><\/p>\n\n\n\n<h2 class=\"wp-block-heading\" id=\"h-resolucao-interpretativa\">Resolu\u00e7\u00e3o Interpretativa<\/h2>\n\n\n\n<p>Continuando nosso resumo do PAT para a SEFAZ-PA, vamos falar da Resolu\u00e7\u00e3o Interpretativa, que visa <strong>uniformizar a interpreta\u00e7\u00e3o e aplica\u00e7\u00e3o da legisla\u00e7\u00e3o tribut\u00e1ria<\/strong>. Aqui, retenha apenas que a Resolu\u00e7\u00e3o \u00e9 <strong><mark style=\"background-color:rgba(0, 0, 0, 0)\" class=\"has-inline-color has-vivid-cyan-blue-color\">proposta ao Pleno do TARF por qualquer de seus membros ou ainda por julgador de primeira inst\u00e2ncia. <\/mark><\/strong>Mais importante que isso, retenha a informa\u00e7\u00e3o contida no par\u00e1grafo primeiro do artigo 48:<\/p>\n\n\n\n<blockquote class=\"wp-block-quote is-layout-flow wp-block-quote-is-layout-flow\"><p><strong>Art. 48. <\/strong>A interpreta\u00e7\u00e3o e a aplica\u00e7\u00e3o da legisla\u00e7\u00e3o tribut\u00e1ria poder\u00e3o ser determinadas pelo Tribunal Administrativo de Recursos Fazend\u00e1rios sob a forma de resolu\u00e7\u00e3o interpretativa.<br \/><strong><mark style=\"background-color:rgba(0, 0, 0, 0)\" class=\"has-inline-color has-vivid-red-color\">\u00a71 \u00c9 defeso ao Tribunal Administrativo de Recursos Fazend\u00e1rios expedir resolu\u00e7\u00e3o interpretativa que contrarie solu\u00e7\u00e3o de consulta, salvo se reformada.<\/mark><\/strong><br \/>\u00a74 O processamento da resolu\u00e7\u00e3o interpretativa obedecer\u00e1 ao disposto nos arts. 36 a 45 e sua aprova\u00e7\u00e3o dar-se-\u00e1 pelo voto da <strong>maioria absoluta do Pleno<\/strong>.<br \/>\u00a77 A <strong>requerimento do respectivo Relator ou Julgador<\/strong>, poder\u00e1 ser <strong>suspenso o julgamento<\/strong> de expediente cuja mat\u00e9ria tenha sido <strong>objeto de proposta de resolu\u00e7\u00e3o interpretativa<\/strong> em tramita\u00e7\u00e3o.<\/p><\/blockquote>\n\n\n\n<h2 class=\"wp-block-heading\" id=\"consulta-no-processo-administrativo-tributario-do-estado-do-para\">Consulta no Processo Administrativo Tribut\u00e1rio do Estado do Par\u00e1<\/h2>\n\n\n\n<p>Sobre a Consulta, saiba que ela pode ser <strong>feita tanto pelo Sujeito Passivo que tiver leg\u00edtimo interesse quanto por \u00f3rg\u00e3os da administra\u00e7\u00e3o p\u00fablica e entidades representativas de categorias econ\u00f4micas ou profissionais<\/strong>. <strong><mark style=\"background-color:rgba(0, 0, 0, 0)\" class=\"has-inline-color has-vivid-cyan-blue-color\">Os efeitos ser\u00e3o somente entre as partes<\/mark><\/strong>, e, no caso das associa\u00e7\u00f5es, entre seus associados ou filiados.<\/p>\n\n\n\n<p>A compet\u00eancia para a resolu\u00e7\u00e3o da consulta \u00e9 do \u00f3rg\u00e3o de tributa\u00e7\u00e3o, que emitir\u00e1 parecer t\u00e9cnico em <strong><mark style=\"background-color:rgba(0, 0, 0, 0)\" class=\"has-inline-color has-vivid-red-color\">45 dias<\/mark><\/strong> do recebimento do expediente. <strong><mark style=\"background-color:rgba(0, 0, 0, 0)\" class=\"has-inline-color has-vivid-red-color\">Da decis\u00e3o do \u00f3rg\u00e3o cabe recurso ao SEFAZ<\/mark><\/strong>.<\/p>\n\n\n\n<p>O artigo 57 descreve os <mark style=\"background-color:rgba(0, 0, 0, 0)\" class=\"has-inline-color has-vivid-cyan-blue-color\">efeitos da consulta <\/mark>e \u00e9 importante que voc\u00ea tenha a reda\u00e7\u00e3o dele em mente:<\/p>\n\n\n\n<blockquote class=\"wp-block-quote is-layout-flow wp-block-quote-is-layout-flow\"><p><strong>Art. 57. <\/strong>A consulta produz os seguintes efeitos, exclusivamente em rela\u00e7\u00e3o \u00e0 mat\u00e9ria consultada:<br \/>I &#8211; <strong><mark style=\"background-color:rgba(0, 0, 0, 0)\" class=\"has-inline-color has-vivid-cyan-blue-color\">suspende o curso do prazo de recolhimento<\/mark><\/strong> dos tributos <strong>n\u00e3o-vencidos<\/strong> \u00e0 data em que for formulada;<br \/>II &#8211; adquire o car\u00e1ter de <strong><mark style=\"background-color:rgba(0, 0, 0, 0)\" class=\"has-inline-color has-vivid-cyan-blue-color\">den\u00fancia espont\u00e2nea em rela\u00e7\u00e3o a d\u00e9bito vencido<\/mark><\/strong> at\u00e9 a data da ci\u00eancia de sua solu\u00e7\u00e3o pelo sujeito passivo, <strong><mark style=\"background-color:rgba(0, 0, 0, 0)\" class=\"has-inline-color has-vivid-red-color\">desde que<\/mark><\/strong>, no prazo de <strong><mark style=\"background-color:rgba(0, 0, 0, 0)\" class=\"has-inline-color has-vivid-red-color\">trinta dias<\/mark><\/strong> da data da intima\u00e7\u00e3o da solu\u00e7\u00e3o, o sujeito passivo <strong>adote as demais provid\u00eancias<\/strong> previstas no art. 7o; <br \/>III &#8211; <strong><mark style=\"background-color:rgba(0, 0, 0, 0)\" class=\"has-inline-color has-vivid-cyan-blue-color\">exclui a punibilidade do consulente, no que se refere a infra\u00e7\u00f5es meramente formais; <\/mark><\/strong><br \/>IV &#8211; <strong><mark style=\"background-color:rgba(0, 0, 0, 0)\" class=\"has-inline-color has-vivid-cyan-blue-color\">impede a\u00e7\u00e3o fiscal<\/mark> <\/strong>a partir da apresenta\u00e7\u00e3o da consulta <strong><mark style=\"background-color:rgba(0, 0, 0, 0)\" class=\"has-inline-color has-vivid-red-color\">at\u00e9 trinta dias<\/mark><\/strong> da data da ci\u00eancia.<br \/>\u00a7 1o A suspens\u00e3o do prazo prevista no inciso I <strong><mark style=\"background-color:rgba(0, 0, 0, 0)\" class=\"has-inline-color has-vivid-red-color\">n\u00e3o se aplica ao recolhimento de tributo cobrado por substitui\u00e7\u00e3o tribut\u00e1ria ou declarado pelo sujeito passivo.<\/mark><\/strong><\/p><\/blockquote>\n\n\n\n<p>Ao que parece, o inciso III \u00e9 redundante considerando-se o inciso II. Sua reda\u00e7\u00e3o \u00e9 confusa, mas \u00e9 importante t\u00ea-lo decorado, pois <strong>o avaliador adora copiar trechos da legisla\u00e7\u00e3o!<\/strong><\/p>\n\n\n\n<h2 class=\"wp-block-heading\" id=\"h-organizacao-do-tarf\">Organiza\u00e7\u00e3o do TARF<\/h2>\n\n\n\n<p>Primeiramente, saiba que esse assunto \u00e9 de <strong>simples memoriza\u00e7\u00e3o<\/strong> e de import\u00e2ncia m\u00e9dia no nosso resumo de PAT para SEFAZ-PA, assim, pode ser um <strong>diferencial<\/strong> dos demais candidatos caso caia na prova. Vamos tentar esquematizar ao m\u00e1ximo para que voc\u00eas tenham um bom resumo de v\u00e9spera!<\/p>\n\n\n\n<figure class=\"wp-block-image size-large\"><img loading=\"lazy\" decoding=\"async\" width=\"1024\" height=\"632\" src=\"https:\/\/dhg1h5j42swfq.cloudfront.net\/2022\/02\/18142424\/tarf-pa-1024x632.jpeg\" alt=\"Estrutura e composi\u00e7\u00e3o do TARF-PA\" class=\"wp-image-972336\" srcset=\"https:\/\/dhg1h5j42swfq.cloudfront.net\/2022\/02\/18142424\/tarf-pa-1024x632.jpeg 1024w, https:\/\/dhg1h5j42swfq.cloudfront.net\/2022\/02\/18142424\/tarf-pa-300x185.jpeg 300w, https:\/\/dhg1h5j42swfq.cloudfront.net\/2022\/02\/18142424\/tarf-pa-768x474.jpeg 768w, https:\/\/dhg1h5j42swfq.cloudfront.net\/2022\/02\/18142424\/tarf-pa-1536x948.jpeg 1536w, https:\/\/dhg1h5j42swfq.cloudfront.net\/2022\/02\/18142424\/tarf-pa-2048x1264.jpeg 2048w, https:\/\/dhg1h5j42swfq.cloudfront.net\/2022\/02\/18142424\/tarf-pa-610x377.jpeg 610w\" sizes=\"auto, (max-width: 1024px) 100vw, 1024px\" \/><figcaption>Estrutura e composi\u00e7\u00e3o do TARF-PA<\/figcaption><\/figure>\n\n\n\n<p>Saiba tamb\u00e9m que, para a escolha dos <strong><mark style=\"background-color:rgba(0, 0, 0, 0)\" class=\"has-inline-color has-vivid-red-color\">Conselheiros Titulares<\/mark><\/strong> das C\u00e2maras de Julgamento, o SEFAZ ir\u00e1 indicar <strong><mark style=\"background-color:rgba(0, 0, 0, 0)\" class=\"has-inline-color has-vivid-cyan-blue-color\">preferencialmente<\/mark><\/strong> Auditores que<strong><mark style=\"background-color:rgba(0, 0, 0, 0)\" class=\"has-inline-color has-vivid-red-color\"> j\u00e1 tenham exercido a fun\u00e7\u00e3o de Conselheiro, Suplente ou Integrante da Julgadoria<\/mark><\/strong> de Primeira Inst\u00e2ncia.<\/p>\n\n\n\n<p>Ademais, em cada C\u00e2mara de Julgamento atuar\u00e3o 2 Procuradores do Estado.<\/p>\n\n\n\n<p>Grave as hip\u00f3teses de <strong><mark style=\"background-color:rgba(0, 0, 0, 0)\" class=\"has-inline-color has-vivid-cyan-blue-color\">perda de mandato<\/mark><\/strong> dos Conselheiros:<\/p>\n\n\n\n<blockquote class=\"wp-block-quote is-layout-flow wp-block-quote-is-layout-flow\"><p>Art. 75. \u00a72 Os Conselheiros perder\u00e3o o mandato se ocorrer uma das seguintes hip\u00f3teses:<br \/>I &#8211; faltar, sem justo motivo, a <strong><mark style=\"background-color:rgba(0, 0, 0, 0)\" class=\"has-inline-color has-vivid-red-color\">3 (tr\u00eas) sess\u00f5es consecutivas ou 10 (dez) alternadas<\/mark><\/strong>, durante o per\u00edodo de 1 (um) ano calend\u00e1rio;<br \/>II &#8211; <strong><mark style=\"background-color:rgba(0, 0, 0, 0)\" class=\"has-inline-color has-vivid-red-color\">solicitar prorroga\u00e7\u00f5es<\/mark><\/strong> de prazos para relatar expediente sob sua responsabilidade <strong><mark style=\"background-color:rgba(0, 0, 0, 0)\" class=\"has-inline-color has-vivid-red-color\">3 (tr\u00eas) vezes consecutivas <\/mark><\/strong>ou, em rela\u00e7\u00e3o a expedientes diversos, <strong><mark style=\"background-color:rgba(0, 0, 0, 0)\" class=\"has-inline-color has-vivid-red-color\">10 (dez) vezes alternadas<\/mark><\/strong>, durante o per\u00edodo de 1 (um) ano calend\u00e1rio;<br \/>III &#8211; <strong><mark style=\"background-color:rgba(0, 0, 0, 0)\" class=\"has-inline-color has-vivid-red-color\">deixar de relatar <\/mark><\/strong>expedientes sob sua responsabilidade, <strong>sem pedido de prorroga\u00e7\u00e3o ou justificativa<\/strong>, durante <strong><mark style=\"background-color:rgba(0, 0, 0, 0)\" class=\"has-inline-color has-vivid-red-color\">2 (duas) sess\u00f5es consecutivas<\/mark><\/strong> \u00e0 em que deveria ser relatado;<br \/>IV &#8211; praticar atos de <strong>improbidade<\/strong> administrativa ou que <strong>deliberadamente impe\u00e7am a tramita\u00e7\u00e3o<\/strong> normal dos expedientes.<\/p><\/blockquote>\n\n\n\n<p>Saiba tamb\u00e9m as principais <strong>compet\u00eancias<\/strong> do Presidente do TARF e dos Procuradores do Estado:<\/p>\n\n\n\n<ul class=\"wp-block-list\"><li><strong>Presidente<\/strong> do TARF<ul><li>Solicita ao SEFAZ realiza\u00e7\u00e3o de <strong>cursos e treinamentos<\/strong><\/li><li><strong>Designa<\/strong>, dentre os conselheiros nomeados, as <strong>quais ir\u00e3o para cada C\u00e2mara <\/strong>de Julgamento<\/li><li><strong>Preside<\/strong> as sess\u00f5es do pleno, dando <strong>voto de qualidade<\/strong><\/li><li>Decide sobre a <strong>admissibilidade de Recurso de Revis\u00e3o<\/strong>, podendo delegar ao vice<\/li><\/ul><\/li><li><strong>Procuradores<\/strong> do Estado<ul><li>Emitir <strong>parecer<\/strong>, com car\u00e1ter provis\u00f3rio, dos expedientes<\/li><li><strong>Interpor Recursos de Revis\u00e3o e contraminutar<\/strong> recursos contra a Fazenda<\/li><li><strong><mark style=\"background-color:rgba(0, 0, 0, 0)\" class=\"has-inline-color has-vivid-red-color\">N\u00e3o possuem direito a voto<\/mark><\/strong><\/li><\/ul><\/li><\/ul>\n\n\n\n<h2 class=\"wp-block-heading\" id=\"h-organizacao-da-julgadoria-de-primeira-instancia\">Organiza\u00e7\u00e3o da Julgadoria de Primeira Inst\u00e2ncia<\/h2>\n\n\n\n<p>Finalmente, para terminar nosso Resumo de PAT para SEFAZ-PA, o artigo 88 traz algumas observa\u00e7\u00f5es importantes sobre a Julgadoria de Primeira Inst\u00e2ncia. Segundo ele, os integrantes da Julgadoria ser\u00e3o <strong>Auditores Fiscais com os mesmos requisitos dos Conselheiros<\/strong> do TARF e ser\u00e3o <strong>designados pelo SEFAZ<\/strong>. Al\u00e9m disso, o <strong>coordenador da Julgadoria ser\u00e1 indicado pelo SEFAZ e nomeado pelo governador<\/strong>.<\/p>\n\n\n\n<p>As hip\u00f3teses de <strong><mark style=\"background-color:rgba(0, 0, 0, 0)\" class=\"has-inline-color has-vivid-cyan-blue-color\">impedimento<\/mark><\/strong> dos integrantes da Julgadoria s\u00e3o as seguintes:<\/p>\n\n\n\n<ul class=\"wp-block-list\"><li>Expedientes de seu <strong><mark style=\"background-color:rgba(0, 0, 0, 0)\" class=\"has-inline-color has-vivid-cyan-blue-color\">interesse pessoal <\/mark><\/strong>ou de parentes at\u00e9 o<strong><mark style=\"background-color:rgba(0, 0, 0, 0)\" class=\"has-inline-color has-vivid-red-color\"> terceiro grau, inclusive<\/mark><\/strong><\/li><li>Expedientes em que <strong><mark style=\"background-color:rgba(0, 0, 0, 0)\" class=\"has-inline-color has-vivid-cyan-blue-color\">houverem participado do trabalho<\/mark><\/strong> que resultou no AI<\/li><\/ul>\n\n\n\n<h2 class=\"wp-block-heading\" id=\"h-consideracoes-finais\">Considera\u00e7\u00f5es Finais<\/h2>\n\n\n\n<p>Pessoal, chegamos ao final do Resumo do PAT para a SEFAZ-PA, espero que tenha sido \u00fatil! Desejo sabedoria para que voc\u00eas consigam mostrar no dia da prova tudo que aprenderam nessa caminhada!<\/p>\n\n\n\n<p>Este resumo \u00e9 uma poderosa ferramenta de revis\u00e3o, mas sabemos que <strong><mark style=\"background-color:rgba(0, 0, 0, 0)\" class=\"has-inline-color has-black-color\">o estudo para Concursos P\u00fablicos de alto n\u00edvel como o da SEFAZ-PA \u00e9 uma <\/mark><mark style=\"background-color:rgba(0, 0, 0, 0)\" class=\"has-inline-color has-vivid-cyan-blue-color\">grande jornada<\/mark><\/strong>. Assim, para que voc\u00ea consiga a aprova\u00e7\u00e3o, \u00e9 necess\u00e1rio <mark style=\"background-color:rgba(0, 0, 0, 0)\" class=\"has-inline-color has-black-color\">perseveran\u00e7a e, acima de tudo, \u00e9 necess\u00e1rio fazer as escolhas certas<\/mark>. <\/p>\n\n\n\n<p>Voc\u00ea sabia que <a href=\"https:\/\/www.estrategiaconcursos.com.br\/blog\/aprovados-sefaz-es-auditor-estrategia\/\" target=\"_blank\" rel=\"noreferrer noopener\">91% dos aprovados no \u00faltimo concurso de Auditor Fiscal da SEFAZ-ES s\u00e3o nossos alunos<\/a>? Confira nosso <a href=\"https:\/\/www.estrategiaconcursos.com.br\/curso\/sefaz-pa-auditor-fiscal-pacote-2022-pos-edital\/\">pacote completo para a SEFAZ-PA<\/a> e venha estudar com o l\u00edder absoluto em aprova\u00e7\u00f5es!<\/p>\n\n\n\n<p class=\"has-text-align-center has-white-color has-vivid-purple-background-color has-text-color has-background\"><a href=\"https:\/\/www.estrategiaconcursos.com.br\/blog\/concursos-abertos\/\" target=\"_blank\" rel=\"noreferrer noopener\"><strong>Concursos abertos<\/strong><\/a><\/p>\n\n\n\n<p class=\"has-text-align-center has-white-color has-vivid-purple-background-color has-text-color has-background\"><strong><a href=\"https:\/\/www.estrategiaconcursos.com.br\/blog\/concursos-2022\/\" target=\"_blank\" rel=\"noreferrer noopener\">Concursos 2022<\/a><\/strong><\/p>\n\n\n\n<div class=\"container\" id=\"boxes\">\n  <div class=\"row\">\n    <div class=\"col-sm\">\n      <div class=\"estrategia\" id=\"box-assinatura\">\n        <h3 class=\"titulo-assinatura\">Assinatura de Concursos<\/h3>\n        <p class=\"subtitulo-assinatura\">Assinatura de 1 ano ou 2 anos<\/p>\n        <div class=\"box-botao\">\n          <a class=\"btn-assinatura\" target=\"_blank\" href=\"https:\/\/www.estrategiaconcursos.com.br\/assinaturas\/\" role=\"button\" rel=\"noopener noreferrer\">ASSINE AGORA<\/a>\n        <\/div>\n      <\/div>\n      \n    <\/div><\/div><\/div>\n","protected":false},"excerpt":{"rendered":"<p>Ol\u00e1, Pessoal! Vamos continuar nosso resumo da Lei Estadual 6.182\/98, que regula o Processo Administrativo Tribut\u00e1rio, PAT, para o cargo de Auditor Fiscal e Fiscal de Receitas da SEFAZ-PA. Relembrando a organiza\u00e7\u00e3o do nosso resumo do PAT para SEFAZ-PA, ela ser\u00e1 feita em duas partes, organizadas como segue: Parte I Penalidades Acr\u00e9scimos Morat\u00f3rios e Den\u00fancia [&hellip;]<\/p>\n","protected":false},"author":2314,"featured_media":529501,"comment_status":"open","ping_status":"closed","sticky":false,"template":"","format":"standard","meta":{"post_tipo":"article","footnotes":""},"categories":[1,1983],"tags":[3466],"tax_estado":[219977],"class_list":["post-970958","post","type-post","status-publish","format-standard","has-post-thumbnail","hentry","category-cursos-e-concursos","category-fiscal-estadual","tag-resumos-para-concursos","tax_estado-pa"],"acf":[],"yoast_head":"<!-- This site is optimized with the Yoast SEO Premium plugin v27.2 (Yoast SEO v27.2) - https:\/\/yoast.com\/product\/yoast-seo-premium-wordpress\/ -->\n<title>Resumo PAT SEFAZ-PA - Lei 6.182\/98 \u2013 Parte II<\/title>\n<meta name=\"description\" content=\"Confira um resumo do Processo Administrativo Fiscal PAT para SEFAZ-PA e garanta pontos fundamentais na disciplina de Legisla\u00e7\u00e3o Tribut\u00e1ria\" \/>\n<meta name=\"robots\" content=\"index, follow, max-snippet:-1, max-image-preview:large, max-video-preview:-1\" \/>\n<link rel=\"canonical\" href=\"https:\/\/www.estrategiaconcursos.com.br\/blog\/resumo-pat-sefaz-pa-p2\/\" \/>\n<meta property=\"og:locale\" content=\"pt_BR\" \/>\n<meta property=\"og:type\" content=\"article\" \/>\n<meta property=\"og:title\" content=\"Resumo PAT SEFAZ-PA - Lei 6.182\/98 \u2013 Parte II\" \/>\n<meta property=\"og:description\" content=\"Confira um resumo do Processo Administrativo Fiscal PAT para SEFAZ-PA e garanta pontos fundamentais na disciplina de Legisla\u00e7\u00e3o Tribut\u00e1ria\" \/>\n<meta property=\"og:url\" content=\"https:\/\/www.estrategiaconcursos.com.br\/blog\/resumo-pat-sefaz-pa-p2\/\" \/>\n<meta property=\"og:site_name\" content=\"Estrat\u00e9gia Concursos\" \/>\n<meta property=\"article:published_time\" content=\"2022-03-07T11:49:00+00:00\" \/>\n<meta property=\"article:modified_time\" content=\"2022-03-07T17:41:09+00:00\" \/>\n<meta property=\"og:image\" content=\"https:\/\/dhg1h5j42swfq.cloudfront.net\/2020\/06\/20105739\/sefaz-pa-1.jpg\" \/>\n\t<meta property=\"og:image:width\" content=\"1200\" \/>\n\t<meta property=\"og:image:height\" content=\"628\" \/>\n\t<meta property=\"og:image:type\" content=\"image\/jpeg\" \/>\n<meta name=\"author\" content=\"Kaio de Souza Lages\" \/>\n<meta name=\"twitter:card\" content=\"summary_large_image\" \/>\n<meta name=\"twitter:creator\" content=\"@EstratConcursos\" \/>\n<meta name=\"twitter:site\" content=\"@EstratConcursos\" \/>\n<meta name=\"twitter:label1\" content=\"Escrito por\" \/>\n\t<meta name=\"twitter:data1\" content=\"Kaio de Souza Lages\" \/>\n\t<meta name=\"twitter:label2\" content=\"Est. tempo de leitura\" \/>\n\t<meta name=\"twitter:data2\" content=\"11 minutos\" \/>\n<script type=\"application\/ld+json\" class=\"yoast-schema-graph\">{\"@context\":\"https:\/\/schema.org\",\"@graph\":[{\"@type\":\"NewsArticle\",\"@id\":\"https:\/\/www.estrategiaconcursos.com.br\/blog\/resumo-pat-sefaz-pa-p2\/#article\",\"isPartOf\":{\"@id\":\"https:\/\/www.estrategiaconcursos.com.br\/blog\/resumo-pat-sefaz-pa-p2\/\"},\"author\":{\"name\":\"Kaio de Souza Lages\",\"@id\":\"https:\/\/www.estrategiaconcursos.com.br\/blog\/#\/schema\/person\/96355f54ada1e830cfcb0e7a85e1feb5\"},\"headline\":\"Resumo PAT SEFAZ-PA &#8211; Lei 6.182\/98 \u2013 Parte II\",\"datePublished\":\"2022-03-07T11:49:00+00:00\",\"dateModified\":\"2022-03-07T17:41:09+00:00\",\"mainEntityOfPage\":{\"@id\":\"https:\/\/www.estrategiaconcursos.com.br\/blog\/resumo-pat-sefaz-pa-p2\/\"},\"wordCount\":1961,\"commentCount\":0,\"publisher\":{\"@id\":\"https:\/\/www.estrategiaconcursos.com.br\/blog\/#organization\"},\"image\":{\"@id\":\"https:\/\/www.estrategiaconcursos.com.br\/blog\/resumo-pat-sefaz-pa-p2\/#primaryimage\"},\"thumbnailUrl\":\"https:\/\/dhg1h5j42swfq.cloudfront.net\/2020\/06\/20105739\/sefaz-pa-1.jpg\",\"keywords\":[\"resumos para concursos\"],\"articleSection\":[\"Concursos P\u00fablicos\",\"Fiscal - Estadual (ICMS)\"],\"inLanguage\":\"pt-BR\",\"potentialAction\":[{\"@type\":\"CommentAction\",\"name\":\"Comment\",\"target\":[\"https:\/\/www.estrategiaconcursos.com.br\/blog\/resumo-pat-sefaz-pa-p2\/#respond\"]}],\"copyrightYear\":\"2022\",\"copyrightHolder\":{\"@id\":\"https:\/\/www.estrategiaconcursos.com.br\/blog\/#organization\"}},{\"@type\":\"WebPage\",\"@id\":\"https:\/\/www.estrategiaconcursos.com.br\/blog\/resumo-pat-sefaz-pa-p2\/\",\"url\":\"https:\/\/www.estrategiaconcursos.com.br\/blog\/resumo-pat-sefaz-pa-p2\/\",\"name\":\"Resumo PAT SEFAZ-PA - Lei 6.182\/98 \u2013 Parte II\",\"isPartOf\":{\"@id\":\"https:\/\/www.estrategiaconcursos.com.br\/blog\/#website\"},\"primaryImageOfPage\":{\"@id\":\"https:\/\/www.estrategiaconcursos.com.br\/blog\/resumo-pat-sefaz-pa-p2\/#primaryimage\"},\"image\":{\"@id\":\"https:\/\/www.estrategiaconcursos.com.br\/blog\/resumo-pat-sefaz-pa-p2\/#primaryimage\"},\"thumbnailUrl\":\"https:\/\/dhg1h5j42swfq.cloudfront.net\/2020\/06\/20105739\/sefaz-pa-1.jpg\",\"datePublished\":\"2022-03-07T11:49:00+00:00\",\"dateModified\":\"2022-03-07T17:41:09+00:00\",\"description\":\"Confira um resumo do Processo Administrativo Fiscal PAT para SEFAZ-PA e garanta pontos fundamentais na disciplina de Legisla\u00e7\u00e3o Tribut\u00e1ria\",\"breadcrumb\":{\"@id\":\"https:\/\/www.estrategiaconcursos.com.br\/blog\/resumo-pat-sefaz-pa-p2\/#breadcrumb\"},\"inLanguage\":\"pt-BR\",\"potentialAction\":[{\"@type\":\"ReadAction\",\"target\":[\"https:\/\/www.estrategiaconcursos.com.br\/blog\/resumo-pat-sefaz-pa-p2\/\"]}]},{\"@type\":\"ImageObject\",\"inLanguage\":\"pt-BR\",\"@id\":\"https:\/\/www.estrategiaconcursos.com.br\/blog\/resumo-pat-sefaz-pa-p2\/#primaryimage\",\"url\":\"https:\/\/dhg1h5j42swfq.cloudfront.net\/2020\/06\/20105739\/sefaz-pa-1.jpg\",\"contentUrl\":\"https:\/\/dhg1h5j42swfq.cloudfront.net\/2020\/06\/20105739\/sefaz-pa-1.jpg\",\"width\":1200,\"height\":628,\"caption\":\"Resumo PAT SEFAZ-PA\"},{\"@type\":\"BreadcrumbList\",\"@id\":\"https:\/\/www.estrategiaconcursos.com.br\/blog\/resumo-pat-sefaz-pa-p2\/#breadcrumb\",\"itemListElement\":[{\"@type\":\"ListItem\",\"position\":1,\"name\":\"In\u00edcio\",\"item\":\"https:\/\/www.estrategiaconcursos.com.br\/blog\/\"},{\"@type\":\"ListItem\",\"position\":2,\"name\":\"Resumo PAT SEFAZ-PA &#8211; Lei 6.182\/98 \u2013 Parte II\"}]},{\"@type\":\"WebSite\",\"@id\":\"https:\/\/www.estrategiaconcursos.com.br\/blog\/#website\",\"url\":\"https:\/\/www.estrategiaconcursos.com.br\/blog\/\",\"name\":\"Estrat\u00e9gia Concursos\",\"description\":\"O blog da Estrat\u00e9gia Concursos traz not\u00edcias sobre concursos e artigos de professores oferecendo cursos para concursos (pdf + videaulas) no site.\",\"publisher\":{\"@id\":\"https:\/\/www.estrategiaconcursos.com.br\/blog\/#organization\"},\"potentialAction\":[{\"@type\":\"SearchAction\",\"target\":{\"@type\":\"EntryPoint\",\"urlTemplate\":\"https:\/\/www.estrategiaconcursos.com.br\/blog\/?s={search_term_string}\"},\"query-input\":{\"@type\":\"PropertyValueSpecification\",\"valueRequired\":true,\"valueName\":\"search_term_string\"}}],\"inLanguage\":\"pt-BR\"},{\"@type\":\"Organization\",\"@id\":\"https:\/\/www.estrategiaconcursos.com.br\/blog\/#organization\",\"name\":\"Estrat\u00e9gia Concursos\",\"url\":\"https:\/\/www.estrategiaconcursos.com.br\/blog\/\",\"logo\":{\"@type\":\"ImageObject\",\"inLanguage\":\"pt-BR\",\"@id\":\"https:\/\/www.estrategiaconcursos.com.br\/blog\/#\/schema\/logo\/image\/\",\"url\":\"https:\/\/dhg1h5j42swfq.cloudfront.net\/2025\/06\/03203428\/logo_concursos-1.jpg\",\"contentUrl\":\"https:\/\/dhg1h5j42swfq.cloudfront.net\/2025\/06\/03203428\/logo_concursos-1.jpg\",\"width\":230,\"height\":60,\"caption\":\"Estrat\u00e9gia Concursos\"},\"image\":{\"@id\":\"https:\/\/www.estrategiaconcursos.com.br\/blog\/#\/schema\/logo\/image\/\"},\"sameAs\":[\"https:\/\/x.com\/EstratConcursos\"]},{\"@type\":\"Person\",\"@id\":\"https:\/\/www.estrategiaconcursos.com.br\/blog\/#\/schema\/person\/96355f54ada1e830cfcb0e7a85e1feb5\",\"name\":\"Kaio de Souza Lages\",\"image\":{\"@type\":\"ImageObject\",\"inLanguage\":\"pt-BR\",\"@id\":\"https:\/\/secure.gravatar.com\/avatar\/166cda70846b861784ddc2ba71cdc7c1dd7403a329e1e1e23db9926e66d8e494?s=96&d=mm&r=g\",\"url\":\"https:\/\/secure.gravatar.com\/avatar\/166cda70846b861784ddc2ba71cdc7c1dd7403a329e1e1e23db9926e66d8e494?s=96&d=mm&r=g\",\"contentUrl\":\"https:\/\/secure.gravatar.com\/avatar\/166cda70846b861784ddc2ba71cdc7c1dd7403a329e1e1e23db9926e66d8e494?s=96&d=mm&r=g\",\"caption\":\"Kaio de Souza Lages\"},\"url\":\"https:\/\/www.estrategiaconcursos.com.br\/blog\/author\/desouzalages-kaiogmail-com\/\"}]}<\/script>\n<!-- \/ Yoast SEO Premium plugin. -->","yoast_head_json":{"title":"Resumo PAT SEFAZ-PA - Lei 6.182\/98 \u2013 Parte II","description":"Confira um resumo do Processo Administrativo Fiscal PAT para SEFAZ-PA e garanta pontos fundamentais na disciplina de Legisla\u00e7\u00e3o Tribut\u00e1ria","robots":{"index":"index","follow":"follow","max-snippet":"max-snippet:-1","max-image-preview":"max-image-preview:large","max-video-preview":"max-video-preview:-1"},"canonical":"https:\/\/www.estrategiaconcursos.com.br\/blog\/resumo-pat-sefaz-pa-p2\/","og_locale":"pt_BR","og_type":"article","og_title":"Resumo PAT SEFAZ-PA - Lei 6.182\/98 \u2013 Parte II","og_description":"Confira um resumo do Processo Administrativo Fiscal PAT para SEFAZ-PA e garanta pontos fundamentais na disciplina de Legisla\u00e7\u00e3o Tribut\u00e1ria","og_url":"https:\/\/www.estrategiaconcursos.com.br\/blog\/resumo-pat-sefaz-pa-p2\/","og_site_name":"Estrat\u00e9gia Concursos","article_published_time":"2022-03-07T11:49:00+00:00","article_modified_time":"2022-03-07T17:41:09+00:00","og_image":[{"width":1200,"height":628,"url":"https:\/\/dhg1h5j42swfq.cloudfront.net\/2020\/06\/20105739\/sefaz-pa-1.jpg","type":"image\/jpeg"}],"author":"Kaio de Souza Lages","twitter_card":"summary_large_image","twitter_creator":"@EstratConcursos","twitter_site":"@EstratConcursos","twitter_misc":{"Escrito por":"Kaio de Souza Lages","Est. tempo de leitura":"11 minutos"},"schema":{"@context":"https:\/\/schema.org","@graph":[{"@type":"NewsArticle","@id":"https:\/\/www.estrategiaconcursos.com.br\/blog\/resumo-pat-sefaz-pa-p2\/#article","isPartOf":{"@id":"https:\/\/www.estrategiaconcursos.com.br\/blog\/resumo-pat-sefaz-pa-p2\/"},"author":{"name":"Kaio de Souza Lages","@id":"https:\/\/www.estrategiaconcursos.com.br\/blog\/#\/schema\/person\/96355f54ada1e830cfcb0e7a85e1feb5"},"headline":"Resumo PAT SEFAZ-PA &#8211; Lei 6.182\/98 \u2013 Parte II","datePublished":"2022-03-07T11:49:00+00:00","dateModified":"2022-03-07T17:41:09+00:00","mainEntityOfPage":{"@id":"https:\/\/www.estrategiaconcursos.com.br\/blog\/resumo-pat-sefaz-pa-p2\/"},"wordCount":1961,"commentCount":0,"publisher":{"@id":"https:\/\/www.estrategiaconcursos.com.br\/blog\/#organization"},"image":{"@id":"https:\/\/www.estrategiaconcursos.com.br\/blog\/resumo-pat-sefaz-pa-p2\/#primaryimage"},"thumbnailUrl":"https:\/\/dhg1h5j42swfq.cloudfront.net\/2020\/06\/20105739\/sefaz-pa-1.jpg","keywords":["resumos para concursos"],"articleSection":["Concursos P\u00fablicos","Fiscal - Estadual (ICMS)"],"inLanguage":"pt-BR","potentialAction":[{"@type":"CommentAction","name":"Comment","target":["https:\/\/www.estrategiaconcursos.com.br\/blog\/resumo-pat-sefaz-pa-p2\/#respond"]}],"copyrightYear":"2022","copyrightHolder":{"@id":"https:\/\/www.estrategiaconcursos.com.br\/blog\/#organization"}},{"@type":"WebPage","@id":"https:\/\/www.estrategiaconcursos.com.br\/blog\/resumo-pat-sefaz-pa-p2\/","url":"https:\/\/www.estrategiaconcursos.com.br\/blog\/resumo-pat-sefaz-pa-p2\/","name":"Resumo PAT SEFAZ-PA - Lei 6.182\/98 \u2013 Parte II","isPartOf":{"@id":"https:\/\/www.estrategiaconcursos.com.br\/blog\/#website"},"primaryImageOfPage":{"@id":"https:\/\/www.estrategiaconcursos.com.br\/blog\/resumo-pat-sefaz-pa-p2\/#primaryimage"},"image":{"@id":"https:\/\/www.estrategiaconcursos.com.br\/blog\/resumo-pat-sefaz-pa-p2\/#primaryimage"},"thumbnailUrl":"https:\/\/dhg1h5j42swfq.cloudfront.net\/2020\/06\/20105739\/sefaz-pa-1.jpg","datePublished":"2022-03-07T11:49:00+00:00","dateModified":"2022-03-07T17:41:09+00:00","description":"Confira um resumo do Processo Administrativo Fiscal PAT para SEFAZ-PA e garanta pontos fundamentais na disciplina de Legisla\u00e7\u00e3o Tribut\u00e1ria","breadcrumb":{"@id":"https:\/\/www.estrategiaconcursos.com.br\/blog\/resumo-pat-sefaz-pa-p2\/#breadcrumb"},"inLanguage":"pt-BR","potentialAction":[{"@type":"ReadAction","target":["https:\/\/www.estrategiaconcursos.com.br\/blog\/resumo-pat-sefaz-pa-p2\/"]}]},{"@type":"ImageObject","inLanguage":"pt-BR","@id":"https:\/\/www.estrategiaconcursos.com.br\/blog\/resumo-pat-sefaz-pa-p2\/#primaryimage","url":"https:\/\/dhg1h5j42swfq.cloudfront.net\/2020\/06\/20105739\/sefaz-pa-1.jpg","contentUrl":"https:\/\/dhg1h5j42swfq.cloudfront.net\/2020\/06\/20105739\/sefaz-pa-1.jpg","width":1200,"height":628,"caption":"Resumo PAT SEFAZ-PA"},{"@type":"BreadcrumbList","@id":"https:\/\/www.estrategiaconcursos.com.br\/blog\/resumo-pat-sefaz-pa-p2\/#breadcrumb","itemListElement":[{"@type":"ListItem","position":1,"name":"In\u00edcio","item":"https:\/\/www.estrategiaconcursos.com.br\/blog\/"},{"@type":"ListItem","position":2,"name":"Resumo PAT SEFAZ-PA &#8211; Lei 6.182\/98 \u2013 Parte II"}]},{"@type":"WebSite","@id":"https:\/\/www.estrategiaconcursos.com.br\/blog\/#website","url":"https:\/\/www.estrategiaconcursos.com.br\/blog\/","name":"Estrat\u00e9gia Concursos","description":"O blog da Estrat\u00e9gia Concursos traz not\u00edcias sobre concursos e artigos de professores oferecendo cursos para concursos (pdf + videaulas) no site.","publisher":{"@id":"https:\/\/www.estrategiaconcursos.com.br\/blog\/#organization"},"potentialAction":[{"@type":"SearchAction","target":{"@type":"EntryPoint","urlTemplate":"https:\/\/www.estrategiaconcursos.com.br\/blog\/?s={search_term_string}"},"query-input":{"@type":"PropertyValueSpecification","valueRequired":true,"valueName":"search_term_string"}}],"inLanguage":"pt-BR"},{"@type":"Organization","@id":"https:\/\/www.estrategiaconcursos.com.br\/blog\/#organization","name":"Estrat\u00e9gia Concursos","url":"https:\/\/www.estrategiaconcursos.com.br\/blog\/","logo":{"@type":"ImageObject","inLanguage":"pt-BR","@id":"https:\/\/www.estrategiaconcursos.com.br\/blog\/#\/schema\/logo\/image\/","url":"https:\/\/dhg1h5j42swfq.cloudfront.net\/2025\/06\/03203428\/logo_concursos-1.jpg","contentUrl":"https:\/\/dhg1h5j42swfq.cloudfront.net\/2025\/06\/03203428\/logo_concursos-1.jpg","width":230,"height":60,"caption":"Estrat\u00e9gia Concursos"},"image":{"@id":"https:\/\/www.estrategiaconcursos.com.br\/blog\/#\/schema\/logo\/image\/"},"sameAs":["https:\/\/x.com\/EstratConcursos"]},{"@type":"Person","@id":"https:\/\/www.estrategiaconcursos.com.br\/blog\/#\/schema\/person\/96355f54ada1e830cfcb0e7a85e1feb5","name":"Kaio de Souza Lages","image":{"@type":"ImageObject","inLanguage":"pt-BR","@id":"https:\/\/secure.gravatar.com\/avatar\/166cda70846b861784ddc2ba71cdc7c1dd7403a329e1e1e23db9926e66d8e494?s=96&d=mm&r=g","url":"https:\/\/secure.gravatar.com\/avatar\/166cda70846b861784ddc2ba71cdc7c1dd7403a329e1e1e23db9926e66d8e494?s=96&d=mm&r=g","contentUrl":"https:\/\/secure.gravatar.com\/avatar\/166cda70846b861784ddc2ba71cdc7c1dd7403a329e1e1e23db9926e66d8e494?s=96&d=mm&r=g","caption":"Kaio de Souza Lages"},"url":"https:\/\/www.estrategiaconcursos.com.br\/blog\/author\/desouzalages-kaiogmail-com\/"}]}},"_links":{"self":[{"href":"https:\/\/www.estrategiaconcursos.com.br\/blog\/wp-json\/wp\/v2\/posts\/970958","targetHints":{"allow":["GET"]}}],"collection":[{"href":"https:\/\/www.estrategiaconcursos.com.br\/blog\/wp-json\/wp\/v2\/posts"}],"about":[{"href":"https:\/\/www.estrategiaconcursos.com.br\/blog\/wp-json\/wp\/v2\/types\/post"}],"author":[{"embeddable":true,"href":"https:\/\/www.estrategiaconcursos.com.br\/blog\/wp-json\/wp\/v2\/users\/2314"}],"replies":[{"embeddable":true,"href":"https:\/\/www.estrategiaconcursos.com.br\/blog\/wp-json\/wp\/v2\/comments?post=970958"}],"version-history":[{"count":18,"href":"https:\/\/www.estrategiaconcursos.com.br\/blog\/wp-json\/wp\/v2\/posts\/970958\/revisions"}],"predecessor-version":[{"id":982093,"href":"https:\/\/www.estrategiaconcursos.com.br\/blog\/wp-json\/wp\/v2\/posts\/970958\/revisions\/982093"}],"wp:featuredmedia":[{"embeddable":true,"href":"https:\/\/www.estrategiaconcursos.com.br\/blog\/wp-json\/wp\/v2\/media\/529501"}],"wp:attachment":[{"href":"https:\/\/www.estrategiaconcursos.com.br\/blog\/wp-json\/wp\/v2\/media?parent=970958"}],"wp:term":[{"taxonomy":"category","embeddable":true,"href":"https:\/\/www.estrategiaconcursos.com.br\/blog\/wp-json\/wp\/v2\/categories?post=970958"},{"taxonomy":"post_tag","embeddable":true,"href":"https:\/\/www.estrategiaconcursos.com.br\/blog\/wp-json\/wp\/v2\/tags?post=970958"},{"taxonomy":"tax_estado","embeddable":true,"href":"https:\/\/www.estrategiaconcursos.com.br\/blog\/wp-json\/wp\/v2\/tax_estado?post=970958"}],"curies":[{"name":"wp","href":"https:\/\/api.w.org\/{rel}","templated":true}]}}