{"id":97049,"date":"2017-11-26T20:36:00","date_gmt":"2017-11-26T23:36:00","guid":{"rendered":"https:\/\/www.estrategiaconcursos.com.br\/blog\/?p=97049"},"modified":"2018-01-04T11:16:00","modified_gmt":"2018-01-04T14:16:00","slug":"recursos-trf-1-direito-civil","status":"publish","type":"post","link":"https:\/\/www.estrategiaconcursos.com.br\/blog\/recursos-trf-1-direito-civil\/","title":{"rendered":"Recursos!? TRF-1 \u2013 Direito Civil"},"content":{"rendered":"<p>Ol\u00e1 galera,<\/p>\n<p>Para quem ainda n\u00e3o nos conhece, somos o <a href=\"prof.phms@gmail.com\">Prof. Paulo Sousa<\/a> (<a href=\"http:\/\/instagram.com\/prof.phms\">Insta<\/a> e <a href=\"http:\/\/facebook.com\/prof.phms\">FB<\/a>) e a <a href=\"https:\/\/www.estrategiaconcursos.com.br\/professor\/aline-santiago-3228\">Prof. Aline Santiago<\/a>, de Direito Civil, aqui do Estrat\u00e9gia Concursos. A foto do post \u00e9 do Prof. Paulo (que d\u00e1 \u201ccara\u201d aos cursos porque respons\u00e1vel pelas videoaulas), mas a reda\u00e7\u00e3o do artigo foi feita a quatro m\u00e3os, em conjunto com a Prof. Aline (que d\u00e1 \u201cpalavra\u201d aos cursos porque respons\u00e1vel pelo material em PDF), mais uma vez. Dupla de sucesso garantido aqui no Estrat\u00e9gia Concursos! =)<\/p>\n<p>Neste artigo vamos analisar a prova de Direito Civil da do TRF-1 realizada hoje mais cedo. Teceremos os coment\u00e1rios que julgamos pertinentes na \u201cressaca\u201d da prova.<\/p>\n<p>Nessa prova, foram 8 quest\u00f5es de Direito Civil na prova de AJAJ, 5 quest\u00f5es na prova de OJAF e <span style=\"text-decoration: underline\"><strong>nada menos do que 11 QUEST\u00d5ES DE DIREITO CIVIL NA PROVA DE T\u00c9CNICO!!! Surpreendente, n\u00e3o!?<\/strong> <\/span>As apostas do Prof. Paulo a respeito dos temas de Parte Geral, nas provas de TJAA e OJAF pagaram! J\u00e1 a prova de AJAJ se focou de maneira inesperada no contrato de compra e venda e na desconsidera\u00e7\u00e3o da personalidade jur\u00eddica (essa esperada).<\/p>\n<p>Mas, demos uma olhada na prova:<\/p>\n<p>&nbsp;<\/p>\n<p>Prova de Direito Civil do TRF-1 \u2013 AJAJ<\/p>\n<p>&nbsp;<\/p>\n<ol start=\"78\">\n<li><strong> 2017 \u2013 CESPE \u2013 TRF\/1\u00aa Regi\u00e3o \u2013 Analista Judici\u00e1rio \u2013 \u00c1rea Judici\u00e1ria<\/strong><\/li>\n<\/ol>\n<p>Doa\u00e7\u00e3o \u00e9 caracterizada pela formula\u00e7\u00e3o de contrato oneroso.<\/p>\n<p><strong>Coment\u00e1rios<\/strong><\/p>\n<p>O item est\u00e1 <strong>incorreto<\/strong>, pois, como esclarece o art. 538 (\u201cConsidera-se doa\u00e7\u00e3o o contrato em que uma pessoa, por liberalidade, transfere do seu patrim\u00f4nio bens ou vantagens para o de outra\u201d), a doa\u00e7\u00e3o \u00e9 liberalidade, um contrato gratuito, portanto.<\/p>\n<p>&nbsp;<\/p>\n<ol start=\"79\">\n<li><strong> 2017 \u2013 CESPE \u2013 TRF\/1\u00aa Regi\u00e3o \u2013 Analista Judici\u00e1rio \u2013 \u00c1rea Judici\u00e1ria<\/strong><\/li>\n<\/ol>\n<p>A doa\u00e7\u00e3o de ascendente para descendente importa adiantamento do que lhes couber por heran\u00e7a, por\u00e9m n\u00e3o importar\u00e1 adiantamento se o doador expressamente dispensar a cola\u00e7\u00e3o.<\/p>\n<p><strong>Coment\u00e1rios<\/strong><\/p>\n<p>O item est\u00e1 <strong>correto<\/strong>, na conjuga\u00e7\u00e3o do art. 544 (\u201cA doa\u00e7\u00e3o de ascendentes a descendentes, ou de um c\u00f4njuge a outro, importa adiantamento do que lhes cabe por heran\u00e7a\u201d) com o art. 2.005 (\u201cS\u00e3o dispensadas da cola\u00e7\u00e3o as doa\u00e7\u00f5es que o doador determinar saiam da parte dispon\u00edvel, contanto que n\u00e3o a excedam, computado o seu valor ao tempo da doa\u00e7\u00e3o\u201d).<\/p>\n<p>&nbsp;<\/p>\n<ol start=\"80\">\n<li><strong> 2017 \u2013 CESPE \u2013 TRF\/1\u00aa Regi\u00e3o \u2013 Analista Judici\u00e1rio \u2013 \u00c1rea Judici\u00e1ria<\/strong><\/li>\n<\/ol>\n<p>No contrato de doa\u00e7\u00e3o, qualquer aliena\u00e7\u00e3o gratuita que afete a metade indispon\u00edvel dos herdeiros necess\u00e1rios poder\u00e1 ser declarada nula.<\/p>\n<p><strong>Coment\u00e1rios<\/strong><\/p>\n<p>O item est\u00e1 <strong>incorreto<\/strong>, porque, a despeito de o art. 549 (\u201cNula \u00e9 tamb\u00e9m a doa\u00e7\u00e3o quanto \u00e0 parte que exceder \u00e0 de que o doador, no momento da liberalidade, poderia dispor em testamento\u201d) reputar nulas doa\u00e7\u00f5es que excedam \u00e0 leg\u00edtima, se o doador doar a metade dispon\u00edvel de seu patrim\u00f4nio a outrem e doar uma parte indispon\u00edvel ao pr\u00f3prio herdeiro necess\u00e1rio, no limite daquilo que ele receberia, tal doa\u00e7\u00e3o n\u00e3o seria nula, mas configuraria mero adiantamento da leg\u00edtima, nos termos do art. 544: \u201cA doa\u00e7\u00e3o de ascendentes a descendentes, ou de um c\u00f4njuge a outro, importa adiantamento do que lhes cabe por heran\u00e7a\u201d.<\/p>\n<p>Assim, se eu, vi\u00favo, tenho 100 e doo 50 a meu primo e 25 a um de meus dois filhos, essa doa\u00e7\u00e3o \u00e9 v\u00e1lida e importa em adiantamento do que ele receberia por heran\u00e7a; quando do meu falecimento, o outro filho receberia integralmente os 25 restantes.<\/p>\n<p>&nbsp;<\/p>\n<ol start=\"81\">\n<li><strong> 2017 \u2013 CESPE \u2013 TRF\/1\u00aa Regi\u00e3o \u2013 Analista Judici\u00e1rio \u2013 \u00c1rea Judici\u00e1ria<\/strong><\/li>\n<\/ol>\n<p>Pessoa f\u00edsica sem herdeiros necess\u00e1rios pode doar quantos bens quiser, a t\u00edtulo de doa\u00e7\u00e3o universal, desde que mantenha renda suficiente para a pr\u00f3pria sobreviv\u00eancia.<\/p>\n<p><strong>Coment\u00e1rios<\/strong><\/p>\n<p>O item est\u00e1 <strong>correto<\/strong>, j\u00e1 que, caso o doador n\u00e3o tenha herdeiros necess\u00e1rios, n\u00e3o h\u00e1 parte indispon\u00edvel da futura heran\u00e7a (inexist\u00eancia de leg\u00edtima a partilhar). Assim, a teor do art. 548 (\u201c\u00c9 nula a doa\u00e7\u00e3o de todos os bens sem reserva de parte, ou renda suficiente para a subsist\u00eancia do doador\u201d), pode ele doar a integralidade do patrim\u00f4nio, desde que reserve para si \u201crenda suficiente para a subsist\u00eancia\u201d sua.<\/p>\n<p>&nbsp;<\/p>\n<ol start=\"82\">\n<li><strong> 2017 \u2013 CESPE \u2013 TRF\/1\u00aa Regi\u00e3o \u2013 Analista Judici\u00e1rio \u2013 \u00c1rea Judici\u00e1ria<\/strong><\/li>\n<\/ol>\n<p>[&#8230;] muitas vezes os s\u00f3cios ou administradores, agindo contrariamente \u00e0s finalidades estatut\u00e1rias ou abusando da personalidade jur\u00eddica da pessoa jur\u00eddica, acarretam preju\u00edzos a terceiros [&#8230;] A fim de p\u00f4r cobro a esses desvios, formou-se a doutrina conhecida como disregard of legal entity, para vincular o patrim\u00f4nio dos s\u00f3cios.<\/p>\n<p>Nestor Duarte, C\u00f3digo civil comentado. S\u00e3o Paulo. Ed. Manole, 2007, p.432 (com adapta\u00e7\u00f5es).<\/p>\n<p>Considerando o texto precedente e aspectos a ele inerentes, julgue os itens a seguir, com base no C\u00f3digo Civil.<\/p>\n<p>O credor de uma empresa poder\u00e1 utilizar o estabelecimento comercial para satisfazer o seu cr\u00e9dito, independentemente de aplica\u00e7\u00e3o da teoria referida no texto.<\/p>\n<p><strong>Coment\u00e1rios<\/strong><\/p>\n<p>O item est\u00e1 <strong>correto<\/strong>, j\u00e1 que se o credor \u00e9 da empresa, a desconsidera\u00e7\u00e3o \u00e9 despicienda.<\/p>\n<p>&nbsp;<\/p>\n<ol start=\"83\">\n<li><strong> 2017 \u2013 CESPE \u2013 TRF\/1\u00aa Regi\u00e3o \u2013 Analista Judici\u00e1rio \u2013 \u00c1rea Judici\u00e1ria<\/strong><\/li>\n<\/ol>\n<p>[&#8230;] muitas vezes os s\u00f3cios ou administradores, agindo contrariamente \u00e0s finalidades estatut\u00e1rias ou abusando da personalidade jur\u00eddica da pessoa jur\u00eddica, acarretam preju\u00edzos a terceiros [&#8230;] A fim de p\u00f4r cobro a esses desvios, formou-se a doutrina conhecida como disregard of legal entity, para vincular o patrim\u00f4nio dos s\u00f3cios.<\/p>\n<p>Nestor Duarte, C\u00f3digo civil comentado. S\u00e3o Paulo. Ed. Manole, 2007, p.432 (com adapta\u00e7\u00f5es).<\/p>\n<p>Considerando o texto precedente e aspectos a ele inerentes, julgue os itens a seguir, com base no C\u00f3digo Civil.<\/p>\n<p>O texto trata da teoria da desconsidera\u00e7\u00e3o da personalidade jur\u00eddica.<\/p>\n<p><strong>Coment\u00e1rios<\/strong><\/p>\n<p>O item est\u00e1 <strong>correto<\/strong>, na tradu\u00e7\u00e3o literal da express\u00e3o \u201cdesconsidera\u00e7\u00e3o da entidade legal\u201d, ou como ficou mais conhecido em portugu\u00eas, a desconsidera\u00e7\u00e3o da personalidade jur\u00eddica.<\/p>\n<p>&nbsp;<\/p>\n<ol start=\"84\">\n<li><strong> 2017 \u2013 CESPE \u2013 TRF\/1\u00aa Regi\u00e3o \u2013 Analista Judici\u00e1rio \u2013 \u00c1rea Judici\u00e1ria<\/strong><\/li>\n<\/ol>\n<p>[&#8230;] muitas vezes os s\u00f3cios ou administradores, agindo contrariamente \u00e0s finalidades estatut\u00e1rias ou abusando da personalidade jur\u00eddica da pessoa jur\u00eddica, acarretam preju\u00edzos a terceiros [&#8230;] A fim de p\u00f4r cobro a esses desvios, formou-se a doutrina conhecida como disregard of legal entity, para vincular o patrim\u00f4nio dos s\u00f3cios.<\/p>\n<p>Nestor Duarte, C\u00f3digo civil comentado. S\u00e3o Paulo. Ed. Manole, 2007, p.432 (com adapta\u00e7\u00f5es).<\/p>\n<p>Considerando o texto precedente e aspectos a ele inerentes, julgue os itens a seguir, com base no C\u00f3digo Civil.<\/p>\n<p>Os patrim\u00f4nios dos s\u00f3cios, embora vinculados, sob nenhuma hip\u00f3tese poder\u00e3o ser expropriados para satisfazer os credores da empresa.<\/p>\n<p><strong>Coment\u00e1rios<\/strong><\/p>\n<p>O item est\u00e1 <strong>incorreto<\/strong>, pois o STJ j\u00e1 reconheceu, no REsp 948.117, a possiblidade de desconsidera\u00e7\u00e3o inversa da personalidade jur\u00eddica j\u00e1 em 2010: \u201cConsiderando-se que a finalidade da disregard doctrine \u00e9 combater a utiliza\u00e7\u00e3o indevida do ente societ\u00e1rio por seus s\u00f3cios, o que pode ocorrer tamb\u00e9m nos casos em que o s\u00f3cio controlador esvazia o seu patrim\u00f4nio pessoal e o integraliza na pessoa jur\u00eddica, conclui-se, de uma interpreta\u00e7\u00e3o teleol\u00f3gica do art. 50 do CC\/02, ser poss\u00edvel a desconsidera\u00e7\u00e3o inversa da personalidade jur\u00eddica, de modo a atingir bens da sociedade em raz\u00e3o de d\u00edvidas contra\u00eddas pelo s\u00f3cio controlador, conquanto preenchidos os requisitos previstos na norma\u201d.<\/p>\n<p>&nbsp;<\/p>\n<ol start=\"85\">\n<li><strong> 2017 \u2013 CESPE \u2013 TRF\/1\u00aa Regi\u00e3o \u2013 Analista Judici\u00e1rio \u2013 \u00c1rea Judici\u00e1ria<\/strong><\/li>\n<\/ol>\n<p>[&#8230;] muitas vezes os s\u00f3cios ou administradores, agindo contrariamente \u00e0s finalidades estatut\u00e1rias ou abusando da personalidade jur\u00eddica da pessoa jur\u00eddica, acarretam preju\u00edzos a terceiros [&#8230;] A fim de p\u00f4r cobro a esses desvios, formou-se a doutrina conhecida como disregard of legal entity, para vincular o patrim\u00f4nio dos s\u00f3cios.<\/p>\n<p>Nestor Duarte, C\u00f3digo civil comentado. S\u00e3o Paulo. Ed. Manole, 2007, p.432 (com adapta\u00e7\u00f5es).<\/p>\n<p>Considerando o texto precedente e aspectos a ele inerentes, julgue os itens a seguir, com base no C\u00f3digo Civil.<\/p>\n<p>Descumprimento de finalidades estatut\u00e1rias significa o mesmo que desrespeito aos objetivos sociais da empresa.<\/p>\n<p><strong>Coment\u00e1rios<\/strong><\/p>\n<p>O item est\u00e1 <strong>incorreto<\/strong>, j\u00e1 que a doutrina e a jurisprud\u00eancia s\u00e3o un\u00e2nimes em apontar diferentes grandes a respeito das associa\u00e7\u00f5es e das sociedades. Igualmente, em se tratando de desconsidera\u00e7\u00e3o da personalidade jur\u00eddica, o STJ entende n\u00e3o ser aplic\u00e1vel \u00e0s associa\u00e7\u00f5es e \u00e0s sociedades as mesmas regras: \u201cCIVIL E PROCESSUAL CIVIL. RECURSO ESPECIAL. ASSOCIA\u00c7\u00c3O CIVIL. PERSONALIDADE JUR\u00cdDICA. DESCONSIDERA\u00c7\u00c3O. RESPONSABILIDADE SUBSIDI\u00c1RIA. ART. 1.023 DO CC\/02. N\u00c3O APLIC\u00c1VEL (REsp 1398438\/SC, Rel. Ministra NANCY ANDRIGHI, TERCEIRA TURMA, julgado em 04\/04\/2017, DJe 11\/04\/2017)\u201d.<\/p>\n<p>&nbsp;<\/p>\n<p>Prova de Direito Civil do TRF-1 \u2013 OJAF<\/p>\n<p>&nbsp;<\/p>\n<ol start=\"78\">\n<li><strong> 2017 \u2013 CESPE \u2013 TRF\/1\u00aa Regi\u00e3o \u2013 Analista Judici\u00e1rio \u2013 Oficial de Justi\u00e7a Avaliador Federal<\/strong><\/li>\n<\/ol>\n<p>Na extin\u00e7\u00e3o de associa\u00e7\u00e3o, os valores referentes \u00e0s quotas dos associados n\u00e3o s\u00e3o revertidas a eles, visto que associa\u00e7\u00f5es n\u00e3o possuem fins econ\u00f4micos.<\/p>\n<p><strong>Coment\u00e1rios<\/strong><\/p>\n<p>O item est\u00e1 <strong>incorreto<\/strong>, conforme prev\u00ea o art. 61: \u201cDissolvida a associa\u00e7\u00e3o, o remanescente do seu patrim\u00f4nio l\u00edquido, depois de deduzidas, se for o caso, as quotas ou fra\u00e7\u00f5es ideais referidas no par\u00e1grafo \u00fanico do art. 56, ser\u00e1 destinado \u00e0 entidade de fins n\u00e3o econ\u00f4micos designada no estatuto, ou, omisso este, por delibera\u00e7\u00e3o dos associados, \u00e0 institui\u00e7\u00e3o municipal, estadual ou federal, de fins id\u00eanticos ou semelhantes\u201d.<\/p>\n<p>&nbsp;<\/p>\n<ol start=\"79\">\n<li><strong> 2017 \u2013 CESPE \u2013 TRF\/1\u00aa Regi\u00e3o \u2013 Analista Judici\u00e1rio \u2013 Oficial de Justi\u00e7a Avaliador Federal<\/strong><\/li>\n<\/ol>\n<p>As funda\u00e7\u00f5es podem ser criadas independentemente da dota\u00e7\u00e3o especial de bens livres pelo instituidor.<\/p>\n<p><strong>Coment\u00e1rios<\/strong><\/p>\n<p>O item est\u00e1 <strong>incorreto<\/strong>, segundo prev\u00ea o art. 62: \u201cPara criar uma funda\u00e7\u00e3o, o seu instituidor far\u00e1, por escritura p\u00fablica ou testamento, dota\u00e7\u00e3o especial de bens livres, especificando o fim a que se destina, e declarando, se quiser, a maneira de administr\u00e1-la\u201d.<\/p>\n<p>&nbsp;<\/p>\n<ol start=\"80\">\n<li><strong> 2017 \u2013 CESPE \u2013 TRF\/1\u00aa Regi\u00e3o \u2013 Analista Judici\u00e1rio \u2013 Oficial de Justi\u00e7a Avaliador Federal<\/strong><\/li>\n<\/ol>\n<p>As cooperativas t\u00eam natureza jur\u00eddica de pessoa jur\u00eddica de direito privado.<\/p>\n<p><strong>Coment\u00e1rios<\/strong><\/p>\n<p>O item est\u00e1 <strong>correto<\/strong>, conforme aponta a doutrina mais abalizada, sendo que decorre essa caracter\u00edstica da pr\u00f3pria Lei 5.764\/1971, que trata das cooperativas.<\/p>\n<p>&nbsp;<\/p>\n<ol start=\"81\">\n<li><strong> 2017 \u2013 CESPE \u2013 TRF\/1\u00aa Regi\u00e3o \u2013 Analista Judici\u00e1rio \u2013 Oficial de Justi\u00e7a Avaliador Federal<\/strong><\/li>\n<\/ol>\n<p>As disposi\u00e7\u00f5es legais referentes \u00e0s associa\u00e7\u00f5es aplicam-se subsidiariamente \u00e0s sociedades.<\/p>\n<p><strong>Coment\u00e1rios<\/strong><\/p>\n<p>O item est\u00e1 <strong>correto<\/strong>, na literalidade do art. 44, \u00a72\u00ba: \u201cAs disposi\u00e7\u00f5es concernentes \u00e0s associa\u00e7\u00f5es aplicam-se subsidiariamente \u00e0s sociedades que s\u00e3o objeto do Livro II da Parte Especial deste C\u00f3digo\u201d.<\/p>\n<p>&nbsp;<\/p>\n<ol start=\"82\">\n<li><strong> 2017 \u2013 CESPE \u2013 TRF\/1\u00aa Regi\u00e3o \u2013 Analista Judici\u00e1rio \u2013 Oficial de Justi\u00e7a Avaliador Federal<\/strong><\/li>\n<\/ol>\n<p>Existem direitos e obriga\u00e7\u00f5es rec\u00edprocas entre associados.<\/p>\n<p><strong>Coment\u00e1rios<\/strong><\/p>\n<p>O item est\u00e1 <strong>incorreto<\/strong>, nos termos do art. 53, par\u00e1grafo \u00fanico: \u201cN\u00e3o h\u00e1, entre os associados, direitos e obriga\u00e7\u00f5es rec\u00edprocos\u201d.<\/p>\n<p>&nbsp;<\/p>\n<p>Prova de Direito Civil do TRF-1 \u2013 TJAA<\/p>\n<p>&nbsp;<\/p>\n<ol start=\"75\">\n<li><strong> 2017 \u2013 CESPE \u2013 TRF\/1\u00aa Regi\u00e3o \u2013 T\u00e9cnico Judici\u00e1rio \u2013 \u00c1rea Judici\u00e1ria<\/strong><\/li>\n<\/ol>\n<p>Admite-se o costume contra legem como instrumento de integra\u00e7\u00e3o das normas.<\/p>\n<p><strong>Coment\u00e1rios<\/strong><\/p>\n<p>O item est\u00e1 <strong>incorreto<\/strong>, j\u00e1 que o costume aceito pela LINDB \u00e9 a apenas aquele conforme a lei, jamais contra ela.<\/p>\n<p>&nbsp;<\/p>\n<ol start=\"76\">\n<li><strong> 2017 \u2013 CESPE \u2013 TRF\/1\u00aa Regi\u00e3o \u2013 T\u00e9cnico Judici\u00e1rio \u2013 \u00c1rea Judici\u00e1ria<\/strong><\/li>\n<\/ol>\n<p>A lei do pa\u00eds em que a pessoa for domiciliada determina as regras sobre o come\u00e7o e o fim da personalidade.<\/p>\n<p><strong>Coment\u00e1rios<\/strong><\/p>\n<p>O item est\u00e1 <strong>correto<\/strong>, conforme o art. 7\u00ba: \u201cA lei do pa\u00eds em que domiciliada a pessoa determina as regras sobre o come\u00e7o e o fim da personalidade, o nome, a capacidade e os direitos de fam\u00edlia\u201d.<\/p>\n<p>&nbsp;<\/p>\n<ol start=\"77\">\n<li><strong> 2017 \u2013 CESPE \u2013 TRF\/1\u00aa Regi\u00e3o \u2013 T\u00e9cnico Judici\u00e1rio \u2013 \u00c1rea Judici\u00e1ria<\/strong><\/li>\n<\/ol>\n<p>A vig\u00eancia das leis pode ocorrer de forma tempor\u00e1ria ou por tempo indeterminado.<\/p>\n<p><strong>Coment\u00e1rios<\/strong><\/p>\n<p>O item est\u00e1 <strong>correto<\/strong>, j\u00e1 que, como se extrai do art. 2\u00ba, pode a lei ter vig\u00eancia tempor\u00e1ria, contrariamente \u00e0 regra geral de perenidade da norma.<\/p>\n<p>&nbsp;<\/p>\n<ol start=\"78\">\n<li><strong> 2017 \u2013 CESPE \u2013 TRF\/1\u00aa Regi\u00e3o \u2013 T\u00e9cnico Judici\u00e1rio \u2013 \u00c1rea Judici\u00e1ria<\/strong><\/li>\n<\/ol>\n<p>Derroga\u00e7\u00e3o \u00e9 o fen\u00f4meno que ocorre quando h\u00e1 revoga\u00e7\u00e3o total de uma lei.<\/p>\n<p><strong>Coment\u00e1rios<\/strong><\/p>\n<p>O item est\u00e1 <strong>incorreto<\/strong>, j\u00e1 que revoga\u00e7\u00e3o total \u00e9 a ab-roga\u00e7\u00e3o, sendo a derroga\u00e7\u00e3o a revoga\u00e7\u00e3o parcial da lei.<\/p>\n<p>&nbsp;<\/p>\n<ol start=\"79\">\n<li><strong> 2017 \u2013 CESPE \u2013 TRF\/1\u00aa Regi\u00e3o \u2013 T\u00e9cnico Judici\u00e1rio \u2013 \u00c1rea Judici\u00e1ria<\/strong><\/li>\n<\/ol>\n<p>Decai em tr\u00eas anos o direito de anular a constitui\u00e7\u00e3o das pessoas jur\u00eddicas de direito privado.<\/p>\n<p><strong>Coment\u00e1rios<\/strong><\/p>\n<p>O item est\u00e1 <strong>correto<\/strong>, conforme o art. 45, par\u00e1grafo \u00fanico: \u201cDecai em tr\u00eas anos o direito de anular a constitui\u00e7\u00e3o das pessoas jur\u00eddicas de direito privado, por defeito do ato respectivo, contado o prazo da publica\u00e7\u00e3o de sua inscri\u00e7\u00e3o no registro\u201d.<\/p>\n<p>&nbsp;<\/p>\n<ol start=\"80\">\n<li><strong> 2017 \u2013 CESPE \u2013 TRF\/1\u00aa Regi\u00e3o \u2013 T\u00e9cnico Judici\u00e1rio \u2013 \u00c1rea Judici\u00e1ria<\/strong><\/li>\n<\/ol>\n<p>A pessoa jur\u00eddica se responsabiliza pelos atos praticados por seus administradores, desde que esses atos sejam exercidos nos limites dos poderes estabelecidos no ato constitutivo.<\/p>\n<p><strong>Coment\u00e1rios<\/strong><\/p>\n<p>O item est\u00e1 <strong>correto<\/strong>, de acordo com o art. 47: \u201cObrigam a pessoa jur\u00eddica os atos dos administradores, exercidos nos limites de seus poderes definidos no ato constitutivo\u201d.<\/p>\n<p>&nbsp;<\/p>\n<ol start=\"81\">\n<li><strong> 2017 \u2013 CESPE \u2013 TRF\/1\u00aa Regi\u00e3o \u2013 T\u00e9cnico Judici\u00e1rio \u2013 \u00c1rea Judici\u00e1ria<\/strong><\/li>\n<\/ol>\n<p>As empresas individuais de responsabilidade limitada s\u00e3o exemplo de pessoa jur\u00eddica de direito privado.<\/p>\n<p><strong>Coment\u00e1rios<\/strong><\/p>\n<p>O item est\u00e1 <strong>correto<\/strong>, na regra do art. 44, inc. VI: \u201cS\u00e3o pessoas jur\u00eddicas de direito privado as empresas individuais de responsabilidade limitada\u201d.<\/p>\n<p>&nbsp;<\/p>\n<ol start=\"82\">\n<li><strong> 2017 \u2013 CESPE \u2013 TRF\/1\u00aa Regi\u00e3o \u2013 T\u00e9cnico Judici\u00e1rio \u2013 \u00c1rea Judici\u00e1ria<\/strong><\/li>\n<\/ol>\n<p>Os bens p\u00fablicos est\u00e3o sujeitos a usucapi\u00e3o.<\/p>\n<p><strong>Coment\u00e1rios<\/strong><\/p>\n<p>O item est\u00e1 <strong>incorreto<\/strong>, na literalidade do art. 102: \u201cOs bens p\u00fablicos n\u00e3o est\u00e3o sujeitos a usucapi\u00e3o\u201d.<\/p>\n<p>&nbsp;<\/p>\n<ol start=\"83\">\n<li><strong> 2017 \u2013 CESPE \u2013 TRF\/1\u00aa Regi\u00e3o \u2013 T\u00e9cnico Judici\u00e1rio \u2013 \u00c1rea Judici\u00e1ria<\/strong><\/li>\n<\/ol>\n<p>Os bens p\u00fablicos dominicais s\u00e3o inalien\u00e1veis.<\/p>\n<p><strong>Coment\u00e1rios<\/strong><\/p>\n<p>O item est\u00e1 <strong>incorreto<\/strong>, pelo que estatui o art. 101: \u201cOs bens p\u00fablicos dominicais podem ser alienados, observadas as exig\u00eancias da lei\u201d.<\/p>\n<p>&nbsp;<\/p>\n<ol start=\"84\">\n<li><strong> 2017 \u2013 CESPE \u2013 TRF\/1\u00aa Regi\u00e3o \u2013 T\u00e9cnico Judici\u00e1rio \u2013 \u00c1rea Judici\u00e1ria<\/strong><\/li>\n<\/ol>\n<p>O juiz pode reconhecer, de of\u00edcio, a decad\u00eancia, mesmo quando convencionada pelas partes.<\/p>\n<p><strong>Coment\u00e1rios<\/strong><\/p>\n<p>O item est\u00e1 <strong>incorreto<\/strong>, pela exclus\u00e3o trazida na parte final do art. 210: \u201cDeve o juiz, de of\u00edcio, conhecer da decad\u00eancia, quando estabelecida por lei\u201d.<\/p>\n<p>&nbsp;<\/p>\n<ol start=\"85\">\n<li><strong> 2017 \u2013 CESPE \u2013 TRF\/1\u00aa Regi\u00e3o \u2013 T\u00e9cnico Judici\u00e1rio \u2013 \u00c1rea Judici\u00e1ria<\/strong><\/li>\n<\/ol>\n<p>A prescri\u00e7\u00e3o ocorrer\u00e1 em dez anos, caso a lei n\u00e3o lhe tenha fixado prazo menor.<\/p>\n<p><strong>Coment\u00e1rios<\/strong><\/p>\n<p>O item est\u00e1 <strong>correto<\/strong>, na dic\u00e7\u00e3o do art. 205: \u201cA prescri\u00e7\u00e3o ocorre em dez anos, quando a lei n\u00e3o lhe haja fixado prazo menor\u201d.<\/p>\n<p>&nbsp;<\/p>\n<p><strong>Conclus\u00e3o<\/strong><\/p>\n<p>Aparentemente, a prova n\u00e3o apresentou problemas ou, ao que nos parece, quest\u00f5es que podem se sujeitar a recursos. O CESPE, em geral, acabou cobrando a literalidade da lei, especialmente na prova de T\u00e9cnico; j\u00e1 na prova de Analista, a coisa ficou mais dura, com alguns aspectos doutrin\u00e1rios e jurisprudenciais. Inclusive, uma quest\u00e3o tratou de um caso que foi discutido nos Informativos Estrat\u00e9gicos, redigidos pelo Prof. Paulo, agora, em 2017!<\/p>\n<p>E voc\u00ea, como foi na prova? J\u00e1 pensando nos pr\u00f3ximos passos e mais pr\u00f3ximo de assumir seu cargo p\u00fablico? Desejamos, desde j\u00e1, sucesso a voc\u00ea!!! E, caso n\u00e3o tenha ido t\u00e3o bem, mais sucesso nas pr\u00f3ximas empreitadas concurseiras; vida de concurseiro \u00e9 assim mesmo, nada f\u00e1cil&#8230;<\/p>\n<p>Se est\u00e1 com a vaga garantida e pretende j\u00e1 seguir para o pr\u00f3ximo concurso, ou se o TRF-1 j\u00e1 est\u00e1 no passado, d\u00ea uma olhada nos cursos ministrados pelo <a href=\"https:\/\/www.estrategiaconcursos.com.br\/cursosPorProfessor\/paulo-h-m-sousa-3384\">Prof. Paulo Sousa<\/a> e pela <a href=\"https:\/\/www.estrategiaconcursos.com.br\/cursosPorProfessor\/aline-santiago-3228\">Prof. Aline Santiago<\/a>; ela tem mais foco nos concursos em geral, ele, na OAB e nas Carreiras Jur\u00eddicas. Certamente um tem um curso voltado para voc\u00ea! =)<\/p>\n<p>Grande abra\u00e7o,<\/p>\n<p><a href=\"prof.phms@gmail.com\">Prof. Paulo Sousa<\/a> (<a href=\"http:\/\/instagram.com\/prof.phms\">Insta<\/a> e <a href=\"http:\/\/facebook.com\/prof.phms\">FB<\/a>)<\/p>\n<p><a href=\"https:\/\/www.estrategiaconcursos.com.br\/professor\/aline-santiago-3228\">Prof. Aline Santiago<\/a><\/p>\n","protected":false},"excerpt":{"rendered":"<p>Ol\u00e1 galera, Para quem ainda n\u00e3o nos conhece, somos o Prof. Paulo Sousa (Insta e FB) e a Prof. Aline Santiago, de Direito Civil, aqui do Estrat\u00e9gia Concursos. A foto do post \u00e9 do Prof. Paulo (que d\u00e1 \u201ccara\u201d aos cursos porque respons\u00e1vel pelas videoaulas), mas a reda\u00e7\u00e3o do artigo foi feita a quatro m\u00e3os, [&hellip;]<\/p>\n","protected":false},"author":218,"featured_media":0,"comment_status":"open","ping_status":"closed","sticky":false,"template":"","format":"standard","meta":{"post_tipo":"article","footnotes":""},"categories":[1],"tags":[],"tax_estado":[],"class_list":["post-97049","post","type-post","status-publish","format-standard","hentry","category-cursos-e-concursos"],"acf":[],"yoast_head":"<!-- This site is optimized with the Yoast SEO Premium plugin v27.2 (Yoast SEO v27.2) - https:\/\/yoast.com\/product\/yoast-seo-premium-wordpress\/ -->\n<title>Recursos!? TRF-1 \u2013 Direito Civil<\/title>\n<meta name=\"robots\" content=\"index, follow, max-snippet:-1, max-image-preview:large, max-video-preview:-1\" \/>\n<link rel=\"canonical\" href=\"https:\/\/www.estrategiaconcursos.com.br\/blog\/recursos-trf-1-direito-civil\/\" \/>\n<meta property=\"og:locale\" content=\"pt_BR\" \/>\n<meta property=\"og:type\" content=\"article\" \/>\n<meta property=\"og:title\" content=\"Recursos!? TRF-1 \u2013 Direito Civil\" \/>\n<meta property=\"og:description\" content=\"Ol\u00e1 galera, Para quem ainda n\u00e3o nos conhece, somos o Prof. Paulo Sousa (Insta e FB) e a Prof. Aline Santiago, de Direito Civil, aqui do Estrat\u00e9gia Concursos. A foto do post \u00e9 do Prof. Paulo (que d\u00e1 \u201ccara\u201d aos cursos porque respons\u00e1vel pelas videoaulas), mas a reda\u00e7\u00e3o do artigo foi feita a quatro m\u00e3os, [&hellip;]\" \/>\n<meta property=\"og:url\" content=\"https:\/\/www.estrategiaconcursos.com.br\/blog\/recursos-trf-1-direito-civil\/\" \/>\n<meta property=\"og:site_name\" content=\"Estrat\u00e9gia Concursos\" \/>\n<meta property=\"article:published_time\" content=\"2017-11-26T23:36:00+00:00\" \/>\n<meta property=\"article:modified_time\" content=\"2018-01-04T14:16:00+00:00\" \/>\n<meta name=\"author\" content=\"Paulo H M Sousa\" \/>\n<meta name=\"twitter:card\" content=\"summary_large_image\" \/>\n<meta name=\"twitter:creator\" content=\"@EstratConcursos\" \/>\n<meta name=\"twitter:site\" content=\"@EstratConcursos\" \/>\n<meta name=\"twitter:label1\" content=\"Escrito por\" \/>\n\t<meta name=\"twitter:data1\" content=\"Paulo H M Sousa\" \/>\n\t<meta name=\"twitter:label2\" content=\"Est. tempo de leitura\" \/>\n\t<meta name=\"twitter:data2\" content=\"13 minutos\" \/>\n<script type=\"application\/ld+json\" class=\"yoast-schema-graph\">{\"@context\":\"https:\/\/schema.org\",\"@graph\":[{\"@type\":\"NewsArticle\",\"@id\":\"https:\/\/www.estrategiaconcursos.com.br\/blog\/recursos-trf-1-direito-civil\/#article\",\"isPartOf\":{\"@id\":\"https:\/\/www.estrategiaconcursos.com.br\/blog\/recursos-trf-1-direito-civil\/\"},\"author\":{\"name\":\"Paulo H M Sousa\",\"@id\":\"https:\/\/www.estrategiaconcursos.com.br\/blog\/#\/schema\/person\/659a4992e582a2be87908edc68d3786f\"},\"headline\":\"Recursos!? TRF-1 \u2013 Direito Civil\",\"datePublished\":\"2017-11-26T23:36:00+00:00\",\"dateModified\":\"2018-01-04T14:16:00+00:00\",\"mainEntityOfPage\":{\"@id\":\"https:\/\/www.estrategiaconcursos.com.br\/blog\/recursos-trf-1-direito-civil\/\"},\"wordCount\":2648,\"commentCount\":1,\"publisher\":{\"@id\":\"https:\/\/www.estrategiaconcursos.com.br\/blog\/#organization\"},\"articleSection\":[\"Concursos P\u00fablicos\"],\"inLanguage\":\"pt-BR\",\"potentialAction\":[{\"@type\":\"CommentAction\",\"name\":\"Comment\",\"target\":[\"https:\/\/www.estrategiaconcursos.com.br\/blog\/recursos-trf-1-direito-civil\/#respond\"]}],\"copyrightYear\":\"2017\",\"copyrightHolder\":{\"@id\":\"https:\/\/www.estrategiaconcursos.com.br\/blog\/#organization\"}},{\"@type\":\"WebPage\",\"@id\":\"https:\/\/www.estrategiaconcursos.com.br\/blog\/recursos-trf-1-direito-civil\/\",\"url\":\"https:\/\/www.estrategiaconcursos.com.br\/blog\/recursos-trf-1-direito-civil\/\",\"name\":\"Recursos!? TRF-1 \u2013 Direito Civil\",\"isPartOf\":{\"@id\":\"https:\/\/www.estrategiaconcursos.com.br\/blog\/#website\"},\"datePublished\":\"2017-11-26T23:36:00+00:00\",\"dateModified\":\"2018-01-04T14:16:00+00:00\",\"breadcrumb\":{\"@id\":\"https:\/\/www.estrategiaconcursos.com.br\/blog\/recursos-trf-1-direito-civil\/#breadcrumb\"},\"inLanguage\":\"pt-BR\",\"potentialAction\":[{\"@type\":\"ReadAction\",\"target\":[\"https:\/\/www.estrategiaconcursos.com.br\/blog\/recursos-trf-1-direito-civil\/\"]}]},{\"@type\":\"BreadcrumbList\",\"@id\":\"https:\/\/www.estrategiaconcursos.com.br\/blog\/recursos-trf-1-direito-civil\/#breadcrumb\",\"itemListElement\":[{\"@type\":\"ListItem\",\"position\":1,\"name\":\"In\u00edcio\",\"item\":\"https:\/\/www.estrategiaconcursos.com.br\/blog\/\"},{\"@type\":\"ListItem\",\"position\":2,\"name\":\"Recursos!? TRF-1 \u2013 Direito Civil\"}]},{\"@type\":\"WebSite\",\"@id\":\"https:\/\/www.estrategiaconcursos.com.br\/blog\/#website\",\"url\":\"https:\/\/www.estrategiaconcursos.com.br\/blog\/\",\"name\":\"Estrat\u00e9gia Concursos\",\"description\":\"O blog da Estrat\u00e9gia Concursos traz not\u00edcias sobre concursos e artigos de professores oferecendo cursos para concursos (pdf + videaulas) no site.\",\"publisher\":{\"@id\":\"https:\/\/www.estrategiaconcursos.com.br\/blog\/#organization\"},\"potentialAction\":[{\"@type\":\"SearchAction\",\"target\":{\"@type\":\"EntryPoint\",\"urlTemplate\":\"https:\/\/www.estrategiaconcursos.com.br\/blog\/?s={search_term_string}\"},\"query-input\":{\"@type\":\"PropertyValueSpecification\",\"valueRequired\":true,\"valueName\":\"search_term_string\"}}],\"inLanguage\":\"pt-BR\"},{\"@type\":\"Organization\",\"@id\":\"https:\/\/www.estrategiaconcursos.com.br\/blog\/#organization\",\"name\":\"Estrat\u00e9gia Concursos\",\"url\":\"https:\/\/www.estrategiaconcursos.com.br\/blog\/\",\"logo\":{\"@type\":\"ImageObject\",\"inLanguage\":\"pt-BR\",\"@id\":\"https:\/\/www.estrategiaconcursos.com.br\/blog\/#\/schema\/logo\/image\/\",\"url\":\"https:\/\/dhg1h5j42swfq.cloudfront.net\/2025\/06\/03203428\/logo_concursos-1.jpg\",\"contentUrl\":\"https:\/\/dhg1h5j42swfq.cloudfront.net\/2025\/06\/03203428\/logo_concursos-1.jpg\",\"width\":230,\"height\":60,\"caption\":\"Estrat\u00e9gia Concursos\"},\"image\":{\"@id\":\"https:\/\/www.estrategiaconcursos.com.br\/blog\/#\/schema\/logo\/image\/\"},\"sameAs\":[\"https:\/\/x.com\/EstratConcursos\"]},{\"@type\":\"Person\",\"@id\":\"https:\/\/www.estrategiaconcursos.com.br\/blog\/#\/schema\/person\/659a4992e582a2be87908edc68d3786f\",\"name\":\"Paulo H M Sousa\",\"image\":{\"@type\":\"ImageObject\",\"inLanguage\":\"pt-BR\",\"@id\":\"https:\/\/secure.gravatar.com\/avatar\/6c5538a36475e584e0a1a209a3b92f8b2ecca752f244b8d7db751faab2a292e2?s=96&d=mm&r=g\",\"url\":\"https:\/\/secure.gravatar.com\/avatar\/6c5538a36475e584e0a1a209a3b92f8b2ecca752f244b8d7db751faab2a292e2?s=96&d=mm&r=g\",\"contentUrl\":\"https:\/\/secure.gravatar.com\/avatar\/6c5538a36475e584e0a1a209a3b92f8b2ecca752f244b8d7db751faab2a292e2?s=96&d=mm&r=g\",\"caption\":\"Paulo H M Sousa\"},\"url\":\"https:\/\/www.estrategiaconcursos.com.br\/blog\/author\/paulosousaestrategiaconcursos-com-br\/\"}]}<\/script>\n<!-- \/ Yoast SEO Premium plugin. -->","yoast_head_json":{"title":"Recursos!? TRF-1 \u2013 Direito Civil","robots":{"index":"index","follow":"follow","max-snippet":"max-snippet:-1","max-image-preview":"max-image-preview:large","max-video-preview":"max-video-preview:-1"},"canonical":"https:\/\/www.estrategiaconcursos.com.br\/blog\/recursos-trf-1-direito-civil\/","og_locale":"pt_BR","og_type":"article","og_title":"Recursos!? TRF-1 \u2013 Direito Civil","og_description":"Ol\u00e1 galera, Para quem ainda n\u00e3o nos conhece, somos o Prof. Paulo Sousa (Insta e FB) e a Prof. Aline Santiago, de Direito Civil, aqui do Estrat\u00e9gia Concursos. A foto do post \u00e9 do Prof. Paulo (que d\u00e1 \u201ccara\u201d aos cursos porque respons\u00e1vel pelas videoaulas), mas a reda\u00e7\u00e3o do artigo foi feita a quatro m\u00e3os, [&hellip;]","og_url":"https:\/\/www.estrategiaconcursos.com.br\/blog\/recursos-trf-1-direito-civil\/","og_site_name":"Estrat\u00e9gia Concursos","article_published_time":"2017-11-26T23:36:00+00:00","article_modified_time":"2018-01-04T14:16:00+00:00","author":"Paulo H M Sousa","twitter_card":"summary_large_image","twitter_creator":"@EstratConcursos","twitter_site":"@EstratConcursos","twitter_misc":{"Escrito por":"Paulo H M Sousa","Est. tempo de leitura":"13 minutos"},"schema":{"@context":"https:\/\/schema.org","@graph":[{"@type":"NewsArticle","@id":"https:\/\/www.estrategiaconcursos.com.br\/blog\/recursos-trf-1-direito-civil\/#article","isPartOf":{"@id":"https:\/\/www.estrategiaconcursos.com.br\/blog\/recursos-trf-1-direito-civil\/"},"author":{"name":"Paulo H M Sousa","@id":"https:\/\/www.estrategiaconcursos.com.br\/blog\/#\/schema\/person\/659a4992e582a2be87908edc68d3786f"},"headline":"Recursos!? TRF-1 \u2013 Direito Civil","datePublished":"2017-11-26T23:36:00+00:00","dateModified":"2018-01-04T14:16:00+00:00","mainEntityOfPage":{"@id":"https:\/\/www.estrategiaconcursos.com.br\/blog\/recursos-trf-1-direito-civil\/"},"wordCount":2648,"commentCount":1,"publisher":{"@id":"https:\/\/www.estrategiaconcursos.com.br\/blog\/#organization"},"articleSection":["Concursos P\u00fablicos"],"inLanguage":"pt-BR","potentialAction":[{"@type":"CommentAction","name":"Comment","target":["https:\/\/www.estrategiaconcursos.com.br\/blog\/recursos-trf-1-direito-civil\/#respond"]}],"copyrightYear":"2017","copyrightHolder":{"@id":"https:\/\/www.estrategiaconcursos.com.br\/blog\/#organization"}},{"@type":"WebPage","@id":"https:\/\/www.estrategiaconcursos.com.br\/blog\/recursos-trf-1-direito-civil\/","url":"https:\/\/www.estrategiaconcursos.com.br\/blog\/recursos-trf-1-direito-civil\/","name":"Recursos!? TRF-1 \u2013 Direito Civil","isPartOf":{"@id":"https:\/\/www.estrategiaconcursos.com.br\/blog\/#website"},"datePublished":"2017-11-26T23:36:00+00:00","dateModified":"2018-01-04T14:16:00+00:00","breadcrumb":{"@id":"https:\/\/www.estrategiaconcursos.com.br\/blog\/recursos-trf-1-direito-civil\/#breadcrumb"},"inLanguage":"pt-BR","potentialAction":[{"@type":"ReadAction","target":["https:\/\/www.estrategiaconcursos.com.br\/blog\/recursos-trf-1-direito-civil\/"]}]},{"@type":"BreadcrumbList","@id":"https:\/\/www.estrategiaconcursos.com.br\/blog\/recursos-trf-1-direito-civil\/#breadcrumb","itemListElement":[{"@type":"ListItem","position":1,"name":"In\u00edcio","item":"https:\/\/www.estrategiaconcursos.com.br\/blog\/"},{"@type":"ListItem","position":2,"name":"Recursos!? TRF-1 \u2013 Direito Civil"}]},{"@type":"WebSite","@id":"https:\/\/www.estrategiaconcursos.com.br\/blog\/#website","url":"https:\/\/www.estrategiaconcursos.com.br\/blog\/","name":"Estrat\u00e9gia Concursos","description":"O blog da Estrat\u00e9gia Concursos traz not\u00edcias sobre concursos e artigos de professores oferecendo cursos para concursos (pdf + videaulas) no site.","publisher":{"@id":"https:\/\/www.estrategiaconcursos.com.br\/blog\/#organization"},"potentialAction":[{"@type":"SearchAction","target":{"@type":"EntryPoint","urlTemplate":"https:\/\/www.estrategiaconcursos.com.br\/blog\/?s={search_term_string}"},"query-input":{"@type":"PropertyValueSpecification","valueRequired":true,"valueName":"search_term_string"}}],"inLanguage":"pt-BR"},{"@type":"Organization","@id":"https:\/\/www.estrategiaconcursos.com.br\/blog\/#organization","name":"Estrat\u00e9gia Concursos","url":"https:\/\/www.estrategiaconcursos.com.br\/blog\/","logo":{"@type":"ImageObject","inLanguage":"pt-BR","@id":"https:\/\/www.estrategiaconcursos.com.br\/blog\/#\/schema\/logo\/image\/","url":"https:\/\/dhg1h5j42swfq.cloudfront.net\/2025\/06\/03203428\/logo_concursos-1.jpg","contentUrl":"https:\/\/dhg1h5j42swfq.cloudfront.net\/2025\/06\/03203428\/logo_concursos-1.jpg","width":230,"height":60,"caption":"Estrat\u00e9gia Concursos"},"image":{"@id":"https:\/\/www.estrategiaconcursos.com.br\/blog\/#\/schema\/logo\/image\/"},"sameAs":["https:\/\/x.com\/EstratConcursos"]},{"@type":"Person","@id":"https:\/\/www.estrategiaconcursos.com.br\/blog\/#\/schema\/person\/659a4992e582a2be87908edc68d3786f","name":"Paulo H M Sousa","image":{"@type":"ImageObject","inLanguage":"pt-BR","@id":"https:\/\/secure.gravatar.com\/avatar\/6c5538a36475e584e0a1a209a3b92f8b2ecca752f244b8d7db751faab2a292e2?s=96&d=mm&r=g","url":"https:\/\/secure.gravatar.com\/avatar\/6c5538a36475e584e0a1a209a3b92f8b2ecca752f244b8d7db751faab2a292e2?s=96&d=mm&r=g","contentUrl":"https:\/\/secure.gravatar.com\/avatar\/6c5538a36475e584e0a1a209a3b92f8b2ecca752f244b8d7db751faab2a292e2?s=96&d=mm&r=g","caption":"Paulo H M Sousa"},"url":"https:\/\/www.estrategiaconcursos.com.br\/blog\/author\/paulosousaestrategiaconcursos-com-br\/"}]}},"_links":{"self":[{"href":"https:\/\/www.estrategiaconcursos.com.br\/blog\/wp-json\/wp\/v2\/posts\/97049","targetHints":{"allow":["GET"]}}],"collection":[{"href":"https:\/\/www.estrategiaconcursos.com.br\/blog\/wp-json\/wp\/v2\/posts"}],"about":[{"href":"https:\/\/www.estrategiaconcursos.com.br\/blog\/wp-json\/wp\/v2\/types\/post"}],"author":[{"embeddable":true,"href":"https:\/\/www.estrategiaconcursos.com.br\/blog\/wp-json\/wp\/v2\/users\/218"}],"replies":[{"embeddable":true,"href":"https:\/\/www.estrategiaconcursos.com.br\/blog\/wp-json\/wp\/v2\/comments?post=97049"}],"version-history":[{"count":2,"href":"https:\/\/www.estrategiaconcursos.com.br\/blog\/wp-json\/wp\/v2\/posts\/97049\/revisions"}],"predecessor-version":[{"id":101017,"href":"https:\/\/www.estrategiaconcursos.com.br\/blog\/wp-json\/wp\/v2\/posts\/97049\/revisions\/101017"}],"wp:attachment":[{"href":"https:\/\/www.estrategiaconcursos.com.br\/blog\/wp-json\/wp\/v2\/media?parent=97049"}],"wp:term":[{"taxonomy":"category","embeddable":true,"href":"https:\/\/www.estrategiaconcursos.com.br\/blog\/wp-json\/wp\/v2\/categories?post=97049"},{"taxonomy":"post_tag","embeddable":true,"href":"https:\/\/www.estrategiaconcursos.com.br\/blog\/wp-json\/wp\/v2\/tags?post=97049"},{"taxonomy":"tax_estado","embeddable":true,"href":"https:\/\/www.estrategiaconcursos.com.br\/blog\/wp-json\/wp\/v2\/tax_estado?post=97049"}],"curies":[{"name":"wp","href":"https:\/\/api.w.org\/{rel}","templated":true}]}}