{"id":969871,"date":"2023-06-09T15:44:00","date_gmt":"2023-06-09T18:44:00","guid":{"rendered":"https:\/\/www.estrategiaconcursos.com.br\/blog\/?p=969871"},"modified":"2023-06-10T09:32:53","modified_gmt":"2023-06-10T12:32:53","slug":"concurso-semad-go","status":"publish","type":"post","link":"https:\/\/www.estrategiaconcursos.com.br\/blog\/concurso-semad-go\/","title":{"rendered":"Concurso SEMAD GO: confira os resultados preliminares!"},"content":{"rendered":"\n<p>Foram divulgados os resultados preliminares do concurso <strong>SEMAD GO<\/strong> (<a href=\"https:\/\/www.estrategiaconcursos.com.br\/cursosPorConcurso\/secretaria-de-estado-de-meio-ambiente-e-desenvolvimento-sustentavel-de-goias-semad-go\/\" target=\"_blank\" rel=\"noreferrer noopener\"><em>Secretaria de Estado de Meio Ambiente e Desenvolvimento Sustent\u00e1vel<\/em><\/a>). Confira abaixo:<\/p>\n\n\n\n<ul class=\"wp-block-list\">\n<li><a href=\"https:\/\/dhg1h5j42swfq.cloudfront.net\/2023\/06\/09154051\/ac.pdf\" target=\"_blank\" rel=\"noreferrer noopener nofollow\">Resultado e Classifica\u00e7\u00e3o Preliminar &#8211; Ampla Concorr\u00eancia<\/a><\/li>\n\n\n\n<li><a href=\"https:\/\/dhg1h5j42swfq.cloudfront.net\/2023\/06\/09154048\/pcd.pdf\" target=\"_blank\" rel=\"noreferrer noopener nofollow\">Resultado e Classifica\u00e7\u00e3o Preliminar &#8211; PcD<\/a><\/li>\n<\/ul>\n\n\n\n<p>O per\u00edodo para <strong>interposi\u00e7\u00e3o de recursos<\/strong> estar\u00e1 aberto entre 10h do dia 12 at\u00e9 \u00e0s 17h do dia 14 de junho, diretamente pelo site da banca organizadora,&nbsp;<strong>IBFC<\/strong>.<\/p>\n\n\n\n<p>Ap\u00f3s isso, o pr\u00f3ximo e \u00faltimo passo ser\u00e1 a divulga\u00e7\u00e3o do <strong>resultado final<\/strong>. A partir da homologa\u00e7\u00e3o, o concurso ficar\u00e1 vigente por dois anos.<\/p>\n\n\n\n<p>A banca registrou <strong>9.111 candidatos<\/strong> <strong>inscritos<\/strong> que disputam uma das <strong>98 vagas <\/strong>imediatas, al\u00e9m de 98 em cadastro reserva para os cargos de Analista Ambiental (superior) e T\u00e9cnico Ambiental (m\u00e9dio\/t\u00e9cnico).<\/p>\n\n\n\n<ul class=\"has-background wp-block-list\" style=\"background-color:#efefef\">\n<li><strong>Secretaria de Estado de Meio Ambiente e Desenvolvimento Sustent\u00e1vel<\/strong> <strong>&#8211; SEMAD<\/strong><\/li>\n\n\n\n<li><strong>Status:<\/strong> resultados divulgados<\/li>\n\n\n\n<li><strong>Banca:<\/strong>&nbsp;<a href=\"https:\/\/www.ibfc.org.br\/concurso\/concurso_selecionado\/413\" target=\"_blank\" rel=\"noreferrer noopener\">IBFC<\/a><\/li>\n\n\n\n<li><strong>Vagas:<\/strong>&nbsp;98 + 98 CR<\/li>\n\n\n\n<li><strong>Sal\u00e1rio inicial:<\/strong> R$ 4.020,09 a R$ 5.576,26<\/li>\n\n\n\n<li><strong>Edital:<\/strong> <a href=\"https:\/\/dhg1h5j42swfq.cloudfront.net\/2022\/10\/28094941\/960670a5ffaa10d01237677afaa3fe78.pdf\" target=\"_blank\" rel=\"noreferrer noopener nofollow\">Semad GO 2022<\/a><\/li>\n<\/ul>\n\n\n\n<p>Reunimos aqui as principais informa\u00e7\u00f5es sobre andamento do <strong>concurso<\/strong> <strong>SEMAD GO<\/strong> para garantir que voc\u00ea n\u00e3o perca as atualiza\u00e7\u00f5es:<\/p>\n\n\n\n<ul class=\"wp-block-list\" id=\"indice\">\n<li><a href=\"#vagas\"><strong>Distribui\u00e7\u00e3o das vagas<\/strong><\/a><\/li>\n\n\n\n<li><a href=\"#carreira\"><strong>Carreira<\/strong><\/a>\n<ul class=\"wp-block-list\">\n<li><a href=\"#remuneracao\">Remunera\u00e7\u00e3o<\/a><\/li>\n\n\n\n<li><a href=\"#requisitos\">Requisitos<\/a><\/li>\n<\/ul>\n<\/li>\n\n\n\n<li><a href=\"#etapas\"><strong>Etapas<\/strong><\/a>\n<ul class=\"wp-block-list\">\n<li><a href=\"#objetiva\">Prova objetiva<\/a><\/li>\n\n\n\n<li><a href=\"#discursiva\">Prova discursiva<\/a><\/li>\n<\/ul>\n<\/li>\n\n\n\n<li><a href=\"#convocacao\"><strong>Previs\u00e3o de convoca\u00e7\u00e3o<\/strong><\/a><\/li>\n\n\n\n<li><a href=\"#sobre\"><strong>Sobre a SEMAD<\/strong><\/a><\/li>\n\n\n\n<li><a href=\"#cursos\"><strong>Cursos e assinaturas<\/strong><\/a><\/li>\n\n\n\n<li><a href=\"#ficha\"><strong>Ficha t\u00e9cnica<\/strong><\/a><\/li>\n<\/ul>\n\n\n\n<div class=\"container\" id=\"boxes\">\n  <div class=\"row\">\n\n    <div class=\"col-sm\">\n      <div class=\"banner-estrategia\" id=\"box-assinatura\">\n        <h3 class=\"titulo-assinatura\">Cursos para Semad GO<\/h3>\n        <p class=\"subtitulo-assinatura\">Estude conosco<\/p>\n        <div class=\"box-botao\">\n          <a class=\"btn-assinatura\" target=\"_blank\" href=\"https:\/\/www.estrategiaconcursos.com.br\/cursosPorConcurso\/secretaria-de-estado-de-meio-ambiente-e-desenvolvimento-sustentavel-de-goias-semad-go\/\" role=\"button\" rel=\"noopener noreferrer\">Conhe\u00e7a os cursos<\/a>\n        <\/div>\n      <\/div>\n     \n    <\/div>\n\n  <\/div>\n<\/div>\n\n\n\n<h2 class=\"wp-block-heading\" id=\"vagas\">Concurso SEMAD GO: distribui\u00e7\u00e3o das vagas<\/h2>\n\n\n\n<ul class=\"wp-block-list\">\n<li><strong>T\u00e9cnico Ambiental<\/strong> (m\u00e9dio, R$ 4.020,09) &#8211;<strong> 35 vagas + 35 CR<\/strong><\/li>\n<\/ul>\n\n\n\n<ul class=\"wp-block-list\">\n<li><strong>Analista Ambiental<\/strong> (superior &#8211; R$ 5.576,26) &#8211;<strong> 63 vagas<\/strong><strong>+ 63 CR<\/strong>\n<ul class=\"wp-block-list\">\n<li>Agronomia: 03 + 03 CR;<\/li>\n\n\n\n<li>Biologia\/Ecologia: 12 + 12 CR;<\/li>\n\n\n\n<li>Ci\u00eancias Sociais\/Sociologia: 02 + 02 CR;<\/li>\n\n\n\n<li>Direito: 05 + 05 CR;<\/li>\n\n\n\n<li>Engenharia Ambiental\/Sanit\u00e1ria: 05 + 05 CR;<\/li>\n\n\n\n<li>Engenharia Civil: 05 + 05 CR;<\/li>\n\n\n\n<li>Engenharia Florestal: 07 + 07 CR;<\/li>\n\n\n\n<li>Engenharia Qu\u00edmica: 02 + 02 CR;<\/li>\n\n\n\n<li>Engenharia de Minas: 02 + 02 CR;<\/li>\n\n\n\n<li>Geografia: 06 + 06 CR;<\/li>\n\n\n\n<li>Geologia: 04 + 04 CR;<\/li>\n\n\n\n<li>Gest\u00e3o Ambiental: 01 + 01 CR;<\/li>\n\n\n\n<li>Geoprocessamento\/Cartografia: 08 + 08 CR;<\/li>\n\n\n\n<li>Medicina Veterin\u00e1ria: 01 + 01 CR.<\/li>\n<\/ul>\n<\/li>\n<\/ul>\n\n\n\n<h2 class=\"wp-block-heading\" id=\"carreira\">Concurso SEMAD GO: carreira<\/h2>\n\n\n\n<h3 class=\"wp-block-heading\" id=\"remuneracao\">Remunera\u00e7\u00e3o<\/h3>\n\n\n\n<p>Fica estabelecido o Padr\u00e3o I da Classe A como refer\u00eancia base para os seguintes Grupos Ocupacionais, com o \u00faltimo reajuste em mar\u00e7o de 2022:<\/p>\n\n\n\n<ul class=\"wp-block-list\">\n<li>I \u2013 T\u00e9cnico Ambiental, com vencimento de<strong> R$ 4.020,09<\/strong>;<\/li>\n\n\n\n<li>II \u2013 Analista Ambiental, com vencimento de <strong>R$ 5.576,26<\/strong>.<\/li>\n<\/ul>\n\n\n\n<figure class=\"wp-block-image aligncenter size-full is-resized\"><img loading=\"lazy\" decoding=\"async\" src=\"https:\/\/dhg1h5j42swfq.cloudfront.net\/2022\/10\/21120304\/image-265.png\" alt=\"Estrutura remunerat\u00f3ria dos cargos do concurso SEMAD GO\" class=\"wp-image-1113871\" width=\"783\" height=\"632\" srcset=\"https:\/\/dhg1h5j42swfq.cloudfront.net\/2022\/10\/21120304\/image-265.png 829w, https:\/\/dhg1h5j42swfq.cloudfront.net\/2022\/10\/21120304\/image-265-300x242.png 300w, https:\/\/dhg1h5j42swfq.cloudfront.net\/2022\/10\/21120304\/image-265-768x620.png 768w, https:\/\/dhg1h5j42swfq.cloudfront.net\/2022\/10\/21120304\/image-265-610x492.png 610w, https:\/\/dhg1h5j42swfq.cloudfront.net\/2022\/10\/21120304\/image-265-150x121.png 150w\" sizes=\"auto, (max-width: 783px) 100vw, 783px\" \/><\/figure>\n\n\n\n<h3 class=\"wp-block-heading\" id=\"requisitos\">Requisitos<\/h3>\n\n\n\n<p><strong>T\u00e9cnico ambiental:<\/strong> forma\u00e7\u00e3o em: t\u00e9cnico em agropecu\u00e1ria; t\u00e9cnico em minera\u00e7\u00e3o; t\u00e9cnico em estradas; t\u00e9cnico em saneamento; t\u00e9cnico em meio ambiente; t\u00e9cnico em regulamenta\u00e7\u00e3o ambiental; ou equivalentes; admitido curso de n\u00edvel superior nas \u00e1reas de Agronomia, Biologia\/Ecologia, Ci\u00eancias Sociais\/Sociologia, Direito, Engenharia (Ambiental\/Sanit\u00e1ria), Engenharia Civil, Engenharia Florestal, Engenharia Qu\u00edmica, Engenheiro de Minas, Geografia, Geologia, Geoprocessamento\/Cartografia, Gest\u00e3o Ambiental e Medicina Veterin\u00e1ria; ainda, registro no \u00f3rg\u00e3o fiscalizador de exerc\u00edcio profissional.<\/p>\n\n\n\n<p><strong>Analista ambiental:<\/strong> Gradua\u00e7\u00e3o na respectiva \u00e1rea, com registro no \u00f3rg\u00e3o fiscalizador de exerc\u00edcio profissional.<\/p>\n\n\n\n<h3 class=\"wp-block-heading\">Atribui\u00e7\u00f5es<\/h3>\n\n\n\n<p><strong>T\u00e9cnico ambiental:<\/strong>  Desempenho de atividades de fiscaliza\u00e7\u00e3o ambiental, tais como: fiscaliza\u00e7\u00e3o, licenciamento ambiental, outorga de uso de recursos h\u00eddricos e monitoramento de atividades econ\u00f4micas e empreendimentos potencialmente poluidores; Fiscaliza\u00e7\u00e3o, licenciamento e controle da comercializa\u00e7\u00e3o e transporte de pescado, produtos oriundos de aquicultura, produtos florestais e animais silvestres ao longo de rios, rodovias e barreiras; Monitoramento de parques e unidades de conserva\u00e7\u00e3o; Realiza\u00e7\u00e3o de coletas e preparo de amostras e de outros procedimentos b\u00e1sicos para realiza\u00e7\u00e3o de an\u00e1lises laboratoriais.<\/p>\n\n\n\n<p><strong>Analista ambiental:<\/strong> Desempenho de atividades relacionadas com planejamento, organiza\u00e7\u00e3o, dire\u00e7\u00e3o, execu\u00e7\u00e3o, supervis\u00e3o, coordena\u00e7\u00e3o, consultoria, assessoramento e controle de a\u00e7\u00f5es, projetos e programas de promo\u00e7\u00e3o da \u00e1rea ambiental, especialmente as relacionadas com a educa\u00e7\u00e3o ambiental, fiscaliza\u00e7\u00e3o e monitoramento de atividades econ\u00f4micas de grande impacto ambiental e empreendimentos de grande porte, tais como: realiza\u00e7\u00e3o de auditorias e per\u00edcias ambientais; outorga de uso de recursos h\u00eddricos, licenciamento, registro, controle e monitoramento de atividades e empreendimentos; avalia\u00e7\u00e3o e elabora\u00e7\u00e3o de estudos ambientais que envolvam o acesso a recursos naturais, regulariza\u00e7\u00e3o ambiental, monitoramento da qualidade ambiental; a\u00e7\u00f5es, estudos e diagn\u00f3sticos preparat\u00f3rios a zoneamentos socioambientais, para defini\u00e7\u00e3o de padr\u00f5es de qualidade ambiental e de emiss\u00e3o de poluentes, elabora\u00e7\u00e3o de projetos, avalia\u00e7\u00e3o e monitoramento de \u00e1reas degradadas; fiscaliza\u00e7\u00e3o ambiental.<\/p>\n\n\n\n<h2 class=\"wp-block-heading\" id=\"etapas\">Concurso SEMAD GO: etapas<\/h2>\n\n\n\n<p>Com dura\u00e7\u00e3o de 5 horas, a avalia\u00e7\u00e3o dos candidatos foi realizada por meio de <strong>provas objetivas e discursivas<\/strong>, ambas de car\u00e1ter eliminat\u00f3rio e classificat\u00f3rio.<\/p>\n\n\n\n<h3 class=\"wp-block-heading\" id=\"objetiva\">Prova objetiva<\/h3>\n\n\n\n<p>A Prova Objetiva foi constitu\u00edda de 80 quest\u00f5es de m\u00faltipla escolha com cinco alternativas cada, distribu\u00eddas entre conhecimentos gerais e espec\u00edficos:<\/p>\n\n\n\n<figure class=\"wp-block-image aligncenter size-full\"><img loading=\"lazy\" decoding=\"async\" width=\"859\" height=\"506\" src=\"https:\/\/dhg1h5j42swfq.cloudfront.net\/2022\/10\/28084744\/image-383.png\" alt=\"Provas objetivas do concurso SEMAD GO\" class=\"wp-image-1116975\" srcset=\"https:\/\/dhg1h5j42swfq.cloudfront.net\/2022\/10\/28084744\/image-383.png 859w, https:\/\/dhg1h5j42swfq.cloudfront.net\/2022\/10\/28084744\/image-383-300x177.png 300w, https:\/\/dhg1h5j42swfq.cloudfront.net\/2022\/10\/28084744\/image-383-768x452.png 768w, https:\/\/dhg1h5j42swfq.cloudfront.net\/2022\/10\/28084744\/image-383-610x359.png 610w, https:\/\/dhg1h5j42swfq.cloudfront.net\/2022\/10\/28084744\/image-383-150x88.png 150w\" sizes=\"auto, (max-width: 859px) 100vw, 859px\" \/><\/figure>\n\n\n\n<p>A prova foi avaliada na escala de 0 a 140 pontos, considerando-se habilitado nesta etapa o candidato que, cumulativamente:<\/p>\n\n\n\n<ul class=\"wp-block-list\">\n<li>acertasse, no m\u00ednimo, 8 pontos na prova de conhecimentos gerais;<\/li>\n\n\n\n<li>acertasse, no m\u00ednimo, 60 pontos na prova de conhecimentos espec\u00edficos; e<\/li>\n\n\n\n<li>acertasse, no m\u00ednimo, 70 pontos do total da prova objetiva.<\/li>\n<\/ul>\n\n\n\n<h3 class=\"wp-block-heading\" id=\"discursiva\">Prova discursiva<\/h3>\n\n\n\n<p>A Prova Discursiva foi realizada no mesmo dia e hor\u00e1rio da Prova Objetiva e foi composta de 01 quest\u00e3o de conhecimento espec\u00edfico. O candidato precisou redigir no m\u00ednimo 20 e no m\u00e1ximo 40 linhas, observando os crit\u00e9rios de corre\u00e7\u00e3o a seguir:<\/p>\n\n\n\n<figure class=\"wp-block-image aligncenter size-large\"><img loading=\"lazy\" decoding=\"async\" width=\"1024\" height=\"185\" src=\"https:\/\/dhg1h5j42swfq.cloudfront.net\/2022\/10\/28084915\/image-384-1024x185.png\" alt=\"Crit\u00e9rios de corre\u00e7\u00e3o da prova discursiva do concurso Semad GO\" class=\"wp-image-1116977\" srcset=\"https:\/\/dhg1h5j42swfq.cloudfront.net\/2022\/10\/28084915\/image-384-1024x185.png 1024w, https:\/\/dhg1h5j42swfq.cloudfront.net\/2022\/10\/28084915\/image-384-300x54.png 300w, https:\/\/dhg1h5j42swfq.cloudfront.net\/2022\/10\/28084915\/image-384-768x139.png 768w, https:\/\/dhg1h5j42swfq.cloudfront.net\/2022\/10\/28084915\/image-384-610x110.png 610w, https:\/\/dhg1h5j42swfq.cloudfront.net\/2022\/10\/28084915\/image-384-150x27.png 150w, https:\/\/dhg1h5j42swfq.cloudfront.net\/2022\/10\/28084915\/image-384.png 1028w\" sizes=\"auto, (max-width: 1024px) 100vw, 1024px\" \/><\/figure>\n\n\n\n<p>A prova foi avaliada na escala de 0 a 60 pontos, considerando-se habilitado o candidato que nela obtivesse nota igual ou superior a 30 pontos.<\/p>\n\n\n\n<h2 class=\"wp-block-heading\" id=\"convocacao\">Concurso SEMAD GO: previs\u00e3o de convoca\u00e7\u00e3o<\/h2>\n\n\n\n<p>A previs\u00e3o de convoca\u00e7\u00e3o dos candidatos seguir\u00e1 a estimativa prevista no cronograma indicativo de Nomea\u00e7\u00f5es abaixo:<\/p>\n\n\n\n<figure class=\"wp-block-image aligncenter size-full\"><img loading=\"lazy\" decoding=\"async\" width=\"852\" height=\"332\" src=\"https:\/\/dhg1h5j42swfq.cloudfront.net\/2022\/10\/28090355\/image-385.png\" alt=\"Concurso SEMAD GO: previs\u00e3o de convoca\u00e7\u00e3o\" class=\"wp-image-1116986\" srcset=\"https:\/\/dhg1h5j42swfq.cloudfront.net\/2022\/10\/28090355\/image-385.png 852w, https:\/\/dhg1h5j42swfq.cloudfront.net\/2022\/10\/28090355\/image-385-300x117.png 300w, https:\/\/dhg1h5j42swfq.cloudfront.net\/2022\/10\/28090355\/image-385-768x299.png 768w, https:\/\/dhg1h5j42swfq.cloudfront.net\/2022\/10\/28090355\/image-385-610x238.png 610w, https:\/\/dhg1h5j42swfq.cloudfront.net\/2022\/10\/28090355\/image-385-150x58.png 150w\" sizes=\"auto, (max-width: 852px) 100vw, 852px\" \/><\/figure>\n\n\n\n<h2 class=\"wp-block-heading\" id=\"sobre\">Sobre a SEMAD GO<\/h2>\n\n\n\n<p>Compete \u00e0 Secretaria de Estado de Meio Ambiente e Desenvolvimento Sustent\u00e1vel &#8211; SEMAD:&nbsp;<\/p>\n\n\n\n<ul class=\"wp-block-list\">\n<li><strong>I &#8211;<\/strong> a formula\u00e7\u00e3o, a gest\u00e3o e a execu\u00e7\u00e3o da pol\u00edtica estadual do meio ambiente e de recursos h\u00eddricos, saneamento e res\u00edduos s\u00f3lidos, visando o desenvolvimento sustent\u00e1vel;&nbsp;<\/li>\n\n\n\n<li><strong>II &#8211;<\/strong> a formula\u00e7\u00e3o das pol\u00edticas estaduais de saneamento b\u00e1sico e &nbsp;res\u00edduos s\u00f3lidos;&nbsp;<\/li>\n\n\n\n<li><strong>III &#8211; <\/strong>a prote\u00e7\u00e3o dos ecossistemas, dos recursos h\u00eddricos e minerais, da flora, da fauna, bem como o exerc\u00edcio do poder de pol\u00edcia sobre as atividades que causem impacto ambiental;&nbsp;<\/li>\n\n\n\n<li><strong>IV &#8211;<\/strong> a ado\u00e7\u00e3o de estrat\u00e9gias, mecanismos e instrumentos econ\u00f4micos e sociais para a melhoria da qualidade ambiental e para o uso sustent\u00e1vel dos recursos naturais;&nbsp;<\/li>\n\n\n\n<li><strong>V &#8211; <\/strong>a formula\u00e7\u00e3o e a execu\u00e7\u00e3o de pol\u00edticas de regulariza\u00e7\u00e3o ambiental rural e licenciamento ambiental para integra\u00e7\u00e3o de meio ambiente e produ\u00e7\u00e3o econ\u00f4mica;&nbsp;entre outros.<\/li>\n<\/ul>\n\n\n\n<hr class=\"wp-block-separator has-css-opacity\"\/>\n\n\n\n<h2 class=\"wp-block-heading has-text-align-center\" id=\"quer-estudar-para-o-concurso-semad-go\"><em>Quer estudar para o concurso SEMAD GO?<\/em><\/h2>\n\n\n\n<div class=\"container\" id=\"boxes\">\n  <div class=\"row\">\n\n    <div class=\"col-sm\">\n      <div class=\"banner-estrategia\" id=\"box-assinatura\">\n        <h3 class=\"titulo-assinatura\">Cursos para Semad GO<\/h3>\n        <p class=\"subtitulo-assinatura\">Estude conosco<\/p>\n        <div class=\"box-botao\">\n          <a class=\"btn-assinatura\" target=\"_blank\" href=\"https:\/\/www.estrategiaconcursos.com.br\/cursosPorConcurso\/secretaria-de-estado-de-meio-ambiente-e-desenvolvimento-sustentavel-de-goias-semad-go\/\" role=\"button\" rel=\"noopener noreferrer\">Conhe\u00e7a os cursos<\/a>\n        <\/div>\n      <\/div>\n     \n    <\/div>\n\n  <\/div>\n<\/div>\n\n\n\n<div class=\"container\" id=\"boxes\">\n  <div class=\"row\">\n\n    <div class=\"col-sm\">\n      <div class=\"estrategia\" id=\"box-assinatura\">\n        <h3 class=\"titulo-assinatura\">Assinatura Concursos<\/h3>\n        <p class=\"subtitulo-assinatura\">Assinatura de 1 ano ou 2 anos<\/p>\n        <div class=\"box-botao\">\n          <a class=\"btn-assinatura\" target=\"_blank\" href=\"https:\/\/www.estrategiaconcursos.com.br\/assinaturas\/\" role=\"button\" rel=\"noopener noreferrer\">ASSINE AGORA<\/a>\n        <\/div>\n      <\/div>\n     \n    <\/div><\/div><\/div>\n\n\n\n<h2 class=\"wp-block-heading has-text-align-center\" id=\"h-quer-saber-tudo-sobre-concursos-previstos-confira-nossos-artigos\">Quer saber tudo sobre concursos previstos?<br \/>Confira nossos artigos!<\/h2>\n\n\n\n<ul class=\"wp-block-list\">\n<li><a href=\"https:\/\/www.estrategiaconcursos.com.br\/blog\/concursos-abertos\/\" target=\"_blank\" rel=\"noreferrer noopener\">Concursos Abertos<\/a><\/li>\n\n\n\n<li><a href=\"https:\/\/www.estrategiaconcursos.com.br\/blog\/concursos-2023\/\" target=\"_blank\" rel=\"noreferrer noopener\">Concursos 2023<\/a><\/li>\n\n\n\n<li><a href=\"https:\/\/www.estrategiaconcursos.com.br\/blog\/concursos-2024\/\" target=\"_blank\" rel=\"noreferrer noopener\">Concursos 2024<\/a><\/li>\n<\/ul>\n\n\n\n<figure class=\"wp-block-image size-large is-resized\"><img loading=\"lazy\" decoding=\"async\" src=\"https:\/\/dhg1h5j42swfq.cloudfront.net\/2021\/04\/06153947\/ficha-tecnica-1-1024x632-1.png\" alt=\"Informa\u00e7\u00f5es do concurso Semad GO\" class=\"wp-image-708668\" width=\"249\" height=\"154\" srcset=\"https:\/\/dhg1h5j42swfq.cloudfront.net\/2021\/04\/06153947\/ficha-tecnica-1-1024x632-1.png 1024w, https:\/\/dhg1h5j42swfq.cloudfront.net\/2021\/04\/06153947\/ficha-tecnica-1-1024x632-1-300x185.png 300w, https:\/\/dhg1h5j42swfq.cloudfront.net\/2021\/04\/06153947\/ficha-tecnica-1-1024x632-1-768x474.png 768w, https:\/\/dhg1h5j42swfq.cloudfront.net\/2021\/04\/06153947\/ficha-tecnica-1-1024x632-1-610x376.png 610w\" sizes=\"auto, (max-width: 249px) 100vw, 249px\" \/><\/figure>\n\n\n\n<h3 class=\"wp-block-heading\" id=\"ficha\">Informa\u00e7\u00f5es do Concurso SEMAD GO<\/h3>\n\n\n\n<ul class=\"wp-block-list\">\n<li><strong>Data da prova<\/strong>: <s>05 e 12\/03\/2023<\/s><\/li>\n\n\n\n<li><strong>Vagas<\/strong>: 98 + 98 CR<\/li>\n\n\n\n<li><strong>Cargos<\/strong>: Analista e T\u00e9cnico Ambiental<\/li>\n\n\n\n<li><strong>Banca<\/strong>:&nbsp;IBFC<\/li>\n\n\n\n<li><strong>Escolaridade<\/strong>: n\u00edveis m\u00e9dio\/t\u00e9cnico e superior<\/li>\n\n\n\n<li><strong>Edital:<\/strong> <a href=\"https:\/\/dhg1h5j42swfq.cloudfront.net\/2022\/10\/28094941\/960670a5ffaa10d01237677afaa3fe78.pdf\" target=\"_blank\" rel=\"noreferrer noopener nofollow\">Semad GO 2022<\/a> | <a href=\"https:\/\/dhg1h5j42swfq.cloudfront.net\/2022\/11\/14132018\/cd3800dd20b852b92861f502886144bb.pdf\" target=\"_blank\" rel=\"noreferrer noopener nofollow\">Retifica\u00e7\u00e3o<\/a><\/li>\n<\/ul>\n","protected":false},"excerpt":{"rendered":"<p>Foram divulgados os resultados preliminares do concurso SEMAD GO (Secretaria de Estado de Meio Ambiente e Desenvolvimento Sustent\u00e1vel). Confira abaixo: O per\u00edodo para interposi\u00e7\u00e3o de recursos estar\u00e1 aberto entre 10h do dia 12 at\u00e9 \u00e0s 17h do dia 14 de junho, diretamente pelo site da banca organizadora,&nbsp;IBFC. Ap\u00f3s isso, o pr\u00f3ximo e \u00faltimo passo ser\u00e1 [&hellip;]<\/p>\n","protected":false},"author":1,"featured_media":973805,"comment_status":"open","ping_status":"closed","sticky":false,"template":"","format":"standard","meta":{"post_tipo":"news_page","footnotes":""},"categories":[214992],"tags":[],"tax_estado":[219972],"class_list":["post-969871","post","type-post","status-publish","format-standard","has-post-thumbnail","hentry","category-concursos-administrativos","tax_estado-go"],"acf":[],"yoast_head":"<!-- This site is optimized with the Yoast SEO Premium plugin v27.2 (Yoast SEO v27.2) - https:\/\/yoast.com\/product\/yoast-seo-premium-wordpress\/ -->\n<title>Concurso SEMAD GO: confira os resultados preliminares!<\/title>\n<meta name=\"description\" content=\"Concurso SEMAD GO: com divulga\u00e7\u00e3o do resultado preliminar, certame entra em sua reta final. Confira todos os detalhes!\" \/>\n<meta name=\"robots\" content=\"index, follow, max-snippet:-1, max-image-preview:large, max-video-preview:-1\" \/>\n<link rel=\"canonical\" href=\"https:\/\/www.estrategiaconcursos.com.br\/blog\/concurso-semad-go\/\" \/>\n<meta property=\"og:locale\" content=\"pt_BR\" \/>\n<meta property=\"og:type\" content=\"article\" \/>\n<meta property=\"og:title\" content=\"Concurso SEMAD GO: confira os resultados preliminares!\" \/>\n<meta property=\"og:description\" content=\"Concurso SEMAD GO: com divulga\u00e7\u00e3o do resultado preliminar, certame entra em sua reta final. Confira todos os detalhes!\" \/>\n<meta property=\"og:url\" content=\"https:\/\/www.estrategiaconcursos.com.br\/blog\/concurso-semad-go\/\" \/>\n<meta property=\"og:site_name\" content=\"Estrat\u00e9gia Concursos\" \/>\n<meta property=\"article:author\" content=\"https:\/\/www.facebook.com\/EstrategiaConcursos\" \/>\n<meta property=\"article:published_time\" content=\"2023-06-09T18:44:00+00:00\" \/>\n<meta property=\"article:modified_time\" content=\"2023-06-10T12:32:53+00:00\" \/>\n<meta property=\"og:image\" content=\"https:\/\/dhg1h5j42swfq.cloudfront.net\/2022\/02\/21100051\/semad_go.jpg\" \/>\n\t<meta property=\"og:image:width\" content=\"768\" \/>\n\t<meta property=\"og:image:height\" content=\"432\" \/>\n\t<meta property=\"og:image:type\" content=\"image\/jpeg\" \/>\n<meta name=\"author\" content=\"Coordena\u00e7\u00e3o\" \/>\n<meta name=\"twitter:card\" content=\"summary_large_image\" \/>\n<meta name=\"twitter:creator\" content=\"@EstratConcursos\" \/>\n<meta name=\"twitter:site\" content=\"@EstratConcursos\" \/>\n<meta name=\"twitter:label1\" content=\"Escrito por\" \/>\n\t<meta name=\"twitter:data1\" content=\"Coordena\u00e7\u00e3o\" \/>\n\t<meta name=\"twitter:label2\" content=\"Est. tempo de leitura\" \/>\n\t<meta name=\"twitter:data2\" content=\"4 minutos\" \/>\n<script type=\"application\/ld+json\" class=\"yoast-schema-graph\">{\"@context\":\"https:\/\/schema.org\",\"@graph\":[{\"@type\":\"NewsArticle\",\"@id\":\"https:\/\/www.estrategiaconcursos.com.br\/blog\/concurso-semad-go\/#article\",\"isPartOf\":{\"@id\":\"https:\/\/www.estrategiaconcursos.com.br\/blog\/concurso-semad-go\/\"},\"author\":{\"name\":\"Coordena\u00e7\u00e3o\",\"@id\":\"https:\/\/www.estrategiaconcursos.com.br\/blog\/#\/schema\/person\/b4a388c97673c5f483d72185668afa1f\"},\"headline\":\"Concurso SEMAD GO: confira os resultados preliminares!\",\"datePublished\":\"2023-06-09T18:44:00+00:00\",\"dateModified\":\"2023-06-10T12:32:53+00:00\",\"mainEntityOfPage\":{\"@id\":\"https:\/\/www.estrategiaconcursos.com.br\/blog\/concurso-semad-go\/\"},\"wordCount\":1137,\"commentCount\":0,\"publisher\":{\"@id\":\"https:\/\/www.estrategiaconcursos.com.br\/blog\/#organization\"},\"image\":{\"@id\":\"https:\/\/www.estrategiaconcursos.com.br\/blog\/concurso-semad-go\/#primaryimage\"},\"thumbnailUrl\":\"https:\/\/dhg1h5j42swfq.cloudfront.net\/2022\/02\/21100051\/semad_go.jpg\",\"articleSection\":[\"Executivo (Administrativa)\"],\"inLanguage\":\"pt-BR\",\"potentialAction\":[{\"@type\":\"CommentAction\",\"name\":\"Comment\",\"target\":[\"https:\/\/www.estrategiaconcursos.com.br\/blog\/concurso-semad-go\/#respond\"]}],\"copyrightYear\":\"2023\",\"copyrightHolder\":{\"@id\":\"https:\/\/www.estrategiaconcursos.com.br\/blog\/#organization\"}},{\"@type\":\"WebPage\",\"@id\":\"https:\/\/www.estrategiaconcursos.com.br\/blog\/concurso-semad-go\/\",\"url\":\"https:\/\/www.estrategiaconcursos.com.br\/blog\/concurso-semad-go\/\",\"name\":\"Concurso SEMAD GO: confira os resultados preliminares!\",\"isPartOf\":{\"@id\":\"https:\/\/www.estrategiaconcursos.com.br\/blog\/#website\"},\"primaryImageOfPage\":{\"@id\":\"https:\/\/www.estrategiaconcursos.com.br\/blog\/concurso-semad-go\/#primaryimage\"},\"image\":{\"@id\":\"https:\/\/www.estrategiaconcursos.com.br\/blog\/concurso-semad-go\/#primaryimage\"},\"thumbnailUrl\":\"https:\/\/dhg1h5j42swfq.cloudfront.net\/2022\/02\/21100051\/semad_go.jpg\",\"datePublished\":\"2023-06-09T18:44:00+00:00\",\"dateModified\":\"2023-06-10T12:32:53+00:00\",\"description\":\"Concurso SEMAD GO: com divulga\u00e7\u00e3o do resultado preliminar, certame entra em sua reta final. Confira todos os detalhes!\",\"breadcrumb\":{\"@id\":\"https:\/\/www.estrategiaconcursos.com.br\/blog\/concurso-semad-go\/#breadcrumb\"},\"inLanguage\":\"pt-BR\",\"potentialAction\":[{\"@type\":\"ReadAction\",\"target\":[\"https:\/\/www.estrategiaconcursos.com.br\/blog\/concurso-semad-go\/\"]}]},{\"@type\":\"ImageObject\",\"inLanguage\":\"pt-BR\",\"@id\":\"https:\/\/www.estrategiaconcursos.com.br\/blog\/concurso-semad-go\/#primaryimage\",\"url\":\"https:\/\/dhg1h5j42swfq.cloudfront.net\/2022\/02\/21100051\/semad_go.jpg\",\"contentUrl\":\"https:\/\/dhg1h5j42swfq.cloudfront.net\/2022\/02\/21100051\/semad_go.jpg\",\"width\":768,\"height\":432,\"caption\":\"Concurso SEMAD GO revis\u00e3o de v\u00e9spera\"},{\"@type\":\"BreadcrumbList\",\"@id\":\"https:\/\/www.estrategiaconcursos.com.br\/blog\/concurso-semad-go\/#breadcrumb\",\"itemListElement\":[{\"@type\":\"ListItem\",\"position\":1,\"name\":\"In\u00edcio\",\"item\":\"https:\/\/www.estrategiaconcursos.com.br\/blog\/\"},{\"@type\":\"ListItem\",\"position\":2,\"name\":\"Concurso SEMAD GO: confira os resultados preliminares!\"}]},{\"@type\":\"WebSite\",\"@id\":\"https:\/\/www.estrategiaconcursos.com.br\/blog\/#website\",\"url\":\"https:\/\/www.estrategiaconcursos.com.br\/blog\/\",\"name\":\"Estrat\u00e9gia Concursos\",\"description\":\"O blog da Estrat\u00e9gia Concursos traz not\u00edcias sobre concursos e artigos de professores oferecendo cursos para concursos (pdf + videaulas) no site.\",\"publisher\":{\"@id\":\"https:\/\/www.estrategiaconcursos.com.br\/blog\/#organization\"},\"potentialAction\":[{\"@type\":\"SearchAction\",\"target\":{\"@type\":\"EntryPoint\",\"urlTemplate\":\"https:\/\/www.estrategiaconcursos.com.br\/blog\/?s={search_term_string}\"},\"query-input\":{\"@type\":\"PropertyValueSpecification\",\"valueRequired\":true,\"valueName\":\"search_term_string\"}}],\"inLanguage\":\"pt-BR\"},{\"@type\":\"Organization\",\"@id\":\"https:\/\/www.estrategiaconcursos.com.br\/blog\/#organization\",\"name\":\"Estrat\u00e9gia Concursos\",\"url\":\"https:\/\/www.estrategiaconcursos.com.br\/blog\/\",\"logo\":{\"@type\":\"ImageObject\",\"inLanguage\":\"pt-BR\",\"@id\":\"https:\/\/www.estrategiaconcursos.com.br\/blog\/#\/schema\/logo\/image\/\",\"url\":\"https:\/\/dhg1h5j42swfq.cloudfront.net\/2025\/06\/03203428\/logo_concursos-1.jpg\",\"contentUrl\":\"https:\/\/dhg1h5j42swfq.cloudfront.net\/2025\/06\/03203428\/logo_concursos-1.jpg\",\"width\":230,\"height\":60,\"caption\":\"Estrat\u00e9gia Concursos\"},\"image\":{\"@id\":\"https:\/\/www.estrategiaconcursos.com.br\/blog\/#\/schema\/logo\/image\/\"},\"sameAs\":[\"https:\/\/x.com\/EstratConcursos\"]},{\"@type\":\"Person\",\"@id\":\"https:\/\/www.estrategiaconcursos.com.br\/blog\/#\/schema\/person\/b4a388c97673c5f483d72185668afa1f\",\"name\":\"Coordena\u00e7\u00e3o\",\"image\":{\"@type\":\"ImageObject\",\"inLanguage\":\"pt-BR\",\"@id\":\"https:\/\/secure.gravatar.com\/avatar\/b720319e4c9a967eb58678d110f4fe35452fc5d5f97b202bac7b8acceb18c6ad?s=96&d=mm&r=g\",\"url\":\"https:\/\/secure.gravatar.com\/avatar\/b720319e4c9a967eb58678d110f4fe35452fc5d5f97b202bac7b8acceb18c6ad?s=96&d=mm&r=g\",\"contentUrl\":\"https:\/\/secure.gravatar.com\/avatar\/b720319e4c9a967eb58678d110f4fe35452fc5d5f97b202bac7b8acceb18c6ad?s=96&d=mm&r=g\",\"caption\":\"Coordena\u00e7\u00e3o\"},\"sameAs\":[\"https:\/\/www.facebook.com\/EstrategiaConcursos\",\"https:\/\/x.com\/EstratConcursos\"],\"url\":\"https:\/\/www.estrategiaconcursos.com.br\/blog\/author\/estrategia2013\/\"}]}<\/script>\n<!-- \/ Yoast SEO Premium plugin. -->","yoast_head_json":{"title":"Concurso SEMAD GO: confira os resultados preliminares!","description":"Concurso SEMAD GO: com divulga\u00e7\u00e3o do resultado preliminar, certame entra em sua reta final. Confira todos os detalhes!","robots":{"index":"index","follow":"follow","max-snippet":"max-snippet:-1","max-image-preview":"max-image-preview:large","max-video-preview":"max-video-preview:-1"},"canonical":"https:\/\/www.estrategiaconcursos.com.br\/blog\/concurso-semad-go\/","og_locale":"pt_BR","og_type":"article","og_title":"Concurso SEMAD GO: confira os resultados preliminares!","og_description":"Concurso SEMAD GO: com divulga\u00e7\u00e3o do resultado preliminar, certame entra em sua reta final. Confira todos os detalhes!","og_url":"https:\/\/www.estrategiaconcursos.com.br\/blog\/concurso-semad-go\/","og_site_name":"Estrat\u00e9gia Concursos","article_author":"https:\/\/www.facebook.com\/EstrategiaConcursos","article_published_time":"2023-06-09T18:44:00+00:00","article_modified_time":"2023-06-10T12:32:53+00:00","og_image":[{"width":768,"height":432,"url":"https:\/\/dhg1h5j42swfq.cloudfront.net\/2022\/02\/21100051\/semad_go.jpg","type":"image\/jpeg"}],"author":"Coordena\u00e7\u00e3o","twitter_card":"summary_large_image","twitter_creator":"@EstratConcursos","twitter_site":"@EstratConcursos","twitter_misc":{"Escrito por":"Coordena\u00e7\u00e3o","Est. tempo de leitura":"4 minutos"},"schema":{"@context":"https:\/\/schema.org","@graph":[{"@type":"NewsArticle","@id":"https:\/\/www.estrategiaconcursos.com.br\/blog\/concurso-semad-go\/#article","isPartOf":{"@id":"https:\/\/www.estrategiaconcursos.com.br\/blog\/concurso-semad-go\/"},"author":{"name":"Coordena\u00e7\u00e3o","@id":"https:\/\/www.estrategiaconcursos.com.br\/blog\/#\/schema\/person\/b4a388c97673c5f483d72185668afa1f"},"headline":"Concurso SEMAD GO: confira os resultados preliminares!","datePublished":"2023-06-09T18:44:00+00:00","dateModified":"2023-06-10T12:32:53+00:00","mainEntityOfPage":{"@id":"https:\/\/www.estrategiaconcursos.com.br\/blog\/concurso-semad-go\/"},"wordCount":1137,"commentCount":0,"publisher":{"@id":"https:\/\/www.estrategiaconcursos.com.br\/blog\/#organization"},"image":{"@id":"https:\/\/www.estrategiaconcursos.com.br\/blog\/concurso-semad-go\/#primaryimage"},"thumbnailUrl":"https:\/\/dhg1h5j42swfq.cloudfront.net\/2022\/02\/21100051\/semad_go.jpg","articleSection":["Executivo (Administrativa)"],"inLanguage":"pt-BR","potentialAction":[{"@type":"CommentAction","name":"Comment","target":["https:\/\/www.estrategiaconcursos.com.br\/blog\/concurso-semad-go\/#respond"]}],"copyrightYear":"2023","copyrightHolder":{"@id":"https:\/\/www.estrategiaconcursos.com.br\/blog\/#organization"}},{"@type":"WebPage","@id":"https:\/\/www.estrategiaconcursos.com.br\/blog\/concurso-semad-go\/","url":"https:\/\/www.estrategiaconcursos.com.br\/blog\/concurso-semad-go\/","name":"Concurso SEMAD GO: confira os resultados preliminares!","isPartOf":{"@id":"https:\/\/www.estrategiaconcursos.com.br\/blog\/#website"},"primaryImageOfPage":{"@id":"https:\/\/www.estrategiaconcursos.com.br\/blog\/concurso-semad-go\/#primaryimage"},"image":{"@id":"https:\/\/www.estrategiaconcursos.com.br\/blog\/concurso-semad-go\/#primaryimage"},"thumbnailUrl":"https:\/\/dhg1h5j42swfq.cloudfront.net\/2022\/02\/21100051\/semad_go.jpg","datePublished":"2023-06-09T18:44:00+00:00","dateModified":"2023-06-10T12:32:53+00:00","description":"Concurso SEMAD GO: com divulga\u00e7\u00e3o do resultado preliminar, certame entra em sua reta final. Confira todos os detalhes!","breadcrumb":{"@id":"https:\/\/www.estrategiaconcursos.com.br\/blog\/concurso-semad-go\/#breadcrumb"},"inLanguage":"pt-BR","potentialAction":[{"@type":"ReadAction","target":["https:\/\/www.estrategiaconcursos.com.br\/blog\/concurso-semad-go\/"]}]},{"@type":"ImageObject","inLanguage":"pt-BR","@id":"https:\/\/www.estrategiaconcursos.com.br\/blog\/concurso-semad-go\/#primaryimage","url":"https:\/\/dhg1h5j42swfq.cloudfront.net\/2022\/02\/21100051\/semad_go.jpg","contentUrl":"https:\/\/dhg1h5j42swfq.cloudfront.net\/2022\/02\/21100051\/semad_go.jpg","width":768,"height":432,"caption":"Concurso SEMAD GO revis\u00e3o de v\u00e9spera"},{"@type":"BreadcrumbList","@id":"https:\/\/www.estrategiaconcursos.com.br\/blog\/concurso-semad-go\/#breadcrumb","itemListElement":[{"@type":"ListItem","position":1,"name":"In\u00edcio","item":"https:\/\/www.estrategiaconcursos.com.br\/blog\/"},{"@type":"ListItem","position":2,"name":"Concurso SEMAD GO: confira os resultados preliminares!"}]},{"@type":"WebSite","@id":"https:\/\/www.estrategiaconcursos.com.br\/blog\/#website","url":"https:\/\/www.estrategiaconcursos.com.br\/blog\/","name":"Estrat\u00e9gia Concursos","description":"O blog da Estrat\u00e9gia Concursos traz not\u00edcias sobre concursos e artigos de professores oferecendo cursos para concursos (pdf + videaulas) no site.","publisher":{"@id":"https:\/\/www.estrategiaconcursos.com.br\/blog\/#organization"},"potentialAction":[{"@type":"SearchAction","target":{"@type":"EntryPoint","urlTemplate":"https:\/\/www.estrategiaconcursos.com.br\/blog\/?s={search_term_string}"},"query-input":{"@type":"PropertyValueSpecification","valueRequired":true,"valueName":"search_term_string"}}],"inLanguage":"pt-BR"},{"@type":"Organization","@id":"https:\/\/www.estrategiaconcursos.com.br\/blog\/#organization","name":"Estrat\u00e9gia Concursos","url":"https:\/\/www.estrategiaconcursos.com.br\/blog\/","logo":{"@type":"ImageObject","inLanguage":"pt-BR","@id":"https:\/\/www.estrategiaconcursos.com.br\/blog\/#\/schema\/logo\/image\/","url":"https:\/\/dhg1h5j42swfq.cloudfront.net\/2025\/06\/03203428\/logo_concursos-1.jpg","contentUrl":"https:\/\/dhg1h5j42swfq.cloudfront.net\/2025\/06\/03203428\/logo_concursos-1.jpg","width":230,"height":60,"caption":"Estrat\u00e9gia Concursos"},"image":{"@id":"https:\/\/www.estrategiaconcursos.com.br\/blog\/#\/schema\/logo\/image\/"},"sameAs":["https:\/\/x.com\/EstratConcursos"]},{"@type":"Person","@id":"https:\/\/www.estrategiaconcursos.com.br\/blog\/#\/schema\/person\/b4a388c97673c5f483d72185668afa1f","name":"Coordena\u00e7\u00e3o","image":{"@type":"ImageObject","inLanguage":"pt-BR","@id":"https:\/\/secure.gravatar.com\/avatar\/b720319e4c9a967eb58678d110f4fe35452fc5d5f97b202bac7b8acceb18c6ad?s=96&d=mm&r=g","url":"https:\/\/secure.gravatar.com\/avatar\/b720319e4c9a967eb58678d110f4fe35452fc5d5f97b202bac7b8acceb18c6ad?s=96&d=mm&r=g","contentUrl":"https:\/\/secure.gravatar.com\/avatar\/b720319e4c9a967eb58678d110f4fe35452fc5d5f97b202bac7b8acceb18c6ad?s=96&d=mm&r=g","caption":"Coordena\u00e7\u00e3o"},"sameAs":["https:\/\/www.facebook.com\/EstrategiaConcursos","https:\/\/x.com\/EstratConcursos"],"url":"https:\/\/www.estrategiaconcursos.com.br\/blog\/author\/estrategia2013\/"}]}},"_links":{"self":[{"href":"https:\/\/www.estrategiaconcursos.com.br\/blog\/wp-json\/wp\/v2\/posts\/969871","targetHints":{"allow":["GET"]}}],"collection":[{"href":"https:\/\/www.estrategiaconcursos.com.br\/blog\/wp-json\/wp\/v2\/posts"}],"about":[{"href":"https:\/\/www.estrategiaconcursos.com.br\/blog\/wp-json\/wp\/v2\/types\/post"}],"author":[{"embeddable":true,"href":"https:\/\/www.estrategiaconcursos.com.br\/blog\/wp-json\/wp\/v2\/users\/1"}],"replies":[{"embeddable":true,"href":"https:\/\/www.estrategiaconcursos.com.br\/blog\/wp-json\/wp\/v2\/comments?post=969871"}],"version-history":[{"count":53,"href":"https:\/\/www.estrategiaconcursos.com.br\/blog\/wp-json\/wp\/v2\/posts\/969871\/revisions"}],"predecessor-version":[{"id":1230177,"href":"https:\/\/www.estrategiaconcursos.com.br\/blog\/wp-json\/wp\/v2\/posts\/969871\/revisions\/1230177"}],"wp:featuredmedia":[{"embeddable":true,"href":"https:\/\/www.estrategiaconcursos.com.br\/blog\/wp-json\/wp\/v2\/media\/973805"}],"wp:attachment":[{"href":"https:\/\/www.estrategiaconcursos.com.br\/blog\/wp-json\/wp\/v2\/media?parent=969871"}],"wp:term":[{"taxonomy":"category","embeddable":true,"href":"https:\/\/www.estrategiaconcursos.com.br\/blog\/wp-json\/wp\/v2\/categories?post=969871"},{"taxonomy":"post_tag","embeddable":true,"href":"https:\/\/www.estrategiaconcursos.com.br\/blog\/wp-json\/wp\/v2\/tags?post=969871"},{"taxonomy":"tax_estado","embeddable":true,"href":"https:\/\/www.estrategiaconcursos.com.br\/blog\/wp-json\/wp\/v2\/tax_estado?post=969871"}],"curies":[{"name":"wp","href":"https:\/\/api.w.org\/{rel}","templated":true}]}}