{"id":96934,"date":"2017-11-26T18:39:35","date_gmt":"2017-11-26T21:39:35","guid":{"rendered":"https:\/\/www.estrategiaconcursos.com.br\/blog\/?p=96934"},"modified":"2017-11-26T19:39:36","modified_gmt":"2017-11-26T22:39:36","slug":"gabarito-extraoficial-analista-e-tecnico-tre-rj-sustentabilidade-recurso","status":"publish","type":"post","link":"https:\/\/www.estrategiaconcursos.com.br\/blog\/gabarito-extraoficial-analista-e-tecnico-tre-rj-sustentabilidade-recurso\/","title":{"rendered":"Gabarito extraoficial &#8211; Analista e T\u00e9cnico &#8211; TRE RJ [SUSTENTABILIDADE] + RECURSO"},"content":{"rendered":"<p>Ol\u00e1, pessoal.<\/p>\n<p>Vou comentar a prova de:<\/p>\n<p><strong>AJAA TIPO 2 VERDE\u00a0<\/strong><\/p>\n<p><strong>AJAJ TIPO 4 AZUL<\/strong><\/p>\n<p><b>T\u00e9cnico Judici\u00e1rio \u2013 \u00c1rea Administrativa (Tipo 3 Amarela)<\/b><\/p>\n<p>&nbsp;<\/p>\n<p>Vamos come\u00e7ar com as duas quest\u00f5es de\u00a0<strong>AJAA e\u00a0AJAJ.<\/strong><\/p>\n<p><strong>Quest\u00e3o 21 &#8211; ANALISTA \u00a0&#8211; Gabarito C.<\/strong><\/p>\n<p><strong>\u201cEntende-se por Pol\u00edticas P\u00fablicas \u201co conjunto de a\u00e7\u00f5es coletivas voltadas para a garantia dos direitos sociais, configurando um compromisso p\u00fablico que visa dar conta de determinada demanda, em diversas \u00e1reas. Expressa a transforma\u00e7\u00e3o daquilo que \u00e9 do \u00e2mbito privado em a\u00e7\u00f5es coletivas no espa\u00e7o p\u00fablico\u201d<\/strong><\/p>\n<p><strong>\u201cA sustentabilidade econ\u00f4mica, social e ambiental \u00e9 um dos grandes desafios da humanidade e exige a\u00e7\u00e3o do poder p\u00fablico para que seja poss\u00edvel garantir a inser\u00e7\u00e3o da vari\u00e1vel socioambiental no processo decis\u00f3rio, particularmente na formula\u00e7\u00e3o das pol\u00edticas p\u00fablicas.\u201d<\/strong><\/p>\n<p><strong>Sobre essas linhas b\u00e1sicas, analise as afirmativas a seguir:<\/strong><\/p>\n<p><strong>I. A promo\u00e7\u00e3o do desenvolvimento sustent\u00e1vel e a necessidade de controle e participa\u00e7\u00e3o social s\u00e3o duas dessas linhas b\u00e1sicas.\u00a0<\/strong><\/p>\n<p><strong>II. A aplicabilidade desses princ\u00edpios, no Brasil, esbarra na fragilidade institucional e, \u00e0s vezes, na falta de uma base s\u00f3lida de dados ambientais.\u00a0<\/strong><\/p>\n<p><strong>III. recursos financeiros e car\u00eancia de recursos humanos j\u00e1 foram problemas, mas hoje n\u00e3o se apresentam como obst\u00e1culos na realiza\u00e7\u00e3o plena das pol\u00edticas p\u00fablicas ambientais.\u00a0<\/strong><\/p>\n<p><strong>IV. O envolvimento dos diferentes setores do Poder P\u00fablico na solu\u00e7\u00e3o dos problemas ambientais \u00e9 o que prop\u00f5e a linha b\u00e1sica ligada ao princ\u00edpio da \u201ctransversalidade\u201d.\u00a0<\/strong><\/p>\n<p><strong>Est\u00e3o corretas apenas as afirmativas:<\/strong><\/p>\n<p><strong>A) I e II<\/strong><\/p>\n<p><strong>B) II e III<\/strong><\/p>\n<p><strong>C) I, II, e IV<\/strong><\/p>\n<p><strong>D) II, III e IV<\/strong><\/p>\n<p><strong>Gabarito letra C.<\/strong><\/p>\n<p>I. A promo\u00e7\u00e3o do desenvolvimento sustent\u00e1vel e a necessidade de controle e participa\u00e7\u00e3o social s\u00e3o duas dessas linhas b\u00e1sicas. -&gt; CERTO<\/p>\n<p>II. A aplicabilidade desses princ\u00edpios, no Brasil, esbarra na fragilidade institucional e, \u00e0s vezes, na falta de uma base s\u00f3lida de dados ambientais. -&gt; CERTO.<\/p>\n<p>III. recursos financeiros e car\u00eancia de recursos humanos j\u00e1 foram problemas, mas hoje n\u00e3o se apresentam como obst\u00e1culos na realiza\u00e7\u00e3o plena das pol\u00edticas p\u00fablicas ambientais. -&gt; ERRADO<\/p>\n<p>IV. O envolvimento dos diferentes setores do Poder P\u00fablico na solu\u00e7\u00e3o dos problemas ambientais \u00e9 o que prop\u00f5e a linha b\u00e1sica ligada ao princ\u00edpio da \u201ctransversalidade\u201d. -&gt; CERTO.<\/p>\n<p>A \u00fanica errada \u00e9 a afirmativa III, pois recursos financeiros escassos e a car\u00eancia de recursos humanos necess\u00e1rios \u00e0 pr\u00e1tica de gest\u00e3o ambiental em todos os n\u00edveis continua sendo um problema e apresentam-se com um obst\u00e1culo a plena das pol\u00edticas p\u00fablicas ambientais!<\/p>\n<p>Basta observar a o corte de recursos e a falta de recursos humanos dos \u00f3rg\u00e3os ambientais em todos os entes da federa\u00e7\u00e3o. At\u00e9 por isso, uma das diretrizes do Minist\u00e9rio do Meio Ambiente \u00e9 o fortalecimento do SISNAMA (Sistema Nacional de Meio Ambiente).<\/p>\n<p>&nbsp;<\/p>\n<p><strong>Quest\u00e3o 22 &#8211; ANALISTA &#8211;\u00a0Gabarito C -&gt; \u00a0\u00danica quest\u00e3o que cabe recurso nesta quest\u00e3o!<\/strong><\/p>\n<p><strong>Art. 9<u><sup>o<\/sup><\/u>\u00a0Fica institu\u00edda a Comiss\u00e3o Interministerial de Sustentabilidade na Administra\u00e7\u00e3o P\u00fablica \u2013 CISAP, de natureza consultiva e car\u00e1ter permanente, vinculada \u00e0 Secretaria de Log\u00edstica e Tecnologia da Informa\u00e7\u00e3o, com a finalidade de propor a implementa\u00e7\u00e3o de crit\u00e9rios, pr\u00e1ticas e a\u00e7\u00f5es de log\u00edstica sustent\u00e1vel no \u00e2mbito da administra\u00e7\u00e3o p\u00fablica federal direta, aut\u00e1rquica e fundacional e das empresas estatais dependentes.<\/strong><\/p>\n<p><strong>O artigo 9\u00ba do Decreto 7746\/2012 institui a CISAP. Dentre as compet\u00eancias desse \u00f3rg\u00e3o, \u00e9 correto apontar:<\/strong><\/p>\n<p><strong>A \u2013 A fiscaliza\u00e7\u00e3o exclusiva das empresas estrangeiras e o controle de pr\u00e1ticas il\u00edcitas de biopirataria.<\/strong><\/p>\n<p><strong>B \u2013 Contrata\u00e7\u00f5es, utiliza\u00e7\u00e3o dos recursos p\u00fablicos, desfazimento e descarte e investimento em fontes de energias f\u00f3sseis.<\/strong><\/p>\n<p><strong>C \u2013 A cria\u00e7\u00e3o de normas para elabora\u00e7\u00e3o de a\u00e7\u00f5es de log\u00edstica sustent\u00e1vel e de a\u00e7\u00f5es para a divulga\u00e7\u00e3o das pr\u00e1ticas de sustentabilidade.<\/strong><\/p>\n<p><strong>D \u2013 Estrat\u00e9gias de sensibiliza\u00e7\u00e3o e capacita\u00e7\u00e3o de servidores e execu\u00e7\u00e3o das a\u00e7\u00f5es contra \u00f3rg\u00e3os e empresas consideradas poluentes.<\/strong><\/p>\n<p><strong>Gabarito letra C. A CONSULPLAN ir\u00e1 apresentar a letra C como gabarito. No entanto, CABE RECURSO!!!<\/strong><\/p>\n<p>Por qu\u00ea?<\/p>\n<p>Porque, de acordo com o art. 11, I do Decreto 7.746\/2012, compete \u00e0 CISAP PROPOR \u00e0 Secretaria de Gest\u00e3o do Minist\u00e9rio do Planejamento, Desenvolvimento e Gest\u00e3o:\u00a0\u00a0\u00a0normas para elabora\u00e7\u00e3o de a\u00e7\u00f5es de log\u00edstica sustent\u00e1vel e\u00a0a\u00e7\u00f5es para a divulga\u00e7\u00e3o das pr\u00e1ticas de sustentabilidade.<\/p>\n<p>Nestes casos, a CISAP deve PROPOR!!!<\/p>\n<p>A Banca CONSULPLAN copiou o caput do artigo 11, mas esqueceu o inciso I.<\/p>\n<p>Repito&#8230;No caso das compet\u00eancias de &#8220;a&#8221; &#8211; &#8220;g&#8221;,\u00a0 do artigo 11, a CISAP tem que propor \u00e0s secret\u00e1ria.<\/p>\n<p>O enunciado deveria ter dito: compete a CISAP propor \u00e0 Secretaria&#8230;.normas para elabora\u00e7\u00e3o de a\u00e7\u00f5es de log\u00edstica sustent\u00e1vel e\u00a0a\u00e7\u00f5es para a divulga\u00e7\u00e3o das pr\u00e1ticas de sustentabilidade. A\u00ed estaria correto!<\/p>\n<p>Art. 11. Compete \u00e0 CISAP:<\/p>\n<p><span style=\"text-decoration: line-through\">I \u2013 propor \u00e0 Secretaria de Log\u00edstica e Tecnologia da Informa\u00e7\u00e3o:<\/span><\/p>\n<p>I &#8211; propor \u00e0 Secretaria de Gest\u00e3o do Minist\u00e9rio do Planejamento, Desenvolvimento e Gest\u00e3o:\u00a0\u00a0\u00a0\u00a0\u00a0\u00a0\u00a0\u00a0\u00a0\u00a0\u00a0\u00a0\u00a0\u00a0\u00a0\u00a0\u00a0\u00a0\u00a0\u00a0\u00a0\u00a0\u00a0\u00a0\u00a0\u00a0\u00a0<a href=\"http:\/\/www.planalto.gov.br\/CCIVIL_03\/_Ato2015-2018\/2017\/Decreto\/D9178.htm#art2\">(Reda\u00e7\u00e3o dada pelo Decreto n\u00ba 9.178, de 2017)<\/a><\/p>\n<p>a) normas para elabora\u00e7\u00e3o de a\u00e7\u00f5es de log\u00edstica sustent\u00e1vel;<\/p>\n<p><span style=\"text-decoration: line-through\">b) regras para a elabora\u00e7\u00e3o dos Planos de Gest\u00e3o de Log\u00edstica Sustent\u00e1vel, de que trata o art. 16, no prazo de noventa dias a partir da institui\u00e7\u00e3o da CISAP;<\/span><\/p>\n<p>b) regras para a elabora\u00e7\u00e3o dos Planos de Gest\u00e3o de Log\u00edstica Sustent\u00e1vel, de que trata o art. 16;\u00a0\u00a0\u00a0\u00a0\u00a0\u00a0\u00a0\u00a0\u00a0\u00a0\u00a0\u00a0\u00a0\u00a0\u00a0\u00a0\u00a0\u00a0\u00a0\u00a0<a href=\"http:\/\/www.planalto.gov.br\/CCIVIL_03\/_Ato2015-2018\/2017\/Decreto\/D9178.htm#art2\">(Reda\u00e7\u00e3o dada pelo Decreto n\u00ba 9.178, de 2017)<\/a><\/p>\n<p><span style=\"text-decoration: line-through\">c) planos de incentivos para \u00f3rg\u00e3os e entidades que se destacarem na execu\u00e7\u00e3o de seus Planos de Gest\u00e3o de Log\u00edstica Sustent\u00e1vel;\u00a0<\/span><a href=\"http:\/\/www.planalto.gov.br\/CCIVIL_03\/_Ato2015-2018\/2017\/Decreto\/D9178.htm#art4\">(Revogado pelo Decreto n\u00ba 9.178, de 2017)<\/a><\/p>\n<p>d) crit\u00e9rios e pr\u00e1ticas de sustentabilidade nas aquisi\u00e7\u00f5es, contrata\u00e7\u00f5es, utiliza\u00e7\u00e3o dos recursos p\u00fablicos, desfazimento e descarte;<\/p>\n<p>e) estrat\u00e9gias de sensibiliza\u00e7\u00e3o e capacita\u00e7\u00e3o de servidores para a correta utiliza\u00e7\u00e3o dos recursos p\u00fablicos e para a execu\u00e7\u00e3o da gest\u00e3o log\u00edstica de forma sustent\u00e1vel;<\/p>\n<p>f) cronograma para a implanta\u00e7\u00e3o de sistema integrado de informa\u00e7\u00f5es para acompanhar a execu\u00e7\u00e3o das a\u00e7\u00f5es de sustentabilidade; e<\/p>\n<p>g) a\u00e7\u00f5es para a divulga\u00e7\u00e3o das pr\u00e1ticas de sustentabilidade; e<\/p>\n<p><span style=\"text-decoration: line-through\">II \u2013 elaborar seu regimento interno.\u00a0<\/span><\/p>\n<p>II &#8211; elaborar seu regimento interno; e\u00a0\u00a0\u00a0\u00a0\u00a0\u00a0\u00a0\u00a0\u00a0\u00a0\u00a0\u00a0\u00a0\u00a0\u00a0\u00a0\u00a0\u00a0\u00a0\u00a0\u00a0\u00a0\u00a0\u00a0\u00a0<a href=\"http:\/\/www.planalto.gov.br\/CCIVIL_03\/_Ato2015-2018\/2017\/Decreto\/D9178.htm#art2\">(Reda\u00e7\u00e3o dada pelo Decreto n\u00ba 9.178, de 2017)<\/a><\/p>\n<p>III &#8211; coordenar a implementa\u00e7\u00e3o de a\u00e7\u00f5es de log\u00edstica sustent\u00e1vel.<\/p>\n<p>Cabe por fim dizer que a Consulplan n\u00e3o cobrou as altera\u00e7\u00f5es p\u00f3s edital. Podem observar que at\u00e9 no enunciado ela utiliza o texto antigo sem altera\u00e7\u00f5es.<\/p>\n<p>&nbsp;<\/p>\n<p><strong>Vamos come\u00e7ar a prova de T\u00e9cnico agora!<\/strong><\/p>\n<p><b>Prova de T\u00e9cnico Judici\u00e1rio \u2013 \u00c1rea Administrativa (Tipo 3 Amarela)<\/b><\/p>\n<p><b>21 \u2013 A Agenda Ambiental na Administra\u00e7\u00e3o P\u00fablica (A3P) surgiu em 1999&#8230;<\/b><\/p>\n<p><b>A \u2013 <\/b><b>Efici\u00eancia energ\u00e9tica <\/b><b>e <\/b><b>Gest\u00e3o e economia de <\/b><b>\u00e1gua.<\/b><\/p>\n<p><b>B \u2013 <\/b><b>Conforto <\/b><b>termo-ac\u00fastico<\/b><b> e inexist\u00eancia de res\u00edduos<\/b><\/p>\n<p><b>C \u2013 Uso de tecnologias modernas e gest\u00e3o democr\u00e1tica.<\/b><\/p>\n<p><b>D \u2013 <\/b><b>Aproveitamento passivo dos recursos <\/b><b>naturais e custo irris\u00f3rio.<\/b><\/p>\n<p><strong>Gabarito letra A.<\/strong><\/p>\n<p>Os nove princ\u00edpios da Constru\u00e7\u00e3o Sustent\u00e1vel:<\/p>\n<ol>\n<li>Planejamento Sustent\u00e1vel da Obra 2. Aproveitamento passivo dos recursos naturais 3. Efici\u00eancia energ\u00e9tica 4. Gest\u00e3o e economia de \u00e1gua 5. Gest\u00e3o dos res\u00edduos na edifica\u00e7\u00e3o 6. Qualidade do ar e do ambiente interior 7. Conforto termo-ac\u00fastico 8. Uso racional de mat\u00e9rias 9. Uso de produtos e tecnologias ambientalmente amig\u00e1veis<\/li>\n<\/ol>\n<p>Sucesso!!!<\/p>\n<p>Prof. Rosenval<\/p>\n","protected":false},"excerpt":{"rendered":"<p>Ol\u00e1, pessoal. Vou comentar a prova de: AJAA TIPO 2 VERDE\u00a0 AJAJ TIPO 4 AZUL T\u00e9cnico Judici\u00e1rio \u2013 \u00c1rea Administrativa (Tipo 3 Amarela) &nbsp; Vamos come\u00e7ar com as duas quest\u00f5es de\u00a0AJAA e\u00a0AJAJ. Quest\u00e3o 21 &#8211; ANALISTA \u00a0&#8211; Gabarito C. \u201cEntende-se por Pol\u00edticas P\u00fablicas \u201co conjunto de a\u00e7\u00f5es coletivas voltadas para a garantia dos direitos sociais, [&hellip;]<\/p>\n","protected":false},"author":73,"featured_media":0,"comment_status":"open","ping_status":"closed","sticky":false,"template":"","format":"standard","meta":{"post_tipo":"article","footnotes":""},"categories":[1],"tags":[3118,3138],"tax_estado":[],"class_list":["post-96934","post","type-post","status-publish","format-standard","hentry","category-cursos-e-concursos","tag-gabarito-tre-rj","tag-sustentabilidade-tre"],"acf":[],"yoast_head":"<!-- This site is optimized with the Yoast SEO Premium plugin v27.2 (Yoast SEO v27.2) - https:\/\/yoast.com\/product\/yoast-seo-premium-wordpress\/ -->\n<title>Gabarito extraoficial - Analista e T\u00e9cnico - TRE RJ [SUSTENTABILIDADE] + RECURSO<\/title>\n<meta name=\"robots\" content=\"index, follow, max-snippet:-1, max-image-preview:large, max-video-preview:-1\" \/>\n<link rel=\"canonical\" href=\"https:\/\/www.estrategiaconcursos.com.br\/blog\/gabarito-extraoficial-analista-e-tecnico-tre-rj-sustentabilidade-recurso\/\" \/>\n<meta property=\"og:locale\" content=\"pt_BR\" \/>\n<meta property=\"og:type\" content=\"article\" \/>\n<meta property=\"og:title\" content=\"Gabarito extraoficial - Analista e T\u00e9cnico - TRE RJ [SUSTENTABILIDADE] + RECURSO\" \/>\n<meta property=\"og:description\" content=\"Ol\u00e1, pessoal. Vou comentar a prova de: AJAA TIPO 2 VERDE\u00a0 AJAJ TIPO 4 AZUL T\u00e9cnico Judici\u00e1rio \u2013 \u00c1rea Administrativa (Tipo 3 Amarela) &nbsp; Vamos come\u00e7ar com as duas quest\u00f5es de\u00a0AJAA e\u00a0AJAJ. Quest\u00e3o 21 &#8211; ANALISTA \u00a0&#8211; Gabarito C. \u201cEntende-se por Pol\u00edticas P\u00fablicas \u201co conjunto de a\u00e7\u00f5es coletivas voltadas para a garantia dos direitos sociais, [&hellip;]\" \/>\n<meta property=\"og:url\" content=\"https:\/\/www.estrategiaconcursos.com.br\/blog\/gabarito-extraoficial-analista-e-tecnico-tre-rj-sustentabilidade-recurso\/\" \/>\n<meta property=\"og:site_name\" content=\"Estrat\u00e9gia Concursos\" \/>\n<meta property=\"article:author\" content=\"https:\/\/www.facebook.com\/rosenvaljr\" \/>\n<meta property=\"article:published_time\" content=\"2017-11-26T21:39:35+00:00\" \/>\n<meta property=\"article:modified_time\" content=\"2017-11-26T22:39:36+00:00\" \/>\n<meta name=\"author\" content=\"Rosenval J\u00fanior\" \/>\n<meta name=\"twitter:card\" content=\"summary_large_image\" \/>\n<meta name=\"twitter:creator\" content=\"@EstratConcursos\" \/>\n<meta name=\"twitter:site\" content=\"@EstratConcursos\" \/>\n<meta name=\"twitter:label1\" content=\"Escrito por\" \/>\n\t<meta name=\"twitter:data1\" content=\"Rosenval J\u00fanior\" \/>\n\t<meta name=\"twitter:label2\" content=\"Est. tempo de leitura\" \/>\n\t<meta name=\"twitter:data2\" content=\"6 minutos\" \/>\n<script type=\"application\/ld+json\" class=\"yoast-schema-graph\">{\"@context\":\"https:\/\/schema.org\",\"@graph\":[{\"@type\":\"NewsArticle\",\"@id\":\"https:\/\/www.estrategiaconcursos.com.br\/blog\/gabarito-extraoficial-analista-e-tecnico-tre-rj-sustentabilidade-recurso\/#article\",\"isPartOf\":{\"@id\":\"https:\/\/www.estrategiaconcursos.com.br\/blog\/gabarito-extraoficial-analista-e-tecnico-tre-rj-sustentabilidade-recurso\/\"},\"author\":{\"name\":\"Rosenval J\u00fanior\",\"@id\":\"https:\/\/www.estrategiaconcursos.com.br\/blog\/#\/schema\/person\/3489eb8fb39ff11193689cf7762b03b0\"},\"headline\":\"Gabarito extraoficial &#8211; Analista e T\u00e9cnico &#8211; TRE RJ [SUSTENTABILIDADE] + RECURSO\",\"datePublished\":\"2017-11-26T21:39:35+00:00\",\"dateModified\":\"2017-11-26T22:39:36+00:00\",\"mainEntityOfPage\":{\"@id\":\"https:\/\/www.estrategiaconcursos.com.br\/blog\/gabarito-extraoficial-analista-e-tecnico-tre-rj-sustentabilidade-recurso\/\"},\"wordCount\":1294,\"commentCount\":4,\"publisher\":{\"@id\":\"https:\/\/www.estrategiaconcursos.com.br\/blog\/#organization\"},\"keywords\":[\"Gabarito TRE RJ\",\"sustentabilidade TRE\"],\"articleSection\":[\"Concursos P\u00fablicos\"],\"inLanguage\":\"pt-BR\",\"potentialAction\":[{\"@type\":\"CommentAction\",\"name\":\"Comment\",\"target\":[\"https:\/\/www.estrategiaconcursos.com.br\/blog\/gabarito-extraoficial-analista-e-tecnico-tre-rj-sustentabilidade-recurso\/#respond\"]}],\"copyrightYear\":\"2017\",\"copyrightHolder\":{\"@id\":\"https:\/\/www.estrategiaconcursos.com.br\/blog\/#organization\"}},{\"@type\":\"WebPage\",\"@id\":\"https:\/\/www.estrategiaconcursos.com.br\/blog\/gabarito-extraoficial-analista-e-tecnico-tre-rj-sustentabilidade-recurso\/\",\"url\":\"https:\/\/www.estrategiaconcursos.com.br\/blog\/gabarito-extraoficial-analista-e-tecnico-tre-rj-sustentabilidade-recurso\/\",\"name\":\"Gabarito extraoficial - Analista e T\u00e9cnico - TRE RJ [SUSTENTABILIDADE] + RECURSO\",\"isPartOf\":{\"@id\":\"https:\/\/www.estrategiaconcursos.com.br\/blog\/#website\"},\"datePublished\":\"2017-11-26T21:39:35+00:00\",\"dateModified\":\"2017-11-26T22:39:36+00:00\",\"breadcrumb\":{\"@id\":\"https:\/\/www.estrategiaconcursos.com.br\/blog\/gabarito-extraoficial-analista-e-tecnico-tre-rj-sustentabilidade-recurso\/#breadcrumb\"},\"inLanguage\":\"pt-BR\",\"potentialAction\":[{\"@type\":\"ReadAction\",\"target\":[\"https:\/\/www.estrategiaconcursos.com.br\/blog\/gabarito-extraoficial-analista-e-tecnico-tre-rj-sustentabilidade-recurso\/\"]}]},{\"@type\":\"BreadcrumbList\",\"@id\":\"https:\/\/www.estrategiaconcursos.com.br\/blog\/gabarito-extraoficial-analista-e-tecnico-tre-rj-sustentabilidade-recurso\/#breadcrumb\",\"itemListElement\":[{\"@type\":\"ListItem\",\"position\":1,\"name\":\"In\u00edcio\",\"item\":\"https:\/\/www.estrategiaconcursos.com.br\/blog\/\"},{\"@type\":\"ListItem\",\"position\":2,\"name\":\"Gabarito extraoficial &#8211; Analista e T\u00e9cnico &#8211; TRE RJ [SUSTENTABILIDADE] + RECURSO\"}]},{\"@type\":\"WebSite\",\"@id\":\"https:\/\/www.estrategiaconcursos.com.br\/blog\/#website\",\"url\":\"https:\/\/www.estrategiaconcursos.com.br\/blog\/\",\"name\":\"Estrat\u00e9gia Concursos\",\"description\":\"O blog da Estrat\u00e9gia Concursos traz not\u00edcias sobre concursos e artigos de professores oferecendo cursos para concursos (pdf + videaulas) no site.\",\"publisher\":{\"@id\":\"https:\/\/www.estrategiaconcursos.com.br\/blog\/#organization\"},\"potentialAction\":[{\"@type\":\"SearchAction\",\"target\":{\"@type\":\"EntryPoint\",\"urlTemplate\":\"https:\/\/www.estrategiaconcursos.com.br\/blog\/?s={search_term_string}\"},\"query-input\":{\"@type\":\"PropertyValueSpecification\",\"valueRequired\":true,\"valueName\":\"search_term_string\"}}],\"inLanguage\":\"pt-BR\"},{\"@type\":\"Organization\",\"@id\":\"https:\/\/www.estrategiaconcursos.com.br\/blog\/#organization\",\"name\":\"Estrat\u00e9gia Concursos\",\"url\":\"https:\/\/www.estrategiaconcursos.com.br\/blog\/\",\"logo\":{\"@type\":\"ImageObject\",\"inLanguage\":\"pt-BR\",\"@id\":\"https:\/\/www.estrategiaconcursos.com.br\/blog\/#\/schema\/logo\/image\/\",\"url\":\"https:\/\/dhg1h5j42swfq.cloudfront.net\/2025\/06\/03203428\/logo_concursos-1.jpg\",\"contentUrl\":\"https:\/\/dhg1h5j42swfq.cloudfront.net\/2025\/06\/03203428\/logo_concursos-1.jpg\",\"width\":230,\"height\":60,\"caption\":\"Estrat\u00e9gia Concursos\"},\"image\":{\"@id\":\"https:\/\/www.estrategiaconcursos.com.br\/blog\/#\/schema\/logo\/image\/\"},\"sameAs\":[\"https:\/\/x.com\/EstratConcursos\"]},{\"@type\":\"Person\",\"@id\":\"https:\/\/www.estrategiaconcursos.com.br\/blog\/#\/schema\/person\/3489eb8fb39ff11193689cf7762b03b0\",\"name\":\"Rosenval J\u00fanior\",\"image\":{\"@type\":\"ImageObject\",\"inLanguage\":\"pt-BR\",\"@id\":\"https:\/\/secure.gravatar.com\/avatar\/dc38e7bcadccb99c8a28b35b027bdc6b8b6a65ee938a25ed335e3e31eed462e0?s=96&d=mm&r=g\",\"url\":\"https:\/\/secure.gravatar.com\/avatar\/dc38e7bcadccb99c8a28b35b027bdc6b8b6a65ee938a25ed335e3e31eed462e0?s=96&d=mm&r=g\",\"contentUrl\":\"https:\/\/secure.gravatar.com\/avatar\/dc38e7bcadccb99c8a28b35b027bdc6b8b6a65ee938a25ed335e3e31eed462e0?s=96&d=mm&r=g\",\"caption\":\"Rosenval J\u00fanior\"},\"description\":\"Graduado pela Universidade Federal de Vi\u00e7osa - UFV. P\u00f3s-graduado em Direito Ambiental. Graduado tamb\u00e9m em Gest\u00e3o Ambiental, com tr\u00eas especializa\u00e7\u00f5es na \u00e1rea ambiental. Mestrando em Engenharia Ambiental. Servidor p\u00fablico do Minist\u00e9rio da Justi\u00e7a e professor de Direito Ambiental, Meio Ambiente, Direito Agr\u00e1rio e Direito Urban\u00edstico para concursos p\u00fablicos. Professor de Direito Ambiental para o Exame de Ordem. Aprovado em 15 concursos p\u00fablicos na \u00e1rea de Meio Ambiente como Analista Ambiental do Instituto Brasileiro do Meio Ambiente e dos Recursos Naturais Renov\u00e1veis - IBAMA; Analista Pericial - Especialidade Engenharia Florestal do Minist\u00e9rio P\u00fablico da Uni\u00e3o - MPU; Analista de Infraestrutura - \u00c1rea de Especializa\u00e7\u00e3o Ambiental do Departamento Nacional de Infraestrutura de Transportes - DNIT; Especialista em Regula\u00e7\u00e3o - \u00c1rea Engenharia Ambiental e Engenharia Florestal, com \u00eanfase em Meio Ambiente da Ag\u00eancia Nacional de Transportes Terrestres - ANTT; Consultor Legislativo em Meio Ambiente e Direito Ambiental, Organiza\u00e7\u00e3o Territorial, Desenvolvimento Urbano e Regional da C\u00e2mara dos Deputados; entre outros. Autor do livro \\\"Direito Ambiental para Concursos e Exame de Ordem\\\", Editora Juru\u00e1. Iniciou sua carreira no servi\u00e7o p\u00fablico federal em 2006, quando obteve aprova\u00e7\u00e3o em 1\u00b0 lugar para o cargo de engenheiro florestal da Casa Civil da Presid\u00eancia da Rep\u00fablica\/Arquivo Nacional. Alguns concursos em que foi aprovado: 1\u00b0 lugar para Analista do Minist\u00e9rio P\u00fablico de MG; 1\u00ba lugar para Engenheiro da Casa Civil da Presid\u00eancia da Rep\u00fablica; 1\u00b0 lugar para T\u00e9cnico em Recursos Naturais \u2013 n\u00edvel II \u2013 \u00c1rea Engenharia Florestal do IDAF; 2\u00b0 lugar para Analista Pericial do Minist\u00e9rio P\u00fablico da Uni\u00e3o - MPU; 2\u00b0 lugar para Analista em Reforma e Desenvolvimento Agr\u00e1rio do INCRA; 7\u00ba lugar Engenheiro J\u00fanior da Caixa Econ\u00f4mica Federal; 10\u00ba lugar para Analista Ambiental do Instituto Estadual de Florestas - IEF\/MG; 6\u00ba lugar para Analista de Infraestrutura (\u00c1rea de Especializa\u00e7\u00e3o Ambiental) do Departamento Nacional de Infraestrutura de Transportes \u2013 DNIT (Prova objetiva e discursiva); 2\u00b0 lugar para Perito Criminal da Pol\u00edcia Civil do Estado do Rio de Janeiro \u2013PCERJ (Resultado na Prova objetiva, TAF, Avalia\u00e7\u00e3o M\u00e9dica, e Psicot\u00e9cnico); 10\u00ba lugar para Perito Criminal da Pol\u00edcia Federal \u2013 DPF \u2013 \u00c1rea 9 (Resultado definitivo na prova objetiva e discursiva); 2\u00b0 lugar para Analista Ambiental do Instituto Brasileiro do Meio Ambiente e dos Recursos Naturais Renov\u00e1veis \u2013 IBAMA (Prova objetiva e discursiva); 1\u00b0 lugar para Especialista em Regula\u00e7\u00e3o Engenharia Ambiental e Engenharia Florestal (com \u00eanfase em meio ambiente) da Ag\u00eancia Nacional de Transportes Terrestres - ANTT (Resultado da prova objetiva, discursiva e de t\u00edtulos); 10\u00ba lugar para Consultor Legislativo em Meio Ambiente e Direito Ambiental, Organiza\u00e7\u00e3o Territorial, Desenvolvimento Urbano e Regional da C\u00e2mara dos Deputados. (Resultado da prova objetiva, discursiva e de t\u00edtulos) Entre em contato comigo pelo facebook e pelo Youtube. Basta colocar na busca: Rosenval J\u00fanior. Ou copiar e colar o endere\u00e7o: www.facebook.com\/rosenvaljr Acesse o meu site e saiba mais: www.aprendadireitoambiental.com.br\",\"sameAs\":[\"http:\/\/www.aprendadireitoambiental.com.br\",\"https:\/\/www.facebook.com\/rosenvaljr\"],\"url\":\"https:\/\/www.estrategiaconcursos.com.br\/blog\/author\/rosenvaljuniorestrategiaconcursos-com-br\/\"}]}<\/script>\n<!-- \/ Yoast SEO Premium plugin. -->","yoast_head_json":{"title":"Gabarito extraoficial - Analista e T\u00e9cnico - TRE RJ [SUSTENTABILIDADE] + RECURSO","robots":{"index":"index","follow":"follow","max-snippet":"max-snippet:-1","max-image-preview":"max-image-preview:large","max-video-preview":"max-video-preview:-1"},"canonical":"https:\/\/www.estrategiaconcursos.com.br\/blog\/gabarito-extraoficial-analista-e-tecnico-tre-rj-sustentabilidade-recurso\/","og_locale":"pt_BR","og_type":"article","og_title":"Gabarito extraoficial - Analista e T\u00e9cnico - TRE RJ [SUSTENTABILIDADE] + RECURSO","og_description":"Ol\u00e1, pessoal. Vou comentar a prova de: AJAA TIPO 2 VERDE\u00a0 AJAJ TIPO 4 AZUL T\u00e9cnico Judici\u00e1rio \u2013 \u00c1rea Administrativa (Tipo 3 Amarela) &nbsp; Vamos come\u00e7ar com as duas quest\u00f5es de\u00a0AJAA e\u00a0AJAJ. Quest\u00e3o 21 &#8211; ANALISTA \u00a0&#8211; Gabarito C. \u201cEntende-se por Pol\u00edticas P\u00fablicas \u201co conjunto de a\u00e7\u00f5es coletivas voltadas para a garantia dos direitos sociais, [&hellip;]","og_url":"https:\/\/www.estrategiaconcursos.com.br\/blog\/gabarito-extraoficial-analista-e-tecnico-tre-rj-sustentabilidade-recurso\/","og_site_name":"Estrat\u00e9gia Concursos","article_author":"https:\/\/www.facebook.com\/rosenvaljr","article_published_time":"2017-11-26T21:39:35+00:00","article_modified_time":"2017-11-26T22:39:36+00:00","author":"Rosenval J\u00fanior","twitter_card":"summary_large_image","twitter_creator":"@EstratConcursos","twitter_site":"@EstratConcursos","twitter_misc":{"Escrito por":"Rosenval J\u00fanior","Est. tempo de leitura":"6 minutos"},"schema":{"@context":"https:\/\/schema.org","@graph":[{"@type":"NewsArticle","@id":"https:\/\/www.estrategiaconcursos.com.br\/blog\/gabarito-extraoficial-analista-e-tecnico-tre-rj-sustentabilidade-recurso\/#article","isPartOf":{"@id":"https:\/\/www.estrategiaconcursos.com.br\/blog\/gabarito-extraoficial-analista-e-tecnico-tre-rj-sustentabilidade-recurso\/"},"author":{"name":"Rosenval J\u00fanior","@id":"https:\/\/www.estrategiaconcursos.com.br\/blog\/#\/schema\/person\/3489eb8fb39ff11193689cf7762b03b0"},"headline":"Gabarito extraoficial &#8211; Analista e T\u00e9cnico &#8211; TRE RJ [SUSTENTABILIDADE] + RECURSO","datePublished":"2017-11-26T21:39:35+00:00","dateModified":"2017-11-26T22:39:36+00:00","mainEntityOfPage":{"@id":"https:\/\/www.estrategiaconcursos.com.br\/blog\/gabarito-extraoficial-analista-e-tecnico-tre-rj-sustentabilidade-recurso\/"},"wordCount":1294,"commentCount":4,"publisher":{"@id":"https:\/\/www.estrategiaconcursos.com.br\/blog\/#organization"},"keywords":["Gabarito TRE RJ","sustentabilidade TRE"],"articleSection":["Concursos P\u00fablicos"],"inLanguage":"pt-BR","potentialAction":[{"@type":"CommentAction","name":"Comment","target":["https:\/\/www.estrategiaconcursos.com.br\/blog\/gabarito-extraoficial-analista-e-tecnico-tre-rj-sustentabilidade-recurso\/#respond"]}],"copyrightYear":"2017","copyrightHolder":{"@id":"https:\/\/www.estrategiaconcursos.com.br\/blog\/#organization"}},{"@type":"WebPage","@id":"https:\/\/www.estrategiaconcursos.com.br\/blog\/gabarito-extraoficial-analista-e-tecnico-tre-rj-sustentabilidade-recurso\/","url":"https:\/\/www.estrategiaconcursos.com.br\/blog\/gabarito-extraoficial-analista-e-tecnico-tre-rj-sustentabilidade-recurso\/","name":"Gabarito extraoficial - Analista e T\u00e9cnico - TRE RJ [SUSTENTABILIDADE] + RECURSO","isPartOf":{"@id":"https:\/\/www.estrategiaconcursos.com.br\/blog\/#website"},"datePublished":"2017-11-26T21:39:35+00:00","dateModified":"2017-11-26T22:39:36+00:00","breadcrumb":{"@id":"https:\/\/www.estrategiaconcursos.com.br\/blog\/gabarito-extraoficial-analista-e-tecnico-tre-rj-sustentabilidade-recurso\/#breadcrumb"},"inLanguage":"pt-BR","potentialAction":[{"@type":"ReadAction","target":["https:\/\/www.estrategiaconcursos.com.br\/blog\/gabarito-extraoficial-analista-e-tecnico-tre-rj-sustentabilidade-recurso\/"]}]},{"@type":"BreadcrumbList","@id":"https:\/\/www.estrategiaconcursos.com.br\/blog\/gabarito-extraoficial-analista-e-tecnico-tre-rj-sustentabilidade-recurso\/#breadcrumb","itemListElement":[{"@type":"ListItem","position":1,"name":"In\u00edcio","item":"https:\/\/www.estrategiaconcursos.com.br\/blog\/"},{"@type":"ListItem","position":2,"name":"Gabarito extraoficial &#8211; Analista e T\u00e9cnico &#8211; TRE RJ [SUSTENTABILIDADE] + RECURSO"}]},{"@type":"WebSite","@id":"https:\/\/www.estrategiaconcursos.com.br\/blog\/#website","url":"https:\/\/www.estrategiaconcursos.com.br\/blog\/","name":"Estrat\u00e9gia Concursos","description":"O blog da Estrat\u00e9gia Concursos traz not\u00edcias sobre concursos e artigos de professores oferecendo cursos para concursos (pdf + videaulas) no site.","publisher":{"@id":"https:\/\/www.estrategiaconcursos.com.br\/blog\/#organization"},"potentialAction":[{"@type":"SearchAction","target":{"@type":"EntryPoint","urlTemplate":"https:\/\/www.estrategiaconcursos.com.br\/blog\/?s={search_term_string}"},"query-input":{"@type":"PropertyValueSpecification","valueRequired":true,"valueName":"search_term_string"}}],"inLanguage":"pt-BR"},{"@type":"Organization","@id":"https:\/\/www.estrategiaconcursos.com.br\/blog\/#organization","name":"Estrat\u00e9gia Concursos","url":"https:\/\/www.estrategiaconcursos.com.br\/blog\/","logo":{"@type":"ImageObject","inLanguage":"pt-BR","@id":"https:\/\/www.estrategiaconcursos.com.br\/blog\/#\/schema\/logo\/image\/","url":"https:\/\/dhg1h5j42swfq.cloudfront.net\/2025\/06\/03203428\/logo_concursos-1.jpg","contentUrl":"https:\/\/dhg1h5j42swfq.cloudfront.net\/2025\/06\/03203428\/logo_concursos-1.jpg","width":230,"height":60,"caption":"Estrat\u00e9gia Concursos"},"image":{"@id":"https:\/\/www.estrategiaconcursos.com.br\/blog\/#\/schema\/logo\/image\/"},"sameAs":["https:\/\/x.com\/EstratConcursos"]},{"@type":"Person","@id":"https:\/\/www.estrategiaconcursos.com.br\/blog\/#\/schema\/person\/3489eb8fb39ff11193689cf7762b03b0","name":"Rosenval J\u00fanior","image":{"@type":"ImageObject","inLanguage":"pt-BR","@id":"https:\/\/secure.gravatar.com\/avatar\/dc38e7bcadccb99c8a28b35b027bdc6b8b6a65ee938a25ed335e3e31eed462e0?s=96&d=mm&r=g","url":"https:\/\/secure.gravatar.com\/avatar\/dc38e7bcadccb99c8a28b35b027bdc6b8b6a65ee938a25ed335e3e31eed462e0?s=96&d=mm&r=g","contentUrl":"https:\/\/secure.gravatar.com\/avatar\/dc38e7bcadccb99c8a28b35b027bdc6b8b6a65ee938a25ed335e3e31eed462e0?s=96&d=mm&r=g","caption":"Rosenval J\u00fanior"},"description":"Graduado pela Universidade Federal de Vi\u00e7osa - UFV. P\u00f3s-graduado em Direito Ambiental. Graduado tamb\u00e9m em Gest\u00e3o Ambiental, com tr\u00eas especializa\u00e7\u00f5es na \u00e1rea ambiental. Mestrando em Engenharia Ambiental. Servidor p\u00fablico do Minist\u00e9rio da Justi\u00e7a e professor de Direito Ambiental, Meio Ambiente, Direito Agr\u00e1rio e Direito Urban\u00edstico para concursos p\u00fablicos. Professor de Direito Ambiental para o Exame de Ordem. Aprovado em 15 concursos p\u00fablicos na \u00e1rea de Meio Ambiente como Analista Ambiental do Instituto Brasileiro do Meio Ambiente e dos Recursos Naturais Renov\u00e1veis - IBAMA; Analista Pericial - Especialidade Engenharia Florestal do Minist\u00e9rio P\u00fablico da Uni\u00e3o - MPU; Analista de Infraestrutura - \u00c1rea de Especializa\u00e7\u00e3o Ambiental do Departamento Nacional de Infraestrutura de Transportes - DNIT; Especialista em Regula\u00e7\u00e3o - \u00c1rea Engenharia Ambiental e Engenharia Florestal, com \u00eanfase em Meio Ambiente da Ag\u00eancia Nacional de Transportes Terrestres - ANTT; Consultor Legislativo em Meio Ambiente e Direito Ambiental, Organiza\u00e7\u00e3o Territorial, Desenvolvimento Urbano e Regional da C\u00e2mara dos Deputados; entre outros. Autor do livro \"Direito Ambiental para Concursos e Exame de Ordem\", Editora Juru\u00e1. Iniciou sua carreira no servi\u00e7o p\u00fablico federal em 2006, quando obteve aprova\u00e7\u00e3o em 1\u00b0 lugar para o cargo de engenheiro florestal da Casa Civil da Presid\u00eancia da Rep\u00fablica\/Arquivo Nacional. Alguns concursos em que foi aprovado: 1\u00b0 lugar para Analista do Minist\u00e9rio P\u00fablico de MG; 1\u00ba lugar para Engenheiro da Casa Civil da Presid\u00eancia da Rep\u00fablica; 1\u00b0 lugar para T\u00e9cnico em Recursos Naturais \u2013 n\u00edvel II \u2013 \u00c1rea Engenharia Florestal do IDAF; 2\u00b0 lugar para Analista Pericial do Minist\u00e9rio P\u00fablico da Uni\u00e3o - MPU; 2\u00b0 lugar para Analista em Reforma e Desenvolvimento Agr\u00e1rio do INCRA; 7\u00ba lugar Engenheiro J\u00fanior da Caixa Econ\u00f4mica Federal; 10\u00ba lugar para Analista Ambiental do Instituto Estadual de Florestas - IEF\/MG; 6\u00ba lugar para Analista de Infraestrutura (\u00c1rea de Especializa\u00e7\u00e3o Ambiental) do Departamento Nacional de Infraestrutura de Transportes \u2013 DNIT (Prova objetiva e discursiva); 2\u00b0 lugar para Perito Criminal da Pol\u00edcia Civil do Estado do Rio de Janeiro \u2013PCERJ (Resultado na Prova objetiva, TAF, Avalia\u00e7\u00e3o M\u00e9dica, e Psicot\u00e9cnico); 10\u00ba lugar para Perito Criminal da Pol\u00edcia Federal \u2013 DPF \u2013 \u00c1rea 9 (Resultado definitivo na prova objetiva e discursiva); 2\u00b0 lugar para Analista Ambiental do Instituto Brasileiro do Meio Ambiente e dos Recursos Naturais Renov\u00e1veis \u2013 IBAMA (Prova objetiva e discursiva); 1\u00b0 lugar para Especialista em Regula\u00e7\u00e3o Engenharia Ambiental e Engenharia Florestal (com \u00eanfase em meio ambiente) da Ag\u00eancia Nacional de Transportes Terrestres - ANTT (Resultado da prova objetiva, discursiva e de t\u00edtulos); 10\u00ba lugar para Consultor Legislativo em Meio Ambiente e Direito Ambiental, Organiza\u00e7\u00e3o Territorial, Desenvolvimento Urbano e Regional da C\u00e2mara dos Deputados. (Resultado da prova objetiva, discursiva e de t\u00edtulos) Entre em contato comigo pelo facebook e pelo Youtube. Basta colocar na busca: Rosenval J\u00fanior. Ou copiar e colar o endere\u00e7o: www.facebook.com\/rosenvaljr Acesse o meu site e saiba mais: www.aprendadireitoambiental.com.br","sameAs":["http:\/\/www.aprendadireitoambiental.com.br","https:\/\/www.facebook.com\/rosenvaljr"],"url":"https:\/\/www.estrategiaconcursos.com.br\/blog\/author\/rosenvaljuniorestrategiaconcursos-com-br\/"}]}},"_links":{"self":[{"href":"https:\/\/www.estrategiaconcursos.com.br\/blog\/wp-json\/wp\/v2\/posts\/96934","targetHints":{"allow":["GET"]}}],"collection":[{"href":"https:\/\/www.estrategiaconcursos.com.br\/blog\/wp-json\/wp\/v2\/posts"}],"about":[{"href":"https:\/\/www.estrategiaconcursos.com.br\/blog\/wp-json\/wp\/v2\/types\/post"}],"author":[{"embeddable":true,"href":"https:\/\/www.estrategiaconcursos.com.br\/blog\/wp-json\/wp\/v2\/users\/73"}],"replies":[{"embeddable":true,"href":"https:\/\/www.estrategiaconcursos.com.br\/blog\/wp-json\/wp\/v2\/comments?post=96934"}],"version-history":[{"count":3,"href":"https:\/\/www.estrategiaconcursos.com.br\/blog\/wp-json\/wp\/v2\/posts\/96934\/revisions"}],"predecessor-version":[{"id":97020,"href":"https:\/\/www.estrategiaconcursos.com.br\/blog\/wp-json\/wp\/v2\/posts\/96934\/revisions\/97020"}],"wp:attachment":[{"href":"https:\/\/www.estrategiaconcursos.com.br\/blog\/wp-json\/wp\/v2\/media?parent=96934"}],"wp:term":[{"taxonomy":"category","embeddable":true,"href":"https:\/\/www.estrategiaconcursos.com.br\/blog\/wp-json\/wp\/v2\/categories?post=96934"},{"taxonomy":"post_tag","embeddable":true,"href":"https:\/\/www.estrategiaconcursos.com.br\/blog\/wp-json\/wp\/v2\/tags?post=96934"},{"taxonomy":"tax_estado","embeddable":true,"href":"https:\/\/www.estrategiaconcursos.com.br\/blog\/wp-json\/wp\/v2\/tax_estado?post=96934"}],"curies":[{"name":"wp","href":"https:\/\/api.w.org\/{rel}","templated":true}]}}