{"id":969176,"date":"2022-02-19T07:00:00","date_gmt":"2022-02-19T10:00:00","guid":{"rendered":"https:\/\/www.estrategiaconcursos.com.br\/blog\/?p=969176"},"modified":"2022-02-15T10:34:10","modified_gmt":"2022-02-15T13:34:10","slug":"maratona-pgdf-procurador-temas-quentes","status":"publish","type":"post","link":"https:\/\/www.estrategiaconcursos.com.br\/blog\/maratona-pgdf-procurador-temas-quentes\/","title":{"rendered":"Maratona PGDF Procurador &#8211; Temas Quentes"},"content":{"rendered":"\n<p>N\u00e3o \u00e9 novidade que a prova do concurso PGDF Procurador est\u00e1 prevista para o dia 05\/06\/2022. Por isso, voc\u00ea, concurseiro, deve intensificar os estudos para checar preparado no dia do exame. <\/p>\n\n\n\n<p>A equipe do Estrat\u00e9gia preparou um evento completo chamado <strong>Maratona PGDF Procurador &#8211; Temas Quentes<\/strong>. Essa \u00e9 a sua chance de tirar d\u00favidas e ganhar dicas valiosas. Veja abaixo:<\/p>\n\n\n\n<h3 class=\"wp-block-heading\" id=\"maratona-pgdf-procurador-cronograma\">Maratona PGDF Procurador: cronograma<\/h3>\n\n\n\n<figure class=\"wp-block-table is-style-stripes\"><table class=\"has-luminous-vivid-amber-background-color has-background\"><tbody><tr><td class=\"has-text-align-center\" data-align=\"center\">Data&nbsp;<\/td><td class=\"has-text-align-center\" data-align=\"center\">Hor\u00e1rio<\/td><td class=\"has-text-align-center\" data-align=\"center\">Disciplina<\/td><td class=\"has-text-align-center\" data-align=\"center\">Professor<\/td><\/tr><tr><td class=\"has-text-align-center\" data-align=\"center\">19\/02<\/td><td class=\"has-text-align-center\" data-align=\"center\">08:00 \u00e0s 09:30<\/td><td class=\"has-text-align-center\" data-align=\"center\">Legisla\u00e7\u00e3o Administrativa&nbsp;<\/td><td class=\"has-text-align-center\" data-align=\"center\">Rodolfo Pena<\/td><\/tr><tr><td class=\"has-text-align-center\" data-align=\"center\">19\/02<\/td><td class=\"has-text-align-center\" data-align=\"center\">09:30 \u00e0s 11:00<\/td><td class=\"has-text-align-center\" data-align=\"center\">Processo Tribut\u00e1rio<\/td><td class=\"has-text-align-center\" data-align=\"center\">Jo\u00e3o Dolabela<\/td><\/tr><tr><td class=\"has-text-align-center\" data-align=\"center\">19\/02<\/td><td class=\"has-text-align-center\" data-align=\"center\">11:00 as 12:30<\/td><td class=\"has-text-align-center\" data-align=\"center\">Legisla\u00e7\u00e3o Tribut\u00e1ria e Financeiro<\/td><td class=\"has-text-align-center\" data-align=\"center\">P\u00e9rsio Rocha<\/td><\/tr><tr><td class=\"has-text-align-center\" data-align=\"center\">19\/02<\/td><td class=\"has-text-align-center\" data-align=\"center\">12:30 \u00e0s 14:00<\/td><td class=\"has-text-align-center\" data-align=\"center\">Legisla\u00e7\u00e3o Urban\u00edstica&nbsp;<\/td><td class=\"has-text-align-center\" data-align=\"center\">Josias Barcelos&nbsp;<\/td><\/tr><tr><td class=\"has-text-align-center\" data-align=\"center\">19\/02<\/td><td class=\"has-text-align-center\" data-align=\"center\">14:00 as&nbsp; 15:30<\/td><td class=\"has-text-align-center\" data-align=\"center\">Legisla\u00e7\u00e3o Ambiental&nbsp;<\/td><td class=\"has-text-align-center\" data-align=\"center\">Thiago Leite<\/td><\/tr><tr><td class=\"has-text-align-center\" data-align=\"center\">19\/02<\/td><td class=\"has-text-align-center\" data-align=\"center\">17:00&nbsp; as 18:30<\/td><td class=\"has-text-align-center\" data-align=\"center\">Direito Penal e Processo Pena<\/td><td class=\"has-text-align-center\" data-align=\"center\">Ivan Marques&nbsp;<\/td><\/tr><tr><td class=\"has-text-align-center\" data-align=\"center\">21\/02&nbsp;<\/td><td class=\"has-text-align-center\" data-align=\"center\">19:00 \u00e0s 20:30<\/td><td class=\"has-text-align-center\" data-align=\"center\">Processo Tribut\u00e1rio&nbsp;<\/td><td class=\"has-text-align-center\" data-align=\"center\">Felipe Duque<\/td><\/tr><tr><td class=\"has-text-align-center\" data-align=\"center\">22\/02<\/td><td class=\"has-text-align-center\" data-align=\"center\">19:00 \u00e0s 20:30<\/td><td class=\"has-text-align-center\" data-align=\"center\">Legisla\u00e7\u00e3o Tribut\u00e1ria<\/td><td class=\"has-text-align-center\" data-align=\"center\">P\u00e9rsio Rocha<\/td><\/tr><tr><td class=\"has-text-align-center\" data-align=\"center\">22\/02&nbsp;<\/td><td class=\"has-text-align-center\" data-align=\"center\">21:00 \u00e0s 22:30<\/td><td class=\"has-text-align-center\" data-align=\"center\">Processo Tribut\u00e1rio&nbsp;<\/td><td class=\"has-text-align-center\" data-align=\"center\">Jo\u00e3o Dolabela<\/td><\/tr><tr><td class=\"has-text-align-center\" data-align=\"center\">23\/02<\/td><td class=\"has-text-align-center\" data-align=\"center\">19:00 \u00e0s 20:30<\/td><td class=\"has-text-align-center\" data-align=\"center\">Direito Urban\u00edstico&nbsp;<\/td><td class=\"has-text-align-center\" data-align=\"center\">Josias Barcelos<\/td><\/tr><tr><td class=\"has-text-align-center\" data-align=\"center\">24\/02<\/td><td class=\"has-text-align-center\" data-align=\"center\">19:00&nbsp; \u00e0s 20:30<\/td><td class=\"has-text-align-center\" data-align=\"center\">Legisla\u00e7\u00e3o Tribut\u00e1ria<\/td><td class=\"has-text-align-center\" data-align=\"center\">Felipe Duque<\/td><\/tr><tr><td class=\"has-text-align-center\" data-align=\"center\">25\/02<\/td><td class=\"has-text-align-center\" data-align=\"center\">19:00 \u00e0s 20:30&nbsp;<\/td><td class=\"has-text-align-center\" data-align=\"center\">Conhecimentos do DF<\/td><td class=\"has-text-align-center\" data-align=\"center\">Leandro Signori<\/td><\/tr><\/tbody><\/table><figcaption>Cronograma<\/figcaption><\/figure>\n\n\n\n<h3 class=\"wp-block-heading\" id=\"maratona-pgdf-procurador-evento-ao-vivo\">Maratona PGDF Procurador: evento ao vivo <\/h3>\n\n\n\n<p class=\"has-text-align-center has-medium-font-size\"><a href=\"https:\/\/www.youtube.com\/c\/Estrat%C3%A9giaCarreiraJur%C3%ADdica\/videos?view=2&amp;live_view=502\" target=\"_blank\" rel=\"noreferrer noopener\">ASSISTA AO VIVO AQUI! <\/a><\/p>\n\n\n\n<h3 class=\"wp-block-heading\" id=\"maratona-pgdf-procurador-curiosidades\">Maratona PGDF Procurador: curiosidades<\/h3>\n\n\n\n<h4 class=\"wp-block-heading\" id=\"requisito\">Requisitos<\/h4>\n\n\n\n<p>Para concorrer ingressar na carreira, o candidato deve diploma, devidamente registrado, de conclus\u00e3o de curso de n\u00edvel superior de gradua\u00e7\u00e3o em Direito, expedido por institui\u00e7\u00e3o de ensino superior reconhecida pelo Minist\u00e9rio da Educa\u00e7\u00e3o (MEC), e registro na Ordem dos Advogados do Brasil (OAB).<\/p>\n\n\n\n<h4 class=\"wp-block-heading\" id=\"atribuicoes\">Atribui\u00e7\u00f5es<\/h4>\n\n\n\n<p><strong>DESCRI\u00c7\u00c3O SUM\u00c1RIA DAS ATIVIDADES<\/strong>: representa\u00e7\u00e3o judicial e extrajudicial e consultoria jur\u00eddica do Distrito Federal e suas autarquias e funda\u00e7\u00f5es, bem como de orienta\u00e7\u00e3o jur\u00eddico-normativa e supervis\u00e3o t\u00e9cnica do sistema jur\u00eddico do Distrito Federal, previstas no art. 132 da Constitui\u00e7\u00e3o Federal, no art. 111 da Lei Org\u00e2nica do Distrito Federal e no art. 4\u00ba da Lei Complementar n\u00ba 395\/2001.<\/p>\n\n\n\n<p class=\"has-text-align-center has-luminous-vivid-amber-background-color has-background has-medium-font-size\"><strong>Saiba mais: <a href=\"https:\/\/www.estrategiaconcursos.com.br\/blog\/concurso-pgdf-procurador\/\" target=\"_blank\" rel=\"noreferrer noopener\">concurso PGDF Procurador<\/a><\/strong><\/p>\n\n\n\n<p class=\"has-text-align-center has-cyan-bluish-gray-background-color has-background has-medium-font-size\"><a href=\"https:\/\/www.youtube.com\/channel\/UClbMGuYbj2Mh1m3w144ETWQ\" target=\"_blank\" rel=\"noreferrer noopener\">Youtube &#8211; Estrat\u00e9gia Carreira Jur\u00eddica<\/a><\/p>\n\n\n\n<h2 class=\"has-text-align-center wp-block-heading\" id=\"h-quer-saber-tudo-sobre-concursos-previstos-confira-nossos-artigos\">Quer saber tudo sobre concursos previstos?<br \/>Confira nossos artigos!<\/h2>\n\n\n\n<ul class=\"wp-block-list\"><li><a href=\"https:\/\/www.estrategiaconcursos.com.br\/blog\/concursos-abertos\/\" target=\"_blank\" rel=\"noreferrer noopener\">Concursos abertos<\/a><\/li><li><a href=\"https:\/\/www.estrategiaconcursos.com.br\/blog\/concursos-2022\/\" target=\"_blank\" rel=\"noreferrer noopener\">Concursos 2022<\/a><\/li><\/ul>\n\n\n\n<h2 class=\"has-text-align-center wp-block-heading\" id=\"cursos\"><span style=\"font-size: 18pt;\"><em><strong>Cursos para o concurso PGDF<\/strong><\/em> <strong>Procurador<\/strong><\/span><\/h2>\n\n\n\n<div class=\"container\" id=\"boxes\">\n  <div class=\"row\">\n\n    <div class=\"col-sm\">\n      <div class=\"banner-ecj\" id=\"box-assinatura\">\n        <h3 class=\"titulo-assinatura\">Curso para Concurso PGDF PROCURADOR <\/h3>\n        <p class=\"subtitulo-assinatura\">Cursos focados no edital do concurso<\/p>\n        <div class=\"box-botao\">\n          <a class=\"btn-assinatura\" target=\"_blank\" href=\"https:\/\/www.estrategiaconcursos.com.br\/cursosPorConcurso\/procuradoria-geral-do-distrito-federal-pg-df-procurador\/\" role=\"button\" rel=\"noopener noreferrer\">Conhe\u00e7a mais<\/a>\n        <\/div>\n      <\/div>\n      <p class=\"texto-auxiliar\">Prepare-se com o melhor material e com quem mais aprova em concursos em todo o pa\u00eds. \n<\/p>\n    <\/div>\n\n  <\/div>\n<\/div>\n\n\n\n<div class=\"container\" id=\"boxes\">\n  <div class=\"row\">\n\n    <div class=\"col-sm\">\n      <div class=\"banner-ecj\" id=\"box-assinatura\">\n        <h3 class=\"titulo-assinatura\">Assinatura Jur\u00eddica <\/h3>\n        <p class=\"subtitulo-assinatura\">Conhe\u00e7a os planos<\/p>\n        <div class=\"box-botao\">\n          <a class=\"btn-assinatura\" target=\"_blank\" href=\"https:\/\/www.estrategiaconcursos.com.br\/assinaturas-ecj\/\" role=\"button\" rel=\"noopener noreferrer\">Conhe\u00e7a mais<\/a>\n        <\/div>\n      <\/div>\n      <p class=\"texto-auxiliar\">Prepare-se com o melhor material e com quem mais aprova em Concursos P\u00fablicos em todo o pa\u00eds. \n<\/p>\n    <\/div>\n\n  <\/div>\n<\/div>\n","protected":false},"excerpt":{"rendered":"<p>N\u00e3o \u00e9 novidade que a prova do concurso PGDF Procurador est\u00e1 prevista para o dia 05\/06\/2022. Por isso, voc\u00ea, concurseiro, deve intensificar os estudos para checar preparado no dia do exame. A equipe do Estrat\u00e9gia preparou um evento completo chamado Maratona PGDF Procurador &#8211; Temas Quentes. Essa \u00e9 a sua chance de tirar d\u00favidas e [&hellip;]<\/p>\n","protected":false},"author":1,"featured_media":930935,"comment_status":"open","ping_status":"closed","sticky":false,"template":"","format":"standard","meta":{"post_tipo":"news","footnotes":""},"categories":[220196],"tags":[],"tax_estado":[219970],"class_list":["post-969176","post","type-post","status-publish","format-standard","has-post-thumbnail","hentry","category-procuradorias","tax_estado-df"],"acf":[],"yoast_head":"<!-- This site is optimized with the Yoast SEO Premium plugin v27.2 (Yoast SEO v27.2) - https:\/\/yoast.com\/product\/yoast-seo-premium-wordpress\/ -->\n<title>Maratona PGDF Procurador - Temas Quentes<\/title>\n<meta name=\"description\" content=\"Come\u00e7a neste s\u00e1bado, 19 de fevereiro de 2022, a partir das 08:00, a Maratona PGDF Procurador - Temas Quentes.\" \/>\n<meta name=\"robots\" content=\"index, follow, max-snippet:-1, max-image-preview:large, max-video-preview:-1\" \/>\n<link rel=\"canonical\" href=\"https:\/\/www.estrategiaconcursos.com.br\/blog\/maratona-pgdf-procurador-temas-quentes\/\" \/>\n<meta property=\"og:locale\" content=\"pt_BR\" \/>\n<meta property=\"og:type\" content=\"article\" \/>\n<meta property=\"og:title\" content=\"Maratona PGDF Procurador - Temas Quentes\" \/>\n<meta property=\"og:description\" content=\"Come\u00e7a neste s\u00e1bado, 19 de fevereiro de 2022, a partir das 08:00, a Maratona PGDF Procurador - Temas Quentes.\" \/>\n<meta property=\"og:url\" content=\"https:\/\/www.estrategiaconcursos.com.br\/blog\/maratona-pgdf-procurador-temas-quentes\/\" \/>\n<meta property=\"og:site_name\" content=\"Estrat\u00e9gia Concursos\" \/>\n<meta property=\"article:author\" content=\"https:\/\/www.facebook.com\/EstrategiaConcursos\" \/>\n<meta property=\"article:published_time\" content=\"2022-02-19T10:00:00+00:00\" \/>\n<meta property=\"og:image\" content=\"https:\/\/dhg1h5j42swfq.cloudfront.net\/2021\/12\/16155518\/pgdf-e1532461558120-1.jpg\" \/>\n\t<meta property=\"og:image:width\" content=\"400\" \/>\n\t<meta property=\"og:image:height\" content=\"209\" \/>\n\t<meta property=\"og:image:type\" content=\"image\/jpeg\" \/>\n<meta name=\"author\" content=\"Coordena\u00e7\u00e3o\" \/>\n<meta name=\"twitter:card\" content=\"summary_large_image\" \/>\n<meta name=\"twitter:creator\" content=\"@EstratConcursos\" \/>\n<meta name=\"twitter:site\" content=\"@EstratConcursos\" \/>\n<meta name=\"twitter:label1\" content=\"Escrito por\" \/>\n\t<meta name=\"twitter:data1\" content=\"Coordena\u00e7\u00e3o\" \/>\n\t<meta name=\"twitter:label2\" content=\"Est. tempo de leitura\" \/>\n\t<meta name=\"twitter:data2\" content=\"3 minutos\" \/>\n<script type=\"application\/ld+json\" class=\"yoast-schema-graph\">{\"@context\":\"https:\/\/schema.org\",\"@graph\":[{\"@type\":\"NewsArticle\",\"@id\":\"https:\/\/www.estrategiaconcursos.com.br\/blog\/maratona-pgdf-procurador-temas-quentes\/#article\",\"isPartOf\":{\"@id\":\"https:\/\/www.estrategiaconcursos.com.br\/blog\/maratona-pgdf-procurador-temas-quentes\/\"},\"author\":{\"name\":\"Coordena\u00e7\u00e3o\",\"@id\":\"https:\/\/www.estrategiaconcursos.com.br\/blog\/#\/schema\/person\/b4a388c97673c5f483d72185668afa1f\"},\"headline\":\"Maratona PGDF Procurador &#8211; Temas Quentes\",\"datePublished\":\"2022-02-19T10:00:00+00:00\",\"mainEntityOfPage\":{\"@id\":\"https:\/\/www.estrategiaconcursos.com.br\/blog\/maratona-pgdf-procurador-temas-quentes\/\"},\"wordCount\":397,\"commentCount\":0,\"publisher\":{\"@id\":\"https:\/\/www.estrategiaconcursos.com.br\/blog\/#organization\"},\"image\":{\"@id\":\"https:\/\/www.estrategiaconcursos.com.br\/blog\/maratona-pgdf-procurador-temas-quentes\/#primaryimage\"},\"thumbnailUrl\":\"https:\/\/dhg1h5j42swfq.cloudfront.net\/2021\/12\/16155518\/pgdf-e1532461558120-1.jpg\",\"articleSection\":[\"Jur\u00eddico - Procuradorias\"],\"inLanguage\":\"pt-BR\",\"potentialAction\":[{\"@type\":\"CommentAction\",\"name\":\"Comment\",\"target\":[\"https:\/\/www.estrategiaconcursos.com.br\/blog\/maratona-pgdf-procurador-temas-quentes\/#respond\"]}],\"copyrightYear\":\"2022\",\"copyrightHolder\":{\"@id\":\"https:\/\/www.estrategiaconcursos.com.br\/blog\/#organization\"}},{\"@type\":\"WebPage\",\"@id\":\"https:\/\/www.estrategiaconcursos.com.br\/blog\/maratona-pgdf-procurador-temas-quentes\/\",\"url\":\"https:\/\/www.estrategiaconcursos.com.br\/blog\/maratona-pgdf-procurador-temas-quentes\/\",\"name\":\"Maratona PGDF Procurador - Temas Quentes\",\"isPartOf\":{\"@id\":\"https:\/\/www.estrategiaconcursos.com.br\/blog\/#website\"},\"primaryImageOfPage\":{\"@id\":\"https:\/\/www.estrategiaconcursos.com.br\/blog\/maratona-pgdf-procurador-temas-quentes\/#primaryimage\"},\"image\":{\"@id\":\"https:\/\/www.estrategiaconcursos.com.br\/blog\/maratona-pgdf-procurador-temas-quentes\/#primaryimage\"},\"thumbnailUrl\":\"https:\/\/dhg1h5j42swfq.cloudfront.net\/2021\/12\/16155518\/pgdf-e1532461558120-1.jpg\",\"datePublished\":\"2022-02-19T10:00:00+00:00\",\"description\":\"Come\u00e7a neste s\u00e1bado, 19 de fevereiro de 2022, a partir das 08:00, a Maratona PGDF Procurador - Temas Quentes.\",\"breadcrumb\":{\"@id\":\"https:\/\/www.estrategiaconcursos.com.br\/blog\/maratona-pgdf-procurador-temas-quentes\/#breadcrumb\"},\"inLanguage\":\"pt-BR\",\"potentialAction\":[{\"@type\":\"ReadAction\",\"target\":[\"https:\/\/www.estrategiaconcursos.com.br\/blog\/maratona-pgdf-procurador-temas-quentes\/\"]}]},{\"@type\":\"ImageObject\",\"inLanguage\":\"pt-BR\",\"@id\":\"https:\/\/www.estrategiaconcursos.com.br\/blog\/maratona-pgdf-procurador-temas-quentes\/#primaryimage\",\"url\":\"https:\/\/dhg1h5j42swfq.cloudfront.net\/2021\/12\/16155518\/pgdf-e1532461558120-1.jpg\",\"contentUrl\":\"https:\/\/dhg1h5j42swfq.cloudfront.net\/2021\/12\/16155518\/pgdf-e1532461558120-1.jpg\",\"width\":400,\"height\":209,\"caption\":\"PGDF\"},{\"@type\":\"BreadcrumbList\",\"@id\":\"https:\/\/www.estrategiaconcursos.com.br\/blog\/maratona-pgdf-procurador-temas-quentes\/#breadcrumb\",\"itemListElement\":[{\"@type\":\"ListItem\",\"position\":1,\"name\":\"In\u00edcio\",\"item\":\"https:\/\/www.estrategiaconcursos.com.br\/blog\/\"},{\"@type\":\"ListItem\",\"position\":2,\"name\":\"Maratona PGDF Procurador &#8211; Temas Quentes\"}]},{\"@type\":\"WebSite\",\"@id\":\"https:\/\/www.estrategiaconcursos.com.br\/blog\/#website\",\"url\":\"https:\/\/www.estrategiaconcursos.com.br\/blog\/\",\"name\":\"Estrat\u00e9gia Concursos\",\"description\":\"O blog da Estrat\u00e9gia Concursos traz not\u00edcias sobre concursos e artigos de professores oferecendo cursos para concursos (pdf + videaulas) no site.\",\"publisher\":{\"@id\":\"https:\/\/www.estrategiaconcursos.com.br\/blog\/#organization\"},\"potentialAction\":[{\"@type\":\"SearchAction\",\"target\":{\"@type\":\"EntryPoint\",\"urlTemplate\":\"https:\/\/www.estrategiaconcursos.com.br\/blog\/?s={search_term_string}\"},\"query-input\":{\"@type\":\"PropertyValueSpecification\",\"valueRequired\":true,\"valueName\":\"search_term_string\"}}],\"inLanguage\":\"pt-BR\"},{\"@type\":\"Organization\",\"@id\":\"https:\/\/www.estrategiaconcursos.com.br\/blog\/#organization\",\"name\":\"Estrat\u00e9gia Concursos\",\"url\":\"https:\/\/www.estrategiaconcursos.com.br\/blog\/\",\"logo\":{\"@type\":\"ImageObject\",\"inLanguage\":\"pt-BR\",\"@id\":\"https:\/\/www.estrategiaconcursos.com.br\/blog\/#\/schema\/logo\/image\/\",\"url\":\"https:\/\/dhg1h5j42swfq.cloudfront.net\/2025\/06\/03203428\/logo_concursos-1.jpg\",\"contentUrl\":\"https:\/\/dhg1h5j42swfq.cloudfront.net\/2025\/06\/03203428\/logo_concursos-1.jpg\",\"width\":230,\"height\":60,\"caption\":\"Estrat\u00e9gia Concursos\"},\"image\":{\"@id\":\"https:\/\/www.estrategiaconcursos.com.br\/blog\/#\/schema\/logo\/image\/\"},\"sameAs\":[\"https:\/\/x.com\/EstratConcursos\"]},{\"@type\":\"Person\",\"@id\":\"https:\/\/www.estrategiaconcursos.com.br\/blog\/#\/schema\/person\/b4a388c97673c5f483d72185668afa1f\",\"name\":\"Coordena\u00e7\u00e3o\",\"image\":{\"@type\":\"ImageObject\",\"inLanguage\":\"pt-BR\",\"@id\":\"https:\/\/secure.gravatar.com\/avatar\/b720319e4c9a967eb58678d110f4fe35452fc5d5f97b202bac7b8acceb18c6ad?s=96&d=mm&r=g\",\"url\":\"https:\/\/secure.gravatar.com\/avatar\/b720319e4c9a967eb58678d110f4fe35452fc5d5f97b202bac7b8acceb18c6ad?s=96&d=mm&r=g\",\"contentUrl\":\"https:\/\/secure.gravatar.com\/avatar\/b720319e4c9a967eb58678d110f4fe35452fc5d5f97b202bac7b8acceb18c6ad?s=96&d=mm&r=g\",\"caption\":\"Coordena\u00e7\u00e3o\"},\"sameAs\":[\"https:\/\/www.facebook.com\/EstrategiaConcursos\",\"https:\/\/x.com\/EstratConcursos\"],\"url\":\"https:\/\/www.estrategiaconcursos.com.br\/blog\/author\/estrategia2013\/\"}]}<\/script>\n<!-- \/ Yoast SEO Premium plugin. -->","yoast_head_json":{"title":"Maratona PGDF Procurador - Temas Quentes","description":"Come\u00e7a neste s\u00e1bado, 19 de fevereiro de 2022, a partir das 08:00, a Maratona PGDF Procurador - Temas Quentes.","robots":{"index":"index","follow":"follow","max-snippet":"max-snippet:-1","max-image-preview":"max-image-preview:large","max-video-preview":"max-video-preview:-1"},"canonical":"https:\/\/www.estrategiaconcursos.com.br\/blog\/maratona-pgdf-procurador-temas-quentes\/","og_locale":"pt_BR","og_type":"article","og_title":"Maratona PGDF Procurador - Temas Quentes","og_description":"Come\u00e7a neste s\u00e1bado, 19 de fevereiro de 2022, a partir das 08:00, a Maratona PGDF Procurador - Temas Quentes.","og_url":"https:\/\/www.estrategiaconcursos.com.br\/blog\/maratona-pgdf-procurador-temas-quentes\/","og_site_name":"Estrat\u00e9gia Concursos","article_author":"https:\/\/www.facebook.com\/EstrategiaConcursos","article_published_time":"2022-02-19T10:00:00+00:00","og_image":[{"width":400,"height":209,"url":"https:\/\/dhg1h5j42swfq.cloudfront.net\/2021\/12\/16155518\/pgdf-e1532461558120-1.jpg","type":"image\/jpeg"}],"author":"Coordena\u00e7\u00e3o","twitter_card":"summary_large_image","twitter_creator":"@EstratConcursos","twitter_site":"@EstratConcursos","twitter_misc":{"Escrito por":"Coordena\u00e7\u00e3o","Est. tempo de leitura":"3 minutos"},"schema":{"@context":"https:\/\/schema.org","@graph":[{"@type":"NewsArticle","@id":"https:\/\/www.estrategiaconcursos.com.br\/blog\/maratona-pgdf-procurador-temas-quentes\/#article","isPartOf":{"@id":"https:\/\/www.estrategiaconcursos.com.br\/blog\/maratona-pgdf-procurador-temas-quentes\/"},"author":{"name":"Coordena\u00e7\u00e3o","@id":"https:\/\/www.estrategiaconcursos.com.br\/blog\/#\/schema\/person\/b4a388c97673c5f483d72185668afa1f"},"headline":"Maratona PGDF Procurador &#8211; Temas Quentes","datePublished":"2022-02-19T10:00:00+00:00","mainEntityOfPage":{"@id":"https:\/\/www.estrategiaconcursos.com.br\/blog\/maratona-pgdf-procurador-temas-quentes\/"},"wordCount":397,"commentCount":0,"publisher":{"@id":"https:\/\/www.estrategiaconcursos.com.br\/blog\/#organization"},"image":{"@id":"https:\/\/www.estrategiaconcursos.com.br\/blog\/maratona-pgdf-procurador-temas-quentes\/#primaryimage"},"thumbnailUrl":"https:\/\/dhg1h5j42swfq.cloudfront.net\/2021\/12\/16155518\/pgdf-e1532461558120-1.jpg","articleSection":["Jur\u00eddico - Procuradorias"],"inLanguage":"pt-BR","potentialAction":[{"@type":"CommentAction","name":"Comment","target":["https:\/\/www.estrategiaconcursos.com.br\/blog\/maratona-pgdf-procurador-temas-quentes\/#respond"]}],"copyrightYear":"2022","copyrightHolder":{"@id":"https:\/\/www.estrategiaconcursos.com.br\/blog\/#organization"}},{"@type":"WebPage","@id":"https:\/\/www.estrategiaconcursos.com.br\/blog\/maratona-pgdf-procurador-temas-quentes\/","url":"https:\/\/www.estrategiaconcursos.com.br\/blog\/maratona-pgdf-procurador-temas-quentes\/","name":"Maratona PGDF Procurador - Temas Quentes","isPartOf":{"@id":"https:\/\/www.estrategiaconcursos.com.br\/blog\/#website"},"primaryImageOfPage":{"@id":"https:\/\/www.estrategiaconcursos.com.br\/blog\/maratona-pgdf-procurador-temas-quentes\/#primaryimage"},"image":{"@id":"https:\/\/www.estrategiaconcursos.com.br\/blog\/maratona-pgdf-procurador-temas-quentes\/#primaryimage"},"thumbnailUrl":"https:\/\/dhg1h5j42swfq.cloudfront.net\/2021\/12\/16155518\/pgdf-e1532461558120-1.jpg","datePublished":"2022-02-19T10:00:00+00:00","description":"Come\u00e7a neste s\u00e1bado, 19 de fevereiro de 2022, a partir das 08:00, a Maratona PGDF Procurador - Temas Quentes.","breadcrumb":{"@id":"https:\/\/www.estrategiaconcursos.com.br\/blog\/maratona-pgdf-procurador-temas-quentes\/#breadcrumb"},"inLanguage":"pt-BR","potentialAction":[{"@type":"ReadAction","target":["https:\/\/www.estrategiaconcursos.com.br\/blog\/maratona-pgdf-procurador-temas-quentes\/"]}]},{"@type":"ImageObject","inLanguage":"pt-BR","@id":"https:\/\/www.estrategiaconcursos.com.br\/blog\/maratona-pgdf-procurador-temas-quentes\/#primaryimage","url":"https:\/\/dhg1h5j42swfq.cloudfront.net\/2021\/12\/16155518\/pgdf-e1532461558120-1.jpg","contentUrl":"https:\/\/dhg1h5j42swfq.cloudfront.net\/2021\/12\/16155518\/pgdf-e1532461558120-1.jpg","width":400,"height":209,"caption":"PGDF"},{"@type":"BreadcrumbList","@id":"https:\/\/www.estrategiaconcursos.com.br\/blog\/maratona-pgdf-procurador-temas-quentes\/#breadcrumb","itemListElement":[{"@type":"ListItem","position":1,"name":"In\u00edcio","item":"https:\/\/www.estrategiaconcursos.com.br\/blog\/"},{"@type":"ListItem","position":2,"name":"Maratona PGDF Procurador &#8211; Temas Quentes"}]},{"@type":"WebSite","@id":"https:\/\/www.estrategiaconcursos.com.br\/blog\/#website","url":"https:\/\/www.estrategiaconcursos.com.br\/blog\/","name":"Estrat\u00e9gia Concursos","description":"O blog da Estrat\u00e9gia Concursos traz not\u00edcias sobre concursos e artigos de professores oferecendo cursos para concursos (pdf + videaulas) no site.","publisher":{"@id":"https:\/\/www.estrategiaconcursos.com.br\/blog\/#organization"},"potentialAction":[{"@type":"SearchAction","target":{"@type":"EntryPoint","urlTemplate":"https:\/\/www.estrategiaconcursos.com.br\/blog\/?s={search_term_string}"},"query-input":{"@type":"PropertyValueSpecification","valueRequired":true,"valueName":"search_term_string"}}],"inLanguage":"pt-BR"},{"@type":"Organization","@id":"https:\/\/www.estrategiaconcursos.com.br\/blog\/#organization","name":"Estrat\u00e9gia Concursos","url":"https:\/\/www.estrategiaconcursos.com.br\/blog\/","logo":{"@type":"ImageObject","inLanguage":"pt-BR","@id":"https:\/\/www.estrategiaconcursos.com.br\/blog\/#\/schema\/logo\/image\/","url":"https:\/\/dhg1h5j42swfq.cloudfront.net\/2025\/06\/03203428\/logo_concursos-1.jpg","contentUrl":"https:\/\/dhg1h5j42swfq.cloudfront.net\/2025\/06\/03203428\/logo_concursos-1.jpg","width":230,"height":60,"caption":"Estrat\u00e9gia Concursos"},"image":{"@id":"https:\/\/www.estrategiaconcursos.com.br\/blog\/#\/schema\/logo\/image\/"},"sameAs":["https:\/\/x.com\/EstratConcursos"]},{"@type":"Person","@id":"https:\/\/www.estrategiaconcursos.com.br\/blog\/#\/schema\/person\/b4a388c97673c5f483d72185668afa1f","name":"Coordena\u00e7\u00e3o","image":{"@type":"ImageObject","inLanguage":"pt-BR","@id":"https:\/\/secure.gravatar.com\/avatar\/b720319e4c9a967eb58678d110f4fe35452fc5d5f97b202bac7b8acceb18c6ad?s=96&d=mm&r=g","url":"https:\/\/secure.gravatar.com\/avatar\/b720319e4c9a967eb58678d110f4fe35452fc5d5f97b202bac7b8acceb18c6ad?s=96&d=mm&r=g","contentUrl":"https:\/\/secure.gravatar.com\/avatar\/b720319e4c9a967eb58678d110f4fe35452fc5d5f97b202bac7b8acceb18c6ad?s=96&d=mm&r=g","caption":"Coordena\u00e7\u00e3o"},"sameAs":["https:\/\/www.facebook.com\/EstrategiaConcursos","https:\/\/x.com\/EstratConcursos"],"url":"https:\/\/www.estrategiaconcursos.com.br\/blog\/author\/estrategia2013\/"}]}},"_links":{"self":[{"href":"https:\/\/www.estrategiaconcursos.com.br\/blog\/wp-json\/wp\/v2\/posts\/969176","targetHints":{"allow":["GET"]}}],"collection":[{"href":"https:\/\/www.estrategiaconcursos.com.br\/blog\/wp-json\/wp\/v2\/posts"}],"about":[{"href":"https:\/\/www.estrategiaconcursos.com.br\/blog\/wp-json\/wp\/v2\/types\/post"}],"author":[{"embeddable":true,"href":"https:\/\/www.estrategiaconcursos.com.br\/blog\/wp-json\/wp\/v2\/users\/1"}],"replies":[{"embeddable":true,"href":"https:\/\/www.estrategiaconcursos.com.br\/blog\/wp-json\/wp\/v2\/comments?post=969176"}],"version-history":[{"count":15,"href":"https:\/\/www.estrategiaconcursos.com.br\/blog\/wp-json\/wp\/v2\/posts\/969176\/revisions"}],"predecessor-version":[{"id":969269,"href":"https:\/\/www.estrategiaconcursos.com.br\/blog\/wp-json\/wp\/v2\/posts\/969176\/revisions\/969269"}],"wp:featuredmedia":[{"embeddable":true,"href":"https:\/\/www.estrategiaconcursos.com.br\/blog\/wp-json\/wp\/v2\/media\/930935"}],"wp:attachment":[{"href":"https:\/\/www.estrategiaconcursos.com.br\/blog\/wp-json\/wp\/v2\/media?parent=969176"}],"wp:term":[{"taxonomy":"category","embeddable":true,"href":"https:\/\/www.estrategiaconcursos.com.br\/blog\/wp-json\/wp\/v2\/categories?post=969176"},{"taxonomy":"post_tag","embeddable":true,"href":"https:\/\/www.estrategiaconcursos.com.br\/blog\/wp-json\/wp\/v2\/tags?post=969176"},{"taxonomy":"tax_estado","embeddable":true,"href":"https:\/\/www.estrategiaconcursos.com.br\/blog\/wp-json\/wp\/v2\/tax_estado?post=969176"}],"curies":[{"name":"wp","href":"https:\/\/api.w.org\/{rel}","templated":true}]}}