{"id":96902,"date":"2017-11-26T18:21:51","date_gmt":"2017-11-26T21:21:51","guid":{"rendered":"https:\/\/www.estrategiaconcursos.com.br\/blog\/?p=96902"},"modified":"2017-11-26T21:17:05","modified_gmt":"2017-11-27T00:17:05","slug":"gabarito-extraoficial-tre-rj-direito-financeiro-analista-judiciario-area-judiciaria","status":"publish","type":"post","link":"https:\/\/www.estrategiaconcursos.com.br\/blog\/gabarito-extraoficial-tre-rj-direito-financeiro-analista-judiciario-area-judiciaria\/","title":{"rendered":"Gabarito extraoficial TRE\/RJ &#8211; Direito Financeiro &#8211; Analista Judici\u00e1rio &#8211; \u00c1rea Judici\u00e1ria"},"content":{"rendered":"<p style=\"text-align: justify\"><span style=\"font-family: arial, helvetica, sans-serif\"><strong>Prova Comentada TRE\/RJ &#8211; Direito Financeiro &#8211; Analista Judici\u00e1rio &#8211; \u00c1rea Judici\u00e1ria<\/strong><\/span><\/p>\n<p style=\"text-align: justify\"><span style=\"font-family: arial, helvetica, sans-serif\">Ol\u00e1 amigos! Como \u00e9 bom estar aqui!<\/span><\/p>\n<p style=\"text-align: justify\"><span style=\"font-family: arial, helvetica, sans-serif\">Foi realizada a prova do TRE\/RJ para o cargo de Analista Judici\u00e1rio &#8211; \u00c1rea Judici\u00e1ria.<\/span><\/p>\n<p style=\"text-align: justify\"><span style=\"font-family: arial, helvetica, sans-serif\">As quest\u00f5es de Direito Financeiro s\u00e3o: Q61, Q63 a Q65 (a Q62 \u00e9 de Direito Tribut\u00e1rio).<\/span><\/p>\n<p style=\"text-align: justify\"><strong><span style=\"font-family: arial, helvetica, sans-serif\">61.\u00a0Nos termos do Artigo 166 da Constitui\u00e7\u00e3o da Rep\u00fablica Federativa do Brasil, &#8220;os projetos de lei relativos ao plano plurianual, \u00e0s diretrizes or\u00e7ament\u00e1rias, ao or\u00e7amento anual e aos cr\u00e9ditos adicionais ser\u00e3o apreciados pelas duas casas do congresso Nacional, na forma do regimento comum&#8221;. Acerca desses projetos assinale a alternativa correta nos termos do que disp\u00f5e a Constitui\u00e7\u00e3o.<\/span><\/strong><\/p>\n<p style=\"text-align: justify\"><strong><span style=\"font-family: arial, helvetica, sans-serif\">A) Caber\u00e1 a uma comiss\u00e3o mista permanente de Senadores e Deputados examinar e emitir parecer sobre as contas apresentadas anualmente pelo Presidente da Rep\u00fablica.<\/span><\/strong><\/p>\n<p style=\"text-align: justify\"><strong><span style=\"font-family: arial, helvetica, sans-serif\">B) O exame e a respectiva emiss\u00e3o de parecer sobre os projetos referidos no enunciado desta quest\u00e3o caber\u00e3o as duas comiss\u00f5es distintas do Senado e da C\u00e2mara do Deputados.<\/span><\/strong><\/p>\n<p style=\"text-align: justify\"><strong><span style=\"font-family: arial, helvetica, sans-serif\">C) Caber\u00e1 exclusivamente, a uma comiss\u00e3o mista permanente de Senadores e Deputados examinar e emitir parecer sobre os planos e programas nacionais, regionais e setoriais previstos nesta constitui\u00e7\u00e3o e exercer o acompanhamento e a fiscaliza\u00e7\u00e3o or\u00e7ament\u00e1ria.<\/span><\/strong><\/p>\n<p style=\"text-align: justify\"><strong><span style=\"font-family: arial, helvetica, sans-serif\">D) O Presidente da Rep\u00fablica poder\u00e1 enviar mensagem ao Congresso Nacional, a qualquer tempo, para propor modifica\u00e7\u00f5es nos projetos referidos no enunciado desta quest\u00e3o mesmo que j\u00e1 iniciada a vota\u00e7\u00e3o, na comiss\u00e3o mista, da parte cuja a altera\u00e7\u00e3o \u00e9 proposta.<\/span><\/strong><\/p>\n<p align=\"JUSTIFY\"><span style=\"font-family: Arial\">Caber\u00e1 a uma Comiss\u00e3o mista permanente de Senadores e Deputados\u00a0<\/span><span style=\"font-family: Arial\">examinar e emitir parecer sobre os projetos referidos neste artigo e sobre as contas apresentadas anualmente pelo Presidente da Rep\u00fablica (art. 166, \u00a7 1\u00ba, I, da CF\/1988).<\/span><\/p>\n<p style=\"text-align: justify\"><span style=\"font-family: arial, helvetica, sans-serif\">Resposta: Letra A<\/span><\/p>\n<p>&nbsp;<\/p>\n<p style=\"text-align: justify\"><strong><span style=\"font-family: arial, helvetica, sans-serif\">0bs: A Q62 \u00e9 de Direito Tribut\u00e1rio e ser\u00e1 comentada por outro professor.<\/span><\/strong><\/p>\n<p>&nbsp;<\/p>\n<p style=\"text-align: justify\"><span style=\"font-family: arial, helvetica, sans-serif\"><strong>63.\u00a0<\/strong><strong>A constitui\u00e7\u00e3o da Republica prev\u00ea a apresenta\u00e7\u00e3o de emendas aos projetos de lei relativos \u00e0s diretrizes or\u00e7ament\u00e1rias e ao or\u00e7amento anual. Acerca dessas emendas, assinale a alternativa INCORRETA.<\/strong><\/span><\/p>\n<p style=\"text-align: justify\"><span style=\"font-family: arial, helvetica, sans-serif\"><strong>A) As emendas do projeto de lei de diretrizes or\u00e7ament\u00e1rias n\u00e3o poder\u00e3o ser aprovadas quando incompat\u00edveis com o plano plurianual.<\/strong><\/span><\/p>\n<p style=\"text-align: justify\"><span style=\"font-family: arial, helvetica, sans-serif\"><strong>B) As emendas ser\u00e3o apresentadas na comiss\u00e3o mista, que sobre elas emitir\u00e1 parecer, e apreciadas, na forma regimental, pelo plen\u00e1rio das duas casas do Congresso Nacional.<\/strong><\/span><\/p>\n<p style=\"text-align: justify\"><span style=\"font-family: arial, helvetica, sans-serif\"><strong>C) As emendas ao projeto de lei do or\u00e7amento anual ou aos projetos que o modifiquem somente podem ser aprovadas caso sejam compat\u00edveis com o plano plurianual e com a lei de diretrizes or\u00e7ament\u00e1ria.<\/strong><\/span><\/p>\n<p style=\"text-align: justify\"><span style=\"font-family: arial, helvetica, sans-serif\"><strong>D) As emendas individuais ao projeto de lei or\u00e7ament\u00e1ria ser\u00e3o aprovadas no limite de 1,2% da receita corrente liquida prevista no projeto encaminhado pelo Poder Executivo, sendo que a metade deste percentual ser\u00e1 destinado a a\u00e7\u00f5es e servi\u00e7os p\u00fablicos de sa\u00fade, n\u00e3o sendo obrigat\u00f3rio a execu\u00e7\u00e3o or\u00e7ament\u00e1ria e financeira das programa\u00e7\u00f5es aprovadas atrav\u00e9s destas emendas.<\/strong><\/span><\/p>\n<p style=\"text-align: justify\"><span style=\"font-family: arial, helvetica, sans-serif\">No art. 166 da CF\/1988:<\/span><\/p>\n<p style=\"text-align: justify\"><span style=\"font-family: arial, helvetica, sans-serif\">\u00a7 9\u00ba As emendas individuais ao projeto de lei or\u00e7ament\u00e1ria ser\u00e3o aprovadas no limite de 1,2% (um inteiro e dois d\u00e9cimos por cento) da receita corrente l\u00edquida prevista no projeto encaminhado pelo Poder Executivo, sendo que a metade deste percentual ser\u00e1 destinada a a\u00e7\u00f5es e servi\u00e7os p\u00fablicos de sa\u00fade.<\/span><\/p>\n<p style=\"text-align: justify\"><span style=\"font-family: arial, helvetica, sans-serif\">(&#8230;)<\/span><\/p>\n<p style=\"text-align: justify\"><span style=\"font-family: arial, helvetica, sans-serif\">\u00a7 11. \u00c9<strong> obrigat\u00f3ria a execu\u00e7\u00e3o or\u00e7ament\u00e1ria e financeira das programa\u00e7\u00f5es a que se refere o \u00a7 9\u00ba deste artigo<\/strong>, em montante correspondente a 1,2% (um inteiro e dois d\u00e9cimos por cento) da receita corrente l\u00edquida realizada no exerc\u00edcio anterior, conforme os crit\u00e9rios para a execu\u00e7\u00e3o equitativa da programa\u00e7\u00e3o definidos na lei complementar prevista no \u00a7 9\u00ba do art. 165.<\/span><\/p>\n<p style=\"text-align: justify\"><span style=\"font-family: arial, helvetica, sans-serif\">Resposta: Letra D<\/span><\/p>\n<p style=\"text-align: justify\"><span style=\"font-family: arial, helvetica, sans-serif\"><strong>64. &#8220;A responsabilidade na gest\u00e3o fiscal pressup\u00f5e a a\u00e7\u00e3o planejada e transparente, em que se previnem riscos e corrigem desvios capazes de afetar o equil\u00edbrio das contas p\u00fablicas, mediante o cumprimento de metas de resultados entre receitas e despesas e a obedi\u00eancia a limites e condi\u00e7\u00f5es no que tange \u00e0 ren\u00fancia de receita, gera\u00e7\u00e3o de despesas com pessoal, da seguridade social e outras, dividas consolidadas e mobiliarias, opera\u00e7\u00f5es de credito inclusive por antecipa\u00e7\u00e3o de receita, concess\u00e3o de garantia e inscri\u00e7\u00e3o em restos a pagar.&#8221;<\/strong><\/span><\/p>\n<p style=\"text-align: justify\"><span style=\"font-family: arial, helvetica, sans-serif\"><strong>Acerca dos conceitos de d\u00edvidas e do endividamento trazidos na Lei de Responsabilidade Fiscal, assinale a alternativa que N\u00c3O os reproduz adequadamente.<\/strong><\/span><\/p>\n<p style=\"text-align: justify\"><span style=\"font-family: arial, helvetica, sans-serif\"><strong>A) Refinanciamento da d\u00edvida mobili\u00e1ria: emiss\u00e3o de t\u00edtulos para pagamento do principal acrescido da atualiza\u00e7\u00e3o monet\u00e1ria.<\/strong><\/span><\/p>\n<p style=\"text-align: justify\"><span style=\"font-family: arial, helvetica, sans-serif\"><strong>B) D\u00edvida p\u00fablica mobili\u00e1ria: a d\u00edvida p\u00fablica representada por t\u00edtulo emitidos pela Uni\u00e3o, inclusive as do banco central do Brasil, Estados e Munic\u00edpios.<\/strong><\/span><\/p>\n<p style=\"text-align: justify\"><span style=\"font-family: arial, helvetica, sans-serif\"><strong>C) Divida Publica consolidada ou fundada: o montante total, apurado sem duplicidade, das obriga\u00e7\u00f5es financeiras do ente da federa\u00e7\u00e3o, assumidas em virtude de leis, contratos e da realiza\u00e7\u00e3o de opera\u00e7\u00f5es de cr\u00e9dito, para amortiza\u00e7\u00e3o em prazo n\u00e3o superior a doze meses.<\/strong><\/span><\/p>\n<p style=\"text-align: justify\"><span style=\"font-family: arial, helvetica, sans-serif\"><strong>D) Opera\u00e7\u00f5es de credito: o compromisso financeiro assumido em raz\u00e3o de m\u00fatuo, abertura de credito, emiss\u00e3o e aceite de t\u00edtulo, aquisi\u00e7\u00e3o financiada de bens, recebimento antecipado de valores provenientes da venda a termo de bens e servi\u00e7os, arrendamento mercantil e outras opera\u00e7\u00f5es assemelhadas, inclusive com o uso de derivativo financeiros.<\/strong><\/span><\/p>\n<p style=\"text-align: justify\"><span style=\"font-family: arial, helvetica, sans-serif\">D\u00edvida p\u00fablica consolidada ou fundada: montante total, apurado sem duplicidade, das obriga\u00e7\u00f5es financeiras do ente da Federa\u00e7\u00e3o, assumidas em virtude de leis, contratos, conv\u00eanios ou tratados e da realiza\u00e7\u00e3o de opera\u00e7\u00f5es de cr\u00e9dito, para amortiza\u00e7\u00e3o em prazo <strong>superior<\/strong> a doze meses (art. 29, I, da LRF).<\/span><\/p>\n<p style=\"text-align: justify\"><span style=\"font-family: arial, helvetica, sans-serif\">Resposta: Letra C<\/span><\/p>\n<p style=\"text-align: justify\"><span style=\"font-family: arial, helvetica, sans-serif\"><strong>65.\u00a0A constitui\u00e7\u00e3o da Rep\u00fablica Federativa do Brasil de 1988 previu, em seu Artigo 148, o empr\u00e9stimo compuls\u00f3rio como uma das esp\u00e9cies tributarias. Esse tributo tem como particularidade a previs\u00e3o de resgate do valor arrecadado pelo contribuinte, nos termos do par\u00e1grafo \u00fanico, Artigo 15 do CTN \u2013 C\u00f3digo Tribut\u00e1rio Nacional. Assinale a alternativa correta em termos constitucionais acerca do instituto.<\/strong><\/span><\/p>\n<p style=\"text-align: justify\"><span style=\"font-family: arial, helvetica, sans-serif\"><strong>A) Somente a Uni\u00e3o poder\u00e1 institui-lo<\/strong><\/span><\/p>\n<p style=\"text-align: justify\"><span style=\"font-family: arial, helvetica, sans-serif\"><strong>B) Al\u00e9m de lei complementar, principal ve\u00edculo normativo da esp\u00e9cie, poder\u00e1 ser institu\u00eddo atrav\u00e9s de medida provis\u00f3ria.<\/strong><\/span><\/p>\n<p style=\"text-align: justify\"><span style=\"font-family: arial, helvetica, sans-serif\"><strong>C) O valor arrecadado com o tributo poder\u00e1 ser utilizado para o pagamento de qualquer despesa da entidade tributante instituidora.<\/strong><\/span><\/p>\n<p style=\"text-align: justify\"><span style=\"font-family: arial, helvetica, sans-serif\"><strong>D) Possui como fatos geradores de sua incid\u00eancia despesas extraordin\u00e1rias decorrentes de calamidade p\u00fablica, de guerra externa ou sua imin\u00eancia; e, ainda, investimento p\u00fablico de car\u00e1ter urgente e de relevante interesse nacional.<\/strong><\/span><\/p>\n<p style=\"text-align: justify\"><span style=\"font-family: arial, helvetica, sans-serif\">A Uni\u00e3o, mediante lei complementar, poder\u00e1 instituir empr\u00e9stimos compuls\u00f3rios (art. 148, <em>caput<\/em>, da CF\/1988).<\/span><\/p>\n<p style=\"text-align: justify\"><span style=\"font-family: arial, helvetica, sans-serif\">Resposta: Letra A<\/span><\/p>\n<p>&nbsp;<\/p>\n<p style=\"text-align: justify\"><span style=\"font-family: arial, helvetica, sans-serif\">Forte abra\u00e7o!<\/span><\/p>\n<p style=\"text-align: justify\"><span style=\"font-family: arial, helvetica, sans-serif\">S\u00e9rgio Mendes<\/span><\/p>\n<p style=\"text-align: justify\"><span style=\"font-family: arial, helvetica, sans-serif\"><a href=\"http:\/\/www.instagram.com\/sergiomendesafo\">www.instagram.com\/sergiomendesafo<\/a><\/span><br \/>\n<span style=\"font-family: arial, helvetica, sans-serif\"> <a href=\"http:\/\/www.facebook.com\/sergiomendesafo\">www.facebook.com\/sergiomendesafo<\/a><\/span><\/p>\n<p style=\"text-align: justify\">\n","protected":false},"excerpt":{"rendered":"<p>Prova Comentada TRE\/RJ &#8211; Direito Financeiro &#8211; Analista Judici\u00e1rio &#8211; \u00c1rea Judici\u00e1ria Ol\u00e1 amigos! Como \u00e9 bom estar aqui! Foi realizada a prova do TRE\/RJ para o cargo de Analista Judici\u00e1rio &#8211; \u00c1rea Judici\u00e1ria. As quest\u00f5es de Direito Financeiro s\u00e3o: Q61, Q63 a Q65 (a Q62 \u00e9 de Direito Tribut\u00e1rio). 61.\u00a0Nos termos do Artigo 166 [&hellip;]<\/p>\n","protected":false},"author":29,"featured_media":0,"comment_status":"open","ping_status":"closed","sticky":false,"template":"","format":"standard","meta":{"post_tipo":"article","footnotes":""},"categories":[1984],"tags":[3137],"tax_estado":[],"class_list":["post-96902","post","type-post","status-publish","format-standard","hentry","category-tribunais","tag-gabarito-extraoficial-direito-financeiro-tre-rj"],"acf":[],"yoast_head":"<!-- This site is optimized with the Yoast SEO Premium plugin v27.2 (Yoast SEO v27.2) - https:\/\/yoast.com\/product\/yoast-seo-premium-wordpress\/ -->\n<title>Gabarito extraoficial TRE\/RJ - Direito Financeiro - Analista Judici\u00e1rio - \u00c1rea Judici\u00e1ria<\/title>\n<meta name=\"robots\" content=\"index, follow, max-snippet:-1, max-image-preview:large, max-video-preview:-1\" \/>\n<link rel=\"canonical\" href=\"https:\/\/www.estrategiaconcursos.com.br\/blog\/gabarito-extraoficial-tre-rj-direito-financeiro-analista-judiciario-area-judiciaria\/\" \/>\n<meta property=\"og:locale\" content=\"pt_BR\" \/>\n<meta property=\"og:type\" content=\"article\" \/>\n<meta property=\"og:title\" content=\"Gabarito extraoficial TRE\/RJ - Direito Financeiro - Analista Judici\u00e1rio - \u00c1rea Judici\u00e1ria\" \/>\n<meta property=\"og:description\" content=\"Prova Comentada TRE\/RJ &#8211; Direito Financeiro &#8211; Analista Judici\u00e1rio &#8211; \u00c1rea Judici\u00e1ria Ol\u00e1 amigos! Como \u00e9 bom estar aqui! Foi realizada a prova do TRE\/RJ para o cargo de Analista Judici\u00e1rio &#8211; \u00c1rea Judici\u00e1ria. As quest\u00f5es de Direito Financeiro s\u00e3o: Q61, Q63 a Q65 (a Q62 \u00e9 de Direito Tribut\u00e1rio). 61.\u00a0Nos termos do Artigo 166 [&hellip;]\" \/>\n<meta property=\"og:url\" content=\"https:\/\/www.estrategiaconcursos.com.br\/blog\/gabarito-extraoficial-tre-rj-direito-financeiro-analista-judiciario-area-judiciaria\/\" \/>\n<meta property=\"og:site_name\" content=\"Estrat\u00e9gia Concursos\" \/>\n<meta property=\"article:author\" content=\"https:\/\/www.facebook.com\/profsergiomendes\" \/>\n<meta property=\"article:published_time\" content=\"2017-11-26T21:21:51+00:00\" \/>\n<meta property=\"article:modified_time\" content=\"2017-11-27T00:17:05+00:00\" \/>\n<meta name=\"author\" content=\"S\u00e9rgio Mendes\" \/>\n<meta name=\"twitter:card\" content=\"summary_large_image\" \/>\n<meta name=\"twitter:creator\" content=\"@EstratConcursos\" \/>\n<meta name=\"twitter:site\" content=\"@EstratConcursos\" \/>\n<meta name=\"twitter:label1\" content=\"Escrito por\" \/>\n\t<meta name=\"twitter:data1\" content=\"S\u00e9rgio Mendes\" \/>\n\t<meta name=\"twitter:label2\" content=\"Est. tempo de leitura\" \/>\n\t<meta name=\"twitter:data2\" content=\"6 minutos\" \/>\n<script type=\"application\/ld+json\" class=\"yoast-schema-graph\">{\"@context\":\"https:\/\/schema.org\",\"@graph\":[{\"@type\":\"NewsArticle\",\"@id\":\"https:\/\/www.estrategiaconcursos.com.br\/blog\/gabarito-extraoficial-tre-rj-direito-financeiro-analista-judiciario-area-judiciaria\/#article\",\"isPartOf\":{\"@id\":\"https:\/\/www.estrategiaconcursos.com.br\/blog\/gabarito-extraoficial-tre-rj-direito-financeiro-analista-judiciario-area-judiciaria\/\"},\"author\":{\"name\":\"S\u00e9rgio Mendes\",\"@id\":\"https:\/\/www.estrategiaconcursos.com.br\/blog\/#\/schema\/person\/4ddc4a162b4fdffa2ea9956dbf62f583\"},\"headline\":\"Gabarito extraoficial TRE\/RJ &#8211; Direito Financeiro &#8211; Analista Judici\u00e1rio &#8211; \u00c1rea Judici\u00e1ria\",\"datePublished\":\"2017-11-26T21:21:51+00:00\",\"dateModified\":\"2017-11-27T00:17:05+00:00\",\"mainEntityOfPage\":{\"@id\":\"https:\/\/www.estrategiaconcursos.com.br\/blog\/gabarito-extraoficial-tre-rj-direito-financeiro-analista-judiciario-area-judiciaria\/\"},\"wordCount\":1175,\"commentCount\":0,\"publisher\":{\"@id\":\"https:\/\/www.estrategiaconcursos.com.br\/blog\/#organization\"},\"keywords\":[\"gabarito extraoficial direito financeiro tre-rj\"],\"articleSection\":[\"Tribunais\"],\"inLanguage\":\"pt-BR\",\"potentialAction\":[{\"@type\":\"CommentAction\",\"name\":\"Comment\",\"target\":[\"https:\/\/www.estrategiaconcursos.com.br\/blog\/gabarito-extraoficial-tre-rj-direito-financeiro-analista-judiciario-area-judiciaria\/#respond\"]}],\"copyrightYear\":\"2017\",\"copyrightHolder\":{\"@id\":\"https:\/\/www.estrategiaconcursos.com.br\/blog\/#organization\"}},{\"@type\":\"WebPage\",\"@id\":\"https:\/\/www.estrategiaconcursos.com.br\/blog\/gabarito-extraoficial-tre-rj-direito-financeiro-analista-judiciario-area-judiciaria\/\",\"url\":\"https:\/\/www.estrategiaconcursos.com.br\/blog\/gabarito-extraoficial-tre-rj-direito-financeiro-analista-judiciario-area-judiciaria\/\",\"name\":\"Gabarito extraoficial TRE\/RJ - Direito Financeiro - Analista Judici\u00e1rio - \u00c1rea Judici\u00e1ria\",\"isPartOf\":{\"@id\":\"https:\/\/www.estrategiaconcursos.com.br\/blog\/#website\"},\"datePublished\":\"2017-11-26T21:21:51+00:00\",\"dateModified\":\"2017-11-27T00:17:05+00:00\",\"breadcrumb\":{\"@id\":\"https:\/\/www.estrategiaconcursos.com.br\/blog\/gabarito-extraoficial-tre-rj-direito-financeiro-analista-judiciario-area-judiciaria\/#breadcrumb\"},\"inLanguage\":\"pt-BR\",\"potentialAction\":[{\"@type\":\"ReadAction\",\"target\":[\"https:\/\/www.estrategiaconcursos.com.br\/blog\/gabarito-extraoficial-tre-rj-direito-financeiro-analista-judiciario-area-judiciaria\/\"]}]},{\"@type\":\"BreadcrumbList\",\"@id\":\"https:\/\/www.estrategiaconcursos.com.br\/blog\/gabarito-extraoficial-tre-rj-direito-financeiro-analista-judiciario-area-judiciaria\/#breadcrumb\",\"itemListElement\":[{\"@type\":\"ListItem\",\"position\":1,\"name\":\"In\u00edcio\",\"item\":\"https:\/\/www.estrategiaconcursos.com.br\/blog\/\"},{\"@type\":\"ListItem\",\"position\":2,\"name\":\"Gabarito extraoficial TRE\/RJ &#8211; Direito Financeiro &#8211; Analista Judici\u00e1rio &#8211; \u00c1rea Judici\u00e1ria\"}]},{\"@type\":\"WebSite\",\"@id\":\"https:\/\/www.estrategiaconcursos.com.br\/blog\/#website\",\"url\":\"https:\/\/www.estrategiaconcursos.com.br\/blog\/\",\"name\":\"Estrat\u00e9gia Concursos\",\"description\":\"O blog da Estrat\u00e9gia Concursos traz not\u00edcias sobre concursos e artigos de professores oferecendo cursos para concursos (pdf + videaulas) no site.\",\"publisher\":{\"@id\":\"https:\/\/www.estrategiaconcursos.com.br\/blog\/#organization\"},\"potentialAction\":[{\"@type\":\"SearchAction\",\"target\":{\"@type\":\"EntryPoint\",\"urlTemplate\":\"https:\/\/www.estrategiaconcursos.com.br\/blog\/?s={search_term_string}\"},\"query-input\":{\"@type\":\"PropertyValueSpecification\",\"valueRequired\":true,\"valueName\":\"search_term_string\"}}],\"inLanguage\":\"pt-BR\"},{\"@type\":\"Organization\",\"@id\":\"https:\/\/www.estrategiaconcursos.com.br\/blog\/#organization\",\"name\":\"Estrat\u00e9gia Concursos\",\"url\":\"https:\/\/www.estrategiaconcursos.com.br\/blog\/\",\"logo\":{\"@type\":\"ImageObject\",\"inLanguage\":\"pt-BR\",\"@id\":\"https:\/\/www.estrategiaconcursos.com.br\/blog\/#\/schema\/logo\/image\/\",\"url\":\"https:\/\/dhg1h5j42swfq.cloudfront.net\/2025\/06\/03203428\/logo_concursos-1.jpg\",\"contentUrl\":\"https:\/\/dhg1h5j42swfq.cloudfront.net\/2025\/06\/03203428\/logo_concursos-1.jpg\",\"width\":230,\"height\":60,\"caption\":\"Estrat\u00e9gia Concursos\"},\"image\":{\"@id\":\"https:\/\/www.estrategiaconcursos.com.br\/blog\/#\/schema\/logo\/image\/\"},\"sameAs\":[\"https:\/\/x.com\/EstratConcursos\"]},{\"@type\":\"Person\",\"@id\":\"https:\/\/www.estrategiaconcursos.com.br\/blog\/#\/schema\/person\/4ddc4a162b4fdffa2ea9956dbf62f583\",\"name\":\"S\u00e9rgio Mendes\",\"image\":{\"@type\":\"ImageObject\",\"inLanguage\":\"pt-BR\",\"@id\":\"https:\/\/secure.gravatar.com\/avatar\/4eb4b562c33f40d6f7f76579da7e07350c69579df7db305d32a69ed32ecfd5ce?s=96&d=mm&r=g\",\"url\":\"https:\/\/secure.gravatar.com\/avatar\/4eb4b562c33f40d6f7f76579da7e07350c69579df7db305d32a69ed32ecfd5ce?s=96&d=mm&r=g\",\"contentUrl\":\"https:\/\/secure.gravatar.com\/avatar\/4eb4b562c33f40d6f7f76579da7e07350c69579df7db305d32a69ed32ecfd5ce?s=96&d=mm&r=g\",\"caption\":\"S\u00e9rgio Mendes\"},\"sameAs\":[\"https:\/\/www.facebook.com\/profsergiomendes\"],\"url\":\"https:\/\/www.estrategiaconcursos.com.br\/blog\/author\/sergiomendesestrategiaconcursos-com-br\/\"}]}<\/script>\n<!-- \/ Yoast SEO Premium plugin. -->","yoast_head_json":{"title":"Gabarito extraoficial TRE\/RJ - Direito Financeiro - Analista Judici\u00e1rio - \u00c1rea Judici\u00e1ria","robots":{"index":"index","follow":"follow","max-snippet":"max-snippet:-1","max-image-preview":"max-image-preview:large","max-video-preview":"max-video-preview:-1"},"canonical":"https:\/\/www.estrategiaconcursos.com.br\/blog\/gabarito-extraoficial-tre-rj-direito-financeiro-analista-judiciario-area-judiciaria\/","og_locale":"pt_BR","og_type":"article","og_title":"Gabarito extraoficial TRE\/RJ - Direito Financeiro - Analista Judici\u00e1rio - \u00c1rea Judici\u00e1ria","og_description":"Prova Comentada TRE\/RJ &#8211; Direito Financeiro &#8211; Analista Judici\u00e1rio &#8211; \u00c1rea Judici\u00e1ria Ol\u00e1 amigos! Como \u00e9 bom estar aqui! Foi realizada a prova do TRE\/RJ para o cargo de Analista Judici\u00e1rio &#8211; \u00c1rea Judici\u00e1ria. As quest\u00f5es de Direito Financeiro s\u00e3o: Q61, Q63 a Q65 (a Q62 \u00e9 de Direito Tribut\u00e1rio). 61.\u00a0Nos termos do Artigo 166 [&hellip;]","og_url":"https:\/\/www.estrategiaconcursos.com.br\/blog\/gabarito-extraoficial-tre-rj-direito-financeiro-analista-judiciario-area-judiciaria\/","og_site_name":"Estrat\u00e9gia Concursos","article_author":"https:\/\/www.facebook.com\/profsergiomendes","article_published_time":"2017-11-26T21:21:51+00:00","article_modified_time":"2017-11-27T00:17:05+00:00","author":"S\u00e9rgio Mendes","twitter_card":"summary_large_image","twitter_creator":"@EstratConcursos","twitter_site":"@EstratConcursos","twitter_misc":{"Escrito por":"S\u00e9rgio Mendes","Est. tempo de leitura":"6 minutos"},"schema":{"@context":"https:\/\/schema.org","@graph":[{"@type":"NewsArticle","@id":"https:\/\/www.estrategiaconcursos.com.br\/blog\/gabarito-extraoficial-tre-rj-direito-financeiro-analista-judiciario-area-judiciaria\/#article","isPartOf":{"@id":"https:\/\/www.estrategiaconcursos.com.br\/blog\/gabarito-extraoficial-tre-rj-direito-financeiro-analista-judiciario-area-judiciaria\/"},"author":{"name":"S\u00e9rgio Mendes","@id":"https:\/\/www.estrategiaconcursos.com.br\/blog\/#\/schema\/person\/4ddc4a162b4fdffa2ea9956dbf62f583"},"headline":"Gabarito extraoficial TRE\/RJ &#8211; Direito Financeiro &#8211; Analista Judici\u00e1rio &#8211; \u00c1rea Judici\u00e1ria","datePublished":"2017-11-26T21:21:51+00:00","dateModified":"2017-11-27T00:17:05+00:00","mainEntityOfPage":{"@id":"https:\/\/www.estrategiaconcursos.com.br\/blog\/gabarito-extraoficial-tre-rj-direito-financeiro-analista-judiciario-area-judiciaria\/"},"wordCount":1175,"commentCount":0,"publisher":{"@id":"https:\/\/www.estrategiaconcursos.com.br\/blog\/#organization"},"keywords":["gabarito extraoficial direito financeiro tre-rj"],"articleSection":["Tribunais"],"inLanguage":"pt-BR","potentialAction":[{"@type":"CommentAction","name":"Comment","target":["https:\/\/www.estrategiaconcursos.com.br\/blog\/gabarito-extraoficial-tre-rj-direito-financeiro-analista-judiciario-area-judiciaria\/#respond"]}],"copyrightYear":"2017","copyrightHolder":{"@id":"https:\/\/www.estrategiaconcursos.com.br\/blog\/#organization"}},{"@type":"WebPage","@id":"https:\/\/www.estrategiaconcursos.com.br\/blog\/gabarito-extraoficial-tre-rj-direito-financeiro-analista-judiciario-area-judiciaria\/","url":"https:\/\/www.estrategiaconcursos.com.br\/blog\/gabarito-extraoficial-tre-rj-direito-financeiro-analista-judiciario-area-judiciaria\/","name":"Gabarito extraoficial TRE\/RJ - Direito Financeiro - Analista Judici\u00e1rio - \u00c1rea Judici\u00e1ria","isPartOf":{"@id":"https:\/\/www.estrategiaconcursos.com.br\/blog\/#website"},"datePublished":"2017-11-26T21:21:51+00:00","dateModified":"2017-11-27T00:17:05+00:00","breadcrumb":{"@id":"https:\/\/www.estrategiaconcursos.com.br\/blog\/gabarito-extraoficial-tre-rj-direito-financeiro-analista-judiciario-area-judiciaria\/#breadcrumb"},"inLanguage":"pt-BR","potentialAction":[{"@type":"ReadAction","target":["https:\/\/www.estrategiaconcursos.com.br\/blog\/gabarito-extraoficial-tre-rj-direito-financeiro-analista-judiciario-area-judiciaria\/"]}]},{"@type":"BreadcrumbList","@id":"https:\/\/www.estrategiaconcursos.com.br\/blog\/gabarito-extraoficial-tre-rj-direito-financeiro-analista-judiciario-area-judiciaria\/#breadcrumb","itemListElement":[{"@type":"ListItem","position":1,"name":"In\u00edcio","item":"https:\/\/www.estrategiaconcursos.com.br\/blog\/"},{"@type":"ListItem","position":2,"name":"Gabarito extraoficial TRE\/RJ &#8211; Direito Financeiro &#8211; Analista Judici\u00e1rio &#8211; \u00c1rea Judici\u00e1ria"}]},{"@type":"WebSite","@id":"https:\/\/www.estrategiaconcursos.com.br\/blog\/#website","url":"https:\/\/www.estrategiaconcursos.com.br\/blog\/","name":"Estrat\u00e9gia Concursos","description":"O blog da Estrat\u00e9gia Concursos traz not\u00edcias sobre concursos e artigos de professores oferecendo cursos para concursos (pdf + videaulas) no site.","publisher":{"@id":"https:\/\/www.estrategiaconcursos.com.br\/blog\/#organization"},"potentialAction":[{"@type":"SearchAction","target":{"@type":"EntryPoint","urlTemplate":"https:\/\/www.estrategiaconcursos.com.br\/blog\/?s={search_term_string}"},"query-input":{"@type":"PropertyValueSpecification","valueRequired":true,"valueName":"search_term_string"}}],"inLanguage":"pt-BR"},{"@type":"Organization","@id":"https:\/\/www.estrategiaconcursos.com.br\/blog\/#organization","name":"Estrat\u00e9gia Concursos","url":"https:\/\/www.estrategiaconcursos.com.br\/blog\/","logo":{"@type":"ImageObject","inLanguage":"pt-BR","@id":"https:\/\/www.estrategiaconcursos.com.br\/blog\/#\/schema\/logo\/image\/","url":"https:\/\/dhg1h5j42swfq.cloudfront.net\/2025\/06\/03203428\/logo_concursos-1.jpg","contentUrl":"https:\/\/dhg1h5j42swfq.cloudfront.net\/2025\/06\/03203428\/logo_concursos-1.jpg","width":230,"height":60,"caption":"Estrat\u00e9gia Concursos"},"image":{"@id":"https:\/\/www.estrategiaconcursos.com.br\/blog\/#\/schema\/logo\/image\/"},"sameAs":["https:\/\/x.com\/EstratConcursos"]},{"@type":"Person","@id":"https:\/\/www.estrategiaconcursos.com.br\/blog\/#\/schema\/person\/4ddc4a162b4fdffa2ea9956dbf62f583","name":"S\u00e9rgio Mendes","image":{"@type":"ImageObject","inLanguage":"pt-BR","@id":"https:\/\/secure.gravatar.com\/avatar\/4eb4b562c33f40d6f7f76579da7e07350c69579df7db305d32a69ed32ecfd5ce?s=96&d=mm&r=g","url":"https:\/\/secure.gravatar.com\/avatar\/4eb4b562c33f40d6f7f76579da7e07350c69579df7db305d32a69ed32ecfd5ce?s=96&d=mm&r=g","contentUrl":"https:\/\/secure.gravatar.com\/avatar\/4eb4b562c33f40d6f7f76579da7e07350c69579df7db305d32a69ed32ecfd5ce?s=96&d=mm&r=g","caption":"S\u00e9rgio Mendes"},"sameAs":["https:\/\/www.facebook.com\/profsergiomendes"],"url":"https:\/\/www.estrategiaconcursos.com.br\/blog\/author\/sergiomendesestrategiaconcursos-com-br\/"}]}},"_links":{"self":[{"href":"https:\/\/www.estrategiaconcursos.com.br\/blog\/wp-json\/wp\/v2\/posts\/96902","targetHints":{"allow":["GET"]}}],"collection":[{"href":"https:\/\/www.estrategiaconcursos.com.br\/blog\/wp-json\/wp\/v2\/posts"}],"about":[{"href":"https:\/\/www.estrategiaconcursos.com.br\/blog\/wp-json\/wp\/v2\/types\/post"}],"author":[{"embeddable":true,"href":"https:\/\/www.estrategiaconcursos.com.br\/blog\/wp-json\/wp\/v2\/users\/29"}],"replies":[{"embeddable":true,"href":"https:\/\/www.estrategiaconcursos.com.br\/blog\/wp-json\/wp\/v2\/comments?post=96902"}],"version-history":[{"count":4,"href":"https:\/\/www.estrategiaconcursos.com.br\/blog\/wp-json\/wp\/v2\/posts\/96902\/revisions"}],"predecessor-version":[{"id":97090,"href":"https:\/\/www.estrategiaconcursos.com.br\/blog\/wp-json\/wp\/v2\/posts\/96902\/revisions\/97090"}],"wp:attachment":[{"href":"https:\/\/www.estrategiaconcursos.com.br\/blog\/wp-json\/wp\/v2\/media?parent=96902"}],"wp:term":[{"taxonomy":"category","embeddable":true,"href":"https:\/\/www.estrategiaconcursos.com.br\/blog\/wp-json\/wp\/v2\/categories?post=96902"},{"taxonomy":"post_tag","embeddable":true,"href":"https:\/\/www.estrategiaconcursos.com.br\/blog\/wp-json\/wp\/v2\/tags?post=96902"},{"taxonomy":"tax_estado","embeddable":true,"href":"https:\/\/www.estrategiaconcursos.com.br\/blog\/wp-json\/wp\/v2\/tax_estado?post=96902"}],"curies":[{"name":"wp","href":"https:\/\/api.w.org\/{rel}","templated":true}]}}