{"id":968807,"date":"2022-02-28T08:29:00","date_gmt":"2022-02-28T11:29:00","guid":{"rendered":"https:\/\/www.estrategiaconcursos.com.br\/blog\/?p=968807"},"modified":"2022-02-15T16:47:59","modified_gmt":"2022-02-15T19:47:59","slug":"alteracoes-pacote-anticrime","status":"publish","type":"post","link":"https:\/\/www.estrategiaconcursos.com.br\/blog\/alteracoes-pacote-anticrime\/","title":{"rendered":"Altera\u00e7\u00f5es no Pacote Anticrime ap\u00f3s a derrubada dos vetos"},"content":{"rendered":"\n<figure class=\"wp-block-gallery has-nested-images columns-default is-cropped wp-block-gallery-1 is-layout-flex wp-block-gallery-is-layout-flex\">\n<figure class=\"wp-block-image size-large\"><img loading=\"lazy\" decoding=\"async\" width=\"742\" height=\"430\" data-id=\"721148\" src=\"https:\/\/dhg1h5j42swfq.cloudfront.net\/2021\/04\/22170639\/pacote-anticrime.jpg\" alt=\"Congresso Nacional rejeita vetos ao Pacote Anticrime\" class=\"wp-image-721148\" srcset=\"https:\/\/dhg1h5j42swfq.cloudfront.net\/2021\/04\/22170639\/pacote-anticrime.jpg 742w, https:\/\/dhg1h5j42swfq.cloudfront.net\/2021\/04\/22170639\/pacote-anticrime-300x174.jpg 300w, https:\/\/dhg1h5j42swfq.cloudfront.net\/2021\/04\/22170639\/pacote-anticrime-610x354.jpg 610w\" sizes=\"auto, (max-width: 742px) 100vw, 742px\" \/><figcaption>Congresso Nacional rejeita vetos ao Pacote Anticrime<\/figcaption><\/figure>\n<\/figure>\n\n\n\n<p>No fim de 2019, foi aprovada a Lei 13.964 (denominada \u201cPacote Anticrime\u201d) modificando substancialmente os Direitos Penal e Processual Penal. \u00c0 \u00e9poca, foram vetados 24 (vinte e quatro) dispositivos pelo Presidente da Rep\u00fablica. Entretanto, em abril de 2021, ocorreram profundas altera\u00e7\u00f5es no Pacote Anticrime ap\u00f3s a derrubada de 16 (dezesseis) vetos pelo Congresso Nacional.<\/p>\n\n\n\n<h2 class=\"has-medium-font-size wp-block-heading\" id=\"h-homicidio-qualificado-pelo-emprego-de-arma-de-fogo-de-uso-restrito-ou-proibido\"><strong>HOMIC\u00cdDIO QUALIFICADO PELO EMPREGO DE ARMA DE FOGO DE USO RESTRITO OU PROIBIDO<\/strong><\/h2>\n\n\n\n<p>O ponto foi vetado com fundamento no princ\u00edpio da proporcionalidade, pois previa, sem ressalvas, o emprego de tais armas de fogo como qualificadoras.<\/p>\n\n\n\n<p>Assim, poderia gerar enorme inseguran\u00e7a jur\u00eddica, notadamente aos agentes de seguran\u00e7a p\u00fablica que poderiam ser processados criminalmente por utilizarem suas armas no exerc\u00edcio de suas fun\u00e7\u00f5es.<\/p>\n\n\n\n<p>Todavia, o Congresso Nacional, entendendo de forma diversa do Presidente da Rep\u00fablica, decidiu pela derrubada do veto, com a consequente altera\u00e7\u00e3o ao Pacote Anticrime. Nesse sentido :<\/p>\n\n\n\n<p class=\"has-medium-font-size\"><strong>Homic\u00eddio qualificado<\/strong><\/p>\n\n\n\n<blockquote class=\"wp-block-quote is-layout-flow wp-block-quote-is-layout-flow\"><p>\u00a7 2\u00b0 Se o homic\u00eddio \u00e9 cometido<\/p><p>VIII &#8211; <strong>com emprego de arma de fogo de uso restrito ou proibido<\/strong>:<\/p><\/blockquote>\n\n\n\n<h2 class=\"has-medium-font-size wp-block-heading\" id=\"causa-de-aumento-de-pena-nos-crimes-contra-a-honra-praticados-por-redes-sociais\"><strong>CAUSA DE AUMENTO DE PENA NOS CRIMES CONTRA A HONRA PRATICADOS POR REDES SOCIAIS<\/strong><\/h2>\n\n\n\n<p>Originalmente, <strong>o Projeto de Lei previa a aplica\u00e7\u00e3o da pena em triplo nos crimes contra a honra cometidos ou divulgados p<\/strong>elas<strong> redes sociais<\/strong>.<\/p>\n\n\n\n<p>Entretanto, o dispositivo havia sido vetado por viola\u00e7\u00e3o ao princ\u00edpio da proporcionalidade.<\/p>\n\n\n\n<p>Ap\u00f3s a rejei\u00e7\u00e3o do veto, o C\u00f3digo Penal passa a atribuir uma causa de aumento de pena aos crimes de cal\u00fania, inj\u00faria ou difama\u00e7\u00e3o :<\/p>\n\n\n\n<blockquote class=\"wp-block-quote is-layout-flow wp-block-quote-is-layout-flow\"><p>Art.141, \u00a7 2\u00ba Se o crime \u00e9 cometido ou divulgado em quaisquer modalidades das<strong> redes sociais<\/strong> da rede mundial de computadores,<strong> aplica-se em triplo a pena<\/strong>.<\/p><\/blockquote>\n\n\n\n<h2 class=\"has-medium-font-size wp-block-heading\" id=\"juiz-das-garantias-e-audiencia-de-custodia-por-videoconferencia-art-3\u00ba-b-1\u00ba-cpp\"><strong>JUIZ DAS GARANTIAS E AUDI\u00caNCIA DE CUST\u00d3DIA POR VIDEOCONFER\u00caNCIA \u2013 ART. 3\u00ba-B, \u00a7 1\u00ba, CPP<\/strong><\/h2>\n\n\n\n<p><strong>O Pacote Anticrime i<\/strong>novou ao trazer<strong> a figura do juiz das garantias<\/strong>, respons\u00e1vel pelo controle da legalidade da investiga\u00e7\u00e3o criminal.<\/p>\n\n\n\n<p>Inicialmente, o Projeto de Lei vedava o emprego de videoconfer\u00eancia para a realiza\u00e7\u00e3o da audi\u00eancia de cust\u00f3dia :<\/p>\n\n\n\n<blockquote class=\"wp-block-quote is-layout-flow wp-block-quote-is-layout-flow\"><p>Art. 3\u00ba-B, \u00a7 1\u00ba O preso em flagrante ou por for\u00e7a de mandado de pris\u00e3o provis\u00f3ria ser\u00e1 encaminhado \u00e0 presen\u00e7a do juiz de garantias no prazo de 24 (vinte e quatro) horas, momento em que se realizar\u00e1 audi\u00eancia com a presen\u00e7a do Minist\u00e9rio P\u00fablico e da Defensoria P\u00fablica ou de advogado constitu\u00eddo, <strong>vedado o emprego de videoconfer\u00eancia.<\/strong><\/p><\/blockquote>\n\n\n\n<p>Entretanto,<strong> o dispositivo foi vetado<\/strong> pelo Presidente da Rep\u00fablica por ser incongruente com outros dispositivos, a exemplo dos arts. 185 e 222 do C\u00f3digo de Processo Penal, os quais permitem a ado\u00e7\u00e3o do sistema de videoconfer\u00eancia em atos processuais de procedimentos e a\u00e7\u00f5es penais.<\/p>\n\n\n\n<p>N\u00e3o se convencendo das raz\u00f5es alegadas, o Legislativo recha\u00e7ou o veto aposto, <strong>proibindo a audi\u00eancia de cust\u00f3dia por videoconfer\u00eancia<\/strong>, alterando o Pacote Anticrime.<\/p>\n\n\n\n<p>Ressalta-se que, consoante a legisla\u00e7\u00e3o processual, a audi\u00eancia de cust\u00f3dia <strong>n\u00e3o se aplica apenas aos casos de pris\u00e3o em flagrante, mas tamb\u00e9m nas demais esp\u00e9cies de pris\u00e3o, como a pris\u00e3o preventiva e a pris\u00e3o tempor\u00e1ria <\/strong>( art. 13 da Resolu\u00e7\u00e3o 213\/2015 do CNJ).<\/p>\n\n\n\n<p>Por fim, segundo o STF, a<strong> implanta\u00e7\u00e3o do juiz das garantias est\u00e1 suspensa por prazo indeterminado<\/strong> (ADIs 6.298, 6.299, 6.300 e 6.305).<\/p>\n\n\n\n<h2 class=\"has-medium-font-size wp-block-heading\" id=\"h-indicacao-de-defensor-para-agentes-da-seguranca-publica\"><strong>INDICA\u00c7\u00c3O DE DEFENSOR PARA AGENTES DA SEGURAN\u00c7A P\u00daBLICA<\/strong><\/h2>\n\n\n\n<p>Ap\u00f3s a Lei 13.964\/2019, o CPP passou a prever, em seu art.14-A, a<strong> obrigatoriedade da defesa<\/strong> nos casos em que <strong>servidores vinculados \u00e0 seguran\u00e7a p\u00fablica figurarem como investigados em inqu\u00e9ritos policiais,<\/strong> inqu\u00e9ritos policiais militares e demais procedimentos extrajudiciais, cujo objeto for a investiga\u00e7\u00e3o de fatos relacionados ao uso da for\u00e7a letal praticados no exerc\u00edcio profissional, de forma consumada ou tentada.<\/p>\n\n\n\n<p>De acordo com o rito estabelecido pela lei processual o investigado deve ser citado da instaura\u00e7\u00e3o do procedimento, podendo <strong>constituir defensor no prazo de at\u00e9 48 (quarenta e oito) horas <\/strong>(\u00a7 1\u00ba).<\/p>\n\n\n\n<p>Em caso de in\u00e9rcia do investigado, a autoridade respons\u00e1vel pela investiga\u00e7\u00e3o dever\u00e1 intimar a <strong>institui\u00e7\u00e3o a que estava vinculado \u00e0 \u00e9poca da ocorr\u00eancia dos fatos<\/strong>, para que essa, no prazo de 48 (quarenta e oito) horas, indique defensor(\u00a7 2\u00ba).<\/p>\n\n\n\n<h3 class=\"has-medium-font-size wp-block-heading\" id=\"h-prioridade-da-defensoria-publica\"><strong>PRIORIDADE DA DEFENSORIA P\u00daBLICA<\/strong><\/h3>\n\n\n\n<p>Ademais, os par\u00e1grafos 3\u00ba, 4\u00ba e 5\u00ba estabeleciam a<strong> prioridade de indica\u00e7\u00e3o da Defensoria P\u00fablica, na hip\u00f3tese supracitada.<\/strong> <\/p>\n\n\n\n<p>Entretanto foram vetados sob o argumento de viola\u00e7\u00e3o ao disposto no art. 5\u00ba, inciso LXXIV, combinado com o art. 134, bem como os arts. 131 e 132, todos da Constitui\u00e7\u00e3o da Rep\u00fablica, que conferem \u00e0 Advocacia-Geral da Uni\u00e3o e \u00e0s Procuradorias dos Estados e do Distrito Federal, a representa\u00e7\u00e3o judicial das respectivas unidades federadas e de seus agentes p\u00fablicos.<\/p>\n\n\n\n<p>Derrubado o veto, os seguintes par\u00e1grafos s\u00e3o inseridos no art. 14-A do CPP :<\/p>\n\n\n\n<blockquote class=\"wp-block-quote is-style-default is-layout-flow wp-block-quote-is-layout-flow\"><p>\u00a7 3\u00ba Havendo necessidade de indica\u00e7\u00e3o de defensor nos termos do \u00a7 2\u00ba deste artigo, <strong>a defesa caber\u00e1 preferencialmente \u00e0 Defensoria P\u00fablica, <\/strong>e, nos locais em que ela n\u00e3o estiver instalada, a Uni\u00e3o ou a Unidade da Federa\u00e7\u00e3o correspondente \u00e0 respectiva compet\u00eancia territorial do procedimento instaurado dever\u00e1 disponibilizar profissional para acompanhamento e realiza\u00e7\u00e3o de todos os atos relacionados \u00e0 defesa administrativa do investigado.<\/p><p>\u00a7 4\u00ba A indica\u00e7\u00e3o do profissional a que se refere o \u00a7 3\u00ba deste artigo dever\u00e1 ser precedida de manifesta\u00e7\u00e3o de que<strong> n\u00e3o existe defensor p\u00fablico lotado na \u00e1rea territoria<\/strong>l onde tramita o inqu\u00e9rito e com atribui\u00e7\u00e3o para nele atuar, <strong>hip\u00f3tese em que poder\u00e1 ser indicado profissional que n\u00e3o integre os quadros pr\u00f3prios da Administra\u00e7\u00e3o.<\/strong><\/p><\/blockquote>\n\n\n\n<h2 class=\"has-medium-font-size wp-block-heading\" id=\"h-identificacao-de-perfil-genetico-art-9\u00ba-a-caput-e-5\u00ba-6\u00ba-e-7\u00ba-lei-de-execucao-penal-alteracao-pacote-anticrime\">IDENTIFICA\u00c7\u00c3O DE PERFIL GEN\u00c9TICO \u2013 ART. 9\u00ba-A, CAPUT E \u00a7\u00a7 5\u00ba, 6\u00ba E 7\u00ba, LEI DE EXECU\u00c7\u00c3O PENAL &#8211; ALTERA\u00c7\u00c3O PACOTE ANTICRIME<\/h2>\n\n\n\n<p>Posteriormente \u00e0s mudan\u00e7as realizadas pela 12.654\/12 \u00e0 Lei de Execu\u00e7\u00e3o Penal, os condenados por crime doloso praticados com viol\u00eancia de natureza grave contra pessoa, ou por qualquer dos crimes previstos no art.1\u00ba da Lei de Crimes Hediondos, passaram a ser submetidos obrigatoriamente \u00e0 identifica\u00e7\u00e3o do perfil gen\u00e9tico (art. 9\u00ba-A).<\/p>\n\n\n\n<p>Em sua reda\u00e7\u00e3o original, o Pacote Anticrime alterou o caput<em> <\/em>do art. 9\u00ba-A, <strong>submetendo o condenado por crime doloso praticado com viol\u00eancia grave contra a pessoa, bem como por crime contra a vida, contra a liberdade sexual ou por crime sexual contra vulner\u00e1vel \u00e0 identifica\u00e7\u00e3o do perfil gen\u00e9tico<\/strong>, por ocasi\u00e3o do ingresso no estabelecimento prisional.<\/p>\n\n\n\n<p>Al\u00e9m disso, foi inserto o \u00a7 5\u00ba ao art. 9\u00ba-A, prevendo que a amostra biol\u00f3gica coletada <strong>somente poderia ser utilizada para o \u00fanico e exclusivo fim de permitir a identifica\u00e7\u00e3o pelo perfil gen\u00e9tico,<\/strong> n\u00e3o estando autorizadas as pr\u00e1ticas de fenotipagem gen\u00e9tica ou de busca familiar,<\/p>\n\n\n\n<p>Outrossim, os \u00a7\u00a76\u00ba e 7\u00ba estabeleciam que uma vez identificado o perfil gen\u00e9tico,<strong> a amostra biol\u00f3gica deveria ser correta e imediatamente descartada, de maneira a impedir a sua utiliza\u00e7\u00e3o para qualquer outro fim<\/strong> e que a coleta da amostra biol\u00f3gica e a elabora\u00e7\u00e3o do respectivo laudo seriam<strong> realizadas por perito oficial.<\/strong><\/p>\n\n\n\n<p>Contudo, os dispositivos foram vetados pelo Presidente da Rep\u00fablica sob o fundamento de contrariedade ao interesse p\u00fablico, j\u00e1 que a exclu\u00edam diversos crimes hediondos.<\/p>\n\n\n\n<p>Com a rejei\u00e7\u00e3o dos vetos, os pontos supracitados passam a ter vig\u00eancia.<\/p>\n\n\n\n<h2 class=\"has-medium-font-size wp-block-heading\" id=\"h-bom-comportamento-para-fins-de-progressao-de-regime-art-112-7\u00ba-lei-de-execucao-penal\"><strong>BOM COMPORTAMENTO PARA FINS DE PROGRESS\u00c3O DE REGIME \u2013 ART. 112, \u00a7 7\u00ba, LEI DE EXECU\u00c7\u00c3O PENAL<\/strong><\/h2>\n\n\n\n<p>O ordenamento jur\u00eddico p\u00e1trio adota o<strong> sistema progressivo no cumprimento da pena privativa de liberdade.<\/strong> Assim, ap\u00f3s<strong> lapso temporal <\/strong>previsto em Lei (art. 112, da Lei n\u00ba 7210\/84), caso o apenado ostente <strong>boa conduta carcer\u00e1ria <\/strong>(art.112,\u00a7 6\u00ba) passar\u00e1 ao regime subsequente.<\/p>\n\n\n\n<p>Segundo disciplina o referido artigo, o <strong>cometimento de falta grave<\/strong> durante a execu\u00e7\u00e3o<strong> interrompe o prazo para a obten\u00e7\u00e3o da progress\u00e3o<\/strong> de regime, caso em que o rein\u00edcio da contagem do requisito objetivo ter\u00e1 como base a pena remanescente. <\/p>\n\n\n\n<p>O entendimento tamb\u00e9m est\u00e1 consolidado por meio da s\u00famula 534 do STJ.<\/p>\n\n\n\n<p>O texto original do Pacote Anticrime trazia a seguinte previs\u00e3o:<\/p>\n\n\n\n<blockquote class=\"wp-block-quote is-layout-flow wp-block-quote-is-layout-flow\"><p>Art. 112.\u00a7 7\u00ba<strong> O bom comportamento \u00e9 readquirido ap\u00f3s 1 (um) ano da ocorr\u00eancia do fato, ou antes, ap\u00f3s o cumprimento do requisito temporal exig\u00edvel para a obten\u00e7\u00e3o do direito.<\/strong><\/p><\/blockquote>\n\n\n\n<p>Todavia, <strong>o dispositivo foi vetado<\/strong> sob a justificativa de que a concess\u00e3o da progress\u00e3o de regime depende da satisfa\u00e7\u00e3o de requisitos<strong> n\u00e3o apenas objetivos, mas<\/strong> <strong>tamb\u00e9m subjetivos<\/strong>.<\/p>\n\n\n\n<p>Com a rejei\u00e7\u00e3o do veto, <strong>a reda\u00e7\u00e3o inicial passa a integrar a Lei de Execu\u00e7\u00e3o Penal<\/strong>, alterando o Pacote Anticrime.<\/p>\n\n\n\n<h2 class=\"has-medium-font-size wp-block-heading\" id=\"h-captacao-ambiental-art-8\u00ba-a-2\u00ba-e-4\u00ba-lei-9-296-96-alteracao-pacote-anticrime\">CAPTA\u00c7\u00c3O AMBIENTAL \u2013 ART.8\u00ba-A, \u00a7\u00a7 2\u00ba E 4\u00ba, LEI 9.296\/96 &#8211; ALTERA\u00c7\u00c3O PACOTE ANTICRIME<\/h2>\n\n\n\n<p>Anteriormente, o instituto n\u00e3o possu\u00eda rito detalhado pela legisla\u00e7\u00e3o, apesar de sua previs\u00e3o como meio de obten\u00e7\u00e3o de prova (art.3\u00ba, II, da Lei 12850\/2013).<\/p>\n\n\n\n<p>A nova norma admite a sua utiliza\u00e7\u00e3o nos casos em que a <strong>prova n\u00e3o puder ser feita por outros meios dispon\u00edveis<\/strong> e houver elementos probat\u00f3rios razo\u00e1veis de autoria e participa\u00e7\u00e3o em infra\u00e7\u00f5es criminais cujas <strong>penas m\u00e1ximas sejam superiores a 4 (quatro) anos ou em infra\u00e7\u00f5es penais conexas.<\/strong><\/p>\n\n\n\n<p>Com o afastamento dos vetos, ao citado <strong>artigo s\u00e3o acrescentados (dois) par\u00e1grafos :<\/strong><\/p>\n\n\n\n<blockquote class=\"wp-block-quote is-layout-flow wp-block-quote-is-layout-flow\"><p>2\u00ba A instala\u00e7\u00e3o do dispositivo de capta\u00e7\u00e3o ambiental poder\u00e1 ser realizada, quando necess\u00e1ria, por meio de opera\u00e7\u00e3o policial disfar\u00e7ada ou no per\u00edodo noturno, <strong>exceto na casa,<\/strong> nos termos do inciso XI do <strong>caput <\/strong>do art. 5\u00ba da Constitui\u00e7\u00e3o Federal.<\/p><p>\u00a7 4\u00ba A capta\u00e7\u00e3o ambiental feita por um dos interlocutores sem o pr\u00e9vio conhecimento da autoridade policial ou do Minist\u00e9rio P\u00fablico<strong> poder\u00e1 ser utilizada, em mat\u00e9ria de defesa, quando demonstrada a integridade da grava\u00e7\u00e3o.<\/strong><\/p><\/blockquote>\n\n\n\n<h3 class=\"has-medium-font-size wp-block-heading\" id=\"h-finalizando-alteracoes-no-pacote-anticrime\" style=\"text-transform:uppercase\">Finalizando &#8211; Altera\u00e7\u00f5es no Pacote Anticrime <\/h3>\n\n\n\n<p>Chegamos ao fim do nosso estudo sobre as altera\u00e7\u00f5es no Pacote Anticrime ap\u00f3s a derrubada dos vetos pelo Congresso Nacional.<\/p>\n\n\n\n<p>Tratando-se de altera\u00e7\u00e3o legislativa recente, com certeza ser\u00e1 alvo de cobran\u00e7a nas pr\u00f3ximas provas.<\/p>\n\n\n\n<p>Caso queira ter a mais completa prepara\u00e7\u00e3o para o seu concurso p\u00fablico, invista nos <a href=\"https:\/\/www.estrategiaconcursos.com.br\/cursos\/concurso\/\"><u>cursos completos <\/u><\/a>do <strong>Estrat\u00e9gia Concursos<\/strong>. L\u00e1 voc\u00ea encontrar\u00e1 tudo o que precisa para atingir o cargo dos seus sonhos.<\/p>\n\n\n\n<p>Al\u00e9m disso, \u00e9 essencial acompanhar a evolu\u00e7\u00e3o dos seus estudos por meio do <a href=\"https:\/\/questoes.estrategiaconcursos.com.br\/\">Sistema de Quest\u00f5es do Estrat\u00e9gia<\/a>.<\/p>\n\n\n\n<p>Grande abra\u00e7o a todos.<\/p>\n\n\n\n<p>Victor Baio<\/p>\n\n\n\n<h2 class=\"has-text-align-center wp-block-heading\" id=\"h-cursos-e-assinaturas-alteracoes-no-pacote-anticrime\">Cursos e Assinaturas &#8211; Altera\u00e7\u00f5es no Pacote Anticrime<\/h2>\n\n\n\n<p>Prepare-se com o melhor material e com quem mais aprova em Concursos P\u00fablicos em todo o pa\u00eds!<\/p>\n\n\n\n<div class=\"container\" id=\"boxes\">\n  <div class=\"row\">\n    <div class=\"col-sm\">\n      <div class=\"estrategia\" id=\"box-assinatura\">\n        <h3 class=\"titulo-assinatura\">Assinatura de Concursos<\/h3>\n        <p class=\"subtitulo-assinatura\">Assinatura de 1 ano ou 2 anos<\/p>\n        <div class=\"box-botao\">\n          <a class=\"btn-assinatura\" target=\"_blank\" href=\"https:\/\/www.estrategiaconcursos.com.br\/assinaturas\/\" role=\"button\" rel=\"noopener noreferrer\">ASSINE AGORA<\/a>\n        <\/div>\n      <\/div>\n      <p class=\"texto-auxiliar\"><\/p>\n    <\/div>\n    <div class=\"col-sm\">\n      <div class=\"questoes\" id=\"box-assinatura\">\n        <h3 class=\"titulo-assinatura\">Sistema de Quest\u00f5es<\/h3>\n        <p class=\"subtitulo-assinatura\">Assinatura de 1 ano ou 2 anos\n<\/p>\n        <div class=\"box-botao\">\n          <a class=\"btn-assinatura\" target=\"_blank\" href=\"https:\/\/www.estrategiaconcursos.com.br\/cursosPorConcurso\/sistema-de-questoes\/#\/\" role=\"button\" rel=\"noopener noreferrer\">ASSINE AGORA<\/a>\n        <\/div>\n      <\/div>\n      <p class=\"texto-auxiliar\"><\/p>\n    <\/div>\n  <\/div>\n<\/div>\n\n\n\n<p><\/p>\n\n\n\n<p class=\"has-text-align-center has-white-color has-vivid-purple-background-color has-text-color has-background\"><a href=\"https:\/\/www.estrategiaconcursos.com.br\/blog\/concursos-abertos\/\" target=\"_blank\" rel=\"noreferrer noopener\"><strong><span class=\"has-inline-color has-white-color\">Concursos abertos<\/span><\/strong><\/a><\/p>\n\n\n\n<p class=\"has-text-align-center has-white-color has-vivid-purple-background-color has-text-color has-background\"><strong><a href=\"https:\/\/www.estrategiaconcursos.com.br\/blog\/concursos-2022\/\" target=\"_blank\" rel=\"noreferrer noopener\"><span class=\"has-inline-color has-white-color\">Concursos 2022<\/span><\/a><\/strong><\/p>\n\n\n\n<div class=\"container\" id=\"boxes\">\n  <div class=\"row\">\n    <div class=\"col-sm\">\n      <div class=\"estrategia\" id=\"box-assinatura\">\n        <h3 class=\"titulo-assinatura\">Assinatura de Concursos<\/h3>\n        <p class=\"subtitulo-assinatura\">Assinatura de 1 ano ou 2 anos<\/p>\n        <div class=\"box-botao\">\n          <a class=\"btn-assinatura\" target=\"_blank\" href=\"https:\/\/www.estrategiaconcursos.com.br\/assinaturas\/\" role=\"button\" rel=\"noopener noreferrer\">ASSINE AGORA<\/a>\n        <\/div>\n      <\/div>\n      \n    <\/div><\/div><\/div>\n","protected":false},"excerpt":{"rendered":"<p>No fim de 2019, foi aprovada a Lei 13.964 (denominada \u201cPacote Anticrime\u201d) modificando substancialmente os Direitos Penal e Processual Penal. \u00c0 \u00e9poca, foram vetados 24 (vinte e quatro) dispositivos pelo Presidente da Rep\u00fablica. Entretanto, em abril de 2021, ocorreram profundas altera\u00e7\u00f5es no Pacote Anticrime ap\u00f3s a derrubada de 16 (dezesseis) vetos pelo Congresso Nacional. HOMIC\u00cdDIO [&hellip;]<\/p>\n","protected":false},"author":2343,"featured_media":721148,"comment_status":"open","ping_status":"closed","sticky":false,"template":"","format":"standard","meta":{"post_tipo":"article","footnotes":""},"categories":[1],"tags":[2376,220475,148122],"tax_estado":[219964,219965,219966,219967,219968,219969,219963,219970,219971,219972,219973,219974,219975,219976,219977,219978,219979,219980,219981,219982,219983,219984,219985,219986,219987,219988,219989,219990],"class_list":["post-968807","post","type-post","status-publish","format-standard","has-post-thumbnail","hentry","category-cursos-e-concursos","tag-alteracoes-legislativas","tag-derrubada-dos-vetos","tag-pacote-anticrime","tax_estado-ac","tax_estado-al","tax_estado-am","tax_estado-ap","tax_estado-ba","tax_estado-ce","tax_estado-concursos-federais","tax_estado-df","tax_estado-es","tax_estado-go","tax_estado-ma","tax_estado-mg","tax_estado-ms","tax_estado-mt","tax_estado-pa","tax_estado-pb","tax_estado-pe","tax_estado-pi","tax_estado-pr","tax_estado-rj","tax_estado-rn","tax_estado-ro","tax_estado-rr","tax_estado-rs","tax_estado-sc","tax_estado-se","tax_estado-sp","tax_estado-to"],"acf":[],"yoast_head":"<!-- This site is optimized with the Yoast SEO Premium plugin v27.2 (Yoast SEO v27.2) - https:\/\/yoast.com\/product\/yoast-seo-premium-wordpress\/ -->\n<title>Altera\u00e7\u00f5es no Pacote Anticrime ap\u00f3s a derrubada dos vetos<\/title>\n<meta name=\"description\" content=\"Confira as altera\u00e7\u00f5es no Pacote Anticrime ap\u00f3s a derrubada dos vetos pelo Congresso Nacional no ano de 2021\" \/>\n<meta name=\"robots\" content=\"index, follow, max-snippet:-1, max-image-preview:large, max-video-preview:-1\" \/>\n<link rel=\"canonical\" href=\"https:\/\/www.estrategiaconcursos.com.br\/blog\/alteracoes-pacote-anticrime\/\" \/>\n<meta property=\"og:locale\" content=\"pt_BR\" \/>\n<meta property=\"og:type\" content=\"article\" \/>\n<meta property=\"og:title\" content=\"Altera\u00e7\u00f5es no Pacote Anticrime ap\u00f3s a derrubada dos vetos\" \/>\n<meta property=\"og:description\" content=\"Confira as altera\u00e7\u00f5es no Pacote Anticrime ap\u00f3s a derrubada dos vetos pelo Congresso Nacional no ano de 2021\" \/>\n<meta property=\"og:url\" content=\"https:\/\/www.estrategiaconcursos.com.br\/blog\/alteracoes-pacote-anticrime\/\" \/>\n<meta property=\"og:site_name\" content=\"Estrat\u00e9gia Concursos\" \/>\n<meta property=\"article:published_time\" content=\"2022-02-28T11:29:00+00:00\" \/>\n<meta property=\"og:image\" content=\"https:\/\/dhg1h5j42swfq.cloudfront.net\/2021\/04\/22170639\/pacote-anticrime.jpg\" \/>\n\t<meta property=\"og:image:width\" content=\"742\" \/>\n\t<meta property=\"og:image:height\" content=\"430\" \/>\n\t<meta property=\"og:image:type\" content=\"image\/jpeg\" \/>\n<meta name=\"author\" content=\"Victor Baio do Carmo\" \/>\n<meta name=\"twitter:card\" content=\"summary_large_image\" \/>\n<meta name=\"twitter:creator\" content=\"@EstratConcursos\" \/>\n<meta name=\"twitter:site\" content=\"@EstratConcursos\" \/>\n<meta name=\"twitter:label1\" content=\"Escrito por\" \/>\n\t<meta name=\"twitter:data1\" content=\"Victor Baio do Carmo\" \/>\n\t<meta name=\"twitter:label2\" content=\"Est. tempo de leitura\" \/>\n\t<meta name=\"twitter:data2\" content=\"10 minutos\" \/>\n<script type=\"application\/ld+json\" class=\"yoast-schema-graph\">{\"@context\":\"https:\/\/schema.org\",\"@graph\":[{\"@type\":\"NewsArticle\",\"@id\":\"https:\/\/www.estrategiaconcursos.com.br\/blog\/alteracoes-pacote-anticrime\/#article\",\"isPartOf\":{\"@id\":\"https:\/\/www.estrategiaconcursos.com.br\/blog\/alteracoes-pacote-anticrime\/\"},\"author\":{\"name\":\"Victor Baio do Carmo\",\"@id\":\"https:\/\/www.estrategiaconcursos.com.br\/blog\/#\/schema\/person\/52a5e7b42bb3c34ccdf208f25a312eec\"},\"headline\":\"Altera\u00e7\u00f5es no Pacote Anticrime ap\u00f3s a derrubada dos vetos\",\"datePublished\":\"2022-02-28T11:29:00+00:00\",\"mainEntityOfPage\":{\"@id\":\"https:\/\/www.estrategiaconcursos.com.br\/blog\/alteracoes-pacote-anticrime\/\"},\"wordCount\":1784,\"commentCount\":0,\"publisher\":{\"@id\":\"https:\/\/www.estrategiaconcursos.com.br\/blog\/#organization\"},\"image\":{\"@id\":\"https:\/\/www.estrategiaconcursos.com.br\/blog\/alteracoes-pacote-anticrime\/#primaryimage\"},\"thumbnailUrl\":\"https:\/\/dhg1h5j42swfq.cloudfront.net\/2021\/04\/22170639\/pacote-anticrime.jpg\",\"keywords\":[\"Altera\u00e7\u00f5es Legislativas\",\"Derrubada dos vetos\",\"pacote anticrime\"],\"articleSection\":[\"Concursos P\u00fablicos\"],\"inLanguage\":\"pt-BR\",\"potentialAction\":[{\"@type\":\"CommentAction\",\"name\":\"Comment\",\"target\":[\"https:\/\/www.estrategiaconcursos.com.br\/blog\/alteracoes-pacote-anticrime\/#respond\"]}],\"copyrightYear\":\"2022\",\"copyrightHolder\":{\"@id\":\"https:\/\/www.estrategiaconcursos.com.br\/blog\/#organization\"}},{\"@type\":\"WebPage\",\"@id\":\"https:\/\/www.estrategiaconcursos.com.br\/blog\/alteracoes-pacote-anticrime\/\",\"url\":\"https:\/\/www.estrategiaconcursos.com.br\/blog\/alteracoes-pacote-anticrime\/\",\"name\":\"Altera\u00e7\u00f5es no Pacote Anticrime ap\u00f3s a derrubada dos vetos\",\"isPartOf\":{\"@id\":\"https:\/\/www.estrategiaconcursos.com.br\/blog\/#website\"},\"primaryImageOfPage\":{\"@id\":\"https:\/\/www.estrategiaconcursos.com.br\/blog\/alteracoes-pacote-anticrime\/#primaryimage\"},\"image\":{\"@id\":\"https:\/\/www.estrategiaconcursos.com.br\/blog\/alteracoes-pacote-anticrime\/#primaryimage\"},\"thumbnailUrl\":\"https:\/\/dhg1h5j42swfq.cloudfront.net\/2021\/04\/22170639\/pacote-anticrime.jpg\",\"datePublished\":\"2022-02-28T11:29:00+00:00\",\"description\":\"Confira as altera\u00e7\u00f5es no Pacote Anticrime ap\u00f3s a derrubada dos vetos pelo Congresso Nacional no ano de 2021\",\"breadcrumb\":{\"@id\":\"https:\/\/www.estrategiaconcursos.com.br\/blog\/alteracoes-pacote-anticrime\/#breadcrumb\"},\"inLanguage\":\"pt-BR\",\"potentialAction\":[{\"@type\":\"ReadAction\",\"target\":[\"https:\/\/www.estrategiaconcursos.com.br\/blog\/alteracoes-pacote-anticrime\/\"]}]},{\"@type\":\"ImageObject\",\"inLanguage\":\"pt-BR\",\"@id\":\"https:\/\/www.estrategiaconcursos.com.br\/blog\/alteracoes-pacote-anticrime\/#primaryimage\",\"url\":\"https:\/\/dhg1h5j42swfq.cloudfront.net\/2021\/04\/22170639\/pacote-anticrime.jpg\",\"contentUrl\":\"https:\/\/dhg1h5j42swfq.cloudfront.net\/2021\/04\/22170639\/pacote-anticrime.jpg\",\"width\":742,\"height\":430,\"caption\":\"Congresso Nacional derruba vetos ao pacote anticrime\"},{\"@type\":\"BreadcrumbList\",\"@id\":\"https:\/\/www.estrategiaconcursos.com.br\/blog\/alteracoes-pacote-anticrime\/#breadcrumb\",\"itemListElement\":[{\"@type\":\"ListItem\",\"position\":1,\"name\":\"In\u00edcio\",\"item\":\"https:\/\/www.estrategiaconcursos.com.br\/blog\/\"},{\"@type\":\"ListItem\",\"position\":2,\"name\":\"Altera\u00e7\u00f5es no Pacote Anticrime ap\u00f3s a derrubada dos vetos\"}]},{\"@type\":\"WebSite\",\"@id\":\"https:\/\/www.estrategiaconcursos.com.br\/blog\/#website\",\"url\":\"https:\/\/www.estrategiaconcursos.com.br\/blog\/\",\"name\":\"Estrat\u00e9gia Concursos\",\"description\":\"O blog da Estrat\u00e9gia Concursos traz not\u00edcias sobre concursos e artigos de professores oferecendo cursos para concursos (pdf + videaulas) no site.\",\"publisher\":{\"@id\":\"https:\/\/www.estrategiaconcursos.com.br\/blog\/#organization\"},\"potentialAction\":[{\"@type\":\"SearchAction\",\"target\":{\"@type\":\"EntryPoint\",\"urlTemplate\":\"https:\/\/www.estrategiaconcursos.com.br\/blog\/?s={search_term_string}\"},\"query-input\":{\"@type\":\"PropertyValueSpecification\",\"valueRequired\":true,\"valueName\":\"search_term_string\"}}],\"inLanguage\":\"pt-BR\"},{\"@type\":\"Organization\",\"@id\":\"https:\/\/www.estrategiaconcursos.com.br\/blog\/#organization\",\"name\":\"Estrat\u00e9gia Concursos\",\"url\":\"https:\/\/www.estrategiaconcursos.com.br\/blog\/\",\"logo\":{\"@type\":\"ImageObject\",\"inLanguage\":\"pt-BR\",\"@id\":\"https:\/\/www.estrategiaconcursos.com.br\/blog\/#\/schema\/logo\/image\/\",\"url\":\"https:\/\/dhg1h5j42swfq.cloudfront.net\/2025\/06\/03203428\/logo_concursos-1.jpg\",\"contentUrl\":\"https:\/\/dhg1h5j42swfq.cloudfront.net\/2025\/06\/03203428\/logo_concursos-1.jpg\",\"width\":230,\"height\":60,\"caption\":\"Estrat\u00e9gia Concursos\"},\"image\":{\"@id\":\"https:\/\/www.estrategiaconcursos.com.br\/blog\/#\/schema\/logo\/image\/\"},\"sameAs\":[\"https:\/\/x.com\/EstratConcursos\"]},{\"@type\":\"Person\",\"@id\":\"https:\/\/www.estrategiaconcursos.com.br\/blog\/#\/schema\/person\/52a5e7b42bb3c34ccdf208f25a312eec\",\"name\":\"Victor Baio do Carmo\",\"image\":{\"@type\":\"ImageObject\",\"inLanguage\":\"pt-BR\",\"@id\":\"https:\/\/secure.gravatar.com\/avatar\/148fc18f2878ea373246778f423b66b836c3535ba972328844adc004c2a998d5?s=96&d=mm&r=g\",\"url\":\"https:\/\/secure.gravatar.com\/avatar\/148fc18f2878ea373246778f423b66b836c3535ba972328844adc004c2a998d5?s=96&d=mm&r=g\",\"contentUrl\":\"https:\/\/secure.gravatar.com\/avatar\/148fc18f2878ea373246778f423b66b836c3535ba972328844adc004c2a998d5?s=96&d=mm&r=g\",\"caption\":\"Victor Baio do Carmo\"},\"url\":\"https:\/\/www.estrategiaconcursos.com.br\/blog\/author\/victorbaio93gmail-com\/\"}]}<\/script>\n<!-- \/ Yoast SEO Premium plugin. -->","yoast_head_json":{"title":"Altera\u00e7\u00f5es no Pacote Anticrime ap\u00f3s a derrubada dos vetos","description":"Confira as altera\u00e7\u00f5es no Pacote Anticrime ap\u00f3s a derrubada dos vetos pelo Congresso Nacional no ano de 2021","robots":{"index":"index","follow":"follow","max-snippet":"max-snippet:-1","max-image-preview":"max-image-preview:large","max-video-preview":"max-video-preview:-1"},"canonical":"https:\/\/www.estrategiaconcursos.com.br\/blog\/alteracoes-pacote-anticrime\/","og_locale":"pt_BR","og_type":"article","og_title":"Altera\u00e7\u00f5es no Pacote Anticrime ap\u00f3s a derrubada dos vetos","og_description":"Confira as altera\u00e7\u00f5es no Pacote Anticrime ap\u00f3s a derrubada dos vetos pelo Congresso Nacional no ano de 2021","og_url":"https:\/\/www.estrategiaconcursos.com.br\/blog\/alteracoes-pacote-anticrime\/","og_site_name":"Estrat\u00e9gia Concursos","article_published_time":"2022-02-28T11:29:00+00:00","og_image":[{"width":742,"height":430,"url":"https:\/\/dhg1h5j42swfq.cloudfront.net\/2021\/04\/22170639\/pacote-anticrime.jpg","type":"image\/jpeg"}],"author":"Victor Baio do Carmo","twitter_card":"summary_large_image","twitter_creator":"@EstratConcursos","twitter_site":"@EstratConcursos","twitter_misc":{"Escrito por":"Victor Baio do Carmo","Est. tempo de leitura":"10 minutos"},"schema":{"@context":"https:\/\/schema.org","@graph":[{"@type":"NewsArticle","@id":"https:\/\/www.estrategiaconcursos.com.br\/blog\/alteracoes-pacote-anticrime\/#article","isPartOf":{"@id":"https:\/\/www.estrategiaconcursos.com.br\/blog\/alteracoes-pacote-anticrime\/"},"author":{"name":"Victor Baio do Carmo","@id":"https:\/\/www.estrategiaconcursos.com.br\/blog\/#\/schema\/person\/52a5e7b42bb3c34ccdf208f25a312eec"},"headline":"Altera\u00e7\u00f5es no Pacote Anticrime ap\u00f3s a derrubada dos vetos","datePublished":"2022-02-28T11:29:00+00:00","mainEntityOfPage":{"@id":"https:\/\/www.estrategiaconcursos.com.br\/blog\/alteracoes-pacote-anticrime\/"},"wordCount":1784,"commentCount":0,"publisher":{"@id":"https:\/\/www.estrategiaconcursos.com.br\/blog\/#organization"},"image":{"@id":"https:\/\/www.estrategiaconcursos.com.br\/blog\/alteracoes-pacote-anticrime\/#primaryimage"},"thumbnailUrl":"https:\/\/dhg1h5j42swfq.cloudfront.net\/2021\/04\/22170639\/pacote-anticrime.jpg","keywords":["Altera\u00e7\u00f5es Legislativas","Derrubada dos vetos","pacote anticrime"],"articleSection":["Concursos P\u00fablicos"],"inLanguage":"pt-BR","potentialAction":[{"@type":"CommentAction","name":"Comment","target":["https:\/\/www.estrategiaconcursos.com.br\/blog\/alteracoes-pacote-anticrime\/#respond"]}],"copyrightYear":"2022","copyrightHolder":{"@id":"https:\/\/www.estrategiaconcursos.com.br\/blog\/#organization"}},{"@type":"WebPage","@id":"https:\/\/www.estrategiaconcursos.com.br\/blog\/alteracoes-pacote-anticrime\/","url":"https:\/\/www.estrategiaconcursos.com.br\/blog\/alteracoes-pacote-anticrime\/","name":"Altera\u00e7\u00f5es no Pacote Anticrime ap\u00f3s a derrubada dos vetos","isPartOf":{"@id":"https:\/\/www.estrategiaconcursos.com.br\/blog\/#website"},"primaryImageOfPage":{"@id":"https:\/\/www.estrategiaconcursos.com.br\/blog\/alteracoes-pacote-anticrime\/#primaryimage"},"image":{"@id":"https:\/\/www.estrategiaconcursos.com.br\/blog\/alteracoes-pacote-anticrime\/#primaryimage"},"thumbnailUrl":"https:\/\/dhg1h5j42swfq.cloudfront.net\/2021\/04\/22170639\/pacote-anticrime.jpg","datePublished":"2022-02-28T11:29:00+00:00","description":"Confira as altera\u00e7\u00f5es no Pacote Anticrime ap\u00f3s a derrubada dos vetos pelo Congresso Nacional no ano de 2021","breadcrumb":{"@id":"https:\/\/www.estrategiaconcursos.com.br\/blog\/alteracoes-pacote-anticrime\/#breadcrumb"},"inLanguage":"pt-BR","potentialAction":[{"@type":"ReadAction","target":["https:\/\/www.estrategiaconcursos.com.br\/blog\/alteracoes-pacote-anticrime\/"]}]},{"@type":"ImageObject","inLanguage":"pt-BR","@id":"https:\/\/www.estrategiaconcursos.com.br\/blog\/alteracoes-pacote-anticrime\/#primaryimage","url":"https:\/\/dhg1h5j42swfq.cloudfront.net\/2021\/04\/22170639\/pacote-anticrime.jpg","contentUrl":"https:\/\/dhg1h5j42swfq.cloudfront.net\/2021\/04\/22170639\/pacote-anticrime.jpg","width":742,"height":430,"caption":"Congresso Nacional derruba vetos ao pacote anticrime"},{"@type":"BreadcrumbList","@id":"https:\/\/www.estrategiaconcursos.com.br\/blog\/alteracoes-pacote-anticrime\/#breadcrumb","itemListElement":[{"@type":"ListItem","position":1,"name":"In\u00edcio","item":"https:\/\/www.estrategiaconcursos.com.br\/blog\/"},{"@type":"ListItem","position":2,"name":"Altera\u00e7\u00f5es no Pacote Anticrime ap\u00f3s a derrubada dos vetos"}]},{"@type":"WebSite","@id":"https:\/\/www.estrategiaconcursos.com.br\/blog\/#website","url":"https:\/\/www.estrategiaconcursos.com.br\/blog\/","name":"Estrat\u00e9gia Concursos","description":"O blog da Estrat\u00e9gia Concursos traz not\u00edcias sobre concursos e artigos de professores oferecendo cursos para concursos (pdf + videaulas) no site.","publisher":{"@id":"https:\/\/www.estrategiaconcursos.com.br\/blog\/#organization"},"potentialAction":[{"@type":"SearchAction","target":{"@type":"EntryPoint","urlTemplate":"https:\/\/www.estrategiaconcursos.com.br\/blog\/?s={search_term_string}"},"query-input":{"@type":"PropertyValueSpecification","valueRequired":true,"valueName":"search_term_string"}}],"inLanguage":"pt-BR"},{"@type":"Organization","@id":"https:\/\/www.estrategiaconcursos.com.br\/blog\/#organization","name":"Estrat\u00e9gia Concursos","url":"https:\/\/www.estrategiaconcursos.com.br\/blog\/","logo":{"@type":"ImageObject","inLanguage":"pt-BR","@id":"https:\/\/www.estrategiaconcursos.com.br\/blog\/#\/schema\/logo\/image\/","url":"https:\/\/dhg1h5j42swfq.cloudfront.net\/2025\/06\/03203428\/logo_concursos-1.jpg","contentUrl":"https:\/\/dhg1h5j42swfq.cloudfront.net\/2025\/06\/03203428\/logo_concursos-1.jpg","width":230,"height":60,"caption":"Estrat\u00e9gia Concursos"},"image":{"@id":"https:\/\/www.estrategiaconcursos.com.br\/blog\/#\/schema\/logo\/image\/"},"sameAs":["https:\/\/x.com\/EstratConcursos"]},{"@type":"Person","@id":"https:\/\/www.estrategiaconcursos.com.br\/blog\/#\/schema\/person\/52a5e7b42bb3c34ccdf208f25a312eec","name":"Victor Baio do Carmo","image":{"@type":"ImageObject","inLanguage":"pt-BR","@id":"https:\/\/secure.gravatar.com\/avatar\/148fc18f2878ea373246778f423b66b836c3535ba972328844adc004c2a998d5?s=96&d=mm&r=g","url":"https:\/\/secure.gravatar.com\/avatar\/148fc18f2878ea373246778f423b66b836c3535ba972328844adc004c2a998d5?s=96&d=mm&r=g","contentUrl":"https:\/\/secure.gravatar.com\/avatar\/148fc18f2878ea373246778f423b66b836c3535ba972328844adc004c2a998d5?s=96&d=mm&r=g","caption":"Victor Baio do Carmo"},"url":"https:\/\/www.estrategiaconcursos.com.br\/blog\/author\/victorbaio93gmail-com\/"}]}},"_links":{"self":[{"href":"https:\/\/www.estrategiaconcursos.com.br\/blog\/wp-json\/wp\/v2\/posts\/968807","targetHints":{"allow":["GET"]}}],"collection":[{"href":"https:\/\/www.estrategiaconcursos.com.br\/blog\/wp-json\/wp\/v2\/posts"}],"about":[{"href":"https:\/\/www.estrategiaconcursos.com.br\/blog\/wp-json\/wp\/v2\/types\/post"}],"author":[{"embeddable":true,"href":"https:\/\/www.estrategiaconcursos.com.br\/blog\/wp-json\/wp\/v2\/users\/2343"}],"replies":[{"embeddable":true,"href":"https:\/\/www.estrategiaconcursos.com.br\/blog\/wp-json\/wp\/v2\/comments?post=968807"}],"version-history":[{"count":28,"href":"https:\/\/www.estrategiaconcursos.com.br\/blog\/wp-json\/wp\/v2\/posts\/968807\/revisions"}],"predecessor-version":[{"id":970381,"href":"https:\/\/www.estrategiaconcursos.com.br\/blog\/wp-json\/wp\/v2\/posts\/968807\/revisions\/970381"}],"wp:featuredmedia":[{"embeddable":true,"href":"https:\/\/www.estrategiaconcursos.com.br\/blog\/wp-json\/wp\/v2\/media\/721148"}],"wp:attachment":[{"href":"https:\/\/www.estrategiaconcursos.com.br\/blog\/wp-json\/wp\/v2\/media?parent=968807"}],"wp:term":[{"taxonomy":"category","embeddable":true,"href":"https:\/\/www.estrategiaconcursos.com.br\/blog\/wp-json\/wp\/v2\/categories?post=968807"},{"taxonomy":"post_tag","embeddable":true,"href":"https:\/\/www.estrategiaconcursos.com.br\/blog\/wp-json\/wp\/v2\/tags?post=968807"},{"taxonomy":"tax_estado","embeddable":true,"href":"https:\/\/www.estrategiaconcursos.com.br\/blog\/wp-json\/wp\/v2\/tax_estado?post=968807"}],"curies":[{"name":"wp","href":"https:\/\/api.w.org\/{rel}","templated":true}]}}