{"id":968561,"date":"2022-02-14T17:58:00","date_gmt":"2022-02-14T20:58:00","guid":{"rendered":"https:\/\/www.estrategiaconcursos.com.br\/blog\/?p=968561"},"modified":"2022-02-14T16:58:51","modified_gmt":"2022-02-14T19:58:51","slug":"semana-da-saude-conquistando-a-vaga-nas-forcas-armadas","status":"publish","type":"post","link":"https:\/\/www.estrategiaconcursos.com.br\/blog\/semana-da-saude-conquistando-a-vaga-nas-forcas-armadas\/","title":{"rendered":"Semana da Sa\u00fade: conquistando a vaga nas For\u00e7as Armadas"},"content":{"rendered":"\n<p>Diversos concursos p\u00fablicos abertos ou em processo de abertura ofertam centenas de oportunidades para \u00e1rea de Sa\u00fade dos concursos das For\u00e7as Armadas.<\/p>\n\n\n\n<p>Muitos candidatos, por\u00e9m, desconhecem tais oportunidades ou n\u00e3o sabem como montar um plano de estudos para as vagas dispon\u00edveis. E se o seu objetivo \u00e9 ser aprovado em concursos militares, o Estrat\u00e9gia Concursos tem uma excelente not\u00edcia para voc\u00ea!<\/p>\n\n\n\n<p>A partir desta segunda-feira, 14 de fevereiro de 2022, \u00e0s 19h, transmitiremos o evento \u2018Semana da Sa\u00fade: Conquistando a Vaga nas For\u00e7as Armadas\u2019, uma verdadeira maratona com dicas infal\u00edveis para a sua aprova\u00e7\u00e3o. Nos vemos l\u00e1!<\/p>\n\n\n<figure class=\"wp-block-embed-youtube wp-block-embed is-type-video is-provider-youtube wp-embed-aspect-16-9 wp-has-aspect-ratio\"><div class=\"lyte-wrapper\" style=\"width:853px;max-width:100%;margin:5px;\"><div class=\"lyMe\" id=\"WYL_HKZXxwHuviI\"><div id=\"lyte_HKZXxwHuviI\" data-src=\"\/\/i.ytimg.com\/vi\/HKZXxwHuviI\/hqdefault.jpg\" class=\"pL\"><div class=\"tC\"><div class=\"tT\"><\/div><\/div><div class=\"play\"><\/div><div class=\"ctrl\"><div class=\"Lctrl\"><\/div><div class=\"Rctrl\"><\/div><\/div><\/div><noscript><a href=\"https:\/\/youtu.be\/HKZXxwHuviI\" rel=\"nofollow\"><img loading=\"lazy\" decoding=\"async\" src=\"https:\/\/i.ytimg.com\/vi\/HKZXxwHuviI\/0.jpg\" alt=\"YouTube video thumbnail\" width=\"853\" height=\"460\" \/><br \/>Assista a este v\u00eddeo no YouTube<\/a><\/noscript><\/div><\/div><div class=\"lL\" style=\"max-width:100%;width:853px;margin:5px;\"><\/div><figcaption><\/figcaption><\/figure>\n\n\n<h2 class=\"wp-block-heading\" id=\"confira-abaixo-a-programacao-da-semana-da-saude-conquistando-a-vaga-nas-forcas-armadas\">Confira abaixo a programa\u00e7\u00e3o da Semana da Sa\u00fade: conquistando a vaga nas For\u00e7as Armadas!<\/h2>\n\n\n\n<figure class=\"wp-block-table is-style-stripes\"><table><tbody><tr><td class=\"has-text-align-center\" data-align=\"center\"><strong>Evento<\/strong><\/td><td class=\"has-text-align-center\" data-align=\"center\"><strong>Dia e hor\u00e1rio<\/strong><\/td><td class=\"has-text-align-center\" data-align=\"center\"><strong>Professores<\/strong><\/td><\/tr><tr><td class=\"has-text-align-center\" data-align=\"center\">Concursos de Sa\u00fade das For\u00e7as Armadas: conhe\u00e7a as carreiras!<\/td><td class=\"has-text-align-center\" data-align=\"center\">2\u00aa feira, 14\/02, 19h00<\/td><td class=\"has-text-align-center\" data-align=\"center\">Mirela Barreto e Tha\u00eds Polastri<\/td><\/tr><tr><td class=\"has-text-align-center\" data-align=\"center\">Concursos de Enfermagem para as For\u00e7as Armadas<\/td><td class=\"has-text-align-center\" data-align=\"center\">2\u00aa feira, 14\/02, 21h00<\/td><td class=\"has-text-align-center\" data-align=\"center\">Thaysa Vianna e Breno Caldas<\/td><\/tr><tr><td class=\"has-text-align-center\" data-align=\"center\">Concursos de Fonoaudiologia para as For\u00e7as Armadas<\/td><td class=\"has-text-align-center\" data-align=\"center\">3\u00aa feira, 15\/02, 19h00<\/td><td class=\"has-text-align-center\" data-align=\"center\">Danielle Brand\u00e3o<\/td><\/tr><tr><td class=\"has-text-align-center\" data-align=\"center\">Concursos de Odontologia para as For\u00e7as Armadas<\/td><td class=\"has-text-align-center\" data-align=\"center\">3\u00aa feira, 15\/02, 21h00<\/td><td class=\"has-text-align-center\" data-align=\"center\">Mirela Barreto e C\u00e1ssia Reginato<\/td><\/tr><tr><td class=\"has-text-align-center\" data-align=\"center\">Concursos de Farm\u00e1cia para as For\u00e7as Armadas<\/td><td class=\"has-text-align-center\" data-align=\"center\">4\u00aa feira, 16\/02, 19h00<\/td><td class=\"has-text-align-center\" data-align=\"center\">Rafaela Gomes e Ana Cristina<\/td><\/tr><tr><td class=\"has-text-align-center\" data-align=\"center\">Concursos de Medicina Veterin\u00e1ria para as For\u00e7as Armadas<\/td><td class=\"has-text-align-center\" data-align=\"center\">4\u00aa feira, 16\/02, 21h00<\/td><td class=\"has-text-align-center\" data-align=\"center\">Ana Paula Salim<\/td><\/tr><tr><td class=\"has-text-align-center\" data-align=\"center\">O Segredo da Aprova\u00e7\u00e3o em Concursos de Sa\u00fade para as For\u00e7as Armadas<\/td><td class=\"has-text-align-center\" data-align=\"center\">5\u00aa feira, 17\/02, 19h00<\/td><td class=\"has-text-align-center\" data-align=\"center\">Mirela Barreto<\/td><\/tr><tr><td class=\"has-text-align-center\" data-align=\"center\">Concursos de Servi\u00e7o Social para as For\u00e7as Armadas<\/td><td class=\"has-text-align-center\" data-align=\"center\">5\u00aa feira, 17\/02, 21h00<\/td><td class=\"has-text-align-center\" data-align=\"center\">Anna Val\u00e9ria e Nilza Ciciliati<\/td><\/tr><tr><td class=\"has-text-align-center\" data-align=\"center\">&nbsp;Concursos de Fisioterapia para as For\u00e7as Armadas<\/td><td class=\"has-text-align-center\" data-align=\"center\">6\u00aa feira, 18\/02, 18h00<\/td><td class=\"has-text-align-center\" data-align=\"center\">Mara Ribeiro e Gislaine Holler<\/td><\/tr><tr><td class=\"has-text-align-center\" data-align=\"center\">Pancad\u00e3o de Quest\u00f5es Odontologia &#8211; Ex\u00e9rcito<\/td><td class=\"has-text-align-center\" data-align=\"center\">S\u00e1bado, 19\/02, 8h30<\/td><td class=\"has-text-align-center\" data-align=\"center\">Mirela Barreto<\/td><\/tr><tr><td class=\"has-text-align-center\" data-align=\"center\">Pancad\u00e3o de Quest\u00f5es Odontologia &#8211; Marinha<\/td><td class=\"has-text-align-center\" data-align=\"center\">S\u00e1bado, 19\/02, 14h00<\/td><td class=\"has-text-align-center\" data-align=\"center\">Mirela Barreto<\/td><\/tr><tr><td class=\"has-text-align-center\" data-align=\"center\">Pancad\u00e3o de Quest\u00f5es Odontologia &#8211; Aeron\u00e1utica<\/td><td class=\"has-text-align-center\" data-align=\"center\">S\u00e1bado, 19\/02, 18h00<\/td><td class=\"has-text-align-center\" data-align=\"center\">Mirela Barreto<\/td><\/tr><\/tbody><\/table><\/figure>\n\n\n\n<h2 class=\"has-text-align-center wp-block-heading\" id=\"cursos-assinatura\">Quer estudar para os concursos militares?<\/h2>\n\n\n\n<div class=\"container\" id=\"boxes\">\n  <div class=\"row\">\n\n    <div class=\"col-sm\">\n      <div class=\"banner-estrategia\" id=\"box-assinatura\">\n        <h3 class=\"titulo-assinatura\">Cursos militares<\/h3>\n        <p class=\"subtitulo-assinatura\">Semana da Sa\u00fade: Conquistando a Vaga nas For\u00e7as Armadas<\/p>\n        <div class=\"box-botao\">\n          <a class=\"btn-assinatura\" target=\"_blank\" href=\"https:\/\/www.estrategiaconcursos.com.br\/cursosPorConcurso\/semana-da-saude-conquistando-a-vaga-nas-forcas-armadas\/\" role=\"button\" rel=\"noopener noreferrer\">Conhe\u00e7a mais<\/a>\n        <\/div>\n      <\/div>\n     \n    <\/div>\n\n  <\/div>\n<\/div>\n\n\n\n<div class=\"container\" id=\"boxes\">\n  <div class=\"row\">\n\n    <div class=\"col-sm\">\n      <div class=\"estrategia\" id=\"box-assinatura\">\n        <h3 class=\"titulo-assinatura\">Assinatura Concursos<\/h3>\n        <p class=\"subtitulo-assinatura\">Assinatura de 1 ano ou 2 anos<\/p>\n        <div class=\"box-botao\">\n          <a class=\"btn-assinatura\" target=\"_blank\" href=\"https:\/\/www.estrategiaconcursos.com.br\/assinaturas\/\" role=\"button\" rel=\"noopener noreferrer\">ASSINE AGORA<\/a>\n        <\/div>\n      <\/div><\/div><\/div><\/div>\n\n\n\n<h2 class=\"has-text-align-center wp-block-heading\" id=\"h-quer-saber-tudo-sobre-concursos-previstos-confira-nossos-artigos\">Quer saber tudo sobre concursos previstos?<br \/>Confira  nossos artigos!<\/h2>\n\n\n\n<ul class=\"wp-block-list\"><li><a href=\"https:\/\/www.estrategiaconcursos.com.br\/blog\/concursos-abertos\/\" target=\"_blank\" rel=\"noreferrer noopener\">Concursos abertos<\/a><\/li><li><a href=\"https:\/\/www.estrategiaconcursos.com.br\/blog\/concursos-2022\/\" target=\"_blank\" rel=\"noreferrer noopener\">Concursos 2022<\/a><\/li><\/ul>\n","protected":false},"excerpt":{"rendered":"<p>Diversos concursos p\u00fablicos abertos ou em processo de abertura ofertam centenas de oportunidades para \u00e1rea de Sa\u00fade dos concursos das For\u00e7as Armadas. Muitos candidatos, por\u00e9m, desconhecem tais oportunidades ou n\u00e3o sabem como montar um plano de estudos para as vagas dispon\u00edveis. E se o seu objetivo \u00e9 ser aprovado em concursos militares, o Estrat\u00e9gia Concursos [&hellip;]<\/p>\n","protected":false},"author":1483,"featured_media":968602,"comment_status":"open","ping_status":"closed","sticky":false,"template":"","format":"standard","meta":{"post_tipo":"news","footnotes":""},"categories":[6741,220185,1981,220219],"tags":[],"tax_estado":[219963],"class_list":["post-968561","post","type-post","status-publish","format-standard","has-post-thumbnail","hentry","category-forcas-armadas-oficiais","category-forcas-armadas-pracas","category-saude","category-noticias","tax_estado-concursos-federais"],"acf":[],"yoast_head":"<!-- This site is optimized with the Yoast SEO Premium plugin v27.2 (Yoast SEO v27.2) - https:\/\/yoast.com\/product\/yoast-seo-premium-wordpress\/ -->\n<title>Semana da Sa\u00fade: conquistando a vaga nas For\u00e7as Armadas<\/title>\n<meta name=\"description\" content=\"Semana da Sa\u00fade: conquistando a vaga nas For\u00e7as Armadas!\" \/>\n<meta name=\"robots\" content=\"index, follow, max-snippet:-1, max-image-preview:large, max-video-preview:-1\" \/>\n<link rel=\"canonical\" href=\"https:\/\/www.estrategiaconcursos.com.br\/blog\/semana-da-saude-conquistando-a-vaga-nas-forcas-armadas\/\" \/>\n<meta property=\"og:locale\" content=\"pt_BR\" \/>\n<meta property=\"og:type\" content=\"article\" \/>\n<meta property=\"og:title\" content=\"Semana da Sa\u00fade: conquistando a vaga nas For\u00e7as Armadas\" \/>\n<meta property=\"og:description\" content=\"Semana da Sa\u00fade: conquistando a vaga nas For\u00e7as Armadas!\" \/>\n<meta property=\"og:url\" content=\"https:\/\/www.estrategiaconcursos.com.br\/blog\/semana-da-saude-conquistando-a-vaga-nas-forcas-armadas\/\" \/>\n<meta property=\"og:site_name\" content=\"Estrat\u00e9gia Concursos\" \/>\n<meta property=\"article:published_time\" content=\"2022-02-14T20:58:00+00:00\" \/>\n<meta property=\"og:image\" content=\"https:\/\/dhg1h5j42swfq.cloudfront.net\/2022\/02\/14165723\/1280-720-max-31.jpg\" \/>\n\t<meta property=\"og:image:width\" content=\"1280\" \/>\n\t<meta property=\"og:image:height\" content=\"720\" \/>\n\t<meta property=\"og:image:type\" content=\"image\/jpeg\" \/>\n<meta name=\"author\" content=\"Diogo Mendes\" \/>\n<meta name=\"twitter:card\" content=\"summary_large_image\" \/>\n<meta name=\"twitter:creator\" content=\"@EstratConcursos\" \/>\n<meta name=\"twitter:site\" content=\"@EstratConcursos\" \/>\n<meta name=\"twitter:label1\" content=\"Escrito por\" \/>\n\t<meta name=\"twitter:data1\" content=\"Diogo Mendes\" \/>\n\t<meta name=\"twitter:label2\" content=\"Est. tempo de leitura\" \/>\n\t<meta name=\"twitter:data2\" content=\"2 minutos\" \/>\n<script type=\"application\/ld+json\" class=\"yoast-schema-graph\">{\"@context\":\"https:\/\/schema.org\",\"@graph\":[{\"@type\":\"NewsArticle\",\"@id\":\"https:\/\/www.estrategiaconcursos.com.br\/blog\/semana-da-saude-conquistando-a-vaga-nas-forcas-armadas\/#article\",\"isPartOf\":{\"@id\":\"https:\/\/www.estrategiaconcursos.com.br\/blog\/semana-da-saude-conquistando-a-vaga-nas-forcas-armadas\/\"},\"author\":{\"name\":\"Diogo Mendes\",\"@id\":\"https:\/\/www.estrategiaconcursos.com.br\/blog\/#\/schema\/person\/cc9e76173880338ce9f656c88664a1f6\"},\"headline\":\"Semana da Sa\u00fade: conquistando a vaga nas For\u00e7as Armadas\",\"datePublished\":\"2022-02-14T20:58:00+00:00\",\"mainEntityOfPage\":{\"@id\":\"https:\/\/www.estrategiaconcursos.com.br\/blog\/semana-da-saude-conquistando-a-vaga-nas-forcas-armadas\/\"},\"wordCount\":379,\"commentCount\":0,\"publisher\":{\"@id\":\"https:\/\/www.estrategiaconcursos.com.br\/blog\/#organization\"},\"image\":{\"@id\":\"https:\/\/www.estrategiaconcursos.com.br\/blog\/semana-da-saude-conquistando-a-vaga-nas-forcas-armadas\/#primaryimage\"},\"thumbnailUrl\":\"https:\/\/dhg1h5j42swfq.cloudfront.net\/2022\/02\/14165723\/1280-720-max-31.jpg\",\"articleSection\":[\"For\u00e7as Armadas (Oficiais)\",\"For\u00e7as Armadas (Pra\u00e7as)\",\"Sa\u00fade\",\"\u00daltimas not\u00edcias\"],\"inLanguage\":\"pt-BR\",\"potentialAction\":[{\"@type\":\"CommentAction\",\"name\":\"Comment\",\"target\":[\"https:\/\/www.estrategiaconcursos.com.br\/blog\/semana-da-saude-conquistando-a-vaga-nas-forcas-armadas\/#respond\"]}],\"copyrightYear\":\"2022\",\"copyrightHolder\":{\"@id\":\"https:\/\/www.estrategiaconcursos.com.br\/blog\/#organization\"}},{\"@type\":\"WebPage\",\"@id\":\"https:\/\/www.estrategiaconcursos.com.br\/blog\/semana-da-saude-conquistando-a-vaga-nas-forcas-armadas\/\",\"url\":\"https:\/\/www.estrategiaconcursos.com.br\/blog\/semana-da-saude-conquistando-a-vaga-nas-forcas-armadas\/\",\"name\":\"Semana da Sa\u00fade: conquistando a vaga nas For\u00e7as Armadas\",\"isPartOf\":{\"@id\":\"https:\/\/www.estrategiaconcursos.com.br\/blog\/#website\"},\"primaryImageOfPage\":{\"@id\":\"https:\/\/www.estrategiaconcursos.com.br\/blog\/semana-da-saude-conquistando-a-vaga-nas-forcas-armadas\/#primaryimage\"},\"image\":{\"@id\":\"https:\/\/www.estrategiaconcursos.com.br\/blog\/semana-da-saude-conquistando-a-vaga-nas-forcas-armadas\/#primaryimage\"},\"thumbnailUrl\":\"https:\/\/dhg1h5j42swfq.cloudfront.net\/2022\/02\/14165723\/1280-720-max-31.jpg\",\"datePublished\":\"2022-02-14T20:58:00+00:00\",\"description\":\"Semana da Sa\u00fade: conquistando a vaga nas For\u00e7as Armadas!\",\"breadcrumb\":{\"@id\":\"https:\/\/www.estrategiaconcursos.com.br\/blog\/semana-da-saude-conquistando-a-vaga-nas-forcas-armadas\/#breadcrumb\"},\"inLanguage\":\"pt-BR\",\"potentialAction\":[{\"@type\":\"ReadAction\",\"target\":[\"https:\/\/www.estrategiaconcursos.com.br\/blog\/semana-da-saude-conquistando-a-vaga-nas-forcas-armadas\/\"]}]},{\"@type\":\"ImageObject\",\"inLanguage\":\"pt-BR\",\"@id\":\"https:\/\/www.estrategiaconcursos.com.br\/blog\/semana-da-saude-conquistando-a-vaga-nas-forcas-armadas\/#primaryimage\",\"url\":\"https:\/\/dhg1h5j42swfq.cloudfront.net\/2022\/02\/14165723\/1280-720-max-31.jpg\",\"contentUrl\":\"https:\/\/dhg1h5j42swfq.cloudfront.net\/2022\/02\/14165723\/1280-720-max-31.jpg\",\"width\":1280,\"height\":720},{\"@type\":\"BreadcrumbList\",\"@id\":\"https:\/\/www.estrategiaconcursos.com.br\/blog\/semana-da-saude-conquistando-a-vaga-nas-forcas-armadas\/#breadcrumb\",\"itemListElement\":[{\"@type\":\"ListItem\",\"position\":1,\"name\":\"In\u00edcio\",\"item\":\"https:\/\/www.estrategiaconcursos.com.br\/blog\/\"},{\"@type\":\"ListItem\",\"position\":2,\"name\":\"Semana da Sa\u00fade: conquistando a vaga nas For\u00e7as Armadas\"}]},{\"@type\":\"WebSite\",\"@id\":\"https:\/\/www.estrategiaconcursos.com.br\/blog\/#website\",\"url\":\"https:\/\/www.estrategiaconcursos.com.br\/blog\/\",\"name\":\"Estrat\u00e9gia Concursos\",\"description\":\"O blog da Estrat\u00e9gia Concursos traz not\u00edcias sobre concursos e artigos de professores oferecendo cursos para concursos (pdf + videaulas) no site.\",\"publisher\":{\"@id\":\"https:\/\/www.estrategiaconcursos.com.br\/blog\/#organization\"},\"potentialAction\":[{\"@type\":\"SearchAction\",\"target\":{\"@type\":\"EntryPoint\",\"urlTemplate\":\"https:\/\/www.estrategiaconcursos.com.br\/blog\/?s={search_term_string}\"},\"query-input\":{\"@type\":\"PropertyValueSpecification\",\"valueRequired\":true,\"valueName\":\"search_term_string\"}}],\"inLanguage\":\"pt-BR\"},{\"@type\":\"Organization\",\"@id\":\"https:\/\/www.estrategiaconcursos.com.br\/blog\/#organization\",\"name\":\"Estrat\u00e9gia Concursos\",\"url\":\"https:\/\/www.estrategiaconcursos.com.br\/blog\/\",\"logo\":{\"@type\":\"ImageObject\",\"inLanguage\":\"pt-BR\",\"@id\":\"https:\/\/www.estrategiaconcursos.com.br\/blog\/#\/schema\/logo\/image\/\",\"url\":\"https:\/\/dhg1h5j42swfq.cloudfront.net\/2025\/06\/03203428\/logo_concursos-1.jpg\",\"contentUrl\":\"https:\/\/dhg1h5j42swfq.cloudfront.net\/2025\/06\/03203428\/logo_concursos-1.jpg\",\"width\":230,\"height\":60,\"caption\":\"Estrat\u00e9gia Concursos\"},\"image\":{\"@id\":\"https:\/\/www.estrategiaconcursos.com.br\/blog\/#\/schema\/logo\/image\/\"},\"sameAs\":[\"https:\/\/x.com\/EstratConcursos\"]},{\"@type\":\"Person\",\"@id\":\"https:\/\/www.estrategiaconcursos.com.br\/blog\/#\/schema\/person\/cc9e76173880338ce9f656c88664a1f6\",\"name\":\"Diogo Mendes\",\"image\":{\"@type\":\"ImageObject\",\"inLanguage\":\"pt-BR\",\"@id\":\"https:\/\/secure.gravatar.com\/avatar\/9754d6777d460a45ef4067b586b94c32005cc2345a0404b8d96adc620cf63806?s=96&d=mm&r=g\",\"url\":\"https:\/\/secure.gravatar.com\/avatar\/9754d6777d460a45ef4067b586b94c32005cc2345a0404b8d96adc620cf63806?s=96&d=mm&r=g\",\"contentUrl\":\"https:\/\/secure.gravatar.com\/avatar\/9754d6777d460a45ef4067b586b94c32005cc2345a0404b8d96adc620cf63806?s=96&d=mm&r=g\",\"caption\":\"Diogo Mendes\"},\"description\":\"Diogo Mendes \u00e9 jornalista formado pela Universidade Paulista, com experi\u00eancia em reda\u00e7\u00f5es de diversos ve\u00edculos e na produ\u00e7\u00e3o de conte\u00fados especializados em concursos p\u00fablicos. Desde 2019, atua no Estrat\u00e9gia Concursos como Jornalista e Analista de Conte\u00fado, com foco na apura\u00e7\u00e3o de informa\u00e7\u00f5es junto a \u00f3rg\u00e3os e fontes oficiais. Dedica-se especialmente \u00e0 produ\u00e7\u00e3o de not\u00edcias e reportagens sobre Concursos Legislativos, al\u00e9m de acompanhar diariamente os concursos policiais, banc\u00e1rios e da \u00e1rea da sa\u00fade.\",\"url\":\"https:\/\/www.estrategiaconcursos.com.br\/blog\/author\/diogo-mendesestrategiaconcursos-com-br\/\"}]}<\/script>\n<!-- \/ Yoast SEO Premium plugin. -->","yoast_head_json":{"title":"Semana da Sa\u00fade: conquistando a vaga nas For\u00e7as Armadas","description":"Semana da Sa\u00fade: conquistando a vaga nas For\u00e7as Armadas!","robots":{"index":"index","follow":"follow","max-snippet":"max-snippet:-1","max-image-preview":"max-image-preview:large","max-video-preview":"max-video-preview:-1"},"canonical":"https:\/\/www.estrategiaconcursos.com.br\/blog\/semana-da-saude-conquistando-a-vaga-nas-forcas-armadas\/","og_locale":"pt_BR","og_type":"article","og_title":"Semana da Sa\u00fade: conquistando a vaga nas For\u00e7as Armadas","og_description":"Semana da Sa\u00fade: conquistando a vaga nas For\u00e7as Armadas!","og_url":"https:\/\/www.estrategiaconcursos.com.br\/blog\/semana-da-saude-conquistando-a-vaga-nas-forcas-armadas\/","og_site_name":"Estrat\u00e9gia Concursos","article_published_time":"2022-02-14T20:58:00+00:00","og_image":[{"width":1280,"height":720,"url":"https:\/\/dhg1h5j42swfq.cloudfront.net\/2022\/02\/14165723\/1280-720-max-31.jpg","type":"image\/jpeg"}],"author":"Diogo Mendes","twitter_card":"summary_large_image","twitter_creator":"@EstratConcursos","twitter_site":"@EstratConcursos","twitter_misc":{"Escrito por":"Diogo Mendes","Est. tempo de leitura":"2 minutos"},"schema":{"@context":"https:\/\/schema.org","@graph":[{"@type":"NewsArticle","@id":"https:\/\/www.estrategiaconcursos.com.br\/blog\/semana-da-saude-conquistando-a-vaga-nas-forcas-armadas\/#article","isPartOf":{"@id":"https:\/\/www.estrategiaconcursos.com.br\/blog\/semana-da-saude-conquistando-a-vaga-nas-forcas-armadas\/"},"author":{"name":"Diogo Mendes","@id":"https:\/\/www.estrategiaconcursos.com.br\/blog\/#\/schema\/person\/cc9e76173880338ce9f656c88664a1f6"},"headline":"Semana da Sa\u00fade: conquistando a vaga nas For\u00e7as Armadas","datePublished":"2022-02-14T20:58:00+00:00","mainEntityOfPage":{"@id":"https:\/\/www.estrategiaconcursos.com.br\/blog\/semana-da-saude-conquistando-a-vaga-nas-forcas-armadas\/"},"wordCount":379,"commentCount":0,"publisher":{"@id":"https:\/\/www.estrategiaconcursos.com.br\/blog\/#organization"},"image":{"@id":"https:\/\/www.estrategiaconcursos.com.br\/blog\/semana-da-saude-conquistando-a-vaga-nas-forcas-armadas\/#primaryimage"},"thumbnailUrl":"https:\/\/dhg1h5j42swfq.cloudfront.net\/2022\/02\/14165723\/1280-720-max-31.jpg","articleSection":["For\u00e7as Armadas (Oficiais)","For\u00e7as Armadas (Pra\u00e7as)","Sa\u00fade","\u00daltimas not\u00edcias"],"inLanguage":"pt-BR","potentialAction":[{"@type":"CommentAction","name":"Comment","target":["https:\/\/www.estrategiaconcursos.com.br\/blog\/semana-da-saude-conquistando-a-vaga-nas-forcas-armadas\/#respond"]}],"copyrightYear":"2022","copyrightHolder":{"@id":"https:\/\/www.estrategiaconcursos.com.br\/blog\/#organization"}},{"@type":"WebPage","@id":"https:\/\/www.estrategiaconcursos.com.br\/blog\/semana-da-saude-conquistando-a-vaga-nas-forcas-armadas\/","url":"https:\/\/www.estrategiaconcursos.com.br\/blog\/semana-da-saude-conquistando-a-vaga-nas-forcas-armadas\/","name":"Semana da Sa\u00fade: conquistando a vaga nas For\u00e7as Armadas","isPartOf":{"@id":"https:\/\/www.estrategiaconcursos.com.br\/blog\/#website"},"primaryImageOfPage":{"@id":"https:\/\/www.estrategiaconcursos.com.br\/blog\/semana-da-saude-conquistando-a-vaga-nas-forcas-armadas\/#primaryimage"},"image":{"@id":"https:\/\/www.estrategiaconcursos.com.br\/blog\/semana-da-saude-conquistando-a-vaga-nas-forcas-armadas\/#primaryimage"},"thumbnailUrl":"https:\/\/dhg1h5j42swfq.cloudfront.net\/2022\/02\/14165723\/1280-720-max-31.jpg","datePublished":"2022-02-14T20:58:00+00:00","description":"Semana da Sa\u00fade: conquistando a vaga nas For\u00e7as Armadas!","breadcrumb":{"@id":"https:\/\/www.estrategiaconcursos.com.br\/blog\/semana-da-saude-conquistando-a-vaga-nas-forcas-armadas\/#breadcrumb"},"inLanguage":"pt-BR","potentialAction":[{"@type":"ReadAction","target":["https:\/\/www.estrategiaconcursos.com.br\/blog\/semana-da-saude-conquistando-a-vaga-nas-forcas-armadas\/"]}]},{"@type":"ImageObject","inLanguage":"pt-BR","@id":"https:\/\/www.estrategiaconcursos.com.br\/blog\/semana-da-saude-conquistando-a-vaga-nas-forcas-armadas\/#primaryimage","url":"https:\/\/dhg1h5j42swfq.cloudfront.net\/2022\/02\/14165723\/1280-720-max-31.jpg","contentUrl":"https:\/\/dhg1h5j42swfq.cloudfront.net\/2022\/02\/14165723\/1280-720-max-31.jpg","width":1280,"height":720},{"@type":"BreadcrumbList","@id":"https:\/\/www.estrategiaconcursos.com.br\/blog\/semana-da-saude-conquistando-a-vaga-nas-forcas-armadas\/#breadcrumb","itemListElement":[{"@type":"ListItem","position":1,"name":"In\u00edcio","item":"https:\/\/www.estrategiaconcursos.com.br\/blog\/"},{"@type":"ListItem","position":2,"name":"Semana da Sa\u00fade: conquistando a vaga nas For\u00e7as Armadas"}]},{"@type":"WebSite","@id":"https:\/\/www.estrategiaconcursos.com.br\/blog\/#website","url":"https:\/\/www.estrategiaconcursos.com.br\/blog\/","name":"Estrat\u00e9gia Concursos","description":"O blog da Estrat\u00e9gia Concursos traz not\u00edcias sobre concursos e artigos de professores oferecendo cursos para concursos (pdf + videaulas) no site.","publisher":{"@id":"https:\/\/www.estrategiaconcursos.com.br\/blog\/#organization"},"potentialAction":[{"@type":"SearchAction","target":{"@type":"EntryPoint","urlTemplate":"https:\/\/www.estrategiaconcursos.com.br\/blog\/?s={search_term_string}"},"query-input":{"@type":"PropertyValueSpecification","valueRequired":true,"valueName":"search_term_string"}}],"inLanguage":"pt-BR"},{"@type":"Organization","@id":"https:\/\/www.estrategiaconcursos.com.br\/blog\/#organization","name":"Estrat\u00e9gia Concursos","url":"https:\/\/www.estrategiaconcursos.com.br\/blog\/","logo":{"@type":"ImageObject","inLanguage":"pt-BR","@id":"https:\/\/www.estrategiaconcursos.com.br\/blog\/#\/schema\/logo\/image\/","url":"https:\/\/dhg1h5j42swfq.cloudfront.net\/2025\/06\/03203428\/logo_concursos-1.jpg","contentUrl":"https:\/\/dhg1h5j42swfq.cloudfront.net\/2025\/06\/03203428\/logo_concursos-1.jpg","width":230,"height":60,"caption":"Estrat\u00e9gia Concursos"},"image":{"@id":"https:\/\/www.estrategiaconcursos.com.br\/blog\/#\/schema\/logo\/image\/"},"sameAs":["https:\/\/x.com\/EstratConcursos"]},{"@type":"Person","@id":"https:\/\/www.estrategiaconcursos.com.br\/blog\/#\/schema\/person\/cc9e76173880338ce9f656c88664a1f6","name":"Diogo Mendes","image":{"@type":"ImageObject","inLanguage":"pt-BR","@id":"https:\/\/secure.gravatar.com\/avatar\/9754d6777d460a45ef4067b586b94c32005cc2345a0404b8d96adc620cf63806?s=96&d=mm&r=g","url":"https:\/\/secure.gravatar.com\/avatar\/9754d6777d460a45ef4067b586b94c32005cc2345a0404b8d96adc620cf63806?s=96&d=mm&r=g","contentUrl":"https:\/\/secure.gravatar.com\/avatar\/9754d6777d460a45ef4067b586b94c32005cc2345a0404b8d96adc620cf63806?s=96&d=mm&r=g","caption":"Diogo Mendes"},"description":"Diogo Mendes \u00e9 jornalista formado pela Universidade Paulista, com experi\u00eancia em reda\u00e7\u00f5es de diversos ve\u00edculos e na produ\u00e7\u00e3o de conte\u00fados especializados em concursos p\u00fablicos. Desde 2019, atua no Estrat\u00e9gia Concursos como Jornalista e Analista de Conte\u00fado, com foco na apura\u00e7\u00e3o de informa\u00e7\u00f5es junto a \u00f3rg\u00e3os e fontes oficiais. Dedica-se especialmente \u00e0 produ\u00e7\u00e3o de not\u00edcias e reportagens sobre Concursos Legislativos, al\u00e9m de acompanhar diariamente os concursos policiais, banc\u00e1rios e da \u00e1rea da sa\u00fade.","url":"https:\/\/www.estrategiaconcursos.com.br\/blog\/author\/diogo-mendesestrategiaconcursos-com-br\/"}]}},"_links":{"self":[{"href":"https:\/\/www.estrategiaconcursos.com.br\/blog\/wp-json\/wp\/v2\/posts\/968561","targetHints":{"allow":["GET"]}}],"collection":[{"href":"https:\/\/www.estrategiaconcursos.com.br\/blog\/wp-json\/wp\/v2\/posts"}],"about":[{"href":"https:\/\/www.estrategiaconcursos.com.br\/blog\/wp-json\/wp\/v2\/types\/post"}],"author":[{"embeddable":true,"href":"https:\/\/www.estrategiaconcursos.com.br\/blog\/wp-json\/wp\/v2\/users\/1483"}],"replies":[{"embeddable":true,"href":"https:\/\/www.estrategiaconcursos.com.br\/blog\/wp-json\/wp\/v2\/comments?post=968561"}],"version-history":[{"count":8,"href":"https:\/\/www.estrategiaconcursos.com.br\/blog\/wp-json\/wp\/v2\/posts\/968561\/revisions"}],"predecessor-version":[{"id":968608,"href":"https:\/\/www.estrategiaconcursos.com.br\/blog\/wp-json\/wp\/v2\/posts\/968561\/revisions\/968608"}],"wp:featuredmedia":[{"embeddable":true,"href":"https:\/\/www.estrategiaconcursos.com.br\/blog\/wp-json\/wp\/v2\/media\/968602"}],"wp:attachment":[{"href":"https:\/\/www.estrategiaconcursos.com.br\/blog\/wp-json\/wp\/v2\/media?parent=968561"}],"wp:term":[{"taxonomy":"category","embeddable":true,"href":"https:\/\/www.estrategiaconcursos.com.br\/blog\/wp-json\/wp\/v2\/categories?post=968561"},{"taxonomy":"post_tag","embeddable":true,"href":"https:\/\/www.estrategiaconcursos.com.br\/blog\/wp-json\/wp\/v2\/tags?post=968561"},{"taxonomy":"tax_estado","embeddable":true,"href":"https:\/\/www.estrategiaconcursos.com.br\/blog\/wp-json\/wp\/v2\/tax_estado?post=968561"}],"curies":[{"name":"wp","href":"https:\/\/api.w.org\/{rel}","templated":true}]}}