{"id":968431,"date":"2022-02-14T18:00:00","date_gmt":"2022-02-14T21:00:00","guid":{"rendered":"https:\/\/www.estrategiaconcursos.com.br\/blog\/?p=968431"},"modified":"2023-07-12T10:05:45","modified_gmt":"2023-07-12T13:05:45","slug":"hora-da-verdade-petrobras","status":"publish","type":"post","link":"https:\/\/www.estrategiaconcursos.com.br\/blog\/hora-da-verdade-petrobras\/","title":{"rendered":"Hora da Verdade Petrobras: a partir do dia 14\/02"},"content":{"rendered":"\n<p>Aten\u00e7\u00e3o, estrategistas!<\/p>\n\n\n\n<p>As provas do concurso Petrobras est\u00e3o cada vez mais perto. Para garantir que voc\u00ea saiba tudo at\u00e9 o dia da prova, preparamos um evento especial.<\/p>\n\n\n\n<p>O <strong>Hora da Verdade Petrobras<\/strong> conta com 05 dias de aula das disciplinas mais cobradas do certame. O evento tem in\u00edcio <strong>HOJE (14), \u00e0s 19h<\/strong>, e ser\u00e1 transmitido no canal do Estrat\u00e9gia no Youtube.<\/p>\n\n\n\n<p>Confira nossa programa\u00e7\u00e3o abaixo:<\/p>\n\n\n\n<figure class=\"wp-block-table aligncenter is-style-stripes\"><table class=\"has-fixed-layout\"><thead><tr><th class=\"has-text-align-center\" data-align=\"center\">Data e Hora<\/th><th class=\"has-text-align-center\" data-align=\"center\">Disciplina<\/th><th class=\"has-text-align-center\" data-align=\"center\">Professor<\/th><\/tr><\/thead><tbody><tr><td class=\"has-text-align-center\" data-align=\"center\">14\/02, das 19h \u00e0s 22h30<\/td><td class=\"has-text-align-center\" data-align=\"center\">Portugu\u00eas \u2013 Todos os Cargos<\/td><td class=\"has-text-align-center\" data-align=\"center\">Felipe Luccas<\/td><\/tr><tr><td class=\"has-text-align-center\" data-align=\"center\">15\/02, das 8h30 \u00e0s 12h<\/td><td class=\"has-text-align-center\" data-align=\"center\">Sustentabilidade e Responsabilidade Socioambiental<\/td><td class=\"has-text-align-center\" data-align=\"center\">Andr\u00e9 Rocha<\/td><\/tr><tr><td class=\"has-text-align-center\" data-align=\"center\">15\/02, das 19h \u00e0s 22h30<\/td><td class=\"has-text-align-center\" data-align=\"center\">Ingl\u00eas \u2013 Todos os Cargos<\/td><td class=\"has-text-align-center\" data-align=\"center\">Roberto Witte<\/td><\/tr><tr><td class=\"has-text-align-center\" data-align=\"center\">16\/02, das 8h30 \u00e0s 12h<\/td><td class=\"has-text-align-center\" data-align=\"center\">Contabilidade Geral, Avan\u00e7ada e Custos<\/td><td class=\"has-text-align-center\" data-align=\"center\">Silvo Sande<\/td><\/tr><tr><td class=\"has-text-align-center\" data-align=\"center\">16\/02, das 19h \u00e0s 22h30<\/td><td class=\"has-text-align-center\" data-align=\"center\">Estat\u00edstica<\/td><td class=\"has-text-align-center\" data-align=\"center\">Jhoni Zini<\/td><\/tr><tr><td class=\"has-text-align-center\" data-align=\"center\">17\/02, das 8h30 \u00e0s 12h<\/td><td class=\"has-text-align-center\" data-align=\"center\">Administra\u00e7\u00e3o de Sistemas de Informa\u00e7\u00e3o<\/td><td class=\"has-text-align-center\" data-align=\"center\">Raphael Lacerda<\/td><\/tr><tr><td class=\"has-text-align-center\" data-align=\"center\">17\/02, das 19h \u00e0s 22h30<\/td><td class=\"has-text-align-center\" data-align=\"center\">Or\u00e7amento e Viabilidade de Projetos<\/td><td class=\"has-text-align-center\" data-align=\"center\">Paulo Portinho<\/td><\/tr><tr><td class=\"has-text-align-center\" data-align=\"center\">18\/02, das 8h30 \u00e0s 12h<\/td><td class=\"has-text-align-center\" data-align=\"center\">L\u00f3gica<\/td><td class=\"has-text-align-center\" data-align=\"center\">Carlos Henrique<\/td><\/tr><tr><td class=\"has-text-align-center\" data-align=\"center\">18\/02, das 19h \u00e0s 22h30<\/td><td class=\"has-text-align-center\" data-align=\"center\">Administra\u00e7\u00e3o e Administra\u00e7\u00e3o de Materiais<\/td><td class=\"has-text-align-center\" data-align=\"center\">Elisabete Moreira<\/td><\/tr><\/tbody><\/table><\/figure>\n\n\n\n<p>Te esperamos l\u00e1!<\/p>\n\n\n\n<p class=\"has-text-align-center has-cyan-bluish-gray-background-color has-background has-medium-font-size\"><strong>Mais informa\u00e7\u00f5es: <a href=\"https:\/\/www.estrategiaconcursos.com.br\/blog\/concurso-petrobras\/\" target=\"_blank\" rel=\"noreferrer noopener\">Concurso Petrobras<\/a><\/strong><\/p>\n\n\n\n<h2 class=\"wp-block-heading has-text-align-center\" id=\"estudar\">Quer estudar para o concurso Petrobras?<\/h2>\n\n\n\n<div class=\"container\" id=\"boxes\">\n  <div class=\"row\">\n\n    <div class=\"col-sm\">\n      <div class=\"banner-estrategia\" id=\"box-assinatura\">\n        <h3 class=\"titulo-assinatura\">Cursos para Petrobras<\/h3>\n        <p class=\"subtitulo-assinatura\">Conhe\u00e7a os cursos<\/p>\n        <div class=\"box-botao\">\n          <a class=\"btn-assinatura\" target=\"_blank\" href=\"https:\/\/www.estrategiaconcursos.com.br\/cursosPorConcurso\/petrobras-58\/\" rel=\"noopener\">Conhe\u00e7a mais<\/a>\n        <\/div>\n      <\/div>\n     \n    <\/div>\n\n  <\/div>\n<\/div>\n\n\n\n<div class=\"container\" id=\"boxes\">\n  <div class=\"row\">\n\n    <div class=\"col-sm\">\n      <div class=\"estrategia\" id=\"box-assinatura\">\n        <h3 class=\"titulo-assinatura\">Assinatura Concursos<\/h3>\n        <p class=\"subtitulo-assinatura\">Assinatura de 1 ano ou 2 anos<\/p>\n        <div class=\"box-botao\">\n          <a class=\"btn-assinatura\" target=\"_blank\" href=\"https:\/\/www.estrategiaconcursos.com.br\/assinaturas\/\" role=\"button\" rel=\"noopener noreferrer\">ASSINE AGORA<\/a>\n        <\/div>\n      <\/div><\/div><\/div><\/div>\n\n\n\n<h2 class=\"wp-block-heading has-text-align-center\" id=\"h-quer-saber-tudo-sobre-concursos-previstos-confira-nossos-artigos\">Quer saber tudo sobre concursos previstos?<br \/>Confira nossos artigos!<\/h2>\n\n\n\n<ul class=\"wp-block-list\">\n<li><a href=\"https:\/\/www.estrategiaconcursos.com.br\/blog\/concursos-abertos\/\" target=\"_blank\" rel=\"noreferrer noopener\">Concursos abertos<\/a><\/li>\n\n\n\n<li><a href=\"https:\/\/www.estrategiaconcursos.com.br\/blog\/concursos-2022\/\" target=\"_blank\" rel=\"noreferrer noopener\">Concursos 2022<\/a><\/li>\n<\/ul>\n","protected":false},"excerpt":{"rendered":"<p>Aten\u00e7\u00e3o, estrategistas! As provas do concurso Petrobras est\u00e3o cada vez mais perto. Para garantir que voc\u00ea saiba tudo at\u00e9 o dia da prova, preparamos um evento especial. O Hora da Verdade Petrobras conta com 05 dias de aula das disciplinas mais cobradas do certame. O evento tem in\u00edcio HOJE (14), \u00e0s 19h, e ser\u00e1 transmitido [&hellip;]<\/p>\n","protected":false},"author":1966,"featured_media":964908,"comment_status":"open","ping_status":"closed","sticky":false,"template":"","format":"standard","meta":{"post_tipo":"news","footnotes":""},"categories":[214992,220219],"tags":[],"tax_estado":[219963],"class_list":["post-968431","post","type-post","status-publish","format-standard","has-post-thumbnail","hentry","category-concursos-administrativos","category-noticias","tax_estado-concursos-federais"],"acf":[],"yoast_head":"<!-- This site is optimized with the Yoast SEO Premium plugin v27.2 (Yoast SEO v27.2) - https:\/\/yoast.com\/product\/yoast-seo-premium-wordpress\/ -->\n<title>Hora da Verdade Petrobras: a partir do dia 14\/02<\/title>\n<meta name=\"description\" content=\"Entre os dias 14 e 18\/02, professores do Estrat\u00e9gia ministram o Hora da Verdade Petrobras. Confira a programa\u00e7\u00e3o!\" \/>\n<meta name=\"robots\" content=\"index, follow, max-snippet:-1, max-image-preview:large, max-video-preview:-1\" \/>\n<link rel=\"canonical\" href=\"https:\/\/www.estrategiaconcursos.com.br\/blog\/hora-da-verdade-petrobras\/\" \/>\n<meta property=\"og:locale\" content=\"pt_BR\" \/>\n<meta property=\"og:type\" content=\"article\" \/>\n<meta property=\"og:title\" content=\"Hora da Verdade Petrobras: a partir do dia 14\/02\" \/>\n<meta property=\"og:description\" content=\"Entre os dias 14 e 18\/02, professores do Estrat\u00e9gia ministram o Hora da Verdade Petrobras. Confira a programa\u00e7\u00e3o!\" \/>\n<meta property=\"og:url\" content=\"https:\/\/www.estrategiaconcursos.com.br\/blog\/hora-da-verdade-petrobras\/\" \/>\n<meta property=\"og:site_name\" content=\"Estrat\u00e9gia Concursos\" \/>\n<meta property=\"article:published_time\" content=\"2022-02-14T21:00:00+00:00\" \/>\n<meta property=\"article:modified_time\" content=\"2023-07-12T13:05:45+00:00\" \/>\n<meta property=\"og:image\" content=\"https:\/\/dhg1h5j42swfq.cloudfront.net\/2022\/02\/08191751\/petrobras.jpg\" \/>\n\t<meta property=\"og:image:width\" content=\"300\" \/>\n\t<meta property=\"og:image:height\" content=\"168\" \/>\n\t<meta property=\"og:image:type\" content=\"image\/jpeg\" \/>\n<meta name=\"author\" content=\"Felipe Luccas\" \/>\n<meta name=\"twitter:card\" content=\"summary_large_image\" \/>\n<meta name=\"twitter:creator\" content=\"@EstratConcursos\" \/>\n<meta name=\"twitter:site\" content=\"@EstratConcursos\" \/>\n<meta name=\"twitter:label1\" content=\"Escrito por\" \/>\n\t<meta name=\"twitter:data1\" content=\"Felipe Luccas\" \/>\n\t<meta name=\"twitter:label2\" content=\"Est. tempo de leitura\" \/>\n\t<meta name=\"twitter:data2\" content=\"2 minutos\" \/>\n<script type=\"application\/ld+json\" class=\"yoast-schema-graph\">{\"@context\":\"https:\/\/schema.org\",\"@graph\":[{\"@type\":\"NewsArticle\",\"@id\":\"https:\/\/www.estrategiaconcursos.com.br\/blog\/hora-da-verdade-petrobras\/#article\",\"isPartOf\":{\"@id\":\"https:\/\/www.estrategiaconcursos.com.br\/blog\/hora-da-verdade-petrobras\/\"},\"author\":{\"name\":\"Felipe Luccas\",\"@id\":\"https:\/\/www.estrategiaconcursos.com.br\/blog\/#\/schema\/person\/0626e56bc8ff71b325d02895304617dd\"},\"headline\":\"Hora da Verdade Petrobras: a partir do dia 14\/02\",\"datePublished\":\"2022-02-14T21:00:00+00:00\",\"dateModified\":\"2023-07-12T13:05:45+00:00\",\"mainEntityOfPage\":{\"@id\":\"https:\/\/www.estrategiaconcursos.com.br\/blog\/hora-da-verdade-petrobras\/\"},\"wordCount\":224,\"commentCount\":0,\"publisher\":{\"@id\":\"https:\/\/www.estrategiaconcursos.com.br\/blog\/#organization\"},\"image\":{\"@id\":\"https:\/\/www.estrategiaconcursos.com.br\/blog\/hora-da-verdade-petrobras\/#primaryimage\"},\"thumbnailUrl\":\"https:\/\/dhg1h5j42swfq.cloudfront.net\/2022\/02\/08191751\/petrobras.jpg\",\"articleSection\":[\"Executivo (Administrativa)\",\"\u00daltimas not\u00edcias\"],\"inLanguage\":\"pt-BR\",\"potentialAction\":[{\"@type\":\"CommentAction\",\"name\":\"Comment\",\"target\":[\"https:\/\/www.estrategiaconcursos.com.br\/blog\/hora-da-verdade-petrobras\/#respond\"]}],\"copyrightYear\":\"2022\",\"copyrightHolder\":{\"@id\":\"https:\/\/www.estrategiaconcursos.com.br\/blog\/#organization\"}},{\"@type\":\"WebPage\",\"@id\":\"https:\/\/www.estrategiaconcursos.com.br\/blog\/hora-da-verdade-petrobras\/\",\"url\":\"https:\/\/www.estrategiaconcursos.com.br\/blog\/hora-da-verdade-petrobras\/\",\"name\":\"Hora da Verdade Petrobras: a partir do dia 14\/02\",\"isPartOf\":{\"@id\":\"https:\/\/www.estrategiaconcursos.com.br\/blog\/#website\"},\"primaryImageOfPage\":{\"@id\":\"https:\/\/www.estrategiaconcursos.com.br\/blog\/hora-da-verdade-petrobras\/#primaryimage\"},\"image\":{\"@id\":\"https:\/\/www.estrategiaconcursos.com.br\/blog\/hora-da-verdade-petrobras\/#primaryimage\"},\"thumbnailUrl\":\"https:\/\/dhg1h5j42swfq.cloudfront.net\/2022\/02\/08191751\/petrobras.jpg\",\"datePublished\":\"2022-02-14T21:00:00+00:00\",\"dateModified\":\"2023-07-12T13:05:45+00:00\",\"description\":\"Entre os dias 14 e 18\/02, professores do Estrat\u00e9gia ministram o Hora da Verdade Petrobras. Confira a programa\u00e7\u00e3o!\",\"breadcrumb\":{\"@id\":\"https:\/\/www.estrategiaconcursos.com.br\/blog\/hora-da-verdade-petrobras\/#breadcrumb\"},\"inLanguage\":\"pt-BR\",\"potentialAction\":[{\"@type\":\"ReadAction\",\"target\":[\"https:\/\/www.estrategiaconcursos.com.br\/blog\/hora-da-verdade-petrobras\/\"]}]},{\"@type\":\"ImageObject\",\"inLanguage\":\"pt-BR\",\"@id\":\"https:\/\/www.estrategiaconcursos.com.br\/blog\/hora-da-verdade-petrobras\/#primaryimage\",\"url\":\"https:\/\/dhg1h5j42swfq.cloudfront.net\/2022\/02\/08191751\/petrobras.jpg\",\"contentUrl\":\"https:\/\/dhg1h5j42swfq.cloudfront.net\/2022\/02\/08191751\/petrobras.jpg\",\"width\":300,\"height\":168,\"caption\":\"Petrobras provas n\u00edvel m\u00e9dio\"},{\"@type\":\"BreadcrumbList\",\"@id\":\"https:\/\/www.estrategiaconcursos.com.br\/blog\/hora-da-verdade-petrobras\/#breadcrumb\",\"itemListElement\":[{\"@type\":\"ListItem\",\"position\":1,\"name\":\"In\u00edcio\",\"item\":\"https:\/\/www.estrategiaconcursos.com.br\/blog\/\"},{\"@type\":\"ListItem\",\"position\":2,\"name\":\"Hora da Verdade Petrobras: a partir do dia 14\/02\"}]},{\"@type\":\"WebSite\",\"@id\":\"https:\/\/www.estrategiaconcursos.com.br\/blog\/#website\",\"url\":\"https:\/\/www.estrategiaconcursos.com.br\/blog\/\",\"name\":\"Estrat\u00e9gia Concursos\",\"description\":\"O blog da Estrat\u00e9gia Concursos traz not\u00edcias sobre concursos e artigos de professores oferecendo cursos para concursos (pdf + videaulas) no site.\",\"publisher\":{\"@id\":\"https:\/\/www.estrategiaconcursos.com.br\/blog\/#organization\"},\"potentialAction\":[{\"@type\":\"SearchAction\",\"target\":{\"@type\":\"EntryPoint\",\"urlTemplate\":\"https:\/\/www.estrategiaconcursos.com.br\/blog\/?s={search_term_string}\"},\"query-input\":{\"@type\":\"PropertyValueSpecification\",\"valueRequired\":true,\"valueName\":\"search_term_string\"}}],\"inLanguage\":\"pt-BR\"},{\"@type\":\"Organization\",\"@id\":\"https:\/\/www.estrategiaconcursos.com.br\/blog\/#organization\",\"name\":\"Estrat\u00e9gia Concursos\",\"url\":\"https:\/\/www.estrategiaconcursos.com.br\/blog\/\",\"logo\":{\"@type\":\"ImageObject\",\"inLanguage\":\"pt-BR\",\"@id\":\"https:\/\/www.estrategiaconcursos.com.br\/blog\/#\/schema\/logo\/image\/\",\"url\":\"https:\/\/dhg1h5j42swfq.cloudfront.net\/2025\/06\/03203428\/logo_concursos-1.jpg\",\"contentUrl\":\"https:\/\/dhg1h5j42swfq.cloudfront.net\/2025\/06\/03203428\/logo_concursos-1.jpg\",\"width\":230,\"height\":60,\"caption\":\"Estrat\u00e9gia Concursos\"},\"image\":{\"@id\":\"https:\/\/www.estrategiaconcursos.com.br\/blog\/#\/schema\/logo\/image\/\"},\"sameAs\":[\"https:\/\/x.com\/EstratConcursos\"]},{\"@type\":\"Person\",\"@id\":\"https:\/\/www.estrategiaconcursos.com.br\/blog\/#\/schema\/person\/0626e56bc8ff71b325d02895304617dd\",\"name\":\"Felipe Luccas\",\"image\":{\"@type\":\"ImageObject\",\"inLanguage\":\"pt-BR\",\"@id\":\"https:\/\/secure.gravatar.com\/avatar\/3eb2573237d263a175943a651fb6f2859860f237e372b6ba5d765ebf49690e1b?s=96&d=mm&r=g\",\"url\":\"https:\/\/secure.gravatar.com\/avatar\/3eb2573237d263a175943a651fb6f2859860f237e372b6ba5d765ebf49690e1b?s=96&d=mm&r=g\",\"contentUrl\":\"https:\/\/secure.gravatar.com\/avatar\/3eb2573237d263a175943a651fb6f2859860f237e372b6ba5d765ebf49690e1b?s=96&d=mm&r=g\",\"caption\":\"Felipe Luccas\"},\"url\":\"https:\/\/www.estrategiaconcursos.com.br\/blog\/author\/feluccasgmail-com\/\"}]}<\/script>\n<!-- \/ Yoast SEO Premium plugin. -->","yoast_head_json":{"title":"Hora da Verdade Petrobras: a partir do dia 14\/02","description":"Entre os dias 14 e 18\/02, professores do Estrat\u00e9gia ministram o Hora da Verdade Petrobras. Confira a programa\u00e7\u00e3o!","robots":{"index":"index","follow":"follow","max-snippet":"max-snippet:-1","max-image-preview":"max-image-preview:large","max-video-preview":"max-video-preview:-1"},"canonical":"https:\/\/www.estrategiaconcursos.com.br\/blog\/hora-da-verdade-petrobras\/","og_locale":"pt_BR","og_type":"article","og_title":"Hora da Verdade Petrobras: a partir do dia 14\/02","og_description":"Entre os dias 14 e 18\/02, professores do Estrat\u00e9gia ministram o Hora da Verdade Petrobras. Confira a programa\u00e7\u00e3o!","og_url":"https:\/\/www.estrategiaconcursos.com.br\/blog\/hora-da-verdade-petrobras\/","og_site_name":"Estrat\u00e9gia Concursos","article_published_time":"2022-02-14T21:00:00+00:00","article_modified_time":"2023-07-12T13:05:45+00:00","og_image":[{"width":300,"height":168,"url":"https:\/\/dhg1h5j42swfq.cloudfront.net\/2022\/02\/08191751\/petrobras.jpg","type":"image\/jpeg"}],"author":"Felipe Luccas","twitter_card":"summary_large_image","twitter_creator":"@EstratConcursos","twitter_site":"@EstratConcursos","twitter_misc":{"Escrito por":"Felipe Luccas","Est. tempo de leitura":"2 minutos"},"schema":{"@context":"https:\/\/schema.org","@graph":[{"@type":"NewsArticle","@id":"https:\/\/www.estrategiaconcursos.com.br\/blog\/hora-da-verdade-petrobras\/#article","isPartOf":{"@id":"https:\/\/www.estrategiaconcursos.com.br\/blog\/hora-da-verdade-petrobras\/"},"author":{"name":"Felipe Luccas","@id":"https:\/\/www.estrategiaconcursos.com.br\/blog\/#\/schema\/person\/0626e56bc8ff71b325d02895304617dd"},"headline":"Hora da Verdade Petrobras: a partir do dia 14\/02","datePublished":"2022-02-14T21:00:00+00:00","dateModified":"2023-07-12T13:05:45+00:00","mainEntityOfPage":{"@id":"https:\/\/www.estrategiaconcursos.com.br\/blog\/hora-da-verdade-petrobras\/"},"wordCount":224,"commentCount":0,"publisher":{"@id":"https:\/\/www.estrategiaconcursos.com.br\/blog\/#organization"},"image":{"@id":"https:\/\/www.estrategiaconcursos.com.br\/blog\/hora-da-verdade-petrobras\/#primaryimage"},"thumbnailUrl":"https:\/\/dhg1h5j42swfq.cloudfront.net\/2022\/02\/08191751\/petrobras.jpg","articleSection":["Executivo (Administrativa)","\u00daltimas not\u00edcias"],"inLanguage":"pt-BR","potentialAction":[{"@type":"CommentAction","name":"Comment","target":["https:\/\/www.estrategiaconcursos.com.br\/blog\/hora-da-verdade-petrobras\/#respond"]}],"copyrightYear":"2022","copyrightHolder":{"@id":"https:\/\/www.estrategiaconcursos.com.br\/blog\/#organization"}},{"@type":"WebPage","@id":"https:\/\/www.estrategiaconcursos.com.br\/blog\/hora-da-verdade-petrobras\/","url":"https:\/\/www.estrategiaconcursos.com.br\/blog\/hora-da-verdade-petrobras\/","name":"Hora da Verdade Petrobras: a partir do dia 14\/02","isPartOf":{"@id":"https:\/\/www.estrategiaconcursos.com.br\/blog\/#website"},"primaryImageOfPage":{"@id":"https:\/\/www.estrategiaconcursos.com.br\/blog\/hora-da-verdade-petrobras\/#primaryimage"},"image":{"@id":"https:\/\/www.estrategiaconcursos.com.br\/blog\/hora-da-verdade-petrobras\/#primaryimage"},"thumbnailUrl":"https:\/\/dhg1h5j42swfq.cloudfront.net\/2022\/02\/08191751\/petrobras.jpg","datePublished":"2022-02-14T21:00:00+00:00","dateModified":"2023-07-12T13:05:45+00:00","description":"Entre os dias 14 e 18\/02, professores do Estrat\u00e9gia ministram o Hora da Verdade Petrobras. Confira a programa\u00e7\u00e3o!","breadcrumb":{"@id":"https:\/\/www.estrategiaconcursos.com.br\/blog\/hora-da-verdade-petrobras\/#breadcrumb"},"inLanguage":"pt-BR","potentialAction":[{"@type":"ReadAction","target":["https:\/\/www.estrategiaconcursos.com.br\/blog\/hora-da-verdade-petrobras\/"]}]},{"@type":"ImageObject","inLanguage":"pt-BR","@id":"https:\/\/www.estrategiaconcursos.com.br\/blog\/hora-da-verdade-petrobras\/#primaryimage","url":"https:\/\/dhg1h5j42swfq.cloudfront.net\/2022\/02\/08191751\/petrobras.jpg","contentUrl":"https:\/\/dhg1h5j42swfq.cloudfront.net\/2022\/02\/08191751\/petrobras.jpg","width":300,"height":168,"caption":"Petrobras provas n\u00edvel m\u00e9dio"},{"@type":"BreadcrumbList","@id":"https:\/\/www.estrategiaconcursos.com.br\/blog\/hora-da-verdade-petrobras\/#breadcrumb","itemListElement":[{"@type":"ListItem","position":1,"name":"In\u00edcio","item":"https:\/\/www.estrategiaconcursos.com.br\/blog\/"},{"@type":"ListItem","position":2,"name":"Hora da Verdade Petrobras: a partir do dia 14\/02"}]},{"@type":"WebSite","@id":"https:\/\/www.estrategiaconcursos.com.br\/blog\/#website","url":"https:\/\/www.estrategiaconcursos.com.br\/blog\/","name":"Estrat\u00e9gia Concursos","description":"O blog da Estrat\u00e9gia Concursos traz not\u00edcias sobre concursos e artigos de professores oferecendo cursos para concursos (pdf + videaulas) no site.","publisher":{"@id":"https:\/\/www.estrategiaconcursos.com.br\/blog\/#organization"},"potentialAction":[{"@type":"SearchAction","target":{"@type":"EntryPoint","urlTemplate":"https:\/\/www.estrategiaconcursos.com.br\/blog\/?s={search_term_string}"},"query-input":{"@type":"PropertyValueSpecification","valueRequired":true,"valueName":"search_term_string"}}],"inLanguage":"pt-BR"},{"@type":"Organization","@id":"https:\/\/www.estrategiaconcursos.com.br\/blog\/#organization","name":"Estrat\u00e9gia Concursos","url":"https:\/\/www.estrategiaconcursos.com.br\/blog\/","logo":{"@type":"ImageObject","inLanguage":"pt-BR","@id":"https:\/\/www.estrategiaconcursos.com.br\/blog\/#\/schema\/logo\/image\/","url":"https:\/\/dhg1h5j42swfq.cloudfront.net\/2025\/06\/03203428\/logo_concursos-1.jpg","contentUrl":"https:\/\/dhg1h5j42swfq.cloudfront.net\/2025\/06\/03203428\/logo_concursos-1.jpg","width":230,"height":60,"caption":"Estrat\u00e9gia Concursos"},"image":{"@id":"https:\/\/www.estrategiaconcursos.com.br\/blog\/#\/schema\/logo\/image\/"},"sameAs":["https:\/\/x.com\/EstratConcursos"]},{"@type":"Person","@id":"https:\/\/www.estrategiaconcursos.com.br\/blog\/#\/schema\/person\/0626e56bc8ff71b325d02895304617dd","name":"Felipe Luccas","image":{"@type":"ImageObject","inLanguage":"pt-BR","@id":"https:\/\/secure.gravatar.com\/avatar\/3eb2573237d263a175943a651fb6f2859860f237e372b6ba5d765ebf49690e1b?s=96&d=mm&r=g","url":"https:\/\/secure.gravatar.com\/avatar\/3eb2573237d263a175943a651fb6f2859860f237e372b6ba5d765ebf49690e1b?s=96&d=mm&r=g","contentUrl":"https:\/\/secure.gravatar.com\/avatar\/3eb2573237d263a175943a651fb6f2859860f237e372b6ba5d765ebf49690e1b?s=96&d=mm&r=g","caption":"Felipe Luccas"},"url":"https:\/\/www.estrategiaconcursos.com.br\/blog\/author\/feluccasgmail-com\/"}]}},"_links":{"self":[{"href":"https:\/\/www.estrategiaconcursos.com.br\/blog\/wp-json\/wp\/v2\/posts\/968431","targetHints":{"allow":["GET"]}}],"collection":[{"href":"https:\/\/www.estrategiaconcursos.com.br\/blog\/wp-json\/wp\/v2\/posts"}],"about":[{"href":"https:\/\/www.estrategiaconcursos.com.br\/blog\/wp-json\/wp\/v2\/types\/post"}],"author":[{"embeddable":true,"href":"https:\/\/www.estrategiaconcursos.com.br\/blog\/wp-json\/wp\/v2\/users\/1966"}],"replies":[{"embeddable":true,"href":"https:\/\/www.estrategiaconcursos.com.br\/blog\/wp-json\/wp\/v2\/comments?post=968431"}],"version-history":[{"count":6,"href":"https:\/\/www.estrategiaconcursos.com.br\/blog\/wp-json\/wp\/v2\/posts\/968431\/revisions"}],"predecessor-version":[{"id":1247189,"href":"https:\/\/www.estrategiaconcursos.com.br\/blog\/wp-json\/wp\/v2\/posts\/968431\/revisions\/1247189"}],"wp:featuredmedia":[{"embeddable":true,"href":"https:\/\/www.estrategiaconcursos.com.br\/blog\/wp-json\/wp\/v2\/media\/964908"}],"wp:attachment":[{"href":"https:\/\/www.estrategiaconcursos.com.br\/blog\/wp-json\/wp\/v2\/media?parent=968431"}],"wp:term":[{"taxonomy":"category","embeddable":true,"href":"https:\/\/www.estrategiaconcursos.com.br\/blog\/wp-json\/wp\/v2\/categories?post=968431"},{"taxonomy":"post_tag","embeddable":true,"href":"https:\/\/www.estrategiaconcursos.com.br\/blog\/wp-json\/wp\/v2\/tags?post=968431"},{"taxonomy":"tax_estado","embeddable":true,"href":"https:\/\/www.estrategiaconcursos.com.br\/blog\/wp-json\/wp\/v2\/tax_estado?post=968431"}],"curies":[{"name":"wp","href":"https:\/\/api.w.org\/{rel}","templated":true}]}}