{"id":968274,"date":"2022-02-14T14:54:00","date_gmt":"2022-02-14T17:54:00","guid":{"rendered":"https:\/\/www.estrategiaconcursos.com.br\/blog\/?p=968274"},"modified":"2022-02-14T23:46:53","modified_gmt":"2022-02-15T02:46:53","slug":"concurso-seeduc-rj-temporarios","status":"publish","type":"post","link":"https:\/\/www.estrategiaconcursos.com.br\/blog\/concurso-seeduc-rj-temporarios\/","title":{"rendered":"Concurso SEEDUC RJ: edital para tempor\u00e1rios \u00e9 divulgado"},"content":{"rendered":"\n<p>O edital da <a href=\"https:\/\/www.estrategiaconcursos.com.br\/pesquisa\/?q=SEEDUC+RJ\" target=\"_blank\" rel=\"noreferrer noopener\">Secretaria de Educa\u00e7\u00e3o<\/a>, no Estado do Rio de Janeiro (<strong>concurso SEEDUC<\/strong> <strong>RJ<\/strong>), foi divulgado. S\u00e3o ofertadas 1.510 vagas para as fun\u00e7\u00f5es de professor docente I e professor docente II.<\/p>\n\n\n\n<p>As inscri\u00e7\u00f5es estar\u00e3o abertas a partir de 15 de fevereiro e devem ser realizadas exclusivamente pelo <a href=\"https:\/\/abre.ai\/candidatodocenteficha\" target=\"_blank\" rel=\"noreferrer noopener\">site<\/a> da Secretaria. N\u00e3o ser\u00e1 cobrada taxa.<\/p>\n\n\n\n<p>O interessado dever\u00e1 preencher o cadastro indicando o tipo de vaga, munic\u00edpio, regional e disciplinas que deseja concorrer. <\/p>\n\n\n\n<p>As convoca\u00e7\u00f5es poder\u00e3o ser feitas no decorrer de todo o ano letivo de 2022, a depender da necessidade da Secretaria e da disponibilidade or\u00e7ament\u00e1ria.<\/p>\n\n\n\n<p>Veja mais detalhe navegando pelo \u00edndice abaixo:<\/p>\n\n\n\n<ul class=\"wp-block-list\"><li><a href=\"#etapas\">Etapas<\/a><\/li><li><a href=\"#vagas\">Vagas<\/a><\/li><li><a href=\"#salario\">Sal\u00e1rios<\/a><\/li><li><a href=\"#requisitos\">Requisitos<\/a><\/li><\/ul>\n\n\n\n<h2 class=\"wp-block-heading\" id=\"etapas\">Etapas para o Concurso SEEDUC RJ<\/h2>\n\n\n\n<p>O processo seletivo ser\u00e1 composto por etapa \u00fanica, de car\u00e1ter eliminat\u00f3rio e classificat\u00f3rio. A etapa ter\u00e1 avalia\u00e7\u00e3o de t\u00edtulos e experi\u00eancia do candidato como professor.<\/p>\n\n\n\n<p>Todos os candidatos ser\u00e3o avaliados por meio de pontua\u00e7\u00f5es por cursos de especializa\u00e7\u00e3o, al\u00e9m de tempo de servi\u00e7o como professor. A maior idade ser\u00e1 o crit\u00e9rio de desempate.<\/p>\n\n\n\n<p>A partir de 16 de fevereiro, o resultado da an\u00e1lise de t\u00edtulos estar\u00e1 disponibilizado na <a href=\"https:\/\/abre.ai\/contratoclassificacao\" target=\"_blank\" rel=\"noreferrer noopener\">p\u00e1gina eletr\u00f4nica<\/a> da Secretaria. <\/p>\n\n\n\n<p>Convoca\u00e7\u00f5es dos candidatos para an\u00e1lise documental e assinatura dos termos contratuais nas Diretorias Regionais ser\u00e1 a partir do dia 18 de fevereiro.<\/p>\n\n\n\n<h2 class=\"wp-block-heading\" id=\"vagas\">Concurso SEEDUC RJ: vagas<\/h2>\n\n\n\n<p>As oportunidades est\u00e3o distribu\u00eddas da seguinte forma:<\/p>\n\n\n\n<figure class=\"wp-block-table is-style-stripes\"><table class=\"has-light-green-cyan-to-vivid-green-cyan-gradient-background has-background has-fixed-layout\"><tbody><tr><td class=\"has-text-align-center\" data-align=\"center\">CARGO<\/td><td class=\"has-text-align-center\" data-align=\"center\">VAGAS<\/td><td class=\"has-text-align-center\" data-align=\"center\">CARGA HOR\u00c1RIA<\/td><\/tr><tr><td class=\"has-text-align-center\" data-align=\"center\">Docente I<\/td><td class=\"has-text-align-center\" data-align=\"center\">1.200<\/td><td class=\"has-text-align-center\" data-align=\"center\">16H<\/td><\/tr><tr><td class=\"has-text-align-center\" data-align=\"center\">Docente I<\/td><td class=\"has-text-align-center\" data-align=\"center\">280<\/td><td class=\"has-text-align-center\" data-align=\"center\">30H<\/td><\/tr><tr><td class=\"has-text-align-center\" data-align=\"center\">Docente II<br \/>(Para suprir as car\u00eancias na Diretoria Regional Pedag\u00f3gica de Unidades Prisionais e Socioeducativas)<\/td><td class=\"has-text-align-center\" data-align=\"center\">15<\/td><td class=\"has-text-align-center\" data-align=\"center\">22H<\/td><\/tr><tr><td class=\"has-text-align-center\" data-align=\"center\">Docente II <br \/>(Para suprir as car\u00eancias das unidades escolares ind\u00edgenas)<\/td><td class=\"has-text-align-center\" data-align=\"center\">15<\/td><td class=\"has-text-align-center\" data-align=\"center\">22H<\/td><\/tr><\/tbody><\/table><\/figure>\n\n\n\n<h2 class=\"wp-block-heading\" id=\"salario\">Concurso SEEDUC RJ: sal\u00e1rios<\/h2>\n\n\n\n<p>A remunera\u00e7\u00e3o dos professores contratados temporariamente obedecer\u00e1 aos padr\u00f5es remunerat\u00f3rios do plano de carreira da Secretaria de Estado de Educa\u00e7\u00e3o do Estado do Rio de Janeiro.<\/p>\n\n\n\n<figure class=\"wp-block-table is-style-stripes\"><table class=\"has-light-green-cyan-to-vivid-green-cyan-gradient-background has-background has-fixed-layout\"><tbody><tr><td class=\"has-text-align-center\" data-align=\"center\">CARGO<\/td><td class=\"has-text-align-center\" data-align=\"center\">SAL\u00c1RIO<\/td><td class=\"has-text-align-center\" data-align=\"center\">CARGA HOR\u00c1RIA<\/td><\/tr><tr><td class=\"has-text-align-center\" data-align=\"center\">Docente I<\/td><td class=\"has-text-align-center\" data-align=\"center\">R$ 1.333,26<\/td><td class=\"has-text-align-center\" data-align=\"center\">16H<\/td><\/tr><tr><td class=\"has-text-align-center\" data-align=\"center\">Docente I<\/td><td class=\"has-text-align-center\" data-align=\"center\">R$ 2.499,82<\/td><td class=\"has-text-align-center\" data-align=\"center\">30H<\/td><\/tr><tr><td class=\"has-text-align-center\" data-align=\"center\">Docente II<br \/>(Para suprir as car\u00eancias na Diretoria Regional Pedag\u00f3gica de Unidades Prisionais e Socioeducativas)<\/td><td class=\"has-text-align-center\" data-align=\"center\">R$ 1.062,85<\/td><td class=\"has-text-align-center\" data-align=\"center\">22H<\/td><\/tr><tr><td class=\"has-text-align-center\" data-align=\"center\">Docente II <br \/>(Para suprir as car\u00eancias das unidades escolares ind\u00edgenas)<\/td><td class=\"has-text-align-center\" data-align=\"center\">R$ 1.062,85<\/td><td class=\"has-text-align-center\" data-align=\"center\">22H<\/td><\/tr><\/tbody><\/table><\/figure>\n\n\n\n<h2 class=\"wp-block-heading\" id=\"requisitos\">Requisitos<\/h2>\n\n\n\n<p>Para se candidatar ao cargo de professor dos anos iniciais do Ensino Fundamental ser\u00e1 preciso atender aos seguintes requisitos:<\/p>\n\n\n\n<div class=\"wp-block-image\"><figure class=\"aligncenter size-full\"><img loading=\"lazy\" decoding=\"async\" width=\"383\" height=\"420\" src=\"https:\/\/dhg1h5j42swfq.cloudfront.net\/2022\/02\/14131338\/requistios.jpg\" alt=\"\" class=\"wp-image-968305\" srcset=\"https:\/\/dhg1h5j42swfq.cloudfront.net\/2022\/02\/14131338\/requistios.jpg 383w, https:\/\/dhg1h5j42swfq.cloudfront.net\/2022\/02\/14131338\/requistios-274x300.jpg 274w\" sizes=\"auto, (max-width: 383px) 100vw, 383px\" \/><\/figure><\/div>\n\n\n\n<h2 class=\"has-text-align-center wp-block-heading\" id=\"block-94d37916-effb-4728-9283-61d5cace7f5d\">Quer saber tudo sobre concursos previstos?<br \/>Confira nossos artigos!<\/h2>\n\n\n\n<ul class=\"wp-block-list\" id=\"block-182414f2-7172-417b-a8d6-7f95a1e53b3d\"><li><a href=\"https:\/\/www.estrategiaconcursos.com.br\/blog\/concursos-abertos\/\" target=\"_blank\" rel=\"noreferrer noopener\">Concursos abertos<\/a><\/li><li><a href=\"https:\/\/www.estrategiaconcursos.com.br\/blog\/concursos-2022\/\" target=\"_blank\" rel=\"noreferrer noopener\">Concursos 2022<\/a><\/li><\/ul>\n\n\n\n<div class=\"container\" id=\"boxes\">\n  <div class=\"row\">\n\n    <div class=\"col-sm\">\n      <div class=\"estrategia\" id=\"box-assinatura\">\n        <h3 class=\"titulo-assinatura\">Assinatura Concursos<\/h3>\n        <p class=\"subtitulo-assinatura\">Assinatura de 1 ano ou 2 anos<\/p>\n        <div class=\"box-botao\">\n          <a class=\"btn-assinatura\" target=\"_blank\" href=\"https:\/\/www.estrategiaconcursos.com.br\/assinaturas\/\" role=\"button\" rel=\"noopener noreferrer\">ASSINE AGORA<\/a>\n        <\/div>\n      <\/div><\/div><\/div><\/div>\n\n\n\n<figure class=\"wp-block-image size-large is-resized\"><img loading=\"lazy\" decoding=\"async\" src=\"https:\/\/dhg1h5j42swfq.cloudfront.net\/2025\/06\/27101122\/ficha-tecnica-1-1024x632.png\" alt=\"Ficha do edital PGE AM\" class=\"wp-image-702728\" width=\"269\" height=\"166\" srcset=\"https:\/\/dhg1h5j42swfq.cloudfront.net\/2025\/06\/27101122\/ficha-tecnica-1-1024x632.png 1024w, https:\/\/dhg1h5j42swfq.cloudfront.net\/2025\/06\/27101122\/ficha-tecnica-1-300x185.png 300w, https:\/\/dhg1h5j42swfq.cloudfront.net\/2025\/06\/27101122\/ficha-tecnica-1-768x474.png 768w, https:\/\/dhg1h5j42swfq.cloudfront.net\/2025\/06\/27101122\/ficha-tecnica-1-1536x948.png 1536w, https:\/\/dhg1h5j42swfq.cloudfront.net\/2025\/06\/27101122\/ficha-tecnica-1-610x377.png 610w, https:\/\/dhg1h5j42swfq.cloudfront.net\/2025\/06\/27101122\/ficha-tecnica-1.png 1571w\" sizes=\"auto, (max-width: 269px) 100vw, 269px\" \/><\/figure>\n\n\n\n<h3 class=\"wp-block-heading\" id=\"ficha\">Informa\u00e7\u00f5es do edital de tempor\u00e1rio<\/h3>\n\n\n\n<ul class=\"wp-block-list\"><li><strong>Inscri\u00e7\u00f5es<\/strong>: A partir de 15 de fevereiro<\/li><li><strong>Resultado da an\u00e1lise de t\u00edtulos<\/strong>: 16 de fevereiro<\/li><li><strong>Vagas<\/strong>: 1.510<\/li><li><strong>Cargos<\/strong>: Professor Docente I e II <\/li><li><strong>Escolaridade<\/strong>: N\u00edvel Superior<\/li><li><strong>Edital<\/strong>:\u00a0<a href=\"https:\/\/dhg1h5j42swfq.cloudfront.net\/2022\/02\/14141019\/edital-seeduc-rj-2022-temporarios.pdf\" target=\"_blank\" rel=\"noreferrer noopener nofollow\">Processo Seletivo Seeduc RJ<\/a><\/li><\/ul>\n","protected":false},"excerpt":{"rendered":"<p>O edital da Secretaria de Educa\u00e7\u00e3o, no Estado do Rio de Janeiro (concurso SEEDUC RJ), foi divulgado. S\u00e3o ofertadas 1.510 vagas para as fun\u00e7\u00f5es de professor docente I e professor docente II. As inscri\u00e7\u00f5es estar\u00e3o abertas a partir de 15 de fevereiro e devem ser realizadas exclusivamente pelo site da Secretaria. N\u00e3o ser\u00e1 cobrada taxa. [&hellip;]<\/p>\n","protected":false},"author":2374,"featured_media":724451,"comment_status":"open","ping_status":"closed","sticky":false,"template":"","format":"standard","meta":{"post_tipo":"news_page","footnotes":""},"categories":[3766],"tags":[220472,220474,220473],"tax_estado":[219982],"class_list":["post-968274","post","type-post","status-publish","format-standard","has-post-thumbnail","hentry","category-educacional","tag-concurso-seeduc","tag-edital-seeduc","tag-seeduc-rj","tax_estado-rj"],"acf":[],"yoast_head":"<!-- This site is optimized with the Yoast SEO Premium plugin v27.2 (Yoast SEO v27.2) - https:\/\/yoast.com\/product\/yoast-seo-premium-wordpress\/ -->\n<title>Concurso SEEDUC RJ: edital para tempor\u00e1rios \u00e9 divulgado<\/title>\n<meta name=\"description\" content=\"O edital da Secretaria de Educa\u00e7\u00e3o (concurso SEEDUC RJ), no Estado do Rio de Janeiro, foi divulgado. S\u00e3o ofertadas 1.510 vagas:...\" \/>\n<meta name=\"robots\" content=\"index, follow, max-snippet:-1, max-image-preview:large, max-video-preview:-1\" \/>\n<link rel=\"canonical\" href=\"https:\/\/www.estrategiaconcursos.com.br\/blog\/concurso-seeduc-rj-temporarios\/\" \/>\n<meta property=\"og:locale\" content=\"pt_BR\" \/>\n<meta property=\"og:type\" content=\"article\" \/>\n<meta property=\"og:title\" content=\"Concurso SEEDUC RJ: edital para tempor\u00e1rios \u00e9 divulgado\" \/>\n<meta property=\"og:description\" content=\"O edital da Secretaria de Educa\u00e7\u00e3o (concurso SEEDUC RJ), no Estado do Rio de Janeiro, foi divulgado. S\u00e3o ofertadas 1.510 vagas:...\" \/>\n<meta property=\"og:url\" content=\"https:\/\/www.estrategiaconcursos.com.br\/blog\/concurso-seeduc-rj-temporarios\/\" \/>\n<meta property=\"og:site_name\" content=\"Estrat\u00e9gia Concursos\" \/>\n<meta property=\"article:published_time\" content=\"2022-02-14T17:54:00+00:00\" \/>\n<meta property=\"article:modified_time\" content=\"2022-02-15T02:46:53+00:00\" \/>\n<meta property=\"og:image\" content=\"https:\/\/dhg1h5j42swfq.cloudfront.net\/2021\/04\/27132408\/seeduc_rj.jpg\" \/>\n\t<meta property=\"og:image:width\" content=\"1200\" \/>\n\t<meta property=\"og:image:height\" content=\"628\" \/>\n\t<meta property=\"og:image:type\" content=\"image\/jpeg\" \/>\n<meta name=\"author\" content=\"Guilherme Abarno\" \/>\n<meta name=\"twitter:card\" content=\"summary_large_image\" \/>\n<meta name=\"twitter:creator\" content=\"@EstratConcursos\" \/>\n<meta name=\"twitter:site\" content=\"@EstratConcursos\" \/>\n<meta name=\"twitter:label1\" content=\"Escrito por\" \/>\n\t<meta name=\"twitter:data1\" content=\"Guilherme Abarno\" \/>\n\t<meta name=\"twitter:label2\" content=\"Est. tempo de leitura\" \/>\n\t<meta name=\"twitter:data2\" content=\"3 minutos\" \/>\n<script type=\"application\/ld+json\" class=\"yoast-schema-graph\">{\"@context\":\"https:\/\/schema.org\",\"@graph\":[{\"@type\":\"NewsArticle\",\"@id\":\"https:\/\/www.estrategiaconcursos.com.br\/blog\/concurso-seeduc-rj-temporarios\/#article\",\"isPartOf\":{\"@id\":\"https:\/\/www.estrategiaconcursos.com.br\/blog\/concurso-seeduc-rj-temporarios\/\"},\"author\":{\"name\":\"Guilherme Abarno\",\"@id\":\"https:\/\/www.estrategiaconcursos.com.br\/blog\/#\/schema\/person\/79c1a7623a9ced8b38fc7591e63a0322\"},\"headline\":\"Concurso SEEDUC RJ: edital para tempor\u00e1rios \u00e9 divulgado\",\"datePublished\":\"2022-02-14T17:54:00+00:00\",\"dateModified\":\"2022-02-15T02:46:53+00:00\",\"mainEntityOfPage\":{\"@id\":\"https:\/\/www.estrategiaconcursos.com.br\/blog\/concurso-seeduc-rj-temporarios\/\"},\"wordCount\":458,\"commentCount\":0,\"publisher\":{\"@id\":\"https:\/\/www.estrategiaconcursos.com.br\/blog\/#organization\"},\"image\":{\"@id\":\"https:\/\/www.estrategiaconcursos.com.br\/blog\/concurso-seeduc-rj-temporarios\/#primaryimage\"},\"thumbnailUrl\":\"https:\/\/dhg1h5j42swfq.cloudfront.net\/2021\/04\/27132408\/seeduc_rj.jpg\",\"keywords\":[\"Concurso SEEDUC\",\"Edital SEEDUC\",\"SEEDUC RJ\"],\"articleSection\":[\"Educa\u00e7\u00e3o\"],\"inLanguage\":\"pt-BR\",\"potentialAction\":[{\"@type\":\"CommentAction\",\"name\":\"Comment\",\"target\":[\"https:\/\/www.estrategiaconcursos.com.br\/blog\/concurso-seeduc-rj-temporarios\/#respond\"]}],\"copyrightYear\":\"2022\",\"copyrightHolder\":{\"@id\":\"https:\/\/www.estrategiaconcursos.com.br\/blog\/#organization\"}},{\"@type\":\"WebPage\",\"@id\":\"https:\/\/www.estrategiaconcursos.com.br\/blog\/concurso-seeduc-rj-temporarios\/\",\"url\":\"https:\/\/www.estrategiaconcursos.com.br\/blog\/concurso-seeduc-rj-temporarios\/\",\"name\":\"Concurso SEEDUC RJ: edital para tempor\u00e1rios \u00e9 divulgado\",\"isPartOf\":{\"@id\":\"https:\/\/www.estrategiaconcursos.com.br\/blog\/#website\"},\"primaryImageOfPage\":{\"@id\":\"https:\/\/www.estrategiaconcursos.com.br\/blog\/concurso-seeduc-rj-temporarios\/#primaryimage\"},\"image\":{\"@id\":\"https:\/\/www.estrategiaconcursos.com.br\/blog\/concurso-seeduc-rj-temporarios\/#primaryimage\"},\"thumbnailUrl\":\"https:\/\/dhg1h5j42swfq.cloudfront.net\/2021\/04\/27132408\/seeduc_rj.jpg\",\"datePublished\":\"2022-02-14T17:54:00+00:00\",\"dateModified\":\"2022-02-15T02:46:53+00:00\",\"description\":\"O edital da Secretaria de Educa\u00e7\u00e3o (concurso SEEDUC RJ), no Estado do Rio de Janeiro, foi divulgado. S\u00e3o ofertadas 1.510 vagas:...\",\"breadcrumb\":{\"@id\":\"https:\/\/www.estrategiaconcursos.com.br\/blog\/concurso-seeduc-rj-temporarios\/#breadcrumb\"},\"inLanguage\":\"pt-BR\",\"potentialAction\":[{\"@type\":\"ReadAction\",\"target\":[\"https:\/\/www.estrategiaconcursos.com.br\/blog\/concurso-seeduc-rj-temporarios\/\"]}]},{\"@type\":\"ImageObject\",\"inLanguage\":\"pt-BR\",\"@id\":\"https:\/\/www.estrategiaconcursos.com.br\/blog\/concurso-seeduc-rj-temporarios\/#primaryimage\",\"url\":\"https:\/\/dhg1h5j42swfq.cloudfront.net\/2021\/04\/27132408\/seeduc_rj.jpg\",\"contentUrl\":\"https:\/\/dhg1h5j42swfq.cloudfront.net\/2021\/04\/27132408\/seeduc_rj.jpg\",\"width\":1200,\"height\":628,\"caption\":\"SEEDUC-RJ: provimento\"},{\"@type\":\"BreadcrumbList\",\"@id\":\"https:\/\/www.estrategiaconcursos.com.br\/blog\/concurso-seeduc-rj-temporarios\/#breadcrumb\",\"itemListElement\":[{\"@type\":\"ListItem\",\"position\":1,\"name\":\"In\u00edcio\",\"item\":\"https:\/\/www.estrategiaconcursos.com.br\/blog\/\"},{\"@type\":\"ListItem\",\"position\":2,\"name\":\"Concurso SEEDUC RJ: edital para tempor\u00e1rios \u00e9 divulgado\"}]},{\"@type\":\"WebSite\",\"@id\":\"https:\/\/www.estrategiaconcursos.com.br\/blog\/#website\",\"url\":\"https:\/\/www.estrategiaconcursos.com.br\/blog\/\",\"name\":\"Estrat\u00e9gia Concursos\",\"description\":\"O blog da Estrat\u00e9gia Concursos traz not\u00edcias sobre concursos e artigos de professores oferecendo cursos para concursos (pdf + videaulas) no site.\",\"publisher\":{\"@id\":\"https:\/\/www.estrategiaconcursos.com.br\/blog\/#organization\"},\"potentialAction\":[{\"@type\":\"SearchAction\",\"target\":{\"@type\":\"EntryPoint\",\"urlTemplate\":\"https:\/\/www.estrategiaconcursos.com.br\/blog\/?s={search_term_string}\"},\"query-input\":{\"@type\":\"PropertyValueSpecification\",\"valueRequired\":true,\"valueName\":\"search_term_string\"}}],\"inLanguage\":\"pt-BR\"},{\"@type\":\"Organization\",\"@id\":\"https:\/\/www.estrategiaconcursos.com.br\/blog\/#organization\",\"name\":\"Estrat\u00e9gia Concursos\",\"url\":\"https:\/\/www.estrategiaconcursos.com.br\/blog\/\",\"logo\":{\"@type\":\"ImageObject\",\"inLanguage\":\"pt-BR\",\"@id\":\"https:\/\/www.estrategiaconcursos.com.br\/blog\/#\/schema\/logo\/image\/\",\"url\":\"https:\/\/dhg1h5j42swfq.cloudfront.net\/2025\/06\/03203428\/logo_concursos-1.jpg\",\"contentUrl\":\"https:\/\/dhg1h5j42swfq.cloudfront.net\/2025\/06\/03203428\/logo_concursos-1.jpg\",\"width\":230,\"height\":60,\"caption\":\"Estrat\u00e9gia Concursos\"},\"image\":{\"@id\":\"https:\/\/www.estrategiaconcursos.com.br\/blog\/#\/schema\/logo\/image\/\"},\"sameAs\":[\"https:\/\/x.com\/EstratConcursos\"]},{\"@type\":\"Person\",\"@id\":\"https:\/\/www.estrategiaconcursos.com.br\/blog\/#\/schema\/person\/79c1a7623a9ced8b38fc7591e63a0322\",\"name\":\"Guilherme Abarno\",\"image\":{\"@type\":\"ImageObject\",\"inLanguage\":\"pt-BR\",\"@id\":\"https:\/\/secure.gravatar.com\/avatar\/a71cada404ac977e405a8f3fcb3f203ef33a8ad5c6b3f18f32b6d899a2032f89?s=96&d=mm&r=g\",\"url\":\"https:\/\/secure.gravatar.com\/avatar\/a71cada404ac977e405a8f3fcb3f203ef33a8ad5c6b3f18f32b6d899a2032f89?s=96&d=mm&r=g\",\"contentUrl\":\"https:\/\/secure.gravatar.com\/avatar\/a71cada404ac977e405a8f3fcb3f203ef33a8ad5c6b3f18f32b6d899a2032f89?s=96&d=mm&r=g\",\"caption\":\"Guilherme Abarno\"},\"url\":\"https:\/\/www.estrategiaconcursos.com.br\/blog\/author\/guilherme-abarnoestrategia-com\/\"}]}<\/script>\n<!-- \/ Yoast SEO Premium plugin. -->","yoast_head_json":{"title":"Concurso SEEDUC RJ: edital para tempor\u00e1rios \u00e9 divulgado","description":"O edital da Secretaria de Educa\u00e7\u00e3o (concurso SEEDUC RJ), no Estado do Rio de Janeiro, foi divulgado. S\u00e3o ofertadas 1.510 vagas:...","robots":{"index":"index","follow":"follow","max-snippet":"max-snippet:-1","max-image-preview":"max-image-preview:large","max-video-preview":"max-video-preview:-1"},"canonical":"https:\/\/www.estrategiaconcursos.com.br\/blog\/concurso-seeduc-rj-temporarios\/","og_locale":"pt_BR","og_type":"article","og_title":"Concurso SEEDUC RJ: edital para tempor\u00e1rios \u00e9 divulgado","og_description":"O edital da Secretaria de Educa\u00e7\u00e3o (concurso SEEDUC RJ), no Estado do Rio de Janeiro, foi divulgado. S\u00e3o ofertadas 1.510 vagas:...","og_url":"https:\/\/www.estrategiaconcursos.com.br\/blog\/concurso-seeduc-rj-temporarios\/","og_site_name":"Estrat\u00e9gia Concursos","article_published_time":"2022-02-14T17:54:00+00:00","article_modified_time":"2022-02-15T02:46:53+00:00","og_image":[{"width":1200,"height":628,"url":"https:\/\/dhg1h5j42swfq.cloudfront.net\/2021\/04\/27132408\/seeduc_rj.jpg","type":"image\/jpeg"}],"author":"Guilherme Abarno","twitter_card":"summary_large_image","twitter_creator":"@EstratConcursos","twitter_site":"@EstratConcursos","twitter_misc":{"Escrito por":"Guilherme Abarno","Est. tempo de leitura":"3 minutos"},"schema":{"@context":"https:\/\/schema.org","@graph":[{"@type":"NewsArticle","@id":"https:\/\/www.estrategiaconcursos.com.br\/blog\/concurso-seeduc-rj-temporarios\/#article","isPartOf":{"@id":"https:\/\/www.estrategiaconcursos.com.br\/blog\/concurso-seeduc-rj-temporarios\/"},"author":{"name":"Guilherme Abarno","@id":"https:\/\/www.estrategiaconcursos.com.br\/blog\/#\/schema\/person\/79c1a7623a9ced8b38fc7591e63a0322"},"headline":"Concurso SEEDUC RJ: edital para tempor\u00e1rios \u00e9 divulgado","datePublished":"2022-02-14T17:54:00+00:00","dateModified":"2022-02-15T02:46:53+00:00","mainEntityOfPage":{"@id":"https:\/\/www.estrategiaconcursos.com.br\/blog\/concurso-seeduc-rj-temporarios\/"},"wordCount":458,"commentCount":0,"publisher":{"@id":"https:\/\/www.estrategiaconcursos.com.br\/blog\/#organization"},"image":{"@id":"https:\/\/www.estrategiaconcursos.com.br\/blog\/concurso-seeduc-rj-temporarios\/#primaryimage"},"thumbnailUrl":"https:\/\/dhg1h5j42swfq.cloudfront.net\/2021\/04\/27132408\/seeduc_rj.jpg","keywords":["Concurso SEEDUC","Edital SEEDUC","SEEDUC RJ"],"articleSection":["Educa\u00e7\u00e3o"],"inLanguage":"pt-BR","potentialAction":[{"@type":"CommentAction","name":"Comment","target":["https:\/\/www.estrategiaconcursos.com.br\/blog\/concurso-seeduc-rj-temporarios\/#respond"]}],"copyrightYear":"2022","copyrightHolder":{"@id":"https:\/\/www.estrategiaconcursos.com.br\/blog\/#organization"}},{"@type":"WebPage","@id":"https:\/\/www.estrategiaconcursos.com.br\/blog\/concurso-seeduc-rj-temporarios\/","url":"https:\/\/www.estrategiaconcursos.com.br\/blog\/concurso-seeduc-rj-temporarios\/","name":"Concurso SEEDUC RJ: edital para tempor\u00e1rios \u00e9 divulgado","isPartOf":{"@id":"https:\/\/www.estrategiaconcursos.com.br\/blog\/#website"},"primaryImageOfPage":{"@id":"https:\/\/www.estrategiaconcursos.com.br\/blog\/concurso-seeduc-rj-temporarios\/#primaryimage"},"image":{"@id":"https:\/\/www.estrategiaconcursos.com.br\/blog\/concurso-seeduc-rj-temporarios\/#primaryimage"},"thumbnailUrl":"https:\/\/dhg1h5j42swfq.cloudfront.net\/2021\/04\/27132408\/seeduc_rj.jpg","datePublished":"2022-02-14T17:54:00+00:00","dateModified":"2022-02-15T02:46:53+00:00","description":"O edital da Secretaria de Educa\u00e7\u00e3o (concurso SEEDUC RJ), no Estado do Rio de Janeiro, foi divulgado. S\u00e3o ofertadas 1.510 vagas:...","breadcrumb":{"@id":"https:\/\/www.estrategiaconcursos.com.br\/blog\/concurso-seeduc-rj-temporarios\/#breadcrumb"},"inLanguage":"pt-BR","potentialAction":[{"@type":"ReadAction","target":["https:\/\/www.estrategiaconcursos.com.br\/blog\/concurso-seeduc-rj-temporarios\/"]}]},{"@type":"ImageObject","inLanguage":"pt-BR","@id":"https:\/\/www.estrategiaconcursos.com.br\/blog\/concurso-seeduc-rj-temporarios\/#primaryimage","url":"https:\/\/dhg1h5j42swfq.cloudfront.net\/2021\/04\/27132408\/seeduc_rj.jpg","contentUrl":"https:\/\/dhg1h5j42swfq.cloudfront.net\/2021\/04\/27132408\/seeduc_rj.jpg","width":1200,"height":628,"caption":"SEEDUC-RJ: provimento"},{"@type":"BreadcrumbList","@id":"https:\/\/www.estrategiaconcursos.com.br\/blog\/concurso-seeduc-rj-temporarios\/#breadcrumb","itemListElement":[{"@type":"ListItem","position":1,"name":"In\u00edcio","item":"https:\/\/www.estrategiaconcursos.com.br\/blog\/"},{"@type":"ListItem","position":2,"name":"Concurso SEEDUC RJ: edital para tempor\u00e1rios \u00e9 divulgado"}]},{"@type":"WebSite","@id":"https:\/\/www.estrategiaconcursos.com.br\/blog\/#website","url":"https:\/\/www.estrategiaconcursos.com.br\/blog\/","name":"Estrat\u00e9gia Concursos","description":"O blog da Estrat\u00e9gia Concursos traz not\u00edcias sobre concursos e artigos de professores oferecendo cursos para concursos (pdf + videaulas) no site.","publisher":{"@id":"https:\/\/www.estrategiaconcursos.com.br\/blog\/#organization"},"potentialAction":[{"@type":"SearchAction","target":{"@type":"EntryPoint","urlTemplate":"https:\/\/www.estrategiaconcursos.com.br\/blog\/?s={search_term_string}"},"query-input":{"@type":"PropertyValueSpecification","valueRequired":true,"valueName":"search_term_string"}}],"inLanguage":"pt-BR"},{"@type":"Organization","@id":"https:\/\/www.estrategiaconcursos.com.br\/blog\/#organization","name":"Estrat\u00e9gia Concursos","url":"https:\/\/www.estrategiaconcursos.com.br\/blog\/","logo":{"@type":"ImageObject","inLanguage":"pt-BR","@id":"https:\/\/www.estrategiaconcursos.com.br\/blog\/#\/schema\/logo\/image\/","url":"https:\/\/dhg1h5j42swfq.cloudfront.net\/2025\/06\/03203428\/logo_concursos-1.jpg","contentUrl":"https:\/\/dhg1h5j42swfq.cloudfront.net\/2025\/06\/03203428\/logo_concursos-1.jpg","width":230,"height":60,"caption":"Estrat\u00e9gia Concursos"},"image":{"@id":"https:\/\/www.estrategiaconcursos.com.br\/blog\/#\/schema\/logo\/image\/"},"sameAs":["https:\/\/x.com\/EstratConcursos"]},{"@type":"Person","@id":"https:\/\/www.estrategiaconcursos.com.br\/blog\/#\/schema\/person\/79c1a7623a9ced8b38fc7591e63a0322","name":"Guilherme Abarno","image":{"@type":"ImageObject","inLanguage":"pt-BR","@id":"https:\/\/secure.gravatar.com\/avatar\/a71cada404ac977e405a8f3fcb3f203ef33a8ad5c6b3f18f32b6d899a2032f89?s=96&d=mm&r=g","url":"https:\/\/secure.gravatar.com\/avatar\/a71cada404ac977e405a8f3fcb3f203ef33a8ad5c6b3f18f32b6d899a2032f89?s=96&d=mm&r=g","contentUrl":"https:\/\/secure.gravatar.com\/avatar\/a71cada404ac977e405a8f3fcb3f203ef33a8ad5c6b3f18f32b6d899a2032f89?s=96&d=mm&r=g","caption":"Guilherme Abarno"},"url":"https:\/\/www.estrategiaconcursos.com.br\/blog\/author\/guilherme-abarnoestrategia-com\/"}]}},"_links":{"self":[{"href":"https:\/\/www.estrategiaconcursos.com.br\/blog\/wp-json\/wp\/v2\/posts\/968274","targetHints":{"allow":["GET"]}}],"collection":[{"href":"https:\/\/www.estrategiaconcursos.com.br\/blog\/wp-json\/wp\/v2\/posts"}],"about":[{"href":"https:\/\/www.estrategiaconcursos.com.br\/blog\/wp-json\/wp\/v2\/types\/post"}],"author":[{"embeddable":true,"href":"https:\/\/www.estrategiaconcursos.com.br\/blog\/wp-json\/wp\/v2\/users\/2374"}],"replies":[{"embeddable":true,"href":"https:\/\/www.estrategiaconcursos.com.br\/blog\/wp-json\/wp\/v2\/comments?post=968274"}],"version-history":[{"count":6,"href":"https:\/\/www.estrategiaconcursos.com.br\/blog\/wp-json\/wp\/v2\/posts\/968274\/revisions"}],"predecessor-version":[{"id":968960,"href":"https:\/\/www.estrategiaconcursos.com.br\/blog\/wp-json\/wp\/v2\/posts\/968274\/revisions\/968960"}],"wp:featuredmedia":[{"embeddable":true,"href":"https:\/\/www.estrategiaconcursos.com.br\/blog\/wp-json\/wp\/v2\/media\/724451"}],"wp:attachment":[{"href":"https:\/\/www.estrategiaconcursos.com.br\/blog\/wp-json\/wp\/v2\/media?parent=968274"}],"wp:term":[{"taxonomy":"category","embeddable":true,"href":"https:\/\/www.estrategiaconcursos.com.br\/blog\/wp-json\/wp\/v2\/categories?post=968274"},{"taxonomy":"post_tag","embeddable":true,"href":"https:\/\/www.estrategiaconcursos.com.br\/blog\/wp-json\/wp\/v2\/tags?post=968274"},{"taxonomy":"tax_estado","embeddable":true,"href":"https:\/\/www.estrategiaconcursos.com.br\/blog\/wp-json\/wp\/v2\/tax_estado?post=968274"}],"curies":[{"name":"wp","href":"https:\/\/api.w.org\/{rel}","templated":true}]}}