{"id":96807,"date":"2017-11-26T16:11:27","date_gmt":"2017-11-26T19:11:27","guid":{"rendered":"https:\/\/www.estrategiaconcursos.com.br\/blog\/?p=96807"},"modified":"2017-11-26T16:12:21","modified_gmt":"2017-11-26T19:12:21","slug":"gabarito-extraoficial-tre-rj-direito-constitucional-analista-cargos-ajaj-e-ajaa","status":"publish","type":"post","link":"https:\/\/www.estrategiaconcursos.com.br\/blog\/gabarito-extraoficial-tre-rj-direito-constitucional-analista-cargos-ajaj-e-ajaa\/","title":{"rendered":"Gabarito extraoficial TRE-RJ &#8211; Direito Constitucional Analista (Cargos AJAJ e AJAA)"},"content":{"rendered":"<p style=\"text-align: justify;\">Ol\u00e1, pessoal!<\/p>\n<p style=\"text-align: justify;\">Comentarei, a seguir, as duas quest\u00f5es de <em><strong>Direito Constitucional<\/strong><\/em> cobradas nas provas de Analista Judici\u00e1rio do TRE-RJ (AJAJ e AJAA).<\/p>\n<p style=\"text-align: justify;\">Utilizarei a numera\u00e7\u00e3o da prova de AJAA de cor verde.<\/p>\n<p style=\"text-align: justify;\">Grande abra\u00e7o,<\/p>\n<p style=\"text-align: justify;\">Ricardo Vale<\/p>\n<p style=\"text-align: justify;\"><em><strong>\u201cO segredo do sucesso \u00e9 a const\u00e2ncia no objetivo\u201d<\/strong><\/em><\/p>\n<p style=\"text-align: justify;\">P.S: Para dicas di\u00e1rias de Direito Constitucional, sigam-me no Instagram (<a href=\"https:\/\/www.instagram.com\/profricardovale\/\">@profricardovale<\/a>)<\/p>\n<p style=\"text-align: justify;\">&#8230;&#8230;&#8230;&#8230;&#8230;&#8230;&#8230;&#8230;&#8230;&#8230;&#8230;&#8230;&#8230;&#8230;&#8230;&#8230;&#8230;&#8230;&#8230;&#8230;&#8230;&#8230;&#8230;&#8230;&#8230;&#8230;&#8230;&#8230;&#8230;&#8230;&#8230;&#8230;&#8230;&#8230;&#8230;&#8230;&#8230;&#8230;&#8230;&#8230;&#8230;&#8230;&#8230;&#8230;&#8230;&#8230;&#8230;&#8230;&#8230;&#8230;&#8230;&#8230;&#8230;&#8230;&#8230;&#8230;&#8230;&#8230;&#8230;&#8230;&#8230;&#8230;&#8230;&#8230;&#8230;&#8230;&#8230;&#8230;&#8230;<\/p>\n<p style=\"text-align: justify;\"><strong>28 \u2013 (CONSULPLAN \/ TRE-RJ \u2013 2017) Considere que Anaximandro \u00e9 empres\u00e1rio e decidiu abrir um estabelecimento de ensino. No que se refere \u00e0s regras constitucionais relativas \u00e0 educa\u00e7\u00e3o, \u00e9 correto afirmar que uma das condi\u00e7\u00f5es que Anaximandro dever\u00e1 obedecer \u00e9 a:<\/strong><\/p>\n<p style=\"text-align: justify;\">a) oferta de ensino noturno regular, adequado \u00e0s condi\u00e7\u00f5es do educando.<\/p>\n<p style=\"text-align: justify;\">b) admiss\u00e3o de professores, t\u00e9cnicos e cientistas estrangeiros, na forma da lei.<\/p>\n<p style=\"text-align: justify;\">c) prescindibilidade de cumprimento das normas gerais da educa\u00e7\u00e3o nacional.<\/p>\n<p style=\"text-align: justify;\">d) sujei\u00e7\u00e3o a um processo de autoriza\u00e7\u00e3o e avalia\u00e7\u00f5es para o exerc\u00edcio da atividade.<\/p>\n<p style=\"text-align: justify;\"><strong>Coment\u00e1rios:<\/strong><\/p>\n<p style=\"text-align: justify;\">A Constitui\u00e7\u00e3o estabelece algumas garantias a serem cumpridas pelo Estado quanto \u00e0 educa\u00e7\u00e3o (art. 208, CF) e, tamb\u00e9m, algumas condi\u00e7\u00f5es a serem obedecidas pela iniciativa privada (art. 209) caso ofere\u00e7a o ensino. Essas \u00faltimas s\u00e3o:<\/p>\n<p style=\"text-align: justify;\">I &#8211; cumprimento das normas gerais da educa\u00e7\u00e3o nacional;<\/p>\n<p style=\"text-align: justify;\">II &#8211; <strong><em>autoriza\u00e7\u00e3o e avalia\u00e7\u00e3o de qualidade pelo Poder P\u00fablico<\/em><\/strong>.<\/p>\n<p style=\"text-align: justify;\">Analisemos, ent\u00e3o, cada uma das assertivas:<\/p>\n<p style=\"text-align: justify;\">Letra A: errada. A oferta de ensino noturno regular, adequado \u00e0s condi\u00e7\u00f5es do educando \u00e9 <strong><em>garantia a ser cumprida pelo Estado<\/em><\/strong> na educa\u00e7\u00e3o (art. 208, VI, CF).<\/p>\n<p style=\"text-align: justify;\">Letra B: errada. \u00c9 <strong><em>facultado<\/em><\/strong> (e n\u00e3o obrigat\u00f3rio!) \u00e0s universidades admitir professores, t\u00e9cnicos e cientistas estrangeiros, na forma da lei (art. 207, \u00a7 1<sup>o<\/sup>, CF).<\/p>\n<p style=\"text-align: justify;\">Letra C: errada. O cumprimento das normas gerais da educa\u00e7\u00e3o nacional \u00e9 <strong><em>imprescind\u00edvel<\/em><\/strong> (art. 209, I, CF).<\/p>\n<p style=\"text-align: justify;\">Letra D: correta. Conforme dissemos acima, a Carta Magna exige a sujei\u00e7\u00e3o a um processo de autoriza\u00e7\u00e3o e avalia\u00e7\u00e3o de qualidade como condi\u00e7\u00e3o para a oferta do ensino pela iniciativa privada (art. 209, II, CF).<\/p>\n<p style=\"text-align: justify;\">O gabarito \u00e9 a letra D.<\/p>\n<p style=\"text-align: justify;\"><strong>29 &#8211; (CONSULPLAN \/ TRE-RJ \u2013 2017) Analise os casos hipot\u00e9ticos dos seguintes pretensos candidatos a mandatos eletivos.<\/strong><\/p>\n<p style=\"text-align: justify;\">I. \u201cAlberto \u00e9 irm\u00e3o da esposa do vice-prefeito do Munic\u00edpio do Rio de Janeiro, que assumiu a gest\u00e3o local apenas durante o per\u00edodo de seis meses, enquanto o titular do Poder Executivo municipal disputava o pleito estadual. Alberto pretende a elei\u00e7\u00e3o para o mandato de vereador.\u201d<\/p>\n<p style=\"text-align: justify;\">II. \u201cManuela \u00e9 filha adotiva do Governador do Estado do Rio de Janeiro e exerce o mandato de deputada estadual. Manuela pretende a reelei\u00e7\u00e3o para o mandato de deputada estadual.\u201d<\/p>\n<p style=\"text-align: justify;\">III. \u201cVirg\u00ednia \u00e9 filha da tia paterna do Presidente da Rep\u00fablica. Virg\u00ednia pretende a elei\u00e7\u00e3o para mandato de Senadora.\u201d<\/p>\n<p style=\"text-align: justify;\">IV. \u201cGlauco \u00e9 casado com a prefeita do Munic\u00edpio do Rio de Janeiro. Glauco pretende a elei\u00e7\u00e3o para o mandato de Governador do Estado do Rio de Janeiro.\u201d<\/p>\n<p style=\"text-align: justify;\"><strong>Considerando as normas constitucionais relativas aos direitos pol\u00edticos, \u00e9 ineleg\u00edvel:<\/strong><\/p>\n<p style=\"text-align: justify;\">a) Glauco.<\/p>\n<p style=\"text-align: justify;\">b) Virg\u00ednia.<\/p>\n<p style=\"text-align: justify;\">c) Alberto.<\/p>\n<p style=\"text-align: justify;\">d) Manuela.<\/p>\n<p style=\"text-align: justify;\"><strong>Coment\u00e1rios:<\/strong><\/p>\n<p style=\"text-align: justify;\">A <strong><em>primeira assertiva<\/em><\/strong> est\u00e1 correta. Considerando que o vice-prefeito do Rio de Janeiro assumiu a gest\u00e3o do Munic\u00edpio nos \u00faltimos seis meses antes das elei\u00e7\u00f5es, seu cunhado Alberto (parente de segundo grau por afinidade) \u00e9 ineleg\u00edvel para o cargo de vereador.<\/p>\n<p style=\"text-align: justify;\">Nesse sentido, disp\u00f5e o art. 14, \u00a7 7<sup>o<\/sup>, da Carta Magna, que \u201c<em>s\u00e3o ineleg\u00edveis, no territ\u00f3rio de jurisdi\u00e7\u00e3o do titular, o c\u00f4njuge e os <strong>parentes consangu\u00edneos ou afins, at\u00e9 o segundo grau ou por ado\u00e7\u00e3o<\/strong>, do Presidente da Rep\u00fablica, de Governador de Estado ou Territ\u00f3rio, do Distrito Federal, de <strong>Prefeito ou de quem os haja substitu\u00eddo dentro dos seis meses anteriores ao pleito<\/strong>, salvo se j\u00e1 titular de mandato eletivo e candidato \u00e0 reelei\u00e7\u00e3o<\/em>\u201d.<\/p>\n<p style=\"text-align: justify;\">A <strong><em>segunda assertiva<\/em><\/strong> est\u00e1 errada. N\u00e3o \u00e9 afetado pela inelegibilidade reflexa aquele que j\u00e1 \u00e9 titular de mandato eletivo e est\u00e1 se candidatando \u00e0 reelei\u00e7\u00e3o.<\/p>\n<p style=\"text-align: justify;\">Na situa\u00e7\u00e3o apresentada, Manuela \u00e9 candidata \u00e0 reelei\u00e7\u00e3o e, portanto, <u>n\u00e3o est\u00e1 sujeita <\/u>\u00e0 inelegibilidade reflexa (art. 14, \u00a7 7<sup>o<\/sup>, CF).<\/p>\n<p style=\"text-align: justify;\">A <strong><em>terceira assertiva<\/em><\/strong> est\u00e1 errada. Virg\u00ednia \u00e9 prima do Presidente da Rep\u00fablica, ou seja, \u00e9 parente consangu\u00ednea de <strong><em>quarto grau<\/em><\/strong> do Chefe do Poder Executivo. N\u00e3o est\u00e1, portanto, sujeita \u00e0 inelegibilidade reflexa (art. 14, \u00a7 7<sup>o<\/sup>, CF), que s\u00f3 afeta os parentes at\u00e9 o segundo grau.<\/p>\n<p style=\"text-align: justify;\">A <strong><em>quarta assertiva<\/em><\/strong> est\u00e1 errada. Glauco pretende se eleger para um cargo estadual, fora da jurisdi\u00e7\u00e3o de sua esposa (Munic\u00edpio do Rio de Janeiro). N\u00e3o incide, portanto, nesse caso, a inelegibilidade reflexa (art. 14, \u00a7 7<sup>o<\/sup>, CF).<\/p>\n<p style=\"text-align: justify;\">O gabarito \u00e9 a letra C.<\/p>\n<p style=\"text-align: justify;\">&#8230;&#8230;&#8230;&#8230;&#8230;&#8230;&#8230;&#8230;&#8230;&#8230;&#8230;&#8230;&#8230;&#8230;..<\/p>\n","protected":false},"excerpt":{"rendered":"<p>Ol\u00e1, pessoal! Comentarei, a seguir, as duas quest\u00f5es de Direito Constitucional cobradas nas provas de Analista Judici\u00e1rio do TRE-RJ (AJAJ e AJAA). Utilizarei a numera\u00e7\u00e3o da prova de AJAA de cor verde. Grande abra\u00e7o, Ricardo Vale \u201cO segredo do sucesso \u00e9 a const\u00e2ncia no objetivo\u201d P.S: Para dicas di\u00e1rias de Direito Constitucional, sigam-me no Instagram [&hellip;]<\/p>\n","protected":false},"author":26,"featured_media":0,"comment_status":"open","ping_status":"closed","sticky":false,"template":"","format":"standard","meta":{"post_tipo":"article","footnotes":""},"categories":[1984],"tags":[3133],"tax_estado":[],"class_list":["post-96807","post","type-post","status-publish","format-standard","hentry","category-tribunais","tag-concurso-tre-rj-gabarito"],"acf":[],"yoast_head":"<!-- This site is optimized with the Yoast SEO Premium plugin v27.2 (Yoast SEO v27.2) - https:\/\/yoast.com\/product\/yoast-seo-premium-wordpress\/ -->\n<title>Gabarito extraoficial TRE-RJ - Direito Constitucional Analista (Cargos AJAJ e AJAA)<\/title>\n<meta name=\"robots\" content=\"index, follow, max-snippet:-1, max-image-preview:large, max-video-preview:-1\" \/>\n<link rel=\"canonical\" href=\"https:\/\/www.estrategiaconcursos.com.br\/blog\/gabarito-extraoficial-tre-rj-direito-constitucional-analista-cargos-ajaj-e-ajaa\/\" \/>\n<meta property=\"og:locale\" content=\"pt_BR\" \/>\n<meta property=\"og:type\" content=\"article\" \/>\n<meta property=\"og:title\" content=\"Gabarito extraoficial TRE-RJ - Direito Constitucional Analista (Cargos AJAJ e AJAA)\" \/>\n<meta property=\"og:description\" content=\"Ol\u00e1, pessoal! Comentarei, a seguir, as duas quest\u00f5es de Direito Constitucional cobradas nas provas de Analista Judici\u00e1rio do TRE-RJ (AJAJ e AJAA). Utilizarei a numera\u00e7\u00e3o da prova de AJAA de cor verde. Grande abra\u00e7o, Ricardo Vale \u201cO segredo do sucesso \u00e9 a const\u00e2ncia no objetivo\u201d P.S: Para dicas di\u00e1rias de Direito Constitucional, sigam-me no Instagram [&hellip;]\" \/>\n<meta property=\"og:url\" content=\"https:\/\/www.estrategiaconcursos.com.br\/blog\/gabarito-extraoficial-tre-rj-direito-constitucional-analista-cargos-ajaj-e-ajaa\/\" \/>\n<meta property=\"og:site_name\" content=\"Estrat\u00e9gia Concursos\" \/>\n<meta property=\"article:author\" content=\"https:\/\/www.facebook.com\/rvale01\" \/>\n<meta property=\"article:published_time\" content=\"2017-11-26T19:11:27+00:00\" \/>\n<meta property=\"article:modified_time\" content=\"2017-11-26T19:12:21+00:00\" \/>\n<meta name=\"author\" content=\"Ricardo Vale\" \/>\n<meta name=\"twitter:card\" content=\"summary_large_image\" \/>\n<meta name=\"twitter:creator\" content=\"@https:\/\/twitter.com\/EstratConcursos\" \/>\n<meta name=\"twitter:site\" content=\"@EstratConcursos\" \/>\n<meta name=\"twitter:label1\" content=\"Escrito por\" \/>\n\t<meta name=\"twitter:data1\" content=\"Ricardo Vale\" \/>\n\t<meta name=\"twitter:label2\" content=\"Est. tempo de leitura\" \/>\n\t<meta name=\"twitter:data2\" content=\"4 minutos\" \/>\n<script type=\"application\/ld+json\" class=\"yoast-schema-graph\">{\"@context\":\"https:\/\/schema.org\",\"@graph\":[{\"@type\":\"NewsArticle\",\"@id\":\"https:\/\/www.estrategiaconcursos.com.br\/blog\/gabarito-extraoficial-tre-rj-direito-constitucional-analista-cargos-ajaj-e-ajaa\/#article\",\"isPartOf\":{\"@id\":\"https:\/\/www.estrategiaconcursos.com.br\/blog\/gabarito-extraoficial-tre-rj-direito-constitucional-analista-cargos-ajaj-e-ajaa\/\"},\"author\":{\"name\":\"Ricardo Vale\",\"@id\":\"https:\/\/www.estrategiaconcursos.com.br\/blog\/#\/schema\/person\/c32e47dba2159cafe7796a9569a6ff7e\"},\"headline\":\"Gabarito extraoficial TRE-RJ &#8211; Direito Constitucional Analista (Cargos AJAJ e AJAA)\",\"datePublished\":\"2017-11-26T19:11:27+00:00\",\"dateModified\":\"2017-11-26T19:12:21+00:00\",\"mainEntityOfPage\":{\"@id\":\"https:\/\/www.estrategiaconcursos.com.br\/blog\/gabarito-extraoficial-tre-rj-direito-constitucional-analista-cargos-ajaj-e-ajaa\/\"},\"wordCount\":772,\"commentCount\":0,\"publisher\":{\"@id\":\"https:\/\/www.estrategiaconcursos.com.br\/blog\/#organization\"},\"keywords\":[\"Concurso TRE RJ; gabarito\"],\"articleSection\":[\"Tribunais\"],\"inLanguage\":\"pt-BR\",\"potentialAction\":[{\"@type\":\"CommentAction\",\"name\":\"Comment\",\"target\":[\"https:\/\/www.estrategiaconcursos.com.br\/blog\/gabarito-extraoficial-tre-rj-direito-constitucional-analista-cargos-ajaj-e-ajaa\/#respond\"]}],\"copyrightYear\":\"2017\",\"copyrightHolder\":{\"@id\":\"https:\/\/www.estrategiaconcursos.com.br\/blog\/#organization\"}},{\"@type\":\"WebPage\",\"@id\":\"https:\/\/www.estrategiaconcursos.com.br\/blog\/gabarito-extraoficial-tre-rj-direito-constitucional-analista-cargos-ajaj-e-ajaa\/\",\"url\":\"https:\/\/www.estrategiaconcursos.com.br\/blog\/gabarito-extraoficial-tre-rj-direito-constitucional-analista-cargos-ajaj-e-ajaa\/\",\"name\":\"Gabarito extraoficial TRE-RJ - Direito Constitucional Analista (Cargos AJAJ e AJAA)\",\"isPartOf\":{\"@id\":\"https:\/\/www.estrategiaconcursos.com.br\/blog\/#website\"},\"datePublished\":\"2017-11-26T19:11:27+00:00\",\"dateModified\":\"2017-11-26T19:12:21+00:00\",\"breadcrumb\":{\"@id\":\"https:\/\/www.estrategiaconcursos.com.br\/blog\/gabarito-extraoficial-tre-rj-direito-constitucional-analista-cargos-ajaj-e-ajaa\/#breadcrumb\"},\"inLanguage\":\"pt-BR\",\"potentialAction\":[{\"@type\":\"ReadAction\",\"target\":[\"https:\/\/www.estrategiaconcursos.com.br\/blog\/gabarito-extraoficial-tre-rj-direito-constitucional-analista-cargos-ajaj-e-ajaa\/\"]}]},{\"@type\":\"BreadcrumbList\",\"@id\":\"https:\/\/www.estrategiaconcursos.com.br\/blog\/gabarito-extraoficial-tre-rj-direito-constitucional-analista-cargos-ajaj-e-ajaa\/#breadcrumb\",\"itemListElement\":[{\"@type\":\"ListItem\",\"position\":1,\"name\":\"In\u00edcio\",\"item\":\"https:\/\/www.estrategiaconcursos.com.br\/blog\/\"},{\"@type\":\"ListItem\",\"position\":2,\"name\":\"Gabarito extraoficial TRE-RJ &#8211; Direito Constitucional Analista (Cargos AJAJ e AJAA)\"}]},{\"@type\":\"WebSite\",\"@id\":\"https:\/\/www.estrategiaconcursos.com.br\/blog\/#website\",\"url\":\"https:\/\/www.estrategiaconcursos.com.br\/blog\/\",\"name\":\"Estrat\u00e9gia Concursos\",\"description\":\"O blog da Estrat\u00e9gia Concursos traz not\u00edcias sobre concursos e artigos de professores oferecendo cursos para concursos (pdf + videaulas) no site.\",\"publisher\":{\"@id\":\"https:\/\/www.estrategiaconcursos.com.br\/blog\/#organization\"},\"potentialAction\":[{\"@type\":\"SearchAction\",\"target\":{\"@type\":\"EntryPoint\",\"urlTemplate\":\"https:\/\/www.estrategiaconcursos.com.br\/blog\/?s={search_term_string}\"},\"query-input\":{\"@type\":\"PropertyValueSpecification\",\"valueRequired\":true,\"valueName\":\"search_term_string\"}}],\"inLanguage\":\"pt-BR\"},{\"@type\":\"Organization\",\"@id\":\"https:\/\/www.estrategiaconcursos.com.br\/blog\/#organization\",\"name\":\"Estrat\u00e9gia Concursos\",\"url\":\"https:\/\/www.estrategiaconcursos.com.br\/blog\/\",\"logo\":{\"@type\":\"ImageObject\",\"inLanguage\":\"pt-BR\",\"@id\":\"https:\/\/www.estrategiaconcursos.com.br\/blog\/#\/schema\/logo\/image\/\",\"url\":\"https:\/\/dhg1h5j42swfq.cloudfront.net\/2025\/06\/03203428\/logo_concursos-1.jpg\",\"contentUrl\":\"https:\/\/dhg1h5j42swfq.cloudfront.net\/2025\/06\/03203428\/logo_concursos-1.jpg\",\"width\":230,\"height\":60,\"caption\":\"Estrat\u00e9gia Concursos\"},\"image\":{\"@id\":\"https:\/\/www.estrategiaconcursos.com.br\/blog\/#\/schema\/logo\/image\/\"},\"sameAs\":[\"https:\/\/x.com\/EstratConcursos\"]},{\"@type\":\"Person\",\"@id\":\"https:\/\/www.estrategiaconcursos.com.br\/blog\/#\/schema\/person\/c32e47dba2159cafe7796a9569a6ff7e\",\"name\":\"Ricardo Vale\",\"image\":{\"@type\":\"ImageObject\",\"inLanguage\":\"pt-BR\",\"@id\":\"https:\/\/secure.gravatar.com\/avatar\/e5a5658c798bb49dd53314263f59f38c192d73370fb65839a372c2ae9027be74?s=96&d=mm&r=g\",\"url\":\"https:\/\/secure.gravatar.com\/avatar\/e5a5658c798bb49dd53314263f59f38c192d73370fb65839a372c2ae9027be74?s=96&d=mm&r=g\",\"contentUrl\":\"https:\/\/secure.gravatar.com\/avatar\/e5a5658c798bb49dd53314263f59f38c192d73370fb65839a372c2ae9027be74?s=96&d=mm&r=g\",\"caption\":\"Ricardo Vale\"},\"sameAs\":[\"https:\/\/www.facebook.com\/rvale01\",\"https:\/\/x.com\/https:\/\/twitter.com\/EstratConcursos\"],\"url\":\"https:\/\/www.estrategiaconcursos.com.br\/blog\/author\/ricardovaleestrategiaconcursos-com-br\/\"}]}<\/script>\n<!-- \/ Yoast SEO Premium plugin. -->","yoast_head_json":{"title":"Gabarito extraoficial TRE-RJ - Direito Constitucional Analista (Cargos AJAJ e AJAA)","robots":{"index":"index","follow":"follow","max-snippet":"max-snippet:-1","max-image-preview":"max-image-preview:large","max-video-preview":"max-video-preview:-1"},"canonical":"https:\/\/www.estrategiaconcursos.com.br\/blog\/gabarito-extraoficial-tre-rj-direito-constitucional-analista-cargos-ajaj-e-ajaa\/","og_locale":"pt_BR","og_type":"article","og_title":"Gabarito extraoficial TRE-RJ - Direito Constitucional Analista (Cargos AJAJ e AJAA)","og_description":"Ol\u00e1, pessoal! Comentarei, a seguir, as duas quest\u00f5es de Direito Constitucional cobradas nas provas de Analista Judici\u00e1rio do TRE-RJ (AJAJ e AJAA). Utilizarei a numera\u00e7\u00e3o da prova de AJAA de cor verde. Grande abra\u00e7o, Ricardo Vale \u201cO segredo do sucesso \u00e9 a const\u00e2ncia no objetivo\u201d P.S: Para dicas di\u00e1rias de Direito Constitucional, sigam-me no Instagram [&hellip;]","og_url":"https:\/\/www.estrategiaconcursos.com.br\/blog\/gabarito-extraoficial-tre-rj-direito-constitucional-analista-cargos-ajaj-e-ajaa\/","og_site_name":"Estrat\u00e9gia Concursos","article_author":"https:\/\/www.facebook.com\/rvale01","article_published_time":"2017-11-26T19:11:27+00:00","article_modified_time":"2017-11-26T19:12:21+00:00","author":"Ricardo Vale","twitter_card":"summary_large_image","twitter_creator":"@https:\/\/twitter.com\/EstratConcursos","twitter_site":"@EstratConcursos","twitter_misc":{"Escrito por":"Ricardo Vale","Est. tempo de leitura":"4 minutos"},"schema":{"@context":"https:\/\/schema.org","@graph":[{"@type":"NewsArticle","@id":"https:\/\/www.estrategiaconcursos.com.br\/blog\/gabarito-extraoficial-tre-rj-direito-constitucional-analista-cargos-ajaj-e-ajaa\/#article","isPartOf":{"@id":"https:\/\/www.estrategiaconcursos.com.br\/blog\/gabarito-extraoficial-tre-rj-direito-constitucional-analista-cargos-ajaj-e-ajaa\/"},"author":{"name":"Ricardo Vale","@id":"https:\/\/www.estrategiaconcursos.com.br\/blog\/#\/schema\/person\/c32e47dba2159cafe7796a9569a6ff7e"},"headline":"Gabarito extraoficial TRE-RJ &#8211; Direito Constitucional Analista (Cargos AJAJ e AJAA)","datePublished":"2017-11-26T19:11:27+00:00","dateModified":"2017-11-26T19:12:21+00:00","mainEntityOfPage":{"@id":"https:\/\/www.estrategiaconcursos.com.br\/blog\/gabarito-extraoficial-tre-rj-direito-constitucional-analista-cargos-ajaj-e-ajaa\/"},"wordCount":772,"commentCount":0,"publisher":{"@id":"https:\/\/www.estrategiaconcursos.com.br\/blog\/#organization"},"keywords":["Concurso TRE RJ; gabarito"],"articleSection":["Tribunais"],"inLanguage":"pt-BR","potentialAction":[{"@type":"CommentAction","name":"Comment","target":["https:\/\/www.estrategiaconcursos.com.br\/blog\/gabarito-extraoficial-tre-rj-direito-constitucional-analista-cargos-ajaj-e-ajaa\/#respond"]}],"copyrightYear":"2017","copyrightHolder":{"@id":"https:\/\/www.estrategiaconcursos.com.br\/blog\/#organization"}},{"@type":"WebPage","@id":"https:\/\/www.estrategiaconcursos.com.br\/blog\/gabarito-extraoficial-tre-rj-direito-constitucional-analista-cargos-ajaj-e-ajaa\/","url":"https:\/\/www.estrategiaconcursos.com.br\/blog\/gabarito-extraoficial-tre-rj-direito-constitucional-analista-cargos-ajaj-e-ajaa\/","name":"Gabarito extraoficial TRE-RJ - Direito Constitucional Analista (Cargos AJAJ e AJAA)","isPartOf":{"@id":"https:\/\/www.estrategiaconcursos.com.br\/blog\/#website"},"datePublished":"2017-11-26T19:11:27+00:00","dateModified":"2017-11-26T19:12:21+00:00","breadcrumb":{"@id":"https:\/\/www.estrategiaconcursos.com.br\/blog\/gabarito-extraoficial-tre-rj-direito-constitucional-analista-cargos-ajaj-e-ajaa\/#breadcrumb"},"inLanguage":"pt-BR","potentialAction":[{"@type":"ReadAction","target":["https:\/\/www.estrategiaconcursos.com.br\/blog\/gabarito-extraoficial-tre-rj-direito-constitucional-analista-cargos-ajaj-e-ajaa\/"]}]},{"@type":"BreadcrumbList","@id":"https:\/\/www.estrategiaconcursos.com.br\/blog\/gabarito-extraoficial-tre-rj-direito-constitucional-analista-cargos-ajaj-e-ajaa\/#breadcrumb","itemListElement":[{"@type":"ListItem","position":1,"name":"In\u00edcio","item":"https:\/\/www.estrategiaconcursos.com.br\/blog\/"},{"@type":"ListItem","position":2,"name":"Gabarito extraoficial TRE-RJ &#8211; Direito Constitucional Analista (Cargos AJAJ e AJAA)"}]},{"@type":"WebSite","@id":"https:\/\/www.estrategiaconcursos.com.br\/blog\/#website","url":"https:\/\/www.estrategiaconcursos.com.br\/blog\/","name":"Estrat\u00e9gia Concursos","description":"O blog da Estrat\u00e9gia Concursos traz not\u00edcias sobre concursos e artigos de professores oferecendo cursos para concursos (pdf + videaulas) no site.","publisher":{"@id":"https:\/\/www.estrategiaconcursos.com.br\/blog\/#organization"},"potentialAction":[{"@type":"SearchAction","target":{"@type":"EntryPoint","urlTemplate":"https:\/\/www.estrategiaconcursos.com.br\/blog\/?s={search_term_string}"},"query-input":{"@type":"PropertyValueSpecification","valueRequired":true,"valueName":"search_term_string"}}],"inLanguage":"pt-BR"},{"@type":"Organization","@id":"https:\/\/www.estrategiaconcursos.com.br\/blog\/#organization","name":"Estrat\u00e9gia Concursos","url":"https:\/\/www.estrategiaconcursos.com.br\/blog\/","logo":{"@type":"ImageObject","inLanguage":"pt-BR","@id":"https:\/\/www.estrategiaconcursos.com.br\/blog\/#\/schema\/logo\/image\/","url":"https:\/\/dhg1h5j42swfq.cloudfront.net\/2025\/06\/03203428\/logo_concursos-1.jpg","contentUrl":"https:\/\/dhg1h5j42swfq.cloudfront.net\/2025\/06\/03203428\/logo_concursos-1.jpg","width":230,"height":60,"caption":"Estrat\u00e9gia Concursos"},"image":{"@id":"https:\/\/www.estrategiaconcursos.com.br\/blog\/#\/schema\/logo\/image\/"},"sameAs":["https:\/\/x.com\/EstratConcursos"]},{"@type":"Person","@id":"https:\/\/www.estrategiaconcursos.com.br\/blog\/#\/schema\/person\/c32e47dba2159cafe7796a9569a6ff7e","name":"Ricardo Vale","image":{"@type":"ImageObject","inLanguage":"pt-BR","@id":"https:\/\/secure.gravatar.com\/avatar\/e5a5658c798bb49dd53314263f59f38c192d73370fb65839a372c2ae9027be74?s=96&d=mm&r=g","url":"https:\/\/secure.gravatar.com\/avatar\/e5a5658c798bb49dd53314263f59f38c192d73370fb65839a372c2ae9027be74?s=96&d=mm&r=g","contentUrl":"https:\/\/secure.gravatar.com\/avatar\/e5a5658c798bb49dd53314263f59f38c192d73370fb65839a372c2ae9027be74?s=96&d=mm&r=g","caption":"Ricardo Vale"},"sameAs":["https:\/\/www.facebook.com\/rvale01","https:\/\/x.com\/https:\/\/twitter.com\/EstratConcursos"],"url":"https:\/\/www.estrategiaconcursos.com.br\/blog\/author\/ricardovaleestrategiaconcursos-com-br\/"}]}},"_links":{"self":[{"href":"https:\/\/www.estrategiaconcursos.com.br\/blog\/wp-json\/wp\/v2\/posts\/96807","targetHints":{"allow":["GET"]}}],"collection":[{"href":"https:\/\/www.estrategiaconcursos.com.br\/blog\/wp-json\/wp\/v2\/posts"}],"about":[{"href":"https:\/\/www.estrategiaconcursos.com.br\/blog\/wp-json\/wp\/v2\/types\/post"}],"author":[{"embeddable":true,"href":"https:\/\/www.estrategiaconcursos.com.br\/blog\/wp-json\/wp\/v2\/users\/26"}],"replies":[{"embeddable":true,"href":"https:\/\/www.estrategiaconcursos.com.br\/blog\/wp-json\/wp\/v2\/comments?post=96807"}],"version-history":[{"count":2,"href":"https:\/\/www.estrategiaconcursos.com.br\/blog\/wp-json\/wp\/v2\/posts\/96807\/revisions"}],"predecessor-version":[{"id":96818,"href":"https:\/\/www.estrategiaconcursos.com.br\/blog\/wp-json\/wp\/v2\/posts\/96807\/revisions\/96818"}],"wp:attachment":[{"href":"https:\/\/www.estrategiaconcursos.com.br\/blog\/wp-json\/wp\/v2\/media?parent=96807"}],"wp:term":[{"taxonomy":"category","embeddable":true,"href":"https:\/\/www.estrategiaconcursos.com.br\/blog\/wp-json\/wp\/v2\/categories?post=96807"},{"taxonomy":"post_tag","embeddable":true,"href":"https:\/\/www.estrategiaconcursos.com.br\/blog\/wp-json\/wp\/v2\/tags?post=96807"},{"taxonomy":"tax_estado","embeddable":true,"href":"https:\/\/www.estrategiaconcursos.com.br\/blog\/wp-json\/wp\/v2\/tax_estado?post=96807"}],"curies":[{"name":"wp","href":"https:\/\/api.w.org\/{rel}","templated":true}]}}