{"id":96798,"date":"2017-11-26T16:03:34","date_gmt":"2017-11-26T19:03:34","guid":{"rendered":"https:\/\/www.estrategiaconcursos.com.br\/blog\/?p=96798"},"modified":"2017-11-26T16:05:28","modified_gmt":"2017-11-26T19:05:28","slug":"gabarito-tre-rj-penal-e-processo-penal-ajaj-ajaa-extraoficial","status":"publish","type":"post","link":"https:\/\/www.estrategiaconcursos.com.br\/blog\/gabarito-tre-rj-penal-e-processo-penal-ajaj-ajaa-extraoficial\/","title":{"rendered":"GABARITO TRE-RJ &#8211; Penal e Processo Penal (AJAJ\/AJAA) &#8211; EXTRAOFICIAL"},"content":{"rendered":"<p style=\"text-align: center\"><span style=\"color: #0000ff\"><b>GABARITO EXTRAOFICIAL TRE-RJ &#8211; PENAL E PROCESSO PENAL (AJAJ e AJAA)<\/b><\/span><\/p>\n<p>Ol\u00e1, pessoal<\/p>\n<p>Para quem n\u00e3o me conhece ainda, meu nome \u00e9 <strong>Renan Araujo<\/strong> e sou professor aqui no Estrat\u00e9gia Concursos, lecionando as mat\u00e9rias de Direito Penal e Processual Penal.<\/p>\n<p>Neste artigo vamos comentar as quest\u00f5es de Direito Penal e Direito Processual Penal \u00a0que foram cobradas hoje pela CONSULPLAN, na<strong>\u00a0prova para os cargos de Analista Judici\u00e1rio &#8211; \u00c1rea Judici\u00e1ria e Analista Judici\u00e1rio &#8211; \u00c1rea Administrativa do TRE-RJ.<\/strong><\/p>\n<p>A prova teve um bom n\u00edvel, e quem estudou pelo nosso curso com certeza se saiu\u00a0bem. A Banca cobrou doutrina leve, alguma jurisprud\u00eancia e, primordialmente, &#8220;lei seca&#8221;.<\/p>\n<p><span style=\"color: #ff0000\"><strong>OBSERVA\u00c7\u00c3O IMPORTANTE:<\/strong><\/span> As quest\u00f5es de AJAJ e AJAA foram id\u00eanticas, variando apenas a numera\u00e7\u00e3o de prova para prova. A numera\u00e7\u00e3o indicada se refere \u00e0 numera\u00e7\u00e3o estabelecida na prova utilizada para elaborar os coment\u00e1rios. Verifique qual foi a numera\u00e7\u00e3o na sua prova.<\/p>\n<p>Vamos aos coment\u00e1rios:<\/p>\n<p>__________________<\/p>\n<p><span style=\"color: #ff0000\"><strong>PENAL<\/strong><\/span><\/p>\n<p><img loading=\"lazy\" decoding=\"async\" class=\"aligncenter wp-image-96800\" src=\"https:\/\/dhg1h5j42swfq.cloudfront.net\/2017\/11\/26160113\/TRE-RJ-AJAJAJAA-48-49.png\" alt=\"\" width=\"467\" height=\"131\" srcset=\"https:\/\/dhg1h5j42swfq.cloudfront.net\/2017\/11\/26160113\/TRE-RJ-AJAJAJAA-48-49.png 774w, https:\/\/dhg1h5j42swfq.cloudfront.net\/2017\/11\/26160113\/TRE-RJ-AJAJAJAA-48-49.png 300w, https:\/\/dhg1h5j42swfq.cloudfront.net\/2017\/11\/26160113\/TRE-RJ-AJAJAJAA-48-49.png 768w, https:\/\/dhg1h5j42swfq.cloudfront.net\/2017\/11\/26160113\/TRE-RJ-AJAJAJAA-48-49.png 610w\" sizes=\"auto, (max-width: 467px) 100vw, 467px\" \/><\/p>\n<p>&nbsp;<\/p>\n<ol start=\"48\">\n<li style=\"text-align: justify\"><strong> (CONSULPLAN \u2013 2017 \u2013 TRE-RJ \u2013 AJAJ\/AJAA)<\/strong><\/li>\n<\/ol>\n<p style=\"text-align: justify\"><strong>COMENT\u00c1RIOS: <\/strong>Neste caso, temos a ado\u00e7\u00e3o, pelo CP, do sistema vicariante, segundo o qual o Juiz, no caso de semi-imputabilidade, aplica a pena privativa de liberdade e pode, a depender das circunst\u00e2ncias, substitu\u00ed-la pela medida de seguran\u00e7a, da\u00ed o nome \u201csistema vicariante\u201d. N\u00e3o h\u00e1 mais possibilidade de cumprimento de pena privativa de liberdade e, em sequ\u00eancia, de medida de seguran\u00e7a (antigo sistema do duplo bin\u00e1rio).<\/p>\n<p style=\"text-align: justify\"><span style=\"color: #0000ff\"><strong>Portanto, a ALTERNATIVA CORRETA \u00c9 A LETRA A.<\/strong><\/span><\/p>\n<ol style=\"text-align: justify\" start=\"49\">\n<li><strong> (CONSULPLAN \u2013 2017 \u2013 TRE-RJ \u2013 AJAJ\/AJAA)<\/strong><\/li>\n<\/ol>\n<p style=\"text-align: justify\"><strong>COMENT\u00c1RIOS: <\/strong>Neste caso teremos a teoria da acessoriedade limitada, adotada pelo nosso CP, de acordo com a Doutrina majorit\u00e1ria. Tal teoria estabelece que, no concurso de agentes, para que o part\u00edcipe seja punido a conduta do autor deve ser, pelo menos, um fato t\u00edpico e il\u00edcito.<\/p>\n<p style=\"text-align: justify\"><span style=\"color: #0000ff\"><strong>Portanto, a ALTERNATIVA CORRETA \u00c9 A LETRA D.<\/strong><\/span><\/p>\n<p>&nbsp;<\/p>\n<p><img loading=\"lazy\" decoding=\"async\" class=\"aligncenter wp-image-96801\" src=\"https:\/\/dhg1h5j42swfq.cloudfront.net\/2017\/11\/26160115\/TRE-RJ-AJAJAJAA-50.png\" alt=\"\" width=\"473\" height=\"142\" srcset=\"https:\/\/dhg1h5j42swfq.cloudfront.net\/2017\/11\/26160115\/TRE-RJ-AJAJAJAA-50.png 775w, https:\/\/dhg1h5j42swfq.cloudfront.net\/2017\/11\/26160115\/TRE-RJ-AJAJAJAA-50.png 300w, https:\/\/dhg1h5j42swfq.cloudfront.net\/2017\/11\/26160115\/TRE-RJ-AJAJAJAA-50.png 768w, https:\/\/dhg1h5j42swfq.cloudfront.net\/2017\/11\/26160115\/TRE-RJ-AJAJAJAA-50.png 610w\" sizes=\"auto, (max-width: 473px) 100vw, 473px\" \/><\/p>\n<ol style=\"text-align: justify\" start=\"50\">\n<li><strong> (CONSULPLAN \u2013 2017 \u2013 TRE-RJ \u2013 AJAJ\/AJAA)<\/strong><\/li>\n<\/ol>\n<p style=\"text-align: justify\"><strong>COMENT\u00c1RIOS: <\/strong><\/p>\n<p style=\"text-align: justify\">I \u2013 CORRETA: Item correto, pois tal previs\u00e3o est\u00e1 contida no art. 33, \u00a7\u00fanico, I, da Lei 9.605\/98.<\/p>\n<p style=\"text-align: justify\">II \u2013 CORRETA: Item correto, pois tal previs\u00e3o est\u00e1 contida no art. 33, \u00a7\u00fanico, II, da Lei 9.605\/98.<\/p>\n<p style=\"text-align: justify\">I \u2013 CORRETA: Item correto, pois tal previs\u00e3o est\u00e1 contida no art. 33, \u00a7\u00fanico, III, da Lei 9.605\/98.<\/p>\n<p style=\"text-align: justify\">Vemos, assim, que todas as afirmativas est\u00e3o corretas.<\/p>\n<p style=\"text-align: justify\"><span style=\"color: #0000ff\"><strong>Portanto, a ALTERNATIVA CORRETA \u00c9 A LETRA A.<\/strong><\/span><\/p>\n<p style=\"text-align: justify\"><strong>\u00a0<\/strong><\/p>\n<p>&nbsp;<\/p>\n<p><img loading=\"lazy\" decoding=\"async\" class=\"aligncenter  wp-image-96802\" src=\"https:\/\/dhg1h5j42swfq.cloudfront.net\/2017\/11\/26160117\/TRE-RJ-AJAJAJAA-51-52.png\" alt=\"\" width=\"516\" height=\"129\" srcset=\"https:\/\/dhg1h5j42swfq.cloudfront.net\/2017\/11\/26160117\/TRE-RJ-AJAJAJAA-51-52.png 775w, https:\/\/dhg1h5j42swfq.cloudfront.net\/2017\/11\/26160117\/TRE-RJ-AJAJAJAA-51-52.png 300w, https:\/\/dhg1h5j42swfq.cloudfront.net\/2017\/11\/26160117\/TRE-RJ-AJAJAJAA-51-52.png 768w, https:\/\/dhg1h5j42swfq.cloudfront.net\/2017\/11\/26160117\/TRE-RJ-AJAJAJAA-51-52.png 610w\" sizes=\"auto, (max-width: 516px) 100vw, 516px\" \/><\/p>\n<ol style=\"text-align: justify\" start=\"51\">\n<li><strong> (CONSULPLAN \u2013 2017 \u2013 TRE-RJ \u2013 AJAJ\/AJAA)<\/strong><\/li>\n<\/ol>\n<p style=\"text-align: justify\"><strong>COMENT\u00c1RIOS: <\/strong>Neste caso teremos autoria colateral, e n\u00e3o coautoria, pois os agentes n\u00e3o se encontram unidos por um v\u00ednculo subjetivo, agindo cada um de forma isolada, embora com a mesma inten\u00e7\u00e3o em rela\u00e7\u00e3o ao resultado.<\/p>\n<p style=\"text-align: justify\"><span style=\"color: #0000ff\"><strong>Portanto, a ALTERNATIVA CORRETA \u00c9 A LETRA B.<\/strong><\/span><\/p>\n<p style=\"text-align: justify\"><strong>\u00a0<\/strong><\/p>\n<ol style=\"text-align: justify\" start=\"52\">\n<li><strong> (CONSULPLAN \u2013 2017 \u2013 TRE-RJ \u2013 AJAJ\/AJAA)<\/strong><\/li>\n<\/ol>\n<p style=\"text-align: justify\"><strong>COMENT\u00c1RIOS: <\/strong>O CP adota, em rela\u00e7\u00e3o ao tempo do crime, a teoria da atividade, prevista no art. 4\u00ba do CP, segundo a qual considera-se praticado o crime no momento da conduta (a\u00e7\u00e3o ou omiss\u00e3o), ainda que outro seja o momento do resultado.<\/p>\n<p style=\"text-align: justify\"><span style=\"color: #0000ff\"><strong>Portanto, a ALTERNATIVA CORRETA \u00c9 A LETRA B.<\/strong><\/span><\/p>\n<p style=\"text-align: justify\"><strong>\u00a0\u00a0\u00a0\u00a0\u00a0\u00a0\u00a0\u00a0\u00a0\u00a0 <\/strong><strong>\u00a0<\/strong><\/p>\n<p>&nbsp;<\/p>\n<p style=\"text-align: justify\"><span style=\"color: #ff0000\"><strong>PROCESSO PENAL<\/strong><\/span><\/p>\n<p>&nbsp;<\/p>\n<p style=\"text-align: justify\"><strong><img loading=\"lazy\" decoding=\"async\" class=\"aligncenter  wp-image-96803\" src=\"https:\/\/dhg1h5j42swfq.cloudfront.net\/2017\/11\/26160118\/TRE-RJ-AJAJAJAA-53.png\" alt=\"\" width=\"436\" height=\"93\" srcset=\"https:\/\/dhg1h5j42swfq.cloudfront.net\/2017\/11\/26160118\/TRE-RJ-AJAJAJAA-53.png 780w, https:\/\/dhg1h5j42swfq.cloudfront.net\/2017\/11\/26160118\/TRE-RJ-AJAJAJAA-53.png 300w, https:\/\/dhg1h5j42swfq.cloudfront.net\/2017\/11\/26160118\/TRE-RJ-AJAJAJAA-53.png 768w, https:\/\/dhg1h5j42swfq.cloudfront.net\/2017\/11\/26160118\/TRE-RJ-AJAJAJAA-53.png 610w\" sizes=\"auto, (max-width: 436px) 100vw, 436px\" \/>\u00a0<\/strong><\/p>\n<ol style=\"text-align: justify\" start=\"53\">\n<li><strong> (CONSULPLAN \u2013 2017 \u2013 TRE-RJ \u2013 AJAJ\/AJAA)<\/strong><\/li>\n<\/ol>\n<p style=\"text-align: justify\"><strong>COMENT\u00c1RIOS: <\/strong>No processo penal, diferentemente do que ocorre no processo civil, os prazos processuais s\u00e3o contados a partir da ci\u00eancia pela parte, ou seja, t\u00eam como termo inicial a data da intima\u00e7\u00e3o, e n\u00e3o a data da juntada aos autos do mandado ou da carta precat\u00f3ria ou de ordem.<\/p>\n<p style=\"text-align: justify\">Este entendimento, inclusive, est\u00e1 sumulado pelo STF (s\u00famula 710).<\/p>\n<p style=\"text-align: justify\"><span style=\"color: #0000ff\"><strong>Portanto, a ALTERNATIVA CORRETA \u00c9 A LETRA D.<\/strong><\/span><\/p>\n<p style=\"text-align: justify\"><strong>\u00a0<\/strong><\/p>\n<p><img loading=\"lazy\" decoding=\"async\" class=\"aligncenter  wp-image-96804\" src=\"https:\/\/dhg1h5j42swfq.cloudfront.net\/2017\/11\/26160121\/TRE-RJ-AJAJAJAA-54-55-.png\" alt=\"\" width=\"419\" height=\"239\" srcset=\"https:\/\/dhg1h5j42swfq.cloudfront.net\/2017\/11\/26160121\/TRE-RJ-AJAJAJAA-54-55-.png 769w, https:\/\/dhg1h5j42swfq.cloudfront.net\/2017\/11\/26160121\/TRE-RJ-AJAJAJAA-54-55-.png 300w, https:\/\/dhg1h5j42swfq.cloudfront.net\/2017\/11\/26160121\/TRE-RJ-AJAJAJAA-54-55-.png 768w, https:\/\/dhg1h5j42swfq.cloudfront.net\/2017\/11\/26160121\/TRE-RJ-AJAJAJAA-54-55-.png 610w\" sizes=\"auto, (max-width: 419px) 100vw, 419px\" \/><\/p>\n<p style=\"text-align: justify\"><strong>\u00a0<\/strong><\/p>\n<ol style=\"text-align: justify\" start=\"54\">\n<li><strong> (CONSULPLAN \u2013 2017 \u2013 TRE-RJ \u2013 AJAJ\/AJAA)<\/strong><\/li>\n<\/ol>\n<p style=\"text-align: justify\"><strong>COMENT\u00c1RIOS: <\/strong><\/p>\n<p style=\"text-align: justify\">I \u2013 ERRADA: Item errado, pois o IP \u00e9 um procedimento DISPENS\u00c1VEL ao oferecimento da den\u00fancia.<\/p>\n<p style=\"text-align: justify\">II \u2013 ERRADA: Item errado, pois a autoridade policial N\u00c3O pode mandar arquivar os autos do IP, na forma do art. 17 do CPP.<\/p>\n<p style=\"text-align: justify\">III \u2013 CORRETA: Item correto, pois o arquivamento do IP por falta de base para a den\u00fancia n\u00e3o faz coisa julgada material, podendo a autoridade policial proceder a novas dilig\u00eancias, se tiver not\u00edcia de prova nova, na forma do art. 18 do CPP.<\/p>\n<p style=\"text-align: justify\">IV \u2013 CORRETA: Item correto, pois este \u00e9 o exato procedimento estabelecido pelo art. 28 do CPP.<\/p>\n<p style=\"text-align: justify\"><span style=\"color: #0000ff\"><strong>Portanto, a ALTERNATIVA CORRETA \u00c9 A LETRA D.<\/strong><\/span><\/p>\n<p style=\"text-align: justify\"><strong>\u00a0<\/strong><\/p>\n<ol style=\"text-align: justify\" start=\"55\">\n<li><strong> (CONSULPLAN \u2013 2017 \u2013 TRE-RJ \u2013 AJAJ\/AJAA)<\/strong><\/li>\n<\/ol>\n<p style=\"text-align: justify\"><strong>COMENT\u00c1RIOS: <\/strong><\/p>\n<p style=\"text-align: justify\">I \u2013 ERRADA: N\u00e3o h\u00e1 qualquer impossibilidade de manejo de a\u00e7\u00e3o penal privada subsidi\u00e1ria da p\u00fablica apenas pelo fato de se tratar de crime cometido com viol\u00eancia ou grave amea\u00e7a \u00e0 pessoa.<\/p>\n<p style=\"text-align: justify\">II \u2013 ERRADA: Item errado, pois a representa\u00e7\u00e3o \u00e9 exigida nos crimes de a\u00e7\u00e3o penal P\u00daBLICA CONDICIONADA. Na a\u00e7\u00e3o penal privada cabe \u00e0 pr\u00f3pria v\u00edtima ajuizar a a\u00e7\u00e3o penal.<\/p>\n<p style=\"text-align: justify\">III \u2013 CORRETA: Item correto, pois neste caso n\u00e3o haver\u00e1 in\u00e9rcia por parte do MP, na forma do art. 29 do CPP.<\/p>\n<p style=\"text-align: justify\">IV \u2013 CORRETA: Item correto, pois na a\u00e7\u00e3o penal privada subsidi\u00e1ria da p\u00fablica a neglig\u00eancia do querelante n\u00e3o gera a extin\u00e7\u00e3o da punibilidade, mas o MP, neste caso, retoma a a\u00e7\u00e3o como parte principal, na forma do art. 29 do CPP.<\/p>\n<p style=\"text-align: justify\"><span style=\"color: #0000ff\"><strong>Portanto, a ALTERNATIVA CORRETA \u00c9 A LETRA D.<\/strong><\/span><\/p>\n<p style=\"text-align: justify\"><strong>\u00a0<\/strong><\/p>\n<p><img loading=\"lazy\" decoding=\"async\" class=\"aligncenter  wp-image-96805\" src=\"https:\/\/dhg1h5j42swfq.cloudfront.net\/2017\/11\/26160123\/TRE-RJ-AJAJAJAA-56.png\" alt=\"\" width=\"462\" height=\"114\" srcset=\"https:\/\/dhg1h5j42swfq.cloudfront.net\/2017\/11\/26160123\/TRE-RJ-AJAJAJAA-56.png 768w, https:\/\/dhg1h5j42swfq.cloudfront.net\/2017\/11\/26160123\/TRE-RJ-AJAJAJAA-56.png 300w, https:\/\/dhg1h5j42swfq.cloudfront.net\/2017\/11\/26160123\/TRE-RJ-AJAJAJAA-56.png 610w\" sizes=\"auto, (max-width: 462px) 100vw, 462px\" \/><\/p>\n<p style=\"text-align: justify\"><strong>\u00a0<\/strong><\/p>\n<ol style=\"text-align: justify\" start=\"56\">\n<li><strong> (CONSULPLAN \u2013 2017 \u2013 TRE-RJ \u2013 AJAJ\/AJAA)<\/strong><\/li>\n<\/ol>\n<p style=\"text-align: justify\"><strong>COMENT\u00c1RIOS: <\/strong><\/p>\n<p style=\"text-align: justify\">a) CORRETA: Item correto, nos termos do art. 358 do CPP.<\/p>\n<p style=\"text-align: justify\">b) CORRETA: Item correto, pois a cita\u00e7\u00e3o do acusado faz completar-se a rela\u00e7\u00e3o jur\u00eddico-processual, de forma que neste momento o processo se encontra devidamente formado.<\/p>\n<p style=\"text-align: justify\">c) CORRETA: Item correto, pois esta \u00e9 a exata previs\u00e3o contida no art. 362 do CPP.<\/p>\n<p style=\"text-align: justify\">d) ERRADA: Item errado, pois, no caso de r\u00e9u revel citado por edital, ficar\u00e3o suspensos o processo e o CURSO DO PRAZO PRESCRICIONAL, na forma do art. 366 do CPP.<\/p>\n<p style=\"text-align: justify\"><span style=\"color: #ff0000\"><strong>Portanto, a ALTERNATIVA INCORRETA \u00c9 A LETRA D.<\/strong><\/span><\/p>\n<p>&nbsp;<\/p>\n<p>__________________<\/p>\n<p>Se voc\u00ea quer conhecer mais do meu trabalho aqui no Estrat\u00e9gia Concursos, <a href=\"https:\/\/www.estrategiaconcursos.com.br\/cursosPorProfessor\/renan-araujo-3209\/\">clique aqui<\/a> e baixe, gratuitamente, as aulas demonstrativas dos meus cursos.<\/p>\n<p><strong>Bons estudos!<\/strong><\/p>\n<p><strong>Prof. Renan Araujo<\/strong><\/p>\n<p><strong>E-mail:\u00a0<\/strong><a href=\"mailto:profrenanaraujo@gmail.com\"><strong>prof<\/strong><\/a><strong>renanaraujo@gmail.com<\/strong><\/p>\n<p><strong>Periscope: @profrenanaraujo\u00a0<\/strong><\/p>\n<p><strong>Facebook:\u00a0<\/strong><a href=\"http:\/\/www.facebook.com\/profrenanaraujoestrategia\"><strong>www.facebook.com\/profrenanaraujoestrategia<\/strong><\/a><\/p>\n<p><strong>Instagram:\u00a0<\/strong><a href=\"http:\/\/www.instagram.com\/profrenanaraujo\/?hl=pt-br\"><strong>www.instagram.com\/profrenanaraujo\/?hl=pt-br<\/strong><\/a><\/p>\n<p><strong>Youtube:\u00a0<\/strong><a href=\"http:\/\/www.youtube.com\/channel\/UClIFS2cyREWT35OELN8wcFQ\"><strong>www.youtube.com\/channel\/UClIFS2cyREWT35OELN8wcFQ<\/strong><\/a><\/p>\n","protected":false},"excerpt":{"rendered":"<p>GABARITO EXTRAOFICIAL TRE-RJ &#8211; PENAL E PROCESSO PENAL (AJAJ e AJAA) Ol\u00e1, pessoal Para quem n\u00e3o me conhece ainda, meu nome \u00e9 Renan Araujo e sou professor aqui no Estrat\u00e9gia Concursos, lecionando as mat\u00e9rias de Direito Penal e Processual Penal. Neste artigo vamos comentar as quest\u00f5es de Direito Penal e Direito Processual Penal \u00a0que foram [&hellip;]<\/p>\n","protected":false},"author":39,"featured_media":0,"comment_status":"open","ping_status":"closed","sticky":false,"template":"","format":"standard","meta":{"post_tipo":"article","footnotes":""},"categories":[1],"tags":[],"tax_estado":[],"class_list":["post-96798","post","type-post","status-publish","format-standard","hentry","category-cursos-e-concursos"],"acf":[],"yoast_head":"<!-- This site is optimized with the Yoast SEO Premium plugin v27.2 (Yoast SEO v27.2) - https:\/\/yoast.com\/product\/yoast-seo-premium-wordpress\/ -->\n<title>GABARITO TRE-RJ - Penal e Processo Penal (AJAJ\/AJAA) - EXTRAOFICIAL<\/title>\n<meta name=\"description\" content=\"GABARITO TRE-RJ - Coment\u00e1rios do Prof. Renan Araujo \u00e0s quest\u00f5es de penal e processo penal do concurso para o TRE-RJ - CONSULPLAN\" \/>\n<meta name=\"robots\" content=\"index, follow, max-snippet:-1, max-image-preview:large, max-video-preview:-1\" \/>\n<link rel=\"canonical\" href=\"https:\/\/www.estrategiaconcursos.com.br\/blog\/gabarito-tre-rj-penal-e-processo-penal-ajaj-ajaa-extraoficial\/\" \/>\n<meta property=\"og:locale\" content=\"pt_BR\" \/>\n<meta property=\"og:type\" content=\"article\" \/>\n<meta property=\"og:title\" content=\"GABARITO TRE-RJ - Penal e Processo Penal (AJAJ\/AJAA) - EXTRAOFICIAL\" \/>\n<meta property=\"og:description\" content=\"GABARITO TRE-RJ - Coment\u00e1rios do Prof. Renan Araujo \u00e0s quest\u00f5es de penal e processo penal do concurso para o TRE-RJ - CONSULPLAN\" \/>\n<meta property=\"og:url\" content=\"https:\/\/www.estrategiaconcursos.com.br\/blog\/gabarito-tre-rj-penal-e-processo-penal-ajaj-ajaa-extraoficial\/\" \/>\n<meta property=\"og:site_name\" content=\"Estrat\u00e9gia Concursos\" \/>\n<meta property=\"article:published_time\" content=\"2017-11-26T19:03:34+00:00\" \/>\n<meta property=\"article:modified_time\" content=\"2017-11-26T19:05:28+00:00\" \/>\n<meta property=\"og:image\" content=\"https:\/\/www.estrategiaconcursos.com.br\/blog\/wp-content\/uploads\/2017\/11\/TRE-RJ-AJAJAJAA-48-49-300x84.png\" \/>\n<meta name=\"author\" content=\"Renan Araujo\" \/>\n<meta name=\"twitter:card\" content=\"summary_large_image\" \/>\n<meta name=\"twitter:creator\" content=\"@EstratConcursos\" \/>\n<meta name=\"twitter:site\" content=\"@EstratConcursos\" \/>\n<meta name=\"twitter:label1\" content=\"Escrito por\" \/>\n\t<meta name=\"twitter:data1\" content=\"Renan Araujo\" \/>\n\t<meta name=\"twitter:label2\" content=\"Est. tempo de leitura\" \/>\n\t<meta name=\"twitter:data2\" content=\"5 minutos\" \/>\n<script type=\"application\/ld+json\" class=\"yoast-schema-graph\">{\"@context\":\"https:\/\/schema.org\",\"@graph\":[{\"@type\":\"NewsArticle\",\"@id\":\"https:\/\/www.estrategiaconcursos.com.br\/blog\/gabarito-tre-rj-penal-e-processo-penal-ajaj-ajaa-extraoficial\/#article\",\"isPartOf\":{\"@id\":\"https:\/\/www.estrategiaconcursos.com.br\/blog\/gabarito-tre-rj-penal-e-processo-penal-ajaj-ajaa-extraoficial\/\"},\"author\":{\"name\":\"Renan Araujo\",\"@id\":\"https:\/\/www.estrategiaconcursos.com.br\/blog\/#\/schema\/person\/1a7a7af72da82939a6308b2ee292162b\"},\"headline\":\"GABARITO TRE-RJ &#8211; Penal e Processo Penal (AJAJ\/AJAA) &#8211; EXTRAOFICIAL\",\"datePublished\":\"2017-11-26T19:03:34+00:00\",\"dateModified\":\"2017-11-26T19:05:28+00:00\",\"mainEntityOfPage\":{\"@id\":\"https:\/\/www.estrategiaconcursos.com.br\/blog\/gabarito-tre-rj-penal-e-processo-penal-ajaj-ajaa-extraoficial\/\"},\"wordCount\":1002,\"commentCount\":0,\"publisher\":{\"@id\":\"https:\/\/www.estrategiaconcursos.com.br\/blog\/#organization\"},\"image\":{\"@id\":\"https:\/\/www.estrategiaconcursos.com.br\/blog\/gabarito-tre-rj-penal-e-processo-penal-ajaj-ajaa-extraoficial\/#primaryimage\"},\"thumbnailUrl\":\"https:\/\/www.estrategiaconcursos.com.br\/blog\/wp-content\/uploads\/2017\/11\/TRE-RJ-AJAJAJAA-48-49-300x84.png\",\"articleSection\":[\"Concursos P\u00fablicos\"],\"inLanguage\":\"pt-BR\",\"potentialAction\":[{\"@type\":\"CommentAction\",\"name\":\"Comment\",\"target\":[\"https:\/\/www.estrategiaconcursos.com.br\/blog\/gabarito-tre-rj-penal-e-processo-penal-ajaj-ajaa-extraoficial\/#respond\"]}],\"copyrightYear\":\"2017\",\"copyrightHolder\":{\"@id\":\"https:\/\/www.estrategiaconcursos.com.br\/blog\/#organization\"}},{\"@type\":\"WebPage\",\"@id\":\"https:\/\/www.estrategiaconcursos.com.br\/blog\/gabarito-tre-rj-penal-e-processo-penal-ajaj-ajaa-extraoficial\/\",\"url\":\"https:\/\/www.estrategiaconcursos.com.br\/blog\/gabarito-tre-rj-penal-e-processo-penal-ajaj-ajaa-extraoficial\/\",\"name\":\"GABARITO TRE-RJ - Penal e Processo Penal (AJAJ\/AJAA) - EXTRAOFICIAL\",\"isPartOf\":{\"@id\":\"https:\/\/www.estrategiaconcursos.com.br\/blog\/#website\"},\"primaryImageOfPage\":{\"@id\":\"https:\/\/www.estrategiaconcursos.com.br\/blog\/gabarito-tre-rj-penal-e-processo-penal-ajaj-ajaa-extraoficial\/#primaryimage\"},\"image\":{\"@id\":\"https:\/\/www.estrategiaconcursos.com.br\/blog\/gabarito-tre-rj-penal-e-processo-penal-ajaj-ajaa-extraoficial\/#primaryimage\"},\"thumbnailUrl\":\"https:\/\/www.estrategiaconcursos.com.br\/blog\/wp-content\/uploads\/2017\/11\/TRE-RJ-AJAJAJAA-48-49-300x84.png\",\"datePublished\":\"2017-11-26T19:03:34+00:00\",\"dateModified\":\"2017-11-26T19:05:28+00:00\",\"description\":\"GABARITO TRE-RJ - Coment\u00e1rios do Prof. Renan Araujo \u00e0s quest\u00f5es de penal e processo penal do concurso para o TRE-RJ - CONSULPLAN\",\"breadcrumb\":{\"@id\":\"https:\/\/www.estrategiaconcursos.com.br\/blog\/gabarito-tre-rj-penal-e-processo-penal-ajaj-ajaa-extraoficial\/#breadcrumb\"},\"inLanguage\":\"pt-BR\",\"potentialAction\":[{\"@type\":\"ReadAction\",\"target\":[\"https:\/\/www.estrategiaconcursos.com.br\/blog\/gabarito-tre-rj-penal-e-processo-penal-ajaj-ajaa-extraoficial\/\"]}]},{\"@type\":\"ImageObject\",\"inLanguage\":\"pt-BR\",\"@id\":\"https:\/\/www.estrategiaconcursos.com.br\/blog\/gabarito-tre-rj-penal-e-processo-penal-ajaj-ajaa-extraoficial\/#primaryimage\",\"url\":\"https:\/\/dhg1h5j42swfq.cloudfront.net\/2017\/11\/26160113\/TRE-RJ-AJAJAJAA-48-49.png\",\"contentUrl\":\"https:\/\/dhg1h5j42swfq.cloudfront.net\/2017\/11\/26160113\/TRE-RJ-AJAJAJAA-48-49.png\",\"width\":774,\"height\":217},{\"@type\":\"BreadcrumbList\",\"@id\":\"https:\/\/www.estrategiaconcursos.com.br\/blog\/gabarito-tre-rj-penal-e-processo-penal-ajaj-ajaa-extraoficial\/#breadcrumb\",\"itemListElement\":[{\"@type\":\"ListItem\",\"position\":1,\"name\":\"In\u00edcio\",\"item\":\"https:\/\/www.estrategiaconcursos.com.br\/blog\/\"},{\"@type\":\"ListItem\",\"position\":2,\"name\":\"GABARITO TRE-RJ &#8211; Penal e Processo Penal (AJAJ\/AJAA) &#8211; EXTRAOFICIAL\"}]},{\"@type\":\"WebSite\",\"@id\":\"https:\/\/www.estrategiaconcursos.com.br\/blog\/#website\",\"url\":\"https:\/\/www.estrategiaconcursos.com.br\/blog\/\",\"name\":\"Estrat\u00e9gia Concursos\",\"description\":\"O blog da Estrat\u00e9gia Concursos traz not\u00edcias sobre concursos e artigos de professores oferecendo cursos para concursos (pdf + videaulas) no site.\",\"publisher\":{\"@id\":\"https:\/\/www.estrategiaconcursos.com.br\/blog\/#organization\"},\"potentialAction\":[{\"@type\":\"SearchAction\",\"target\":{\"@type\":\"EntryPoint\",\"urlTemplate\":\"https:\/\/www.estrategiaconcursos.com.br\/blog\/?s={search_term_string}\"},\"query-input\":{\"@type\":\"PropertyValueSpecification\",\"valueRequired\":true,\"valueName\":\"search_term_string\"}}],\"inLanguage\":\"pt-BR\"},{\"@type\":\"Organization\",\"@id\":\"https:\/\/www.estrategiaconcursos.com.br\/blog\/#organization\",\"name\":\"Estrat\u00e9gia Concursos\",\"url\":\"https:\/\/www.estrategiaconcursos.com.br\/blog\/\",\"logo\":{\"@type\":\"ImageObject\",\"inLanguage\":\"pt-BR\",\"@id\":\"https:\/\/www.estrategiaconcursos.com.br\/blog\/#\/schema\/logo\/image\/\",\"url\":\"https:\/\/dhg1h5j42swfq.cloudfront.net\/2025\/06\/03203428\/logo_concursos-1.jpg\",\"contentUrl\":\"https:\/\/dhg1h5j42swfq.cloudfront.net\/2025\/06\/03203428\/logo_concursos-1.jpg\",\"width\":230,\"height\":60,\"caption\":\"Estrat\u00e9gia Concursos\"},\"image\":{\"@id\":\"https:\/\/www.estrategiaconcursos.com.br\/blog\/#\/schema\/logo\/image\/\"},\"sameAs\":[\"https:\/\/x.com\/EstratConcursos\"]},{\"@type\":\"Person\",\"@id\":\"https:\/\/www.estrategiaconcursos.com.br\/blog\/#\/schema\/person\/1a7a7af72da82939a6308b2ee292162b\",\"name\":\"Renan Araujo\",\"image\":{\"@type\":\"ImageObject\",\"inLanguage\":\"pt-BR\",\"@id\":\"https:\/\/secure.gravatar.com\/avatar\/ca6cb9ba5a547fbe93c05c63d6103dff6c2566555a601f1efb8590a69fb9ed76?s=96&d=mm&r=g\",\"url\":\"https:\/\/secure.gravatar.com\/avatar\/ca6cb9ba5a547fbe93c05c63d6103dff6c2566555a601f1efb8590a69fb9ed76?s=96&d=mm&r=g\",\"contentUrl\":\"https:\/\/secure.gravatar.com\/avatar\/ca6cb9ba5a547fbe93c05c63d6103dff6c2566555a601f1efb8590a69fb9ed76?s=96&d=mm&r=g\",\"caption\":\"Renan Araujo\"},\"url\":\"https:\/\/www.estrategiaconcursos.com.br\/blog\/author\/renanaraujoestrategiaconcursos-com-br\/\"}]}<\/script>\n<!-- \/ Yoast SEO Premium plugin. -->","yoast_head_json":{"title":"GABARITO TRE-RJ - Penal e Processo Penal (AJAJ\/AJAA) - EXTRAOFICIAL","description":"GABARITO TRE-RJ - Coment\u00e1rios do Prof. Renan Araujo \u00e0s quest\u00f5es de penal e processo penal do concurso para o TRE-RJ - CONSULPLAN","robots":{"index":"index","follow":"follow","max-snippet":"max-snippet:-1","max-image-preview":"max-image-preview:large","max-video-preview":"max-video-preview:-1"},"canonical":"https:\/\/www.estrategiaconcursos.com.br\/blog\/gabarito-tre-rj-penal-e-processo-penal-ajaj-ajaa-extraoficial\/","og_locale":"pt_BR","og_type":"article","og_title":"GABARITO TRE-RJ - Penal e Processo Penal (AJAJ\/AJAA) - EXTRAOFICIAL","og_description":"GABARITO TRE-RJ - Coment\u00e1rios do Prof. Renan Araujo \u00e0s quest\u00f5es de penal e processo penal do concurso para o TRE-RJ - CONSULPLAN","og_url":"https:\/\/www.estrategiaconcursos.com.br\/blog\/gabarito-tre-rj-penal-e-processo-penal-ajaj-ajaa-extraoficial\/","og_site_name":"Estrat\u00e9gia Concursos","article_published_time":"2017-11-26T19:03:34+00:00","article_modified_time":"2017-11-26T19:05:28+00:00","og_image":[{"url":"https:\/\/www.estrategiaconcursos.com.br\/blog\/wp-content\/uploads\/2017\/11\/TRE-RJ-AJAJAJAA-48-49-300x84.png","type":"","width":"","height":""}],"author":"Renan Araujo","twitter_card":"summary_large_image","twitter_creator":"@EstratConcursos","twitter_site":"@EstratConcursos","twitter_misc":{"Escrito por":"Renan Araujo","Est. tempo de leitura":"5 minutos"},"schema":{"@context":"https:\/\/schema.org","@graph":[{"@type":"NewsArticle","@id":"https:\/\/www.estrategiaconcursos.com.br\/blog\/gabarito-tre-rj-penal-e-processo-penal-ajaj-ajaa-extraoficial\/#article","isPartOf":{"@id":"https:\/\/www.estrategiaconcursos.com.br\/blog\/gabarito-tre-rj-penal-e-processo-penal-ajaj-ajaa-extraoficial\/"},"author":{"name":"Renan Araujo","@id":"https:\/\/www.estrategiaconcursos.com.br\/blog\/#\/schema\/person\/1a7a7af72da82939a6308b2ee292162b"},"headline":"GABARITO TRE-RJ &#8211; Penal e Processo Penal (AJAJ\/AJAA) &#8211; EXTRAOFICIAL","datePublished":"2017-11-26T19:03:34+00:00","dateModified":"2017-11-26T19:05:28+00:00","mainEntityOfPage":{"@id":"https:\/\/www.estrategiaconcursos.com.br\/blog\/gabarito-tre-rj-penal-e-processo-penal-ajaj-ajaa-extraoficial\/"},"wordCount":1002,"commentCount":0,"publisher":{"@id":"https:\/\/www.estrategiaconcursos.com.br\/blog\/#organization"},"image":{"@id":"https:\/\/www.estrategiaconcursos.com.br\/blog\/gabarito-tre-rj-penal-e-processo-penal-ajaj-ajaa-extraoficial\/#primaryimage"},"thumbnailUrl":"https:\/\/www.estrategiaconcursos.com.br\/blog\/wp-content\/uploads\/2017\/11\/TRE-RJ-AJAJAJAA-48-49-300x84.png","articleSection":["Concursos P\u00fablicos"],"inLanguage":"pt-BR","potentialAction":[{"@type":"CommentAction","name":"Comment","target":["https:\/\/www.estrategiaconcursos.com.br\/blog\/gabarito-tre-rj-penal-e-processo-penal-ajaj-ajaa-extraoficial\/#respond"]}],"copyrightYear":"2017","copyrightHolder":{"@id":"https:\/\/www.estrategiaconcursos.com.br\/blog\/#organization"}},{"@type":"WebPage","@id":"https:\/\/www.estrategiaconcursos.com.br\/blog\/gabarito-tre-rj-penal-e-processo-penal-ajaj-ajaa-extraoficial\/","url":"https:\/\/www.estrategiaconcursos.com.br\/blog\/gabarito-tre-rj-penal-e-processo-penal-ajaj-ajaa-extraoficial\/","name":"GABARITO TRE-RJ - Penal e Processo Penal (AJAJ\/AJAA) - EXTRAOFICIAL","isPartOf":{"@id":"https:\/\/www.estrategiaconcursos.com.br\/blog\/#website"},"primaryImageOfPage":{"@id":"https:\/\/www.estrategiaconcursos.com.br\/blog\/gabarito-tre-rj-penal-e-processo-penal-ajaj-ajaa-extraoficial\/#primaryimage"},"image":{"@id":"https:\/\/www.estrategiaconcursos.com.br\/blog\/gabarito-tre-rj-penal-e-processo-penal-ajaj-ajaa-extraoficial\/#primaryimage"},"thumbnailUrl":"https:\/\/www.estrategiaconcursos.com.br\/blog\/wp-content\/uploads\/2017\/11\/TRE-RJ-AJAJAJAA-48-49-300x84.png","datePublished":"2017-11-26T19:03:34+00:00","dateModified":"2017-11-26T19:05:28+00:00","description":"GABARITO TRE-RJ - Coment\u00e1rios do Prof. Renan Araujo \u00e0s quest\u00f5es de penal e processo penal do concurso para o TRE-RJ - CONSULPLAN","breadcrumb":{"@id":"https:\/\/www.estrategiaconcursos.com.br\/blog\/gabarito-tre-rj-penal-e-processo-penal-ajaj-ajaa-extraoficial\/#breadcrumb"},"inLanguage":"pt-BR","potentialAction":[{"@type":"ReadAction","target":["https:\/\/www.estrategiaconcursos.com.br\/blog\/gabarito-tre-rj-penal-e-processo-penal-ajaj-ajaa-extraoficial\/"]}]},{"@type":"ImageObject","inLanguage":"pt-BR","@id":"https:\/\/www.estrategiaconcursos.com.br\/blog\/gabarito-tre-rj-penal-e-processo-penal-ajaj-ajaa-extraoficial\/#primaryimage","url":"https:\/\/dhg1h5j42swfq.cloudfront.net\/2017\/11\/26160113\/TRE-RJ-AJAJAJAA-48-49.png","contentUrl":"https:\/\/dhg1h5j42swfq.cloudfront.net\/2017\/11\/26160113\/TRE-RJ-AJAJAJAA-48-49.png","width":774,"height":217},{"@type":"BreadcrumbList","@id":"https:\/\/www.estrategiaconcursos.com.br\/blog\/gabarito-tre-rj-penal-e-processo-penal-ajaj-ajaa-extraoficial\/#breadcrumb","itemListElement":[{"@type":"ListItem","position":1,"name":"In\u00edcio","item":"https:\/\/www.estrategiaconcursos.com.br\/blog\/"},{"@type":"ListItem","position":2,"name":"GABARITO TRE-RJ &#8211; Penal e Processo Penal (AJAJ\/AJAA) &#8211; EXTRAOFICIAL"}]},{"@type":"WebSite","@id":"https:\/\/www.estrategiaconcursos.com.br\/blog\/#website","url":"https:\/\/www.estrategiaconcursos.com.br\/blog\/","name":"Estrat\u00e9gia Concursos","description":"O blog da Estrat\u00e9gia Concursos traz not\u00edcias sobre concursos e artigos de professores oferecendo cursos para concursos (pdf + videaulas) no site.","publisher":{"@id":"https:\/\/www.estrategiaconcursos.com.br\/blog\/#organization"},"potentialAction":[{"@type":"SearchAction","target":{"@type":"EntryPoint","urlTemplate":"https:\/\/www.estrategiaconcursos.com.br\/blog\/?s={search_term_string}"},"query-input":{"@type":"PropertyValueSpecification","valueRequired":true,"valueName":"search_term_string"}}],"inLanguage":"pt-BR"},{"@type":"Organization","@id":"https:\/\/www.estrategiaconcursos.com.br\/blog\/#organization","name":"Estrat\u00e9gia Concursos","url":"https:\/\/www.estrategiaconcursos.com.br\/blog\/","logo":{"@type":"ImageObject","inLanguage":"pt-BR","@id":"https:\/\/www.estrategiaconcursos.com.br\/blog\/#\/schema\/logo\/image\/","url":"https:\/\/dhg1h5j42swfq.cloudfront.net\/2025\/06\/03203428\/logo_concursos-1.jpg","contentUrl":"https:\/\/dhg1h5j42swfq.cloudfront.net\/2025\/06\/03203428\/logo_concursos-1.jpg","width":230,"height":60,"caption":"Estrat\u00e9gia Concursos"},"image":{"@id":"https:\/\/www.estrategiaconcursos.com.br\/blog\/#\/schema\/logo\/image\/"},"sameAs":["https:\/\/x.com\/EstratConcursos"]},{"@type":"Person","@id":"https:\/\/www.estrategiaconcursos.com.br\/blog\/#\/schema\/person\/1a7a7af72da82939a6308b2ee292162b","name":"Renan Araujo","image":{"@type":"ImageObject","inLanguage":"pt-BR","@id":"https:\/\/secure.gravatar.com\/avatar\/ca6cb9ba5a547fbe93c05c63d6103dff6c2566555a601f1efb8590a69fb9ed76?s=96&d=mm&r=g","url":"https:\/\/secure.gravatar.com\/avatar\/ca6cb9ba5a547fbe93c05c63d6103dff6c2566555a601f1efb8590a69fb9ed76?s=96&d=mm&r=g","contentUrl":"https:\/\/secure.gravatar.com\/avatar\/ca6cb9ba5a547fbe93c05c63d6103dff6c2566555a601f1efb8590a69fb9ed76?s=96&d=mm&r=g","caption":"Renan Araujo"},"url":"https:\/\/www.estrategiaconcursos.com.br\/blog\/author\/renanaraujoestrategiaconcursos-com-br\/"}]}},"_links":{"self":[{"href":"https:\/\/www.estrategiaconcursos.com.br\/blog\/wp-json\/wp\/v2\/posts\/96798","targetHints":{"allow":["GET"]}}],"collection":[{"href":"https:\/\/www.estrategiaconcursos.com.br\/blog\/wp-json\/wp\/v2\/posts"}],"about":[{"href":"https:\/\/www.estrategiaconcursos.com.br\/blog\/wp-json\/wp\/v2\/types\/post"}],"author":[{"embeddable":true,"href":"https:\/\/www.estrategiaconcursos.com.br\/blog\/wp-json\/wp\/v2\/users\/39"}],"replies":[{"embeddable":true,"href":"https:\/\/www.estrategiaconcursos.com.br\/blog\/wp-json\/wp\/v2\/comments?post=96798"}],"version-history":[{"count":4,"href":"https:\/\/www.estrategiaconcursos.com.br\/blog\/wp-json\/wp\/v2\/posts\/96798\/revisions"}],"predecessor-version":[{"id":96810,"href":"https:\/\/www.estrategiaconcursos.com.br\/blog\/wp-json\/wp\/v2\/posts\/96798\/revisions\/96810"}],"wp:attachment":[{"href":"https:\/\/www.estrategiaconcursos.com.br\/blog\/wp-json\/wp\/v2\/media?parent=96798"}],"wp:term":[{"taxonomy":"category","embeddable":true,"href":"https:\/\/www.estrategiaconcursos.com.br\/blog\/wp-json\/wp\/v2\/categories?post=96798"},{"taxonomy":"post_tag","embeddable":true,"href":"https:\/\/www.estrategiaconcursos.com.br\/blog\/wp-json\/wp\/v2\/tags?post=96798"},{"taxonomy":"tax_estado","embeddable":true,"href":"https:\/\/www.estrategiaconcursos.com.br\/blog\/wp-json\/wp\/v2\/tax_estado?post=96798"}],"curies":[{"name":"wp","href":"https:\/\/api.w.org\/{rel}","templated":true}]}}