{"id":967907,"date":"2022-02-13T18:21:27","date_gmt":"2022-02-13T21:21:27","guid":{"rendered":"https:\/\/www.estrategiaconcursos.com.br\/blog\/?p=967907"},"modified":"2022-02-13T18:21:31","modified_gmt":"2022-02-13T21:21:31","slug":"lancamento-da-trilha-estrategica-regular-e-avancada-sefaz-mt-fiscal-de-tributos-2022","status":"publish","type":"post","link":"https:\/\/www.estrategiaconcursos.com.br\/blog\/lancamento-da-trilha-estrategica-regular-e-avancada-sefaz-mt-fiscal-de-tributos-2022\/","title":{"rendered":"Lan\u00e7amento da Trilha Estrat\u00e9gica Regular e Avan\u00e7ada &#8211; SEFAZ MT (Fiscal de Tributos) &#8211; 2022"},"content":{"rendered":"\n<p><em>Ol\u00e1, concurseiro (a)!<\/em><\/p>\n\n\n\n<p id=\"block-bf22f7db-a3a1-499c-b6d2-09d5c43f7b9e\">Para voc\u00ea que est\u00e1 se preparando ou tem em mente estudar para o concurso de Fiscal de Tributos Estaduais da Secretaria de Fazenda de Mato Grosso (SEFAZ\/MT), temos uma excelente not\u00edcia!<\/p>\n\n\n\n<p>Neste domingo (13\/02), lan\u00e7amos duas Trilhas direcionadas para este concurso: a\u00a0<strong>Trilha Estrat\u00e9gica Regular<\/strong>\u00a0e a\u00a0<strong>Trilha Estrat\u00e9gica Avan\u00e7ada<\/strong>, ambas voltadas \u00e0 prepara\u00e7\u00e3o para o concurso de Fiscal de Tributos da SEFAZ MT.<\/p>\n\n\n\n<p>Na\u00a0<strong>Trilha Regular<\/strong>, conduziremos os alunos iniciantes (inclusive aqueles que nunca tiveram contato com nenhuma disciplina), durante\u00a0<strong>37 semanas<\/strong>, com o objetivo de percorrer todo o conte\u00fado do \u00faltimo edital do \u00faltimo concurso, que aconteceu em 2002.<\/p>\n\n\n\n<p>J\u00e1 a\u00a0<strong>Trilha Avan\u00e7ada<\/strong>\u00a0ter\u00e1 dura\u00e7\u00e3o de\u00a0<strong>26 semanas<\/strong>, e ser\u00e1 voltada \u00e0 realiza\u00e7\u00e3o de muitas\u00a0<strong>revis\u00f5es<\/strong>\u00a0e\u00a0<strong>quest\u00f5es\u00a0<\/strong>das mat\u00e9rias mais cobradas nos concursos da \u00c1rea Fiscal, al\u00e9m de passar tamb\u00e9m pela teoria de outras disciplinas mais avan\u00e7adas.<\/p>\n\n\n\n<p class=\"has-text-align-center\">Para acesso \u00e0s Trilhas seguintes, basta se tornar assinante Premium ou Platinum e seguir com elas pela sua \u00e1rea do aluno.<\/p>\n\n\n\n<p class=\"has-text-align-center has-pale-cyan-blue-background-color has-text-color has-background\" id=\"block-f1f59148-b95a-44ba-acb6-3c70d92bb2a8\" style=\"color:#0300a3\"><a rel=\"noreferrer noopener\" href=\"https:\/\/www.estrategiaconcursos.com.br\/assinaturas\" target=\"_blank\"><strong>Assinatura Ilimitada<\/strong><\/a><\/p>\n\n\n\n<h2 class=\"wp-block-heading\" id=\"block-2a414aa2-f287-4c22-9aa0-c15210eed8a2\"><strong>Sobre as Trilhas Estrat\u00e9gicas<\/strong><\/h2>\n\n\n\n<p id=\"block-1db9cd57-93c5-46e4-9d6b-a8a62c7f9b9f\">O objetivo principal das Trilhas Estrat\u00e9gicas \u00e9 tornar o estudo o mais eficiente poss\u00edvel, almejando otimizar ao m\u00e1ximo a prepara\u00e7\u00e3o nesse per\u00edodo pr\u00e9-edital.<\/p>\n\n\n\n<p id=\"block-b798c598-2582-4d66-844f-c61e08a00c2f\">Elas s\u00e3o carinhosamente consideradas o \u201c<em>GPS\u201d do Concurseiro<\/em>!<\/p>\n\n\n\n<p>As Trilhas t\u00eam o objetivo de utilizar da melhor maneira o tempo dispon\u00edvel do aluno neste per\u00edodo pr\u00e9-edital para que, o mais breve poss\u00edvel, esteja ainda mais preparado para as provas.<\/p>\n\n\n\n<p id=\"block-5400a93a-f84c-4cba-9327-1796dac6f1e1\">Para isso, elas s\u00e3o compostas de tarefas di\u00e1rias elaboradas por profissionais (nossos&nbsp;<em>Coaches<\/em>) que j\u00e1 obtiveram \u00eaxito nos mais variados concursos do pa\u00eds.<\/p>\n\n\n\n<p id=\"block-5400a93a-f84c-4cba-9327-1796dac6f1e1\">Al\u00e9m disso, h\u00e1 um Canal do&nbsp;<strong><em>Telegram<\/em><\/strong>&nbsp;espec\u00edfico para a Trilha das&nbsp;<strong>\u00c1reas Fiscal e Controle<\/strong>&nbsp;em que haver\u00e1 o contato do Organizador com os alunos assinantes, assim como o envio de informa\u00e7\u00f5es importantes, dicas e conte\u00fados motivacionais. E os alunos poder\u00e3o enviar suas d\u00favidas tamb\u00e9m.<\/p>\n\n\n\n<figure class=\"wp-block-image\" id=\"block-10a8b429-6fe0-4ffd-842d-98a911c1aa8d\"><img decoding=\"async\" src=\"https:\/\/dhg1h5j42swfq.cloudfront.net\/2020\/04\/09213522\/organiza%C3%A7%C3%A3o-trilha.png\" alt=\"Trilha Estrat\u00e9gica \u00c1reas Fiscal e Contole\" \/><\/figure>\n\n\n\n<h4 class=\"wp-block-heading\" id=\"h-como-funcionam-as-trilhas\"><strong>Como funcionam as Trilhas?<\/strong><\/h4>\n\n\n\n<p>As&nbsp;<em>Trilhas<\/em>&nbsp;funcionar\u00e3o da seguinte forma:<\/p>\n\n\n\n<ul class=\"wp-block-list\"><li>Indica\u00e7\u00e3o de estudo por&nbsp;<em>Ciclos de Estudo;<\/em><\/li><li><em>Sugest\u00e3o das disciplinas<\/em>&nbsp;a serem estudadas em cada ciclo e momento da prepara\u00e7\u00e3o;<\/li><li>Apontamento da&nbsp;<em>sequ\u00eancia de estudo<\/em>&nbsp;em cada disciplina;<\/li><li>F<em>oco no custo x benef\u00edcio<\/em>&nbsp;considerando o conte\u00fado e o tempo de prepara\u00e7\u00e3o;<\/li><li>Apontamento de estudo de teoria, exerc\u00edcios, revis\u00e3o, legisla\u00e7\u00e3o e simulados.<\/li><\/ul>\n\n\n\n<p id=\"block-4115176b-6e1e-4cee-a3b5-3f730ceb0285\">Para mais informa\u00e7\u00f5es e atualiza\u00e7\u00f5es sobre as <strong>Trilhas Estrat\u00e9gicas<\/strong>, clique no link abaixo:<\/p>\n\n\n\n<p class=\"has-text-align-center has-pale-cyan-blue-background-color has-text-color has-background\" id=\"block-f1f59148-b95a-44ba-acb6-3c70d92bb2a8\" style=\"color:#0300a3\"><strong><a href=\"https:\/\/www.estrategiaconcursos.com.br\/blog\/trilhas-estrategicas-informacoes-e-trilhas-liberadas-hoje\/\" target=\"_blank\" rel=\"noreferrer noopener\">Trilhas Estrat\u00e9gica<\/a><\/strong><a href=\"https:\/\/www.estrategiaconcursos.com.br\/blog\/trilhas-estrategicas-informacoes-e-trilhas-liberadas-hoje\/\" target=\"_blank\" rel=\"noreferrer noopener\"><strong>s<\/strong><\/a><\/p>\n\n\n\n<p>Contem comigo! Nos vemos na Trilha!<\/p>\n","protected":false},"excerpt":{"rendered":"<p>Ol\u00e1, concurseiro (a)! Para voc\u00ea que est\u00e1 se preparando ou tem em mente estudar para o concurso de Fiscal de Tributos Estaduais da Secretaria de Fazenda de Mato Grosso (SEFAZ\/MT), temos uma excelente not\u00edcia! Neste domingo (13\/02), lan\u00e7amos duas Trilhas direcionadas para este concurso: a\u00a0Trilha Estrat\u00e9gica Regular\u00a0e a\u00a0Trilha Estrat\u00e9gica Avan\u00e7ada, ambas voltadas \u00e0 prepara\u00e7\u00e3o para [&hellip;]<\/p>\n","protected":false},"author":1962,"featured_media":0,"comment_status":"open","ping_status":"closed","sticky":false,"template":"","format":"standard","meta":{"post_tipo":"article","footnotes":""},"categories":[1],"tags":[],"tax_estado":[],"class_list":["post-967907","post","type-post","status-publish","format-standard","hentry","category-cursos-e-concursos"],"acf":[],"yoast_head":"<!-- This site is optimized with the Yoast SEO Premium plugin v27.2 (Yoast SEO v27.2) - https:\/\/yoast.com\/product\/yoast-seo-premium-wordpress\/ -->\n<title>Lan\u00e7amento da Trilha Estrat\u00e9gica Regular e Avan\u00e7ada - SEFAZ MT (Fiscal de Tributos) - 2022<\/title>\n<meta name=\"robots\" content=\"index, follow, max-snippet:-1, max-image-preview:large, max-video-preview:-1\" \/>\n<link rel=\"canonical\" href=\"https:\/\/www.estrategiaconcursos.com.br\/blog\/lancamento-da-trilha-estrategica-regular-e-avancada-sefaz-mt-fiscal-de-tributos-2022\/\" \/>\n<meta property=\"og:locale\" content=\"pt_BR\" \/>\n<meta property=\"og:type\" content=\"article\" \/>\n<meta property=\"og:title\" content=\"Lan\u00e7amento da Trilha Estrat\u00e9gica Regular e Avan\u00e7ada - SEFAZ MT (Fiscal de Tributos) - 2022\" \/>\n<meta property=\"og:description\" content=\"Ol\u00e1, concurseiro (a)! Para voc\u00ea que est\u00e1 se preparando ou tem em mente estudar para o concurso de Fiscal de Tributos Estaduais da Secretaria de Fazenda de Mato Grosso (SEFAZ\/MT), temos uma excelente not\u00edcia! Neste domingo (13\/02), lan\u00e7amos duas Trilhas direcionadas para este concurso: a\u00a0Trilha Estrat\u00e9gica Regular\u00a0e a\u00a0Trilha Estrat\u00e9gica Avan\u00e7ada, ambas voltadas \u00e0 prepara\u00e7\u00e3o para [&hellip;]\" \/>\n<meta property=\"og:url\" content=\"https:\/\/www.estrategiaconcursos.com.br\/blog\/lancamento-da-trilha-estrategica-regular-e-avancada-sefaz-mt-fiscal-de-tributos-2022\/\" \/>\n<meta property=\"og:site_name\" content=\"Estrat\u00e9gia Concursos\" \/>\n<meta property=\"article:published_time\" content=\"2022-02-13T21:21:27+00:00\" \/>\n<meta property=\"article:modified_time\" content=\"2022-02-13T21:21:31+00:00\" \/>\n<meta name=\"author\" content=\"Douglas Nunes Dantas\" \/>\n<meta name=\"twitter:card\" content=\"summary_large_image\" \/>\n<meta name=\"twitter:creator\" content=\"@EstratConcursos\" \/>\n<meta name=\"twitter:site\" content=\"@EstratConcursos\" \/>\n<meta name=\"twitter:label1\" content=\"Escrito por\" \/>\n\t<meta name=\"twitter:data1\" content=\"Douglas Nunes Dantas\" \/>\n\t<meta name=\"twitter:label2\" content=\"Est. tempo de leitura\" \/>\n\t<meta name=\"twitter:data2\" content=\"3 minutos\" \/>\n<script type=\"application\/ld+json\" class=\"yoast-schema-graph\">{\"@context\":\"https:\/\/schema.org\",\"@graph\":[{\"@type\":\"NewsArticle\",\"@id\":\"https:\/\/www.estrategiaconcursos.com.br\/blog\/lancamento-da-trilha-estrategica-regular-e-avancada-sefaz-mt-fiscal-de-tributos-2022\/#article\",\"isPartOf\":{\"@id\":\"https:\/\/www.estrategiaconcursos.com.br\/blog\/lancamento-da-trilha-estrategica-regular-e-avancada-sefaz-mt-fiscal-de-tributos-2022\/\"},\"author\":{\"name\":\"Douglas Nunes Dantas\",\"@id\":\"https:\/\/www.estrategiaconcursos.com.br\/blog\/#\/schema\/person\/b3eaee72e5a0aa24e00f1b0c326a7e19\"},\"headline\":\"Lan\u00e7amento da Trilha Estrat\u00e9gica Regular e Avan\u00e7ada &#8211; SEFAZ MT (Fiscal de Tributos) &#8211; 2022\",\"datePublished\":\"2022-02-13T21:21:27+00:00\",\"dateModified\":\"2022-02-13T21:21:31+00:00\",\"mainEntityOfPage\":{\"@id\":\"https:\/\/www.estrategiaconcursos.com.br\/blog\/lancamento-da-trilha-estrategica-regular-e-avancada-sefaz-mt-fiscal-de-tributos-2022\/\"},\"wordCount\":461,\"commentCount\":0,\"publisher\":{\"@id\":\"https:\/\/www.estrategiaconcursos.com.br\/blog\/#organization\"},\"articleSection\":[\"Concursos P\u00fablicos\"],\"inLanguage\":\"pt-BR\",\"potentialAction\":[{\"@type\":\"CommentAction\",\"name\":\"Comment\",\"target\":[\"https:\/\/www.estrategiaconcursos.com.br\/blog\/lancamento-da-trilha-estrategica-regular-e-avancada-sefaz-mt-fiscal-de-tributos-2022\/#respond\"]}],\"copyrightYear\":\"2022\",\"copyrightHolder\":{\"@id\":\"https:\/\/www.estrategiaconcursos.com.br\/blog\/#organization\"}},{\"@type\":\"WebPage\",\"@id\":\"https:\/\/www.estrategiaconcursos.com.br\/blog\/lancamento-da-trilha-estrategica-regular-e-avancada-sefaz-mt-fiscal-de-tributos-2022\/\",\"url\":\"https:\/\/www.estrategiaconcursos.com.br\/blog\/lancamento-da-trilha-estrategica-regular-e-avancada-sefaz-mt-fiscal-de-tributos-2022\/\",\"name\":\"Lan\u00e7amento da Trilha Estrat\u00e9gica Regular e Avan\u00e7ada - SEFAZ MT (Fiscal de Tributos) - 2022\",\"isPartOf\":{\"@id\":\"https:\/\/www.estrategiaconcursos.com.br\/blog\/#website\"},\"datePublished\":\"2022-02-13T21:21:27+00:00\",\"dateModified\":\"2022-02-13T21:21:31+00:00\",\"breadcrumb\":{\"@id\":\"https:\/\/www.estrategiaconcursos.com.br\/blog\/lancamento-da-trilha-estrategica-regular-e-avancada-sefaz-mt-fiscal-de-tributos-2022\/#breadcrumb\"},\"inLanguage\":\"pt-BR\",\"potentialAction\":[{\"@type\":\"ReadAction\",\"target\":[\"https:\/\/www.estrategiaconcursos.com.br\/blog\/lancamento-da-trilha-estrategica-regular-e-avancada-sefaz-mt-fiscal-de-tributos-2022\/\"]}]},{\"@type\":\"BreadcrumbList\",\"@id\":\"https:\/\/www.estrategiaconcursos.com.br\/blog\/lancamento-da-trilha-estrategica-regular-e-avancada-sefaz-mt-fiscal-de-tributos-2022\/#breadcrumb\",\"itemListElement\":[{\"@type\":\"ListItem\",\"position\":1,\"name\":\"In\u00edcio\",\"item\":\"https:\/\/www.estrategiaconcursos.com.br\/blog\/\"},{\"@type\":\"ListItem\",\"position\":2,\"name\":\"Lan\u00e7amento da Trilha Estrat\u00e9gica Regular e Avan\u00e7ada &#8211; SEFAZ MT (Fiscal de Tributos) &#8211; 2022\"}]},{\"@type\":\"WebSite\",\"@id\":\"https:\/\/www.estrategiaconcursos.com.br\/blog\/#website\",\"url\":\"https:\/\/www.estrategiaconcursos.com.br\/blog\/\",\"name\":\"Estrat\u00e9gia Concursos\",\"description\":\"O blog da Estrat\u00e9gia Concursos traz not\u00edcias sobre concursos e artigos de professores oferecendo cursos para concursos (pdf + videaulas) no site.\",\"publisher\":{\"@id\":\"https:\/\/www.estrategiaconcursos.com.br\/blog\/#organization\"},\"potentialAction\":[{\"@type\":\"SearchAction\",\"target\":{\"@type\":\"EntryPoint\",\"urlTemplate\":\"https:\/\/www.estrategiaconcursos.com.br\/blog\/?s={search_term_string}\"},\"query-input\":{\"@type\":\"PropertyValueSpecification\",\"valueRequired\":true,\"valueName\":\"search_term_string\"}}],\"inLanguage\":\"pt-BR\"},{\"@type\":\"Organization\",\"@id\":\"https:\/\/www.estrategiaconcursos.com.br\/blog\/#organization\",\"name\":\"Estrat\u00e9gia Concursos\",\"url\":\"https:\/\/www.estrategiaconcursos.com.br\/blog\/\",\"logo\":{\"@type\":\"ImageObject\",\"inLanguage\":\"pt-BR\",\"@id\":\"https:\/\/www.estrategiaconcursos.com.br\/blog\/#\/schema\/logo\/image\/\",\"url\":\"https:\/\/dhg1h5j42swfq.cloudfront.net\/2025\/06\/03203428\/logo_concursos-1.jpg\",\"contentUrl\":\"https:\/\/dhg1h5j42swfq.cloudfront.net\/2025\/06\/03203428\/logo_concursos-1.jpg\",\"width\":230,\"height\":60,\"caption\":\"Estrat\u00e9gia Concursos\"},\"image\":{\"@id\":\"https:\/\/www.estrategiaconcursos.com.br\/blog\/#\/schema\/logo\/image\/\"},\"sameAs\":[\"https:\/\/x.com\/EstratConcursos\"]},{\"@type\":\"Person\",\"@id\":\"https:\/\/www.estrategiaconcursos.com.br\/blog\/#\/schema\/person\/b3eaee72e5a0aa24e00f1b0c326a7e19\",\"name\":\"Douglas Nunes Dantas\",\"image\":{\"@type\":\"ImageObject\",\"inLanguage\":\"pt-BR\",\"@id\":\"https:\/\/secure.gravatar.com\/avatar\/9b9ea86959920727def7e19d0c6a78bfc9484f7dd07e5a7b6fb4665ffc45b603?s=96&d=mm&r=g\",\"url\":\"https:\/\/secure.gravatar.com\/avatar\/9b9ea86959920727def7e19d0c6a78bfc9484f7dd07e5a7b6fb4665ffc45b603?s=96&d=mm&r=g\",\"contentUrl\":\"https:\/\/secure.gravatar.com\/avatar\/9b9ea86959920727def7e19d0c6a78bfc9484f7dd07e5a7b6fb4665ffc45b603?s=96&d=mm&r=g\",\"caption\":\"Douglas Nunes Dantas\"},\"url\":\"https:\/\/www.estrategiaconcursos.com.br\/blog\/author\/douglas-2478gmail-com\/\"}]}<\/script>\n<!-- \/ Yoast SEO Premium plugin. -->","yoast_head_json":{"title":"Lan\u00e7amento da Trilha Estrat\u00e9gica Regular e Avan\u00e7ada - SEFAZ MT (Fiscal de Tributos) - 2022","robots":{"index":"index","follow":"follow","max-snippet":"max-snippet:-1","max-image-preview":"max-image-preview:large","max-video-preview":"max-video-preview:-1"},"canonical":"https:\/\/www.estrategiaconcursos.com.br\/blog\/lancamento-da-trilha-estrategica-regular-e-avancada-sefaz-mt-fiscal-de-tributos-2022\/","og_locale":"pt_BR","og_type":"article","og_title":"Lan\u00e7amento da Trilha Estrat\u00e9gica Regular e Avan\u00e7ada - SEFAZ MT (Fiscal de Tributos) - 2022","og_description":"Ol\u00e1, concurseiro (a)! Para voc\u00ea que est\u00e1 se preparando ou tem em mente estudar para o concurso de Fiscal de Tributos Estaduais da Secretaria de Fazenda de Mato Grosso (SEFAZ\/MT), temos uma excelente not\u00edcia! Neste domingo (13\/02), lan\u00e7amos duas Trilhas direcionadas para este concurso: a\u00a0Trilha Estrat\u00e9gica Regular\u00a0e a\u00a0Trilha Estrat\u00e9gica Avan\u00e7ada, ambas voltadas \u00e0 prepara\u00e7\u00e3o para [&hellip;]","og_url":"https:\/\/www.estrategiaconcursos.com.br\/blog\/lancamento-da-trilha-estrategica-regular-e-avancada-sefaz-mt-fiscal-de-tributos-2022\/","og_site_name":"Estrat\u00e9gia Concursos","article_published_time":"2022-02-13T21:21:27+00:00","article_modified_time":"2022-02-13T21:21:31+00:00","author":"Douglas Nunes Dantas","twitter_card":"summary_large_image","twitter_creator":"@EstratConcursos","twitter_site":"@EstratConcursos","twitter_misc":{"Escrito por":"Douglas Nunes Dantas","Est. tempo de leitura":"3 minutos"},"schema":{"@context":"https:\/\/schema.org","@graph":[{"@type":"NewsArticle","@id":"https:\/\/www.estrategiaconcursos.com.br\/blog\/lancamento-da-trilha-estrategica-regular-e-avancada-sefaz-mt-fiscal-de-tributos-2022\/#article","isPartOf":{"@id":"https:\/\/www.estrategiaconcursos.com.br\/blog\/lancamento-da-trilha-estrategica-regular-e-avancada-sefaz-mt-fiscal-de-tributos-2022\/"},"author":{"name":"Douglas Nunes Dantas","@id":"https:\/\/www.estrategiaconcursos.com.br\/blog\/#\/schema\/person\/b3eaee72e5a0aa24e00f1b0c326a7e19"},"headline":"Lan\u00e7amento da Trilha Estrat\u00e9gica Regular e Avan\u00e7ada &#8211; SEFAZ MT (Fiscal de Tributos) &#8211; 2022","datePublished":"2022-02-13T21:21:27+00:00","dateModified":"2022-02-13T21:21:31+00:00","mainEntityOfPage":{"@id":"https:\/\/www.estrategiaconcursos.com.br\/blog\/lancamento-da-trilha-estrategica-regular-e-avancada-sefaz-mt-fiscal-de-tributos-2022\/"},"wordCount":461,"commentCount":0,"publisher":{"@id":"https:\/\/www.estrategiaconcursos.com.br\/blog\/#organization"},"articleSection":["Concursos P\u00fablicos"],"inLanguage":"pt-BR","potentialAction":[{"@type":"CommentAction","name":"Comment","target":["https:\/\/www.estrategiaconcursos.com.br\/blog\/lancamento-da-trilha-estrategica-regular-e-avancada-sefaz-mt-fiscal-de-tributos-2022\/#respond"]}],"copyrightYear":"2022","copyrightHolder":{"@id":"https:\/\/www.estrategiaconcursos.com.br\/blog\/#organization"}},{"@type":"WebPage","@id":"https:\/\/www.estrategiaconcursos.com.br\/blog\/lancamento-da-trilha-estrategica-regular-e-avancada-sefaz-mt-fiscal-de-tributos-2022\/","url":"https:\/\/www.estrategiaconcursos.com.br\/blog\/lancamento-da-trilha-estrategica-regular-e-avancada-sefaz-mt-fiscal-de-tributos-2022\/","name":"Lan\u00e7amento da Trilha Estrat\u00e9gica Regular e Avan\u00e7ada - SEFAZ MT (Fiscal de Tributos) - 2022","isPartOf":{"@id":"https:\/\/www.estrategiaconcursos.com.br\/blog\/#website"},"datePublished":"2022-02-13T21:21:27+00:00","dateModified":"2022-02-13T21:21:31+00:00","breadcrumb":{"@id":"https:\/\/www.estrategiaconcursos.com.br\/blog\/lancamento-da-trilha-estrategica-regular-e-avancada-sefaz-mt-fiscal-de-tributos-2022\/#breadcrumb"},"inLanguage":"pt-BR","potentialAction":[{"@type":"ReadAction","target":["https:\/\/www.estrategiaconcursos.com.br\/blog\/lancamento-da-trilha-estrategica-regular-e-avancada-sefaz-mt-fiscal-de-tributos-2022\/"]}]},{"@type":"BreadcrumbList","@id":"https:\/\/www.estrategiaconcursos.com.br\/blog\/lancamento-da-trilha-estrategica-regular-e-avancada-sefaz-mt-fiscal-de-tributos-2022\/#breadcrumb","itemListElement":[{"@type":"ListItem","position":1,"name":"In\u00edcio","item":"https:\/\/www.estrategiaconcursos.com.br\/blog\/"},{"@type":"ListItem","position":2,"name":"Lan\u00e7amento da Trilha Estrat\u00e9gica Regular e Avan\u00e7ada &#8211; SEFAZ MT (Fiscal de Tributos) &#8211; 2022"}]},{"@type":"WebSite","@id":"https:\/\/www.estrategiaconcursos.com.br\/blog\/#website","url":"https:\/\/www.estrategiaconcursos.com.br\/blog\/","name":"Estrat\u00e9gia Concursos","description":"O blog da Estrat\u00e9gia Concursos traz not\u00edcias sobre concursos e artigos de professores oferecendo cursos para concursos (pdf + videaulas) no site.","publisher":{"@id":"https:\/\/www.estrategiaconcursos.com.br\/blog\/#organization"},"potentialAction":[{"@type":"SearchAction","target":{"@type":"EntryPoint","urlTemplate":"https:\/\/www.estrategiaconcursos.com.br\/blog\/?s={search_term_string}"},"query-input":{"@type":"PropertyValueSpecification","valueRequired":true,"valueName":"search_term_string"}}],"inLanguage":"pt-BR"},{"@type":"Organization","@id":"https:\/\/www.estrategiaconcursos.com.br\/blog\/#organization","name":"Estrat\u00e9gia Concursos","url":"https:\/\/www.estrategiaconcursos.com.br\/blog\/","logo":{"@type":"ImageObject","inLanguage":"pt-BR","@id":"https:\/\/www.estrategiaconcursos.com.br\/blog\/#\/schema\/logo\/image\/","url":"https:\/\/dhg1h5j42swfq.cloudfront.net\/2025\/06\/03203428\/logo_concursos-1.jpg","contentUrl":"https:\/\/dhg1h5j42swfq.cloudfront.net\/2025\/06\/03203428\/logo_concursos-1.jpg","width":230,"height":60,"caption":"Estrat\u00e9gia Concursos"},"image":{"@id":"https:\/\/www.estrategiaconcursos.com.br\/blog\/#\/schema\/logo\/image\/"},"sameAs":["https:\/\/x.com\/EstratConcursos"]},{"@type":"Person","@id":"https:\/\/www.estrategiaconcursos.com.br\/blog\/#\/schema\/person\/b3eaee72e5a0aa24e00f1b0c326a7e19","name":"Douglas Nunes Dantas","image":{"@type":"ImageObject","inLanguage":"pt-BR","@id":"https:\/\/secure.gravatar.com\/avatar\/9b9ea86959920727def7e19d0c6a78bfc9484f7dd07e5a7b6fb4665ffc45b603?s=96&d=mm&r=g","url":"https:\/\/secure.gravatar.com\/avatar\/9b9ea86959920727def7e19d0c6a78bfc9484f7dd07e5a7b6fb4665ffc45b603?s=96&d=mm&r=g","contentUrl":"https:\/\/secure.gravatar.com\/avatar\/9b9ea86959920727def7e19d0c6a78bfc9484f7dd07e5a7b6fb4665ffc45b603?s=96&d=mm&r=g","caption":"Douglas Nunes Dantas"},"url":"https:\/\/www.estrategiaconcursos.com.br\/blog\/author\/douglas-2478gmail-com\/"}]}},"_links":{"self":[{"href":"https:\/\/www.estrategiaconcursos.com.br\/blog\/wp-json\/wp\/v2\/posts\/967907","targetHints":{"allow":["GET"]}}],"collection":[{"href":"https:\/\/www.estrategiaconcursos.com.br\/blog\/wp-json\/wp\/v2\/posts"}],"about":[{"href":"https:\/\/www.estrategiaconcursos.com.br\/blog\/wp-json\/wp\/v2\/types\/post"}],"author":[{"embeddable":true,"href":"https:\/\/www.estrategiaconcursos.com.br\/blog\/wp-json\/wp\/v2\/users\/1962"}],"replies":[{"embeddable":true,"href":"https:\/\/www.estrategiaconcursos.com.br\/blog\/wp-json\/wp\/v2\/comments?post=967907"}],"version-history":[{"count":2,"href":"https:\/\/www.estrategiaconcursos.com.br\/blog\/wp-json\/wp\/v2\/posts\/967907\/revisions"}],"predecessor-version":[{"id":967910,"href":"https:\/\/www.estrategiaconcursos.com.br\/blog\/wp-json\/wp\/v2\/posts\/967907\/revisions\/967910"}],"wp:attachment":[{"href":"https:\/\/www.estrategiaconcursos.com.br\/blog\/wp-json\/wp\/v2\/media?parent=967907"}],"wp:term":[{"taxonomy":"category","embeddable":true,"href":"https:\/\/www.estrategiaconcursos.com.br\/blog\/wp-json\/wp\/v2\/categories?post=967907"},{"taxonomy":"post_tag","embeddable":true,"href":"https:\/\/www.estrategiaconcursos.com.br\/blog\/wp-json\/wp\/v2\/tags?post=967907"},{"taxonomy":"tax_estado","embeddable":true,"href":"https:\/\/www.estrategiaconcursos.com.br\/blog\/wp-json\/wp\/v2\/tax_estado?post=967907"}],"curies":[{"name":"wp","href":"https:\/\/api.w.org\/{rel}","templated":true}]}}