{"id":96771,"date":"2017-11-26T18:06:22","date_gmt":"2017-11-26T21:06:22","guid":{"rendered":"https:\/\/www.estrategiaconcursos.com.br\/blog\/?p=96771"},"modified":"2017-11-27T09:24:26","modified_gmt":"2017-11-27T12:24:26","slug":"regimente-interno-trf-1-gabarito-extraoficial","status":"publish","type":"post","link":"https:\/\/www.estrategiaconcursos.com.br\/blog\/regimente-interno-trf-1-gabarito-extraoficial\/","title":{"rendered":"Regimente Interno TRF 1 &#8211; Gabarito extraoficial (Analista e T\u00e9cnico)"},"content":{"rendered":"<p style=\"text-align: justify\">Ol\u00e1, tudo bem?<\/p>\n<p style=\"text-align: justify\">Meu nome \u00e9 a Fabr\u00edcio R\u00eago e, junto com o professor Paulo Guimar\u00e3es, ministrei o curso de regimento interno para o TRF 1.<\/p>\n<p style=\"text-align: justify\">A seguir darei as respostas \u00e0 prova de regimento de Analista Judici\u00e1rio, que foi a mesma para todas as especialidades.<\/p>\n<p style=\"text-align: justify\">Para agilizar o processo, apresentarei o in\u00edcio e o fim das assertivas, com a resposta e fundamento na sequ\u00eancia. Pe\u00e7o desculpas por alguma eventual falha, pois estou escrevendo isso do meu celular, prestes a embarcar no aeroporto, tudo com a inten\u00e7\u00e3o de ajudar o mais r\u00e1pido poss\u00edvel.<\/p>\n<p style=\"text-align: justify\"><span style=\"text-decoration: underline\"><strong>Analista Judici\u00e1rio &#8211; Provas id\u00eanticas para AJAJ, OJAF e AJAA<\/strong><\/span><\/p>\n<p style=\"text-align: justify\">&#8211; Os incidentes &#8230; Corte Especial do Tribunal.<\/p>\n<p style=\"text-align: justify\"><strong>Resposta: correto. Art. 357.<\/strong><\/p>\n<p style=\"text-align: justify\">Sei que pode estranhar, mas veja que em nenhum momento a assertiva disse que a Corte Especial \u00e9 o \u00fanico com tal compet\u00eancia, j\u00e1 que tamb\u00e9m compete \u00e0s Se\u00e7\u00f5es.<\/p>\n<p style=\"text-align: justify\">&#8211; Os processos forem&#8230; entre as se\u00e7\u00f5es.<\/p>\n<p style=\"text-align: justify\"><strong>Respostas: correto. Art. 17, III.<\/strong><\/p>\n<p style=\"text-align: justify\">&#8211; No TRF&#8230;. sua compet\u00eancia jurisdicional.<\/p>\n<p style=\"text-align: justify\"><strong>Resposta: correto. Art. 28, VII.<\/strong><\/p>\n<p style=\"text-align: justify\">&#8211; Quando a se\u00e7\u00e3o do TRF &#8230;. Corte Especial do Tribunal.<\/p>\n<p style=\"text-align: justify\"><strong>Resposta: errado. Art. 269.<\/strong><\/p>\n<p style=\"text-align: justify\">&#8211; Na hip\u00f3tese de&#8230; urg\u00eancia ou de evid\u00eancia.<\/p>\n<p style=\"text-align: justify\"><strong>Resposta: ERRADO. Art. 45, par. 1\u00b0.<\/strong><\/p>\n<p>O erro da quest\u00e3o \u00e9 falar que sobre a decis\u00e3o do relator caber\u00e1 agravo de instrumento.<\/p>\n<p style=\"text-align: justify\">&#8211; Quando,em turma&#8230; decorrente de antiguidade na se\u00e7\u00e3o.<\/p>\n<p style=\"text-align: justify\"><strong>Resposta: correto. Art. 68, par. 1\u00b0 c\/c Par. 3\u00b0, I.<\/strong><\/p>\n<p style=\"text-align: justify\">&#8211; Nos processos de&#8230; por dep\u00f3sito.<\/p>\n<p style=\"text-align: justify\"><strong>Resposta: errado. Art. 165, par. 1\u00b0.<\/strong><\/p>\n<p style=\"text-align: justify\">&#8211; No tribunal&#8230; presidente do Tribunal.<\/p>\n<p style=\"text-align: justify\"><strong>Resposta: errado. Art. 342, par. 2\u00b0.<\/strong><\/p>\n<p style=\"text-align: justify\"><strong><span style=\"text-decoration: underline\">\u00a0T\u00e9cnico Judici\u00e1rio &#8211; \u00c1rea Administrativa\u00a0<\/span><\/strong><\/p>\n<p style=\"text-align: justify\">&#8211; \u00c9 atribui\u00e7\u00e3o indeleg\u00e1vel&#8230;. que julgar procedente a reclama\u00e7\u00e3o.<\/p>\n<p style=\"text-align: justify\"><strong>Resposta: errado. Art. 368<\/strong><\/p>\n<p style=\"text-align: justify\">&#8211; Em conflito de compet\u00eancia&#8230; a decis\u00e3o.<\/p>\n<p style=\"text-align: justify\"><strong>Resposta: errado. Art. 246.<\/strong><\/p>\n<p style=\"text-align: justify\">&#8211; Compete \u00e0 Corte&#8230; autoridade judici\u00e1ria no Tribunal.<\/p>\n<p style=\"text-align: justify\"><strong>Resposta: correto. Art. 10, IX.<\/strong><\/p>\n<p style=\"text-align: justify\">&#8211; Se uma Turma desse&#8230; a referida turma comp\u00f5e.<\/p>\n<p style=\"text-align: justify\"><strong>Resposta: errado. Art. 16, I, f.<\/strong><\/p>\n<p style=\"text-align: justify\">&#8211; Cabe \u00e0 Comiss\u00e3o&#8230; de assun\u00e7\u00e3o de compet\u00eancia.<\/p>\n<p style=\"text-align: justify\"><strong>Resposta: correto. Art. 84, II.<\/strong><\/p>\n<p style=\"text-align: justify\">&#8211; No \u00e2mbito do&#8230; n\u00facleos de concilia\u00e7\u00e3o.<\/p>\n<p style=\"text-align: justify\"><strong>Resposta: errado. Art. 105, p\u00e1r. 2\u00ba.<\/strong><\/p>\n<p style=\"text-align: justify\">&#8211; No embargo declarat\u00f3rio&#8230; anterior ao julgamento.<\/p>\n<p style=\"text-align: justify\"><strong>Resposta: errado. Art. 45.<\/strong><\/p>\n<p style=\"text-align: justify\">&#8211; Para que a Corte&#8230; por tempo indeterminado.<\/p>\n<p style=\"text-align: justify\"><strong>Resposta: correto. Art. 57, p.u.<\/strong><\/p>\n","protected":false},"excerpt":{"rendered":"<p>Ol\u00e1, tudo bem? Meu nome \u00e9 a Fabr\u00edcio R\u00eago e, junto com o professor Paulo Guimar\u00e3es, ministrei o curso de regimento interno para o TRF 1. A seguir darei as respostas \u00e0 prova de regimento de Analista Judici\u00e1rio, que foi a mesma para todas as especialidades. Para agilizar o processo, apresentarei o in\u00edcio e o [&hellip;]<\/p>\n","protected":false},"author":48,"featured_media":0,"comment_status":"open","ping_status":"closed","sticky":false,"template":"","format":"standard","meta":{"post_tipo":"article","footnotes":""},"categories":[1],"tags":[],"tax_estado":[],"class_list":["post-96771","post","type-post","status-publish","format-standard","hentry","category-cursos-e-concursos"],"acf":[],"yoast_head":"<!-- This site is optimized with the Yoast SEO Premium plugin v27.2 (Yoast SEO v27.2) - https:\/\/yoast.com\/product\/yoast-seo-premium-wordpress\/ -->\n<title>Regimente Interno TRF 1 - Gabarito extraoficial (Analista e T\u00e9cnico)<\/title>\n<meta name=\"robots\" content=\"index, follow, max-snippet:-1, max-image-preview:large, max-video-preview:-1\" \/>\n<link rel=\"canonical\" href=\"https:\/\/www.estrategiaconcursos.com.br\/blog\/regimente-interno-trf-1-gabarito-extraoficial\/\" \/>\n<meta property=\"og:locale\" content=\"pt_BR\" \/>\n<meta property=\"og:type\" content=\"article\" \/>\n<meta property=\"og:title\" content=\"Regimente Interno TRF 1 - Gabarito extraoficial (Analista e T\u00e9cnico)\" \/>\n<meta property=\"og:description\" content=\"Ol\u00e1, tudo bem? Meu nome \u00e9 a Fabr\u00edcio R\u00eago e, junto com o professor Paulo Guimar\u00e3es, ministrei o curso de regimento interno para o TRF 1. A seguir darei as respostas \u00e0 prova de regimento de Analista Judici\u00e1rio, que foi a mesma para todas as especialidades. Para agilizar o processo, apresentarei o in\u00edcio e o [&hellip;]\" \/>\n<meta property=\"og:url\" content=\"https:\/\/www.estrategiaconcursos.com.br\/blog\/regimente-interno-trf-1-gabarito-extraoficial\/\" \/>\n<meta property=\"og:site_name\" content=\"Estrat\u00e9gia Concursos\" \/>\n<meta property=\"article:published_time\" content=\"2017-11-26T21:06:22+00:00\" \/>\n<meta property=\"article:modified_time\" content=\"2017-11-27T12:24:26+00:00\" \/>\n<meta name=\"author\" content=\"Coordena\u00e7\u00e3o\" \/>\n<meta name=\"twitter:card\" content=\"summary_large_image\" \/>\n<meta name=\"twitter:creator\" content=\"@EstratConcursos\" \/>\n<meta name=\"twitter:site\" content=\"@EstratConcursos\" \/>\n<meta name=\"twitter:label1\" content=\"Escrito por\" \/>\n\t<meta name=\"twitter:data1\" content=\"Coordena\u00e7\u00e3o\" \/>\n\t<meta name=\"twitter:label2\" content=\"Est. tempo de leitura\" \/>\n\t<meta name=\"twitter:data2\" content=\"2 minutos\" \/>\n<script type=\"application\/ld+json\" class=\"yoast-schema-graph\">{\"@context\":\"https:\/\/schema.org\",\"@graph\":[{\"@type\":\"NewsArticle\",\"@id\":\"https:\/\/www.estrategiaconcursos.com.br\/blog\/regimente-interno-trf-1-gabarito-extraoficial\/#article\",\"isPartOf\":{\"@id\":\"https:\/\/www.estrategiaconcursos.com.br\/blog\/regimente-interno-trf-1-gabarito-extraoficial\/\"},\"author\":{\"name\":\"Coordena\u00e7\u00e3o\",\"@id\":\"https:\/\/www.estrategiaconcursos.com.br\/blog\/#\/schema\/person\/cdad40b5818eb228a838461fcd656da7\"},\"headline\":\"Regimente Interno TRF 1 &#8211; Gabarito extraoficial (Analista e T\u00e9cnico)\",\"datePublished\":\"2017-11-26T21:06:22+00:00\",\"dateModified\":\"2017-11-27T12:24:26+00:00\",\"mainEntityOfPage\":{\"@id\":\"https:\/\/www.estrategiaconcursos.com.br\/blog\/regimente-interno-trf-1-gabarito-extraoficial\/\"},\"wordCount\":383,\"commentCount\":8,\"publisher\":{\"@id\":\"https:\/\/www.estrategiaconcursos.com.br\/blog\/#organization\"},\"articleSection\":[\"Concursos P\u00fablicos\"],\"inLanguage\":\"pt-BR\",\"potentialAction\":[{\"@type\":\"CommentAction\",\"name\":\"Comment\",\"target\":[\"https:\/\/www.estrategiaconcursos.com.br\/blog\/regimente-interno-trf-1-gabarito-extraoficial\/#respond\"]}],\"copyrightYear\":\"2017\",\"copyrightHolder\":{\"@id\":\"https:\/\/www.estrategiaconcursos.com.br\/blog\/#organization\"}},{\"@type\":\"WebPage\",\"@id\":\"https:\/\/www.estrategiaconcursos.com.br\/blog\/regimente-interno-trf-1-gabarito-extraoficial\/\",\"url\":\"https:\/\/www.estrategiaconcursos.com.br\/blog\/regimente-interno-trf-1-gabarito-extraoficial\/\",\"name\":\"Regimente Interno TRF 1 - Gabarito extraoficial (Analista e T\u00e9cnico)\",\"isPartOf\":{\"@id\":\"https:\/\/www.estrategiaconcursos.com.br\/blog\/#website\"},\"datePublished\":\"2017-11-26T21:06:22+00:00\",\"dateModified\":\"2017-11-27T12:24:26+00:00\",\"breadcrumb\":{\"@id\":\"https:\/\/www.estrategiaconcursos.com.br\/blog\/regimente-interno-trf-1-gabarito-extraoficial\/#breadcrumb\"},\"inLanguage\":\"pt-BR\",\"potentialAction\":[{\"@type\":\"ReadAction\",\"target\":[\"https:\/\/www.estrategiaconcursos.com.br\/blog\/regimente-interno-trf-1-gabarito-extraoficial\/\"]}]},{\"@type\":\"BreadcrumbList\",\"@id\":\"https:\/\/www.estrategiaconcursos.com.br\/blog\/regimente-interno-trf-1-gabarito-extraoficial\/#breadcrumb\",\"itemListElement\":[{\"@type\":\"ListItem\",\"position\":1,\"name\":\"In\u00edcio\",\"item\":\"https:\/\/www.estrategiaconcursos.com.br\/blog\/\"},{\"@type\":\"ListItem\",\"position\":2,\"name\":\"Regimente Interno TRF 1 &#8211; Gabarito extraoficial (Analista e T\u00e9cnico)\"}]},{\"@type\":\"WebSite\",\"@id\":\"https:\/\/www.estrategiaconcursos.com.br\/blog\/#website\",\"url\":\"https:\/\/www.estrategiaconcursos.com.br\/blog\/\",\"name\":\"Estrat\u00e9gia Concursos\",\"description\":\"O blog da Estrat\u00e9gia Concursos traz not\u00edcias sobre concursos e artigos de professores oferecendo cursos para concursos (pdf + videaulas) no site.\",\"publisher\":{\"@id\":\"https:\/\/www.estrategiaconcursos.com.br\/blog\/#organization\"},\"potentialAction\":[{\"@type\":\"SearchAction\",\"target\":{\"@type\":\"EntryPoint\",\"urlTemplate\":\"https:\/\/www.estrategiaconcursos.com.br\/blog\/?s={search_term_string}\"},\"query-input\":{\"@type\":\"PropertyValueSpecification\",\"valueRequired\":true,\"valueName\":\"search_term_string\"}}],\"inLanguage\":\"pt-BR\"},{\"@type\":\"Organization\",\"@id\":\"https:\/\/www.estrategiaconcursos.com.br\/blog\/#organization\",\"name\":\"Estrat\u00e9gia Concursos\",\"url\":\"https:\/\/www.estrategiaconcursos.com.br\/blog\/\",\"logo\":{\"@type\":\"ImageObject\",\"inLanguage\":\"pt-BR\",\"@id\":\"https:\/\/www.estrategiaconcursos.com.br\/blog\/#\/schema\/logo\/image\/\",\"url\":\"https:\/\/dhg1h5j42swfq.cloudfront.net\/2025\/06\/03203428\/logo_concursos-1.jpg\",\"contentUrl\":\"https:\/\/dhg1h5j42swfq.cloudfront.net\/2025\/06\/03203428\/logo_concursos-1.jpg\",\"width\":230,\"height\":60,\"caption\":\"Estrat\u00e9gia Concursos\"},\"image\":{\"@id\":\"https:\/\/www.estrategiaconcursos.com.br\/blog\/#\/schema\/logo\/image\/\"},\"sameAs\":[\"https:\/\/x.com\/EstratConcursos\"]},{\"@type\":\"Person\",\"@id\":\"https:\/\/www.estrategiaconcursos.com.br\/blog\/#\/schema\/person\/cdad40b5818eb228a838461fcd656da7\",\"name\":\"Coordena\u00e7\u00e3o\",\"image\":{\"@type\":\"ImageObject\",\"inLanguage\":\"pt-BR\",\"@id\":\"https:\/\/secure.gravatar.com\/avatar\/a413b22da0f5009c634f6c4586a2dbe5207074fd5becd88db5183b8069ef25e4?s=96&d=mm&r=g\",\"url\":\"https:\/\/secure.gravatar.com\/avatar\/a413b22da0f5009c634f6c4586a2dbe5207074fd5becd88db5183b8069ef25e4?s=96&d=mm&r=g\",\"contentUrl\":\"https:\/\/secure.gravatar.com\/avatar\/a413b22da0f5009c634f6c4586a2dbe5207074fd5becd88db5183b8069ef25e4?s=96&d=mm&r=g\",\"caption\":\"Coordena\u00e7\u00e3o\"},\"url\":\"https:\/\/www.estrategiaconcursos.com.br\/blog\/author\/contatoestrategiaconcursos-com-br\/\"}]}<\/script>\n<!-- \/ Yoast SEO Premium plugin. -->","yoast_head_json":{"title":"Regimente Interno TRF 1 - Gabarito extraoficial (Analista e T\u00e9cnico)","robots":{"index":"index","follow":"follow","max-snippet":"max-snippet:-1","max-image-preview":"max-image-preview:large","max-video-preview":"max-video-preview:-1"},"canonical":"https:\/\/www.estrategiaconcursos.com.br\/blog\/regimente-interno-trf-1-gabarito-extraoficial\/","og_locale":"pt_BR","og_type":"article","og_title":"Regimente Interno TRF 1 - Gabarito extraoficial (Analista e T\u00e9cnico)","og_description":"Ol\u00e1, tudo bem? Meu nome \u00e9 a Fabr\u00edcio R\u00eago e, junto com o professor Paulo Guimar\u00e3es, ministrei o curso de regimento interno para o TRF 1. A seguir darei as respostas \u00e0 prova de regimento de Analista Judici\u00e1rio, que foi a mesma para todas as especialidades. Para agilizar o processo, apresentarei o in\u00edcio e o [&hellip;]","og_url":"https:\/\/www.estrategiaconcursos.com.br\/blog\/regimente-interno-trf-1-gabarito-extraoficial\/","og_site_name":"Estrat\u00e9gia Concursos","article_published_time":"2017-11-26T21:06:22+00:00","article_modified_time":"2017-11-27T12:24:26+00:00","author":"Coordena\u00e7\u00e3o","twitter_card":"summary_large_image","twitter_creator":"@EstratConcursos","twitter_site":"@EstratConcursos","twitter_misc":{"Escrito por":"Coordena\u00e7\u00e3o","Est. tempo de leitura":"2 minutos"},"schema":{"@context":"https:\/\/schema.org","@graph":[{"@type":"NewsArticle","@id":"https:\/\/www.estrategiaconcursos.com.br\/blog\/regimente-interno-trf-1-gabarito-extraoficial\/#article","isPartOf":{"@id":"https:\/\/www.estrategiaconcursos.com.br\/blog\/regimente-interno-trf-1-gabarito-extraoficial\/"},"author":{"name":"Coordena\u00e7\u00e3o","@id":"https:\/\/www.estrategiaconcursos.com.br\/blog\/#\/schema\/person\/cdad40b5818eb228a838461fcd656da7"},"headline":"Regimente Interno TRF 1 &#8211; Gabarito extraoficial (Analista e T\u00e9cnico)","datePublished":"2017-11-26T21:06:22+00:00","dateModified":"2017-11-27T12:24:26+00:00","mainEntityOfPage":{"@id":"https:\/\/www.estrategiaconcursos.com.br\/blog\/regimente-interno-trf-1-gabarito-extraoficial\/"},"wordCount":383,"commentCount":8,"publisher":{"@id":"https:\/\/www.estrategiaconcursos.com.br\/blog\/#organization"},"articleSection":["Concursos P\u00fablicos"],"inLanguage":"pt-BR","potentialAction":[{"@type":"CommentAction","name":"Comment","target":["https:\/\/www.estrategiaconcursos.com.br\/blog\/regimente-interno-trf-1-gabarito-extraoficial\/#respond"]}],"copyrightYear":"2017","copyrightHolder":{"@id":"https:\/\/www.estrategiaconcursos.com.br\/blog\/#organization"}},{"@type":"WebPage","@id":"https:\/\/www.estrategiaconcursos.com.br\/blog\/regimente-interno-trf-1-gabarito-extraoficial\/","url":"https:\/\/www.estrategiaconcursos.com.br\/blog\/regimente-interno-trf-1-gabarito-extraoficial\/","name":"Regimente Interno TRF 1 - Gabarito extraoficial (Analista e T\u00e9cnico)","isPartOf":{"@id":"https:\/\/www.estrategiaconcursos.com.br\/blog\/#website"},"datePublished":"2017-11-26T21:06:22+00:00","dateModified":"2017-11-27T12:24:26+00:00","breadcrumb":{"@id":"https:\/\/www.estrategiaconcursos.com.br\/blog\/regimente-interno-trf-1-gabarito-extraoficial\/#breadcrumb"},"inLanguage":"pt-BR","potentialAction":[{"@type":"ReadAction","target":["https:\/\/www.estrategiaconcursos.com.br\/blog\/regimente-interno-trf-1-gabarito-extraoficial\/"]}]},{"@type":"BreadcrumbList","@id":"https:\/\/www.estrategiaconcursos.com.br\/blog\/regimente-interno-trf-1-gabarito-extraoficial\/#breadcrumb","itemListElement":[{"@type":"ListItem","position":1,"name":"In\u00edcio","item":"https:\/\/www.estrategiaconcursos.com.br\/blog\/"},{"@type":"ListItem","position":2,"name":"Regimente Interno TRF 1 &#8211; Gabarito extraoficial (Analista e T\u00e9cnico)"}]},{"@type":"WebSite","@id":"https:\/\/www.estrategiaconcursos.com.br\/blog\/#website","url":"https:\/\/www.estrategiaconcursos.com.br\/blog\/","name":"Estrat\u00e9gia Concursos","description":"O blog da Estrat\u00e9gia Concursos traz not\u00edcias sobre concursos e artigos de professores oferecendo cursos para concursos (pdf + videaulas) no site.","publisher":{"@id":"https:\/\/www.estrategiaconcursos.com.br\/blog\/#organization"},"potentialAction":[{"@type":"SearchAction","target":{"@type":"EntryPoint","urlTemplate":"https:\/\/www.estrategiaconcursos.com.br\/blog\/?s={search_term_string}"},"query-input":{"@type":"PropertyValueSpecification","valueRequired":true,"valueName":"search_term_string"}}],"inLanguage":"pt-BR"},{"@type":"Organization","@id":"https:\/\/www.estrategiaconcursos.com.br\/blog\/#organization","name":"Estrat\u00e9gia Concursos","url":"https:\/\/www.estrategiaconcursos.com.br\/blog\/","logo":{"@type":"ImageObject","inLanguage":"pt-BR","@id":"https:\/\/www.estrategiaconcursos.com.br\/blog\/#\/schema\/logo\/image\/","url":"https:\/\/dhg1h5j42swfq.cloudfront.net\/2025\/06\/03203428\/logo_concursos-1.jpg","contentUrl":"https:\/\/dhg1h5j42swfq.cloudfront.net\/2025\/06\/03203428\/logo_concursos-1.jpg","width":230,"height":60,"caption":"Estrat\u00e9gia Concursos"},"image":{"@id":"https:\/\/www.estrategiaconcursos.com.br\/blog\/#\/schema\/logo\/image\/"},"sameAs":["https:\/\/x.com\/EstratConcursos"]},{"@type":"Person","@id":"https:\/\/www.estrategiaconcursos.com.br\/blog\/#\/schema\/person\/cdad40b5818eb228a838461fcd656da7","name":"Coordena\u00e7\u00e3o","image":{"@type":"ImageObject","inLanguage":"pt-BR","@id":"https:\/\/secure.gravatar.com\/avatar\/a413b22da0f5009c634f6c4586a2dbe5207074fd5becd88db5183b8069ef25e4?s=96&d=mm&r=g","url":"https:\/\/secure.gravatar.com\/avatar\/a413b22da0f5009c634f6c4586a2dbe5207074fd5becd88db5183b8069ef25e4?s=96&d=mm&r=g","contentUrl":"https:\/\/secure.gravatar.com\/avatar\/a413b22da0f5009c634f6c4586a2dbe5207074fd5becd88db5183b8069ef25e4?s=96&d=mm&r=g","caption":"Coordena\u00e7\u00e3o"},"url":"https:\/\/www.estrategiaconcursos.com.br\/blog\/author\/contatoestrategiaconcursos-com-br\/"}]}},"_links":{"self":[{"href":"https:\/\/www.estrategiaconcursos.com.br\/blog\/wp-json\/wp\/v2\/posts\/96771","targetHints":{"allow":["GET"]}}],"collection":[{"href":"https:\/\/www.estrategiaconcursos.com.br\/blog\/wp-json\/wp\/v2\/posts"}],"about":[{"href":"https:\/\/www.estrategiaconcursos.com.br\/blog\/wp-json\/wp\/v2\/types\/post"}],"author":[{"embeddable":true,"href":"https:\/\/www.estrategiaconcursos.com.br\/blog\/wp-json\/wp\/v2\/users\/48"}],"replies":[{"embeddable":true,"href":"https:\/\/www.estrategiaconcursos.com.br\/blog\/wp-json\/wp\/v2\/comments?post=96771"}],"version-history":[{"count":6,"href":"https:\/\/www.estrategiaconcursos.com.br\/blog\/wp-json\/wp\/v2\/posts\/96771\/revisions"}],"predecessor-version":[{"id":97212,"href":"https:\/\/www.estrategiaconcursos.com.br\/blog\/wp-json\/wp\/v2\/posts\/96771\/revisions\/97212"}],"wp:attachment":[{"href":"https:\/\/www.estrategiaconcursos.com.br\/blog\/wp-json\/wp\/v2\/media?parent=96771"}],"wp:term":[{"taxonomy":"category","embeddable":true,"href":"https:\/\/www.estrategiaconcursos.com.br\/blog\/wp-json\/wp\/v2\/categories?post=96771"},{"taxonomy":"post_tag","embeddable":true,"href":"https:\/\/www.estrategiaconcursos.com.br\/blog\/wp-json\/wp\/v2\/tags?post=96771"},{"taxonomy":"tax_estado","embeddable":true,"href":"https:\/\/www.estrategiaconcursos.com.br\/blog\/wp-json\/wp\/v2\/tax_estado?post=96771"}],"curies":[{"name":"wp","href":"https:\/\/api.w.org\/{rel}","templated":true}]}}