{"id":96769,"date":"2017-11-26T15:55:03","date_gmt":"2017-11-26T18:55:03","guid":{"rendered":"https:\/\/www.estrategiaconcursos.com.br\/blog\/?p=96769"},"modified":"2017-11-26T22:33:27","modified_gmt":"2017-11-27T01:33:27","slug":"provacomentada-tre-afo-orcamento-publico","status":"publish","type":"post","link":"https:\/\/www.estrategiaconcursos.com.br\/blog\/provacomentada-tre-afo-orcamento-publico\/","title":{"rendered":"Gabarito extraoficial TRE\/RJ &#8211; AFO e Or\u00e7amento P\u00fablico &#8211; Analista Judici\u00e1rio &#8211; \u00c1rea Administrativa"},"content":{"rendered":"<p style=\"text-align: justify\"><span style=\"font-family: arial, helvetica, sans-serif\"><strong>Prova Comentada TRE\/RJ &#8211; AFO e Or\u00e7amento P\u00fablico &#8211; Analista Judici\u00e1rio &#8211; \u00c1rea Administrativa<\/strong><\/span><\/p>\n<p style=\"text-align: justify\"><span style=\"font-family: arial, helvetica, sans-serif\">Ol\u00e1 amigos! Como \u00e9 bom estar aqui!<\/span><\/p>\n<p style=\"text-align: justify\"><span style=\"font-family: arial, helvetica, sans-serif\">Foi realizada a prova do TRE\/RJ para o cargo de Analista Judici\u00e1rio &#8211; \u00c1rea Administrativa.<\/span><\/p>\n<p style=\"text-align: justify\"><span style=\"font-family: arial, helvetica, sans-serif\">As quest\u00f5es de AFO e Or\u00e7amento P\u00fablico s\u00e3o: Q61 a Q65.<\/span><\/p>\n<p style=\"text-align: justify\"><span style=\"font-family: arial, helvetica, sans-serif\">Vou colocar apenas o gabarito para que eu consiga comentar diversas provas que ocorreram hoje, mas nas pr\u00f3ximas horas est\u00e1 tudo completo.<\/span><\/p>\n<p style=\"text-align: justify\"><span style=\"font-family: arial, helvetica, sans-serif\"><strong>61. Com base n<\/strong><strong>o disposto na Lei 4.320\/64, assinale a alternativa correta.<\/strong><\/span><\/p>\n<p style=\"text-align: justify\"><span style=\"font-family: arial, helvetica, sans-serif\"><strong>A) Os cr\u00e9ditos adicionais especiais e extraordin\u00e1rios ser\u00e3o autorizados por decreto do poder legislativo e\/ou do Poder Executivo, a depender do caso.<\/strong><\/span><\/p>\n<p style=\"text-align: justify\"><span style=\"font-family: arial, helvetica, sans-serif\">Os cr\u00e9ditos suplementares e especiais ser\u00e3o autorizados <strong>por lei<\/strong> e abertos por decreto <strong>executivo.\u00a0<\/strong>Os cr\u00e9ditos extraordin\u00e1rios ser\u00e3o <strong>abertos<\/strong> por <strong>decreto do Poder Executivo<\/strong>, que deles dar\u00e1 imediato conhecimento ao Poder Legislativo\u00a0(arts. 42 e 44 da Lei 4320\/1964).\u00a0<\/span><\/p>\n<p style=\"text-align: justify\"><span style=\"font-family: arial, helvetica, sans-serif\">Relembro que a Constitui\u00e7\u00e3o Federal passou a exigir que o cr\u00e9dito extraordin\u00e1rio seja aberto por meio de medida provis\u00f3ria no \u00e2mbito federal, bem como no \u00e2mbito dos entes p\u00fablicos que possuam tal instrumento.<\/span><\/p>\n<p style=\"text-align: justify\"><span style=\"font-family: arial, helvetica, sans-serif\"><strong>B) As autoriza\u00e7\u00f5es de despesas computadas insuficientemente na Lei de Or\u00e7amento e\/ou na Lei de diretrizes Or\u00e7ament\u00e1rias s\u00e3o conhecidas como Cr\u00e9ditos adicionais Suplementares.<\/strong><\/span><\/p>\n<p style=\"text-align: justify\"><span style=\"font-family: arial, helvetica, sans-serif\">S\u00e3o cr\u00e9ditos adicionais, as autoriza\u00e7\u00f5es de despesa n\u00e3o computadas ou insuficientemente dotadas na <strong>Lei de Or\u00e7amento<\/strong> (art. 40 da Lei 4320\/1964).<\/span><\/p>\n<p style=\"text-align: justify\"><span style=\"font-family: arial, helvetica, sans-serif\"><strong>C) A abertura de cr\u00e9ditos adicionais suplementares ou de cr\u00e9ditos adicionais especiais independente da exist\u00eancia de recursos dispon\u00edveis para ocorrer a despesa, desde que precedida de justificativa plaus\u00edvel e aceit\u00e1vel.<\/strong><\/span><\/p>\n<p style=\"text-align: justify\"><span style=\"font-family: arial, helvetica, sans-serif\">A abertura dos cr\u00e9ditos suplementares e especiais <strong>depende<\/strong> da exist\u00eancia de recursos dispon\u00edveis para ocorrer a despesa e ser\u00e1 precedida de exposi\u00e7\u00e3o justificativa (art. 43, <em>caput<\/em>, da Lei 4320\/1964).<\/span><\/p>\n<p style=\"text-align: justify\"><span style=\"font-family: arial, helvetica, sans-serif\"><strong>D) A diferen\u00e7a positiva ou negativa entre o Ativo Financeiro e o Passivo Financeiro, conjugando-se os saldos dos cr\u00e9ditos adicionais transferidos e a opera\u00e7\u00e3o de cr\u00e9ditos eles vinculados, s\u00e3o entendidos como super\u00e1vit financeiro ou d\u00e9ficit financeiro, respectivamente.<\/strong><\/span><\/p>\n<p style=\"text-align: justify\"><span style=\"font-family: arial, helvetica, sans-serif\">Entende-se por super\u00e1vit financeiro a diferen\u00e7a positiva entre o ativo financeiro e o passivo financeiro, conjugando-se, ainda, os saldos dos cr\u00e9ditos adicionais transferidos e as opera\u00e7\u00f5es de credito a eles vinculadas (art. 43, \u00a7 2\u00ba, da Lei 4320\/1964). A diferen\u00e7a negativa \u00e9 chamada de d\u00e9ficit financeiro.<\/span><\/p>\n<p style=\"text-align: justify\"><span style=\"font-family: arial, helvetica, sans-serif\">Resposta: Letra D<\/span><\/p>\n<p style=\"text-align: justify\"><span style=\"font-family: arial, helvetica, sans-serif\"><strong>62. Com base n<\/strong><strong>o disposto na Lei 4.320\/64, analise as afirmativas a seguir.<\/strong><\/span><\/p>\n<p style=\"text-align: justify\"><span style=\"font-family: arial, helvetica, sans-serif\"><strong>I. O controle de execu\u00e7\u00e3o or\u00e7ament\u00e1ria compreender\u00e1 a _____________ dos atos de que resultem a arrecada\u00e7\u00e3o da receita ou a realiza\u00e7\u00e3o da despesa, o nascimento ou extin\u00e7\u00e3o de direitos e obriga\u00e7\u00f5es; a__________ funcional dos agentes da administra\u00e7\u00e3o,respons\u00e1veis por bens e valores p\u00fablicos,e o cumprimento do programa de trabalho expresso em termos monet\u00e1rios e em termo de realiza\u00e7\u00e3o de obras e presta\u00e7\u00e3o de servi\u00e7os.<\/strong><\/span><\/p>\n<p style=\"text-align: justify\"><span style=\"font-family: arial, helvetica, sans-serif\"><strong>II. A verifica\u00e7\u00e3o da legalidade dos atos de execu\u00e7\u00e3o or\u00e7ament\u00e1ria ser\u00e1 pr\u00e9via,__________ e subsequente.<\/strong><\/span><\/p>\n<p style=\"text-align: justify\"><span style=\"font-family: arial, helvetica, sans-serif\"><strong>III. O Poder Executivo,___________ prestar\u00e1 contas ao Poder Legislativo,no prazo estabelecido nas constitui\u00e7\u00f5es ou nas Leis Org\u00e2nicas dos Munic\u00edpios.<\/strong><\/span><\/p>\n<p style=\"text-align: justify\"><span style=\"font-family: arial, helvetica, sans-serif\"><strong>IV. As contas do Poder__________ser\u00e3o submetidas ao Poder_________com Parecer pr\u00e9vio do ___________ou \u00f3rg\u00e3o equivalente.<\/strong><\/span><\/p>\n<p style=\"text-align: justify\"><span style=\"font-family: arial, helvetica, sans-serif\"><strong>Assinale alternativa que completa correta e sequencialmente as afirmativas anteriores.<\/strong><\/span><\/p>\n<p style=\"text-align: justify\"><span style=\"font-family: arial, helvetica, sans-serif\"><strong>A) legalidade\/fidelidade\/concomitante\/anualmente\/Executivo\/Legislativo\/Tribunal de Contas<\/strong><\/span><\/p>\n<p style=\"text-align: justify\"><span style=\"font-family: arial, helvetica, sans-serif\"><strong>B) razoabilidade\/legislativo\/mediata\/bimestralmente\/judici\u00e1rio\/Executivo\/ Minist\u00e9rio P\u00fablico<\/strong><\/span><\/p>\n<p style=\"text-align: justify\"><span style=\"font-family: arial, helvetica, sans-serif\"><strong>C) Formalidade \/autoridade\/suplementar\/semestralmente\/Executivo\/judici\u00e1rio\/ Minist\u00e9rio P\u00fablico<\/strong><\/span><\/p>\n<p style=\"text-align: justify\"><span style=\"font-family: arial, helvetica, sans-serif\"><strong>D) discricionariedade\/estabilidade\/imediata\/quadrimestralmente\/Legislativo\/ Judici\u00e1rio\/ Tribunal de Contas<\/strong><\/span><\/p>\n<p style=\"text-align: justify\"><span style=\"font-family: arial, helvetica, sans-serif\">I. O controle de execu\u00e7\u00e3o or\u00e7ament\u00e1ria compreender\u00e1 a <strong>legalidade<\/strong> dos atos de que resultem a arrecada\u00e7\u00e3o da receita ou a realiza\u00e7\u00e3o da despesa, o nascimento ou extin\u00e7\u00e3o de direitos e obriga\u00e7\u00f5es; a <strong>fidelidade<\/strong> funcional dos agentes da administra\u00e7\u00e3o, respons\u00e1veis por bens e valores p\u00fablicos, e o cumprimento do programa de trabalho expresso em termos monet\u00e1rios e em termo de realiza\u00e7\u00e3o de obras e presta\u00e7\u00e3o de servi\u00e7os (art. 75 da Lei 4320\/1964).<\/span><\/p>\n<p style=\"text-align: justify\"><span style=\"font-family: arial, helvetica, sans-serif\">II. A verifica\u00e7\u00e3o da legalidade dos atos de execu\u00e7\u00e3o or\u00e7ament\u00e1ria ser\u00e1 pr\u00e9via, <strong>concomitante<\/strong> e subsequente\u00a0(art. 77 da Lei 4320\/1964).<\/span><\/p>\n<p style=\"text-align: justify\"><span style=\"font-family: arial, helvetica, sans-serif\">III. O Poder Executivo, <strong>anualmente<\/strong> prestar\u00e1 contas ao Poder Legislativo, no prazo estabelecido nas constitui\u00e7\u00f5es ou nas Leis Org\u00e2nicas dos Munic\u00edpios\u00a0(art. 82, <em>caput<\/em>, da Lei 4320\/1964).<\/span><\/p>\n<p style=\"text-align: justify\"><span style=\"font-family: arial, helvetica, sans-serif\">IV. As contas do Poder <strong>Executivo<\/strong> ser\u00e3o submetidas ao Poder <strong>Legislativo<\/strong> com Parecer pr\u00e9vio do <strong>Tribunal de Contas<\/strong> ou \u00f3rg\u00e3o equivalente\u00a0(art. 82, \u00a7 1\u00ba, da Lei 4320\/1964).<\/span><\/p>\n<p style=\"text-align: justify\"><span style=\"font-family: arial, helvetica, sans-serif\">Logo, a sequ\u00eancia correta \u00e9:\u00a0<strong>legalidade\/fidelidade\/concomitante\/anualmente\/Executivo\/ Legislativo\/Tribunal de Contas<\/strong><\/span><\/p>\n<p style=\"text-align: justify\"><span style=\"font-family: arial, helvetica, sans-serif\">Resposta: Letra A<\/span><\/p>\n<p style=\"text-align: justify\"><span style=\"font-family: arial, helvetica, sans-serif\"><strong>63. Tendo como referencial te\u00f3rico o disposto na constitui\u00e7\u00e3o da Rep\u00fablica Federativa do Brasil de 1988 e na Lei complementar n\u00b0 101, de 04 de maio de 2000, assinale a afirmativa INCORRETA.<\/strong><\/span><\/p>\n<p style=\"text-align: justify\"><span style=\"font-family: arial, helvetica, sans-serif\"><strong>A) \u00c9 ilegal e portanto, nulo, atos que provoquem aumento de despesas com pessoal em desacordo com o limites legal de comprometimento aplicado \u00e0s despesas com pessoal inativo.<\/strong><\/span><\/p>\n<p style=\"text-align: justify\" align=\"JUSTIFY\"><span style=\"font-family: arial, helvetica, sans-serif;font-size: 12pt\"><small>Correta. \u00c9 nulo de pleno direito o ato que provoque aumento da despesa com pessoal e n\u00e3o atenda\u00a0<\/small><small>o limite legal de comprometimento aplicado \u00e0s despesas com pessoal inativo (art. 21, II, da LRF).<\/small><\/span><\/p>\n<p style=\"text-align: justify\"><span style=\"font-family: arial, helvetica, sans-serif\"><strong>B) O Relat\u00f3rio de Gest\u00e3o Fiscal, que devera ser elaborado de forma consolidada pelo Poder Executivo de cada ente da Federa\u00e7\u00e3o ao final de cada exerc\u00edcio financeiro, dever\u00e1 conter balan\u00e7o or\u00e7ament\u00e1rio e demonstrativo da execu\u00e7\u00e3o das receitas e das despesas.<\/strong><\/span><\/p>\n<p style=\"text-align: justify\"><span style=\"font-family: arial, helvetica, sans-serif\">\u00c9 a incorreta. O <strong>Relat\u00f3rio Resumido da Execu\u00e7\u00e3o Or\u00e7ament\u00e1ria<\/strong>, que devera ser elaborado de forma consolidada pelo Poder Executivo de cada ente da Federa\u00e7\u00e3o <strong>at\u00e9 30 dias ap\u00f3s o encerramento de cada bimestre<\/strong>, dever\u00e1 conter balan\u00e7o or\u00e7ament\u00e1rio e demonstrativo da execu\u00e7\u00e3o das receitas e das despesas (art. 52, <em>caput<\/em>, I e II).<\/span><\/p>\n<p style=\"text-align: justify\"><span style=\"font-family: arial, helvetica, sans-serif\"><strong>C) Na apura\u00e7\u00e3o do percentual m\u00e1ximo da Receita Corrente L\u00edquida de cada ente da Federa\u00e7\u00e3o poder\u00e1 gastar com pagamento de pessoal, a Lei de Responsabilidade Fiscal determina que dever\u00e3o ser exclu\u00eddos os valores destinados a pagamentos de incentivos \u00e1 demiss\u00e3o volunt\u00e1ria.<\/strong><\/span><\/p>\n<p style=\"text-align: justify\" align=\"JUSTIFY\"><span style=\"font-family: arial, helvetica, sans-serif\"><small>Correta. Na verifica\u00e7\u00e3o do atendimento dos limites definidos neste artigo, n\u00e3o ser\u00e3o computadas as despesas\u00a0<\/small><small>relativas a incentivos \u00e0 demiss\u00e3o volunt\u00e1ria (art. 19, \u00a7 1\u00ba, II, da LRF).<\/small><\/span><\/p>\n<p style=\"text-align: justify\"><span style=\"font-family: arial, helvetica, sans-serif\"><b>D) \u00c9 facultado a titular de Poder ou \u00f3rg\u00e3o dos entes da Federa\u00e7\u00e3o, contrair obriga\u00e7\u00f5es de despesas que possam ser cumpridas integralmente nos \u00faltimos\u00a0dois quadrimestres\u00a0de seu mandato, inclusive com parcelas a serem pagas no exerc\u00edcio financeiro seguinte, desde de que exista disponibilidade de caixa suficiente para cobrir tais despesas, devendo ser computados, tamb\u00e9m, quando da determina\u00e7\u00e3o da referida disponibilidade de caixa, os encargos e despesas compromissadas a pagar at\u00e9 o final do exerc\u00edcio.<\/b><\/span><\/p>\n<p style=\"text-align: justify\" align=\"JUSTIFY\"><span style=\"font-family: arial, helvetica, sans-serif\"><small>Correta. \u00c9 vedado ao titular de Poder ou \u00f3rg\u00e3o referido no art. 20, nos \u00faltimos dois quadrimestres do seu mandato, contrair obriga\u00e7\u00e3o de despesa que n\u00e3o possa ser cumprida integralmente dentro dele, ou que tenha parcelas a serem pagas no exerc\u00edcio seguinte sem que haja suficiente disponibilidade de caixa para este efeito.<\/small><small>\u00a0Na determina\u00e7\u00e3o da disponibilidade de caixa ser\u00e3o considerados os encargos e despesas compromissadas a pagar at\u00e9 o final do exerc\u00edcio (art. 42, caput e par\u00e1grafo \u00fanico, da LRF).<\/small><\/span><\/p>\n<p style=\"text-align: justify\"><span style=\"font-family: arial, helvetica, sans-serif\">Resposta: Letra B<\/span><\/p>\n<p style=\"text-align: justify\"><span style=\"font-family: arial, helvetica, sans-serif\"><strong>64.\u00a0Com base no disposto no Decreto n\u00b0 93.872\/86, marque V para as afirmativas verdadeiras e F para as falsas.<\/strong><\/span><\/p>\n<p style=\"text-align: justify\"><span style=\"font-family: arial, helvetica, sans-serif\"><strong>(V) As tomadas de contas dos ordenadores de despesas, dos agentes recebedores ou pagadores e dos encarregados da guarda ou da administra\u00e7\u00e3o de valores e de outros bens p\u00fablicos ser\u00e3o encaminhadas ao Tribunal de Contas da Uni\u00e3o, no exerc\u00edcio financeiro imediatamente seguinte aquele a que se referirem, at\u00e9 o dia 30 de junho.<\/strong><\/span><\/p>\n<p style=\"text-align: justify\" align=\"JUSTIFY\"><span style=\"font-family: arial, helvetica, sans-serif\">As tomadas de contas e presta\u00e7\u00e3o de contas ser\u00e3o encaminhadas ao Tribunal de Contas da Uni\u00e3o no exerc\u00edcio financeiro imediatamente seguinte \u00e0quele a que se referirem, observados os seguintes prazos:\u00a0at\u00e9 30 de junho, as tomadas de contas dos ordenadores de despesas, agentes recebedores ou pagadores e encarregados da guarda ou administra\u00e7\u00e3o de valores e outros bens p\u00fablicos\u00a0(art. 153, I, a, do Dec. 93.872\/86).<\/span><\/p>\n<p style=\"text-align: justify\"><span style=\"font-family: arial, helvetica, sans-serif\"><strong>(V) Al\u00e9m da tomada de contas ou presta\u00e7\u00e3o de contas anual, o \u00f3rg\u00e3o setorial de controle interno manter\u00e1 sistema de acompanhamento continuo \u00a0de execu\u00e7\u00e3o de projetos e atividades pelos \u00f3rg\u00e3os e entidades da Administra\u00e7\u00e3o Federal, direta e indireta, sob a sua jurisdi\u00e7\u00e3o, de forma a lhe permitir, a qualquer tempo, pronunciar-se sobre a efici\u00eancia e a efic\u00e1cia\u00a0 da gest\u00e3o, podendo proceder \u00e0 verifica\u00e7\u00e3o, exames ou levantamentos que se fizeram necess\u00e1rios.<\/strong><\/span><\/p>\n<p style=\"text-align: justify\" align=\"JUSTIFY\"><span style=\"font-family: arial, helvetica, sans-serif\">Al\u00e9m da tomada de contas ou presta\u00e7\u00e3o de contas anual, o \u00f3rg\u00e3o setorial de controle interno manter\u00e1 sistema de acompanhamento cont\u00ednuo da execu\u00e7\u00e3o de projetos e atividades pelos \u00f3rg\u00e3os e entidades da Administra\u00e7\u00e3o Federal, direta e indireta, sob sua jurisdi\u00e7\u00e3o, de forma a lhe permitir, a qualquer tempo, pronunciar-se sobre a efici\u00eancia e a efic\u00e1cia da gest\u00e3o, podendo proceder \u00e0s verifica\u00e7\u00f5es, exames ou levantamentos que se fizerem necess\u00e1rios\u00a0(art. 146 do Dec. 93.872\/86).<\/span><\/p>\n<p style=\"text-align: justify\"><span style=\"font-family: arial, helvetica, sans-serif\"><strong>( V ) Diante do exame de auditoria, o \u00f3rg\u00e3o setorial de controle interno emitir\u00e1 parecer avaliando a efici\u00eancia da gest\u00e3o, bem assim quanto \u00e0 economia na utiliza\u00e7\u00e3o dos recursos p\u00fablicos, ou sobre as irregularidades\u00a0 apuradas, quando for o caso, submetendo a tomada de contas ou presta\u00e7\u00e3o de contas \u00e0 considera\u00e7\u00e3o do Ministro de Estado, que se pronunciar\u00e1 a respeito, remetendo o processo, em seguida, ao Tribunal de Contas da Uni\u00e3o, para os fins constitucionais e legais.<\/strong><\/span><\/p>\n<p style=\"text-align: justify\" align=\"JUSTIFY\"><span style=\"font-family: arial, helvetica, sans-serif\">Diante do exame de auditoria, o \u00f3rg\u00e3o setorial de controle interno emitir\u00e1 parecer avaliando a efici\u00eancia e a efic\u00e1cia da gest\u00e3o, bem assim quanto \u00e0 economia na utiliza\u00e7\u00e3o dos recursos p\u00fablicos, ou sobre as irregularidades apuradas, quando for o caso, submetendo a tomada de contas ou presta\u00e7\u00e3o de contas \u00e0 considera\u00e7\u00e3o do Ministro de Estado, que se pronunciar\u00e1 a respeito, remetendo o processo, em seguida, ao Tribunal de Contas da Uni\u00e3o, para os fins constitucionais e legais (art. 151 do Dec. 93.872\/86).<\/span><\/p>\n<p style=\"text-align: justify\"><span style=\"font-family: arial, helvetica, sans-serif\"><strong>(V ) Sem preju\u00edzo do encaminhamento da tomada de contas ou presta\u00e7\u00e3o de contas do Tribunal de Contas da Uni\u00e3o, o Ministro de Estado, no caso de irregularidade, determinar\u00e1 as provid\u00eancias que, a seu crit\u00e9rio, se tornarem indispens\u00e1veis para resguardar o interesse da coletividade e probidade na aplica\u00e7\u00e3o dos recursos p\u00fablicos, das quais dar\u00e1 ci\u00eancia oportunamente ao Tribunal.<\/strong><\/span><\/p>\n<p style=\"text-align: justify\" align=\"JUSTIFY\"><span style=\"font-family: arial, helvetica, sans-serif\">Sem preju\u00edzo do encaminhamento da tomada de contas ou presta\u00e7\u00e3o de contas ao Tribunal de Contas da Uni\u00e3o, o Ministro de Estado, no caso de irregularidade, determinar\u00e1 as provid\u00eancias que, a seu crit\u00e9rio, se tornarem indispens\u00e1veis para resguardar o interesse da coletividade e probidade na aplica\u00e7\u00e3o dos recursos p\u00fablicos, das quais dar\u00e1 ci\u00eancia oportunamente ao Tribunal\u00a0(art. 152 do Dec. 93.872\/86).<\/span><\/p>\n<p style=\"text-align: justify\"><span style=\"font-family: arial, helvetica, sans-serif\"><strong>A\u00a0<\/strong><strong> sequ\u00eancia est\u00e1 correta em:<\/strong><\/span><\/p>\n<p style=\"text-align: justify\"><span style=\"font-family: arial, helvetica, sans-serif\"><strong>A) F,V,V,F <\/strong><\/span><\/p>\n<p style=\"text-align: justify\"><span style=\"font-family: arial, helvetica, sans-serif\"><strong>B) V,V,V,V. <\/strong><\/span><\/p>\n<p style=\"text-align: justify\"><span style=\"font-family: arial, helvetica, sans-serif\"><strong>C) F,F,F,F.\u00a0 <\/strong><\/span><\/p>\n<p style=\"text-align: justify\"><span style=\"font-family: arial, helvetica, sans-serif\"><strong>D) V,F,F,V.<\/strong><\/span><\/p>\n<p style=\"text-align: justify\"><span style=\"font-family: arial, helvetica, sans-serif\">Resposta: Letra B<\/span><\/p>\n<p style=\"text-align: justify\"><span style=\"font-family: arial, helvetica, sans-serif\">Se algu\u00e9m acertou essa quest\u00e3o de forma consciente, sem chutar, ser\u00e1 surpreendente e o aluno est\u00e1 acima de m\u00e9dia. O Decreto \u00e9 enorme (158 artigos) e foi cobrada a sua parte final, a qual n\u00e3o aparece nas provas.<\/span><\/p>\n<p style=\"text-align: justify\"><span style=\"font-family: arial, helvetica, sans-serif\"><strong>65.\u00a0Com base no disposto no Decreto-Lei n\u00b0200\/67,\u00a0 marque V para as afirmativas verdadeiras e F para as falsas.<\/strong><\/span><\/p>\n<p style=\"text-align: justify\"><span style=\"font-family: arial, helvetica, sans-serif\"><strong>( ) A execu\u00e7\u00e3o das atividades da Administra\u00e7\u00e3o Federal dever\u00e1 ser amplamente descentralizada. Na descentraliza\u00e7\u00e3o, dentro dos quadros da Administra\u00e7\u00e3o Federal, n\u00e3o poder\u00e3o ser feitas qualquer distin\u00e7\u00e3o entre n\u00edvel de dire\u00e7\u00e3o e n\u00edvel de execu\u00e7\u00e3o.<\/strong><\/span><\/p>\n<p style=\"text-align: justify\"><span style=\"font-family: arial, helvetica, sans-serif\">A execu\u00e7\u00e3o das atividades da Administra\u00e7\u00e3o Federal dever\u00e1 ser amplamente descentralizada.\u00a0A descentraliza\u00e7\u00e3o ser\u00e1 posta em pr\u00e1tica em tr\u00eas planos principais. Dentro dos quadros da Administra\u00e7\u00e3o Federal, <strong>distinguindo-se claramente<\/strong> o n\u00edvel de dire\u00e7\u00e3o do de execu\u00e7\u00e3o\u00a0(art. 10, <em>caput<\/em> e \u00a7 1\u00ba, a, do Decreto-Lei 200\/67).<\/span><\/p>\n<p style=\"text-align: justify\"><span style=\"font-family: arial, helvetica, sans-serif\"><strong>( F ) Os servi\u00e7os que comp\u00f5em a estrutura central de dire\u00e7\u00e3o, em cada \u00f3rg\u00e3o da Administra\u00e7\u00e3o Federal, n\u00e3o poder\u00e3o se eximir das rotinas de execu\u00e7\u00e3o e das tarefas de mera formaliza\u00e7\u00e3o de atos administrativos, sob pena de prejudicar as atividades de planejamento, de supervis\u00e3o, de coordena\u00e7\u00e3o e de controle.<\/strong><\/span><\/p>\n<p style=\"text-align: justify\"><span style=\"font-family: arial, helvetica, sans-serif\">Em cada \u00f3rg\u00e3o da Administra\u00e7\u00e3o Federal, os servi\u00e7os que comp\u00f5em a estrutura central de dire\u00e7\u00e3o <strong>devem permanecer liberados<\/strong> das rotinas de execu\u00e7\u00e3o e das tarefas de mera formaliza\u00e7\u00e3o de atos administrativos, <strong>para que possam concentrar-se<\/strong> nas atividades de planejamento, supervis\u00e3o, coordena\u00e7\u00e3o e controle (art. 10, \u00a7 2\u00ba, do Decreto-Lei 200\/67).<\/span><\/p>\n<p style=\"text-align: justify\"><span style=\"font-family: arial, helvetica, sans-serif\"><strong>( F ) A Administra\u00e7\u00e3o casu\u00edstica compete, em princ\u00edpio, ao n\u00edvel de dire\u00e7\u00e3o.<\/strong><\/span><\/p>\n<p style=\"text-align: justify\"><span style=\"font-family: arial, helvetica, sans-serif\">A\u00a0Administra\u00e7\u00e3o casu\u00edstica, assim entendida a decis\u00e3o de casos individuais, compete, em princ\u00edpio, ao n\u00edvel de <strong>execu\u00e7\u00e3o<\/strong>, especialmente aos servi\u00e7os de natureza local, que est\u00e3o em contato com os fatos e com o p\u00fablico\u00a0(art. 10, \u00a7 3\u00ba, do Decreto-Lei 200\/67).<\/span><\/p>\n<p style=\"text-align: justify\"><span style=\"font-family: arial, helvetica, sans-serif\"><strong>( F ) Os \u00f3rg\u00e3os Federais respons\u00e1veis pelo programa conservar\u00e3o a autoridade normativa, mas dever\u00e3o descentralizar o controle e a fiscaliza\u00e7\u00e3o, que s\u00e3o dispens\u00e1veis no caso da execu\u00e7\u00e3o de programas locais.<\/strong><\/span><\/p>\n<p style=\"text-align: justify\"><span style=\"font-family: arial, helvetica, sans-serif\">Os \u00f3rg\u00e3os federais respons\u00e1veis pelos programas conservar\u00e3o a autoridade normativa e<strong> exercer\u00e3o controle e fiscaliza\u00e7\u00e3o indispens\u00e1veis<\/strong> sobre a execu\u00e7\u00e3o local, condicionando-se a libera\u00e7\u00e3o dos recursos ao fiel cumprimento dos programas e conv\u00eanios\u00a0(art. 10, \u00a7 6\u00ba, do Decreto-Lei 200\/67).<\/span><\/p>\n<p style=\"text-align: justify\"><span style=\"font-family: arial, helvetica, sans-serif\"><strong>( F ) Com objetivo de impedir o crescimento desmesurado da m\u00e1quina administrativa e melhor desincumbir-se das tarefas de planejamento, coordena\u00e7\u00e3o, supervis\u00e3o e controle, a Administra\u00e7\u00e3o obrigar-se-\u00e1 \u00e0 realiza\u00e7\u00e3o material de tarefas executivas, recorrendo, sempre que poss\u00edvel, \u00e0 execu\u00e7\u00e3o direta, desde que exista, na \u00e1rea, iniciativa privada suficientemente desenvolvida e capacitada a desempenhar os encargos de execu\u00e7\u00e3o.<\/strong><\/span><\/p>\n<p style=\"text-align: justify\"><span style=\"font-family: arial, helvetica, sans-serif\"> Para melhor desincumbir-se das tarefas de planejamento, coordena\u00e7\u00e3o, supervis\u00e3o e controle e com o objetivo de impedir o crescimento desmesurado da m\u00e1quina administrativa, a Administra\u00e7\u00e3o <strong>procurar\u00e1 desobrigar-se<\/strong> da realiza\u00e7\u00e3o material de tarefas executivas, recorrendo, sempre que poss\u00edvel, \u00e0 execu\u00e7\u00e3o <strong>indireta<\/strong>, mediante contrato, desde que exista, na \u00e1rea, iniciativa privada suficientemente desenvolvida e capacitada a desempenhar os encargos de execu\u00e7\u00e3o\u00a0(art. 10, \u00a7 7\u00ba, do Decreto-Lei 200\/67).<\/span><\/p>\n<p style=\"text-align: justify\"><span style=\"font-family: arial, helvetica, sans-serif\"><strong>A sequ\u00eancia est\u00e1 correta em:<\/strong><\/span><\/p>\n<p style=\"text-align: justify\"><span style=\"font-family: arial, helvetica, sans-serif\"><strong>A) F,V,V,F,V <\/strong><\/span><\/p>\n<p style=\"text-align: justify\"><span style=\"font-family: arial, helvetica, sans-serif\"><strong>B)\u00a0<\/strong><strong>F,F,F,F,F <\/strong><\/span><\/p>\n<p style=\"text-align: justify\"><span style=\"font-family: arial, helvetica, sans-serif\"><strong>C) V,V,V,V,V\u00a0 <\/strong><\/span><\/p>\n<p style=\"text-align: justify\"><span style=\"font-family: arial, helvetica, sans-serif\"><strong>D) V,F,F,V,F.<\/strong><\/span><\/p>\n<p style=\"text-align: justify\"><span style=\"font-family: arial, helvetica, sans-serif\">Resposta: Letra B<\/span><\/p>\n<p style=\"text-align: justify\"><span style=\"font-family: arial, helvetica, sans-serif\">Outra quest\u00e3o decoreba, a qual se tornou ainda mais complicada porque essa parte nunca havia sido cobrada no \u00e2mbito do Or\u00e7amento P\u00fablico. Essa parte \u00e9 cobrada dentro de Administra\u00e7\u00e3o P\u00fablica.<\/span><\/p>\n<p style=\"text-align: justify\"><span style=\"font-family: arial, helvetica, sans-serif\">Forte abra\u00e7o!<\/span><\/p>\n<p style=\"text-align: justify\"><span style=\"font-family: arial, helvetica, sans-serif\">S\u00e9rgio Mendes<\/span><\/p>\n<p style=\"text-align: justify\"><span style=\"font-family: arial, helvetica, sans-serif\"><a href=\"http:\/\/www.instagram.com\/sergiomendesafo\">www.instagram.com\/sergiomendesafo<\/a><\/span><br \/>\n<span style=\"font-family: arial, helvetica, sans-serif\"> <a href=\"http:\/\/www.facebook.com\/sergiomendesafo\">www.facebook.com\/sergiomendesafo<\/a><\/span><\/p>\n","protected":false},"excerpt":{"rendered":"<p>Prova Comentada TRE\/RJ &#8211; AFO e Or\u00e7amento P\u00fablico &#8211; Analista Judici\u00e1rio &#8211; \u00c1rea Administrativa Ol\u00e1 amigos! Como \u00e9 bom estar aqui! Foi realizada a prova do TRE\/RJ para o cargo de Analista Judici\u00e1rio &#8211; \u00c1rea Administrativa. As quest\u00f5es de AFO e Or\u00e7amento P\u00fablico s\u00e3o: Q61 a Q65. Vou colocar apenas o gabarito para que eu [&hellip;]<\/p>\n","protected":false},"author":29,"featured_media":0,"comment_status":"open","ping_status":"closed","sticky":false,"template":"","format":"standard","meta":{"post_tipo":"article","footnotes":""},"categories":[1984],"tags":[3136],"tax_estado":[],"class_list":["post-96769","post","type-post","status-publish","format-standard","hentry","category-tribunais","tag-gabarito-extraoficial-tre-rj"],"acf":[],"yoast_head":"<!-- This site is optimized with the Yoast SEO Premium plugin v27.2 (Yoast SEO v27.2) - https:\/\/yoast.com\/product\/yoast-seo-premium-wordpress\/ -->\n<title>Gabarito extraoficial TRE\/RJ - AFO e Or\u00e7amento P\u00fablico - Analista Judici\u00e1rio - \u00c1rea Administrativa<\/title>\n<meta name=\"robots\" content=\"index, follow, max-snippet:-1, max-image-preview:large, max-video-preview:-1\" \/>\n<link rel=\"canonical\" href=\"https:\/\/www.estrategiaconcursos.com.br\/blog\/provacomentada-tre-afo-orcamento-publico\/\" \/>\n<meta property=\"og:locale\" content=\"pt_BR\" \/>\n<meta property=\"og:type\" content=\"article\" \/>\n<meta property=\"og:title\" content=\"Gabarito extraoficial TRE\/RJ - AFO e Or\u00e7amento P\u00fablico - Analista Judici\u00e1rio - \u00c1rea Administrativa\" \/>\n<meta property=\"og:description\" content=\"Prova Comentada TRE\/RJ &#8211; AFO e Or\u00e7amento P\u00fablico &#8211; Analista Judici\u00e1rio &#8211; \u00c1rea Administrativa Ol\u00e1 amigos! Como \u00e9 bom estar aqui! Foi realizada a prova do TRE\/RJ para o cargo de Analista Judici\u00e1rio &#8211; \u00c1rea Administrativa. As quest\u00f5es de AFO e Or\u00e7amento P\u00fablico s\u00e3o: Q61 a Q65. Vou colocar apenas o gabarito para que eu [&hellip;]\" \/>\n<meta property=\"og:url\" content=\"https:\/\/www.estrategiaconcursos.com.br\/blog\/provacomentada-tre-afo-orcamento-publico\/\" \/>\n<meta property=\"og:site_name\" content=\"Estrat\u00e9gia Concursos\" \/>\n<meta property=\"article:author\" content=\"https:\/\/www.facebook.com\/profsergiomendes\" \/>\n<meta property=\"article:published_time\" content=\"2017-11-26T18:55:03+00:00\" \/>\n<meta property=\"article:modified_time\" content=\"2017-11-27T01:33:27+00:00\" \/>\n<meta name=\"author\" content=\"S\u00e9rgio Mendes\" \/>\n<meta name=\"twitter:card\" content=\"summary_large_image\" \/>\n<meta name=\"twitter:creator\" content=\"@EstratConcursos\" \/>\n<meta name=\"twitter:site\" content=\"@EstratConcursos\" \/>\n<meta name=\"twitter:label1\" content=\"Escrito por\" \/>\n\t<meta name=\"twitter:data1\" content=\"S\u00e9rgio Mendes\" \/>\n\t<meta name=\"twitter:label2\" content=\"Est. tempo de leitura\" \/>\n\t<meta name=\"twitter:data2\" content=\"12 minutos\" \/>\n<script type=\"application\/ld+json\" class=\"yoast-schema-graph\">{\"@context\":\"https:\/\/schema.org\",\"@graph\":[{\"@type\":\"NewsArticle\",\"@id\":\"https:\/\/www.estrategiaconcursos.com.br\/blog\/provacomentada-tre-afo-orcamento-publico\/#article\",\"isPartOf\":{\"@id\":\"https:\/\/www.estrategiaconcursos.com.br\/blog\/provacomentada-tre-afo-orcamento-publico\/\"},\"author\":{\"name\":\"S\u00e9rgio Mendes\",\"@id\":\"https:\/\/www.estrategiaconcursos.com.br\/blog\/#\/schema\/person\/4ddc4a162b4fdffa2ea9956dbf62f583\"},\"headline\":\"Gabarito extraoficial TRE\/RJ &#8211; AFO e Or\u00e7amento P\u00fablico &#8211; Analista Judici\u00e1rio &#8211; \u00c1rea Administrativa\",\"datePublished\":\"2017-11-26T18:55:03+00:00\",\"dateModified\":\"2017-11-27T01:33:27+00:00\",\"mainEntityOfPage\":{\"@id\":\"https:\/\/www.estrategiaconcursos.com.br\/blog\/provacomentada-tre-afo-orcamento-publico\/\"},\"wordCount\":2515,\"commentCount\":0,\"publisher\":{\"@id\":\"https:\/\/www.estrategiaconcursos.com.br\/blog\/#organization\"},\"keywords\":[\"gabarito extraoficial TRE-RJ\"],\"articleSection\":[\"Tribunais\"],\"inLanguage\":\"pt-BR\",\"potentialAction\":[{\"@type\":\"CommentAction\",\"name\":\"Comment\",\"target\":[\"https:\/\/www.estrategiaconcursos.com.br\/blog\/provacomentada-tre-afo-orcamento-publico\/#respond\"]}],\"copyrightYear\":\"2017\",\"copyrightHolder\":{\"@id\":\"https:\/\/www.estrategiaconcursos.com.br\/blog\/#organization\"}},{\"@type\":\"WebPage\",\"@id\":\"https:\/\/www.estrategiaconcursos.com.br\/blog\/provacomentada-tre-afo-orcamento-publico\/\",\"url\":\"https:\/\/www.estrategiaconcursos.com.br\/blog\/provacomentada-tre-afo-orcamento-publico\/\",\"name\":\"Gabarito extraoficial TRE\/RJ - AFO e Or\u00e7amento P\u00fablico - Analista Judici\u00e1rio - \u00c1rea Administrativa\",\"isPartOf\":{\"@id\":\"https:\/\/www.estrategiaconcursos.com.br\/blog\/#website\"},\"datePublished\":\"2017-11-26T18:55:03+00:00\",\"dateModified\":\"2017-11-27T01:33:27+00:00\",\"breadcrumb\":{\"@id\":\"https:\/\/www.estrategiaconcursos.com.br\/blog\/provacomentada-tre-afo-orcamento-publico\/#breadcrumb\"},\"inLanguage\":\"pt-BR\",\"potentialAction\":[{\"@type\":\"ReadAction\",\"target\":[\"https:\/\/www.estrategiaconcursos.com.br\/blog\/provacomentada-tre-afo-orcamento-publico\/\"]}]},{\"@type\":\"BreadcrumbList\",\"@id\":\"https:\/\/www.estrategiaconcursos.com.br\/blog\/provacomentada-tre-afo-orcamento-publico\/#breadcrumb\",\"itemListElement\":[{\"@type\":\"ListItem\",\"position\":1,\"name\":\"In\u00edcio\",\"item\":\"https:\/\/www.estrategiaconcursos.com.br\/blog\/\"},{\"@type\":\"ListItem\",\"position\":2,\"name\":\"Gabarito extraoficial TRE\/RJ &#8211; AFO e Or\u00e7amento P\u00fablico &#8211; Analista Judici\u00e1rio &#8211; \u00c1rea Administrativa\"}]},{\"@type\":\"WebSite\",\"@id\":\"https:\/\/www.estrategiaconcursos.com.br\/blog\/#website\",\"url\":\"https:\/\/www.estrategiaconcursos.com.br\/blog\/\",\"name\":\"Estrat\u00e9gia Concursos\",\"description\":\"O blog da Estrat\u00e9gia Concursos traz not\u00edcias sobre concursos e artigos de professores oferecendo cursos para concursos (pdf + videaulas) no site.\",\"publisher\":{\"@id\":\"https:\/\/www.estrategiaconcursos.com.br\/blog\/#organization\"},\"potentialAction\":[{\"@type\":\"SearchAction\",\"target\":{\"@type\":\"EntryPoint\",\"urlTemplate\":\"https:\/\/www.estrategiaconcursos.com.br\/blog\/?s={search_term_string}\"},\"query-input\":{\"@type\":\"PropertyValueSpecification\",\"valueRequired\":true,\"valueName\":\"search_term_string\"}}],\"inLanguage\":\"pt-BR\"},{\"@type\":\"Organization\",\"@id\":\"https:\/\/www.estrategiaconcursos.com.br\/blog\/#organization\",\"name\":\"Estrat\u00e9gia Concursos\",\"url\":\"https:\/\/www.estrategiaconcursos.com.br\/blog\/\",\"logo\":{\"@type\":\"ImageObject\",\"inLanguage\":\"pt-BR\",\"@id\":\"https:\/\/www.estrategiaconcursos.com.br\/blog\/#\/schema\/logo\/image\/\",\"url\":\"https:\/\/dhg1h5j42swfq.cloudfront.net\/2025\/06\/03203428\/logo_concursos-1.jpg\",\"contentUrl\":\"https:\/\/dhg1h5j42swfq.cloudfront.net\/2025\/06\/03203428\/logo_concursos-1.jpg\",\"width\":230,\"height\":60,\"caption\":\"Estrat\u00e9gia Concursos\"},\"image\":{\"@id\":\"https:\/\/www.estrategiaconcursos.com.br\/blog\/#\/schema\/logo\/image\/\"},\"sameAs\":[\"https:\/\/x.com\/EstratConcursos\"]},{\"@type\":\"Person\",\"@id\":\"https:\/\/www.estrategiaconcursos.com.br\/blog\/#\/schema\/person\/4ddc4a162b4fdffa2ea9956dbf62f583\",\"name\":\"S\u00e9rgio Mendes\",\"image\":{\"@type\":\"ImageObject\",\"inLanguage\":\"pt-BR\",\"@id\":\"https:\/\/secure.gravatar.com\/avatar\/4eb4b562c33f40d6f7f76579da7e07350c69579df7db305d32a69ed32ecfd5ce?s=96&d=mm&r=g\",\"url\":\"https:\/\/secure.gravatar.com\/avatar\/4eb4b562c33f40d6f7f76579da7e07350c69579df7db305d32a69ed32ecfd5ce?s=96&d=mm&r=g\",\"contentUrl\":\"https:\/\/secure.gravatar.com\/avatar\/4eb4b562c33f40d6f7f76579da7e07350c69579df7db305d32a69ed32ecfd5ce?s=96&d=mm&r=g\",\"caption\":\"S\u00e9rgio Mendes\"},\"sameAs\":[\"https:\/\/www.facebook.com\/profsergiomendes\"],\"url\":\"https:\/\/www.estrategiaconcursos.com.br\/blog\/author\/sergiomendesestrategiaconcursos-com-br\/\"}]}<\/script>\n<!-- \/ Yoast SEO Premium plugin. -->","yoast_head_json":{"title":"Gabarito extraoficial TRE\/RJ - AFO e Or\u00e7amento P\u00fablico - Analista Judici\u00e1rio - \u00c1rea Administrativa","robots":{"index":"index","follow":"follow","max-snippet":"max-snippet:-1","max-image-preview":"max-image-preview:large","max-video-preview":"max-video-preview:-1"},"canonical":"https:\/\/www.estrategiaconcursos.com.br\/blog\/provacomentada-tre-afo-orcamento-publico\/","og_locale":"pt_BR","og_type":"article","og_title":"Gabarito extraoficial TRE\/RJ - AFO e Or\u00e7amento P\u00fablico - Analista Judici\u00e1rio - \u00c1rea Administrativa","og_description":"Prova Comentada TRE\/RJ &#8211; AFO e Or\u00e7amento P\u00fablico &#8211; Analista Judici\u00e1rio &#8211; \u00c1rea Administrativa Ol\u00e1 amigos! Como \u00e9 bom estar aqui! Foi realizada a prova do TRE\/RJ para o cargo de Analista Judici\u00e1rio &#8211; \u00c1rea Administrativa. As quest\u00f5es de AFO e Or\u00e7amento P\u00fablico s\u00e3o: Q61 a Q65. Vou colocar apenas o gabarito para que eu [&hellip;]","og_url":"https:\/\/www.estrategiaconcursos.com.br\/blog\/provacomentada-tre-afo-orcamento-publico\/","og_site_name":"Estrat\u00e9gia Concursos","article_author":"https:\/\/www.facebook.com\/profsergiomendes","article_published_time":"2017-11-26T18:55:03+00:00","article_modified_time":"2017-11-27T01:33:27+00:00","author":"S\u00e9rgio Mendes","twitter_card":"summary_large_image","twitter_creator":"@EstratConcursos","twitter_site":"@EstratConcursos","twitter_misc":{"Escrito por":"S\u00e9rgio Mendes","Est. tempo de leitura":"12 minutos"},"schema":{"@context":"https:\/\/schema.org","@graph":[{"@type":"NewsArticle","@id":"https:\/\/www.estrategiaconcursos.com.br\/blog\/provacomentada-tre-afo-orcamento-publico\/#article","isPartOf":{"@id":"https:\/\/www.estrategiaconcursos.com.br\/blog\/provacomentada-tre-afo-orcamento-publico\/"},"author":{"name":"S\u00e9rgio Mendes","@id":"https:\/\/www.estrategiaconcursos.com.br\/blog\/#\/schema\/person\/4ddc4a162b4fdffa2ea9956dbf62f583"},"headline":"Gabarito extraoficial TRE\/RJ &#8211; AFO e Or\u00e7amento P\u00fablico &#8211; Analista Judici\u00e1rio &#8211; \u00c1rea Administrativa","datePublished":"2017-11-26T18:55:03+00:00","dateModified":"2017-11-27T01:33:27+00:00","mainEntityOfPage":{"@id":"https:\/\/www.estrategiaconcursos.com.br\/blog\/provacomentada-tre-afo-orcamento-publico\/"},"wordCount":2515,"commentCount":0,"publisher":{"@id":"https:\/\/www.estrategiaconcursos.com.br\/blog\/#organization"},"keywords":["gabarito extraoficial TRE-RJ"],"articleSection":["Tribunais"],"inLanguage":"pt-BR","potentialAction":[{"@type":"CommentAction","name":"Comment","target":["https:\/\/www.estrategiaconcursos.com.br\/blog\/provacomentada-tre-afo-orcamento-publico\/#respond"]}],"copyrightYear":"2017","copyrightHolder":{"@id":"https:\/\/www.estrategiaconcursos.com.br\/blog\/#organization"}},{"@type":"WebPage","@id":"https:\/\/www.estrategiaconcursos.com.br\/blog\/provacomentada-tre-afo-orcamento-publico\/","url":"https:\/\/www.estrategiaconcursos.com.br\/blog\/provacomentada-tre-afo-orcamento-publico\/","name":"Gabarito extraoficial TRE\/RJ - AFO e Or\u00e7amento P\u00fablico - Analista Judici\u00e1rio - \u00c1rea Administrativa","isPartOf":{"@id":"https:\/\/www.estrategiaconcursos.com.br\/blog\/#website"},"datePublished":"2017-11-26T18:55:03+00:00","dateModified":"2017-11-27T01:33:27+00:00","breadcrumb":{"@id":"https:\/\/www.estrategiaconcursos.com.br\/blog\/provacomentada-tre-afo-orcamento-publico\/#breadcrumb"},"inLanguage":"pt-BR","potentialAction":[{"@type":"ReadAction","target":["https:\/\/www.estrategiaconcursos.com.br\/blog\/provacomentada-tre-afo-orcamento-publico\/"]}]},{"@type":"BreadcrumbList","@id":"https:\/\/www.estrategiaconcursos.com.br\/blog\/provacomentada-tre-afo-orcamento-publico\/#breadcrumb","itemListElement":[{"@type":"ListItem","position":1,"name":"In\u00edcio","item":"https:\/\/www.estrategiaconcursos.com.br\/blog\/"},{"@type":"ListItem","position":2,"name":"Gabarito extraoficial TRE\/RJ &#8211; AFO e Or\u00e7amento P\u00fablico &#8211; Analista Judici\u00e1rio &#8211; \u00c1rea Administrativa"}]},{"@type":"WebSite","@id":"https:\/\/www.estrategiaconcursos.com.br\/blog\/#website","url":"https:\/\/www.estrategiaconcursos.com.br\/blog\/","name":"Estrat\u00e9gia Concursos","description":"O blog da Estrat\u00e9gia Concursos traz not\u00edcias sobre concursos e artigos de professores oferecendo cursos para concursos (pdf + videaulas) no site.","publisher":{"@id":"https:\/\/www.estrategiaconcursos.com.br\/blog\/#organization"},"potentialAction":[{"@type":"SearchAction","target":{"@type":"EntryPoint","urlTemplate":"https:\/\/www.estrategiaconcursos.com.br\/blog\/?s={search_term_string}"},"query-input":{"@type":"PropertyValueSpecification","valueRequired":true,"valueName":"search_term_string"}}],"inLanguage":"pt-BR"},{"@type":"Organization","@id":"https:\/\/www.estrategiaconcursos.com.br\/blog\/#organization","name":"Estrat\u00e9gia Concursos","url":"https:\/\/www.estrategiaconcursos.com.br\/blog\/","logo":{"@type":"ImageObject","inLanguage":"pt-BR","@id":"https:\/\/www.estrategiaconcursos.com.br\/blog\/#\/schema\/logo\/image\/","url":"https:\/\/dhg1h5j42swfq.cloudfront.net\/2025\/06\/03203428\/logo_concursos-1.jpg","contentUrl":"https:\/\/dhg1h5j42swfq.cloudfront.net\/2025\/06\/03203428\/logo_concursos-1.jpg","width":230,"height":60,"caption":"Estrat\u00e9gia Concursos"},"image":{"@id":"https:\/\/www.estrategiaconcursos.com.br\/blog\/#\/schema\/logo\/image\/"},"sameAs":["https:\/\/x.com\/EstratConcursos"]},{"@type":"Person","@id":"https:\/\/www.estrategiaconcursos.com.br\/blog\/#\/schema\/person\/4ddc4a162b4fdffa2ea9956dbf62f583","name":"S\u00e9rgio Mendes","image":{"@type":"ImageObject","inLanguage":"pt-BR","@id":"https:\/\/secure.gravatar.com\/avatar\/4eb4b562c33f40d6f7f76579da7e07350c69579df7db305d32a69ed32ecfd5ce?s=96&d=mm&r=g","url":"https:\/\/secure.gravatar.com\/avatar\/4eb4b562c33f40d6f7f76579da7e07350c69579df7db305d32a69ed32ecfd5ce?s=96&d=mm&r=g","contentUrl":"https:\/\/secure.gravatar.com\/avatar\/4eb4b562c33f40d6f7f76579da7e07350c69579df7db305d32a69ed32ecfd5ce?s=96&d=mm&r=g","caption":"S\u00e9rgio Mendes"},"sameAs":["https:\/\/www.facebook.com\/profsergiomendes"],"url":"https:\/\/www.estrategiaconcursos.com.br\/blog\/author\/sergiomendesestrategiaconcursos-com-br\/"}]}},"_links":{"self":[{"href":"https:\/\/www.estrategiaconcursos.com.br\/blog\/wp-json\/wp\/v2\/posts\/96769","targetHints":{"allow":["GET"]}}],"collection":[{"href":"https:\/\/www.estrategiaconcursos.com.br\/blog\/wp-json\/wp\/v2\/posts"}],"about":[{"href":"https:\/\/www.estrategiaconcursos.com.br\/blog\/wp-json\/wp\/v2\/types\/post"}],"author":[{"embeddable":true,"href":"https:\/\/www.estrategiaconcursos.com.br\/blog\/wp-json\/wp\/v2\/users\/29"}],"replies":[{"embeddable":true,"href":"https:\/\/www.estrategiaconcursos.com.br\/blog\/wp-json\/wp\/v2\/comments?post=96769"}],"version-history":[{"count":17,"href":"https:\/\/www.estrategiaconcursos.com.br\/blog\/wp-json\/wp\/v2\/posts\/96769\/revisions"}],"predecessor-version":[{"id":97109,"href":"https:\/\/www.estrategiaconcursos.com.br\/blog\/wp-json\/wp\/v2\/posts\/96769\/revisions\/97109"}],"wp:attachment":[{"href":"https:\/\/www.estrategiaconcursos.com.br\/blog\/wp-json\/wp\/v2\/media?parent=96769"}],"wp:term":[{"taxonomy":"category","embeddable":true,"href":"https:\/\/www.estrategiaconcursos.com.br\/blog\/wp-json\/wp\/v2\/categories?post=96769"},{"taxonomy":"post_tag","embeddable":true,"href":"https:\/\/www.estrategiaconcursos.com.br\/blog\/wp-json\/wp\/v2\/tags?post=96769"},{"taxonomy":"tax_estado","embeddable":true,"href":"https:\/\/www.estrategiaconcursos.com.br\/blog\/wp-json\/wp\/v2\/tax_estado?post=96769"}],"curies":[{"name":"wp","href":"https:\/\/api.w.org\/{rel}","templated":true}]}}