{"id":96731,"date":"2017-11-26T14:48:09","date_gmt":"2017-11-26T17:48:09","guid":{"rendered":"https:\/\/www.estrategiaconcursos.com.br\/blog\/?p=96731"},"modified":"2017-11-26T14:49:28","modified_gmt":"2017-11-26T17:49:28","slug":"legislacao-penal-trf1-gabarito-extraoficial-analista-area-judiciaria","status":"publish","type":"post","link":"https:\/\/www.estrategiaconcursos.com.br\/blog\/legislacao-penal-trf1-gabarito-extraoficial-analista-area-judiciaria\/","title":{"rendered":"Legisla\u00e7\u00e3o Penal TRF1 &#8211; Gabarito Extraoficial &#8211; Analista \u00c1rea Judici\u00e1ria"},"content":{"rendered":"<p>Oi pessoal!<\/p>\n<p style=\"text-align: justify\">Estou passando aqui para comentar as poucas quest\u00f5es de legisla\u00e7\u00e3o penal que apareceram na prova do TRF da 1<sup>a<\/sup> Regi\u00e3o para o cargo de Analista Judici\u00e1rio \u2013 \u00c1rea Judici\u00e1ria. Temos apenas uma quest\u00e3o sobre intercepta\u00e7\u00e3o telef\u00f4nica (Lei n. 9.296\/1996) e outra sobre o procedimento especial dos juizados especiais criminais (Lei n. 9.099\/1995).<\/p>\n<p>Vamos l\u00e1!?<\/p>\n<p><img loading=\"lazy\" decoding=\"async\" class=\"alignnone size-full wp-image-96733\" src=\"https:\/\/dhg1h5j42swfq.cloudfront.net\/2017\/11\/26144458\/Quest%C3%A3o-116.png\" alt=\"\" width=\"885\" height=\"175\" srcset=\"https:\/\/dhg1h5j42swfq.cloudfront.net\/2017\/11\/26144458\/Quest%C3%A3o-116.png 885w, https:\/\/dhg1h5j42swfq.cloudfront.net\/2017\/11\/26144458\/Quest%C3%A3o-116.png 300w, https:\/\/dhg1h5j42swfq.cloudfront.net\/2017\/11\/26144458\/Quest%C3%A3o-116.png 768w, https:\/\/dhg1h5j42swfq.cloudfront.net\/2017\/11\/26144458\/Quest%C3%A3o-116.png 610w\" sizes=\"auto, (max-width: 885px) 100vw, 885px\" \/><\/p>\n<p style=\"text-align: justify\">De acordo com o art. 2<sup>o<\/sup> da Lei n. 9.296\/1996, a intercepta\u00e7\u00e3o telef\u00f4nica n\u00e3o poder\u00e1 ser admitida quando n\u00e3o houver ind\u00edcios razo\u00e1veis de autoria ou participa\u00e7\u00e3o em infra\u00e7\u00e3o penal. Logo, a primeira parte da assertiva est\u00e1 correta.<\/p>\n<p style=\"text-align: justify\">Al\u00e9m disso, de acordo com o art. 5<sup>o<\/sup>, a decis\u00e3o que defere a intercepta\u00e7\u00e3o dever\u00e1 indicar a forma como esta ocorrer\u00e1 e sua dura\u00e7\u00e3o, que n\u00e3o poder\u00e1 exceder o prazo de 15 dias, renov\u00e1vel por igual tempo, uma vez comprovada a indispensabilidade do meio de prova. Perceba que a lei n\u00e3o limita a possibilidade de prorroga\u00e7\u00e3o, deixando a possibilidade de haver sucessivas prorroga\u00e7\u00f5es.<\/p>\n<p>A assertiva, portanto, est\u00e1 <strong>ERRADA<\/strong>.<\/p>\n<p><img loading=\"lazy\" decoding=\"async\" class=\"alignnone size-full wp-image-96735\" src=\"https:\/\/dhg1h5j42swfq.cloudfront.net\/2017\/11\/26144531\/Quest%C3%A3o-118.png\" alt=\"\" width=\"850\" height=\"235\" srcset=\"https:\/\/dhg1h5j42swfq.cloudfront.net\/2017\/11\/26144531\/Quest%C3%A3o-118.png 850w, https:\/\/dhg1h5j42swfq.cloudfront.net\/2017\/11\/26144531\/Quest%C3%A3o-118.png 300w, https:\/\/dhg1h5j42swfq.cloudfront.net\/2017\/11\/26144531\/Quest%C3%A3o-118.png 768w, https:\/\/dhg1h5j42swfq.cloudfront.net\/2017\/11\/26144531\/Quest%C3%A3o-118.png 610w\" sizes=\"auto, (max-width: 850px) 100vw, 850px\" \/><\/p>\n<p style=\"text-align: justify\">Para responder corretamente a quest\u00e3o voc\u00ea precisa conhecer a s\u00famula vinculante 35 do STF.<\/p>\n<p style=\"text-align: center\"><em><strong>S\u00daMULA VINCULANTE 35 DO STF<\/strong><\/em><\/p>\n<p style=\"text-align: justify\"><em>A homologa\u00e7\u00e3o da transa\u00e7\u00e3o penal prevista no artigo 76 da Lei 9.099\/1995 n\u00e3o faz coisa julgada material e, descumpridas suas cl\u00e1usulas, retoma-se a situa\u00e7\u00e3o anterior, possibilitando-se ao Minist\u00e9rio P\u00fablico a continuidade da persecu\u00e7\u00e3o penal mediante oferecimento de den\u00fancia ou requisi\u00e7\u00e3o de inqu\u00e9rito policial.<\/em><\/p>\n<p>A assertiva, portanto, est\u00e1 <strong>ERRADA<\/strong>.<\/p>\n<p style=\"text-align: justify\">N\u00e3o deixe de me seguir l\u00e1 no instagram (<a href=\"https:\/\/www.instagram.com\/profpauloguimaraes\/\" target=\"_blank\" rel=\"noopener\">@profpauloguimaraes<\/a>). Se tiver alguma d\u00favida pode deixar aqui nos coment\u00e1rios ou me mandar por l\u00e1!<\/p>\n<p>Grande abra\u00e7o e sucesso!<\/p>\n<p>Prof. Paulo Guimar\u00e3es<\/p>\n","protected":false},"excerpt":{"rendered":"<p>Oi pessoal! Estou passando aqui para comentar as poucas quest\u00f5es de legisla\u00e7\u00e3o penal que apareceram na prova do TRF da 1a Regi\u00e3o para o cargo de Analista Judici\u00e1rio \u2013 \u00c1rea Judici\u00e1ria. Temos apenas uma quest\u00e3o sobre intercepta\u00e7\u00e3o telef\u00f4nica (Lei n. 9.296\/1996) e outra sobre o procedimento especial dos juizados especiais criminais (Lei n. 9.099\/1995). Vamos [&hellip;]<\/p>\n","protected":false},"author":99,"featured_media":0,"comment_status":"open","ping_status":"closed","sticky":false,"template":"","format":"standard","meta":{"post_tipo":"article","footnotes":""},"categories":[1],"tags":[],"tax_estado":[],"class_list":["post-96731","post","type-post","status-publish","format-standard","hentry","category-cursos-e-concursos"],"acf":[],"yoast_head":"<!-- This site is optimized with the Yoast SEO Premium plugin v27.2 (Yoast SEO v27.2) - https:\/\/yoast.com\/product\/yoast-seo-premium-wordpress\/ -->\n<title>Legisla\u00e7\u00e3o Penal TRF1 - Gabarito Extraoficial - Analista \u00c1rea Judici\u00e1ria<\/title>\n<meta name=\"robots\" content=\"index, follow, max-snippet:-1, max-image-preview:large, max-video-preview:-1\" \/>\n<link rel=\"canonical\" href=\"https:\/\/www.estrategiaconcursos.com.br\/blog\/legislacao-penal-trf1-gabarito-extraoficial-analista-area-judiciaria\/\" \/>\n<meta property=\"og:locale\" content=\"pt_BR\" \/>\n<meta property=\"og:type\" content=\"article\" \/>\n<meta property=\"og:title\" content=\"Legisla\u00e7\u00e3o Penal TRF1 - Gabarito Extraoficial - Analista \u00c1rea Judici\u00e1ria\" \/>\n<meta property=\"og:description\" content=\"Oi pessoal! Estou passando aqui para comentar as poucas quest\u00f5es de legisla\u00e7\u00e3o penal que apareceram na prova do TRF da 1a Regi\u00e3o para o cargo de Analista Judici\u00e1rio \u2013 \u00c1rea Judici\u00e1ria. Temos apenas uma quest\u00e3o sobre intercepta\u00e7\u00e3o telef\u00f4nica (Lei n. 9.296\/1996) e outra sobre o procedimento especial dos juizados especiais criminais (Lei n. 9.099\/1995). Vamos [&hellip;]\" \/>\n<meta property=\"og:url\" content=\"https:\/\/www.estrategiaconcursos.com.br\/blog\/legislacao-penal-trf1-gabarito-extraoficial-analista-area-judiciaria\/\" \/>\n<meta property=\"og:site_name\" content=\"Estrat\u00e9gia Concursos\" \/>\n<meta property=\"article:published_time\" content=\"2017-11-26T17:48:09+00:00\" \/>\n<meta property=\"article:modified_time\" content=\"2017-11-26T17:49:28+00:00\" \/>\n<meta name=\"author\" content=\"Paulo Guimar\u00e3es\" \/>\n<meta name=\"twitter:card\" content=\"summary_large_image\" \/>\n<meta name=\"twitter:creator\" content=\"@EstratConcursos\" \/>\n<meta name=\"twitter:site\" content=\"@EstratConcursos\" \/>\n<meta name=\"twitter:label1\" content=\"Escrito por\" \/>\n\t<meta name=\"twitter:data1\" content=\"Paulo Guimar\u00e3es\" \/>\n\t<meta name=\"twitter:label2\" content=\"Est. tempo de leitura\" \/>\n\t<meta name=\"twitter:data2\" content=\"1 minuto\" \/>\n<script type=\"application\/ld+json\" class=\"yoast-schema-graph\">{\"@context\":\"https:\/\/schema.org\",\"@graph\":[{\"@type\":\"NewsArticle\",\"@id\":\"https:\/\/www.estrategiaconcursos.com.br\/blog\/legislacao-penal-trf1-gabarito-extraoficial-analista-area-judiciaria\/#article\",\"isPartOf\":{\"@id\":\"https:\/\/www.estrategiaconcursos.com.br\/blog\/legislacao-penal-trf1-gabarito-extraoficial-analista-area-judiciaria\/\"},\"author\":{\"name\":\"Paulo Guimar\u00e3es\",\"@id\":\"https:\/\/www.estrategiaconcursos.com.br\/blog\/#\/schema\/person\/80ff9f9f52e43a90b6efd99f2869d22b\"},\"headline\":\"Legisla\u00e7\u00e3o Penal TRF1 &#8211; Gabarito Extraoficial &#8211; Analista \u00c1rea Judici\u00e1ria\",\"datePublished\":\"2017-11-26T17:48:09+00:00\",\"dateModified\":\"2017-11-26T17:49:28+00:00\",\"mainEntityOfPage\":{\"@id\":\"https:\/\/www.estrategiaconcursos.com.br\/blog\/legislacao-penal-trf1-gabarito-extraoficial-analista-area-judiciaria\/\"},\"wordCount\":305,\"commentCount\":0,\"publisher\":{\"@id\":\"https:\/\/www.estrategiaconcursos.com.br\/blog\/#organization\"},\"articleSection\":[\"Concursos P\u00fablicos\"],\"inLanguage\":\"pt-BR\",\"potentialAction\":[{\"@type\":\"CommentAction\",\"name\":\"Comment\",\"target\":[\"https:\/\/www.estrategiaconcursos.com.br\/blog\/legislacao-penal-trf1-gabarito-extraoficial-analista-area-judiciaria\/#respond\"]}],\"copyrightYear\":\"2017\",\"copyrightHolder\":{\"@id\":\"https:\/\/www.estrategiaconcursos.com.br\/blog\/#organization\"}},{\"@type\":\"WebPage\",\"@id\":\"https:\/\/www.estrategiaconcursos.com.br\/blog\/legislacao-penal-trf1-gabarito-extraoficial-analista-area-judiciaria\/\",\"url\":\"https:\/\/www.estrategiaconcursos.com.br\/blog\/legislacao-penal-trf1-gabarito-extraoficial-analista-area-judiciaria\/\",\"name\":\"Legisla\u00e7\u00e3o Penal TRF1 - Gabarito Extraoficial - Analista \u00c1rea Judici\u00e1ria\",\"isPartOf\":{\"@id\":\"https:\/\/www.estrategiaconcursos.com.br\/blog\/#website\"},\"datePublished\":\"2017-11-26T17:48:09+00:00\",\"dateModified\":\"2017-11-26T17:49:28+00:00\",\"breadcrumb\":{\"@id\":\"https:\/\/www.estrategiaconcursos.com.br\/blog\/legislacao-penal-trf1-gabarito-extraoficial-analista-area-judiciaria\/#breadcrumb\"},\"inLanguage\":\"pt-BR\",\"potentialAction\":[{\"@type\":\"ReadAction\",\"target\":[\"https:\/\/www.estrategiaconcursos.com.br\/blog\/legislacao-penal-trf1-gabarito-extraoficial-analista-area-judiciaria\/\"]}]},{\"@type\":\"BreadcrumbList\",\"@id\":\"https:\/\/www.estrategiaconcursos.com.br\/blog\/legislacao-penal-trf1-gabarito-extraoficial-analista-area-judiciaria\/#breadcrumb\",\"itemListElement\":[{\"@type\":\"ListItem\",\"position\":1,\"name\":\"In\u00edcio\",\"item\":\"https:\/\/www.estrategiaconcursos.com.br\/blog\/\"},{\"@type\":\"ListItem\",\"position\":2,\"name\":\"Legisla\u00e7\u00e3o Penal TRF1 &#8211; Gabarito Extraoficial &#8211; Analista \u00c1rea Judici\u00e1ria\"}]},{\"@type\":\"WebSite\",\"@id\":\"https:\/\/www.estrategiaconcursos.com.br\/blog\/#website\",\"url\":\"https:\/\/www.estrategiaconcursos.com.br\/blog\/\",\"name\":\"Estrat\u00e9gia Concursos\",\"description\":\"O blog da Estrat\u00e9gia Concursos traz not\u00edcias sobre concursos e artigos de professores oferecendo cursos para concursos (pdf + videaulas) no site.\",\"publisher\":{\"@id\":\"https:\/\/www.estrategiaconcursos.com.br\/blog\/#organization\"},\"potentialAction\":[{\"@type\":\"SearchAction\",\"target\":{\"@type\":\"EntryPoint\",\"urlTemplate\":\"https:\/\/www.estrategiaconcursos.com.br\/blog\/?s={search_term_string}\"},\"query-input\":{\"@type\":\"PropertyValueSpecification\",\"valueRequired\":true,\"valueName\":\"search_term_string\"}}],\"inLanguage\":\"pt-BR\"},{\"@type\":\"Organization\",\"@id\":\"https:\/\/www.estrategiaconcursos.com.br\/blog\/#organization\",\"name\":\"Estrat\u00e9gia Concursos\",\"url\":\"https:\/\/www.estrategiaconcursos.com.br\/blog\/\",\"logo\":{\"@type\":\"ImageObject\",\"inLanguage\":\"pt-BR\",\"@id\":\"https:\/\/www.estrategiaconcursos.com.br\/blog\/#\/schema\/logo\/image\/\",\"url\":\"https:\/\/dhg1h5j42swfq.cloudfront.net\/2025\/06\/03203428\/logo_concursos-1.jpg\",\"contentUrl\":\"https:\/\/dhg1h5j42swfq.cloudfront.net\/2025\/06\/03203428\/logo_concursos-1.jpg\",\"width\":230,\"height\":60,\"caption\":\"Estrat\u00e9gia Concursos\"},\"image\":{\"@id\":\"https:\/\/www.estrategiaconcursos.com.br\/blog\/#\/schema\/logo\/image\/\"},\"sameAs\":[\"https:\/\/x.com\/EstratConcursos\"]},{\"@type\":\"Person\",\"@id\":\"https:\/\/www.estrategiaconcursos.com.br\/blog\/#\/schema\/person\/80ff9f9f52e43a90b6efd99f2869d22b\",\"name\":\"Paulo Guimar\u00e3es\",\"image\":{\"@type\":\"ImageObject\",\"inLanguage\":\"pt-BR\",\"@id\":\"https:\/\/secure.gravatar.com\/avatar\/08d24bbaa2d103a1d6aba72ee81baa1680267436588d5d9cfb8d32c3aa4ca278?s=96&d=mm&r=g\",\"url\":\"https:\/\/secure.gravatar.com\/avatar\/08d24bbaa2d103a1d6aba72ee81baa1680267436588d5d9cfb8d32c3aa4ca278?s=96&d=mm&r=g\",\"contentUrl\":\"https:\/\/secure.gravatar.com\/avatar\/08d24bbaa2d103a1d6aba72ee81baa1680267436588d5d9cfb8d32c3aa4ca278?s=96&d=mm&r=g\",\"caption\":\"Paulo Guimar\u00e3es\"},\"url\":\"https:\/\/www.estrategiaconcursos.com.br\/blog\/author\/pauloguimaraesestrategiaconcursos-com-br\/\"}]}<\/script>\n<!-- \/ Yoast SEO Premium plugin. -->","yoast_head_json":{"title":"Legisla\u00e7\u00e3o Penal TRF1 - Gabarito Extraoficial - Analista \u00c1rea Judici\u00e1ria","robots":{"index":"index","follow":"follow","max-snippet":"max-snippet:-1","max-image-preview":"max-image-preview:large","max-video-preview":"max-video-preview:-1"},"canonical":"https:\/\/www.estrategiaconcursos.com.br\/blog\/legislacao-penal-trf1-gabarito-extraoficial-analista-area-judiciaria\/","og_locale":"pt_BR","og_type":"article","og_title":"Legisla\u00e7\u00e3o Penal TRF1 - Gabarito Extraoficial - Analista \u00c1rea Judici\u00e1ria","og_description":"Oi pessoal! Estou passando aqui para comentar as poucas quest\u00f5es de legisla\u00e7\u00e3o penal que apareceram na prova do TRF da 1a Regi\u00e3o para o cargo de Analista Judici\u00e1rio \u2013 \u00c1rea Judici\u00e1ria. Temos apenas uma quest\u00e3o sobre intercepta\u00e7\u00e3o telef\u00f4nica (Lei n. 9.296\/1996) e outra sobre o procedimento especial dos juizados especiais criminais (Lei n. 9.099\/1995). Vamos [&hellip;]","og_url":"https:\/\/www.estrategiaconcursos.com.br\/blog\/legislacao-penal-trf1-gabarito-extraoficial-analista-area-judiciaria\/","og_site_name":"Estrat\u00e9gia Concursos","article_published_time":"2017-11-26T17:48:09+00:00","article_modified_time":"2017-11-26T17:49:28+00:00","author":"Paulo Guimar\u00e3es","twitter_card":"summary_large_image","twitter_creator":"@EstratConcursos","twitter_site":"@EstratConcursos","twitter_misc":{"Escrito por":"Paulo Guimar\u00e3es","Est. tempo de leitura":"1 minuto"},"schema":{"@context":"https:\/\/schema.org","@graph":[{"@type":"NewsArticle","@id":"https:\/\/www.estrategiaconcursos.com.br\/blog\/legislacao-penal-trf1-gabarito-extraoficial-analista-area-judiciaria\/#article","isPartOf":{"@id":"https:\/\/www.estrategiaconcursos.com.br\/blog\/legislacao-penal-trf1-gabarito-extraoficial-analista-area-judiciaria\/"},"author":{"name":"Paulo Guimar\u00e3es","@id":"https:\/\/www.estrategiaconcursos.com.br\/blog\/#\/schema\/person\/80ff9f9f52e43a90b6efd99f2869d22b"},"headline":"Legisla\u00e7\u00e3o Penal TRF1 &#8211; Gabarito Extraoficial &#8211; Analista \u00c1rea Judici\u00e1ria","datePublished":"2017-11-26T17:48:09+00:00","dateModified":"2017-11-26T17:49:28+00:00","mainEntityOfPage":{"@id":"https:\/\/www.estrategiaconcursos.com.br\/blog\/legislacao-penal-trf1-gabarito-extraoficial-analista-area-judiciaria\/"},"wordCount":305,"commentCount":0,"publisher":{"@id":"https:\/\/www.estrategiaconcursos.com.br\/blog\/#organization"},"articleSection":["Concursos P\u00fablicos"],"inLanguage":"pt-BR","potentialAction":[{"@type":"CommentAction","name":"Comment","target":["https:\/\/www.estrategiaconcursos.com.br\/blog\/legislacao-penal-trf1-gabarito-extraoficial-analista-area-judiciaria\/#respond"]}],"copyrightYear":"2017","copyrightHolder":{"@id":"https:\/\/www.estrategiaconcursos.com.br\/blog\/#organization"}},{"@type":"WebPage","@id":"https:\/\/www.estrategiaconcursos.com.br\/blog\/legislacao-penal-trf1-gabarito-extraoficial-analista-area-judiciaria\/","url":"https:\/\/www.estrategiaconcursos.com.br\/blog\/legislacao-penal-trf1-gabarito-extraoficial-analista-area-judiciaria\/","name":"Legisla\u00e7\u00e3o Penal TRF1 - Gabarito Extraoficial - Analista \u00c1rea Judici\u00e1ria","isPartOf":{"@id":"https:\/\/www.estrategiaconcursos.com.br\/blog\/#website"},"datePublished":"2017-11-26T17:48:09+00:00","dateModified":"2017-11-26T17:49:28+00:00","breadcrumb":{"@id":"https:\/\/www.estrategiaconcursos.com.br\/blog\/legislacao-penal-trf1-gabarito-extraoficial-analista-area-judiciaria\/#breadcrumb"},"inLanguage":"pt-BR","potentialAction":[{"@type":"ReadAction","target":["https:\/\/www.estrategiaconcursos.com.br\/blog\/legislacao-penal-trf1-gabarito-extraoficial-analista-area-judiciaria\/"]}]},{"@type":"BreadcrumbList","@id":"https:\/\/www.estrategiaconcursos.com.br\/blog\/legislacao-penal-trf1-gabarito-extraoficial-analista-area-judiciaria\/#breadcrumb","itemListElement":[{"@type":"ListItem","position":1,"name":"In\u00edcio","item":"https:\/\/www.estrategiaconcursos.com.br\/blog\/"},{"@type":"ListItem","position":2,"name":"Legisla\u00e7\u00e3o Penal TRF1 &#8211; Gabarito Extraoficial &#8211; Analista \u00c1rea Judici\u00e1ria"}]},{"@type":"WebSite","@id":"https:\/\/www.estrategiaconcursos.com.br\/blog\/#website","url":"https:\/\/www.estrategiaconcursos.com.br\/blog\/","name":"Estrat\u00e9gia Concursos","description":"O blog da Estrat\u00e9gia Concursos traz not\u00edcias sobre concursos e artigos de professores oferecendo cursos para concursos (pdf + videaulas) no site.","publisher":{"@id":"https:\/\/www.estrategiaconcursos.com.br\/blog\/#organization"},"potentialAction":[{"@type":"SearchAction","target":{"@type":"EntryPoint","urlTemplate":"https:\/\/www.estrategiaconcursos.com.br\/blog\/?s={search_term_string}"},"query-input":{"@type":"PropertyValueSpecification","valueRequired":true,"valueName":"search_term_string"}}],"inLanguage":"pt-BR"},{"@type":"Organization","@id":"https:\/\/www.estrategiaconcursos.com.br\/blog\/#organization","name":"Estrat\u00e9gia Concursos","url":"https:\/\/www.estrategiaconcursos.com.br\/blog\/","logo":{"@type":"ImageObject","inLanguage":"pt-BR","@id":"https:\/\/www.estrategiaconcursos.com.br\/blog\/#\/schema\/logo\/image\/","url":"https:\/\/dhg1h5j42swfq.cloudfront.net\/2025\/06\/03203428\/logo_concursos-1.jpg","contentUrl":"https:\/\/dhg1h5j42swfq.cloudfront.net\/2025\/06\/03203428\/logo_concursos-1.jpg","width":230,"height":60,"caption":"Estrat\u00e9gia Concursos"},"image":{"@id":"https:\/\/www.estrategiaconcursos.com.br\/blog\/#\/schema\/logo\/image\/"},"sameAs":["https:\/\/x.com\/EstratConcursos"]},{"@type":"Person","@id":"https:\/\/www.estrategiaconcursos.com.br\/blog\/#\/schema\/person\/80ff9f9f52e43a90b6efd99f2869d22b","name":"Paulo Guimar\u00e3es","image":{"@type":"ImageObject","inLanguage":"pt-BR","@id":"https:\/\/secure.gravatar.com\/avatar\/08d24bbaa2d103a1d6aba72ee81baa1680267436588d5d9cfb8d32c3aa4ca278?s=96&d=mm&r=g","url":"https:\/\/secure.gravatar.com\/avatar\/08d24bbaa2d103a1d6aba72ee81baa1680267436588d5d9cfb8d32c3aa4ca278?s=96&d=mm&r=g","contentUrl":"https:\/\/secure.gravatar.com\/avatar\/08d24bbaa2d103a1d6aba72ee81baa1680267436588d5d9cfb8d32c3aa4ca278?s=96&d=mm&r=g","caption":"Paulo Guimar\u00e3es"},"url":"https:\/\/www.estrategiaconcursos.com.br\/blog\/author\/pauloguimaraesestrategiaconcursos-com-br\/"}]}},"_links":{"self":[{"href":"https:\/\/www.estrategiaconcursos.com.br\/blog\/wp-json\/wp\/v2\/posts\/96731","targetHints":{"allow":["GET"]}}],"collection":[{"href":"https:\/\/www.estrategiaconcursos.com.br\/blog\/wp-json\/wp\/v2\/posts"}],"about":[{"href":"https:\/\/www.estrategiaconcursos.com.br\/blog\/wp-json\/wp\/v2\/types\/post"}],"author":[{"embeddable":true,"href":"https:\/\/www.estrategiaconcursos.com.br\/blog\/wp-json\/wp\/v2\/users\/99"}],"replies":[{"embeddable":true,"href":"https:\/\/www.estrategiaconcursos.com.br\/blog\/wp-json\/wp\/v2\/comments?post=96731"}],"version-history":[{"count":2,"href":"https:\/\/www.estrategiaconcursos.com.br\/blog\/wp-json\/wp\/v2\/posts\/96731\/revisions"}],"predecessor-version":[{"id":96740,"href":"https:\/\/www.estrategiaconcursos.com.br\/blog\/wp-json\/wp\/v2\/posts\/96731\/revisions\/96740"}],"wp:attachment":[{"href":"https:\/\/www.estrategiaconcursos.com.br\/blog\/wp-json\/wp\/v2\/media?parent=96731"}],"wp:term":[{"taxonomy":"category","embeddable":true,"href":"https:\/\/www.estrategiaconcursos.com.br\/blog\/wp-json\/wp\/v2\/categories?post=96731"},{"taxonomy":"post_tag","embeddable":true,"href":"https:\/\/www.estrategiaconcursos.com.br\/blog\/wp-json\/wp\/v2\/tags?post=96731"},{"taxonomy":"tax_estado","embeddable":true,"href":"https:\/\/www.estrategiaconcursos.com.br\/blog\/wp-json\/wp\/v2\/tax_estado?post=96731"}],"curies":[{"name":"wp","href":"https:\/\/api.w.org\/{rel}","templated":true}]}}