{"id":96716,"date":"2017-11-26T14:30:00","date_gmt":"2017-11-26T17:30:00","guid":{"rendered":"https:\/\/www.estrategiaconcursos.com.br\/blog\/?p=96716"},"modified":"2017-11-26T21:09:38","modified_gmt":"2017-11-27T00:09:38","slug":"gabarito-extraoficial-direito-eleitoral-tre-rj","status":"publish","type":"post","link":"https:\/\/www.estrategiaconcursos.com.br\/blog\/gabarito-extraoficial-direito-eleitoral-tre-rj\/","title":{"rendered":"Gabarito Extraoficial &#8211; Direito Eleitoral TRE-RJ"},"content":{"rendered":"<p style=\"text-align: justify\">Ol\u00e1 pessoal, neste artigo vamos corrigir as quest\u00f5es de Direito Eleitoral aplicadas na prova desta manh\u00e3 (26\/11) pela CONSULPLAN no concurso do TRE-RJ.<\/p>\n<p style=\"text-align: justify\">H\u00e1 quest\u00f5es f\u00e1ceis e quest\u00f5es complexas, conforme voc\u00eas ver\u00e3o!<\/p>\n<p style=\"text-align: justify\">Antes, deixo aqui a minha p\u00e1gina do Facebook de Direito Eleitoral:<\/p>\n<p><a href=\"https:\/\/www.facebook.com\/eleitoralparaconcurso\/\">https:\/\/www.facebook.com\/eleitoralparaconcurso\/<\/a><\/p>\n<p style=\"text-align: justify\">Lembro que corrigiremos a Prova Verde, Tipo 2. Fa\u00e7a a correspond\u00eancia com a sua prova, caso diferente!<\/p>\n<p style=\"text-align: justify\">Agora sim&#8230;<\/p>\n<p style=\"text-align: justify\">Vamos iniciar com a corre\u00e7\u00e3o da \u00fanica quest\u00e3o cobrada, que \u00e1 mesma para os cargos de Analista Judici\u00e1rio (\u00e1reas administrativa e judici\u00e1ria).<\/p>\n<p style=\"text-align: justify\">Lembro que corrigiremos a Prova Verde, Tipo 2, da prova Analista Judici\u00e1rio (\u00e1rea administrativa). Fa\u00e7a a correspond\u00eancia com a sua prova, caso diferente!<\/p>\n<p>Agora sim&#8230;<\/p>\n<p style=\"text-align: justify\"><strong>(Q34\/TRE-RJ\/CONSULPLAN) <\/strong>\u201cQualquer partido pode reclamar ao Juiz Eleitoral, no prazo de__________, da nomea\u00e7\u00e3o da Mesa Receptora, devendo a decis\u00e3o ser proferida em__________.\u201d Assinale a alternativa que completa correta e sequencialmente a afirmativa anterior.<\/p>\n<p>A) 48 horas \/ 5 dias<\/p>\n<p>B) 5 dias \/ 48 horas<\/p>\n<p>C) 10 dias \/ 48 horas<\/p>\n<p>D) 24 horas \/ 48 horas<\/p>\n<p><strong>Coment\u00e1rios <\/strong><\/p>\n<p>Quest\u00e3o f\u00e1cil, que cobrou apenas prazos legais.<\/p>\n<p>O fundamento da quest\u00e3o est\u00e1 no art. 63, da Lei das Elei\u00e7\u00f5es.<\/p>\n<blockquote><p><strong>Art. 63.<\/strong>\u00a0Qualquer partido pode reclamar ao juiz eleitoral, no prazo de cinco dias, da nomea\u00e7\u00e3o da mesa receptora, devendo a decis\u00e3o ser proferida em 48 horas.<\/p><\/blockquote>\n<p>Assim, a <strong>alternativa B<\/strong> est\u00e1 correta e \u00e9 o gabarito da quest\u00e3o.<\/p>\n<p style=\"text-align: justify\"><strong>(Q35\/TRE-RJ\/CONSULPLAN) <\/strong>As despesas da campanha eleitoral ser\u00e3o realizadas sob a responsabilidade dos partidos, ou de seus candidatos, e financiadas na forma da Lei n\u00ba 9.504, de 30 de setembro de 1997. Sobre o tema, analise as afirmativas a seguir.<\/p>\n<p style=\"text-align: justify\">I. Os limites de gastos de campanha ser\u00e3o definidos em lei e divulgados pelo Tribunal Superior Eleitoral.<\/p>\n<p style=\"text-align: justify\">II. \u00c9 facultativo para o partido e para os candidatos abrir conta banc\u00e1ria espec\u00edfica para registrar todo movimento financeiro da campanha.<\/p>\n<p style=\"text-align: justify\">III. Aos candidatos \u00e9 facultada a inscri\u00e7\u00e3o no Cadastro Nacional da Pessoa Jur\u00eddica \u2013 CNPJ.<\/p>\n<p style=\"text-align: justify\">IV. A realiza\u00e7\u00e3o de pesquisas ou testes pr\u00e9-eleitorais s\u00e3o considerados gastos eleitorais, sujeitos a registro e aos limites fixados na lei.<\/p>\n<p>Est\u00e3o corretas apenas as afirmativas<\/p>\n<p>A) I e II.<\/p>\n<p>B) I e IV.<\/p>\n<p>C) II e III.<\/p>\n<p>D) III e IV.<\/p>\n<p><strong>Coment\u00e1rios<\/strong><\/p>\n<p style=\"text-align: justify\">Vejamos cada um dos itens.<\/p>\n<p style=\"text-align: justify\">O item I est\u00e1 correto, tendo em vista o que prescreve o art. 18, da Lei das Elei\u00e7\u00f5es:<\/p>\n<blockquote>\n<p style=\"text-align: justify\">Art. 18.\u00a0 Os limites de gastos de campanha ser\u00e3o definidos em lei e divulgados pelo Tribunal Superior Eleitoral. (Reda\u00e7\u00e3o dada pela Lei n\u00ba 13.488, de 2017).<\/p>\n<\/blockquote>\n<p style=\"text-align: justify\"><strong>Note que foi cobrada a reda\u00e7\u00e3o atualizada do art. 18, com as altera\u00e7\u00f5es da Lei 13.488\/2017.<\/strong><\/p>\n<p style=\"text-align: justify\">O item II est\u00e1 incorreto, pois a abertura de conta banc\u00e1ria \u00e9 obrigat\u00f3ria. Vejamos o art. 22, da Lei das Elei\u00e7\u00f5es:<\/p>\n<blockquote>\n<p style=\"text-align: justify\">Art. 22. \u00c9 obrigat\u00f3rio para o partido e para os candidatos abrir conta banc\u00e1ria espec\u00edfica para registrar todo o movimento financeiro da campanha.<\/p>\n<\/blockquote>\n<p style=\"text-align: justify\">O item III est\u00e1 incorreto. O cadastro do CNPJ \u00e9 obrigat\u00f3rio, conforme o seguinte dispositivo da LE:<\/p>\n<blockquote>\n<p style=\"text-align: justify\">Art. 22-A. Os candidatos est\u00e3o obrigados \u00e0 inscri\u00e7\u00e3o no Cadastro Nacional da Pessoa Jur\u00eddica (CNPJ).<\/p>\n<\/blockquote>\n<p style=\"text-align: justify\">O item IV est\u00e1 correto, pois conforme o art. 26, XII, da LE, trata-se de gastos de campanha:<\/p>\n<blockquote>\n<p style=\"text-align: justify\">Art. 26. S\u00e3o considerados gastos eleitorais, sujeitos a registro e aos limites fixados nesta lei:<\/p>\n<p style=\"text-align: justify\">XII \u2013 realiza\u00e7\u00e3o de pesquisas ou testes pr\u00e9-eleitorais;<\/p>\n<\/blockquote>\n<p style=\"text-align: justify\">Dessa forma, a <strong>alternativa B<\/strong> est\u00e1 correta e \u00e9 o gabarito da quest\u00e3o.<\/p>\n<p style=\"text-align: justify\"><strong>(Q36\/TRE-RJ\/CONSULPLAN) <\/strong>\u201cNos termos da Lei Complementar n\u00ba 64, de 18 de maio de 1990, e suas altera\u00e7\u00f5es posteriores, s\u00e3o ineleg\u00edveis para qualquer cargo ___________________.\u201d Assinale a alternativa que N\u00c3O complementa corretamente afirmativa anterior.<\/p>\n<p style=\"text-align: justify\">A) os que tenham contra sua pessoa representa\u00e7\u00e3o julgada procedente pela Justi\u00e7a Eleitoral, em decis\u00e3o transitada em julgado ou proferida por \u00f3rg\u00e3o colegiado, em processo de apura\u00e7\u00e3o de abuso do poder econ\u00f4mico ou pol\u00edtico, para a elei\u00e7\u00e3o na qual concorreram, desde que tenham sido diplomados, bem como para as que se realizarem nos oito anos seguintes.<\/p>\n<p style=\"text-align: justify\">B) os que, em estabelecimentos de cr\u00e9dito, financiamento ou seguro, que tenham sido ou estejam sendo objeto de processo de liquida\u00e7\u00e3o judicial ou extrajudicial, hajam exercido, nos doze meses anteriores \u00e0 respectiva decreta\u00e7\u00e3o, cargo ou fun\u00e7\u00e3o de dire\u00e7\u00e3o, administra\u00e7\u00e3o ou representa\u00e7\u00e3o, enquanto n\u00e3o forem exonerados de qualquer responsabilidade.<\/p>\n<p style=\"text-align: justify\">C) os detentores de cargo na administra\u00e7\u00e3o p\u00fablica direta, indireta ou fundacional, que beneficiarem a si ou a terceiros, pelo abuso do poder econ\u00f4mico ou pol\u00edtico, que forem condenados em decis\u00e3o transitada em julgado ou proferida por \u00f3rg\u00e3o judicial colegiado, para a elei\u00e7\u00e3o na qual concorrem ou tenham sido diplomados, bem como para as que se realizarem nos oito anos seguintes.<\/p>\n<p style=\"text-align: justify\">D) o Governador e o Vice-Governador de Estado e do Distrito Federal e o Prefeito e o Vice-Prefeito que perderem seus cargos eletivos por infring\u00eancia a dispositivo da Constitui\u00e7\u00e3o Estadual, da Lei org\u00e2nica do Distrito Federal ou da Lei Org\u00e2nica do Munic\u00edpio, para as elei\u00e7\u00f5es que se realizarem durante o per\u00edodo remanescente e nos oito anos subsequentes ao t\u00e9rmino do mandato para o qual tenho sido eleitos.<\/p>\n<p><strong>Coment\u00e1rios\u00a0\u00a0\u00a0 <\/strong><\/p>\n<p style=\"text-align: justify\">A <strong>alternativa A<\/strong> est\u00e1 incorreta e \u00e9 o gabarito da quest\u00e3o. Observe que essa alternativa informa que o candidato deve ter sido diplomado para que esteja ineleg\u00edvel para qualquer cargo, o que est\u00e1 incorreto. O dispositivo n\u00e3o faz essa exig\u00eancia. Podem apenas ter concorrido, mas perdido a elei\u00e7\u00e3o, ou terem vencido e sido diplomados. Veja o art. 1\u00ba, I, d, da LC n\u00ba 64\/90:<\/p>\n<blockquote>\n<p style=\"text-align: justify\">d) os que tenham contra sua pessoa representa\u00e7\u00e3o julgada procedente pela Justi\u00e7a Eleitoral, em decis\u00e3o transitada em julgado ou proferida por \u00f3rg\u00e3o colegiado, em processo de apura\u00e7\u00e3o de abuso do poder econ\u00f4mico ou pol\u00edtico, <strong>para a elei\u00e7\u00e3o na qual concorrem ou tenham sido diplomados,<\/strong> bem como para as que se realizarem nos 8 (oito) anos seguintes;<\/p>\n<\/blockquote>\n<p>A <strong>alternativa B<\/strong> est\u00e1 correta. Vejamos o art. 1\u00ba, I, i, da LC:<\/p>\n<blockquote>\n<p style=\"text-align: justify\">i) os que, em estabelecimentos de cr\u00e9dito, financiamento ou seguro, que tenham sido ou estejam sendo objeto de processo de liquida\u00e7\u00e3o judicial ou extrajudicial, hajam exercido, nos 12 (doze) meses anteriores \u00e0 respectiva decreta\u00e7\u00e3o, cargo ou fun\u00e7\u00e3o de dire\u00e7\u00e3o, administra\u00e7\u00e3o ou representa\u00e7\u00e3o, enquanto n\u00e3o forem exonerados de qualquer responsabilidade;<\/p>\n<\/blockquote>\n<p>A <strong>alternativa C<\/strong> est\u00e1 correta, tendo em vista o que disp\u00f5e o art. 1\u00ba, I, h da LC 64\/90:<\/p>\n<blockquote>\n<p style=\"text-align: justify\">h) os detentores de cargo na administra\u00e7\u00e3o p\u00fablica direta, indireta ou fundacional, que beneficiarem a si ou a terceiros, pelo abuso do poder econ\u00f4mico ou pol\u00edtico, que forem condenados em decis\u00e3o transitada em julgado ou proferida por \u00f3rg\u00e3o judicial colegiado, para a elei\u00e7\u00e3o na qual concorrem ou tenham sido diplomados, bem como para as que se realizarem nos 8 (oito) anos seguintes;<\/p>\n<\/blockquote>\n<p>A <strong>alternativa D<\/strong> est\u00e1 correta. Vejamos o art. 1\u00ba, I, c:<\/p>\n<blockquote>\n<p style=\"text-align: justify\">c) o Governador e o Vice-Governador de Estado e do Distrito Federal e o Prefeito e o Vice-Prefeito que perderem seus cargos eletivos por infring\u00eancia a dispositivo da Constitui\u00e7\u00e3o Estadual, da Lei Org\u00e2nica do Distrito Federal ou da Lei Org\u00e2nica do Munic\u00edpio, para as elei\u00e7\u00f5es que se realizarem durante o per\u00edodo remanescente e nos 8 (oito) anos subsequentes ao t\u00e9rmino do mandato para o qual tenham sido eleitos;<\/p>\n<\/blockquote>\n<p style=\"text-align: justify\"><strong>(Q37\/TRE-RJ\/CONSULPLAN) <\/strong>Sobre o Tratamento que a Lei n\u00ba 9.504, de 30 de setembro de 1997, d\u00e1 \u00e0 Propaganda Eleitoral, assinale alternativa INCORRETA.<\/p>\n<p style=\"text-align: justify\">A) No hor\u00e1rio reservado para a propaganda eleitoral, n\u00e3o se permitir\u00e1 utiliza\u00e7\u00e3o comercial ou propaganda realizada com a inten\u00e7\u00e3o, ainda que disfar\u00e7ada o subliminar, de promover marca ou produto.<\/p>\n<p style=\"text-align: justify\">B) \u00c9 proibida a realiza\u00e7\u00e3o de showm\u00edcio e de evento assemelhado para promo\u00e7\u00e3o de candidatos, bem como a apresenta\u00e7\u00e3o, remunerada ou n\u00e3o, de artistas com a finalidade de animar com\u00edcio e reuni\u00e3o eleitoral.<\/p>\n<p style=\"text-align: justify\">C) \u00c9 vedado ao partido pol\u00edtico utilizar na propaganda eleitoral de seus candidatos em \u00e2mbito regional, inclusive no hor\u00e1rio eleitoral gratuito, a imagem e a voz de candidato ou militante de partido pol\u00edtico que integre a sua coliga\u00e7\u00e3o em \u00e2mbito nacional.<\/p>\n<p style=\"text-align: justify\">D) N\u00e3o configura propaganda eleitoral antecipada, desde que n\u00e3o envolva pedido expl\u00edcito de voto, a men\u00e7\u00e3o \u00e0 pretensa candidatura, a exalta\u00e7\u00e3o das qualidades pessoais dos pr\u00e9-candidatos e outros atos elencados na citada lei, que poder\u00e3o ter cobertura dos meios de comunica\u00e7\u00e3o social, inclusive via internet.<\/p>\n<p><strong>Coment\u00e1rios <\/strong><\/p>\n<p>A <strong>alternativa A<\/strong> est\u00e1 correta, conforme art. 44, \u00a7 2\u00ba, da LE:<\/p>\n<blockquote>\n<p style=\"text-align: justify\">\u00a7 2\u00ba No hor\u00e1rio reservado para a propaganda eleitoral, n\u00e3o se permitir\u00e1 utiliza\u00e7\u00e3o comercial ou propaganda realizada com a inten\u00e7\u00e3o, ainda que disfar\u00e7ada ou subliminar, de promover marca ou produto.<\/p>\n<\/blockquote>\n<p>A <strong>alternativa B<\/strong> est\u00e1 correta. Vejamos o art. 39, \u00a7 7\u00ba, da LE:<\/p>\n<blockquote>\n<p style=\"text-align: justify\">\u00a7 7\u00ba \u00c9 proibida a realiza\u00e7\u00e3o de showm\u00edcio e de evento assemelhado para promo\u00e7\u00e3o de candidatos, bem como a apresenta\u00e7\u00e3o, remunerada ou n\u00e3o, de artistas com a finalidade de animar com\u00edcio e reuni\u00e3o eleitoral.<\/p>\n<\/blockquote>\n<p>A <strong>alternativa C<\/strong> est\u00e1 incorreta. Trata-se de atividade permitida pela lei, conforme art. 45, \u00a7 6\u00ba, da LE:<\/p>\n<blockquote>\n<p style=\"text-align: justify\">\u00a7 6\u00ba \u00c9 permitido ao partido pol\u00edtico utilizar na propaganda eleitoral de seus candidatos em \u00e2mbito regional, inclusive no hor\u00e1rio eleitoral gratuito, a imagem e a voz de candidato ou militante de partido pol\u00edtico que integre a sua coliga\u00e7\u00e3o em \u00e2mbito nacional.<\/p>\n<\/blockquote>\n<p>A <strong>alternativa D<\/strong> est\u00e1 correta, com base no art. 36-A, da LE:<\/p>\n<blockquote>\n<p style=\"text-align: justify\">Art. 36-A. N\u00e3o configuram propaganda eleitoral antecipada, desde que n\u00e3o envolvam pedido expl\u00edcito de voto, a men\u00e7\u00e3o \u00e0 pretensa candidatura, a exalta\u00e7\u00e3o das qualidades pessoais dos pr\u00e9-candidatos e os seguintes atos, que poder\u00e3o ter cobertura dos meios de comunica\u00e7\u00e3o social, inclusive via Internet:<\/p>\n<\/blockquote>\n<p style=\"text-align: justify\"><strong>(Q38\/TRE-RJ\/CONSULPLAN) <\/strong>Sobre o tratamento que a Constitui\u00e7\u00e3o da Rep\u00fablica Federativa do Brasil d\u00e1 aos Tribunais Regionais Eleitorais \u2013 TRE, analise as afirmativas a seguir.<\/p>\n<p style=\"text-align: justify\">I. Haver\u00e1 Tribunal Regional Eleitoral, apenas, na Capital de cada Estado.<\/p>\n<p style=\"text-align: justify\">II. Cada TRE ter\u00e1 em sua composi\u00e7\u00e3o dois ju\u00edzes dentre os desembargadores do Tribunal de Justi\u00e7a, mediante elei\u00e7\u00e3o pelo voto aberto.<\/p>\n<p style=\"text-align: justify\">III. O Tribunal Regional Eleitoral eleger\u00e1 seu Presidente e o Vice-Presidente \u2013 dentre os desembargadores.<\/p>\n<p style=\"text-align: justify\">Est\u00e1 (\u00e3o) correta (s) apenas a (s) afirmativa (s)<\/p>\n<p style=\"text-align: justify\">A) I.<\/p>\n<p style=\"text-align: justify\">B) III.<\/p>\n<p style=\"text-align: justify\">C) I e II.<\/p>\n<p style=\"text-align: justify\">D) II e III.<\/p>\n<p><strong>Coment\u00e1rios<\/strong><\/p>\n<p style=\"text-align: justify\">Vejamos cada um dos itens.<\/p>\n<p style=\"text-align: justify\">O item I est\u00e1 incorreto. Vejamos o art. 120, da CF:<\/p>\n<blockquote>\n<p style=\"text-align: justify\">Art. 120. Haver\u00e1 um Tribunal Regional Eleitoral na Capital de cada Estado e no Distrito Federal.<\/p>\n<\/blockquote>\n<p style=\"text-align: justify\">O item II est\u00e1 incorreto, pois a elei\u00e7\u00e3o dos membros do TRE ocorre por voto secreto. Vejamos o art. 120, \u00a7 1\u00ba, da CF:<\/p>\n<blockquote>\n<p style=\"text-align: justify\">\u00a7 1\u00ba &#8211; Os Tribunais Regionais Eleitorais compor-se-\u00e3o:<\/p>\n<p>I &#8211; mediante elei\u00e7\u00e3o, pelo voto secreto:<\/p>\n<p>a) de dois ju\u00edzes dentre os desembargadores do Tribunal de Justi\u00e7a;<\/p><\/blockquote>\n<p style=\"text-align: justify\">O item III est\u00e1 correto, conforme art. 120, \u00a7 2\u00ba, da CF:<\/p>\n<blockquote>\n<p style=\"text-align: justify\">\u00a7 2\u00ba &#8211; O Tribunal Regional Eleitoral eleger\u00e1 seu Presidente e o Vice-Presidente- dentre os desembargadores.<\/p>\n<\/blockquote>\n<p style=\"text-align: justify\">Assim, a <strong>alternativa B<\/strong> est\u00e1 correta e \u00e9 o gabarito da quest\u00e3o.<\/p>\n<p>&#8212;<\/p>\n<p style=\"text-align: justify\">Finalizamos, assim, as quest\u00f5es de Direito Eleitoral aplicadas para o cargo de Analista Judici\u00e1rio (\u00e1reas administrativa e judici\u00e1ria).<\/p>\n<p style=\"text-align: justify\">Agora as quest\u00f5es de Direito Eleitoral aplicadas para o cargo T\u00e9cnico Judici\u00e1rio (\u00e1rea administrativa).<\/p>\n<p>&#8212;<\/p>\n<p style=\"text-align: justify\"><strong>(Q36\/TRE-RJ\/CONSULPLAN) <\/strong>A condena\u00e7\u00e3o \u00e0 suspens\u00e3o dos direitos pol\u00edticos por ato de improbidade administrativa gera a inelegibilidade desde a condena\u00e7\u00e3o ou tr\u00e2nsito em julgado, at\u00e9 o transcurso do prazo de 8 anos, ap\u00f3s o cumprimento da pena. No entanto, para que ocorra esse efeito, s\u00e3o necess\u00e1rios alguns requisitos. Assinale alternativa que apresenta um requisito que N\u00c3O \u00e9 previsto em lei:<\/p>\n<p style=\"text-align: justify\">A) Que o ato seja doloso.<\/p>\n<p style=\"text-align: justify\">B) Que importe em enriquecimento il\u00edcito ou dano ao er\u00e1rio.<\/p>\n<p style=\"text-align: justify\">C) Que tenha havido abuso do poder econ\u00f4mico com benef\u00edcio a si ou a terceiros.<\/p>\n<p style=\"text-align: justify\">D) Que a decis\u00e3o tenha transitado em julgado ou tenha sido proferida por \u00f3rg\u00e3o judicial colegiado.<\/p>\n<p style=\"text-align: justify\"><strong>Coment\u00e1rios <\/strong><\/p>\n<p style=\"text-align: justify\">A <strong>alternativa A<\/strong> est\u00e1 correta, pois decorre o efeito da inelegibilidade apenas em condena\u00e7\u00f5es por ato doloso de improbidade administrativa. Confira o art. 1\u00ba, I, g, da LC n\u00ba 64\/90.<\/p>\n<blockquote>\n<p style=\"text-align: justify\">g) os que tiverem suas contas relativas ao exerc\u00edcio de cargos ou fun\u00e7\u00f5es p\u00fablicas rejeitadas por irregularidade insan\u00e1vel que <strong>configure ato doloso <\/strong>de improbidade administrativa, e por decis\u00e3o irrecorr\u00edvel do \u00f3rg\u00e3o competente, salvo se esta houver sido suspensa ou anulada pelo Poder Judici\u00e1rio, para as elei\u00e7\u00f5es que se realizarem nos 8 (oito) anos seguintes, contados a partir da data da decis\u00e3o, aplicando-se o disposto no inciso II do art. 71 da Constitui\u00e7\u00e3o Federal, a todos os ordenadores de despesa, sem exclus\u00e3o de mandat\u00e1rios que houverem agido nessa condi\u00e7\u00e3o;<\/p>\n<\/blockquote>\n<p style=\"text-align: justify\">A <strong>alternativa B<\/strong> est\u00e1 correta em raz\u00e3o do que prev\u00ea o art. 1\u00ba, I, l, da Lei Complementar:<\/p>\n<blockquote>\n<p style=\"text-align: justify\">l) os que forem condenados \u00e0 suspens\u00e3o dos direitos pol\u00edticos, em decis\u00e3o transitada em julgado ou proferida por \u00f3rg\u00e3o judicial colegiado, por ato doloso de improbidade administrativa que importe les\u00e3o ao patrim\u00f4nio p\u00fablico e enriquecimento il\u00edcito, desde a condena\u00e7\u00e3o ou o tr\u00e2nsito em julgado at\u00e9 o transcurso do prazo de 8 (oito) anos ap\u00f3s o cumprimento da pena;<\/p>\n<\/blockquote>\n<p style=\"text-align: justify\">A <strong>alternativa C<\/strong> \u00e9 a que n\u00e3o retrata um requisito, pois n\u00e3o consta da Lei de Inelegibilidades.<\/p>\n<p style=\"text-align: justify\">A <strong>alternativa D<\/strong> est\u00e1 correta, pois de acordo com as al\u00edneas citadas acima, o efeito da inelegibilidade decorre da decis\u00e3o transitada em julgado ou proferida por \u00f3rg\u00e3o colegiado.<\/p>\n<p>&#8212;<\/p>\n<p style=\"text-align: justify\"><strong>(Q37\/TRE-RJ\/CONSULPLAN) <\/strong>Sobre a propaganda eleitoral no r\u00e1dio e na televis\u00e3o, assinale alternativa INCORRETA.<\/p>\n<p style=\"text-align: justify\">A) A propaganda eleitoral no r\u00e1dio e na televis\u00e3o restringe-se ao hor\u00e1rio gratuito definido na lei, vedada a veicula\u00e7\u00e3o de propaganda paga.<\/p>\n<p style=\"text-align: justify\">B) A propaganda eleitoral gratuita na televis\u00e3o dever\u00e1 utilizar a Linguagem Brasileira de Sinais \u2013 LIBRAS, ou o recurso de legenda, que dever\u00e3o constar obrigatoriamente do material entregue \u00e0s emissoras.<\/p>\n<p style=\"text-align: justify\">C) A partir de 15 de agosto do ano da elei\u00e7\u00e3o, \u00e9 vedado, ainda, \u00e0s emissoras transmitir programa apresentada ou comentada por pr\u00e9-candidato, sob pena, no caso de sua escolha na conven\u00e7\u00e3o partid\u00e1ria, de imposi\u00e7\u00e3o de multa exclusivamente.<\/p>\n<p style=\"text-align: justify\">D) Encerrado o prazo para realiza\u00e7\u00e3o das conven\u00e7\u00f5es no ano das elei\u00e7\u00f5es, \u00e9 vedado \u00e0s emissoras de r\u00e1dio e televis\u00e3o, em sua programa\u00e7\u00e3o normal e em seu notici\u00e1rio veicular ou divulgar filmes, novelas, miniss\u00e9ries ou qualquer outro programa com alus\u00e3o ou cr\u00edtica a candidato ou partido pol\u00edtico, mesmo que dissimuladamente, exceto programas jornal\u00edsticos ou debates pol\u00edticos.<\/p>\n<p style=\"text-align: justify\"><strong>Coment\u00e1rios <\/strong><\/p>\n<p style=\"text-align: justify\">A alternativa A est\u00e1 correta, pois reproduz o art. 44, da LE:<\/p>\n<p style=\"text-align: justify\">Art. 44. A propaganda eleitoral no r\u00e1dio e na televis\u00e3o restringe-se ao hor\u00e1rio gratuito definido nesta lei, vedada a veicula\u00e7\u00e3o de propaganda paga.<\/p>\n<p style=\"text-align: justify\">A alternativa B est\u00e1 correta, com base no art. 44, \u00a7 1\u00ba, da LE. Vejamos o dispositivo:<\/p>\n<blockquote>\n<p style=\"text-align: justify\">\u00a7 1\u00ba A propaganda eleitoral gratuita na televis\u00e3o dever\u00e1 utilizar a Linguagem Brasileira de Sinais &#8211; LIBRAS ou o recurso de legenda, que dever\u00e3o constar obrigatoriamente do material entregue \u00e0s emissoras.<\/p>\n<\/blockquote>\n<p style=\"text-align: justify\">A <strong>alternativa C<\/strong> est\u00e1 incorreta e \u00e9 o gabarito da quest\u00e3o. De acordo com o art. 45, \u00a7 1\u00ba, \u00e9 vedado transmitir programa apresentado ou comentado por pr\u00e9-candidato a partir de 30 de junho do ano da elei\u00e7\u00e3o.<\/p>\n<blockquote>\n<p style=\"text-align: justify\">\u00a7 1\u00ba A partir de 30 de junho do ano da elei\u00e7\u00e3o, \u00e9 vedado, ainda, \u00e0s emissoras transmitir programa apresentado ou comentado por pr\u00e9-candidato, sob pena, no caso de sua escolha na conven\u00e7\u00e3o partid\u00e1ria, de imposi\u00e7\u00e3o da multa prevista no \u00a7 2o e de cancelamento do registro da candidatura do benefici\u00e1rio.<\/p>\n<\/blockquote>\n<p style=\"text-align: justify\">A alternativa D est\u00e1 correta, conforme o art. 45, V, da LE. Veja o fundamento legal:<\/p>\n<blockquote>\n<p style=\"text-align: justify\">Art. 45.\u00a0 Encerrado o prazo para a realiza\u00e7\u00e3o das conven\u00e7\u00f5es no ano das elei\u00e7\u00f5es, \u00e9 vedado \u00e0s emissoras de r\u00e1dio e televis\u00e3o, em sua programa\u00e7\u00e3o normal e em seu notici\u00e1rio:<\/p>\n<p style=\"text-align: justify\">V &#8211; veicular ou divulgar filmes, novelas, miniss\u00e9ries ou qualquer outro programa com alus\u00e3o ou cr\u00edtica a candidato ou partido pol\u00edtico, mesmo que dissimuladamente, exceto programas jornal\u00edsticos ou debates pol\u00edticos;<\/p>\n<\/blockquote>\n<p>&#8212;<\/p>\n<p style=\"text-align: justify\"><strong>(Q38\/TRE-RJ\/CONSULPLAN) <\/strong>\u201cEstabelece a Lei Complementar n\u00ba 64, de 18 de maio de 1990, que s\u00e3o ineleg\u00edveis para qualquer cargo os que forem condenados, em decis\u00e3o transitada em julgado ou proferida por \u00f3rg\u00e3o judicial colegiado, desde a condena\u00e7\u00e3o at\u00e9 o transcurso do processo de oito anos ap\u00f3s o cumprimento da pena, pelos crimes _____________________.\u201d Assinale alternativa que n\u00e3o complementa corretamente a afirmativa anterior.<\/p>\n<p style=\"text-align: justify\">A) contra a vida e a dignidade sexual.<\/p>\n<p style=\"text-align: justify\">B) contra o meio ambiente e a sa\u00fade p\u00fablica.<\/p>\n<p style=\"text-align: justify\">C) de redu\u00e7\u00e3o \u00e0 condi\u00e7\u00e3o an\u00e1loga \u00e0 de escravo.<\/p>\n<p style=\"text-align: justify\">D) hediondos e de abuso de autoridade, em qualquer caso.<\/p>\n<p style=\"text-align: justify\"><strong>Coment\u00e1rios<\/strong><\/p>\n<p style=\"text-align: justify\">A quest\u00e3o cobra o conhecimento dos crimes que acarretam inelegibilidade pelo per\u00edodo de 8 anos ap\u00f3s o cumprimento da pena. Esses crimes est\u00e3o previstos no art. 1\u00ba, I, e, da LC 64\/1990.<\/p>\n<p style=\"text-align: justify\">Note que:<\/p>\n<p style=\"text-align: justify\">&#8211; a alternativa A est\u00e1 no item 9 da al\u00ednea e do inc. I do art. 1\u00ba da LC 64\/90.<\/p>\n<p style=\"text-align: justify\">&#8211; a alternativa B est\u00e1 no item 3 da al\u00ednea e do inc. I do art. 1\u00ba da LC 64\/90.<\/p>\n<p style=\"text-align: justify\">&#8211; a alternativa C est\u00e1 no item 8 da al\u00ednea e do inc. I do art. 1\u00ba da LC 64\/90.<\/p>\n<p style=\"text-align: justify\">Assim, a <strong>alternativa D<\/strong> n\u00e3o completa a lacuna. Embora crime hediondo esteja previsto no item 7, o abuso de autoridade \u2013 que est\u00e1 no item 5 \u2013 n\u00e3o ser\u00e1 em qualquer caso, mas apenas nos casos em que houver condena\u00e7\u00e3o \u00e0 perda do cargo ou \u00e0 inabilita\u00e7\u00e3o para o exerc\u00edcio de fun\u00e7\u00e3o p\u00fablica.<\/p>\n<p>&#8212;<\/p>\n<p style=\"text-align: justify\"><strong>\u00a0(Q39\/TRE-RJ\/CONSUPLAN) <\/strong>Sobre as Disposi\u00e7\u00f5es Penais do C\u00f3digo Eleitoral, analise as afirmativas a seguir.<\/p>\n<p style=\"text-align: justify\">I. Sempre que o C\u00f3digo Eleitoral n\u00e3o indicar o grau m\u00ednimo, entende-se que ser\u00e1 ele de quinze dias para pena de deten\u00e7\u00e3o e de um ano para a de reclus\u00e3o.<\/p>\n<p style=\"text-align: justify\">II. Quando a lei determina a grava\u00e7\u00e3o ou atenua\u00e7\u00e3o da pena sem mencionar o <em>quantum<\/em>, deve o juiz fix\u00e1-lo em um quinto e um ter\u00e7o, guardados os limites da pena cominada ao crime.<\/p>\n<p style=\"text-align: justify\">III. Os funcion\u00e1rios requisitados pela Justi\u00e7a Eleitoral s\u00e3o considerados membros e funcion\u00e1rios da Justi\u00e7a Eleitoral para os efeitos penais.<\/p>\n<p style=\"text-align: justify\">IV. Aplicam-se aos fatos incriminados no C\u00f3digo Eleitoral as regras gerais do C\u00f3digo Penal.<\/p>\n<p style=\"text-align: justify\">Est\u00e3o corretas as afirmativas<\/p>\n<p style=\"text-align: justify\">A) I, II, III e IV.<\/p>\n<p style=\"text-align: justify\">B) I e IV, apenas.<\/p>\n<p style=\"text-align: justify\">C) II e III, apenas.<\/p>\n<p style=\"text-align: justify\">D) I, III e IV, apenas.<\/p>\n<p style=\"text-align: justify\"><strong>Coment\u00e1rios<\/strong><\/p>\n<p style=\"text-align: justify\">O item I est\u00e1 correto, em face do que prev\u00ea o art. 284, do CE.<\/p>\n<p style=\"text-align: justify\">O item II est\u00e1 correto, em face do que prev\u00ea o art. 285, do CE.<\/p>\n<p style=\"text-align: justify\">O item III est\u00e1 correto, em face do que disp\u00f5e o art. 283, \u00a71\u00ba, do CE:<\/p>\n<blockquote>\n<p style=\"text-align: justify\">\u00a7 1\u00ba Considera-se funcion\u00e1rio p\u00fablico, para os efeitos penais, al\u00e9m dos indicados no presente artigo, quem, embora transitoriamente ou sem remunera\u00e7\u00e3o, exerce cargo, emprego ou fun\u00e7\u00e3o p\u00fablica.<\/p>\n<\/blockquote>\n<p style=\"text-align: justify\">O item IV est\u00e1 correto em face do art. 287, do CE.<\/p>\n<p style=\"text-align: justify\">Logo, a <strong>alternativa A<\/strong> est\u00e1 correta e \u00e9 o gabarito da quest\u00e3o.<\/p>\n<p>&#8212;<\/p>\n<p style=\"text-align: justify\"><strong>(Q40\/TRE-RJ\/CONSULPLAN) <\/strong>\u201cJos\u00e9 da Silva quer apoiar seu candidato a Prefeito e gostaria de fazer propaganda eleitoral em seu ve\u00edculo. Assim, gostaria de colocar um adesivo pl\u00e1stico em seu autom\u00f3vel.\u201d Jos\u00e9 poder\u00e1 faz\u00ea-lo, desde que n\u00e3o exceda a:<\/p>\n<p style=\"text-align: justify\">A) 1 m\u00b2 (um metro quadrado).<\/p>\n<p style=\"text-align: justify\">B) 2 m\u00b2 (dois metros quadrados).<\/p>\n<p style=\"text-align: justify\">C) 0,5 m\u00b2 (meio metro quadrado).<\/p>\n<p style=\"text-align: justify\">D) 0,75 m\u00b2 (setenta e cinco cent\u00edmetros quadrados).<\/p>\n<p style=\"text-align: justify\"><strong>Coment\u00e1rios<\/strong><\/p>\n<p style=\"text-align: justify\">De acordo com o \u00a72\u00ba do art. 37 da Lei das Elei\u00e7\u00f5es a extens\u00e3o m\u00e1xima do adesivo \u00e9 de 0,5m\u00b2. Logo, a <strong>alternativa C<\/strong> \u00e9 a correta e gabarito da quest\u00e3o. Lembre-se, adicionalmente, que o \u00a74\u00ba do mesmo dispositivo prev\u00ea a possibilidade de que adesivo microperfurado seja adotado em toda a extens\u00e3o do para-brisas.<\/p>\n<p>&#8212;<\/p>\n<p style=\"text-align: justify\"><strong>(Q41\/TRE-RJ\/CONSULPLAN) <\/strong>Sobre o tratamento que a legisla\u00e7\u00e3o brasileira d\u00e1 aos Sistemas Eleitorais, assinale alternativa correta.<\/p>\n<p style=\"text-align: justify\">A) Os senadores s\u00e3o eleitos pelo sistema majorit\u00e1rio em dois turnos.<\/p>\n<p style=\"text-align: justify\">B) Nos casos em que se aplica o sistema proporcional, vigora a lista aberta.<\/p>\n<p style=\"text-align: justify\">C) Os membros do Congresso Nacional s\u00e3o eleitos pelo sistema proporcional.<\/p>\n<p style=\"text-align: justify\">D) Adota-se, em rela\u00e7\u00e3o aos Deputados Estaduais, o sistema distrital misto, com lista fechada.<\/p>\n<p style=\"text-align: justify\"><strong>Coment\u00e1rios<\/strong><\/p>\n<p style=\"text-align: justify\">Quest\u00e3o tranquila. Vejamos cada uma das alternativas.<\/p>\n<p style=\"text-align: justify\">A <strong>alternativa A<\/strong> est\u00e1 incorreta, pois embora os senadores sejam eleitos pelo sistema majorit\u00e1rio, a elei\u00e7\u00e3o se d\u00e1 sempre em \u00fanico turno. N\u00e3o h\u00e1 se falar em segundo turno para cargos do sistema proporcional.<\/p>\n<p style=\"text-align: justify\">A <strong>alternativa B<\/strong> est\u00e1 correta e \u00e9 o gabarito da quest\u00e3o. O sistema proporcional brasileiro adota o sistema de listas abertas, no qual o candidato mais votado dentro do partido ou coliga\u00e7\u00e3o ir\u00e1 ocupar a vaga destinada. O sistema de listas fechadas foi aventado na Reforma Eleitoral de 2017, mas n\u00e3o foi aprovado.<\/p>\n<p style=\"text-align: justify\">A <strong>alternativa C<\/strong> est\u00e1 incorreta, pois apenas os deputados s\u00e3o eleitos pelo sistema proporcional, ao passo que os senadores s\u00e3o eleitos pelo sistema majorit\u00e1rio.<\/p>\n<p style=\"text-align: justify\">A <strong>alternativa D<\/strong> est\u00e1 incorreta, pois n\u00e3o adotamos o sistema distrital misto em rela\u00e7\u00e3o aos cargos de deputados federais, mas o sistema proporcional de listas abertas.<\/p>\n<p>&#8212;<\/p>\n<p style=\"text-align: justify\"><strong>(Q42\/TRE-RJ\/CONSULPLAN) <\/strong>A Lei Complementar n\u00ba 75, de 20 de maio de 1993, trata das fun\u00e7\u00f5es eleitorais do Minist\u00e9rio P\u00fablico. Acerca das fun\u00e7\u00f5es eleitorais do Minist\u00e9rio P\u00fablico, assinale afirmativa INCORRETA.<\/p>\n<p style=\"text-align: justify\">A) O procurador Regional Eleitoral poder\u00e1 ser destitu\u00eddo, antes do t\u00e9rmino do mandato, por iniciativa do Procurador-Geral Eleitoral, anuindo a maioria relativa do Conselho Superior do Minist\u00e9rio P\u00fablico Federal.<\/p>\n<p style=\"text-align: justify\">B) O Promotor Eleitoral ser\u00e1 um membro do Minist\u00e9rio P\u00fablico local que oficie junto ao Ju\u00edzo incumbido do servi\u00e7o eleitoral de cada Zona. Na inexist\u00eancia de Promotor que oficie perante a Zona Eleitoral, ou havendo impedimento ou recusa justificada, o Chefe Do Minist\u00e9rio P\u00fablico local indicar\u00e1 ao Procurador Regional Eleitoral o substituto a ser designado.<\/p>\n<p style=\"text-align: justify\">C) O Procurador Regional Eleitoral, juntamente com o seu substituto, ser\u00e1 designado pelo Procurador-Geral Eleitoral, dentre os Procuradores Regionais da Rep\u00fablica no Estado e no Distrito Federal, ou, onde n\u00e3o houver, dentre os Procuradores Da Rep\u00fablica vital\u00edcios, para um mandato de dois anos. O Procurador Regional Eleitoral poder\u00e1 ser reconduzido uma vez.<\/p>\n<p style=\"text-align: justify\">D) Compete ao Procurador-Geral Eleitoral exercer as fun\u00e7\u00f5es do Minist\u00e9rio P\u00fablico nas causas de compet\u00eancia do Tribunal Superior Eleitoral. Al\u00e9m do Vice-Procurador-Geral Eleitoral, o Procurador-Geral poder\u00e1 designar, por necessidade de servi\u00e7o, membros do Minist\u00e9rio P\u00fablico Federal para oficiarem, com sua aprova\u00e7\u00e3o, perante o Tribunal Superior Eleitoral.<\/p>\n<p style=\"text-align: justify\"><strong>Coment\u00e1rios<\/strong><\/p>\n<p style=\"text-align: justify\">Vejamos cada uma das alternativas.<\/p>\n<p style=\"text-align: justify\">A <strong>alternativa A<\/strong> est\u00e1 incorreta e gabarito da quest\u00e3o pois, de acordo com o art. 76, \u00a72\u00ba, da Lei Complementar 75\/1993, a maioria a ser obtida perante o Conselho Superior do MPF \u00e9 a absoluta e n\u00e3o relativa.<\/p>\n<p style=\"text-align: justify\">A <strong>alternativa B<\/strong> est\u00e1 correta e reproduz a exata literalidade do art. 79, da Lei Complementar 75\/1993.<\/p>\n<p style=\"text-align: justify\">A <strong>alternativa C<\/strong> est\u00e1 correta e reproduz a exata literalidade do art. 76, <em>caput<\/em> combinado com o \u00a71\u00ba, da Lei Complementar 75\/1993.<\/p>\n<p style=\"text-align: justify\">A <strong>alternativa D<\/strong> est\u00e1 correta e reproduz a exata literalidade do art. 74, da Lei Complementar 75\/1993.<\/p>\n<p>&#8212;<\/p>\n<p style=\"text-align: justify\"><strong>(Q43\/TRE-RJ\/CONSULPLAN) <\/strong>Os direitos pol\u00edticos ativos e passivos cont\u00e9m expressa regulamenta\u00e7\u00e3o na Constitui\u00e7\u00e3o da Rep\u00fablica Federativa do Brasil. Sobre o tratamento que a lei maior dar o tema, analise as afirmativas a seguir.<\/p>\n<p style=\"text-align: justify\">I. N\u00e3o podem alistar-se como eleitores, durante o per\u00edodo do servi\u00e7o militar obrigat\u00f3rio, os conscritos.<\/p>\n<p style=\"text-align: justify\">II. \u00c9 condi\u00e7\u00e3o de elegibilidade a idade m\u00ednima de 21 anos para vereador.<\/p>\n<p style=\"text-align: justify\">III. Os inalist\u00e1veis s\u00e3o ineleg\u00edveis.<\/p>\n<p style=\"text-align: justify\">IV. Os analfabetos s\u00e3o alist\u00e1veis, mas ineleg\u00edveis.<\/p>\n<p style=\"text-align: justify\">Est\u00e3o corretas apenas as afirmativas<\/p>\n<p style=\"text-align: justify\">A) I, II e III.<\/p>\n<p style=\"text-align: justify\">B) I, II e IV.<\/p>\n<p style=\"text-align: justify\">C) I, III e IV.<\/p>\n<p style=\"text-align: justify\">D) II, III e IV.<\/p>\n<p style=\"text-align: justify\"><strong>Coment\u00e1rios <\/strong><\/p>\n<p style=\"text-align: justify\">O item I est\u00e1 correto, com base no art. 14, \u00a7 2\u00ba, da CF. Como sabemos, os conscritos s\u00e3o inalist\u00e1veis. Vejamos o artigo:<\/p>\n<blockquote>\n<p style=\"text-align: justify\">\u00a7 2\u00ba N\u00e3o podem alistar-se como eleitores os estrangeiros e, durante o per\u00edodo do servi\u00e7o militar obrigat\u00f3rio, os conscritos.<\/p>\n<\/blockquote>\n<p style=\"text-align: justify\">O item II est\u00e1 incorreto. A idade m\u00ednima para concorrer ao cargo de Prefeito \u00e9 de 18 anos, conforme o art. 14, \u00a7 3\u00ba, VI, d, da CF.<\/p>\n<blockquote>\n<p style=\"text-align: justify\">\u00a7 3\u00ba S\u00e3o condi\u00e7\u00f5es de elegibilidade, na forma da lei:<\/p>\n<p style=\"text-align: justify\">VI &#8211; a idade m\u00ednima de:<\/p>\n<p style=\"text-align: justify\">d) dezoito anos para Vereador.<\/p>\n<\/blockquote>\n<p style=\"text-align: justify\">O item III est\u00e1 correto pelo que prev\u00ea o art. 14, \u00a7 4\u00ba, da CF:<\/p>\n<blockquote>\n<p style=\"text-align: justify\">\u00a7 4\u00ba S\u00e3o ineleg\u00edveis os inalist\u00e1veis e os analfabetos.<\/p>\n<\/blockquote>\n<p style=\"text-align: justify\">O item IV est\u00e1 correto. O alistamento e o voto s\u00e3o facultativos para o analfabeto, conforme art. 14, \u00a7 1\u00ba, II, a, da CF. Contudo, os analfabetos s\u00e3o ineleg\u00edveis, conforme o \u00a7 4\u00ba do mesmo artigo.<\/p>\n<blockquote>\n<p style=\"text-align: justify\">\u00a7 1\u00ba O alistamento eleitoral e o voto s\u00e3o:<\/p>\n<p style=\"text-align: justify\">II &#8211; facultativos para:<\/p>\n<p style=\"text-align: justify\">a) os analfabetos;<\/p>\n<\/blockquote>\n<p style=\"text-align: justify\">Assim, a <strong>alternativa C<\/strong> est\u00e1 correta e \u00e9 o gabarito da quest\u00e3o.<\/p>\n<p>&#8212;<\/p>\n<p style=\"text-align: justify\"><strong>(Q44\/TRE-RJ\/CONSULPLAN) <\/strong>\u201cJo\u00e3o da Silva, Prefeito Municipal de \u00c1guas Limpas, deseja candidatar-se ao cargo de Deputado Federal. Para tanto<\/p>\n<p style=\"text-align: justify\">A) poder\u00e1 permanecer no cargo at\u00e9 as elei\u00e7\u00f5es.<\/p>\n<p style=\"text-align: justify\">B) dever\u00e1 licenciar-se do cargo at\u00e9 seis meses antes do pleito.<\/p>\n<p style=\"text-align: justify\">C) dever\u00e1 renunciar ao mandato at\u00e9 seis meses antes do pleito.<\/p>\n<p style=\"text-align: justify\">D) poder\u00e1 optar entre permanecer no cargo ou licenciar-se e retornar no caso de derrota.<\/p>\n<p style=\"text-align: justify\"><strong>Coment\u00e1rios <\/strong><\/p>\n<p style=\"text-align: justify\">A <strong>alternativa C<\/strong> est\u00e1 correta e \u00e9 o gabarito da quest\u00e3o.<\/p>\n<p style=\"text-align: justify\">Como prescreve o art. 14, \u00a7 6\u00ba, da CF, os detentores de mandatos eletivos do Poder Executivo, que pretenderem se candidatar a outros cargos, dever\u00e3o se desincompatibilizar seis meses antes do pleito.<\/p>\n<p style=\"text-align: justify\">Vejamos o dispositivo constitucional:<\/p>\n<blockquote>\n<p style=\"text-align: justify\">\u00a7 6\u00ba Para concorrerem a outros cargos, o Presidente da Rep\u00fablica, os Governadores de Estado e do Distrito Federal e os Prefeitos devem renunciar aos respectivos mandatos at\u00e9 seis meses antes do pleito.<\/p>\n<\/blockquote>\n<p>&#8212;<\/p>\n<p style=\"text-align: justify\"><strong>(Q45\/TRE-RJ\/CONSULPLAN) <\/strong>A Constitui\u00e7\u00e3o da Rep\u00fablica Federativa do Brasil estabelece a composi\u00e7\u00e3o do Tribunal Superior Eleitoral. Sobre o tema, assinale alternativa INCORRETA.<\/p>\n<p style=\"text-align: justify\">A) Ter\u00e1 tr\u00eas ju\u00edzes dentre os Ministros do Supremo Tribunal Federal.<\/p>\n<p style=\"text-align: justify\">B) Ter\u00e1 dois ju\u00edzes dentre os ministros do Supremo Tribunal de Justi\u00e7a.<\/p>\n<p style=\"text-align: justify\">C) Ter\u00e1 dois ju\u00edzes advogados de not\u00e1vel saber jur\u00eddico e idoneidade moral.<\/p>\n<p style=\"text-align: justify\">D) Ter\u00e1 um membro do Minist\u00e9rio P\u00fablico, indicado pelo Procurador Geral da Rep\u00fablica.<\/p>\n<p style=\"text-align: justify\"><strong>Coment\u00e1rios <\/strong><\/p>\n<p style=\"text-align: justify\">Trata-se de quest\u00e3o f\u00e1cil que cobra o art. 119, da CF. Vejamos o dispositivo.<\/p>\n<p style=\"text-align: justify\">Art. 119. O Tribunal Superior Eleitoral compor-se-\u00e1, no m\u00ednimo, de sete membros, escolhidos:<\/p>\n<blockquote>\n<p style=\"text-align: justify\">I &#8211; mediante elei\u00e7\u00e3o, pelo voto secreto:<\/p>\n<p style=\"text-align: justify\">a) tr\u00eas ju\u00edzes dentre os Ministros do Supremo Tribunal Federal;<\/p>\n<p style=\"text-align: justify\">b) dois ju\u00edzes dentre os Ministros do Superior Tribunal de Justi\u00e7a;<\/p>\n<p style=\"text-align: justify\">II &#8211; por nomea\u00e7\u00e3o do Presidente da Rep\u00fablica, dois ju\u00edzes dentre seis advogados de not\u00e1vel saber jur\u00eddico e idoneidade moral, indicados pelo Supremo Tribunal Federal.<\/p>\n<\/blockquote>\n<p style=\"text-align: justify\">Assim, a <strong>alternativa D<\/strong> est\u00e1 incorreta e \u00e9 o gabarito da quest\u00e3o. Como sabemos, os membros do Minist\u00e9rio P\u00fablico n\u00e3o participam da composi\u00e7\u00e3o dos \u00f3rg\u00e3os da justi\u00e7a eleitoral.<\/p>\n<p>&#8212;<\/p>\n<p style=\"text-align: justify\"><strong>(Q46\/TRE-RJ\/CONSULPLAN) <\/strong>A idade m\u00ednima constitucionalmente estabelecida como condi\u00e7\u00e3o elegibilidade \u00e9 verificada tendo por refer\u00eancia<\/p>\n<p style=\"text-align: justify\">A) a data da posse.<\/p>\n<p style=\"text-align: justify\">B) a data da elei\u00e7\u00e3o.<\/p>\n<p style=\"text-align: justify\">C) a data do pedido de registro, salvo quando fixada em dezoito anos, hip\u00f3tese em que ser\u00e1 aferida na data da elei\u00e7\u00e3o.<\/p>\n<p style=\"text-align: justify\">D) a data da posse, salvo quando fixada em dezoito anos, hip\u00f3tese em que ser\u00e1 aferida na data-limite para o pedido registro.<\/p>\n<p style=\"text-align: justify\"><strong>Coment\u00e1rios <\/strong><\/p>\n<p style=\"text-align: justify\">Trata-se de quest\u00e3o que cobra da literalidade da Lei n\u00ba 9.504\/97.<\/p>\n<p style=\"text-align: justify\">A <strong>alternativa D<\/strong> est\u00e1 correta e \u00e9 o gabarito da quest\u00e3o, conforme art. 11, \u00a7 2\u00ba, da LE.<\/p>\n<blockquote>\n<p style=\"text-align: justify\">\u00a7 2\u00ba A idade m\u00ednima constitucionalmente estabelecida como condi\u00e7\u00e3o de elegibilidade \u00e9 verificada tendo por refer\u00eancia a data da posse, salvo quando fixada em dezoito anos, hip\u00f3tese em que ser\u00e1 aferida na data-limite para o pedido de registro.<\/p>\n<\/blockquote>\n<p style=\"text-align: justify\"><strong>(Q47\/TRE-RJ\/CONSULPLAN)<\/strong> \u201c\u2019X\u2019, candidato a prefeito do munic\u00edpio \u2018Y\u2019, renunciou \u00e0 sua candidatura, ap\u00f3s o termo final do prazo do registro.\u201d Neste caso, o partido<\/p>\n<p style=\"text-align: justify\">A) poder\u00e1 substituir o candidato, desde que o novo pedido seja apresentado at\u00e9 20 dias antes do pleito.<\/p>\n<p style=\"text-align: justify\">B) poder\u00e1 substituir o candidato, mas a substitui\u00e7\u00e3o s\u00f3 ser\u00e1 deferida se ocorrer em at\u00e9 10 dias da ren\u00fancia.<\/p>\n<p style=\"text-align: justify\">C) n\u00e3o poder\u00e1 substituir o candidato, uma vez que o registro de candidatura \u00e9 a data limite para substitui\u00e7\u00f5es.<\/p>\n<p style=\"text-align: justify\">D) poderia substituir o candidato se fosse o caso de falecimento, pois, diferentemente da ren\u00fancia, no caso de falecimento, a substitui\u00e7\u00e3o tem como data limite 20 dias antes do pleito.<\/p>\n<p style=\"text-align: justify\"><strong>Coment\u00e1rios <\/strong><\/p>\n<p style=\"text-align: justify\">A quest\u00e3o cobra o prazo do art. 13, \u00a7 1\u00ba, da Lei das Elei\u00e7\u00f5es.<\/p>\n<p style=\"text-align: justify\">Como se trata de candidato que renunciou, o partido deve substituir o candidato e requerer o registro at\u00e9 10 dias da ocorr\u00eancia do fato, ou seja, da ren\u00fancia.<\/p>\n<p style=\"text-align: justify\">Vejamos o dispositivo legal:<\/p>\n<blockquote>\n<p style=\"text-align: justify\">Art. 13. \u00c9 facultado ao partido ou coliga\u00e7\u00e3o substituir candidato que for considerado ineleg\u00edvel, renunciar ou falecer ap\u00f3s o termo final do prazo do registro ou, ainda, tiver seu registro indeferido ou cancelado.<\/p>\n<p style=\"text-align: justify\">\u00a7 1\u00ba A escolha do substituto far-se-\u00e1 na forma estabelecida no estatuto do partido a que pertencer o substitu\u00eddo, e o registro dever\u00e1 ser requerido at\u00e9 10 (dez) dias contados do fato ou da notifica\u00e7\u00e3o do partido da decis\u00e3o judicial que deu origem \u00e0 substitui\u00e7\u00e3o.<\/p>\n<\/blockquote>\n<p style=\"text-align: justify\">Desse modo, a <strong>alternativa B<\/strong> est\u00e1 correta e \u00e9 o gabarito da quest\u00e3o.<\/p>\n<p style=\"text-align: justify\"><strong>(Q48\/TRE-RJ\/CONSULPLAN)<\/strong> \u201cO mandato eletivo poder\u00e1 ser impugnado ante a Justi\u00e7a Eleitoral no prazo de ______ dias, contados da _________, instru\u00edda a a\u00e7\u00e3o com provas de abuso do poder econ\u00f4mico, corrup\u00e7\u00e3o ou fraude.\u201d Assinale a alternativa que completa correta e sequencialmente a afirmativa anterior.<\/p>\n<p style=\"text-align: justify\">A) 10 \/ elei\u00e7\u00e3o.<\/p>\n<p style=\"text-align: justify\">B) 15 \/ elei\u00e7\u00e3o.<\/p>\n<p style=\"text-align: justify\">C) 10 \/ diploma\u00e7\u00e3o.<\/p>\n<p style=\"text-align: justify\">D) 15 \/ diploma\u00e7\u00e3o.<\/p>\n<p style=\"text-align: justify\"><strong>Coment\u00e1rios <\/strong><\/p>\n<p style=\"text-align: justify\">A quest\u00e3o cobra o art. 14, \u00a7 10, da CF. Vejamos:<\/p>\n<blockquote>\n<p style=\"text-align: justify\">\u00a7 10. O mandato eletivo poder\u00e1 ser impugnado ante a Justi\u00e7a Eleitoral <strong>no prazo de quinze dias<\/strong> contados da <strong>diploma\u00e7\u00e3o<\/strong>, instru\u00edda a a\u00e7\u00e3o com provas de abuso do poder econ\u00f4mico, corrup\u00e7\u00e3o ou fraude.<\/p>\n<\/blockquote>\n<p style=\"text-align: justify\">Assim, a <strong>alternativa D<\/strong> est\u00e1 correta e \u00e9 o gabarito da quest\u00e3o.<\/p>\n<p>&#8212;<\/p>\n<p style=\"text-align: justify\"><strong>(Q49\/TRE-RJ\/CONSULPLAN)<\/strong>No munic\u00edpio \u2018X\u2019 cuja C\u00e2mara Municipal seja composta de nove vereadores, o Partido \u2018Y\u2019 deseja lan\u00e7ar 14 candidatos para as elei\u00e7\u00f5es municipais. Destes, dever\u00e3o ser do sexo minorit\u00e1rio, no m\u00ednimo, ______ candidatos.<\/p>\n<p style=\"text-align: justify\">A) 2<\/p>\n<p style=\"text-align: justify\">B) 3<\/p>\n<p style=\"text-align: justify\">C) 4<\/p>\n<p style=\"text-align: justify\">D) 5<\/p>\n<p style=\"text-align: justify\"><strong>Coment\u00e1rios <\/strong><\/p>\n<p style=\"text-align: justify\">A quest\u00e3o cobra o art. 10, \u00a7\u00a7 3\u00ba e 4\u00ba da Lei das Elei\u00e7\u00f5es. Como sabemos, ser\u00e3o reservadas 30% do n\u00famero de vagas para o sexo minorit\u00e1rio.<\/p>\n<blockquote>\n<p style=\"text-align: justify\">\u00a7 3\u00ba Do n\u00famero de vagas resultante das regras previstas neste artigo, cada partido ou coliga\u00e7\u00e3o preencher\u00e1 o m\u00ednimo de 30% (trinta por cento) e o m\u00e1ximo de 70% (setenta por cento) para candidaturas de cada sexo.<\/p>\n<p style=\"text-align: justify\">\u00a7 4\u00ba Em todos os c\u00e1lculos, ser\u00e1 sempre desprezada a fra\u00e7\u00e3o, se inferior a meio, e igualada a um, se igual ou superior.<\/p>\n<\/blockquote>\n<p style=\"text-align: justify\">Assim, 30% de 14 resulta em 4,2. Como \u00e9 desprezada a fra\u00e7\u00e3o inferior a meio, dever\u00e3o ser reservadas 4 vagas para o sexo minorit\u00e1rio.<\/p>\n<p style=\"text-align: justify\">Portanto, a <strong>alternativa C<\/strong> est\u00e1 correta e \u00e9 o gabarito da quest\u00e3o.<\/p>\n<p>&#8212;<\/p>\n<p style=\"text-align: justify\"><strong>(Q50\/TRE-RJ\/CONSULPLAN) <\/strong>A Lei n\u00ba 9.504, de 30 de setembro de 1997, regula, dentre outros temas, as Conven\u00e7\u00f5es para a escolha dos candidatos. Sobre o citado tema, estatui a referida norma que a escolha dos candidatos pelos partidos e a delibera\u00e7\u00e3o sobre coliga\u00e7\u00f5es dever\u00e3o ser feitas no per\u00edodo de __________________ do ano em que se realizarem as elei\u00e7\u00f5es, lavrando-se a respectiva ata em livro aberto, rubricado pela Justi\u00e7a Eleitoral, publicada em vinte e quatro horas em qualquer meio de comunica\u00e7\u00e3o. Assinale alternativa que completa corretamente a afirmativa anterior.<\/p>\n<p style=\"text-align: justify\">A) 10 a 4 de junho<\/p>\n<p style=\"text-align: justify\">B) 12 a 30 de junho<\/p>\n<p style=\"text-align: justify\">C) 5 de junho a 10 de julho<\/p>\n<p style=\"text-align: justify\">D) 20 de julho a 5 de agosto<\/p>\n<p style=\"text-align: justify\"><strong>Coment\u00e1rios<\/strong><\/p>\n<p style=\"text-align: justify\">Quest\u00e3o f\u00e1cil que cobra o prazo do art. 8\u00ba, da Lei das Elei\u00e7\u00f5es, que prev\u00ea quando \u00e9 poss\u00edvel as Conven\u00e7\u00f5es Partid\u00e1rias. Vejamos o dispositivo:<\/p>\n<blockquote>\n<p style=\"text-align: justify\">Art. 8\u00ba A escolha dos candidatos pelos partidos e a delibera\u00e7\u00e3o sobre coliga\u00e7\u00f5es dever\u00e3o ser feitas no per\u00edodo de <strong>20 de julho a 5 de agosto<\/strong> do ano em que se realizarem as elei\u00e7\u00f5es, lavrando-se a respectiva ata em livro aberto, rubricado pela Justi\u00e7a Eleitoral, publicada em vinte e quatro horas em qualquer meio de comunica\u00e7\u00e3o.<\/p>\n<\/blockquote>\n<p style=\"text-align: justify\">Dessa forma, a <strong>alternativa D<\/strong> est\u00e1 correta e \u00e9 o gabarito da quest\u00e3o.<\/p>\n<p>&#8212;<\/p>\n<p>Finalizamos, assim, as quest\u00f5es de Direito Eleitoral aplicadas para o cargo de T\u00e9cnico Judici\u00e1rio (\u00e1reas administrativa).<\/p>\n<p>Forte abra\u00e7o e boa sorte!<\/p>\n<p>Prof. Ricardo Torques<\/p>\n<p><a href=\"https:\/\/www.facebook.com\/eleitoralparaconcurso\/\">https:\/\/www.facebook.com\/eleitoralparaconcurso\/<\/a><\/p>\n","protected":false},"excerpt":{"rendered":"<p>Ol\u00e1 pessoal, neste artigo vamos corrigir as quest\u00f5es de Direito Eleitoral aplicadas na prova desta manh\u00e3 (26\/11) pela CONSULPLAN no concurso do TRE-RJ. H\u00e1 quest\u00f5es f\u00e1ceis e quest\u00f5es complexas, conforme voc\u00eas ver\u00e3o! Antes, deixo aqui a minha p\u00e1gina do Facebook de Direito Eleitoral: https:\/\/www.facebook.com\/eleitoralparaconcurso\/ Lembro que corrigiremos a Prova Verde, Tipo 2. Fa\u00e7a a correspond\u00eancia [&hellip;]<\/p>\n","protected":false},"author":180,"featured_media":96720,"comment_status":"open","ping_status":"closed","sticky":false,"template":"","format":"standard","meta":{"post_tipo":"article","footnotes":""},"categories":[1],"tags":[528,1245,2423],"tax_estado":[],"class_list":["post-96716","post","type-post","status-publish","format-standard","has-post-thumbnail","hentry","category-cursos-e-concursos","tag-direito-eleitoral","tag-gabarito-extraoficial","tag-tre-rj"],"acf":[],"yoast_head":"<!-- This site is optimized with the Yoast SEO Premium plugin v27.2 (Yoast SEO v27.2) - https:\/\/yoast.com\/product\/yoast-seo-premium-wordpress\/ -->\n<title>Gabarito Extraoficial - Direito Eleitoral TRE-RJ<\/title>\n<meta name=\"robots\" content=\"index, follow, max-snippet:-1, max-image-preview:large, max-video-preview:-1\" \/>\n<link rel=\"canonical\" href=\"https:\/\/www.estrategiaconcursos.com.br\/blog\/gabarito-extraoficial-direito-eleitoral-tre-rj\/\" \/>\n<meta property=\"og:locale\" content=\"pt_BR\" \/>\n<meta property=\"og:type\" content=\"article\" \/>\n<meta property=\"og:title\" content=\"Gabarito Extraoficial - Direito Eleitoral TRE-RJ\" \/>\n<meta property=\"og:description\" content=\"Ol\u00e1 pessoal, neste artigo vamos corrigir as quest\u00f5es de Direito Eleitoral aplicadas na prova desta manh\u00e3 (26\/11) pela CONSULPLAN no concurso do TRE-RJ. H\u00e1 quest\u00f5es f\u00e1ceis e quest\u00f5es complexas, conforme voc\u00eas ver\u00e3o! Antes, deixo aqui a minha p\u00e1gina do Facebook de Direito Eleitoral: https:\/\/www.facebook.com\/eleitoralparaconcurso\/ Lembro que corrigiremos a Prova Verde, Tipo 2. Fa\u00e7a a correspond\u00eancia [&hellip;]\" \/>\n<meta property=\"og:url\" content=\"https:\/\/www.estrategiaconcursos.com.br\/blog\/gabarito-extraoficial-direito-eleitoral-tre-rj\/\" \/>\n<meta property=\"og:site_name\" content=\"Estrat\u00e9gia Concursos\" \/>\n<meta property=\"article:author\" content=\"https:\/\/www.facebook.com\/ricardo.s.torques\" \/>\n<meta property=\"article:published_time\" content=\"2017-11-26T17:30:00+00:00\" \/>\n<meta property=\"article:modified_time\" content=\"2017-11-27T00:09:38+00:00\" \/>\n<meta property=\"og:image\" content=\"https:\/\/dhg1h5j42swfq.cloudfront.net\/2017\/11\/26142902\/revis%C3%A3oprocesso-civil-1.png\" \/>\n\t<meta property=\"og:image:width\" content=\"1080\" \/>\n\t<meta property=\"og:image:height\" content=\"1080\" \/>\n\t<meta property=\"og:image:type\" content=\"image\/png\" \/>\n<meta name=\"author\" content=\"Ricardo Torques\" \/>\n<meta name=\"twitter:card\" content=\"summary_large_image\" \/>\n<meta name=\"twitter:creator\" content=\"@EstratConcursos\" \/>\n<meta name=\"twitter:site\" content=\"@EstratConcursos\" \/>\n<meta name=\"twitter:label1\" content=\"Escrito por\" \/>\n\t<meta name=\"twitter:data1\" content=\"Ricardo Torques\" \/>\n\t<meta name=\"twitter:label2\" content=\"Est. tempo de leitura\" \/>\n\t<meta name=\"twitter:data2\" content=\"28 minutos\" \/>\n<script type=\"application\/ld+json\" class=\"yoast-schema-graph\">{\"@context\":\"https:\/\/schema.org\",\"@graph\":[{\"@type\":\"NewsArticle\",\"@id\":\"https:\/\/www.estrategiaconcursos.com.br\/blog\/gabarito-extraoficial-direito-eleitoral-tre-rj\/#article\",\"isPartOf\":{\"@id\":\"https:\/\/www.estrategiaconcursos.com.br\/blog\/gabarito-extraoficial-direito-eleitoral-tre-rj\/\"},\"author\":{\"name\":\"Ricardo Torques\",\"@id\":\"https:\/\/www.estrategiaconcursos.com.br\/blog\/#\/schema\/person\/aa39cf5ddb518e5bdce27c35788405e2\"},\"headline\":\"Gabarito Extraoficial &#8211; Direito Eleitoral TRE-RJ\",\"datePublished\":\"2017-11-26T17:30:00+00:00\",\"dateModified\":\"2017-11-27T00:09:38+00:00\",\"mainEntityOfPage\":{\"@id\":\"https:\/\/www.estrategiaconcursos.com.br\/blog\/gabarito-extraoficial-direito-eleitoral-tre-rj\/\"},\"wordCount\":5513,\"commentCount\":1,\"publisher\":{\"@id\":\"https:\/\/www.estrategiaconcursos.com.br\/blog\/#organization\"},\"image\":{\"@id\":\"https:\/\/www.estrategiaconcursos.com.br\/blog\/gabarito-extraoficial-direito-eleitoral-tre-rj\/#primaryimage\"},\"thumbnailUrl\":\"https:\/\/dhg1h5j42swfq.cloudfront.net\/2017\/11\/26142902\/revis%C3%A3oprocesso-civil-1.png\",\"keywords\":[\"Direito Eleitoral\",\"Gabarito Extraoficial\",\"TRE RJ\"],\"articleSection\":[\"Concursos P\u00fablicos\"],\"inLanguage\":\"pt-BR\",\"potentialAction\":[{\"@type\":\"CommentAction\",\"name\":\"Comment\",\"target\":[\"https:\/\/www.estrategiaconcursos.com.br\/blog\/gabarito-extraoficial-direito-eleitoral-tre-rj\/#respond\"]}],\"copyrightYear\":\"2017\",\"copyrightHolder\":{\"@id\":\"https:\/\/www.estrategiaconcursos.com.br\/blog\/#organization\"}},{\"@type\":\"WebPage\",\"@id\":\"https:\/\/www.estrategiaconcursos.com.br\/blog\/gabarito-extraoficial-direito-eleitoral-tre-rj\/\",\"url\":\"https:\/\/www.estrategiaconcursos.com.br\/blog\/gabarito-extraoficial-direito-eleitoral-tre-rj\/\",\"name\":\"Gabarito Extraoficial - Direito Eleitoral TRE-RJ\",\"isPartOf\":{\"@id\":\"https:\/\/www.estrategiaconcursos.com.br\/blog\/#website\"},\"primaryImageOfPage\":{\"@id\":\"https:\/\/www.estrategiaconcursos.com.br\/blog\/gabarito-extraoficial-direito-eleitoral-tre-rj\/#primaryimage\"},\"image\":{\"@id\":\"https:\/\/www.estrategiaconcursos.com.br\/blog\/gabarito-extraoficial-direito-eleitoral-tre-rj\/#primaryimage\"},\"thumbnailUrl\":\"https:\/\/dhg1h5j42swfq.cloudfront.net\/2017\/11\/26142902\/revis%C3%A3oprocesso-civil-1.png\",\"datePublished\":\"2017-11-26T17:30:00+00:00\",\"dateModified\":\"2017-11-27T00:09:38+00:00\",\"breadcrumb\":{\"@id\":\"https:\/\/www.estrategiaconcursos.com.br\/blog\/gabarito-extraoficial-direito-eleitoral-tre-rj\/#breadcrumb\"},\"inLanguage\":\"pt-BR\",\"potentialAction\":[{\"@type\":\"ReadAction\",\"target\":[\"https:\/\/www.estrategiaconcursos.com.br\/blog\/gabarito-extraoficial-direito-eleitoral-tre-rj\/\"]}]},{\"@type\":\"ImageObject\",\"inLanguage\":\"pt-BR\",\"@id\":\"https:\/\/www.estrategiaconcursos.com.br\/blog\/gabarito-extraoficial-direito-eleitoral-tre-rj\/#primaryimage\",\"url\":\"https:\/\/dhg1h5j42swfq.cloudfront.net\/2017\/11\/26142902\/revis%C3%A3oprocesso-civil-1.png\",\"contentUrl\":\"https:\/\/dhg1h5j42swfq.cloudfront.net\/2017\/11\/26142902\/revis%C3%A3oprocesso-civil-1.png\",\"width\":1080,\"height\":1080},{\"@type\":\"BreadcrumbList\",\"@id\":\"https:\/\/www.estrategiaconcursos.com.br\/blog\/gabarito-extraoficial-direito-eleitoral-tre-rj\/#breadcrumb\",\"itemListElement\":[{\"@type\":\"ListItem\",\"position\":1,\"name\":\"In\u00edcio\",\"item\":\"https:\/\/www.estrategiaconcursos.com.br\/blog\/\"},{\"@type\":\"ListItem\",\"position\":2,\"name\":\"Gabarito Extraoficial &#8211; Direito Eleitoral TRE-RJ\"}]},{\"@type\":\"WebSite\",\"@id\":\"https:\/\/www.estrategiaconcursos.com.br\/blog\/#website\",\"url\":\"https:\/\/www.estrategiaconcursos.com.br\/blog\/\",\"name\":\"Estrat\u00e9gia Concursos\",\"description\":\"O blog da Estrat\u00e9gia Concursos traz not\u00edcias sobre concursos e artigos de professores oferecendo cursos para concursos (pdf + videaulas) no site.\",\"publisher\":{\"@id\":\"https:\/\/www.estrategiaconcursos.com.br\/blog\/#organization\"},\"potentialAction\":[{\"@type\":\"SearchAction\",\"target\":{\"@type\":\"EntryPoint\",\"urlTemplate\":\"https:\/\/www.estrategiaconcursos.com.br\/blog\/?s={search_term_string}\"},\"query-input\":{\"@type\":\"PropertyValueSpecification\",\"valueRequired\":true,\"valueName\":\"search_term_string\"}}],\"inLanguage\":\"pt-BR\"},{\"@type\":\"Organization\",\"@id\":\"https:\/\/www.estrategiaconcursos.com.br\/blog\/#organization\",\"name\":\"Estrat\u00e9gia Concursos\",\"url\":\"https:\/\/www.estrategiaconcursos.com.br\/blog\/\",\"logo\":{\"@type\":\"ImageObject\",\"inLanguage\":\"pt-BR\",\"@id\":\"https:\/\/www.estrategiaconcursos.com.br\/blog\/#\/schema\/logo\/image\/\",\"url\":\"https:\/\/dhg1h5j42swfq.cloudfront.net\/2025\/06\/03203428\/logo_concursos-1.jpg\",\"contentUrl\":\"https:\/\/dhg1h5j42swfq.cloudfront.net\/2025\/06\/03203428\/logo_concursos-1.jpg\",\"width\":230,\"height\":60,\"caption\":\"Estrat\u00e9gia Concursos\"},\"image\":{\"@id\":\"https:\/\/www.estrategiaconcursos.com.br\/blog\/#\/schema\/logo\/image\/\"},\"sameAs\":[\"https:\/\/x.com\/EstratConcursos\"]},{\"@type\":\"Person\",\"@id\":\"https:\/\/www.estrategiaconcursos.com.br\/blog\/#\/schema\/person\/aa39cf5ddb518e5bdce27c35788405e2\",\"name\":\"Ricardo Torques\",\"image\":{\"@type\":\"ImageObject\",\"inLanguage\":\"pt-BR\",\"@id\":\"https:\/\/secure.gravatar.com\/avatar\/ce9ac6c3cff25fe86d15ed568ebc64d1724baf5c0693133bcb1f6073f712f92a?s=96&d=mm&r=g\",\"url\":\"https:\/\/secure.gravatar.com\/avatar\/ce9ac6c3cff25fe86d15ed568ebc64d1724baf5c0693133bcb1f6073f712f92a?s=96&d=mm&r=g\",\"contentUrl\":\"https:\/\/secure.gravatar.com\/avatar\/ce9ac6c3cff25fe86d15ed568ebc64d1724baf5c0693133bcb1f6073f712f92a?s=96&d=mm&r=g\",\"caption\":\"Ricardo Torques\"},\"sameAs\":[\"https:\/\/www.facebook.com\/ricardo.s.torques\"],\"url\":\"https:\/\/www.estrategiaconcursos.com.br\/blog\/author\/ricardotorquesestrategiaconcursos-com-br\/\"}]}<\/script>\n<!-- \/ Yoast SEO Premium plugin. -->","yoast_head_json":{"title":"Gabarito Extraoficial - Direito Eleitoral TRE-RJ","robots":{"index":"index","follow":"follow","max-snippet":"max-snippet:-1","max-image-preview":"max-image-preview:large","max-video-preview":"max-video-preview:-1"},"canonical":"https:\/\/www.estrategiaconcursos.com.br\/blog\/gabarito-extraoficial-direito-eleitoral-tre-rj\/","og_locale":"pt_BR","og_type":"article","og_title":"Gabarito Extraoficial - Direito Eleitoral TRE-RJ","og_description":"Ol\u00e1 pessoal, neste artigo vamos corrigir as quest\u00f5es de Direito Eleitoral aplicadas na prova desta manh\u00e3 (26\/11) pela CONSULPLAN no concurso do TRE-RJ. H\u00e1 quest\u00f5es f\u00e1ceis e quest\u00f5es complexas, conforme voc\u00eas ver\u00e3o! Antes, deixo aqui a minha p\u00e1gina do Facebook de Direito Eleitoral: https:\/\/www.facebook.com\/eleitoralparaconcurso\/ Lembro que corrigiremos a Prova Verde, Tipo 2. Fa\u00e7a a correspond\u00eancia [&hellip;]","og_url":"https:\/\/www.estrategiaconcursos.com.br\/blog\/gabarito-extraoficial-direito-eleitoral-tre-rj\/","og_site_name":"Estrat\u00e9gia Concursos","article_author":"https:\/\/www.facebook.com\/ricardo.s.torques","article_published_time":"2017-11-26T17:30:00+00:00","article_modified_time":"2017-11-27T00:09:38+00:00","og_image":[{"width":1080,"height":1080,"url":"https:\/\/dhg1h5j42swfq.cloudfront.net\/2017\/11\/26142902\/revis%C3%A3oprocesso-civil-1.png","type":"image\/png"}],"author":"Ricardo Torques","twitter_card":"summary_large_image","twitter_creator":"@EstratConcursos","twitter_site":"@EstratConcursos","twitter_misc":{"Escrito por":"Ricardo Torques","Est. tempo de leitura":"28 minutos"},"schema":{"@context":"https:\/\/schema.org","@graph":[{"@type":"NewsArticle","@id":"https:\/\/www.estrategiaconcursos.com.br\/blog\/gabarito-extraoficial-direito-eleitoral-tre-rj\/#article","isPartOf":{"@id":"https:\/\/www.estrategiaconcursos.com.br\/blog\/gabarito-extraoficial-direito-eleitoral-tre-rj\/"},"author":{"name":"Ricardo Torques","@id":"https:\/\/www.estrategiaconcursos.com.br\/blog\/#\/schema\/person\/aa39cf5ddb518e5bdce27c35788405e2"},"headline":"Gabarito Extraoficial &#8211; Direito Eleitoral TRE-RJ","datePublished":"2017-11-26T17:30:00+00:00","dateModified":"2017-11-27T00:09:38+00:00","mainEntityOfPage":{"@id":"https:\/\/www.estrategiaconcursos.com.br\/blog\/gabarito-extraoficial-direito-eleitoral-tre-rj\/"},"wordCount":5513,"commentCount":1,"publisher":{"@id":"https:\/\/www.estrategiaconcursos.com.br\/blog\/#organization"},"image":{"@id":"https:\/\/www.estrategiaconcursos.com.br\/blog\/gabarito-extraoficial-direito-eleitoral-tre-rj\/#primaryimage"},"thumbnailUrl":"https:\/\/dhg1h5j42swfq.cloudfront.net\/2017\/11\/26142902\/revis%C3%A3oprocesso-civil-1.png","keywords":["Direito Eleitoral","Gabarito Extraoficial","TRE RJ"],"articleSection":["Concursos P\u00fablicos"],"inLanguage":"pt-BR","potentialAction":[{"@type":"CommentAction","name":"Comment","target":["https:\/\/www.estrategiaconcursos.com.br\/blog\/gabarito-extraoficial-direito-eleitoral-tre-rj\/#respond"]}],"copyrightYear":"2017","copyrightHolder":{"@id":"https:\/\/www.estrategiaconcursos.com.br\/blog\/#organization"}},{"@type":"WebPage","@id":"https:\/\/www.estrategiaconcursos.com.br\/blog\/gabarito-extraoficial-direito-eleitoral-tre-rj\/","url":"https:\/\/www.estrategiaconcursos.com.br\/blog\/gabarito-extraoficial-direito-eleitoral-tre-rj\/","name":"Gabarito Extraoficial - Direito Eleitoral TRE-RJ","isPartOf":{"@id":"https:\/\/www.estrategiaconcursos.com.br\/blog\/#website"},"primaryImageOfPage":{"@id":"https:\/\/www.estrategiaconcursos.com.br\/blog\/gabarito-extraoficial-direito-eleitoral-tre-rj\/#primaryimage"},"image":{"@id":"https:\/\/www.estrategiaconcursos.com.br\/blog\/gabarito-extraoficial-direito-eleitoral-tre-rj\/#primaryimage"},"thumbnailUrl":"https:\/\/dhg1h5j42swfq.cloudfront.net\/2017\/11\/26142902\/revis%C3%A3oprocesso-civil-1.png","datePublished":"2017-11-26T17:30:00+00:00","dateModified":"2017-11-27T00:09:38+00:00","breadcrumb":{"@id":"https:\/\/www.estrategiaconcursos.com.br\/blog\/gabarito-extraoficial-direito-eleitoral-tre-rj\/#breadcrumb"},"inLanguage":"pt-BR","potentialAction":[{"@type":"ReadAction","target":["https:\/\/www.estrategiaconcursos.com.br\/blog\/gabarito-extraoficial-direito-eleitoral-tre-rj\/"]}]},{"@type":"ImageObject","inLanguage":"pt-BR","@id":"https:\/\/www.estrategiaconcursos.com.br\/blog\/gabarito-extraoficial-direito-eleitoral-tre-rj\/#primaryimage","url":"https:\/\/dhg1h5j42swfq.cloudfront.net\/2017\/11\/26142902\/revis%C3%A3oprocesso-civil-1.png","contentUrl":"https:\/\/dhg1h5j42swfq.cloudfront.net\/2017\/11\/26142902\/revis%C3%A3oprocesso-civil-1.png","width":1080,"height":1080},{"@type":"BreadcrumbList","@id":"https:\/\/www.estrategiaconcursos.com.br\/blog\/gabarito-extraoficial-direito-eleitoral-tre-rj\/#breadcrumb","itemListElement":[{"@type":"ListItem","position":1,"name":"In\u00edcio","item":"https:\/\/www.estrategiaconcursos.com.br\/blog\/"},{"@type":"ListItem","position":2,"name":"Gabarito Extraoficial &#8211; Direito Eleitoral TRE-RJ"}]},{"@type":"WebSite","@id":"https:\/\/www.estrategiaconcursos.com.br\/blog\/#website","url":"https:\/\/www.estrategiaconcursos.com.br\/blog\/","name":"Estrat\u00e9gia Concursos","description":"O blog da Estrat\u00e9gia Concursos traz not\u00edcias sobre concursos e artigos de professores oferecendo cursos para concursos (pdf + videaulas) no site.","publisher":{"@id":"https:\/\/www.estrategiaconcursos.com.br\/blog\/#organization"},"potentialAction":[{"@type":"SearchAction","target":{"@type":"EntryPoint","urlTemplate":"https:\/\/www.estrategiaconcursos.com.br\/blog\/?s={search_term_string}"},"query-input":{"@type":"PropertyValueSpecification","valueRequired":true,"valueName":"search_term_string"}}],"inLanguage":"pt-BR"},{"@type":"Organization","@id":"https:\/\/www.estrategiaconcursos.com.br\/blog\/#organization","name":"Estrat\u00e9gia Concursos","url":"https:\/\/www.estrategiaconcursos.com.br\/blog\/","logo":{"@type":"ImageObject","inLanguage":"pt-BR","@id":"https:\/\/www.estrategiaconcursos.com.br\/blog\/#\/schema\/logo\/image\/","url":"https:\/\/dhg1h5j42swfq.cloudfront.net\/2025\/06\/03203428\/logo_concursos-1.jpg","contentUrl":"https:\/\/dhg1h5j42swfq.cloudfront.net\/2025\/06\/03203428\/logo_concursos-1.jpg","width":230,"height":60,"caption":"Estrat\u00e9gia Concursos"},"image":{"@id":"https:\/\/www.estrategiaconcursos.com.br\/blog\/#\/schema\/logo\/image\/"},"sameAs":["https:\/\/x.com\/EstratConcursos"]},{"@type":"Person","@id":"https:\/\/www.estrategiaconcursos.com.br\/blog\/#\/schema\/person\/aa39cf5ddb518e5bdce27c35788405e2","name":"Ricardo Torques","image":{"@type":"ImageObject","inLanguage":"pt-BR","@id":"https:\/\/secure.gravatar.com\/avatar\/ce9ac6c3cff25fe86d15ed568ebc64d1724baf5c0693133bcb1f6073f712f92a?s=96&d=mm&r=g","url":"https:\/\/secure.gravatar.com\/avatar\/ce9ac6c3cff25fe86d15ed568ebc64d1724baf5c0693133bcb1f6073f712f92a?s=96&d=mm&r=g","contentUrl":"https:\/\/secure.gravatar.com\/avatar\/ce9ac6c3cff25fe86d15ed568ebc64d1724baf5c0693133bcb1f6073f712f92a?s=96&d=mm&r=g","caption":"Ricardo Torques"},"sameAs":["https:\/\/www.facebook.com\/ricardo.s.torques"],"url":"https:\/\/www.estrategiaconcursos.com.br\/blog\/author\/ricardotorquesestrategiaconcursos-com-br\/"}]}},"_links":{"self":[{"href":"https:\/\/www.estrategiaconcursos.com.br\/blog\/wp-json\/wp\/v2\/posts\/96716","targetHints":{"allow":["GET"]}}],"collection":[{"href":"https:\/\/www.estrategiaconcursos.com.br\/blog\/wp-json\/wp\/v2\/posts"}],"about":[{"href":"https:\/\/www.estrategiaconcursos.com.br\/blog\/wp-json\/wp\/v2\/types\/post"}],"author":[{"embeddable":true,"href":"https:\/\/www.estrategiaconcursos.com.br\/blog\/wp-json\/wp\/v2\/users\/180"}],"replies":[{"embeddable":true,"href":"https:\/\/www.estrategiaconcursos.com.br\/blog\/wp-json\/wp\/v2\/comments?post=96716"}],"version-history":[{"count":4,"href":"https:\/\/www.estrategiaconcursos.com.br\/blog\/wp-json\/wp\/v2\/posts\/96716\/revisions"}],"predecessor-version":[{"id":97094,"href":"https:\/\/www.estrategiaconcursos.com.br\/blog\/wp-json\/wp\/v2\/posts\/96716\/revisions\/97094"}],"wp:featuredmedia":[{"embeddable":true,"href":"https:\/\/www.estrategiaconcursos.com.br\/blog\/wp-json\/wp\/v2\/media\/96720"}],"wp:attachment":[{"href":"https:\/\/www.estrategiaconcursos.com.br\/blog\/wp-json\/wp\/v2\/media?parent=96716"}],"wp:term":[{"taxonomy":"category","embeddable":true,"href":"https:\/\/www.estrategiaconcursos.com.br\/blog\/wp-json\/wp\/v2\/categories?post=96716"},{"taxonomy":"post_tag","embeddable":true,"href":"https:\/\/www.estrategiaconcursos.com.br\/blog\/wp-json\/wp\/v2\/tags?post=96716"},{"taxonomy":"tax_estado","embeddable":true,"href":"https:\/\/www.estrategiaconcursos.com.br\/blog\/wp-json\/wp\/v2\/tax_estado?post=96716"}],"curies":[{"name":"wp","href":"https:\/\/api.w.org\/{rel}","templated":true}]}}