{"id":96708,"date":"2017-11-26T14:21:38","date_gmt":"2017-11-26T17:21:38","guid":{"rendered":"https:\/\/www.estrategiaconcursos.com.br\/blog\/?p=96708"},"modified":"2017-11-26T14:21:38","modified_gmt":"2017-11-26T17:21:38","slug":"codigo-de-etica-do-tre-rj-gabarito-extraoficial","status":"publish","type":"post","link":"https:\/\/www.estrategiaconcursos.com.br\/blog\/codigo-de-etica-do-tre-rj-gabarito-extraoficial\/","title":{"rendered":"C\u00f3digo de \u00c9tica do TRE-RJ &#8211; Gabarito Extraoficial"},"content":{"rendered":"<p>Oi pessoal!<\/p>\n<p style=\"text-align: justify\">Na prova do TRE RJ caiu apenas uma quest\u00e3o sobre o C\u00f3digo de \u00c9tica, como j\u00e1 hav\u00edamos previsto. Foi a quest\u00e3o 17, que foi a mesma aplicada para Analista Judici\u00e1rio \u2013 \u00c1rea Judici\u00e1ria e \u00c1rea Administrativa.<\/p>\n<p style=\"text-align: justify\">Como eu tamb\u00e9m havia previsto, a quest\u00e3o foi sobre o <strong><span style=\"color: #ff0000\">Conselho Permanente de \u00c9tica<\/span><\/strong>&#8230;! :)<\/p>\n<p><img loading=\"lazy\" decoding=\"async\" class=\"alignnone size-full wp-image-96710\" src=\"https:\/\/dhg1h5j42swfq.cloudfront.net\/2017\/11\/26141743\/Quest%C3%A3o-17.png\" alt=\"\" width=\"885\" height=\"229\" srcset=\"https:\/\/dhg1h5j42swfq.cloudfront.net\/2017\/11\/26141743\/Quest%C3%A3o-17.png 885w, https:\/\/dhg1h5j42swfq.cloudfront.net\/2017\/11\/26141743\/Quest%C3%A3o-17.png 300w, https:\/\/dhg1h5j42swfq.cloudfront.net\/2017\/11\/26141743\/Quest%C3%A3o-17.png 768w, https:\/\/dhg1h5j42swfq.cloudfront.net\/2017\/11\/26141743\/Quest%C3%A3o-17.png 610w\" sizes=\"auto, (max-width: 885px) 100vw, 885px\" \/><\/p>\n<p>Antes de comentar as alternativas, perceba que a banca cometeu um ato falho aqui, chamando o TRE e Tribunal Regional Federal (e n\u00e3o Eleitoral) do Rio de Janeiro. Caso voc\u00ea tenha errado a quest\u00e3o, \u00e9 poss\u00edvel recorrer com base nisso, mas <strong>considero muito dif\u00edcil uma anula\u00e7\u00e3o com base nisso<\/strong>.<\/p>\n<p style=\"text-align: justify\">Agora vamos \u00e0 an\u00e1lise das alternativas.<\/p>\n<p style=\"text-align: justify\">A <strong>alternativa A<\/strong> est\u00e1 correta e \u00e9 a nossa resposta. De acordo com o art. 12, \u00a73<sup>o<\/sup>, o Conselho ser\u00e1 presidido pelo magistrado e escolher\u00e1 o vice-presidente e secret\u00e1rio na primeira reuni\u00e3o anual.<\/p>\n<p style=\"text-align: justify\">A <strong>alternativa B<\/strong> est\u00e1 incorreta. De acordo com o art. 11, \u00a71<sup>o<\/sup>, os mandatos dos membros do Conselho ser\u00e3o renovados alternadamente, por um ter\u00e7o em anos pares e dois ter\u00e7os em anos \u00edmpares.<\/p>\n<p style=\"text-align: justify\">A <strong>alternativa C<\/strong> est\u00e1 incorreta. Em regra, os integrantes do Conselho Permanente de \u00c9tica desempenhar\u00e3o suas atribui\u00e7\u00f5es, acumulando-as com as de seus respectivos cargos ou fun\u00e7\u00f5es, nos termos do art. 12.<\/p>\n<p style=\"text-align: justify\">A <strong>alternativa D<\/strong> est\u00e1 incorreta. De acordo com o art. 11, o Conselho \u00e9 composto por dois magistrados eleitorais, um titular e um suplente, eleitos pelo Plen\u00e1rio do Tribunal, al\u00e9m de dois servidores titulares e dois suplentes, eleitos diretamente pelos servidores dentre aqueles ocupantes de cargos efetivos da Justi\u00e7a Eleitoral, est\u00e1veis e em exerc\u00edcio no TRE-RJ.<\/p>\n<p style=\"text-align: justify\">N\u00e3o deixe de me seguir l\u00e1 no instagram (<a href=\"https:\/\/www.instagram.com\/profpauloguimaraes\/\" target=\"_blank\" rel=\"noopener\">@profpauloguimaraes<\/a>). Se tiver alguma d\u00favida pode deixar aqui nos coment\u00e1rios ou me mandar por l\u00e1!<\/p>\n<p>Grande abra\u00e7o e sucesso!<\/p>\n<p>Prof. Paulo Guimar\u00e3es<\/p>\n","protected":false},"excerpt":{"rendered":"<p>Oi pessoal! Na prova do TRE RJ caiu apenas uma quest\u00e3o sobre o C\u00f3digo de \u00c9tica, como j\u00e1 hav\u00edamos previsto. Foi a quest\u00e3o 17, que foi a mesma aplicada para Analista Judici\u00e1rio \u2013 \u00c1rea Judici\u00e1ria e \u00c1rea Administrativa. Como eu tamb\u00e9m havia previsto, a quest\u00e3o foi sobre o Conselho Permanente de \u00c9tica&#8230;! :) Antes de [&hellip;]<\/p>\n","protected":false},"author":99,"featured_media":0,"comment_status":"open","ping_status":"closed","sticky":false,"template":"","format":"standard","meta":{"post_tipo":"article","footnotes":""},"categories":[1],"tags":[],"tax_estado":[],"class_list":["post-96708","post","type-post","status-publish","format-standard","hentry","category-cursos-e-concursos"],"acf":[],"yoast_head":"<!-- This site is optimized with the Yoast SEO Premium plugin v27.2 (Yoast SEO v27.2) - https:\/\/yoast.com\/product\/yoast-seo-premium-wordpress\/ -->\n<title>C\u00f3digo de \u00c9tica do TRE-RJ - Gabarito Extraoficial<\/title>\n<meta name=\"robots\" content=\"index, follow, max-snippet:-1, max-image-preview:large, max-video-preview:-1\" \/>\n<link rel=\"canonical\" href=\"https:\/\/www.estrategiaconcursos.com.br\/blog\/codigo-de-etica-do-tre-rj-gabarito-extraoficial\/\" \/>\n<meta property=\"og:locale\" content=\"pt_BR\" \/>\n<meta property=\"og:type\" content=\"article\" \/>\n<meta property=\"og:title\" content=\"C\u00f3digo de \u00c9tica do TRE-RJ - Gabarito Extraoficial\" \/>\n<meta property=\"og:description\" content=\"Oi pessoal! Na prova do TRE RJ caiu apenas uma quest\u00e3o sobre o C\u00f3digo de \u00c9tica, como j\u00e1 hav\u00edamos previsto. Foi a quest\u00e3o 17, que foi a mesma aplicada para Analista Judici\u00e1rio \u2013 \u00c1rea Judici\u00e1ria e \u00c1rea Administrativa. Como eu tamb\u00e9m havia previsto, a quest\u00e3o foi sobre o Conselho Permanente de \u00c9tica&#8230;! :) Antes de [&hellip;]\" \/>\n<meta property=\"og:url\" content=\"https:\/\/www.estrategiaconcursos.com.br\/blog\/codigo-de-etica-do-tre-rj-gabarito-extraoficial\/\" \/>\n<meta property=\"og:site_name\" content=\"Estrat\u00e9gia Concursos\" \/>\n<meta property=\"article:published_time\" content=\"2017-11-26T17:21:38+00:00\" \/>\n<meta name=\"author\" content=\"Paulo Guimar\u00e3es\" \/>\n<meta name=\"twitter:card\" content=\"summary_large_image\" \/>\n<meta name=\"twitter:creator\" content=\"@EstratConcursos\" \/>\n<meta name=\"twitter:site\" content=\"@EstratConcursos\" \/>\n<meta name=\"twitter:label1\" content=\"Escrito por\" \/>\n\t<meta name=\"twitter:data1\" content=\"Paulo Guimar\u00e3es\" \/>\n\t<meta name=\"twitter:label2\" content=\"Est. tempo de leitura\" \/>\n\t<meta name=\"twitter:data2\" content=\"2 minutos\" \/>\n<script type=\"application\/ld+json\" class=\"yoast-schema-graph\">{\"@context\":\"https:\/\/schema.org\",\"@graph\":[{\"@type\":\"NewsArticle\",\"@id\":\"https:\/\/www.estrategiaconcursos.com.br\/blog\/codigo-de-etica-do-tre-rj-gabarito-extraoficial\/#article\",\"isPartOf\":{\"@id\":\"https:\/\/www.estrategiaconcursos.com.br\/blog\/codigo-de-etica-do-tre-rj-gabarito-extraoficial\/\"},\"author\":{\"name\":\"Paulo Guimar\u00e3es\",\"@id\":\"https:\/\/www.estrategiaconcursos.com.br\/blog\/#\/schema\/person\/80ff9f9f52e43a90b6efd99f2869d22b\"},\"headline\":\"C\u00f3digo de \u00c9tica do TRE-RJ &#8211; Gabarito Extraoficial\",\"datePublished\":\"2017-11-26T17:21:38+00:00\",\"mainEntityOfPage\":{\"@id\":\"https:\/\/www.estrategiaconcursos.com.br\/blog\/codigo-de-etica-do-tre-rj-gabarito-extraoficial\/\"},\"wordCount\":321,\"commentCount\":0,\"publisher\":{\"@id\":\"https:\/\/www.estrategiaconcursos.com.br\/blog\/#organization\"},\"articleSection\":[\"Concursos P\u00fablicos\"],\"inLanguage\":\"pt-BR\",\"potentialAction\":[{\"@type\":\"CommentAction\",\"name\":\"Comment\",\"target\":[\"https:\/\/www.estrategiaconcursos.com.br\/blog\/codigo-de-etica-do-tre-rj-gabarito-extraoficial\/#respond\"]}],\"copyrightYear\":\"2017\",\"copyrightHolder\":{\"@id\":\"https:\/\/www.estrategiaconcursos.com.br\/blog\/#organization\"}},{\"@type\":\"WebPage\",\"@id\":\"https:\/\/www.estrategiaconcursos.com.br\/blog\/codigo-de-etica-do-tre-rj-gabarito-extraoficial\/\",\"url\":\"https:\/\/www.estrategiaconcursos.com.br\/blog\/codigo-de-etica-do-tre-rj-gabarito-extraoficial\/\",\"name\":\"C\u00f3digo de \u00c9tica do TRE-RJ - Gabarito Extraoficial\",\"isPartOf\":{\"@id\":\"https:\/\/www.estrategiaconcursos.com.br\/blog\/#website\"},\"datePublished\":\"2017-11-26T17:21:38+00:00\",\"breadcrumb\":{\"@id\":\"https:\/\/www.estrategiaconcursos.com.br\/blog\/codigo-de-etica-do-tre-rj-gabarito-extraoficial\/#breadcrumb\"},\"inLanguage\":\"pt-BR\",\"potentialAction\":[{\"@type\":\"ReadAction\",\"target\":[\"https:\/\/www.estrategiaconcursos.com.br\/blog\/codigo-de-etica-do-tre-rj-gabarito-extraoficial\/\"]}]},{\"@type\":\"BreadcrumbList\",\"@id\":\"https:\/\/www.estrategiaconcursos.com.br\/blog\/codigo-de-etica-do-tre-rj-gabarito-extraoficial\/#breadcrumb\",\"itemListElement\":[{\"@type\":\"ListItem\",\"position\":1,\"name\":\"In\u00edcio\",\"item\":\"https:\/\/www.estrategiaconcursos.com.br\/blog\/\"},{\"@type\":\"ListItem\",\"position\":2,\"name\":\"C\u00f3digo de \u00c9tica do TRE-RJ &#8211; Gabarito Extraoficial\"}]},{\"@type\":\"WebSite\",\"@id\":\"https:\/\/www.estrategiaconcursos.com.br\/blog\/#website\",\"url\":\"https:\/\/www.estrategiaconcursos.com.br\/blog\/\",\"name\":\"Estrat\u00e9gia Concursos\",\"description\":\"O blog da Estrat\u00e9gia Concursos traz not\u00edcias sobre concursos e artigos de professores oferecendo cursos para concursos (pdf + videaulas) no site.\",\"publisher\":{\"@id\":\"https:\/\/www.estrategiaconcursos.com.br\/blog\/#organization\"},\"potentialAction\":[{\"@type\":\"SearchAction\",\"target\":{\"@type\":\"EntryPoint\",\"urlTemplate\":\"https:\/\/www.estrategiaconcursos.com.br\/blog\/?s={search_term_string}\"},\"query-input\":{\"@type\":\"PropertyValueSpecification\",\"valueRequired\":true,\"valueName\":\"search_term_string\"}}],\"inLanguage\":\"pt-BR\"},{\"@type\":\"Organization\",\"@id\":\"https:\/\/www.estrategiaconcursos.com.br\/blog\/#organization\",\"name\":\"Estrat\u00e9gia Concursos\",\"url\":\"https:\/\/www.estrategiaconcursos.com.br\/blog\/\",\"logo\":{\"@type\":\"ImageObject\",\"inLanguage\":\"pt-BR\",\"@id\":\"https:\/\/www.estrategiaconcursos.com.br\/blog\/#\/schema\/logo\/image\/\",\"url\":\"https:\/\/dhg1h5j42swfq.cloudfront.net\/2025\/06\/03203428\/logo_concursos-1.jpg\",\"contentUrl\":\"https:\/\/dhg1h5j42swfq.cloudfront.net\/2025\/06\/03203428\/logo_concursos-1.jpg\",\"width\":230,\"height\":60,\"caption\":\"Estrat\u00e9gia Concursos\"},\"image\":{\"@id\":\"https:\/\/www.estrategiaconcursos.com.br\/blog\/#\/schema\/logo\/image\/\"},\"sameAs\":[\"https:\/\/x.com\/EstratConcursos\"]},{\"@type\":\"Person\",\"@id\":\"https:\/\/www.estrategiaconcursos.com.br\/blog\/#\/schema\/person\/80ff9f9f52e43a90b6efd99f2869d22b\",\"name\":\"Paulo Guimar\u00e3es\",\"image\":{\"@type\":\"ImageObject\",\"inLanguage\":\"pt-BR\",\"@id\":\"https:\/\/secure.gravatar.com\/avatar\/08d24bbaa2d103a1d6aba72ee81baa1680267436588d5d9cfb8d32c3aa4ca278?s=96&d=mm&r=g\",\"url\":\"https:\/\/secure.gravatar.com\/avatar\/08d24bbaa2d103a1d6aba72ee81baa1680267436588d5d9cfb8d32c3aa4ca278?s=96&d=mm&r=g\",\"contentUrl\":\"https:\/\/secure.gravatar.com\/avatar\/08d24bbaa2d103a1d6aba72ee81baa1680267436588d5d9cfb8d32c3aa4ca278?s=96&d=mm&r=g\",\"caption\":\"Paulo Guimar\u00e3es\"},\"url\":\"https:\/\/www.estrategiaconcursos.com.br\/blog\/author\/pauloguimaraesestrategiaconcursos-com-br\/\"}]}<\/script>\n<!-- \/ Yoast SEO Premium plugin. -->","yoast_head_json":{"title":"C\u00f3digo de \u00c9tica do TRE-RJ - Gabarito Extraoficial","robots":{"index":"index","follow":"follow","max-snippet":"max-snippet:-1","max-image-preview":"max-image-preview:large","max-video-preview":"max-video-preview:-1"},"canonical":"https:\/\/www.estrategiaconcursos.com.br\/blog\/codigo-de-etica-do-tre-rj-gabarito-extraoficial\/","og_locale":"pt_BR","og_type":"article","og_title":"C\u00f3digo de \u00c9tica do TRE-RJ - Gabarito Extraoficial","og_description":"Oi pessoal! Na prova do TRE RJ caiu apenas uma quest\u00e3o sobre o C\u00f3digo de \u00c9tica, como j\u00e1 hav\u00edamos previsto. Foi a quest\u00e3o 17, que foi a mesma aplicada para Analista Judici\u00e1rio \u2013 \u00c1rea Judici\u00e1ria e \u00c1rea Administrativa. Como eu tamb\u00e9m havia previsto, a quest\u00e3o foi sobre o Conselho Permanente de \u00c9tica&#8230;! :) Antes de [&hellip;]","og_url":"https:\/\/www.estrategiaconcursos.com.br\/blog\/codigo-de-etica-do-tre-rj-gabarito-extraoficial\/","og_site_name":"Estrat\u00e9gia Concursos","article_published_time":"2017-11-26T17:21:38+00:00","author":"Paulo Guimar\u00e3es","twitter_card":"summary_large_image","twitter_creator":"@EstratConcursos","twitter_site":"@EstratConcursos","twitter_misc":{"Escrito por":"Paulo Guimar\u00e3es","Est. tempo de leitura":"2 minutos"},"schema":{"@context":"https:\/\/schema.org","@graph":[{"@type":"NewsArticle","@id":"https:\/\/www.estrategiaconcursos.com.br\/blog\/codigo-de-etica-do-tre-rj-gabarito-extraoficial\/#article","isPartOf":{"@id":"https:\/\/www.estrategiaconcursos.com.br\/blog\/codigo-de-etica-do-tre-rj-gabarito-extraoficial\/"},"author":{"name":"Paulo Guimar\u00e3es","@id":"https:\/\/www.estrategiaconcursos.com.br\/blog\/#\/schema\/person\/80ff9f9f52e43a90b6efd99f2869d22b"},"headline":"C\u00f3digo de \u00c9tica do TRE-RJ &#8211; Gabarito Extraoficial","datePublished":"2017-11-26T17:21:38+00:00","mainEntityOfPage":{"@id":"https:\/\/www.estrategiaconcursos.com.br\/blog\/codigo-de-etica-do-tre-rj-gabarito-extraoficial\/"},"wordCount":321,"commentCount":0,"publisher":{"@id":"https:\/\/www.estrategiaconcursos.com.br\/blog\/#organization"},"articleSection":["Concursos P\u00fablicos"],"inLanguage":"pt-BR","potentialAction":[{"@type":"CommentAction","name":"Comment","target":["https:\/\/www.estrategiaconcursos.com.br\/blog\/codigo-de-etica-do-tre-rj-gabarito-extraoficial\/#respond"]}],"copyrightYear":"2017","copyrightHolder":{"@id":"https:\/\/www.estrategiaconcursos.com.br\/blog\/#organization"}},{"@type":"WebPage","@id":"https:\/\/www.estrategiaconcursos.com.br\/blog\/codigo-de-etica-do-tre-rj-gabarito-extraoficial\/","url":"https:\/\/www.estrategiaconcursos.com.br\/blog\/codigo-de-etica-do-tre-rj-gabarito-extraoficial\/","name":"C\u00f3digo de \u00c9tica do TRE-RJ - Gabarito Extraoficial","isPartOf":{"@id":"https:\/\/www.estrategiaconcursos.com.br\/blog\/#website"},"datePublished":"2017-11-26T17:21:38+00:00","breadcrumb":{"@id":"https:\/\/www.estrategiaconcursos.com.br\/blog\/codigo-de-etica-do-tre-rj-gabarito-extraoficial\/#breadcrumb"},"inLanguage":"pt-BR","potentialAction":[{"@type":"ReadAction","target":["https:\/\/www.estrategiaconcursos.com.br\/blog\/codigo-de-etica-do-tre-rj-gabarito-extraoficial\/"]}]},{"@type":"BreadcrumbList","@id":"https:\/\/www.estrategiaconcursos.com.br\/blog\/codigo-de-etica-do-tre-rj-gabarito-extraoficial\/#breadcrumb","itemListElement":[{"@type":"ListItem","position":1,"name":"In\u00edcio","item":"https:\/\/www.estrategiaconcursos.com.br\/blog\/"},{"@type":"ListItem","position":2,"name":"C\u00f3digo de \u00c9tica do TRE-RJ &#8211; Gabarito Extraoficial"}]},{"@type":"WebSite","@id":"https:\/\/www.estrategiaconcursos.com.br\/blog\/#website","url":"https:\/\/www.estrategiaconcursos.com.br\/blog\/","name":"Estrat\u00e9gia Concursos","description":"O blog da Estrat\u00e9gia Concursos traz not\u00edcias sobre concursos e artigos de professores oferecendo cursos para concursos (pdf + videaulas) no site.","publisher":{"@id":"https:\/\/www.estrategiaconcursos.com.br\/blog\/#organization"},"potentialAction":[{"@type":"SearchAction","target":{"@type":"EntryPoint","urlTemplate":"https:\/\/www.estrategiaconcursos.com.br\/blog\/?s={search_term_string}"},"query-input":{"@type":"PropertyValueSpecification","valueRequired":true,"valueName":"search_term_string"}}],"inLanguage":"pt-BR"},{"@type":"Organization","@id":"https:\/\/www.estrategiaconcursos.com.br\/blog\/#organization","name":"Estrat\u00e9gia Concursos","url":"https:\/\/www.estrategiaconcursos.com.br\/blog\/","logo":{"@type":"ImageObject","inLanguage":"pt-BR","@id":"https:\/\/www.estrategiaconcursos.com.br\/blog\/#\/schema\/logo\/image\/","url":"https:\/\/dhg1h5j42swfq.cloudfront.net\/2025\/06\/03203428\/logo_concursos-1.jpg","contentUrl":"https:\/\/dhg1h5j42swfq.cloudfront.net\/2025\/06\/03203428\/logo_concursos-1.jpg","width":230,"height":60,"caption":"Estrat\u00e9gia Concursos"},"image":{"@id":"https:\/\/www.estrategiaconcursos.com.br\/blog\/#\/schema\/logo\/image\/"},"sameAs":["https:\/\/x.com\/EstratConcursos"]},{"@type":"Person","@id":"https:\/\/www.estrategiaconcursos.com.br\/blog\/#\/schema\/person\/80ff9f9f52e43a90b6efd99f2869d22b","name":"Paulo Guimar\u00e3es","image":{"@type":"ImageObject","inLanguage":"pt-BR","@id":"https:\/\/secure.gravatar.com\/avatar\/08d24bbaa2d103a1d6aba72ee81baa1680267436588d5d9cfb8d32c3aa4ca278?s=96&d=mm&r=g","url":"https:\/\/secure.gravatar.com\/avatar\/08d24bbaa2d103a1d6aba72ee81baa1680267436588d5d9cfb8d32c3aa4ca278?s=96&d=mm&r=g","contentUrl":"https:\/\/secure.gravatar.com\/avatar\/08d24bbaa2d103a1d6aba72ee81baa1680267436588d5d9cfb8d32c3aa4ca278?s=96&d=mm&r=g","caption":"Paulo Guimar\u00e3es"},"url":"https:\/\/www.estrategiaconcursos.com.br\/blog\/author\/pauloguimaraesestrategiaconcursos-com-br\/"}]}},"_links":{"self":[{"href":"https:\/\/www.estrategiaconcursos.com.br\/blog\/wp-json\/wp\/v2\/posts\/96708","targetHints":{"allow":["GET"]}}],"collection":[{"href":"https:\/\/www.estrategiaconcursos.com.br\/blog\/wp-json\/wp\/v2\/posts"}],"about":[{"href":"https:\/\/www.estrategiaconcursos.com.br\/blog\/wp-json\/wp\/v2\/types\/post"}],"author":[{"embeddable":true,"href":"https:\/\/www.estrategiaconcursos.com.br\/blog\/wp-json\/wp\/v2\/users\/99"}],"replies":[{"embeddable":true,"href":"https:\/\/www.estrategiaconcursos.com.br\/blog\/wp-json\/wp\/v2\/comments?post=96708"}],"version-history":[{"count":3,"href":"https:\/\/www.estrategiaconcursos.com.br\/blog\/wp-json\/wp\/v2\/posts\/96708\/revisions"}],"predecessor-version":[{"id":96717,"href":"https:\/\/www.estrategiaconcursos.com.br\/blog\/wp-json\/wp\/v2\/posts\/96708\/revisions\/96717"}],"wp:attachment":[{"href":"https:\/\/www.estrategiaconcursos.com.br\/blog\/wp-json\/wp\/v2\/media?parent=96708"}],"wp:term":[{"taxonomy":"category","embeddable":true,"href":"https:\/\/www.estrategiaconcursos.com.br\/blog\/wp-json\/wp\/v2\/categories?post=96708"},{"taxonomy":"post_tag","embeddable":true,"href":"https:\/\/www.estrategiaconcursos.com.br\/blog\/wp-json\/wp\/v2\/tags?post=96708"},{"taxonomy":"tax_estado","embeddable":true,"href":"https:\/\/www.estrategiaconcursos.com.br\/blog\/wp-json\/wp\/v2\/tax_estado?post=96708"}],"curies":[{"name":"wp","href":"https:\/\/api.w.org\/{rel}","templated":true}]}}