{"id":967037,"date":"2022-02-14T17:38:00","date_gmt":"2022-02-14T20:38:00","guid":{"rendered":"https:\/\/www.estrategiaconcursos.com.br\/blog\/?p=967037"},"modified":"2023-02-09T16:25:30","modified_gmt":"2023-02-09T19:25:30","slug":"ano-dos-tribunais-14-a-21-02","status":"publish","type":"post","link":"https:\/\/www.estrategiaconcursos.com.br\/blog\/ano-dos-tribunais-14-a-21-02\/","title":{"rendered":"Ano dos Tribunais: acompanhe os eventos exclusivos de 14 a 21 de fevereiro"},"content":{"rendered":"\n<p>A equipe de professores do Estrat\u00e9gia Concursos ministra entre os dias 14 e 21 de fevereiro de 2022, sempre \u00e0s 19:00, diversos eventos exclusivos na s\u00e9rie &#8220;<em>Ano dos Tribunais<\/em>, especialmente para voc\u00ea que presta este tipo de concurso&#8221;. <\/p>\n\n\n\n<p>Acompanhe ao vivo e gratuitamente pelo canal do Estrat\u00e9gia Concursos no Youtube. <\/p>\n\n\n\n<h3 class=\"wp-block-heading\" id=\"h-ano-dos-tribunais-passo-estrategico-de-revisao-cronograma\">Ano dos Tribunais: Passo Estrat\u00e9gico de Revis\u00e3o: cronograma<\/h3>\n\n\n\n<p class=\"has-background\" style=\"background-color:#cfd9e2\"><strong>Data: <\/strong>14 a 21\/02\/2022<br \/><strong>Hor\u00e1rio: <\/strong>19:00<br \/><strong>Onde: <\/strong><a href=\"https:\/\/www.youtube.com\/channel\/UChvwkhC3eHxJsVxW_ItDjdA\" target=\"_blank\" rel=\"noreferrer noopener\">canal do Estrat\u00e9gia Concursos no Youtube<\/a><\/p>\n\n\n\n<p>Os concursos de Tribunais s\u00e3o grandes oportunidades para concurseiros de todas forma\u00e7\u00f5es, e trazem remunera\u00e7\u00f5es bastante atrativas, por isso s\u00e3o t\u00e3o requisitados. E 2022 ser\u00e1 o Ano dos Tribunais! No ano passado j\u00e1 foram abertos alguns editais, mas h\u00e1 v\u00e1rios ainda previstos para este ano, os quais est\u00e3o em processo avan\u00e7ado de abertura ou at\u00e9 abriram, como foi o caso dos tribunais TJDFT, TJ TO, TJ MG e TJ RS. <\/p>\n\n\n\n<p>Pensando de forma ampla, a palavra &#8220;tribunais&#8221; pode abranger ainda certames para a \u00e1rea de apoio de Minist\u00e9rios P\u00fablicos, Procuradorias e Defensorias P\u00fablicas. Quer saber mais sobre as maiores oportunidades para este ano? Ent\u00e3o, n\u00e3o perca nossos eventos!<\/p>\n\n\n\n<h3 class=\"wp-block-heading\" id=\"h-ano-dos-tribunais-passo-estrategico-de-revisao-programacao\">Ano dos Tribunais: Passo Estrat\u00e9gico de Revis\u00e3o: programa\u00e7\u00e3o<\/h3>\n\n\n\n<figure class=\"wp-block-table is-style-stripes\"><table class=\"has-fixed-layout\"><tbody><tr><td><strong>Data\/Hora<\/strong><\/td><td><strong>Webinaristas<\/strong><\/td><td><strong>Nome<\/strong><\/td><td><strong>Tema abordado<\/strong><\/td><\/tr><tr><td>14\/02\/2022, 19h<\/td><td>Victor Tanaka, Adriana Figueiredo e Ana Fl\u00e1via<\/td><td><a href=\"https:\/\/www.youtube.com\/watch?v=Aq6mUl561Nc&amp;feature=youtu.be\" target=\"_blank\" rel=\"noreferrer noopener\">Aprovados revelam como garantir uma vaga na melhor \u00e1rea de 2022<\/a><\/td><td>Panorama + plano gen\u00e9rico<\/td><\/tr><tr><td>15\/02\/2022, 19h<\/td><td>Arthur Conde e Carlos Roberto<\/td><td>TJDFT e TJ RS: Estrat\u00e9gias para o p\u00f3s-edital<\/td><td>TJDFT + TJ RS<\/td><\/tr><tr><td>16\/02\/2022, 19h<\/td><td>Th\u00e1llius Moraes e Tiago Zanolla<\/td><td>Estude como um aprovado para o TJ MS<\/td><td>TJ MS<\/td><\/tr><tr><td>17\/02\/2022, 19h<\/td><td>Helo\u00edsa Tondinelli e Vinicius Silva<\/td><td>Estude como um aprovado para o TJ TO<\/td><td>TJ TO<\/td><\/tr><tr><td>21\/02\/2022, 19h<\/td><td>Tiago Zanolla<\/td><td>Dobradinha de Tribunais 2022: TJCE e TJPI<\/td><td>TJ CE + TJ PI<\/td><\/tr><\/tbody><\/table><\/figure>\n\n\n\n<h2 class=\"has-text-align-center wp-block-heading\" id=\"h-quer-saber-tudo-sobre-certames-previstos-confira-nossos-artigos\">Quer saber tudo sobre certames previstos?<br \/>Confira nossos artigos!<\/h2>\n\n\n\n<ul class=\"wp-block-list\">\n<li><a href=\"https:\/\/www.estrategiaconcursos.com.br\/blog\/concursos-abertos\/\" target=\"_blank\" rel=\"noreferrer noopener\">Concursos abertos<\/a><\/li>\n\n\n\n<li><a href=\"https:\/\/www.estrategiaconcursos.com.br\/blog\/concursos-2022\/\" target=\"_blank\" rel=\"noreferrer noopener\">Concursos 2022<\/a><\/li>\n<\/ul>\n\n\n\n<div class=\"container\" id=\"boxes\">\n  <div class=\"row\">\n\n    <div class=\"col-sm\">\n      <div class=\"banner-tribunal\" id=\"box-assinatura\">\n        <h3 class=\"titulo-assinatura\">Cursos para Tribunais<\/h3>\n        <p class=\"subtitulo-assinatura\">Conhe\u00e7a os cursos<\/p>\n        <div class=\"box-botao\">\n          <a class=\"btn-assinatura\" target=\"_blank\" href=\"https:\/\/www.estrategiaconcursos.com.br\/cursos\/concurso\/\" role=\"button\" rel=\"noopener noreferrer\">Conhe\u00e7a mais<\/a>\n        <\/div>\n      <\/div>\n      <p class=\"texto-auxiliar\">Prepare-se com o melhor material e com quem mais aprova em Concursos P\u00fablicos em todo o pa\u00eds.<\/p>\n    <\/div>\n\n  <\/div>\n<\/div>\n\n\n\n<div class=\"container\" id=\"boxes\">\n  <div class=\"row\">\n\n    <div class=\"col-sm\">\n      <div class=\"estrategia\" id=\"box-assinatura\">\n        <h3 class=\"titulo-assinatura\">Assinaturas<\/h3>\n        <p class=\"subtitulo-assinatura\">Assinatura de 1 ano ou 2 anos<\/p>\n        <div class=\"box-botao\">\n          <a class=\"btn-assinatura\" target=\"_blank\" href=\"https:\/\/www.estrategiaconcursos.com.br\/assinaturas\/\" role=\"button\" rel=\"noopener noreferrer\">ASSINE AGORA<\/a>\n        <\/div>\n      <\/div>\n     \n    <\/div><\/div><\/div>\n","protected":false},"excerpt":{"rendered":"<p>A equipe de professores do Estrat\u00e9gia Concursos ministra entre os dias 14 e 21 de fevereiro de 2022, sempre \u00e0s 19:00, diversos eventos exclusivos na s\u00e9rie &#8220;Ano dos Tribunais, especialmente para voc\u00ea que presta este tipo de concurso&#8221;. Acompanhe ao vivo e gratuitamente pelo canal do Estrat\u00e9gia Concursos no Youtube. Ano dos Tribunais: Passo Estrat\u00e9gico [&hellip;]<\/p>\n","protected":false},"author":1,"featured_media":967050,"comment_status":"open","ping_status":"closed","sticky":false,"template":"","format":"standard","meta":{"post_tipo":"news","footnotes":""},"categories":[1984],"tags":[],"tax_estado":[219963],"class_list":["post-967037","post","type-post","status-publish","format-standard","has-post-thumbnail","hentry","category-tribunais","tax_estado-concursos-federais"],"acf":[],"yoast_head":"<!-- This site is optimized with the Yoast SEO Premium plugin v27.2 (Yoast SEO v27.2) - https:\/\/yoast.com\/product\/yoast-seo-premium-wordpress\/ -->\n<title>Ano dos Tribunais: acompanhe os eventos exclusivos de 14 a 21 de fevereiro<\/title>\n<meta name=\"description\" content=\"Confira na semana de 14 a 21 de fevereiro a s\u00e9rie de eventos exclusivos para celebrar o Ano dos Tribunais que ser\u00e1 este de 2022!\" \/>\n<meta name=\"robots\" content=\"index, follow, max-snippet:-1, max-image-preview:large, max-video-preview:-1\" \/>\n<link rel=\"canonical\" href=\"https:\/\/www.estrategiaconcursos.com.br\/blog\/ano-dos-tribunais-14-a-21-02\/\" \/>\n<meta property=\"og:locale\" content=\"pt_BR\" \/>\n<meta property=\"og:type\" content=\"article\" \/>\n<meta property=\"og:title\" content=\"Ano dos Tribunais: acompanhe os eventos exclusivos de 14 a 21 de fevereiro\" \/>\n<meta property=\"og:description\" content=\"Confira na semana de 14 a 21 de fevereiro a s\u00e9rie de eventos exclusivos para celebrar o Ano dos Tribunais que ser\u00e1 este de 2022!\" \/>\n<meta property=\"og:url\" content=\"https:\/\/www.estrategiaconcursos.com.br\/blog\/ano-dos-tribunais-14-a-21-02\/\" \/>\n<meta property=\"og:site_name\" content=\"Estrat\u00e9gia Concursos\" \/>\n<meta property=\"article:author\" content=\"https:\/\/www.facebook.com\/EstrategiaConcursos\" \/>\n<meta property=\"article:published_time\" content=\"2022-02-14T20:38:00+00:00\" \/>\n<meta property=\"article:modified_time\" content=\"2023-02-09T19:25:30+00:00\" \/>\n<meta property=\"og:image\" content=\"https:\/\/dhg1h5j42swfq.cloudfront.net\/2022\/02\/11135935\/1280-720-max-2-6.jpg\" \/>\n\t<meta property=\"og:image:width\" content=\"1280\" \/>\n\t<meta property=\"og:image:height\" content=\"720\" \/>\n\t<meta property=\"og:image:type\" content=\"image\/jpeg\" \/>\n<meta name=\"author\" content=\"Coordena\u00e7\u00e3o\" \/>\n<meta name=\"twitter:card\" content=\"summary_large_image\" \/>\n<meta name=\"twitter:creator\" content=\"@EstratConcursos\" \/>\n<meta name=\"twitter:site\" content=\"@EstratConcursos\" \/>\n<meta name=\"twitter:label1\" content=\"Escrito por\" \/>\n\t<meta name=\"twitter:data1\" content=\"Coordena\u00e7\u00e3o\" \/>\n\t<meta name=\"twitter:label2\" content=\"Est. tempo de leitura\" \/>\n\t<meta name=\"twitter:data2\" content=\"2 minutos\" \/>\n<script type=\"application\/ld+json\" class=\"yoast-schema-graph\">{\"@context\":\"https:\/\/schema.org\",\"@graph\":[{\"@type\":\"NewsArticle\",\"@id\":\"https:\/\/www.estrategiaconcursos.com.br\/blog\/ano-dos-tribunais-14-a-21-02\/#article\",\"isPartOf\":{\"@id\":\"https:\/\/www.estrategiaconcursos.com.br\/blog\/ano-dos-tribunais-14-a-21-02\/\"},\"author\":{\"name\":\"Coordena\u00e7\u00e3o\",\"@id\":\"https:\/\/www.estrategiaconcursos.com.br\/blog\/#\/schema\/person\/b4a388c97673c5f483d72185668afa1f\"},\"headline\":\"Ano dos Tribunais: acompanhe os eventos exclusivos de 14 a 21 de fevereiro\",\"datePublished\":\"2022-02-14T20:38:00+00:00\",\"dateModified\":\"2023-02-09T19:25:30+00:00\",\"mainEntityOfPage\":{\"@id\":\"https:\/\/www.estrategiaconcursos.com.br\/blog\/ano-dos-tribunais-14-a-21-02\/\"},\"wordCount\":357,\"commentCount\":0,\"publisher\":{\"@id\":\"https:\/\/www.estrategiaconcursos.com.br\/blog\/#organization\"},\"image\":{\"@id\":\"https:\/\/www.estrategiaconcursos.com.br\/blog\/ano-dos-tribunais-14-a-21-02\/#primaryimage\"},\"thumbnailUrl\":\"https:\/\/dhg1h5j42swfq.cloudfront.net\/2022\/02\/11135935\/1280-720-max-2-6.jpg\",\"articleSection\":[\"Tribunais\"],\"inLanguage\":\"pt-BR\",\"potentialAction\":[{\"@type\":\"CommentAction\",\"name\":\"Comment\",\"target\":[\"https:\/\/www.estrategiaconcursos.com.br\/blog\/ano-dos-tribunais-14-a-21-02\/#respond\"]}],\"copyrightYear\":\"2022\",\"copyrightHolder\":{\"@id\":\"https:\/\/www.estrategiaconcursos.com.br\/blog\/#organization\"}},{\"@type\":\"WebPage\",\"@id\":\"https:\/\/www.estrategiaconcursos.com.br\/blog\/ano-dos-tribunais-14-a-21-02\/\",\"url\":\"https:\/\/www.estrategiaconcursos.com.br\/blog\/ano-dos-tribunais-14-a-21-02\/\",\"name\":\"Ano dos Tribunais: acompanhe os eventos exclusivos de 14 a 21 de fevereiro\",\"isPartOf\":{\"@id\":\"https:\/\/www.estrategiaconcursos.com.br\/blog\/#website\"},\"primaryImageOfPage\":{\"@id\":\"https:\/\/www.estrategiaconcursos.com.br\/blog\/ano-dos-tribunais-14-a-21-02\/#primaryimage\"},\"image\":{\"@id\":\"https:\/\/www.estrategiaconcursos.com.br\/blog\/ano-dos-tribunais-14-a-21-02\/#primaryimage\"},\"thumbnailUrl\":\"https:\/\/dhg1h5j42swfq.cloudfront.net\/2022\/02\/11135935\/1280-720-max-2-6.jpg\",\"datePublished\":\"2022-02-14T20:38:00+00:00\",\"dateModified\":\"2023-02-09T19:25:30+00:00\",\"description\":\"Confira na semana de 14 a 21 de fevereiro a s\u00e9rie de eventos exclusivos para celebrar o Ano dos Tribunais que ser\u00e1 este de 2022!\",\"breadcrumb\":{\"@id\":\"https:\/\/www.estrategiaconcursos.com.br\/blog\/ano-dos-tribunais-14-a-21-02\/#breadcrumb\"},\"inLanguage\":\"pt-BR\",\"potentialAction\":[{\"@type\":\"ReadAction\",\"target\":[\"https:\/\/www.estrategiaconcursos.com.br\/blog\/ano-dos-tribunais-14-a-21-02\/\"]}]},{\"@type\":\"ImageObject\",\"inLanguage\":\"pt-BR\",\"@id\":\"https:\/\/www.estrategiaconcursos.com.br\/blog\/ano-dos-tribunais-14-a-21-02\/#primaryimage\",\"url\":\"https:\/\/dhg1h5j42swfq.cloudfront.net\/2022\/02\/11135935\/1280-720-max-2-6.jpg\",\"contentUrl\":\"https:\/\/dhg1h5j42swfq.cloudfront.net\/2022\/02\/11135935\/1280-720-max-2-6.jpg\",\"width\":1280,\"height\":720,\"caption\":\"Ano dos Tribunais\"},{\"@type\":\"BreadcrumbList\",\"@id\":\"https:\/\/www.estrategiaconcursos.com.br\/blog\/ano-dos-tribunais-14-a-21-02\/#breadcrumb\",\"itemListElement\":[{\"@type\":\"ListItem\",\"position\":1,\"name\":\"In\u00edcio\",\"item\":\"https:\/\/www.estrategiaconcursos.com.br\/blog\/\"},{\"@type\":\"ListItem\",\"position\":2,\"name\":\"Ano dos Tribunais: acompanhe os eventos exclusivos de 14 a 21 de fevereiro\"}]},{\"@type\":\"WebSite\",\"@id\":\"https:\/\/www.estrategiaconcursos.com.br\/blog\/#website\",\"url\":\"https:\/\/www.estrategiaconcursos.com.br\/blog\/\",\"name\":\"Estrat\u00e9gia Concursos\",\"description\":\"O blog da Estrat\u00e9gia Concursos traz not\u00edcias sobre concursos e artigos de professores oferecendo cursos para concursos (pdf + videaulas) no site.\",\"publisher\":{\"@id\":\"https:\/\/www.estrategiaconcursos.com.br\/blog\/#organization\"},\"potentialAction\":[{\"@type\":\"SearchAction\",\"target\":{\"@type\":\"EntryPoint\",\"urlTemplate\":\"https:\/\/www.estrategiaconcursos.com.br\/blog\/?s={search_term_string}\"},\"query-input\":{\"@type\":\"PropertyValueSpecification\",\"valueRequired\":true,\"valueName\":\"search_term_string\"}}],\"inLanguage\":\"pt-BR\"},{\"@type\":\"Organization\",\"@id\":\"https:\/\/www.estrategiaconcursos.com.br\/blog\/#organization\",\"name\":\"Estrat\u00e9gia Concursos\",\"url\":\"https:\/\/www.estrategiaconcursos.com.br\/blog\/\",\"logo\":{\"@type\":\"ImageObject\",\"inLanguage\":\"pt-BR\",\"@id\":\"https:\/\/www.estrategiaconcursos.com.br\/blog\/#\/schema\/logo\/image\/\",\"url\":\"https:\/\/dhg1h5j42swfq.cloudfront.net\/2025\/06\/03203428\/logo_concursos-1.jpg\",\"contentUrl\":\"https:\/\/dhg1h5j42swfq.cloudfront.net\/2025\/06\/03203428\/logo_concursos-1.jpg\",\"width\":230,\"height\":60,\"caption\":\"Estrat\u00e9gia Concursos\"},\"image\":{\"@id\":\"https:\/\/www.estrategiaconcursos.com.br\/blog\/#\/schema\/logo\/image\/\"},\"sameAs\":[\"https:\/\/x.com\/EstratConcursos\"]},{\"@type\":\"Person\",\"@id\":\"https:\/\/www.estrategiaconcursos.com.br\/blog\/#\/schema\/person\/b4a388c97673c5f483d72185668afa1f\",\"name\":\"Coordena\u00e7\u00e3o\",\"image\":{\"@type\":\"ImageObject\",\"inLanguage\":\"pt-BR\",\"@id\":\"https:\/\/secure.gravatar.com\/avatar\/b720319e4c9a967eb58678d110f4fe35452fc5d5f97b202bac7b8acceb18c6ad?s=96&d=mm&r=g\",\"url\":\"https:\/\/secure.gravatar.com\/avatar\/b720319e4c9a967eb58678d110f4fe35452fc5d5f97b202bac7b8acceb18c6ad?s=96&d=mm&r=g\",\"contentUrl\":\"https:\/\/secure.gravatar.com\/avatar\/b720319e4c9a967eb58678d110f4fe35452fc5d5f97b202bac7b8acceb18c6ad?s=96&d=mm&r=g\",\"caption\":\"Coordena\u00e7\u00e3o\"},\"sameAs\":[\"https:\/\/www.facebook.com\/EstrategiaConcursos\",\"https:\/\/x.com\/EstratConcursos\"],\"url\":\"https:\/\/www.estrategiaconcursos.com.br\/blog\/author\/estrategia2013\/\"}]}<\/script>\n<!-- \/ Yoast SEO Premium plugin. -->","yoast_head_json":{"title":"Ano dos Tribunais: acompanhe os eventos exclusivos de 14 a 21 de fevereiro","description":"Confira na semana de 14 a 21 de fevereiro a s\u00e9rie de eventos exclusivos para celebrar o Ano dos Tribunais que ser\u00e1 este de 2022!","robots":{"index":"index","follow":"follow","max-snippet":"max-snippet:-1","max-image-preview":"max-image-preview:large","max-video-preview":"max-video-preview:-1"},"canonical":"https:\/\/www.estrategiaconcursos.com.br\/blog\/ano-dos-tribunais-14-a-21-02\/","og_locale":"pt_BR","og_type":"article","og_title":"Ano dos Tribunais: acompanhe os eventos exclusivos de 14 a 21 de fevereiro","og_description":"Confira na semana de 14 a 21 de fevereiro a s\u00e9rie de eventos exclusivos para celebrar o Ano dos Tribunais que ser\u00e1 este de 2022!","og_url":"https:\/\/www.estrategiaconcursos.com.br\/blog\/ano-dos-tribunais-14-a-21-02\/","og_site_name":"Estrat\u00e9gia Concursos","article_author":"https:\/\/www.facebook.com\/EstrategiaConcursos","article_published_time":"2022-02-14T20:38:00+00:00","article_modified_time":"2023-02-09T19:25:30+00:00","og_image":[{"width":1280,"height":720,"url":"https:\/\/dhg1h5j42swfq.cloudfront.net\/2022\/02\/11135935\/1280-720-max-2-6.jpg","type":"image\/jpeg"}],"author":"Coordena\u00e7\u00e3o","twitter_card":"summary_large_image","twitter_creator":"@EstratConcursos","twitter_site":"@EstratConcursos","twitter_misc":{"Escrito por":"Coordena\u00e7\u00e3o","Est. tempo de leitura":"2 minutos"},"schema":{"@context":"https:\/\/schema.org","@graph":[{"@type":"NewsArticle","@id":"https:\/\/www.estrategiaconcursos.com.br\/blog\/ano-dos-tribunais-14-a-21-02\/#article","isPartOf":{"@id":"https:\/\/www.estrategiaconcursos.com.br\/blog\/ano-dos-tribunais-14-a-21-02\/"},"author":{"name":"Coordena\u00e7\u00e3o","@id":"https:\/\/www.estrategiaconcursos.com.br\/blog\/#\/schema\/person\/b4a388c97673c5f483d72185668afa1f"},"headline":"Ano dos Tribunais: acompanhe os eventos exclusivos de 14 a 21 de fevereiro","datePublished":"2022-02-14T20:38:00+00:00","dateModified":"2023-02-09T19:25:30+00:00","mainEntityOfPage":{"@id":"https:\/\/www.estrategiaconcursos.com.br\/blog\/ano-dos-tribunais-14-a-21-02\/"},"wordCount":357,"commentCount":0,"publisher":{"@id":"https:\/\/www.estrategiaconcursos.com.br\/blog\/#organization"},"image":{"@id":"https:\/\/www.estrategiaconcursos.com.br\/blog\/ano-dos-tribunais-14-a-21-02\/#primaryimage"},"thumbnailUrl":"https:\/\/dhg1h5j42swfq.cloudfront.net\/2022\/02\/11135935\/1280-720-max-2-6.jpg","articleSection":["Tribunais"],"inLanguage":"pt-BR","potentialAction":[{"@type":"CommentAction","name":"Comment","target":["https:\/\/www.estrategiaconcursos.com.br\/blog\/ano-dos-tribunais-14-a-21-02\/#respond"]}],"copyrightYear":"2022","copyrightHolder":{"@id":"https:\/\/www.estrategiaconcursos.com.br\/blog\/#organization"}},{"@type":"WebPage","@id":"https:\/\/www.estrategiaconcursos.com.br\/blog\/ano-dos-tribunais-14-a-21-02\/","url":"https:\/\/www.estrategiaconcursos.com.br\/blog\/ano-dos-tribunais-14-a-21-02\/","name":"Ano dos Tribunais: acompanhe os eventos exclusivos de 14 a 21 de fevereiro","isPartOf":{"@id":"https:\/\/www.estrategiaconcursos.com.br\/blog\/#website"},"primaryImageOfPage":{"@id":"https:\/\/www.estrategiaconcursos.com.br\/blog\/ano-dos-tribunais-14-a-21-02\/#primaryimage"},"image":{"@id":"https:\/\/www.estrategiaconcursos.com.br\/blog\/ano-dos-tribunais-14-a-21-02\/#primaryimage"},"thumbnailUrl":"https:\/\/dhg1h5j42swfq.cloudfront.net\/2022\/02\/11135935\/1280-720-max-2-6.jpg","datePublished":"2022-02-14T20:38:00+00:00","dateModified":"2023-02-09T19:25:30+00:00","description":"Confira na semana de 14 a 21 de fevereiro a s\u00e9rie de eventos exclusivos para celebrar o Ano dos Tribunais que ser\u00e1 este de 2022!","breadcrumb":{"@id":"https:\/\/www.estrategiaconcursos.com.br\/blog\/ano-dos-tribunais-14-a-21-02\/#breadcrumb"},"inLanguage":"pt-BR","potentialAction":[{"@type":"ReadAction","target":["https:\/\/www.estrategiaconcursos.com.br\/blog\/ano-dos-tribunais-14-a-21-02\/"]}]},{"@type":"ImageObject","inLanguage":"pt-BR","@id":"https:\/\/www.estrategiaconcursos.com.br\/blog\/ano-dos-tribunais-14-a-21-02\/#primaryimage","url":"https:\/\/dhg1h5j42swfq.cloudfront.net\/2022\/02\/11135935\/1280-720-max-2-6.jpg","contentUrl":"https:\/\/dhg1h5j42swfq.cloudfront.net\/2022\/02\/11135935\/1280-720-max-2-6.jpg","width":1280,"height":720,"caption":"Ano dos Tribunais"},{"@type":"BreadcrumbList","@id":"https:\/\/www.estrategiaconcursos.com.br\/blog\/ano-dos-tribunais-14-a-21-02\/#breadcrumb","itemListElement":[{"@type":"ListItem","position":1,"name":"In\u00edcio","item":"https:\/\/www.estrategiaconcursos.com.br\/blog\/"},{"@type":"ListItem","position":2,"name":"Ano dos Tribunais: acompanhe os eventos exclusivos de 14 a 21 de fevereiro"}]},{"@type":"WebSite","@id":"https:\/\/www.estrategiaconcursos.com.br\/blog\/#website","url":"https:\/\/www.estrategiaconcursos.com.br\/blog\/","name":"Estrat\u00e9gia Concursos","description":"O blog da Estrat\u00e9gia Concursos traz not\u00edcias sobre concursos e artigos de professores oferecendo cursos para concursos (pdf + videaulas) no site.","publisher":{"@id":"https:\/\/www.estrategiaconcursos.com.br\/blog\/#organization"},"potentialAction":[{"@type":"SearchAction","target":{"@type":"EntryPoint","urlTemplate":"https:\/\/www.estrategiaconcursos.com.br\/blog\/?s={search_term_string}"},"query-input":{"@type":"PropertyValueSpecification","valueRequired":true,"valueName":"search_term_string"}}],"inLanguage":"pt-BR"},{"@type":"Organization","@id":"https:\/\/www.estrategiaconcursos.com.br\/blog\/#organization","name":"Estrat\u00e9gia Concursos","url":"https:\/\/www.estrategiaconcursos.com.br\/blog\/","logo":{"@type":"ImageObject","inLanguage":"pt-BR","@id":"https:\/\/www.estrategiaconcursos.com.br\/blog\/#\/schema\/logo\/image\/","url":"https:\/\/dhg1h5j42swfq.cloudfront.net\/2025\/06\/03203428\/logo_concursos-1.jpg","contentUrl":"https:\/\/dhg1h5j42swfq.cloudfront.net\/2025\/06\/03203428\/logo_concursos-1.jpg","width":230,"height":60,"caption":"Estrat\u00e9gia Concursos"},"image":{"@id":"https:\/\/www.estrategiaconcursos.com.br\/blog\/#\/schema\/logo\/image\/"},"sameAs":["https:\/\/x.com\/EstratConcursos"]},{"@type":"Person","@id":"https:\/\/www.estrategiaconcursos.com.br\/blog\/#\/schema\/person\/b4a388c97673c5f483d72185668afa1f","name":"Coordena\u00e7\u00e3o","image":{"@type":"ImageObject","inLanguage":"pt-BR","@id":"https:\/\/secure.gravatar.com\/avatar\/b720319e4c9a967eb58678d110f4fe35452fc5d5f97b202bac7b8acceb18c6ad?s=96&d=mm&r=g","url":"https:\/\/secure.gravatar.com\/avatar\/b720319e4c9a967eb58678d110f4fe35452fc5d5f97b202bac7b8acceb18c6ad?s=96&d=mm&r=g","contentUrl":"https:\/\/secure.gravatar.com\/avatar\/b720319e4c9a967eb58678d110f4fe35452fc5d5f97b202bac7b8acceb18c6ad?s=96&d=mm&r=g","caption":"Coordena\u00e7\u00e3o"},"sameAs":["https:\/\/www.facebook.com\/EstrategiaConcursos","https:\/\/x.com\/EstratConcursos"],"url":"https:\/\/www.estrategiaconcursos.com.br\/blog\/author\/estrategia2013\/"}]}},"_links":{"self":[{"href":"https:\/\/www.estrategiaconcursos.com.br\/blog\/wp-json\/wp\/v2\/posts\/967037","targetHints":{"allow":["GET"]}}],"collection":[{"href":"https:\/\/www.estrategiaconcursos.com.br\/blog\/wp-json\/wp\/v2\/posts"}],"about":[{"href":"https:\/\/www.estrategiaconcursos.com.br\/blog\/wp-json\/wp\/v2\/types\/post"}],"author":[{"embeddable":true,"href":"https:\/\/www.estrategiaconcursos.com.br\/blog\/wp-json\/wp\/v2\/users\/1"}],"replies":[{"embeddable":true,"href":"https:\/\/www.estrategiaconcursos.com.br\/blog\/wp-json\/wp\/v2\/comments?post=967037"}],"version-history":[{"count":18,"href":"https:\/\/www.estrategiaconcursos.com.br\/blog\/wp-json\/wp\/v2\/posts\/967037\/revisions"}],"predecessor-version":[{"id":1168771,"href":"https:\/\/www.estrategiaconcursos.com.br\/blog\/wp-json\/wp\/v2\/posts\/967037\/revisions\/1168771"}],"wp:featuredmedia":[{"embeddable":true,"href":"https:\/\/www.estrategiaconcursos.com.br\/blog\/wp-json\/wp\/v2\/media\/967050"}],"wp:attachment":[{"href":"https:\/\/www.estrategiaconcursos.com.br\/blog\/wp-json\/wp\/v2\/media?parent=967037"}],"wp:term":[{"taxonomy":"category","embeddable":true,"href":"https:\/\/www.estrategiaconcursos.com.br\/blog\/wp-json\/wp\/v2\/categories?post=967037"},{"taxonomy":"post_tag","embeddable":true,"href":"https:\/\/www.estrategiaconcursos.com.br\/blog\/wp-json\/wp\/v2\/tags?post=967037"},{"taxonomy":"tax_estado","embeddable":true,"href":"https:\/\/www.estrategiaconcursos.com.br\/blog\/wp-json\/wp\/v2\/tax_estado?post=967037"}],"curies":[{"name":"wp","href":"https:\/\/api.w.org\/{rel}","templated":true}]}}