{"id":96684,"date":"2017-11-26T13:18:37","date_gmt":"2017-11-26T16:18:37","guid":{"rendered":"https:\/\/www.estrategiaconcursos.com.br\/blog\/?p=96684"},"modified":"2017-11-26T21:16:21","modified_gmt":"2017-11-27T00:16:21","slug":"gabarito-extraoficial-regimento-interno-tre-rj","status":"publish","type":"post","link":"https:\/\/www.estrategiaconcursos.com.br\/blog\/gabarito-extraoficial-regimento-interno-tre-rj\/","title":{"rendered":"Gabarito Extraoficial &#8211; Regimento Interno TRE-RJ"},"content":{"rendered":"<p style=\"text-align: justify\">Gabarito Extraoficial &#8211; Regimento Interno TRE-RJ<\/p>\n<p style=\"text-align: justify\">Ol\u00e1 pessoal, neste artigo vamos corrigir as quest\u00f5es de Regimento Interno aplicadas na prova desta manh\u00e3 (26\/11) pela CONSULPLAN no concurso do TRE-RJ.<\/p>\n<p style=\"text-align: justify\">A prova n\u00e3o estava f\u00e1cil. O examinador prestigiou, em Regimento Interno, a cobran\u00e7a de alguns pontos espec\u00edficos de prova. Vamos analisar as quest\u00f5es?!<\/p>\n<p style=\"text-align: justify\">Antes, deixo aqui a minha p\u00e1gina do Facebook de Direito Eleitoral:<\/p>\n<p><strong><a href=\"https:\/\/www.facebook.com\/eleitoralparaconcurso\/\">https:\/\/www.facebook.com\/eleitoralparaconcurso\/<\/a><\/strong><\/p>\n<p style=\"text-align: justify\">Lembro que corrigiremos a Prova Verde, Tipo 2. Fa\u00e7a a correspond\u00eancia com a sua prova, caso diferente!<\/p>\n<p>Agora sim&#8230;<\/p>\n<p style=\"text-align: justify\">Vamos come\u00e7ar com as quest\u00f5es de aplicadas na prova de Analista Judici\u00e1rio (\u00e1reas administrativa e judici\u00e1ria).<\/p>\n<p><strong>&#8212;<\/strong><\/p>\n<p style=\"text-align: justify\"><strong>(Q14\/TRE-RJ\/CONSULPLAN) <\/strong>Os processos ser\u00e3o apreciados em sess\u00f5es de julgamento no Tribunal, que ser\u00e3o p\u00fablicas e obedecer\u00e3o \u00e0s disposi\u00e7\u00f5es contidas no Regimento Interno do Tribunal Regional Eleitoral do Rio de Janeiro. Sobre as sess\u00f5es de julgamento, assinale alternativa correta.<\/p>\n<p style=\"text-align: justify\">A) As sess\u00f5es extraordin\u00e1rias ocorrer\u00e3o por convoca\u00e7\u00e3o de quaisquer dos membros do Tribunal.<\/p>\n<p style=\"text-align: justify\">B) Dever\u00e3o ser apreciados em sess\u00e3o ordin\u00e1ria os processos de apura\u00e7\u00e3o de elei\u00e7\u00e3o e mandado de seguran\u00e7a.<\/p>\n<p style=\"text-align: justify\">C) Dever\u00e3o ser apreciados em sess\u00e3o administrativa os processos classificados em recurso eleitoral e recurso criminal.<\/p>\n<p style=\"text-align: justify\">D) No conhecimento e julgamento dos feitos, o mandado de injun\u00e7\u00e3o e respectivos recursos antepor\u00e3o ao <em>habeas data<\/em> e respectivos recursos.<\/p>\n<p><strong>Coment\u00e1rios<\/strong><\/p>\n<p style=\"text-align: justify\">A <strong>alternativa A<\/strong> est\u00e1 incorreta, com base no art. 55, caput, do RI. O Presidente convocar\u00e1 as sess\u00f5es extraordin\u00e1rias.<\/p>\n<p style=\"padding-left: 60px;text-align: justify\">Art. 55. O Tribunal reunir-se-\u00e1 ordinariamente 2 (duas) vezes por semana e, extraordinariamente, quando necess\u00e1rio, mediante convoca\u00e7\u00e3o do Presidente, que designar\u00e1 dia e hor\u00e1rio, ou da maioria absoluta dos seus membros.<\/p>\n<p style=\"text-align: justify\">A <strong>alternativa B<\/strong> est\u00e1 correta e \u00e9 o gabarito da quest\u00e3o, tendo em vista o que prescreve o art. 54, \u00a7 1\u00ba:<\/p>\n<p style=\"padding-left: 60px;text-align: justify\">1\u00ba Dever\u00e3o ser apreciados em sess\u00e3o ordin\u00e1ria os processos com as seguintes classifica\u00e7\u00f5es:<\/p>\n<p style=\"padding-left: 60px;text-align: justify\">V &#8211; C\u00f3digo 7 &#8211; Apura\u00e7\u00e3o de Elei\u00e7\u00e3o &#8211; Sigla (AE);<\/p>\n<p style=\"padding-left: 60px;text-align: justify\">XIII &#8211; C\u00f3digo 22 &#8211; Mandado de Seguran\u00e7a &#8211; Sigla (MS);<\/p>\n<p style=\"text-align: justify\">A <strong>alternativa C<\/strong> est\u00e1 incorreta, pois os processos classificados como recurso eleitoral e recurso criminal ser\u00e3o julgados em sess\u00e3o ordin\u00e1ria, conforme o art. 54, \u00a7 1\u00ba, incisos XIX e XX.<\/p>\n<p style=\"text-align: justify\">A <strong>alternativa D<\/strong> est\u00e1 incorreta. A ordem de conhecimento e julgamento dos feitos est\u00e1 prevista no art. 59, o qual, coloca o <em>habeas data<\/em> antes do mandado de injun\u00e7\u00e3o.<\/p>\n<p><strong>&#8212;<\/strong><\/p>\n<p style=\"text-align: justify\"><strong>(Q15\/TRE-RJ\/CONSULPLAN) <\/strong>S\u00e3o pass\u00edveis de argui\u00e7\u00e3o de impedimento ou suspei\u00e7\u00e3o os membros do Tribunal, do Procurador Regional, dos funcion\u00e1rios da Secretaria Judici\u00e1ria, bem como dos ju\u00edzes e chefes de cart\u00f3rios eleitorais, nos casos previstos na lei processual civil e com fundamento em parcialidade partid\u00e1ria. Sobre o processo de argui\u00e7\u00e3o, assinale alternativa correta.<\/p>\n<p style=\"text-align: justify\">A) Caso o excepto deixe de responder, o processo instru\u00eddo pelo relator ser\u00e1 encaminhado \u00e0 mesa para julgamento em sess\u00e3o extraordin\u00e1ria.<\/p>\n<p style=\"text-align: justify\">B) A oposi\u00e7\u00e3o da exce\u00e7\u00e3o quando o impedido ou suspeito for chamado como substituto dever\u00e1 ser interposta dentro de quarenta e oito horas contadas da distribui\u00e7\u00e3o.<\/p>\n<p style=\"text-align: justify\">C) O relator ou revisor que se considerar impedido ou suspeito dever\u00e1 declar\u00e1-lo por despacho nos autos e encaminhar o processo a secretaria judici\u00e1ria para nova distribui\u00e7\u00e3o.<\/p>\n<p style=\"text-align: justify\">D) A peti\u00e7\u00e3o de argui\u00e7\u00e3o de impedimento ou suspei\u00e7\u00e3o de juiz ou chefe de cart\u00f3rio eleitoral ser\u00e1 dirigida ao pr\u00f3prio juiz, observando-se o procedimento previsto na legisla\u00e7\u00e3o processual pertinente.<\/p>\n<p><strong>Coment\u00e1rios<\/strong><\/p>\n<p style=\"text-align: justify\">A <strong>alternativa A<\/strong> est\u00e1 incorreta. Caso o excepto n\u00e3o responda, o processo correr\u00e1 regularmente, conforme disp\u00f5e o art. 86. Ap\u00f3s o prazo para a resposta, os autos ser\u00e3o colocados \u00e0 mesa para que sejam julgado na primeira sess\u00e3o seguinte, n\u00e3o em sess\u00e3o extraordin\u00e1ria. Veja:<\/p>\n<p style=\"padding-left: 60px;text-align: justify\">Art. 86. <strong>Deixando o excepto de responder<\/strong> ou respondendo sem reconhecer o seu impedimento ou suspei\u00e7\u00e3o, o relator instruir\u00e1 o processo, inquirindo as testemunhas arroladas, se necess\u00e1rio, e <strong>mandar\u00e1 os autos \u00e0 mesa, para julgamento na primeira sess\u00e3o<\/strong>, nele n\u00e3o tomando parte o juiz recusado.<\/p>\n<p style=\"text-align: justify\">A <strong>alternativa B<\/strong> est\u00e1 incorreta. No caso de argui\u00e7\u00e3o contra o substituto, o prazo ser\u00e1 contado do momento da interven\u00e7\u00e3o no processo e n\u00e3o do momento da distribui\u00e7\u00e3o. Veja o artigo:<\/p>\n<p style=\"padding-left: 60px;text-align: justify\">Art. 81. A exce\u00e7\u00e3o dever\u00e1 ser oposta dentro de 48 (quarenta e oito) horas ap\u00f3s a distribui\u00e7\u00e3o quanto aos membros do Tribunal que, em conseq\u00fc\u00eancia, tiverem de intervir necessariamente na causa. <strong>Quando o impedido ou suspeito for chamado como substituto, contar-se-\u00e1 o prazo do momento da interven\u00e7\u00e3o<\/strong>.<\/p>\n<p style=\"text-align: justify\">A <strong>alternativa C<\/strong> est\u00e1 incorreta. De acordo com o art. 80, do RI, o tratamento dado ao impedimento ou \u00e0 suspei\u00e7\u00e3o do relator e do revisor. Veja o dispositivo:<\/p>\n<p style=\"padding-left: 60px;text-align: justify\">Art. 80. O membro que se considerar impedido ou suspeito dever\u00e1 declar\u00e1-lo por despacho nos autos, ou oralmente, na sess\u00e3o, remetendo o respectivo processo imediatamente \u00e0 Secretaria Judici\u00e1ria, para nova distribui\u00e7\u00e3o, se for relator, ou ao membro que lhe seguir em antiguidade, se for revisor.<\/p>\n<p style=\"text-align: justify\">No caso de impedimento\/suspei\u00e7\u00e3o do relator, haver\u00e1 nova redistribui\u00e7\u00e3o.<\/p>\n<p style=\"text-align: justify\">No caso de impedimento\/suspei\u00e7\u00e3o do revisor, n\u00e3o haver\u00e1 redistribui\u00e7\u00e3o, mas t\u00e3o somente encaminhamento do processo a outro revisor, que ser\u00e1 o membro que lhe seguir em antiguidade.<\/p>\n<p style=\"text-align: justify\">A <strong>alternativa D<\/strong> est\u00e1 correta e \u00e9 o gabarito da quest\u00e3o, conforme o art. 88 do RI:<\/p>\n<p style=\"padding-left: 60px;text-align: justify\">Art. 88. A argui\u00e7\u00e3o de impedimento ou suspei\u00e7\u00e3o de juiz ou chefe de cart\u00f3rio eleitoral ser\u00e1 formulada, no prazo de 48 (quarenta e oito) horas, em peti\u00e7\u00e3o espec\u00edfica dirigida ao pr\u00f3prio juiz, observando-se o procedimento previsto na legisla\u00e7\u00e3o processual pertinente.<\/p>\n<p><strong>&#8212;<\/strong><\/p>\n<p style=\"text-align: justify\"><strong>(Q16\/TRE-RJ\/CONSULPLAN) <\/strong>Quando, por ilegalidade ou abuso de poder, algu\u00e9m sofrer ou se achar amea\u00e7ado de sofrer viol\u00eancia ou coa\u00e7\u00e3o em sua liberdade de locomo\u00e7\u00e3o, de que dependa o exerc\u00edcio de direitos ou deveres eleitorais, dar-se-\u00e1 o <em>habeas corpus<\/em>. No processamento do <em>habeas corpus<\/em>, o relator<\/p>\n<p style=\"text-align: justify\">A) se convier ouvir o paciente, determinar\u00e1 sua apresenta\u00e7\u00e3o \u00e0 sess\u00e3o de julgamento.<\/p>\n<p style=\"text-align: justify\">B) expedir\u00e1 imediato salvo-conduto em favor do paciente, quando consumada a viol\u00eancia.<\/p>\n<p style=\"text-align: justify\">C) dever\u00e1 nomear advogado, imediatamente, para acompanhar e defender oralmente o pedido, em todos os casos.<\/p>\n<p style=\"text-align: justify\">D) apresentar\u00e1 o feito em mesa para julgamento na primeira sess\u00e3o, abrindo vista ao Minist\u00e9rio P\u00fablico Eleitoral, durante a mesma.<\/p>\n<p><strong>Coment\u00e1rios <\/strong><\/p>\n<p style=\"text-align: justify\">A <strong>alternativa A<\/strong> est\u00e1 correta e \u00e9 o gabarito da quest\u00e3o, pois reproduz o art. 91, III, do RI.<\/p>\n<p style=\"padding-left: 60px;text-align: justify\">Art. 91. O relator requisitar\u00e1 informa\u00e7\u00f5es do apontado coator no prazo que fixar, podendo, ainda:<\/p>\n<p style=\"padding-left: 60px;text-align: justify\">III &#8211; se convier ouvir o paciente, determinar sua apresenta\u00e7\u00e3o \u00e0 sess\u00e3o de julgamento;<\/p>\n<p style=\"text-align: justify\">A <strong>alternativa B<\/strong> est\u00e1 incorreta. N\u00e3o se fala em expedi\u00e7\u00e3o de imediato salvo-conduto. Vejamos a reda\u00e7\u00e3o do art. 91, IV:<\/p>\n<p style=\"padding-left: 60px;text-align: justify\">IV &#8211; no habeas corpus preventivo, expedir salvo-conduto em favor do paciente, at\u00e9 decis\u00e3o do feito, se houver grave risco de consumar-se a viol\u00eancia.<\/p>\n<p style=\"text-align: justify\">A <strong>alternativa C<\/strong> est\u00e1 incorreta. A nomea\u00e7\u00e3o do advogado ocorre apenas se relevante a mat\u00e9ria. Observe o art. 91, I:<\/p>\n<p style=\"padding-left: 60px;text-align: justify\">I &#8211; sendo relevante a mat\u00e9ria, nomear advogado para acompanhar e defender oralmente o pedido, se o impetrante n\u00e3o for bacharel em direito;<\/p>\n<p style=\"text-align: justify\">A <strong>alternativa D<\/strong> est\u00e1 incorreta, pois o MPE n\u00e3o se manifestar\u00e1 em sess\u00e3o, mas no prazo de dois dias. Apenas ap\u00f3s a oitiva do MPE o processo ser\u00e1 posto em sess\u00e3o. Vejamos o art. 92, do RI:<\/p>\n<p style=\"padding-left: 60px;text-align: justify\">Art. 92. Instru\u00eddo o processo e ouvido, em 2 (dois) dias, o Minist\u00e9rio P\u00fablico Eleitoral, o relator apresentar\u00e1 o feito em mesa para julgamento na primeira sess\u00e3o.<\/p>\n<p>&#8212;<\/p>\n<p style=\"text-align: justify\">Finalizamos, assim, as quest\u00f5es de Regimento Interno aplicadas para o cargo de Analista Judici\u00e1rio (\u00e1rea judici\u00e1ria).<\/p>\n<p style=\"text-align: justify\">Agora quest\u00f5es de Regimento Interno aplicadas para o cargo de T\u00e9cnico Judici\u00e1rio (\u00e1rea administrativa).<\/p>\n<p>&#8212;<\/p>\n<p style=\"text-align: justify\"><strong>(Q14\/TRE-RJ\/CONSULPLAN) <\/strong>S\u00e3o compet\u00eancias do Procurador Regional Eleitoral, EXCETO:<\/p>\n<p style=\"text-align: justify\">A) Exercer a a\u00e7\u00e3o p\u00fablica e promov\u00ea-la, at\u00e9 o final, em todos os efeitos e inst\u00e2ncias.<\/p>\n<p style=\"text-align: justify\">B) Oficiar em todos os recursos e conflitos de jurisdi\u00e7\u00e3o encaminhados ao tribunal.<\/p>\n<p style=\"text-align: justify\">C) Designar at\u00e9 tr\u00eas membros do Minist\u00e9rio P\u00fablico Federal para funcionarem em seu aux\u00edlio.<\/p>\n<p style=\"text-align: justify\">D) Requisitar dilig\u00eancias, certid\u00f5es e esclarecimentos necess\u00e1rios ao desempenho de suas atribui\u00e7\u00f5es.<\/p>\n<p style=\"text-align: justify\"><strong>Coment\u00e1rios <\/strong><\/p>\n<p style=\"text-align: justify\">Vejamos o art. 32, do RI, que trata das Compet\u00eancia do PRE e os dispositivos citados na quest\u00e3o:<\/p>\n<blockquote>\n<p style=\"text-align: justify\">Art. 32. Compete ao Procurador Regional Eleitoral:<\/p>\n<p style=\"text-align: justify\">II &#8211; exercer a a\u00e7\u00e3o p\u00fablica e promov\u00ea-la, at\u00e9 final, em todos os feitos da compet\u00eancia origin\u00e1ria do Tribunal;<\/p>\n<p style=\"text-align: justify\">III &#8211; oficiar em todos os recursos e conflitos de jurisdi\u00e7\u00e3o encaminhados ao Tribunal, bem como nos processos de registro de candidaturas a cargos eletivos e de diret\u00f3rios de partidos pol\u00edticos;<\/p>\n<p style=\"text-align: justify\">IX &#8211; designar at\u00e9 3 (tr\u00eas) membros do Minist\u00e9rio P\u00fablico Federal para funcionarem em seu aux\u00edlio;<\/p>\n<p style=\"text-align: justify\">VII &#8211; requisitar dilig\u00eancias, certid\u00f5es e esclarecimentos necess\u00e1rios ao desempenho de suas atribui\u00e7\u00f5es;<\/p>\n<\/blockquote>\n<p style=\"text-align: justify\">Assim, a <strong>alternativa A<\/strong> est\u00e1 incorreta e \u00e9 o gabarito da quest\u00e3o, pois o PRE n\u00e3o atuar\u00e1 em todas as inst\u00e2ncias, mas nos feitos de compet\u00eancia origin\u00e1ria do Tribunal.<\/p>\n<p>&#8212;<\/p>\n<p style=\"text-align: justify\"><strong>(Q15\/TRE-RJ\/CONSULPLAN) <\/strong>A respeito do Regimento Interno do TRE\/RJ, analise as afirmativas a seguir.<\/p>\n<p style=\"text-align: justify\">I. A classe do processo \u00e9 alterada pela interposi\u00e7\u00e3o de Agravo Regimental.<\/p>\n<p style=\"text-align: justify\">II. Expediente que resulte em responsabilidade penal, cuja compet\u00eancia origin\u00e1ria seja do Tribunal, enquadra-se na classe inqu\u00e9rito.<\/p>\n<p style=\"text-align: justify\">III. N\u00e3o se altera classe do processo pela interposi\u00e7\u00e3o de Embargos de Declara\u00e7\u00e3o.<\/p>\n<p style=\"text-align: justify\">IV. A classe Recurso Eleitoral compreende os recursos de agravo de instrumento interpostos contra decis\u00f5es dos ju\u00edzes eleitorais.<\/p>\n<p style=\"text-align: justify\">Est\u00e1(\u00e3o) correta(s) apenas a(s) afirmativa(s)<\/p>\n<p style=\"text-align: justify\">A) II.<\/p>\n<p style=\"text-align: justify\">B) I e III.<\/p>\n<p style=\"text-align: justify\">C) I, III e IV.<\/p>\n<p style=\"text-align: justify\">D) II, III e IV.<\/p>\n<p style=\"text-align: justify\"><strong>Coment\u00e1rios <\/strong><\/p>\n<p style=\"text-align: justify\">O item I est\u00e1 incorreto, de acordo com o art. 34, do RI:<\/p>\n<blockquote>\n<p style=\"text-align: justify\">\u00a7 2\u00ba <strong>N\u00e3o se altera a classe do processo<\/strong>:<\/p>\n<p style=\"text-align: justify\">I &#8211; pela interposi\u00e7\u00e3o de Agravo Regimental (AgR) e de Embargos de Declara\u00e7\u00e3o (ED);<\/p>\n<\/blockquote>\n<p style=\"text-align: justify\">O item II est\u00e1 correto, com base no art. 34, \u00a7 5\u00ba:<\/p>\n<blockquote>\n<p style=\"text-align: justify\">\u00a7 5\u00ba A classe Inqu\u00e9rito (Inq) compreende, al\u00e9m dos inqu\u00e9ritos policiais, qualquer expediente de que possa resultar responsabilidade penal e cujo julgamento seja da compet\u00eancia origin\u00e1ria do Tribunal.<\/p>\n<\/blockquote>\n<p style=\"text-align: justify\">O item III est\u00e1 correto, tendo em vista o que prescreve o art. 34, \u00a7 2\u00ba, I, citado acima. De fato, a interposi\u00e7\u00e3o de embargos n\u00e3o altera a classe processual.<\/p>\n<p style=\"text-align: justify\">O item IV est\u00e1 correto. Vejamos o art. 34, \u00a7 6\u00ba, do RI:<\/p>\n<blockquote>\n<p style=\"text-align: justify\">\u00a7 6\u00ba A classe Recurso Eleitoral (RE) compreende os recursos de agravo de instrumento interpostos contra decis\u00f5es dos ju\u00edzes eleitorais.<\/p>\n<\/blockquote>\n<p style=\"text-align: justify\">Portanto, a <strong>alternativa D<\/strong> est\u00e1 correta e \u00e9 o gabarito da quest\u00e3o.<\/p>\n<p>&#8212;<\/p>\n<p style=\"text-align: justify\"><strong>(Q16\/TRE-RJ\/CONSULPLAN) <\/strong>Ressalvadas disposi\u00e7\u00f5es espec\u00edficas, a publica\u00e7\u00e3o da pauta de julgamento pelo Tribunal se dar\u00e1 com anteced\u00eancia m\u00ednima de 24 horas. Dependem de inclus\u00e3o na pauta para que sejam julgados:<\/p>\n<p style=\"text-align: justify\">A) Argui\u00e7\u00f5es de impedimento ou suspei\u00e7\u00e3o.<\/p>\n<p style=\"text-align: justify\">B) <em>Habeas corpos<\/em> e recursos em <em>habeas corpus<\/em>.<\/p>\n<p style=\"text-align: justify\">C) Conflitos de compet\u00eancia e respectivos recursos.<\/p>\n<p style=\"text-align: justify\">D) Pedidos de registro de partido pol\u00edtico, sem advogado constitu\u00eddo.<\/p>\n<p style=\"text-align: justify\"><strong>Coment\u00e1rios<\/strong><\/p>\n<p style=\"text-align: justify\">O art. 63, 1\u00ba, do RI, menciona os processos que INDEPENDEM de inclus\u00e3o em pauto.<\/p>\n<blockquote>\n<p style=\"text-align: justify\">\u00a7 1\u00ba Independem de inclus\u00e3o em pauta para serem julgados:<\/p>\n<p style=\"text-align: justify\">a) habeas corpus e os recursos em habeas corpus; [alternativa B]<\/p>\n<p style=\"text-align: justify\">d) argui\u00e7\u00f5es de impedimento ou suspei\u00e7\u00e3o; [alternativa A]<\/p>\n<p style=\"text-align: justify\">e) conflitos de compet\u00eancia e respectivos recursos; [alternativa C]<\/p>\n<\/blockquote>\n<p style=\"text-align: justify\">Assim, a alternativa D traz uma hip\u00f3tese que n\u00e3o est\u00e1 prevista no regimento como independente de inclus\u00e3o em pauta e, portanto, deve ser inclu\u00edda em pauta para que possa ser julgada. Deste modo, a <strong>alternativa D <\/strong>\u00e9 o gabarito da quest\u00e3o.<\/p>\n<p>&#8212;<\/p>\n<p style=\"text-align: justify\">Finalizamos, assim, as quest\u00f5es de Regimento Interno aplicadas para o cargo de T\u00e9cnico Judici\u00e1rio (\u00e1rea administrativa).<\/p>\n<p style=\"text-align: justify\">Forte abra\u00e7o e boa sorte!<\/p>\n<p style=\"text-align: justify\">Prof. Ricardo Torques<\/p>\n<p><strong><a href=\"https:\/\/www.facebook.com\/eleitoralparaconcurso\/\">https:\/\/www.facebook.com\/eleitoralparaconcurso\/<\/a><\/strong><\/p>\n","protected":false},"excerpt":{"rendered":"<p>Gabarito Extraoficial &#8211; Regimento Interno TRE-RJ Ol\u00e1 pessoal, neste artigo vamos corrigir as quest\u00f5es de Regimento Interno aplicadas na prova desta manh\u00e3 (26\/11) pela CONSULPLAN no concurso do TRE-RJ. A prova n\u00e3o estava f\u00e1cil. O examinador prestigiou, em Regimento Interno, a cobran\u00e7a de alguns pontos espec\u00edficos de prova. Vamos analisar as quest\u00f5es?! Antes, deixo aqui [&hellip;]<\/p>\n","protected":false},"author":180,"featured_media":96687,"comment_status":"open","ping_status":"closed","sticky":false,"template":"","format":"standard","meta":{"post_tipo":"article","footnotes":""},"categories":[1],"tags":[1245,616,2423],"tax_estado":[],"class_list":["post-96684","post","type-post","status-publish","format-standard","has-post-thumbnail","hentry","category-cursos-e-concursos","tag-gabarito-extraoficial","tag-regimento-interno","tag-tre-rj"],"acf":[],"yoast_head":"<!-- This site is optimized with the Yoast SEO Premium plugin v27.2 (Yoast SEO v27.2) - https:\/\/yoast.com\/product\/yoast-seo-premium-wordpress\/ -->\n<title>Gabarito Extraoficial - Regimento Interno TRE-RJ<\/title>\n<meta name=\"robots\" content=\"index, follow, max-snippet:-1, max-image-preview:large, max-video-preview:-1\" \/>\n<link rel=\"canonical\" href=\"https:\/\/www.estrategiaconcursos.com.br\/blog\/gabarito-extraoficial-regimento-interno-tre-rj\/\" \/>\n<meta property=\"og:locale\" content=\"pt_BR\" \/>\n<meta property=\"og:type\" content=\"article\" \/>\n<meta property=\"og:title\" content=\"Gabarito Extraoficial - Regimento Interno TRE-RJ\" \/>\n<meta property=\"og:description\" content=\"Gabarito Extraoficial &#8211; Regimento Interno TRE-RJ Ol\u00e1 pessoal, neste artigo vamos corrigir as quest\u00f5es de Regimento Interno aplicadas na prova desta manh\u00e3 (26\/11) pela CONSULPLAN no concurso do TRE-RJ. A prova n\u00e3o estava f\u00e1cil. O examinador prestigiou, em Regimento Interno, a cobran\u00e7a de alguns pontos espec\u00edficos de prova. Vamos analisar as quest\u00f5es?! Antes, deixo aqui [&hellip;]\" \/>\n<meta property=\"og:url\" content=\"https:\/\/www.estrategiaconcursos.com.br\/blog\/gabarito-extraoficial-regimento-interno-tre-rj\/\" \/>\n<meta property=\"og:site_name\" content=\"Estrat\u00e9gia Concursos\" \/>\n<meta property=\"article:author\" content=\"https:\/\/www.facebook.com\/ricardo.s.torques\" \/>\n<meta property=\"article:published_time\" content=\"2017-11-26T16:18:37+00:00\" \/>\n<meta property=\"article:modified_time\" content=\"2017-11-27T00:16:21+00:00\" \/>\n<meta property=\"og:image\" content=\"https:\/\/dhg1h5j42swfq.cloudfront.net\/2017\/11\/26131759\/regimento-trerj.png\" \/>\n\t<meta property=\"og:image:width\" content=\"1080\" \/>\n\t<meta property=\"og:image:height\" content=\"1080\" \/>\n\t<meta property=\"og:image:type\" content=\"image\/png\" \/>\n<meta name=\"author\" content=\"Ricardo Torques\" \/>\n<meta name=\"twitter:card\" content=\"summary_large_image\" \/>\n<meta name=\"twitter:creator\" content=\"@EstratConcursos\" \/>\n<meta name=\"twitter:site\" content=\"@EstratConcursos\" \/>\n<meta name=\"twitter:label1\" content=\"Escrito por\" \/>\n\t<meta name=\"twitter:data1\" content=\"Ricardo Torques\" \/>\n\t<meta name=\"twitter:label2\" content=\"Est. tempo de leitura\" \/>\n\t<meta name=\"twitter:data2\" content=\"10 minutos\" \/>\n<script type=\"application\/ld+json\" class=\"yoast-schema-graph\">{\"@context\":\"https:\/\/schema.org\",\"@graph\":[{\"@type\":\"NewsArticle\",\"@id\":\"https:\/\/www.estrategiaconcursos.com.br\/blog\/gabarito-extraoficial-regimento-interno-tre-rj\/#article\",\"isPartOf\":{\"@id\":\"https:\/\/www.estrategiaconcursos.com.br\/blog\/gabarito-extraoficial-regimento-interno-tre-rj\/\"},\"author\":{\"name\":\"Ricardo Torques\",\"@id\":\"https:\/\/www.estrategiaconcursos.com.br\/blog\/#\/schema\/person\/aa39cf5ddb518e5bdce27c35788405e2\"},\"headline\":\"Gabarito Extraoficial &#8211; Regimento Interno TRE-RJ\",\"datePublished\":\"2017-11-26T16:18:37+00:00\",\"dateModified\":\"2017-11-27T00:16:21+00:00\",\"mainEntityOfPage\":{\"@id\":\"https:\/\/www.estrategiaconcursos.com.br\/blog\/gabarito-extraoficial-regimento-interno-tre-rj\/\"},\"wordCount\":2039,\"commentCount\":1,\"publisher\":{\"@id\":\"https:\/\/www.estrategiaconcursos.com.br\/blog\/#organization\"},\"image\":{\"@id\":\"https:\/\/www.estrategiaconcursos.com.br\/blog\/gabarito-extraoficial-regimento-interno-tre-rj\/#primaryimage\"},\"thumbnailUrl\":\"https:\/\/dhg1h5j42swfq.cloudfront.net\/2017\/11\/26131759\/regimento-trerj.png\",\"keywords\":[\"Gabarito Extraoficial\",\"Regimento Interno\",\"TRE RJ\"],\"articleSection\":[\"Concursos P\u00fablicos\"],\"inLanguage\":\"pt-BR\",\"potentialAction\":[{\"@type\":\"CommentAction\",\"name\":\"Comment\",\"target\":[\"https:\/\/www.estrategiaconcursos.com.br\/blog\/gabarito-extraoficial-regimento-interno-tre-rj\/#respond\"]}],\"copyrightYear\":\"2017\",\"copyrightHolder\":{\"@id\":\"https:\/\/www.estrategiaconcursos.com.br\/blog\/#organization\"}},{\"@type\":\"WebPage\",\"@id\":\"https:\/\/www.estrategiaconcursos.com.br\/blog\/gabarito-extraoficial-regimento-interno-tre-rj\/\",\"url\":\"https:\/\/www.estrategiaconcursos.com.br\/blog\/gabarito-extraoficial-regimento-interno-tre-rj\/\",\"name\":\"Gabarito Extraoficial - Regimento Interno TRE-RJ\",\"isPartOf\":{\"@id\":\"https:\/\/www.estrategiaconcursos.com.br\/blog\/#website\"},\"primaryImageOfPage\":{\"@id\":\"https:\/\/www.estrategiaconcursos.com.br\/blog\/gabarito-extraoficial-regimento-interno-tre-rj\/#primaryimage\"},\"image\":{\"@id\":\"https:\/\/www.estrategiaconcursos.com.br\/blog\/gabarito-extraoficial-regimento-interno-tre-rj\/#primaryimage\"},\"thumbnailUrl\":\"https:\/\/dhg1h5j42swfq.cloudfront.net\/2017\/11\/26131759\/regimento-trerj.png\",\"datePublished\":\"2017-11-26T16:18:37+00:00\",\"dateModified\":\"2017-11-27T00:16:21+00:00\",\"breadcrumb\":{\"@id\":\"https:\/\/www.estrategiaconcursos.com.br\/blog\/gabarito-extraoficial-regimento-interno-tre-rj\/#breadcrumb\"},\"inLanguage\":\"pt-BR\",\"potentialAction\":[{\"@type\":\"ReadAction\",\"target\":[\"https:\/\/www.estrategiaconcursos.com.br\/blog\/gabarito-extraoficial-regimento-interno-tre-rj\/\"]}]},{\"@type\":\"ImageObject\",\"inLanguage\":\"pt-BR\",\"@id\":\"https:\/\/www.estrategiaconcursos.com.br\/blog\/gabarito-extraoficial-regimento-interno-tre-rj\/#primaryimage\",\"url\":\"https:\/\/dhg1h5j42swfq.cloudfront.net\/2017\/11\/26131759\/regimento-trerj.png\",\"contentUrl\":\"https:\/\/dhg1h5j42swfq.cloudfront.net\/2017\/11\/26131759\/regimento-trerj.png\",\"width\":1080,\"height\":1080},{\"@type\":\"BreadcrumbList\",\"@id\":\"https:\/\/www.estrategiaconcursos.com.br\/blog\/gabarito-extraoficial-regimento-interno-tre-rj\/#breadcrumb\",\"itemListElement\":[{\"@type\":\"ListItem\",\"position\":1,\"name\":\"In\u00edcio\",\"item\":\"https:\/\/www.estrategiaconcursos.com.br\/blog\/\"},{\"@type\":\"ListItem\",\"position\":2,\"name\":\"Gabarito Extraoficial &#8211; Regimento Interno TRE-RJ\"}]},{\"@type\":\"WebSite\",\"@id\":\"https:\/\/www.estrategiaconcursos.com.br\/blog\/#website\",\"url\":\"https:\/\/www.estrategiaconcursos.com.br\/blog\/\",\"name\":\"Estrat\u00e9gia Concursos\",\"description\":\"O blog da Estrat\u00e9gia Concursos traz not\u00edcias sobre concursos e artigos de professores oferecendo cursos para concursos (pdf + videaulas) no site.\",\"publisher\":{\"@id\":\"https:\/\/www.estrategiaconcursos.com.br\/blog\/#organization\"},\"potentialAction\":[{\"@type\":\"SearchAction\",\"target\":{\"@type\":\"EntryPoint\",\"urlTemplate\":\"https:\/\/www.estrategiaconcursos.com.br\/blog\/?s={search_term_string}\"},\"query-input\":{\"@type\":\"PropertyValueSpecification\",\"valueRequired\":true,\"valueName\":\"search_term_string\"}}],\"inLanguage\":\"pt-BR\"},{\"@type\":\"Organization\",\"@id\":\"https:\/\/www.estrategiaconcursos.com.br\/blog\/#organization\",\"name\":\"Estrat\u00e9gia Concursos\",\"url\":\"https:\/\/www.estrategiaconcursos.com.br\/blog\/\",\"logo\":{\"@type\":\"ImageObject\",\"inLanguage\":\"pt-BR\",\"@id\":\"https:\/\/www.estrategiaconcursos.com.br\/blog\/#\/schema\/logo\/image\/\",\"url\":\"https:\/\/dhg1h5j42swfq.cloudfront.net\/2025\/06\/03203428\/logo_concursos-1.jpg\",\"contentUrl\":\"https:\/\/dhg1h5j42swfq.cloudfront.net\/2025\/06\/03203428\/logo_concursos-1.jpg\",\"width\":230,\"height\":60,\"caption\":\"Estrat\u00e9gia Concursos\"},\"image\":{\"@id\":\"https:\/\/www.estrategiaconcursos.com.br\/blog\/#\/schema\/logo\/image\/\"},\"sameAs\":[\"https:\/\/x.com\/EstratConcursos\"]},{\"@type\":\"Person\",\"@id\":\"https:\/\/www.estrategiaconcursos.com.br\/blog\/#\/schema\/person\/aa39cf5ddb518e5bdce27c35788405e2\",\"name\":\"Ricardo Torques\",\"image\":{\"@type\":\"ImageObject\",\"inLanguage\":\"pt-BR\",\"@id\":\"https:\/\/secure.gravatar.com\/avatar\/ce9ac6c3cff25fe86d15ed568ebc64d1724baf5c0693133bcb1f6073f712f92a?s=96&d=mm&r=g\",\"url\":\"https:\/\/secure.gravatar.com\/avatar\/ce9ac6c3cff25fe86d15ed568ebc64d1724baf5c0693133bcb1f6073f712f92a?s=96&d=mm&r=g\",\"contentUrl\":\"https:\/\/secure.gravatar.com\/avatar\/ce9ac6c3cff25fe86d15ed568ebc64d1724baf5c0693133bcb1f6073f712f92a?s=96&d=mm&r=g\",\"caption\":\"Ricardo Torques\"},\"sameAs\":[\"https:\/\/www.facebook.com\/ricardo.s.torques\"],\"url\":\"https:\/\/www.estrategiaconcursos.com.br\/blog\/author\/ricardotorquesestrategiaconcursos-com-br\/\"}]}<\/script>\n<!-- \/ Yoast SEO Premium plugin. -->","yoast_head_json":{"title":"Gabarito Extraoficial - Regimento Interno TRE-RJ","robots":{"index":"index","follow":"follow","max-snippet":"max-snippet:-1","max-image-preview":"max-image-preview:large","max-video-preview":"max-video-preview:-1"},"canonical":"https:\/\/www.estrategiaconcursos.com.br\/blog\/gabarito-extraoficial-regimento-interno-tre-rj\/","og_locale":"pt_BR","og_type":"article","og_title":"Gabarito Extraoficial - Regimento Interno TRE-RJ","og_description":"Gabarito Extraoficial &#8211; Regimento Interno TRE-RJ Ol\u00e1 pessoal, neste artigo vamos corrigir as quest\u00f5es de Regimento Interno aplicadas na prova desta manh\u00e3 (26\/11) pela CONSULPLAN no concurso do TRE-RJ. A prova n\u00e3o estava f\u00e1cil. O examinador prestigiou, em Regimento Interno, a cobran\u00e7a de alguns pontos espec\u00edficos de prova. Vamos analisar as quest\u00f5es?! Antes, deixo aqui [&hellip;]","og_url":"https:\/\/www.estrategiaconcursos.com.br\/blog\/gabarito-extraoficial-regimento-interno-tre-rj\/","og_site_name":"Estrat\u00e9gia Concursos","article_author":"https:\/\/www.facebook.com\/ricardo.s.torques","article_published_time":"2017-11-26T16:18:37+00:00","article_modified_time":"2017-11-27T00:16:21+00:00","og_image":[{"width":1080,"height":1080,"url":"https:\/\/dhg1h5j42swfq.cloudfront.net\/2017\/11\/26131759\/regimento-trerj.png","type":"image\/png"}],"author":"Ricardo Torques","twitter_card":"summary_large_image","twitter_creator":"@EstratConcursos","twitter_site":"@EstratConcursos","twitter_misc":{"Escrito por":"Ricardo Torques","Est. tempo de leitura":"10 minutos"},"schema":{"@context":"https:\/\/schema.org","@graph":[{"@type":"NewsArticle","@id":"https:\/\/www.estrategiaconcursos.com.br\/blog\/gabarito-extraoficial-regimento-interno-tre-rj\/#article","isPartOf":{"@id":"https:\/\/www.estrategiaconcursos.com.br\/blog\/gabarito-extraoficial-regimento-interno-tre-rj\/"},"author":{"name":"Ricardo Torques","@id":"https:\/\/www.estrategiaconcursos.com.br\/blog\/#\/schema\/person\/aa39cf5ddb518e5bdce27c35788405e2"},"headline":"Gabarito Extraoficial &#8211; Regimento Interno TRE-RJ","datePublished":"2017-11-26T16:18:37+00:00","dateModified":"2017-11-27T00:16:21+00:00","mainEntityOfPage":{"@id":"https:\/\/www.estrategiaconcursos.com.br\/blog\/gabarito-extraoficial-regimento-interno-tre-rj\/"},"wordCount":2039,"commentCount":1,"publisher":{"@id":"https:\/\/www.estrategiaconcursos.com.br\/blog\/#organization"},"image":{"@id":"https:\/\/www.estrategiaconcursos.com.br\/blog\/gabarito-extraoficial-regimento-interno-tre-rj\/#primaryimage"},"thumbnailUrl":"https:\/\/dhg1h5j42swfq.cloudfront.net\/2017\/11\/26131759\/regimento-trerj.png","keywords":["Gabarito Extraoficial","Regimento Interno","TRE RJ"],"articleSection":["Concursos P\u00fablicos"],"inLanguage":"pt-BR","potentialAction":[{"@type":"CommentAction","name":"Comment","target":["https:\/\/www.estrategiaconcursos.com.br\/blog\/gabarito-extraoficial-regimento-interno-tre-rj\/#respond"]}],"copyrightYear":"2017","copyrightHolder":{"@id":"https:\/\/www.estrategiaconcursos.com.br\/blog\/#organization"}},{"@type":"WebPage","@id":"https:\/\/www.estrategiaconcursos.com.br\/blog\/gabarito-extraoficial-regimento-interno-tre-rj\/","url":"https:\/\/www.estrategiaconcursos.com.br\/blog\/gabarito-extraoficial-regimento-interno-tre-rj\/","name":"Gabarito Extraoficial - Regimento Interno TRE-RJ","isPartOf":{"@id":"https:\/\/www.estrategiaconcursos.com.br\/blog\/#website"},"primaryImageOfPage":{"@id":"https:\/\/www.estrategiaconcursos.com.br\/blog\/gabarito-extraoficial-regimento-interno-tre-rj\/#primaryimage"},"image":{"@id":"https:\/\/www.estrategiaconcursos.com.br\/blog\/gabarito-extraoficial-regimento-interno-tre-rj\/#primaryimage"},"thumbnailUrl":"https:\/\/dhg1h5j42swfq.cloudfront.net\/2017\/11\/26131759\/regimento-trerj.png","datePublished":"2017-11-26T16:18:37+00:00","dateModified":"2017-11-27T00:16:21+00:00","breadcrumb":{"@id":"https:\/\/www.estrategiaconcursos.com.br\/blog\/gabarito-extraoficial-regimento-interno-tre-rj\/#breadcrumb"},"inLanguage":"pt-BR","potentialAction":[{"@type":"ReadAction","target":["https:\/\/www.estrategiaconcursos.com.br\/blog\/gabarito-extraoficial-regimento-interno-tre-rj\/"]}]},{"@type":"ImageObject","inLanguage":"pt-BR","@id":"https:\/\/www.estrategiaconcursos.com.br\/blog\/gabarito-extraoficial-regimento-interno-tre-rj\/#primaryimage","url":"https:\/\/dhg1h5j42swfq.cloudfront.net\/2017\/11\/26131759\/regimento-trerj.png","contentUrl":"https:\/\/dhg1h5j42swfq.cloudfront.net\/2017\/11\/26131759\/regimento-trerj.png","width":1080,"height":1080},{"@type":"BreadcrumbList","@id":"https:\/\/www.estrategiaconcursos.com.br\/blog\/gabarito-extraoficial-regimento-interno-tre-rj\/#breadcrumb","itemListElement":[{"@type":"ListItem","position":1,"name":"In\u00edcio","item":"https:\/\/www.estrategiaconcursos.com.br\/blog\/"},{"@type":"ListItem","position":2,"name":"Gabarito Extraoficial &#8211; Regimento Interno TRE-RJ"}]},{"@type":"WebSite","@id":"https:\/\/www.estrategiaconcursos.com.br\/blog\/#website","url":"https:\/\/www.estrategiaconcursos.com.br\/blog\/","name":"Estrat\u00e9gia Concursos","description":"O blog da Estrat\u00e9gia Concursos traz not\u00edcias sobre concursos e artigos de professores oferecendo cursos para concursos (pdf + videaulas) no site.","publisher":{"@id":"https:\/\/www.estrategiaconcursos.com.br\/blog\/#organization"},"potentialAction":[{"@type":"SearchAction","target":{"@type":"EntryPoint","urlTemplate":"https:\/\/www.estrategiaconcursos.com.br\/blog\/?s={search_term_string}"},"query-input":{"@type":"PropertyValueSpecification","valueRequired":true,"valueName":"search_term_string"}}],"inLanguage":"pt-BR"},{"@type":"Organization","@id":"https:\/\/www.estrategiaconcursos.com.br\/blog\/#organization","name":"Estrat\u00e9gia Concursos","url":"https:\/\/www.estrategiaconcursos.com.br\/blog\/","logo":{"@type":"ImageObject","inLanguage":"pt-BR","@id":"https:\/\/www.estrategiaconcursos.com.br\/blog\/#\/schema\/logo\/image\/","url":"https:\/\/dhg1h5j42swfq.cloudfront.net\/2025\/06\/03203428\/logo_concursos-1.jpg","contentUrl":"https:\/\/dhg1h5j42swfq.cloudfront.net\/2025\/06\/03203428\/logo_concursos-1.jpg","width":230,"height":60,"caption":"Estrat\u00e9gia Concursos"},"image":{"@id":"https:\/\/www.estrategiaconcursos.com.br\/blog\/#\/schema\/logo\/image\/"},"sameAs":["https:\/\/x.com\/EstratConcursos"]},{"@type":"Person","@id":"https:\/\/www.estrategiaconcursos.com.br\/blog\/#\/schema\/person\/aa39cf5ddb518e5bdce27c35788405e2","name":"Ricardo Torques","image":{"@type":"ImageObject","inLanguage":"pt-BR","@id":"https:\/\/secure.gravatar.com\/avatar\/ce9ac6c3cff25fe86d15ed568ebc64d1724baf5c0693133bcb1f6073f712f92a?s=96&d=mm&r=g","url":"https:\/\/secure.gravatar.com\/avatar\/ce9ac6c3cff25fe86d15ed568ebc64d1724baf5c0693133bcb1f6073f712f92a?s=96&d=mm&r=g","contentUrl":"https:\/\/secure.gravatar.com\/avatar\/ce9ac6c3cff25fe86d15ed568ebc64d1724baf5c0693133bcb1f6073f712f92a?s=96&d=mm&r=g","caption":"Ricardo Torques"},"sameAs":["https:\/\/www.facebook.com\/ricardo.s.torques"],"url":"https:\/\/www.estrategiaconcursos.com.br\/blog\/author\/ricardotorquesestrategiaconcursos-com-br\/"}]}},"_links":{"self":[{"href":"https:\/\/www.estrategiaconcursos.com.br\/blog\/wp-json\/wp\/v2\/posts\/96684","targetHints":{"allow":["GET"]}}],"collection":[{"href":"https:\/\/www.estrategiaconcursos.com.br\/blog\/wp-json\/wp\/v2\/posts"}],"about":[{"href":"https:\/\/www.estrategiaconcursos.com.br\/blog\/wp-json\/wp\/v2\/types\/post"}],"author":[{"embeddable":true,"href":"https:\/\/www.estrategiaconcursos.com.br\/blog\/wp-json\/wp\/v2\/users\/180"}],"replies":[{"embeddable":true,"href":"https:\/\/www.estrategiaconcursos.com.br\/blog\/wp-json\/wp\/v2\/comments?post=96684"}],"version-history":[{"count":5,"href":"https:\/\/www.estrategiaconcursos.com.br\/blog\/wp-json\/wp\/v2\/posts\/96684\/revisions"}],"predecessor-version":[{"id":97101,"href":"https:\/\/www.estrategiaconcursos.com.br\/blog\/wp-json\/wp\/v2\/posts\/96684\/revisions\/97101"}],"wp:featuredmedia":[{"embeddable":true,"href":"https:\/\/www.estrategiaconcursos.com.br\/blog\/wp-json\/wp\/v2\/media\/96687"}],"wp:attachment":[{"href":"https:\/\/www.estrategiaconcursos.com.br\/blog\/wp-json\/wp\/v2\/media?parent=96684"}],"wp:term":[{"taxonomy":"category","embeddable":true,"href":"https:\/\/www.estrategiaconcursos.com.br\/blog\/wp-json\/wp\/v2\/categories?post=96684"},{"taxonomy":"post_tag","embeddable":true,"href":"https:\/\/www.estrategiaconcursos.com.br\/blog\/wp-json\/wp\/v2\/tags?post=96684"},{"taxonomy":"tax_estado","embeddable":true,"href":"https:\/\/www.estrategiaconcursos.com.br\/blog\/wp-json\/wp\/v2\/tax_estado?post=96684"}],"curies":[{"name":"wp","href":"https:\/\/api.w.org\/{rel}","templated":true}]}}