{"id":96656,"date":"2017-11-26T18:00:03","date_gmt":"2017-11-26T21:00:03","guid":{"rendered":"https:\/\/www.estrategiaconcursos.com.br\/blog\/?p=96656"},"modified":"2018-09-18T12:05:45","modified_gmt":"2018-09-18T15:05:45","slug":"raciocinio-logico-trf-1-prova-resolvida-e-gabarito-extraoficial","status":"publish","type":"post","link":"https:\/\/www.estrategiaconcursos.com.br\/blog\/raciocinio-logico-trf-1-prova-resolvida-e-gabarito-extraoficial\/","title":{"rendered":"Gabarito Racioc\u00ednio L\u00f3gico TRF 1 &#8211; prova resolvida"},"content":{"rendered":"<p style=\"text-align: justify;\">Caros alunos,<\/p>\n<p style=\"text-align: justify;\">Vejam a seguir a prova resolvida do TRF 1 para os cargos de\u00a0<strong>Analista Judici\u00e1rio, Oficial de Justi\u00e7a e<\/strong>\u00a0<strong>T\u00e9cnico Judici\u00e1rio<\/strong>.<\/p>\n<p style=\"text-align: justify;\">QUER DEBATER ALGUMA QUEST\u00c3O? Publique um coment\u00e1rio ao final deste artigo!!!<\/p>\n<p>&nbsp;<\/p>\n<h3 style=\"text-align: justify;\">Prova e Gabarito TRF1 &#8211; Analista Judici\u00e1rio e Oficial de Justi\u00e7a<\/h3>\n<p style=\"text-align: justify;\"><strong>TEXTO CB1A6AAA<\/strong><\/p>\n<p style=\"text-align: justify;\"><em>A centralidade das rela\u00e7\u00f5es entre a argumenta\u00e7\u00e3o e a quest\u00e3o da autoridade tornou-se, nos nossos dias, ainda mais evidente, com a especializa\u00e7\u00e3o dos saberes e com a emerg\u00eancia da figura dos especialistas ou peritos. A complexidade da nossa sociedade levou a que se incrementasse a especializa\u00e7\u00e3o, e esta &#8211; por menos que gostemos disso &#8211; aumenta a nossa confian\u00e7a nas figuras de autoridade. N\u00e3o estamos aptos a inspecionar, por n\u00f3s pr\u00f3prios, provas em todos os dom\u00ednios da atividade humana, logo, fazemos a melhor coisa que nos \u00e9 poss\u00edvel fazer: confiamos em especialistas devidamente credenciados.\u00a0<\/em><\/p>\n<p style=\"text-align: justify;\">Considerando aspectos pertinentes ao racioc\u00ednio anal\u00edtico, julgue os pr\u00f3ximos itens, relativos ao texto CB1A6AAA.<\/p>\n<p style=\"text-align: justify;\"><strong>CESPE &#8211; TRF1 &#8211; 2017)<\/strong>\u00a0Conforme a argumenta\u00e7\u00e3o desenvolvida no texto, peritos n\u00e3o mentem. Logo, se eles disserem, por exemplo, que o melhor modo de prevenir uma guerra \u00e9 estar preparado para ela, as pessoas dever\u00e3o tomar como verdadeira essa afirma\u00e7\u00e3o.<\/p>\n<p style=\"text-align: justify;\"><strong>RESOLU\u00c7\u00c3O:<\/strong><\/p>\n<p style=\"text-align: justify;\">ERRADO. Temos aqui um argumento de autoridade, que \u00e9 um tipo de fal\u00e1cia.<\/p>\n<p style=\"text-align: justify;\"><strong>Resposta: E<\/strong><\/p>\n<p style=\"text-align: justify;\"><strong>CESPE &#8211; TRF1 &#8211; 2017)<\/strong>\u00a0Infere-se do texto que, n\u00e3o sendo o conhecimento acess\u00edvel a cada ser humano nas diversas \u00e1reas de especializa\u00e7\u00e3o, \u00e9 preciso consultar os peritos nessas \u00e1reas e neles confiar.<\/p>\n<p style=\"text-align: justify;\"><strong>RESOLU\u00c7\u00c3O:<\/strong><\/p>\n<p style=\"text-align: justify;\">CORRETO,\u00a0pois de fato o texto afirma que n\u00e3o estamos aptos a inspecionar provas em todos os dom\u00ednios, logo confiamos nos especialistas.<\/p>\n<p style=\"text-align: justify;\"><strong>Resposta: C<\/strong><\/p>\n<p style=\"text-align: justify;\"><strong>CESPE &#8211; TRF1 &#8211; 2017)<\/strong> O texto centra-se na premissa de que, com a especializa\u00e7\u00e3o dos saberes, a confian\u00e7a nos especialistas tornou-se uma defici\u00eancia inevit\u00e1vel, que alija qualquer pensamento cr\u00edtico.<\/p>\n<p style=\"text-align: justify;\"><strong>RESOLU\u00c7\u00c3O:<\/strong><\/p>\n<p style=\"text-align: justify;\">ERRADO, a ideia de que \u00e9 inevit\u00e1vel confiar nos especialistas \u00e9 a conclus\u00e3o do argumento, e n\u00e3o uma premissa.<\/p>\n<p style=\"text-align: justify;\"><strong>Resposta: E<\/strong><\/p>\n<p style=\"text-align: justify;\"><strong>TEXTO CB1A6BBB<\/strong><\/p>\n<p style=\"text-align: justify;\"><em>O uso de animais em pesquisas e testes cient\u00edficos \u00e9 submetido a comit\u00eas de \u00e9tica com o intuito de evitar procedimentos que lhes causem sofrimento ou dor. Caso o Brasil abolisse a pr\u00e1tica de testes desse tipo, a ci\u00eancia brasileira se tornaria dependente da tecnologia externa. Como cientista, posso apresentar exemplos de a\u00e7\u00f5es que custaram a vida de animais, mas que salvaram muitas vidas humanas.\u00a0<\/em><\/p>\n<p style=\"text-align: justify;\">Considerando aspectos pertinentes ao racioc\u00ednio anal\u00edtico, julgue os pr\u00f3ximos itens, relativos ao texto CB1A6BBB.<\/p>\n<p style=\"text-align: justify;\"><strong>CESPE &#8211; TRF1 &#8211; 2017)<\/strong> No in\u00edcio do \u00faltimo per\u00edodo do texto, o emprego do termo &#8220;cientista&#8221; faz pressupor que o autor do texto se especializou em alguma ci\u00eancia natural ou se dedica a ela e que, por isso, tem autoridade para tratar do tema.<\/p>\n<p style=\"text-align: justify;\"><strong>RESOLU\u00c7\u00c3O:<\/strong><\/p>\n<p style=\"text-align: justify;\">CORRETO. Ao citar que \u00e9 cientista, o autor do texto busca refor\u00e7ar o seu argumento, apresentando-se como uma autoridade que tem conhecimento para discutir o tema.<\/p>\n<p style=\"text-align: justify;\"><strong>Resposta: C<\/strong><\/p>\n<p style=\"text-align: justify;\"><strong>CESPE &#8211; TRF1 &#8211; 2017)<\/strong> No trecho &#8220;posso apresentar exemplos de a\u00e7\u00f5es que custaram a vida de animais, mas que salvaram muitas vidas humanas &#8211; no \u00faltimo per\u00edodo do texto -, emprega-se um argumento fundamentado em um racioc\u00ednio falacioso de indu\u00e7\u00e3o.<\/p>\n<p style=\"text-align: justify;\"><strong>RESOLU\u00c7\u00c3O:<\/strong><\/p>\n<p style=\"text-align: justify;\">O Cespe entendeu que este \u00e9 um argumento falacioso, uma vez que o cientista DIZ QUE VAI APRESENTAR os exemplos, mas n\u00e3o efetivamente os apresenta, incorrendo assim num apelo a autoridade. Assim, o item foi considerado CERTO.<\/p>\n<p style=\"text-align: justify;\">Para aqueles que quiserem apresentar recursos, deixo abaixo alguns elementos:<\/p>\n<p style=\"text-align: justify;\"><em>Considerando que a fala do cientista realmente acaba neste trecho, temos um racioc\u00ednio falacioso (apelo \u00e0 autoridade), mas n\u00e3o necessariamente indutivo, pois o racioc\u00ednio indutivo implica na apresenta\u00e7\u00e3o de casos particulares que levem a uma conclus\u00e3o geral. Isto N\u00c3O aconteceu, embora o cientista tenha dito que iria apresentar os exemplos. Isto tornaria o item ERRADO (temos uma fal\u00e1cia, mas n\u00e3o uma indu\u00e7\u00e3o).<\/em><\/p>\n<p style=\"text-align: justify;\"><em>Por outro lado, se considerarmos que o cientista efetivamente apresentar\u00e1 os exemplos, a\u00ed passamos a ter um racioc\u00ednio indutivo, por\u00e9m n\u00e3o necessariamente falacioso. Isto tamb\u00e9m tornaria o item ERRADO.\u00a0<\/em><\/p>\n<p style=\"text-align: justify;\"><strong>Resposta: C<\/strong><\/p>\n<p style=\"text-align: justify;\"><em>Em uma reuni\u00e3o de colegiado, ap\u00f3s a aprova\u00e7\u00e3o de uma mat\u00e9ria pol\u00eamica pelo placar de 6 votos a favor e 5 contra, um dos 11 presentes fez a seguinte afirma\u00e7\u00e3o: &#8220;Basta um de n\u00f3s mudar de ideia e a decis\u00e3o ser\u00e1 totalmente modificada&#8221;.<\/em><\/p>\n<p style=\"text-align: justify;\"><strong>CESPE &#8211; TRF1 &#8211; 2017) <\/strong>A quantidade de maneiras distintas de se formar o placar de 6 votos a favor e 5 contra, na decis\u00e3o de um assunto pol\u00eamico pelos presentes no referido colegiado, \u00e9 inferior a 500.<\/p>\n<p style=\"text-align: justify;\"><strong>RESOLU\u00c7\u00c3O:<\/strong><\/p>\n<p style=\"text-align: justify;\">Note que basta selecionarmos 5 das 11 pessoas para votar contra, e os demais automaticamente votar\u00e3o a favor. Como a ordem de escolha n\u00e3o importa, temos a combina\u00e7\u00e3o de 11 em grupos de 5, isto \u00e9,<\/p>\n<p style=\"text-align: justify;\">C(11,5) = 11x10x9x8x7 \/ (5x4x3x2x1)<\/p>\n<p style=\"text-align: justify;\">C(11,5) = 11x9x8x7 \/ (4&#215;3)<\/p>\n<p style=\"text-align: justify;\">C(11,5) = 11x3x2x7<\/p>\n<p style=\"text-align: justify;\">C(11,5) = 462<\/p>\n<p style=\"text-align: justify;\">Item CORRETO.<\/p>\n<p style=\"text-align: justify;\"><strong>Resposta: C<\/strong><\/p>\n<p style=\"text-align: justify;\"><strong>CESPE &#8211; TRF1 &#8211; 2017)<\/strong> A nega\u00e7\u00e3o da proposi\u00e7\u00e3o pode ser expressa por &#8220;basta um de n\u00f3s n\u00e3o mudar de ideia ou a decis\u00e3o n\u00e3o ser\u00e1 totalmente modificada&#8221;.<\/p>\n<p style=\"text-align: justify;\"><strong>RESOLU\u00c7\u00c3O:<\/strong><\/p>\n<p style=\"text-align: justify;\">Temos a proposi\u00e7\u00e3o &#8220;p &#8211;&gt; q&#8221; onde:<\/p>\n<p style=\"text-align: justify;\">p = Basta um de n\u00f3s mudar de ideia<\/p>\n<p style=\"text-align: justify;\">q = a decis\u00e3o ser\u00e1 totalmente modificada<\/p>\n<p style=\"text-align: justify;\">A sua nega\u00e7\u00e3o \u00e9 &#8220;p e ~q&#8221;, onde:<\/p>\n<p style=\"text-align: justify;\">~q = a decis\u00e3o N\u00c3O ser\u00e1 totalmente modificada<\/p>\n<p style=\"text-align: justify;\">A nega\u00e7\u00e3o pode ser escrita, portanto, da seguinte forma:<\/p>\n<p style=\"text-align: justify;\">&#8220;Basta um de n\u00f3s mudar de ideia E a decis\u00e3o N\u00c3O ser\u00e1 totalmente modificada&#8221;<\/p>\n<p style=\"text-align: justify;\"><strong>Resposta: E<\/strong><\/p>\n<p style=\"text-align: justify;\"><strong>CESPE &#8211; TRF1 &#8211; 2017)<\/strong> A proposi\u00e7\u00e3o \u00e9 equivalente, sob o ponto de vista da l\u00f3gica sentencial, \u00e0 proposi\u00e7\u00e3o &#8220;Desde que um membro mude de ideia, a decis\u00e3o ser\u00e1 totalmente modificada&#8221;.<\/p>\n<p style=\"text-align: justify;\"><strong>RESOLU\u00c7\u00c3O:<\/strong><\/p>\n<p style=\"text-align: justify;\">CORRETO, pois em ambos os casos estamos diante da condicional onde a condi\u00e7\u00e3o &#8220;um membro mudar de ideia&#8221; leva ao resultado &#8220;a decis\u00e3o ser\u00e1 totalmente modificada&#8221;. Podemos, inclusive, escrev\u00ea-la na forma:<\/p>\n<p style=\"text-align: justify;\"><span style=\"text-align: justify;\">&#8220;Se um membro mudar de ideia, a decis\u00e3o ser\u00e1 totalmente modificada&#8221;<\/span><\/p>\n<p style=\"text-align: justify;\"><strong style=\"text-align: justify;\">Resposta: C<\/strong><\/p>\n<p style=\"text-align: justify;\"><strong>CESPE &#8211; TRF1 &#8211; 2017)<\/strong> A tabela-verdade da referida proposi\u00e7\u00e3o, constru\u00edda a partir dos valores l\u00f3gicos das proposi\u00e7\u00f5es simples que a comp\u00f5em, tem mais de 8 linhas.<\/p>\n<p style=\"text-align: justify;\"><strong>RESOLU\u00c7\u00c3O:<\/strong><\/p>\n<p style=\"text-align: justify;\">ERRADO, temos apenas 2 proposi\u00e7\u00f5es simples, de modo que a tabela tem 4 linhas.<\/p>\n<p style=\"text-align: justify;\"><strong>Resposta: E<\/strong><\/p>\n<p style=\"text-align: justify;\"><strong>CESPE &#8211; TRF1 &#8211; 2017)<\/strong> Se A for o conjunto dos presentes que votaram a favor e B for o conjunto dos presentes que votaram contra, ent\u00e3o o conjunto diferen\u00e7a A\\B ter\u00e1 exatamente um elemento.<\/p>\n<p style=\"text-align: justify;\"><strong>RESOLU\u00c7\u00c3O:<\/strong><\/p>\n<p style=\"text-align: justify;\">Veja que o CESPE cobrou novamente aqui uma simbologia j\u00e1 exigida no concurso do INSS em 2016. A express\u00e3o A\\B corresponde ao conjunto A-B. Para obt\u00ea-lo, devemos pegar o conjunto A (composto por 6 pessoas que votaram a favor) e retirar aquelas pessoas que TAMB\u00c9M fa\u00e7am parte do conjunto B (composto por 5 pessoas que votaram contra).<\/p>\n<p style=\"text-align: justify;\">Como n\u00e3o h\u00e1 interse\u00e7\u00e3o entre os 2 conjuntos (ningu\u00e9m votou a favor e contra ao mesmo tempo), n\u00e3o \u00e9 preciso tirar ningu\u00e9m do conjunto A, ou seja, A &#8211; B = A, tendo SEIS elementos, e n\u00e3o somente um.<\/p>\n<p style=\"text-align: justify;\">Item ERRADO<\/p>\n<p style=\"text-align: justify;\"><strong>Resposta: E<\/strong><\/p>\n<h3 style=\"text-align: justify;\"><\/h3>\n<h3 style=\"text-align: justify;\">Prova e Gabarito TRF1 &#8211; T\u00e9cnico Judici\u00e1rio<\/h3>\n<p style=\"text-align: justify;\"><strong>Texto CB2A6AAA<\/strong><\/p>\n<p style=\"text-align: justify;\">Venho acompanhando pelo jornal um debate acalorado entre professores universit\u00e1rios a respeito de um tema da especialidade deles: sistemas de informa\u00e7\u00e3o. O debate, que se iniciou com dois professores e acabou envolvendo outros mais, terminou sem que se chegasse a uma conclus\u00e3o uniforme. Isso nos leva a concluir que o homem n\u00e3o \u00e9 mesmo capaz de entrar em entendimento e que, por isso, o mundo est\u00e1 repleto de guerras.<\/p>\n<p style=\"text-align: justify;\"><strong>CESPE &#8211; TRF1 &#8211; 2017)<\/strong>\u00a0Pode-se extrair do texto a seguinte proposi\u00e7\u00e3o categ\u00f3rica afirmativa particular: &#8220;Alguns professores universit\u00e1rios participavam de um debate&#8221;.<\/p>\n<p style=\"text-align: justify;\"><strong>RESOLU\u00c7\u00c3O:<\/strong><\/p>\n<p style=\"text-align: justify;\">CORRETO. Trata-se de uma proposi\u00e7\u00e3o categ\u00f3rica (veja o &#8220;alguns&#8221;) que AFIRMA algo para um grupo PARTICULAR de professores, e n\u00e3o para todos eles.<\/p>\n<p style=\"text-align: justify;\"><strong>Resposta: C<\/strong><\/p>\n<p style=\"text-align: justify;\"><strong>CESPE &#8211; TRF1 &#8211; 2017)<\/strong>\u00a0A conclus\u00e3o apresentada no texto cont\u00e9m no\u00e7\u00f5es semiformalizadas.<\/p>\n<p style=\"text-align: justify;\"><strong>RESOLU\u00c7\u00c3O:<\/strong><\/p>\n<p style=\"text-align: justify;\">O uso de No\u00e7\u00f5es Semiformalizadas consiste na utiliza\u00e7\u00e3o de certos conceitos de forma equivocada, seja por desconhecimento ou propositalmente. No caso deste texto N\u00c3O h\u00e1 o emprego de no\u00e7\u00f5es semiformalizadas. Isto poderia ocorrer, por exemplo, se o autor do texto (que aparentemente \u00e9 leigo no tema &#8220;sistema de informa\u00e7\u00f5es&#8221;), tentasse defini-lo de forma imprecisa. Item ERRADO<\/p>\n<p style=\"text-align: justify;\"><strong>Resposta: E<\/strong><\/p>\n<p style=\"text-align: justify;\"><strong>Texto CB2A6BBB<\/strong><\/p>\n<p style=\"text-align: justify;\"><em>A maior prova de honestidade que realmente posso dar nesse momento \u00e9 dizer que continuarei sendo o cidad\u00e3o desonesto que sempre fui.\u00a0<\/em><\/p>\n<p style=\"text-align: justify;\"><strong>CESPE &#8211; TRF1 &#8211; 2017)<\/strong>\u00a0A partir da frase apresentada, conclui-se que,\u00a0 n\u00e3o sendo poss\u00edvel provar que o que \u00e9 enunciado \u00e9 falso, ent\u00e3o o enunciador \u00e9, de fato, honesto.<\/p>\n<p style=\"text-align: justify;\"><strong>RESOLU\u00c7\u00c3O:<\/strong><\/p>\n<p style=\"text-align: justify;\">Trata-se de um item que cont\u00e9m um paradoxo (se voc\u00ea aceitar que o cidad\u00e3o \u00e9 honesto, concluir\u00e1 que ele \u00e9 desonesto), motivo pelo qual o gabarito preliminar deve ser ERRADO. A partir de um paradoxo, n\u00e3o se chega a qualquer conclus\u00e3o.<\/p>\n<p style=\"text-align: justify;\"><strong>Resposta: E<\/strong><\/p>\n<p style=\"text-align: justify;\"><strong>CESPE &#8211; TRF1 &#8211; 2017)<\/strong>\u00a0Verifica-se a ocorr\u00eancia de fal\u00e1cia no argumento da frase.<\/p>\n<p style=\"text-align: justify;\"><strong>RESOLU\u00c7\u00c3O:<\/strong><\/p>\n<p style=\"text-align: justify;\">O Cespe entendeu que se tratava de uma fal\u00e1cia, por ser um racioc\u00ednio equivocado. Assim, o item foi dado como CERTO.<\/p>\n<p style=\"text-align: justify;\">Para aqueles que pretendem entrar com recurso, deixo aqui alguns elementos:<\/p>\n<p style=\"text-align: justify;\"><em>Fal\u00e1cias s\u00e3o argumentos equivocados com apar\u00eancia de corretos. Paradoxos s\u00e3o enunciados que permitem levar a conclus\u00f5es contradit\u00f3rias. O argumento da frase \u00e9 um Paradoxo, uma vez que ele permite inferir que a pessoa \u00e9 honesta como tamb\u00e9m que a pessoa \u00e9 desonesta. Trata-se de um absurdo. A palavra &#8220;paradoxo&#8221; significa, justamente, &#8220;o que est\u00e1 al\u00e9m do senso comum&#8221;. N\u00e3o estamos diante de uma fal\u00e1cia formal, de ambiguidade ou de relev\u00e2ncia. Assim, o item deveria ser considerado ERRADO.<\/em><\/p>\n<p style=\"text-align: justify;\"><strong>Resposta: C<\/strong><\/p>\n<p style=\"text-align: justify;\"><strong>CESPE &#8211; TRF1 &#8211; 2017)<\/strong>\u00a0Pode-se inferir da frase que a maior parte dos cidad\u00e3os \u00e9 corrupta e que, portanto, a sociedade \u00e9 corrupta em sua totalidade.<\/p>\n<p style=\"text-align: justify;\"><strong>RESOLU\u00c7\u00c3O:<\/strong><\/p>\n<p style=\"text-align: justify;\">ERRADO. Trata-se de uma generaliza\u00e7\u00e3o falaciosa, partindo de um caso particular extrapolando para todos os demais.<\/p>\n<p style=\"text-align: justify;\"><strong>Resposta: E<\/strong><\/p>\n<p style=\"text-align: justify;\"><em>A partir da proposi\u00e7\u00e3o P: &#8220;Quem pode mais, chora menos&#8221;, que corresponde a um ditado popular, julgue os pr\u00f3ximos itens.<\/em><\/p>\n<p style=\"text-align: justify;\"><strong>CESPE &#8211; TRF1 &#8211; 2017)<\/strong>\u00a0A nega\u00e7\u00e3o da proposi\u00e7\u00e3o P pode ser expressa por &#8220;Quem pode menos, chora mais&#8221;.<\/p>\n<p style=\"text-align: justify;\"><strong>RESOLU\u00c7\u00c3O:<\/strong><\/p>\n<p style=\"text-align: justify;\">A proposi\u00e7\u00e3o \u00e9 a condicional &#8220;Se pode mais &#8211;&gt; chora menos&#8221;. A nega\u00e7\u00e3o de p&#8211;&gt;q \u00e9 dada por &#8220;p e n\u00e3o-q&#8221;, ou seja:<\/p>\n<p style=\"text-align: justify;\">&#8220;Pode mais E N\u00c3O chora menos&#8221;<\/p>\n<p style=\"text-align: justify;\">N\u00e3o \u00e9 isso que temos neste item. ERRADO.<\/p>\n<p style=\"text-align: justify;\"><strong>Resposta: E<\/strong><\/p>\n<p style=\"text-align: justify;\"><strong>CESPE &#8211; TRF1 &#8211; 2017)<\/strong>\u00a0Do ponto de vista da l\u00f3gica sentencial, a proposi\u00e7\u00e3o P \u00e9 equivalente a &#8220;Se pode mais, o indiv\u00edduo chora menos&#8221;.<\/p>\n<p style=\"text-align: justify;\"><strong>RESOLU\u00c7\u00c3O:<\/strong><\/p>\n<p style=\"text-align: justify;\">A proposi\u00e7\u00e3o \u00e9 a condicional &#8220;Se pode mais &#8211;&gt; chora menos&#8221;. Item CORRETO.<\/p>\n<p style=\"text-align: justify;\"><strong>Resposta: C<\/strong><\/p>\n<p style=\"text-align: justify;\"><strong>CESPE &#8211; TRF1 &#8211; 2017)<\/strong>\u00a0A tabela verdade da proposi\u00e7\u00e3o P, constru\u00edda a partir dos valores l\u00f3gicos das proposi\u00e7\u00f5es simples que a comp\u00f5em, tem pelo menos 8 linhas.<\/p>\n<p style=\"text-align: justify;\"><strong>RESOLU\u00c7\u00c3O:<\/strong><\/p>\n<p style=\"text-align: justify;\">ERRADO, s\u00e3o 2 proposi\u00e7\u00f5es simples, o que resulta em 4 linhas.<\/p>\n<p style=\"text-align: justify;\"><strong>Resposta: E<\/strong><\/p>\n<p style=\"text-align: justify;\"><strong>CESPE &#8211; TRF1 &#8211; 2017)<\/strong>\u00a0A nega\u00e7\u00e3o da proposi\u00e7\u00e3o P pode ser expressa por &#8220;Quem n\u00e3o pode mais, n\u00e3o chora menos&#8221;.<\/p>\n<p style=\"text-align: justify;\"><strong>RESOLU\u00c7\u00c3O:<\/strong><\/p>\n<p style=\"text-align: justify;\">A proposi\u00e7\u00e3o \u00e9 a condicional &#8220;Se pode mais &#8211;&gt; chora menos&#8221;. A nega\u00e7\u00e3o de p&#8211;&gt;q \u00e9 dada por &#8220;p e n\u00e3o-q&#8221;, ou seja:<\/p>\n<p style=\"text-align: justify;\">&#8220;Pode mais E N\u00c3O chora menos&#8221;<\/p>\n<p style=\"text-align: justify;\">N\u00e3o \u00e9 isso que temos neste item. ERRADO.<\/p>\n<p style=\"text-align: justify;\"><strong>Resposta: E<\/strong><\/p>\n<p style=\"text-align: justify;\"><strong>CESPE &#8211; TRF1 &#8211; 2017)<\/strong>\u00a0Se a proposi\u00e7\u00e3o P for verdadeira, ent\u00e3o o conjunto formado por indiv\u00edduos que podem mais est\u00e1 contido no conjunto dos indiv\u00edduos que choram menos.<\/p>\n<p style=\"text-align: justify;\"><strong>RESOLU\u00c7\u00c3O:<\/strong><\/p>\n<p style=\"text-align: justify;\">Em uma condicional p&#8211;&gt;q, sabemos que p \u00e9 suficiente para q. Isto \u00e9, ser &#8220;p&#8221; \u00e9 suficiente para ser &#8220;q&#8221;. Em outras palavras, pertencer ao conjunto &#8220;p&#8221; \u00e9 suficiente para tamb\u00e9m pertencer ao conjunto &#8220;q&#8221;.<\/p>\n<p style=\"text-align: justify;\">Ou seja, pertencer ao conjunto &#8220;pode mais&#8221; \u00e9 suficiente para pertencer tamb\u00e9m ao conjunto &#8220;chora menos&#8221;. Logo, o conjunto &#8220;pode mais&#8221; EST\u00c1 CONTIDO&#8221; no conjunto &#8220;chora menos&#8221;. Item CORRETO.<\/p>\n<p style=\"text-align: justify;\"><strong>Resposta: C<\/strong><\/p>\n","protected":false},"excerpt":{"rendered":"<p>Caros alunos, Vejam a seguir a prova resolvida do TRF 1 para os cargos de\u00a0Analista Judici\u00e1rio, Oficial de Justi\u00e7a e\u00a0T\u00e9cnico Judici\u00e1rio. QUER DEBATER ALGUMA QUEST\u00c3O? Publique um coment\u00e1rio ao final deste artigo!!! &nbsp; Prova e Gabarito TRF1 &#8211; Analista Judici\u00e1rio e Oficial de Justi\u00e7a TEXTO CB1A6AAA A centralidade das rela\u00e7\u00f5es entre a argumenta\u00e7\u00e3o e a [&hellip;]<\/p>\n","protected":false},"author":48,"featured_media":43262,"comment_status":"open","ping_status":"closed","sticky":false,"template":"","format":"standard","meta":{"post_tipo":"article","footnotes":""},"categories":[],"tags":[3119],"tax_estado":[],"class_list":["post-96656","post","type-post","status-publish","format-standard","has-post-thumbnail","hentry","tag-gabarito-trf-1"],"acf":[],"yoast_head":"<!-- This site is optimized with the Yoast SEO Premium plugin v27.2 (Yoast SEO v27.2) - https:\/\/yoast.com\/product\/yoast-seo-premium-wordpress\/ -->\n<title>Gabarito Racioc\u00ednio L\u00f3gico TRF 1 - prova resolvida<\/title>\n<meta name=\"description\" content=\"Veja AQUI a prova resolvida e o gabarito TRF 1 extraoficial de RACIOC\u00cdNIO L\u00d3GICO para os cargos de ANALISTA e T\u00c9CNICO JUDICI\u00c1RIO!\" \/>\n<meta name=\"robots\" content=\"index, follow, max-snippet:-1, max-image-preview:large, max-video-preview:-1\" \/>\n<link rel=\"canonical\" href=\"https:\/\/www.estrategiaconcursos.com.br\/blog\/raciocinio-logico-trf-1-prova-resolvida-e-gabarito-extraoficial\/\" \/>\n<meta property=\"og:locale\" content=\"pt_BR\" \/>\n<meta property=\"og:type\" content=\"article\" \/>\n<meta property=\"og:title\" content=\"Gabarito Racioc\u00ednio L\u00f3gico TRF 1 - prova resolvida\" \/>\n<meta property=\"og:description\" content=\"Veja AQUI a prova resolvida e o gabarito TRF 1 extraoficial de RACIOC\u00cdNIO L\u00d3GICO para os cargos de ANALISTA e T\u00c9CNICO JUDICI\u00c1RIO!\" \/>\n<meta property=\"og:url\" content=\"https:\/\/www.estrategiaconcursos.com.br\/blog\/raciocinio-logico-trf-1-prova-resolvida-e-gabarito-extraoficial\/\" \/>\n<meta property=\"og:site_name\" content=\"Estrat\u00e9gia Concursos\" \/>\n<meta property=\"article:published_time\" content=\"2017-11-26T21:00:03+00:00\" \/>\n<meta property=\"article:modified_time\" content=\"2018-09-18T15:05:45+00:00\" \/>\n<meta property=\"og:image\" content=\"https:\/\/dhg1h5j42swfq.cloudfront.net\/2016\/07\/09202054\/gabarito-e1509444514343.jpeg\" \/>\n\t<meta property=\"og:image:width\" content=\"400\" \/>\n\t<meta property=\"og:image:height\" content=\"267\" \/>\n\t<meta property=\"og:image:type\" content=\"image\/jpeg\" \/>\n<meta name=\"author\" content=\"Coordena\u00e7\u00e3o\" \/>\n<meta name=\"twitter:card\" content=\"summary_large_image\" \/>\n<meta name=\"twitter:creator\" content=\"@EstratConcursos\" \/>\n<meta name=\"twitter:site\" content=\"@EstratConcursos\" \/>\n<meta name=\"twitter:label1\" content=\"Escrito por\" \/>\n\t<meta name=\"twitter:data1\" content=\"Coordena\u00e7\u00e3o\" \/>\n\t<meta name=\"twitter:label2\" content=\"Est. tempo de leitura\" \/>\n\t<meta name=\"twitter:data2\" content=\"11 minutos\" \/>\n<script type=\"application\/ld+json\" class=\"yoast-schema-graph\">{\"@context\":\"https:\/\/schema.org\",\"@graph\":[{\"@type\":\"NewsArticle\",\"@id\":\"https:\/\/www.estrategiaconcursos.com.br\/blog\/raciocinio-logico-trf-1-prova-resolvida-e-gabarito-extraoficial\/#article\",\"isPartOf\":{\"@id\":\"https:\/\/www.estrategiaconcursos.com.br\/blog\/raciocinio-logico-trf-1-prova-resolvida-e-gabarito-extraoficial\/\"},\"author\":{\"name\":\"Coordena\u00e7\u00e3o\",\"@id\":\"https:\/\/www.estrategiaconcursos.com.br\/blog\/#\/schema\/person\/cdad40b5818eb228a838461fcd656da7\"},\"headline\":\"Gabarito Racioc\u00ednio L\u00f3gico TRF 1 &#8211; prova resolvida\",\"datePublished\":\"2017-11-26T21:00:03+00:00\",\"dateModified\":\"2018-09-18T15:05:45+00:00\",\"mainEntityOfPage\":{\"@id\":\"https:\/\/www.estrategiaconcursos.com.br\/blog\/raciocinio-logico-trf-1-prova-resolvida-e-gabarito-extraoficial\/\"},\"wordCount\":2109,\"commentCount\":15,\"publisher\":{\"@id\":\"https:\/\/www.estrategiaconcursos.com.br\/blog\/#organization\"},\"image\":{\"@id\":\"https:\/\/www.estrategiaconcursos.com.br\/blog\/raciocinio-logico-trf-1-prova-resolvida-e-gabarito-extraoficial\/#primaryimage\"},\"thumbnailUrl\":\"https:\/\/dhg1h5j42swfq.cloudfront.net\/2016\/07\/09202054\/gabarito-e1509444514343.jpeg\",\"keywords\":[\"Gabarito TRF 1\"],\"inLanguage\":\"pt-BR\",\"potentialAction\":[{\"@type\":\"CommentAction\",\"name\":\"Comment\",\"target\":[\"https:\/\/www.estrategiaconcursos.com.br\/blog\/raciocinio-logico-trf-1-prova-resolvida-e-gabarito-extraoficial\/#respond\"]}],\"copyrightYear\":\"2017\",\"copyrightHolder\":{\"@id\":\"https:\/\/www.estrategiaconcursos.com.br\/blog\/#organization\"}},{\"@type\":\"WebPage\",\"@id\":\"https:\/\/www.estrategiaconcursos.com.br\/blog\/raciocinio-logico-trf-1-prova-resolvida-e-gabarito-extraoficial\/\",\"url\":\"https:\/\/www.estrategiaconcursos.com.br\/blog\/raciocinio-logico-trf-1-prova-resolvida-e-gabarito-extraoficial\/\",\"name\":\"Gabarito Racioc\u00ednio L\u00f3gico TRF 1 - prova resolvida\",\"isPartOf\":{\"@id\":\"https:\/\/www.estrategiaconcursos.com.br\/blog\/#website\"},\"primaryImageOfPage\":{\"@id\":\"https:\/\/www.estrategiaconcursos.com.br\/blog\/raciocinio-logico-trf-1-prova-resolvida-e-gabarito-extraoficial\/#primaryimage\"},\"image\":{\"@id\":\"https:\/\/www.estrategiaconcursos.com.br\/blog\/raciocinio-logico-trf-1-prova-resolvida-e-gabarito-extraoficial\/#primaryimage\"},\"thumbnailUrl\":\"https:\/\/dhg1h5j42swfq.cloudfront.net\/2016\/07\/09202054\/gabarito-e1509444514343.jpeg\",\"datePublished\":\"2017-11-26T21:00:03+00:00\",\"dateModified\":\"2018-09-18T15:05:45+00:00\",\"description\":\"Veja AQUI a prova resolvida e o gabarito TRF 1 extraoficial de RACIOC\u00cdNIO L\u00d3GICO para os cargos de ANALISTA e T\u00c9CNICO JUDICI\u00c1RIO!\",\"breadcrumb\":{\"@id\":\"https:\/\/www.estrategiaconcursos.com.br\/blog\/raciocinio-logico-trf-1-prova-resolvida-e-gabarito-extraoficial\/#breadcrumb\"},\"inLanguage\":\"pt-BR\",\"potentialAction\":[{\"@type\":\"ReadAction\",\"target\":[\"https:\/\/www.estrategiaconcursos.com.br\/blog\/raciocinio-logico-trf-1-prova-resolvida-e-gabarito-extraoficial\/\"]}]},{\"@type\":\"ImageObject\",\"inLanguage\":\"pt-BR\",\"@id\":\"https:\/\/www.estrategiaconcursos.com.br\/blog\/raciocinio-logico-trf-1-prova-resolvida-e-gabarito-extraoficial\/#primaryimage\",\"url\":\"https:\/\/dhg1h5j42swfq.cloudfront.net\/2016\/07\/09202054\/gabarito-e1509444514343.jpeg\",\"contentUrl\":\"https:\/\/dhg1h5j42swfq.cloudfront.net\/2016\/07\/09202054\/gabarito-e1509444514343.jpeg\",\"width\":400,\"height\":267,\"caption\":\"concursos 2019\"},{\"@type\":\"BreadcrumbList\",\"@id\":\"https:\/\/www.estrategiaconcursos.com.br\/blog\/raciocinio-logico-trf-1-prova-resolvida-e-gabarito-extraoficial\/#breadcrumb\",\"itemListElement\":[{\"@type\":\"ListItem\",\"position\":1,\"name\":\"In\u00edcio\",\"item\":\"https:\/\/www.estrategiaconcursos.com.br\/blog\/\"},{\"@type\":\"ListItem\",\"position\":2,\"name\":\"Gabarito Racioc\u00ednio L\u00f3gico TRF 1 &#8211; prova resolvida\"}]},{\"@type\":\"WebSite\",\"@id\":\"https:\/\/www.estrategiaconcursos.com.br\/blog\/#website\",\"url\":\"https:\/\/www.estrategiaconcursos.com.br\/blog\/\",\"name\":\"Estrat\u00e9gia Concursos\",\"description\":\"O blog da Estrat\u00e9gia Concursos traz not\u00edcias sobre concursos e artigos de professores oferecendo cursos para concursos (pdf + videaulas) no site.\",\"publisher\":{\"@id\":\"https:\/\/www.estrategiaconcursos.com.br\/blog\/#organization\"},\"potentialAction\":[{\"@type\":\"SearchAction\",\"target\":{\"@type\":\"EntryPoint\",\"urlTemplate\":\"https:\/\/www.estrategiaconcursos.com.br\/blog\/?s={search_term_string}\"},\"query-input\":{\"@type\":\"PropertyValueSpecification\",\"valueRequired\":true,\"valueName\":\"search_term_string\"}}],\"inLanguage\":\"pt-BR\"},{\"@type\":\"Organization\",\"@id\":\"https:\/\/www.estrategiaconcursos.com.br\/blog\/#organization\",\"name\":\"Estrat\u00e9gia Concursos\",\"url\":\"https:\/\/www.estrategiaconcursos.com.br\/blog\/\",\"logo\":{\"@type\":\"ImageObject\",\"inLanguage\":\"pt-BR\",\"@id\":\"https:\/\/www.estrategiaconcursos.com.br\/blog\/#\/schema\/logo\/image\/\",\"url\":\"https:\/\/dhg1h5j42swfq.cloudfront.net\/2025\/06\/03203428\/logo_concursos-1.jpg\",\"contentUrl\":\"https:\/\/dhg1h5j42swfq.cloudfront.net\/2025\/06\/03203428\/logo_concursos-1.jpg\",\"width\":230,\"height\":60,\"caption\":\"Estrat\u00e9gia Concursos\"},\"image\":{\"@id\":\"https:\/\/www.estrategiaconcursos.com.br\/blog\/#\/schema\/logo\/image\/\"},\"sameAs\":[\"https:\/\/x.com\/EstratConcursos\"]},{\"@type\":\"Person\",\"@id\":\"https:\/\/www.estrategiaconcursos.com.br\/blog\/#\/schema\/person\/cdad40b5818eb228a838461fcd656da7\",\"name\":\"Coordena\u00e7\u00e3o\",\"image\":{\"@type\":\"ImageObject\",\"inLanguage\":\"pt-BR\",\"@id\":\"https:\/\/secure.gravatar.com\/avatar\/a413b22da0f5009c634f6c4586a2dbe5207074fd5becd88db5183b8069ef25e4?s=96&d=mm&r=g\",\"url\":\"https:\/\/secure.gravatar.com\/avatar\/a413b22da0f5009c634f6c4586a2dbe5207074fd5becd88db5183b8069ef25e4?s=96&d=mm&r=g\",\"contentUrl\":\"https:\/\/secure.gravatar.com\/avatar\/a413b22da0f5009c634f6c4586a2dbe5207074fd5becd88db5183b8069ef25e4?s=96&d=mm&r=g\",\"caption\":\"Coordena\u00e7\u00e3o\"},\"url\":\"https:\/\/www.estrategiaconcursos.com.br\/blog\/author\/contatoestrategiaconcursos-com-br\/\"}]}<\/script>\n<!-- \/ Yoast SEO Premium plugin. -->","yoast_head_json":{"title":"Gabarito Racioc\u00ednio L\u00f3gico TRF 1 - prova resolvida","description":"Veja AQUI a prova resolvida e o gabarito TRF 1 extraoficial de RACIOC\u00cdNIO L\u00d3GICO para os cargos de ANALISTA e T\u00c9CNICO JUDICI\u00c1RIO!","robots":{"index":"index","follow":"follow","max-snippet":"max-snippet:-1","max-image-preview":"max-image-preview:large","max-video-preview":"max-video-preview:-1"},"canonical":"https:\/\/www.estrategiaconcursos.com.br\/blog\/raciocinio-logico-trf-1-prova-resolvida-e-gabarito-extraoficial\/","og_locale":"pt_BR","og_type":"article","og_title":"Gabarito Racioc\u00ednio L\u00f3gico TRF 1 - prova resolvida","og_description":"Veja AQUI a prova resolvida e o gabarito TRF 1 extraoficial de RACIOC\u00cdNIO L\u00d3GICO para os cargos de ANALISTA e T\u00c9CNICO JUDICI\u00c1RIO!","og_url":"https:\/\/www.estrategiaconcursos.com.br\/blog\/raciocinio-logico-trf-1-prova-resolvida-e-gabarito-extraoficial\/","og_site_name":"Estrat\u00e9gia Concursos","article_published_time":"2017-11-26T21:00:03+00:00","article_modified_time":"2018-09-18T15:05:45+00:00","og_image":[{"width":400,"height":267,"url":"https:\/\/dhg1h5j42swfq.cloudfront.net\/2016\/07\/09202054\/gabarito-e1509444514343.jpeg","type":"image\/jpeg"}],"author":"Coordena\u00e7\u00e3o","twitter_card":"summary_large_image","twitter_creator":"@EstratConcursos","twitter_site":"@EstratConcursos","twitter_misc":{"Escrito por":"Coordena\u00e7\u00e3o","Est. tempo de leitura":"11 minutos"},"schema":{"@context":"https:\/\/schema.org","@graph":[{"@type":"NewsArticle","@id":"https:\/\/www.estrategiaconcursos.com.br\/blog\/raciocinio-logico-trf-1-prova-resolvida-e-gabarito-extraoficial\/#article","isPartOf":{"@id":"https:\/\/www.estrategiaconcursos.com.br\/blog\/raciocinio-logico-trf-1-prova-resolvida-e-gabarito-extraoficial\/"},"author":{"name":"Coordena\u00e7\u00e3o","@id":"https:\/\/www.estrategiaconcursos.com.br\/blog\/#\/schema\/person\/cdad40b5818eb228a838461fcd656da7"},"headline":"Gabarito Racioc\u00ednio L\u00f3gico TRF 1 &#8211; prova resolvida","datePublished":"2017-11-26T21:00:03+00:00","dateModified":"2018-09-18T15:05:45+00:00","mainEntityOfPage":{"@id":"https:\/\/www.estrategiaconcursos.com.br\/blog\/raciocinio-logico-trf-1-prova-resolvida-e-gabarito-extraoficial\/"},"wordCount":2109,"commentCount":15,"publisher":{"@id":"https:\/\/www.estrategiaconcursos.com.br\/blog\/#organization"},"image":{"@id":"https:\/\/www.estrategiaconcursos.com.br\/blog\/raciocinio-logico-trf-1-prova-resolvida-e-gabarito-extraoficial\/#primaryimage"},"thumbnailUrl":"https:\/\/dhg1h5j42swfq.cloudfront.net\/2016\/07\/09202054\/gabarito-e1509444514343.jpeg","keywords":["Gabarito TRF 1"],"inLanguage":"pt-BR","potentialAction":[{"@type":"CommentAction","name":"Comment","target":["https:\/\/www.estrategiaconcursos.com.br\/blog\/raciocinio-logico-trf-1-prova-resolvida-e-gabarito-extraoficial\/#respond"]}],"copyrightYear":"2017","copyrightHolder":{"@id":"https:\/\/www.estrategiaconcursos.com.br\/blog\/#organization"}},{"@type":"WebPage","@id":"https:\/\/www.estrategiaconcursos.com.br\/blog\/raciocinio-logico-trf-1-prova-resolvida-e-gabarito-extraoficial\/","url":"https:\/\/www.estrategiaconcursos.com.br\/blog\/raciocinio-logico-trf-1-prova-resolvida-e-gabarito-extraoficial\/","name":"Gabarito Racioc\u00ednio L\u00f3gico TRF 1 - prova resolvida","isPartOf":{"@id":"https:\/\/www.estrategiaconcursos.com.br\/blog\/#website"},"primaryImageOfPage":{"@id":"https:\/\/www.estrategiaconcursos.com.br\/blog\/raciocinio-logico-trf-1-prova-resolvida-e-gabarito-extraoficial\/#primaryimage"},"image":{"@id":"https:\/\/www.estrategiaconcursos.com.br\/blog\/raciocinio-logico-trf-1-prova-resolvida-e-gabarito-extraoficial\/#primaryimage"},"thumbnailUrl":"https:\/\/dhg1h5j42swfq.cloudfront.net\/2016\/07\/09202054\/gabarito-e1509444514343.jpeg","datePublished":"2017-11-26T21:00:03+00:00","dateModified":"2018-09-18T15:05:45+00:00","description":"Veja AQUI a prova resolvida e o gabarito TRF 1 extraoficial de RACIOC\u00cdNIO L\u00d3GICO para os cargos de ANALISTA e T\u00c9CNICO JUDICI\u00c1RIO!","breadcrumb":{"@id":"https:\/\/www.estrategiaconcursos.com.br\/blog\/raciocinio-logico-trf-1-prova-resolvida-e-gabarito-extraoficial\/#breadcrumb"},"inLanguage":"pt-BR","potentialAction":[{"@type":"ReadAction","target":["https:\/\/www.estrategiaconcursos.com.br\/blog\/raciocinio-logico-trf-1-prova-resolvida-e-gabarito-extraoficial\/"]}]},{"@type":"ImageObject","inLanguage":"pt-BR","@id":"https:\/\/www.estrategiaconcursos.com.br\/blog\/raciocinio-logico-trf-1-prova-resolvida-e-gabarito-extraoficial\/#primaryimage","url":"https:\/\/dhg1h5j42swfq.cloudfront.net\/2016\/07\/09202054\/gabarito-e1509444514343.jpeg","contentUrl":"https:\/\/dhg1h5j42swfq.cloudfront.net\/2016\/07\/09202054\/gabarito-e1509444514343.jpeg","width":400,"height":267,"caption":"concursos 2019"},{"@type":"BreadcrumbList","@id":"https:\/\/www.estrategiaconcursos.com.br\/blog\/raciocinio-logico-trf-1-prova-resolvida-e-gabarito-extraoficial\/#breadcrumb","itemListElement":[{"@type":"ListItem","position":1,"name":"In\u00edcio","item":"https:\/\/www.estrategiaconcursos.com.br\/blog\/"},{"@type":"ListItem","position":2,"name":"Gabarito Racioc\u00ednio L\u00f3gico TRF 1 &#8211; prova resolvida"}]},{"@type":"WebSite","@id":"https:\/\/www.estrategiaconcursos.com.br\/blog\/#website","url":"https:\/\/www.estrategiaconcursos.com.br\/blog\/","name":"Estrat\u00e9gia Concursos","description":"O blog da Estrat\u00e9gia Concursos traz not\u00edcias sobre concursos e artigos de professores oferecendo cursos para concursos (pdf + videaulas) no site.","publisher":{"@id":"https:\/\/www.estrategiaconcursos.com.br\/blog\/#organization"},"potentialAction":[{"@type":"SearchAction","target":{"@type":"EntryPoint","urlTemplate":"https:\/\/www.estrategiaconcursos.com.br\/blog\/?s={search_term_string}"},"query-input":{"@type":"PropertyValueSpecification","valueRequired":true,"valueName":"search_term_string"}}],"inLanguage":"pt-BR"},{"@type":"Organization","@id":"https:\/\/www.estrategiaconcursos.com.br\/blog\/#organization","name":"Estrat\u00e9gia Concursos","url":"https:\/\/www.estrategiaconcursos.com.br\/blog\/","logo":{"@type":"ImageObject","inLanguage":"pt-BR","@id":"https:\/\/www.estrategiaconcursos.com.br\/blog\/#\/schema\/logo\/image\/","url":"https:\/\/dhg1h5j42swfq.cloudfront.net\/2025\/06\/03203428\/logo_concursos-1.jpg","contentUrl":"https:\/\/dhg1h5j42swfq.cloudfront.net\/2025\/06\/03203428\/logo_concursos-1.jpg","width":230,"height":60,"caption":"Estrat\u00e9gia Concursos"},"image":{"@id":"https:\/\/www.estrategiaconcursos.com.br\/blog\/#\/schema\/logo\/image\/"},"sameAs":["https:\/\/x.com\/EstratConcursos"]},{"@type":"Person","@id":"https:\/\/www.estrategiaconcursos.com.br\/blog\/#\/schema\/person\/cdad40b5818eb228a838461fcd656da7","name":"Coordena\u00e7\u00e3o","image":{"@type":"ImageObject","inLanguage":"pt-BR","@id":"https:\/\/secure.gravatar.com\/avatar\/a413b22da0f5009c634f6c4586a2dbe5207074fd5becd88db5183b8069ef25e4?s=96&d=mm&r=g","url":"https:\/\/secure.gravatar.com\/avatar\/a413b22da0f5009c634f6c4586a2dbe5207074fd5becd88db5183b8069ef25e4?s=96&d=mm&r=g","contentUrl":"https:\/\/secure.gravatar.com\/avatar\/a413b22da0f5009c634f6c4586a2dbe5207074fd5becd88db5183b8069ef25e4?s=96&d=mm&r=g","caption":"Coordena\u00e7\u00e3o"},"url":"https:\/\/www.estrategiaconcursos.com.br\/blog\/author\/contatoestrategiaconcursos-com-br\/"}]}},"_links":{"self":[{"href":"https:\/\/www.estrategiaconcursos.com.br\/blog\/wp-json\/wp\/v2\/posts\/96656","targetHints":{"allow":["GET"]}}],"collection":[{"href":"https:\/\/www.estrategiaconcursos.com.br\/blog\/wp-json\/wp\/v2\/posts"}],"about":[{"href":"https:\/\/www.estrategiaconcursos.com.br\/blog\/wp-json\/wp\/v2\/types\/post"}],"author":[{"embeddable":true,"href":"https:\/\/www.estrategiaconcursos.com.br\/blog\/wp-json\/wp\/v2\/users\/48"}],"replies":[{"embeddable":true,"href":"https:\/\/www.estrategiaconcursos.com.br\/blog\/wp-json\/wp\/v2\/comments?post=96656"}],"version-history":[{"count":15,"href":"https:\/\/www.estrategiaconcursos.com.br\/blog\/wp-json\/wp\/v2\/posts\/96656\/revisions"}],"predecessor-version":[{"id":141393,"href":"https:\/\/www.estrategiaconcursos.com.br\/blog\/wp-json\/wp\/v2\/posts\/96656\/revisions\/141393"}],"wp:featuredmedia":[{"embeddable":true,"href":"https:\/\/www.estrategiaconcursos.com.br\/blog\/wp-json\/wp\/v2\/media\/43262"}],"wp:attachment":[{"href":"https:\/\/www.estrategiaconcursos.com.br\/blog\/wp-json\/wp\/v2\/media?parent=96656"}],"wp:term":[{"taxonomy":"category","embeddable":true,"href":"https:\/\/www.estrategiaconcursos.com.br\/blog\/wp-json\/wp\/v2\/categories?post=96656"},{"taxonomy":"post_tag","embeddable":true,"href":"https:\/\/www.estrategiaconcursos.com.br\/blog\/wp-json\/wp\/v2\/tags?post=96656"},{"taxonomy":"tax_estado","embeddable":true,"href":"https:\/\/www.estrategiaconcursos.com.br\/blog\/wp-json\/wp\/v2\/tax_estado?post=96656"}],"curies":[{"name":"wp","href":"https:\/\/api.w.org\/{rel}","templated":true}]}}