{"id":965693,"date":"2022-03-08T00:49:00","date_gmt":"2022-03-08T03:49:00","guid":{"rendered":"https:\/\/blog-estrategia.mystagingwebsite.com\/blog\/?p=965693"},"modified":"2022-03-08T18:03:19","modified_gmt":"2022-03-08T21:03:19","slug":"edital-pgdf-procurador","status":"publish","type":"post","link":"https:\/\/www.estrategiaconcursos.com.br\/blog\/edital-pgdf-procurador\/","title":{"rendered":"Edital PGDF Procurador: RETIFICADO com 65 vagas diretas! Confira!"},"content":{"rendered":"\n<p class=\"wp-block-paragraph\">Foi retificado o edital <strong>PGDF Procurador<\/strong> com a oferta de <strong>65 vagas <\/strong>diretas para a classe inicial de <strong>Procurador <\/strong>do Distrito Federal e Territ\u00f3rios. <\/p>\n\n\n\n<p class=\"wp-block-paragraph\">Dentre as altera\u00e7\u00f5es est\u00e3o a mudan\u00e7a no cronograma para aplica\u00e7\u00e3o das provas discursivas e oral, bem como do envio dos t\u00edtulos e, por conseguinte, do resultado final. Al\u00e9m disso, mudou o crit\u00e9rio quantitativo de candidatos para corre\u00e7\u00e3o das provas discursivas e algumas disposi\u00e7\u00f5es quanto aos t\u00edtulos que ser\u00e3o apresentados  <\/p>\n\n\n\n<ul id=\"block-1c25dbb6-3d50-4480-9da8-a10738a32581\" class=\"has-luminous-vivid-amber-to-luminous-vivid-orange-gradient-background has-background wp-block-list\"><li><strong>Edital PGDF Procurador<\/strong><\/li><li><strong>Status:<\/strong> edital retificado<\/li><li><strong>Banca:\u00a0<\/strong>Cebraspe<\/li><li><strong>Vagas:\u00a0<\/strong>65<\/li><li><strong>Sal\u00e1rio inicial:<\/strong>\u00a0R$ 22.589,59<\/li><li><strong>Edital<\/strong>: <a href=\"https:\/\/dhg1h5j42swfq.cloudfront.net\/2022\/02\/09181222\/edital_do_pgdf.pdf\" target=\"_blank\" rel=\"noreferrer noopener nofollow\">PGDF 2022<\/a><\/li><\/ul>\n\n\n\n<p class=\"wp-block-paragraph\">Os interessados tiveram do dia 10 ao dia 16 de fevereiro para impugnar o edital e ter\u00e3o do dia 03 ao dia 10 de mar\u00e7o para solicitar isen\u00e7\u00e3o da taxa de inscri\u00e7\u00e3o no valor de R$ 240,00. O resultado sair\u00e1 no dia 1\u00ba de abril de 2022. Posteriormente, devem ser realizadas <strong>suas inscri\u00e7\u00f5es entre \u00e0s 10 horas do dia 04 de abril \u00e0s 18 horas. ao dia 03 de maio de 2022<\/strong>, tudo pelo endere\u00e7o eletr\u00f4nico do Cebraspe. <\/p>\n\n\n\n<p class=\"wp-block-paragraph\">As <strong>provas objetivas<\/strong> seguem previstas para o dia <strong>5 de junho<\/strong>, no per\u00edodo da tarde, com 5 horas de dura\u00e7\u00e3o.<\/p>\n\n\n\n<div class=\"container\" id=\"boxes\">\n  <div class=\"row\">\n\n    <div class=\"col-sm\">\n      <div class=\"banner-ecj\" id=\"box-assinatura\">\n        <h3 class=\"titulo-assinatura\">Curso para Concurso PGDF PROCURADOR <\/h3>\n        <p class=\"subtitulo-assinatura\">Cursos focados no edital do concurso<\/p>\n        <div class=\"box-botao\">\n          <a class=\"btn-assinatura\" target=\"_blank\" href=\"https:\/\/www.estrategiaconcursos.com.br\/cursosPorConcurso\/procuradoria-geral-do-distrito-federal-pg-df-procurador\/\" role=\"button\" rel=\"noopener noreferrer\">Conhe\u00e7a mais<\/a>\n        <\/div>\n      <\/div>\n      <p class=\"texto-auxiliar\">Prepare-se com o melhor material e com quem mais aprova em concursos em todo o pa\u00eds. \n<\/p>\n    <\/div>\n\n  <\/div>\n<\/div>\n\n\n\n<h2 class=\"wp-block-heading\" id=\"edital-pgdf-procurador-situacao-atual\">Edital PGDF Procurador: situa\u00e7\u00e3o atual<\/h2>\n\n\n\n<h3 class=\"wp-block-heading\" id=\"principais-informacoes\">Principais informa\u00e7\u00f5es<\/h3>\n\n\n\n<p class=\"has-background wp-block-paragraph\" style=\"background-color:#c6d4df\"><strong>Inscri\u00e7\u00e3o: <\/strong>04 de abril a 03 de maio de 2022<br \/><strong>Isen\u00e7\u00e3o: <\/strong>03 a 10 de mar\u00e7o de 2022 <br \/><strong>Taxa: <\/strong>R$ 240,00<strong><br \/>Prova objetiva: <\/strong>05 de junho de 2022<\/p>\n\n\n\n<h2 class=\"wp-block-heading\" id=\"carreira\">Edital PGDF Procurador: carreira<\/h2>\n\n\n\n<h3 class=\"wp-block-heading\" id=\"cargos-vagas-e-remuneracao\">Cargos, Vagas e Remunera\u00e7\u00e3o <\/h3>\n\n\n\n<figure class=\"wp-block-table is-style-stripes\"><table class=\"has-fixed-layout\"><tbody><tr><td><strong>Cargo <\/strong><\/td><td><strong>Vagas<\/strong> <strong>A\/C<\/strong><\/td><td><strong>Vagas PcD<\/strong><\/td><td><strong>Vagas Negros<\/strong><\/td><td><strong><\/strong><strong>Vagas Hipossuficientes<\/strong><\/td><\/tr><tr><td>Procurador&nbsp;do DF \u2013 Categoria I <\/td><td>32<\/td><td>13<\/td><td>13<\/td><td>7<\/td><\/tr><\/tbody><\/table><\/figure>\n\n\n\n<h3 class=\"wp-block-heading\" id=\"requisito\">Requisitos <\/h3>\n\n\n\n<p class=\"wp-block-paragraph\">Para concorrer ingressar na carreira, o candidato deve  diploma, devidamente registrado, de conclus\u00e3o de curso de n\u00edvel superior de gradua\u00e7\u00e3o em Direito, expedido por institui\u00e7\u00e3o de ensino superior reconhecida pelo Minist\u00e9rio da Educa\u00e7\u00e3o (MEC), e registro na Ordem dos Advogados do Brasil (OAB).<\/p>\n\n\n\n<h3 class=\"wp-block-heading\" id=\"atribuicoes\">Atribui\u00e7\u00f5es<\/h3>\n\n\n\n<p class=\"wp-block-paragraph\"><strong>DESCRI\u00c7\u00c3O SUM\u00c1RIA DAS ATIVIDADES<\/strong>: representa\u00e7\u00e3o judicial e extrajudicial e consultoria jur\u00eddica do Distrito Federal e suas autarquias e funda\u00e7\u00f5es, bem como de orienta\u00e7\u00e3o jur\u00eddico-normativa e supervis\u00e3o t\u00e9cnica do sistema jur\u00eddico do Distrito Federal, previstas no art. 132 da Constitui\u00e7\u00e3o Federal, no art. 111 da Lei Org\u00e2nica do Distrito Federal e no art. 4\u00ba da Lei Complementar n\u00ba 395\/2001.<\/p>\n\n\n\n<h3 class=\"wp-block-heading\" id=\"h-salarios-e-beneficios\">Sal\u00e1rios e benef\u00edcios <\/h3>\n\n\n\n<figure class=\"wp-block-table is-style-stripes\"><table class=\"has-fixed-layout\"><tbody><tr><td><strong>Cargo <\/strong><\/td><td><strong>Remunera\u00e7\u00e3o<\/strong><\/td><\/tr><tr><td>Procurador do DF \u2013 Categoria I <\/td><td>R$ 22.589,59<\/td><\/tr><\/tbody><\/table><\/figure>\n\n\n\n<h4 class=\"wp-block-heading\" id=\"beneficios\">Benef\u00edcios<\/h4>\n\n\n\n<ul class=\"wp-block-list\"><li>F\u00e9rias: 60 dias.<\/li><li>Adicional de Substitui\u00e7\u00e3o.<\/li><li>Licen\u00e7a-pr\u00eamio: 3 meses a cada quinqu\u00eanio.<\/li><li>Sal\u00e1rio-fam\u00edlia.<\/li><li>Indeniza\u00e7\u00e3o de transporte.<\/li><li>Aux\u00edlio-creche e aux\u00edlio alimenta\u00e7\u00e3o.<\/li><\/ul>\n\n\n\n<h2 class=\"wp-block-heading\" id=\"etapas-do-edital-pgdf-procurador\">Etapas do edital PGDF Procurador<\/h2>\n\n\n\n<p class=\"wp-block-paragraph\">O concurso de ingresso da PGDF contar\u00e1 com as seguintes etapas: <\/p>\n\n\n\n<p class=\"wp-block-paragraph\">I &#8211; <em><strong>Prova Preambular<\/strong><\/em>: car\u00e1ter eliminat\u00f3rio; <br \/>II &#8211; <em><strong>Prova Escritas Discursivas<\/strong><\/em>: car\u00e1ter eliminat\u00f3rio e classificat\u00f3rio; <br \/>III &#8211; <em><strong>Provas Orais<\/strong><\/em>: car\u00e1ter eliminat\u00f3rio e classificat\u00f3rio; <br \/>IV &#8211; <em><strong>Prova de T\u00edtulos<\/strong><\/em>: car\u00e1ter classificat\u00f3rio. <\/p>\n\n\n\n<h3 class=\"wp-block-heading\" id=\"objetiva\">Prova Objetiva<\/h3>\n\n\n\n<p class=\"wp-block-paragraph\">A Primeira Fase (Prova Objetiva), ter\u00e1 dura\u00e7\u00e3o de cinco horas e ser\u00e1 realizada em um \u00fanico per\u00edodo, contando com 100 quest\u00f5es objetivas de m\u00faltipla escolha, assim distribu\u00eddas:<\/p>\n\n\n\n<figure class=\"wp-block-table is-style-stripes\"><table class=\"has-background\" style=\"background-color:#e7f5fe\"><tbody><tr><td class=\"has-text-align-center\" data-align=\"center\">\n  <strong>Grupo<\/strong>\n  <\/td><td class=\"has-text-align-center\" data-align=\"center\">\n  <strong>Disciplinas<\/strong>\n  <\/td><td class=\"has-text-align-center\" data-align=\"center\">   <strong>itens<\/strong>   <\/td><\/tr><tr><td class=\"has-text-align-center\" data-align=\"center\">   I   <\/td><td class=\"has-text-align-center\" data-align=\"center\">   &nbsp;Direito Constitucional; Direito Tribut\u00e1rio; Direito Processual Tribut\u00e1rio Direito Financeiro e Or\u00e7ament\u00e1rio.   <\/td><td class=\"has-text-align-center\" data-align=\"center\">\n  70\n  <\/td><\/tr><tr><td class=\"has-text-align-center\" data-align=\"center\">  II   <\/td><td class=\"has-text-align-center\" data-align=\"center\">   Direito Administrativo; Direito Urban\u00edstico; Direito Ambiental; Direito do Consumidor; Direito Penal; Direito Processual Penal; Conhecimentos sobre o<br \/>Distrito Federal<\/td><td class=\"has-text-align-center\" data-align=\"center\">\n  65\n  <\/td><\/tr><tr><td class=\"has-text-align-center\" data-align=\"center\"> III  <\/td><td class=\"has-text-align-center\" data-align=\"center\">   Direito Processual Civil; Direito Civil; Direito Empresarial; Direito do Trabalho; Direito Processual do Trabalho.    <\/td><td class=\"has-text-align-center\" data-align=\"center\">\n  65\n  <\/td><\/tr><tr><td class=\"has-text-align-center\" data-align=\"center\">\n  \n  <\/td><td class=\"has-text-align-center\" data-align=\"center\">\n  <strong>Total<\/strong>\n  <\/td><td class=\"has-text-align-center\" data-align=\"center\">\n  <strong>&nbsp;200&nbsp;&nbsp;&nbsp;&nbsp; <\/strong>\n  <\/td><\/tr><\/tbody><\/table><\/figure>\n\n\n\n<p class=\"wp-block-paragraph\">A prova objetiva ser\u00e1 constitu\u00edda de itens para julgamento, agrupados por comandos que dever\u00e3o ser respeitados. O julgamento de cada item ser\u00e1 CERTO ou ERRADO, de acordo com o(s) comando(s) a que se refere o item. Haver\u00e1, na folha de respostas, para cada item, dois campos de marca\u00e7\u00e3o: o campo designado com o c\u00f3digo C, que dever\u00e1 ser preenchido pelo candidato caso julgue o item CERTO, e o campo designado com o c\u00f3digo E, que dever\u00e1 ser preenchido pelo candidato caso julgue o item ERRADO.<\/p>\n\n\n\n<p class=\"wp-block-paragraph\">A nota em cada item da prova objetiva, feita com base nas marca\u00e7\u00f5es da folha de respostas, ser\u00e1 igual a: 200 \u00f7 (200 &#8211; n1) ponto, caso a resposta do candidato esteja em concord\u00e2ncia com o gabarito oficial definitivo das provas; 200 \u00f7 (200 &#8211; n1) ponto  negativo, caso a resposta do candidato esteja em discord\u00e2ncia como gabarito oficial definitivo das provas, em que representa o n\u00famero de itens que forem eventualmente anulados; 0,00 ponto, caso n\u00e3o haja marca\u00e7\u00e3o ou haja marca\u00e7\u00e3o dupla (C e E). <\/p>\n\n\n\n<p class=\"wp-block-paragraph\">Ser\u00e1 reprovado na prova objetiva e eliminado do concurso p\u00fablico o candidato que obtiver nota inferior a 60,00 pontos na prova objetiva P1.<\/p>\n\n\n\n<h3 class=\"wp-block-heading\" id=\"provas-escritas-discursivas\">Provas Escritas Discursivas<\/h3>\n\n\n\n<p class=\"wp-block-paragraph\">As provas discursivas P2, P3 e P4 ter\u00e3o a dura\u00e7\u00e3o de 5 horas cada, ser\u00e3o aplicadas em tr\u00eas dias distintos, respectivamente, <strong>12, 13 e 14 de agosto de 2022<\/strong>, e valer\u00e3o 100,00 pontos cada, consistindo de:<\/p>\n\n\n\n<p class=\"wp-block-paragraph\">a) prova discursiva P2 \u2013 uma reda\u00e7\u00e3o (disserta\u00e7\u00e3o, parecer ou pe\u00e7a jur\u00eddica) de at\u00e9 120<br \/>linhas, e tr\u00eas quest\u00f5es discursivas, a serem respondidas em at\u00e9 30 linhas cada, acerca das<br \/>\u00e1reas constantes do Grupo I;<br \/>b) prova discursiva P3 \u2013 uma reda\u00e7\u00e3o (disserta\u00e7\u00e3o, parecer ou pe\u00e7a jur\u00eddica) de at\u00e9 120<br \/>linhas, e tr\u00eas quest\u00f5es discursivas, a serem respondidas em at\u00e9 30 linhas cada, acerca das<br \/>\u00e1reas constantes do Grupo II; e<br \/>c) prova discursiva P4 \u2013 uma reda\u00e7\u00e3o (disserta\u00e7\u00e3o, parecer ou pe\u00e7a jur\u00eddica) de at\u00e9 120<br \/>linhas, e tr\u00eas quest\u00f5es discursivas, a serem respondidas em at\u00e9 30 linhas cada, acerca das<br \/>\u00e1reas constantes do Grupo III.<\/p>\n\n\n\n<p class=\"wp-block-paragraph\">Para a realiza\u00e7\u00e3o das provas discursivas, poder\u00e1 haver consulta \u00e0 legisla\u00e7\u00e3o desacompanhada de anota\u00e7\u00e3o ou coment\u00e1rio, mesmo que em formato livro, vedada a consulta a obras doutrin\u00e1rias, s\u00famulas e orienta\u00e7\u00e3o jurisprudencial, sob pena de elimina\u00e7\u00e3o do concurso.<\/p>\n\n\n\n<p class=\"wp-block-paragraph\">P<\/p>\n\n\n\n<p class=\"wp-block-paragraph\">Para cada sistema de concorr\u00eancia, as provas discursivas ser\u00e3o corrigidas de acordo com os seguintes crit\u00e9rios:<\/p>\n\n\n\n<ul class=\"wp-block-list\"><li>a)&nbsp;<span style=\"text-decoration: underline;\">ampla concorr\u00eancia<\/span>: ser\u00e3o corrigidas as provas discursivas dos <strong>162<\/strong> candidatos melhores classificados nas provas objetivas, respeitados os empates na \u00faltima posi\u00e7\u00e3o;<\/li><li>b)&nbsp;<span style=\"text-decoration: underline;\">candidatos que se autodeclararam negros<\/span>: ser\u00e3o corrigidas as provas discursivas dos<strong> 78 <\/strong>candidatos melhores classificados na prova objetiva, respeitados os empates na \u00faltima posi\u00e7\u00e3o;<\/li><li>c)&nbsp;<span style=\"text-decoration: underline;\">candidatos que se autodeclararam pessoas com defici\u00eancia<\/span>: ser\u00e3o corrigidas as provas discursivas dos <strong>78<\/strong> candidatos melhores classificados na prova objetiva, respeitados os empates na \u00faltima posi\u00e7\u00e3o;<\/li><li>d)&nbsp;<span style=\"text-decoration: underline;\">candidatos que se declararam hipossuficientes<\/span>: ser\u00e3o corrigidas as provas discursivas dos <strong>42 <\/strong>candidatos melhores classificados na prova objetiva, respeitados os empates na \u00faltima posi\u00e7\u00e3o.<\/li><\/ul>\n\n\n\n<p class=\"wp-block-paragraph\">As provas discursivas ser\u00e3o avaliadas conforme crit\u00e9rios a seguir. <\/p>\n\n\n\n<p class=\"wp-block-paragraph\">A reda\u00e7\u00e3o, que poder\u00e1 ser uma disserta\u00e7\u00e3o, um parecer ou uma pe\u00e7a jur\u00eddica, valer\u00e1 55,00 pontos e ser\u00e1 avaliada conforme os crit\u00e9rios a seguir: <br \/>a) a apresenta\u00e7\u00e3o e a estrutura textuais e o desenvolvimento do tema (dom\u00ednio do conhecimento jur\u00eddico, articula\u00e7\u00e3o de racioc\u00ednio, capacidade de argumenta\u00e7\u00e3o e de convencimento) totalizar\u00e3o a nota relativa ao dom\u00ednio do conte\u00fado (NC), cuja pontua\u00e7\u00e3o m\u00e1xima ser\u00e1 limitada ao valor de 55,00 pontos; <br \/>b) a avalia\u00e7\u00e3o do dom\u00ednio da modalidade escrita totalizar\u00e1 o n\u00famero de erros (NE) do candidato, considerando-se aspectos de natureza gramatical, tais como grafia, morfossintaxe, propriedade vocabular e pontua\u00e7\u00e3o; <br \/>c) ser\u00e1 desconsiderado, para efeito de avalia\u00e7\u00e3o, qualquer fragmento de texto que for escrito fora do local apropriado ou ultrapassar o n\u00famero m\u00e1ximo de linhas estabelecido; <br \/>d) ser\u00e1 calculada, ent\u00e3o, a nota para a disserta\u00e7\u00e3o, o parecer ou a pe\u00e7a jur\u00eddica de cada prova discursiva (ND), pela f\u00f3rmula: NDi = NC \u2013 11 \u00d7 NE \u00f7 TL, em que TL corresponde ao n\u00famero de linhas efetivamente escritas pelo candidato na elabora\u00e7\u00e3o da reda\u00e7\u00e3o do texto, ND, \u00e0 nota na disserta\u00e7\u00e3o, parecer ou pe\u00e7a jur\u00eddica e i = 2, 3 e 4; <br \/>e) nos casos de fuga ao tema, ou de n\u00e3o haver texto, o candidato receber\u00e1 nota no texto igual a zero; <br \/>f) caso NDi seja menor que 0,00 ponto, ser\u00e1 atribu\u00edda nota zero ao texto. 12.8.5.2 <\/p>\n\n\n\n<p class=\"wp-block-paragraph\">Cada quest\u00e3o discursiva valer\u00e1 15,00 pontos e ser\u00e1 avaliada conforme os crit\u00e9rios a seguir: <br \/>a) a apresenta\u00e7\u00e3o e a estrutura textuais e o desenvolvimento do tema (dom\u00ednio do conhecimento jur\u00eddico, articula\u00e7\u00e3o de racioc\u00ednio, capacidade de argumenta\u00e7\u00e3o e de convencimento) totalizar\u00e3o a nota relativa ao dom\u00ednio do conte\u00fado (NCi), cuja pontua\u00e7\u00e3o m\u00e1xima ser\u00e1 limitada ao valor de 15,00 pontos, em que i = 1, 2, 3, 4, 5, 6, 7, 8 e 9; <br \/>b) a avalia\u00e7\u00e3o do dom\u00ednio da modalidade escrita totalizar\u00e1 o n\u00famero de erros (NEi) do candidato, considerando-se aspectos de natureza gramatical, tais como grafia, morfossintaxe, propriedade vocabular e pontua\u00e7\u00e3o; <br \/>c) ser\u00e1 desconsiderado, para efeito de avalia\u00e7\u00e3o, qualquer fragmento de texto que for escrito fora do local apropriado ou ultrapassar o n\u00famero m\u00e1ximo de linhas estabelecido; <br \/>d) ser\u00e1 calculada, ent\u00e3o, para cada quest\u00e3o, a nota na quest\u00e3o (NQi) pela f\u00f3rmula NQi = NCi \u2013 3 \u00d7 NEi \u00f7 TLi, em que TLi corresponde ao n\u00famero de linhas efetivamente escritas pelo candidato na resposta \u00e0 quest\u00e3o i; <br \/>e) nos casos de fuga ao tema, ou de n\u00e3o haver texto, o candidato receber\u00e1 nota no texto igual a zero; <br \/>f) ser\u00e1 atribu\u00edda nota zero ao texto que obtiver NQi &lt; 0,00 ponto. <\/p>\n\n\n\n<p class=\"wp-block-paragraph\">A nota final em cada prova discursiva (NFP2, NFP3 e NFP4) ser\u00e1 calculada pelas seguintes f\u00f3rmulas: <br \/><strong>NFP2 = ND2 + NQ1 + NQ2 + NQ3; <br \/>NFP3 = ND3 + NQ4 + NQ5 + NQ6;<br \/>NFP4 = ND4 + NQ7 + NQ8 + NQ9. <\/strong><br \/>A nota final nas provas discursivas (NFPD) ser\u00e1 calculada pela seguinte f\u00f3rmula: <strong>NFPD = NFP2 + NFP3 + NFP4. <\/strong><\/p>\n\n\n\n<p class=\"wp-block-paragraph\">Ser\u00e1 eliminado do concurso o candidato que obtiver NFP2, NFP3 ou NFP4 &lt; 50,00 pontos ou que obtiver <strong>NFPD &lt; 180,00 pontos.<\/strong><\/p>\n\n\n\n<h3 class=\"wp-block-heading\" id=\"provas-orais\">Provas Orais <\/h3>\n\n\n\n<p class=\"wp-block-paragraph\">Para cada sistema de concorr\u00eancia, os candidatos ser\u00e3o convocados para a realiza\u00e7\u00e3o da prova oral, a ser aplicada em <strong>30 de outubro de 2022<\/strong>, de acordo com os seguintes crit\u00e9rios: <\/p>\n\n\n\n<p class=\"wp-block-paragraph\">a) ampla concorr\u00eancia: ser\u00e3o convocados para a prova oral os 50 candidatos melhores classificados conforme a nota obtida pela soma das notas na prova objetiva e nas provas<br \/>discursivas, respeitados os empates na \u00faltima posi\u00e7\u00e3o;<br \/>b) candidatos que se autodeclararam negros: ser\u00e3o convocados para a prova oral os 20 candidatos melhores classificados conforme a nota obtida pela soma das notas na prova objetiva e nas provas discursivas, respeitados os empates na \u00faltima posi\u00e7\u00e3o;<br \/>c) candidatos que se autodeclararam pessoas com defici\u00eancia: ser\u00e3o convocados para a prova oral os 20 candidatos melhores classificados conforme a nota obtida pela soma das notas na prova objetiva e nas provas discursivas, respeitados os empates na \u00faltima posi\u00e7\u00e3o;<br \/>d) candidatos que se declararam hipossuficientes: ser\u00e3o convocados para a prova oral os 10 candidatos melhores classificados conforme a nota obtida pela soma das notas na prova objetiva e nas provas discursivas, respeitados os empates na \u00faltima posi\u00e7\u00e3o.<\/p>\n\n\n\n<p class=\"wp-block-paragraph\">A prova oral, de car\u00e1ter eliminat\u00f3rio e classificat\u00f3rio, valer\u00e1 em seu conjunto 200,00 pontos e versar\u00e1 sobre as seguintes \u00e1reas de conhecimentos:<br \/>a) o grupo I valer\u00e1 70,00 pontos: Direito Constitucional (40,00 pontos); Direito Tribut\u00e1rio, Financeiro e Or\u00e7ament\u00e1rio (30,00 pontos);<br \/>b) o grupo II valer\u00e1 70,00 pontos: Direito Administrativo (50,00 pontos); Direito Urban\u00edstico e Direito Ambiental (20,00 pontos); e<br \/>c) o grupo III valer\u00e1 60,00 pontos: Direito Processual Civil (40,00 pontos); Direito Civil e Empresarial (20,00 pontos).<\/p>\n\n\n\n<p class=\"wp-block-paragraph\">A prova oral ter\u00e1 dura\u00e7\u00e3o de at\u00e9 5 minutos para cada disciplina de cada grupo, tempo em que o candidato dever\u00e1 ler (em voz alta ou silenciosamente) e responder \u00e0s perguntas que lhe forem entregues por escrito, bem como responder \u00e0s argui\u00e7\u00f5es da banca examinadora.<\/p>\n\n\n\n<p class=\"wp-block-paragraph\">Na avalia\u00e7\u00e3o da prova oral ser\u00e3o considerados o dom\u00ednio do conhecimento jur\u00eddico, a articula\u00e7\u00e3o do racioc\u00ednio, a capacidade de argumenta\u00e7\u00e3o e de convencimento e o uso correto do vern\u00e1culo.<\/p>\n\n\n\n<p class=\"wp-block-paragraph\">Ser\u00e1 eliminado na prova oral o candidato que n\u00e3o alcan\u00e7ar a nota m\u00e9dia final de 60% no conjunto da prova oral, e n\u00e3o obtiver, no m\u00ednimo, 50% da pontua\u00e7\u00e3o de cada grupo. O candidato que n\u00e3o comparecer \u00e0 prova oral estar\u00e1 automaticamente eliminado do concurso.<\/p>\n\n\n\n<h3 class=\"wp-block-heading\" id=\"prova-de-titulos\">Prova de T\u00edtulos <\/h3>\n\n\n\n<p class=\"wp-block-paragraph\">Ser\u00e3o convocados para a avalia\u00e7\u00e3o de t\u00edtulos os candidatos aprovados na prova oral. Os candidatos n\u00e3o convocados para a avalia\u00e7\u00e3o de t\u00edtulos ser\u00e3o eliminados e n\u00e3o ter\u00e3o classifica\u00e7\u00e3o alguma no concurso.<\/p>\n\n\n\n<p class=\"wp-block-paragraph\">O per\u00edodo para o envio dos t\u00edtulos se dar\u00e1 entre \u00e0s <strong>10 horas do dia 13 e \u00e0s 18 horas do dia 14 de dezembro de 2022.<\/strong><\/p>\n\n\n\n<p class=\"wp-block-paragraph\">A avalia\u00e7\u00e3o de t\u00edtulos valer\u00e1 <strong>35,00 pontos<\/strong>, ainda que a soma dos valores dos t\u00edtulos apresentados seja superior a esse valor. Somente ser\u00e3o aceitos os t\u00edtulos abaixo relacionados, expedidos at\u00e9 a data do envio, observados os limites de pontos do quadro a seguir.<\/p>\n\n\n\n<figure class=\"wp-block-table is-style-stripes\"><table class=\"has-background\" style=\"background-color:#e7f5fe\"><tbody><tr><td>0<strong>Al\u00ednea<\/strong><\/td><td class=\"has-text-align-center\" data-align=\"center\"><strong>T\u00edtulo<\/strong><\/td><td class=\"has-text-align-center\" data-align=\"center\"><strong>Valor unit\u00e1rio<\/strong><\/td><td class=\"has-text-align-center\" data-align=\"center\"><strong>Valor m\u00e1ximo<\/strong><\/td><\/tr><tr><td>A<\/td><td class=\"has-text-align-center\" data-align=\"center\">Diploma, devidamente registrado, de doutor em Direito<br \/>ou certificado de defesa e aprova\u00e7\u00e3o de tese. Tamb\u00e9m<br \/>ser\u00e1 aceito certificado\/declara\u00e7\u00e3o de conclus\u00e3o de curso<br \/>de doutorado, desde que acompanhado de hist\u00f3rico<br \/>escolar.<\/td><td class=\"has-text-align-center\" data-align=\"center\">6,00<\/td><td class=\"has-text-align-center\" data-align=\"center\">6,00<\/td><\/tr><tr><td>B<\/td><td class=\"has-text-align-center\" data-align=\"center\">Diploma, devidamente registrado, de mestre em Direito<br \/>ou certificado de defesa e aprova\u00e7\u00e3o de disserta\u00e7\u00e3o.<br \/>Tamb\u00e9m ser\u00e1 aceito certificado\/declara\u00e7\u00e3o de<br \/>conclus\u00e3o de curso de mestrado, desde que<br \/>acompanhado de hist\u00f3rico escolar.<\/td><td class=\"has-text-align-center\" data-align=\"center\">3,00<\/td><td class=\"has-text-align-center\" data-align=\"center\">3,00<\/td><\/tr><tr><td>C<\/td><td class=\"has-text-align-center\" data-align=\"center\">Certificado, devidamente registrado, de curso de p\u00f3sgradua\u00e7\u00e3o em n\u00edvel de especializa\u00e7\u00e3o na \u00e1rea jur\u00eddica,<br \/>com carga hor\u00e1ria m\u00ednima de 360 horas, conferido ap\u00f3s<br \/>atribui\u00e7\u00e3o de nota de aproveitamento. Tamb\u00e9m ser\u00e1<br \/>aceito certificado\/declara\u00e7\u00e3o de conclus\u00e3o p\u00f3sgradua\u00e7\u00e3o em n\u00edvel de especializa\u00e7\u00e3o, desde que<br \/>acompanhado de hist\u00f3rico escolar.<\/td><td class=\"has-text-align-center\" data-align=\"center\">1,50<\/td><td class=\"has-text-align-center\" data-align=\"center\">3,00<\/td><\/tr><tr><td>D<\/td><td class=\"has-text-align-center\" data-align=\"center\">Exerc\u00edcio do magist\u00e9rio superior, em disciplina da \u00e1rea<br \/>jur\u00eddica, desenvolvido em institui\u00e7\u00e3o de ensino superior<br \/>p\u00fablica e(ou) particular, reconhecida pelo MEC,<br \/>durante um per\u00edodo m\u00ednimo de 1 ano.<\/td><td class=\"has-text-align-center\" data-align=\"center\">1,20 por ano<br \/>completo sem<br \/>sobreposi\u00e7\u00e3o de tempo<\/td><td class=\"has-text-align-center\" data-align=\"center\">4,80<\/td><\/tr><tr><td>E<\/td><td class=\"has-text-align-center\" data-align=\"center\">Exerc\u00edcio efetivo da advocacia, excetuados os t\u00edtulos j\u00e1<br \/>pontuados na al\u00ednea \u201cD\u201d<\/td><td class=\"has-text-align-center\" data-align=\"center\">1,50 por ano completo<br \/>sem sobreposi\u00e7\u00e3o de tempo<\/td><td class=\"has-text-align-center\" data-align=\"center\">6,00<\/td><\/tr><tr><td>F<\/td><td class=\"has-text-align-center\" data-align=\"center\">Exerc\u00edcio de cargo\/fun\u00e7\u00e3o p\u00fablica em cargos de n\u00edvel superior privativos de bacharel em Direito, excetuados os t\u00edtulos j\u00e1 pontuados na al\u00ednea al\u00edneas \u201cD\u201d e \u201cE\u201d.<\/td><td class=\"has-text-align-center\" data-align=\"center\">1,50 por ano completo<br \/>sem sobreposi\u00e7\u00e3o de tempo<\/td><td class=\"has-text-align-center\" data-align=\"center\">6,00<\/td><\/tr><tr><td>G<\/td><td class=\"has-text-align-center\" data-align=\"center\">Aprova\u00e7\u00e3o em concurso p\u00fablico para Procurador de Estado,<br \/>Munic\u00edpio ou do Distrito Federal, Advogado da Uni\u00e3o,<br \/>Procurador Federal ou da Fazenda Nacional, Defensor P\u00fablico, Juiz e membros do Minist\u00e9rio P\u00fablico, excetuados os t\u00edtulos j\u00e1 pontuados na al\u00ednea \u201cE\u201d e &#8220;F&#8221;<\/td><td class=\"has-text-align-center\" data-align=\"center\">0,60<\/td><td class=\"has-text-align-center\" data-align=\"center\">1,80<\/td><\/tr><tr><td>H<\/td><td class=\"has-text-align-center\" data-align=\"center\">Aprova\u00e7\u00e3o em concurso p\u00fablico para cargo privativo de bacharel em Direito, excetuados os t\u00edtulos j\u00e1 pontuados nas al\u00edneas \u201cD\u201d, \u201cE\u201d, \u201cF\u201d e \u201cG\u201d.<\/td><td class=\"has-text-align-center\" data-align=\"center\">0,40<\/td><td class=\"has-text-align-center\" data-align=\"center\">0,80<\/td><\/tr><tr><td>I<\/td><td class=\"has-text-align-center\" data-align=\"center\">Artigos, pareceres, ensaios e trabalhos jur\u00eddicos veiculados em publica\u00e7\u00f5es com ISSN ou ISBN e que possuam conselho<br \/>editorial.<\/td><td class=\"has-text-align-center\" data-align=\"center\">0,70<\/td><td class=\"has-text-align-center\" data-align=\"center\">1,40<\/td><\/tr><tr><td>J<\/td><td class=\"has-text-align-center\" data-align=\"center\">Livros publicados com ISBN, de autoria individual, no \u00e2mbito da ci\u00eancia jur\u00eddica, de, no m\u00ednimo, 100 p\u00e1ginas.<\/td><td class=\"has-text-align-center\" data-align=\"center\">1,10<\/td><td class=\"has-text-align-center\" data-align=\"center\">2,20<\/td><\/tr><tr><td><\/td><td class=\"has-text-align-center\" data-align=\"center\"><strong>TOTAL<\/strong><\/td><td class=\"has-text-align-center\" data-align=\"center\"><\/td><td class=\"has-text-align-center\" data-align=\"center\"><strong>35,00<\/strong><\/td><\/tr><\/tbody><\/table><\/figure>\n\n\n\n<p class=\"has-text-align-center has-luminous-vivid-amber-background-color has-background has-medium-font-size wp-block-paragraph\"><strong>Mais informa\u00e7\u00f5es: <a href=\"https:\/\/www.estrategiaconcursos.com.br\/blog\/concurso-pgdf-procurador\" target=\"_blank\" rel=\"noreferrer noopener\">Concurso PGDF Procurador<\/a><\/strong><\/p>\n\n\n\n<h2 class=\"has-text-align-center wp-block-heading\" id=\"h-quer-saber-tudo-sobre-concursos-previstos-confira-nossos-artigos\">Quer saber tudo sobre concursos previstos?<br \/>Confira nossos artigos!<\/h2>\n\n\n\n<ul class=\"wp-block-list\"><li><a href=\"https:\/\/www.estrategiaconcursos.com.br\/blog\/concursos-abertos\/\" target=\"_blank\" rel=\"noreferrer noopener\">Concursos abertos<\/a><\/li><li><a href=\"https:\/\/www.estrategiaconcursos.com.br\/blog\/concursos-2022\/\" target=\"_blank\" rel=\"noreferrer noopener\">Concursos 2022<\/a><\/li><\/ul>\n\n\n\n<h2 class=\"has-text-align-center wp-block-heading\" id=\"cursos\"><span style=\"font-size: 18pt;\"><em><strong>Cursos para o edital PGDF Procurador:<\/strong><\/em><\/span><\/h2>\n\n\n\n<div class=\"container\" id=\"boxes\">\n  <div class=\"row\">\n\n    <div class=\"col-sm\">\n      <div class=\"banner-ecj\" id=\"box-assinatura\">\n        <h3 class=\"titulo-assinatura\">Curso para edital PGDF PROCURADOR <\/h3>\n        <p class=\"subtitulo-assinatura\">Cursos focados no edital do concurso<\/p>\n        <div class=\"box-botao\">\n          <a class=\"btn-assinatura\" target=\"_blank\" href=\"https:\/\/www.estrategiaconcursos.com.br\/cursosPorConcurso\/procuradoria-geral-do-distrito-federal-pg-df-procurador\/\" role=\"button\" rel=\"noopener noreferrer\">Conhe\u00e7a mais<\/a>\n        <\/div>\n      <\/div>\n      <p class=\"texto-auxiliar\">Prepare-se com o melhor material e com quem mais aprova em concursos em todo o pa\u00eds. \n<\/p>\n    <\/div>\n\n  <\/div>\n<\/div>\n\n\n\n<div class=\"container\" id=\"boxes\">\n  <div class=\"row\">\n\n    <div class=\"col-sm\">\n      <div class=\"banner-ecj\" id=\"box-assinatura\">\n        <h3 class=\"titulo-assinatura\">Assinatura Jur\u00eddica <\/h3>\n        <p class=\"subtitulo-assinatura\">Conhe\u00e7a os planos<\/p>\n        <div class=\"box-botao\">\n          <a class=\"btn-assinatura\" target=\"_blank\" href=\"https:\/\/www.estrategiaconcursos.com.br\/blog\/assinaturas-ecj\/\" role=\"button\" rel=\"noopener noreferrer\">Conhe\u00e7a mais<\/a>\n        <\/div>\n      <\/div>\n      <p class=\"texto-auxiliar\">Prepare-se com o melhor material e com quem mais aprova em Concursos P\u00fablicos em todo o pa\u00eds. \n<\/p>\n    <\/div>\n\n  <\/div>\n<\/div>\n\n\n\n<figure class=\"wp-block-image size-large is-resized\"><img loading=\"lazy\" decoding=\"async\" src=\"https:\/\/www.estrategiaconcursos.com.br\/blog\/wp-content\/uploads\/2021\/04\/ficha-tecnica-33-1024x632.png\" alt=\"\" class=\"wp-image-707823\" width=\"140\" height=\"86\" srcset=\"https:\/\/dhg1h5j42swfq.cloudfront.net\/2021\/04\/05171352\/ficha-tecnica-33-1024x632.png 1024w, https:\/\/dhg1h5j42swfq.cloudfront.net\/2021\/04\/05171352\/ficha-tecnica-33-300x185.png 300w, https:\/\/dhg1h5j42swfq.cloudfront.net\/2021\/04\/05171352\/ficha-tecnica-33-768x474.png 768w, https:\/\/dhg1h5j42swfq.cloudfront.net\/2021\/04\/05171352\/ficha-tecnica-33-1536x948.png 1536w, https:\/\/dhg1h5j42swfq.cloudfront.net\/2021\/04\/05171352\/ficha-tecnica-33-610x377.png 610w, https:\/\/dhg1h5j42swfq.cloudfront.net\/2021\/04\/05171352\/ficha-tecnica-33.png 1571w\" sizes=\"auto, (max-width: 140px) 100vw, 140px\" \/><\/figure>\n\n\n\n<h4 class=\"wp-block-heading\" id=\"ficha\">Principais informa\u00e7\u00f5es sobre o edital PGDF Procurador<\/h4>\n\n\n\n<p class=\"wp-block-paragraph\">\u25ba<strong>Data prevista<\/strong>: 05 de junho de 2022<br \/>\u25ba<strong>Vagas<\/strong>: 65 <br \/>\u25ba<strong>Cargos<\/strong>: Procurador do Distrito Federal<br \/>\u25ba<strong>Lota\u00e7\u00f5es<\/strong>: Bras\u00edlia (DF)<br \/>\u25ba<strong>Banca<\/strong>: Cebraspe<br \/>\u25ba<strong>Escolaridade<\/strong>: N\u00edvel Superior<br \/>\u25ba<strong>Edital<\/strong>: <a href=\"https:\/\/dhg1h5j42swfq.cloudfront.net\/2022\/02\/09181222\/edital_do_pgdf.pdf\" target=\"_blank\" rel=\"noreferrer noopener nofollow\">PGDF 2022<\/a>\/<a href=\"https:\/\/dhg1h5j42swfq.cloudfront.net\/2022\/02\/08165628\/ed_3_pgdf_21_procurador_ret_tcdf1.pdf\" target=\"_blank\" rel=\"noreferrer noopener nofollow\">Retifica\u00e7\u00e3o PGDF 2022<\/a><\/p>\n","protected":false},"excerpt":{"rendered":"<p>Foi retificado o edital PGDF Procurador com a oferta de 65 vagas diretas para a classe inicial de Procurador do Distrito Federal e Territ\u00f3rios. Dentre as altera\u00e7\u00f5es est\u00e3o a mudan\u00e7a no cronograma para aplica\u00e7\u00e3o das provas discursivas e oral, bem como do envio dos t\u00edtulos e, por conseguinte, do resultado final. Al\u00e9m disso, mudou o [&hellip;]<\/p>\n","protected":false},"author":317,"featured_media":965696,"comment_status":"open","ping_status":"closed","sticky":false,"template":"","format":"standard","meta":{"_acf_changed":false,"post_tipo":"news","footnotes":""},"categories":[220196],"tags":[],"tax_estado":[219970],"class_list":["post-965693","post","type-post","status-publish","format-standard","has-post-thumbnail","hentry","category-procuradorias","tax_estado-df"],"acf":[],"yoast_head":"<!-- This site is optimized with the Yoast SEO Premium plugin v28.1 (Yoast SEO v28.1) - https:\/\/yoast.com\/product\/yoast-seo-premium-wordpress\/ -->\n<title>Edital PGDF Procurador: RETIFICADO com 65 vagas diretas! Confira!<\/title>\n<meta name=\"description\" content=\"Foi retificado o edital PGDF Procurador com oferta de 65 vagas diretas para a classe inicial da carreira. Saiba mais neste artigo!\" \/>\n<meta name=\"robots\" content=\"index, follow, max-snippet:-1, max-image-preview:large, max-video-preview:-1\" \/>\n<link rel=\"canonical\" href=\"https:\/\/www.estrategiaconcursos.com.br\/blog\/edital-pgdf-procurador\/\" \/>\n<meta property=\"og:locale\" content=\"pt_BR\" \/>\n<meta property=\"og:type\" content=\"article\" \/>\n<meta property=\"og:title\" content=\"Edital PGDF Procurador: RETIFICADO com 65 vagas diretas! Confira!\" \/>\n<meta property=\"og:description\" content=\"Foi retificado o edital PGDF Procurador com oferta de 65 vagas diretas para a classe inicial da carreira. Saiba mais neste artigo!\" \/>\n<meta property=\"og:url\" content=\"https:\/\/www.estrategiaconcursos.com.br\/blog\/edital-pgdf-procurador\/\" \/>\n<meta property=\"og:site_name\" content=\"Estrat\u00e9gia Concursos\" \/>\n<meta property=\"article:author\" content=\"https:\/\/www.facebook.com\/igor.maciel.1420\" \/>\n<meta property=\"article:published_time\" content=\"2022-03-08T03:49:00+00:00\" \/>\n<meta property=\"article:modified_time\" content=\"2022-03-08T21:03:19+00:00\" \/>\n<meta property=\"og:image\" content=\"https:\/\/dhg1h5j42swfq.cloudfront.net\/2022\/02\/09181036\/saiu-edital-1-2-4.jpg\" \/>\n\t<meta property=\"og:image:width\" content=\"1200\" \/>\n\t<meta property=\"og:image:height\" content=\"628\" \/>\n\t<meta property=\"og:image:type\" content=\"image\/jpeg\" \/>\n<meta name=\"author\" content=\"Igor Maciel\" \/>\n<meta name=\"twitter:card\" content=\"summary_large_image\" \/>\n<meta name=\"twitter:creator\" content=\"@EstratConcursos\" \/>\n<meta name=\"twitter:site\" content=\"@EstratConcursos\" \/>\n<meta name=\"twitter:label1\" content=\"Escrito por\" \/>\n\t<meta name=\"twitter:data1\" content=\"Igor Maciel\" \/>\n\t<meta name=\"twitter:label2\" content=\"Est. tempo de leitura\" \/>\n\t<meta name=\"twitter:data2\" content=\"14 minutos\" \/>\n<script type=\"application\/ld+json\" class=\"yoast-schema-graph\">{\"@context\":\"https:\\\/\\\/schema.org\",\"@graph\":[{\"@type\":\"NewsArticle\",\"@id\":\"https:\\\/\\\/www.estrategiaconcursos.com.br\\\/blog\\\/edital-pgdf-procurador\\\/#article\",\"isPartOf\":{\"@id\":\"https:\\\/\\\/www.estrategiaconcursos.com.br\\\/blog\\\/edital-pgdf-procurador\\\/\"},\"author\":{\"name\":\"Igor Maciel\",\"@id\":\"https:\\\/\\\/blog-estrategia.mystagingwebsite.com\\\/#\\\/schema\\\/person\\\/024d26d5efb06d95dfc04025d7301591\"},\"headline\":\"Edital PGDF Procurador: RETIFICADO com 65 vagas diretas! Confira!\",\"datePublished\":\"2022-03-08T03:49:00+00:00\",\"dateModified\":\"2022-03-08T21:03:19+00:00\",\"mainEntityOfPage\":{\"@id\":\"https:\\\/\\\/www.estrategiaconcursos.com.br\\\/blog\\\/edital-pgdf-procurador\\\/\"},\"wordCount\":2658,\"commentCount\":0,\"publisher\":{\"@id\":\"https:\\\/\\\/blog-estrategia.mystagingwebsite.com\\\/#organization\"},\"image\":{\"@id\":\"https:\\\/\\\/www.estrategiaconcursos.com.br\\\/blog\\\/edital-pgdf-procurador\\\/#primaryimage\"},\"thumbnailUrl\":\"https:\\\/\\\/dhg1h5j42swfq.cloudfront.net\\\/2022\\\/02\\\/09181036\\\/saiu-edital-1-2-4.jpg\",\"articleSection\":[\"Jur\u00eddico - Procuradorias\"],\"inLanguage\":\"pt-BR\",\"potentialAction\":[{\"@type\":\"CommentAction\",\"name\":\"Comment\",\"target\":[\"https:\\\/\\\/www.estrategiaconcursos.com.br\\\/blog\\\/edital-pgdf-procurador\\\/#respond\"]}],\"copyrightYear\":\"2022\",\"copyrightHolder\":{\"@id\":\"https:\\\/\\\/www.estrategiaconcursos.com.br\\\/blog\\\/#organization\"}},{\"@type\":\"WebPage\",\"@id\":\"https:\\\/\\\/www.estrategiaconcursos.com.br\\\/blog\\\/edital-pgdf-procurador\\\/\",\"url\":\"https:\\\/\\\/www.estrategiaconcursos.com.br\\\/blog\\\/edital-pgdf-procurador\\\/\",\"name\":\"Edital PGDF Procurador: RETIFICADO com 65 vagas diretas! Confira!\",\"isPartOf\":{\"@id\":\"https:\\\/\\\/blog-estrategia.mystagingwebsite.com\\\/#website\"},\"primaryImageOfPage\":{\"@id\":\"https:\\\/\\\/www.estrategiaconcursos.com.br\\\/blog\\\/edital-pgdf-procurador\\\/#primaryimage\"},\"image\":{\"@id\":\"https:\\\/\\\/www.estrategiaconcursos.com.br\\\/blog\\\/edital-pgdf-procurador\\\/#primaryimage\"},\"thumbnailUrl\":\"https:\\\/\\\/dhg1h5j42swfq.cloudfront.net\\\/2022\\\/02\\\/09181036\\\/saiu-edital-1-2-4.jpg\",\"datePublished\":\"2022-03-08T03:49:00+00:00\",\"dateModified\":\"2022-03-08T21:03:19+00:00\",\"description\":\"Foi retificado o edital PGDF Procurador com oferta de 65 vagas diretas para a classe inicial da carreira. Saiba mais neste artigo!\",\"breadcrumb\":{\"@id\":\"https:\\\/\\\/www.estrategiaconcursos.com.br\\\/blog\\\/edital-pgdf-procurador\\\/#breadcrumb\"},\"inLanguage\":\"pt-BR\",\"potentialAction\":[{\"@type\":\"ReadAction\",\"target\":[\"https:\\\/\\\/www.estrategiaconcursos.com.br\\\/blog\\\/edital-pgdf-procurador\\\/\"]}]},{\"@type\":\"ImageObject\",\"inLanguage\":\"pt-BR\",\"@id\":\"https:\\\/\\\/www.estrategiaconcursos.com.br\\\/blog\\\/edital-pgdf-procurador\\\/#primaryimage\",\"url\":\"https:\\\/\\\/dhg1h5j42swfq.cloudfront.net\\\/2022\\\/02\\\/09181036\\\/saiu-edital-1-2-4.jpg\",\"contentUrl\":\"https:\\\/\\\/dhg1h5j42swfq.cloudfront.net\\\/2022\\\/02\\\/09181036\\\/saiu-edital-1-2-4.jpg\",\"width\":1200,\"height\":628,\"caption\":\"Concurso Pombal PB: saiu edital para diversos cargos!\"},{\"@type\":\"BreadcrumbList\",\"@id\":\"https:\\\/\\\/www.estrategiaconcursos.com.br\\\/blog\\\/edital-pgdf-procurador\\\/#breadcrumb\",\"itemListElement\":[{\"@type\":\"ListItem\",\"position\":1,\"name\":\"In\u00edcio\",\"item\":\"https:\\\/\\\/blog-estrategia.mystagingwebsite.com\\\/\"},{\"@type\":\"ListItem\",\"position\":2,\"name\":\"Edital PGDF Procurador: RETIFICADO com 65 vagas diretas! Confira!\"}]},{\"@type\":\"WebSite\",\"@id\":\"https:\\\/\\\/blog-estrategia.mystagingwebsite.com\\\/#website\",\"url\":\"https:\\\/\\\/blog-estrategia.mystagingwebsite.com\\\/\",\"name\":\"Estrat\u00e9gia Concursos\",\"description\":\"O blog da Estrat\u00e9gia Concursos traz not\u00edcias sobre concursos e artigos de professores oferecendo cursos para concursos (pdf + videaulas) no site.\",\"publisher\":{\"@id\":\"https:\\\/\\\/blog-estrategia.mystagingwebsite.com\\\/#organization\"},\"potentialAction\":[{\"@type\":\"SearchAction\",\"target\":{\"@type\":\"EntryPoint\",\"urlTemplate\":\"https:\\\/\\\/blog-estrategia.mystagingwebsite.com\\\/?s={search_term_string}\"},\"query-input\":{\"@type\":\"PropertyValueSpecification\",\"valueRequired\":true,\"valueName\":\"search_term_string\"}}],\"inLanguage\":\"pt-BR\"},{\"@type\":\"Organization\",\"@id\":\"https:\\\/\\\/blog-estrategia.mystagingwebsite.com\\\/#organization\",\"name\":\"Estrat\u00e9gia Concursos\",\"url\":\"https:\\\/\\\/blog-estrategia.mystagingwebsite.com\\\/\",\"logo\":{\"@type\":\"ImageObject\",\"inLanguage\":\"pt-BR\",\"@id\":\"https:\\\/\\\/blog-estrategia.mystagingwebsite.com\\\/#\\\/schema\\\/logo\\\/image\\\/\",\"url\":\"https:\\\/\\\/dhg1h5j42swfq.cloudfront.net\\\/2025\\\/06\\\/03203428\\\/logo_concursos-1.jpg\",\"contentUrl\":\"https:\\\/\\\/dhg1h5j42swfq.cloudfront.net\\\/2025\\\/06\\\/03203428\\\/logo_concursos-1.jpg\",\"width\":230,\"height\":60,\"caption\":\"Estrat\u00e9gia Concursos\"},\"image\":{\"@id\":\"https:\\\/\\\/blog-estrategia.mystagingwebsite.com\\\/#\\\/schema\\\/logo\\\/image\\\/\"},\"sameAs\":[\"https:\\\/\\\/x.com\\\/EstratConcursos\"]},{\"@type\":\"Person\",\"@id\":\"https:\\\/\\\/blog-estrategia.mystagingwebsite.com\\\/#\\\/schema\\\/person\\\/024d26d5efb06d95dfc04025d7301591\",\"name\":\"Igor Maciel\",\"image\":{\"@type\":\"ImageObject\",\"inLanguage\":\"pt-BR\",\"@id\":\"https:\\\/\\\/secure.gravatar.com\\\/avatar\\\/e983a676af6facf4aebcb2989d49e3bf61b718712d5e7a4b3f355b7fe651bc2f?s=96&d=mm&r=g\",\"url\":\"https:\\\/\\\/secure.gravatar.com\\\/avatar\\\/e983a676af6facf4aebcb2989d49e3bf61b718712d5e7a4b3f355b7fe651bc2f?s=96&d=mm&r=g\",\"contentUrl\":\"https:\\\/\\\/secure.gravatar.com\\\/avatar\\\/e983a676af6facf4aebcb2989d49e3bf61b718712d5e7a4b3f355b7fe651bc2f?s=96&d=mm&r=g\",\"caption\":\"Igor Maciel\"},\"description\":\"Graduado na Universidade Federal de Pernambuco, com extens\u00e3o na Universidade de Coimbra\\\/Portugal. Especialista LLM em Direito Corporativo pelo IBMEC\\\/RJ. Mestrando em Direito e Pol\u00edticas P\u00fablicas pelo UNICEUB\\\/DF. Advogado com atua\u00e7\u00e3o profissional centrada no Direito Tribut\u00e1rio e no Direito Administrativo, especialmente na defesa de servidores p\u00fablicos.\",\"sameAs\":[\"http:\\\/\\\/www.imaciel.com.br\",\"https:\\\/\\\/www.facebook.com\\\/igor.maciel.1420\"],\"url\":\"https:\\\/\\\/www.estrategiaconcursos.com.br\\\/blog\\\/author\\\/contatoimaciel-com-br\\\/\"}]}<\/script>\n<!-- \/ Yoast SEO Premium plugin. -->","yoast_head_json":{"title":"Edital PGDF Procurador: RETIFICADO com 65 vagas diretas! Confira!","description":"Foi retificado o edital PGDF Procurador com oferta de 65 vagas diretas para a classe inicial da carreira. Saiba mais neste artigo!","robots":{"index":"index","follow":"follow","max-snippet":"max-snippet:-1","max-image-preview":"max-image-preview:large","max-video-preview":"max-video-preview:-1"},"canonical":"https:\/\/www.estrategiaconcursos.com.br\/blog\/edital-pgdf-procurador\/","og_locale":"pt_BR","og_type":"article","og_title":"Edital PGDF Procurador: RETIFICADO com 65 vagas diretas! Confira!","og_description":"Foi retificado o edital PGDF Procurador com oferta de 65 vagas diretas para a classe inicial da carreira. Saiba mais neste artigo!","og_url":"https:\/\/www.estrategiaconcursos.com.br\/blog\/edital-pgdf-procurador\/","og_site_name":"Estrat\u00e9gia Concursos","article_author":"https:\/\/www.facebook.com\/igor.maciel.1420","article_published_time":"2022-03-08T03:49:00+00:00","article_modified_time":"2022-03-08T21:03:19+00:00","og_image":[{"width":1200,"height":628,"url":"https:\/\/dhg1h5j42swfq.cloudfront.net\/2022\/02\/09181036\/saiu-edital-1-2-4.jpg","type":"image\/jpeg"}],"author":"Igor Maciel","twitter_card":"summary_large_image","twitter_creator":"@EstratConcursos","twitter_site":"@EstratConcursos","twitter_misc":{"Escrito por":"Igor Maciel","Est. tempo de leitura":"14 minutos"},"schema":{"@context":"https:\/\/schema.org","@graph":[{"@type":"NewsArticle","@id":"https:\/\/www.estrategiaconcursos.com.br\/blog\/edital-pgdf-procurador\/#article","isPartOf":{"@id":"https:\/\/www.estrategiaconcursos.com.br\/blog\/edital-pgdf-procurador\/"},"author":{"name":"Igor Maciel","@id":"https:\/\/blog-estrategia.mystagingwebsite.com\/#\/schema\/person\/024d26d5efb06d95dfc04025d7301591"},"headline":"Edital PGDF Procurador: RETIFICADO com 65 vagas diretas! Confira!","datePublished":"2022-03-08T03:49:00+00:00","dateModified":"2022-03-08T21:03:19+00:00","mainEntityOfPage":{"@id":"https:\/\/www.estrategiaconcursos.com.br\/blog\/edital-pgdf-procurador\/"},"wordCount":2658,"commentCount":0,"publisher":{"@id":"https:\/\/blog-estrategia.mystagingwebsite.com\/#organization"},"image":{"@id":"https:\/\/www.estrategiaconcursos.com.br\/blog\/edital-pgdf-procurador\/#primaryimage"},"thumbnailUrl":"https:\/\/dhg1h5j42swfq.cloudfront.net\/2022\/02\/09181036\/saiu-edital-1-2-4.jpg","articleSection":["Jur\u00eddico - Procuradorias"],"inLanguage":"pt-BR","potentialAction":[{"@type":"CommentAction","name":"Comment","target":["https:\/\/www.estrategiaconcursos.com.br\/blog\/edital-pgdf-procurador\/#respond"]}],"copyrightYear":"2022","copyrightHolder":{"@id":"https:\/\/www.estrategiaconcursos.com.br\/blog\/#organization"}},{"@type":"WebPage","@id":"https:\/\/www.estrategiaconcursos.com.br\/blog\/edital-pgdf-procurador\/","url":"https:\/\/www.estrategiaconcursos.com.br\/blog\/edital-pgdf-procurador\/","name":"Edital PGDF Procurador: RETIFICADO com 65 vagas diretas! Confira!","isPartOf":{"@id":"https:\/\/blog-estrategia.mystagingwebsite.com\/#website"},"primaryImageOfPage":{"@id":"https:\/\/www.estrategiaconcursos.com.br\/blog\/edital-pgdf-procurador\/#primaryimage"},"image":{"@id":"https:\/\/www.estrategiaconcursos.com.br\/blog\/edital-pgdf-procurador\/#primaryimage"},"thumbnailUrl":"https:\/\/dhg1h5j42swfq.cloudfront.net\/2022\/02\/09181036\/saiu-edital-1-2-4.jpg","datePublished":"2022-03-08T03:49:00+00:00","dateModified":"2022-03-08T21:03:19+00:00","description":"Foi retificado o edital PGDF Procurador com oferta de 65 vagas diretas para a classe inicial da carreira. Saiba mais neste artigo!","breadcrumb":{"@id":"https:\/\/www.estrategiaconcursos.com.br\/blog\/edital-pgdf-procurador\/#breadcrumb"},"inLanguage":"pt-BR","potentialAction":[{"@type":"ReadAction","target":["https:\/\/www.estrategiaconcursos.com.br\/blog\/edital-pgdf-procurador\/"]}]},{"@type":"ImageObject","inLanguage":"pt-BR","@id":"https:\/\/www.estrategiaconcursos.com.br\/blog\/edital-pgdf-procurador\/#primaryimage","url":"https:\/\/dhg1h5j42swfq.cloudfront.net\/2022\/02\/09181036\/saiu-edital-1-2-4.jpg","contentUrl":"https:\/\/dhg1h5j42swfq.cloudfront.net\/2022\/02\/09181036\/saiu-edital-1-2-4.jpg","width":1200,"height":628,"caption":"Concurso Pombal PB: saiu edital para diversos cargos!"},{"@type":"BreadcrumbList","@id":"https:\/\/www.estrategiaconcursos.com.br\/blog\/edital-pgdf-procurador\/#breadcrumb","itemListElement":[{"@type":"ListItem","position":1,"name":"In\u00edcio","item":"https:\/\/blog-estrategia.mystagingwebsite.com\/"},{"@type":"ListItem","position":2,"name":"Edital PGDF Procurador: RETIFICADO com 65 vagas diretas! Confira!"}]},{"@type":"WebSite","@id":"https:\/\/blog-estrategia.mystagingwebsite.com\/#website","url":"https:\/\/blog-estrategia.mystagingwebsite.com\/","name":"Estrat\u00e9gia Concursos","description":"O blog da Estrat\u00e9gia Concursos traz not\u00edcias sobre concursos e artigos de professores oferecendo cursos para concursos (pdf + videaulas) no site.","publisher":{"@id":"https:\/\/blog-estrategia.mystagingwebsite.com\/#organization"},"potentialAction":[{"@type":"SearchAction","target":{"@type":"EntryPoint","urlTemplate":"https:\/\/blog-estrategia.mystagingwebsite.com\/?s={search_term_string}"},"query-input":{"@type":"PropertyValueSpecification","valueRequired":true,"valueName":"search_term_string"}}],"inLanguage":"pt-BR"},{"@type":"Organization","@id":"https:\/\/blog-estrategia.mystagingwebsite.com\/#organization","name":"Estrat\u00e9gia Concursos","url":"https:\/\/blog-estrategia.mystagingwebsite.com\/","logo":{"@type":"ImageObject","inLanguage":"pt-BR","@id":"https:\/\/blog-estrategia.mystagingwebsite.com\/#\/schema\/logo\/image\/","url":"https:\/\/dhg1h5j42swfq.cloudfront.net\/2025\/06\/03203428\/logo_concursos-1.jpg","contentUrl":"https:\/\/dhg1h5j42swfq.cloudfront.net\/2025\/06\/03203428\/logo_concursos-1.jpg","width":230,"height":60,"caption":"Estrat\u00e9gia Concursos"},"image":{"@id":"https:\/\/blog-estrategia.mystagingwebsite.com\/#\/schema\/logo\/image\/"},"sameAs":["https:\/\/x.com\/EstratConcursos"]},{"@type":"Person","@id":"https:\/\/blog-estrategia.mystagingwebsite.com\/#\/schema\/person\/024d26d5efb06d95dfc04025d7301591","name":"Igor Maciel","image":{"@type":"ImageObject","inLanguage":"pt-BR","@id":"https:\/\/secure.gravatar.com\/avatar\/e983a676af6facf4aebcb2989d49e3bf61b718712d5e7a4b3f355b7fe651bc2f?s=96&d=mm&r=g","url":"https:\/\/secure.gravatar.com\/avatar\/e983a676af6facf4aebcb2989d49e3bf61b718712d5e7a4b3f355b7fe651bc2f?s=96&d=mm&r=g","contentUrl":"https:\/\/secure.gravatar.com\/avatar\/e983a676af6facf4aebcb2989d49e3bf61b718712d5e7a4b3f355b7fe651bc2f?s=96&d=mm&r=g","caption":"Igor Maciel"},"description":"Graduado na Universidade Federal de Pernambuco, com extens\u00e3o na Universidade de Coimbra\/Portugal. Especialista LLM em Direito Corporativo pelo IBMEC\/RJ. Mestrando em Direito e Pol\u00edticas P\u00fablicas pelo UNICEUB\/DF. Advogado com atua\u00e7\u00e3o profissional centrada no Direito Tribut\u00e1rio e no Direito Administrativo, especialmente na defesa de servidores p\u00fablicos.","sameAs":["http:\/\/www.imaciel.com.br","https:\/\/www.facebook.com\/igor.maciel.1420"],"url":"https:\/\/www.estrategiaconcursos.com.br\/blog\/author\/contatoimaciel-com-br\/"}]}},"_links":{"self":[{"href":"https:\/\/www.estrategiaconcursos.com.br\/blog\/wp-json\/wp\/v2\/posts\/965693","targetHints":{"allow":["GET"]}}],"collection":[{"href":"https:\/\/www.estrategiaconcursos.com.br\/blog\/wp-json\/wp\/v2\/posts"}],"about":[{"href":"https:\/\/www.estrategiaconcursos.com.br\/blog\/wp-json\/wp\/v2\/types\/post"}],"author":[{"embeddable":true,"href":"https:\/\/www.estrategiaconcursos.com.br\/blog\/wp-json\/wp\/v2\/users\/317"}],"replies":[{"embeddable":true,"href":"https:\/\/www.estrategiaconcursos.com.br\/blog\/wp-json\/wp\/v2\/comments?post=965693"}],"version-history":[{"count":0,"href":"https:\/\/www.estrategiaconcursos.com.br\/blog\/wp-json\/wp\/v2\/posts\/965693\/revisions"}],"wp:featuredmedia":[{"embeddable":true,"href":"https:\/\/www.estrategiaconcursos.com.br\/blog\/wp-json\/wp\/v2\/media\/965696"}],"wp:attachment":[{"href":"https:\/\/www.estrategiaconcursos.com.br\/blog\/wp-json\/wp\/v2\/media?parent=965693"}],"wp:term":[{"taxonomy":"category","embeddable":true,"href":"https:\/\/www.estrategiaconcursos.com.br\/blog\/wp-json\/wp\/v2\/categories?post=965693"},{"taxonomy":"post_tag","embeddable":true,"href":"https:\/\/www.estrategiaconcursos.com.br\/blog\/wp-json\/wp\/v2\/tags?post=965693"},{"taxonomy":"tax_estado","embeddable":true,"href":"https:\/\/www.estrategiaconcursos.com.br\/blog\/wp-json\/wp\/v2\/tax_estado?post=965693"}],"curies":[{"name":"wp","href":"https:\/\/api.w.org\/{rel}","templated":true}]}}