{"id":965691,"date":"2022-02-21T07:55:00","date_gmt":"2022-02-21T10:55:00","guid":{"rendered":"https:\/\/www.estrategiaconcursos.com.br\/blog\/?p=965691"},"modified":"2022-02-15T13:26:29","modified_gmt":"2022-02-15T16:26:29","slug":"adjetivo","status":"publish","type":"post","link":"https:\/\/www.estrategiaconcursos.com.br\/blog\/adjetivo\/","title":{"rendered":"O que \u00e9 adjetivo?"},"content":{"rendered":"\n<p class=\"has-medium-font-size\">Vamos aprender neste artigo o que \u00e9 adjetivo, bem como as suas classifica\u00e7\u00f5es, tipos e flex\u00f5es.<\/p>\n\n\n\n<div class=\"wp-block-image\"><figure class=\"aligncenter size-full is-resized\"><img loading=\"lazy\" decoding=\"async\" src=\"https:\/\/dhg1h5j42swfq.cloudfront.net\/2022\/02\/09180633\/image-199.png\" alt=\"O que \u00e9 adjetivo?\" class=\"wp-image-965692\" width=\"419\" height=\"317\" srcset=\"https:\/\/dhg1h5j42swfq.cloudfront.net\/2022\/02\/09180633\/image-199.png 369w, https:\/\/dhg1h5j42swfq.cloudfront.net\/2022\/02\/09180633\/image-199-300x227.png 300w\" sizes=\"auto, (max-width: 419px) 100vw, 419px\" \/><figcaption>O que \u00e9 adjetivo?<\/figcaption><\/figure><\/div>\n\n\n\n<h2 class=\"wp-block-heading\" id=\"h-o-que-e-adjetivo\"><mark style=\"background-color:rgba(0, 0, 0, 0)\" class=\"has-inline-color has-vivid-cyan-blue-color\">O que \u00e9 adjetivo?<\/mark><\/h2>\n\n\n\n<p>O adjetivo \u00e9 uma <strong>classe gramatical vari\u00e1vel<\/strong> que se <strong>refere <\/strong>a um <strong>substantivo, <\/strong>com o intuito de atribuir-lhe alguma <strong>qualidade<\/strong>, <strong>condi\u00e7\u00e3o<\/strong> ou <strong>estado<\/strong>.<\/p>\n\n\n\n<p>Vamos exemplificar?<\/p>\n\n\n\n<p><em>Loja <strong><mark style=\"background-color:rgba(0, 0, 0, 0)\" class=\"has-inline-color has-vivid-cyan-blue-color\">bonita<\/mark><\/strong> \/ homem <strong><mark style=\"background-color:rgba(0, 0, 0, 0)\" class=\"has-inline-color has-vivid-cyan-blue-color\">bondoso<\/mark><\/strong> \/ professora <strong><mark style=\"background-color:rgba(0, 0, 0, 0)\" class=\"has-inline-color has-vivid-cyan-blue-color\">competente<\/mark><\/strong> \/ tesoura <strong><mark style=\"background-color:rgba(0, 0, 0, 0)\" class=\"has-inline-color has-vivid-cyan-blue-color\">afiada<\/mark><\/strong> \/ copo <strong><mark style=\"background-color:rgba(0, 0, 0, 0)\" class=\"has-inline-color has-vivid-cyan-blue-color\">limpo<\/mark><\/strong><\/em><\/p>\n\n\n\n<p>Perceba, nos exemplos acima, que os adjetivos est\u00e3o <strong>qualificando <\/strong>os substantivos. Note tamb\u00e9m que o adjetivo <strong>concorda <\/strong>com o substantivo relacionado em n\u00famero e g\u00eanero.<\/p>\n\n\n\n<h2 class=\"wp-block-heading\" id=\"h-classificacao-dos-adjetivos\"><mark style=\"background-color:rgba(0, 0, 0, 0)\" class=\"has-inline-color has-vivid-cyan-blue-color\">Classifica\u00e7\u00e3o dos adjetivos<\/mark><\/h2>\n\n\n\n<p>Os adjetivos podem ser classificados em diferentes tipos.<\/p>\n\n\n\n<p>Em rela\u00e7\u00e3o <strong>ao radical<\/strong>, ele pode ser <strong><mark style=\"background-color:rgba(0, 0, 0, 0)\" class=\"has-inline-color has-vivid-cyan-blue-color\">simples <\/mark><\/strong>ou <strong><mark style=\"background-color:rgba(0, 0, 0, 0)\" class=\"has-inline-color has-vivid-cyan-blue-color\">composto<\/mark><\/strong>.<\/p>\n\n\n\n<h3 class=\"wp-block-heading\" id=\"h-simples\">Simples<\/h3>\n\n\n\n<p>\u00c9 o adjetivo que possui apenas<strong> um radical.<\/strong><\/p>\n\n\n\n<p><em>Exemplos: Garoto <strong><mark style=\"background-color:rgba(0, 0, 0, 0)\" class=\"has-inline-color has-vivid-cyan-blue-color\">surdo<\/mark><\/strong> \/ Pol\u00edtica <strong><mark style=\"background-color:rgba(0, 0, 0, 0)\" class=\"has-inline-color has-vivid-cyan-blue-color\">social<\/mark><\/strong><\/em><\/p>\n\n\n\n<h3 class=\"wp-block-heading\" id=\"h-composto\">Composto<\/h3>\n\n\n\n<p>\u00c9 formado por <strong>mais de um radical<\/strong>.<\/p>\n\n\n\n<p><em>Exemplos: Garoto <strong><mark style=\"background-color:rgba(0, 0, 0, 0)\" class=\"has-inline-color has-vivid-cyan-blue-color\">surdo-mudo<\/mark><\/strong> \/ Pol\u00edtica <strong><mark style=\"background-color:rgba(0, 0, 0, 0)\" class=\"has-inline-color has-vivid-cyan-blue-color\">econ\u00f4mico-social<\/mark><\/strong><\/em><\/p>\n\n\n\n<p>Em rela\u00e7\u00e3o \u00e0 sua <strong>origem<\/strong>, ele pode ser <strong><mark style=\"background-color:rgba(0, 0, 0, 0)\" class=\"has-inline-color has-vivid-cyan-blue-color\">primitivo <\/mark><\/strong>ou <strong><mark style=\"background-color:rgba(0, 0, 0, 0)\" class=\"has-inline-color has-vivid-cyan-blue-color\">derivado<\/mark><\/strong>.<\/p>\n\n\n\n<h3 class=\"wp-block-heading\" id=\"h-primitivo\">Primitivo<\/h3>\n\n\n\n<p>\u00c9 o adjetivo que <strong>n\u00e3o \u00e9 derivado<\/strong> de nenhuma outra palavra, ou seja, est\u00e1 na sua <strong>forma original.<\/strong><\/p>\n\n\n\n<p>Exemplos: <em>Professora <strong><mark style=\"background-color:rgba(0, 0, 0, 0)\" class=\"has-inline-color has-vivid-cyan-blue-color\">boa <\/mark><\/strong>\/ Homem <strong><mark style=\"background-color:rgba(0, 0, 0, 0)\" class=\"has-inline-color has-vivid-cyan-blue-color\">belo<\/mark><\/strong><\/em><\/p>\n\n\n\n<h3 class=\"wp-block-heading\" id=\"h-derivado\">Derivado<\/h3>\n\n\n\n<p>\u00c9 formado a partir de <strong>outra palavra<\/strong>, em outras palavras, \u00e9 derivado de outro voc\u00e1bulo, por meio de prefixos ou sufixos.<\/p>\n\n\n\n<p>Exemplos:<\/p>\n\n\n\n<p><em>Professora <strong><mark style=\"background-color:rgba(0, 0, 0, 0)\" class=\"has-inline-color has-vivid-cyan-blue-color\">bondosa <\/mark><\/strong>(derivada de boa).<\/em><\/p>\n\n\n\n<p><em>Homem <strong><mark style=\"background-color:rgba(0, 0, 0, 0)\" class=\"has-inline-color has-vivid-cyan-blue-color\">bel\u00edssimo <\/mark><\/strong>(derivado de belo).<\/em><\/p>\n\n\n\n<h3 class=\"wp-block-heading\" id=\"h-patrio\">P\u00e1trio<\/h3>\n\n\n\n<p>O adjetivo p\u00e1trio \u00e9 aquele relativo a <strong>munic\u00edpios, estados, pa\u00edses e continentes<\/strong>.<\/p>\n\n\n\n<p>Exemplo: <em>Torcedor <strong><mark style=\"background-color:rgba(0, 0, 0, 0)\" class=\"has-inline-color has-vivid-cyan-blue-color\">paulistano<\/mark><\/strong> \/ jogador <mark style=\"background-color:rgba(0, 0, 0, 0)\" class=\"has-inline-color has-vivid-cyan-blue-color\"><strong>carioca<\/strong><\/mark> \/ apresentador <mark style=\"background-color:rgba(0, 0, 0, 0)\" class=\"has-inline-color has-vivid-cyan-blue-color\"><strong>brasileiro<\/strong><\/mark> \/ senhora <strong><mark style=\"background-color:rgba(0, 0, 0, 0)\" class=\"has-inline-color has-vivid-cyan-blue-color\">asi\u00e1tica<\/mark><\/strong><\/em><\/p>\n\n\n\n<p><mark style=\"background-color:rgba(0, 0, 0, 0)\" class=\"has-inline-color has-vivid-red-color\"><strong>FIQUE ATENTO:<\/strong> <\/mark>Apesar de o nome dos munic\u00edpios, estados e pa\u00edses serem grafados com letra mai\u00fascula, os adjetivos p\u00e1trios s\u00e3o escritos com letra <strong>min\u00fascula<\/strong>.<\/p>\n\n\n\n<h2 class=\"wp-block-heading\" id=\"h-flexoes-dos-adjetivos\"><strong><mark style=\"background-color:rgba(0, 0, 0, 0)\" class=\"has-inline-color has-vivid-cyan-blue-color\">Flex\u00f5es dos adjetivos<\/mark><\/strong><\/h2>\n\n\n\n<p>Como j\u00e1 citamos acima, os adjetivos, em regra, s\u00e3o termos <strong>vari\u00e1veis<\/strong>, flexionando de acordo com o <strong>substantivo <\/strong>a que ele est\u00e1 associado.<\/p>\n\n\n\n<p>Vamos observar os diferentes tipos de varia\u00e7\u00f5es dos adjetivos:<\/p>\n\n\n\n<ul class=\"wp-block-list\"><li><strong><mark style=\"background-color:rgba(0, 0, 0, 0)\" class=\"has-inline-color has-vivid-green-cyan-color\">N\u00famero<\/mark>:&nbsp;<\/strong>singular ou plural<\/li><\/ul>\n\n\n\n<p><em>Carro <mark style=\"background-color:rgba(0, 0, 0, 0)\" class=\"has-inline-color has-vivid-cyan-blue-color\"><strong>novo<\/strong> <\/mark>\/ Carros <strong><mark style=\"background-color:rgba(0, 0, 0, 0)\" class=\"has-inline-color has-vivid-cyan-blue-color\">novos<\/mark><\/strong><\/em><\/p>\n\n\n\n<ul class=\"wp-block-list\"><li><strong><mark style=\"background-color:rgba(0, 0, 0, 0)\" class=\"has-inline-color has-vivid-green-cyan-color\">G\u00eanero<\/mark>:&nbsp;<\/strong>masculino ou feminino<\/li><\/ul>\n\n\n\n<p><em>Aluno <mark style=\"background-color:rgba(0, 0, 0, 0)\" class=\"has-inline-color has-vivid-cyan-blue-color\"><strong>novato<\/strong> <\/mark>\/ Aluna <strong><mark style=\"background-color:rgba(0, 0, 0, 0)\" class=\"has-inline-color has-vivid-cyan-blue-color\">novata<\/mark><\/strong><\/em><\/p>\n\n\n\n<p><strong><mark style=\"background-color:rgba(0, 0, 0, 0)\" class=\"has-inline-color has-vivid-red-color\">A SABER: <\/mark><\/strong>H\u00e1 adjetivos que possuem apenas <strong>uma forma<\/strong> para masculino e feminino, sendo chamados de \u201c<strong>uniformes<\/strong>&#8220;. Exemplos: homem\/mulher <strong>inteligente, simples, feliz, triste<\/strong>.<\/p>\n\n\n\n<ul class=\"wp-block-list\"><li><strong><mark style=\"background-color:rgba(0, 0, 0, 0)\" class=\"has-inline-color has-vivid-green-cyan-color\">Grau<\/mark><\/strong>:<\/li><\/ul>\n\n\n\n<p>Em rela\u00e7\u00e3o ao grau, temos o grau <strong>comparativo <\/strong>e o <strong>superlativo<\/strong>.<\/p>\n\n\n\n<p>O grau<strong> <span style=\"text-decoration: underline;\">comparativo<\/span><\/strong>&nbsp;compara uma qualidade entre dois elementos ou duas qualidades de um mesmo elemento. H\u00e1 <strong>tr\u00eas <\/strong>tipos de compara\u00e7\u00e3o:<\/p>\n\n\n\n<ul class=\"wp-block-list\"><li><em>Comparativo de&nbsp;<strong>superioridade<\/strong>:<\/em><\/li><\/ul>\n\n\n\n<p><em>Alguns costumam dizer que Matem\u00e1tica \u00e9 <mark style=\"background-color:rgba(0, 0, 0, 0)\" class=\"has-inline-color has-vivid-cyan-blue-color\"><strong>mais dif\u00edcil<\/strong> <strong>que<\/strong><\/mark> Portugu\u00eas.<\/em><\/p>\n\n\n\n<ul class=\"wp-block-list\"><li><em>Comparativo de&nbsp;<strong>igualdade<\/strong>:<\/em><\/li><\/ul>\n\n\n\n<p><em>Alguns costumam dizer que Matem\u00e1tica \u00e9 <mark style=\"background-color:rgba(0, 0, 0, 0)\" class=\"has-inline-color has-vivid-cyan-blue-color\"><strong>t\u00e3o dif\u00edcil<\/strong> <strong>quanto<\/strong><\/mark> Portugu\u00eas.<\/em><\/p>\n\n\n\n<ul class=\"wp-block-list\"><li><em>Comparativo de&nbsp;<strong>inferioridade<\/strong>:<\/em><\/li><\/ul>\n\n\n\n<p><em>Alguns costumam dizer que Matem\u00e1tica \u00e9 <strong><mark style=\"background-color:rgba(0, 0, 0, 0)\" class=\"has-inline-color has-vivid-cyan-blue-color\">menos dif\u00edcil que<\/mark><\/strong> Portugu\u00eas.<\/em><\/p>\n\n\n\n<p>Por sua vez, no grau <strong><span style=\"text-decoration: underline;\">superlativo<\/span><\/strong>, h\u00e1 a <strong>intensifica\u00e7\u00e3o <\/strong>da<strong> <\/strong>caracter\u00edstica atribu\u00edda pelo adjetivo, de forma <strong>relativa<\/strong> ou <strong>absoluta<\/strong>.<\/p>\n\n\n\n<p>No <strong><span style=\"text-decoration: underline;\">superlativo relativo<\/span><\/strong>, a intensifica\u00e7\u00e3o da caracter\u00edstica \u00e9 realizada em <strong>rela\u00e7\u00e3o a todos os objetos do conjunto<\/strong> que o cont\u00e9m. O superlativo relativo pode exprimir&nbsp;<em><strong>superioridade<\/strong>&nbsp;ou&nbsp;<strong>inferioridade<\/strong><\/em>.<\/p>\n\n\n\n<ul class=\"wp-block-list\"><li><em><strong>Superlativo relativo de superioridade<\/strong>:<\/em><\/li><\/ul>\n\n\n\n<p><em>Portugu\u00eas \u00e9 a <mark style=\"background-color:rgba(0, 0, 0, 0)\" class=\"has-inline-color has-vivid-cyan-blue-color\"><strong>mais dif\u00edcil<\/strong> <u>das disciplinas<\/u><\/mark>.<\/em><\/p>\n\n\n\n<ul class=\"wp-block-list\"><li><strong><em>Superlativo relativo de inferioridade:<\/em><\/strong><\/li><\/ul>\n\n\n\n<p><em>Portugu\u00eas \u00e9 a <mark style=\"background-color:rgba(0, 0, 0, 0)\" class=\"has-inline-color has-vivid-cyan-blue-color\"><strong>menos dif\u00edcil<\/strong> <u>das disciplinas<\/u>.<\/mark><\/em><\/p>\n\n\n\n<p>Perceba que, dentre o grupo de disciplinas, Portugu\u00eas pode ser a mais dif\u00edcil ou a menos dif\u00edcil. Assim, n\u00e3o h\u00e1 uma compara\u00e7\u00e3o expl\u00edcita entre duas disciplinas, mas sim a intensifica\u00e7\u00e3o da qualidade de uma disciplina em rela\u00e7\u00e3o ao conjunto.<\/p>\n\n\n\n<p>J\u00e1 no <strong><span style=\"text-decoration: underline;\">superlativo absoluto<\/span>,<\/strong> h\u00e1 a <strong>intensifica\u00e7\u00e3o <\/strong>da <strong>caracter\u00edstica <\/strong>atribu\u00edda pelo adjetivo, de modo a transmitir uma ideia de <strong>excesso<\/strong>. O superlativo absoluto pode ser classificado em anal\u00edtico ou sint\u00e9tico.<\/p>\n\n\n\n<ul class=\"wp-block-list\"><li><em><strong>Superlativo absoluto anal\u00edtico<\/strong>&nbsp;<\/em><\/li><\/ul>\n\n\n\n<p>\u00c9 geralmente formado com a participa\u00e7\u00e3o de um <strong>adv\u00e9rbio<\/strong>, de modo a intensificar o adjetivo:<\/p>\n\n\n\n<p><em>O professor \u00e9 <strong><mark style=\"background-color:rgba(0, 0, 0, 0)\" class=\"has-inline-color has-vivid-cyan-blue-color\">muito exigente<\/mark><\/strong> \/ A m\u00fasica \u00e9<strong> <\/strong><mark style=\"background-color:rgba(0, 0, 0, 0)\" class=\"has-inline-color has-vivid-cyan-blue-color\"><strong>bastante agrad\u00e1vel<\/strong>.<\/mark><\/em><\/p>\n\n\n\n<ul class=\"wp-block-list\"><li><strong><em>Superlativo absoluto sint\u00e9tico<\/em><\/strong><\/li><\/ul>\n\n\n\n<p>O adjetivo \u00e9 <strong>intensificado <\/strong>por meio de <strong>sufixos<\/strong>, e n\u00e3o com adv\u00e9rbios, como podemos observar abaixo:<\/p>\n\n\n\n<p><em>O professor \u00e9 <\/em><strong><em><mark style=\"background-color:rgba(0, 0, 0, 0)\" class=\"has-inline-color has-vivid-cyan-blue-color\">exigent\u00edssimo <\/mark><\/em><\/strong><em>\/ A m\u00fasica \u00e9<\/em><strong><em> <mark style=\"background-color:rgba(0, 0, 0, 0)\" class=\"has-inline-color has-vivid-cyan-blue-color\">agradabil\u00edssima<\/mark><\/em><\/strong><\/p>\n\n\n\n<h2 class=\"wp-block-heading\" id=\"h-flexao-dos-adjetivos-compostos\"><mark style=\"background-color:rgba(0, 0, 0, 0)\" class=\"has-inline-color has-vivid-cyan-blue-color\">Flex\u00e3o dos adjetivos compostos<\/mark><\/h2>\n\n\n\n<p>Em rela\u00e7\u00e3o aos <strong>adjetivos compostos<\/strong>, em regra, a primeira parte do adjetivo \u00e9 reduzida, e somente o <strong>segundo<\/strong> termo ir\u00e1 <strong>variar<\/strong>. Como, por exemplo, em:<\/p>\n\n\n\n<p><em>Meninos <strong>afro-brasileir<mark style=\"background-color:rgba(0, 0, 0, 0)\" class=\"has-inline-color has-vivid-cyan-blue-color\">os<\/mark><\/strong> \/ Termos <strong>econ\u00f4mico-fisca<mark style=\"background-color:rgba(0, 0, 0, 0)\" class=\"has-inline-color has-vivid-cyan-blue-color\">is<\/mark><\/strong><\/em><\/p>\n\n\n\n<p>Entretanto, h\u00e1 algumas <strong>exce\u00e7\u00f5es<\/strong>.<\/p>\n\n\n\n<p>Caso haja um <strong>substantivo <\/strong>na forma\u00e7\u00e3o do adjetivo composto (adjetivo + substantivo),<strong> n\u00e3o haver\u00e1 varia\u00e7\u00e3o de nenhum<\/strong> dos termos. Por exemplo:<\/p>\n\n\n\n<p><em>Camis<strong>a<\/strong> <strong><mark style=\"background-color:rgba(0, 0, 0, 0)\" class=\"has-inline-color has-vivid-cyan-blue-color\">amarelo-ouro<\/mark><\/strong> \/ Camis<strong>as <mark style=\"background-color:rgba(0, 0, 0, 0)\" class=\"has-inline-color has-vivid-cyan-blue-color\">amarelo-ouro<\/mark><\/strong><\/em><\/p>\n\n\n\n<p><em>Sapat<strong>o <mark style=\"background-color:rgba(0, 0, 0, 0)\" class=\"has-inline-color has-vivid-cyan-blue-color\">verde-abacate<\/mark><\/strong> \/ Sapat<strong>os <mark style=\"background-color:rgba(0, 0, 0, 0)\" class=\"has-inline-color has-vivid-cyan-blue-color\">verde-abacate<\/mark><\/strong><\/em><\/p>\n\n\n\n<p><strong><mark style=\"background-color:rgba(0, 0, 0, 0)\" class=\"has-inline-color has-vivid-red-color\">A SABER:<\/mark><\/strong> H\u00e1 alguns adjetivos que s\u00e3o <strong>sempre invari\u00e1veis<\/strong>, como: <strong><mark style=\"background-color:rgba(0, 0, 0, 0)\" class=\"has-inline-color has-vivid-cyan-blue-color\">azul-marinho, sem-terra, cor-de-rosa, zero-quil\u00f4metro<\/mark><\/strong>, entre outros.<\/p>\n\n\n\n<h2 class=\"wp-block-heading\" id=\"h-finalizando-o-que-e-adjetivo\"><mark style=\"background-color:rgba(0, 0, 0, 0)\" class=\"has-inline-color has-vivid-cyan-blue-color\">Finalizando &#8211; O que \u00e9 adjetivo<\/mark><\/h2>\n\n\n\n<p>Pessoal! Procuramos explicar, de maneiras simples, o conceito de adjetivo, bem como as suas principais classifica\u00e7\u00f5es. Esperamos que tenham gostado.<\/p>\n\n\n\n<p>Este t\u00f3pico \u00e9 bastante comum em concursos p\u00fablicos. Caso queira se preparar para chegar&nbsp;<strong>competitivo&nbsp;<\/strong>em qualquer prova, invista nos&nbsp;<a href=\"https:\/\/www.estrategiaconcursos.com.br\/cursos\/concurso\/\" target=\"_blank\" rel=\"noreferrer noopener\"><strong>cursos do&nbsp;Estrat\u00e9gia Concursos<\/strong><\/a>.&nbsp;<\/p>\n\n\n\n<p>L\u00e1 voc\u00ea encontrar\u00e1&nbsp;<strong>aulas completas e detalhadas, com os melhores professores do mercado<\/strong>.<\/p>\n\n\n\n<p>Conhe\u00e7a tamb\u00e9m o&nbsp;<a href=\"https:\/\/questoes.estrategiaconcursos.com.br\/\" target=\"_blank\" rel=\"noreferrer noopener\">Sistema de Quest\u00f5es do Estrat\u00e9gia<\/a>. Afinal, a \u00fanica maneira de&nbsp;<strong>consolidar o conte\u00fado&nbsp;<\/strong>de maneira satisfat\u00f3ria \u00e9 atrav\u00e9s da&nbsp;<strong>resolu\u00e7\u00e3o de quest\u00f5es.<\/strong><\/p>\n\n\n\n<p>At\u00e9 a pr\u00f3xima!<\/p>\n\n\n\n<h2 class=\"has-text-align-center wp-block-heading\" id=\"h-cursos-e-assinaturas\">Cursos e Assinaturas <\/h2>\n\n\n\n<p>Prepare-se com o melhor material e com quem mais aprova em Concursos P\u00fablicos em todo o pa\u00eds!<\/p>\n\n\n\n<div class=\"container\" id=\"boxes\">\n  <div class=\"row\">\n    <div class=\"col-sm\">\n      <div class=\"estrategia\" id=\"box-assinatura\">\n        <h3 class=\"titulo-assinatura\">Assinatura de Concursos<\/h3>\n        <p class=\"subtitulo-assinatura\">Assinatura de 1 ano ou 2 anos<\/p>\n        <div class=\"box-botao\">\n          <a class=\"btn-assinatura\" target=\"_blank\" href=\"https:\/\/www.estrategiaconcursos.com.br\/assinaturas\/\" role=\"button\" rel=\"noopener noreferrer\">ASSINE AGORA<\/a>\n        <\/div>\n      <\/div>\n      <p class=\"texto-auxiliar\"><\/p>\n    <\/div>\n    <div class=\"col-sm\">\n      <div class=\"questoes\" id=\"box-assinatura\">\n        <h3 class=\"titulo-assinatura\">Sistema de Quest\u00f5es<\/h3>\n        <p class=\"subtitulo-assinatura\">Assinatura de 1 ano ou 2 anos\n<\/p>\n        <div class=\"box-botao\">\n          <a class=\"btn-assinatura\" target=\"_blank\" href=\"https:\/\/www.estrategiaconcursos.com.br\/cursosPorConcurso\/sistema-de-questoes\/#\/\" role=\"button\" rel=\"noopener noreferrer\">ASSINE AGORA<\/a>\n        <\/div>\n      <\/div>\n      <p class=\"texto-auxiliar\"><\/p>\n    <\/div>\n  <\/div>\n<\/div>\n\n\n\n<p><\/p>\n\n\n\n<p class=\"has-text-align-center has-white-color has-vivid-purple-background-color has-text-color has-background\"><a href=\"https:\/\/www.estrategiaconcursos.com.br\/blog\/concursos-abertos\/\" target=\"_blank\" rel=\"noreferrer noopener\"><strong><span class=\"has-inline-color has-white-color\">Concursos abertos<\/span><\/strong><\/a><\/p>\n\n\n\n<p class=\"has-text-align-center has-white-color has-vivid-purple-background-color has-text-color has-background\"><strong><a href=\"https:\/\/www.estrategiaconcursos.com.br\/blog\/concursos-2022\/\" target=\"_blank\" rel=\"noreferrer noopener\"><span class=\"has-inline-color has-white-color\">Concursos 2022<\/span><\/a><\/strong><\/p>\n\n\n\n<div class=\"container\" id=\"boxes\">\n  <div class=\"row\">\n    <div class=\"col-sm\">\n      <div class=\"estrategia\" id=\"box-assinatura\">\n        <h3 class=\"titulo-assinatura\">Assinatura de Concursos<\/h3>\n        <p class=\"subtitulo-assinatura\">Assinatura de 1 ano ou 2 anos<\/p>\n        <div class=\"box-botao\">\n          <a class=\"btn-assinatura\" target=\"_blank\" href=\"https:\/\/www.estrategiaconcursos.com.br\/assinaturas\/\" role=\"button\" rel=\"noopener noreferrer\">ASSINE AGORA<\/a>\n        <\/div>\n      <\/div>\n      \n    <\/div><\/div><\/div>\n","protected":false},"excerpt":{"rendered":"<p>Vamos aprender neste artigo o que \u00e9 adjetivo, bem como as suas classifica\u00e7\u00f5es, tipos e flex\u00f5es. O que \u00e9 adjetivo? O adjetivo \u00e9 uma classe gramatical vari\u00e1vel que se refere a um substantivo, com o intuito de atribuir-lhe alguma qualidade, condi\u00e7\u00e3o ou estado. Vamos exemplificar? Loja bonita \/ homem bondoso \/ professora competente \/ tesoura [&hellip;]<\/p>\n","protected":false},"author":1976,"featured_media":965692,"comment_status":"open","ping_status":"closed","sticky":false,"template":"","format":"standard","meta":{"post_tipo":"article","footnotes":""},"categories":[1],"tags":[],"tax_estado":[219964,219965,219966,219967,219968,219969,219963,219970,219971,219972,219973,219974,219975,219976,219977,219978,219979,219980,219981,219982,219983,219984,219985,219986,219987,219988,219989,219990],"class_list":["post-965691","post","type-post","status-publish","format-standard","has-post-thumbnail","hentry","category-cursos-e-concursos","tax_estado-ac","tax_estado-al","tax_estado-am","tax_estado-ap","tax_estado-ba","tax_estado-ce","tax_estado-concursos-federais","tax_estado-df","tax_estado-es","tax_estado-go","tax_estado-ma","tax_estado-mg","tax_estado-ms","tax_estado-mt","tax_estado-pa","tax_estado-pb","tax_estado-pe","tax_estado-pi","tax_estado-pr","tax_estado-rj","tax_estado-rn","tax_estado-ro","tax_estado-rr","tax_estado-rs","tax_estado-sc","tax_estado-se","tax_estado-sp","tax_estado-to"],"acf":[],"yoast_head":"<!-- This site is optimized with the Yoast SEO Premium plugin v27.2 (Yoast SEO v27.2) - https:\/\/yoast.com\/product\/yoast-seo-premium-wordpress\/ -->\n<title>O que \u00e9 adjetivo?<\/title>\n<meta name=\"description\" content=\"Vamos aprender neste artigo o que \u00e9 adjetivo, bem como as suas principais classifica\u00e7\u00f5es, tipos, flex\u00f5es e conferir alguns exemplos.\" \/>\n<meta name=\"robots\" content=\"index, follow, max-snippet:-1, max-image-preview:large, max-video-preview:-1\" \/>\n<link rel=\"canonical\" href=\"https:\/\/www.estrategiaconcursos.com.br\/blog\/adjetivo\/\" \/>\n<meta property=\"og:locale\" content=\"pt_BR\" \/>\n<meta property=\"og:type\" content=\"article\" \/>\n<meta property=\"og:title\" content=\"O que \u00e9 adjetivo?\" \/>\n<meta property=\"og:description\" content=\"Vamos aprender neste artigo o que \u00e9 adjetivo, bem como as suas principais classifica\u00e7\u00f5es, tipos, flex\u00f5es e conferir alguns exemplos.\" \/>\n<meta property=\"og:url\" content=\"https:\/\/www.estrategiaconcursos.com.br\/blog\/adjetivo\/\" \/>\n<meta property=\"og:site_name\" content=\"Estrat\u00e9gia Concursos\" \/>\n<meta property=\"article:published_time\" content=\"2022-02-21T10:55:00+00:00\" \/>\n<meta property=\"og:image\" content=\"https:\/\/dhg1h5j42swfq.cloudfront.net\/2022\/02\/09180633\/image-199.png\" \/>\n\t<meta property=\"og:image:width\" content=\"369\" \/>\n\t<meta property=\"og:image:height\" content=\"279\" \/>\n\t<meta property=\"og:image:type\" content=\"image\/png\" \/>\n<meta name=\"author\" content=\"Kassio Henrique Sobral Rocha\" \/>\n<meta name=\"twitter:card\" content=\"summary_large_image\" \/>\n<meta name=\"twitter:creator\" content=\"@EstratConcursos\" \/>\n<meta name=\"twitter:site\" content=\"@EstratConcursos\" \/>\n<meta name=\"twitter:label1\" content=\"Escrito por\" \/>\n\t<meta name=\"twitter:data1\" content=\"Kassio Henrique Sobral Rocha\" \/>\n\t<meta name=\"twitter:label2\" content=\"Est. tempo de leitura\" \/>\n\t<meta name=\"twitter:data2\" content=\"5 minutos\" \/>\n<script type=\"application\/ld+json\" class=\"yoast-schema-graph\">{\"@context\":\"https:\/\/schema.org\",\"@graph\":[{\"@type\":\"NewsArticle\",\"@id\":\"https:\/\/www.estrategiaconcursos.com.br\/blog\/adjetivo\/#article\",\"isPartOf\":{\"@id\":\"https:\/\/www.estrategiaconcursos.com.br\/blog\/adjetivo\/\"},\"author\":{\"name\":\"Kassio Henrique Sobral Rocha\",\"@id\":\"https:\/\/www.estrategiaconcursos.com.br\/blog\/#\/schema\/person\/f0c830e07cfe11c231c0ea5dbb036df5\"},\"headline\":\"O que \u00e9 adjetivo?\",\"datePublished\":\"2022-02-21T10:55:00+00:00\",\"mainEntityOfPage\":{\"@id\":\"https:\/\/www.estrategiaconcursos.com.br\/blog\/adjetivo\/\"},\"wordCount\":914,\"commentCount\":0,\"publisher\":{\"@id\":\"https:\/\/www.estrategiaconcursos.com.br\/blog\/#organization\"},\"image\":{\"@id\":\"https:\/\/www.estrategiaconcursos.com.br\/blog\/adjetivo\/#primaryimage\"},\"thumbnailUrl\":\"https:\/\/dhg1h5j42swfq.cloudfront.net\/2022\/02\/09180633\/image-199.png\",\"articleSection\":[\"Concursos P\u00fablicos\"],\"inLanguage\":\"pt-BR\",\"potentialAction\":[{\"@type\":\"CommentAction\",\"name\":\"Comment\",\"target\":[\"https:\/\/www.estrategiaconcursos.com.br\/blog\/adjetivo\/#respond\"]}],\"copyrightYear\":\"2022\",\"copyrightHolder\":{\"@id\":\"https:\/\/www.estrategiaconcursos.com.br\/blog\/#organization\"}},{\"@type\":\"WebPage\",\"@id\":\"https:\/\/www.estrategiaconcursos.com.br\/blog\/adjetivo\/\",\"url\":\"https:\/\/www.estrategiaconcursos.com.br\/blog\/adjetivo\/\",\"name\":\"O que \u00e9 adjetivo?\",\"isPartOf\":{\"@id\":\"https:\/\/www.estrategiaconcursos.com.br\/blog\/#website\"},\"primaryImageOfPage\":{\"@id\":\"https:\/\/www.estrategiaconcursos.com.br\/blog\/adjetivo\/#primaryimage\"},\"image\":{\"@id\":\"https:\/\/www.estrategiaconcursos.com.br\/blog\/adjetivo\/#primaryimage\"},\"thumbnailUrl\":\"https:\/\/dhg1h5j42swfq.cloudfront.net\/2022\/02\/09180633\/image-199.png\",\"datePublished\":\"2022-02-21T10:55:00+00:00\",\"description\":\"Vamos aprender neste artigo o que \u00e9 adjetivo, bem como as suas principais classifica\u00e7\u00f5es, tipos, flex\u00f5es e conferir alguns exemplos.\",\"breadcrumb\":{\"@id\":\"https:\/\/www.estrategiaconcursos.com.br\/blog\/adjetivo\/#breadcrumb\"},\"inLanguage\":\"pt-BR\",\"potentialAction\":[{\"@type\":\"ReadAction\",\"target\":[\"https:\/\/www.estrategiaconcursos.com.br\/blog\/adjetivo\/\"]}]},{\"@type\":\"ImageObject\",\"inLanguage\":\"pt-BR\",\"@id\":\"https:\/\/www.estrategiaconcursos.com.br\/blog\/adjetivo\/#primaryimage\",\"url\":\"https:\/\/dhg1h5j42swfq.cloudfront.net\/2022\/02\/09180633\/image-199.png\",\"contentUrl\":\"https:\/\/dhg1h5j42swfq.cloudfront.net\/2022\/02\/09180633\/image-199.png\",\"width\":369,\"height\":279,\"caption\":\"o que \u00e9 adjetivo\"},{\"@type\":\"BreadcrumbList\",\"@id\":\"https:\/\/www.estrategiaconcursos.com.br\/blog\/adjetivo\/#breadcrumb\",\"itemListElement\":[{\"@type\":\"ListItem\",\"position\":1,\"name\":\"In\u00edcio\",\"item\":\"https:\/\/www.estrategiaconcursos.com.br\/blog\/\"},{\"@type\":\"ListItem\",\"position\":2,\"name\":\"O que \u00e9 adjetivo?\"}]},{\"@type\":\"WebSite\",\"@id\":\"https:\/\/www.estrategiaconcursos.com.br\/blog\/#website\",\"url\":\"https:\/\/www.estrategiaconcursos.com.br\/blog\/\",\"name\":\"Estrat\u00e9gia Concursos\",\"description\":\"O blog da Estrat\u00e9gia Concursos traz not\u00edcias sobre concursos e artigos de professores oferecendo cursos para concursos (pdf + videaulas) no site.\",\"publisher\":{\"@id\":\"https:\/\/www.estrategiaconcursos.com.br\/blog\/#organization\"},\"potentialAction\":[{\"@type\":\"SearchAction\",\"target\":{\"@type\":\"EntryPoint\",\"urlTemplate\":\"https:\/\/www.estrategiaconcursos.com.br\/blog\/?s={search_term_string}\"},\"query-input\":{\"@type\":\"PropertyValueSpecification\",\"valueRequired\":true,\"valueName\":\"search_term_string\"}}],\"inLanguage\":\"pt-BR\"},{\"@type\":\"Organization\",\"@id\":\"https:\/\/www.estrategiaconcursos.com.br\/blog\/#organization\",\"name\":\"Estrat\u00e9gia Concursos\",\"url\":\"https:\/\/www.estrategiaconcursos.com.br\/blog\/\",\"logo\":{\"@type\":\"ImageObject\",\"inLanguage\":\"pt-BR\",\"@id\":\"https:\/\/www.estrategiaconcursos.com.br\/blog\/#\/schema\/logo\/image\/\",\"url\":\"https:\/\/dhg1h5j42swfq.cloudfront.net\/2025\/06\/03203428\/logo_concursos-1.jpg\",\"contentUrl\":\"https:\/\/dhg1h5j42swfq.cloudfront.net\/2025\/06\/03203428\/logo_concursos-1.jpg\",\"width\":230,\"height\":60,\"caption\":\"Estrat\u00e9gia Concursos\"},\"image\":{\"@id\":\"https:\/\/www.estrategiaconcursos.com.br\/blog\/#\/schema\/logo\/image\/\"},\"sameAs\":[\"https:\/\/x.com\/EstratConcursos\"]},{\"@type\":\"Person\",\"@id\":\"https:\/\/www.estrategiaconcursos.com.br\/blog\/#\/schema\/person\/f0c830e07cfe11c231c0ea5dbb036df5\",\"name\":\"Kassio Henrique Sobral Rocha\",\"image\":{\"@type\":\"ImageObject\",\"inLanguage\":\"pt-BR\",\"@id\":\"https:\/\/secure.gravatar.com\/avatar\/d10350cbdad043facd8ec77a377f86f9026afee3348e463b04854fd4490ce759?s=96&d=mm&r=g\",\"url\":\"https:\/\/secure.gravatar.com\/avatar\/d10350cbdad043facd8ec77a377f86f9026afee3348e463b04854fd4490ce759?s=96&d=mm&r=g\",\"contentUrl\":\"https:\/\/secure.gravatar.com\/avatar\/d10350cbdad043facd8ec77a377f86f9026afee3348e463b04854fd4490ce759?s=96&d=mm&r=g\",\"caption\":\"Kassio Henrique Sobral Rocha\"},\"url\":\"https:\/\/www.estrategiaconcursos.com.br\/blog\/author\/kassio-rochayahoo-com-br\/\"}]}<\/script>\n<!-- \/ Yoast SEO Premium plugin. -->","yoast_head_json":{"title":"O que \u00e9 adjetivo?","description":"Vamos aprender neste artigo o que \u00e9 adjetivo, bem como as suas principais classifica\u00e7\u00f5es, tipos, flex\u00f5es e conferir alguns exemplos.","robots":{"index":"index","follow":"follow","max-snippet":"max-snippet:-1","max-image-preview":"max-image-preview:large","max-video-preview":"max-video-preview:-1"},"canonical":"https:\/\/www.estrategiaconcursos.com.br\/blog\/adjetivo\/","og_locale":"pt_BR","og_type":"article","og_title":"O que \u00e9 adjetivo?","og_description":"Vamos aprender neste artigo o que \u00e9 adjetivo, bem como as suas principais classifica\u00e7\u00f5es, tipos, flex\u00f5es e conferir alguns exemplos.","og_url":"https:\/\/www.estrategiaconcursos.com.br\/blog\/adjetivo\/","og_site_name":"Estrat\u00e9gia Concursos","article_published_time":"2022-02-21T10:55:00+00:00","og_image":[{"width":369,"height":279,"url":"https:\/\/dhg1h5j42swfq.cloudfront.net\/2022\/02\/09180633\/image-199.png","type":"image\/png"}],"author":"Kassio Henrique Sobral Rocha","twitter_card":"summary_large_image","twitter_creator":"@EstratConcursos","twitter_site":"@EstratConcursos","twitter_misc":{"Escrito por":"Kassio Henrique Sobral Rocha","Est. tempo de leitura":"5 minutos"},"schema":{"@context":"https:\/\/schema.org","@graph":[{"@type":"NewsArticle","@id":"https:\/\/www.estrategiaconcursos.com.br\/blog\/adjetivo\/#article","isPartOf":{"@id":"https:\/\/www.estrategiaconcursos.com.br\/blog\/adjetivo\/"},"author":{"name":"Kassio Henrique Sobral Rocha","@id":"https:\/\/www.estrategiaconcursos.com.br\/blog\/#\/schema\/person\/f0c830e07cfe11c231c0ea5dbb036df5"},"headline":"O que \u00e9 adjetivo?","datePublished":"2022-02-21T10:55:00+00:00","mainEntityOfPage":{"@id":"https:\/\/www.estrategiaconcursos.com.br\/blog\/adjetivo\/"},"wordCount":914,"commentCount":0,"publisher":{"@id":"https:\/\/www.estrategiaconcursos.com.br\/blog\/#organization"},"image":{"@id":"https:\/\/www.estrategiaconcursos.com.br\/blog\/adjetivo\/#primaryimage"},"thumbnailUrl":"https:\/\/dhg1h5j42swfq.cloudfront.net\/2022\/02\/09180633\/image-199.png","articleSection":["Concursos P\u00fablicos"],"inLanguage":"pt-BR","potentialAction":[{"@type":"CommentAction","name":"Comment","target":["https:\/\/www.estrategiaconcursos.com.br\/blog\/adjetivo\/#respond"]}],"copyrightYear":"2022","copyrightHolder":{"@id":"https:\/\/www.estrategiaconcursos.com.br\/blog\/#organization"}},{"@type":"WebPage","@id":"https:\/\/www.estrategiaconcursos.com.br\/blog\/adjetivo\/","url":"https:\/\/www.estrategiaconcursos.com.br\/blog\/adjetivo\/","name":"O que \u00e9 adjetivo?","isPartOf":{"@id":"https:\/\/www.estrategiaconcursos.com.br\/blog\/#website"},"primaryImageOfPage":{"@id":"https:\/\/www.estrategiaconcursos.com.br\/blog\/adjetivo\/#primaryimage"},"image":{"@id":"https:\/\/www.estrategiaconcursos.com.br\/blog\/adjetivo\/#primaryimage"},"thumbnailUrl":"https:\/\/dhg1h5j42swfq.cloudfront.net\/2022\/02\/09180633\/image-199.png","datePublished":"2022-02-21T10:55:00+00:00","description":"Vamos aprender neste artigo o que \u00e9 adjetivo, bem como as suas principais classifica\u00e7\u00f5es, tipos, flex\u00f5es e conferir alguns exemplos.","breadcrumb":{"@id":"https:\/\/www.estrategiaconcursos.com.br\/blog\/adjetivo\/#breadcrumb"},"inLanguage":"pt-BR","potentialAction":[{"@type":"ReadAction","target":["https:\/\/www.estrategiaconcursos.com.br\/blog\/adjetivo\/"]}]},{"@type":"ImageObject","inLanguage":"pt-BR","@id":"https:\/\/www.estrategiaconcursos.com.br\/blog\/adjetivo\/#primaryimage","url":"https:\/\/dhg1h5j42swfq.cloudfront.net\/2022\/02\/09180633\/image-199.png","contentUrl":"https:\/\/dhg1h5j42swfq.cloudfront.net\/2022\/02\/09180633\/image-199.png","width":369,"height":279,"caption":"o que \u00e9 adjetivo"},{"@type":"BreadcrumbList","@id":"https:\/\/www.estrategiaconcursos.com.br\/blog\/adjetivo\/#breadcrumb","itemListElement":[{"@type":"ListItem","position":1,"name":"In\u00edcio","item":"https:\/\/www.estrategiaconcursos.com.br\/blog\/"},{"@type":"ListItem","position":2,"name":"O que \u00e9 adjetivo?"}]},{"@type":"WebSite","@id":"https:\/\/www.estrategiaconcursos.com.br\/blog\/#website","url":"https:\/\/www.estrategiaconcursos.com.br\/blog\/","name":"Estrat\u00e9gia Concursos","description":"O blog da Estrat\u00e9gia Concursos traz not\u00edcias sobre concursos e artigos de professores oferecendo cursos para concursos (pdf + videaulas) no site.","publisher":{"@id":"https:\/\/www.estrategiaconcursos.com.br\/blog\/#organization"},"potentialAction":[{"@type":"SearchAction","target":{"@type":"EntryPoint","urlTemplate":"https:\/\/www.estrategiaconcursos.com.br\/blog\/?s={search_term_string}"},"query-input":{"@type":"PropertyValueSpecification","valueRequired":true,"valueName":"search_term_string"}}],"inLanguage":"pt-BR"},{"@type":"Organization","@id":"https:\/\/www.estrategiaconcursos.com.br\/blog\/#organization","name":"Estrat\u00e9gia Concursos","url":"https:\/\/www.estrategiaconcursos.com.br\/blog\/","logo":{"@type":"ImageObject","inLanguage":"pt-BR","@id":"https:\/\/www.estrategiaconcursos.com.br\/blog\/#\/schema\/logo\/image\/","url":"https:\/\/dhg1h5j42swfq.cloudfront.net\/2025\/06\/03203428\/logo_concursos-1.jpg","contentUrl":"https:\/\/dhg1h5j42swfq.cloudfront.net\/2025\/06\/03203428\/logo_concursos-1.jpg","width":230,"height":60,"caption":"Estrat\u00e9gia Concursos"},"image":{"@id":"https:\/\/www.estrategiaconcursos.com.br\/blog\/#\/schema\/logo\/image\/"},"sameAs":["https:\/\/x.com\/EstratConcursos"]},{"@type":"Person","@id":"https:\/\/www.estrategiaconcursos.com.br\/blog\/#\/schema\/person\/f0c830e07cfe11c231c0ea5dbb036df5","name":"Kassio Henrique Sobral Rocha","image":{"@type":"ImageObject","inLanguage":"pt-BR","@id":"https:\/\/secure.gravatar.com\/avatar\/d10350cbdad043facd8ec77a377f86f9026afee3348e463b04854fd4490ce759?s=96&d=mm&r=g","url":"https:\/\/secure.gravatar.com\/avatar\/d10350cbdad043facd8ec77a377f86f9026afee3348e463b04854fd4490ce759?s=96&d=mm&r=g","contentUrl":"https:\/\/secure.gravatar.com\/avatar\/d10350cbdad043facd8ec77a377f86f9026afee3348e463b04854fd4490ce759?s=96&d=mm&r=g","caption":"Kassio Henrique Sobral Rocha"},"url":"https:\/\/www.estrategiaconcursos.com.br\/blog\/author\/kassio-rochayahoo-com-br\/"}]}},"_links":{"self":[{"href":"https:\/\/www.estrategiaconcursos.com.br\/blog\/wp-json\/wp\/v2\/posts\/965691","targetHints":{"allow":["GET"]}}],"collection":[{"href":"https:\/\/www.estrategiaconcursos.com.br\/blog\/wp-json\/wp\/v2\/posts"}],"about":[{"href":"https:\/\/www.estrategiaconcursos.com.br\/blog\/wp-json\/wp\/v2\/types\/post"}],"author":[{"embeddable":true,"href":"https:\/\/www.estrategiaconcursos.com.br\/blog\/wp-json\/wp\/v2\/users\/1976"}],"replies":[{"embeddable":true,"href":"https:\/\/www.estrategiaconcursos.com.br\/blog\/wp-json\/wp\/v2\/comments?post=965691"}],"version-history":[{"count":21,"href":"https:\/\/www.estrategiaconcursos.com.br\/blog\/wp-json\/wp\/v2\/posts\/965691\/revisions"}],"predecessor-version":[{"id":967339,"href":"https:\/\/www.estrategiaconcursos.com.br\/blog\/wp-json\/wp\/v2\/posts\/965691\/revisions\/967339"}],"wp:featuredmedia":[{"embeddable":true,"href":"https:\/\/www.estrategiaconcursos.com.br\/blog\/wp-json\/wp\/v2\/media\/965692"}],"wp:attachment":[{"href":"https:\/\/www.estrategiaconcursos.com.br\/blog\/wp-json\/wp\/v2\/media?parent=965691"}],"wp:term":[{"taxonomy":"category","embeddable":true,"href":"https:\/\/www.estrategiaconcursos.com.br\/blog\/wp-json\/wp\/v2\/categories?post=965691"},{"taxonomy":"post_tag","embeddable":true,"href":"https:\/\/www.estrategiaconcursos.com.br\/blog\/wp-json\/wp\/v2\/tags?post=965691"},{"taxonomy":"tax_estado","embeddable":true,"href":"https:\/\/www.estrategiaconcursos.com.br\/blog\/wp-json\/wp\/v2\/tax_estado?post=965691"}],"curies":[{"name":"wp","href":"https:\/\/api.w.org\/{rel}","templated":true}]}}