{"id":965473,"date":"2026-03-14T08:30:00","date_gmt":"2026-03-14T11:30:00","guid":{"rendered":"https:\/\/www.estrategiaconcursos.com.br\/blog\/?p=965473"},"modified":"2026-03-14T10:50:03","modified_gmt":"2026-03-14T13:50:03","slug":"concurso-cafar","status":"publish","type":"post","link":"https:\/\/www.estrategiaconcursos.com.br\/blog\/concurso-cafar\/","title":{"rendered":"Concurso CaFar 2026: 2 vagas e R$ 8,2 mil!"},"content":{"rendered":"\n<p>Est\u00e3o encerradas as inscri\u00e7\u00f5es para o <strong>concurso CaFar<\/strong> (<a href=\"https:\/\/www.estrategiaconcursos.com.br\/cursosPorConcurso\/estagio-de-adaptacao-de-oficiais-de-farmaceuticos-da-aeronautica-cafar\/\" target=\"_blank\" rel=\"noreferrer noopener\">Curso de Adapta\u00e7\u00e3o de Oficiais Farmac\u00eauticos da Aeron\u00e1utica<\/a>).<\/p>\n\n\n\n<p>Os interessados na sele\u00e7\u00e3o puderam se inscrever at\u00e9 <strong>13 de mar\u00e7o<\/strong>, no site da FGR, ao custo de R$ 150,00. As provas s\u00e3o previstas em <strong>14 de junho<\/strong>.<\/p>\n\n\n\n<p>Ao todo, s\u00e3o contempladas duas vagas imediatas para o cargo de Farm\u00e1cia Bioqu\u00edmica, que tem sal\u00e1rio inicial de R$ 8.245,00.<\/p>\n\n\n\n<ul class=\"wp-block-list has-cyan-bluish-gray-background-color has-background\">\n<li><strong>CAFAR 2026<\/strong><\/li>\n\n\n\n<li><strong>Banca:<\/strong> <a href=\"https:\/\/ciaar.fgrconcursos.org.br\/site\/processo_seletivo_detalhes.aspx?id=BC54EF433DA049B3\" target=\"_blank\" rel=\"noreferrer noopener\">FAB\/FGR<\/a><\/li>\n\n\n\n<li><strong>Vagas:<\/strong> 2<\/li>\n\n\n\n<li><strong>Remunera\u00e7\u00e3o<\/strong>: R$ 8.245,00<\/li>\n\n\n\n<li><strong>Edital<\/strong>: <a href=\"https:\/\/dhg1h5j42swfq.cloudfront.net\/2026\/02\/12165220\/ie_ea_c3e3_2027_11_02_2026.pdf\" target=\"_blank\" rel=\"noreferrer noopener nofollow\">CAFAR-2026<\/a><\/li>\n<\/ul>\n\n\n\n<p>A fim de te deixar sempre bem informado, elaboramos este artigo com as principais informa\u00e7\u00f5es e novidades sobre o concurso CaFar. Acompanhe os t\u00f3picos abaixo e n\u00e3o perca nenhum detalhe:<\/p>\n\n\n\n<ul id=\"indice\" class=\"wp-block-list\">\n<li><a href=\"#situ\">Situa\u00e7\u00e3o atual do concurso<\/a>\n\n\n\n\n\n\n\n\n\n\n\n\n\n\n\n\n\n\n\n\n\n\n\n\n\n\n\n\n\n\n<ul class=\"wp-block-list\">\n<li><a href=\"#dat\">Principais datas<\/a><\/li>\n\n\n\n<li><a href=\"#vagas\">Cargos e vagas<\/a><\/li>\n\n\n\n<li><a href=\"#provas\">Etapas e provas<\/a><\/li>\n<\/ul>\n<\/li>\n\n\n\n<li><a href=\"#cafar\">Sobre o CaFar<\/a><\/li>\n\n\n\n<li><a href=\"#cursos-assinatura\">Cursos e assinaturas<\/a><\/li>\n\n\n\n<li><a href=\"#ficha\">Ficha t\u00e9cnica<\/a><\/li>\n<\/ul>\n\n\n\n<div class=\"container\" id=\"boxes\">\n  <div class=\"row\">\n\n    <div class=\"col-sm\">\n      <div class=\"banner-medicina\" id=\"box-assinatura\">\n        <h3 class=\"titulo-assinatura\">Concurso CaFar<\/h3>\n        <p class=\"subtitulo-assinatura\">Cursos para concursos<\/p>\n        <div class=\"box-botao\">\n          <a class=\"btn-assinatura\" target=\"_blank\" href=\"https:\/\/www.estrategiaconcursos.com.br\/cursosPorConcurso\/estagio-de-adaptacao-de-oficiais-de-farmaceuticos-da-aeronautica-cafar\/\" role=\"button\" rel=\"noopener noreferrer\">Conhe\u00e7a mais<\/a>\n        <\/div>\n      <\/div>\n     \n    <\/div>\n\n  <\/div>\n<\/div>\n\n\n\n<h2 class=\"wp-block-heading\" id=\"situ\">Situa\u00e7\u00e3o atual do concurso CAFAR 2026<\/h2>\n\n\n\n<h3 class=\"wp-block-heading\" id=\"dat\">Principais datas do edital<\/h3>\n\n\n\n<ul class=\"wp-block-list\">\n<li><strong>Inscri\u00e7\u00f5es<\/strong>: <s>13 de fevereiro a 13 de mar\u00e7o<\/s><\/li>\n\n\n\n<li><strong>Isen\u00e7\u00e3o da taxa<\/strong>: <s>13 a 19 de fevereiro<\/s><\/li>\n\n\n\n<li><strong>\u00daltimo dia para pagamento<\/strong>: 18 de mar\u00e7o<\/li>\n\n\n\n<li><strong>Prova<\/strong>: 14 de junho<\/li>\n<\/ul>\n\n\n\n<h3 class=\"wp-block-heading\" id=\"h-cargos-e-vagas-do-concurso-cafar-2026\">Cargos e vagas do concurso CAFAR 2026<\/h3>\n\n\n\n<h4 class=\"wp-block-heading\" id=\"h-cafar-02-vagas\">CAFAR &#8211; 02 vagas<\/h4>\n\n\n\n<figure class=\"wp-block-table is-style-stripes\"><table class=\"has-fixed-layout\"><thead><tr><th class=\"has-text-align-center\" data-align=\"center\">Especialidades<\/th><th class=\"has-text-align-center\" data-align=\"center\">Vagas<\/th><\/tr><\/thead><tbody><tr><td class=\"has-text-align-center\" data-align=\"center\">Farm\u00e1cia Bioqu\u00edmica<br \/>(BIO) &#8211; Especialista em An\u00e1lises Cl\u00ednicas<\/td><td class=\"has-text-align-center\" data-align=\"center\">2<\/td><\/tr><\/tbody><\/table><\/figure>\n\n\n\n<p>Ap\u00f3s a conclus\u00e3o do curso, o aprovado ser\u00e1 nomeado como Primeiro-Tenente, recebendo, de acordo com a <a href=\"https:\/\/www.in.gov.br\/en\/web\/dou\/-\/lei-n-13.954-de-16-de-dezembro-de-2019-233744070\" target=\"_blank\" rel=\"noreferrer noopener\">Lei n\u00ba 13.954\/2019<\/a>, remunera\u00e7\u00e3o de R$ 8.245,00.<\/p>\n\n\n\n<h4 class=\"wp-block-heading\" id=\"h-requisitos\">Requisitos<\/h4>\n\n\n\n<ul class=\"wp-block-list\">\n<li>ser brasileiro nato;<\/li>\n\n\n\n<li>n\u00e3o completar 36 (trinta e seis) anos de idade no ano da matr\u00edcula;<\/li>\n\n\n\n<li>ter conclu\u00eddo a gradua\u00e7\u00e3o em Farm\u00e1cia;<\/li>\n\n\n\n<li>habilita\u00e7\u00e3o na especialidade que concorre.<\/li>\n<\/ul>\n\n\n\n<h3 class=\"wp-block-heading\" id=\"provas\">Etapas e provas<\/h3>\n\n\n\n<p>Os candidatos do concurso CaFar s\u00e3o avaliados por meio das seguintes Etapas:<\/p>\n\n\n\n<ul class=\"wp-block-list\">\n<li>a) Provas Escritas;<\/li>\n\n\n\n<li>b) Verifica\u00e7\u00e3o de Dados Biogr\u00e1ficos e Profissionais (VDBP);<\/li>\n\n\n\n<li>c) Inspe\u00e7\u00e3o de Sa\u00fade (INSPSAU);<\/li>\n\n\n\n<li>d) Exame de Aptid\u00e3o Psicol\u00f3gica (EAP);<\/li>\n\n\n\n<li>e) Teste de Avalia\u00e7\u00e3o do Condicionamento F\u00edsico (TACF);<\/li>\n\n\n\n<li>f) Prova Pr\u00e1tico-Oral (PPO);<\/li>\n\n\n\n<li>g) Procedimento de Heteroidentifica\u00e7\u00e3o Complementar (PHC); e<\/li>\n\n\n\n<li>h) Valida\u00e7\u00e3o Documental.<\/li>\n<\/ul>\n\n\n\n<p>O Exame \u00e9 de \u00e2mbito nacional. A etapa das Provas Escritas, al\u00e9m de eliminat\u00f3ria, ter\u00e1 car\u00e1ter classificat\u00f3rio. A VDBP, a INSPSAU, o EAP, o TACF, a PPO, o PHC e a Valida\u00e7\u00e3o Documental ser\u00e3o etapas eliminat\u00f3rias.<\/p>\n\n\n\n<p>Quadro de localidades para realiza\u00e7\u00e3o das etapas:<\/p>\n\n\n\n<figure class=\"wp-block-image aligncenter size-full\"><img loading=\"lazy\" decoding=\"async\" width=\"803\" height=\"636\" src=\"https:\/\/dhg1h5j42swfq.cloudfront.net\/2025\/06\/06120131\/image-79.png\" alt=\"\" class=\"wp-image-1715468\" srcset=\"https:\/\/dhg1h5j42swfq.cloudfront.net\/2025\/06\/06120131\/image-79.png 803w, https:\/\/dhg1h5j42swfq.cloudfront.net\/2025\/06\/06120131\/image-79-300x238.png 300w, https:\/\/dhg1h5j42swfq.cloudfront.net\/2025\/06\/06120131\/image-79-768x608.png 768w, https:\/\/dhg1h5j42swfq.cloudfront.net\/2025\/06\/06120131\/image-79-150x119.png 150w\" sizes=\"auto, (max-width: 803px) 100vw, 803px\" \/><\/figure>\n\n\n\n<p><strong>Provas Escritas<\/strong><\/p>\n\n\n\n<p>As Provas Escritas do concurso CaFar, com dura\u00e7\u00e3o de 4h20min, ser\u00e3o compostas pelas seguintes disciplinas:<\/p>\n\n\n\n<ul class=\"wp-block-list\">\n<li>a) Gram\u00e1tica e Interpreta\u00e7\u00e3o de Texto (GIT);<\/li>\n\n\n\n<li>b) Conhecimentos Especializados (CE) \u2013 assuntos relativos \u00e0 especialidade pretendida; e<\/li>\n\n\n\n<li>c) Reda\u00e7\u00e3o (RED).<\/li>\n<\/ul>\n\n\n\n<p>As provas objetivas, GIT e CE, abranger\u00e3o os conte\u00fados program\u00e1ticos constantes do Anexo B do edital, sendo compostas de quest\u00f5es de m\u00faltipla escolha, com 4 alternativas e apenas 1 considerada correta.<\/p>\n\n\n\n<p>A prova de Reda\u00e7\u00e3o (RED) consistir\u00e1 na elabora\u00e7\u00e3o de um texto manuscrito, dissertativo argumentativo, em prosa, sobre assunto da atualidade e tem como finalidade verificar o conhecimento do tema proposto e a capacidade de express\u00e3o na modalidade escrita de acordo com a norma culta da L\u00edngua Portuguesa.<\/p>\n\n\n\n<h3 class=\"wp-block-heading\" id=\"inspecao-de-saude\">Inspe\u00e7\u00e3o de Sa\u00fade<\/h3>\n\n\n\n<p>A INSPSAU \u00e9 uma per\u00edcia m\u00e9dica destinada a avaliar as condi\u00e7\u00f5es psicof\u00edsicas do candidato no dia e hor\u00e1rio determinados no Calend\u00e1rio de Eventos, por meio de exames cl\u00ednicos, de imagem e laboratoriais, inclusive toxicol\u00f3gicos, definidos em Instru\u00e7\u00f5es do COMAER.<\/p>\n\n\n\n<p>A etapa ter\u00e1 como objetivo comprovar n\u00e3o existir patologias ou caracter\u00edsticas incapacitantes ou restritivas para a carreira, para o Servi\u00e7o Militar nem para as atividades previstas para o Curso.<\/p>\n\n\n\n<h3 class=\"wp-block-heading\" id=\"aptidao-psicologica\">Aptid\u00e3o Psicol\u00f3gica<\/h3>\n\n\n\n<p>O EAP visa avaliar condi\u00e7\u00f5es comportamentais e de personalidade, por meio de t\u00e9cnicas psicol\u00f3gicas, homologadas e definidas em Instru\u00e7\u00f5es e Normas do Comando da Aeron\u00e1utica, de modo a comprovar n\u00e3o existir contraindica\u00e7\u00e3o para a carreira, para o servi\u00e7o militar nem para o desempenho das atividades previstas no Curso.<\/p>\n\n\n\n<p>O candidato do concurso CaFar ser\u00e1 avaliado na \u00e1rea de personalidade, de acordo com o Padr\u00e3o Seletivo estabelecido para a fun\u00e7\u00e3o que pretende exercer. <\/p>\n\n\n\n<p>Os requisitos psicol\u00f3gicos considerados imprescind\u00edveis, bem como os considerados restritivos ao adequado desempenho do cargo, foram estabelecidos previamente por meio de estudo cient\u00edfico de an\u00e1lise do trabalho e produ\u00e7\u00e3o do perfil profissiogr\u00e1fico.<\/p>\n\n\n\n<h3 class=\"wp-block-heading\" id=\"avaliacao-do-condicionamento-fisico\">Avalia\u00e7\u00e3o do Condicionamento F\u00edsico<\/h3>\n\n\n\n<p>O TACF avaliar\u00e1, por meio de exerc\u00edcios executados pelo candidato, com \u00edndices de aprova\u00e7\u00e3o em fun\u00e7\u00e3o do sexo e definidos em normas do Comando da Aeron\u00e1utica, de modo a comprovar n\u00e3o existir incapacita\u00e7\u00e3o para o servi\u00e7o militar nem para as atividades funcionais previstas no Curso.<\/p>\n\n\n\n<p>O concurso CAFAR 2026 contar\u00e1 com os seguintes testes e \u00edndices m\u00ednimos de aprova\u00e7\u00e3o:<\/p>\n\n\n\n<ul class=\"wp-block-list\">\n<li>Para o Sexo Masculino:\n<ul class=\"wp-block-list\">\n<li>I \u2013 Flex\u00e3o e Extens\u00e3o dos Membros Superiores (FEMS) com apoio de frente sobre o solo: 21 repeti\u00e7\u00f5es (tempo: sem limite\/Intervalo: 3min\/tentativa:2);<\/li>\n\n\n\n<li>II \u2013 Flex\u00e3o do Tronco sobre as Coxas (FTSC): 34 repeti\u00e7\u00f5es (tempo: 1min\/Intervalo: 3min\/tentativa:2); e<\/li>\n\n\n\n<li>III \u2013 Corrida de 12 minutos: 2.200 metros (tempo: 12min\/tentativa:1).<\/li>\n<\/ul>\n<\/li>\n\n\n\n<li>Para o Sexo Feminino:\n<ul class=\"wp-block-list\">\n<li>I \u2013 FEMS com apoio de frente sobre o solo: 12 repeti\u00e7\u00f5es (tempo: sem limite\/Intervalo: 3min\/tentativa:2);<\/li>\n\n\n\n<li>II \u2013 FTSC: 29 repeti\u00e7\u00f5es (tempo: 1min\/Intervalo: 3min\/tentativa:2); e<\/li>\n\n\n\n<li>III \u2013 Corrida de 12 minutos: 1.650 metros (tempo: 12min\/tentativa:1).<\/li>\n<\/ul>\n<\/li>\n<\/ul>\n\n\n\n<h3 class=\"wp-block-heading\" id=\"prova-pratico-oral\">Prova Pr\u00e1tico-Oral<\/h3>\n\n\n\n<p>A PPO avaliar\u00e1 a habilidade, o dom\u00ednio da t\u00e9cnica, o desempenho e a per\u00edcia profissional do candidato, destinando-se tamb\u00e9m a ratificar os conhecimentos demonstrados na prova objetiva de CE.<\/p>\n\n\n\n<p>Somente realizar\u00e1 a PPO do concurso CaFar o candidato aprovado na VDBP. Para cada quesito da PPO, ser\u00e1 registrado o grau atribu\u00eddo e o obtido, de 0 a 10, com aproxima\u00e7\u00e3o at\u00e9 a casa centesimal.<\/p>\n\n\n\n<h2 class=\"wp-block-heading\" id=\"h-sobre-o-cafar\">Sobre o CaFar<\/h2>\n\n\n\n<p>CAFAR \u00e9 um curso que tem a finalidade de adaptar, \u00e0s peculiaridades da For\u00e7a, Farmac\u00eauticos, j\u00e1 plenamente habilitados nas respectivas especialidades de farm\u00e1cia, que ingressam no COMAER para serem Oficiais de carreira, capacitando-os para o desempenho das atividades t\u00e9cnicas espec\u00edficas do Servi\u00e7o de Sa\u00fade da Aeron\u00e1utica, bem como  para o exerc\u00edcio de fun\u00e7\u00f5es administrativas e de chefia afetas aos profissionais de farm\u00e1cia nas OM do COMAER.<\/p>\n\n\n\n<p>O CAFAR, realizado em Lagoa Santa-MG, tem dura\u00e7\u00e3o aproximada de 17 (dezessete) semanas e compreende as instru\u00e7\u00f5es nos Campos Geral, Militar e T\u00e9cnico-Especializado, bem como de atividades  complementares.<\/p>\n\n\n\n<p>O ingresso em uma das especialidades do QOFarm n\u00e3o garante exclusividade de atua\u00e7\u00e3o na especialidade escolhida, podendo o militar ser mobilizado, conforme a necessidade do servi\u00e7o, para atuar em quaisquer especialidades da \u00e1rea farmac\u00eautica (industrial, farm\u00e1cia hospitalar e laborat\u00f3rio bioqu\u00edmico), inclusive com a assun\u00e7\u00e3o de Responsabilidade T\u00e9cnica. O militar poder\u00e1 tamb\u00e9m participar de escalas de servi\u00e7o e\/ou sobreaviso em quaisquer \u00e1reas da Assist\u00eancia Farmac\u00eautica.<\/p>\n\n\n\n<hr class=\"wp-block-separator has-css-opacity\"\/>\n\n\n\n<h2 class=\"wp-block-heading has-text-align-center\" id=\"h-quer-saber-tudo-sobre-concursos-previstos-confira-nossos-artigos\">Quer saber tudo sobre concursos previstos?<br \/>Confira nossos artigos!<\/h2>\n\n\n\n<ul class=\"wp-block-list\">\n<li><a href=\"https:\/\/www.estrategiaconcursos.com.br\/blog\/concursos-abertos\/\" target=\"_blank\" rel=\"noreferrer noopener\">Concursos abertos<\/a><\/li>\n\n\n\n<li><a href=\"https:\/\/www.estrategiaconcursos.com.br\/blog\/concursos-2026\/\" target=\"_blank\" rel=\"noreferrer noopener\">Concursos 2026<\/a><\/li>\n<\/ul>\n\n\n\n<h2 class=\"wp-block-heading has-text-align-center\" id=\"cursos-assinatura\">Quer estudar para o Concurso Cafar 2025?<\/h2>\n\n\n\n<div class=\"container\" id=\"boxes\">\n  <div class=\"row\">\n\n    <div class=\"col-sm\">\n      <div class=\"banner-medicina\" id=\"box-assinatura\">\n        <h3 class=\"titulo-assinatura\">Concurso CaFar<\/h3>\n        <p class=\"subtitulo-assinatura\">Cursos para concursos<\/p>\n        <div class=\"box-botao\">\n          <a class=\"btn-assinatura\" target=\"_blank\" href=\"https:\/\/www.estrategiaconcursos.com.br\/cursosPorConcurso\/estagio-de-adaptacao-de-oficiais-de-farmaceuticos-da-aeronautica-cafar\/\" role=\"button\" rel=\"noopener noreferrer\">Conhe\u00e7a mais<\/a>\n        <\/div>\n      <\/div>\n     \n    <\/div>\n\n  <\/div>\n<\/div>\n\n\n\n<div class=\"container\" id=\"boxes\">\n  <div class=\"row\">\n\n    <div class=\"col-sm\">\n      <div class=\"estrategia\" id=\"box-assinatura\">\n        <h3 class=\"titulo-assinatura\">Assinatura Concursos<\/h3>\n        <p class=\"subtitulo-assinatura\">Assinatura de 1 ano ou 2 anos<\/p>\n        <div class=\"box-botao\">\n          <a class=\"btn-assinatura\" target=\"_blank\" href=\"https:\/\/www.estrategiaconcursos.com.br\/assinaturas\/\" role=\"button\" rel=\"noopener noreferrer\">ASSINE AGORA<\/a>\n        <\/div>\n      <\/div><\/div><\/div><\/div>\n\n\n\n<figure class=\"wp-block-image size-large is-resized\"><img loading=\"lazy\" decoding=\"async\" width=\"1024\" height=\"632\" src=\"https:\/\/dhg1h5j42swfq.cloudfront.net\/2025\/06\/27101122\/ficha-tecnica-1-1024x632.png\" alt=\"Ficha t\u00e9cnica \" class=\"wp-image-702728\" style=\"width:273px;height:auto\" srcset=\"https:\/\/dhg1h5j42swfq.cloudfront.net\/2025\/06\/27101122\/ficha-tecnica-1-1024x632.png 1024w, https:\/\/dhg1h5j42swfq.cloudfront.net\/2025\/06\/27101122\/ficha-tecnica-1-300x185.png 300w, https:\/\/dhg1h5j42swfq.cloudfront.net\/2025\/06\/27101122\/ficha-tecnica-1-768x474.png 768w, https:\/\/dhg1h5j42swfq.cloudfront.net\/2025\/06\/27101122\/ficha-tecnica-1-1536x948.png 1536w, https:\/\/dhg1h5j42swfq.cloudfront.net\/2025\/06\/27101122\/ficha-tecnica-1-610x377.png 610w, https:\/\/dhg1h5j42swfq.cloudfront.net\/2025\/06\/27101122\/ficha-tecnica-1.png 1571w\" sizes=\"auto, (max-width: 1024px) 100vw, 1024px\" \/><\/figure>\n\n\n\n<h3 class=\"wp-block-heading\" id=\"ficha\">Informa\u00e7\u00f5es do concurso Cafar 2026<\/h3>\n\n\n\n<ul class=\"wp-block-list\">\n<li><strong>Provas<\/strong>: 14\/06\/2026<\/li>\n\n\n\n<li><strong>Vagas<\/strong>: 2<\/li>\n\n\n\n<li><strong>Cargos<\/strong>: Oficiais Farmac\u00eauticos &#8211; An\u00e1lises Cl\u00ednica<\/li>\n\n\n\n<li><strong>Banca<\/strong>: FGR<\/li>\n\n\n\n<li><strong>Escolaridade<\/strong>: N\u00edvel superior<\/li>\n\n\n\n<li><strong>Edital<\/strong>: <a href=\"https:\/\/dhg1h5j42swfq.cloudfront.net\/2026\/02\/12165220\/ie_ea_c3e3_2027_11_02_2026.pdf\" target=\"_blank\" rel=\"noreferrer noopener nofollow\">CAFAR-2026<\/a><\/li>\n<\/ul>\n\n\n\n<p><\/p>\n","protected":false},"excerpt":{"rendered":"<p>Est\u00e3o encerradas as inscri\u00e7\u00f5es para o concurso CaFar (Curso de Adapta\u00e7\u00e3o de Oficiais Farmac\u00eauticos da Aeron\u00e1utica). Os interessados na sele\u00e7\u00e3o puderam se inscrever at\u00e9 13 de mar\u00e7o, no site da FGR, ao custo de R$ 150,00. As provas s\u00e3o previstas em 14 de junho. Ao todo, s\u00e3o contempladas duas vagas imediatas para o cargo de [&hellip;]<\/p>\n","protected":false},"author":1,"featured_media":973644,"comment_status":"open","ping_status":"closed","sticky":false,"template":"","format":"standard","meta":{"post_tipo":"news_page","footnotes":""},"categories":[6741],"tags":[],"tax_estado":[219963],"class_list":["post-965473","post","type-post","status-publish","format-standard","has-post-thumbnail","hentry","category-forcas-armadas-oficiais","tax_estado-concursos-federais"],"acf":[],"yoast_head":"<!-- This site is optimized with the Yoast SEO Premium plugin v27.2 (Yoast SEO v27.2) - https:\/\/yoast.com\/product\/yoast-seo-premium-wordpress\/ -->\n<title>Concurso CaFar 2026: 2 vagas e R$ 8,2 mil!<\/title>\n<meta name=\"description\" content=\"Concurso CAFAR 2026: edital publicado para Oficiais Farmac\u00eauticos com 2 vagas. Confira todos os detalhes da nova sele\u00e7\u00e3o!\" \/>\n<meta name=\"robots\" content=\"index, follow, max-snippet:-1, max-image-preview:large, max-video-preview:-1\" \/>\n<link rel=\"canonical\" href=\"https:\/\/www.estrategiaconcursos.com.br\/blog\/concurso-cafar\/\" \/>\n<meta property=\"og:locale\" content=\"pt_BR\" \/>\n<meta property=\"og:type\" content=\"article\" \/>\n<meta property=\"og:title\" content=\"Concurso CaFar 2026: 2 vagas e R$ 8,2 mil!\" \/>\n<meta property=\"og:description\" content=\"Concurso CAFAR 2026: edital publicado para Oficiais Farmac\u00eauticos com 2 vagas. Confira todos os detalhes da nova sele\u00e7\u00e3o!\" \/>\n<meta property=\"og:url\" content=\"https:\/\/www.estrategiaconcursos.com.br\/blog\/concurso-cafar\/\" \/>\n<meta property=\"og:site_name\" content=\"Estrat\u00e9gia Concursos\" \/>\n<meta property=\"article:author\" content=\"https:\/\/www.facebook.com\/EstrategiaConcursos\" \/>\n<meta property=\"article:published_time\" content=\"2026-03-14T11:30:00+00:00\" \/>\n<meta property=\"article:modified_time\" content=\"2026-03-14T13:50:03+00:00\" \/>\n<meta property=\"og:image\" content=\"https:\/\/dhg1h5j42swfq.cloudfront.net\/2022\/02\/21085532\/forca_aerea_brasileira.jpg\" \/>\n\t<meta property=\"og:image:width\" content=\"768\" \/>\n\t<meta property=\"og:image:height\" content=\"432\" \/>\n\t<meta property=\"og:image:type\" content=\"image\/jpeg\" \/>\n<meta name=\"author\" content=\"Coordena\u00e7\u00e3o\" \/>\n<meta name=\"twitter:card\" content=\"summary_large_image\" \/>\n<meta name=\"twitter:creator\" content=\"@EstratConcursos\" \/>\n<meta name=\"twitter:site\" content=\"@EstratConcursos\" \/>\n<meta name=\"twitter:label1\" content=\"Escrito por\" \/>\n\t<meta name=\"twitter:data1\" content=\"Coordena\u00e7\u00e3o\" \/>\n\t<meta name=\"twitter:label2\" content=\"Est. tempo de leitura\" \/>\n\t<meta name=\"twitter:data2\" content=\"6 minutos\" \/>\n<script type=\"application\/ld+json\" class=\"yoast-schema-graph\">{\"@context\":\"https:\/\/schema.org\",\"@graph\":[{\"@type\":\"NewsArticle\",\"@id\":\"https:\/\/www.estrategiaconcursos.com.br\/blog\/concurso-cafar\/#article\",\"isPartOf\":{\"@id\":\"https:\/\/www.estrategiaconcursos.com.br\/blog\/concurso-cafar\/\"},\"author\":{\"name\":\"Coordena\u00e7\u00e3o\",\"@id\":\"https:\/\/www.estrategiaconcursos.com.br\/blog\/#\/schema\/person\/b4a388c97673c5f483d72185668afa1f\"},\"headline\":\"Concurso CaFar 2026: 2 vagas e R$ 8,2 mil!\",\"datePublished\":\"2026-03-14T11:30:00+00:00\",\"dateModified\":\"2026-03-14T13:50:03+00:00\",\"mainEntityOfPage\":{\"@id\":\"https:\/\/www.estrategiaconcursos.com.br\/blog\/concurso-cafar\/\"},\"wordCount\":1205,\"commentCount\":0,\"publisher\":{\"@id\":\"https:\/\/www.estrategiaconcursos.com.br\/blog\/#organization\"},\"image\":{\"@id\":\"https:\/\/www.estrategiaconcursos.com.br\/blog\/concurso-cafar\/#primaryimage\"},\"thumbnailUrl\":\"https:\/\/dhg1h5j42swfq.cloudfront.net\/2022\/02\/21085532\/forca_aerea_brasileira.jpg\",\"articleSection\":[\"For\u00e7as Armadas (Oficiais)\"],\"inLanguage\":\"pt-BR\",\"potentialAction\":[{\"@type\":\"CommentAction\",\"name\":\"Comment\",\"target\":[\"https:\/\/www.estrategiaconcursos.com.br\/blog\/concurso-cafar\/#respond\"]}],\"copyrightYear\":\"2026\",\"copyrightHolder\":{\"@id\":\"https:\/\/www.estrategiaconcursos.com.br\/blog\/#organization\"}},{\"@type\":\"WebPage\",\"@id\":\"https:\/\/www.estrategiaconcursos.com.br\/blog\/concurso-cafar\/\",\"url\":\"https:\/\/www.estrategiaconcursos.com.br\/blog\/concurso-cafar\/\",\"name\":\"Concurso CaFar 2026: 2 vagas e R$ 8,2 mil!\",\"isPartOf\":{\"@id\":\"https:\/\/www.estrategiaconcursos.com.br\/blog\/#website\"},\"primaryImageOfPage\":{\"@id\":\"https:\/\/www.estrategiaconcursos.com.br\/blog\/concurso-cafar\/#primaryimage\"},\"image\":{\"@id\":\"https:\/\/www.estrategiaconcursos.com.br\/blog\/concurso-cafar\/#primaryimage\"},\"thumbnailUrl\":\"https:\/\/dhg1h5j42swfq.cloudfront.net\/2022\/02\/21085532\/forca_aerea_brasileira.jpg\",\"datePublished\":\"2026-03-14T11:30:00+00:00\",\"dateModified\":\"2026-03-14T13:50:03+00:00\",\"description\":\"Concurso CAFAR 2026: edital publicado para Oficiais Farmac\u00eauticos com 2 vagas. Confira todos os detalhes da nova sele\u00e7\u00e3o!\",\"breadcrumb\":{\"@id\":\"https:\/\/www.estrategiaconcursos.com.br\/blog\/concurso-cafar\/#breadcrumb\"},\"inLanguage\":\"pt-BR\",\"potentialAction\":[{\"@type\":\"ReadAction\",\"target\":[\"https:\/\/www.estrategiaconcursos.com.br\/blog\/concurso-cafar\/\"]}]},{\"@type\":\"ImageObject\",\"inLanguage\":\"pt-BR\",\"@id\":\"https:\/\/www.estrategiaconcursos.com.br\/blog\/concurso-cafar\/#primaryimage\",\"url\":\"https:\/\/dhg1h5j42swfq.cloudfront.net\/2022\/02\/21085532\/forca_aerea_brasileira.jpg\",\"contentUrl\":\"https:\/\/dhg1h5j42swfq.cloudfront.net\/2022\/02\/21085532\/forca_aerea_brasileira.jpg\",\"width\":768,\"height\":432,\"caption\":\"For\u00e7a A\u00e9rea Brasileira - FAB\"},{\"@type\":\"BreadcrumbList\",\"@id\":\"https:\/\/www.estrategiaconcursos.com.br\/blog\/concurso-cafar\/#breadcrumb\",\"itemListElement\":[{\"@type\":\"ListItem\",\"position\":1,\"name\":\"In\u00edcio\",\"item\":\"https:\/\/www.estrategiaconcursos.com.br\/blog\/\"},{\"@type\":\"ListItem\",\"position\":2,\"name\":\"Concurso CaFar 2026: 2 vagas e R$ 8,2 mil!\"}]},{\"@type\":\"WebSite\",\"@id\":\"https:\/\/www.estrategiaconcursos.com.br\/blog\/#website\",\"url\":\"https:\/\/www.estrategiaconcursos.com.br\/blog\/\",\"name\":\"Estrat\u00e9gia Concursos\",\"description\":\"O blog da Estrat\u00e9gia Concursos traz not\u00edcias sobre concursos e artigos de professores oferecendo cursos para concursos (pdf + videaulas) no site.\",\"publisher\":{\"@id\":\"https:\/\/www.estrategiaconcursos.com.br\/blog\/#organization\"},\"potentialAction\":[{\"@type\":\"SearchAction\",\"target\":{\"@type\":\"EntryPoint\",\"urlTemplate\":\"https:\/\/www.estrategiaconcursos.com.br\/blog\/?s={search_term_string}\"},\"query-input\":{\"@type\":\"PropertyValueSpecification\",\"valueRequired\":true,\"valueName\":\"search_term_string\"}}],\"inLanguage\":\"pt-BR\"},{\"@type\":\"Organization\",\"@id\":\"https:\/\/www.estrategiaconcursos.com.br\/blog\/#organization\",\"name\":\"Estrat\u00e9gia Concursos\",\"url\":\"https:\/\/www.estrategiaconcursos.com.br\/blog\/\",\"logo\":{\"@type\":\"ImageObject\",\"inLanguage\":\"pt-BR\",\"@id\":\"https:\/\/www.estrategiaconcursos.com.br\/blog\/#\/schema\/logo\/image\/\",\"url\":\"https:\/\/dhg1h5j42swfq.cloudfront.net\/2025\/06\/03203428\/logo_concursos-1.jpg\",\"contentUrl\":\"https:\/\/dhg1h5j42swfq.cloudfront.net\/2025\/06\/03203428\/logo_concursos-1.jpg\",\"width\":230,\"height\":60,\"caption\":\"Estrat\u00e9gia Concursos\"},\"image\":{\"@id\":\"https:\/\/www.estrategiaconcursos.com.br\/blog\/#\/schema\/logo\/image\/\"},\"sameAs\":[\"https:\/\/x.com\/EstratConcursos\"]},{\"@type\":\"Person\",\"@id\":\"https:\/\/www.estrategiaconcursos.com.br\/blog\/#\/schema\/person\/b4a388c97673c5f483d72185668afa1f\",\"name\":\"Coordena\u00e7\u00e3o\",\"image\":{\"@type\":\"ImageObject\",\"inLanguage\":\"pt-BR\",\"@id\":\"https:\/\/secure.gravatar.com\/avatar\/b720319e4c9a967eb58678d110f4fe35452fc5d5f97b202bac7b8acceb18c6ad?s=96&d=mm&r=g\",\"url\":\"https:\/\/secure.gravatar.com\/avatar\/b720319e4c9a967eb58678d110f4fe35452fc5d5f97b202bac7b8acceb18c6ad?s=96&d=mm&r=g\",\"contentUrl\":\"https:\/\/secure.gravatar.com\/avatar\/b720319e4c9a967eb58678d110f4fe35452fc5d5f97b202bac7b8acceb18c6ad?s=96&d=mm&r=g\",\"caption\":\"Coordena\u00e7\u00e3o\"},\"sameAs\":[\"https:\/\/www.facebook.com\/EstrategiaConcursos\",\"https:\/\/x.com\/EstratConcursos\"],\"url\":\"https:\/\/www.estrategiaconcursos.com.br\/blog\/author\/estrategia2013\/\"}]}<\/script>\n<!-- \/ Yoast SEO Premium plugin. -->","yoast_head_json":{"title":"Concurso CaFar 2026: 2 vagas e R$ 8,2 mil!","description":"Concurso CAFAR 2026: edital publicado para Oficiais Farmac\u00eauticos com 2 vagas. Confira todos os detalhes da nova sele\u00e7\u00e3o!","robots":{"index":"index","follow":"follow","max-snippet":"max-snippet:-1","max-image-preview":"max-image-preview:large","max-video-preview":"max-video-preview:-1"},"canonical":"https:\/\/www.estrategiaconcursos.com.br\/blog\/concurso-cafar\/","og_locale":"pt_BR","og_type":"article","og_title":"Concurso CaFar 2026: 2 vagas e R$ 8,2 mil!","og_description":"Concurso CAFAR 2026: edital publicado para Oficiais Farmac\u00eauticos com 2 vagas. Confira todos os detalhes da nova sele\u00e7\u00e3o!","og_url":"https:\/\/www.estrategiaconcursos.com.br\/blog\/concurso-cafar\/","og_site_name":"Estrat\u00e9gia Concursos","article_author":"https:\/\/www.facebook.com\/EstrategiaConcursos","article_published_time":"2026-03-14T11:30:00+00:00","article_modified_time":"2026-03-14T13:50:03+00:00","og_image":[{"width":768,"height":432,"url":"https:\/\/dhg1h5j42swfq.cloudfront.net\/2022\/02\/21085532\/forca_aerea_brasileira.jpg","type":"image\/jpeg"}],"author":"Coordena\u00e7\u00e3o","twitter_card":"summary_large_image","twitter_creator":"@EstratConcursos","twitter_site":"@EstratConcursos","twitter_misc":{"Escrito por":"Coordena\u00e7\u00e3o","Est. tempo de leitura":"6 minutos"},"schema":{"@context":"https:\/\/schema.org","@graph":[{"@type":"NewsArticle","@id":"https:\/\/www.estrategiaconcursos.com.br\/blog\/concurso-cafar\/#article","isPartOf":{"@id":"https:\/\/www.estrategiaconcursos.com.br\/blog\/concurso-cafar\/"},"author":{"name":"Coordena\u00e7\u00e3o","@id":"https:\/\/www.estrategiaconcursos.com.br\/blog\/#\/schema\/person\/b4a388c97673c5f483d72185668afa1f"},"headline":"Concurso CaFar 2026: 2 vagas e R$ 8,2 mil!","datePublished":"2026-03-14T11:30:00+00:00","dateModified":"2026-03-14T13:50:03+00:00","mainEntityOfPage":{"@id":"https:\/\/www.estrategiaconcursos.com.br\/blog\/concurso-cafar\/"},"wordCount":1205,"commentCount":0,"publisher":{"@id":"https:\/\/www.estrategiaconcursos.com.br\/blog\/#organization"},"image":{"@id":"https:\/\/www.estrategiaconcursos.com.br\/blog\/concurso-cafar\/#primaryimage"},"thumbnailUrl":"https:\/\/dhg1h5j42swfq.cloudfront.net\/2022\/02\/21085532\/forca_aerea_brasileira.jpg","articleSection":["For\u00e7as Armadas (Oficiais)"],"inLanguage":"pt-BR","potentialAction":[{"@type":"CommentAction","name":"Comment","target":["https:\/\/www.estrategiaconcursos.com.br\/blog\/concurso-cafar\/#respond"]}],"copyrightYear":"2026","copyrightHolder":{"@id":"https:\/\/www.estrategiaconcursos.com.br\/blog\/#organization"}},{"@type":"WebPage","@id":"https:\/\/www.estrategiaconcursos.com.br\/blog\/concurso-cafar\/","url":"https:\/\/www.estrategiaconcursos.com.br\/blog\/concurso-cafar\/","name":"Concurso CaFar 2026: 2 vagas e R$ 8,2 mil!","isPartOf":{"@id":"https:\/\/www.estrategiaconcursos.com.br\/blog\/#website"},"primaryImageOfPage":{"@id":"https:\/\/www.estrategiaconcursos.com.br\/blog\/concurso-cafar\/#primaryimage"},"image":{"@id":"https:\/\/www.estrategiaconcursos.com.br\/blog\/concurso-cafar\/#primaryimage"},"thumbnailUrl":"https:\/\/dhg1h5j42swfq.cloudfront.net\/2022\/02\/21085532\/forca_aerea_brasileira.jpg","datePublished":"2026-03-14T11:30:00+00:00","dateModified":"2026-03-14T13:50:03+00:00","description":"Concurso CAFAR 2026: edital publicado para Oficiais Farmac\u00eauticos com 2 vagas. Confira todos os detalhes da nova sele\u00e7\u00e3o!","breadcrumb":{"@id":"https:\/\/www.estrategiaconcursos.com.br\/blog\/concurso-cafar\/#breadcrumb"},"inLanguage":"pt-BR","potentialAction":[{"@type":"ReadAction","target":["https:\/\/www.estrategiaconcursos.com.br\/blog\/concurso-cafar\/"]}]},{"@type":"ImageObject","inLanguage":"pt-BR","@id":"https:\/\/www.estrategiaconcursos.com.br\/blog\/concurso-cafar\/#primaryimage","url":"https:\/\/dhg1h5j42swfq.cloudfront.net\/2022\/02\/21085532\/forca_aerea_brasileira.jpg","contentUrl":"https:\/\/dhg1h5j42swfq.cloudfront.net\/2022\/02\/21085532\/forca_aerea_brasileira.jpg","width":768,"height":432,"caption":"For\u00e7a A\u00e9rea Brasileira - FAB"},{"@type":"BreadcrumbList","@id":"https:\/\/www.estrategiaconcursos.com.br\/blog\/concurso-cafar\/#breadcrumb","itemListElement":[{"@type":"ListItem","position":1,"name":"In\u00edcio","item":"https:\/\/www.estrategiaconcursos.com.br\/blog\/"},{"@type":"ListItem","position":2,"name":"Concurso CaFar 2026: 2 vagas e R$ 8,2 mil!"}]},{"@type":"WebSite","@id":"https:\/\/www.estrategiaconcursos.com.br\/blog\/#website","url":"https:\/\/www.estrategiaconcursos.com.br\/blog\/","name":"Estrat\u00e9gia Concursos","description":"O blog da Estrat\u00e9gia Concursos traz not\u00edcias sobre concursos e artigos de professores oferecendo cursos para concursos (pdf + videaulas) no site.","publisher":{"@id":"https:\/\/www.estrategiaconcursos.com.br\/blog\/#organization"},"potentialAction":[{"@type":"SearchAction","target":{"@type":"EntryPoint","urlTemplate":"https:\/\/www.estrategiaconcursos.com.br\/blog\/?s={search_term_string}"},"query-input":{"@type":"PropertyValueSpecification","valueRequired":true,"valueName":"search_term_string"}}],"inLanguage":"pt-BR"},{"@type":"Organization","@id":"https:\/\/www.estrategiaconcursos.com.br\/blog\/#organization","name":"Estrat\u00e9gia Concursos","url":"https:\/\/www.estrategiaconcursos.com.br\/blog\/","logo":{"@type":"ImageObject","inLanguage":"pt-BR","@id":"https:\/\/www.estrategiaconcursos.com.br\/blog\/#\/schema\/logo\/image\/","url":"https:\/\/dhg1h5j42swfq.cloudfront.net\/2025\/06\/03203428\/logo_concursos-1.jpg","contentUrl":"https:\/\/dhg1h5j42swfq.cloudfront.net\/2025\/06\/03203428\/logo_concursos-1.jpg","width":230,"height":60,"caption":"Estrat\u00e9gia Concursos"},"image":{"@id":"https:\/\/www.estrategiaconcursos.com.br\/blog\/#\/schema\/logo\/image\/"},"sameAs":["https:\/\/x.com\/EstratConcursos"]},{"@type":"Person","@id":"https:\/\/www.estrategiaconcursos.com.br\/blog\/#\/schema\/person\/b4a388c97673c5f483d72185668afa1f","name":"Coordena\u00e7\u00e3o","image":{"@type":"ImageObject","inLanguage":"pt-BR","@id":"https:\/\/secure.gravatar.com\/avatar\/b720319e4c9a967eb58678d110f4fe35452fc5d5f97b202bac7b8acceb18c6ad?s=96&d=mm&r=g","url":"https:\/\/secure.gravatar.com\/avatar\/b720319e4c9a967eb58678d110f4fe35452fc5d5f97b202bac7b8acceb18c6ad?s=96&d=mm&r=g","contentUrl":"https:\/\/secure.gravatar.com\/avatar\/b720319e4c9a967eb58678d110f4fe35452fc5d5f97b202bac7b8acceb18c6ad?s=96&d=mm&r=g","caption":"Coordena\u00e7\u00e3o"},"sameAs":["https:\/\/www.facebook.com\/EstrategiaConcursos","https:\/\/x.com\/EstratConcursos"],"url":"https:\/\/www.estrategiaconcursos.com.br\/blog\/author\/estrategia2013\/"}]}},"_links":{"self":[{"href":"https:\/\/www.estrategiaconcursos.com.br\/blog\/wp-json\/wp\/v2\/posts\/965473","targetHints":{"allow":["GET"]}}],"collection":[{"href":"https:\/\/www.estrategiaconcursos.com.br\/blog\/wp-json\/wp\/v2\/posts"}],"about":[{"href":"https:\/\/www.estrategiaconcursos.com.br\/blog\/wp-json\/wp\/v2\/types\/post"}],"author":[{"embeddable":true,"href":"https:\/\/www.estrategiaconcursos.com.br\/blog\/wp-json\/wp\/v2\/users\/1"}],"replies":[{"embeddable":true,"href":"https:\/\/www.estrategiaconcursos.com.br\/blog\/wp-json\/wp\/v2\/comments?post=965473"}],"version-history":[{"count":55,"href":"https:\/\/www.estrategiaconcursos.com.br\/blog\/wp-json\/wp\/v2\/posts\/965473\/revisions"}],"predecessor-version":[{"id":1734508,"href":"https:\/\/www.estrategiaconcursos.com.br\/blog\/wp-json\/wp\/v2\/posts\/965473\/revisions\/1734508"}],"wp:featuredmedia":[{"embeddable":true,"href":"https:\/\/www.estrategiaconcursos.com.br\/blog\/wp-json\/wp\/v2\/media\/973644"}],"wp:attachment":[{"href":"https:\/\/www.estrategiaconcursos.com.br\/blog\/wp-json\/wp\/v2\/media?parent=965473"}],"wp:term":[{"taxonomy":"category","embeddable":true,"href":"https:\/\/www.estrategiaconcursos.com.br\/blog\/wp-json\/wp\/v2\/categories?post=965473"},{"taxonomy":"post_tag","embeddable":true,"href":"https:\/\/www.estrategiaconcursos.com.br\/blog\/wp-json\/wp\/v2\/tags?post=965473"},{"taxonomy":"tax_estado","embeddable":true,"href":"https:\/\/www.estrategiaconcursos.com.br\/blog\/wp-json\/wp\/v2\/tax_estado?post=965473"}],"curies":[{"name":"wp","href":"https:\/\/api.w.org\/{rel}","templated":true}]}}