{"id":965207,"date":"2022-02-09T11:00:20","date_gmt":"2022-02-09T14:00:20","guid":{"rendered":"https:\/\/www.estrategiaconcursos.com.br\/blog\/?p=965207"},"modified":"2022-02-09T12:10:51","modified_gmt":"2022-02-09T15:10:51","slug":"concurso-sefaz-nomeacoes","status":"publish","type":"post","link":"https:\/\/www.estrategiaconcursos.com.br\/blog\/concurso-sefaz-nomeacoes\/","title":{"rendered":"Concurso Sefaz AL: 35 nomea\u00e7\u00f5es anunciadas!"},"content":{"rendered":"\n<p>Novidades, estrategistas! As<strong> nomea\u00e7\u00f5es do concurso Sefaz AL <\/strong>foram divulgadas. Segundo o documento publicado por meio do Di\u00e1rio Oficial do Estado, os <strong>35 candidatos<\/strong> aprovados foram convocados. Confira: <\/p>\n\n\n\n<p class=\"has-text-align-center has-background\" style=\"background-color:#dde5eb;font-size:clamp(14px, 0.875rem + ((1vw - 3.2px) * 0.392), 18px);\"><a href=\"https:\/\/dhg1h5j42swfq.cloudfront.net\/2022\/02\/09104955\/sefaz-al-1.pdf\" target=\"_blank\" rel=\"noreferrer noopener nofollow\"><strong>Nomea\u00e7\u00f5es<\/strong><\/a><\/p>\n\n\n\n<p>A sele\u00e7\u00e3o do \u00f3rg\u00e3o permanece <strong>v\u00e1lida at\u00e9 2023<\/strong>. Contudo, n\u00e3o haver\u00e1 nomea\u00e7\u00e3o de excedentes durante esse per\u00edodo, j\u00e1 que o concurso n\u00e3o ofertou oportunidades em cadastro de reserva.<\/p>\n\n\n\n<div class=\"wp-block-image\"><figure class=\"aligncenter size-large is-resized\"><img loading=\"lazy\" decoding=\"async\" src=\"https:\/\/dhg1h5j42swfq.cloudfront.net\/2020\/09\/18141901\/Coruja_Concursos%404x-506x1024.png\" alt=\"\" class=\"wp-image-574355\" width=\"46\" height=\"95\"\/><\/figure><\/div>\n\n\n\n<p class=\"has-text-align-center has-cyan-bluish-gray-background-color has-background\"><strong>ATEN\u00c7\u00c3O: <a href=\"https:\/\/www.estrategiaconcursos.com.br\/blog\/estrategia-concursos-lider-em-aprovacao-nos-principais-certames\/\" target=\"_blank\" rel=\"noreferrer noopener\">dos 35 aprovados, 24 foram alunos do Estrat\u00e9gia<\/a>, incluindo os&nbsp;9 primeiros&nbsp;no cargo de Auditor Fiscal e os&nbsp;3 primeiros&nbsp;para Auditor de Finan\u00e7as!<\/strong><\/p>\n\n\n\n<p>Importante salientar que do quantitativo de vagas ofertadas, 10 foram destinadas para Auditores de Finan\u00e7as, Controle e Arrecada\u00e7\u00e3o e 25 para&nbsp;Auditor Fiscal.<\/p>\n\n\n\n<p>Os candidatos foram avaliados por meio de duas etapas, ambas de car\u00e1ter eliminat\u00f3rio e classificat\u00f3rio. A&nbsp;<strong>Prova Objetiva<\/strong>, aplicada no dia<strong>&nbsp;23 de outubro<\/strong> <strong>de 2021<\/strong>, e a&nbsp;<strong>Discursiva&nbsp;<\/strong>realizada no dia seguinte, dia&nbsp;<strong>24.<\/strong><\/p>\n\n\n\n<p class=\"has-text-align-center\"><em>Para mais detalhes do concurso <a href=\"http:\/\/www.sefaz.al.gov.br\/\" target=\"_blank\" rel=\"noreferrer noopener\">Sefaz<\/a> AL, cujas nomea\u00e7\u00f5es foram anunciadas, acesse o link abaixo. Preparamos um artigo completo, separado por t\u00f3picos, para que facilite a sua compreens\u00e3o:<\/em><\/p>\n\n\n\n<p class=\"has-text-align-center has-background has-medium-font-size\" style=\"background-color:#dde5eb\"><strong>Mais informa\u00e7\u00f5es: <a href=\"https:\/\/www.estrategiaconcursos.com.br\/blog\/concurso-sefaz-al\/\" target=\"_blank\" rel=\"noreferrer noopener\">concurso Sefaz AL<\/a><\/strong><\/p>\n\n\n\n<div id=\"boxes\" class=\"container\">\n<div class=\"row\">\n<div class=\"col-sm\">\n<div id=\"box-assinatura\" class=\"banner-fiscal-01\">\n<h3 class=\"titulo-assinatura\">Concurso Sefaz AL<\/h3>\n<p class=\"subtitulo-assinatura\">Estude conosco<\/p>\n<div class=\"box-botao\"><a class=\"btn-assinatura\" role=\"button\" href=\"https:\/\/www.estrategiaconcursos.com.br\/cursosPorConcurso\/sefaz-al\/\" target=\"_blank\" rel=\"noopener noreferrer\">Conhe\u00e7a os cursos<\/a><\/div>\n<\/div>\n<\/div>\n<\/div>\n<\/div>\n\n\n\n<div class=\"container\" id=\"boxes\">\n  <div class=\"row\">\n\n    <div class=\"col-sm\">\n      <div class=\"estrategia\" id=\"box-assinatura\">\n        <h3 class=\"titulo-assinatura\">Assinatura Concursos<\/h3>\n        <p class=\"subtitulo-assinatura\">Assinatura 1 ano ou 2 anos<\/p>\n        <div class=\"box-botao\">\n          <a class=\"btn-assinatura\" target=\"_blank\" href=\"https:\/\/www.estrategiaconcursos.com.br\/assinaturas\/\" role=\"button\" rel=\"noopener noreferrer\">ASSINE AGORA<\/a>\n        <\/div>\n      <\/div>\n     \n    <\/div><\/div><\/div>\n\n\n\n<h2 class=\"has-text-align-center wp-block-heading\" id=\"h-quer-saber-tudo-sobre-concursos-previstos-confira-nossos-artigos\">Quer saber tudo sobre concursos previstos?<br \/>Confira nossos artigos!<\/h2>\n\n\n\n<ul class=\"wp-block-list\"><li><a href=\"https:\/\/www.estrategiaconcursos.com.br\/blog\/concursos-abertos\/\" target=\"_blank\" rel=\"noreferrer noopener\">Concursos abertos<\/a><\/li><li><a href=\"https:\/\/www.estrategiaconcursos.com.br\/blog\/concursos-2022\/\" target=\"_blank\" rel=\"noreferrer noopener\">Concursos 2022<\/a><\/li><\/ul>\n","protected":false},"excerpt":{"rendered":"<p>Novidades, estrategistas! As nomea\u00e7\u00f5es do concurso Sefaz AL foram divulgadas. Segundo o documento publicado por meio do Di\u00e1rio Oficial do Estado, os 35 candidatos aprovados foram convocados. Confira: Nomea\u00e7\u00f5es A sele\u00e7\u00e3o do \u00f3rg\u00e3o permanece v\u00e1lida at\u00e9 2023. Contudo, n\u00e3o haver\u00e1 nomea\u00e7\u00e3o de excedentes durante esse per\u00edodo, j\u00e1 que o concurso n\u00e3o ofertou oportunidades em cadastro [&hellip;]<\/p>\n","protected":false},"author":2018,"featured_media":790298,"comment_status":"open","ping_status":"closed","sticky":false,"template":"","format":"standard","meta":{"post_tipo":"news","footnotes":""},"categories":[1983,220219],"tags":[],"tax_estado":[219965],"class_list":["post-965207","post","type-post","status-publish","format-standard","has-post-thumbnail","hentry","category-fiscal-estadual","category-noticias","tax_estado-al"],"acf":[],"yoast_head":"<!-- This site is optimized with the Yoast SEO Premium plugin v27.2 (Yoast SEO v27.2) - https:\/\/yoast.com\/product\/yoast-seo-premium-wordpress\/ -->\n<title>Concurso Sefaz AL: 35 nomea\u00e7\u00f5es anunciadas!<\/title>\n<meta name=\"description\" content=\"Concurso Sefaz AL: nomea\u00e7\u00f5es divulgadas! Ao todo, 35 candidatos foram contemplados. Acesse o artigo e confira a lista divulgada.\" \/>\n<meta name=\"robots\" content=\"index, follow, max-snippet:-1, max-image-preview:large, max-video-preview:-1\" \/>\n<link rel=\"canonical\" href=\"https:\/\/www.estrategiaconcursos.com.br\/blog\/concurso-sefaz-nomeacoes\/\" \/>\n<meta property=\"og:locale\" content=\"pt_BR\" \/>\n<meta property=\"og:type\" content=\"article\" \/>\n<meta property=\"og:title\" content=\"Concurso Sefaz AL: 35 nomea\u00e7\u00f5es anunciadas!\" \/>\n<meta property=\"og:description\" content=\"Concurso Sefaz AL: nomea\u00e7\u00f5es divulgadas! Ao todo, 35 candidatos foram contemplados. Acesse o artigo e confira a lista divulgada.\" \/>\n<meta property=\"og:url\" content=\"https:\/\/www.estrategiaconcursos.com.br\/blog\/concurso-sefaz-nomeacoes\/\" \/>\n<meta property=\"og:site_name\" content=\"Estrat\u00e9gia Concursos\" \/>\n<meta property=\"article:published_time\" content=\"2022-02-09T14:00:20+00:00\" \/>\n<meta property=\"article:modified_time\" content=\"2022-02-09T15:10:51+00:00\" \/>\n<meta property=\"og:image\" content=\"https:\/\/dhg1h5j42swfq.cloudfront.net\/2021\/07\/08094137\/sefaz-al.jpg\" \/>\n\t<meta property=\"og:image:width\" content=\"1200\" \/>\n\t<meta property=\"og:image:height\" content=\"628\" \/>\n\t<meta property=\"og:image:type\" content=\"image\/jpeg\" \/>\n<meta name=\"author\" content=\"B\u00e1rbara Carvalho Santos\" \/>\n<meta name=\"twitter:card\" content=\"summary_large_image\" \/>\n<meta name=\"twitter:creator\" content=\"@EstratConcursos\" \/>\n<meta name=\"twitter:site\" content=\"@EstratConcursos\" \/>\n<meta name=\"twitter:label1\" content=\"Escrito por\" \/>\n\t<meta name=\"twitter:data1\" content=\"B\u00e1rbara Carvalho Santos\" \/>\n\t<meta name=\"twitter:label2\" content=\"Est. tempo de leitura\" \/>\n\t<meta name=\"twitter:data2\" content=\"2 minutos\" \/>\n<script type=\"application\/ld+json\" class=\"yoast-schema-graph\">{\"@context\":\"https:\/\/schema.org\",\"@graph\":[{\"@type\":\"NewsArticle\",\"@id\":\"https:\/\/www.estrategiaconcursos.com.br\/blog\/concurso-sefaz-nomeacoes\/#article\",\"isPartOf\":{\"@id\":\"https:\/\/www.estrategiaconcursos.com.br\/blog\/concurso-sefaz-nomeacoes\/\"},\"author\":{\"name\":\"B\u00e1rbara Carvalho Santos\",\"@id\":\"https:\/\/www.estrategiaconcursos.com.br\/blog\/#\/schema\/person\/e3882259fa157d54c44c21f4ee4e0e60\"},\"headline\":\"Concurso Sefaz AL: 35 nomea\u00e7\u00f5es anunciadas!\",\"datePublished\":\"2022-02-09T14:00:20+00:00\",\"dateModified\":\"2022-02-09T15:10:51+00:00\",\"mainEntityOfPage\":{\"@id\":\"https:\/\/www.estrategiaconcursos.com.br\/blog\/concurso-sefaz-nomeacoes\/\"},\"wordCount\":230,\"commentCount\":0,\"publisher\":{\"@id\":\"https:\/\/www.estrategiaconcursos.com.br\/blog\/#organization\"},\"image\":{\"@id\":\"https:\/\/www.estrategiaconcursos.com.br\/blog\/concurso-sefaz-nomeacoes\/#primaryimage\"},\"thumbnailUrl\":\"https:\/\/dhg1h5j42swfq.cloudfront.net\/2021\/07\/08094137\/sefaz-al.jpg\",\"articleSection\":[\"Fiscal - Estadual (ICMS)\",\"\u00daltimas not\u00edcias\"],\"inLanguage\":\"pt-BR\",\"potentialAction\":[{\"@type\":\"CommentAction\",\"name\":\"Comment\",\"target\":[\"https:\/\/www.estrategiaconcursos.com.br\/blog\/concurso-sefaz-nomeacoes\/#respond\"]}],\"copyrightYear\":\"2022\",\"copyrightHolder\":{\"@id\":\"https:\/\/www.estrategiaconcursos.com.br\/blog\/#organization\"}},{\"@type\":\"WebPage\",\"@id\":\"https:\/\/www.estrategiaconcursos.com.br\/blog\/concurso-sefaz-nomeacoes\/\",\"url\":\"https:\/\/www.estrategiaconcursos.com.br\/blog\/concurso-sefaz-nomeacoes\/\",\"name\":\"Concurso Sefaz AL: 35 nomea\u00e7\u00f5es anunciadas!\",\"isPartOf\":{\"@id\":\"https:\/\/www.estrategiaconcursos.com.br\/blog\/#website\"},\"primaryImageOfPage\":{\"@id\":\"https:\/\/www.estrategiaconcursos.com.br\/blog\/concurso-sefaz-nomeacoes\/#primaryimage\"},\"image\":{\"@id\":\"https:\/\/www.estrategiaconcursos.com.br\/blog\/concurso-sefaz-nomeacoes\/#primaryimage\"},\"thumbnailUrl\":\"https:\/\/dhg1h5j42swfq.cloudfront.net\/2021\/07\/08094137\/sefaz-al.jpg\",\"datePublished\":\"2022-02-09T14:00:20+00:00\",\"dateModified\":\"2022-02-09T15:10:51+00:00\",\"description\":\"Concurso Sefaz AL: nomea\u00e7\u00f5es divulgadas! Ao todo, 35 candidatos foram contemplados. Acesse o artigo e confira a lista divulgada.\",\"breadcrumb\":{\"@id\":\"https:\/\/www.estrategiaconcursos.com.br\/blog\/concurso-sefaz-nomeacoes\/#breadcrumb\"},\"inLanguage\":\"pt-BR\",\"potentialAction\":[{\"@type\":\"ReadAction\",\"target\":[\"https:\/\/www.estrategiaconcursos.com.br\/blog\/concurso-sefaz-nomeacoes\/\"]}]},{\"@type\":\"ImageObject\",\"inLanguage\":\"pt-BR\",\"@id\":\"https:\/\/www.estrategiaconcursos.com.br\/blog\/concurso-sefaz-nomeacoes\/#primaryimage\",\"url\":\"https:\/\/dhg1h5j42swfq.cloudfront.net\/2021\/07\/08094137\/sefaz-al.jpg\",\"contentUrl\":\"https:\/\/dhg1h5j42swfq.cloudfront.net\/2021\/07\/08094137\/sefaz-al.jpg\",\"width\":1200,\"height\":628,\"caption\":\"Concurso Sefaz AL posse\"},{\"@type\":\"BreadcrumbList\",\"@id\":\"https:\/\/www.estrategiaconcursos.com.br\/blog\/concurso-sefaz-nomeacoes\/#breadcrumb\",\"itemListElement\":[{\"@type\":\"ListItem\",\"position\":1,\"name\":\"In\u00edcio\",\"item\":\"https:\/\/www.estrategiaconcursos.com.br\/blog\/\"},{\"@type\":\"ListItem\",\"position\":2,\"name\":\"Concurso Sefaz AL: 35 nomea\u00e7\u00f5es anunciadas!\"}]},{\"@type\":\"WebSite\",\"@id\":\"https:\/\/www.estrategiaconcursos.com.br\/blog\/#website\",\"url\":\"https:\/\/www.estrategiaconcursos.com.br\/blog\/\",\"name\":\"Estrat\u00e9gia Concursos\",\"description\":\"O blog da Estrat\u00e9gia Concursos traz not\u00edcias sobre concursos e artigos de professores oferecendo cursos para concursos (pdf + videaulas) no site.\",\"publisher\":{\"@id\":\"https:\/\/www.estrategiaconcursos.com.br\/blog\/#organization\"},\"potentialAction\":[{\"@type\":\"SearchAction\",\"target\":{\"@type\":\"EntryPoint\",\"urlTemplate\":\"https:\/\/www.estrategiaconcursos.com.br\/blog\/?s={search_term_string}\"},\"query-input\":{\"@type\":\"PropertyValueSpecification\",\"valueRequired\":true,\"valueName\":\"search_term_string\"}}],\"inLanguage\":\"pt-BR\"},{\"@type\":\"Organization\",\"@id\":\"https:\/\/www.estrategiaconcursos.com.br\/blog\/#organization\",\"name\":\"Estrat\u00e9gia Concursos\",\"url\":\"https:\/\/www.estrategiaconcursos.com.br\/blog\/\",\"logo\":{\"@type\":\"ImageObject\",\"inLanguage\":\"pt-BR\",\"@id\":\"https:\/\/www.estrategiaconcursos.com.br\/blog\/#\/schema\/logo\/image\/\",\"url\":\"https:\/\/dhg1h5j42swfq.cloudfront.net\/2025\/06\/03203428\/logo_concursos-1.jpg\",\"contentUrl\":\"https:\/\/dhg1h5j42swfq.cloudfront.net\/2025\/06\/03203428\/logo_concursos-1.jpg\",\"width\":230,\"height\":60,\"caption\":\"Estrat\u00e9gia Concursos\"},\"image\":{\"@id\":\"https:\/\/www.estrategiaconcursos.com.br\/blog\/#\/schema\/logo\/image\/\"},\"sameAs\":[\"https:\/\/x.com\/EstratConcursos\"]},{\"@type\":\"Person\",\"@id\":\"https:\/\/www.estrategiaconcursos.com.br\/blog\/#\/schema\/person\/e3882259fa157d54c44c21f4ee4e0e60\",\"name\":\"B\u00e1rbara Carvalho Santos\",\"image\":{\"@type\":\"ImageObject\",\"inLanguage\":\"pt-BR\",\"@id\":\"https:\/\/secure.gravatar.com\/avatar\/353300f73140f779692b9be2b39f434d1341e4e34c7f55bd5a990fe29ef352eb?s=96&d=mm&r=g\",\"url\":\"https:\/\/secure.gravatar.com\/avatar\/353300f73140f779692b9be2b39f434d1341e4e34c7f55bd5a990fe29ef352eb?s=96&d=mm&r=g\",\"contentUrl\":\"https:\/\/secure.gravatar.com\/avatar\/353300f73140f779692b9be2b39f434d1341e4e34c7f55bd5a990fe29ef352eb?s=96&d=mm&r=g\",\"caption\":\"B\u00e1rbara Carvalho Santos\"},\"description\":\"M\u00e3e e jornalista formada pela UNIP, possui ampla experi\u00eancia na cobertura de entretenimento em grandes ve\u00edculos, como o site da CNN, RedeTV! e Estrat\u00e9gia Educacional. Atuou tamb\u00e9m em ag\u00eancias de marketing, produtoras musicais e assessorias de imprensa, com foco especial no trabalho com personalidades p\u00fablicas. Atualmente, integra a equipe do Estrat\u00e9gia Concursos, onde \u00e9 respons\u00e1vel pela produ\u00e7\u00e3o de conte\u00fados estrat\u00e9gicos voltados para o setor de concursos p\u00fablicos, com destaque para a \u00e1rea fiscal, gest\u00e3o, controle, concursos administrativos e Minist\u00e9rios participantes do CNU, al\u00e9m de diversos \u00f3rg\u00e3os federais. Tem como miss\u00e3o transformar informa\u00e7\u00f5es complexas em conte\u00fados acess\u00edveis, relevantes e de alto valor para quem sonha com uma carreira no servi\u00e7o p\u00fablico.\",\"url\":\"https:\/\/www.estrategiaconcursos.com.br\/blog\/author\/barbara-santos\/\"}]}<\/script>\n<!-- \/ Yoast SEO Premium plugin. -->","yoast_head_json":{"title":"Concurso Sefaz AL: 35 nomea\u00e7\u00f5es anunciadas!","description":"Concurso Sefaz AL: nomea\u00e7\u00f5es divulgadas! Ao todo, 35 candidatos foram contemplados. Acesse o artigo e confira a lista divulgada.","robots":{"index":"index","follow":"follow","max-snippet":"max-snippet:-1","max-image-preview":"max-image-preview:large","max-video-preview":"max-video-preview:-1"},"canonical":"https:\/\/www.estrategiaconcursos.com.br\/blog\/concurso-sefaz-nomeacoes\/","og_locale":"pt_BR","og_type":"article","og_title":"Concurso Sefaz AL: 35 nomea\u00e7\u00f5es anunciadas!","og_description":"Concurso Sefaz AL: nomea\u00e7\u00f5es divulgadas! Ao todo, 35 candidatos foram contemplados. Acesse o artigo e confira a lista divulgada.","og_url":"https:\/\/www.estrategiaconcursos.com.br\/blog\/concurso-sefaz-nomeacoes\/","og_site_name":"Estrat\u00e9gia Concursos","article_published_time":"2022-02-09T14:00:20+00:00","article_modified_time":"2022-02-09T15:10:51+00:00","og_image":[{"width":1200,"height":628,"url":"https:\/\/dhg1h5j42swfq.cloudfront.net\/2021\/07\/08094137\/sefaz-al.jpg","type":"image\/jpeg"}],"author":"B\u00e1rbara Carvalho Santos","twitter_card":"summary_large_image","twitter_creator":"@EstratConcursos","twitter_site":"@EstratConcursos","twitter_misc":{"Escrito por":"B\u00e1rbara Carvalho Santos","Est. tempo de leitura":"2 minutos"},"schema":{"@context":"https:\/\/schema.org","@graph":[{"@type":"NewsArticle","@id":"https:\/\/www.estrategiaconcursos.com.br\/blog\/concurso-sefaz-nomeacoes\/#article","isPartOf":{"@id":"https:\/\/www.estrategiaconcursos.com.br\/blog\/concurso-sefaz-nomeacoes\/"},"author":{"name":"B\u00e1rbara Carvalho Santos","@id":"https:\/\/www.estrategiaconcursos.com.br\/blog\/#\/schema\/person\/e3882259fa157d54c44c21f4ee4e0e60"},"headline":"Concurso Sefaz AL: 35 nomea\u00e7\u00f5es anunciadas!","datePublished":"2022-02-09T14:00:20+00:00","dateModified":"2022-02-09T15:10:51+00:00","mainEntityOfPage":{"@id":"https:\/\/www.estrategiaconcursos.com.br\/blog\/concurso-sefaz-nomeacoes\/"},"wordCount":230,"commentCount":0,"publisher":{"@id":"https:\/\/www.estrategiaconcursos.com.br\/blog\/#organization"},"image":{"@id":"https:\/\/www.estrategiaconcursos.com.br\/blog\/concurso-sefaz-nomeacoes\/#primaryimage"},"thumbnailUrl":"https:\/\/dhg1h5j42swfq.cloudfront.net\/2021\/07\/08094137\/sefaz-al.jpg","articleSection":["Fiscal - Estadual (ICMS)","\u00daltimas not\u00edcias"],"inLanguage":"pt-BR","potentialAction":[{"@type":"CommentAction","name":"Comment","target":["https:\/\/www.estrategiaconcursos.com.br\/blog\/concurso-sefaz-nomeacoes\/#respond"]}],"copyrightYear":"2022","copyrightHolder":{"@id":"https:\/\/www.estrategiaconcursos.com.br\/blog\/#organization"}},{"@type":"WebPage","@id":"https:\/\/www.estrategiaconcursos.com.br\/blog\/concurso-sefaz-nomeacoes\/","url":"https:\/\/www.estrategiaconcursos.com.br\/blog\/concurso-sefaz-nomeacoes\/","name":"Concurso Sefaz AL: 35 nomea\u00e7\u00f5es anunciadas!","isPartOf":{"@id":"https:\/\/www.estrategiaconcursos.com.br\/blog\/#website"},"primaryImageOfPage":{"@id":"https:\/\/www.estrategiaconcursos.com.br\/blog\/concurso-sefaz-nomeacoes\/#primaryimage"},"image":{"@id":"https:\/\/www.estrategiaconcursos.com.br\/blog\/concurso-sefaz-nomeacoes\/#primaryimage"},"thumbnailUrl":"https:\/\/dhg1h5j42swfq.cloudfront.net\/2021\/07\/08094137\/sefaz-al.jpg","datePublished":"2022-02-09T14:00:20+00:00","dateModified":"2022-02-09T15:10:51+00:00","description":"Concurso Sefaz AL: nomea\u00e7\u00f5es divulgadas! Ao todo, 35 candidatos foram contemplados. Acesse o artigo e confira a lista divulgada.","breadcrumb":{"@id":"https:\/\/www.estrategiaconcursos.com.br\/blog\/concurso-sefaz-nomeacoes\/#breadcrumb"},"inLanguage":"pt-BR","potentialAction":[{"@type":"ReadAction","target":["https:\/\/www.estrategiaconcursos.com.br\/blog\/concurso-sefaz-nomeacoes\/"]}]},{"@type":"ImageObject","inLanguage":"pt-BR","@id":"https:\/\/www.estrategiaconcursos.com.br\/blog\/concurso-sefaz-nomeacoes\/#primaryimage","url":"https:\/\/dhg1h5j42swfq.cloudfront.net\/2021\/07\/08094137\/sefaz-al.jpg","contentUrl":"https:\/\/dhg1h5j42swfq.cloudfront.net\/2021\/07\/08094137\/sefaz-al.jpg","width":1200,"height":628,"caption":"Concurso Sefaz AL posse"},{"@type":"BreadcrumbList","@id":"https:\/\/www.estrategiaconcursos.com.br\/blog\/concurso-sefaz-nomeacoes\/#breadcrumb","itemListElement":[{"@type":"ListItem","position":1,"name":"In\u00edcio","item":"https:\/\/www.estrategiaconcursos.com.br\/blog\/"},{"@type":"ListItem","position":2,"name":"Concurso Sefaz AL: 35 nomea\u00e7\u00f5es anunciadas!"}]},{"@type":"WebSite","@id":"https:\/\/www.estrategiaconcursos.com.br\/blog\/#website","url":"https:\/\/www.estrategiaconcursos.com.br\/blog\/","name":"Estrat\u00e9gia Concursos","description":"O blog da Estrat\u00e9gia Concursos traz not\u00edcias sobre concursos e artigos de professores oferecendo cursos para concursos (pdf + videaulas) no site.","publisher":{"@id":"https:\/\/www.estrategiaconcursos.com.br\/blog\/#organization"},"potentialAction":[{"@type":"SearchAction","target":{"@type":"EntryPoint","urlTemplate":"https:\/\/www.estrategiaconcursos.com.br\/blog\/?s={search_term_string}"},"query-input":{"@type":"PropertyValueSpecification","valueRequired":true,"valueName":"search_term_string"}}],"inLanguage":"pt-BR"},{"@type":"Organization","@id":"https:\/\/www.estrategiaconcursos.com.br\/blog\/#organization","name":"Estrat\u00e9gia Concursos","url":"https:\/\/www.estrategiaconcursos.com.br\/blog\/","logo":{"@type":"ImageObject","inLanguage":"pt-BR","@id":"https:\/\/www.estrategiaconcursos.com.br\/blog\/#\/schema\/logo\/image\/","url":"https:\/\/dhg1h5j42swfq.cloudfront.net\/2025\/06\/03203428\/logo_concursos-1.jpg","contentUrl":"https:\/\/dhg1h5j42swfq.cloudfront.net\/2025\/06\/03203428\/logo_concursos-1.jpg","width":230,"height":60,"caption":"Estrat\u00e9gia Concursos"},"image":{"@id":"https:\/\/www.estrategiaconcursos.com.br\/blog\/#\/schema\/logo\/image\/"},"sameAs":["https:\/\/x.com\/EstratConcursos"]},{"@type":"Person","@id":"https:\/\/www.estrategiaconcursos.com.br\/blog\/#\/schema\/person\/e3882259fa157d54c44c21f4ee4e0e60","name":"B\u00e1rbara Carvalho Santos","image":{"@type":"ImageObject","inLanguage":"pt-BR","@id":"https:\/\/secure.gravatar.com\/avatar\/353300f73140f779692b9be2b39f434d1341e4e34c7f55bd5a990fe29ef352eb?s=96&d=mm&r=g","url":"https:\/\/secure.gravatar.com\/avatar\/353300f73140f779692b9be2b39f434d1341e4e34c7f55bd5a990fe29ef352eb?s=96&d=mm&r=g","contentUrl":"https:\/\/secure.gravatar.com\/avatar\/353300f73140f779692b9be2b39f434d1341e4e34c7f55bd5a990fe29ef352eb?s=96&d=mm&r=g","caption":"B\u00e1rbara Carvalho Santos"},"description":"M\u00e3e e jornalista formada pela UNIP, possui ampla experi\u00eancia na cobertura de entretenimento em grandes ve\u00edculos, como o site da CNN, RedeTV! e Estrat\u00e9gia Educacional. Atuou tamb\u00e9m em ag\u00eancias de marketing, produtoras musicais e assessorias de imprensa, com foco especial no trabalho com personalidades p\u00fablicas. Atualmente, integra a equipe do Estrat\u00e9gia Concursos, onde \u00e9 respons\u00e1vel pela produ\u00e7\u00e3o de conte\u00fados estrat\u00e9gicos voltados para o setor de concursos p\u00fablicos, com destaque para a \u00e1rea fiscal, gest\u00e3o, controle, concursos administrativos e Minist\u00e9rios participantes do CNU, al\u00e9m de diversos \u00f3rg\u00e3os federais. Tem como miss\u00e3o transformar informa\u00e7\u00f5es complexas em conte\u00fados acess\u00edveis, relevantes e de alto valor para quem sonha com uma carreira no servi\u00e7o p\u00fablico.","url":"https:\/\/www.estrategiaconcursos.com.br\/blog\/author\/barbara-santos\/"}]}},"_links":{"self":[{"href":"https:\/\/www.estrategiaconcursos.com.br\/blog\/wp-json\/wp\/v2\/posts\/965207","targetHints":{"allow":["GET"]}}],"collection":[{"href":"https:\/\/www.estrategiaconcursos.com.br\/blog\/wp-json\/wp\/v2\/posts"}],"about":[{"href":"https:\/\/www.estrategiaconcursos.com.br\/blog\/wp-json\/wp\/v2\/types\/post"}],"author":[{"embeddable":true,"href":"https:\/\/www.estrategiaconcursos.com.br\/blog\/wp-json\/wp\/v2\/users\/2018"}],"replies":[{"embeddable":true,"href":"https:\/\/www.estrategiaconcursos.com.br\/blog\/wp-json\/wp\/v2\/comments?post=965207"}],"version-history":[{"count":8,"href":"https:\/\/www.estrategiaconcursos.com.br\/blog\/wp-json\/wp\/v2\/posts\/965207\/revisions"}],"predecessor-version":[{"id":965315,"href":"https:\/\/www.estrategiaconcursos.com.br\/blog\/wp-json\/wp\/v2\/posts\/965207\/revisions\/965315"}],"wp:featuredmedia":[{"embeddable":true,"href":"https:\/\/www.estrategiaconcursos.com.br\/blog\/wp-json\/wp\/v2\/media\/790298"}],"wp:attachment":[{"href":"https:\/\/www.estrategiaconcursos.com.br\/blog\/wp-json\/wp\/v2\/media?parent=965207"}],"wp:term":[{"taxonomy":"category","embeddable":true,"href":"https:\/\/www.estrategiaconcursos.com.br\/blog\/wp-json\/wp\/v2\/categories?post=965207"},{"taxonomy":"post_tag","embeddable":true,"href":"https:\/\/www.estrategiaconcursos.com.br\/blog\/wp-json\/wp\/v2\/tags?post=965207"},{"taxonomy":"tax_estado","embeddable":true,"href":"https:\/\/www.estrategiaconcursos.com.br\/blog\/wp-json\/wp\/v2\/tax_estado?post=965207"}],"curies":[{"name":"wp","href":"https:\/\/api.w.org\/{rel}","templated":true}]}}