{"id":965034,"date":"2022-03-09T23:59:00","date_gmt":"2022-03-10T02:59:00","guid":{"rendered":"https:\/\/www.estrategiaconcursos.com.br\/blog\/?p=965034"},"modified":"2022-03-10T08:43:39","modified_gmt":"2022-03-10T11:43:39","slug":"edital-prefeitura-de-cascavel-pr","status":"publish","type":"post","link":"https:\/\/www.estrategiaconcursos.com.br\/blog\/edital-prefeitura-de-cascavel-pr\/","title":{"rendered":"Edital Prefeitura de Cascavel PR: provas no dia 27\/03"},"content":{"rendered":"\n<p>Ap\u00f3s encerrar o seu per\u00edodo de inscri\u00e7\u00f5es, os candidatos inscritos no edital Prefeitura de Cascavel, Paran\u00e1, ter\u00e3o que enfrentar a etapa de provas, prevista para o dia 27 de mar\u00e7o. <\/p>\n\n\n\n<p>Sob organiza\u00e7\u00e3o da <strong>UNIOESTE\/COGEPS<\/strong>, a etapa ser\u00e1 realizada atrav\u00e9s de duas fases: Prova objetiva e de Reda\u00e7\u00e3o, ambas de car\u00e1ter eliminat\u00f3rio e classificat\u00f3rio. <\/p>\n\n\n\n<p>Os candidatos disputam um total de <strong>30 vagas<\/strong>, al\u00e9m de oportunidades em CR, para o cargo de <strong>Agente Administrativo<\/strong>.<\/p>\n\n\n\n<p>O prazo de validade do concurso ser\u00e1 de dois anos, contados a partir dada de publica\u00e7\u00e3o da homologa\u00e7\u00e3o, podendo ser prorrogado por mais dois anos, a crit\u00e9rio da Administra\u00e7\u00e3o Municipal. <\/p>\n\n\n\n<div class=\"container\" id=\"boxes\">\n  <div class=\"row\">\n\n    <div class=\"col-sm\">\n      <div class=\"banner-estrategia\" id=\"box-assinatura\">\n        <h3 class=\"titulo-assinatura\">Prefeitura de Cascavel<\/h3>\n        <p class=\"subtitulo-assinatura\">Conhe\u00e7a os cursos<\/p>\n        <div class=\"box-botao\">\n          <a class=\"btn-assinatura\" target=\"_blank\" href=\"https:\/\/www.estrategiaconcursos.com.br\/cursosPorConcurso\/prefeitura-municipal-de-cascavel-pr\/\" role=\"button\" rel=\"noopener noreferrer\">Conhe\u00e7a mais<\/a>\n        <\/div>\n      <\/div>\n     \n    <\/div>\n\n  <\/div>\n<\/div>\n\n\n\n<h2 class=\"wp-block-heading\" id=\"situacao\">Situa\u00e7\u00e3o atual do edital da Prefeitura de Cascavel<\/h2>\n\n\n\n<h3 class=\"wp-block-heading\" id=\"datas\">Principais datas<\/h3>\n\n\n\n<ul class=\"wp-block-list\"><li><strong>Inscri\u00e7\u00f5es<\/strong>:<s> 10\/02 a 09\/03\/2022<\/s><\/li><li><strong>Isen\u00e7\u00e3o da taxa<\/strong>: <s>10 a 28\/02\/22<\/s><\/li><li><strong>\u00daltimo dia para pagamento<\/strong>: 10\/03\/2022<\/li><li><strong>Prova<\/strong>: 27\/03\/22<\/li><\/ul>\n\n\n\n<h2 class=\"wp-block-heading\" id=\"cargos-vagas\">Cargos e vagas do edital da Prefeitura de Cascavel <\/h2>\n\n\n\n<p>Confira abaixo mais detalhes acerca do cargo de Agente Administrativo do edital Prefeitura de Cascavel:<\/p>\n\n\n\n<ul class=\"wp-block-list\"><li><strong>Agente Administrativo:<\/strong> 30 vagas + CR, (R$ 1.647,61) e exig\u00eancia de n\u00edvel m\u00e9dio. <\/li><\/ul>\n\n\n\n<p>S\u00e3o reservadas 5% das vagas abertas aos afrodescendentes em conformidade com a Lei Municipal n.\u00ba 5.598\/2010.<\/p>\n\n\n\n<h3 class=\"wp-block-heading\" id=\"requisitos\">Requisitos<\/h3>\n\n\n\n<ul class=\"wp-block-list\"><li>Ser brasileiro nato ou naturalizado, ou cidad\u00e3o Portugu\u00eas que tenha adquirido a igualdade de direitos e obriga\u00e7\u00f5es civis e gozo dos direitos pol\u00edticos;<\/li><li>Ter idade m\u00ednima de 18 anos at\u00e9 a data para posse;<\/li><li>N\u00e3o estar condenado por senten\u00e7a criminal transitada em julgado, atestado por declara\u00e7\u00e3o assinada pelo candidato;<\/li><li>N\u00e3o ter sido demitido do servi\u00e7o p\u00fablico, atestado por declara\u00e7\u00e3o assinada pelo candidato;<\/li><li>N\u00e3o estar aposentado em decorr\u00eancia de cargo, fun\u00e7\u00e3o ou emprego p\u00fablico;<\/li><li>N\u00e3o estar em exerc\u00edcio ou investido em cargo, fun\u00e7\u00e3o ou emprego p\u00fablico em qualquer das esferas de governo;<\/li><li>Estar apto f\u00edsica, mental e psicologicamente para o pleno exerc\u00edcio das atribui\u00e7\u00f5es do cargo, comprovado mediante exame pr\u00e9-admissional.<\/li><\/ul>\n\n\n\n<h2 class=\"wp-block-heading\" id=\"etapas\">Etapas e provas do edital da Prefeitura de Cascavel <\/h2>\n\n\n\n<p>As provas do concurso Prefeitura de Cascavel ser\u00e3o aplicadas pela banca organizadora, a <strong><a href=\"https:\/\/www.unioeste.br\/portal\/interno\/concurso-externo-realizados-pela-unioeste\/758-externos\/58800-prefeitura-de-cascavel\" target=\"_blank\" rel=\"noreferrer noopener\">UNIOESTE\/COGEPS<\/a><\/strong>, atrav\u00e9s de duas importantes fases:<\/p>\n\n\n\n<h3 class=\"wp-block-heading\" id=\"objetiva\">Provas Objetivas<\/h3>\n\n\n\n<p>A dura\u00e7\u00e3o da Prova Objetiva (PO), de car\u00e1ter eliminat\u00f3rio\/classificat\u00f3rio, ser\u00e1 de no m\u00e1ximo 4 horas, incluindo tempo para a Prova de Reda\u00e7\u00e3o. <\/p>\n\n\n\n<p>Esta etapa ter\u00e1 40 quest\u00f5es objetivas de m\u00faltipla escolha, totalizando 100 pontos.<\/p>\n\n\n\n<ul class=\"wp-block-list\"><li><strong>L\u00edngua Portuguesa &#8211;<\/strong> 05 quest\u00f5es;<\/li><li><strong>Matem\u00e1tica e Racioc\u00ednio l\u00f3gico &#8211;<\/strong> 05 quest\u00f5es;<\/li><li><strong>Conhecimentos Gerais, Legisla\u00e7\u00e3o &#8211;<\/strong> 05 quest\u00f5es;<\/li><li><strong>Conhecimento de Inform\u00e1tica &#8211;<\/strong> 05 quest\u00f5es;<\/li><li><strong>Conhecimentos Espec\u00edficos &#8211;<\/strong> 20 quest\u00f5es.<\/li><\/ul>\n\n\n\n<p>Ser\u00e1 eliminado o candidato que n\u00e3o obtiver na Prova Objetiva a nota m\u00ednima correspondente a 60 % (do valor total da Objetiva.<\/p>\n\n\n\n<h3 class=\"wp-block-heading\" id=\"discursiva\">Prova de Reda\u00e7\u00e3o<\/h3>\n\n\n\n<p>A Prova de Reda\u00e7\u00e3o (PR), de car\u00e1ter eliminat\u00f3rio\/classificat\u00f3rio, acontecer\u00e1 no mesmo dia e hor\u00e1rio da Prova Objetiva. <\/p>\n\n\n\n<p>Esta etapa consiste na produ\u00e7\u00e3o de um texto dissertativo argumentativo acerca de quest\u00f5es da atualidade. <\/p>\n\n\n\n<p>A Reda\u00e7\u00e3o tem nota m\u00e1xima de 100 pontos. Ser\u00e1 desclassificado o candidato que obtiver nota inferior a 60% por cento do valor da Reda\u00e7\u00e3o.<\/p>\n\n\n\n<p class=\"has-text-align-center has-background has-medium-font-size\" style=\"background-color:#eaeef2\"><strong>Saiba mais: <a href=\"https:\/\/www.estrategiaconcursos.com.br\/blog\/concurso-cascavel-pr\/\" target=\"_blank\" rel=\"noreferrer noopener\">concurso Prefeitura de Cascavel<\/a><\/strong><\/p>\n\n\n\n<hr class=\"wp-block-separator\"\/>\n\n\n\n<h2 class=\"has-text-align-center wp-block-heading\" id=\"cursos-assinatura\">Quer estudar para o edital da Prefeitura de Cascavel?<\/h2>\n\n\n\n<div class=\"container\" id=\"boxes\">\n  <div class=\"row\">\n\n    <div class=\"col-sm\">\n      <div class=\"banner-estrategia\" id=\"box-assinatura\">\n        <h3 class=\"titulo-assinatura\">Prefeitura de Cascavel<\/h3>\n        <p class=\"subtitulo-assinatura\">Conhe\u00e7a os cursos<\/p>\n        <div class=\"box-botao\">\n          <a class=\"btn-assinatura\" target=\"_blank\" href=\"https:\/\/www.estrategiaconcursos.com.br\/cursosPorConcurso\/prefeitura-municipal-de-cascavel-pr\/\" role=\"button\" rel=\"noopener noreferrer\">Conhe\u00e7a mais<\/a>\n        <\/div>\n      <\/div>\n     \n    <\/div>\n\n  <\/div>\n<\/div>\n\n\n\n<div class=\"container\" id=\"boxes\">\n  <div class=\"row\">\n\n    <div class=\"col-sm\">\n      <div class=\"estrategia\" id=\"box-assinatura\">\n        <h3 class=\"titulo-assinatura\">Assinatura Concursos<\/h3>\n        <p class=\"subtitulo-assinatura\">Assinatura de 1 ano ou 2 anos<\/p>\n        <div class=\"box-botao\">\n          <a class=\"btn-assinatura\" target=\"_blank\" href=\"https:\/\/www.estrategiaconcursos.com.br\/assinaturas\/\" role=\"button\" rel=\"noopener noreferrer\">ASSINE AGORA<\/a>\n        <\/div>\n      <\/div><\/div><\/div><\/div>\n\n\n\n<h2 class=\"has-text-align-center wp-block-heading\" id=\"h-quer-saber-tudo-sobre-concursos-previstos-confira-nossos-artigos\">Quer saber tudo sobre concursos previstos?<br \/>Confira  nossos artigos!<\/h2>\n\n\n\n<ul class=\"wp-block-list\"><li><a href=\"https:\/\/www.estrategiaconcursos.com.br\/blog\/concursos-abertos\/\" target=\"_blank\" rel=\"noreferrer noopener\">Concursos abertos<\/a><\/li><li><a href=\"https:\/\/www.estrategiaconcursos.com.br\/blog\/concursos-2022\/\" target=\"_blank\" rel=\"noreferrer noopener\">Concursos 2022<\/a><\/li><\/ul>\n\n\n\n<figure class=\"wp-block-image size-large is-resized\"><img loading=\"lazy\" decoding=\"async\" src=\"https:\/\/dhg1h5j42swfq.cloudfront.net\/2025\/06\/27101122\/ficha-tecnica-1-1024x632.png\" alt=\"Informa\u00e7\u00f5es do concurso Prefeitura de Cascavel PR\" class=\"wp-image-702728\" width=\"269\" height=\"166\" srcset=\"https:\/\/dhg1h5j42swfq.cloudfront.net\/2025\/06\/27101122\/ficha-tecnica-1-1024x632.png 1024w, https:\/\/dhg1h5j42swfq.cloudfront.net\/2025\/06\/27101122\/ficha-tecnica-1-300x185.png 300w, https:\/\/dhg1h5j42swfq.cloudfront.net\/2025\/06\/27101122\/ficha-tecnica-1-768x474.png 768w, https:\/\/dhg1h5j42swfq.cloudfront.net\/2025\/06\/27101122\/ficha-tecnica-1-1536x948.png 1536w, https:\/\/dhg1h5j42swfq.cloudfront.net\/2025\/06\/27101122\/ficha-tecnica-1-610x377.png 610w, https:\/\/dhg1h5j42swfq.cloudfront.net\/2025\/06\/27101122\/ficha-tecnica-1.png 1571w\" sizes=\"auto, (max-width: 269px) 100vw, 269px\" \/><\/figure>\n\n\n\n<h3 class=\"wp-block-heading\" id=\"ficha\">Informa\u00e7\u00f5es do concurso Prefeitura de Cascavel PR<\/h3>\n\n\n\n<ul class=\"wp-block-list\"><li><strong style=\"color: initial;\">Provas<\/strong><span style=\"color: initial;\">: <\/span>27\/03\/2022<\/li><li><strong>Vagas<\/strong>: 30 + CR<\/li><li><strong>Cargos<\/strong>: Agente Administrativo<\/li><li><strong>Banca<\/strong>: UNIOESTE\/COGEPS<\/li><li><strong>Escolaridade<\/strong>: N\u00edvel m\u00e9dio<\/li><li><strong>Edital<\/strong>:&nbsp;<a href=\"https:\/\/dhg1h5j42swfq.cloudfront.net\/2022\/02\/09084056\/058-edital-de-abertura-agente-administrativo-cascavel-ultima-versao-1.pdf\" target=\"_blank\" rel=\"noreferrer noopener nofollow\">Edital Prefeitura de Cascavel 2022<\/a><\/li><\/ul>\n","protected":false},"excerpt":{"rendered":"<p>Ap\u00f3s encerrar o seu per\u00edodo de inscri\u00e7\u00f5es, os candidatos inscritos no edital Prefeitura de Cascavel, Paran\u00e1, ter\u00e3o que enfrentar a etapa de provas, prevista para o dia 27 de mar\u00e7o. Sob organiza\u00e7\u00e3o da UNIOESTE\/COGEPS, a etapa ser\u00e1 realizada atrav\u00e9s de duas fases: Prova objetiva e de Reda\u00e7\u00e3o, ambas de car\u00e1ter eliminat\u00f3rio e classificat\u00f3rio. Os candidatos [&hellip;]<\/p>\n","protected":false},"author":656,"featured_media":655573,"comment_status":"open","ping_status":"closed","sticky":false,"template":"","format":"standard","meta":{"post_tipo":"news","footnotes":""},"categories":[214992,220219],"tags":[],"tax_estado":[219981],"class_list":["post-965034","post","type-post","status-publish","format-standard","has-post-thumbnail","hentry","category-concursos-administrativos","category-noticias","tax_estado-pr"],"acf":[],"yoast_head":"<!-- This site is optimized with the Yoast SEO Premium plugin v27.2 (Yoast SEO v27.2) - https:\/\/yoast.com\/product\/yoast-seo-premium-wordpress\/ -->\n<title>Edital Prefeitura de Cascavel PR: provas no dia 27\/03<\/title>\n<meta name=\"description\" content=\"Edital Prefeitura de Cascavel (PR): inscri\u00e7\u00f5es encerradas com 30 vagas + CR para Agente Administrativo (n\u00edvel m\u00e9dio). Provas no dia 27\/03!\" \/>\n<meta name=\"robots\" content=\"index, follow, max-snippet:-1, max-image-preview:large, max-video-preview:-1\" \/>\n<link rel=\"canonical\" href=\"https:\/\/www.estrategiaconcursos.com.br\/blog\/edital-prefeitura-de-cascavel-pr\/\" \/>\n<meta property=\"og:locale\" content=\"pt_BR\" \/>\n<meta property=\"og:type\" content=\"article\" \/>\n<meta property=\"og:title\" content=\"Edital Prefeitura de Cascavel PR: provas no dia 27\/03\" \/>\n<meta property=\"og:description\" content=\"Edital Prefeitura de Cascavel (PR): inscri\u00e7\u00f5es encerradas com 30 vagas + CR para Agente Administrativo (n\u00edvel m\u00e9dio). Provas no dia 27\/03!\" \/>\n<meta property=\"og:url\" content=\"https:\/\/www.estrategiaconcursos.com.br\/blog\/edital-prefeitura-de-cascavel-pr\/\" \/>\n<meta property=\"og:site_name\" content=\"Estrat\u00e9gia Concursos\" \/>\n<meta property=\"article:published_time\" content=\"2022-03-10T02:59:00+00:00\" \/>\n<meta property=\"article:modified_time\" content=\"2022-03-10T11:43:39+00:00\" \/>\n<meta property=\"og:image\" content=\"https:\/\/dhg1h5j42swfq.cloudfront.net\/2020\/12\/22091044\/prefeitura_de_cascavel.jpg\" \/>\n\t<meta property=\"og:image:width\" content=\"1200\" \/>\n\t<meta property=\"og:image:height\" content=\"628\" \/>\n\t<meta property=\"og:image:type\" content=\"image\/jpeg\" \/>\n<meta name=\"author\" content=\"F\u00e1bio Scaldelai\" \/>\n<meta name=\"twitter:card\" content=\"summary_large_image\" \/>\n<meta name=\"twitter:creator\" content=\"@EstratConcursos\" \/>\n<meta name=\"twitter:site\" content=\"@EstratConcursos\" \/>\n<meta name=\"twitter:label1\" content=\"Escrito por\" \/>\n\t<meta name=\"twitter:data1\" content=\"F\u00e1bio Scaldelai\" \/>\n\t<meta name=\"twitter:label2\" content=\"Est. tempo de leitura\" \/>\n\t<meta name=\"twitter:data2\" content=\"4 minutos\" \/>\n<script type=\"application\/ld+json\" class=\"yoast-schema-graph\">{\"@context\":\"https:\/\/schema.org\",\"@graph\":[{\"@type\":\"NewsArticle\",\"@id\":\"https:\/\/www.estrategiaconcursos.com.br\/blog\/edital-prefeitura-de-cascavel-pr\/#article\",\"isPartOf\":{\"@id\":\"https:\/\/www.estrategiaconcursos.com.br\/blog\/edital-prefeitura-de-cascavel-pr\/\"},\"author\":{\"name\":\"F\u00e1bio Scaldelai\",\"@id\":\"https:\/\/www.estrategiaconcursos.com.br\/blog\/#\/schema\/person\/e3b6b7ce0192dd4ad270655969d61750\"},\"headline\":\"Edital Prefeitura de Cascavel PR: provas no dia 27\/03\",\"datePublished\":\"2022-03-10T02:59:00+00:00\",\"dateModified\":\"2022-03-10T11:43:39+00:00\",\"mainEntityOfPage\":{\"@id\":\"https:\/\/www.estrategiaconcursos.com.br\/blog\/edital-prefeitura-de-cascavel-pr\/\"},\"wordCount\":618,\"commentCount\":0,\"publisher\":{\"@id\":\"https:\/\/www.estrategiaconcursos.com.br\/blog\/#organization\"},\"image\":{\"@id\":\"https:\/\/www.estrategiaconcursos.com.br\/blog\/edital-prefeitura-de-cascavel-pr\/#primaryimage\"},\"thumbnailUrl\":\"https:\/\/dhg1h5j42swfq.cloudfront.net\/2020\/12\/22091044\/prefeitura_de_cascavel.jpg\",\"articleSection\":[\"Executivo (Administrativa)\",\"\u00daltimas not\u00edcias\"],\"inLanguage\":\"pt-BR\",\"potentialAction\":[{\"@type\":\"CommentAction\",\"name\":\"Comment\",\"target\":[\"https:\/\/www.estrategiaconcursos.com.br\/blog\/edital-prefeitura-de-cascavel-pr\/#respond\"]}],\"copyrightYear\":\"2022\",\"copyrightHolder\":{\"@id\":\"https:\/\/www.estrategiaconcursos.com.br\/blog\/#organization\"}},{\"@type\":\"WebPage\",\"@id\":\"https:\/\/www.estrategiaconcursos.com.br\/blog\/edital-prefeitura-de-cascavel-pr\/\",\"url\":\"https:\/\/www.estrategiaconcursos.com.br\/blog\/edital-prefeitura-de-cascavel-pr\/\",\"name\":\"Edital Prefeitura de Cascavel PR: provas no dia 27\/03\",\"isPartOf\":{\"@id\":\"https:\/\/www.estrategiaconcursos.com.br\/blog\/#website\"},\"primaryImageOfPage\":{\"@id\":\"https:\/\/www.estrategiaconcursos.com.br\/blog\/edital-prefeitura-de-cascavel-pr\/#primaryimage\"},\"image\":{\"@id\":\"https:\/\/www.estrategiaconcursos.com.br\/blog\/edital-prefeitura-de-cascavel-pr\/#primaryimage\"},\"thumbnailUrl\":\"https:\/\/dhg1h5j42swfq.cloudfront.net\/2020\/12\/22091044\/prefeitura_de_cascavel.jpg\",\"datePublished\":\"2022-03-10T02:59:00+00:00\",\"dateModified\":\"2022-03-10T11:43:39+00:00\",\"description\":\"Edital Prefeitura de Cascavel (PR): inscri\u00e7\u00f5es encerradas com 30 vagas + CR para Agente Administrativo (n\u00edvel m\u00e9dio). Provas no dia 27\/03!\",\"breadcrumb\":{\"@id\":\"https:\/\/www.estrategiaconcursos.com.br\/blog\/edital-prefeitura-de-cascavel-pr\/#breadcrumb\"},\"inLanguage\":\"pt-BR\",\"potentialAction\":[{\"@type\":\"ReadAction\",\"target\":[\"https:\/\/www.estrategiaconcursos.com.br\/blog\/edital-prefeitura-de-cascavel-pr\/\"]}]},{\"@type\":\"ImageObject\",\"inLanguage\":\"pt-BR\",\"@id\":\"https:\/\/www.estrategiaconcursos.com.br\/blog\/edital-prefeitura-de-cascavel-pr\/#primaryimage\",\"url\":\"https:\/\/dhg1h5j42swfq.cloudfront.net\/2020\/12\/22091044\/prefeitura_de_cascavel.jpg\",\"contentUrl\":\"https:\/\/dhg1h5j42swfq.cloudfront.net\/2020\/12\/22091044\/prefeitura_de_cascavel.jpg\",\"width\":1200,\"height\":628,\"caption\":\"Edital Prefeitura de Cascavel\"},{\"@type\":\"BreadcrumbList\",\"@id\":\"https:\/\/www.estrategiaconcursos.com.br\/blog\/edital-prefeitura-de-cascavel-pr\/#breadcrumb\",\"itemListElement\":[{\"@type\":\"ListItem\",\"position\":1,\"name\":\"In\u00edcio\",\"item\":\"https:\/\/www.estrategiaconcursos.com.br\/blog\/\"},{\"@type\":\"ListItem\",\"position\":2,\"name\":\"Edital Prefeitura de Cascavel PR: provas no dia 27\/03\"}]},{\"@type\":\"WebSite\",\"@id\":\"https:\/\/www.estrategiaconcursos.com.br\/blog\/#website\",\"url\":\"https:\/\/www.estrategiaconcursos.com.br\/blog\/\",\"name\":\"Estrat\u00e9gia Concursos\",\"description\":\"O blog da Estrat\u00e9gia Concursos traz not\u00edcias sobre concursos e artigos de professores oferecendo cursos para concursos (pdf + videaulas) no site.\",\"publisher\":{\"@id\":\"https:\/\/www.estrategiaconcursos.com.br\/blog\/#organization\"},\"potentialAction\":[{\"@type\":\"SearchAction\",\"target\":{\"@type\":\"EntryPoint\",\"urlTemplate\":\"https:\/\/www.estrategiaconcursos.com.br\/blog\/?s={search_term_string}\"},\"query-input\":{\"@type\":\"PropertyValueSpecification\",\"valueRequired\":true,\"valueName\":\"search_term_string\"}}],\"inLanguage\":\"pt-BR\"},{\"@type\":\"Organization\",\"@id\":\"https:\/\/www.estrategiaconcursos.com.br\/blog\/#organization\",\"name\":\"Estrat\u00e9gia Concursos\",\"url\":\"https:\/\/www.estrategiaconcursos.com.br\/blog\/\",\"logo\":{\"@type\":\"ImageObject\",\"inLanguage\":\"pt-BR\",\"@id\":\"https:\/\/www.estrategiaconcursos.com.br\/blog\/#\/schema\/logo\/image\/\",\"url\":\"https:\/\/dhg1h5j42swfq.cloudfront.net\/2025\/06\/03203428\/logo_concursos-1.jpg\",\"contentUrl\":\"https:\/\/dhg1h5j42swfq.cloudfront.net\/2025\/06\/03203428\/logo_concursos-1.jpg\",\"width\":230,\"height\":60,\"caption\":\"Estrat\u00e9gia Concursos\"},\"image\":{\"@id\":\"https:\/\/www.estrategiaconcursos.com.br\/blog\/#\/schema\/logo\/image\/\"},\"sameAs\":[\"https:\/\/x.com\/EstratConcursos\"]},{\"@type\":\"Person\",\"@id\":\"https:\/\/www.estrategiaconcursos.com.br\/blog\/#\/schema\/person\/e3b6b7ce0192dd4ad270655969d61750\",\"name\":\"F\u00e1bio Scaldelai\",\"image\":{\"@type\":\"ImageObject\",\"inLanguage\":\"pt-BR\",\"@id\":\"https:\/\/secure.gravatar.com\/avatar\/8ed7492c4d88d8495bc0cb24cda6847b8ae23eec459a919e08e77d0ca0fd79ec?s=96&d=mm&r=g\",\"url\":\"https:\/\/secure.gravatar.com\/avatar\/8ed7492c4d88d8495bc0cb24cda6847b8ae23eec459a919e08e77d0ca0fd79ec?s=96&d=mm&r=g\",\"contentUrl\":\"https:\/\/secure.gravatar.com\/avatar\/8ed7492c4d88d8495bc0cb24cda6847b8ae23eec459a919e08e77d0ca0fd79ec?s=96&d=mm&r=g\",\"caption\":\"F\u00e1bio Scaldelai\"},\"description\":\"Jornalista no Estrat\u00e9gia Concursos e Produtor de Televis\u00e3o, formado em Jornalismo, R\u00e1dio e TV pela Faculdade Integrada Rio Branco, com especializa\u00e7\u00f5es em Gest\u00e3o Empresarial e Marketing pelo M\u00f3dulo. Atuou como produtor no SBT, TV Bandeirantes e R\u00e1dio Band FM, al\u00e9m de acumular tr\u00eas anos de experi\u00eancia no setor de concursos p\u00fablicos pela LFG (Luiz Fl\u00e1vio Gomes). No Estrat\u00e9gia Concursos, atua na apura\u00e7\u00e3o de not\u00edcias da \u00e1rea fiscal, al\u00e9m de coberturas sobre concursos das \u00e1reas de controle (TCU, TCE, etc), concurso AFT, \u00e1rea de gest\u00e3o e administrativa, bem como dos \u00f3rg\u00e3os participantes do CNU. Tamb\u00e9m possui experi\u00eancia em link building e an\u00e1lise de m\u00eddia, adquirida durante sua atua\u00e7\u00e3o na ag\u00eancia SEO Marketing.\",\"url\":\"https:\/\/www.estrategiaconcursos.com.br\/blog\/author\/fabio-scaldelaiestrategiaconcursos-com-br\/\"}]}<\/script>\n<!-- \/ Yoast SEO Premium plugin. -->","yoast_head_json":{"title":"Edital Prefeitura de Cascavel PR: provas no dia 27\/03","description":"Edital Prefeitura de Cascavel (PR): inscri\u00e7\u00f5es encerradas com 30 vagas + CR para Agente Administrativo (n\u00edvel m\u00e9dio). Provas no dia 27\/03!","robots":{"index":"index","follow":"follow","max-snippet":"max-snippet:-1","max-image-preview":"max-image-preview:large","max-video-preview":"max-video-preview:-1"},"canonical":"https:\/\/www.estrategiaconcursos.com.br\/blog\/edital-prefeitura-de-cascavel-pr\/","og_locale":"pt_BR","og_type":"article","og_title":"Edital Prefeitura de Cascavel PR: provas no dia 27\/03","og_description":"Edital Prefeitura de Cascavel (PR): inscri\u00e7\u00f5es encerradas com 30 vagas + CR para Agente Administrativo (n\u00edvel m\u00e9dio). Provas no dia 27\/03!","og_url":"https:\/\/www.estrategiaconcursos.com.br\/blog\/edital-prefeitura-de-cascavel-pr\/","og_site_name":"Estrat\u00e9gia Concursos","article_published_time":"2022-03-10T02:59:00+00:00","article_modified_time":"2022-03-10T11:43:39+00:00","og_image":[{"width":1200,"height":628,"url":"https:\/\/dhg1h5j42swfq.cloudfront.net\/2020\/12\/22091044\/prefeitura_de_cascavel.jpg","type":"image\/jpeg"}],"author":"F\u00e1bio Scaldelai","twitter_card":"summary_large_image","twitter_creator":"@EstratConcursos","twitter_site":"@EstratConcursos","twitter_misc":{"Escrito por":"F\u00e1bio Scaldelai","Est. tempo de leitura":"4 minutos"},"schema":{"@context":"https:\/\/schema.org","@graph":[{"@type":"NewsArticle","@id":"https:\/\/www.estrategiaconcursos.com.br\/blog\/edital-prefeitura-de-cascavel-pr\/#article","isPartOf":{"@id":"https:\/\/www.estrategiaconcursos.com.br\/blog\/edital-prefeitura-de-cascavel-pr\/"},"author":{"name":"F\u00e1bio Scaldelai","@id":"https:\/\/www.estrategiaconcursos.com.br\/blog\/#\/schema\/person\/e3b6b7ce0192dd4ad270655969d61750"},"headline":"Edital Prefeitura de Cascavel PR: provas no dia 27\/03","datePublished":"2022-03-10T02:59:00+00:00","dateModified":"2022-03-10T11:43:39+00:00","mainEntityOfPage":{"@id":"https:\/\/www.estrategiaconcursos.com.br\/blog\/edital-prefeitura-de-cascavel-pr\/"},"wordCount":618,"commentCount":0,"publisher":{"@id":"https:\/\/www.estrategiaconcursos.com.br\/blog\/#organization"},"image":{"@id":"https:\/\/www.estrategiaconcursos.com.br\/blog\/edital-prefeitura-de-cascavel-pr\/#primaryimage"},"thumbnailUrl":"https:\/\/dhg1h5j42swfq.cloudfront.net\/2020\/12\/22091044\/prefeitura_de_cascavel.jpg","articleSection":["Executivo (Administrativa)","\u00daltimas not\u00edcias"],"inLanguage":"pt-BR","potentialAction":[{"@type":"CommentAction","name":"Comment","target":["https:\/\/www.estrategiaconcursos.com.br\/blog\/edital-prefeitura-de-cascavel-pr\/#respond"]}],"copyrightYear":"2022","copyrightHolder":{"@id":"https:\/\/www.estrategiaconcursos.com.br\/blog\/#organization"}},{"@type":"WebPage","@id":"https:\/\/www.estrategiaconcursos.com.br\/blog\/edital-prefeitura-de-cascavel-pr\/","url":"https:\/\/www.estrategiaconcursos.com.br\/blog\/edital-prefeitura-de-cascavel-pr\/","name":"Edital Prefeitura de Cascavel PR: provas no dia 27\/03","isPartOf":{"@id":"https:\/\/www.estrategiaconcursos.com.br\/blog\/#website"},"primaryImageOfPage":{"@id":"https:\/\/www.estrategiaconcursos.com.br\/blog\/edital-prefeitura-de-cascavel-pr\/#primaryimage"},"image":{"@id":"https:\/\/www.estrategiaconcursos.com.br\/blog\/edital-prefeitura-de-cascavel-pr\/#primaryimage"},"thumbnailUrl":"https:\/\/dhg1h5j42swfq.cloudfront.net\/2020\/12\/22091044\/prefeitura_de_cascavel.jpg","datePublished":"2022-03-10T02:59:00+00:00","dateModified":"2022-03-10T11:43:39+00:00","description":"Edital Prefeitura de Cascavel (PR): inscri\u00e7\u00f5es encerradas com 30 vagas + CR para Agente Administrativo (n\u00edvel m\u00e9dio). Provas no dia 27\/03!","breadcrumb":{"@id":"https:\/\/www.estrategiaconcursos.com.br\/blog\/edital-prefeitura-de-cascavel-pr\/#breadcrumb"},"inLanguage":"pt-BR","potentialAction":[{"@type":"ReadAction","target":["https:\/\/www.estrategiaconcursos.com.br\/blog\/edital-prefeitura-de-cascavel-pr\/"]}]},{"@type":"ImageObject","inLanguage":"pt-BR","@id":"https:\/\/www.estrategiaconcursos.com.br\/blog\/edital-prefeitura-de-cascavel-pr\/#primaryimage","url":"https:\/\/dhg1h5j42swfq.cloudfront.net\/2020\/12\/22091044\/prefeitura_de_cascavel.jpg","contentUrl":"https:\/\/dhg1h5j42swfq.cloudfront.net\/2020\/12\/22091044\/prefeitura_de_cascavel.jpg","width":1200,"height":628,"caption":"Edital Prefeitura de Cascavel"},{"@type":"BreadcrumbList","@id":"https:\/\/www.estrategiaconcursos.com.br\/blog\/edital-prefeitura-de-cascavel-pr\/#breadcrumb","itemListElement":[{"@type":"ListItem","position":1,"name":"In\u00edcio","item":"https:\/\/www.estrategiaconcursos.com.br\/blog\/"},{"@type":"ListItem","position":2,"name":"Edital Prefeitura de Cascavel PR: provas no dia 27\/03"}]},{"@type":"WebSite","@id":"https:\/\/www.estrategiaconcursos.com.br\/blog\/#website","url":"https:\/\/www.estrategiaconcursos.com.br\/blog\/","name":"Estrat\u00e9gia Concursos","description":"O blog da Estrat\u00e9gia Concursos traz not\u00edcias sobre concursos e artigos de professores oferecendo cursos para concursos (pdf + videaulas) no site.","publisher":{"@id":"https:\/\/www.estrategiaconcursos.com.br\/blog\/#organization"},"potentialAction":[{"@type":"SearchAction","target":{"@type":"EntryPoint","urlTemplate":"https:\/\/www.estrategiaconcursos.com.br\/blog\/?s={search_term_string}"},"query-input":{"@type":"PropertyValueSpecification","valueRequired":true,"valueName":"search_term_string"}}],"inLanguage":"pt-BR"},{"@type":"Organization","@id":"https:\/\/www.estrategiaconcursos.com.br\/blog\/#organization","name":"Estrat\u00e9gia Concursos","url":"https:\/\/www.estrategiaconcursos.com.br\/blog\/","logo":{"@type":"ImageObject","inLanguage":"pt-BR","@id":"https:\/\/www.estrategiaconcursos.com.br\/blog\/#\/schema\/logo\/image\/","url":"https:\/\/dhg1h5j42swfq.cloudfront.net\/2025\/06\/03203428\/logo_concursos-1.jpg","contentUrl":"https:\/\/dhg1h5j42swfq.cloudfront.net\/2025\/06\/03203428\/logo_concursos-1.jpg","width":230,"height":60,"caption":"Estrat\u00e9gia Concursos"},"image":{"@id":"https:\/\/www.estrategiaconcursos.com.br\/blog\/#\/schema\/logo\/image\/"},"sameAs":["https:\/\/x.com\/EstratConcursos"]},{"@type":"Person","@id":"https:\/\/www.estrategiaconcursos.com.br\/blog\/#\/schema\/person\/e3b6b7ce0192dd4ad270655969d61750","name":"F\u00e1bio Scaldelai","image":{"@type":"ImageObject","inLanguage":"pt-BR","@id":"https:\/\/secure.gravatar.com\/avatar\/8ed7492c4d88d8495bc0cb24cda6847b8ae23eec459a919e08e77d0ca0fd79ec?s=96&d=mm&r=g","url":"https:\/\/secure.gravatar.com\/avatar\/8ed7492c4d88d8495bc0cb24cda6847b8ae23eec459a919e08e77d0ca0fd79ec?s=96&d=mm&r=g","contentUrl":"https:\/\/secure.gravatar.com\/avatar\/8ed7492c4d88d8495bc0cb24cda6847b8ae23eec459a919e08e77d0ca0fd79ec?s=96&d=mm&r=g","caption":"F\u00e1bio Scaldelai"},"description":"Jornalista no Estrat\u00e9gia Concursos e Produtor de Televis\u00e3o, formado em Jornalismo, R\u00e1dio e TV pela Faculdade Integrada Rio Branco, com especializa\u00e7\u00f5es em Gest\u00e3o Empresarial e Marketing pelo M\u00f3dulo. Atuou como produtor no SBT, TV Bandeirantes e R\u00e1dio Band FM, al\u00e9m de acumular tr\u00eas anos de experi\u00eancia no setor de concursos p\u00fablicos pela LFG (Luiz Fl\u00e1vio Gomes). No Estrat\u00e9gia Concursos, atua na apura\u00e7\u00e3o de not\u00edcias da \u00e1rea fiscal, al\u00e9m de coberturas sobre concursos das \u00e1reas de controle (TCU, TCE, etc), concurso AFT, \u00e1rea de gest\u00e3o e administrativa, bem como dos \u00f3rg\u00e3os participantes do CNU. Tamb\u00e9m possui experi\u00eancia em link building e an\u00e1lise de m\u00eddia, adquirida durante sua atua\u00e7\u00e3o na ag\u00eancia SEO Marketing.","url":"https:\/\/www.estrategiaconcursos.com.br\/blog\/author\/fabio-scaldelaiestrategiaconcursos-com-br\/"}]}},"_links":{"self":[{"href":"https:\/\/www.estrategiaconcursos.com.br\/blog\/wp-json\/wp\/v2\/posts\/965034","targetHints":{"allow":["GET"]}}],"collection":[{"href":"https:\/\/www.estrategiaconcursos.com.br\/blog\/wp-json\/wp\/v2\/posts"}],"about":[{"href":"https:\/\/www.estrategiaconcursos.com.br\/blog\/wp-json\/wp\/v2\/types\/post"}],"author":[{"embeddable":true,"href":"https:\/\/www.estrategiaconcursos.com.br\/blog\/wp-json\/wp\/v2\/users\/656"}],"replies":[{"embeddable":true,"href":"https:\/\/www.estrategiaconcursos.com.br\/blog\/wp-json\/wp\/v2\/comments?post=965034"}],"version-history":[{"count":30,"href":"https:\/\/www.estrategiaconcursos.com.br\/blog\/wp-json\/wp\/v2\/posts\/965034\/revisions"}],"predecessor-version":[{"id":984330,"href":"https:\/\/www.estrategiaconcursos.com.br\/blog\/wp-json\/wp\/v2\/posts\/965034\/revisions\/984330"}],"wp:featuredmedia":[{"embeddable":true,"href":"https:\/\/www.estrategiaconcursos.com.br\/blog\/wp-json\/wp\/v2\/media\/655573"}],"wp:attachment":[{"href":"https:\/\/www.estrategiaconcursos.com.br\/blog\/wp-json\/wp\/v2\/media?parent=965034"}],"wp:term":[{"taxonomy":"category","embeddable":true,"href":"https:\/\/www.estrategiaconcursos.com.br\/blog\/wp-json\/wp\/v2\/categories?post=965034"},{"taxonomy":"post_tag","embeddable":true,"href":"https:\/\/www.estrategiaconcursos.com.br\/blog\/wp-json\/wp\/v2\/tags?post=965034"},{"taxonomy":"tax_estado","embeddable":true,"href":"https:\/\/www.estrategiaconcursos.com.br\/blog\/wp-json\/wp\/v2\/tax_estado?post=965034"}],"curies":[{"name":"wp","href":"https:\/\/api.w.org\/{rel}","templated":true}]}}