{"id":964591,"date":"2022-02-09T18:00:00","date_gmt":"2022-02-09T21:00:00","guid":{"rendered":"https:\/\/www.estrategiaconcursos.com.br\/blog\/?p=964591"},"modified":"2023-01-03T14:11:36","modified_gmt":"2023-01-03T17:11:36","slug":"reta-final-sefaz-am-pos-edital","status":"publish","type":"post","link":"https:\/\/www.estrategiaconcursos.com.br\/blog\/reta-final-sefaz-am-pos-edital\/","title":{"rendered":"Reta Final SEFAZ AM \u2013 P\u00f3s-Edital: a partir do dia 09\/02"},"content":{"rendered":"\n<p>Aten\u00e7\u00e3o, estrategistas!<\/p>\n\n\n\n<p>Saiu o edital do concurso <strong>SEFAZ AM<\/strong>, e o time de professores do Estrat\u00e9gia j\u00e1 se prontificou em trazer conte\u00fado fresquinho para garantir a sua aprova\u00e7\u00e3o!<\/p>\n\n\n\n<p>A partir do dia <strong>09\/02<\/strong>, n\u00f3s vamos realizar a <strong>Reta Final SEFAZ AM \u2013 P\u00f3s-Edital<\/strong>. Al\u00e9m das aulas de disciplinas comuns para todos os cargos, teremos aulas espec\u00edficas para Assistente, Auditor e T\u00e9cnico.<\/p>\n\n\n\n<p>Confira abaixo as disciplinas oferecidas e seus professores correspondentes:<\/p>\n\n\n\n<h2 class=\"wp-block-heading\" id=\"h-reta-final-sefaz-am-para-todos-os-cargos\"><strong>Reta Final SEFAZ AM: para todos os cargos<\/strong><\/h2>\n\n\n\n<figure class=\"wp-block-table aligncenter is-style-stripes\"><table class=\"has-fixed-layout\"><thead><tr><th class=\"has-text-align-center\" data-align=\"center\">Disciplina<\/th><th class=\"has-text-align-center\" data-align=\"center\">Professor<\/th><\/tr><\/thead><tbody><tr><td class=\"has-text-align-center\" data-align=\"center\">L\u00edngua Portuguesa<\/td><td class=\"has-text-align-center\" data-align=\"center\">Adriana Figueiredo<\/td><\/tr><tr><td class=\"has-text-align-center\" data-align=\"center\">Direito Constitucional<\/td><td class=\"has-text-align-center\" data-align=\"center\">Nelma Fontana<\/td><\/tr><tr><td class=\"has-text-align-center\" data-align=\"center\">Direito Administrativo<\/td><td class=\"has-text-align-center\" data-align=\"center\">Herbert Almeida<\/td><\/tr><\/tbody><\/table><\/figure>\n\n\n\n<h2 class=\"wp-block-heading\" id=\"h-reta-final-sefaz-am-assistente-administrativo-da-fazenda-estadual\"> <strong>Reta Final SEFAZ AM: Assistente Administrativo da Fazenda Estadual<\/strong><\/h2>\n\n\n\n<figure class=\"wp-block-table aligncenter is-style-stripes\"><table class=\"has-fixed-layout\"><thead><tr><th class=\"has-text-align-center\" data-align=\"center\">Disciplina<\/th><th class=\"has-text-align-center\" data-align=\"center\">Professor<\/th><\/tr><\/thead><tbody><tr><td class=\"has-text-align-center\" data-align=\"center\">No\u00e7\u00f5es de TI<\/td><td class=\"has-text-align-center\" data-align=\"center\">Renato da Costa<\/td><\/tr><tr><td class=\"has-text-align-center\" data-align=\"center\">Administra\u00e7\u00e3o Geral<\/td><td class=\"has-text-align-center\" data-align=\"center\">Elisabete Moreira<\/td><\/tr><tr><td class=\"has-text-align-center\" data-align=\"center\">Administra\u00e7\u00e3o Financeira e Or\u00e7ament\u00e1ria<\/td><td class=\"has-text-align-center\" data-align=\"center\">Luciana Marinho<\/td><\/tr><tr><td class=\"has-text-align-center\" data-align=\"center\">Racioc\u00ednio L\u00f3gico Matem\u00e1tico<\/td><td class=\"has-text-align-center\" data-align=\"center\">Brunno Lima<\/td><\/tr><tr><td class=\"has-text-align-center\" data-align=\"center\">Racioc\u00ednio L\u00f3gico Matem\u00e1tico<\/td><td class=\"has-text-align-center\" data-align=\"center\">F\u00e1bio Dutra<\/td><\/tr><\/tbody><\/table><\/figure>\n\n\n\n<h2 class=\"wp-block-heading\" id=\"h-reta-final-sefaz-am-auditor-fiscal-de-tributos-estaduais\"> <strong>Reta Final SEFAZ AM:<\/strong> <strong>Auditor Fiscal de Tributos Estaduais<\/strong><\/h2>\n\n\n\n<figure class=\"wp-block-table aligncenter is-style-stripes\"><table class=\"has-fixed-layout\"><thead><tr><th class=\"has-text-align-center\" data-align=\"center\">Disciplina<\/th><th class=\"has-text-align-center\" data-align=\"center\">Professor<\/th><\/tr><\/thead><tbody><tr><td class=\"has-text-align-center\" data-align=\"center\">Racioc\u00ednio L\u00f3gico Matem\u00e1tico<\/td><td class=\"has-text-align-center\" data-align=\"center\">Brunno Lima<\/td><\/tr><tr><td class=\"has-text-align-center\" data-align=\"center\">Direito Tribut\u00e1rio<\/td><td class=\"has-text-align-center\" data-align=\"center\">F\u00e1bio Dutra<\/td><\/tr><tr><td class=\"has-text-align-center\" data-align=\"center\">Matem\u00e1tica Financeira\/Estat\u00edstica<\/td><td class=\"has-text-align-center\" data-align=\"center\">Jhoni Zini<\/td><\/tr><tr><td class=\"has-text-align-center\" data-align=\"center\">Direito Civil<\/td><td class=\"has-text-align-center\" data-align=\"center\">M\u00e1rio Godoy<\/td><\/tr><tr><td class=\"has-text-align-center\" data-align=\"center\">Direito Penal<\/td><td class=\"has-text-align-center\" data-align=\"center\">Priscila Silveira<\/td><\/tr><tr><td class=\"has-text-align-center\" data-align=\"center\">Direito Empresarial<\/td><td class=\"has-text-align-center\" data-align=\"center\">Cadu Carrilho<\/td><\/tr><tr><td class=\"has-text-align-center\" data-align=\"center\">An\u00e1lise de Dados<\/td><td class=\"has-text-align-center\" data-align=\"center\">Raphael Lacerda<\/td><\/tr><tr><td class=\"has-text-align-center\" data-align=\"center\">Auditoria Fiscal<\/td><td class=\"has-text-align-center\" data-align=\"center\">Guilherme Santanna<\/td><\/tr><\/tbody><\/table><\/figure>\n\n\n\n<h2 class=\"wp-block-heading\" id=\"h-reta-final-sefaz-am-auditor-de-financas-e-controle-do-tesouro-estadual\"> <strong>Reta Final SEFAZ AM:<\/strong> <strong>Auditor de Finan\u00e7as e Controle do Tesouro Estadual<\/strong><\/h2>\n\n\n\n<figure class=\"wp-block-table aligncenter is-style-stripes\"><table class=\"has-fixed-layout\"><thead><tr><th class=\"has-text-align-center\" data-align=\"center\">Disciplina<\/th><th class=\"has-text-align-center\" data-align=\"center\">Professor<\/th><\/tr><\/thead><tbody><tr><td class=\"has-text-align-center\" data-align=\"center\">Direito Tribut\u00e1rio<\/td><td class=\"has-text-align-center\" data-align=\"center\">F\u00e1bio Dutra<\/td><\/tr><tr><td class=\"has-text-align-center\" data-align=\"center\">Administra\u00e7\u00e3o P\u00fablica<\/td><td class=\"has-text-align-center\" data-align=\"center\">Elisabete Moreira<\/td><\/tr><tr><td class=\"has-text-align-center\" data-align=\"center\">Sistema Normativo Anticorrup\u00e7\u00e3o<\/td><td class=\"has-text-align-center\" data-align=\"center\">Marcos Gir\u00e3o<\/td><\/tr><tr><td class=\"has-text-align-center\" data-align=\"center\">An\u00e1lise das Demonstra\u00e7\u00f5es Cont\u00e1beis<\/td><td class=\"has-text-align-center\" data-align=\"center\">Marcondes Fortaleza<\/td><\/tr><tr><td class=\"has-text-align-center\" data-align=\"center\">An\u00e1lise de Dados<\/td><td class=\"has-text-align-center\" data-align=\"center\">Raphael Lacerda<\/td><\/tr><tr><td class=\"has-text-align-center\" data-align=\"center\">Finan\u00e7as P\u00fablicas<\/td><td class=\"has-text-align-center\" data-align=\"center\">Celso Natale<\/td><\/tr><tr><td class=\"has-text-align-center\" data-align=\"center\">Auditoria Governamental<\/td><td class=\"has-text-align-center\" data-align=\"center\">Guilherme Santanna<\/td><\/tr><tr><td class=\"has-text-align-center\" data-align=\"center\">Administra\u00e7\u00e3o Financeira e Or\u00e7ament\u00e1ria<\/td><td class=\"has-text-align-center\" data-align=\"center\">Luciana Marinho<\/td><\/tr><\/tbody><\/table><\/figure>\n\n\n\n<h2 class=\"wp-block-heading\"> <strong>Reta Final SEFAZ AM:<\/strong> <strong>T\u00e9cnico de Arrecada\u00e7\u00e3o de Tributos Estaduais<\/strong><\/h2>\n\n\n\n<figure class=\"wp-block-table aligncenter is-style-stripes\"><table class=\"has-fixed-layout\"><thead><tr><th class=\"has-text-align-center\" data-align=\"center\">Disciplina<\/th><th class=\"has-text-align-center\" data-align=\"center\">Professor<\/th><\/tr><\/thead><tbody><tr><td class=\"has-text-align-center\" data-align=\"center\">Direito Tribut\u00e1rio<\/td><td class=\"has-text-align-center\" data-align=\"center\">F\u00e1bio Dutra<\/td><\/tr><tr><td class=\"has-text-align-center\" data-align=\"center\">Racioc\u00ednio L\u00f3gico Matem\u00e1tico<\/td><td class=\"has-text-align-center\" data-align=\"center\">Brunno Lima<\/td><\/tr><tr><td class=\"has-text-align-center\" data-align=\"center\">Matem\u00e1tica Financeira\/Estat\u00edstica<\/td><td class=\"has-text-align-center\" data-align=\"center\">Jhoni Zini<\/td><\/tr><tr><td class=\"has-text-align-center\" data-align=\"center\">Direito Civil<\/td><td class=\"has-text-align-center\" data-align=\"center\">M\u00e1rio Godoy<\/td><\/tr><tr><td class=\"has-text-align-center\" data-align=\"center\">Direito Penal<\/td><td class=\"has-text-align-center\" data-align=\"center\">Priscila Silveira<\/td><\/tr><tr><td class=\"has-text-align-center\" data-align=\"center\">Direito Empresarial<\/td><td class=\"has-text-align-center\" data-align=\"center\">Cadu Carrilho<\/td><\/tr><tr><td class=\"has-text-align-center\" data-align=\"center\">Finan\u00e7as P\u00fablicas<\/td><td class=\"has-text-align-center\" data-align=\"center\">Celso Natale<\/td><\/tr><tr><td class=\"has-text-align-center\" data-align=\"center\">Auditoria Fiscal<\/td><td class=\"has-text-align-center\" data-align=\"center\">Guilherme Santanna<\/td><\/tr><tr><td class=\"has-text-align-center\" data-align=\"center\">An\u00e1lise de Dados<\/td><td class=\"has-text-align-center\" data-align=\"center\">Raphael Lacerda<\/td><\/tr><tr><td class=\"has-text-align-center\" data-align=\"center\">Economia<\/td><td class=\"has-text-align-center\" data-align=\"center\">Amanda Aires<\/td><\/tr><\/tbody><\/table><\/figure>\n\n\n\n<h2 class=\"wp-block-heading\">  <strong>Reta Final SEFAZ AM:<\/strong> <strong>T\u00e9cnico da Fazenda Estadual<\/strong><\/h2>\n\n\n\n<figure class=\"wp-block-table aligncenter is-style-stripes\"><table class=\"has-fixed-layout\"><thead><tr><th class=\"has-text-align-center\" data-align=\"center\">Disciplina<\/th><th class=\"has-text-align-center\" data-align=\"center\">Professor<\/th><\/tr><\/thead><tbody><tr><td class=\"has-text-align-center\" data-align=\"center\">Direito Tribut\u00e1rio<\/td><td class=\"has-text-align-center\" data-align=\"center\">F\u00e1bio Dutra<\/td><\/tr><tr><td class=\"has-text-align-center\" data-align=\"center\">Racioc\u00ednio L\u00f3gico Matem\u00e1tico<\/td><td class=\"has-text-align-center\" data-align=\"center\">Brunno Lima<\/td><\/tr><tr><td class=\"has-text-align-center\" data-align=\"center\">Administra\u00e7\u00e3o Financeira e Or\u00e7ament\u00e1ria<\/td><td class=\"has-text-align-center\" data-align=\"center\">Luciana Marinho<\/td><\/tr><tr><td class=\"has-text-align-center\" data-align=\"center\">Direito Civil<\/td><td class=\"has-text-align-center\" data-align=\"center\">M\u00e1rio Godoy<\/td><\/tr><tr><td class=\"has-text-align-center\" data-align=\"center\">Direito Penal<\/td><td class=\"has-text-align-center\" data-align=\"center\">Priscila Silveira<\/td><\/tr><tr><td class=\"has-text-align-center\" data-align=\"center\">Direito Empresarial<\/td><td class=\"has-text-align-center\" data-align=\"center\">Cadu Carrilho<\/td><\/tr><\/tbody><\/table><\/figure>\n\n\n\n<p>Nossa primeira aula acontece <strong>hoje (09), \u00e0s 19h<\/strong>! A transmiss\u00e3o AO VIVO ser\u00e1 realizada no canal do Estrat\u00e9gia. Vale lembrar que as aulas s\u00e3o <strong>gratuitas<\/strong> e abertas ao p\u00fablico!<\/p>\n\n\n\n<p>Te esperamos l\u00e1!<\/p>\n\n\n\n<p class=\"has-text-align-center\"><em>Para mais detalhes do concurso Sefaz AM, acesse o link abaixo. Preparamos um artigo completo, separado por t\u00f3picos, para facilitar a sua compreens\u00e3o:<\/em><\/p>\n\n\n\n<p class=\"has-text-align-center has-background has-medium-font-size\" style=\"background-color:#d4d6d8\"><strong>Saiba mais: <a href=\"https:\/\/www.estrategiaconcursos.com.br\/blog\/concurso-sefaz-am\/\" target=\"_blank\" rel=\"noreferrer noopener\">concurso Sefaz AM<\/a><\/strong><\/p>\n\n\n\n<h2 class=\"has-text-align-center wp-block-heading\" id=\"cursos\">Quer estudar para o concurso Sefaz AM?<\/h2>\n\n\n\n<div class=\"container\" id=\"boxes\">\n  <div class=\"row\">\n\n    <div class=\"col-sm\">\n      <div class=\"banner-fiscal-01\" id=\"box-assinatura\">\n        <h3 class=\"titulo-assinatura\">Concurso Sefaz AM<\/h3>\n        <p class=\"subtitulo-assinatura\">Conhe\u00e7a os cursos<\/p>\n        <div class=\"box-botao\">\n          <a class=\"btn-assinatura\" target=\"_blank\" href=\"https:\/\/www.estrategiaconcursos.com.br\/cursosPorConcurso\/sefaz-am-247\/\" role=\"button\" rel=\"noopener noreferrer\">Conhe\u00e7a mais<\/a>\n        <\/div>\n      <\/div>\n    \n    <\/div>\n\n  <\/div>\n<\/div>\n\n\n\n<div class=\"container\" id=\"boxes\">\n  <div class=\"row\">\n\n    <div class=\"col-sm\">\n      <div class=\"estrategia\" id=\"box-assinatura\">\n        <h3 class=\"titulo-assinatura\">Assinatura Concursos<\/h3>\n        <p class=\"subtitulo-assinatura\">Assinatura de 1 ano ou 2 anos<\/p>\n        <div class=\"box-botao\">\n          <a class=\"btn-assinatura\" target=\"_blank\" href=\"https:\/\/www.estrategiaconcursos.com.br\/assinaturas\/\" role=\"button\" rel=\"noopener noreferrer\">ASSINE AGORA<\/a>\n        <\/div>\n      <\/div>\n     \n    <\/div><\/div><\/div>\n\n\n\n<h2 class=\"has-text-align-center wp-block-heading\" id=\"h-quer-saber-tudo-sobre-concursos-previstos-confira-nossos-artigos\">Quer saber tudo sobre concursos previstos?<br \/>Confira nossos artigos!<\/h2>\n\n\n\n<ul class=\"wp-block-list\"><li><a href=\"https:\/\/www.estrategiaconcursos.com.br\/blog\/concursos-abertos\/\" target=\"_blank\" rel=\"noreferrer noopener\">Concursos abertos<\/a><\/li><li><a href=\"https:\/\/www.estrategiaconcursos.com.br\/blog\/concursos-2022\/\" target=\"_blank\" rel=\"noreferrer noopener\">Concursos 2022<\/a><\/li><\/ul>\n","protected":false},"excerpt":{"rendered":"<p>Aten\u00e7\u00e3o, estrategistas! Saiu o edital do concurso SEFAZ AM, e o time de professores do Estrat\u00e9gia j\u00e1 se prontificou em trazer conte\u00fado fresquinho para garantir a sua aprova\u00e7\u00e3o! A partir do dia 09\/02, n\u00f3s vamos realizar a Reta Final SEFAZ AM \u2013 P\u00f3s-Edital. Al\u00e9m das aulas de disciplinas comuns para todos os cargos, teremos aulas [&hellip;]<\/p>\n","protected":false},"author":741,"featured_media":729964,"comment_status":"open","ping_status":"closed","sticky":false,"template":"","format":"standard","meta":{"post_tipo":"news","footnotes":""},"categories":[1983,220219],"tags":[],"tax_estado":[219966],"class_list":["post-964591","post","type-post","status-publish","format-standard","has-post-thumbnail","hentry","category-fiscal-estadual","category-noticias","tax_estado-am"],"acf":[],"yoast_head":"<!-- This site is optimized with the Yoast SEO Premium plugin v27.2 (Yoast SEO v27.2) - https:\/\/yoast.com\/product\/yoast-seo-premium-wordpress\/ -->\n<title>Reta Final SEFAZ AM \u2013 P\u00f3s-Edital: a partir do dia 09\/02<\/title>\n<meta name=\"description\" content=\"Professores do Estrat\u00e9gia ministram a Reta Final SEFAZ AM \u2013 P\u00f3s-Edital. As aulas ter\u00e3o in\u00edcio dia 09\/02, a partir das 19h. Confira!\" \/>\n<meta name=\"robots\" content=\"index, follow, max-snippet:-1, max-image-preview:large, max-video-preview:-1\" \/>\n<link rel=\"canonical\" href=\"https:\/\/www.estrategiaconcursos.com.br\/blog\/reta-final-sefaz-am-pos-edital\/\" \/>\n<meta property=\"og:locale\" content=\"pt_BR\" \/>\n<meta property=\"og:type\" content=\"article\" \/>\n<meta property=\"og:title\" content=\"Reta Final SEFAZ AM \u2013 P\u00f3s-Edital: a partir do dia 09\/02\" \/>\n<meta property=\"og:description\" content=\"Professores do Estrat\u00e9gia ministram a Reta Final SEFAZ AM \u2013 P\u00f3s-Edital. As aulas ter\u00e3o in\u00edcio dia 09\/02, a partir das 19h. Confira!\" \/>\n<meta property=\"og:url\" content=\"https:\/\/www.estrategiaconcursos.com.br\/blog\/reta-final-sefaz-am-pos-edital\/\" \/>\n<meta property=\"og:site_name\" content=\"Estrat\u00e9gia Concursos\" \/>\n<meta property=\"article:published_time\" content=\"2022-02-09T21:00:00+00:00\" \/>\n<meta property=\"article:modified_time\" content=\"2023-01-03T17:11:36+00:00\" \/>\n<meta property=\"og:image\" content=\"https:\/\/dhg1h5j42swfq.cloudfront.net\/2021\/04\/03153919\/sefaz-am.jpg\" \/>\n\t<meta property=\"og:image:width\" content=\"768\" \/>\n\t<meta property=\"og:image:height\" content=\"432\" \/>\n\t<meta property=\"og:image:type\" content=\"image\/jpeg\" \/>\n<meta name=\"author\" content=\"Brunno Lima\" \/>\n<meta name=\"twitter:card\" content=\"summary_large_image\" \/>\n<meta name=\"twitter:creator\" content=\"@EstratConcursos\" \/>\n<meta name=\"twitter:site\" content=\"@EstratConcursos\" \/>\n<meta name=\"twitter:label1\" content=\"Escrito por\" \/>\n\t<meta name=\"twitter:data1\" content=\"Brunno Lima\" \/>\n\t<meta name=\"twitter:label2\" content=\"Est. tempo de leitura\" \/>\n\t<meta name=\"twitter:data2\" content=\"3 minutos\" \/>\n<script type=\"application\/ld+json\" class=\"yoast-schema-graph\">{\"@context\":\"https:\/\/schema.org\",\"@graph\":[{\"@type\":\"NewsArticle\",\"@id\":\"https:\/\/www.estrategiaconcursos.com.br\/blog\/reta-final-sefaz-am-pos-edital\/#article\",\"isPartOf\":{\"@id\":\"https:\/\/www.estrategiaconcursos.com.br\/blog\/reta-final-sefaz-am-pos-edital\/\"},\"author\":{\"name\":\"Brunno Lima\",\"@id\":\"https:\/\/www.estrategiaconcursos.com.br\/blog\/#\/schema\/person\/2865ec132c3404c9912015dd7a24eb1e\"},\"headline\":\"Reta Final SEFAZ AM \u2013 P\u00f3s-Edital: a partir do dia 09\/02\",\"datePublished\":\"2022-02-09T21:00:00+00:00\",\"dateModified\":\"2023-01-03T17:11:36+00:00\",\"mainEntityOfPage\":{\"@id\":\"https:\/\/www.estrategiaconcursos.com.br\/blog\/reta-final-sefaz-am-pos-edital\/\"},\"wordCount\":499,\"commentCount\":0,\"publisher\":{\"@id\":\"https:\/\/www.estrategiaconcursos.com.br\/blog\/#organization\"},\"image\":{\"@id\":\"https:\/\/www.estrategiaconcursos.com.br\/blog\/reta-final-sefaz-am-pos-edital\/#primaryimage\"},\"thumbnailUrl\":\"https:\/\/dhg1h5j42swfq.cloudfront.net\/2021\/04\/03153919\/sefaz-am.jpg\",\"articleSection\":[\"Fiscal - Estadual (ICMS)\",\"\u00daltimas not\u00edcias\"],\"inLanguage\":\"pt-BR\",\"potentialAction\":[{\"@type\":\"CommentAction\",\"name\":\"Comment\",\"target\":[\"https:\/\/www.estrategiaconcursos.com.br\/blog\/reta-final-sefaz-am-pos-edital\/#respond\"]}],\"copyrightYear\":\"2022\",\"copyrightHolder\":{\"@id\":\"https:\/\/www.estrategiaconcursos.com.br\/blog\/#organization\"}},{\"@type\":\"WebPage\",\"@id\":\"https:\/\/www.estrategiaconcursos.com.br\/blog\/reta-final-sefaz-am-pos-edital\/\",\"url\":\"https:\/\/www.estrategiaconcursos.com.br\/blog\/reta-final-sefaz-am-pos-edital\/\",\"name\":\"Reta Final SEFAZ AM \u2013 P\u00f3s-Edital: a partir do dia 09\/02\",\"isPartOf\":{\"@id\":\"https:\/\/www.estrategiaconcursos.com.br\/blog\/#website\"},\"primaryImageOfPage\":{\"@id\":\"https:\/\/www.estrategiaconcursos.com.br\/blog\/reta-final-sefaz-am-pos-edital\/#primaryimage\"},\"image\":{\"@id\":\"https:\/\/www.estrategiaconcursos.com.br\/blog\/reta-final-sefaz-am-pos-edital\/#primaryimage\"},\"thumbnailUrl\":\"https:\/\/dhg1h5j42swfq.cloudfront.net\/2021\/04\/03153919\/sefaz-am.jpg\",\"datePublished\":\"2022-02-09T21:00:00+00:00\",\"dateModified\":\"2023-01-03T17:11:36+00:00\",\"description\":\"Professores do Estrat\u00e9gia ministram a Reta Final SEFAZ AM \u2013 P\u00f3s-Edital. As aulas ter\u00e3o in\u00edcio dia 09\/02, a partir das 19h. Confira!\",\"breadcrumb\":{\"@id\":\"https:\/\/www.estrategiaconcursos.com.br\/blog\/reta-final-sefaz-am-pos-edital\/#breadcrumb\"},\"inLanguage\":\"pt-BR\",\"potentialAction\":[{\"@type\":\"ReadAction\",\"target\":[\"https:\/\/www.estrategiaconcursos.com.br\/blog\/reta-final-sefaz-am-pos-edital\/\"]}]},{\"@type\":\"ImageObject\",\"inLanguage\":\"pt-BR\",\"@id\":\"https:\/\/www.estrategiaconcursos.com.br\/blog\/reta-final-sefaz-am-pos-edital\/#primaryimage\",\"url\":\"https:\/\/dhg1h5j42swfq.cloudfront.net\/2021\/04\/03153919\/sefaz-am.jpg\",\"contentUrl\":\"https:\/\/dhg1h5j42swfq.cloudfront.net\/2021\/04\/03153919\/sefaz-am.jpg\",\"width\":768,\"height\":432,\"caption\":\"Inscritos Sefaz AM\"},{\"@type\":\"BreadcrumbList\",\"@id\":\"https:\/\/www.estrategiaconcursos.com.br\/blog\/reta-final-sefaz-am-pos-edital\/#breadcrumb\",\"itemListElement\":[{\"@type\":\"ListItem\",\"position\":1,\"name\":\"In\u00edcio\",\"item\":\"https:\/\/www.estrategiaconcursos.com.br\/blog\/\"},{\"@type\":\"ListItem\",\"position\":2,\"name\":\"Reta Final SEFAZ AM \u2013 P\u00f3s-Edital: a partir do dia 09\/02\"}]},{\"@type\":\"WebSite\",\"@id\":\"https:\/\/www.estrategiaconcursos.com.br\/blog\/#website\",\"url\":\"https:\/\/www.estrategiaconcursos.com.br\/blog\/\",\"name\":\"Estrat\u00e9gia Concursos\",\"description\":\"O blog da Estrat\u00e9gia Concursos traz not\u00edcias sobre concursos e artigos de professores oferecendo cursos para concursos (pdf + videaulas) no site.\",\"publisher\":{\"@id\":\"https:\/\/www.estrategiaconcursos.com.br\/blog\/#organization\"},\"potentialAction\":[{\"@type\":\"SearchAction\",\"target\":{\"@type\":\"EntryPoint\",\"urlTemplate\":\"https:\/\/www.estrategiaconcursos.com.br\/blog\/?s={search_term_string}\"},\"query-input\":{\"@type\":\"PropertyValueSpecification\",\"valueRequired\":true,\"valueName\":\"search_term_string\"}}],\"inLanguage\":\"pt-BR\"},{\"@type\":\"Organization\",\"@id\":\"https:\/\/www.estrategiaconcursos.com.br\/blog\/#organization\",\"name\":\"Estrat\u00e9gia Concursos\",\"url\":\"https:\/\/www.estrategiaconcursos.com.br\/blog\/\",\"logo\":{\"@type\":\"ImageObject\",\"inLanguage\":\"pt-BR\",\"@id\":\"https:\/\/www.estrategiaconcursos.com.br\/blog\/#\/schema\/logo\/image\/\",\"url\":\"https:\/\/dhg1h5j42swfq.cloudfront.net\/2025\/06\/03203428\/logo_concursos-1.jpg\",\"contentUrl\":\"https:\/\/dhg1h5j42swfq.cloudfront.net\/2025\/06\/03203428\/logo_concursos-1.jpg\",\"width\":230,\"height\":60,\"caption\":\"Estrat\u00e9gia Concursos\"},\"image\":{\"@id\":\"https:\/\/www.estrategiaconcursos.com.br\/blog\/#\/schema\/logo\/image\/\"},\"sameAs\":[\"https:\/\/x.com\/EstratConcursos\"]},{\"@type\":\"Person\",\"@id\":\"https:\/\/www.estrategiaconcursos.com.br\/blog\/#\/schema\/person\/2865ec132c3404c9912015dd7a24eb1e\",\"name\":\"Brunno Lima\",\"image\":{\"@type\":\"ImageObject\",\"inLanguage\":\"pt-BR\",\"@id\":\"https:\/\/secure.gravatar.com\/avatar\/d40b472e5e2856222d4a4a1c3ee2189ed7d7a9f67dc3343b880cc1889a7bd6af?s=96&d=mm&r=g\",\"url\":\"https:\/\/secure.gravatar.com\/avatar\/d40b472e5e2856222d4a4a1c3ee2189ed7d7a9f67dc3343b880cc1889a7bd6af?s=96&d=mm&r=g\",\"contentUrl\":\"https:\/\/secure.gravatar.com\/avatar\/d40b472e5e2856222d4a4a1c3ee2189ed7d7a9f67dc3343b880cc1889a7bd6af?s=96&d=mm&r=g\",\"caption\":\"Brunno Lima\"},\"url\":\"https:\/\/www.estrategiaconcursos.com.br\/blog\/author\/brunnoestrategiaconcursos-com-br\/\"}]}<\/script>\n<!-- \/ Yoast SEO Premium plugin. -->","yoast_head_json":{"title":"Reta Final SEFAZ AM \u2013 P\u00f3s-Edital: a partir do dia 09\/02","description":"Professores do Estrat\u00e9gia ministram a Reta Final SEFAZ AM \u2013 P\u00f3s-Edital. As aulas ter\u00e3o in\u00edcio dia 09\/02, a partir das 19h. Confira!","robots":{"index":"index","follow":"follow","max-snippet":"max-snippet:-1","max-image-preview":"max-image-preview:large","max-video-preview":"max-video-preview:-1"},"canonical":"https:\/\/www.estrategiaconcursos.com.br\/blog\/reta-final-sefaz-am-pos-edital\/","og_locale":"pt_BR","og_type":"article","og_title":"Reta Final SEFAZ AM \u2013 P\u00f3s-Edital: a partir do dia 09\/02","og_description":"Professores do Estrat\u00e9gia ministram a Reta Final SEFAZ AM \u2013 P\u00f3s-Edital. As aulas ter\u00e3o in\u00edcio dia 09\/02, a partir das 19h. Confira!","og_url":"https:\/\/www.estrategiaconcursos.com.br\/blog\/reta-final-sefaz-am-pos-edital\/","og_site_name":"Estrat\u00e9gia Concursos","article_published_time":"2022-02-09T21:00:00+00:00","article_modified_time":"2023-01-03T17:11:36+00:00","og_image":[{"width":768,"height":432,"url":"https:\/\/dhg1h5j42swfq.cloudfront.net\/2021\/04\/03153919\/sefaz-am.jpg","type":"image\/jpeg"}],"author":"Brunno Lima","twitter_card":"summary_large_image","twitter_creator":"@EstratConcursos","twitter_site":"@EstratConcursos","twitter_misc":{"Escrito por":"Brunno Lima","Est. tempo de leitura":"3 minutos"},"schema":{"@context":"https:\/\/schema.org","@graph":[{"@type":"NewsArticle","@id":"https:\/\/www.estrategiaconcursos.com.br\/blog\/reta-final-sefaz-am-pos-edital\/#article","isPartOf":{"@id":"https:\/\/www.estrategiaconcursos.com.br\/blog\/reta-final-sefaz-am-pos-edital\/"},"author":{"name":"Brunno Lima","@id":"https:\/\/www.estrategiaconcursos.com.br\/blog\/#\/schema\/person\/2865ec132c3404c9912015dd7a24eb1e"},"headline":"Reta Final SEFAZ AM \u2013 P\u00f3s-Edital: a partir do dia 09\/02","datePublished":"2022-02-09T21:00:00+00:00","dateModified":"2023-01-03T17:11:36+00:00","mainEntityOfPage":{"@id":"https:\/\/www.estrategiaconcursos.com.br\/blog\/reta-final-sefaz-am-pos-edital\/"},"wordCount":499,"commentCount":0,"publisher":{"@id":"https:\/\/www.estrategiaconcursos.com.br\/blog\/#organization"},"image":{"@id":"https:\/\/www.estrategiaconcursos.com.br\/blog\/reta-final-sefaz-am-pos-edital\/#primaryimage"},"thumbnailUrl":"https:\/\/dhg1h5j42swfq.cloudfront.net\/2021\/04\/03153919\/sefaz-am.jpg","articleSection":["Fiscal - Estadual (ICMS)","\u00daltimas not\u00edcias"],"inLanguage":"pt-BR","potentialAction":[{"@type":"CommentAction","name":"Comment","target":["https:\/\/www.estrategiaconcursos.com.br\/blog\/reta-final-sefaz-am-pos-edital\/#respond"]}],"copyrightYear":"2022","copyrightHolder":{"@id":"https:\/\/www.estrategiaconcursos.com.br\/blog\/#organization"}},{"@type":"WebPage","@id":"https:\/\/www.estrategiaconcursos.com.br\/blog\/reta-final-sefaz-am-pos-edital\/","url":"https:\/\/www.estrategiaconcursos.com.br\/blog\/reta-final-sefaz-am-pos-edital\/","name":"Reta Final SEFAZ AM \u2013 P\u00f3s-Edital: a partir do dia 09\/02","isPartOf":{"@id":"https:\/\/www.estrategiaconcursos.com.br\/blog\/#website"},"primaryImageOfPage":{"@id":"https:\/\/www.estrategiaconcursos.com.br\/blog\/reta-final-sefaz-am-pos-edital\/#primaryimage"},"image":{"@id":"https:\/\/www.estrategiaconcursos.com.br\/blog\/reta-final-sefaz-am-pos-edital\/#primaryimage"},"thumbnailUrl":"https:\/\/dhg1h5j42swfq.cloudfront.net\/2021\/04\/03153919\/sefaz-am.jpg","datePublished":"2022-02-09T21:00:00+00:00","dateModified":"2023-01-03T17:11:36+00:00","description":"Professores do Estrat\u00e9gia ministram a Reta Final SEFAZ AM \u2013 P\u00f3s-Edital. As aulas ter\u00e3o in\u00edcio dia 09\/02, a partir das 19h. Confira!","breadcrumb":{"@id":"https:\/\/www.estrategiaconcursos.com.br\/blog\/reta-final-sefaz-am-pos-edital\/#breadcrumb"},"inLanguage":"pt-BR","potentialAction":[{"@type":"ReadAction","target":["https:\/\/www.estrategiaconcursos.com.br\/blog\/reta-final-sefaz-am-pos-edital\/"]}]},{"@type":"ImageObject","inLanguage":"pt-BR","@id":"https:\/\/www.estrategiaconcursos.com.br\/blog\/reta-final-sefaz-am-pos-edital\/#primaryimage","url":"https:\/\/dhg1h5j42swfq.cloudfront.net\/2021\/04\/03153919\/sefaz-am.jpg","contentUrl":"https:\/\/dhg1h5j42swfq.cloudfront.net\/2021\/04\/03153919\/sefaz-am.jpg","width":768,"height":432,"caption":"Inscritos Sefaz AM"},{"@type":"BreadcrumbList","@id":"https:\/\/www.estrategiaconcursos.com.br\/blog\/reta-final-sefaz-am-pos-edital\/#breadcrumb","itemListElement":[{"@type":"ListItem","position":1,"name":"In\u00edcio","item":"https:\/\/www.estrategiaconcursos.com.br\/blog\/"},{"@type":"ListItem","position":2,"name":"Reta Final SEFAZ AM \u2013 P\u00f3s-Edital: a partir do dia 09\/02"}]},{"@type":"WebSite","@id":"https:\/\/www.estrategiaconcursos.com.br\/blog\/#website","url":"https:\/\/www.estrategiaconcursos.com.br\/blog\/","name":"Estrat\u00e9gia Concursos","description":"O blog da Estrat\u00e9gia Concursos traz not\u00edcias sobre concursos e artigos de professores oferecendo cursos para concursos (pdf + videaulas) no site.","publisher":{"@id":"https:\/\/www.estrategiaconcursos.com.br\/blog\/#organization"},"potentialAction":[{"@type":"SearchAction","target":{"@type":"EntryPoint","urlTemplate":"https:\/\/www.estrategiaconcursos.com.br\/blog\/?s={search_term_string}"},"query-input":{"@type":"PropertyValueSpecification","valueRequired":true,"valueName":"search_term_string"}}],"inLanguage":"pt-BR"},{"@type":"Organization","@id":"https:\/\/www.estrategiaconcursos.com.br\/blog\/#organization","name":"Estrat\u00e9gia Concursos","url":"https:\/\/www.estrategiaconcursos.com.br\/blog\/","logo":{"@type":"ImageObject","inLanguage":"pt-BR","@id":"https:\/\/www.estrategiaconcursos.com.br\/blog\/#\/schema\/logo\/image\/","url":"https:\/\/dhg1h5j42swfq.cloudfront.net\/2025\/06\/03203428\/logo_concursos-1.jpg","contentUrl":"https:\/\/dhg1h5j42swfq.cloudfront.net\/2025\/06\/03203428\/logo_concursos-1.jpg","width":230,"height":60,"caption":"Estrat\u00e9gia Concursos"},"image":{"@id":"https:\/\/www.estrategiaconcursos.com.br\/blog\/#\/schema\/logo\/image\/"},"sameAs":["https:\/\/x.com\/EstratConcursos"]},{"@type":"Person","@id":"https:\/\/www.estrategiaconcursos.com.br\/blog\/#\/schema\/person\/2865ec132c3404c9912015dd7a24eb1e","name":"Brunno Lima","image":{"@type":"ImageObject","inLanguage":"pt-BR","@id":"https:\/\/secure.gravatar.com\/avatar\/d40b472e5e2856222d4a4a1c3ee2189ed7d7a9f67dc3343b880cc1889a7bd6af?s=96&d=mm&r=g","url":"https:\/\/secure.gravatar.com\/avatar\/d40b472e5e2856222d4a4a1c3ee2189ed7d7a9f67dc3343b880cc1889a7bd6af?s=96&d=mm&r=g","contentUrl":"https:\/\/secure.gravatar.com\/avatar\/d40b472e5e2856222d4a4a1c3ee2189ed7d7a9f67dc3343b880cc1889a7bd6af?s=96&d=mm&r=g","caption":"Brunno Lima"},"url":"https:\/\/www.estrategiaconcursos.com.br\/blog\/author\/brunnoestrategiaconcursos-com-br\/"}]}},"_links":{"self":[{"href":"https:\/\/www.estrategiaconcursos.com.br\/blog\/wp-json\/wp\/v2\/posts\/964591","targetHints":{"allow":["GET"]}}],"collection":[{"href":"https:\/\/www.estrategiaconcursos.com.br\/blog\/wp-json\/wp\/v2\/posts"}],"about":[{"href":"https:\/\/www.estrategiaconcursos.com.br\/blog\/wp-json\/wp\/v2\/types\/post"}],"author":[{"embeddable":true,"href":"https:\/\/www.estrategiaconcursos.com.br\/blog\/wp-json\/wp\/v2\/users\/741"}],"replies":[{"embeddable":true,"href":"https:\/\/www.estrategiaconcursos.com.br\/blog\/wp-json\/wp\/v2\/comments?post=964591"}],"version-history":[{"count":6,"href":"https:\/\/www.estrategiaconcursos.com.br\/blog\/wp-json\/wp\/v2\/posts\/964591\/revisions"}],"predecessor-version":[{"id":1146613,"href":"https:\/\/www.estrategiaconcursos.com.br\/blog\/wp-json\/wp\/v2\/posts\/964591\/revisions\/1146613"}],"wp:featuredmedia":[{"embeddable":true,"href":"https:\/\/www.estrategiaconcursos.com.br\/blog\/wp-json\/wp\/v2\/media\/729964"}],"wp:attachment":[{"href":"https:\/\/www.estrategiaconcursos.com.br\/blog\/wp-json\/wp\/v2\/media?parent=964591"}],"wp:term":[{"taxonomy":"category","embeddable":true,"href":"https:\/\/www.estrategiaconcursos.com.br\/blog\/wp-json\/wp\/v2\/categories?post=964591"},{"taxonomy":"post_tag","embeddable":true,"href":"https:\/\/www.estrategiaconcursos.com.br\/blog\/wp-json\/wp\/v2\/tags?post=964591"},{"taxonomy":"tax_estado","embeddable":true,"href":"https:\/\/www.estrategiaconcursos.com.br\/blog\/wp-json\/wp\/v2\/tax_estado?post=964591"}],"curies":[{"name":"wp","href":"https:\/\/api.w.org\/{rel}","templated":true}]}}