{"id":964563,"date":"2022-02-08T16:44:50","date_gmt":"2022-02-08T19:44:50","guid":{"rendered":"https:\/\/www.estrategiaconcursos.com.br\/blog\/?p=964563"},"modified":"2022-02-08T16:44:52","modified_gmt":"2022-02-08T19:44:52","slug":"concurso-icmbio-analista-recursos","status":"publish","type":"post","link":"https:\/\/www.estrategiaconcursos.com.br\/blog\/concurso-icmbio-analista-recursos\/","title":{"rendered":"Concurso ICMBio Analista: veja os recursos poss\u00edveis!"},"content":{"rendered":"\n<p>O concurso p\u00fablico do Instituto Chico Mendes de Conserva\u00e7\u00e3o da Biodiversidade (ICMBio) teve a prova para Analista Ambiental aplicada no \u00faltimo domingo, 06 de fevereiro de 2022. <\/p>\n\n\n\n<p>Os candidatos que n\u00e3o concordarem com as respostas do gabarito preliminar poder\u00e3o ingressar com recursos at\u00e9 o dia 10 de fevereiro, no <a href=\"https:\/\/www.cebraspe.org.br\/\" target=\"_blank\" rel=\"noreferrer noopener\">site<\/a> do Cebraspe, na p\u00e1gina do ICMBio.<\/p>\n\n\n\n<p>Vale lembrar que s\u00e3o ofertadas <strong>61 vagas<\/strong> para o cargo, com sal\u00e1rio inicial de&nbsp;<strong>R$ 8.089,64<\/strong> e exig\u00eancia de n\u00edvel superior de escolaridade.<\/p>\n\n\n\n<p>E visando acompanhar voc\u00eas em todo o processo rumo \u00e0 aprova\u00e7\u00e3o, al\u00e9m do <a href=\"https:\/\/www.estrategiaconcursos.com.br\/blog\/gabarito-extraoficial-icmbio-analista\/\" target=\"_blank\" rel=\"noreferrer noopener\">gabarito extraoficial<\/a>, elaborado por nossos professores, faremos este artigo com os recursos poss\u00edveis apontados por eles. Confira a seguir!<\/p>\n\n\n\n<p><strong>QUEST\u00c3O N\u00ba 06<\/strong><br \/><strong>TEXTO DA QUEST\u00c3O<\/strong>:<\/p>\n\n\n\n<p>Mant\u00e9m a corre\u00e7\u00e3o gramatical e a coer\u00eancia do texto a seguinte reescrita para o trecho \u201cO estudo ajuda a mostrar que cada l\u00edngua (e cultura) ind\u00edgena tem percep\u00e7\u00f5es \u00fanicas\u201d (\u00faltimo par\u00e1grafo): O estudo ajuda a mostrar que cada l\u00edngua e cultura ind\u00edgenas t\u00eam percep\u00e7\u00f5es \u00fanicas.<\/p>\n\n\n\n<p><strong>GABARITO PRELIMINAR<\/strong>: CERTO<br \/><strong>GABARITO PRETENDIDO<\/strong>: ERRADO<\/p>\n\n\n\n<p><strong>FUNDAMENTA\u00c7\u00c3O<\/strong>:<br \/>A quest\u00e3o traz como correta a reescritura \u201cO estudo ajuda a mostrar que cada l\u00edngua e cultura ind\u00edgenas t\u00eam percep\u00e7\u00f5es \u00fanicas.\u201d. Contudo, nota-se um equ\u00edvoco ao considerar CERTO o item, pelo que se exp\u00f5e a seguir.<\/p>\n\n\n\n<p>Tanto o original quanto a reescritura trazem o pronome \u201ccada\u201d e \u00e9 justamente em rela\u00e7\u00e3o a esse pronome que gira a controv\u00e9rsia que deve ser levantada na quest\u00e3o.<\/p>\n\n\n\n<p>Quanto \u00e0 concord\u00e2ncia verbal, traz-se \u00e0 baila os ensinamentos de CEGALLA e BECHARA.<\/p>\n\n\n\n<p>Nos ensinamentos de Domingos Paschoal Cegalla, o pronome indefinido \u201ccada\u201d pode n\u00e3o apenas referir-se \u00e0 unidade num grupo de seres, mas tamb\u00e9m &#8220;a um conjunto deles&#8221;. Assim, segundo o linguista, em tal caso, o verbo concorda no plural. Ex.: &#8220;<em>Cada tr\u00eas livros custavam 60 reais<\/em>&#8220;.<\/p>\n\n\n\n<p>J\u00e1 segundo BECHARA, o verbo fica no singular, quando os n\u00facleos do sujeito v\u00eam determinados pelo distributivo cada, at\u00e9 porque os substantivos assim designados normalmente indicam grada\u00e7\u00e3o. Ex.: &#8220;Cada era, cada gera\u00e7\u00e3o, cada povo exprime o sentimento&#8221; (Rui Barbosa)<\/p>\n\n\n\n<p>Ao retomar a reescritura, perceba que \u201ccada\u201d se refere tanto \u00e0 \u201cl\u00edngua\u201d quanto \u00e0 \u201ccultura\u201d, de forma que o trecho \u201ccada l\u00edngua e cultura\u201d n\u00e3o trazem a ideia de \u201cconjunto\u201d, como defende CEGALLA, mas de uma grada\u00e7\u00e3o, em converg\u00eancia aos ensinamentos de BECHARA.<\/p>\n\n\n\n<p>Dessa forma, a gram\u00e1tica normativa defende a concord\u00e2ncia verbal no singular na senten\u00e7a \u201cO estudo ajuda a mostrar que cada l\u00edngua e cultura ind\u00edgenas t\u00eam percep\u00e7\u00f5es \u00fanicas\u201d, de forma que a forma verbal \u201ct\u00eam\u201d (3\u00aa pessoa do plural) est\u00e1 erroneamente posta no per\u00edodo.<\/p>\n\n\n\n<p>Assim, n\u00e3o pairam d\u00favidas que, de acordo com a norma culta padr\u00e3o, a reescritura do trecho proposta na quest\u00e3o est\u00e1 errada e, por isso, n\u00e3o pode ser aceita na l\u00edngua portuguesa.<\/p>\n\n\n\n<p>Ante a fundamenta\u00e7\u00e3o supra, requer, humildemente, a ALTERA\u00c7\u00c3O do gabarito para ERRADO.<\/p>\n\n\n\n<p><strong>QUEST\u00c3O N\u00ba 47 <br \/>Gabarito oficial CERTO; proposta gabarito ERRADO<\/strong><\/p>\n\n\n\n<p>A premissa apresentada como \u201cm\u00e1xima produ\u00e7\u00e3o\u201d n\u00e3o se aplica \u00e0s premissas ecol\u00f3gicas de manejo sustent\u00e1vel. Constam como princ\u00edpios: manuten\u00e7\u00e3o da biodiversidade e dos processos ecol\u00f3gicos cr\u00edticos, manuten\u00e7\u00e3o de popula\u00e7\u00f5es minimamente vi\u00e1veis, simula\u00e7\u00e3o de dist\u00farbios, minimizar amea\u00e7as externas, maximizar benef\u00edcios externos e conservar os processos evolucion\u00e1rios. A \u201cm\u00e1xima produ\u00e7\u00e3o\u201d \u00e9 incompat\u00edvel com a pr\u00e1tica de manejo sustent\u00e1vel, na qual eventual explora\u00e7\u00e3o deve ocorrer garantindo a capacidade regenerativa do ambiente.<\/p>\n\n\n\n<p>Ademais a Lei de Gest\u00e3o de Florestas P\u00fablicas, ou LGFP (Lei Federal 11.284, de 02\/03\/2006), regulamentada pelo Decreto Federal 6.063\/07, gerou novas perspectivas para o avan\u00e7o do setor florestal brasileiro e para o aumento da \u00e1rea florestal manejada na Amaz\u00f4nia<\/p>\n\n\n\n<p>ao criar modalidades de gest\u00e3o das florestas p\u00fablicas para fins de produ\u00e7\u00e3o sustent\u00e1vel, pautada na conserva\u00e7\u00e3o dos recursos naturais e na gera\u00e7\u00e3o de benef\u00edcios socioambientais. Dentre tais modalidades, o modelo de concess\u00e3o florestal nasceu para permitir o uso racional das florestas p\u00fablicas brasileiras diante de um r\u00edgido controle e monitoramento do manejo florestal por parte do governo e da sociedade.<\/p>\n\n\n\n<p>N\u00e3o h\u00e1, portanto, a compatibilidade entre a m\u00e1xima produ\u00e7\u00e3o e o manejo sustent\u00e1vel.<\/p>\n\n\n\n<p>Soma-se ao exposto que a quest\u00e3o pode ainda tentar se relacionar \u00e0 m\u00e1xima produ\u00e7\u00e3o prim\u00e1ria do ecossistema. Se tal \u00e9 o fato, a forma como foi exposto gera confus\u00e3o por n\u00e3o utilizar a terminologia t\u00edpica e padr\u00e3o para se referir a esse atributo do ecossistema.<\/p>\n\n\n\n<p>Para mais informa\u00e7\u00f5es do concurso ICMBio, cujos recursos poss\u00edveis voc\u00ea v\u00ea neste artigo, confira o link abaixo!<\/p>\n\n\n\n<p class=\"has-text-align-center has-light-green-cyan-background-color has-background has-medium-font-size\"><strong>Saiba mais: <a href=\"https:\/\/www.estrategiaconcursos.com.br\/blog\/concurso-icmbio\" target=\"_blank\" rel=\"noreferrer noopener\">concurso ICMBio<\/a><\/strong><\/p>\n\n\n\n<h2 class=\"has-text-align-center wp-block-heading\" id=\"cursos-assinatura\">Gabarito ICMBio Analista! Confira nossos cursos!<\/h2>\n\n\n\n<div class=\"container\" id=\"boxes\">\n  <div class=\"row\">\n\n    <div class=\"col-sm\">\n      <div class=\"banner-estrategia\" id=\"box-assinatura\">\n        <h3 class=\"titulo-assinatura\">Cursos para ICMBio<\/h3>\n        <p class=\"subtitulo-assinatura\">Estude conosco<\/p>\n        <div class=\"box-botao\">\n          <a class=\"btn-assinatura\" target=\"_blank\" href=\"https:\/\/www.estrategiaconcursos.com.br\/cursosPorConcurso\/icmbio-241\/\" role=\"button\" rel=\"noopener noreferrer\">Conhe\u00e7a os cursos<\/a>\n        <\/div>\n      <\/div>\n     \n    <\/div>\n\n  <\/div>\n<\/div>\n\n\n\n<div class=\"container\" id=\"boxes\">\n  <div class=\"row\">\n\n    <div class=\"col-sm\">\n      <div class=\"estrategia\" id=\"box-assinatura\">\n        <h3 class=\"titulo-assinatura\">Assinaturas<\/h3>\n        <p class=\"subtitulo-assinatura\">Assinatura de 1 ano ou 2 anos<\/p>\n        <div class=\"box-botao\">\n          <a class=\"btn-assinatura\" target=\"_blank\" href=\"https:\/\/www.estrategiaconcursos.com.br\/assinaturas\/\" role=\"button\" rel=\"noopener noreferrer\">ASSINE AGORA<\/a>\n        <\/div>\n      <\/div>\n     \n    <\/div><\/div><\/div>\n\n\n\n<h2 class=\"has-text-align-center wp-block-heading\">Quer saber tudo sobre concursos previstos?<br \/>Confira nossos artigos!<\/h2>\n\n\n\n<ul class=\"wp-block-list\"><li><a target=\"_blank\" href=\"https:\/\/www.estrategiaconcursos.com.br\/blog\/concursos-abertos\/\" rel=\"noreferrer noopener\">Concursos abertos<\/a><\/li><li><a target=\"_blank\" href=\"https:\/\/www.estrategiaconcursos.com.br\/blog\/concursos-2022\/\" rel=\"noreferrer noopener\">Concursos 2022<\/a><\/li><\/ul>\n","protected":false},"excerpt":{"rendered":"<p>O concurso p\u00fablico do Instituto Chico Mendes de Conserva\u00e7\u00e3o da Biodiversidade (ICMBio) teve a prova para Analista Ambiental aplicada no \u00faltimo domingo, 06 de fevereiro de 2022. Os candidatos que n\u00e3o concordarem com as respostas do gabarito preliminar poder\u00e3o ingressar com recursos at\u00e9 o dia 10 de fevereiro, no site do Cebraspe, na p\u00e1gina do [&hellip;]<\/p>\n","protected":false},"author":1483,"featured_media":729748,"comment_status":"open","ping_status":"closed","sticky":false,"template":"","format":"standard","meta":{"post_tipo":"news","footnotes":""},"categories":[214992,220219],"tags":[],"tax_estado":[219963],"class_list":["post-964563","post","type-post","status-publish","format-standard","has-post-thumbnail","hentry","category-concursos-administrativos","category-noticias","tax_estado-concursos-federais"],"acf":[],"yoast_head":"<!-- This site is optimized with the Yoast SEO Premium plugin v27.2 (Yoast SEO v27.2) - https:\/\/yoast.com\/product\/yoast-seo-premium-wordpress\/ -->\n<title>Concurso ICMBio Analista: veja os recursos poss\u00edveis!<\/title>\n<meta name=\"description\" content=\"Confira as quest\u00f5es que s\u00e3o pass\u00edveis de recursos do concurso p\u00fablico do ICMBio. Os detalhes voc\u00ea confere no site do Estrat\u00e9gia!\" \/>\n<meta name=\"robots\" content=\"index, follow, max-snippet:-1, max-image-preview:large, max-video-preview:-1\" \/>\n<link rel=\"canonical\" href=\"https:\/\/www.estrategiaconcursos.com.br\/blog\/concurso-icmbio-analista-recursos\/\" \/>\n<meta property=\"og:locale\" content=\"pt_BR\" \/>\n<meta property=\"og:type\" content=\"article\" \/>\n<meta property=\"og:title\" content=\"Concurso ICMBio Analista: veja os recursos poss\u00edveis!\" \/>\n<meta property=\"og:description\" content=\"Confira as quest\u00f5es que s\u00e3o pass\u00edveis de recursos do concurso p\u00fablico do ICMBio. Os detalhes voc\u00ea confere no site do Estrat\u00e9gia!\" \/>\n<meta property=\"og:url\" content=\"https:\/\/www.estrategiaconcursos.com.br\/blog\/concurso-icmbio-analista-recursos\/\" \/>\n<meta property=\"og:site_name\" content=\"Estrat\u00e9gia Concursos\" \/>\n<meta property=\"article:published_time\" content=\"2022-02-08T19:44:50+00:00\" \/>\n<meta property=\"article:modified_time\" content=\"2022-02-08T19:44:52+00:00\" \/>\n<meta property=\"og:image\" content=\"https:\/\/dhg1h5j42swfq.cloudfront.net\/2020\/04\/03120643\/icmbio.jpg\" \/>\n\t<meta property=\"og:image:width\" content=\"768\" \/>\n\t<meta property=\"og:image:height\" content=\"432\" \/>\n\t<meta property=\"og:image:type\" content=\"image\/jpeg\" \/>\n<meta name=\"author\" content=\"Diogo Mendes\" \/>\n<meta name=\"twitter:card\" content=\"summary_large_image\" \/>\n<meta name=\"twitter:creator\" content=\"@EstratConcursos\" \/>\n<meta name=\"twitter:site\" content=\"@EstratConcursos\" \/>\n<meta name=\"twitter:label1\" content=\"Escrito por\" \/>\n\t<meta name=\"twitter:data1\" content=\"Diogo Mendes\" \/>\n\t<meta name=\"twitter:label2\" content=\"Est. tempo de leitura\" \/>\n\t<meta name=\"twitter:data2\" content=\"5 minutos\" \/>\n<script type=\"application\/ld+json\" class=\"yoast-schema-graph\">{\"@context\":\"https:\/\/schema.org\",\"@graph\":[{\"@type\":\"NewsArticle\",\"@id\":\"https:\/\/www.estrategiaconcursos.com.br\/blog\/concurso-icmbio-analista-recursos\/#article\",\"isPartOf\":{\"@id\":\"https:\/\/www.estrategiaconcursos.com.br\/blog\/concurso-icmbio-analista-recursos\/\"},\"author\":{\"name\":\"Diogo Mendes\",\"@id\":\"https:\/\/www.estrategiaconcursos.com.br\/blog\/#\/schema\/person\/cc9e76173880338ce9f656c88664a1f6\"},\"headline\":\"Concurso ICMBio Analista: veja os recursos poss\u00edveis!\",\"datePublished\":\"2022-02-08T19:44:50+00:00\",\"dateModified\":\"2022-02-08T19:44:52+00:00\",\"mainEntityOfPage\":{\"@id\":\"https:\/\/www.estrategiaconcursos.com.br\/blog\/concurso-icmbio-analista-recursos\/\"},\"wordCount\":856,\"commentCount\":0,\"publisher\":{\"@id\":\"https:\/\/www.estrategiaconcursos.com.br\/blog\/#organization\"},\"image\":{\"@id\":\"https:\/\/www.estrategiaconcursos.com.br\/blog\/concurso-icmbio-analista-recursos\/#primaryimage\"},\"thumbnailUrl\":\"https:\/\/dhg1h5j42swfq.cloudfront.net\/2020\/04\/03120643\/icmbio.jpg\",\"articleSection\":[\"Executivo (Administrativa)\",\"\u00daltimas not\u00edcias\"],\"inLanguage\":\"pt-BR\",\"potentialAction\":[{\"@type\":\"CommentAction\",\"name\":\"Comment\",\"target\":[\"https:\/\/www.estrategiaconcursos.com.br\/blog\/concurso-icmbio-analista-recursos\/#respond\"]}],\"copyrightYear\":\"2022\",\"copyrightHolder\":{\"@id\":\"https:\/\/www.estrategiaconcursos.com.br\/blog\/#organization\"}},{\"@type\":\"WebPage\",\"@id\":\"https:\/\/www.estrategiaconcursos.com.br\/blog\/concurso-icmbio-analista-recursos\/\",\"url\":\"https:\/\/www.estrategiaconcursos.com.br\/blog\/concurso-icmbio-analista-recursos\/\",\"name\":\"Concurso ICMBio Analista: veja os recursos poss\u00edveis!\",\"isPartOf\":{\"@id\":\"https:\/\/www.estrategiaconcursos.com.br\/blog\/#website\"},\"primaryImageOfPage\":{\"@id\":\"https:\/\/www.estrategiaconcursos.com.br\/blog\/concurso-icmbio-analista-recursos\/#primaryimage\"},\"image\":{\"@id\":\"https:\/\/www.estrategiaconcursos.com.br\/blog\/concurso-icmbio-analista-recursos\/#primaryimage\"},\"thumbnailUrl\":\"https:\/\/dhg1h5j42swfq.cloudfront.net\/2020\/04\/03120643\/icmbio.jpg\",\"datePublished\":\"2022-02-08T19:44:50+00:00\",\"dateModified\":\"2022-02-08T19:44:52+00:00\",\"description\":\"Confira as quest\u00f5es que s\u00e3o pass\u00edveis de recursos do concurso p\u00fablico do ICMBio. Os detalhes voc\u00ea confere no site do Estrat\u00e9gia!\",\"breadcrumb\":{\"@id\":\"https:\/\/www.estrategiaconcursos.com.br\/blog\/concurso-icmbio-analista-recursos\/#breadcrumb\"},\"inLanguage\":\"pt-BR\",\"potentialAction\":[{\"@type\":\"ReadAction\",\"target\":[\"https:\/\/www.estrategiaconcursos.com.br\/blog\/concurso-icmbio-analista-recursos\/\"]}]},{\"@type\":\"ImageObject\",\"inLanguage\":\"pt-BR\",\"@id\":\"https:\/\/www.estrategiaconcursos.com.br\/blog\/concurso-icmbio-analista-recursos\/#primaryimage\",\"url\":\"https:\/\/dhg1h5j42swfq.cloudfront.net\/2020\/04\/03120643\/icmbio.jpg\",\"contentUrl\":\"https:\/\/dhg1h5j42swfq.cloudfront.net\/2020\/04\/03120643\/icmbio.jpg\",\"width\":768,\"height\":432,\"caption\":\"Concurso ICMBio: taxa de inscri\u00e7\u00e3o vence HOJE (14)!\"},{\"@type\":\"BreadcrumbList\",\"@id\":\"https:\/\/www.estrategiaconcursos.com.br\/blog\/concurso-icmbio-analista-recursos\/#breadcrumb\",\"itemListElement\":[{\"@type\":\"ListItem\",\"position\":1,\"name\":\"In\u00edcio\",\"item\":\"https:\/\/www.estrategiaconcursos.com.br\/blog\/\"},{\"@type\":\"ListItem\",\"position\":2,\"name\":\"Concurso ICMBio Analista: veja os recursos poss\u00edveis!\"}]},{\"@type\":\"WebSite\",\"@id\":\"https:\/\/www.estrategiaconcursos.com.br\/blog\/#website\",\"url\":\"https:\/\/www.estrategiaconcursos.com.br\/blog\/\",\"name\":\"Estrat\u00e9gia Concursos\",\"description\":\"O blog da Estrat\u00e9gia Concursos traz not\u00edcias sobre concursos e artigos de professores oferecendo cursos para concursos (pdf + videaulas) no site.\",\"publisher\":{\"@id\":\"https:\/\/www.estrategiaconcursos.com.br\/blog\/#organization\"},\"potentialAction\":[{\"@type\":\"SearchAction\",\"target\":{\"@type\":\"EntryPoint\",\"urlTemplate\":\"https:\/\/www.estrategiaconcursos.com.br\/blog\/?s={search_term_string}\"},\"query-input\":{\"@type\":\"PropertyValueSpecification\",\"valueRequired\":true,\"valueName\":\"search_term_string\"}}],\"inLanguage\":\"pt-BR\"},{\"@type\":\"Organization\",\"@id\":\"https:\/\/www.estrategiaconcursos.com.br\/blog\/#organization\",\"name\":\"Estrat\u00e9gia Concursos\",\"url\":\"https:\/\/www.estrategiaconcursos.com.br\/blog\/\",\"logo\":{\"@type\":\"ImageObject\",\"inLanguage\":\"pt-BR\",\"@id\":\"https:\/\/www.estrategiaconcursos.com.br\/blog\/#\/schema\/logo\/image\/\",\"url\":\"https:\/\/dhg1h5j42swfq.cloudfront.net\/2025\/06\/03203428\/logo_concursos-1.jpg\",\"contentUrl\":\"https:\/\/dhg1h5j42swfq.cloudfront.net\/2025\/06\/03203428\/logo_concursos-1.jpg\",\"width\":230,\"height\":60,\"caption\":\"Estrat\u00e9gia Concursos\"},\"image\":{\"@id\":\"https:\/\/www.estrategiaconcursos.com.br\/blog\/#\/schema\/logo\/image\/\"},\"sameAs\":[\"https:\/\/x.com\/EstratConcursos\"]},{\"@type\":\"Person\",\"@id\":\"https:\/\/www.estrategiaconcursos.com.br\/blog\/#\/schema\/person\/cc9e76173880338ce9f656c88664a1f6\",\"name\":\"Diogo Mendes\",\"image\":{\"@type\":\"ImageObject\",\"inLanguage\":\"pt-BR\",\"@id\":\"https:\/\/secure.gravatar.com\/avatar\/9754d6777d460a45ef4067b586b94c32005cc2345a0404b8d96adc620cf63806?s=96&d=mm&r=g\",\"url\":\"https:\/\/secure.gravatar.com\/avatar\/9754d6777d460a45ef4067b586b94c32005cc2345a0404b8d96adc620cf63806?s=96&d=mm&r=g\",\"contentUrl\":\"https:\/\/secure.gravatar.com\/avatar\/9754d6777d460a45ef4067b586b94c32005cc2345a0404b8d96adc620cf63806?s=96&d=mm&r=g\",\"caption\":\"Diogo Mendes\"},\"description\":\"Diogo Mendes \u00e9 jornalista formado pela Universidade Paulista, com experi\u00eancia em reda\u00e7\u00f5es de diversos ve\u00edculos e na produ\u00e7\u00e3o de conte\u00fados especializados em concursos p\u00fablicos. Desde 2019, atua no Estrat\u00e9gia Concursos como Jornalista e Analista de Conte\u00fado, com foco na apura\u00e7\u00e3o de informa\u00e7\u00f5es junto a \u00f3rg\u00e3os e fontes oficiais. Dedica-se especialmente \u00e0 produ\u00e7\u00e3o de not\u00edcias e reportagens sobre Concursos Legislativos, al\u00e9m de acompanhar diariamente os concursos policiais, banc\u00e1rios e da \u00e1rea da sa\u00fade.\",\"url\":\"https:\/\/www.estrategiaconcursos.com.br\/blog\/author\/diogo-mendesestrategiaconcursos-com-br\/\"}]}<\/script>\n<!-- \/ Yoast SEO Premium plugin. -->","yoast_head_json":{"title":"Concurso ICMBio Analista: veja os recursos poss\u00edveis!","description":"Confira as quest\u00f5es que s\u00e3o pass\u00edveis de recursos do concurso p\u00fablico do ICMBio. Os detalhes voc\u00ea confere no site do Estrat\u00e9gia!","robots":{"index":"index","follow":"follow","max-snippet":"max-snippet:-1","max-image-preview":"max-image-preview:large","max-video-preview":"max-video-preview:-1"},"canonical":"https:\/\/www.estrategiaconcursos.com.br\/blog\/concurso-icmbio-analista-recursos\/","og_locale":"pt_BR","og_type":"article","og_title":"Concurso ICMBio Analista: veja os recursos poss\u00edveis!","og_description":"Confira as quest\u00f5es que s\u00e3o pass\u00edveis de recursos do concurso p\u00fablico do ICMBio. Os detalhes voc\u00ea confere no site do Estrat\u00e9gia!","og_url":"https:\/\/www.estrategiaconcursos.com.br\/blog\/concurso-icmbio-analista-recursos\/","og_site_name":"Estrat\u00e9gia Concursos","article_published_time":"2022-02-08T19:44:50+00:00","article_modified_time":"2022-02-08T19:44:52+00:00","og_image":[{"width":768,"height":432,"url":"https:\/\/dhg1h5j42swfq.cloudfront.net\/2020\/04\/03120643\/icmbio.jpg","type":"image\/jpeg"}],"author":"Diogo Mendes","twitter_card":"summary_large_image","twitter_creator":"@EstratConcursos","twitter_site":"@EstratConcursos","twitter_misc":{"Escrito por":"Diogo Mendes","Est. tempo de leitura":"5 minutos"},"schema":{"@context":"https:\/\/schema.org","@graph":[{"@type":"NewsArticle","@id":"https:\/\/www.estrategiaconcursos.com.br\/blog\/concurso-icmbio-analista-recursos\/#article","isPartOf":{"@id":"https:\/\/www.estrategiaconcursos.com.br\/blog\/concurso-icmbio-analista-recursos\/"},"author":{"name":"Diogo Mendes","@id":"https:\/\/www.estrategiaconcursos.com.br\/blog\/#\/schema\/person\/cc9e76173880338ce9f656c88664a1f6"},"headline":"Concurso ICMBio Analista: veja os recursos poss\u00edveis!","datePublished":"2022-02-08T19:44:50+00:00","dateModified":"2022-02-08T19:44:52+00:00","mainEntityOfPage":{"@id":"https:\/\/www.estrategiaconcursos.com.br\/blog\/concurso-icmbio-analista-recursos\/"},"wordCount":856,"commentCount":0,"publisher":{"@id":"https:\/\/www.estrategiaconcursos.com.br\/blog\/#organization"},"image":{"@id":"https:\/\/www.estrategiaconcursos.com.br\/blog\/concurso-icmbio-analista-recursos\/#primaryimage"},"thumbnailUrl":"https:\/\/dhg1h5j42swfq.cloudfront.net\/2020\/04\/03120643\/icmbio.jpg","articleSection":["Executivo (Administrativa)","\u00daltimas not\u00edcias"],"inLanguage":"pt-BR","potentialAction":[{"@type":"CommentAction","name":"Comment","target":["https:\/\/www.estrategiaconcursos.com.br\/blog\/concurso-icmbio-analista-recursos\/#respond"]}],"copyrightYear":"2022","copyrightHolder":{"@id":"https:\/\/www.estrategiaconcursos.com.br\/blog\/#organization"}},{"@type":"WebPage","@id":"https:\/\/www.estrategiaconcursos.com.br\/blog\/concurso-icmbio-analista-recursos\/","url":"https:\/\/www.estrategiaconcursos.com.br\/blog\/concurso-icmbio-analista-recursos\/","name":"Concurso ICMBio Analista: veja os recursos poss\u00edveis!","isPartOf":{"@id":"https:\/\/www.estrategiaconcursos.com.br\/blog\/#website"},"primaryImageOfPage":{"@id":"https:\/\/www.estrategiaconcursos.com.br\/blog\/concurso-icmbio-analista-recursos\/#primaryimage"},"image":{"@id":"https:\/\/www.estrategiaconcursos.com.br\/blog\/concurso-icmbio-analista-recursos\/#primaryimage"},"thumbnailUrl":"https:\/\/dhg1h5j42swfq.cloudfront.net\/2020\/04\/03120643\/icmbio.jpg","datePublished":"2022-02-08T19:44:50+00:00","dateModified":"2022-02-08T19:44:52+00:00","description":"Confira as quest\u00f5es que s\u00e3o pass\u00edveis de recursos do concurso p\u00fablico do ICMBio. Os detalhes voc\u00ea confere no site do Estrat\u00e9gia!","breadcrumb":{"@id":"https:\/\/www.estrategiaconcursos.com.br\/blog\/concurso-icmbio-analista-recursos\/#breadcrumb"},"inLanguage":"pt-BR","potentialAction":[{"@type":"ReadAction","target":["https:\/\/www.estrategiaconcursos.com.br\/blog\/concurso-icmbio-analista-recursos\/"]}]},{"@type":"ImageObject","inLanguage":"pt-BR","@id":"https:\/\/www.estrategiaconcursos.com.br\/blog\/concurso-icmbio-analista-recursos\/#primaryimage","url":"https:\/\/dhg1h5j42swfq.cloudfront.net\/2020\/04\/03120643\/icmbio.jpg","contentUrl":"https:\/\/dhg1h5j42swfq.cloudfront.net\/2020\/04\/03120643\/icmbio.jpg","width":768,"height":432,"caption":"Concurso ICMBio: taxa de inscri\u00e7\u00e3o vence HOJE (14)!"},{"@type":"BreadcrumbList","@id":"https:\/\/www.estrategiaconcursos.com.br\/blog\/concurso-icmbio-analista-recursos\/#breadcrumb","itemListElement":[{"@type":"ListItem","position":1,"name":"In\u00edcio","item":"https:\/\/www.estrategiaconcursos.com.br\/blog\/"},{"@type":"ListItem","position":2,"name":"Concurso ICMBio Analista: veja os recursos poss\u00edveis!"}]},{"@type":"WebSite","@id":"https:\/\/www.estrategiaconcursos.com.br\/blog\/#website","url":"https:\/\/www.estrategiaconcursos.com.br\/blog\/","name":"Estrat\u00e9gia Concursos","description":"O blog da Estrat\u00e9gia Concursos traz not\u00edcias sobre concursos e artigos de professores oferecendo cursos para concursos (pdf + videaulas) no site.","publisher":{"@id":"https:\/\/www.estrategiaconcursos.com.br\/blog\/#organization"},"potentialAction":[{"@type":"SearchAction","target":{"@type":"EntryPoint","urlTemplate":"https:\/\/www.estrategiaconcursos.com.br\/blog\/?s={search_term_string}"},"query-input":{"@type":"PropertyValueSpecification","valueRequired":true,"valueName":"search_term_string"}}],"inLanguage":"pt-BR"},{"@type":"Organization","@id":"https:\/\/www.estrategiaconcursos.com.br\/blog\/#organization","name":"Estrat\u00e9gia Concursos","url":"https:\/\/www.estrategiaconcursos.com.br\/blog\/","logo":{"@type":"ImageObject","inLanguage":"pt-BR","@id":"https:\/\/www.estrategiaconcursos.com.br\/blog\/#\/schema\/logo\/image\/","url":"https:\/\/dhg1h5j42swfq.cloudfront.net\/2025\/06\/03203428\/logo_concursos-1.jpg","contentUrl":"https:\/\/dhg1h5j42swfq.cloudfront.net\/2025\/06\/03203428\/logo_concursos-1.jpg","width":230,"height":60,"caption":"Estrat\u00e9gia Concursos"},"image":{"@id":"https:\/\/www.estrategiaconcursos.com.br\/blog\/#\/schema\/logo\/image\/"},"sameAs":["https:\/\/x.com\/EstratConcursos"]},{"@type":"Person","@id":"https:\/\/www.estrategiaconcursos.com.br\/blog\/#\/schema\/person\/cc9e76173880338ce9f656c88664a1f6","name":"Diogo Mendes","image":{"@type":"ImageObject","inLanguage":"pt-BR","@id":"https:\/\/secure.gravatar.com\/avatar\/9754d6777d460a45ef4067b586b94c32005cc2345a0404b8d96adc620cf63806?s=96&d=mm&r=g","url":"https:\/\/secure.gravatar.com\/avatar\/9754d6777d460a45ef4067b586b94c32005cc2345a0404b8d96adc620cf63806?s=96&d=mm&r=g","contentUrl":"https:\/\/secure.gravatar.com\/avatar\/9754d6777d460a45ef4067b586b94c32005cc2345a0404b8d96adc620cf63806?s=96&d=mm&r=g","caption":"Diogo Mendes"},"description":"Diogo Mendes \u00e9 jornalista formado pela Universidade Paulista, com experi\u00eancia em reda\u00e7\u00f5es de diversos ve\u00edculos e na produ\u00e7\u00e3o de conte\u00fados especializados em concursos p\u00fablicos. Desde 2019, atua no Estrat\u00e9gia Concursos como Jornalista e Analista de Conte\u00fado, com foco na apura\u00e7\u00e3o de informa\u00e7\u00f5es junto a \u00f3rg\u00e3os e fontes oficiais. Dedica-se especialmente \u00e0 produ\u00e7\u00e3o de not\u00edcias e reportagens sobre Concursos Legislativos, al\u00e9m de acompanhar diariamente os concursos policiais, banc\u00e1rios e da \u00e1rea da sa\u00fade.","url":"https:\/\/www.estrategiaconcursos.com.br\/blog\/author\/diogo-mendesestrategiaconcursos-com-br\/"}]}},"_links":{"self":[{"href":"https:\/\/www.estrategiaconcursos.com.br\/blog\/wp-json\/wp\/v2\/posts\/964563","targetHints":{"allow":["GET"]}}],"collection":[{"href":"https:\/\/www.estrategiaconcursos.com.br\/blog\/wp-json\/wp\/v2\/posts"}],"about":[{"href":"https:\/\/www.estrategiaconcursos.com.br\/blog\/wp-json\/wp\/v2\/types\/post"}],"author":[{"embeddable":true,"href":"https:\/\/www.estrategiaconcursos.com.br\/blog\/wp-json\/wp\/v2\/users\/1483"}],"replies":[{"embeddable":true,"href":"https:\/\/www.estrategiaconcursos.com.br\/blog\/wp-json\/wp\/v2\/comments?post=964563"}],"version-history":[{"count":6,"href":"https:\/\/www.estrategiaconcursos.com.br\/blog\/wp-json\/wp\/v2\/posts\/964563\/revisions"}],"predecessor-version":[{"id":964677,"href":"https:\/\/www.estrategiaconcursos.com.br\/blog\/wp-json\/wp\/v2\/posts\/964563\/revisions\/964677"}],"wp:featuredmedia":[{"embeddable":true,"href":"https:\/\/www.estrategiaconcursos.com.br\/blog\/wp-json\/wp\/v2\/media\/729748"}],"wp:attachment":[{"href":"https:\/\/www.estrategiaconcursos.com.br\/blog\/wp-json\/wp\/v2\/media?parent=964563"}],"wp:term":[{"taxonomy":"category","embeddable":true,"href":"https:\/\/www.estrategiaconcursos.com.br\/blog\/wp-json\/wp\/v2\/categories?post=964563"},{"taxonomy":"post_tag","embeddable":true,"href":"https:\/\/www.estrategiaconcursos.com.br\/blog\/wp-json\/wp\/v2\/tags?post=964563"},{"taxonomy":"tax_estado","embeddable":true,"href":"https:\/\/www.estrategiaconcursos.com.br\/blog\/wp-json\/wp\/v2\/tax_estado?post=964563"}],"curies":[{"name":"wp","href":"https:\/\/api.w.org\/{rel}","templated":true}]}}