{"id":964475,"date":"2022-02-08T15:39:57","date_gmt":"2022-02-08T18:39:57","guid":{"rendered":"https:\/\/www.estrategiaconcursos.com.br\/blog\/?p=964475"},"modified":"2022-02-08T16:23:47","modified_gmt":"2022-02-08T19:23:47","slug":"inss-greve-anunciada-nesta-terca-feira-08","status":"publish","type":"post","link":"https:\/\/www.estrategiaconcursos.com.br\/blog\/inss-greve-anunciada-nesta-terca-feira-08\/","title":{"rendered":"INSS: greve \u00e9 anunciada nesta ter\u00e7a-feira (08)"},"content":{"rendered":"\n<p>Os m\u00e9dicos peritos do <strong><a href=\"https:\/\/www.estrategiaconcursos.com.br\/blog\/concurso-inss\/\" target=\"_blank\" rel=\"noreferrer noopener\">INSS<\/a> <\/strong>anunciaram, nesta ter\u00e7a-feira (08), uma greve reivindicando<strong> recomposi\u00e7\u00e3o salarial e a realiza\u00e7\u00e3o de um novo concurso<\/strong>.<\/p>\n\n\n\n<p>Com a greve, os profissionais do Instituto Nacional do Seguro Social exigem a recomposi\u00e7\u00e3o de 19,99% na remunera\u00e7\u00e3o para recuperar perdas ocasionadas pela infla\u00e7\u00e3o dos anos de 2019 a 2022.<\/p>\n\n\n\n<p>Al\u00e9m disso, os peritos reivindicam a<strong> realiza\u00e7\u00e3o de um concurso p\u00fablico<\/strong> do INSS para suprir cerca de<strong> 3 mil vagas<\/strong>, com distribui\u00e7\u00e3o igualit\u00e1ria dos turnos entre os profissionais e direito a feriados e recessos sem atendimento.<\/p>\n\n\n\n<p>Essa \u00e9 a segunda greve anunciada pelo INSS em menos de 15 dias. <a href=\"https:\/\/www.estrategiaconcursos.com.br\/blog\/peritos-reivindicam-concurso-inss\/\" target=\"_blank\" rel=\"noreferrer noopener\">Na primeira ocasi\u00e3o<\/a>, 25 mil per\u00edcias foram afetadas segundo a Associa\u00e7\u00e3o Nacional de M\u00e9dicos Peritos (ANMP). Estima-se, agora, que o n\u00famero possa chegar a 50 mil.<\/p>\n\n\n\n<p>O \u00faltimo concurso INSS para Perito M\u00e9dico foi realizado em 2011, sob organiza\u00e7\u00e3o da Funda\u00e7\u00e3o Carlos Chagas. Na ocasi\u00e3o, foram ofertadas 375 vagas.<\/p>\n\n\n\n<p class=\"has-text-align-center\"><em>Quer ficar por dentro de todas as informa\u00e7\u00f5es sobre o concurso <a href=\"https:\/\/www.gov.br\/inss\/pt-br\" target=\"_blank\" rel=\"noreferrer noopener\">INSS<\/a>? Ent\u00e3o n\u00e3o deixe de conferir nosso artigo completo sobre a sele\u00e7\u00e3o:<\/em><\/p>\n\n\n\n<p class=\"has-text-align-center has-luminous-vivid-amber-background-color has-background has-medium-font-size\"><strong>Mais informa\u00e7\u00f5es: <a href=\"https:\/\/www.estrategiaconcursos.com.br\/blog\/concurso-inss\/\" target=\"_blank\" rel=\"noreferrer noopener\">Concurso INSS<\/a><\/strong><\/p>\n\n\n\n<hr class=\"wp-block-separator\"\/>\n\n\n\n<h2 class=\"has-text-align-center wp-block-heading\" id=\"curso\">Assinaturas e cursos para o Concurso INSS 2022<\/h2>\n\n\n\n<div class=\"container\" id=\"boxes\">\n  <div class=\"row\">\n\n    <div class=\"col-sm\">\n      <div class=\"banner-adm\" id=\"box-assinatura\">\n        <h3 class=\"titulo-assinatura\">Concurso INSS<\/h3>\n        <p class=\"subtitulo-assinatura\">Conhe\u00e7a os cursos<\/p>\n        <div class=\"box-botao\">\n          <a class=\"btn-assinatura\" target=\"_blank\" href=\"https:\/\/www.estrategiaconcursos.com.br\/cursosPorConcurso\/inss-tecnico-do-seguro-social-101\/\" role=\"button\" rel=\"noopener noreferrer\">Conhe\u00e7a mais<\/a>\n        <\/div>\n      <\/div>\n     \n    <\/div>\n\n  <\/div>\n<\/div>\n\n\n\n<div class=\"container\" id=\"boxes\">\n  <div class=\"row\">\n\n    <div class=\"col-sm\">\n      <div class=\"estrategia\" id=\"box-assinatura\">\n        <h3 class=\"titulo-assinatura\">Assinatura Concursos<\/h3>\n        <p class=\"subtitulo-assinatura\">Assinatura de 1 ano ou 2 anos<\/p>\n        <div class=\"box-botao\">\n          <a class=\"btn-assinatura\" target=\"_blank\" href=\"https:\/\/www.estrategiaconcursos.com.br\/assinaturas\/\" role=\"button\" rel=\"noopener noreferrer\">ASSINE AGORA<\/a>\n        <\/div>\n      <\/div><\/div><\/div><\/div>\n\n\n\n<h2 class=\"has-text-align-center wp-block-heading\" id=\"h-quer-saber-tudo-sobre-concursos-previstos-confira-nossos-artigos\">Quer saber tudo sobre concursos previstos?<br \/>Confira nossos artigos!<\/h2>\n\n\n\n<ul class=\"wp-block-list\"><li><a href=\"https:\/\/www.estrategiaconcursos.com.br\/blog\/concursos-abertos\/\" target=\"_blank\" rel=\"noreferrer noopener\">Concursos abertos<\/a><\/li><li><a href=\"https:\/\/www.estrategiaconcursos.com.br\/blog\/concursos-2022\/\" target=\"_blank\" rel=\"noreferrer noopener\">Concursos 2022<\/a><\/li><\/ul>\n","protected":false},"excerpt":{"rendered":"<p>Os m\u00e9dicos peritos do INSS anunciaram, nesta ter\u00e7a-feira (08), uma greve reivindicando recomposi\u00e7\u00e3o salarial e a realiza\u00e7\u00e3o de um novo concurso. Com a greve, os profissionais do Instituto Nacional do Seguro Social exigem a recomposi\u00e7\u00e3o de 19,99% na remunera\u00e7\u00e3o para recuperar perdas ocasionadas pela infla\u00e7\u00e3o dos anos de 2019 a 2022. Al\u00e9m disso, os peritos [&hellip;]<\/p>\n","protected":false},"author":2279,"featured_media":698508,"comment_status":"open","ping_status":"closed","sticky":false,"template":"","format":"standard","meta":{"post_tipo":"news","footnotes":""},"categories":[220191,220219],"tags":[],"tax_estado":[219963],"class_list":["post-964475","post","type-post","status-publish","format-standard","has-post-thumbnail","hentry","category-previdenciaria","category-noticias","tax_estado-concursos-federais"],"acf":[],"yoast_head":"<!-- This site is optimized with the Yoast SEO Premium plugin v27.2 (Yoast SEO v27.2) - https:\/\/yoast.com\/product\/yoast-seo-premium-wordpress\/ -->\n<title>INSS: greve \u00e9 anunciada nesta ter\u00e7a-feira (08)<\/title>\n<meta name=\"description\" content=\"INSS: nova greve \u00e9 anunciada para esta ter\u00e7a-feira (08), reivindicando recomposi\u00e7\u00e3o salarial e concurso p\u00fablico.\" \/>\n<meta name=\"robots\" content=\"index, follow, max-snippet:-1, max-image-preview:large, max-video-preview:-1\" \/>\n<link rel=\"canonical\" href=\"https:\/\/www.estrategiaconcursos.com.br\/blog\/inss-greve-anunciada-nesta-terca-feira-08\/\" \/>\n<meta property=\"og:locale\" content=\"pt_BR\" \/>\n<meta property=\"og:type\" content=\"article\" \/>\n<meta property=\"og:title\" content=\"INSS: greve \u00e9 anunciada nesta ter\u00e7a-feira (08)\" \/>\n<meta property=\"og:description\" content=\"INSS: nova greve \u00e9 anunciada para esta ter\u00e7a-feira (08), reivindicando recomposi\u00e7\u00e3o salarial e concurso p\u00fablico.\" \/>\n<meta property=\"og:url\" content=\"https:\/\/www.estrategiaconcursos.com.br\/blog\/inss-greve-anunciada-nesta-terca-feira-08\/\" \/>\n<meta property=\"og:site_name\" content=\"Estrat\u00e9gia Concursos\" \/>\n<meta property=\"article:published_time\" content=\"2022-02-08T18:39:57+00:00\" \/>\n<meta property=\"article:modified_time\" content=\"2022-02-08T19:23:47+00:00\" \/>\n<meta property=\"og:image\" content=\"https:\/\/dhg1h5j42swfq.cloudfront.net\/2021\/02\/22154356\/inss.jpg\" \/>\n\t<meta property=\"og:image:width\" content=\"1200\" \/>\n\t<meta property=\"og:image:height\" content=\"628\" \/>\n\t<meta property=\"og:image:type\" content=\"image\/jpeg\" \/>\n<meta name=\"author\" content=\"Anissa Golshan\" \/>\n<meta name=\"twitter:card\" content=\"summary_large_image\" \/>\n<meta name=\"twitter:creator\" content=\"@EstratConcursos\" \/>\n<meta name=\"twitter:site\" content=\"@EstratConcursos\" \/>\n<meta name=\"twitter:label1\" content=\"Escrito por\" \/>\n\t<meta name=\"twitter:data1\" content=\"Anissa Golshan\" \/>\n\t<meta name=\"twitter:label2\" content=\"Est. tempo de leitura\" \/>\n\t<meta name=\"twitter:data2\" content=\"2 minutos\" \/>\n<script type=\"application\/ld+json\" class=\"yoast-schema-graph\">{\"@context\":\"https:\/\/schema.org\",\"@graph\":[{\"@type\":\"NewsArticle\",\"@id\":\"https:\/\/www.estrategiaconcursos.com.br\/blog\/inss-greve-anunciada-nesta-terca-feira-08\/#article\",\"isPartOf\":{\"@id\":\"https:\/\/www.estrategiaconcursos.com.br\/blog\/inss-greve-anunciada-nesta-terca-feira-08\/\"},\"author\":{\"name\":\"Anissa Golshan\",\"@id\":\"https:\/\/www.estrategiaconcursos.com.br\/blog\/#\/schema\/person\/8622e35b96c2aef34cb09bed422f6f86\"},\"headline\":\"INSS: greve \u00e9 anunciada nesta ter\u00e7a-feira (08)\",\"datePublished\":\"2022-02-08T18:39:57+00:00\",\"dateModified\":\"2022-02-08T19:23:47+00:00\",\"mainEntityOfPage\":{\"@id\":\"https:\/\/www.estrategiaconcursos.com.br\/blog\/inss-greve-anunciada-nesta-terca-feira-08\/\"},\"wordCount\":234,\"commentCount\":0,\"publisher\":{\"@id\":\"https:\/\/www.estrategiaconcursos.com.br\/blog\/#organization\"},\"image\":{\"@id\":\"https:\/\/www.estrategiaconcursos.com.br\/blog\/inss-greve-anunciada-nesta-terca-feira-08\/#primaryimage\"},\"thumbnailUrl\":\"https:\/\/dhg1h5j42swfq.cloudfront.net\/2021\/02\/22154356\/inss.jpg\",\"articleSection\":[\"Previdenci\u00e1ria (INSS, PREVIC)\",\"\u00daltimas not\u00edcias\"],\"inLanguage\":\"pt-BR\",\"potentialAction\":[{\"@type\":\"CommentAction\",\"name\":\"Comment\",\"target\":[\"https:\/\/www.estrategiaconcursos.com.br\/blog\/inss-greve-anunciada-nesta-terca-feira-08\/#respond\"]}],\"copyrightYear\":\"2022\",\"copyrightHolder\":{\"@id\":\"https:\/\/www.estrategiaconcursos.com.br\/blog\/#organization\"}},{\"@type\":\"WebPage\",\"@id\":\"https:\/\/www.estrategiaconcursos.com.br\/blog\/inss-greve-anunciada-nesta-terca-feira-08\/\",\"url\":\"https:\/\/www.estrategiaconcursos.com.br\/blog\/inss-greve-anunciada-nesta-terca-feira-08\/\",\"name\":\"INSS: greve \u00e9 anunciada nesta ter\u00e7a-feira (08)\",\"isPartOf\":{\"@id\":\"https:\/\/www.estrategiaconcursos.com.br\/blog\/#website\"},\"primaryImageOfPage\":{\"@id\":\"https:\/\/www.estrategiaconcursos.com.br\/blog\/inss-greve-anunciada-nesta-terca-feira-08\/#primaryimage\"},\"image\":{\"@id\":\"https:\/\/www.estrategiaconcursos.com.br\/blog\/inss-greve-anunciada-nesta-terca-feira-08\/#primaryimage\"},\"thumbnailUrl\":\"https:\/\/dhg1h5j42swfq.cloudfront.net\/2021\/02\/22154356\/inss.jpg\",\"datePublished\":\"2022-02-08T18:39:57+00:00\",\"dateModified\":\"2022-02-08T19:23:47+00:00\",\"description\":\"INSS: nova greve \u00e9 anunciada para esta ter\u00e7a-feira (08), reivindicando recomposi\u00e7\u00e3o salarial e concurso p\u00fablico.\",\"breadcrumb\":{\"@id\":\"https:\/\/www.estrategiaconcursos.com.br\/blog\/inss-greve-anunciada-nesta-terca-feira-08\/#breadcrumb\"},\"inLanguage\":\"pt-BR\",\"potentialAction\":[{\"@type\":\"ReadAction\",\"target\":[\"https:\/\/www.estrategiaconcursos.com.br\/blog\/inss-greve-anunciada-nesta-terca-feira-08\/\"]}]},{\"@type\":\"ImageObject\",\"inLanguage\":\"pt-BR\",\"@id\":\"https:\/\/www.estrategiaconcursos.com.br\/blog\/inss-greve-anunciada-nesta-terca-feira-08\/#primaryimage\",\"url\":\"https:\/\/dhg1h5j42swfq.cloudfront.net\/2021\/02\/22154356\/inss.jpg\",\"contentUrl\":\"https:\/\/dhg1h5j42swfq.cloudfront.net\/2021\/02\/22154356\/inss.jpg\",\"width\":1200,\"height\":628,\"caption\":\"Concurso INSS retifica\u00e7\u00f5es\"},{\"@type\":\"BreadcrumbList\",\"@id\":\"https:\/\/www.estrategiaconcursos.com.br\/blog\/inss-greve-anunciada-nesta-terca-feira-08\/#breadcrumb\",\"itemListElement\":[{\"@type\":\"ListItem\",\"position\":1,\"name\":\"In\u00edcio\",\"item\":\"https:\/\/www.estrategiaconcursos.com.br\/blog\/\"},{\"@type\":\"ListItem\",\"position\":2,\"name\":\"INSS: greve \u00e9 anunciada nesta ter\u00e7a-feira (08)\"}]},{\"@type\":\"WebSite\",\"@id\":\"https:\/\/www.estrategiaconcursos.com.br\/blog\/#website\",\"url\":\"https:\/\/www.estrategiaconcursos.com.br\/blog\/\",\"name\":\"Estrat\u00e9gia Concursos\",\"description\":\"O blog da Estrat\u00e9gia Concursos traz not\u00edcias sobre concursos e artigos de professores oferecendo cursos para concursos (pdf + videaulas) no site.\",\"publisher\":{\"@id\":\"https:\/\/www.estrategiaconcursos.com.br\/blog\/#organization\"},\"potentialAction\":[{\"@type\":\"SearchAction\",\"target\":{\"@type\":\"EntryPoint\",\"urlTemplate\":\"https:\/\/www.estrategiaconcursos.com.br\/blog\/?s={search_term_string}\"},\"query-input\":{\"@type\":\"PropertyValueSpecification\",\"valueRequired\":true,\"valueName\":\"search_term_string\"}}],\"inLanguage\":\"pt-BR\"},{\"@type\":\"Organization\",\"@id\":\"https:\/\/www.estrategiaconcursos.com.br\/blog\/#organization\",\"name\":\"Estrat\u00e9gia Concursos\",\"url\":\"https:\/\/www.estrategiaconcursos.com.br\/blog\/\",\"logo\":{\"@type\":\"ImageObject\",\"inLanguage\":\"pt-BR\",\"@id\":\"https:\/\/www.estrategiaconcursos.com.br\/blog\/#\/schema\/logo\/image\/\",\"url\":\"https:\/\/dhg1h5j42swfq.cloudfront.net\/2025\/06\/03203428\/logo_concursos-1.jpg\",\"contentUrl\":\"https:\/\/dhg1h5j42swfq.cloudfront.net\/2025\/06\/03203428\/logo_concursos-1.jpg\",\"width\":230,\"height\":60,\"caption\":\"Estrat\u00e9gia Concursos\"},\"image\":{\"@id\":\"https:\/\/www.estrategiaconcursos.com.br\/blog\/#\/schema\/logo\/image\/\"},\"sameAs\":[\"https:\/\/x.com\/EstratConcursos\"]},{\"@type\":\"Person\",\"@id\":\"https:\/\/www.estrategiaconcursos.com.br\/blog\/#\/schema\/person\/8622e35b96c2aef34cb09bed422f6f86\",\"name\":\"Anissa Golshan\",\"image\":{\"@type\":\"ImageObject\",\"inLanguage\":\"pt-BR\",\"@id\":\"https:\/\/secure.gravatar.com\/avatar\/?s=96&d=mm&r=g\",\"url\":\"https:\/\/secure.gravatar.com\/avatar\/?s=96&d=mm&r=g\",\"contentUrl\":\"https:\/\/secure.gravatar.com\/avatar\/?s=96&d=mm&r=g\",\"caption\":\"Anissa Golshan\"},\"url\":\"https:\/\/www.estrategiaconcursos.com.br\/blog\/author\/anissa-golshan\/\"}]}<\/script>\n<!-- \/ Yoast SEO Premium plugin. -->","yoast_head_json":{"title":"INSS: greve \u00e9 anunciada nesta ter\u00e7a-feira (08)","description":"INSS: nova greve \u00e9 anunciada para esta ter\u00e7a-feira (08), reivindicando recomposi\u00e7\u00e3o salarial e concurso p\u00fablico.","robots":{"index":"index","follow":"follow","max-snippet":"max-snippet:-1","max-image-preview":"max-image-preview:large","max-video-preview":"max-video-preview:-1"},"canonical":"https:\/\/www.estrategiaconcursos.com.br\/blog\/inss-greve-anunciada-nesta-terca-feira-08\/","og_locale":"pt_BR","og_type":"article","og_title":"INSS: greve \u00e9 anunciada nesta ter\u00e7a-feira (08)","og_description":"INSS: nova greve \u00e9 anunciada para esta ter\u00e7a-feira (08), reivindicando recomposi\u00e7\u00e3o salarial e concurso p\u00fablico.","og_url":"https:\/\/www.estrategiaconcursos.com.br\/blog\/inss-greve-anunciada-nesta-terca-feira-08\/","og_site_name":"Estrat\u00e9gia Concursos","article_published_time":"2022-02-08T18:39:57+00:00","article_modified_time":"2022-02-08T19:23:47+00:00","og_image":[{"width":1200,"height":628,"url":"https:\/\/dhg1h5j42swfq.cloudfront.net\/2021\/02\/22154356\/inss.jpg","type":"image\/jpeg"}],"author":"Anissa Golshan","twitter_card":"summary_large_image","twitter_creator":"@EstratConcursos","twitter_site":"@EstratConcursos","twitter_misc":{"Escrito por":"Anissa Golshan","Est. tempo de leitura":"2 minutos"},"schema":{"@context":"https:\/\/schema.org","@graph":[{"@type":"NewsArticle","@id":"https:\/\/www.estrategiaconcursos.com.br\/blog\/inss-greve-anunciada-nesta-terca-feira-08\/#article","isPartOf":{"@id":"https:\/\/www.estrategiaconcursos.com.br\/blog\/inss-greve-anunciada-nesta-terca-feira-08\/"},"author":{"name":"Anissa Golshan","@id":"https:\/\/www.estrategiaconcursos.com.br\/blog\/#\/schema\/person\/8622e35b96c2aef34cb09bed422f6f86"},"headline":"INSS: greve \u00e9 anunciada nesta ter\u00e7a-feira (08)","datePublished":"2022-02-08T18:39:57+00:00","dateModified":"2022-02-08T19:23:47+00:00","mainEntityOfPage":{"@id":"https:\/\/www.estrategiaconcursos.com.br\/blog\/inss-greve-anunciada-nesta-terca-feira-08\/"},"wordCount":234,"commentCount":0,"publisher":{"@id":"https:\/\/www.estrategiaconcursos.com.br\/blog\/#organization"},"image":{"@id":"https:\/\/www.estrategiaconcursos.com.br\/blog\/inss-greve-anunciada-nesta-terca-feira-08\/#primaryimage"},"thumbnailUrl":"https:\/\/dhg1h5j42swfq.cloudfront.net\/2021\/02\/22154356\/inss.jpg","articleSection":["Previdenci\u00e1ria (INSS, PREVIC)","\u00daltimas not\u00edcias"],"inLanguage":"pt-BR","potentialAction":[{"@type":"CommentAction","name":"Comment","target":["https:\/\/www.estrategiaconcursos.com.br\/blog\/inss-greve-anunciada-nesta-terca-feira-08\/#respond"]}],"copyrightYear":"2022","copyrightHolder":{"@id":"https:\/\/www.estrategiaconcursos.com.br\/blog\/#organization"}},{"@type":"WebPage","@id":"https:\/\/www.estrategiaconcursos.com.br\/blog\/inss-greve-anunciada-nesta-terca-feira-08\/","url":"https:\/\/www.estrategiaconcursos.com.br\/blog\/inss-greve-anunciada-nesta-terca-feira-08\/","name":"INSS: greve \u00e9 anunciada nesta ter\u00e7a-feira (08)","isPartOf":{"@id":"https:\/\/www.estrategiaconcursos.com.br\/blog\/#website"},"primaryImageOfPage":{"@id":"https:\/\/www.estrategiaconcursos.com.br\/blog\/inss-greve-anunciada-nesta-terca-feira-08\/#primaryimage"},"image":{"@id":"https:\/\/www.estrategiaconcursos.com.br\/blog\/inss-greve-anunciada-nesta-terca-feira-08\/#primaryimage"},"thumbnailUrl":"https:\/\/dhg1h5j42swfq.cloudfront.net\/2021\/02\/22154356\/inss.jpg","datePublished":"2022-02-08T18:39:57+00:00","dateModified":"2022-02-08T19:23:47+00:00","description":"INSS: nova greve \u00e9 anunciada para esta ter\u00e7a-feira (08), reivindicando recomposi\u00e7\u00e3o salarial e concurso p\u00fablico.","breadcrumb":{"@id":"https:\/\/www.estrategiaconcursos.com.br\/blog\/inss-greve-anunciada-nesta-terca-feira-08\/#breadcrumb"},"inLanguage":"pt-BR","potentialAction":[{"@type":"ReadAction","target":["https:\/\/www.estrategiaconcursos.com.br\/blog\/inss-greve-anunciada-nesta-terca-feira-08\/"]}]},{"@type":"ImageObject","inLanguage":"pt-BR","@id":"https:\/\/www.estrategiaconcursos.com.br\/blog\/inss-greve-anunciada-nesta-terca-feira-08\/#primaryimage","url":"https:\/\/dhg1h5j42swfq.cloudfront.net\/2021\/02\/22154356\/inss.jpg","contentUrl":"https:\/\/dhg1h5j42swfq.cloudfront.net\/2021\/02\/22154356\/inss.jpg","width":1200,"height":628,"caption":"Concurso INSS retifica\u00e7\u00f5es"},{"@type":"BreadcrumbList","@id":"https:\/\/www.estrategiaconcursos.com.br\/blog\/inss-greve-anunciada-nesta-terca-feira-08\/#breadcrumb","itemListElement":[{"@type":"ListItem","position":1,"name":"In\u00edcio","item":"https:\/\/www.estrategiaconcursos.com.br\/blog\/"},{"@type":"ListItem","position":2,"name":"INSS: greve \u00e9 anunciada nesta ter\u00e7a-feira (08)"}]},{"@type":"WebSite","@id":"https:\/\/www.estrategiaconcursos.com.br\/blog\/#website","url":"https:\/\/www.estrategiaconcursos.com.br\/blog\/","name":"Estrat\u00e9gia Concursos","description":"O blog da Estrat\u00e9gia Concursos traz not\u00edcias sobre concursos e artigos de professores oferecendo cursos para concursos (pdf + videaulas) no site.","publisher":{"@id":"https:\/\/www.estrategiaconcursos.com.br\/blog\/#organization"},"potentialAction":[{"@type":"SearchAction","target":{"@type":"EntryPoint","urlTemplate":"https:\/\/www.estrategiaconcursos.com.br\/blog\/?s={search_term_string}"},"query-input":{"@type":"PropertyValueSpecification","valueRequired":true,"valueName":"search_term_string"}}],"inLanguage":"pt-BR"},{"@type":"Organization","@id":"https:\/\/www.estrategiaconcursos.com.br\/blog\/#organization","name":"Estrat\u00e9gia Concursos","url":"https:\/\/www.estrategiaconcursos.com.br\/blog\/","logo":{"@type":"ImageObject","inLanguage":"pt-BR","@id":"https:\/\/www.estrategiaconcursos.com.br\/blog\/#\/schema\/logo\/image\/","url":"https:\/\/dhg1h5j42swfq.cloudfront.net\/2025\/06\/03203428\/logo_concursos-1.jpg","contentUrl":"https:\/\/dhg1h5j42swfq.cloudfront.net\/2025\/06\/03203428\/logo_concursos-1.jpg","width":230,"height":60,"caption":"Estrat\u00e9gia Concursos"},"image":{"@id":"https:\/\/www.estrategiaconcursos.com.br\/blog\/#\/schema\/logo\/image\/"},"sameAs":["https:\/\/x.com\/EstratConcursos"]},{"@type":"Person","@id":"https:\/\/www.estrategiaconcursos.com.br\/blog\/#\/schema\/person\/8622e35b96c2aef34cb09bed422f6f86","name":"Anissa Golshan","image":{"@type":"ImageObject","inLanguage":"pt-BR","@id":"https:\/\/secure.gravatar.com\/avatar\/?s=96&d=mm&r=g","url":"https:\/\/secure.gravatar.com\/avatar\/?s=96&d=mm&r=g","contentUrl":"https:\/\/secure.gravatar.com\/avatar\/?s=96&d=mm&r=g","caption":"Anissa Golshan"},"url":"https:\/\/www.estrategiaconcursos.com.br\/blog\/author\/anissa-golshan\/"}]}},"_links":{"self":[{"href":"https:\/\/www.estrategiaconcursos.com.br\/blog\/wp-json\/wp\/v2\/posts\/964475","targetHints":{"allow":["GET"]}}],"collection":[{"href":"https:\/\/www.estrategiaconcursos.com.br\/blog\/wp-json\/wp\/v2\/posts"}],"about":[{"href":"https:\/\/www.estrategiaconcursos.com.br\/blog\/wp-json\/wp\/v2\/types\/post"}],"author":[{"embeddable":true,"href":"https:\/\/www.estrategiaconcursos.com.br\/blog\/wp-json\/wp\/v2\/users\/2279"}],"replies":[{"embeddable":true,"href":"https:\/\/www.estrategiaconcursos.com.br\/blog\/wp-json\/wp\/v2\/comments?post=964475"}],"version-history":[{"count":6,"href":"https:\/\/www.estrategiaconcursos.com.br\/blog\/wp-json\/wp\/v2\/posts\/964475\/revisions"}],"predecessor-version":[{"id":964635,"href":"https:\/\/www.estrategiaconcursos.com.br\/blog\/wp-json\/wp\/v2\/posts\/964475\/revisions\/964635"}],"wp:featuredmedia":[{"embeddable":true,"href":"https:\/\/www.estrategiaconcursos.com.br\/blog\/wp-json\/wp\/v2\/media\/698508"}],"wp:attachment":[{"href":"https:\/\/www.estrategiaconcursos.com.br\/blog\/wp-json\/wp\/v2\/media?parent=964475"}],"wp:term":[{"taxonomy":"category","embeddable":true,"href":"https:\/\/www.estrategiaconcursos.com.br\/blog\/wp-json\/wp\/v2\/categories?post=964475"},{"taxonomy":"post_tag","embeddable":true,"href":"https:\/\/www.estrategiaconcursos.com.br\/blog\/wp-json\/wp\/v2\/tags?post=964475"},{"taxonomy":"tax_estado","embeddable":true,"href":"https:\/\/www.estrategiaconcursos.com.br\/blog\/wp-json\/wp\/v2\/tax_estado?post=964475"}],"curies":[{"name":"wp","href":"https:\/\/api.w.org\/{rel}","templated":true}]}}