{"id":96441,"date":"2017-11-23T10:52:13","date_gmt":"2017-11-23T13:52:13","guid":{"rendered":"https:\/\/www.estrategiaconcursos.com.br\/blog\/?p=96441"},"modified":"2017-11-23T10:52:13","modified_gmt":"2017-11-23T13:52:13","slug":"recurso-portugues-tst-2017-tecnico-em-programacao","status":"publish","type":"post","link":"https:\/\/www.estrategiaconcursos.com.br\/blog\/recurso-portugues-tst-2017-tecnico-em-programacao\/","title":{"rendered":"Recurso Portugu\u00eas TST 2017 T\u00e9cnico em programa\u00e7\u00e3o"},"content":{"rendered":"<p>Ol\u00e1, pessoal!<\/p>\n<p>Segue recurso contra o gabarito oficial da banca Funda\u00e7\u00e3o Carlos Chagas, especificamente da prova identificada como I 09 tipo 1.<\/p>\n<p>A quest\u00e3o \u00e9 a seguinte:<\/p>\n<p>Quest\u00e3o 7:<\/p>\n<p>Est\u00e1 redigida com corre\u00e7\u00e3o, clareza e coes\u00e3o a seguinte frase:<br \/>\n(A) Em cada regi\u00e3o, os ip\u00eas ganham um significado especial, como no cerrado, aonde colore uma paisagem ressequida.<br \/>\n(B) Considerada \u00e1rvore-s\u00edmbolo do Brasil, as flores do ip\u00ea nascem em cachos e n\u00e3o dividem espa\u00e7o com as folhas.<br \/>\n(C) A fragilidade dos ip\u00eas n\u00e3o resiste \u00e0 passagem do um vento mais forte, ap\u00f3s a qual o ch\u00e3o se colore de flores.<br \/>\n(D) A beleza singular dos ip\u00eas j\u00e1 chamou \u00e0 aten\u00e7\u00e3o v\u00e1rios poetas, a fim de cantarem, a delicadeza de suas flores.<br \/>\n(E) Os ip\u00eas, com um florada que dura t\u00e3o pouco tempo, que nos leva a refletir acerca do car\u00e1ter efemero da vida.<\/p>\n<p>Coment\u00e1rio: A alternativa (A) est\u00e1 errada, pois n\u00e3o cabe o pronome relativo &#8220;aonde&#8221;, mas &#8220;que&#8221;, por ser empregado como sujeito. Como tal sujeito retoma &#8220;os ip\u00eas&#8221;, o verbo &#8220;colore&#8221; tamb\u00e9m deve se flexionar no plural.<\/p>\n<p>A alternativa (B) est\u00e1 errada, pois o partic\u00edpio &#8220;Considerada&#8221; deveria concordar com o referente &#8220;flores&#8221;. Al\u00e9m disso, o substantivo composto deveria estar flexionado no plural, por encontrar-se na fun\u00e7\u00e3o de predicativo (&#8220;\u00e1rvores-s\u00edmbolo&#8221;).<\/p>\n<p>A alternativa (C) \u00e9 a que foi dada como a correta, mas ocorreu um v\u00edcio gramatical, talvez por um problema de digita\u00e7\u00e3o: n\u00e3o pode haver a aproxima\u00e7\u00e3o de dois artigos em sequ\u00eancia: o artigo definido &#8220;o&#8221; e o indefinido &#8220;um&#8221;. Assim, a constru\u00e7\u00e3o correta deveria ser a seguinte:<\/p>\n<p>A fragilidade dos ip\u00eas n\u00e3o resiste \u00e0 passagem <strong>de<\/strong> um vento mais forte, ap\u00f3s a qual o ch\u00e3o se colore de flores.<\/p>\n<p>A alternativa (D) est\u00e1 errada, pois n\u00e3o cabe v\u00edrgula entre o verbo &#8220;cantarem&#8221; e o objeto direto &#8220;a delicadeza de suas flores&#8221;. Note que a express\u00e3o &#8220;chamou \u00e0 aten\u00e7\u00e3o v\u00e1rios poetas&#8221; \u00e9 poss\u00edvel e est\u00e1 correta.<\/p>\n<p>A alternativa (E) est\u00e1 errada, pois o segundo pronome relativo est\u00e1 excedente e deve ser exclu\u00eddo; o verbo &#8220;leva&#8221; deve ser flexionado no plural para concordar com o sujeito plural e &#8220;ef\u00eamero&#8221; deve receber acento gr\u00e1fico.<\/p>\n<p>Veja as formas corretas com as altera\u00e7\u00f5es em negrito:<\/p>\n<p>(A) Em cada regi\u00e3o, <strong>como no cerrado<\/strong>, os ip\u00eas\u00a0<strong>que colorem<\/strong> uma paisagem ressequida ganham um significado especial.<br \/>\n(B) <strong>Consideradas<\/strong> <strong>\u00e1rvores<\/strong>-s\u00edmbolo do Brasil, as flores do ip\u00ea nascem em cachos e n\u00e3o dividem espa\u00e7o com as folhas.<br \/>\n(C) A fragilidade dos ip\u00eas n\u00e3o resiste \u00e0 passagem <strong>de<\/strong> um vento mais forte, ap\u00f3s a qual o ch\u00e3o se colore de flores.<br \/>\n(D) A beleza singular dos ip\u00eas j\u00e1 chamou \u00e0 aten\u00e7\u00e3o v\u00e1rios poetas, a fim de <span style=\"text-decoration: underline\">cantarem<\/span> <span style=\"text-decoration: underline\">a delicadeza de suas flores<\/span>.<br \/>\n(E) Os ip\u00eas, com um florada que dura t\u00e3o pouco tempo,<strong> nos levam<\/strong> a refletir acerca do car\u00e1ter <strong>ef\u00eamero<\/strong> da vida.<\/p>\n<p>Meus amigos, entrem com recurso para evitar que a banca deixe um gabarito equivocado e prejudique o estudo dos pr\u00f3ximos concurseiros.<\/p>\n<p>Grande abra\u00e7o a todos!<\/p>\n<p>D\u00e9cio Terror<\/p>\n","protected":false},"excerpt":{"rendered":"<p>Ol\u00e1, pessoal! Segue recurso contra o gabarito oficial da banca Funda\u00e7\u00e3o Carlos Chagas, especificamente da prova identificada como I 09 tipo 1. A quest\u00e3o \u00e9 a seguinte: Quest\u00e3o 7: Est\u00e1 redigida com corre\u00e7\u00e3o, clareza e coes\u00e3o a seguinte frase: (A) Em cada regi\u00e3o, os ip\u00eas ganham um significado especial, como no cerrado, aonde colore uma [&hellip;]<\/p>\n","protected":false},"author":214,"featured_media":0,"comment_status":"open","ping_status":"closed","sticky":false,"template":"","format":"standard","meta":{"post_tipo":"article","footnotes":""},"categories":[1],"tags":[],"tax_estado":[],"class_list":["post-96441","post","type-post","status-publish","format-standard","hentry","category-cursos-e-concursos"],"acf":[],"yoast_head":"<!-- This site is optimized with the Yoast SEO Premium plugin v27.2 (Yoast SEO v27.2) - https:\/\/yoast.com\/product\/yoast-seo-premium-wordpress\/ -->\n<title>Recurso Portugu\u00eas TST 2017 T\u00e9cnico em programa\u00e7\u00e3o<\/title>\n<meta name=\"robots\" content=\"index, follow, max-snippet:-1, max-image-preview:large, max-video-preview:-1\" \/>\n<link rel=\"canonical\" href=\"https:\/\/www.estrategiaconcursos.com.br\/blog\/recurso-portugues-tst-2017-tecnico-em-programacao\/\" \/>\n<meta property=\"og:locale\" content=\"pt_BR\" \/>\n<meta property=\"og:type\" content=\"article\" \/>\n<meta property=\"og:title\" content=\"Recurso Portugu\u00eas TST 2017 T\u00e9cnico em programa\u00e7\u00e3o\" \/>\n<meta property=\"og:description\" content=\"Ol\u00e1, pessoal! Segue recurso contra o gabarito oficial da banca Funda\u00e7\u00e3o Carlos Chagas, especificamente da prova identificada como I 09 tipo 1. A quest\u00e3o \u00e9 a seguinte: Quest\u00e3o 7: Est\u00e1 redigida com corre\u00e7\u00e3o, clareza e coes\u00e3o a seguinte frase: (A) Em cada regi\u00e3o, os ip\u00eas ganham um significado especial, como no cerrado, aonde colore uma [&hellip;]\" \/>\n<meta property=\"og:url\" content=\"https:\/\/www.estrategiaconcursos.com.br\/blog\/recurso-portugues-tst-2017-tecnico-em-programacao\/\" \/>\n<meta property=\"og:site_name\" content=\"Estrat\u00e9gia Concursos\" \/>\n<meta property=\"article:published_time\" content=\"2017-11-23T13:52:13+00:00\" \/>\n<meta name=\"author\" content=\"D\u00e9cio Terror Filho\" \/>\n<meta name=\"twitter:card\" content=\"summary_large_image\" \/>\n<meta name=\"twitter:creator\" content=\"@EstratConcursos\" \/>\n<meta name=\"twitter:site\" content=\"@EstratConcursos\" \/>\n<meta name=\"twitter:label1\" content=\"Escrito por\" \/>\n\t<meta name=\"twitter:data1\" content=\"D\u00e9cio Terror Filho\" \/>\n\t<meta name=\"twitter:label2\" content=\"Est. tempo de leitura\" \/>\n\t<meta name=\"twitter:data2\" content=\"3 minutos\" \/>\n<script type=\"application\/ld+json\" class=\"yoast-schema-graph\">{\"@context\":\"https:\/\/schema.org\",\"@graph\":[{\"@type\":\"NewsArticle\",\"@id\":\"https:\/\/www.estrategiaconcursos.com.br\/blog\/recurso-portugues-tst-2017-tecnico-em-programacao\/#article\",\"isPartOf\":{\"@id\":\"https:\/\/www.estrategiaconcursos.com.br\/blog\/recurso-portugues-tst-2017-tecnico-em-programacao\/\"},\"author\":{\"name\":\"D\u00e9cio Terror Filho\",\"@id\":\"https:\/\/www.estrategiaconcursos.com.br\/blog\/#\/schema\/person\/e8165364027a31208914fc77c3314727\"},\"headline\":\"Recurso Portugu\u00eas TST 2017 T\u00e9cnico em programa\u00e7\u00e3o\",\"datePublished\":\"2017-11-23T13:52:13+00:00\",\"mainEntityOfPage\":{\"@id\":\"https:\/\/www.estrategiaconcursos.com.br\/blog\/recurso-portugues-tst-2017-tecnico-em-programacao\/\"},\"wordCount\":553,\"commentCount\":0,\"publisher\":{\"@id\":\"https:\/\/www.estrategiaconcursos.com.br\/blog\/#organization\"},\"articleSection\":[\"Concursos P\u00fablicos\"],\"inLanguage\":\"pt-BR\",\"potentialAction\":[{\"@type\":\"CommentAction\",\"name\":\"Comment\",\"target\":[\"https:\/\/www.estrategiaconcursos.com.br\/blog\/recurso-portugues-tst-2017-tecnico-em-programacao\/#respond\"]}],\"copyrightYear\":\"2017\",\"copyrightHolder\":{\"@id\":\"https:\/\/www.estrategiaconcursos.com.br\/blog\/#organization\"}},{\"@type\":\"WebPage\",\"@id\":\"https:\/\/www.estrategiaconcursos.com.br\/blog\/recurso-portugues-tst-2017-tecnico-em-programacao\/\",\"url\":\"https:\/\/www.estrategiaconcursos.com.br\/blog\/recurso-portugues-tst-2017-tecnico-em-programacao\/\",\"name\":\"Recurso Portugu\u00eas TST 2017 T\u00e9cnico em programa\u00e7\u00e3o\",\"isPartOf\":{\"@id\":\"https:\/\/www.estrategiaconcursos.com.br\/blog\/#website\"},\"datePublished\":\"2017-11-23T13:52:13+00:00\",\"breadcrumb\":{\"@id\":\"https:\/\/www.estrategiaconcursos.com.br\/blog\/recurso-portugues-tst-2017-tecnico-em-programacao\/#breadcrumb\"},\"inLanguage\":\"pt-BR\",\"potentialAction\":[{\"@type\":\"ReadAction\",\"target\":[\"https:\/\/www.estrategiaconcursos.com.br\/blog\/recurso-portugues-tst-2017-tecnico-em-programacao\/\"]}]},{\"@type\":\"BreadcrumbList\",\"@id\":\"https:\/\/www.estrategiaconcursos.com.br\/blog\/recurso-portugues-tst-2017-tecnico-em-programacao\/#breadcrumb\",\"itemListElement\":[{\"@type\":\"ListItem\",\"position\":1,\"name\":\"In\u00edcio\",\"item\":\"https:\/\/www.estrategiaconcursos.com.br\/blog\/\"},{\"@type\":\"ListItem\",\"position\":2,\"name\":\"Recurso Portugu\u00eas TST 2017 T\u00e9cnico em programa\u00e7\u00e3o\"}]},{\"@type\":\"WebSite\",\"@id\":\"https:\/\/www.estrategiaconcursos.com.br\/blog\/#website\",\"url\":\"https:\/\/www.estrategiaconcursos.com.br\/blog\/\",\"name\":\"Estrat\u00e9gia Concursos\",\"description\":\"O blog da Estrat\u00e9gia Concursos traz not\u00edcias sobre concursos e artigos de professores oferecendo cursos para concursos (pdf + videaulas) no site.\",\"publisher\":{\"@id\":\"https:\/\/www.estrategiaconcursos.com.br\/blog\/#organization\"},\"potentialAction\":[{\"@type\":\"SearchAction\",\"target\":{\"@type\":\"EntryPoint\",\"urlTemplate\":\"https:\/\/www.estrategiaconcursos.com.br\/blog\/?s={search_term_string}\"},\"query-input\":{\"@type\":\"PropertyValueSpecification\",\"valueRequired\":true,\"valueName\":\"search_term_string\"}}],\"inLanguage\":\"pt-BR\"},{\"@type\":\"Organization\",\"@id\":\"https:\/\/www.estrategiaconcursos.com.br\/blog\/#organization\",\"name\":\"Estrat\u00e9gia Concursos\",\"url\":\"https:\/\/www.estrategiaconcursos.com.br\/blog\/\",\"logo\":{\"@type\":\"ImageObject\",\"inLanguage\":\"pt-BR\",\"@id\":\"https:\/\/www.estrategiaconcursos.com.br\/blog\/#\/schema\/logo\/image\/\",\"url\":\"https:\/\/dhg1h5j42swfq.cloudfront.net\/2025\/06\/03203428\/logo_concursos-1.jpg\",\"contentUrl\":\"https:\/\/dhg1h5j42swfq.cloudfront.net\/2025\/06\/03203428\/logo_concursos-1.jpg\",\"width\":230,\"height\":60,\"caption\":\"Estrat\u00e9gia Concursos\"},\"image\":{\"@id\":\"https:\/\/www.estrategiaconcursos.com.br\/blog\/#\/schema\/logo\/image\/\"},\"sameAs\":[\"https:\/\/x.com\/EstratConcursos\"]},{\"@type\":\"Person\",\"@id\":\"https:\/\/www.estrategiaconcursos.com.br\/blog\/#\/schema\/person\/e8165364027a31208914fc77c3314727\",\"name\":\"D\u00e9cio Terror Filho\",\"image\":{\"@type\":\"ImageObject\",\"inLanguage\":\"pt-BR\",\"@id\":\"https:\/\/secure.gravatar.com\/avatar\/a5b78e734de7c6482e965926e78344deb81abbc34282a3c9536cbb1a59728a37?s=96&d=mm&r=g\",\"url\":\"https:\/\/secure.gravatar.com\/avatar\/a5b78e734de7c6482e965926e78344deb81abbc34282a3c9536cbb1a59728a37?s=96&d=mm&r=g\",\"contentUrl\":\"https:\/\/secure.gravatar.com\/avatar\/a5b78e734de7c6482e965926e78344deb81abbc34282a3c9536cbb1a59728a37?s=96&d=mm&r=g\",\"caption\":\"D\u00e9cio Terror Filho\"},\"url\":\"https:\/\/www.estrategiaconcursos.com.br\/blog\/author\/contatoterrorportugues-com-br\/\"}]}<\/script>\n<!-- \/ Yoast SEO Premium plugin. -->","yoast_head_json":{"title":"Recurso Portugu\u00eas TST 2017 T\u00e9cnico em programa\u00e7\u00e3o","robots":{"index":"index","follow":"follow","max-snippet":"max-snippet:-1","max-image-preview":"max-image-preview:large","max-video-preview":"max-video-preview:-1"},"canonical":"https:\/\/www.estrategiaconcursos.com.br\/blog\/recurso-portugues-tst-2017-tecnico-em-programacao\/","og_locale":"pt_BR","og_type":"article","og_title":"Recurso Portugu\u00eas TST 2017 T\u00e9cnico em programa\u00e7\u00e3o","og_description":"Ol\u00e1, pessoal! Segue recurso contra o gabarito oficial da banca Funda\u00e7\u00e3o Carlos Chagas, especificamente da prova identificada como I 09 tipo 1. A quest\u00e3o \u00e9 a seguinte: Quest\u00e3o 7: Est\u00e1 redigida com corre\u00e7\u00e3o, clareza e coes\u00e3o a seguinte frase: (A) Em cada regi\u00e3o, os ip\u00eas ganham um significado especial, como no cerrado, aonde colore uma [&hellip;]","og_url":"https:\/\/www.estrategiaconcursos.com.br\/blog\/recurso-portugues-tst-2017-tecnico-em-programacao\/","og_site_name":"Estrat\u00e9gia Concursos","article_published_time":"2017-11-23T13:52:13+00:00","author":"D\u00e9cio Terror Filho","twitter_card":"summary_large_image","twitter_creator":"@EstratConcursos","twitter_site":"@EstratConcursos","twitter_misc":{"Escrito por":"D\u00e9cio Terror Filho","Est. tempo de leitura":"3 minutos"},"schema":{"@context":"https:\/\/schema.org","@graph":[{"@type":"NewsArticle","@id":"https:\/\/www.estrategiaconcursos.com.br\/blog\/recurso-portugues-tst-2017-tecnico-em-programacao\/#article","isPartOf":{"@id":"https:\/\/www.estrategiaconcursos.com.br\/blog\/recurso-portugues-tst-2017-tecnico-em-programacao\/"},"author":{"name":"D\u00e9cio Terror Filho","@id":"https:\/\/www.estrategiaconcursos.com.br\/blog\/#\/schema\/person\/e8165364027a31208914fc77c3314727"},"headline":"Recurso Portugu\u00eas TST 2017 T\u00e9cnico em programa\u00e7\u00e3o","datePublished":"2017-11-23T13:52:13+00:00","mainEntityOfPage":{"@id":"https:\/\/www.estrategiaconcursos.com.br\/blog\/recurso-portugues-tst-2017-tecnico-em-programacao\/"},"wordCount":553,"commentCount":0,"publisher":{"@id":"https:\/\/www.estrategiaconcursos.com.br\/blog\/#organization"},"articleSection":["Concursos P\u00fablicos"],"inLanguage":"pt-BR","potentialAction":[{"@type":"CommentAction","name":"Comment","target":["https:\/\/www.estrategiaconcursos.com.br\/blog\/recurso-portugues-tst-2017-tecnico-em-programacao\/#respond"]}],"copyrightYear":"2017","copyrightHolder":{"@id":"https:\/\/www.estrategiaconcursos.com.br\/blog\/#organization"}},{"@type":"WebPage","@id":"https:\/\/www.estrategiaconcursos.com.br\/blog\/recurso-portugues-tst-2017-tecnico-em-programacao\/","url":"https:\/\/www.estrategiaconcursos.com.br\/blog\/recurso-portugues-tst-2017-tecnico-em-programacao\/","name":"Recurso Portugu\u00eas TST 2017 T\u00e9cnico em programa\u00e7\u00e3o","isPartOf":{"@id":"https:\/\/www.estrategiaconcursos.com.br\/blog\/#website"},"datePublished":"2017-11-23T13:52:13+00:00","breadcrumb":{"@id":"https:\/\/www.estrategiaconcursos.com.br\/blog\/recurso-portugues-tst-2017-tecnico-em-programacao\/#breadcrumb"},"inLanguage":"pt-BR","potentialAction":[{"@type":"ReadAction","target":["https:\/\/www.estrategiaconcursos.com.br\/blog\/recurso-portugues-tst-2017-tecnico-em-programacao\/"]}]},{"@type":"BreadcrumbList","@id":"https:\/\/www.estrategiaconcursos.com.br\/blog\/recurso-portugues-tst-2017-tecnico-em-programacao\/#breadcrumb","itemListElement":[{"@type":"ListItem","position":1,"name":"In\u00edcio","item":"https:\/\/www.estrategiaconcursos.com.br\/blog\/"},{"@type":"ListItem","position":2,"name":"Recurso Portugu\u00eas TST 2017 T\u00e9cnico em programa\u00e7\u00e3o"}]},{"@type":"WebSite","@id":"https:\/\/www.estrategiaconcursos.com.br\/blog\/#website","url":"https:\/\/www.estrategiaconcursos.com.br\/blog\/","name":"Estrat\u00e9gia Concursos","description":"O blog da Estrat\u00e9gia Concursos traz not\u00edcias sobre concursos e artigos de professores oferecendo cursos para concursos (pdf + videaulas) no site.","publisher":{"@id":"https:\/\/www.estrategiaconcursos.com.br\/blog\/#organization"},"potentialAction":[{"@type":"SearchAction","target":{"@type":"EntryPoint","urlTemplate":"https:\/\/www.estrategiaconcursos.com.br\/blog\/?s={search_term_string}"},"query-input":{"@type":"PropertyValueSpecification","valueRequired":true,"valueName":"search_term_string"}}],"inLanguage":"pt-BR"},{"@type":"Organization","@id":"https:\/\/www.estrategiaconcursos.com.br\/blog\/#organization","name":"Estrat\u00e9gia Concursos","url":"https:\/\/www.estrategiaconcursos.com.br\/blog\/","logo":{"@type":"ImageObject","inLanguage":"pt-BR","@id":"https:\/\/www.estrategiaconcursos.com.br\/blog\/#\/schema\/logo\/image\/","url":"https:\/\/dhg1h5j42swfq.cloudfront.net\/2025\/06\/03203428\/logo_concursos-1.jpg","contentUrl":"https:\/\/dhg1h5j42swfq.cloudfront.net\/2025\/06\/03203428\/logo_concursos-1.jpg","width":230,"height":60,"caption":"Estrat\u00e9gia Concursos"},"image":{"@id":"https:\/\/www.estrategiaconcursos.com.br\/blog\/#\/schema\/logo\/image\/"},"sameAs":["https:\/\/x.com\/EstratConcursos"]},{"@type":"Person","@id":"https:\/\/www.estrategiaconcursos.com.br\/blog\/#\/schema\/person\/e8165364027a31208914fc77c3314727","name":"D\u00e9cio Terror Filho","image":{"@type":"ImageObject","inLanguage":"pt-BR","@id":"https:\/\/secure.gravatar.com\/avatar\/a5b78e734de7c6482e965926e78344deb81abbc34282a3c9536cbb1a59728a37?s=96&d=mm&r=g","url":"https:\/\/secure.gravatar.com\/avatar\/a5b78e734de7c6482e965926e78344deb81abbc34282a3c9536cbb1a59728a37?s=96&d=mm&r=g","contentUrl":"https:\/\/secure.gravatar.com\/avatar\/a5b78e734de7c6482e965926e78344deb81abbc34282a3c9536cbb1a59728a37?s=96&d=mm&r=g","caption":"D\u00e9cio Terror Filho"},"url":"https:\/\/www.estrategiaconcursos.com.br\/blog\/author\/contatoterrorportugues-com-br\/"}]}},"_links":{"self":[{"href":"https:\/\/www.estrategiaconcursos.com.br\/blog\/wp-json\/wp\/v2\/posts\/96441","targetHints":{"allow":["GET"]}}],"collection":[{"href":"https:\/\/www.estrategiaconcursos.com.br\/blog\/wp-json\/wp\/v2\/posts"}],"about":[{"href":"https:\/\/www.estrategiaconcursos.com.br\/blog\/wp-json\/wp\/v2\/types\/post"}],"author":[{"embeddable":true,"href":"https:\/\/www.estrategiaconcursos.com.br\/blog\/wp-json\/wp\/v2\/users\/214"}],"replies":[{"embeddable":true,"href":"https:\/\/www.estrategiaconcursos.com.br\/blog\/wp-json\/wp\/v2\/comments?post=96441"}],"version-history":[{"count":2,"href":"https:\/\/www.estrategiaconcursos.com.br\/blog\/wp-json\/wp\/v2\/posts\/96441\/revisions"}],"predecessor-version":[{"id":96445,"href":"https:\/\/www.estrategiaconcursos.com.br\/blog\/wp-json\/wp\/v2\/posts\/96441\/revisions\/96445"}],"wp:attachment":[{"href":"https:\/\/www.estrategiaconcursos.com.br\/blog\/wp-json\/wp\/v2\/media?parent=96441"}],"wp:term":[{"taxonomy":"category","embeddable":true,"href":"https:\/\/www.estrategiaconcursos.com.br\/blog\/wp-json\/wp\/v2\/categories?post=96441"},{"taxonomy":"post_tag","embeddable":true,"href":"https:\/\/www.estrategiaconcursos.com.br\/blog\/wp-json\/wp\/v2\/tags?post=96441"},{"taxonomy":"tax_estado","embeddable":true,"href":"https:\/\/www.estrategiaconcursos.com.br\/blog\/wp-json\/wp\/v2\/tax_estado?post=96441"}],"curies":[{"name":"wp","href":"https:\/\/api.w.org\/{rel}","templated":true}]}}