{"id":96403,"date":"2017-11-22T18:30:50","date_gmt":"2017-11-22T21:30:50","guid":{"rendered":"https:\/\/www.estrategiaconcursos.com.br\/blog\/?p=96403"},"modified":"2017-11-22T18:41:39","modified_gmt":"2017-11-22T21:41:39","slug":"prova-comentada-direito-constitucional-ajaa","status":"publish","type":"post","link":"https:\/\/www.estrategiaconcursos.com.br\/blog\/prova-comentada-direito-constitucional-ajaa\/","title":{"rendered":"Prova Comentada &#8211; Direito Constitucional &#8211; TST &#8211; AJAA"},"content":{"rendered":"<p>Ol\u00e1, pessoal! Tudo bem?<\/p>\n<p>Em um artigo anterior, eu j\u00e1 comentei a prova de Direito Constitucional do cargo de T\u00e9cnico Judici\u00e1rio (\u00c1rea Administrativa), do TST. Se voc\u00ea tiver interesse, est\u00e1 nesse <a href=\"https:\/\/www.estrategiaconcursos.com.br\/blog\/prova-comentada-direito-constitucional-tst-tjaa\/\">LINK<\/a>.<\/p>\n<p>Agora, irei comentar a prova do cargo de <em><strong>Analista Judici\u00e1rio (\u00c1rea Administrativa)<\/strong><\/em>.<\/p>\n<p>Na minha opini\u00e3o, foi mais uma prova bem elaborada pela FCC, trazendo casos pr\u00e1ticos bastante inteligentes. No entanto, se o candidato soubesse interpretar bem os enunciados, conseguiria resolver as quest\u00f5es sem grandes problemas.<\/p>\n<p>Abra\u00e7os,<\/p>\n<p>Ricardo Vale<\/p>\n<p><em><strong>&#8220;O segredo do sucesso \u00e9 a const\u00e2ncia no objetivo&#8221;<\/strong><\/em><\/p>\n<p style=\"text-align: center\"><span style=\"color: #0000ff\"><strong>PROVA TST \u2013 AJAA<\/strong><\/span><\/p>\n<p style=\"text-align: justify\"><strong>1 &#8211; (FCC \/ TST \u2013 2017) Determinado Munic\u00edpio editou lei prescrevendo que o servidor p\u00fablico municipal titular de cargo p\u00fablico efetivo gozar\u00e1 de f\u00e9rias anuais remuneradas, acrescidas do valor de um quinto sobre sua remunera\u00e7\u00e3o normal. Considerando que at\u00e9 ent\u00e3o o valor do adicional devido ao servidor p\u00fablico por ocasi\u00e3o das f\u00e9rias anuais era equivalente a um ter\u00e7o sobre sua remunera\u00e7\u00e3o normal, a referida lei \u00e9<\/strong><\/p>\n<p style=\"text-align: justify\">a) incompat\u00edvel com a Constitui\u00e7\u00e3o Federal, uma vez que, dentre os direitos trabalhistas assegurados pela Constitui\u00e7\u00e3o ao servidor p\u00fablico nessa situa\u00e7\u00e3o encontra-se o direito ao gozo de f\u00e9rias remuneradas com, pelo menos, um ter\u00e7o a mais do que o sal\u00e1rio normal.<\/p>\n<p style=\"text-align: justify\">b) incompat\u00edvel com a Constitui\u00e7\u00e3o Federal, uma vez que compete privativamente \u00e0 Uni\u00e3o legislar sobre a mat\u00e9ria mediante edi\u00e7\u00e3o de lei de \u00e2mbito nacional.<\/p>\n<p style=\"text-align: justify\">c) incompat\u00edvel com a Constitui\u00e7\u00e3o Federal, uma vez que se trata de mat\u00e9ria sujeita \u00e0 edi\u00e7\u00e3o de norma geral pela Uni\u00e3o, que poder\u00e1 ser suplementada pelos Estados e Distrito Federal, mas n\u00e3o pelos Munic\u00edpios.<\/p>\n<p style=\"text-align: justify\">d) compat\u00edvel com a Constitui\u00e7\u00e3o Federal, uma vez que cabe \u00e0 Uni\u00e3o, aos Estados, aos Munic\u00edpios e ao Distrito Federal estabelecer o regime jur\u00eddico do respectivo funcionalismo p\u00fablico, podendo cada qual dispor sobre o valor do adicional que ser\u00e1 devido aos seus servidores p\u00fablicos por ocasi\u00e3o das f\u00e9rias.<\/p>\n<p style=\"text-align: justify\">e) compat\u00edvel com a Constitui\u00e7\u00e3o Federal, desde que a nova regra seja aplicada apenas aos servidores p\u00fablicos que forem nomeados para o exerc\u00edcio de cargos p\u00fablicos ap\u00f3s a entrada em vigor da lei, sob pena de ser violado o princ\u00edpio da irretroatividade das leis.<\/p>\n<p style=\"text-align: justify\"><strong>Coment\u00e1rios:<\/strong><\/p>\n<p style=\"text-align: justify\">Os direitos sociais dos servidores p\u00fablicos est\u00e3o elencados no art. 39, \u00a7 3\u00ba, CF\/88:<\/p>\n<p style=\"padding-left: 30px;text-align: justify\"><strong><em>Art. 39 (&#8230;)<\/em><\/strong><\/p>\n<p style=\"padding-left: 30px;text-align: justify\"><strong><em>\u00a73\u00ba<\/em><\/strong><em> Aplica-se aos servidores ocupantes de cargo p\u00fablico o disposto no art. 7\u00ba, IV, VII, VIII, IX, XII, XIII, XV, XVI, <strong><u>XVII<\/u><\/strong>, XVIII, XIX, XX, XXII e XXX, podendo a lei estabelecer requisitos diferenciados de admiss\u00e3o quando a natureza do cargo o exigir<\/em>.<\/p>\n<p style=\"text-align: justify\">O servidor p\u00fablico tem direito a <strong><em>f\u00e9rias remunerados<\/em><\/strong> com, pelo menos, <u>um ter\u00e7o a mais do que o sal\u00e1rio normal<\/u> (art. 7\u00ba, XVII, CF\/88). Desse modo, ser\u00e1 incompat\u00edvel com a CF\/88 a lei que disponha que o adicional de f\u00e9rias do servidor p\u00fablico ser\u00e1 de um quinto da sua remunera\u00e7\u00e3o.<\/p>\n<p style=\"text-align: justify\">O gabarito \u00e9 a letra A.<\/p>\n<p style=\"text-align: justify\"><strong>2 &#8211; (FCC \/ TST \u2013 2017) Empregado de certa empresa privada foi eleito membro suplente de diretoria de sindicato de sua categoria, tendo sido demitido de seu emprego quatro meses ap\u00f3s o t\u00e9rmino do mandato sindical, sem que tenha cometido qualquer falta. A demiss\u00e3o desse empregado mostra-se<\/strong><\/p>\n<p style=\"text-align: justify\">a) incompat\u00edvel com a Constitui\u00e7\u00e3o Federal, que veda a dispensa do empregado sindicalizado desde a posse em cargo de dire\u00e7\u00e3o ou representa\u00e7\u00e3o sindical, at\u00e9 um ano ap\u00f3s o final do mandato, salvo se cometer falta grave nos termos da lei.<\/p>\n<p style=\"text-align: justify\">b) incompat\u00edvel com a Constitui\u00e7\u00e3o Federal, que veda a dispensa do empregado sindicalizado, na situa\u00e7\u00e3o retratada, desde o registro da candidatura a cargo de dire\u00e7\u00e3o ou representa\u00e7\u00e3o sindical e, se eleito, ainda que suplente, at\u00e9 um ano ap\u00f3s o final do mandato, salvo se cometer falta grave nos termos da lei.<\/p>\n<p style=\"text-align: justify\">c) incompat\u00edvel com a Constitui\u00e7\u00e3o Federal, que veda a dispensa do empregado sindicalizado, na situa\u00e7\u00e3o retratada, desde o registro da candidatura a cargo de dire\u00e7\u00e3o ou representa\u00e7\u00e3o sindical e, se eleito, ainda que suplente, at\u00e9 seis meses ap\u00f3s o final do mandato, salvo se cometer falta grave nos termos da lei.<\/p>\n<p style=\"text-align: justify\">d) compat\u00edvel com a Constitui\u00e7\u00e3o Federal, que permite a dispensa do empregado sindicalizado eleito membro titular ou suplente de diretoria de sindicato ou de entidade de representa\u00e7\u00e3o sindical, na situa\u00e7\u00e3o retratada.<\/p>\n<p style=\"text-align: justify\">e) compat\u00edvel com a Constitui\u00e7\u00e3o Federal, que n\u00e3o garante estabilidade no emprego \u00e0quele que tenha sido eleito membro suplente de diretoria de sindicato ou de entidade de representa\u00e7\u00e3o sindical.<\/p>\n<p style=\"text-align: justify\"><strong>Coment\u00e1rios:<\/strong><\/p>\n<p style=\"text-align: justify\">Segundo o art. 8\u00ba, VIII, CF\/88, \u201c<em>\u00e9 vedada a dispensa do empregado sindicalizado <u>a partir do registro da candidatura<\/u> a cargo de dire\u00e7\u00e3o ou representa\u00e7\u00e3o sindical e, se eleito, ainda que suplente, <u>at\u00e9 um ano ap\u00f3s o final do mandato<\/u>, salvo se cometer falta grave nos termos da lei<\/em>\u201d.<\/p>\n<p style=\"text-align: justify\">O gabarito \u00e9 a letra B.<\/p>\n<p style=\"text-align: justify\"><strong>3 &#8211; (FCC \/ TST \u2013 2017) Determinados empregados de empresa p\u00fablica estadual, sujeitos ao regime jur\u00eddico trabalhista, tiveram seus sal\u00e1rios majorados para ajust\u00e1-los aos valores m\u00e9dios pagos no mercado. Em raz\u00e3o disso, esses empregados, que antes percebiam sal\u00e1rio em valor equivalente ao subs\u00eddio do Governador, passaram a perceber em valor superior ao do subs\u00eddio pago aos Ministros do Supremo Tribunal Federal \u2013 STF. O aumento, todavia, n\u00e3o impactou os cofres do Tesouro, uma vez que a referida empresa n\u00e3o recebe recursos do Estado para arcar com suas despesas de pessoal e de custeio em geral. Nessa situa\u00e7\u00e3o, a nova remunera\u00e7\u00e3o paga aos referidos empregados mostra-se:<\/strong><\/p>\n<p style=\"text-align: justify\">a) inconstitucional, uma vez que os empregados de empresas p\u00fablicas estaduais n\u00e3o podem perceber sal\u00e1rio acima do subs\u00eddio pago aos Ministros do STF, que constitui o limite remunerat\u00f3rio m\u00e1ximo a ser observado pela Administra\u00e7\u00e3o p\u00fablica em geral, ainda que possam perceber remunera\u00e7\u00e3o superior ao subs\u00eddio pago ao Governador.<\/p>\n<p style=\"text-align: justify\">b) inconstitucional, uma vez que os empregados de empresas p\u00fablicas estaduais n\u00e3o podem perceber sal\u00e1rio acima do subs\u00eddio pago ao Governador, que constitui o limite remunerat\u00f3rio m\u00e1ximo a ser observado pela Administra\u00e7\u00e3o p\u00fablica estadual.<\/p>\n<p style=\"text-align: justify\">c) constitucional, uma vez que, embora os sal\u00e1rios a serem pagos superem o subs\u00eddio dos Ministros do STF, que \u00e9 o limite remunerat\u00f3rio m\u00e1ximo a ser observado pela Administra\u00e7\u00e3o p\u00fablica em geral, os empregados de empresas p\u00fablicas n\u00e3o est\u00e3o sujeitos a esse limite porque s\u00e3o sujeitos ao regime jur\u00eddico trabalhista.<\/p>\n<p style=\"text-align: justify\">d) constitucional, uma vez que, embora os sal\u00e1rios a serem pagos superem o limite remunerat\u00f3rio m\u00e1ximo a ser observado pela Administra\u00e7\u00e3o p\u00fablica estadual, n\u00e3o est\u00e3o sujeitos a esse limite os empregados de empresa p\u00fablica que n\u00e3o receba recursos financeiros do Estado para arcar com suas despesas de pessoal e de custeio em geral.<\/p>\n<p style=\"text-align: justify\">e) constitucional, uma vez que, embora os sal\u00e1rios a serem pagos superem o subs\u00eddio do Governador, que \u00e9 o limite remunerat\u00f3rio m\u00e1ximo a ser observado pela Administra\u00e7\u00e3o p\u00fablica estadual, esse limite aplica-se apenas aos cargos p\u00fablicos, inclusive aos eletivos, mas n\u00e3o aos empregos p\u00fablicos.<\/p>\n<p style=\"text-align: justify\"><strong>Coment\u00e1rios:<\/strong><\/p>\n<p style=\"text-align: justify\">O teto remunerat\u00f3rio da Administra\u00e7\u00e3o P\u00fablica \u00e9 o subs\u00eddio mensal dos Ministros do STF. Esse teto remunerat\u00f3rio <strong><em>se aplica \u00e0s empresas p\u00fablicas e \u00e0s sociedades de economia mista<\/em><\/strong>, e suas subsidi\u00e1rias, que <u>receberem recursos<\/u> da Uni\u00e3o, dos Estados, do Distrito Federal e dos Munic\u00edpios <u>para pagamento de despesas de pessoal ou de custeio em geral<\/u>.<\/p>\n<p style=\"text-align: justify\">Na situa\u00e7\u00e3o apresentada, a empresa p\u00fablica <strong><em>n\u00e3o recebe<\/em><\/strong> recursos p\u00fablicos para pagamento de despesas de pessoal ou de custeio em geral. Logo, n\u00e3o se aplica o teto constitucional. Portanto, <strong><em>a nova remunera\u00e7\u00e3o<\/em><\/strong> paga aos empregados, embora extrapole o teto remunerat\u00f3rio, <strong><em>\u00e9 constitucional<\/em><\/strong>.<\/p>\n<p style=\"text-align: justify\">O gabarito \u00e9 a letra D.<\/p>\n<p style=\"text-align: justify\"><strong>4 &#8211; (FCC \/ TST \u2013 2017) Com a finalidade de conter as despesas da Administra\u00e7\u00e3o p\u00fablica, o Presidente da Rep\u00fablica editou decreto extinguindo Minist\u00e9rio e os cargos p\u00fablicos vagos e preenchidos a ele vinculados, colocando em disponibilidade, com remunera\u00e7\u00e3o proporcional ao tempo de servi\u00e7o, os servidores p\u00fablicos est\u00e1veis ocupantes dos cargos que foram extintos. Considerando a Constitui\u00e7\u00e3o Federal, o Presidente da Rep\u00fablica N\u00c3O poderia ter editado decreto para<\/strong><\/p>\n<p style=\"text-align: justify\">a) extinguir o Minist\u00e9rio e os cargos p\u00fablicos, vagos ou n\u00e3o, nem para determinar que os servidores p\u00fablicos est\u00e1veis ficassem em disponibilidade.<\/p>\n<p style=\"text-align: justify\">b) determinar que os servidores p\u00fablicos est\u00e1veis ficassem em disponibilidade, uma vez que a extin\u00e7\u00e3o de seus cargos enseja aposentadoria compuls\u00f3ria com proventos proporcionais ao tempo de contribui\u00e7\u00e3o, embora o decreto pudesse extinguir o Minist\u00e9rio e os cargos p\u00fablicos, vagos ou n\u00e3o.<\/p>\n<p style=\"text-align: justify\">c) determinar que os servidores p\u00fablicos colocados em disponibilidade percebessem remunera\u00e7\u00e3o proporcional ao tempo de servi\u00e7o, uma vez que deveriam receber o equivalente ao valor da \u00faltima remunera\u00e7\u00e3o percebida no exerc\u00edcio do cargo, embora o decreto pudesse extinguir o Minist\u00e9rio e os cargos p\u00fablicos, vagos ou n\u00e3o.<\/p>\n<p style=\"text-align: justify\">d) extinguir o Minist\u00e9rio, embora o decreto pudesse extinguir os cargos p\u00fablicos, vagos ou n\u00e3o, bem como determinar que os servidores p\u00fablicos est\u00e1veis ficassem em disponibilidade, com remunera\u00e7\u00e3o proporcional ao tempo de servi\u00e7o.<\/p>\n<p style=\"text-align: justify\">e) extinguir o Minist\u00e9rio e os cargos p\u00fablicos preenchidos, embora o Decreto pudesse extinguir os cargos p\u00fablicos vagos.<\/p>\n<p style=\"text-align: justify\"><strong>Coment\u00e1rios:<\/strong><\/p>\n<p style=\"text-align: justify\">O <strong><em>decreto aut\u00f4nomo<\/em><\/strong> pode ser utilizado com duas finalidades distintas:<\/p>\n<p style=\"padding-left: 30px;text-align: justify\"><strong>a)<\/strong> organiza\u00e7\u00e3o e funcionamento da administra\u00e7\u00e3o federal, quando n\u00e3o implicar aumento de despesa <u>nem cria\u00e7\u00e3o ou extin\u00e7\u00e3o de \u00f3rg\u00e3os p\u00fablicos<\/u>;<\/p>\n<p style=\"padding-left: 30px;text-align: justify\"><strong>b)<\/strong> extin\u00e7\u00e3o de fun\u00e7\u00f5es ou cargos p\u00fablicos, <u>quando vagos<\/u>;<\/p>\n<p style=\"text-align: justify\">Assim, na situa\u00e7\u00e3o apresentada, o Presidente da Rep\u00fablica <strong><em>n\u00e3o poderia <\/em><\/strong>extinguir o Minist\u00e9rio, tampouco os cargos p\u00fablicos ocupados. Os cargos p\u00fablicos vagos podem ser extintos por meio de decreto aut\u00f4nomo.<\/p>\n<p style=\"text-align: justify\">O gabarito \u00e9 a letra E.<\/p>\n<p style=\"text-align: justify\"><strong>5 &#8211; (FCC \/ TST \u2013 2017) A Uni\u00e3o pretende cobrir d\u00e9ficit apresentado por empresa p\u00fablica federal mediante utiliza\u00e7\u00e3o de recursos do or\u00e7amento fiscal. A realiza\u00e7\u00e3o dessa despesa, todavia, n\u00e3o foi prevista na lei or\u00e7ament\u00e1ria vigente. Considerando as disposi\u00e7\u00f5es da Constitui\u00e7\u00e3o Federal, a Uni\u00e3o<\/strong><\/p>\n<p style=\"text-align: justify\">a) n\u00e3o poder\u00e1 cobrir o d\u00e9ficit tal como pretendido, uma vez que a despesa n\u00e3o foi prevista na lei or\u00e7ament\u00e1ria, excedendo, portanto, os cr\u00e9ditos or\u00e7ament\u00e1rios, sendo inconstitucional eventual autoriza\u00e7\u00e3o legislativa que permita a execu\u00e7\u00e3o dessa medida.<\/p>\n<p style=\"text-align: justify\">b) n\u00e3o poder\u00e1 cobrir o d\u00e9ficit tal como pretendido, uma vez que \u00e9 vedado \u00e0 Uni\u00e3o cobrir o d\u00e9ficit de empresas p\u00fablicas, sendo inconstitucional eventual autoriza\u00e7\u00e3o legislativa que permita a execu\u00e7\u00e3o dessa medida.<\/p>\n<p style=\"text-align: justify\">c) n\u00e3o poder\u00e1 cobrir o d\u00e9ficit tal como pretendido, uma vez que \u00e9 vedada a utiliza\u00e7\u00e3o de recursos do or\u00e7amento fiscal para a finalidade desejada pela Uni\u00e3o, sendo inconstitucional eventual autoriza\u00e7\u00e3o legislativa que permita a execu\u00e7\u00e3o dessa medida.<\/p>\n<p style=\"text-align: justify\">d) poder\u00e1 cobrir o d\u00e9ficit tal como pretendido, mediante edi\u00e7\u00e3o de decreto de abertura de cr\u00e9dito suplementar, independentemente de autoriza\u00e7\u00e3o legislativa espec\u00edfica.<\/p>\n<p style=\"text-align: justify\">e) poder\u00e1 cobrir o d\u00e9ficit tal como pretendido, mediante autoriza\u00e7\u00e3o legislativa espec\u00edfica.<\/p>\n<p style=\"text-align: justify\"><strong>Coment\u00e1rios:<\/strong><\/p>\n<p style=\"text-align: justify\">Para responder essa quest\u00e3o, o aluno precisava conhecer o art. 167, VIII, CF\/88:<\/p>\n<p style=\"padding-left: 30px;text-align: justify\"><strong><em>Art. 167.<\/em><\/strong><em> S\u00e3o vedados: <\/em><\/p>\n<p style=\"padding-left: 30px;text-align: justify\"><strong><em>(&#8230;)<\/em><\/strong><\/p>\n<p style=\"padding-left: 30px;text-align: justify\"><strong><em>VIII &#8211;<\/em><\/strong><em> a utiliza\u00e7\u00e3o, <u>sem autoriza\u00e7\u00e3o legislativa espec\u00edfica<\/u>, de recursos dos or\u00e7amentos fiscal e da seguridade social para suprir necessidade ou cobrir d\u00e9ficit de empresas, funda\u00e7\u00f5es e fundos, inclusive dos mencionados no art. 165, \u00a7 5\u00ba<\/em><\/p>\n<p style=\"text-align: justify\"><strong><em>Havendo autoriza\u00e7\u00e3o legislativa espec\u00edfica<\/em><\/strong>, os recursos do or\u00e7amento fiscal e da seguridade social <strong><em>poder\u00e3o cobrir d\u00e9ficit<\/em><\/strong> de empresa p\u00fablica.<\/p>\n<p style=\"text-align: justify\">O gabarito \u00e9 a letra E.<\/p>\n<p style=\"text-align: justify\"><strong>6 &#8211; (FCC \/ TST \u2013 2017) O \u00f3rg\u00e3o federal de fiscaliza\u00e7\u00e3o das rela\u00e7\u00f5es de trabalho imp\u00f4s penalidade administrativa contra certa empresa, por viola\u00e7\u00e3o a determinadas normas de prote\u00e7\u00e3o \u00e0 sa\u00fade e \u00e0 seguran\u00e7a do trabalhador. A empresa pretende propor a\u00e7\u00e3o para impugnar o ato administrativo que lhe imp\u00f4s a multa, por entend\u00ea-lo ilegal. Nesse caso, a a\u00e7\u00e3o dever\u00e1 ser proposta perante o<\/strong><\/p>\n<p style=\"text-align: justify\">a) juiz estadual competente, sendo vedado pela Constitui\u00e7\u00e3o Federal o ajuizamento perante o juizado especial estadual.<\/p>\n<p style=\"text-align: justify\">b) juiz estadual competente, n\u00e3o sendo vedado pela Constitui\u00e7\u00e3o Federal o ajuizamento perante o juizado especial estadual.<\/p>\n<p style=\"text-align: justify\">c) Tribunal de Justi\u00e7a competente originariamente para o feito.<\/p>\n<p style=\"text-align: justify\">d) \u00f3rg\u00e3o da justi\u00e7a do trabalho competente.<\/p>\n<p style=\"text-align: justify\">e) \u00f3rg\u00e3o da justi\u00e7a federal competente.<\/p>\n<p style=\"text-align: justify\"><strong>Coment\u00e1rios:<\/strong><\/p>\n<p style=\"text-align: justify\">\u00c9 compet\u00eancia da Justi\u00e7a do Trabalho processar e julgar <em>\u201cas a\u00e7\u00f5es relativas \u00e0s penalidades administrativas impostas aos empregadores pelos \u00f3rg\u00e3os de fiscaliza\u00e7\u00e3o das rela\u00e7\u00f5es de trabalho\u201d<\/em> (art. 114, VII, CF\/88).<\/p>\n<p style=\"text-align: justify\">O gabarito \u00e9 a letra D.<\/p>\n<p style=\"text-align: justify\"><strong>7 &#8211; (FCC \/ TST \u2013 2017) Em junho de 2014, empresa p\u00fablica federal contratou, mediante concurso p\u00fablico, empregados p\u00fablicos que iniciaram o exerc\u00edcio de suas fun\u00e7\u00f5es naquele m\u00eas. Em julho de 2017 houve den\u00fancia de que um desses empregados praticou ato de improbidade administrativa. O fato ensejou o ajuizamento de a\u00e7\u00e3o civil por improbidade administrativa, proposta pelo Minist\u00e9rio P\u00fablico, na qual se pleiteou, entre outras medidas, a condena\u00e7\u00e3o do empregado na perda da fun\u00e7\u00e3o p\u00fablica. \u00c0 luz da Constitui\u00e7\u00e3o Federal, em tese, a senten\u00e7a proferida na a\u00e7\u00e3o civil por improbidade administrativa<\/strong><\/p>\n<p style=\"text-align: justify\">a) n\u00e3o poder\u00e1 impor a perda da fun\u00e7\u00e3o p\u00fablica ao empregado, que poder\u00e1, todavia, ser demitido mediante avalia\u00e7\u00e3o especial de desempenho executada pela empresa contratante, assegurada a ampla defesa, podendo, ainda, perder a fun\u00e7\u00e3o em raz\u00e3o de senten\u00e7a penal transitada em julgado.<\/p>\n<p style=\"text-align: justify\">b) n\u00e3o poder\u00e1 impor a perda da fun\u00e7\u00e3o p\u00fablica ao empregado, que apenas poder\u00e1 ser demitido por ato privativo da Administra\u00e7\u00e3o p\u00fablica, estando essa medida fora das atribui\u00e7\u00f5es do Poder Judici\u00e1rio.<\/p>\n<p style=\"text-align: justify\">c) poder\u00e1 impor a perda da fun\u00e7\u00e3o p\u00fablica ao empregado.<\/p>\n<p style=\"text-align: justify\">d) n\u00e3o poder\u00e1 impor a perda da fun\u00e7\u00e3o p\u00fablica ao empregado, uma vez que j\u00e1 adquiriu estabilidade no emprego, podendo perd\u00ea-lo apenas em raz\u00e3o de senten\u00e7a penal transitada em julgado.<\/p>\n<p style=\"text-align: justify\">e) n\u00e3o poder\u00e1 impor a perda da fun\u00e7\u00e3o p\u00fablica ao empregado, uma vez que j\u00e1 adquiriu estabilidade no emprego, podendo perd\u00ea-lo apenas em raz\u00e3o de senten\u00e7a penal transitada em julgado ou mediante processo administrativo em que lhe seja assegurada a ampla defesa.<\/p>\n<p style=\"text-align: justify\"><strong>Coment\u00e1rios:<\/strong><\/p>\n<p style=\"text-align: justify\">A improbidade administrativa tem as <strong><em>seguintes consequ\u00eancias<\/em><\/strong>: <strong>i)<\/strong> perda da fun\u00e7\u00e3o p\u00fablica; <strong>ii) <\/strong>suspens\u00e3o dos direitos pol\u00edticos; <strong>iii)<\/strong> indisponibilidade dos bens e; <strong>iv)<\/strong> ressarcimento ao Er\u00e1rio.<\/p>\n<p style=\"text-align: justify\">O gabarito \u00e9 a letra C.<\/p>\n","protected":false},"excerpt":{"rendered":"<p>Ol\u00e1, pessoal! Tudo bem? Em um artigo anterior, eu j\u00e1 comentei a prova de Direito Constitucional do cargo de T\u00e9cnico Judici\u00e1rio (\u00c1rea Administrativa), do TST. Se voc\u00ea tiver interesse, est\u00e1 nesse LINK. Agora, irei comentar a prova do cargo de Analista Judici\u00e1rio (\u00c1rea Administrativa). Na minha opini\u00e3o, foi mais uma prova bem elaborada pela FCC, [&hellip;]<\/p>\n","protected":false},"author":26,"featured_media":0,"comment_status":"open","ping_status":"closed","sticky":false,"template":"","format":"standard","meta":{"post_tipo":"article","footnotes":""},"categories":[1],"tags":[],"tax_estado":[],"class_list":["post-96403","post","type-post","status-publish","format-standard","hentry","category-cursos-e-concursos"],"acf":[],"yoast_head":"<!-- This site is optimized with the Yoast SEO Premium plugin v27.2 (Yoast SEO v27.2) - https:\/\/yoast.com\/product\/yoast-seo-premium-wordpress\/ -->\n<title>Prova Comentada - Direito Constitucional - TST - AJAA<\/title>\n<meta name=\"robots\" content=\"index, follow, max-snippet:-1, max-image-preview:large, max-video-preview:-1\" \/>\n<link rel=\"canonical\" href=\"https:\/\/www.estrategiaconcursos.com.br\/blog\/prova-comentada-direito-constitucional-ajaa\/\" \/>\n<meta property=\"og:locale\" content=\"pt_BR\" \/>\n<meta property=\"og:type\" content=\"article\" \/>\n<meta property=\"og:title\" content=\"Prova Comentada - Direito Constitucional - TST - AJAA\" \/>\n<meta property=\"og:description\" content=\"Ol\u00e1, pessoal! Tudo bem? Em um artigo anterior, eu j\u00e1 comentei a prova de Direito Constitucional do cargo de T\u00e9cnico Judici\u00e1rio (\u00c1rea Administrativa), do TST. Se voc\u00ea tiver interesse, est\u00e1 nesse LINK. Agora, irei comentar a prova do cargo de Analista Judici\u00e1rio (\u00c1rea Administrativa). Na minha opini\u00e3o, foi mais uma prova bem elaborada pela FCC, [&hellip;]\" \/>\n<meta property=\"og:url\" content=\"https:\/\/www.estrategiaconcursos.com.br\/blog\/prova-comentada-direito-constitucional-ajaa\/\" \/>\n<meta property=\"og:site_name\" content=\"Estrat\u00e9gia Concursos\" \/>\n<meta property=\"article:author\" content=\"https:\/\/www.facebook.com\/rvale01\" \/>\n<meta property=\"article:published_time\" content=\"2017-11-22T21:30:50+00:00\" \/>\n<meta property=\"article:modified_time\" content=\"2017-11-22T21:41:39+00:00\" \/>\n<meta name=\"author\" content=\"Ricardo Vale\" \/>\n<meta name=\"twitter:card\" content=\"summary_large_image\" \/>\n<meta name=\"twitter:creator\" content=\"@https:\/\/twitter.com\/EstratConcursos\" \/>\n<meta name=\"twitter:site\" content=\"@EstratConcursos\" \/>\n<meta name=\"twitter:label1\" content=\"Escrito por\" \/>\n\t<meta name=\"twitter:data1\" content=\"Ricardo Vale\" \/>\n\t<meta name=\"twitter:label2\" content=\"Est. tempo de leitura\" \/>\n\t<meta name=\"twitter:data2\" content=\"13 minutos\" \/>\n<script type=\"application\/ld+json\" class=\"yoast-schema-graph\">{\"@context\":\"https:\/\/schema.org\",\"@graph\":[{\"@type\":\"NewsArticle\",\"@id\":\"https:\/\/www.estrategiaconcursos.com.br\/blog\/prova-comentada-direito-constitucional-ajaa\/#article\",\"isPartOf\":{\"@id\":\"https:\/\/www.estrategiaconcursos.com.br\/blog\/prova-comentada-direito-constitucional-ajaa\/\"},\"author\":{\"name\":\"Ricardo Vale\",\"@id\":\"https:\/\/www.estrategiaconcursos.com.br\/blog\/#\/schema\/person\/c32e47dba2159cafe7796a9569a6ff7e\"},\"headline\":\"Prova Comentada &#8211; Direito Constitucional &#8211; TST &#8211; AJAA\",\"datePublished\":\"2017-11-22T21:30:50+00:00\",\"dateModified\":\"2017-11-22T21:41:39+00:00\",\"mainEntityOfPage\":{\"@id\":\"https:\/\/www.estrategiaconcursos.com.br\/blog\/prova-comentada-direito-constitucional-ajaa\/\"},\"wordCount\":2533,\"commentCount\":0,\"publisher\":{\"@id\":\"https:\/\/www.estrategiaconcursos.com.br\/blog\/#organization\"},\"articleSection\":[\"Concursos P\u00fablicos\"],\"inLanguage\":\"pt-BR\",\"potentialAction\":[{\"@type\":\"CommentAction\",\"name\":\"Comment\",\"target\":[\"https:\/\/www.estrategiaconcursos.com.br\/blog\/prova-comentada-direito-constitucional-ajaa\/#respond\"]}],\"copyrightYear\":\"2017\",\"copyrightHolder\":{\"@id\":\"https:\/\/www.estrategiaconcursos.com.br\/blog\/#organization\"}},{\"@type\":\"WebPage\",\"@id\":\"https:\/\/www.estrategiaconcursos.com.br\/blog\/prova-comentada-direito-constitucional-ajaa\/\",\"url\":\"https:\/\/www.estrategiaconcursos.com.br\/blog\/prova-comentada-direito-constitucional-ajaa\/\",\"name\":\"Prova Comentada - Direito Constitucional - TST - AJAA\",\"isPartOf\":{\"@id\":\"https:\/\/www.estrategiaconcursos.com.br\/blog\/#website\"},\"datePublished\":\"2017-11-22T21:30:50+00:00\",\"dateModified\":\"2017-11-22T21:41:39+00:00\",\"breadcrumb\":{\"@id\":\"https:\/\/www.estrategiaconcursos.com.br\/blog\/prova-comentada-direito-constitucional-ajaa\/#breadcrumb\"},\"inLanguage\":\"pt-BR\",\"potentialAction\":[{\"@type\":\"ReadAction\",\"target\":[\"https:\/\/www.estrategiaconcursos.com.br\/blog\/prova-comentada-direito-constitucional-ajaa\/\"]}]},{\"@type\":\"BreadcrumbList\",\"@id\":\"https:\/\/www.estrategiaconcursos.com.br\/blog\/prova-comentada-direito-constitucional-ajaa\/#breadcrumb\",\"itemListElement\":[{\"@type\":\"ListItem\",\"position\":1,\"name\":\"In\u00edcio\",\"item\":\"https:\/\/www.estrategiaconcursos.com.br\/blog\/\"},{\"@type\":\"ListItem\",\"position\":2,\"name\":\"Prova Comentada &#8211; Direito Constitucional &#8211; TST &#8211; AJAA\"}]},{\"@type\":\"WebSite\",\"@id\":\"https:\/\/www.estrategiaconcursos.com.br\/blog\/#website\",\"url\":\"https:\/\/www.estrategiaconcursos.com.br\/blog\/\",\"name\":\"Estrat\u00e9gia Concursos\",\"description\":\"O blog da Estrat\u00e9gia Concursos traz not\u00edcias sobre concursos e artigos de professores oferecendo cursos para concursos (pdf + videaulas) no site.\",\"publisher\":{\"@id\":\"https:\/\/www.estrategiaconcursos.com.br\/blog\/#organization\"},\"potentialAction\":[{\"@type\":\"SearchAction\",\"target\":{\"@type\":\"EntryPoint\",\"urlTemplate\":\"https:\/\/www.estrategiaconcursos.com.br\/blog\/?s={search_term_string}\"},\"query-input\":{\"@type\":\"PropertyValueSpecification\",\"valueRequired\":true,\"valueName\":\"search_term_string\"}}],\"inLanguage\":\"pt-BR\"},{\"@type\":\"Organization\",\"@id\":\"https:\/\/www.estrategiaconcursos.com.br\/blog\/#organization\",\"name\":\"Estrat\u00e9gia Concursos\",\"url\":\"https:\/\/www.estrategiaconcursos.com.br\/blog\/\",\"logo\":{\"@type\":\"ImageObject\",\"inLanguage\":\"pt-BR\",\"@id\":\"https:\/\/www.estrategiaconcursos.com.br\/blog\/#\/schema\/logo\/image\/\",\"url\":\"https:\/\/dhg1h5j42swfq.cloudfront.net\/2025\/06\/03203428\/logo_concursos-1.jpg\",\"contentUrl\":\"https:\/\/dhg1h5j42swfq.cloudfront.net\/2025\/06\/03203428\/logo_concursos-1.jpg\",\"width\":230,\"height\":60,\"caption\":\"Estrat\u00e9gia Concursos\"},\"image\":{\"@id\":\"https:\/\/www.estrategiaconcursos.com.br\/blog\/#\/schema\/logo\/image\/\"},\"sameAs\":[\"https:\/\/x.com\/EstratConcursos\"]},{\"@type\":\"Person\",\"@id\":\"https:\/\/www.estrategiaconcursos.com.br\/blog\/#\/schema\/person\/c32e47dba2159cafe7796a9569a6ff7e\",\"name\":\"Ricardo Vale\",\"image\":{\"@type\":\"ImageObject\",\"inLanguage\":\"pt-BR\",\"@id\":\"https:\/\/secure.gravatar.com\/avatar\/e5a5658c798bb49dd53314263f59f38c192d73370fb65839a372c2ae9027be74?s=96&d=mm&r=g\",\"url\":\"https:\/\/secure.gravatar.com\/avatar\/e5a5658c798bb49dd53314263f59f38c192d73370fb65839a372c2ae9027be74?s=96&d=mm&r=g\",\"contentUrl\":\"https:\/\/secure.gravatar.com\/avatar\/e5a5658c798bb49dd53314263f59f38c192d73370fb65839a372c2ae9027be74?s=96&d=mm&r=g\",\"caption\":\"Ricardo Vale\"},\"sameAs\":[\"https:\/\/www.facebook.com\/rvale01\",\"https:\/\/x.com\/https:\/\/twitter.com\/EstratConcursos\"],\"url\":\"https:\/\/www.estrategiaconcursos.com.br\/blog\/author\/ricardovaleestrategiaconcursos-com-br\/\"}]}<\/script>\n<!-- \/ Yoast SEO Premium plugin. -->","yoast_head_json":{"title":"Prova Comentada - Direito Constitucional - TST - AJAA","robots":{"index":"index","follow":"follow","max-snippet":"max-snippet:-1","max-image-preview":"max-image-preview:large","max-video-preview":"max-video-preview:-1"},"canonical":"https:\/\/www.estrategiaconcursos.com.br\/blog\/prova-comentada-direito-constitucional-ajaa\/","og_locale":"pt_BR","og_type":"article","og_title":"Prova Comentada - Direito Constitucional - TST - AJAA","og_description":"Ol\u00e1, pessoal! Tudo bem? Em um artigo anterior, eu j\u00e1 comentei a prova de Direito Constitucional do cargo de T\u00e9cnico Judici\u00e1rio (\u00c1rea Administrativa), do TST. Se voc\u00ea tiver interesse, est\u00e1 nesse LINK. Agora, irei comentar a prova do cargo de Analista Judici\u00e1rio (\u00c1rea Administrativa). Na minha opini\u00e3o, foi mais uma prova bem elaborada pela FCC, [&hellip;]","og_url":"https:\/\/www.estrategiaconcursos.com.br\/blog\/prova-comentada-direito-constitucional-ajaa\/","og_site_name":"Estrat\u00e9gia Concursos","article_author":"https:\/\/www.facebook.com\/rvale01","article_published_time":"2017-11-22T21:30:50+00:00","article_modified_time":"2017-11-22T21:41:39+00:00","author":"Ricardo Vale","twitter_card":"summary_large_image","twitter_creator":"@https:\/\/twitter.com\/EstratConcursos","twitter_site":"@EstratConcursos","twitter_misc":{"Escrito por":"Ricardo Vale","Est. tempo de leitura":"13 minutos"},"schema":{"@context":"https:\/\/schema.org","@graph":[{"@type":"NewsArticle","@id":"https:\/\/www.estrategiaconcursos.com.br\/blog\/prova-comentada-direito-constitucional-ajaa\/#article","isPartOf":{"@id":"https:\/\/www.estrategiaconcursos.com.br\/blog\/prova-comentada-direito-constitucional-ajaa\/"},"author":{"name":"Ricardo Vale","@id":"https:\/\/www.estrategiaconcursos.com.br\/blog\/#\/schema\/person\/c32e47dba2159cafe7796a9569a6ff7e"},"headline":"Prova Comentada &#8211; Direito Constitucional &#8211; TST &#8211; AJAA","datePublished":"2017-11-22T21:30:50+00:00","dateModified":"2017-11-22T21:41:39+00:00","mainEntityOfPage":{"@id":"https:\/\/www.estrategiaconcursos.com.br\/blog\/prova-comentada-direito-constitucional-ajaa\/"},"wordCount":2533,"commentCount":0,"publisher":{"@id":"https:\/\/www.estrategiaconcursos.com.br\/blog\/#organization"},"articleSection":["Concursos P\u00fablicos"],"inLanguage":"pt-BR","potentialAction":[{"@type":"CommentAction","name":"Comment","target":["https:\/\/www.estrategiaconcursos.com.br\/blog\/prova-comentada-direito-constitucional-ajaa\/#respond"]}],"copyrightYear":"2017","copyrightHolder":{"@id":"https:\/\/www.estrategiaconcursos.com.br\/blog\/#organization"}},{"@type":"WebPage","@id":"https:\/\/www.estrategiaconcursos.com.br\/blog\/prova-comentada-direito-constitucional-ajaa\/","url":"https:\/\/www.estrategiaconcursos.com.br\/blog\/prova-comentada-direito-constitucional-ajaa\/","name":"Prova Comentada - Direito Constitucional - TST - AJAA","isPartOf":{"@id":"https:\/\/www.estrategiaconcursos.com.br\/blog\/#website"},"datePublished":"2017-11-22T21:30:50+00:00","dateModified":"2017-11-22T21:41:39+00:00","breadcrumb":{"@id":"https:\/\/www.estrategiaconcursos.com.br\/blog\/prova-comentada-direito-constitucional-ajaa\/#breadcrumb"},"inLanguage":"pt-BR","potentialAction":[{"@type":"ReadAction","target":["https:\/\/www.estrategiaconcursos.com.br\/blog\/prova-comentada-direito-constitucional-ajaa\/"]}]},{"@type":"BreadcrumbList","@id":"https:\/\/www.estrategiaconcursos.com.br\/blog\/prova-comentada-direito-constitucional-ajaa\/#breadcrumb","itemListElement":[{"@type":"ListItem","position":1,"name":"In\u00edcio","item":"https:\/\/www.estrategiaconcursos.com.br\/blog\/"},{"@type":"ListItem","position":2,"name":"Prova Comentada &#8211; Direito Constitucional &#8211; TST &#8211; AJAA"}]},{"@type":"WebSite","@id":"https:\/\/www.estrategiaconcursos.com.br\/blog\/#website","url":"https:\/\/www.estrategiaconcursos.com.br\/blog\/","name":"Estrat\u00e9gia Concursos","description":"O blog da Estrat\u00e9gia Concursos traz not\u00edcias sobre concursos e artigos de professores oferecendo cursos para concursos (pdf + videaulas) no site.","publisher":{"@id":"https:\/\/www.estrategiaconcursos.com.br\/blog\/#organization"},"potentialAction":[{"@type":"SearchAction","target":{"@type":"EntryPoint","urlTemplate":"https:\/\/www.estrategiaconcursos.com.br\/blog\/?s={search_term_string}"},"query-input":{"@type":"PropertyValueSpecification","valueRequired":true,"valueName":"search_term_string"}}],"inLanguage":"pt-BR"},{"@type":"Organization","@id":"https:\/\/www.estrategiaconcursos.com.br\/blog\/#organization","name":"Estrat\u00e9gia Concursos","url":"https:\/\/www.estrategiaconcursos.com.br\/blog\/","logo":{"@type":"ImageObject","inLanguage":"pt-BR","@id":"https:\/\/www.estrategiaconcursos.com.br\/blog\/#\/schema\/logo\/image\/","url":"https:\/\/dhg1h5j42swfq.cloudfront.net\/2025\/06\/03203428\/logo_concursos-1.jpg","contentUrl":"https:\/\/dhg1h5j42swfq.cloudfront.net\/2025\/06\/03203428\/logo_concursos-1.jpg","width":230,"height":60,"caption":"Estrat\u00e9gia Concursos"},"image":{"@id":"https:\/\/www.estrategiaconcursos.com.br\/blog\/#\/schema\/logo\/image\/"},"sameAs":["https:\/\/x.com\/EstratConcursos"]},{"@type":"Person","@id":"https:\/\/www.estrategiaconcursos.com.br\/blog\/#\/schema\/person\/c32e47dba2159cafe7796a9569a6ff7e","name":"Ricardo Vale","image":{"@type":"ImageObject","inLanguage":"pt-BR","@id":"https:\/\/secure.gravatar.com\/avatar\/e5a5658c798bb49dd53314263f59f38c192d73370fb65839a372c2ae9027be74?s=96&d=mm&r=g","url":"https:\/\/secure.gravatar.com\/avatar\/e5a5658c798bb49dd53314263f59f38c192d73370fb65839a372c2ae9027be74?s=96&d=mm&r=g","contentUrl":"https:\/\/secure.gravatar.com\/avatar\/e5a5658c798bb49dd53314263f59f38c192d73370fb65839a372c2ae9027be74?s=96&d=mm&r=g","caption":"Ricardo Vale"},"sameAs":["https:\/\/www.facebook.com\/rvale01","https:\/\/x.com\/https:\/\/twitter.com\/EstratConcursos"],"url":"https:\/\/www.estrategiaconcursos.com.br\/blog\/author\/ricardovaleestrategiaconcursos-com-br\/"}]}},"_links":{"self":[{"href":"https:\/\/www.estrategiaconcursos.com.br\/blog\/wp-json\/wp\/v2\/posts\/96403","targetHints":{"allow":["GET"]}}],"collection":[{"href":"https:\/\/www.estrategiaconcursos.com.br\/blog\/wp-json\/wp\/v2\/posts"}],"about":[{"href":"https:\/\/www.estrategiaconcursos.com.br\/blog\/wp-json\/wp\/v2\/types\/post"}],"author":[{"embeddable":true,"href":"https:\/\/www.estrategiaconcursos.com.br\/blog\/wp-json\/wp\/v2\/users\/26"}],"replies":[{"embeddable":true,"href":"https:\/\/www.estrategiaconcursos.com.br\/blog\/wp-json\/wp\/v2\/comments?post=96403"}],"version-history":[{"count":2,"href":"https:\/\/www.estrategiaconcursos.com.br\/blog\/wp-json\/wp\/v2\/posts\/96403\/revisions"}],"predecessor-version":[{"id":96407,"href":"https:\/\/www.estrategiaconcursos.com.br\/blog\/wp-json\/wp\/v2\/posts\/96403\/revisions\/96407"}],"wp:attachment":[{"href":"https:\/\/www.estrategiaconcursos.com.br\/blog\/wp-json\/wp\/v2\/media?parent=96403"}],"wp:term":[{"taxonomy":"category","embeddable":true,"href":"https:\/\/www.estrategiaconcursos.com.br\/blog\/wp-json\/wp\/v2\/categories?post=96403"},{"taxonomy":"post_tag","embeddable":true,"href":"https:\/\/www.estrategiaconcursos.com.br\/blog\/wp-json\/wp\/v2\/tags?post=96403"},{"taxonomy":"tax_estado","embeddable":true,"href":"https:\/\/www.estrategiaconcursos.com.br\/blog\/wp-json\/wp\/v2\/tax_estado?post=96403"}],"curies":[{"name":"wp","href":"https:\/\/api.w.org\/{rel}","templated":true}]}}