{"id":963639,"date":"2022-02-07T16:07:00","date_gmt":"2022-02-07T19:07:00","guid":{"rendered":"https:\/\/www.estrategiaconcursos.com.br\/blog\/?p=963639"},"modified":"2022-02-07T17:13:47","modified_gmt":"2022-02-07T20:13:47","slug":"sedf-4-254-vagas-autorizadas-para-efetivos","status":"publish","type":"post","link":"https:\/\/www.estrategiaconcursos.com.br\/blog\/sedf-4-254-vagas-autorizadas-para-efetivos\/","title":{"rendered":"SEDF &#8211; 4.254 vagas autorizadas para efetivos: Saiba mais!"},"content":{"rendered":"\n<p>O professor <em><\/em><em><strong>Rodrigo Francelino<\/strong><\/em> ministra nesta segunda-feira, 7 de fevereiro de 2022, \u00e0s 17:00, o evento &#8220;<em>SEDF &#8211; 4.254 vagas autorizadas para efetivos<\/em>.&#8221; Acompanhe ao vivo e gratuitamente pelo canal do Estrat\u00e9gia Concursos no Youtube. <\/p>\n\n\n\n<h3 class=\"wp-block-heading\" id=\"h-sedf-4-254-vagas-autorizadas-para-efetivos-cronograma\">SEDF &#8211; 4.254 vagas autorizadas para efetivos: cronograma<\/h3>\n\n\n\n<p class=\"has-background\" style=\"background-color:#cfd9e2\"><strong>Data: <\/strong>07\/02\/2022<br \/><strong>Hor\u00e1rio: <\/strong>17:00<br \/><strong>Onde: <\/strong><a href=\"https:\/\/www.youtube.com\/channel\/UChvwkhC3eHxJsVxW_ItDjdA\" target=\"_blank\" rel=\"noreferrer noopener\">canal do Estrat\u00e9gia Concursos no Youtube<\/a><br \/><strong>Professor: <\/strong><em><strong>Rodrigo Francelino<\/strong><\/em><\/p>\n\n\n<figure class=\"wp-block-embed-youtube wp-block-embed is-type-video is-provider-youtube wp-embed-aspect-16-9 wp-has-aspect-ratio\"><div class=\"lyte-wrapper\" style=\"width:853px;max-width:100%;margin:5px;\"><div class=\"lyMe\" id=\"WYL_09d5PN88ZdA\"><div id=\"lyte_09d5PN88ZdA\" data-src=\"\/\/i.ytimg.com\/vi\/09d5PN88ZdA\/hqdefault.jpg\" class=\"pL\"><div class=\"tC\"><div class=\"tT\"><\/div><\/div><div class=\"play\"><\/div><div class=\"ctrl\"><div class=\"Lctrl\"><\/div><div class=\"Rctrl\"><\/div><\/div><\/div><noscript><a href=\"https:\/\/youtu.be\/09d5PN88ZdA\" rel=\"nofollow\"><img loading=\"lazy\" decoding=\"async\" src=\"https:\/\/i.ytimg.com\/vi\/09d5PN88ZdA\/0.jpg\" alt=\"YouTube video thumbnail\" width=\"853\" height=\"460\" \/><br \/>Assista a este v\u00eddeo no YouTube<\/a><\/noscript><\/div><\/div><div class=\"lL\" style=\"max-width:100%;width:853px;margin:5px;\"><\/div><figcaption><\/figcaption><\/figure>\n\n\n<h3 class=\"wp-block-heading\" id=\"h-sedf-4-254-vagas-autorizadas-para-efetivos-curiosidades\">SEDF &#8211; 4.254 vagas autorizadas para efetivos: curiosidades<\/h3>\n\n\n\n<p>O novo concurso p\u00fablico da\u00a0<strong>Secretaria de Educa\u00e7\u00e3o do Distrito Federal<\/strong> foi <strong>autorizado<\/strong> e\u00a0ofertar\u00e1 <strong>4.254 vagas entre imediatas e cadastro reserva.<\/strong> As vagas ser\u00e3o destinadas a Professor de educa\u00e7\u00e3o b\u00e1sica (40h), Pedagogo-Orientador Educacional, Analista de Gest\u00e3o Educacional da Carreira Assist\u00eancia \u00e0 Educa\u00e7\u00e3o. <\/p>\n\n\n\n<p> Vale lembrar que a C\u00e2mara Legislativa do Distrito Federal j\u00e1 havia aprovado um projeto que altera a leis de Diretrizes Or\u00e7ament\u00e1rias (LDO) de 2022. Proposto pelo Governador do DF, o PL incluiu a autoriza\u00e7\u00e3o para o provimento de cargos mediante concurso p\u00fablico. <\/p>\n\n\n\n<p>As vagas ser\u00e3o distribu\u00eddas da seguinte forma: <\/p>\n\n\n\n<ul class=\"wp-block-list\"><li>Professor de educa\u00e7\u00e3o b\u00e1sica (40h): 776 vagas + 3.104 CR<\/li><li>Pedagogo-Orientador Educacional: 20 vagas + 80 CR<\/li><li>Analista de Gest\u00e3o Educacional da Carreira Assist\u00eancia \u00e0 Educa\u00e7\u00e3o: 16 vagas + 258 CR.<\/li><\/ul>\n\n\n\n<p>Para ingressar na carreira de Professor de Educa\u00e7\u00e3o B\u00e1sica do Distrito Federal \u00e9 necess\u00e1rio ter conclu\u00eddo o <strong>bacharelado<\/strong> e a <strong>licenciatura<\/strong> na \u00e1rea a que concorre. <\/p>\n\n\n\n<p>Importante rememorar que a l\u00edngua espanhola constar\u00e1 como obrigat\u00f3ria na grade curricular das escolas p\u00fablicas do DF, para estudantes do ensino m\u00e9dio. Isso gra\u00e7as \u00e0 Proposta de Emenda \u00e0 Lei Org\u00e2nica (Pelo) n\u00ba 37. A altera\u00e7\u00e3o, por\u00e9m s\u00f3 ser\u00e1 poss\u00edvel com realiza\u00e7\u00e3o deste novo concurso SEDF para a Educa\u00e7\u00e3o. <\/p>\n\n\n\n<p>Quer saber mais sobre o certame? N\u00e3o perca o evento de hoje!<\/p>\n\n\n\n<h2 class=\"has-text-align-center wp-block-heading\" id=\"h-quer-saber-tudo-sobre-concursos-previstos-confira-nossos-artigos\">Quer saber tudo sobre concursos previstos?<br \/>Confira nossos artigos!<\/h2>\n\n\n\n<ul class=\"wp-block-list\"><li><a href=\"https:\/\/www.estrategiaconcursos.com.br\/blog\/concursos-abertos\/\" target=\"_blank\" rel=\"noreferrer noopener\">Concursos abertos<\/a><\/li><li><a href=\"https:\/\/www.estrategiaconcursos.com.br\/blog\/concursos-2022\/\" target=\"_blank\" rel=\"noreferrer noopener\">Concursos 2022<\/a><\/li><\/ul>\n\n\n\n<h2 class=\"has-text-align-center wp-block-heading\" id=\"cursos\">Quer estudar para o concurso SEDF?<\/h2>\n\n\n\n<div class=\"col-sm\">\n      <div class=\"banner-estrategia\" id=\"box-assinatura\">\n        <h3 class=\"titulo-assinatura\">Cursos para SEDF<\/h3>\n        <p class=\"subtitulo-assinatura\">Conhe\u00e7a os cursos<\/p>\n        <div class=\"box-botao\">\n          <a class=\"btn-assinatura\" target=\"_blank\" href=\"https:\/\/www.estrategiaconcursos.com.br\/cursosPorConcurso\/secretaria-da-educacao-df\/\" role=\"button\" rel=\"noopener noreferrer\">Conhe\u00e7a mais<\/a>\n        <\/div>\n      <\/div>\n      <p class=\"texto-auxiliar\"><\/p>\n    <\/div>\n\n\n\n<div class=\"container\" id=\"boxes\">\n  <div class=\"row\">\n\n    <div class=\"col-sm\">\n      <div class=\"estrategia\" id=\"box-assinatura\">\n        <h3 class=\"titulo-assinatura\">Assinaturas<\/h3>\n        <p class=\"subtitulo-assinatura\">Assinatura de 1 ano ou 2 anos<\/p>\n        <div class=\"box-botao\">\n          <a class=\"btn-assinatura\" target=\"_blank\" href=\"https:\/\/www.estrategiaconcursos.com.br\/assinaturas\/\" role=\"button\" rel=\"noopener noreferrer\">ASSINE AGORA<\/a>\n        <\/div>\n      <\/div>\n     \n    <\/div><\/div><\/div>\n","protected":false},"excerpt":{"rendered":"<p>O professor Rodrigo Francelino ministra nesta segunda-feira, 7 de fevereiro de 2022, \u00e0s 17:00, o evento &#8220;SEDF &#8211; 4.254 vagas autorizadas para efetivos.&#8221; Acompanhe ao vivo e gratuitamente pelo canal do Estrat\u00e9gia Concursos no Youtube. SEDF &#8211; 4.254 vagas autorizadas para efetivos: cronograma Data: 07\/02\/2022Hor\u00e1rio: 17:00Onde: canal do Estrat\u00e9gia Concursos no YoutubeProfessor: Rodrigo Francelino SEDF [&hellip;]<\/p>\n","protected":false},"author":741,"featured_media":963661,"comment_status":"open","ping_status":"closed","sticky":false,"template":"","format":"standard","meta":{"post_tipo":"news","footnotes":""},"categories":[3766],"tags":[],"tax_estado":[219970],"class_list":["post-963639","post","type-post","status-publish","format-standard","has-post-thumbnail","hentry","category-educacional","tax_estado-df"],"acf":[],"yoast_head":"<!-- This site is optimized with the Yoast SEO Premium plugin v27.2 (Yoast SEO v27.2) - https:\/\/yoast.com\/product\/yoast-seo-premium-wordpress\/ -->\n<title>SEDF - 4.254 vagas autorizadas para efetivos: Saiba mais!<\/title>\n<meta name=\"description\" content=\"N\u00e3o deixe de conferir o evento SEDF - 4.254 vagas autorizadas para efetivos que ser\u00e1 apresentado nesta segunda-feira ao vivo e gratuitamente!\" \/>\n<meta name=\"robots\" content=\"index, follow, max-snippet:-1, max-image-preview:large, max-video-preview:-1\" \/>\n<link rel=\"canonical\" href=\"https:\/\/www.estrategiaconcursos.com.br\/blog\/sedf-4-254-vagas-autorizadas-para-efetivos\/\" \/>\n<meta property=\"og:locale\" content=\"pt_BR\" \/>\n<meta property=\"og:type\" content=\"article\" \/>\n<meta property=\"og:title\" content=\"SEDF - 4.254 vagas autorizadas para efetivos: Saiba mais!\" \/>\n<meta property=\"og:description\" content=\"N\u00e3o deixe de conferir o evento SEDF - 4.254 vagas autorizadas para efetivos que ser\u00e1 apresentado nesta segunda-feira ao vivo e gratuitamente!\" \/>\n<meta property=\"og:url\" content=\"https:\/\/www.estrategiaconcursos.com.br\/blog\/sedf-4-254-vagas-autorizadas-para-efetivos\/\" \/>\n<meta property=\"og:site_name\" content=\"Estrat\u00e9gia Concursos\" \/>\n<meta property=\"article:published_time\" content=\"2022-02-07T19:07:00+00:00\" \/>\n<meta property=\"article:modified_time\" content=\"2022-02-07T20:13:47+00:00\" \/>\n<meta property=\"og:image\" content=\"https:\/\/dhg1h5j42swfq.cloudfront.net\/2022\/02\/07170809\/1280-720-max-18.jpg\" \/>\n\t<meta property=\"og:image:width\" content=\"1280\" \/>\n\t<meta property=\"og:image:height\" content=\"720\" \/>\n\t<meta property=\"og:image:type\" content=\"image\/jpeg\" \/>\n<meta name=\"author\" content=\"Brunno Lima\" \/>\n<meta name=\"twitter:card\" content=\"summary_large_image\" \/>\n<meta name=\"twitter:creator\" content=\"@EstratConcursos\" \/>\n<meta name=\"twitter:site\" content=\"@EstratConcursos\" \/>\n<meta name=\"twitter:label1\" content=\"Escrito por\" \/>\n\t<meta name=\"twitter:data1\" content=\"Brunno Lima\" \/>\n\t<meta name=\"twitter:label2\" content=\"Est. tempo de leitura\" \/>\n\t<meta name=\"twitter:data2\" content=\"2 minutos\" \/>\n<script type=\"application\/ld+json\" class=\"yoast-schema-graph\">{\"@context\":\"https:\/\/schema.org\",\"@graph\":[{\"@type\":\"NewsArticle\",\"@id\":\"https:\/\/www.estrategiaconcursos.com.br\/blog\/sedf-4-254-vagas-autorizadas-para-efetivos\/#article\",\"isPartOf\":{\"@id\":\"https:\/\/www.estrategiaconcursos.com.br\/blog\/sedf-4-254-vagas-autorizadas-para-efetivos\/\"},\"author\":{\"name\":\"Brunno Lima\",\"@id\":\"https:\/\/www.estrategiaconcursos.com.br\/blog\/#\/schema\/person\/2865ec132c3404c9912015dd7a24eb1e\"},\"headline\":\"SEDF &#8211; 4.254 vagas autorizadas para efetivos: Saiba mais!\",\"datePublished\":\"2022-02-07T19:07:00+00:00\",\"dateModified\":\"2022-02-07T20:13:47+00:00\",\"mainEntityOfPage\":{\"@id\":\"https:\/\/www.estrategiaconcursos.com.br\/blog\/sedf-4-254-vagas-autorizadas-para-efetivos\/\"},\"wordCount\":342,\"commentCount\":0,\"publisher\":{\"@id\":\"https:\/\/www.estrategiaconcursos.com.br\/blog\/#organization\"},\"image\":{\"@id\":\"https:\/\/www.estrategiaconcursos.com.br\/blog\/sedf-4-254-vagas-autorizadas-para-efetivos\/#primaryimage\"},\"thumbnailUrl\":\"https:\/\/dhg1h5j42swfq.cloudfront.net\/2022\/02\/07170809\/1280-720-max-18.jpg\",\"articleSection\":[\"Educa\u00e7\u00e3o\"],\"inLanguage\":\"pt-BR\",\"potentialAction\":[{\"@type\":\"CommentAction\",\"name\":\"Comment\",\"target\":[\"https:\/\/www.estrategiaconcursos.com.br\/blog\/sedf-4-254-vagas-autorizadas-para-efetivos\/#respond\"]}],\"copyrightYear\":\"2022\",\"copyrightHolder\":{\"@id\":\"https:\/\/www.estrategiaconcursos.com.br\/blog\/#organization\"}},{\"@type\":\"WebPage\",\"@id\":\"https:\/\/www.estrategiaconcursos.com.br\/blog\/sedf-4-254-vagas-autorizadas-para-efetivos\/\",\"url\":\"https:\/\/www.estrategiaconcursos.com.br\/blog\/sedf-4-254-vagas-autorizadas-para-efetivos\/\",\"name\":\"SEDF - 4.254 vagas autorizadas para efetivos: Saiba mais!\",\"isPartOf\":{\"@id\":\"https:\/\/www.estrategiaconcursos.com.br\/blog\/#website\"},\"primaryImageOfPage\":{\"@id\":\"https:\/\/www.estrategiaconcursos.com.br\/blog\/sedf-4-254-vagas-autorizadas-para-efetivos\/#primaryimage\"},\"image\":{\"@id\":\"https:\/\/www.estrategiaconcursos.com.br\/blog\/sedf-4-254-vagas-autorizadas-para-efetivos\/#primaryimage\"},\"thumbnailUrl\":\"https:\/\/dhg1h5j42swfq.cloudfront.net\/2022\/02\/07170809\/1280-720-max-18.jpg\",\"datePublished\":\"2022-02-07T19:07:00+00:00\",\"dateModified\":\"2022-02-07T20:13:47+00:00\",\"description\":\"N\u00e3o deixe de conferir o evento SEDF - 4.254 vagas autorizadas para efetivos que ser\u00e1 apresentado nesta segunda-feira ao vivo e gratuitamente!\",\"breadcrumb\":{\"@id\":\"https:\/\/www.estrategiaconcursos.com.br\/blog\/sedf-4-254-vagas-autorizadas-para-efetivos\/#breadcrumb\"},\"inLanguage\":\"pt-BR\",\"potentialAction\":[{\"@type\":\"ReadAction\",\"target\":[\"https:\/\/www.estrategiaconcursos.com.br\/blog\/sedf-4-254-vagas-autorizadas-para-efetivos\/\"]}]},{\"@type\":\"ImageObject\",\"inLanguage\":\"pt-BR\",\"@id\":\"https:\/\/www.estrategiaconcursos.com.br\/blog\/sedf-4-254-vagas-autorizadas-para-efetivos\/#primaryimage\",\"url\":\"https:\/\/dhg1h5j42swfq.cloudfront.net\/2022\/02\/07170809\/1280-720-max-18.jpg\",\"contentUrl\":\"https:\/\/dhg1h5j42swfq.cloudfront.net\/2022\/02\/07170809\/1280-720-max-18.jpg\",\"width\":1280,\"height\":720,\"caption\":\"SEDF - 4.254 vagas autorizadas\"},{\"@type\":\"BreadcrumbList\",\"@id\":\"https:\/\/www.estrategiaconcursos.com.br\/blog\/sedf-4-254-vagas-autorizadas-para-efetivos\/#breadcrumb\",\"itemListElement\":[{\"@type\":\"ListItem\",\"position\":1,\"name\":\"In\u00edcio\",\"item\":\"https:\/\/www.estrategiaconcursos.com.br\/blog\/\"},{\"@type\":\"ListItem\",\"position\":2,\"name\":\"SEDF &#8211; 4.254 vagas autorizadas para efetivos: Saiba mais!\"}]},{\"@type\":\"WebSite\",\"@id\":\"https:\/\/www.estrategiaconcursos.com.br\/blog\/#website\",\"url\":\"https:\/\/www.estrategiaconcursos.com.br\/blog\/\",\"name\":\"Estrat\u00e9gia Concursos\",\"description\":\"O blog da Estrat\u00e9gia Concursos traz not\u00edcias sobre concursos e artigos de professores oferecendo cursos para concursos (pdf + videaulas) no site.\",\"publisher\":{\"@id\":\"https:\/\/www.estrategiaconcursos.com.br\/blog\/#organization\"},\"potentialAction\":[{\"@type\":\"SearchAction\",\"target\":{\"@type\":\"EntryPoint\",\"urlTemplate\":\"https:\/\/www.estrategiaconcursos.com.br\/blog\/?s={search_term_string}\"},\"query-input\":{\"@type\":\"PropertyValueSpecification\",\"valueRequired\":true,\"valueName\":\"search_term_string\"}}],\"inLanguage\":\"pt-BR\"},{\"@type\":\"Organization\",\"@id\":\"https:\/\/www.estrategiaconcursos.com.br\/blog\/#organization\",\"name\":\"Estrat\u00e9gia Concursos\",\"url\":\"https:\/\/www.estrategiaconcursos.com.br\/blog\/\",\"logo\":{\"@type\":\"ImageObject\",\"inLanguage\":\"pt-BR\",\"@id\":\"https:\/\/www.estrategiaconcursos.com.br\/blog\/#\/schema\/logo\/image\/\",\"url\":\"https:\/\/dhg1h5j42swfq.cloudfront.net\/2025\/06\/03203428\/logo_concursos-1.jpg\",\"contentUrl\":\"https:\/\/dhg1h5j42swfq.cloudfront.net\/2025\/06\/03203428\/logo_concursos-1.jpg\",\"width\":230,\"height\":60,\"caption\":\"Estrat\u00e9gia Concursos\"},\"image\":{\"@id\":\"https:\/\/www.estrategiaconcursos.com.br\/blog\/#\/schema\/logo\/image\/\"},\"sameAs\":[\"https:\/\/x.com\/EstratConcursos\"]},{\"@type\":\"Person\",\"@id\":\"https:\/\/www.estrategiaconcursos.com.br\/blog\/#\/schema\/person\/2865ec132c3404c9912015dd7a24eb1e\",\"name\":\"Brunno Lima\",\"image\":{\"@type\":\"ImageObject\",\"inLanguage\":\"pt-BR\",\"@id\":\"https:\/\/secure.gravatar.com\/avatar\/d40b472e5e2856222d4a4a1c3ee2189ed7d7a9f67dc3343b880cc1889a7bd6af?s=96&d=mm&r=g\",\"url\":\"https:\/\/secure.gravatar.com\/avatar\/d40b472e5e2856222d4a4a1c3ee2189ed7d7a9f67dc3343b880cc1889a7bd6af?s=96&d=mm&r=g\",\"contentUrl\":\"https:\/\/secure.gravatar.com\/avatar\/d40b472e5e2856222d4a4a1c3ee2189ed7d7a9f67dc3343b880cc1889a7bd6af?s=96&d=mm&r=g\",\"caption\":\"Brunno Lima\"},\"url\":\"https:\/\/www.estrategiaconcursos.com.br\/blog\/author\/brunnoestrategiaconcursos-com-br\/\"}]}<\/script>\n<!-- \/ Yoast SEO Premium plugin. -->","yoast_head_json":{"title":"SEDF - 4.254 vagas autorizadas para efetivos: Saiba mais!","description":"N\u00e3o deixe de conferir o evento SEDF - 4.254 vagas autorizadas para efetivos que ser\u00e1 apresentado nesta segunda-feira ao vivo e gratuitamente!","robots":{"index":"index","follow":"follow","max-snippet":"max-snippet:-1","max-image-preview":"max-image-preview:large","max-video-preview":"max-video-preview:-1"},"canonical":"https:\/\/www.estrategiaconcursos.com.br\/blog\/sedf-4-254-vagas-autorizadas-para-efetivos\/","og_locale":"pt_BR","og_type":"article","og_title":"SEDF - 4.254 vagas autorizadas para efetivos: Saiba mais!","og_description":"N\u00e3o deixe de conferir o evento SEDF - 4.254 vagas autorizadas para efetivos que ser\u00e1 apresentado nesta segunda-feira ao vivo e gratuitamente!","og_url":"https:\/\/www.estrategiaconcursos.com.br\/blog\/sedf-4-254-vagas-autorizadas-para-efetivos\/","og_site_name":"Estrat\u00e9gia Concursos","article_published_time":"2022-02-07T19:07:00+00:00","article_modified_time":"2022-02-07T20:13:47+00:00","og_image":[{"width":1280,"height":720,"url":"https:\/\/dhg1h5j42swfq.cloudfront.net\/2022\/02\/07170809\/1280-720-max-18.jpg","type":"image\/jpeg"}],"author":"Brunno Lima","twitter_card":"summary_large_image","twitter_creator":"@EstratConcursos","twitter_site":"@EstratConcursos","twitter_misc":{"Escrito por":"Brunno Lima","Est. tempo de leitura":"2 minutos"},"schema":{"@context":"https:\/\/schema.org","@graph":[{"@type":"NewsArticle","@id":"https:\/\/www.estrategiaconcursos.com.br\/blog\/sedf-4-254-vagas-autorizadas-para-efetivos\/#article","isPartOf":{"@id":"https:\/\/www.estrategiaconcursos.com.br\/blog\/sedf-4-254-vagas-autorizadas-para-efetivos\/"},"author":{"name":"Brunno Lima","@id":"https:\/\/www.estrategiaconcursos.com.br\/blog\/#\/schema\/person\/2865ec132c3404c9912015dd7a24eb1e"},"headline":"SEDF &#8211; 4.254 vagas autorizadas para efetivos: Saiba mais!","datePublished":"2022-02-07T19:07:00+00:00","dateModified":"2022-02-07T20:13:47+00:00","mainEntityOfPage":{"@id":"https:\/\/www.estrategiaconcursos.com.br\/blog\/sedf-4-254-vagas-autorizadas-para-efetivos\/"},"wordCount":342,"commentCount":0,"publisher":{"@id":"https:\/\/www.estrategiaconcursos.com.br\/blog\/#organization"},"image":{"@id":"https:\/\/www.estrategiaconcursos.com.br\/blog\/sedf-4-254-vagas-autorizadas-para-efetivos\/#primaryimage"},"thumbnailUrl":"https:\/\/dhg1h5j42swfq.cloudfront.net\/2022\/02\/07170809\/1280-720-max-18.jpg","articleSection":["Educa\u00e7\u00e3o"],"inLanguage":"pt-BR","potentialAction":[{"@type":"CommentAction","name":"Comment","target":["https:\/\/www.estrategiaconcursos.com.br\/blog\/sedf-4-254-vagas-autorizadas-para-efetivos\/#respond"]}],"copyrightYear":"2022","copyrightHolder":{"@id":"https:\/\/www.estrategiaconcursos.com.br\/blog\/#organization"}},{"@type":"WebPage","@id":"https:\/\/www.estrategiaconcursos.com.br\/blog\/sedf-4-254-vagas-autorizadas-para-efetivos\/","url":"https:\/\/www.estrategiaconcursos.com.br\/blog\/sedf-4-254-vagas-autorizadas-para-efetivos\/","name":"SEDF - 4.254 vagas autorizadas para efetivos: Saiba mais!","isPartOf":{"@id":"https:\/\/www.estrategiaconcursos.com.br\/blog\/#website"},"primaryImageOfPage":{"@id":"https:\/\/www.estrategiaconcursos.com.br\/blog\/sedf-4-254-vagas-autorizadas-para-efetivos\/#primaryimage"},"image":{"@id":"https:\/\/www.estrategiaconcursos.com.br\/blog\/sedf-4-254-vagas-autorizadas-para-efetivos\/#primaryimage"},"thumbnailUrl":"https:\/\/dhg1h5j42swfq.cloudfront.net\/2022\/02\/07170809\/1280-720-max-18.jpg","datePublished":"2022-02-07T19:07:00+00:00","dateModified":"2022-02-07T20:13:47+00:00","description":"N\u00e3o deixe de conferir o evento SEDF - 4.254 vagas autorizadas para efetivos que ser\u00e1 apresentado nesta segunda-feira ao vivo e gratuitamente!","breadcrumb":{"@id":"https:\/\/www.estrategiaconcursos.com.br\/blog\/sedf-4-254-vagas-autorizadas-para-efetivos\/#breadcrumb"},"inLanguage":"pt-BR","potentialAction":[{"@type":"ReadAction","target":["https:\/\/www.estrategiaconcursos.com.br\/blog\/sedf-4-254-vagas-autorizadas-para-efetivos\/"]}]},{"@type":"ImageObject","inLanguage":"pt-BR","@id":"https:\/\/www.estrategiaconcursos.com.br\/blog\/sedf-4-254-vagas-autorizadas-para-efetivos\/#primaryimage","url":"https:\/\/dhg1h5j42swfq.cloudfront.net\/2022\/02\/07170809\/1280-720-max-18.jpg","contentUrl":"https:\/\/dhg1h5j42swfq.cloudfront.net\/2022\/02\/07170809\/1280-720-max-18.jpg","width":1280,"height":720,"caption":"SEDF - 4.254 vagas autorizadas"},{"@type":"BreadcrumbList","@id":"https:\/\/www.estrategiaconcursos.com.br\/blog\/sedf-4-254-vagas-autorizadas-para-efetivos\/#breadcrumb","itemListElement":[{"@type":"ListItem","position":1,"name":"In\u00edcio","item":"https:\/\/www.estrategiaconcursos.com.br\/blog\/"},{"@type":"ListItem","position":2,"name":"SEDF &#8211; 4.254 vagas autorizadas para efetivos: Saiba mais!"}]},{"@type":"WebSite","@id":"https:\/\/www.estrategiaconcursos.com.br\/blog\/#website","url":"https:\/\/www.estrategiaconcursos.com.br\/blog\/","name":"Estrat\u00e9gia Concursos","description":"O blog da Estrat\u00e9gia Concursos traz not\u00edcias sobre concursos e artigos de professores oferecendo cursos para concursos (pdf + videaulas) no site.","publisher":{"@id":"https:\/\/www.estrategiaconcursos.com.br\/blog\/#organization"},"potentialAction":[{"@type":"SearchAction","target":{"@type":"EntryPoint","urlTemplate":"https:\/\/www.estrategiaconcursos.com.br\/blog\/?s={search_term_string}"},"query-input":{"@type":"PropertyValueSpecification","valueRequired":true,"valueName":"search_term_string"}}],"inLanguage":"pt-BR"},{"@type":"Organization","@id":"https:\/\/www.estrategiaconcursos.com.br\/blog\/#organization","name":"Estrat\u00e9gia Concursos","url":"https:\/\/www.estrategiaconcursos.com.br\/blog\/","logo":{"@type":"ImageObject","inLanguage":"pt-BR","@id":"https:\/\/www.estrategiaconcursos.com.br\/blog\/#\/schema\/logo\/image\/","url":"https:\/\/dhg1h5j42swfq.cloudfront.net\/2025\/06\/03203428\/logo_concursos-1.jpg","contentUrl":"https:\/\/dhg1h5j42swfq.cloudfront.net\/2025\/06\/03203428\/logo_concursos-1.jpg","width":230,"height":60,"caption":"Estrat\u00e9gia Concursos"},"image":{"@id":"https:\/\/www.estrategiaconcursos.com.br\/blog\/#\/schema\/logo\/image\/"},"sameAs":["https:\/\/x.com\/EstratConcursos"]},{"@type":"Person","@id":"https:\/\/www.estrategiaconcursos.com.br\/blog\/#\/schema\/person\/2865ec132c3404c9912015dd7a24eb1e","name":"Brunno Lima","image":{"@type":"ImageObject","inLanguage":"pt-BR","@id":"https:\/\/secure.gravatar.com\/avatar\/d40b472e5e2856222d4a4a1c3ee2189ed7d7a9f67dc3343b880cc1889a7bd6af?s=96&d=mm&r=g","url":"https:\/\/secure.gravatar.com\/avatar\/d40b472e5e2856222d4a4a1c3ee2189ed7d7a9f67dc3343b880cc1889a7bd6af?s=96&d=mm&r=g","contentUrl":"https:\/\/secure.gravatar.com\/avatar\/d40b472e5e2856222d4a4a1c3ee2189ed7d7a9f67dc3343b880cc1889a7bd6af?s=96&d=mm&r=g","caption":"Brunno Lima"},"url":"https:\/\/www.estrategiaconcursos.com.br\/blog\/author\/brunnoestrategiaconcursos-com-br\/"}]}},"_links":{"self":[{"href":"https:\/\/www.estrategiaconcursos.com.br\/blog\/wp-json\/wp\/v2\/posts\/963639","targetHints":{"allow":["GET"]}}],"collection":[{"href":"https:\/\/www.estrategiaconcursos.com.br\/blog\/wp-json\/wp\/v2\/posts"}],"about":[{"href":"https:\/\/www.estrategiaconcursos.com.br\/blog\/wp-json\/wp\/v2\/types\/post"}],"author":[{"embeddable":true,"href":"https:\/\/www.estrategiaconcursos.com.br\/blog\/wp-json\/wp\/v2\/users\/741"}],"replies":[{"embeddable":true,"href":"https:\/\/www.estrategiaconcursos.com.br\/blog\/wp-json\/wp\/v2\/comments?post=963639"}],"version-history":[{"count":18,"href":"https:\/\/www.estrategiaconcursos.com.br\/blog\/wp-json\/wp\/v2\/posts\/963639\/revisions"}],"predecessor-version":[{"id":963687,"href":"https:\/\/www.estrategiaconcursos.com.br\/blog\/wp-json\/wp\/v2\/posts\/963639\/revisions\/963687"}],"wp:featuredmedia":[{"embeddable":true,"href":"https:\/\/www.estrategiaconcursos.com.br\/blog\/wp-json\/wp\/v2\/media\/963661"}],"wp:attachment":[{"href":"https:\/\/www.estrategiaconcursos.com.br\/blog\/wp-json\/wp\/v2\/media?parent=963639"}],"wp:term":[{"taxonomy":"category","embeddable":true,"href":"https:\/\/www.estrategiaconcursos.com.br\/blog\/wp-json\/wp\/v2\/categories?post=963639"},{"taxonomy":"post_tag","embeddable":true,"href":"https:\/\/www.estrategiaconcursos.com.br\/blog\/wp-json\/wp\/v2\/tags?post=963639"},{"taxonomy":"tax_estado","embeddable":true,"href":"https:\/\/www.estrategiaconcursos.com.br\/blog\/wp-json\/wp\/v2\/tax_estado?post=963639"}],"curies":[{"name":"wp","href":"https:\/\/api.w.org\/{rel}","templated":true}]}}