{"id":963547,"date":"2022-02-08T17:00:00","date_gmt":"2022-02-08T20:00:00","guid":{"rendered":"https:\/\/www.estrategiaconcursos.com.br\/blog\/?p=963547"},"modified":"2022-02-08T15:33:29","modified_gmt":"2022-02-08T18:33:29","slug":"nao-fechei-o-edital-antes-da-prova-e-agora","status":"publish","type":"post","link":"https:\/\/www.estrategiaconcursos.com.br\/blog\/nao-fechei-o-edital-antes-da-prova-e-agora\/","title":{"rendered":"N\u00e3o fechei o edital antes da prova. E agora?"},"content":{"rendered":"\n<p>Aten\u00e7\u00e3o, estrategistas!<\/p>\n\n\n\n<p>O sonho de todo concurseiro (al\u00e9m de passar no concurso, \u00e9 claro) \u00e9 conseguir fechar o edital antes da aplica\u00e7\u00e3o da prova. Mas o que acontece se eu n\u00e3o conseguir?<\/p>\n\n\n\n<p>Fica tranquilo, n\u00e3o \u00e9 o fim do mundo! E para te mostrar que d\u00e1, sim, para passar em concurso p\u00fablico mesmo sem ter estudado tudo o que foi proposto no edital, o Estrat\u00e9gia te convida para um evento especial.<\/p>\n\n\n\n<p><strong>HOJE (08), \u00e0s 18h<\/strong>, eu e o <em>coach <\/em>Diogo Matias vamos dar todas as instru\u00e7\u00f5es poss\u00edveis para garantir a aprova\u00e7\u00e3o daqueles que n\u00e3o fecharam o edital.<\/p>\n\n\n\n<p>O evento \u00e9 GRATUITO e ser\u00e1 transmitido via YouTube. Voc\u00ea n\u00e3o pode perder!<\/p>\n\n\n<figure class=\"wp-block-embed-youtube wp-block-embed is-type-video is-provider-youtube wp-embed-aspect-16-9 wp-has-aspect-ratio lyte-align aligncenter\"><div class=\"lyte-wrapper\" style=\"width:853px;max-width:100%;margin:5px;\"><div class=\"lyMe\" id=\"WYL_XkaZeRX6te0\"><div id=\"lyte_XkaZeRX6te0\" data-src=\"\/\/i.ytimg.com\/vi\/XkaZeRX6te0\/hqdefault.jpg\" class=\"pL\"><div class=\"tC\"><div class=\"tT\"><\/div><\/div><div class=\"play\"><\/div><div class=\"ctrl\"><div class=\"Lctrl\"><\/div><div class=\"Rctrl\"><\/div><\/div><\/div><noscript><a href=\"https:\/\/youtu.be\/XkaZeRX6te0\" rel=\"nofollow\"><img loading=\"lazy\" decoding=\"async\" src=\"https:\/\/i.ytimg.com\/vi\/XkaZeRX6te0\/0.jpg\" alt=\"YouTube video thumbnail\" width=\"853\" height=\"460\" \/><br \/>Assista a este v\u00eddeo no YouTube<\/a><\/noscript><\/div><\/div><div class=\"lL\" style=\"max-width:100%;width:853px;margin:5px;\"><\/div><figcaption><\/figcaption><\/figure>\n\n\n<div class=\"container\" id=\"boxes\">\n  <div class=\"row\">\n\n    <div class=\"col-sm\">\n      <div class=\"estrategia\" id=\"box-assinatura\">\n        <h3 class=\"titulo-assinatura\">Assinatura Concursos<\/h3>\n        <p class=\"subtitulo-assinatura\">Assinatura de 1 ano ou 2 anos<\/p>\n        <div class=\"box-botao\">\n          <a class=\"btn-assinatura\" target=\"_blank\" href=\"https:\/\/www.estrategiaconcursos.com.br\/assinaturas\/\" role=\"button\" rel=\"noopener noreferrer\">ASSINE AGORA<\/a>\n        <\/div>\n      <\/div><\/div><\/div><\/div>\n\n\n\n<h2 class=\"has-text-align-center wp-block-heading\" id=\"cursos\">Quer saber tudo sobre concursos previstos? <br \/><strong>Confira nossos artigos!<\/strong><\/h2>\n\n\n\n<ul class=\"wp-block-list\"><li><a href=\"https:\/\/www.estrategiaconcursos.com.br\/blog\/concursos-abertos\/\">Concursos abertos<\/a><\/li><li><a href=\"https:\/\/www.estrategiaconcursos.com.br\/blog\/concursos-2022\/\">Concursos 2022<\/a><\/li><\/ul>\n","protected":false},"excerpt":{"rendered":"<p>Aten\u00e7\u00e3o, estrategistas! O sonho de todo concurseiro (al\u00e9m de passar no concurso, \u00e9 claro) \u00e9 conseguir fechar o edital antes da aplica\u00e7\u00e3o da prova. Mas o que acontece se eu n\u00e3o conseguir? Fica tranquilo, n\u00e3o \u00e9 o fim do mundo! E para te mostrar que d\u00e1, sim, para passar em concurso p\u00fablico mesmo sem ter [&hellip;]<\/p>\n","protected":false},"author":1884,"featured_media":963580,"comment_status":"open","ping_status":"closed","sticky":false,"template":"","format":"standard","meta":{"post_tipo":"news","footnotes":""},"categories":[1,220219],"tags":[],"tax_estado":[219963],"class_list":["post-963547","post","type-post","status-publish","format-standard","has-post-thumbnail","hentry","category-cursos-e-concursos","category-noticias","tax_estado-concursos-federais"],"acf":[],"yoast_head":"<!-- This site is optimized with the Yoast SEO Premium plugin v27.2 (Yoast SEO v27.2) - https:\/\/yoast.com\/product\/yoast-seo-premium-wordpress\/ -->\n<title>N\u00e3o fechei o edital antes da prova. E agora?<\/title>\n<meta name=\"description\" content=\"Diogo Matias e Fernanda Harumi te dizem o que fazer caso n\u00e3o tenha fechado o edital antes da prova. HOJE, \u00e0s 18h, no canal do Estrat\u00e9gia!\" \/>\n<meta name=\"robots\" content=\"index, follow, max-snippet:-1, max-image-preview:large, max-video-preview:-1\" \/>\n<link rel=\"canonical\" href=\"https:\/\/www.estrategiaconcursos.com.br\/blog\/nao-fechei-o-edital-antes-da-prova-e-agora\/\" \/>\n<meta property=\"og:locale\" content=\"pt_BR\" \/>\n<meta property=\"og:type\" content=\"article\" \/>\n<meta property=\"og:title\" content=\"N\u00e3o fechei o edital antes da prova. E agora?\" \/>\n<meta property=\"og:description\" content=\"Diogo Matias e Fernanda Harumi te dizem o que fazer caso n\u00e3o tenha fechado o edital antes da prova. HOJE, \u00e0s 18h, no canal do Estrat\u00e9gia!\" \/>\n<meta property=\"og:url\" content=\"https:\/\/www.estrategiaconcursos.com.br\/blog\/nao-fechei-o-edital-antes-da-prova-e-agora\/\" \/>\n<meta property=\"og:site_name\" content=\"Estrat\u00e9gia Concursos\" \/>\n<meta property=\"article:published_time\" content=\"2022-02-08T20:00:00+00:00\" \/>\n<meta property=\"og:image\" content=\"https:\/\/dhg1h5j42swfq.cloudfront.net\/2022\/02\/07163218\/nao-fechei-o-edital-da-prova.jpg\" \/>\n\t<meta property=\"og:image:width\" content=\"848\" \/>\n\t<meta property=\"og:image:height\" content=\"400\" \/>\n\t<meta property=\"og:image:type\" content=\"image\/jpeg\" \/>\n<meta name=\"author\" content=\"Fernanda Harumi Amaral Jo\" \/>\n<meta name=\"twitter:card\" content=\"summary_large_image\" \/>\n<meta name=\"twitter:creator\" content=\"@EstratConcursos\" \/>\n<meta name=\"twitter:site\" content=\"@EstratConcursos\" \/>\n<meta name=\"twitter:label1\" content=\"Escrito por\" \/>\n\t<meta name=\"twitter:data1\" content=\"Fernanda Harumi Amaral Jo\" \/>\n\t<meta name=\"twitter:label2\" content=\"Est. tempo de leitura\" \/>\n\t<meta name=\"twitter:data2\" content=\"1 minuto\" \/>\n<script type=\"application\/ld+json\" class=\"yoast-schema-graph\">{\"@context\":\"https:\/\/schema.org\",\"@graph\":[{\"@type\":\"NewsArticle\",\"@id\":\"https:\/\/www.estrategiaconcursos.com.br\/blog\/nao-fechei-o-edital-antes-da-prova-e-agora\/#article\",\"isPartOf\":{\"@id\":\"https:\/\/www.estrategiaconcursos.com.br\/blog\/nao-fechei-o-edital-antes-da-prova-e-agora\/\"},\"author\":{\"name\":\"Fernanda Harumi Amaral Jo\",\"@id\":\"https:\/\/www.estrategiaconcursos.com.br\/blog\/#\/schema\/person\/0f8d4a9de839ebcb6a3c604ac9670a5c\"},\"headline\":\"N\u00e3o fechei o edital antes da prova. E agora?\",\"datePublished\":\"2022-02-08T20:00:00+00:00\",\"mainEntityOfPage\":{\"@id\":\"https:\/\/www.estrategiaconcursos.com.br\/blog\/nao-fechei-o-edital-antes-da-prova-e-agora\/\"},\"wordCount\":156,\"commentCount\":0,\"publisher\":{\"@id\":\"https:\/\/www.estrategiaconcursos.com.br\/blog\/#organization\"},\"image\":{\"@id\":\"https:\/\/www.estrategiaconcursos.com.br\/blog\/nao-fechei-o-edital-antes-da-prova-e-agora\/#primaryimage\"},\"thumbnailUrl\":\"https:\/\/dhg1h5j42swfq.cloudfront.net\/2022\/02\/07163218\/nao-fechei-o-edital-da-prova.jpg\",\"articleSection\":[\"Concursos P\u00fablicos\",\"\u00daltimas not\u00edcias\"],\"inLanguage\":\"pt-BR\",\"potentialAction\":[{\"@type\":\"CommentAction\",\"name\":\"Comment\",\"target\":[\"https:\/\/www.estrategiaconcursos.com.br\/blog\/nao-fechei-o-edital-antes-da-prova-e-agora\/#respond\"]}],\"copyrightYear\":\"2022\",\"copyrightHolder\":{\"@id\":\"https:\/\/www.estrategiaconcursos.com.br\/blog\/#organization\"}},{\"@type\":\"WebPage\",\"@id\":\"https:\/\/www.estrategiaconcursos.com.br\/blog\/nao-fechei-o-edital-antes-da-prova-e-agora\/\",\"url\":\"https:\/\/www.estrategiaconcursos.com.br\/blog\/nao-fechei-o-edital-antes-da-prova-e-agora\/\",\"name\":\"N\u00e3o fechei o edital antes da prova. E agora?\",\"isPartOf\":{\"@id\":\"https:\/\/www.estrategiaconcursos.com.br\/blog\/#website\"},\"primaryImageOfPage\":{\"@id\":\"https:\/\/www.estrategiaconcursos.com.br\/blog\/nao-fechei-o-edital-antes-da-prova-e-agora\/#primaryimage\"},\"image\":{\"@id\":\"https:\/\/www.estrategiaconcursos.com.br\/blog\/nao-fechei-o-edital-antes-da-prova-e-agora\/#primaryimage\"},\"thumbnailUrl\":\"https:\/\/dhg1h5j42swfq.cloudfront.net\/2022\/02\/07163218\/nao-fechei-o-edital-da-prova.jpg\",\"datePublished\":\"2022-02-08T20:00:00+00:00\",\"description\":\"Diogo Matias e Fernanda Harumi te dizem o que fazer caso n\u00e3o tenha fechado o edital antes da prova. HOJE, \u00e0s 18h, no canal do Estrat\u00e9gia!\",\"breadcrumb\":{\"@id\":\"https:\/\/www.estrategiaconcursos.com.br\/blog\/nao-fechei-o-edital-antes-da-prova-e-agora\/#breadcrumb\"},\"inLanguage\":\"pt-BR\",\"potentialAction\":[{\"@type\":\"ReadAction\",\"target\":[\"https:\/\/www.estrategiaconcursos.com.br\/blog\/nao-fechei-o-edital-antes-da-prova-e-agora\/\"]}]},{\"@type\":\"ImageObject\",\"inLanguage\":\"pt-BR\",\"@id\":\"https:\/\/www.estrategiaconcursos.com.br\/blog\/nao-fechei-o-edital-antes-da-prova-e-agora\/#primaryimage\",\"url\":\"https:\/\/dhg1h5j42swfq.cloudfront.net\/2022\/02\/07163218\/nao-fechei-o-edital-da-prova.jpg\",\"contentUrl\":\"https:\/\/dhg1h5j42swfq.cloudfront.net\/2022\/02\/07163218\/nao-fechei-o-edital-da-prova.jpg\",\"width\":848,\"height\":400},{\"@type\":\"BreadcrumbList\",\"@id\":\"https:\/\/www.estrategiaconcursos.com.br\/blog\/nao-fechei-o-edital-antes-da-prova-e-agora\/#breadcrumb\",\"itemListElement\":[{\"@type\":\"ListItem\",\"position\":1,\"name\":\"In\u00edcio\",\"item\":\"https:\/\/www.estrategiaconcursos.com.br\/blog\/\"},{\"@type\":\"ListItem\",\"position\":2,\"name\":\"N\u00e3o fechei o edital antes da prova. E agora?\"}]},{\"@type\":\"WebSite\",\"@id\":\"https:\/\/www.estrategiaconcursos.com.br\/blog\/#website\",\"url\":\"https:\/\/www.estrategiaconcursos.com.br\/blog\/\",\"name\":\"Estrat\u00e9gia Concursos\",\"description\":\"O blog da Estrat\u00e9gia Concursos traz not\u00edcias sobre concursos e artigos de professores oferecendo cursos para concursos (pdf + videaulas) no site.\",\"publisher\":{\"@id\":\"https:\/\/www.estrategiaconcursos.com.br\/blog\/#organization\"},\"potentialAction\":[{\"@type\":\"SearchAction\",\"target\":{\"@type\":\"EntryPoint\",\"urlTemplate\":\"https:\/\/www.estrategiaconcursos.com.br\/blog\/?s={search_term_string}\"},\"query-input\":{\"@type\":\"PropertyValueSpecification\",\"valueRequired\":true,\"valueName\":\"search_term_string\"}}],\"inLanguage\":\"pt-BR\"},{\"@type\":\"Organization\",\"@id\":\"https:\/\/www.estrategiaconcursos.com.br\/blog\/#organization\",\"name\":\"Estrat\u00e9gia Concursos\",\"url\":\"https:\/\/www.estrategiaconcursos.com.br\/blog\/\",\"logo\":{\"@type\":\"ImageObject\",\"inLanguage\":\"pt-BR\",\"@id\":\"https:\/\/www.estrategiaconcursos.com.br\/blog\/#\/schema\/logo\/image\/\",\"url\":\"https:\/\/dhg1h5j42swfq.cloudfront.net\/2025\/06\/03203428\/logo_concursos-1.jpg\",\"contentUrl\":\"https:\/\/dhg1h5j42swfq.cloudfront.net\/2025\/06\/03203428\/logo_concursos-1.jpg\",\"width\":230,\"height\":60,\"caption\":\"Estrat\u00e9gia Concursos\"},\"image\":{\"@id\":\"https:\/\/www.estrategiaconcursos.com.br\/blog\/#\/schema\/logo\/image\/\"},\"sameAs\":[\"https:\/\/x.com\/EstratConcursos\"]},{\"@type\":\"Person\",\"@id\":\"https:\/\/www.estrategiaconcursos.com.br\/blog\/#\/schema\/person\/0f8d4a9de839ebcb6a3c604ac9670a5c\",\"name\":\"Fernanda Harumi Amaral Jo\",\"image\":{\"@type\":\"ImageObject\",\"inLanguage\":\"pt-BR\",\"@id\":\"https:\/\/secure.gravatar.com\/avatar\/9b53232783d118c1940b96876dec28c51c05a9416363fdecdd8d978929e9cdb2?s=96&d=mm&r=g\",\"url\":\"https:\/\/secure.gravatar.com\/avatar\/9b53232783d118c1940b96876dec28c51c05a9416363fdecdd8d978929e9cdb2?s=96&d=mm&r=g\",\"contentUrl\":\"https:\/\/secure.gravatar.com\/avatar\/9b53232783d118c1940b96876dec28c51c05a9416363fdecdd8d978929e9cdb2?s=96&d=mm&r=g\",\"caption\":\"Fernanda Harumi Amaral Jo\"},\"url\":\"https:\/\/www.estrategiaconcursos.com.br\/blog\/author\/fernandaharugmail-com\/\"}]}<\/script>\n<!-- \/ Yoast SEO Premium plugin. -->","yoast_head_json":{"title":"N\u00e3o fechei o edital antes da prova. E agora?","description":"Diogo Matias e Fernanda Harumi te dizem o que fazer caso n\u00e3o tenha fechado o edital antes da prova. HOJE, \u00e0s 18h, no canal do Estrat\u00e9gia!","robots":{"index":"index","follow":"follow","max-snippet":"max-snippet:-1","max-image-preview":"max-image-preview:large","max-video-preview":"max-video-preview:-1"},"canonical":"https:\/\/www.estrategiaconcursos.com.br\/blog\/nao-fechei-o-edital-antes-da-prova-e-agora\/","og_locale":"pt_BR","og_type":"article","og_title":"N\u00e3o fechei o edital antes da prova. E agora?","og_description":"Diogo Matias e Fernanda Harumi te dizem o que fazer caso n\u00e3o tenha fechado o edital antes da prova. HOJE, \u00e0s 18h, no canal do Estrat\u00e9gia!","og_url":"https:\/\/www.estrategiaconcursos.com.br\/blog\/nao-fechei-o-edital-antes-da-prova-e-agora\/","og_site_name":"Estrat\u00e9gia Concursos","article_published_time":"2022-02-08T20:00:00+00:00","og_image":[{"width":848,"height":400,"url":"https:\/\/dhg1h5j42swfq.cloudfront.net\/2022\/02\/07163218\/nao-fechei-o-edital-da-prova.jpg","type":"image\/jpeg"}],"author":"Fernanda Harumi Amaral Jo","twitter_card":"summary_large_image","twitter_creator":"@EstratConcursos","twitter_site":"@EstratConcursos","twitter_misc":{"Escrito por":"Fernanda Harumi Amaral Jo","Est. tempo de leitura":"1 minuto"},"schema":{"@context":"https:\/\/schema.org","@graph":[{"@type":"NewsArticle","@id":"https:\/\/www.estrategiaconcursos.com.br\/blog\/nao-fechei-o-edital-antes-da-prova-e-agora\/#article","isPartOf":{"@id":"https:\/\/www.estrategiaconcursos.com.br\/blog\/nao-fechei-o-edital-antes-da-prova-e-agora\/"},"author":{"name":"Fernanda Harumi Amaral Jo","@id":"https:\/\/www.estrategiaconcursos.com.br\/blog\/#\/schema\/person\/0f8d4a9de839ebcb6a3c604ac9670a5c"},"headline":"N\u00e3o fechei o edital antes da prova. E agora?","datePublished":"2022-02-08T20:00:00+00:00","mainEntityOfPage":{"@id":"https:\/\/www.estrategiaconcursos.com.br\/blog\/nao-fechei-o-edital-antes-da-prova-e-agora\/"},"wordCount":156,"commentCount":0,"publisher":{"@id":"https:\/\/www.estrategiaconcursos.com.br\/blog\/#organization"},"image":{"@id":"https:\/\/www.estrategiaconcursos.com.br\/blog\/nao-fechei-o-edital-antes-da-prova-e-agora\/#primaryimage"},"thumbnailUrl":"https:\/\/dhg1h5j42swfq.cloudfront.net\/2022\/02\/07163218\/nao-fechei-o-edital-da-prova.jpg","articleSection":["Concursos P\u00fablicos","\u00daltimas not\u00edcias"],"inLanguage":"pt-BR","potentialAction":[{"@type":"CommentAction","name":"Comment","target":["https:\/\/www.estrategiaconcursos.com.br\/blog\/nao-fechei-o-edital-antes-da-prova-e-agora\/#respond"]}],"copyrightYear":"2022","copyrightHolder":{"@id":"https:\/\/www.estrategiaconcursos.com.br\/blog\/#organization"}},{"@type":"WebPage","@id":"https:\/\/www.estrategiaconcursos.com.br\/blog\/nao-fechei-o-edital-antes-da-prova-e-agora\/","url":"https:\/\/www.estrategiaconcursos.com.br\/blog\/nao-fechei-o-edital-antes-da-prova-e-agora\/","name":"N\u00e3o fechei o edital antes da prova. E agora?","isPartOf":{"@id":"https:\/\/www.estrategiaconcursos.com.br\/blog\/#website"},"primaryImageOfPage":{"@id":"https:\/\/www.estrategiaconcursos.com.br\/blog\/nao-fechei-o-edital-antes-da-prova-e-agora\/#primaryimage"},"image":{"@id":"https:\/\/www.estrategiaconcursos.com.br\/blog\/nao-fechei-o-edital-antes-da-prova-e-agora\/#primaryimage"},"thumbnailUrl":"https:\/\/dhg1h5j42swfq.cloudfront.net\/2022\/02\/07163218\/nao-fechei-o-edital-da-prova.jpg","datePublished":"2022-02-08T20:00:00+00:00","description":"Diogo Matias e Fernanda Harumi te dizem o que fazer caso n\u00e3o tenha fechado o edital antes da prova. HOJE, \u00e0s 18h, no canal do Estrat\u00e9gia!","breadcrumb":{"@id":"https:\/\/www.estrategiaconcursos.com.br\/blog\/nao-fechei-o-edital-antes-da-prova-e-agora\/#breadcrumb"},"inLanguage":"pt-BR","potentialAction":[{"@type":"ReadAction","target":["https:\/\/www.estrategiaconcursos.com.br\/blog\/nao-fechei-o-edital-antes-da-prova-e-agora\/"]}]},{"@type":"ImageObject","inLanguage":"pt-BR","@id":"https:\/\/www.estrategiaconcursos.com.br\/blog\/nao-fechei-o-edital-antes-da-prova-e-agora\/#primaryimage","url":"https:\/\/dhg1h5j42swfq.cloudfront.net\/2022\/02\/07163218\/nao-fechei-o-edital-da-prova.jpg","contentUrl":"https:\/\/dhg1h5j42swfq.cloudfront.net\/2022\/02\/07163218\/nao-fechei-o-edital-da-prova.jpg","width":848,"height":400},{"@type":"BreadcrumbList","@id":"https:\/\/www.estrategiaconcursos.com.br\/blog\/nao-fechei-o-edital-antes-da-prova-e-agora\/#breadcrumb","itemListElement":[{"@type":"ListItem","position":1,"name":"In\u00edcio","item":"https:\/\/www.estrategiaconcursos.com.br\/blog\/"},{"@type":"ListItem","position":2,"name":"N\u00e3o fechei o edital antes da prova. E agora?"}]},{"@type":"WebSite","@id":"https:\/\/www.estrategiaconcursos.com.br\/blog\/#website","url":"https:\/\/www.estrategiaconcursos.com.br\/blog\/","name":"Estrat\u00e9gia Concursos","description":"O blog da Estrat\u00e9gia Concursos traz not\u00edcias sobre concursos e artigos de professores oferecendo cursos para concursos (pdf + videaulas) no site.","publisher":{"@id":"https:\/\/www.estrategiaconcursos.com.br\/blog\/#organization"},"potentialAction":[{"@type":"SearchAction","target":{"@type":"EntryPoint","urlTemplate":"https:\/\/www.estrategiaconcursos.com.br\/blog\/?s={search_term_string}"},"query-input":{"@type":"PropertyValueSpecification","valueRequired":true,"valueName":"search_term_string"}}],"inLanguage":"pt-BR"},{"@type":"Organization","@id":"https:\/\/www.estrategiaconcursos.com.br\/blog\/#organization","name":"Estrat\u00e9gia Concursos","url":"https:\/\/www.estrategiaconcursos.com.br\/blog\/","logo":{"@type":"ImageObject","inLanguage":"pt-BR","@id":"https:\/\/www.estrategiaconcursos.com.br\/blog\/#\/schema\/logo\/image\/","url":"https:\/\/dhg1h5j42swfq.cloudfront.net\/2025\/06\/03203428\/logo_concursos-1.jpg","contentUrl":"https:\/\/dhg1h5j42swfq.cloudfront.net\/2025\/06\/03203428\/logo_concursos-1.jpg","width":230,"height":60,"caption":"Estrat\u00e9gia Concursos"},"image":{"@id":"https:\/\/www.estrategiaconcursos.com.br\/blog\/#\/schema\/logo\/image\/"},"sameAs":["https:\/\/x.com\/EstratConcursos"]},{"@type":"Person","@id":"https:\/\/www.estrategiaconcursos.com.br\/blog\/#\/schema\/person\/0f8d4a9de839ebcb6a3c604ac9670a5c","name":"Fernanda Harumi Amaral Jo","image":{"@type":"ImageObject","inLanguage":"pt-BR","@id":"https:\/\/secure.gravatar.com\/avatar\/9b53232783d118c1940b96876dec28c51c05a9416363fdecdd8d978929e9cdb2?s=96&d=mm&r=g","url":"https:\/\/secure.gravatar.com\/avatar\/9b53232783d118c1940b96876dec28c51c05a9416363fdecdd8d978929e9cdb2?s=96&d=mm&r=g","contentUrl":"https:\/\/secure.gravatar.com\/avatar\/9b53232783d118c1940b96876dec28c51c05a9416363fdecdd8d978929e9cdb2?s=96&d=mm&r=g","caption":"Fernanda Harumi Amaral Jo"},"url":"https:\/\/www.estrategiaconcursos.com.br\/blog\/author\/fernandaharugmail-com\/"}]}},"_links":{"self":[{"href":"https:\/\/www.estrategiaconcursos.com.br\/blog\/wp-json\/wp\/v2\/posts\/963547","targetHints":{"allow":["GET"]}}],"collection":[{"href":"https:\/\/www.estrategiaconcursos.com.br\/blog\/wp-json\/wp\/v2\/posts"}],"about":[{"href":"https:\/\/www.estrategiaconcursos.com.br\/blog\/wp-json\/wp\/v2\/types\/post"}],"author":[{"embeddable":true,"href":"https:\/\/www.estrategiaconcursos.com.br\/blog\/wp-json\/wp\/v2\/users\/1884"}],"replies":[{"embeddable":true,"href":"https:\/\/www.estrategiaconcursos.com.br\/blog\/wp-json\/wp\/v2\/comments?post=963547"}],"version-history":[{"count":6,"href":"https:\/\/www.estrategiaconcursos.com.br\/blog\/wp-json\/wp\/v2\/posts\/963547\/revisions"}],"predecessor-version":[{"id":964533,"href":"https:\/\/www.estrategiaconcursos.com.br\/blog\/wp-json\/wp\/v2\/posts\/963547\/revisions\/964533"}],"wp:featuredmedia":[{"embeddable":true,"href":"https:\/\/www.estrategiaconcursos.com.br\/blog\/wp-json\/wp\/v2\/media\/963580"}],"wp:attachment":[{"href":"https:\/\/www.estrategiaconcursos.com.br\/blog\/wp-json\/wp\/v2\/media?parent=963547"}],"wp:term":[{"taxonomy":"category","embeddable":true,"href":"https:\/\/www.estrategiaconcursos.com.br\/blog\/wp-json\/wp\/v2\/categories?post=963547"},{"taxonomy":"post_tag","embeddable":true,"href":"https:\/\/www.estrategiaconcursos.com.br\/blog\/wp-json\/wp\/v2\/tags?post=963547"},{"taxonomy":"tax_estado","embeddable":true,"href":"https:\/\/www.estrategiaconcursos.com.br\/blog\/wp-json\/wp\/v2\/tax_estado?post=963547"}],"curies":[{"name":"wp","href":"https:\/\/api.w.org\/{rel}","templated":true}]}}