{"id":963502,"date":"2022-02-07T18:00:00","date_gmt":"2022-02-07T21:00:00","guid":{"rendered":"https:\/\/www.estrategiaconcursos.com.br\/blog\/?p=963502"},"modified":"2022-02-09T11:17:58","modified_gmt":"2022-02-09T14:17:58","slug":"concurso-publico-editais-publicados-07-02-22","status":"publish","type":"post","link":"https:\/\/www.estrategiaconcursos.com.br\/blog\/concurso-publico-editais-publicados-07-02-22\/","title":{"rendered":"Concurso P\u00fablico: 3 editais publicados hoje (07\/02)"},"content":{"rendered":"\n<p>Nesta segunda-feira, 07 de fevereiro, tivemos a publica\u00e7\u00e3o de tr\u00eas editais, sendo para a <strong>Universidade Federal de Pelotas<\/strong>, para o<strong> Curso de Adapta\u00e7\u00e3o de Dentistas da Aeron\u00e1utica<\/strong> e da<strong> Secretaria da Fazenda do Amazonas<\/strong>.<\/p>\n\n\n\n<p>A <strong>UFPel <\/strong>j\u00e1 havia publicado um edital na <a href=\"https:\/\/www.estrategiaconcursos.com.br\/blog\/concurso-publico-editais-da-semana-31-01-a-04-02\/\" target=\"_blank\" rel=\"noreferrer noopener\">semana passada<\/a>. Dessa vez, s\u00e3o ofertadas 22 vagas para <span style=\"font-size: revert; color: initial;\">T\u00e9cnico em <\/span>Tecnologia da Informa\u00e7\u00e3o.<\/p>\n\n\n\n<p>J\u00e1 o edital do <strong>CADAR <\/strong>traz 11 vagas para <span style=\"font-size: revert; color: initial;\">Oficiais Dentistas&nbsp;Volunt\u00e1rios<\/span> em diversas especialidades. As vagas s\u00e3o para o Rio de Janeiro\/RJ, S\u00e3o Paulo\/SP, Guaratinguet\u00e1\/SP, Guarulhos\/SP, Boa Vista\/RR, Recife\/PE e Bras\u00edlia\/DF.<\/p>\n\n\n\n<p>Por fim, mas n\u00e3o menos importante, o concurso<strong> Sefaz AM<\/strong> trouxe 210 vagas al\u00e9m de forma\u00e7\u00e3o de cadastro reserva, para cargos de n\u00edvel m\u00e9dio e superior. Remunera\u00e7\u00e3o inicial pode atingir os R$ 23 mil!<\/p>\n\n\n\n<p>Confira os principais detalhes dos editais publicados HOJE, como <a href=\"https:\/\/www.estrategiaconcursos.com.br\/blog\/concursos-abertos\/\" target=\"_blank\" rel=\"noreferrer noopener\">data de inscri\u00e7\u00e3o<\/a> e de aplica\u00e7\u00e3o da prova, banca organizadora, cursos e muito mais ao longo deste artigo.<\/p>\n\n\n\n<div class=\"container\" id=\"boxes\">\n  <div class=\"row\">\n\n    <div class=\"col-sm\">\n      <div class=\"banner-estrategia\" id=\"box-assinatura\">\n        <h3 class=\"titulo-assinatura\">Cursos para concursos<\/h3>\n        <p class=\"subtitulo-assinatura\">Estude conosco<\/p>\n        <div class=\"box-botao\">\n          <a class=\"btn-assinatura\" target=\"_blank\" href=\"https:\/\/www.estrategiaconcursos.com.br\/cursos\/\" role=\"button\" rel=\"noopener noreferrer\">Conhe\u00e7a os cursos<\/a>\n        <\/div>\n      <\/div>\n     \n    <\/div>\n\n  <\/div>\n<\/div>\n\n\n\n<h2 class=\"has-text-align-center has-background wp-block-heading\" id=\"h-confira-os-editais-publicados\" style=\"background-color:#d4bfe7\">Confira os editais publicados:<\/h2>\n\n\n\n<h3 class=\"wp-block-heading\" id=\"h-concurso-sefaz-am\"><a href=\"https:\/\/www.estrategiaconcursos.com.br\/blog\/concurso-sefaz-am\/\" target=\"_blank\" rel=\"noreferrer noopener\">Concurso Sefaz AM<\/a><\/h3>\n\n\n\n<ul class=\"wp-block-list\"><li><strong>Banca<\/strong>: FGV<\/li><li><strong>Per\u00edodo de inscri\u00e7\u00f5es<\/strong>:&nbsp;14\/02 a 14\/03\/2022<\/li><li><strong>Data da prova:<\/strong>&nbsp;07 e 08\/05\/2022<\/li><li><strong>Vagas:<\/strong>&nbsp;210 + CR<\/li><li><strong>Cargos:<\/strong>&nbsp;V\u00e1rios<\/li><li><strong>Remunera\u00e7\u00e3o:&nbsp;<\/strong>R$ 5.000,69 a R$ 23.548,96<\/li><li><strong>Edital<\/strong>:&nbsp;<a href=\"https:\/\/dhg1h5j42swfq.cloudfront.net\/2022\/02\/07172536\/edital_de_abertura_sefaz-am-0702.pdf\" target=\"_blank\" rel=\"noreferrer noopener nofollow\">Edital Sefaz AM 2022<\/a><\/li><li><strong>Curso:<\/strong>&nbsp;<a href=\"https:\/\/www.estrategiaconcursos.com.br\/cursosPorConcurso\/sefaz-am-247\/\" target=\"_blank\" rel=\"noreferrer noopener\">Sefaz AM<\/a><\/li><\/ul>\n\n\n\n<h3 class=\"wp-block-heading\" id=\"h-concurso-ufpel-rs-1\"><a href=\"https:\/\/www.estrategiaconcursos.com.br\/blog\/concurso-ufpel-edital-publicado\/\" target=\"_blank\" rel=\"noreferrer noopener\">Concurso UFPel<\/a> (RS)<\/h3>\n\n\n\n<ul class=\"wp-block-list\"><li><strong>Banca<\/strong>: organiza\u00e7\u00e3o pr\u00f3pria<\/li><li><strong>Per\u00edodo de inscri\u00e7\u00f5es<\/strong>:&nbsp;07\/02 a 06\/03\/2022<\/li><li><strong>Data da prova:<\/strong>&nbsp;22\/05\/2022<\/li><li><strong>Vagas:<\/strong>&nbsp;22<\/li><li><strong>Cargos:<\/strong>&nbsp;T\u00e9cnico em <a href=\"https:\/\/www.estrategiaconcursos.com.br\/blog\/concursos-ti-2022\/\" target=\"_blank\" rel=\"noreferrer noopener\">Tecnologia da Informa\u00e7\u00e3o<\/a><\/li><li><strong>Remunera\u00e7\u00e3o:&nbsp;<\/strong>R$ 2.446,97<\/li><li><strong>Edital<\/strong>:&nbsp;<a href=\"https:\/\/dhg1h5j42swfq.cloudfront.net\/2022\/02\/07084143\/ufpel-edital-publicado.pdf\" target=\"_blank\" rel=\"noreferrer noopener nofollow\">Edital UFPel<\/a><\/li><li><strong>Curso:<\/strong>&nbsp;<a href=\"https:\/\/www.estrategiaconcursos.com.br\/cursosPorConcurso\/universidade-federal-de-pelotas-do-rio-grande-do-sul-ufpel\/\" target=\"_blank\" rel=\"noreferrer noopener\">UFPel<\/a><\/li><\/ul>\n\n\n\n<h3 class=\"wp-block-heading\" id=\"h-concurso-cadar\"><a href=\"https:\/\/www.estrategiaconcursos.com.br\/blog\/concurso-cadar\/\" target=\"_blank\" rel=\"noreferrer noopener\">Concurso CADAR<\/a><\/h3>\n\n\n\n<ul class=\"wp-block-list\"><li><strong>Banca<\/strong>: FAB<\/li><li><strong>Per\u00edodo de inscri\u00e7\u00f5es<\/strong>: 21\/02 a 13\/03\/2022<\/li><li><strong>Data da prova:<\/strong>&nbsp;12\/06\/2022<\/li><li><strong>Vagas:<\/strong>&nbsp;11<\/li><li><strong>Cargos:<\/strong>&nbsp;Oficiais Dentistas&nbsp;Volunt\u00e1rios&nbsp;<\/li><li><strong>Edital<\/strong>:&nbsp;<a href=\"https:\/\/dhg1h5j42swfq.cloudfront.net\/2022\/02\/07123524\/edital-cadar-2023.pdf\" target=\"_blank\" rel=\"noreferrer noopener nofollow\">Edital Cadar 2023<\/a><\/li><li><strong>Curso:<\/strong>&nbsp;<a href=\"https:\/\/www.estrategiaconcursos.com.br\/cursosPorConcurso\/estagio-de-adaptacao-de-oficiais-de-dentistas-da-aeronautica-cadar-2020\/\" target=\"_blank\" rel=\"noreferrer noopener\">Cadar<\/a><\/li><\/ul>\n\n\n\n<p class=\"has-text-align-center has-background\" style=\"background-color:#d4bfe7;font-size:clamp(14.642px, 0.915rem + ((1vw - 3.2px) * 0.721), 22px);px\"><strong>Veja tamb\u00e9m: <a href=\"https:\/\/www.estrategiaconcursos.com.br\/blog\/principais-noticias-do-dia\/\" target=\"_blank\" rel=\"noreferrer noopener\">Principais not\u00edcias do dia<\/a><\/strong> <\/p>\n\n\n\n<div class=\"wp-block-image\"><figure class=\"aligncenter size-large is-resized\"><a href=\"https:\/\/concursos.estrategiaeducacional.com.br\/\" target=\"_blank\" rel=\"noopener\"><img loading=\"lazy\" decoding=\"async\" src=\"https:\/\/dhg1h5j42swfq.cloudfront.net\/2020\/09\/18141901\/Coruja_Concursos%404x-506x1024.png\" alt=\"Concurso P\u00fablico: 02 editais publicados hoje (30\/12)\" class=\"wp-image-574355\" width=\"35\" height=\"71\" srcset=\"https:\/\/dhg1h5j42swfq.cloudfront.net\/2020\/09\/18141901\/Coruja_Concursos%404x-506x1024.png 506w, https:\/\/dhg1h5j42swfq.cloudfront.net\/2020\/09\/18141901\/Coruja_Concursos%404x-148x300.png 148w, https:\/\/dhg1h5j42swfq.cloudfront.net\/2020\/09\/18141901\/Coruja_Concursos%404x-610x1236.png 610w, https:\/\/dhg1h5j42swfq.cloudfront.net\/2020\/09\/18141901\/Coruja_Concursos%404x.png 745w\" sizes=\"auto, (max-width: 35px) 100vw, 35px\" \/><\/a><\/figure><\/div>\n\n\n\n<h2 class=\"has-text-align-center wp-block-heading\" id=\"h-quer-saber-tudo-sobre-concursos-previstos-confira-nossos-artigos\">Quer saber tudo sobre concursos previstos?<br \/>Confira nossos artigos!<\/h2>\n\n\n\n<ul class=\"wp-block-list\"><li><a rel=\"noreferrer noopener\" href=\"https:\/\/www.estrategiaconcursos.com.br\/blog\/concursos-abertos\/\" target=\"_blank\">Concursos abertos<\/a><\/li><li><a rel=\"noreferrer noopener\" href=\"https:\/\/www.estrategiaconcursos.com.br\/blog\/concursos-2022\/\" target=\"_blank\">Concursos 2022<\/a><\/li><\/ul>\n\n\n\n<div class=\"container\" id=\"boxes\">\n  <div class=\"row\">\n\n    <div class=\"col-sm\">\n      <div class=\"estrategia\" id=\"box-assinatura\">\n        <h3 class=\"titulo-assinatura\">Assinatura Concursos<\/h3>\n        <p class=\"subtitulo-assinatura\">Assinatura de 1 ano ou 2 anos<\/p>\n        <div class=\"box-botao\">\n          <a class=\"btn-assinatura\" target=\"_blank\" href=\"https:\/\/www.estrategiaconcursos.com.br\/assinaturas\/\" role=\"button\" rel=\"noopener noreferrer\">ASSINE AGORA<\/a>\n        <\/div>\n      <\/div><\/div><\/div><\/div>\n","protected":false},"excerpt":{"rendered":"<p>Nesta segunda-feira, 07 de fevereiro, tivemos a publica\u00e7\u00e3o de tr\u00eas editais, sendo para a Universidade Federal de Pelotas, para o Curso de Adapta\u00e7\u00e3o de Dentistas da Aeron\u00e1utica e da Secretaria da Fazenda do Amazonas. A UFPel j\u00e1 havia publicado um edital na semana passada. Dessa vez, s\u00e3o ofertadas 22 vagas para T\u00e9cnico em Tecnologia da [&hellip;]<\/p>\n","protected":false},"author":659,"featured_media":834708,"comment_status":"open","ping_status":"closed","sticky":false,"template":"","format":"standard","meta":{"post_tipo":"news","footnotes":""},"categories":[220184,6741,220219],"tags":[],"tax_estado":[219966,219970,219979,219985,219986,219989],"class_list":["post-963502","post","type-post","status-publish","format-standard","has-post-thumbnail","hentry","category-engenharias-e-ti","category-forcas-armadas-oficiais","category-noticias","tax_estado-am","tax_estado-df","tax_estado-pe","tax_estado-rr","tax_estado-rs","tax_estado-sp"],"acf":[],"yoast_head":"<!-- This site is optimized with the Yoast SEO Premium plugin v27.2 (Yoast SEO v27.2) - https:\/\/yoast.com\/product\/yoast-seo-premium-wordpress\/ -->\n<title>Concurso P\u00fablico: 3 editais publicados hoje (07\/02)<\/title>\n<meta name=\"description\" content=\"Concurso P\u00fablico 2022: 03 editais sa\u00edram nesta segunda-feira. Confira o n\u00famero de vagas, remunera\u00e7\u00e3o, principais datas e muito mais!\" \/>\n<meta name=\"robots\" content=\"index, follow, max-snippet:-1, max-image-preview:large, max-video-preview:-1\" \/>\n<link rel=\"canonical\" href=\"https:\/\/www.estrategiaconcursos.com.br\/blog\/concurso-publico-editais-publicados-07-02-22\/\" \/>\n<meta property=\"og:locale\" content=\"pt_BR\" \/>\n<meta property=\"og:type\" content=\"article\" \/>\n<meta property=\"og:title\" content=\"Concurso P\u00fablico: 3 editais publicados hoje (07\/02)\" \/>\n<meta property=\"og:description\" content=\"Concurso P\u00fablico 2022: 03 editais sa\u00edram nesta segunda-feira. Confira o n\u00famero de vagas, remunera\u00e7\u00e3o, principais datas e muito mais!\" \/>\n<meta property=\"og:url\" content=\"https:\/\/www.estrategiaconcursos.com.br\/blog\/concurso-publico-editais-publicados-07-02-22\/\" \/>\n<meta property=\"og:site_name\" content=\"Estrat\u00e9gia Concursos\" \/>\n<meta property=\"article:published_time\" content=\"2022-02-07T21:00:00+00:00\" \/>\n<meta property=\"article:modified_time\" content=\"2022-02-09T14:17:58+00:00\" \/>\n<meta property=\"og:image\" content=\"https:\/\/dhg1h5j42swfq.cloudfront.net\/2021\/08\/12154611\/editais-do-dia.jpg\" \/>\n\t<meta property=\"og:image:width\" content=\"767\" \/>\n\t<meta property=\"og:image:height\" content=\"434\" \/>\n\t<meta property=\"og:image:type\" content=\"image\/jpeg\" \/>\n<meta name=\"author\" content=\"Camila Leite\" \/>\n<meta name=\"twitter:card\" content=\"summary_large_image\" \/>\n<meta name=\"twitter:creator\" content=\"@EstratConcursos\" \/>\n<meta name=\"twitter:site\" content=\"@EstratConcursos\" \/>\n<meta name=\"twitter:label1\" content=\"Escrito por\" \/>\n\t<meta name=\"twitter:data1\" content=\"Camila Leite\" \/>\n\t<meta name=\"twitter:label2\" content=\"Est. tempo de leitura\" \/>\n\t<meta name=\"twitter:data2\" content=\"2 minutos\" \/>\n<script type=\"application\/ld+json\" class=\"yoast-schema-graph\">{\"@context\":\"https:\/\/schema.org\",\"@graph\":[{\"@type\":\"NewsArticle\",\"@id\":\"https:\/\/www.estrategiaconcursos.com.br\/blog\/concurso-publico-editais-publicados-07-02-22\/#article\",\"isPartOf\":{\"@id\":\"https:\/\/www.estrategiaconcursos.com.br\/blog\/concurso-publico-editais-publicados-07-02-22\/\"},\"author\":{\"name\":\"Camila Leite\",\"@id\":\"https:\/\/www.estrategiaconcursos.com.br\/blog\/#\/schema\/person\/84ecdc6eb58d3cf1689bf76c5cd8fb38\"},\"headline\":\"Concurso P\u00fablico: 3 editais publicados hoje (07\/02)\",\"datePublished\":\"2022-02-07T21:00:00+00:00\",\"dateModified\":\"2022-02-09T14:17:58+00:00\",\"mainEntityOfPage\":{\"@id\":\"https:\/\/www.estrategiaconcursos.com.br\/blog\/concurso-publico-editais-publicados-07-02-22\/\"},\"wordCount\":330,\"commentCount\":0,\"publisher\":{\"@id\":\"https:\/\/www.estrategiaconcursos.com.br\/blog\/#organization\"},\"image\":{\"@id\":\"https:\/\/www.estrategiaconcursos.com.br\/blog\/concurso-publico-editais-publicados-07-02-22\/#primaryimage\"},\"thumbnailUrl\":\"https:\/\/dhg1h5j42swfq.cloudfront.net\/2021\/08\/12154611\/editais-do-dia.jpg\",\"articleSection\":[\"Engenharias e TI\",\"For\u00e7as Armadas (Oficiais)\",\"\u00daltimas not\u00edcias\"],\"inLanguage\":\"pt-BR\",\"potentialAction\":[{\"@type\":\"CommentAction\",\"name\":\"Comment\",\"target\":[\"https:\/\/www.estrategiaconcursos.com.br\/blog\/concurso-publico-editais-publicados-07-02-22\/#respond\"]}],\"copyrightYear\":\"2022\",\"copyrightHolder\":{\"@id\":\"https:\/\/www.estrategiaconcursos.com.br\/blog\/#organization\"}},{\"@type\":\"WebPage\",\"@id\":\"https:\/\/www.estrategiaconcursos.com.br\/blog\/concurso-publico-editais-publicados-07-02-22\/\",\"url\":\"https:\/\/www.estrategiaconcursos.com.br\/blog\/concurso-publico-editais-publicados-07-02-22\/\",\"name\":\"Concurso P\u00fablico: 3 editais publicados hoje (07\/02)\",\"isPartOf\":{\"@id\":\"https:\/\/www.estrategiaconcursos.com.br\/blog\/#website\"},\"primaryImageOfPage\":{\"@id\":\"https:\/\/www.estrategiaconcursos.com.br\/blog\/concurso-publico-editais-publicados-07-02-22\/#primaryimage\"},\"image\":{\"@id\":\"https:\/\/www.estrategiaconcursos.com.br\/blog\/concurso-publico-editais-publicados-07-02-22\/#primaryimage\"},\"thumbnailUrl\":\"https:\/\/dhg1h5j42swfq.cloudfront.net\/2021\/08\/12154611\/editais-do-dia.jpg\",\"datePublished\":\"2022-02-07T21:00:00+00:00\",\"dateModified\":\"2022-02-09T14:17:58+00:00\",\"description\":\"Concurso P\u00fablico 2022: 03 editais sa\u00edram nesta segunda-feira. Confira o n\u00famero de vagas, remunera\u00e7\u00e3o, principais datas e muito mais!\",\"breadcrumb\":{\"@id\":\"https:\/\/www.estrategiaconcursos.com.br\/blog\/concurso-publico-editais-publicados-07-02-22\/#breadcrumb\"},\"inLanguage\":\"pt-BR\",\"potentialAction\":[{\"@type\":\"ReadAction\",\"target\":[\"https:\/\/www.estrategiaconcursos.com.br\/blog\/concurso-publico-editais-publicados-07-02-22\/\"]}]},{\"@type\":\"ImageObject\",\"inLanguage\":\"pt-BR\",\"@id\":\"https:\/\/www.estrategiaconcursos.com.br\/blog\/concurso-publico-editais-publicados-07-02-22\/#primaryimage\",\"url\":\"https:\/\/dhg1h5j42swfq.cloudfront.net\/2021\/08\/12154611\/editais-do-dia.jpg\",\"contentUrl\":\"https:\/\/dhg1h5j42swfq.cloudfront.net\/2021\/08\/12154611\/editais-do-dia.jpg\",\"width\":767,\"height\":434,\"caption\":\"Editais do dia\"},{\"@type\":\"BreadcrumbList\",\"@id\":\"https:\/\/www.estrategiaconcursos.com.br\/blog\/concurso-publico-editais-publicados-07-02-22\/#breadcrumb\",\"itemListElement\":[{\"@type\":\"ListItem\",\"position\":1,\"name\":\"In\u00edcio\",\"item\":\"https:\/\/www.estrategiaconcursos.com.br\/blog\/\"},{\"@type\":\"ListItem\",\"position\":2,\"name\":\"Concurso P\u00fablico: 3 editais publicados hoje (07\/02)\"}]},{\"@type\":\"WebSite\",\"@id\":\"https:\/\/www.estrategiaconcursos.com.br\/blog\/#website\",\"url\":\"https:\/\/www.estrategiaconcursos.com.br\/blog\/\",\"name\":\"Estrat\u00e9gia Concursos\",\"description\":\"O blog da Estrat\u00e9gia Concursos traz not\u00edcias sobre concursos e artigos de professores oferecendo cursos para concursos (pdf + videaulas) no site.\",\"publisher\":{\"@id\":\"https:\/\/www.estrategiaconcursos.com.br\/blog\/#organization\"},\"potentialAction\":[{\"@type\":\"SearchAction\",\"target\":{\"@type\":\"EntryPoint\",\"urlTemplate\":\"https:\/\/www.estrategiaconcursos.com.br\/blog\/?s={search_term_string}\"},\"query-input\":{\"@type\":\"PropertyValueSpecification\",\"valueRequired\":true,\"valueName\":\"search_term_string\"}}],\"inLanguage\":\"pt-BR\"},{\"@type\":\"Organization\",\"@id\":\"https:\/\/www.estrategiaconcursos.com.br\/blog\/#organization\",\"name\":\"Estrat\u00e9gia Concursos\",\"url\":\"https:\/\/www.estrategiaconcursos.com.br\/blog\/\",\"logo\":{\"@type\":\"ImageObject\",\"inLanguage\":\"pt-BR\",\"@id\":\"https:\/\/www.estrategiaconcursos.com.br\/blog\/#\/schema\/logo\/image\/\",\"url\":\"https:\/\/dhg1h5j42swfq.cloudfront.net\/2025\/06\/03203428\/logo_concursos-1.jpg\",\"contentUrl\":\"https:\/\/dhg1h5j42swfq.cloudfront.net\/2025\/06\/03203428\/logo_concursos-1.jpg\",\"width\":230,\"height\":60,\"caption\":\"Estrat\u00e9gia Concursos\"},\"image\":{\"@id\":\"https:\/\/www.estrategiaconcursos.com.br\/blog\/#\/schema\/logo\/image\/\"},\"sameAs\":[\"https:\/\/x.com\/EstratConcursos\"]},{\"@type\":\"Person\",\"@id\":\"https:\/\/www.estrategiaconcursos.com.br\/blog\/#\/schema\/person\/84ecdc6eb58d3cf1689bf76c5cd8fb38\",\"name\":\"Camila Leite\",\"image\":{\"@type\":\"ImageObject\",\"inLanguage\":\"pt-BR\",\"@id\":\"https:\/\/secure.gravatar.com\/avatar\/f2f8faef639c8a2bfb7fb909912a56917f4c3a0aed064500168e2fb8ea55cf61?s=96&d=mm&r=g\",\"url\":\"https:\/\/secure.gravatar.com\/avatar\/f2f8faef639c8a2bfb7fb909912a56917f4c3a0aed064500168e2fb8ea55cf61?s=96&d=mm&r=g\",\"contentUrl\":\"https:\/\/secure.gravatar.com\/avatar\/f2f8faef639c8a2bfb7fb909912a56917f4c3a0aed064500168e2fb8ea55cf61?s=96&d=mm&r=g\",\"caption\":\"Camila Leite\"},\"description\":\"Formada em Design Gr\u00e1fico e em Propaganda e Marketing pela UNIP, integra a equipe de jornalismo do Estrat\u00e9gia Concursos desde 2018. Ao longo dos anos, construiu uma s\u00f3lida experi\u00eancia na produ\u00e7\u00e3o de conte\u00fado informativo e relevante para concurseiros. Desde 2020, atua na cobertura das \u00e1reas Fiscal \u2014 com \u00eanfase nas Secretarias de Fazenda (Sefaz) das regi\u00f5es Sul e Sudeste \u2014, al\u00e9m da cobertura de concursos federais, como CNU, Petrobras, CGU, Receita Federal, ag\u00eancias reguladoras (Anvisa, ANAC, entre outras) e INSS. Mant\u00e9m contato direto com os principais \u00f3rg\u00e3os p\u00fablicos, acompanhando editais, atualiza\u00e7\u00f5es e movimenta\u00e7\u00f5es importantes para os candidatos.\",\"sameAs\":[\"https:\/\/www.linkedin.com\/in\/camila-pinheiro-leite-9ba135b6\/\"],\"url\":\"https:\/\/www.estrategiaconcursos.com.br\/blog\/author\/camila-leiteestrategiaconcursos-com-br\/\"}]}<\/script>\n<!-- \/ Yoast SEO Premium plugin. -->","yoast_head_json":{"title":"Concurso P\u00fablico: 3 editais publicados hoje (07\/02)","description":"Concurso P\u00fablico 2022: 03 editais sa\u00edram nesta segunda-feira. Confira o n\u00famero de vagas, remunera\u00e7\u00e3o, principais datas e muito mais!","robots":{"index":"index","follow":"follow","max-snippet":"max-snippet:-1","max-image-preview":"max-image-preview:large","max-video-preview":"max-video-preview:-1"},"canonical":"https:\/\/www.estrategiaconcursos.com.br\/blog\/concurso-publico-editais-publicados-07-02-22\/","og_locale":"pt_BR","og_type":"article","og_title":"Concurso P\u00fablico: 3 editais publicados hoje (07\/02)","og_description":"Concurso P\u00fablico 2022: 03 editais sa\u00edram nesta segunda-feira. Confira o n\u00famero de vagas, remunera\u00e7\u00e3o, principais datas e muito mais!","og_url":"https:\/\/www.estrategiaconcursos.com.br\/blog\/concurso-publico-editais-publicados-07-02-22\/","og_site_name":"Estrat\u00e9gia Concursos","article_published_time":"2022-02-07T21:00:00+00:00","article_modified_time":"2022-02-09T14:17:58+00:00","og_image":[{"width":767,"height":434,"url":"https:\/\/dhg1h5j42swfq.cloudfront.net\/2021\/08\/12154611\/editais-do-dia.jpg","type":"image\/jpeg"}],"author":"Camila Leite","twitter_card":"summary_large_image","twitter_creator":"@EstratConcursos","twitter_site":"@EstratConcursos","twitter_misc":{"Escrito por":"Camila Leite","Est. tempo de leitura":"2 minutos"},"schema":{"@context":"https:\/\/schema.org","@graph":[{"@type":"NewsArticle","@id":"https:\/\/www.estrategiaconcursos.com.br\/blog\/concurso-publico-editais-publicados-07-02-22\/#article","isPartOf":{"@id":"https:\/\/www.estrategiaconcursos.com.br\/blog\/concurso-publico-editais-publicados-07-02-22\/"},"author":{"name":"Camila Leite","@id":"https:\/\/www.estrategiaconcursos.com.br\/blog\/#\/schema\/person\/84ecdc6eb58d3cf1689bf76c5cd8fb38"},"headline":"Concurso P\u00fablico: 3 editais publicados hoje (07\/02)","datePublished":"2022-02-07T21:00:00+00:00","dateModified":"2022-02-09T14:17:58+00:00","mainEntityOfPage":{"@id":"https:\/\/www.estrategiaconcursos.com.br\/blog\/concurso-publico-editais-publicados-07-02-22\/"},"wordCount":330,"commentCount":0,"publisher":{"@id":"https:\/\/www.estrategiaconcursos.com.br\/blog\/#organization"},"image":{"@id":"https:\/\/www.estrategiaconcursos.com.br\/blog\/concurso-publico-editais-publicados-07-02-22\/#primaryimage"},"thumbnailUrl":"https:\/\/dhg1h5j42swfq.cloudfront.net\/2021\/08\/12154611\/editais-do-dia.jpg","articleSection":["Engenharias e TI","For\u00e7as Armadas (Oficiais)","\u00daltimas not\u00edcias"],"inLanguage":"pt-BR","potentialAction":[{"@type":"CommentAction","name":"Comment","target":["https:\/\/www.estrategiaconcursos.com.br\/blog\/concurso-publico-editais-publicados-07-02-22\/#respond"]}],"copyrightYear":"2022","copyrightHolder":{"@id":"https:\/\/www.estrategiaconcursos.com.br\/blog\/#organization"}},{"@type":"WebPage","@id":"https:\/\/www.estrategiaconcursos.com.br\/blog\/concurso-publico-editais-publicados-07-02-22\/","url":"https:\/\/www.estrategiaconcursos.com.br\/blog\/concurso-publico-editais-publicados-07-02-22\/","name":"Concurso P\u00fablico: 3 editais publicados hoje (07\/02)","isPartOf":{"@id":"https:\/\/www.estrategiaconcursos.com.br\/blog\/#website"},"primaryImageOfPage":{"@id":"https:\/\/www.estrategiaconcursos.com.br\/blog\/concurso-publico-editais-publicados-07-02-22\/#primaryimage"},"image":{"@id":"https:\/\/www.estrategiaconcursos.com.br\/blog\/concurso-publico-editais-publicados-07-02-22\/#primaryimage"},"thumbnailUrl":"https:\/\/dhg1h5j42swfq.cloudfront.net\/2021\/08\/12154611\/editais-do-dia.jpg","datePublished":"2022-02-07T21:00:00+00:00","dateModified":"2022-02-09T14:17:58+00:00","description":"Concurso P\u00fablico 2022: 03 editais sa\u00edram nesta segunda-feira. Confira o n\u00famero de vagas, remunera\u00e7\u00e3o, principais datas e muito mais!","breadcrumb":{"@id":"https:\/\/www.estrategiaconcursos.com.br\/blog\/concurso-publico-editais-publicados-07-02-22\/#breadcrumb"},"inLanguage":"pt-BR","potentialAction":[{"@type":"ReadAction","target":["https:\/\/www.estrategiaconcursos.com.br\/blog\/concurso-publico-editais-publicados-07-02-22\/"]}]},{"@type":"ImageObject","inLanguage":"pt-BR","@id":"https:\/\/www.estrategiaconcursos.com.br\/blog\/concurso-publico-editais-publicados-07-02-22\/#primaryimage","url":"https:\/\/dhg1h5j42swfq.cloudfront.net\/2021\/08\/12154611\/editais-do-dia.jpg","contentUrl":"https:\/\/dhg1h5j42swfq.cloudfront.net\/2021\/08\/12154611\/editais-do-dia.jpg","width":767,"height":434,"caption":"Editais do dia"},{"@type":"BreadcrumbList","@id":"https:\/\/www.estrategiaconcursos.com.br\/blog\/concurso-publico-editais-publicados-07-02-22\/#breadcrumb","itemListElement":[{"@type":"ListItem","position":1,"name":"In\u00edcio","item":"https:\/\/www.estrategiaconcursos.com.br\/blog\/"},{"@type":"ListItem","position":2,"name":"Concurso P\u00fablico: 3 editais publicados hoje (07\/02)"}]},{"@type":"WebSite","@id":"https:\/\/www.estrategiaconcursos.com.br\/blog\/#website","url":"https:\/\/www.estrategiaconcursos.com.br\/blog\/","name":"Estrat\u00e9gia Concursos","description":"O blog da Estrat\u00e9gia Concursos traz not\u00edcias sobre concursos e artigos de professores oferecendo cursos para concursos (pdf + videaulas) no site.","publisher":{"@id":"https:\/\/www.estrategiaconcursos.com.br\/blog\/#organization"},"potentialAction":[{"@type":"SearchAction","target":{"@type":"EntryPoint","urlTemplate":"https:\/\/www.estrategiaconcursos.com.br\/blog\/?s={search_term_string}"},"query-input":{"@type":"PropertyValueSpecification","valueRequired":true,"valueName":"search_term_string"}}],"inLanguage":"pt-BR"},{"@type":"Organization","@id":"https:\/\/www.estrategiaconcursos.com.br\/blog\/#organization","name":"Estrat\u00e9gia Concursos","url":"https:\/\/www.estrategiaconcursos.com.br\/blog\/","logo":{"@type":"ImageObject","inLanguage":"pt-BR","@id":"https:\/\/www.estrategiaconcursos.com.br\/blog\/#\/schema\/logo\/image\/","url":"https:\/\/dhg1h5j42swfq.cloudfront.net\/2025\/06\/03203428\/logo_concursos-1.jpg","contentUrl":"https:\/\/dhg1h5j42swfq.cloudfront.net\/2025\/06\/03203428\/logo_concursos-1.jpg","width":230,"height":60,"caption":"Estrat\u00e9gia Concursos"},"image":{"@id":"https:\/\/www.estrategiaconcursos.com.br\/blog\/#\/schema\/logo\/image\/"},"sameAs":["https:\/\/x.com\/EstratConcursos"]},{"@type":"Person","@id":"https:\/\/www.estrategiaconcursos.com.br\/blog\/#\/schema\/person\/84ecdc6eb58d3cf1689bf76c5cd8fb38","name":"Camila Leite","image":{"@type":"ImageObject","inLanguage":"pt-BR","@id":"https:\/\/secure.gravatar.com\/avatar\/f2f8faef639c8a2bfb7fb909912a56917f4c3a0aed064500168e2fb8ea55cf61?s=96&d=mm&r=g","url":"https:\/\/secure.gravatar.com\/avatar\/f2f8faef639c8a2bfb7fb909912a56917f4c3a0aed064500168e2fb8ea55cf61?s=96&d=mm&r=g","contentUrl":"https:\/\/secure.gravatar.com\/avatar\/f2f8faef639c8a2bfb7fb909912a56917f4c3a0aed064500168e2fb8ea55cf61?s=96&d=mm&r=g","caption":"Camila Leite"},"description":"Formada em Design Gr\u00e1fico e em Propaganda e Marketing pela UNIP, integra a equipe de jornalismo do Estrat\u00e9gia Concursos desde 2018. Ao longo dos anos, construiu uma s\u00f3lida experi\u00eancia na produ\u00e7\u00e3o de conte\u00fado informativo e relevante para concurseiros. Desde 2020, atua na cobertura das \u00e1reas Fiscal \u2014 com \u00eanfase nas Secretarias de Fazenda (Sefaz) das regi\u00f5es Sul e Sudeste \u2014, al\u00e9m da cobertura de concursos federais, como CNU, Petrobras, CGU, Receita Federal, ag\u00eancias reguladoras (Anvisa, ANAC, entre outras) e INSS. Mant\u00e9m contato direto com os principais \u00f3rg\u00e3os p\u00fablicos, acompanhando editais, atualiza\u00e7\u00f5es e movimenta\u00e7\u00f5es importantes para os candidatos.","sameAs":["https:\/\/www.linkedin.com\/in\/camila-pinheiro-leite-9ba135b6\/"],"url":"https:\/\/www.estrategiaconcursos.com.br\/blog\/author\/camila-leiteestrategiaconcursos-com-br\/"}]}},"_links":{"self":[{"href":"https:\/\/www.estrategiaconcursos.com.br\/blog\/wp-json\/wp\/v2\/posts\/963502","targetHints":{"allow":["GET"]}}],"collection":[{"href":"https:\/\/www.estrategiaconcursos.com.br\/blog\/wp-json\/wp\/v2\/posts"}],"about":[{"href":"https:\/\/www.estrategiaconcursos.com.br\/blog\/wp-json\/wp\/v2\/types\/post"}],"author":[{"embeddable":true,"href":"https:\/\/www.estrategiaconcursos.com.br\/blog\/wp-json\/wp\/v2\/users\/659"}],"replies":[{"embeddable":true,"href":"https:\/\/www.estrategiaconcursos.com.br\/blog\/wp-json\/wp\/v2\/comments?post=963502"}],"version-history":[{"count":7,"href":"https:\/\/www.estrategiaconcursos.com.br\/blog\/wp-json\/wp\/v2\/posts\/963502\/revisions"}],"predecessor-version":[{"id":965252,"href":"https:\/\/www.estrategiaconcursos.com.br\/blog\/wp-json\/wp\/v2\/posts\/963502\/revisions\/965252"}],"wp:featuredmedia":[{"embeddable":true,"href":"https:\/\/www.estrategiaconcursos.com.br\/blog\/wp-json\/wp\/v2\/media\/834708"}],"wp:attachment":[{"href":"https:\/\/www.estrategiaconcursos.com.br\/blog\/wp-json\/wp\/v2\/media?parent=963502"}],"wp:term":[{"taxonomy":"category","embeddable":true,"href":"https:\/\/www.estrategiaconcursos.com.br\/blog\/wp-json\/wp\/v2\/categories?post=963502"},{"taxonomy":"post_tag","embeddable":true,"href":"https:\/\/www.estrategiaconcursos.com.br\/blog\/wp-json\/wp\/v2\/tags?post=963502"},{"taxonomy":"tax_estado","embeddable":true,"href":"https:\/\/www.estrategiaconcursos.com.br\/blog\/wp-json\/wp\/v2\/tax_estado?post=963502"}],"curies":[{"name":"wp","href":"https:\/\/api.w.org\/{rel}","templated":true}]}}