{"id":96309,"date":"2017-11-22T07:47:16","date_gmt":"2017-11-22T10:47:16","guid":{"rendered":"https:\/\/www.estrategiaconcursos.com.br\/blog\/?p=96309"},"modified":"2017-11-22T07:47:16","modified_gmt":"2017-11-22T10:47:16","slug":"planejamento-de-estudos-no-pos-edital-parte-2","status":"publish","type":"post","link":"https:\/\/www.estrategiaconcursos.com.br\/blog\/planejamento-de-estudos-no-pos-edital-parte-2\/","title":{"rendered":"Planejamento de estudos no P\u00d3S EDITAL &#8211; Parte 2"},"content":{"rendered":"<p>Ol\u00e1, guerreiros!!! Firmes a\u00ed?!<\/p>\n<p>Conforme avisei na semana passada, o v\u00eddeo de hoje ainda \u00e9 sobre o tema <span style=\"text-decoration: underline\"><span style=\"color: #0000ff;text-decoration: underline\">P\u00d3S EDITAL<\/span><\/span> e vem em complemento ao v\u00eddeo anterior.<\/p>\n<p>Hoje eu falo do Reta Final, uma esp\u00e9cie de &#8220;simulad\u00e3o&#8221;, que gosto de fazer durante as semanas que antecedem a prova. Me preocupei em passar detalhes e exemplos pr\u00e1ticos para que voc\u00eas realmente consigam, com tranquilidade, introduzir essa ferramenta aos estudos.<\/p>\n<p>Eu adotei o Reta Final na minha prepara\u00e7\u00e3o e, com toda certeza, o m\u00e9todo fez a diferen\u00e7a para que eu chegasse bem treinada e competitiva para a prova!<\/p>\n<p>Espero que gostem!<\/p>\n<div class=\"lyte-wrapper\" style=\"width:853px;max-width:100%;margin:5px;\"><div class=\"lyMe\" id=\"WYL_D1eF4mKPAqY\"><div id=\"lyte_D1eF4mKPAqY\" data-src=\"\/\/i.ytimg.com\/vi\/D1eF4mKPAqY\/hqdefault.jpg\" class=\"pL\"><div class=\"tC\"><div class=\"tT\"><\/div><\/div><div class=\"play\"><\/div><div class=\"ctrl\"><div class=\"Lctrl\"><\/div><div class=\"Rctrl\"><\/div><\/div><\/div><noscript><a href=\"https:\/\/youtu.be\/D1eF4mKPAqY\" rel=\"nofollow\"><img loading=\"lazy\" decoding=\"async\" src=\"https:\/\/i.ytimg.com\/vi\/D1eF4mKPAqY\/0.jpg\" alt=\"YouTube video thumbnail\" width=\"853\" height=\"460\" \/><br \/>Assista a este v\u00eddeo no YouTube<\/a><\/noscript><\/div><\/div><div class=\"lL\" style=\"max-width:100%;width:853px;margin:5px;\"><\/div><\/p>\n<p>Bons estudos! Arrebentem!<\/p>\n<p>Abra\u00e7os!<\/p>\n<p>Silvana Diniz<\/p>\n<p>Auditora Fiscal do Estado de S\u00e3o Paulo (ICMS\/SP)<br \/>\nCoach no Estrat\u00e9gia Concursos<\/p>\n","protected":false},"excerpt":{"rendered":"<p>Ol\u00e1, guerreiros!!! Firmes a\u00ed?! Conforme avisei na semana passada, o v\u00eddeo de hoje ainda \u00e9 sobre o tema P\u00d3S EDITAL e vem em complemento ao v\u00eddeo anterior. Hoje eu falo do Reta Final, uma esp\u00e9cie de &#8220;simulad\u00e3o&#8221;, que gosto de fazer durante as semanas que antecedem a prova. Me preocupei em passar detalhes e exemplos [&hellip;]<\/p>\n","protected":false},"author":337,"featured_media":0,"comment_status":"open","ping_status":"open","sticky":false,"template":"","format":"standard","meta":{"post_tipo":"article","footnotes":""},"categories":[1],"tags":[],"tax_estado":[],"class_list":["post-96309","post","type-post","status-publish","format-standard","hentry","category-cursos-e-concursos"],"acf":[],"yoast_head":"<!-- This site is optimized with the Yoast SEO Premium plugin v27.2 (Yoast SEO v27.2) - https:\/\/yoast.com\/product\/yoast-seo-premium-wordpress\/ -->\n<title>Planejamento de estudos no P\u00d3S EDITAL - Parte 2<\/title>\n<meta name=\"robots\" content=\"index, follow, max-snippet:-1, max-image-preview:large, max-video-preview:-1\" \/>\n<link rel=\"canonical\" href=\"https:\/\/www.estrategiaconcursos.com.br\/blog\/planejamento-de-estudos-no-pos-edital-parte-2\/\" \/>\n<meta property=\"og:locale\" content=\"pt_BR\" \/>\n<meta property=\"og:type\" content=\"article\" \/>\n<meta property=\"og:title\" content=\"Planejamento de estudos no P\u00d3S EDITAL - Parte 2\" \/>\n<meta property=\"og:description\" content=\"Ol\u00e1, guerreiros!!! Firmes a\u00ed?! Conforme avisei na semana passada, o v\u00eddeo de hoje ainda \u00e9 sobre o tema P\u00d3S EDITAL e vem em complemento ao v\u00eddeo anterior. Hoje eu falo do Reta Final, uma esp\u00e9cie de &#8220;simulad\u00e3o&#8221;, que gosto de fazer durante as semanas que antecedem a prova. Me preocupei em passar detalhes e exemplos [&hellip;]\" \/>\n<meta property=\"og:url\" content=\"https:\/\/www.estrategiaconcursos.com.br\/blog\/planejamento-de-estudos-no-pos-edital-parte-2\/\" \/>\n<meta property=\"og:site_name\" content=\"Estrat\u00e9gia Concursos\" \/>\n<meta property=\"article:published_time\" content=\"2017-11-22T10:47:16+00:00\" \/>\n<meta name=\"author\" content=\"Silvana Diniz\" \/>\n<meta name=\"twitter:card\" content=\"summary_large_image\" \/>\n<meta name=\"twitter:creator\" content=\"@EstratConcursos\" \/>\n<meta name=\"twitter:site\" content=\"@EstratConcursos\" \/>\n<meta name=\"twitter:label1\" content=\"Escrito por\" \/>\n\t<meta name=\"twitter:data1\" content=\"Silvana Diniz\" \/>\n\t<meta name=\"twitter:label2\" content=\"Est. tempo de leitura\" \/>\n\t<meta name=\"twitter:data2\" content=\"1 minuto\" \/>\n<script type=\"application\/ld+json\" class=\"yoast-schema-graph\">{\"@context\":\"https:\/\/schema.org\",\"@graph\":[{\"@type\":\"NewsArticle\",\"@id\":\"https:\/\/www.estrategiaconcursos.com.br\/blog\/planejamento-de-estudos-no-pos-edital-parte-2\/#article\",\"isPartOf\":{\"@id\":\"https:\/\/www.estrategiaconcursos.com.br\/blog\/planejamento-de-estudos-no-pos-edital-parte-2\/\"},\"author\":{\"name\":\"Silvana Diniz\",\"@id\":\"https:\/\/www.estrategiaconcursos.com.br\/blog\/#\/schema\/person\/906889da0af0a7a7abbe3c8a7a920dea\"},\"headline\":\"Planejamento de estudos no P\u00d3S EDITAL &#8211; Parte 2\",\"datePublished\":\"2017-11-22T10:47:16+00:00\",\"mainEntityOfPage\":{\"@id\":\"https:\/\/www.estrategiaconcursos.com.br\/blog\/planejamento-de-estudos-no-pos-edital-parte-2\/\"},\"wordCount\":145,\"commentCount\":3,\"publisher\":{\"@id\":\"https:\/\/www.estrategiaconcursos.com.br\/blog\/#organization\"},\"articleSection\":[\"Concursos P\u00fablicos\"],\"inLanguage\":\"pt-BR\",\"potentialAction\":[{\"@type\":\"CommentAction\",\"name\":\"Comment\",\"target\":[\"https:\/\/www.estrategiaconcursos.com.br\/blog\/planejamento-de-estudos-no-pos-edital-parte-2\/#respond\"]}],\"copyrightYear\":\"2017\",\"copyrightHolder\":{\"@id\":\"https:\/\/www.estrategiaconcursos.com.br\/blog\/#organization\"}},{\"@type\":\"WebPage\",\"@id\":\"https:\/\/www.estrategiaconcursos.com.br\/blog\/planejamento-de-estudos-no-pos-edital-parte-2\/\",\"url\":\"https:\/\/www.estrategiaconcursos.com.br\/blog\/planejamento-de-estudos-no-pos-edital-parte-2\/\",\"name\":\"Planejamento de estudos no P\u00d3S EDITAL - Parte 2\",\"isPartOf\":{\"@id\":\"https:\/\/www.estrategiaconcursos.com.br\/blog\/#website\"},\"datePublished\":\"2017-11-22T10:47:16+00:00\",\"breadcrumb\":{\"@id\":\"https:\/\/www.estrategiaconcursos.com.br\/blog\/planejamento-de-estudos-no-pos-edital-parte-2\/#breadcrumb\"},\"inLanguage\":\"pt-BR\",\"potentialAction\":[{\"@type\":\"ReadAction\",\"target\":[\"https:\/\/www.estrategiaconcursos.com.br\/blog\/planejamento-de-estudos-no-pos-edital-parte-2\/\"]}]},{\"@type\":\"BreadcrumbList\",\"@id\":\"https:\/\/www.estrategiaconcursos.com.br\/blog\/planejamento-de-estudos-no-pos-edital-parte-2\/#breadcrumb\",\"itemListElement\":[{\"@type\":\"ListItem\",\"position\":1,\"name\":\"In\u00edcio\",\"item\":\"https:\/\/www.estrategiaconcursos.com.br\/blog\/\"},{\"@type\":\"ListItem\",\"position\":2,\"name\":\"Planejamento de estudos no P\u00d3S EDITAL &#8211; Parte 2\"}]},{\"@type\":\"WebSite\",\"@id\":\"https:\/\/www.estrategiaconcursos.com.br\/blog\/#website\",\"url\":\"https:\/\/www.estrategiaconcursos.com.br\/blog\/\",\"name\":\"Estrat\u00e9gia Concursos\",\"description\":\"O blog da Estrat\u00e9gia Concursos traz not\u00edcias sobre concursos e artigos de professores oferecendo cursos para concursos (pdf + videaulas) no site.\",\"publisher\":{\"@id\":\"https:\/\/www.estrategiaconcursos.com.br\/blog\/#organization\"},\"potentialAction\":[{\"@type\":\"SearchAction\",\"target\":{\"@type\":\"EntryPoint\",\"urlTemplate\":\"https:\/\/www.estrategiaconcursos.com.br\/blog\/?s={search_term_string}\"},\"query-input\":{\"@type\":\"PropertyValueSpecification\",\"valueRequired\":true,\"valueName\":\"search_term_string\"}}],\"inLanguage\":\"pt-BR\"},{\"@type\":\"Organization\",\"@id\":\"https:\/\/www.estrategiaconcursos.com.br\/blog\/#organization\",\"name\":\"Estrat\u00e9gia Concursos\",\"url\":\"https:\/\/www.estrategiaconcursos.com.br\/blog\/\",\"logo\":{\"@type\":\"ImageObject\",\"inLanguage\":\"pt-BR\",\"@id\":\"https:\/\/www.estrategiaconcursos.com.br\/blog\/#\/schema\/logo\/image\/\",\"url\":\"https:\/\/dhg1h5j42swfq.cloudfront.net\/2025\/06\/03203428\/logo_concursos-1.jpg\",\"contentUrl\":\"https:\/\/dhg1h5j42swfq.cloudfront.net\/2025\/06\/03203428\/logo_concursos-1.jpg\",\"width\":230,\"height\":60,\"caption\":\"Estrat\u00e9gia Concursos\"},\"image\":{\"@id\":\"https:\/\/www.estrategiaconcursos.com.br\/blog\/#\/schema\/logo\/image\/\"},\"sameAs\":[\"https:\/\/x.com\/EstratConcursos\"]},{\"@type\":\"Person\",\"@id\":\"https:\/\/www.estrategiaconcursos.com.br\/blog\/#\/schema\/person\/906889da0af0a7a7abbe3c8a7a920dea\",\"name\":\"Silvana Diniz\",\"image\":{\"@type\":\"ImageObject\",\"inLanguage\":\"pt-BR\",\"@id\":\"https:\/\/secure.gravatar.com\/avatar\/37ad3fbd70af6b6f07a66451f01c8f0b5588d0d1e44da143dcdfcb9f1721b673?s=96&d=mm&r=g\",\"url\":\"https:\/\/secure.gravatar.com\/avatar\/37ad3fbd70af6b6f07a66451f01c8f0b5588d0d1e44da143dcdfcb9f1721b673?s=96&d=mm&r=g\",\"contentUrl\":\"https:\/\/secure.gravatar.com\/avatar\/37ad3fbd70af6b6f07a66451f01c8f0b5588d0d1e44da143dcdfcb9f1721b673?s=96&d=mm&r=g\",\"caption\":\"Silvana Diniz\"},\"url\":\"https:\/\/www.estrategiaconcursos.com.br\/blog\/author\/silvanadinizestrategiaconcursos-com-br\/\"}]}<\/script>\n<!-- \/ Yoast SEO Premium plugin. -->","yoast_head_json":{"title":"Planejamento de estudos no P\u00d3S EDITAL - Parte 2","robots":{"index":"index","follow":"follow","max-snippet":"max-snippet:-1","max-image-preview":"max-image-preview:large","max-video-preview":"max-video-preview:-1"},"canonical":"https:\/\/www.estrategiaconcursos.com.br\/blog\/planejamento-de-estudos-no-pos-edital-parte-2\/","og_locale":"pt_BR","og_type":"article","og_title":"Planejamento de estudos no P\u00d3S EDITAL - Parte 2","og_description":"Ol\u00e1, guerreiros!!! Firmes a\u00ed?! Conforme avisei na semana passada, o v\u00eddeo de hoje ainda \u00e9 sobre o tema P\u00d3S EDITAL e vem em complemento ao v\u00eddeo anterior. Hoje eu falo do Reta Final, uma esp\u00e9cie de &#8220;simulad\u00e3o&#8221;, que gosto de fazer durante as semanas que antecedem a prova. Me preocupei em passar detalhes e exemplos [&hellip;]","og_url":"https:\/\/www.estrategiaconcursos.com.br\/blog\/planejamento-de-estudos-no-pos-edital-parte-2\/","og_site_name":"Estrat\u00e9gia Concursos","article_published_time":"2017-11-22T10:47:16+00:00","author":"Silvana Diniz","twitter_card":"summary_large_image","twitter_creator":"@EstratConcursos","twitter_site":"@EstratConcursos","twitter_misc":{"Escrito por":"Silvana Diniz","Est. tempo de leitura":"1 minuto"},"schema":{"@context":"https:\/\/schema.org","@graph":[{"@type":"NewsArticle","@id":"https:\/\/www.estrategiaconcursos.com.br\/blog\/planejamento-de-estudos-no-pos-edital-parte-2\/#article","isPartOf":{"@id":"https:\/\/www.estrategiaconcursos.com.br\/blog\/planejamento-de-estudos-no-pos-edital-parte-2\/"},"author":{"name":"Silvana Diniz","@id":"https:\/\/www.estrategiaconcursos.com.br\/blog\/#\/schema\/person\/906889da0af0a7a7abbe3c8a7a920dea"},"headline":"Planejamento de estudos no P\u00d3S EDITAL &#8211; Parte 2","datePublished":"2017-11-22T10:47:16+00:00","mainEntityOfPage":{"@id":"https:\/\/www.estrategiaconcursos.com.br\/blog\/planejamento-de-estudos-no-pos-edital-parte-2\/"},"wordCount":145,"commentCount":3,"publisher":{"@id":"https:\/\/www.estrategiaconcursos.com.br\/blog\/#organization"},"articleSection":["Concursos P\u00fablicos"],"inLanguage":"pt-BR","potentialAction":[{"@type":"CommentAction","name":"Comment","target":["https:\/\/www.estrategiaconcursos.com.br\/blog\/planejamento-de-estudos-no-pos-edital-parte-2\/#respond"]}],"copyrightYear":"2017","copyrightHolder":{"@id":"https:\/\/www.estrategiaconcursos.com.br\/blog\/#organization"}},{"@type":"WebPage","@id":"https:\/\/www.estrategiaconcursos.com.br\/blog\/planejamento-de-estudos-no-pos-edital-parte-2\/","url":"https:\/\/www.estrategiaconcursos.com.br\/blog\/planejamento-de-estudos-no-pos-edital-parte-2\/","name":"Planejamento de estudos no P\u00d3S EDITAL - Parte 2","isPartOf":{"@id":"https:\/\/www.estrategiaconcursos.com.br\/blog\/#website"},"datePublished":"2017-11-22T10:47:16+00:00","breadcrumb":{"@id":"https:\/\/www.estrategiaconcursos.com.br\/blog\/planejamento-de-estudos-no-pos-edital-parte-2\/#breadcrumb"},"inLanguage":"pt-BR","potentialAction":[{"@type":"ReadAction","target":["https:\/\/www.estrategiaconcursos.com.br\/blog\/planejamento-de-estudos-no-pos-edital-parte-2\/"]}]},{"@type":"BreadcrumbList","@id":"https:\/\/www.estrategiaconcursos.com.br\/blog\/planejamento-de-estudos-no-pos-edital-parte-2\/#breadcrumb","itemListElement":[{"@type":"ListItem","position":1,"name":"In\u00edcio","item":"https:\/\/www.estrategiaconcursos.com.br\/blog\/"},{"@type":"ListItem","position":2,"name":"Planejamento de estudos no P\u00d3S EDITAL &#8211; Parte 2"}]},{"@type":"WebSite","@id":"https:\/\/www.estrategiaconcursos.com.br\/blog\/#website","url":"https:\/\/www.estrategiaconcursos.com.br\/blog\/","name":"Estrat\u00e9gia Concursos","description":"O blog da Estrat\u00e9gia Concursos traz not\u00edcias sobre concursos e artigos de professores oferecendo cursos para concursos (pdf + videaulas) no site.","publisher":{"@id":"https:\/\/www.estrategiaconcursos.com.br\/blog\/#organization"},"potentialAction":[{"@type":"SearchAction","target":{"@type":"EntryPoint","urlTemplate":"https:\/\/www.estrategiaconcursos.com.br\/blog\/?s={search_term_string}"},"query-input":{"@type":"PropertyValueSpecification","valueRequired":true,"valueName":"search_term_string"}}],"inLanguage":"pt-BR"},{"@type":"Organization","@id":"https:\/\/www.estrategiaconcursos.com.br\/blog\/#organization","name":"Estrat\u00e9gia Concursos","url":"https:\/\/www.estrategiaconcursos.com.br\/blog\/","logo":{"@type":"ImageObject","inLanguage":"pt-BR","@id":"https:\/\/www.estrategiaconcursos.com.br\/blog\/#\/schema\/logo\/image\/","url":"https:\/\/dhg1h5j42swfq.cloudfront.net\/2025\/06\/03203428\/logo_concursos-1.jpg","contentUrl":"https:\/\/dhg1h5j42swfq.cloudfront.net\/2025\/06\/03203428\/logo_concursos-1.jpg","width":230,"height":60,"caption":"Estrat\u00e9gia Concursos"},"image":{"@id":"https:\/\/www.estrategiaconcursos.com.br\/blog\/#\/schema\/logo\/image\/"},"sameAs":["https:\/\/x.com\/EstratConcursos"]},{"@type":"Person","@id":"https:\/\/www.estrategiaconcursos.com.br\/blog\/#\/schema\/person\/906889da0af0a7a7abbe3c8a7a920dea","name":"Silvana Diniz","image":{"@type":"ImageObject","inLanguage":"pt-BR","@id":"https:\/\/secure.gravatar.com\/avatar\/37ad3fbd70af6b6f07a66451f01c8f0b5588d0d1e44da143dcdfcb9f1721b673?s=96&d=mm&r=g","url":"https:\/\/secure.gravatar.com\/avatar\/37ad3fbd70af6b6f07a66451f01c8f0b5588d0d1e44da143dcdfcb9f1721b673?s=96&d=mm&r=g","contentUrl":"https:\/\/secure.gravatar.com\/avatar\/37ad3fbd70af6b6f07a66451f01c8f0b5588d0d1e44da143dcdfcb9f1721b673?s=96&d=mm&r=g","caption":"Silvana Diniz"},"url":"https:\/\/www.estrategiaconcursos.com.br\/blog\/author\/silvanadinizestrategiaconcursos-com-br\/"}]}},"_links":{"self":[{"href":"https:\/\/www.estrategiaconcursos.com.br\/blog\/wp-json\/wp\/v2\/posts\/96309","targetHints":{"allow":["GET"]}}],"collection":[{"href":"https:\/\/www.estrategiaconcursos.com.br\/blog\/wp-json\/wp\/v2\/posts"}],"about":[{"href":"https:\/\/www.estrategiaconcursos.com.br\/blog\/wp-json\/wp\/v2\/types\/post"}],"author":[{"embeddable":true,"href":"https:\/\/www.estrategiaconcursos.com.br\/blog\/wp-json\/wp\/v2\/users\/337"}],"replies":[{"embeddable":true,"href":"https:\/\/www.estrategiaconcursos.com.br\/blog\/wp-json\/wp\/v2\/comments?post=96309"}],"version-history":[{"count":1,"href":"https:\/\/www.estrategiaconcursos.com.br\/blog\/wp-json\/wp\/v2\/posts\/96309\/revisions"}],"predecessor-version":[{"id":96311,"href":"https:\/\/www.estrategiaconcursos.com.br\/blog\/wp-json\/wp\/v2\/posts\/96309\/revisions\/96311"}],"wp:attachment":[{"href":"https:\/\/www.estrategiaconcursos.com.br\/blog\/wp-json\/wp\/v2\/media?parent=96309"}],"wp:term":[{"taxonomy":"category","embeddable":true,"href":"https:\/\/www.estrategiaconcursos.com.br\/blog\/wp-json\/wp\/v2\/categories?post=96309"},{"taxonomy":"post_tag","embeddable":true,"href":"https:\/\/www.estrategiaconcursos.com.br\/blog\/wp-json\/wp\/v2\/tags?post=96309"},{"taxonomy":"tax_estado","embeddable":true,"href":"https:\/\/www.estrategiaconcursos.com.br\/blog\/wp-json\/wp\/v2\/tax_estado?post=96309"}],"curies":[{"name":"wp","href":"https:\/\/api.w.org\/{rel}","templated":true}]}}