{"id":96254,"date":"2017-11-21T21:34:25","date_gmt":"2017-11-22T00:34:25","guid":{"rendered":"https:\/\/www.estrategiaconcursos.com.br\/blog\/?p=96254"},"modified":"2017-11-21T21:46:42","modified_gmt":"2017-11-22T00:46:42","slug":"regimento-interno-tst-provas-corrigidas","status":"publish","type":"post","link":"https:\/\/www.estrategiaconcursos.com.br\/blog\/regimento-interno-tst-provas-corrigidas\/","title":{"rendered":"Regimento Interno TST &#8211; provas corrigidas e comentadas"},"content":{"rendered":"<p style=\"text-align: justify;\">Ol\u00e1!<\/p>\n<p style=\"text-align: justify;\">Aqui \u00e9 Fabr\u00edcio R\u00eago, professor de Regimento. Abaixo vou resolver as provas de regimento do TST\/2017, concurso ocorrido no dia 19\/11. Corrigi as provas de TJAA, AJAA e AJAJ, respectivamente.<\/p>\n<p style=\"text-align: justify;\"><strong>TJAA<\/strong><\/p>\n<p style=\"text-align: justify;\"><strong>TJAA \u2013 2017<\/strong> &#8211; Em uma situa\u00e7\u00e3o hipot\u00e9tica, Danilo e Diana est\u00e3o estudando o Regimento Interno do Tribunal Superior do Trabalho uma vez que pretendem prestar concurso p\u00fablico. No estudo, aprenderam que, na hip\u00f3tese de existirem duas vagas de Ministro do Tribunal Superior do Trabalho destinadas aos Ju\u00edzes da carreira da Magistratura do Trabalho,<\/p>\n<p style=\"text-align: justify;\">(A) a lista tr\u00edplice a ser encaminhada ao Presidente da Rep\u00fablica conter\u00e1, no m\u00e1ximo, tr\u00eas Magistrados.<\/p>\n<p style=\"text-align: justify;\">(B) a lista tr\u00edplice a ser encaminhada ao Presidente da Rep\u00fablica conter\u00e1 quatro Magistrados.<\/p>\n<p style=\"text-align: justify;\">(C) a lista tr\u00edplice a ser encaminhada ao Presidente da Rep\u00fablica conter\u00e1 cinco Magistrados.<\/p>\n<p style=\"text-align: justify;\">(D) ser\u00e3o necess\u00e1rias duas vota\u00e7\u00f5es dentro do per\u00edodo de tr\u00eas meses.<\/p>\n<p style=\"text-align: justify;\">(E) ser\u00e3o necess\u00e1rias duas vota\u00e7\u00f5es dentro do per\u00edodo de seis meses.<\/p>\n<p style=\"text-align: justify;\"><strong>Resposta: Letra B!<\/strong><\/p>\n<p style=\"text-align: justify;\">Art. 4\u00ba [&#8230;]<\/p>\n<p style=\"text-align: justify;\">1.o Na hipo\u0301tese de haver mais de uma vaga a ser preenchida, a lista contera\u0301 o nu\u0301mero de Magistrados igual ao das vagas mais dois.<\/p>\n<p style=\"text-align: justify;\"><strong>TJAA \u2013 2017<\/strong> &#8211; No per\u00edodo correspondente \u00e0s f\u00e9rias coletivas ou ao recesso judici\u00e1rio, o Presidente do Tribunal Superior do Trabalho<\/p>\n<p style=\"text-align: justify;\">(A) s\u00f3 poder\u00e1 dar posse ao Ministro nomeado se ocorrer nos dez primeiros dias do m\u00eas de janeiro, devendo o ato ser ratificado pelo Pleno.<\/p>\n<p style=\"text-align: justify;\">(B) n\u00e3o poder\u00e1 dar posse ao Ministro nomeado por expressa veda\u00e7\u00e3o regimental.<\/p>\n<p style=\"text-align: justify;\">(C) poder\u00e1 dar posse ao Ministro nomeado, devendo o ato ser ratificado pelo Pleno.<\/p>\n<p style=\"text-align: justify;\">(D) poder\u00e1 dar posse ao Ministro nomeado, devendo o ato ser ratificado pelo \u00d3rg\u00e3o Especial em sess\u00e3o espec\u00edfica.<\/p>\n<p style=\"text-align: justify;\">(E) s\u00f3 poder\u00e1 dar posse ao Ministro nomeado se ocorrer nos dez primeiros dias do m\u00eas de janeiro, devendo o ato ser ratificado pelo \u00d3rg\u00e3o Especial em sess\u00e3o espec\u00edfica.<\/p>\n<p style=\"text-align: justify;\"><strong>Resposta: letra C.<\/strong><\/p>\n<p style=\"text-align: justify;\">Art. 8.o No peri\u0301odo correspondente a\u0300s fe\u0301rias coletivas ou ao recesso judicia\u0301rio, o Presidente do Tribunal podera\u0301 dar posse ao Ministro nomeado, devendo o ato ser ratificado pelo Pleno.<\/p>\n<p style=\"text-align: justify;\"><strong>TJAA \u2013 2017<\/strong> &#8211; O Corregedor-Geral da Justi\u00e7a do Trabalho ser\u00e1 eleito para mandato de dois anos, mediante escrut\u00ednio<\/p>\n<p style=\"text-align: justify;\">(A) secreto e pelo voto da maioria absoluta, em sess\u00e3o extraordin\u00e1ria do Tribunal Pleno, a realizar-se nos sessenta dias antecedentes ao t\u00e9rmino dos mandatos anteriores.<\/p>\n<p style=\"text-align: justify;\">(B) secreto e pelo voto da maioria absoluta, em sess\u00e3o ordin\u00e1ria do Tribunal Pleno, a realizar-se nos noventa dias antecedentes ao t\u00e9rmino dos mandatos anteriores.<\/p>\n<p style=\"text-align: justify;\">(C) aberto e pelo voto da maioria absoluta, em sess\u00e3o extraordin\u00e1ria do Tribunal Pleno, a realizar-se nos trinta dias antecedentes ao t\u00e9rmino dos mandatos anteriores.<\/p>\n<p style=\"text-align: justify;\">(D) aberto e pelo voto da maioria absoluta, em sess\u00e3o ordin\u00e1ria do Tribunal Pleno, a realizar-se nos noventa dias antecedentes ao t\u00e9rmino dos mandatos anteriores.<\/p>\n<p style=\"text-align: justify;\">(E) secreto e pelo voto da maioria simples, em sess\u00e3o ordin\u00e1ria do Tribunal Pleno, a realizar-se nos sessenta dias antecedentes ao t\u00e9rmino dos mandatos anteriores.<\/p>\n<p style=\"text-align: justify;\"><strong>Resposta: letra A.<\/strong><\/p>\n<p style=\"text-align: justify;\">Art. 3\u00ba. O Presidente, o Vice-Presidente e o Corregedor-Geral da Justic\u0327a do Trabalho sera\u0303o eleitos por dois anos, mediante escruti\u0301nio secreto e pelo voto da maioria absoluta, em sessa\u0303o extraordina\u0301ria do Tribunal Pleno, a realizar-se nos sessenta dias antecedentes ao te\u0301rmino dos mandatos anteriores, e tomara\u0303o posse em sessa\u0303o solene, na data marcada pelo Tribunal Pleno.<\/p>\n<p style=\"text-align: justify;\"><strong>TJAA \u2013 2017<\/strong> &#8211; Compete ao Presidente do Tribunal Superior do Trabalho, dentre outras fun\u00e7\u00f5es, enviar projetos de lei de interesse da Justi\u00e7a do Trabalho em mat\u00e9ria de sua compet\u00eancia constitucional ao<\/p>\n<p style=\"text-align: justify;\">(A) Congresso Nacional, independentemente de pr\u00e9via aprova\u00e7\u00e3o.<\/p>\n<p style=\"text-align: justify;\">(B) Congresso Nacional, ap\u00f3s aprova\u00e7\u00e3o pelo Pleno do Tribunal.<\/p>\n<p style=\"text-align: justify;\">(C) Senado Federal, ap\u00f3s aprova\u00e7\u00e3o pelo \u00d3rg\u00e3o Especial.<\/p>\n<p style=\"text-align: justify;\">(D) Senado Federal, ap\u00f3s aprova\u00e7\u00e3o pelo Pleno do Tribunal.<\/p>\n<p style=\"text-align: justify;\">(E) Congresso Nacional, ap\u00f3s aprova\u00e7\u00e3o pelo \u00d3rg\u00e3o Especial.<\/p>\n<p style=\"text-align: justify;\"><strong>Resposta: Letra E.<\/strong><\/p>\n<p style=\"text-align: justify;\">Art. 35 [&#8230;]<\/p>\n<p style=\"text-align: justify;\">IV &#8211; enviar ao Congresso Nacional, apo\u0301s aprovac\u0327a\u0303o pelo O\u0301rga\u0303o Especial, projetos de lei de interesse da Justic\u0327a do Trabalho em mate\u0301ria de sua compete\u0302ncia constitucional;<\/p>\n<p style=\"text-align: justify;\"><span style=\"text-decoration: underline;\"><strong>Agora vamos ao cargo AJAA.<\/strong><\/span><\/p>\n<p style=\"text-align: justify;\"><strong>AJAA \u2013 2017<\/strong> &#8211; Para preenchimento de vaga de Ministro, destinada aos Ju\u00edzes da Carreira da Magistratura do Trabalho, o Presidente do Tribunal Superior do Trabalho convocar\u00e1 o Pleno para escolher, dentre os Ju\u00edzes da carreira, integrantes dos Tribunais Regionais do Trabalho, os nomes para a forma\u00e7\u00e3o da lista tr\u00edplice a ser encaminhada ao Presidente da Rep\u00fablica. Nessa vota\u00e7\u00e3o, os nomes dos Ju\u00edzes que integrar\u00e3o a lista ser\u00e3o escolhidos em voto<\/p>\n<p style=\"text-align: justify;\">(A) secreto e em escrut\u00ednio \u00fanico, sendo que a ordem da lista obedecer\u00e1 o n\u00famero de votos, ou seja, aquele que obtiver maior n\u00famero de votos ser\u00e1 o primeiro integrante da lista, e assim, sucessivamente.<\/p>\n<p style=\"text-align: justify;\">(B) secreto e em escrut\u00ednios sucessivos, para o primeiro, o segundo, o terceiro, e, eventualmente, o quarto nome integrante da lista, e, assim, sucessivamente, sendo escolhido em cada escrut\u00ednio aquele que obtiver votos da maioria absoluta.<\/p>\n<p style=\"text-align: justify;\">(C) aberto e em escrut\u00ednios sucessivos, para o primeiro, o segundo, o terceiro, e, eventualmente, o quarto nome integrante da lista, e, assim, sucessivamente, sendo escolhido em cada escrut\u00ednio aquele que obtiver votos da maioria absoluta.<\/p>\n<p style=\"text-align: justify;\">(D) aberto e em escrut\u00ednio \u00fanico, sendo que a ordem da lista obedecer\u00e1 o n\u00famero de votos, ou seja, aquele que obtiver maior n\u00famero de votos ser\u00e1 o primeiro integrante da lista, e assim, sucessivamente.<\/p>\n<p style=\"text-align: justify;\">(E) secreto e em escrut\u00ednios sucessivos, para o primeiro, o segundo, o terceiro, e, eventualmente, o quarto nome integrante da lista, e, assim, sucessivamente, sendo escolhido em cada escrut\u00ednio aquele que obtiver votos da maioria relativa, obedecendo a presen\u00e7a de, no m\u00ednimo, 1\/3 dos Ministros.<\/p>\n<p style=\"text-align: justify;\"><strong>Resposta: letra B.<\/strong><\/p>\n<p style=\"text-align: justify;\">Art. 4.o Para preenchimento de vaga de Ministro, destinada aos Jui\u0301zes da carreira da Magistratura do Trabalho, o Presidente do Tribunal convocara\u0301 o Pleno para, pelo voto secreto e em escruti\u0301nios sucessivos, escolher, dentre os Jui\u0301zes da carreira, integrantes dos Tribunais Regionais do Trabalho, os nomes para a formac\u0327a\u0303o da lista tri\u0301plice a ser encaminhada ao Presidente da Repu\u0301blica.<\/p>\n<p style=\"text-align: justify;\">[&#8230;]<\/p>\n<p style=\"text-align: justify;\">\u00a72.\u00ba Na votac\u0327a\u0303o para escolha dos nomes dos Jui\u0301zes que integrara\u0303o a lista, sera\u0303o observados os seguintes crite\u0301rios:<\/p>\n<p style=\"text-align: justify;\">I \u2013 os nomes sera\u0303o escolhidos em voto secreto e em escruti\u0301nios sucessivos, para o primeiro, o segundo, o terceiro, e, eventualmente, o quarto nome integrante da lista, e, assim, sucessivamente, sendo escolhido em cada escruti\u0301nio aquele que obtiver votos da maioria absoluta;<\/p>\n<p style=\"text-align: justify;\">[&#8230;]<\/p>\n<p style=\"text-align: justify;\"><strong>AJAA \u2013 2017 &#8211;<\/strong> A antiguidade dos Ministros, para efeitos legais e regimentais, \u00e9 regulada, na ordem, pela<\/p>\n<p style=\"text-align: justify;\">(A) nomea\u00e7\u00e3o; pela posse; pelo tempo de servi\u00e7o p\u00fablico federal; pelo tempo de investidura na Magistratura da Justi\u00e7a do Trabalho e pela idade, quando houver empate pelos demais crit\u00e9rios.<\/p>\n<p style=\"text-align: justify;\">(B) nomea\u00e7\u00e3o; pela posse; pelo tempo de investidura na Magistratura da Justi\u00e7a do Trabalho; pelo tempo de servi\u00e7o p\u00fablico federal e pela idade, quando houver empate pelos demais crit\u00e9rios.<\/p>\n<p style=\"text-align: justify;\">(C) posse; pela nomea\u00e7\u00e3o; pelo tempo de investidura na Magistratura da Justi\u00e7a do Trabalho; pelo tempo de servi\u00e7o p\u00fablico federal e pela idade, quando houver empate pelos demais crit\u00e9rios.<\/p>\n<p style=\"text-align: justify;\">(D) idade; pela posse; pela nomea\u00e7\u00e3o; pelo tempo de investidura na Magistratura da Justi\u00e7a do Trabalho e pelo tempo de servi\u00e7o p\u00fablico federal quando houver empate pelos demais crit\u00e9rios.<\/p>\n<p style=\"text-align: justify;\">(E) posse; pela nomea\u00e7\u00e3o; pelo tempo de servi\u00e7o p\u00fablico federal; pelo tempo de investidura na Magistratura da Justi\u00e7a do Trabalho; e pela idade, quando houver empate pelos demais crit\u00e9rios.<\/p>\n<p style=\"text-align: justify;\"><strong>Resposta: letra C.<\/strong><\/p>\n<p style=\"text-align: justify;\">Art. 9.o A antiguidade dos Ministros, para efeitos legais e regimentais, e\u0301 regulada:<\/p>\n<p style=\"text-align: justify;\">I &#8211; pela posse;<\/p>\n<p style=\"text-align: justify;\">II &#8211; pela nomeac\u0327a\u0303o;<\/p>\n<p style=\"text-align: justify;\">III &#8211; pelo tempo de investidura na Magistratura da Justic\u0327a do Trabalho;<\/p>\n<p style=\"text-align: justify;\">IV &#8211; pelo tempo de servic\u0327o pu\u0301blico federal; e<\/p>\n<p style=\"text-align: justify;\">V &#8211; pela idade, quando houver empate pelos demais crite\u0301rios.<\/p>\n<p style=\"text-align: justify;\"><strong>AJAA \u2013 2017 &#8211;<\/strong> O Vice-Presidente do Tribunal Superior do Trabalho<\/p>\n<p style=\"text-align: justify;\">(A) possui a compet\u00eancia origin\u00e1ria de ratificar as contrata\u00e7\u00f5es por dispensa ou inexigibilidade de licita\u00e7\u00e3o superior em at\u00e9 tr\u00eas vezes o limite estipulado para o convite.<\/p>\n<p style=\"text-align: justify;\">(B) participa das sess\u00f5es dos \u00f3rg\u00e3os judicantes do Tribunal, inclusive de Turma, concorrendo normalmente \u00e0 distribui\u00e7\u00e3o de Processos.<\/p>\n<p style=\"text-align: justify;\">(C) participa das sess\u00f5es dos \u00f3rg\u00e3os judicantes do Tribunal, inclusive de Turma, mas concorre \u00e0 distribui\u00e7\u00e3o especial reduzida de Processos.<\/p>\n<p style=\"text-align: justify;\">(D) participa das sess\u00f5es dos \u00f3rg\u00e3os judicantes do Tribunal, exceto de Turma, n\u00e3o concorrendo \u00e0 distribui\u00e7\u00e3o de processos.<\/p>\n<p style=\"text-align: justify;\">(E) possui a compet\u00eancia origin\u00e1ria de decidir sobre a manifesta\u00e7\u00e3o de terceiros, subscrita por procurador habilitado, em audi\u00eancias p\u00fablicas, decis\u00e3o esta recorr\u00edvel ao Pleno pelo prazo regimental.<\/p>\n<p style=\"text-align: justify;\"><strong>Resposta: letra D.<\/strong><\/p>\n<p style=\"text-align: justify;\">Art. 37. O Vice-Presidente participa das sesso\u0303es dos o\u0301rga\u0303os judicantes do Tribunal, exceto de Turma, na\u0303o concorrendo a\u0300 distribuic\u0327a\u0303o de processos.<\/p>\n<p style=\"text-align: justify;\"><strong>AJAA \u2013 2017<\/strong> &#8211; Se ocorrer a vac\u00e2ncia do cargo de Presidente do Tribunal Superior do Trabalho nos cinco meses anteriores ao t\u00e9rmino do respectivo mandato,<\/p>\n<p style=\"text-align: justify;\">(A) ocorrer\u00e1 elei\u00e7\u00e3o para todos os cargos que realizar-se-\u00e1 dentro de cento e vinte dias subsequentes ao dia da vac\u00e2ncia. Neste caso, os remanescentes mandatos dos demais exercentes de cargos de dire\u00e7\u00e3o extinguir-se-\u00e3o na data da posse dos novos eleitos.<\/p>\n<p style=\"text-align: justify;\">(B) assumir\u00e1 o Vice-Presidente do Tribunal que dever\u00e1, obrigatoriamente, terminar o mandato do Presidente cumulando os dois cargos de dire\u00e7\u00e3o.<\/p>\n<p style=\"text-align: justify;\">(C) ocorrer\u00e1 elei\u00e7\u00e3o para todos os cargos que realizar-se-\u00e1 no prazo m\u00e1ximo de noventa dias subsequentes ao dia da vac\u00e2ncia. Neste caso, os remanescentes mandatos dos demais exercentes de cargos de dire\u00e7\u00e3o extinguir-se-\u00e3o na data da posse dos novos eleitos.<\/p>\n<p style=\"text-align: justify;\">(D) ocorrer\u00e1 imediata elei\u00e7\u00e3o somente para o cargo vago, bem como para o t\u00e9rmino do prazo de cinco meses do mandato vago. Neste caso, os remanescentes mandatos dos demais exercentes de cargos de dire\u00e7\u00e3o n\u00e3o extinguir-se-\u00e3o na data da posse do novo presidente eleito.<\/p>\n<p style=\"text-align: justify;\">(E) ocorrer\u00e1 elei\u00e7\u00e3o para todos os cargos que realizar-se-\u00e1 nos trinta dias seguintes ao da vac\u00e2ncia. Neste caso, os remanescentes mandatos dos demais exercentes de cargos de dire\u00e7\u00e3o extinguir-se-\u00e3o na data da posse dos novos eleitos.<\/p>\n<p style=\"text-align: justify;\"><strong>Resposta: letra E.<\/strong><\/p>\n<p style=\"text-align: justify;\">Art. 30 [&#8230;]<\/p>\n<p style=\"text-align: justify;\">1.o Se a vaca\u0302ncia do cargo de Presidente ocorrer antes do te\u0301rmino do respectivo mandato, a eleic\u0327a\u0303o sera\u0301 para todos os cargos e realizada nos trinta dias seguintes (ao da vaca\u0302ncia), e os eleitos tomara\u0303o posse em sessa\u0303o solene na data marcada pelo Tribunal Pleno. Nessa hipo\u0301tese, cabera\u0301 ao Vice-Presidente a rege\u0302ncia proviso\u0301ria do Tribunal e a convocac\u0327a\u0303o da sessa\u0303o extraordina\u0301ria a que se referem o caput e este para\u0301grafo.<\/p>\n<p style=\"text-align: justify;\">2.o Os remanescentes mandatos dos demais exercentes de cargos de direc\u0327a\u0303o extinguir-se-a\u0303o na data da posse dos novos eleitos.<\/p>\n<p style=\"text-align: justify;\"><strong>AJAA \u2013 2017<\/strong> &#8211; Compete originariamente ao Presidente do Tribunal Superior do Trabalho<\/p>\n<p style=\"text-align: justify;\">(A) exercer o ju\u00edzo de admissibilidade dos recursos extraordin\u00e1rios.<\/p>\n<p style=\"text-align: justify;\">(B) despachar as desist\u00eancias dos recursos e das a\u00e7\u00f5es, quando se referirem a processo pendente de distribui\u00e7\u00e3o na Corte, bem como os demais incidentes processuais suscitados.<\/p>\n<p style=\"text-align: justify;\">(C) designar e presidir audi\u00eancias de concilia\u00e7\u00e3o e instru\u00e7\u00e3o de diss\u00eddio coletivo de compet\u00eancia origin\u00e1ria do Tribunal.<\/p>\n<p style=\"text-align: justify;\">(D) apreciar a\u00e7\u00e3o cautelar incidental a recurso extraordin\u00e1rio.<\/p>\n<p style=\"text-align: justify;\">(E) dar publicidade a cada trimestre no \u00f3rg\u00e3o oficial, dos dados estat\u00edsticos relativos \u00e0s atividades jurisdicionais do Tribunal e dos Ministros.<\/p>\n<p style=\"text-align: justify;\"><strong>Resposta: letra B.<\/strong><\/p>\n<p style=\"text-align: justify;\">Art. 35. [&#8230;]<\/p>\n<p style=\"text-align: justify;\">XXVI &#8211; despachar as desiste\u0302ncias dos recursos e das ac\u0327o\u0303es, quando se referirem a processo pendente de distribuic\u0327a\u0303o na Corte, bem como os demais incidentes processuais suscitados;<\/p>\n<p style=\"text-align: justify;\"><strong>AJAA \u2013 2017<\/strong> &#8211; A aprova\u00e7\u00e3o de Emenda Regimental \u00e9 feita pelo<\/p>\n<p style=\"text-align: justify;\">(A) Tribunal Pleno, sendo exigido para o seu funcionamento presen\u00e7a de, no m\u00ednimo, quatorze Ministros e necess\u00e1ria maioria absoluta para essa delibera\u00e7\u00e3o.<\/p>\n<p style=\"text-align: justify;\">(B) Tribunal Pleno, sendo exigido para o seu funcionamento presen\u00e7a de, no m\u00ednimo, doze Ministros e necess\u00e1ria maioria absoluta para essa delibera\u00e7\u00e3o.<\/p>\n<p style=\"text-align: justify;\">(C) Tribunal Pleno, sendo exigido para o seu funcionamento presen\u00e7a de, no m\u00ednimo, doze Ministros e necess\u00e1ria maioria simples para essa delibera\u00e7\u00e3o.<\/p>\n<p style=\"text-align: justify;\">(D) \u00d3rg\u00e3o Especial, sendo exigido para o seu funcionamento presen\u00e7a de, no m\u00ednimo, onze Ministros e necess\u00e1ria maioria absoluta para essa delibera\u00e7\u00e3o.<\/p>\n<p style=\"text-align: justify;\">(E) \u00d3rg\u00e3o Especial, sendo exigido para o seu funcionamento presen\u00e7a de, no m\u00ednimo, quatorze Ministros e necess\u00e1ria maioria simples para essa delibera\u00e7\u00e3o<\/p>\n<p style=\"text-align: justify;\"><strong>Resposta: letra A.<\/strong><\/p>\n<p style=\"text-align: justify;\">Art. 62 [&#8230;]<\/p>\n<p style=\"text-align: justify;\">1.o Para o funcionamento do Tribunal Pleno e\u0301 exigida a presenc\u0327a de, no mi\u0301nimo, quatorze Ministros, sendo necessa\u0301rio maioria absoluta quando a deliberac\u0327a\u0303o tratar de:<\/p>\n<p style=\"text-align: justify;\">II \u2013 aprovac\u0327a\u0303o de Emenda Regimental;<\/p>\n<p style=\"text-align: justify;\"><strong>AJAA \u2013 2017 &#8211;<\/strong> Considere:<\/p>\n<ol style=\"list-style-type: upper-roman; text-align: justify;\">\n<li>embargos de declara\u00e7\u00e3o.<\/li>\n<li>conflito de compet\u00eancia.<\/li>\n<\/ol>\n<p style=\"text-align: justify;\">III. agravo de instrumento.<\/p>\n<ol style=\"list-style-type: upper-roman; text-align: justify;\">\n<li>argui\u00e7\u00e3o de suspei\u00e7\u00e3o ou de impedimento.<\/li>\n<li>recurso de revista.<\/li>\n<\/ol>\n<p style=\"text-align: justify;\">\u00a0N\u00e3o haver\u00e1 sustenta\u00e7\u00e3o oral nos itens indicados APENAS em<\/p>\n<p style=\"text-align: justify;\">(A) I, II, III e IV.<\/p>\n<p style=\"text-align: justify;\">(B) I, II, IV e V.<\/p>\n<p style=\"text-align: justify;\">(C) I, II, III e V.<\/p>\n<p style=\"text-align: justify;\">(D) II, III e IV.<\/p>\n<p style=\"text-align: justify;\">(E) I, III, IV e V.<\/p>\n<p style=\"text-align: justify;\"><strong>Resposta: Letra A.<\/strong><\/p>\n<p style=\"text-align: justify;\">Art. 145 [&#8230;]<\/p>\n<p style=\"text-align: justify;\">5.o Na\u0303o havera\u0301 sustentac\u0327a\u0303o oral em: (Redac\u0327a\u0303o dada pela Emenda Regimental n. 2, de 15 de setembro de 2011)<\/p>\n<p style=\"text-align: justify;\">I &#8211; embargos de declarac\u0327a\u0303o;<\/p>\n<p style=\"text-align: justify;\">II &#8211; conflito de compete\u0302ncia;<\/p>\n<p style=\"text-align: justify;\">III &#8211; agravo de instrumento;<\/p>\n<p style=\"text-align: justify;\">IV \u2013 agravos e agravos regimentais previstos neste Regimento Interno; (Redac\u0327a\u0303o dada pela Emenda Regimental n. 5, de 9 de dezembro de 2014)<\/p>\n<p style=\"text-align: justify;\">V -(Revogado pelo Ato Regimental n. 6, de 9 de dezembro de 2014)<\/p>\n<p style=\"text-align: justify;\">VI -(Revogado pelo Ato Regimental n. 6, de 9 de dezembro de 2014)<\/p>\n<p style=\"text-align: justify;\">VII &#8211; arguic\u0327a\u0303o de suspeic\u0327a\u0303o ou de impedimento; (Inclui\u0301do pelo Ato Regimental n. 4, de 14 de setembro de 2012)<\/p>\n<p style=\"text-align: justify;\">VIII \u2013 ac\u0327a\u0303o cautelar. (Inclui\u0301do pelo Ato Regimental n. 4, de 14 de setembro de 2012)<\/p>\n<p style=\"text-align: justify;\"><strong>Vamos, agora, \u00e0 prova de AJAJ.<\/strong><\/p>\n<p style=\"text-align: justify;\"><strong>AJAJ \u2013 2017 &#8211;<\/strong> O projeto de edi\u00e7\u00e3o de S\u00famula dever\u00e1 atender a um dos pressupostos previstos no Regimento Interno do Tribunal Superior do Trabalho, sendo um destes pressupostos,<\/p>\n<p style=\"text-align: justify;\">(A) dois ac\u00f3rd\u00e3os da Subse\u00e7\u00e3o Especializada em Diss\u00eddios Individuais, prolatados por maioria absoluta, desde que presentes aos julgamentos, pelo menos, 1\/3 dos membros efetivos do \u00f3rg\u00e3o.<\/p>\n<p style=\"text-align: justify;\">(B) tr\u00eas ac\u00f3rd\u00e3os da Subse\u00e7\u00e3o Especializada em Diss\u00eddios Individuais, reveladores de unanimidade sobre a tese, desde que presentes aos julgamentos, pelo menos, 2\/3 dos membros efetivos do \u00f3rg\u00e3o.<\/p>\n<p style=\"text-align: justify;\">(C) onze ac\u00f3rd\u00e3os de cinco Turmas do Tribunal, sendo dois de cada, prolatados por unanimidade.<\/p>\n<p style=\"text-align: justify;\">(D) um ac\u00f3rd\u00e3o de cada uma das Turmas do Tribunal, prolatados por maioria absoluta.<\/p>\n<p style=\"text-align: justify;\">(E) sete ac\u00f3rd\u00e3os da Subse\u00e7\u00e3o Especializada em Diss\u00eddios Individuais, prolatados por maioria simples, desde que presentes aos julgamentos, pelo menos, 1\/3 dos membros efetivos do \u00f3rg\u00e3o.<\/p>\n<p style=\"text-align: justify;\"><strong>Resposta: letra B.<\/strong><\/p>\n<p style=\"text-align: justify;\">Art. 165. O projeto de edic\u0327a\u0303o de Su\u0301mula devera\u0301 atender a um dos seguintes pressupostos:<\/p>\n<p style=\"text-align: justify;\">I \u2013 tre\u0302s aco\u0301rda\u0303os da Subsec\u0327a\u0303o Especializada em Dissi\u0301dios Individuais, reveladores de unanimidade sobre a tese, desde que presentes aos julgamentos pelo menos 2\/3 (dois terc\u0327os) dos membros efetivos do o\u0301rga\u0303o;<\/p>\n<p style=\"text-align: justify;\"><strong>AJAJ \u2013 2017 &#8211;<\/strong> Das decis\u00f5es proferidas pelo Corregedor-Geral da Justi\u00e7a do Trabalho<\/p>\n<p style=\"text-align: justify;\">(A) caber\u00e1 agravo regimental para o \u00d3rg\u00e3o Especial.<\/p>\n<p style=\"text-align: justify;\">(B) n\u00e3o caber\u00e1 recurso.<\/p>\n<p style=\"text-align: justify;\">(C) caber\u00e1 agravo regimental para o Tribunal Pleno.<\/p>\n<p style=\"text-align: justify;\">(D) caber\u00e1 agravo regimental de compet\u00eancia exclusiva do Presidente do Tribunal por meio de voto monocr\u00e1tico.<\/p>\n<p style=\"text-align: justify;\">(E) caber\u00e1 agravo regimental de compet\u00eancia exclusiva do Vice-Presidente do Tribunal por meio de voto monocr\u00e1tico.<\/p>\n<p style=\"text-align: justify;\"><strong>Resposta: letra A.<\/strong><\/p>\n<p style=\"text-align: justify;\">Art. 40. Das deciso\u0303es proferidas pelo Corregedor-Geral da Justic\u0327a do Trabalho cabera\u0301 agravo regimental para o O\u0301rga\u0303o Especial, incumbindo-lhe determinar sua inclusa\u0303o em pauta.<\/p>\n<p style=\"text-align: justify;\"><strong>AJAJ \u2013 2017 &#8211;<\/strong> Considere:<\/p>\n<ol style=\"list-style-type: upper-roman; text-align: justify;\">\n<li>Propor ao Poder Legislativo, ap\u00f3s a delibera\u00e7\u00e3o do Conselho Superior da Justi\u00e7a do Trabalho, a cria\u00e7\u00e3o, extin\u00e7\u00e3o ou modifica\u00e7\u00e3o de Tribunais Regionais do Trabalho e Varas do Trabalho, assim como a altera\u00e7\u00e3o de jurisdi\u00e7\u00e3o e de sede destes.<\/li>\n<li>Propor ao Poder Legislativo a cria\u00e7\u00e3o, extin\u00e7\u00e3o e transforma\u00e7\u00e3o de cargos e fun\u00e7\u00f5es p\u00fablicas e a fixa\u00e7\u00e3o dos respectivos vencimentos ou gratifica\u00e7\u00f5es.<\/li>\n<\/ol>\n<p style=\"text-align: justify;\">III. Aprovar, modificar ou revogar, em car\u00e1ter de urg\u00eancia e com prefer\u00eancia na pauta, S\u00famula da Jurisprud\u00eancia predominante em Diss\u00eddios Individuais e os Precedentes Normativos da Se\u00e7\u00e3o Especializada em Diss\u00eddios Coletivos.<\/p>\n<p style=\"text-align: justify;\">IV. Aprovar o cancelamento e a revis\u00e3o de orienta\u00e7\u00e3o jurisprudencial.<\/p>\n<p style=\"text-align: justify;\">Compete ao \u00d3rg\u00e3o Especial do Tribunal Superior do Trabalho, dentre outras, as atribui\u00e7\u00f5es indicadas APENAS em<\/p>\n<p style=\"text-align: justify;\">(A) I, II e III.<\/p>\n<p style=\"text-align: justify;\">(B) III e IV.<\/p>\n<p style=\"text-align: justify;\">(C) I e II.<\/p>\n<p style=\"text-align: justify;\">(D) II e IV.<\/p>\n<p style=\"text-align: justify;\">(E) I, III e IV.<\/p>\n<p style=\"text-align: justify;\"><strong>Resposta: letra C.<\/strong><\/p>\n<p style=\"text-align: justify;\">I \u2013 Correto. Art. 69, II, d.<\/p>\n<p style=\"text-align: justify;\">II &#8211; Correto. Art. 69, II, e.<\/p>\n<p style=\"text-align: justify;\">III \u2013 Errado. Compete ao Pleno.<\/p>\n<p style=\"text-align: justify;\">IV \u2013 Errado. Compete ao Pleno.<\/p>\n<p style=\"text-align: justify;\"><strong>AJAJ \u2013 2017 &#8211;<\/strong> A argui\u00e7\u00e3o de suspei\u00e7\u00e3o ou impedimento de Ministro do Tribunal Superior do Trabalho dever\u00e1 ser suscitada at\u00e9 o in\u00edcio do julgamento, respeitando as formalidades previstas no Regimento Interno do Tribunal Superior do Trabalho. A argui\u00e7\u00e3o<\/p>\n<p style=\"text-align: justify;\">(A) ser\u00e1 coletiva, ficando todos os Ministros impedidos de apreci\u00e1-la.<\/p>\n<p style=\"text-align: justify;\">(B) ser\u00e1 sempre individual, n\u00e3o ficando os demais Ministros impedidos de apreci\u00e1-la, ainda que tamb\u00e9m recusados.<\/p>\n<p style=\"text-align: justify;\">(C) ser\u00e1 sempre individual, n\u00e3o ficando os demais Ministros impedidos de apreci\u00e1-la, exceto se tamb\u00e9m recusados.<\/p>\n<p style=\"text-align: justify;\">(D) poder\u00e1 ser coletiva ou individual, dependendo de cada caso em concreto, devendo, por\u00e9m, em caso coletivo ser estendida para todos os Ministros.<\/p>\n<p style=\"text-align: justify;\">(E) dever\u00e1 estar acompanhada de prova documental, devendo o rol de testemunhas necessariamente ser indicado em at\u00e9 dois dias antes do julgamento.<\/p>\n<p style=\"text-align: justify;\"><strong>Resposta: letra B.<\/strong><\/p>\n<p style=\"text-align: justify;\">Art. 262. A arguic\u0327a\u0303o de suspeic\u0327a\u0303o ou impedimento devera\u0301 ser suscitada ate\u0301 o ini\u0301cio do julgamento, em petic\u0327a\u0303o assinada pela parte ou por procurador com poderes especiais, e dirigida ao Relator do processo, indicando os fatos que a motivaram, e acompanhada de prova documental e rol de testemunhas, se houver. (Redac\u0327a\u0303o dada pela Emenda Regimental n. 4, de 14 de setembro de 2012)<\/p>\n<p style=\"text-align: justify;\">Para\u0301grafo u\u0301nico. A arguic\u0327a\u0303o sera\u0301 sempre individual, na\u0303o ficando os demais Ministros impedidos de aprecia\u0301-la, ainda que tambe\u0301m recusados. (Inclui\u0301do pelo Ato Regimental n. 4, de 14 de setembro de 2012)<\/p>\n<p style=\"text-align: justify;\"><strong>AJAJ \u2013 2017<\/strong> &#8211; Em regra, N\u00c3O poder\u00e1 ser nomeado para cargo em comiss\u00e3o ou designado para fun\u00e7\u00e3o gratificada, c\u00f4njuge, companheiro ou parente, at\u00e9 o<\/p>\n<p style=\"text-align: justify;\">(A) quarto grau, inclusive, de qualquer dos Ministros do Tribunal em atividade ou inatividade.<\/p>\n<p style=\"text-align: justify;\">(B) segundo grau, inclusive, de qualquer dos Ministros do Tribunal em atividade ou disponibilidade.<\/p>\n<p style=\"text-align: justify;\">(C) segundo grau, inclusive, de qualquer dos Ministros do Tribunal em atividade ou inatividade.<\/p>\n<p style=\"text-align: justify;\">(D) quarto grau, inclusive, de qualquer dos Ministros do Tribunal em atividade.<\/p>\n<p style=\"text-align: justify;\">(E) terceiro grau, inclusive, de qualquer dos Ministros do Tribunal em atividade.<\/p>\n<p style=\"text-align: justify;\"><strong>Resposta: letra E.<\/strong><\/p>\n<p style=\"text-align: justify;\">Art. 286. Na\u0303o podera\u0301 ser nomeado para cargo em comissa\u0303o ou designado para func\u0327a\u0303o gratificada, co\u0302njuge, companheiro ou parente, ate\u0301 o terceiro grau, inclusive, de qualquer dos Ministros do Tribunal, em atividade, salvo se servidor ocupante de cargo de provimento efetivo das carreiras judicia\u0301rias, caso em que a vedac\u0327a\u0303o e\u0301 restrita a\u0300 nomeac\u0327a\u0303o ou designac\u0327a\u0303o para servir junto ao Ministro determinante da incompatibilidade.<\/p>\n<p style=\"text-align: justify;\"><strong>AJAJ \u2013 2017 &#8211;<\/strong> Com rela\u00e7\u00e3o ao preenchimento de vaga de Ministro do Tribunal Superior do Trabalho, na vota\u00e7\u00e3o para escolha dos nomes dos Ju\u00edzes que integrar\u00e3o a lista, a maioria absoluta necess\u00e1ria para a escolha do nome \u00e9<\/p>\n<p style=\"text-align: justify;\">(A) 2\/3 do n\u00famero de Ministros que comp\u00f5em a Corte, independentemente do n\u00famero de Ministros no momento da vota\u00e7\u00e3o.<\/p>\n<p style=\"text-align: justify;\">(B) metade mais um do n\u00famero total de Ministros que comp\u00f5em a Corte, independentemente do n\u00famero de Ministros no momento da vota\u00e7\u00e3o.<\/p>\n<p style=\"text-align: justify;\">(C) 2\/3 do n\u00famero de Ministros que comp\u00f5em a Corte no momento da vota\u00e7\u00e3o.<\/p>\n<p style=\"text-align: justify;\">(D) metade mais um do n\u00famero de Ministros que comp\u00f5em a Corte no momento da vota\u00e7\u00e3o.<\/p>\n<p style=\"text-align: justify;\">(E) metade mais um do n\u00famero total de Ministros que comp\u00f5em a Corte, respeitando a presen\u00e7a obrigat\u00f3ria de 1\/3 dos Ministros no momento da vota\u00e7\u00e3o.<\/p>\n<p style=\"text-align: justify;\"><strong>Resposta: letra D.<\/strong><\/p>\n<p style=\"text-align: justify;\">Art. 4\u00ba [&#8230;]<\/p>\n<p style=\"text-align: justify;\">2\u00ba [&#8230;]<\/p>\n<p style=\"text-align: justify;\">II \u2013 a maioria absoluta necessa\u0301ria para a escolha do nome e\u0301 metade mais um do nu\u0301mero de Ministros que compo\u0303em a Corte no momento da votac\u0327a\u0303o;<\/p>\n<p style=\"text-align: justify;\"><strong>AJAJ \u2013 2017<\/strong> &#8211; Nas aus\u00eancias ou impedimentos eventuais ou tempor\u00e1rios do Corregedor-Geral da Justi\u00e7a do Trabalho, ele ser\u00e1 substitu\u00eddo pelo<\/p>\n<p style=\"text-align: justify;\">(A) Vice-Presidente, ou, na aus\u00eancia desse, pelo Presidente, e, em sequ\u00eancia, pelos Ministros, em ordem decrescente de antiguidade.<\/p>\n<p style=\"text-align: justify;\">(B) Presidente, ou, na aus\u00eancia desse, pelo Vice-Presidente, e, em sequ\u00eancia, pelos Ministros, em ordem decrescente de antiguidade.<\/p>\n<p style=\"text-align: justify;\">(C) Presidente, ou, na aus\u00eancia desse, pelo Vice-Presidente, e, em sequ\u00eancia, pelos Ministros, em ordem crescente de antiguidade, iniciada pela data da posse.<\/p>\n<p style=\"text-align: justify;\">(D) Vice-Presidente, ou, na aus\u00eancia desse, pelo Presidente, e, em sequ\u00eancia, pelos Ministros, em ordem crescente de antiguidade, iniciada pela data da posse.<\/p>\n<p style=\"text-align: justify;\">(E) Presidente, ou, na aus\u00eancia desse, pelos Ministros, em ordem crescente de antiguidade, iniciada pela data do exerc\u00edcio.<\/p>\n<p style=\"text-align: justify;\"><strong>Resposta: letra A.<\/strong><\/p>\n<p style=\"text-align: justify;\">Art. 15 [&#8230;]<\/p>\n<p style=\"text-align: justify;\">III &#8211; o Corregedor-Geral da Justic\u0327a do Trabalho, pelo Vice- Presidente, ou, na ause\u0302ncia desse, pelo Presidente, e, em sequ\u0308e\u0302ncia, pelos Ministros, em ordem decrescente de antiguidade;<\/p>\n<h3>Semana Estrat\u00e9gica do TRF 1 \u2013 participe gratuitamente<\/h3>\n<p>Voc\u00ea vai aproveitar o \u201cembalo\u201d e fazer as provas do Concurso TRF 1? Neste caso, clique na imagem abaixo e inscreva-se gratuitamente na nossa Semana de Revis\u00f5es Gratuitas para este certame!<\/p>\n<p><a href=\"https:\/\/www.estrategiaconcursos.com.br\/gratis\/semana-estrategica-trf-1\/\"><img loading=\"lazy\" decoding=\"async\" class=\"aligncenter size-full wp-image-95970\" src=\"https:\/\/dhg1h5j42swfq.cloudfront.net\/2017\/11\/18092239\/trf-1-revisao-banner-site.jpg\" sizes=\"auto, (max-width: 1200px) 100vw, 1200px\" srcset=\"https:\/\/dhg1h5j42swfq.cloudfront.net\/2017\/11\/18092239\/trf-1-revisao-banner-site.jpg 1200w, https:\/\/dhg1h5j42swfq.cloudfront.net\/2017\/11\/18092239\/trf-1-revisao-banner-site.jpg 300w, https:\/\/dhg1h5j42swfq.cloudfront.net\/2017\/11\/18092239\/trf-1-revisao-banner-site.jpg 768w, https:\/\/dhg1h5j42swfq.cloudfront.net\/2017\/11\/18092239\/trf-1-revisao-banner-site.jpg 1024w, https:\/\/dhg1h5j42swfq.cloudfront.net\/2017\/11\/18092239\/trf-1-revisao-banner-site.jpg 610w\" alt=\"concurso trf 1\" width=\"1200\" height=\"300\" \/><\/a><\/p>\n<h3>Semana Tribunais \u2013 saiba quais ser\u00e3o os pr\u00f3ximos concursos<\/h3>\n<p>Os professores do Estrat\u00e9gia Concursos est\u00e3o realizando nesta semana eventos focados nos concursos de Tribunais. Participe gratuitamente destes eventos clicando na imagem abaixo:<\/p>\n<p><a href=\"https:\/\/www.estrategiaconcursos.com.br\/gratis\/semana-especial-tribunais-2018\/\"><img loading=\"lazy\" decoding=\"async\" class=\"aligncenter size-full wp-image-96028\" src=\"https:\/\/dhg1h5j42swfq.cloudfront.net\/2017\/11\/19122134\/banner-site-tribunais-2018.jpg\" sizes=\"auto, (max-width: 1200px) 100vw, 1200px\" srcset=\"https:\/\/dhg1h5j42swfq.cloudfront.net\/2017\/11\/19122134\/banner-site-tribunais-2018.jpg 1200w, https:\/\/dhg1h5j42swfq.cloudfront.net\/2017\/11\/19122134\/banner-site-tribunais-2018.jpg 300w, https:\/\/dhg1h5j42swfq.cloudfront.net\/2017\/11\/19122134\/banner-site-tribunais-2018.jpg 768w, https:\/\/dhg1h5j42swfq.cloudfront.net\/2017\/11\/19122134\/banner-site-tribunais-2018.jpg 1024w, https:\/\/dhg1h5j42swfq.cloudfront.net\/2017\/11\/19122134\/banner-site-tribunais-2018.jpg 610w\" alt=\"gabarito tst\" width=\"1200\" height=\"300\" \/><\/a><\/p>\n","protected":false},"excerpt":{"rendered":"<p>Ol\u00e1! Aqui \u00e9 Fabr\u00edcio R\u00eago, professor de Regimento. Abaixo vou resolver as provas de regimento do TST\/2017, concurso ocorrido no dia 19\/11. Corrigi as provas de TJAA, AJAA e AJAJ, respectivamente. TJAA TJAA \u2013 2017 &#8211; Em uma situa\u00e7\u00e3o hipot\u00e9tica, Danilo e Diana est\u00e3o estudando o Regimento Interno do Tribunal Superior do Trabalho uma vez [&hellip;]<\/p>\n","protected":false},"author":48,"featured_media":0,"comment_status":"open","ping_status":"open","sticky":false,"template":"","format":"standard","meta":{"post_tipo":"article","footnotes":""},"categories":[1],"tags":[],"tax_estado":[],"class_list":["post-96254","post","type-post","status-publish","format-standard","hentry","category-cursos-e-concursos"],"acf":[],"yoast_head":"<!-- This site is optimized with the Yoast SEO Premium plugin v27.2 (Yoast SEO v27.2) - https:\/\/yoast.com\/product\/yoast-seo-premium-wordpress\/ -->\n<title>Regimento Interno TST - provas corrigidas e comentadas<\/title>\n<meta name=\"robots\" content=\"index, follow, max-snippet:-1, max-image-preview:large, max-video-preview:-1\" \/>\n<link rel=\"canonical\" href=\"https:\/\/www.estrategiaconcursos.com.br\/blog\/regimento-interno-tst-provas-corrigidas\/\" \/>\n<meta property=\"og:locale\" content=\"pt_BR\" \/>\n<meta property=\"og:type\" content=\"article\" \/>\n<meta property=\"og:title\" content=\"Regimento Interno TST - provas corrigidas e comentadas\" \/>\n<meta property=\"og:description\" content=\"Ol\u00e1! Aqui \u00e9 Fabr\u00edcio R\u00eago, professor de Regimento. Abaixo vou resolver as provas de regimento do TST\/2017, concurso ocorrido no dia 19\/11. Corrigi as provas de TJAA, AJAA e AJAJ, respectivamente. TJAA TJAA \u2013 2017 &#8211; Em uma situa\u00e7\u00e3o hipot\u00e9tica, Danilo e Diana est\u00e3o estudando o Regimento Interno do Tribunal Superior do Trabalho uma vez [&hellip;]\" \/>\n<meta property=\"og:url\" content=\"https:\/\/www.estrategiaconcursos.com.br\/blog\/regimento-interno-tst-provas-corrigidas\/\" \/>\n<meta property=\"og:site_name\" content=\"Estrat\u00e9gia Concursos\" \/>\n<meta property=\"article:published_time\" content=\"2017-11-22T00:34:25+00:00\" \/>\n<meta property=\"article:modified_time\" content=\"2017-11-22T00:46:42+00:00\" \/>\n<meta property=\"og:image\" content=\"https:\/\/www.estrategiaconcursos.com.br\/blog\/wp-content\/uploads\/2017\/11\/trf-1-revisao-banner-site.jpg\" \/>\n<meta name=\"author\" content=\"Coordena\u00e7\u00e3o\" \/>\n<meta name=\"twitter:card\" content=\"summary_large_image\" \/>\n<meta name=\"twitter:creator\" content=\"@EstratConcursos\" \/>\n<meta name=\"twitter:site\" content=\"@EstratConcursos\" \/>\n<meta name=\"twitter:label1\" content=\"Escrito por\" \/>\n\t<meta name=\"twitter:data1\" content=\"Coordena\u00e7\u00e3o\" \/>\n\t<meta name=\"twitter:label2\" content=\"Est. tempo de leitura\" \/>\n\t<meta name=\"twitter:data2\" content=\"19 minutos\" \/>\n<script type=\"application\/ld+json\" class=\"yoast-schema-graph\">{\"@context\":\"https:\/\/schema.org\",\"@graph\":[{\"@type\":\"NewsArticle\",\"@id\":\"https:\/\/www.estrategiaconcursos.com.br\/blog\/regimento-interno-tst-provas-corrigidas\/#article\",\"isPartOf\":{\"@id\":\"https:\/\/www.estrategiaconcursos.com.br\/blog\/regimento-interno-tst-provas-corrigidas\/\"},\"author\":{\"name\":\"Coordena\u00e7\u00e3o\",\"@id\":\"https:\/\/www.estrategiaconcursos.com.br\/blog\/#\/schema\/person\/cdad40b5818eb228a838461fcd656da7\"},\"headline\":\"Regimento Interno TST &#8211; provas corrigidas e comentadas\",\"datePublished\":\"2017-11-22T00:34:25+00:00\",\"dateModified\":\"2017-11-22T00:46:42+00:00\",\"mainEntityOfPage\":{\"@id\":\"https:\/\/www.estrategiaconcursos.com.br\/blog\/regimento-interno-tst-provas-corrigidas\/\"},\"wordCount\":3766,\"commentCount\":0,\"publisher\":{\"@id\":\"https:\/\/www.estrategiaconcursos.com.br\/blog\/#organization\"},\"image\":{\"@id\":\"https:\/\/www.estrategiaconcursos.com.br\/blog\/regimento-interno-tst-provas-corrigidas\/#primaryimage\"},\"thumbnailUrl\":\"https:\/\/www.estrategiaconcursos.com.br\/blog\/wp-content\/uploads\/2017\/11\/trf-1-revisao-banner-site.jpg\",\"articleSection\":[\"Concursos P\u00fablicos\"],\"inLanguage\":\"pt-BR\",\"potentialAction\":[{\"@type\":\"CommentAction\",\"name\":\"Comment\",\"target\":[\"https:\/\/www.estrategiaconcursos.com.br\/blog\/regimento-interno-tst-provas-corrigidas\/#respond\"]}],\"copyrightYear\":\"2017\",\"copyrightHolder\":{\"@id\":\"https:\/\/www.estrategiaconcursos.com.br\/blog\/#organization\"}},{\"@type\":\"WebPage\",\"@id\":\"https:\/\/www.estrategiaconcursos.com.br\/blog\/regimento-interno-tst-provas-corrigidas\/\",\"url\":\"https:\/\/www.estrategiaconcursos.com.br\/blog\/regimento-interno-tst-provas-corrigidas\/\",\"name\":\"Regimento Interno TST - provas corrigidas e comentadas\",\"isPartOf\":{\"@id\":\"https:\/\/www.estrategiaconcursos.com.br\/blog\/#website\"},\"primaryImageOfPage\":{\"@id\":\"https:\/\/www.estrategiaconcursos.com.br\/blog\/regimento-interno-tst-provas-corrigidas\/#primaryimage\"},\"image\":{\"@id\":\"https:\/\/www.estrategiaconcursos.com.br\/blog\/regimento-interno-tst-provas-corrigidas\/#primaryimage\"},\"thumbnailUrl\":\"https:\/\/www.estrategiaconcursos.com.br\/blog\/wp-content\/uploads\/2017\/11\/trf-1-revisao-banner-site.jpg\",\"datePublished\":\"2017-11-22T00:34:25+00:00\",\"dateModified\":\"2017-11-22T00:46:42+00:00\",\"breadcrumb\":{\"@id\":\"https:\/\/www.estrategiaconcursos.com.br\/blog\/regimento-interno-tst-provas-corrigidas\/#breadcrumb\"},\"inLanguage\":\"pt-BR\",\"potentialAction\":[{\"@type\":\"ReadAction\",\"target\":[\"https:\/\/www.estrategiaconcursos.com.br\/blog\/regimento-interno-tst-provas-corrigidas\/\"]}]},{\"@type\":\"ImageObject\",\"inLanguage\":\"pt-BR\",\"@id\":\"https:\/\/www.estrategiaconcursos.com.br\/blog\/regimento-interno-tst-provas-corrigidas\/#primaryimage\",\"url\":\"https:\/\/dhg1h5j42swfq.cloudfront.net\/2017\/11\/18092239\/trf-1-revisao-banner-site.jpg\",\"contentUrl\":\"https:\/\/dhg1h5j42swfq.cloudfront.net\/2017\/11\/18092239\/trf-1-revisao-banner-site.jpg\",\"width\":1200,\"height\":300,\"caption\":\"concurso trf 1\"},{\"@type\":\"BreadcrumbList\",\"@id\":\"https:\/\/www.estrategiaconcursos.com.br\/blog\/regimento-interno-tst-provas-corrigidas\/#breadcrumb\",\"itemListElement\":[{\"@type\":\"ListItem\",\"position\":1,\"name\":\"In\u00edcio\",\"item\":\"https:\/\/www.estrategiaconcursos.com.br\/blog\/\"},{\"@type\":\"ListItem\",\"position\":2,\"name\":\"Regimento Interno TST &#8211; provas corrigidas e comentadas\"}]},{\"@type\":\"WebSite\",\"@id\":\"https:\/\/www.estrategiaconcursos.com.br\/blog\/#website\",\"url\":\"https:\/\/www.estrategiaconcursos.com.br\/blog\/\",\"name\":\"Estrat\u00e9gia Concursos\",\"description\":\"O blog da Estrat\u00e9gia Concursos traz not\u00edcias sobre concursos e artigos de professores oferecendo cursos para concursos (pdf + videaulas) no site.\",\"publisher\":{\"@id\":\"https:\/\/www.estrategiaconcursos.com.br\/blog\/#organization\"},\"potentialAction\":[{\"@type\":\"SearchAction\",\"target\":{\"@type\":\"EntryPoint\",\"urlTemplate\":\"https:\/\/www.estrategiaconcursos.com.br\/blog\/?s={search_term_string}\"},\"query-input\":{\"@type\":\"PropertyValueSpecification\",\"valueRequired\":true,\"valueName\":\"search_term_string\"}}],\"inLanguage\":\"pt-BR\"},{\"@type\":\"Organization\",\"@id\":\"https:\/\/www.estrategiaconcursos.com.br\/blog\/#organization\",\"name\":\"Estrat\u00e9gia Concursos\",\"url\":\"https:\/\/www.estrategiaconcursos.com.br\/blog\/\",\"logo\":{\"@type\":\"ImageObject\",\"inLanguage\":\"pt-BR\",\"@id\":\"https:\/\/www.estrategiaconcursos.com.br\/blog\/#\/schema\/logo\/image\/\",\"url\":\"https:\/\/dhg1h5j42swfq.cloudfront.net\/2025\/06\/03203428\/logo_concursos-1.jpg\",\"contentUrl\":\"https:\/\/dhg1h5j42swfq.cloudfront.net\/2025\/06\/03203428\/logo_concursos-1.jpg\",\"width\":230,\"height\":60,\"caption\":\"Estrat\u00e9gia Concursos\"},\"image\":{\"@id\":\"https:\/\/www.estrategiaconcursos.com.br\/blog\/#\/schema\/logo\/image\/\"},\"sameAs\":[\"https:\/\/x.com\/EstratConcursos\"]},{\"@type\":\"Person\",\"@id\":\"https:\/\/www.estrategiaconcursos.com.br\/blog\/#\/schema\/person\/cdad40b5818eb228a838461fcd656da7\",\"name\":\"Coordena\u00e7\u00e3o\",\"image\":{\"@type\":\"ImageObject\",\"inLanguage\":\"pt-BR\",\"@id\":\"https:\/\/secure.gravatar.com\/avatar\/a413b22da0f5009c634f6c4586a2dbe5207074fd5becd88db5183b8069ef25e4?s=96&d=mm&r=g\",\"url\":\"https:\/\/secure.gravatar.com\/avatar\/a413b22da0f5009c634f6c4586a2dbe5207074fd5becd88db5183b8069ef25e4?s=96&d=mm&r=g\",\"contentUrl\":\"https:\/\/secure.gravatar.com\/avatar\/a413b22da0f5009c634f6c4586a2dbe5207074fd5becd88db5183b8069ef25e4?s=96&d=mm&r=g\",\"caption\":\"Coordena\u00e7\u00e3o\"},\"url\":\"https:\/\/www.estrategiaconcursos.com.br\/blog\/author\/contatoestrategiaconcursos-com-br\/\"}]}<\/script>\n<!-- \/ Yoast SEO Premium plugin. -->","yoast_head_json":{"title":"Regimento Interno TST - provas corrigidas e comentadas","robots":{"index":"index","follow":"follow","max-snippet":"max-snippet:-1","max-image-preview":"max-image-preview:large","max-video-preview":"max-video-preview:-1"},"canonical":"https:\/\/www.estrategiaconcursos.com.br\/blog\/regimento-interno-tst-provas-corrigidas\/","og_locale":"pt_BR","og_type":"article","og_title":"Regimento Interno TST - provas corrigidas e comentadas","og_description":"Ol\u00e1! Aqui \u00e9 Fabr\u00edcio R\u00eago, professor de Regimento. Abaixo vou resolver as provas de regimento do TST\/2017, concurso ocorrido no dia 19\/11. Corrigi as provas de TJAA, AJAA e AJAJ, respectivamente. TJAA TJAA \u2013 2017 &#8211; Em uma situa\u00e7\u00e3o hipot\u00e9tica, Danilo e Diana est\u00e3o estudando o Regimento Interno do Tribunal Superior do Trabalho uma vez [&hellip;]","og_url":"https:\/\/www.estrategiaconcursos.com.br\/blog\/regimento-interno-tst-provas-corrigidas\/","og_site_name":"Estrat\u00e9gia Concursos","article_published_time":"2017-11-22T00:34:25+00:00","article_modified_time":"2017-11-22T00:46:42+00:00","og_image":[{"url":"https:\/\/www.estrategiaconcursos.com.br\/blog\/wp-content\/uploads\/2017\/11\/trf-1-revisao-banner-site.jpg","type":"","width":"","height":""}],"author":"Coordena\u00e7\u00e3o","twitter_card":"summary_large_image","twitter_creator":"@EstratConcursos","twitter_site":"@EstratConcursos","twitter_misc":{"Escrito por":"Coordena\u00e7\u00e3o","Est. tempo de leitura":"19 minutos"},"schema":{"@context":"https:\/\/schema.org","@graph":[{"@type":"NewsArticle","@id":"https:\/\/www.estrategiaconcursos.com.br\/blog\/regimento-interno-tst-provas-corrigidas\/#article","isPartOf":{"@id":"https:\/\/www.estrategiaconcursos.com.br\/blog\/regimento-interno-tst-provas-corrigidas\/"},"author":{"name":"Coordena\u00e7\u00e3o","@id":"https:\/\/www.estrategiaconcursos.com.br\/blog\/#\/schema\/person\/cdad40b5818eb228a838461fcd656da7"},"headline":"Regimento Interno TST &#8211; provas corrigidas e comentadas","datePublished":"2017-11-22T00:34:25+00:00","dateModified":"2017-11-22T00:46:42+00:00","mainEntityOfPage":{"@id":"https:\/\/www.estrategiaconcursos.com.br\/blog\/regimento-interno-tst-provas-corrigidas\/"},"wordCount":3766,"commentCount":0,"publisher":{"@id":"https:\/\/www.estrategiaconcursos.com.br\/blog\/#organization"},"image":{"@id":"https:\/\/www.estrategiaconcursos.com.br\/blog\/regimento-interno-tst-provas-corrigidas\/#primaryimage"},"thumbnailUrl":"https:\/\/www.estrategiaconcursos.com.br\/blog\/wp-content\/uploads\/2017\/11\/trf-1-revisao-banner-site.jpg","articleSection":["Concursos P\u00fablicos"],"inLanguage":"pt-BR","potentialAction":[{"@type":"CommentAction","name":"Comment","target":["https:\/\/www.estrategiaconcursos.com.br\/blog\/regimento-interno-tst-provas-corrigidas\/#respond"]}],"copyrightYear":"2017","copyrightHolder":{"@id":"https:\/\/www.estrategiaconcursos.com.br\/blog\/#organization"}},{"@type":"WebPage","@id":"https:\/\/www.estrategiaconcursos.com.br\/blog\/regimento-interno-tst-provas-corrigidas\/","url":"https:\/\/www.estrategiaconcursos.com.br\/blog\/regimento-interno-tst-provas-corrigidas\/","name":"Regimento Interno TST - provas corrigidas e comentadas","isPartOf":{"@id":"https:\/\/www.estrategiaconcursos.com.br\/blog\/#website"},"primaryImageOfPage":{"@id":"https:\/\/www.estrategiaconcursos.com.br\/blog\/regimento-interno-tst-provas-corrigidas\/#primaryimage"},"image":{"@id":"https:\/\/www.estrategiaconcursos.com.br\/blog\/regimento-interno-tst-provas-corrigidas\/#primaryimage"},"thumbnailUrl":"https:\/\/www.estrategiaconcursos.com.br\/blog\/wp-content\/uploads\/2017\/11\/trf-1-revisao-banner-site.jpg","datePublished":"2017-11-22T00:34:25+00:00","dateModified":"2017-11-22T00:46:42+00:00","breadcrumb":{"@id":"https:\/\/www.estrategiaconcursos.com.br\/blog\/regimento-interno-tst-provas-corrigidas\/#breadcrumb"},"inLanguage":"pt-BR","potentialAction":[{"@type":"ReadAction","target":["https:\/\/www.estrategiaconcursos.com.br\/blog\/regimento-interno-tst-provas-corrigidas\/"]}]},{"@type":"ImageObject","inLanguage":"pt-BR","@id":"https:\/\/www.estrategiaconcursos.com.br\/blog\/regimento-interno-tst-provas-corrigidas\/#primaryimage","url":"https:\/\/dhg1h5j42swfq.cloudfront.net\/2017\/11\/18092239\/trf-1-revisao-banner-site.jpg","contentUrl":"https:\/\/dhg1h5j42swfq.cloudfront.net\/2017\/11\/18092239\/trf-1-revisao-banner-site.jpg","width":1200,"height":300,"caption":"concurso trf 1"},{"@type":"BreadcrumbList","@id":"https:\/\/www.estrategiaconcursos.com.br\/blog\/regimento-interno-tst-provas-corrigidas\/#breadcrumb","itemListElement":[{"@type":"ListItem","position":1,"name":"In\u00edcio","item":"https:\/\/www.estrategiaconcursos.com.br\/blog\/"},{"@type":"ListItem","position":2,"name":"Regimento Interno TST &#8211; provas corrigidas e comentadas"}]},{"@type":"WebSite","@id":"https:\/\/www.estrategiaconcursos.com.br\/blog\/#website","url":"https:\/\/www.estrategiaconcursos.com.br\/blog\/","name":"Estrat\u00e9gia Concursos","description":"O blog da Estrat\u00e9gia Concursos traz not\u00edcias sobre concursos e artigos de professores oferecendo cursos para concursos (pdf + videaulas) no site.","publisher":{"@id":"https:\/\/www.estrategiaconcursos.com.br\/blog\/#organization"},"potentialAction":[{"@type":"SearchAction","target":{"@type":"EntryPoint","urlTemplate":"https:\/\/www.estrategiaconcursos.com.br\/blog\/?s={search_term_string}"},"query-input":{"@type":"PropertyValueSpecification","valueRequired":true,"valueName":"search_term_string"}}],"inLanguage":"pt-BR"},{"@type":"Organization","@id":"https:\/\/www.estrategiaconcursos.com.br\/blog\/#organization","name":"Estrat\u00e9gia Concursos","url":"https:\/\/www.estrategiaconcursos.com.br\/blog\/","logo":{"@type":"ImageObject","inLanguage":"pt-BR","@id":"https:\/\/www.estrategiaconcursos.com.br\/blog\/#\/schema\/logo\/image\/","url":"https:\/\/dhg1h5j42swfq.cloudfront.net\/2025\/06\/03203428\/logo_concursos-1.jpg","contentUrl":"https:\/\/dhg1h5j42swfq.cloudfront.net\/2025\/06\/03203428\/logo_concursos-1.jpg","width":230,"height":60,"caption":"Estrat\u00e9gia Concursos"},"image":{"@id":"https:\/\/www.estrategiaconcursos.com.br\/blog\/#\/schema\/logo\/image\/"},"sameAs":["https:\/\/x.com\/EstratConcursos"]},{"@type":"Person","@id":"https:\/\/www.estrategiaconcursos.com.br\/blog\/#\/schema\/person\/cdad40b5818eb228a838461fcd656da7","name":"Coordena\u00e7\u00e3o","image":{"@type":"ImageObject","inLanguage":"pt-BR","@id":"https:\/\/secure.gravatar.com\/avatar\/a413b22da0f5009c634f6c4586a2dbe5207074fd5becd88db5183b8069ef25e4?s=96&d=mm&r=g","url":"https:\/\/secure.gravatar.com\/avatar\/a413b22da0f5009c634f6c4586a2dbe5207074fd5becd88db5183b8069ef25e4?s=96&d=mm&r=g","contentUrl":"https:\/\/secure.gravatar.com\/avatar\/a413b22da0f5009c634f6c4586a2dbe5207074fd5becd88db5183b8069ef25e4?s=96&d=mm&r=g","caption":"Coordena\u00e7\u00e3o"},"url":"https:\/\/www.estrategiaconcursos.com.br\/blog\/author\/contatoestrategiaconcursos-com-br\/"}]}},"_links":{"self":[{"href":"https:\/\/www.estrategiaconcursos.com.br\/blog\/wp-json\/wp\/v2\/posts\/96254","targetHints":{"allow":["GET"]}}],"collection":[{"href":"https:\/\/www.estrategiaconcursos.com.br\/blog\/wp-json\/wp\/v2\/posts"}],"about":[{"href":"https:\/\/www.estrategiaconcursos.com.br\/blog\/wp-json\/wp\/v2\/types\/post"}],"author":[{"embeddable":true,"href":"https:\/\/www.estrategiaconcursos.com.br\/blog\/wp-json\/wp\/v2\/users\/48"}],"replies":[{"embeddable":true,"href":"https:\/\/www.estrategiaconcursos.com.br\/blog\/wp-json\/wp\/v2\/comments?post=96254"}],"version-history":[{"count":3,"href":"https:\/\/www.estrategiaconcursos.com.br\/blog\/wp-json\/wp\/v2\/posts\/96254\/revisions"}],"predecessor-version":[{"id":96266,"href":"https:\/\/www.estrategiaconcursos.com.br\/blog\/wp-json\/wp\/v2\/posts\/96254\/revisions\/96266"}],"wp:attachment":[{"href":"https:\/\/www.estrategiaconcursos.com.br\/blog\/wp-json\/wp\/v2\/media?parent=96254"}],"wp:term":[{"taxonomy":"category","embeddable":true,"href":"https:\/\/www.estrategiaconcursos.com.br\/blog\/wp-json\/wp\/v2\/categories?post=96254"},{"taxonomy":"post_tag","embeddable":true,"href":"https:\/\/www.estrategiaconcursos.com.br\/blog\/wp-json\/wp\/v2\/tags?post=96254"},{"taxonomy":"tax_estado","embeddable":true,"href":"https:\/\/www.estrategiaconcursos.com.br\/blog\/wp-json\/wp\/v2\/tax_estado?post=96254"}],"curies":[{"name":"wp","href":"https:\/\/api.w.org\/{rel}","templated":true}]}}