{"id":962539,"date":"2022-02-06T12:58:26","date_gmt":"2022-02-06T15:58:26","guid":{"rendered":"https:\/\/www.estrategiaconcursos.com.br\/blog\/?p=962539"},"modified":"2022-02-06T19:04:22","modified_gmt":"2022-02-06T22:04:22","slug":"gabarito-extraoficial-icmbio-analista","status":"publish","type":"post","link":"https:\/\/www.estrategiaconcursos.com.br\/blog\/gabarito-extraoficial-icmbio-analista\/","title":{"rendered":"Gabarito Extraoficial ICMBio \u2013 Cargo: Analista Ambiental"},"content":{"rendered":"\n<p>Foram realizadas neste domingo, 06 de fevereiro de 2022, <strong>as provas Objetiva e Discursiva do concurso ICMBio<\/strong>, cargo de <strong>Analista Ambiental<\/strong>, para o qual s\u00e3o ofertadas 61 vagas e sal\u00e1rio inicial de <strong>R$ 8.089,64<\/strong>, com exig\u00eancia de n\u00edvel superior de escolaridade. <\/p>\n\n\n\n<p>Sabemos como voc\u00ea, estrategista, est\u00e1 ansioso para conhecer seus acertos e erros. Por isso, enquanto aguardamos o resultado oficial, nossos professores far\u00e3o a corre\u00e7\u00e3o AO VIVO das provas! <\/p>\n\n\n\n<p>Voc\u00ea j\u00e1 pode conferir o <strong>gabarito extraoficial ICMBIO para o cargo de Analista Ambiental<\/strong>, a partir das 12h30, no canal do Estrat\u00e9gia Concursos no YouTube. <\/p>\n\n\n\n<h2 class=\"wp-block-heading\">Gabarito Extraoficial ICMBio: Cargo Analista Ambiental! AO VIVO<\/h2>\n\n\n<figure class=\"wp-block-embed-youtube wp-block-embed is-type-video is-provider-youtube wp-embed-aspect-16-9 wp-has-aspect-ratio\"><div class=\"lyte-wrapper\" style=\"width:853px;max-width:100%;margin:5px;\"><div class=\"lyMe\" id=\"WYL_JQxgjxh8tQs\"><div id=\"lyte_JQxgjxh8tQs\" data-src=\"\/\/i.ytimg.com\/vi\/JQxgjxh8tQs\/hqdefault.jpg\" class=\"pL\"><div class=\"tC\"><div class=\"tT\"><\/div><\/div><div class=\"play\"><\/div><div class=\"ctrl\"><div class=\"Lctrl\"><\/div><div class=\"Rctrl\"><\/div><\/div><\/div><noscript><a href=\"https:\/\/youtu.be\/JQxgjxh8tQs\" rel=\"nofollow\"><img loading=\"lazy\" decoding=\"async\" src=\"https:\/\/i.ytimg.com\/vi\/JQxgjxh8tQs\/0.jpg\" alt=\"YouTube video thumbnail\" width=\"853\" height=\"460\" \/><br \/>Assista a este v\u00eddeo no YouTube<\/a><\/noscript><\/div><\/div><div class=\"lL\" style=\"max-width:100%;width:853px;margin:5px;\"><\/div><figcaption><\/figcaption><\/figure>\n\n\n<h2 class=\"wp-block-heading\">Gabarito Extraoficial ICMBio: Cargo &#8211; Analista Ambiental! <\/h2>\n\n\n\n<p>Abaixo voc\u00ea confere as respostas do Gabarito Extraoficial <a href=\"https:\/\/www.icmbio.gov.br\/portal\/\" target=\"_blank\" rel=\"noreferrer noopener\">ICMBio<\/a>, realizadas pelo nosso time de professores. Mas fique atento ao in\u00edcio do enunciado da quest\u00e3o e da resposta, pois pode haver mais de uma vers\u00e3o de prova! <\/p>\n\n\n\n<p><strong>Quest\u00e3o 1:\u00a0<\/strong>O texto apresenta dados de uma pesquisa&#8230;<br \/><em><strong>Resposta:\u00a0<\/strong><\/em>Certo<\/p>\n\n\n\n<p><strong>Gabarito<\/strong>: CERTO<\/p>\n\n\n\n<p><strong>Coment\u00e1rio<\/strong>: O item traz uma par\u00e1frase do primeiro par\u00e1grafo do texto: \u201c\u2018Cada l\u00edngua ind\u00edgena \u00e9 um reservat\u00f3rio \u00fanico (\u2026) a partir da extin\u00e7\u00e3o das l\u00ednguas ind\u00edgenas\u201d . Portanto, o item est\u00e1 correto.<\/p>\n\n\n\n<p><strong>Quest\u00e3o 2:\u00a0<\/strong>Depreende-se do texto que a extin\u00e7\u00e3o&#8230;<br \/><em><strong>Resposta:<\/strong><\/em>\u00a0Certo<\/p>\n\n\n\n<p><strong>Gabarito<\/strong>: CERTO<\/p>\n\n\n\n<p><strong>Coment\u00e1rio<\/strong>: \u00c9 exatamente isso que traz o 2\u00ba par\u00e1grafo. Inclusive, atente-se para o conectivo \u201ccontudo\u201d, que enfatiza que o foco da pesquisa n\u00e3o \u00e9 a extin\u00e7\u00e3o da biodiversidade Portanto, o item est\u00e1 certo.<\/p>\n\n\n\n<p><strong>Quest\u00e3o 3:\u00a0<\/strong>A inclus\u00e3o do sinal indicativo&#8230;<br \/><em><strong>Resposta:<\/strong><\/em>\u00a0Errado<\/p>\n\n\n\n<p><strong>Gabarito<\/strong>: ERRADO<\/p>\n\n\n\n<p><strong>Coment\u00e1rio<\/strong>: No caso, o uso da crase n\u00e3o \u00e9 facultativo, pela presen\u00e7a do artigo indefinido feminino na express\u00e3o \u201cuma l\u00edngua ind\u00edgena\u201d. O que acontece, de fato, \u00e9 a n\u00e3o ocorr\u00eancia da crase porque n\u00e3o h\u00e1 artigo definido feminino. Portanto, o item est\u00e1 errado.<\/p>\n\n\n\n<p><strong>Quest\u00e3o 4:\u00a0<\/strong>Na express\u00e3o &#8220;Para\u00edso&#8221;&#8230;<br \/><em><strong>Resposta:<\/strong><\/em>\u00a0Errado<\/p>\n\n\n\n<p><strong>Gabarito<\/strong>: ERRADO<\/p>\n\n\n\n<p><strong>Coment\u00e1rio<\/strong>: Quest\u00e3o de referencia\u00e7\u00e3o. \u201cPara isso\u201d n\u00e3o retoma apenas \u201cextin\u00e7\u00e3o de determinado idioma\u201d, mas sim a necessidade de \u201centender em que grau o conhecimento (\u2026) extin\u00e7\u00e3o de determinado idioma\u201d. . Portanto, o item est\u00e1 errado.<\/p>\n\n\n\n<p><strong>Quest\u00e3o 5:<\/strong> A v\u00edrgula empregada no trecho&#8230;<br \/><em><strong>Resposta:<\/strong><\/em>\u00a0Errado<\/p>\n\n\n\n<p><strong>Gabarito<\/strong>: ERRADO<\/p>\n\n\n\n<p><strong>Coment\u00e1rio<\/strong>: Muito cuidado com esta quest\u00e3o! A v\u00edrgula n\u00e3o marca elipse (omiss\u00e3o de termo), mas um adjunto adverbial (\u201cNo Nordeste da Amaz\u00f4nia\u201d) deslocado. Portanto, o item est\u00e1 errado.<\/p>\n\n\n\n<p><strong>Quest\u00e3o 6:\u00a0<\/strong>Mantenha a corre\u00e7\u00e3o gramatical&#8230;<br \/><em><strong>Resposta:<\/strong><\/em>\u00a0Errado<\/p>\n\n\n\n<p><strong>Gabarito<\/strong>: ERRADO<\/p>\n\n\n\n<p><strong>Coment\u00e1rio<\/strong>: Quest\u00e3o que pode gerar pol\u00eamica. Segundo o gram\u00e1tico Bechara, quanto \u00e0 concord\u00e2ncia verbal, o verbo fica no singular, quando os n\u00facleos do sujeito vem determinados pelo distributivo cada. Note que o verbo \u201ct\u00eam\u201d est\u00e1 flexionado na 3\u00aa pessoa do plural. Portanto, o item est\u00e1 errado.<\/p>\n\n\n\n<p><strong>Quest\u00e3o 7:\u00a0<\/strong>Nas comunica\u00e7\u00f5es oficiais&#8230;<br \/><em><strong>Resposta:<\/strong><\/em>\u00a0Certo<\/p>\n\n\n\n<p><strong>Gabarito<\/strong>: CERTO<\/p>\n\n\n\n<p><strong>Coment\u00e1rio<\/strong>: \u00c9 exatamente o que consta no MRPR: \u201cO vocativo \u00e9 uma invoca\u00e7\u00e3o ao destinat\u00e1rio. Nas comunica\u00e7\u00f5es oficiais, o vocativo ser\u00e1 sempre seguido de v\u00edrgula.\u201d . Portanto, o item est\u00e1 correto.<\/p>\n\n\n\n<p><strong>Quest\u00e3o 8:\u00a0<\/strong>Nos documentos oficiais&#8230;<br \/><em><strong>Resposta:<\/strong><\/em>\u00a0Errado<\/p>\n\n\n\n<p><strong>Gabarito<\/strong>: ERRADO<\/p>\n\n\n\n<p><strong>Coment\u00e1rio<\/strong>: Cuidado! Segundo o MRPR: \u201co emprego dos pronomes de tratamento adota a&nbsp;<strong>segunda pessoa do plural<\/strong>, de maneira indireta, para referenciar atributos da pessoa \u00e0 qual se dirige\u201d . Portanto, o item est\u00e1 errado.<\/p>\n\n\n\n<p><strong>Quest\u00e3o 9:&nbsp;<\/strong>Gabriel deve prestar com equidade&#8230;<br \/><em><strong>Resposta:<\/strong><\/em>&nbsp;Certo<\/p>\n\n\n\n<p><strong>Quest\u00e3o 10:&nbsp;<\/strong>Suponha que, no setor&#8230;<br \/><em><strong>Resposta:<\/strong><\/em>&nbsp;Errado<\/p>\n\n\n\n<p><strong>Quest\u00e3o 11:<\/strong> Nos processos de contrata\u00e7\u00e3o p\u00fablica&#8230;<br \/><em><strong>Resposta:<\/strong><\/em>&nbsp;Certo<\/p>\n\n\n\n<p><strong>Quest\u00e3o 12:&nbsp;<\/strong>Suponha que Gabriel entenda&#8230;<br \/><em><strong>Resposta:<\/strong><\/em>&nbsp;Errado<\/p>\n\n\n\n<p><strong>Quest\u00e3o 13:&nbsp;<\/strong>A entidade que Gabriel labora&#8230; <br \/><em><strong>Resposta:<\/strong><\/em>&nbsp;Certo<\/p>\n\n\n\n<p><strong>Quest\u00e3o 14:&nbsp;<\/strong>As autarquias federais s\u00e3o vinculadas&#8230; <br \/><em><strong>Resposta:<\/strong><\/em>&nbsp;Certo<\/p>\n\n\n\n<p><strong>Quest\u00e3o 15:<\/strong> A cobran\u00e7a de multa administrativa&#8230;<br \/><em><strong>Resposta:<\/strong><\/em>&nbsp;Errado<\/p>\n\n\n\n<p><strong>Quest\u00e3o 16:&nbsp;<\/strong>O Estado tem responsabilidade&#8230;<br \/><em><strong>Resposta:<\/strong><\/em>&nbsp;Certo<\/p>\n\n\n\n<p><strong>Quest\u00e3o 17:&nbsp;<\/strong>Ato administrativo praticado com v\u00edcio&#8230;<br \/><em><strong>Resposta:<\/strong><\/em>&nbsp;Errado<\/p>\n\n\n\n<p><strong>Quest\u00e3o 18:&nbsp;<\/strong>O candidato aprovado em concurso&#8230;<br \/><em><strong>Resposta:<\/strong><\/em>&nbsp;Errado<\/p>\n\n\n\n<p><strong>Quest\u00e3o 19:&nbsp;<\/strong>Desde que autorizado consoante&#8230; <br \/><em><strong>Resposta:<\/strong><\/em>&nbsp;Certo<\/p>\n\n\n\n<p><strong>Quest\u00e3o 20:<\/strong> O poder de pol\u00edcia ambiental&#8230;<br \/><em><strong>Resposta:<\/strong><\/em>&nbsp;Certo<\/p>\n\n\n\n<p><strong>Quest\u00e3o 21:&nbsp;<\/strong>Nos termos da legisla\u00e7\u00e3o vigente&#8230;<br \/><em><strong>Resposta:<\/strong><\/em>&nbsp;Errado<\/p>\n\n\n\n<p><strong>Quest\u00e3o 22:&nbsp;<\/strong>As UC podem ser objeto&#8230;<br \/><em><strong>Resposta:<\/strong><\/em>&nbsp;Errado<\/p>\n\n\n\n<p><strong>Quest\u00e3o 23:&nbsp;<\/strong>Cabe ao gestor da UC&#8230;<br \/><em><strong>Resposta:<\/strong><\/em>&nbsp;Certo<\/p>\n\n\n\n<p><strong>Quest\u00e3o 24:<\/strong> O processo administrativo&#8230;<br \/><em><strong>Resposta:<\/strong><\/em>&nbsp;Certo<\/p>\n\n\n\n<p><strong>Quest\u00e3o 25:&nbsp;<\/strong>A autoridade que tiver&#8230;<br \/><em><strong>Resposta:<\/strong><\/em>&nbsp;Certo<\/p>\n\n\n\n<p><strong>Quest\u00e3o 26:&nbsp;<\/strong>A aplica\u00e7\u00e3o de multa de acordo&#8230;<br \/><em><strong>Resposta:<\/strong><\/em>&nbsp;Errado<\/p>\n\n\n\n<p><strong>Quest\u00e3o 27:&nbsp;<\/strong>Os objetivos desse c\u00f3digo&#8230;<br \/><em><strong>Resposta:<\/strong><\/em>&nbsp;Errado<\/p>\n\n\n\n<p><strong>Quest\u00e3o 28:&nbsp;<\/strong>O c\u00f3digo de \u00e9tica em quest\u00e3o&#8230;<br \/><em><strong>Resposta:<\/strong><\/em>&nbsp;Certo<\/p>\n\n\n\n<p><strong>Quest\u00e3o 29:<\/strong> Aos servidores do ICMBio&#8230;<br \/><em><strong>Resposta:<\/strong><\/em>&nbsp;Errado<\/p>\n\n\n\n<p><strong>Quest\u00e3o 30:&nbsp;<\/strong>O c\u00f3digo de \u00e9tica em quest\u00e3o veda&#8230;<br \/><em><strong>Resposta:<\/strong><\/em>&nbsp;Certo<\/p>\n\n\n\n<p><strong>Quest\u00e3o 31:&nbsp;<\/strong>Como Maria recebeu itens&#8230; <br \/><em><strong>Resposta:<\/strong><\/em>&nbsp;Errado<\/p>\n\n\n\n<p><strong>Quest\u00e3o 32:&nbsp;<\/strong>Maria s\u00f3 deve recusar&#8230;<br \/><em><strong>Resposta:<\/strong><\/em>&nbsp;Errado<\/p>\n\n\n\n<p><strong>Quest\u00e3o 33<\/strong>: A vacina\u00e7\u00e3o da popula\u00e7\u00e3o e a retomada&#8230;<br \/><em><strong>Resposta:<\/strong><\/em>&nbsp;Errado<\/p>\n\n\n\n<p><strong>Quest\u00e3o 34:&nbsp;<\/strong>A vacina\u00e7\u00e3o tem contribu\u00eddo para diminuir&#8230;<br \/><em><strong>Resposta:<\/strong><\/em>&nbsp;Certo<\/p>\n\n\n\n<p><strong>Quest\u00e3o 35:&nbsp;<\/strong>Os impactos econ\u00f4micos da pandemia de covid-19&#8230;<br \/><em><strong>Resposta:<\/strong><\/em>&nbsp;Errado<\/p>\n\n\n\n<p><strong>Quest\u00e3o 36:&nbsp;<\/strong>Laborat\u00f3rios farmac\u00eauticos, centros de pesquisa&#8230;<br \/><em><strong>Resposta:<\/strong><\/em>&nbsp;Certo<\/p>\n\n\n\n<p><strong>Quest\u00e3o 37:&nbsp;<\/strong>Ao usar o recurso <em>onedrive<\/em>&#8230;<br \/><em><strong>Resposta:<\/strong><\/em>&nbsp;Certo<\/p>\n\n\n\n<p><strong>Quest\u00e3o 38:&nbsp;<\/strong>No MS EDGE ou no GOOGLE CHROME&#8230;<br \/><em><strong>Resposta:<\/strong><\/em> Errado<\/p>\n\n\n\n<p><strong>Quest\u00e3o 39:&nbsp;<\/strong>Para enviar uma mensagem&#8230;<br \/><em><strong>Resposta:<\/strong><\/em>&nbsp;Errado<\/p>\n\n\n\n<p><strong>Quest\u00e3o 40:&nbsp;<\/strong>No Microsoft Word&#8230; <br \/><em><strong>Resposta:<\/strong><\/em>&nbsp;Certo<\/p>\n\n\n\n<p><strong>Quest\u00e3o 41:&nbsp;<\/strong>Em biomas terrestres, a intensidade&#8230;<br \/><em><strong>Resposta:<\/strong><\/em>&nbsp;Certo<\/p>\n\n\n\n<p><strong>Quest\u00e3o 42:&nbsp;<\/strong>Ap\u00f3s uma grande \u00e1rea de habitat ser dividida&#8230;<br \/><em><strong>Resposta:<\/strong><\/em> Certo<\/p>\n\n\n\n<p><strong>Quest\u00e3o 43:&nbsp;<\/strong>Entre os efeitos causados pela fragmenta\u00e7\u00e3o&#8230;<br \/><em><strong>Resposta:<\/strong><\/em> Certo<\/p>\n\n\n\n<p><strong>Quest\u00e3o 44:&nbsp;<\/strong>Entre os biomas brasileiros&#8230;<br \/><em><strong>Resposta:<\/strong><\/em>&nbsp;Errado<\/p>\n\n\n\n<p><strong>Quest\u00e3o 45:&nbsp;<\/strong>A ocorr\u00eancia de endemismos independe&#8230; <br \/><em><strong>Resposta:<\/strong><\/em>&nbsp;Errado<\/p>\n\n\n\n<p><strong>Quest\u00e3o 46:&nbsp;<\/strong>Para ser considerada hotspots&#8230;<br \/><em><strong>Resposta:<\/strong><\/em>&nbsp;Errado<\/p>\n\n\n\n<p><strong>Quest\u00e3o 47:&nbsp;<\/strong>Duas premissas b\u00e1sicas fazem parte&#8230;<br \/><em><strong>Resposta:<\/strong><\/em>&nbsp;Errado<\/p>\n\n\n\n<p><strong>Quest\u00e3o 48:&nbsp;<\/strong>A estrutura populacional pode ser analisada&#8230;<br \/><em><strong>Resposta:<\/strong><\/em>&nbsp;Errado<\/p>\n\n\n\n<p><strong>Quest\u00e3o 49:&nbsp;<\/strong>Os principais que embasam a Pol\u00edcia Nacional&#8230;<br \/><em><strong>Resposta:<\/strong><\/em>&nbsp;Errado<\/p>\n\n\n\n<p><strong>Quest\u00e3o 50:\u00a0<\/strong>Um dos objetivos espec\u00edficos pertencentes \u00e0&#8230;<br \/><em><strong>Resposta:<\/strong><\/em>\u00a0Certo<\/p>\n\n\n\n<p><strong>Quest\u00e3o 51:&nbsp;<\/strong>A biodiversidade consiste apenas em unidades&#8230;<br \/><em><strong>Resposta:<\/strong><\/em>&nbsp;Errado<\/p>\n\n\n\n<p><strong>Quest\u00e3o 52:&nbsp;<\/strong>O Programa Ecol\u00f3gico de Longa Dura\u00e7\u00e3o&#8230;<br \/><em><strong>Resposta:<\/strong><\/em>&nbsp;Certo<\/p>\n\n\n\n<p><strong>Quest\u00e3o 53:&nbsp;<\/strong>Quanto maior for o n\u00famero de esp\u00e9cies&#8230;<br \/><em><strong>Resposta:<\/strong><\/em>&nbsp;Certo<\/p>\n\n\n\n<p><strong>Quest\u00e3o 54:&nbsp;<\/strong>A lagarta-enroladeira&#8230;<br \/><em><strong>Resposta:<\/strong><\/em>&nbsp;Certo<\/p>\n\n\n\n<p><strong>Quest\u00e3o 55:<\/strong> As plantas do g\u00eanero&#8230;<br \/><em><strong>Resposta:<\/strong><\/em>&nbsp;Errado<\/p>\n\n\n\n<p><strong>Quest\u00e3o 56:&nbsp;<\/strong>Quanto ao fator fecundidade&#8230;<br \/><em><strong>Resposta:<\/strong><\/em>&nbsp;Errado<\/p>\n\n\n\n<p><strong>Quest\u00e3o 57:<\/strong> O maior tamanho corporal&#8230;<br \/><em><strong>Resposta:<\/strong><\/em>&nbsp;Certo<\/p>\n\n\n\n<p><strong>Quest\u00e3o 58:&nbsp;<\/strong>O grau de adapta\u00e7\u00e3o&#8230;<br \/><em><strong>Resposta:<\/strong><\/em>&nbsp;Certo<\/p>\n\n\n\n<p><strong>Quest\u00e3o 59:&nbsp;<\/strong>As prote\u00e7\u00f5es de ecossistemas&#8230; <br \/><em><strong>Resposta:<\/strong><\/em>&nbsp;Certo<\/p>\n\n\n\n<p><strong>Quest\u00e3o 60:&nbsp;<\/strong>A supress\u00e3o de vegeta\u00e7\u00e3o&#8230;<br \/><em><strong>Resposta:<\/strong><\/em>&nbsp;Errado<\/p>\n\n\n\n<p><strong>Quest\u00e3o 61:&nbsp;<\/strong>Na implanta\u00e7\u00e3o de reservat\u00f3rios&#8230;<br \/><em><strong>Resposta:<\/strong><\/em>&nbsp;Certo<\/p>\n\n\n\n<p><strong>Quest\u00e3o 62:&nbsp;<\/strong>Em caso de transfer\u00eancia&#8230;<br \/><em><strong>Resposta:<\/strong><\/em>&nbsp;Certo<\/p>\n\n\n\n<p><strong>Quest\u00e3o 63:&nbsp;<\/strong>\u00c9 vedada a concess\u00e3o&#8230; <br \/><em><strong>Resposta:<\/strong><\/em>&nbsp;Certo<\/p>\n\n\n\n<p><strong>Quest\u00e3o 64:&nbsp;<\/strong>A rela\u00e7\u00e3o entre altura de \u00e1rvore&#8230;<br \/><em><strong>Resposta:<\/strong><\/em>&nbsp;Errado<\/p>\n\n\n\n<p><strong>Quest\u00e3o 65:&nbsp;<\/strong>no invent\u00e1rio florestal&#8230;<br \/><em><strong>Resposta:<\/strong><\/em>&nbsp;Errado<\/p>\n\n\n\n<p><strong>Quest\u00e3o 66:&nbsp;<\/strong>A distribui\u00e7\u00e3o e a aloca\u00e7\u00e3o&#8230;<br \/><em><strong>Resposta:<\/strong><\/em>&nbsp;Certo<\/p>\n\n\n\n<p><strong>Quest\u00e3o 67:<\/strong> O invent\u00e1rio florestal&#8230;<br \/><em><strong>Resposta:<\/strong><\/em> Errado<\/p>\n\n\n\n<p><strong>Quest\u00e3o 68:&nbsp;<\/strong>Os planos de manejo&#8230;<br \/><em><strong>Resposta:<\/strong><\/em>&nbsp;Certo<\/p>\n\n\n\n<p><strong>Quest\u00e3o 69:<\/strong> Para fins ambientais&#8230;<br \/><em><strong>Resposta:<\/strong><\/em>&nbsp;Certo<\/p>\n\n\n\n<p><strong>Quest\u00e3o 70:&nbsp;<\/strong>Ca\u00e7ar esp\u00e9cimes da fauna&#8230;<br \/><em><strong>Resposta:<\/strong><\/em> Certo<\/p>\n\n\n\n<p><strong>Quest\u00e3o 71:&nbsp;<\/strong>Caso a atividade lesiva&#8230;<br \/><em><strong>Resposta:<\/strong><\/em>&nbsp;Certo<\/p>\n\n\n\n<p><strong>Quest\u00e3o 72:&nbsp;<\/strong>O erro de omiss\u00e3o para a categoria&#8230;<br \/><em><strong>Resposta:<\/strong><\/em>&nbsp;Errado<\/p>\n\n\n\n<p><strong>Quest\u00e3o 73:&nbsp;<\/strong>As imagens obtidas&#8230;<br \/><em><strong>Resposta:<\/strong><\/em>&nbsp;Errado<\/p>\n\n\n\n<p><strong>Quest\u00e3o 74:&nbsp;<\/strong>Sem preju\u00edzo de outros instrumentos&#8230;<br \/><em><strong>Resposta:<\/strong><\/em>&nbsp;Certo<\/p>\n\n\n\n<p><strong>Quest\u00e3o 75:&nbsp;<\/strong>Em casos de licenciamento ambiental&#8230;<br \/><em><strong>Resposta:<\/strong><\/em>&nbsp;Certo<\/p>\n\n\n\n<p><strong>Quest\u00e3o 76:&nbsp;<\/strong>\u00c9 vedada a delega\u00e7\u00e3o&#8230;<br \/><em><strong>Resposta:<\/strong><\/em>&nbsp;Errado<\/p>\n\n\n\n<p><strong>Quest\u00e3o 77:&nbsp;<\/strong>Em face da Uni\u00e3o&#8230;<br \/><em><strong>Resposta:<\/strong><\/em> Errado<\/p>\n\n\n\n<p><strong>Quest\u00e3o 78:&nbsp;<\/strong>No \u00e2mbito de compet\u00eancia&#8230;<br \/><em><strong>Resposta:<\/strong><\/em>&nbsp;Certo<\/p>\n\n\n\n<p><strong>Quest\u00e3o 79:<\/strong> As UC do grupo de prote\u00e7\u00e3o&#8230;<br \/><em><strong>Resposta:<\/strong><\/em>&nbsp;Errado<\/p>\n\n\n\n<p><strong>Quest\u00e3o 80:&nbsp;<\/strong>A partir dos princ\u00edpios&#8230;<br \/><em><strong>Resposta:<\/strong><\/em> Certo<\/p>\n\n\n\n<p><strong>Quest\u00e3o 81:<\/strong> No \u00e2mbito do PNAP&#8230;<br \/><em><strong>Resposta:<\/strong><\/em>&nbsp;Certo<\/p>\n\n\n\n<p><strong>Quest\u00e3o 82:&nbsp;<\/strong>O conselho consultivo&#8230;<br \/><em><strong>Resposta:<\/strong><\/em>&nbsp;Certo<\/p>\n\n\n\n<p><strong>Quest\u00e3o 83:&nbsp;<\/strong>Para fins de autoriza\u00e7\u00e3o&#8230;<br \/><em><strong>Resposta:<\/strong><\/em>&nbsp;Errado<\/p>\n\n\n\n<p><strong>Quest\u00e3o 84:&nbsp;<\/strong>Problemas governamentais&#8230;<br \/><em><strong>Resposta:<\/strong><\/em>&nbsp;Certo<\/p>\n\n\n\n<p><strong>Quest\u00e3o 85:&nbsp;<\/strong>A ocupa\u00e7\u00e3o primordial&#8230;<br \/><em><strong>Resposta:<\/strong><\/em>&nbsp;Errado<\/p>\n\n\n\n<p><strong>Quest\u00e3o 86:&nbsp;<\/strong>A biodiversidade da Amaz\u00f4nia&#8230;<br \/><em><strong>Resposta:<\/strong><\/em>&nbsp;Errado<\/p>\n\n\n\n<p><strong>Quest\u00e3o 87:&nbsp;<\/strong>As confer\u00eancias ambientais&#8230;<br \/><em><strong>Resposta:<\/strong><\/em> Certo<\/p>\n\n\n\n<p><strong>Quest\u00e3o 88:&nbsp;<\/strong>A alta biodiversidade&#8230;<br \/><em><strong>Resposta:<\/strong><\/em>&nbsp;Errado<\/p>\n\n\n\n<p><strong>Quest\u00e3o 89:<\/strong> O Brasil \u00e9 o pa\u00eds que det\u00e9m&#8230;<br \/><em><strong>Resposta:<\/strong><\/em>&nbsp;Certo<\/p>\n\n\n\n<p><strong>Quest\u00e3o 90:&nbsp;<\/strong>O crescente desmatamento&#8230;<br \/><em><strong>Resposta:<\/strong><\/em> Certo<\/p>\n\n\n\n<p><strong>Quest\u00e3o 91:&nbsp;<\/strong>Os per\u00edodos amaz\u00f4nicos&#8230;<br \/><em><strong>Resposta:<\/strong><\/em>&nbsp;Errado<\/p>\n\n\n\n<p><strong>Quest\u00e3o 92:<\/strong> Telemedicina &#8211; com monitoramento&#8230;<br \/><em><strong>Resposta:<\/strong><\/em>&nbsp;Certo<\/p>\n\n\n\n<p><strong>Quest\u00e3o 93:&nbsp;<\/strong>Embora a implanta\u00e7\u00e3o&#8230;<br \/><em><strong>Resposta:<\/strong><\/em>&nbsp;Errado<\/p>\n\n\n\n<p><strong>Quest\u00e3o 94:&nbsp;<\/strong>S\u00e3o instrumentos de implementa\u00e7\u00e3o&#8230;<br \/><em><strong>Resposta:<\/strong><\/em>&nbsp;Errado<\/p>\n\n\n\n<p><strong>Quest\u00e3o 95:&nbsp;<\/strong>A PNPCT tem como&#8230;<br \/><em><strong>Resposta:<\/strong><\/em>&nbsp;Certo<\/p>\n\n\n\n<p><strong>Quest\u00e3o 96:&nbsp;<\/strong>Compete \u00e0&#8230;<br \/><em><strong>Resposta:<\/strong><\/em>&nbsp;Certo<\/p>\n\n\n\n<p><strong>Quest\u00e3o 97:&nbsp;<\/strong>Devido \u00e0 suas especificidades&#8230;<br \/><em><strong>Resposta:<\/strong><\/em> Errado<\/p>\n\n\n\n<p><strong>Quest\u00e3o 98:<\/strong> Quando for necess\u00e1rio&#8230;<br \/><em><strong>Resposta:<\/strong><\/em>&nbsp;Errado<\/p>\n\n\n\n<p><strong>Quest\u00e3o 99:<\/strong> As medidas propostas&#8230;<br \/><em><strong>Resposta:<\/strong><\/em>&nbsp;Errado<\/p>\n\n\n\n<p><strong>Quest\u00e3o 100:&nbsp;<\/strong>\u00c9 preciso que os governos promovam&#8230;<br \/><em><strong>Resposta:<\/strong><\/em> Certo<\/p>\n\n\n\n<p class=\"has-text-align-center has-light-green-cyan-background-color has-background has-medium-font-size\"><strong>Saiba mais: <a href=\"https:\/\/www.estrategiaconcursos.com.br\/blog\/concurso-icmbio\" target=\"_blank\" rel=\"noreferrer noopener\">concurso ICMBio<\/a><\/strong><\/p>\n\n\n\n<h2 class=\"has-text-align-center wp-block-heading\" id=\"cursos-assinatura\">Gabarito ICMBio Analista! Confira nossos cursos!<\/h2>\n\n\n\n<div class=\"container\" id=\"boxes\">\n  <div class=\"row\">\n\n    <div class=\"col-sm\">\n      <div class=\"banner-estrategia\" id=\"box-assinatura\">\n        <h3 class=\"titulo-assinatura\">Cursos para ICMBio<\/h3>\n        <p class=\"subtitulo-assinatura\">Estude conosco<\/p>\n        <div class=\"box-botao\">\n          <a class=\"btn-assinatura\" target=\"_blank\" href=\"https:\/\/www.estrategiaconcursos.com.br\/cursosPorConcurso\/icmbio-241\/\" role=\"button\" rel=\"noopener noreferrer\">Conhe\u00e7a os cursos<\/a>\n        <\/div>\n      <\/div>\n     \n    <\/div>\n\n  <\/div>\n<\/div>\n\n\n\n<div class=\"container\" id=\"boxes\">\n  <div class=\"row\">\n\n    <div class=\"col-sm\">\n      <div class=\"estrategia\" id=\"box-assinatura\">\n        <h3 class=\"titulo-assinatura\">Assinaturas<\/h3>\n        <p class=\"subtitulo-assinatura\">Assinatura de 1 ano ou 2 anos<\/p>\n        <div class=\"box-botao\">\n          <a class=\"btn-assinatura\" target=\"_blank\" href=\"https:\/\/www.estrategiaconcursos.com.br\/assinaturas\/\" role=\"button\" rel=\"noopener noreferrer\">ASSINE AGORA<\/a>\n        <\/div>\n      <\/div>\n     \n    <\/div><\/div><\/div>\n\n\n\n<h2 class=\"has-text-align-center wp-block-heading\">Quer saber tudo sobre concursos previstos?<br \/>Confira nossos artigos!<\/h2>\n\n\n\n<ul class=\"wp-block-list\"><li><a target=\"_blank\" href=\"https:\/\/www.estrategiaconcursos.com.br\/blog\/concursos-abertos\/\" rel=\"noreferrer noopener\">Concursos abertos<\/a><\/li><li><a target=\"_blank\" href=\"https:\/\/www.estrategiaconcursos.com.br\/blog\/concursos-2022\/\" rel=\"noreferrer noopener\">Concursos 2022<\/a><\/li><\/ul>\n","protected":false},"excerpt":{"rendered":"<p>Foram realizadas neste domingo, 06 de fevereiro de 2022, as provas Objetiva e Discursiva do concurso ICMBio, cargo de Analista Ambiental, para o qual s\u00e3o ofertadas 61 vagas e sal\u00e1rio inicial de R$ 8.089,64, com exig\u00eancia de n\u00edvel superior de escolaridade. Sabemos como voc\u00ea, estrategista, est\u00e1 ansioso para conhecer seus acertos e erros. Por isso, [&hellip;]<\/p>\n","protected":false},"author":1,"featured_media":962541,"comment_status":"open","ping_status":"closed","sticky":false,"template":"","format":"standard","meta":{"post_tipo":"news","footnotes":""},"categories":[214992,220219],"tags":[],"tax_estado":[219963],"class_list":["post-962539","post","type-post","status-publish","format-standard","has-post-thumbnail","hentry","category-concursos-administrativos","category-noticias","tax_estado-concursos-federais"],"acf":[],"yoast_head":"<!-- This site is optimized with the Yoast SEO Premium plugin v27.2 (Yoast SEO v27.2) - https:\/\/yoast.com\/product\/yoast-seo-premium-wordpress\/ -->\n<title>Gabarito Extraoficial ICMBio \u2013 Cargo: Analista Ambiental<\/title>\n<meta name=\"description\" content=\"Concurso ICMBio: confira o gabarito extraoficial das provas aplicadas neste domingo (6) para Analista Ambiental. Veja no site da coruja!\" \/>\n<meta name=\"robots\" content=\"index, follow, max-snippet:-1, max-image-preview:large, max-video-preview:-1\" \/>\n<link rel=\"canonical\" href=\"https:\/\/www.estrategiaconcursos.com.br\/blog\/gabarito-extraoficial-icmbio-analista\/\" \/>\n<meta property=\"og:locale\" content=\"pt_BR\" \/>\n<meta property=\"og:type\" content=\"article\" \/>\n<meta property=\"og:title\" content=\"Gabarito Extraoficial ICMBio \u2013 Cargo: Analista Ambiental\" \/>\n<meta property=\"og:description\" content=\"Concurso ICMBio: confira o gabarito extraoficial das provas aplicadas neste domingo (6) para Analista Ambiental. Veja no site da coruja!\" \/>\n<meta property=\"og:url\" content=\"https:\/\/www.estrategiaconcursos.com.br\/blog\/gabarito-extraoficial-icmbio-analista\/\" \/>\n<meta property=\"og:site_name\" content=\"Estrat\u00e9gia Concursos\" \/>\n<meta property=\"article:author\" content=\"https:\/\/www.facebook.com\/EstrategiaConcursos\" \/>\n<meta property=\"article:published_time\" content=\"2022-02-06T15:58:26+00:00\" \/>\n<meta property=\"article:modified_time\" content=\"2022-02-06T22:04:22+00:00\" \/>\n<meta property=\"og:image\" content=\"https:\/\/dhg1h5j42swfq.cloudfront.net\/2022\/02\/06125614\/1280-720-max-14.jpg\" \/>\n\t<meta property=\"og:image:width\" content=\"1280\" \/>\n\t<meta property=\"og:image:height\" content=\"720\" \/>\n\t<meta property=\"og:image:type\" content=\"image\/jpeg\" \/>\n<meta name=\"author\" content=\"Coordena\u00e7\u00e3o\" \/>\n<meta name=\"twitter:card\" content=\"summary_large_image\" \/>\n<meta name=\"twitter:creator\" content=\"@EstratConcursos\" \/>\n<meta name=\"twitter:site\" content=\"@EstratConcursos\" \/>\n<meta name=\"twitter:label1\" content=\"Escrito por\" \/>\n\t<meta name=\"twitter:data1\" content=\"Coordena\u00e7\u00e3o\" \/>\n\t<meta name=\"twitter:label2\" content=\"Est. tempo de leitura\" \/>\n\t<meta name=\"twitter:data2\" content=\"8 minutos\" \/>\n<script type=\"application\/ld+json\" class=\"yoast-schema-graph\">{\"@context\":\"https:\/\/schema.org\",\"@graph\":[{\"@type\":\"NewsArticle\",\"@id\":\"https:\/\/www.estrategiaconcursos.com.br\/blog\/gabarito-extraoficial-icmbio-analista\/#article\",\"isPartOf\":{\"@id\":\"https:\/\/www.estrategiaconcursos.com.br\/blog\/gabarito-extraoficial-icmbio-analista\/\"},\"author\":{\"name\":\"Coordena\u00e7\u00e3o\",\"@id\":\"https:\/\/www.estrategiaconcursos.com.br\/blog\/#\/schema\/person\/b4a388c97673c5f483d72185668afa1f\"},\"headline\":\"Gabarito Extraoficial ICMBio \u2013 Cargo: Analista Ambiental\",\"datePublished\":\"2022-02-06T15:58:26+00:00\",\"dateModified\":\"2022-02-06T22:04:22+00:00\",\"mainEntityOfPage\":{\"@id\":\"https:\/\/www.estrategiaconcursos.com.br\/blog\/gabarito-extraoficial-icmbio-analista\/\"},\"wordCount\":1606,\"commentCount\":0,\"publisher\":{\"@id\":\"https:\/\/www.estrategiaconcursos.com.br\/blog\/#organization\"},\"image\":{\"@id\":\"https:\/\/www.estrategiaconcursos.com.br\/blog\/gabarito-extraoficial-icmbio-analista\/#primaryimage\"},\"thumbnailUrl\":\"https:\/\/dhg1h5j42swfq.cloudfront.net\/2022\/02\/06125614\/1280-720-max-14.jpg\",\"articleSection\":[\"Executivo (Administrativa)\",\"\u00daltimas not\u00edcias\"],\"inLanguage\":\"pt-BR\",\"potentialAction\":[{\"@type\":\"CommentAction\",\"name\":\"Comment\",\"target\":[\"https:\/\/www.estrategiaconcursos.com.br\/blog\/gabarito-extraoficial-icmbio-analista\/#respond\"]}],\"copyrightYear\":\"2022\",\"copyrightHolder\":{\"@id\":\"https:\/\/www.estrategiaconcursos.com.br\/blog\/#organization\"}},{\"@type\":\"WebPage\",\"@id\":\"https:\/\/www.estrategiaconcursos.com.br\/blog\/gabarito-extraoficial-icmbio-analista\/\",\"url\":\"https:\/\/www.estrategiaconcursos.com.br\/blog\/gabarito-extraoficial-icmbio-analista\/\",\"name\":\"Gabarito Extraoficial ICMBio \u2013 Cargo: Analista Ambiental\",\"isPartOf\":{\"@id\":\"https:\/\/www.estrategiaconcursos.com.br\/blog\/#website\"},\"primaryImageOfPage\":{\"@id\":\"https:\/\/www.estrategiaconcursos.com.br\/blog\/gabarito-extraoficial-icmbio-analista\/#primaryimage\"},\"image\":{\"@id\":\"https:\/\/www.estrategiaconcursos.com.br\/blog\/gabarito-extraoficial-icmbio-analista\/#primaryimage\"},\"thumbnailUrl\":\"https:\/\/dhg1h5j42swfq.cloudfront.net\/2022\/02\/06125614\/1280-720-max-14.jpg\",\"datePublished\":\"2022-02-06T15:58:26+00:00\",\"dateModified\":\"2022-02-06T22:04:22+00:00\",\"description\":\"Concurso ICMBio: confira o gabarito extraoficial das provas aplicadas neste domingo (6) para Analista Ambiental. Veja no site da coruja!\",\"breadcrumb\":{\"@id\":\"https:\/\/www.estrategiaconcursos.com.br\/blog\/gabarito-extraoficial-icmbio-analista\/#breadcrumb\"},\"inLanguage\":\"pt-BR\",\"potentialAction\":[{\"@type\":\"ReadAction\",\"target\":[\"https:\/\/www.estrategiaconcursos.com.br\/blog\/gabarito-extraoficial-icmbio-analista\/\"]}]},{\"@type\":\"ImageObject\",\"inLanguage\":\"pt-BR\",\"@id\":\"https:\/\/www.estrategiaconcursos.com.br\/blog\/gabarito-extraoficial-icmbio-analista\/#primaryimage\",\"url\":\"https:\/\/dhg1h5j42swfq.cloudfront.net\/2022\/02\/06125614\/1280-720-max-14.jpg\",\"contentUrl\":\"https:\/\/dhg1h5j42swfq.cloudfront.net\/2022\/02\/06125614\/1280-720-max-14.jpg\",\"width\":1280,\"height\":720},{\"@type\":\"BreadcrumbList\",\"@id\":\"https:\/\/www.estrategiaconcursos.com.br\/blog\/gabarito-extraoficial-icmbio-analista\/#breadcrumb\",\"itemListElement\":[{\"@type\":\"ListItem\",\"position\":1,\"name\":\"In\u00edcio\",\"item\":\"https:\/\/www.estrategiaconcursos.com.br\/blog\/\"},{\"@type\":\"ListItem\",\"position\":2,\"name\":\"Gabarito Extraoficial ICMBio \u2013 Cargo: Analista Ambiental\"}]},{\"@type\":\"WebSite\",\"@id\":\"https:\/\/www.estrategiaconcursos.com.br\/blog\/#website\",\"url\":\"https:\/\/www.estrategiaconcursos.com.br\/blog\/\",\"name\":\"Estrat\u00e9gia Concursos\",\"description\":\"O blog da Estrat\u00e9gia Concursos traz not\u00edcias sobre concursos e artigos de professores oferecendo cursos para concursos (pdf + videaulas) no site.\",\"publisher\":{\"@id\":\"https:\/\/www.estrategiaconcursos.com.br\/blog\/#organization\"},\"potentialAction\":[{\"@type\":\"SearchAction\",\"target\":{\"@type\":\"EntryPoint\",\"urlTemplate\":\"https:\/\/www.estrategiaconcursos.com.br\/blog\/?s={search_term_string}\"},\"query-input\":{\"@type\":\"PropertyValueSpecification\",\"valueRequired\":true,\"valueName\":\"search_term_string\"}}],\"inLanguage\":\"pt-BR\"},{\"@type\":\"Organization\",\"@id\":\"https:\/\/www.estrategiaconcursos.com.br\/blog\/#organization\",\"name\":\"Estrat\u00e9gia Concursos\",\"url\":\"https:\/\/www.estrategiaconcursos.com.br\/blog\/\",\"logo\":{\"@type\":\"ImageObject\",\"inLanguage\":\"pt-BR\",\"@id\":\"https:\/\/www.estrategiaconcursos.com.br\/blog\/#\/schema\/logo\/image\/\",\"url\":\"https:\/\/dhg1h5j42swfq.cloudfront.net\/2025\/06\/03203428\/logo_concursos-1.jpg\",\"contentUrl\":\"https:\/\/dhg1h5j42swfq.cloudfront.net\/2025\/06\/03203428\/logo_concursos-1.jpg\",\"width\":230,\"height\":60,\"caption\":\"Estrat\u00e9gia Concursos\"},\"image\":{\"@id\":\"https:\/\/www.estrategiaconcursos.com.br\/blog\/#\/schema\/logo\/image\/\"},\"sameAs\":[\"https:\/\/x.com\/EstratConcursos\"]},{\"@type\":\"Person\",\"@id\":\"https:\/\/www.estrategiaconcursos.com.br\/blog\/#\/schema\/person\/b4a388c97673c5f483d72185668afa1f\",\"name\":\"Coordena\u00e7\u00e3o\",\"image\":{\"@type\":\"ImageObject\",\"inLanguage\":\"pt-BR\",\"@id\":\"https:\/\/secure.gravatar.com\/avatar\/b720319e4c9a967eb58678d110f4fe35452fc5d5f97b202bac7b8acceb18c6ad?s=96&d=mm&r=g\",\"url\":\"https:\/\/secure.gravatar.com\/avatar\/b720319e4c9a967eb58678d110f4fe35452fc5d5f97b202bac7b8acceb18c6ad?s=96&d=mm&r=g\",\"contentUrl\":\"https:\/\/secure.gravatar.com\/avatar\/b720319e4c9a967eb58678d110f4fe35452fc5d5f97b202bac7b8acceb18c6ad?s=96&d=mm&r=g\",\"caption\":\"Coordena\u00e7\u00e3o\"},\"sameAs\":[\"https:\/\/www.facebook.com\/EstrategiaConcursos\",\"https:\/\/x.com\/EstratConcursos\"],\"url\":\"https:\/\/www.estrategiaconcursos.com.br\/blog\/author\/estrategia2013\/\"}]}<\/script>\n<!-- \/ Yoast SEO Premium plugin. -->","yoast_head_json":{"title":"Gabarito Extraoficial ICMBio \u2013 Cargo: Analista Ambiental","description":"Concurso ICMBio: confira o gabarito extraoficial das provas aplicadas neste domingo (6) para Analista Ambiental. Veja no site da coruja!","robots":{"index":"index","follow":"follow","max-snippet":"max-snippet:-1","max-image-preview":"max-image-preview:large","max-video-preview":"max-video-preview:-1"},"canonical":"https:\/\/www.estrategiaconcursos.com.br\/blog\/gabarito-extraoficial-icmbio-analista\/","og_locale":"pt_BR","og_type":"article","og_title":"Gabarito Extraoficial ICMBio \u2013 Cargo: Analista Ambiental","og_description":"Concurso ICMBio: confira o gabarito extraoficial das provas aplicadas neste domingo (6) para Analista Ambiental. Veja no site da coruja!","og_url":"https:\/\/www.estrategiaconcursos.com.br\/blog\/gabarito-extraoficial-icmbio-analista\/","og_site_name":"Estrat\u00e9gia Concursos","article_author":"https:\/\/www.facebook.com\/EstrategiaConcursos","article_published_time":"2022-02-06T15:58:26+00:00","article_modified_time":"2022-02-06T22:04:22+00:00","og_image":[{"width":1280,"height":720,"url":"https:\/\/dhg1h5j42swfq.cloudfront.net\/2022\/02\/06125614\/1280-720-max-14.jpg","type":"image\/jpeg"}],"author":"Coordena\u00e7\u00e3o","twitter_card":"summary_large_image","twitter_creator":"@EstratConcursos","twitter_site":"@EstratConcursos","twitter_misc":{"Escrito por":"Coordena\u00e7\u00e3o","Est. tempo de leitura":"8 minutos"},"schema":{"@context":"https:\/\/schema.org","@graph":[{"@type":"NewsArticle","@id":"https:\/\/www.estrategiaconcursos.com.br\/blog\/gabarito-extraoficial-icmbio-analista\/#article","isPartOf":{"@id":"https:\/\/www.estrategiaconcursos.com.br\/blog\/gabarito-extraoficial-icmbio-analista\/"},"author":{"name":"Coordena\u00e7\u00e3o","@id":"https:\/\/www.estrategiaconcursos.com.br\/blog\/#\/schema\/person\/b4a388c97673c5f483d72185668afa1f"},"headline":"Gabarito Extraoficial ICMBio \u2013 Cargo: Analista Ambiental","datePublished":"2022-02-06T15:58:26+00:00","dateModified":"2022-02-06T22:04:22+00:00","mainEntityOfPage":{"@id":"https:\/\/www.estrategiaconcursos.com.br\/blog\/gabarito-extraoficial-icmbio-analista\/"},"wordCount":1606,"commentCount":0,"publisher":{"@id":"https:\/\/www.estrategiaconcursos.com.br\/blog\/#organization"},"image":{"@id":"https:\/\/www.estrategiaconcursos.com.br\/blog\/gabarito-extraoficial-icmbio-analista\/#primaryimage"},"thumbnailUrl":"https:\/\/dhg1h5j42swfq.cloudfront.net\/2022\/02\/06125614\/1280-720-max-14.jpg","articleSection":["Executivo (Administrativa)","\u00daltimas not\u00edcias"],"inLanguage":"pt-BR","potentialAction":[{"@type":"CommentAction","name":"Comment","target":["https:\/\/www.estrategiaconcursos.com.br\/blog\/gabarito-extraoficial-icmbio-analista\/#respond"]}],"copyrightYear":"2022","copyrightHolder":{"@id":"https:\/\/www.estrategiaconcursos.com.br\/blog\/#organization"}},{"@type":"WebPage","@id":"https:\/\/www.estrategiaconcursos.com.br\/blog\/gabarito-extraoficial-icmbio-analista\/","url":"https:\/\/www.estrategiaconcursos.com.br\/blog\/gabarito-extraoficial-icmbio-analista\/","name":"Gabarito Extraoficial ICMBio \u2013 Cargo: Analista Ambiental","isPartOf":{"@id":"https:\/\/www.estrategiaconcursos.com.br\/blog\/#website"},"primaryImageOfPage":{"@id":"https:\/\/www.estrategiaconcursos.com.br\/blog\/gabarito-extraoficial-icmbio-analista\/#primaryimage"},"image":{"@id":"https:\/\/www.estrategiaconcursos.com.br\/blog\/gabarito-extraoficial-icmbio-analista\/#primaryimage"},"thumbnailUrl":"https:\/\/dhg1h5j42swfq.cloudfront.net\/2022\/02\/06125614\/1280-720-max-14.jpg","datePublished":"2022-02-06T15:58:26+00:00","dateModified":"2022-02-06T22:04:22+00:00","description":"Concurso ICMBio: confira o gabarito extraoficial das provas aplicadas neste domingo (6) para Analista Ambiental. Veja no site da coruja!","breadcrumb":{"@id":"https:\/\/www.estrategiaconcursos.com.br\/blog\/gabarito-extraoficial-icmbio-analista\/#breadcrumb"},"inLanguage":"pt-BR","potentialAction":[{"@type":"ReadAction","target":["https:\/\/www.estrategiaconcursos.com.br\/blog\/gabarito-extraoficial-icmbio-analista\/"]}]},{"@type":"ImageObject","inLanguage":"pt-BR","@id":"https:\/\/www.estrategiaconcursos.com.br\/blog\/gabarito-extraoficial-icmbio-analista\/#primaryimage","url":"https:\/\/dhg1h5j42swfq.cloudfront.net\/2022\/02\/06125614\/1280-720-max-14.jpg","contentUrl":"https:\/\/dhg1h5j42swfq.cloudfront.net\/2022\/02\/06125614\/1280-720-max-14.jpg","width":1280,"height":720},{"@type":"BreadcrumbList","@id":"https:\/\/www.estrategiaconcursos.com.br\/blog\/gabarito-extraoficial-icmbio-analista\/#breadcrumb","itemListElement":[{"@type":"ListItem","position":1,"name":"In\u00edcio","item":"https:\/\/www.estrategiaconcursos.com.br\/blog\/"},{"@type":"ListItem","position":2,"name":"Gabarito Extraoficial ICMBio \u2013 Cargo: Analista Ambiental"}]},{"@type":"WebSite","@id":"https:\/\/www.estrategiaconcursos.com.br\/blog\/#website","url":"https:\/\/www.estrategiaconcursos.com.br\/blog\/","name":"Estrat\u00e9gia Concursos","description":"O blog da Estrat\u00e9gia Concursos traz not\u00edcias sobre concursos e artigos de professores oferecendo cursos para concursos (pdf + videaulas) no site.","publisher":{"@id":"https:\/\/www.estrategiaconcursos.com.br\/blog\/#organization"},"potentialAction":[{"@type":"SearchAction","target":{"@type":"EntryPoint","urlTemplate":"https:\/\/www.estrategiaconcursos.com.br\/blog\/?s={search_term_string}"},"query-input":{"@type":"PropertyValueSpecification","valueRequired":true,"valueName":"search_term_string"}}],"inLanguage":"pt-BR"},{"@type":"Organization","@id":"https:\/\/www.estrategiaconcursos.com.br\/blog\/#organization","name":"Estrat\u00e9gia Concursos","url":"https:\/\/www.estrategiaconcursos.com.br\/blog\/","logo":{"@type":"ImageObject","inLanguage":"pt-BR","@id":"https:\/\/www.estrategiaconcursos.com.br\/blog\/#\/schema\/logo\/image\/","url":"https:\/\/dhg1h5j42swfq.cloudfront.net\/2025\/06\/03203428\/logo_concursos-1.jpg","contentUrl":"https:\/\/dhg1h5j42swfq.cloudfront.net\/2025\/06\/03203428\/logo_concursos-1.jpg","width":230,"height":60,"caption":"Estrat\u00e9gia Concursos"},"image":{"@id":"https:\/\/www.estrategiaconcursos.com.br\/blog\/#\/schema\/logo\/image\/"},"sameAs":["https:\/\/x.com\/EstratConcursos"]},{"@type":"Person","@id":"https:\/\/www.estrategiaconcursos.com.br\/blog\/#\/schema\/person\/b4a388c97673c5f483d72185668afa1f","name":"Coordena\u00e7\u00e3o","image":{"@type":"ImageObject","inLanguage":"pt-BR","@id":"https:\/\/secure.gravatar.com\/avatar\/b720319e4c9a967eb58678d110f4fe35452fc5d5f97b202bac7b8acceb18c6ad?s=96&d=mm&r=g","url":"https:\/\/secure.gravatar.com\/avatar\/b720319e4c9a967eb58678d110f4fe35452fc5d5f97b202bac7b8acceb18c6ad?s=96&d=mm&r=g","contentUrl":"https:\/\/secure.gravatar.com\/avatar\/b720319e4c9a967eb58678d110f4fe35452fc5d5f97b202bac7b8acceb18c6ad?s=96&d=mm&r=g","caption":"Coordena\u00e7\u00e3o"},"sameAs":["https:\/\/www.facebook.com\/EstrategiaConcursos","https:\/\/x.com\/EstratConcursos"],"url":"https:\/\/www.estrategiaconcursos.com.br\/blog\/author\/estrategia2013\/"}]}},"_links":{"self":[{"href":"https:\/\/www.estrategiaconcursos.com.br\/blog\/wp-json\/wp\/v2\/posts\/962539","targetHints":{"allow":["GET"]}}],"collection":[{"href":"https:\/\/www.estrategiaconcursos.com.br\/blog\/wp-json\/wp\/v2\/posts"}],"about":[{"href":"https:\/\/www.estrategiaconcursos.com.br\/blog\/wp-json\/wp\/v2\/types\/post"}],"author":[{"embeddable":true,"href":"https:\/\/www.estrategiaconcursos.com.br\/blog\/wp-json\/wp\/v2\/users\/1"}],"replies":[{"embeddable":true,"href":"https:\/\/www.estrategiaconcursos.com.br\/blog\/wp-json\/wp\/v2\/comments?post=962539"}],"version-history":[{"count":31,"href":"https:\/\/www.estrategiaconcursos.com.br\/blog\/wp-json\/wp\/v2\/posts\/962539\/revisions"}],"predecessor-version":[{"id":962727,"href":"https:\/\/www.estrategiaconcursos.com.br\/blog\/wp-json\/wp\/v2\/posts\/962539\/revisions\/962727"}],"wp:featuredmedia":[{"embeddable":true,"href":"https:\/\/www.estrategiaconcursos.com.br\/blog\/wp-json\/wp\/v2\/media\/962541"}],"wp:attachment":[{"href":"https:\/\/www.estrategiaconcursos.com.br\/blog\/wp-json\/wp\/v2\/media?parent=962539"}],"wp:term":[{"taxonomy":"category","embeddable":true,"href":"https:\/\/www.estrategiaconcursos.com.br\/blog\/wp-json\/wp\/v2\/categories?post=962539"},{"taxonomy":"post_tag","embeddable":true,"href":"https:\/\/www.estrategiaconcursos.com.br\/blog\/wp-json\/wp\/v2\/tags?post=962539"},{"taxonomy":"tax_estado","embeddable":true,"href":"https:\/\/www.estrategiaconcursos.com.br\/blog\/wp-json\/wp\/v2\/tax_estado?post=962539"}],"curies":[{"name":"wp","href":"https:\/\/api.w.org\/{rel}","templated":true}]}}