{"id":962398,"date":"2022-02-06T08:30:00","date_gmt":"2022-02-06T11:30:00","guid":{"rendered":"https:\/\/www.estrategiaconcursos.com.br\/blog\/?p=962398"},"modified":"2023-06-06T10:07:15","modified_gmt":"2023-06-06T13:07:15","slug":"gabarito-extraoficial-procurador-pge-ro","status":"publish","type":"post","link":"https:\/\/www.estrategiaconcursos.com.br\/blog\/gabarito-extraoficial-procurador-pge-ro\/","title":{"rendered":"Gabarito Extraoficial: Procurador PGE RO"},"content":{"rendered":"\n<p>Neste domingo, 06 de fevereiro, foram aplicadas as <strong>provas do concurso PGE RO Procurador.&nbsp;<\/strong>As avalia\u00e7\u00f5es tiveram a dura\u00e7\u00e3o total de 5 horas, com in\u00edcio \u00e0s 14h (hor\u00e1rio de Bras\u00edlia).<\/p>\n\n\n\n<p>Com o objetivo de ajudar a diminuir um pouco a ansiedade de saber se foi bem ou n\u00e3o em um concurso t\u00e3o visado e importante,&nbsp;<strong>nossos professores realizaram a corre\u00e7\u00e3o, dando o<\/strong>&nbsp;<strong>gabarito extraoficial da prova da PGE RO Procurador<\/strong>.<\/p>\n\n\n\n<p>Portanto, confira, antecipadamente, seu desempenho e ainda receba dicas de recursos (se houver necessidade, claro!). Lembrando que o&nbsp;gabarito oficial preliminar ser\u00e1 publicado pela <a href=\"https:\/\/www.cebraspe.org.br\/concursos\/pge_ro_21\" target=\"_blank\" rel=\"noreferrer noopener\">Cebraspe<\/a>. <\/p>\n\n\n\n<h2 class=\"wp-block-heading\" id=\"h-participe-do-ranking-gabarito-extraoficial-pge-ro-procurador\">Participe do Ranking Gabarito Extraoficial  PGE RO Procurador <\/h2>\n\n\n\n<p class=\"has-text-align-center has-cyan-bluish-gray-background-color has-background\" style=\"font-size:clamp(14px, 0.875rem + ((1vw - 3.2px) * 0.392), 18px);\"><strong><a href=\"https:\/\/docs.google.com\/forms\/d\/e\/1FAIpQLSfSbXWsum5lLNvBO_H4uWB-MckdZi-39AnPpFjCt_LqX15Yxg\/viewform\" target=\"_blank\" rel=\"noreferrer noopener nofollow\">Preencha o gabarito eletr\u00f4nico<\/a><\/strong><\/p>\n\n\n\n<p class=\"has-text-align-center has-cyan-bluish-gray-background-color has-background\" style=\"font-size:clamp(14px, 0.875rem + ((1vw - 3.2px) * 0.392), 18px);\"><strong><a href=\"https:\/\/docs.google.com\/spreadsheets\/d\/11S65s3byiA8h9dD3Ih-MbxSxs3nfuFKZYwXINSBBRTg\/edit#gid=569530903\" target=\"_blank\" rel=\"noreferrer noopener nofollow\">Ranking Gabarito Extraoficial PGE RO Procurador<\/a><\/strong><\/p>\n\n\n\n<h3 class=\"wp-block-heading\">Contaremos com os seguintes professores:<\/h3>\n\n\n\n<ul class=\"wp-block-list\">\n<li>\u00c2ncora &#8211; Igor Maciel<\/li>\n\n\n\n<li>Direito Administrativo &#8211; Rodolfo Pena<\/li>\n\n\n\n<li>Legisla\u00e7\u00e3o Local &#8211; Bruno Betti<\/li>\n\n\n\n<li>Direito Agr\u00e1rio e Ambiental &#8211; Thiago Leite<\/li>\n\n\n\n<li>Direito Civil &#8211; Paulo Sousa<\/li>\n\n\n\n<li>Direitos Humanos &#8211; Rafael Barreto<\/li>\n\n\n\n<li>Direito Constitucional &#8211; Marcel Torres<\/li>\n\n\n\n<li>Direito do Trabalho e Processo do Trabalho &#8211; Lucas Pessoa<\/li>\n\n\n\n<li>Direito Previdenci\u00e1rio &#8211; Felipe Cavalcante<\/li>\n\n\n\n<li>Direito Empresarial &#8211; Alessandro Sanchez<\/li>\n\n\n\n<li>Direito Processual Civil &#8211; Josias Barcelos<\/li>\n\n\n\n<li>Direito Tribut\u00e1rio &#8211; Michael de Jesus<\/li>\n\n\n\n<li>Direito Financeiro e Econ\u00f4mico &#8211; Vanessa Arns<\/li>\n\n\n\n<li>Conhecimentos Gerais de Hist\u00f3ria e Geografia de Rond\u00f4nia &#8211; S\u00e9rgio Henrique<\/li>\n<\/ul>\n\n\n\n<h2 class=\"wp-block-heading\" id=\"h-correcao-e-gabarito-extraoficial-pge-ro-procurador\"><a href=\"https:\/\/youtu.be\/gf3OhV2vRoU\" target=\"_blank\" rel=\"noreferrer noopener\">Corre\u00e7\u00e3o e Gabarito Extraoficial: PGE RO Procurador <\/a><\/h2>\n\n\n\n<h3 class=\"wp-block-heading\" id=\"h-gabarito-extraoficial-pge-ro-procurador\">Gabarito extraoficial: PGE RO Procurador<\/h3>\n\n\n\n<p>Abaixo, voc\u00ea confere os gabaritos das quest\u00f5es corrigidas pelos nossos professores. Como existem v\u00e1rios tipos de provas, voc\u00ea pode conferindo o in\u00edcio da quest\u00e3o e resposta.<\/p>\n\n\n\n<h4 class=\"wp-block-heading\">Tipo de prova &#8211; frase: \u00c9 penoso o caminho que conduz ao cume da gl\u00f3ria.<\/h4>\n\n\n\n<p><strong>Quest\u00e3o 1:<\/strong>&nbsp;O art. 37 da Constitui\u00e7\u00e3o Federal de 1988&#8230;<br \/><strong><em>Resposta:<\/em><\/strong> C &#8211; contida.<\/p>\n\n\n\n<p><strong>Quest\u00e3o 2:<\/strong>&nbsp;Acerca da representa\u00e7\u00e3o judicial e administrativa&#8230;<br \/><strong><em>Resposta:<\/em><\/strong> A &#8211; Apenas o item I est\u00e1 certo.<\/p>\n\n\n\n<p>Item I: certo &#8211; Art. 106 da CE.<br \/>Item II: errado &#8211; art. 104, \u00a7 10.<br \/>Item III: errado &#8211; art. 104, \u00a7 1\u00ba &#8211; est\u00e1vel em exerc\u00edcio.<\/p>\n\n\n\n<p><strong>Quest\u00e3o 3:<\/strong>&nbsp;Suponha que a assembleia legislativa de determinado&#8230;<br \/><strong><em>Resposta:<\/em><\/strong> E &#8211; correta, se lei complementar federal autorizar&#8230;<\/p>\n\n\n\n<p><strong>Quest\u00e3o 4:<\/strong>&nbsp;A a\u00e7\u00e3o direta de constitucionalidade \u00e9 a\u00e7\u00e3o de controle&#8230;<br \/><strong><em>Resposta:<\/em><\/strong> C &#8211; concentrado cuja decis\u00e3o definitiva de m\u00e9rito&#8230;<\/p>\n\n\n\n<p><strong>Quest\u00e3o 5:<\/strong>&nbsp;Jo\u00e3o, Lucas e Maria pretendem impugnar&#8230;<br \/><strong><em>Resposta:<\/em><\/strong> A &#8211; podem impetrar mandado de seguran\u00e7a individual&#8230;<\/p>\n\n\n\n<p><strong>Quest\u00e3o 6:<\/strong>&nbsp;Quando determinado estado da Federa\u00e7\u00e3o elabora&#8230;<br \/><strong><em>Resposta:<\/em><\/strong> E &#8211; poder constituinte derivado decorrente.<\/p>\n\n\n\n<p><strong>Quest\u00e3o 7:<\/strong>&nbsp;Acerca dos direitos sociais&#8230;<br \/><strong><em>Resposta:<\/em><\/strong> E &#8211; S\u00e3o crimes de responsabilidade os atos do presidente&#8230;<\/p>\n\n\n\n<p><strong>Quest\u00e3o 8:<\/strong>&nbsp;Acerca do sistema tribut\u00e1rio, das limita\u00e7\u00f5es do poder&#8230;<br \/><strong><em>Resposta:<\/em><\/strong> A &#8211; Apenas o item I est\u00e1 certo.<\/p>\n\n\n\n<p><strong>Quest\u00e3o 9:<\/strong>&nbsp;Acerca da pol\u00edtica nacional de direito humanos&#8230;<br \/><strong><em>Resposta:<\/em><\/strong> E &#8211; Apenas o item IV est\u00e1 certo.<\/p>\n\n\n\n<p><strong>Quest\u00e3o 10:<\/strong>&nbsp;Acerca de universalismo e relativismo cultural&#8230;<br \/><strong><em>Resposta:<\/em><\/strong> E &#8211; Boaventura de Sousa Santos prop\u00f5e&#8230;<\/p>\n\n\n\n<p><strong>Quest\u00e3o 11:<\/strong>&nbsp;Acerca do sistema interamericano de direitos humanos&#8230;<br \/><strong><em>Resposta:<\/em><\/strong> A &#8211; O Estado brasileiro, em raz\u00e3o de reserva, admitiu&#8230;<\/p>\n\n\n\n<p><strong>Quest\u00e3o 12:<\/strong>&nbsp;Acerca da conven\u00e7\u00e3o sobre a elimina\u00e7\u00e3o de todas&#8230;<br \/><strong><em>Resposta:<\/em><\/strong> E &#8211; Qualquer controv\u00e9rsia entre dois ou mais&#8230;<\/p>\n\n\n\n<p><strong>Quest\u00e3o 13:<\/strong>&nbsp;Acerca de mecanismo unilateral e mecanismo institucional&#8230;<br \/><strong><em>Resposta:<\/em><\/strong> D &#8211; O sistema interamericano de prote\u00e7\u00e3o&#8230;<\/p>\n\n\n\n<p><strong>Quest\u00e3o 14:<\/strong>&nbsp;Acerca de empresas e direitos humanos&#8230;<br \/><strong><em>Resposta:<\/em><\/strong> A &#8211; Os tr\u00eas pilares dos princ\u00edpios orientadores&#8230;<\/p>\n\n\n\n<p><strong>Quest\u00e3o 15:<\/strong>&nbsp;Acerca da Constitui\u00e7\u00e3o brasileira e dos tratados&#8230;<br \/><strong><em>Resposta:<\/em><\/strong> C &#8211; A Emenda Constitucional n\u00ba 45\/2004.<\/p>\n\n\n\n<p><strong>Quest\u00e3o 16:<\/strong>&nbsp;O poder p\u00fablico decidiu desapropriar&#8230;<br \/><strong><em>Resposta:<\/em><\/strong> C &#8211; dever\u00e1 indenizar a obra descrita&#8230;<\/p>\n\n\n\n<p><strong>Quest\u00e3o 17:<\/strong>&nbsp;Determinado servidor p\u00fablico constatou&#8230;<br \/><strong><em>Resposta:<\/em><\/strong> E &#8211; \u00e9 devida a exig\u00eancia de devolu\u00e7\u00e3o dos valores pagos&#8230;<\/p>\n\n\n\n<p><strong>Quest\u00e3o 18:<\/strong>&nbsp;Determinado gestor p\u00fablico se defrontou com uma emerg\u00eancia&#8230;<br \/><strong><em>Resposta:<\/em><\/strong> C &#8211; promover a contrata\u00e7\u00e3o direta, por dispensa&#8230;<\/p>\n\n\n\n<p><strong>Quest\u00e3o 19:<\/strong>&nbsp;No \u00e2mbito da administra\u00e7\u00e3o p\u00fablica federal, \u00e9 necess\u00e1rio&#8230;<br \/><strong><em>Resposta:<\/em><\/strong> E &#8211; Poder\u00e3o habilitar-se a participar da decis\u00e3o&#8230;<\/p>\n\n\n\n<p><strong>Quest\u00e3o 20:<\/strong>&nbsp;Determinada entidade da sociedade civil sem fins&#8230;<br \/><strong><em>Resposta:<\/em><\/strong> E &#8211; \u00c9 vedado condicionar a realiza\u00e7\u00e3o de chamamento&#8230;<\/p>\n\n\n\n<p><strong>Quest\u00e3o 21:<\/strong>&nbsp;Com base na Lei n\u00ba 13.655\/2018, que incluiu, na Lei de Introdu\u00e7\u00e3o&#8230;<br \/><strong><em>Resposta:<\/em><\/strong> D &#8211; A decis\u00e3o administrativa, controladora ou judicial que estabelecer&#8230;<\/p>\n\n\n\n<p><strong>Quest\u00e3o 22:<\/strong>&nbsp;Um promotor de justi\u00e7a, depois de ter recebido&#8230;<br \/><strong><em>Resposta:<\/em><\/strong> D &#8211; n\u00e3o configura nenhuma das hip\u00f3teses&#8230;<\/p>\n\n\n\n<p><strong>Quest\u00e3o 23:<\/strong>&nbsp;Determinado poder p\u00fablico municipal&#8230;<br \/><strong><em>Resposta:<\/em><\/strong> A &#8211; realizar a interven\u00e7\u00e3o na concess\u00e3o, por meio de decreto&#8230;<\/p>\n\n\n\n<p><strong>Quest\u00e3o 24:<\/strong>&nbsp;Acerca do direito econ\u00f4mico e da atua\u00e7\u00e3o&#8230;<br \/><strong><em>Resposta:<\/em><\/strong> A &#8211; Subjetivamente, a ordem&#8230;<\/p>\n\n\n\n<p><strong>Quest\u00e3o 25:<\/strong>&nbsp;A respeito dos valores e princ\u00edpios&#8230;<br \/><strong><em>Resposta:<\/em><\/strong> C &#8211; A fun\u00e7\u00e3o social da propriedade&#8230;<\/p>\n\n\n\n<p><strong>Quest\u00e3o 26:<\/strong>&nbsp;Assinale a op\u00e7\u00e3o que apresenta o princ\u00edpio que informa&#8230;<br \/><strong><em>Resposta:<\/em><\/strong> C &#8211; democracia econ\u00f4mica.<\/p>\n\n\n\n<p><strong>Quest\u00e3o 27:<\/strong>&nbsp;\u00c9 defeso ao agente privado:<br \/><strong><em>Resposta:<\/em><\/strong> B &#8211; praticar mecanismos que possam&#8230;<\/p>\n\n\n\n<p><strong>Quest\u00e3o 28:<\/strong>&nbsp;Constitui infra\u00e7\u00e3o \u00e0 ordem econ\u00f4mica:<br \/><strong><em>Resposta:<\/em><\/strong> D &#8211; cessar parcial ou totalmente&#8230;<\/p>\n\n\n\n<p><strong>Quest\u00e3o 29:<\/strong>&nbsp;A respeito dos atos de concentra\u00e7\u00e3o&#8230;<br \/><strong><em>Resposta:<\/em><\/strong> B &#8211; O Tribunal poder\u00e1 avocar&#8230;<\/p>\n\n\n\n<p><strong>Quest\u00e3o 30:<\/strong>&nbsp;No que se refere \u00e0 economia comportamental&#8230;<br \/><strong><em>Resposta:<\/em><\/strong> C &#8211; Nudge \u00e9 uma arquitetura de escolhas&#8230;<\/p>\n\n\n\n<p>Pass\u00edvel de anula\u00e7\u00e3o.<\/p>\n\n\n\n<p><strong>Quest\u00e3o 31:<\/strong>&nbsp;Com base no sistema de rating bidimensional&#8230;<br \/><strong><em>Resposta:<\/em><\/strong> A &#8211; irrecuper\u00e1vel.<\/p>\n\n\n\n<p>Art. 14, IV.<\/p>\n\n\n\n<p><strong>Quest\u00e3o 32:<\/strong>&nbsp;Considere que um contribuinte, devedor de cr\u00e9dito&#8230;<br \/><strong><em>Resposta:<\/em><\/strong> D &#8211; a exigibilidade do cr\u00e9dito&#8230;<\/p>\n\n\n\n<p><strong>Quest\u00e3o 33:<\/strong>&nbsp;Um dos princ\u00edpios basilares do direito tribut\u00e1rio&#8230;<br \/><strong><em>Resposta:<\/em><\/strong> B &#8211; da capacidade contributiva.<\/p>\n\n\n\n<p><strong>Quest\u00e3o 34:<\/strong>&nbsp;A regra tribut\u00e1ria segundo a qual s\u00e3o vedadas&#8230;<br \/><strong><em>Resposta:<\/em><\/strong> B- imunidade.<\/p>\n\n\n\n<p><strong>Quest\u00e3o 35:<\/strong>&nbsp;O C\u00f3digo Tribut\u00e1rio Nacional (CTN), ao apresentar&#8230;<br \/><strong><em>Resposta:<\/em><\/strong> B &#8211; o empr\u00e9stimo compuls\u00f3rio e as contribui\u00e7\u00f5es sociais.<\/p>\n\n\n\n<p><strong>Quest\u00e3o 36:<\/strong>&nbsp;Uma pessoa jur\u00eddica recebeu um mandado de cita\u00e7\u00e3o&#8230;<br \/><strong><em>Resposta:<\/em><\/strong> D &#8211; da efetiva intima\u00e7\u00e3o&#8230;<\/p>\n\n\n\n<p><strong>Quest\u00e3o 37:<\/strong>&nbsp;De acordo com o que prev\u00ea a legisla\u00e7\u00e3o do estado&#8230;<br \/><strong><em>Resposta:<\/em><\/strong> C &#8211; O diferimento ocorre nos casos em que o lan\u00e7amento&#8230;<\/p>\n\n\n\n<p>Art. 7\u00ba e 8\u00ba do Regulamento ICMS.<\/p>\n\n\n\n<p><strong>Quest\u00e3o 38:<\/strong>&nbsp;Em se tratando de empresa dedicada ao com\u00e9rcio&#8230;<br \/><strong><em>Resposta:<\/em><\/strong> E &#8211; IRPJ, CSLL, ICMS&#8230;<\/p>\n\n\n\n<p><strong>Quest\u00e3o 39:<\/strong>&nbsp;Lei estadual que vincule 60% do produto da arrecada\u00e7\u00e3o&#8230;<br \/><strong><em>Resposta:<\/em><\/strong> B &#8211; inconstitucional, porque o estado n\u00e3o pode&#8230;<\/p>\n\n\n\n<p><strong>Quest\u00e3o 40:<\/strong>&nbsp;A lei de diretrizes or\u00e7ament\u00e1rias:<br \/><strong><em>Resposta:<\/em><\/strong> E &#8211; Todos os itens est\u00e3o certos.<\/p>\n\n\n\n<p><strong>Quest\u00e3o 41:<\/strong>&nbsp;Segundo a Lei de Responsabilidade Fiscal, a gera\u00e7\u00e3o&#8230;<br \/><strong><em>Resposta:<\/em><\/strong> C &#8211; n\u00e3o autorizadas&#8230;<\/p>\n\n\n\n<p><strong>Quest\u00e3o 42:<\/strong>&nbsp;Tramitou pela Assembleia Legislativa de Rond\u00f4nia&#8230;<br \/><strong><em>Resposta:<\/em><\/strong> D &#8211; materialmente inconstitucional&#8230;<\/p>\n\n\n\n<p><strong>Quest\u00e3o 43:<\/strong>&nbsp;Relativamente \u00e0 disciplina constitucional dos precat\u00f3rios&#8230;<br \/><strong><em>Resposta:<\/em><\/strong> D &#8211; Leis pr\u00f3prias poder\u00e3o fixar&#8230;<\/p>\n\n\n\n<p><strong>Quest\u00e3o 44:<\/strong>&nbsp;A Emenda Constitucional n\u00ba 109\/2021&#8230;<br \/><strong><em>Resposta:<\/em><\/strong> A &#8211; obrigat\u00f3ria para o respectivo estado, al\u00e9m de&#8230;<\/p>\n\n\n\n<p><strong>Quest\u00e3o 45:<\/strong>&nbsp;Para o c\u00f4mputo da despesa total com pessoal&#8230;<br \/><strong><em>Resposta:<\/em><\/strong> C &#8211; somente com inativos&#8230;<\/p>\n\n\n\n<p><strong>Quest\u00e3o 46:<\/strong>&nbsp;Segundo a Lei de Introdu\u00e7\u00e3o \u00e0s Normas do Direito&#8230;<br \/><strong><em>Resposta:<\/em><\/strong> A &#8211; 45 dias em todo o pa\u00eds&#8230;<\/p>\n\n\n\n<p><strong>Quest\u00e3o 47:<\/strong>&nbsp;Quanto ao alcance da efic\u00e1cia&#8230;<br \/><strong><em>Resposta:<\/em><\/strong> B &#8211; absoluto.<\/p>\n\n\n\n<p><strong>Quest\u00e3o 48:<\/strong>&nbsp;O atributo da pessoa natural, conferido&#8230;<br \/><strong><em>Resposta:<\/em><\/strong> C &#8211; capacidade.<\/p>\n\n\n\n<p><strong>Quest\u00e3o 49:<\/strong>&nbsp;Uma sociedade empres\u00e1ria que estava sediada em territ\u00f3rio nacional&#8230;<br \/><strong><em>Resposta:<\/em><\/strong> E &#8211; tanto o endere\u00e7o Y quanto o endere\u00e7o Z&#8230;<\/p>\n\n\n\n<p><strong>Quest\u00e3o 50:<\/strong>&nbsp;De acordo com o C\u00f3digo Civil, o neg\u00f3cio jur\u00eddico&#8230;<br \/><strong><em>Resposta:<\/em><\/strong> A &#8211; v\u00edcio resultante de coa\u00e7\u00e3o.<\/p>\n\n\n\n<p><strong>Quest\u00e3o 51:<\/strong>&nbsp;Decorridos dois ter\u00e7os do prazo prescricional&#8230;<br \/><strong><em>Resposta:<\/em><\/strong> A &#8211; 1 ano.<\/p>\n\n\n\n<p><strong>Quest\u00e3o 52:<\/strong>&nbsp;Nas obriga\u00e7\u00f5es de restituir&#8230;<br \/><strong><em>Resposta:<\/em><\/strong> C &#8211; devedor da obriga\u00e7\u00e3o de restituir&#8230;<\/p>\n\n\n\n<p><strong>Quest\u00e3o 53:<\/strong>&nbsp;De acordo com o C\u00f3digo de Defesa do Consumidor<br \/> <strong><em>Resposta:<\/em><\/strong> D &#8211; 7 dias ap\u00f3s a reserva, sem ressalvas.<\/p>\n\n\n\n<p><strong>Quest\u00e3o 54:<\/strong>&nbsp;Segundo a Lei Complementar n\u00ba 123\/2006&#8230;<br \/><strong><em>Resposta:<\/em><\/strong> E &#8211; a SPE seja constitu\u00edda sob a forma de sociedade limitada.<\/p>\n\n\n\n<p>A quest\u00e3o versa sobre as sociedades de prop\u00f3sito espec\u00edfico constitu\u00eddas na forma de microempresas. A alternativa &#8220;E&#8221; deve ser assinalada, j\u00e1 que \u00e9 exig\u00eancia que a sua constitui\u00e7\u00e3o se d\u00ea na forma de sociedade limitada, segundo o art. 56, \u00a7 2\u00ba, VII, da Lei Complementar n\u00ba 123\/2006.<\/p>\n\n\n\n<p><strong>Quest\u00e3o 55:<\/strong>&nbsp;A respeito da responsabilidade civil&#8230;<br \/><strong><em>Resposta:<\/em><\/strong> A &#8211; Apenas o item I est\u00e1 certo. <\/p>\n\n\n\n<p><strong>Quest\u00e3o 56:<\/strong>&nbsp;Marta protocolou a\u00e7\u00e3o junto ao judici\u00e1rio&#8230;<br \/><strong><em>Resposta:<\/em><\/strong> A &#8211; poder\u00e1 se valer da hipoteca judici\u00e1ria&#8230;<\/p>\n\n\n\n<p><strong>Quest\u00e3o 57:<\/strong>&nbsp;Com rela\u00e7\u00e3o a a\u00e7\u00e3o popular, a\u00e7\u00e3o civil p\u00fablica&#8230;<br \/><strong><em>Resposta:<\/em><\/strong> B &#8211; Na a\u00e7\u00e3o popular, faculta-se a qualquer&#8230;<\/p>\n\n\n\n<p><strong>Quest\u00e3o 58:<\/strong>&nbsp;Marcos, sujeito plenamente capaz&#8230;<br \/><strong><em>Resposta:<\/em><\/strong> E &#8211; n\u00e3o \u00e9 cab\u00edvel a prova pericial&#8230;<\/p>\n\n\n\n<p><strong>Quest\u00e3o 59:<\/strong>&nbsp;Joana protocolou a\u00e7\u00e3o requerendo a condena\u00e7\u00e3o&#8230;<br \/><strong><em>Resposta:<\/em><\/strong> C &#8211; se a a\u00e7\u00e3o proposta por Joana apresenta&#8230;<\/p>\n\n\n\n<p><strong>Quest\u00e3o 60:<\/strong>&nbsp;Do ponto de vista probat\u00f3rio, a audi\u00eancia de instru\u00e7\u00e3o&#8230;<br \/><strong><em>Resposta:<\/em><\/strong> E &#8211; A audi\u00eancia de instru\u00e7\u00e3o e julgamento&#8230;<\/p>\n\n\n\n<p><strong>Quest\u00e3o 61:<\/strong>&nbsp;Com rela\u00e7\u00e3o ao processo judicial eletr\u00f4nico&#8230;<br \/><strong><em>Resposta:<\/em><\/strong> D &#8211; A publica\u00e7\u00e3o eletr\u00f4nica, desde que feita&#8230;<\/p>\n\n\n\n<p><strong>Quest\u00e3o 62:<\/strong>&nbsp;Rita, servidora municipal alocada na secretaria de sa\u00fade&#8230;<br \/><strong><em>Resposta:<\/em><\/strong> D &#8211; o munic\u00edpio Alpha.<\/p>\n\n\n\n<p><strong>Quest\u00e3o 63:<\/strong>&nbsp;Ricardo emprestou a t\u00edtulo gratuito a quantia&#8230;<br \/><strong><em>Resposta:<\/em><\/strong> E &#8211; ainda que o Gabriel n\u00e3o figure no polo passivo&#8230;<\/p>\n\n\n\n<p><strong>Quest\u00e3o 64:<\/strong>&nbsp;Vanessa e Juliana firmaram contrato de compra e venda&#8230;<br \/><strong><em>Resposta:<\/em><\/strong> E &#8211; notificada da consigna\u00e7\u00e3o extrajudicial&#8230;<\/p>\n\n\n\n<p><strong>Quest\u00e3o 65:<\/strong>&nbsp;Em decorr\u00eancia de uma senten\u00e7a oriunda de a\u00e7\u00e3o de cobran\u00e7a&#8230;<br \/><strong><em>Resposta:<\/em><\/strong> D &#8211; correta, pois a lei ou o dispositivo&#8230;<\/p>\n\n\n\n<p><strong>Quest\u00e3o 66:<\/strong>&nbsp;Acerca dos agentes p\u00fablicos e de assuntos correlatos&#8230;<br \/><strong><em>Resposta:<\/em><\/strong>  <\/p>\n\n\n\n<p><strong>Quest\u00e3o 67:<\/strong>&nbsp;A estabilidade \u00e9 o direito de perman\u00eancia no servi\u00e7o p\u00fablico&#8230;<br \/><strong><em>Resposta:<\/em><\/strong>  <\/p>\n\n\n\n<p><strong>Quest\u00e3o 68:<\/strong>&nbsp;Aprovado em concurso p\u00fablico e devidamente investido&#8230;<br \/><strong><em>Resposta:<\/em><\/strong>  <\/p>\n\n\n\n<p><strong>Quest\u00e3o 69:<\/strong>&nbsp;Com base na legisla\u00e7\u00e3o federal e no Regime Jur\u00eddico dos Servidores&#8230;<br \/><strong><em>Resposta:<\/em><\/strong> C &#8211; O servidor que esteja cursando sua primeira gradua\u00e7\u00e3o&#8230;<\/p>\n\n\n\n<p>Art. 57 do Estatuto dos Servidores.<\/p>\n\n\n\n<p><strong>Quest\u00e3o 70:<\/strong>&nbsp;Acerca dos direitos e obriga\u00e7\u00f5es do servidor&#8230;<br \/><strong><em>Resposta:<\/em><\/strong> C &#8211; Servidora que seja curadora de pessoa com defici\u00eancia&#8230;<\/p>\n\n\n\n<p>Art. 277 do Estatuto dos Servidores. <\/p>\n\n\n\n<p><strong>Quest\u00e3o 71:<\/strong>&nbsp;Assinale a op\u00e7\u00e3o correta, com base nos dispositivos&#8230;<br \/><strong><em>Resposta:<\/em><\/strong> C &#8211; Entre os objetivos da seguridade social&#8230;<\/p>\n\n\n\n<p><strong>Quest\u00e3o 72:<\/strong>&nbsp;Julgue os itens a seguir, com base na jurisprud\u00eancia&#8230;<br \/><strong><em>Resposta:<\/em><\/strong> E &#8211; Todos os itens est\u00e3o certos.<\/p>\n\n\n\n<p><strong>Quest\u00e3o 73:<\/strong>&nbsp;Entre as pessoas que exercem atividade obrigatoriamente&#8230;<br \/><strong><em>Resposta:<\/em><\/strong> B &#8211; empregado.<\/p>\n\n\n\n<p><strong>Quest\u00e3o 74:<\/strong>&nbsp;A partir da Emenda Constitucional n\u00ba 103\/2019&#8230;<br \/><strong><em>Resposta:<\/em><\/strong> D &#8211; por incapacidade permanente para o trabalho&#8230;<\/p>\n\n\n\n<p><strong>Quest\u00e3o 75:<\/strong>&nbsp;A Emenda \u00e0 Constitui\u00e7\u00e3o do Estado de Rond\u00f4nia&#8230;<br \/><strong><em>Resposta:<\/em><\/strong> E &#8211; procuradores de estado e dos membros do Minist\u00e9rio&#8230;<\/p>\n\n\n\n<p>Art. 250, \u00a7 17, do Estatuto dos Servidores.<\/p>\n\n\n\n<p><strong>Quest\u00e3o 76:<\/strong>&nbsp;A respeito das f\u00e9rias&#8230;<br \/><strong><em>Resposta:<\/em><\/strong> D &#8211; \u00c9 devido ao empregado o pagamento em dobro&#8230;<\/p>\n\n\n\n<p><strong>Quest\u00e3o 77:<\/strong>&nbsp;A respeito do mandado de seguran\u00e7a no processo&#8230;<br \/><strong><em>Resposta:<\/em><\/strong> E &#8211; N\u00e3o h\u00e1 direito l\u00edquido e certo \u00e0 execu\u00e7\u00e3o&#8230;<\/p>\n\n\n\n<p><strong>Quest\u00e3o 78:<\/strong>&nbsp;No que diz respeito aos recursos no processo do trabalho&#8230;<br \/><strong><em>Resposta:<\/em><\/strong> C &#8211; Pessoas jur\u00eddicas de direito p\u00fablico possuem prazo&#8230;<\/p>\n\n\n\n<p><strong>Quest\u00e3o 79:<\/strong>&nbsp;No que diz respeito \u00e0 a\u00e7\u00e3o rescis\u00f3ria&#8230;<br \/><strong><em>Resposta:<\/em><\/strong> A &#8211; \u00c9 cab\u00edvel a interposi\u00e7\u00e3o de a\u00e7\u00e3o&#8230;<\/p>\n\n\n\n<p><strong>Quest\u00e3o 80:<\/strong>&nbsp;No que se refere ao aviso pr\u00e9vio e \u00e0 estabilidade&#8230;<br \/><strong><em>Resposta:<\/em><\/strong> D &#8211; O aviso pr\u00e9vio n\u00e3o pode ser concedido&#8230;<\/p>\n\n\n\n<p><strong>Quest\u00e3o 81:<\/strong>&nbsp;Conforme a Lei n\u00ba 12.305\/2010, o gerenciamento&#8230;<br \/><strong><em>Resposta:<\/em><\/strong> A &#8211; de um conjunto de a\u00e7\u00f5es exercidas, direta&#8230;<\/p>\n\n\n\n<p><strong>Quest\u00e3o 82:<\/strong>&nbsp;A \u00e1gua \u00e9 um recurso natural limitado&#8230;<br \/><strong><em>Resposta:<\/em><\/strong> A &#8211; a outorga dos direitos de uso&#8230;<\/p>\n\n\n\n<p><strong>Quest\u00e3o 83:<\/strong>&nbsp;A respeito da concess\u00e3o florestal&#8230;<br \/><strong><em>Resposta:<\/em><\/strong> E &#8211; as pol\u00edticas e o planejamento para o setor&#8230;<\/p>\n\n\n\n<p><strong>Quest\u00e3o 84:<\/strong>&nbsp;O Estatuto da Cidade (Lei n\u00ba 10.257\/2001)&#8230;<br \/><strong><em>Resposta:<\/em><\/strong> D &#8211; a garantia do direito a cidades sustent\u00e1veis&#8230;<\/p>\n\n\n\n<p><strong>Quest\u00e3o 85:<\/strong>&nbsp;Assinale a op\u00e7\u00e3o que mostra uma das modalidades&#8230;<br \/><strong><em>Resposta:<\/em><\/strong> B &#8211; pagamento direto, monet\u00e1rio ou n\u00e3o monet\u00e1rio.<\/p>\n\n\n\n<p><strong>Quest\u00e3o 86:<\/strong>&nbsp;De acordo com o Estatuto da Terra&#8230;<br \/><strong><em>Resposta:<\/em><\/strong> B &#8211; condicionar o uso da terra \u00e0 sua fun\u00e7\u00e3o social&#8230;<\/p>\n\n\n\n<p><strong>Quest\u00e3o 87:<\/strong>&nbsp;O Plano Nacional da Reforma Agr\u00e1ria&#8230;<br \/><strong><em>Resposta:<\/em><\/strong> B &#8211; a hierarquiza\u00e7\u00e3o das medidas a serem programadas&#8230;<\/p>\n\n\n\n<p><strong>Quest\u00e3o 88:<\/strong>&nbsp;A efetiva\u00e7\u00e3o da Pol\u00edtica de Regulariza\u00e7\u00e3o&#8230;<br \/><strong><em>Resposta:<\/em><\/strong> C &#8211; apenas o item III est\u00e1 certo.<\/p>\n\n\n\n<p><strong>Quest\u00e3o 89:<\/strong>&nbsp;Para a Lei n\u00ba 8.629\/1993&#8230;<br \/><strong><em>Resposta:<\/em><\/strong> D &#8211; I, II e III.<\/p>\n\n\n\n<p><strong>Quest\u00e3o 90:<\/strong>&nbsp;De acordo com a Lei n\u00ba 8.629\/1993&#8230;<br \/><strong><em>Resposta:<\/em><\/strong> C &#8211;  aproveitamento racional e adequado, utiliza\u00e7\u00e3o&#8230;<\/p>\n\n\n\n<p><strong>Quest\u00e3o 91:<\/strong>&nbsp;A partir da imagem precedente&#8230;<br \/><strong><em>Resposta:<\/em><\/strong> E &#8211; A Chapada dos Parecis&#8230;<\/p>\n\n\n\n<p><strong>Quest\u00e3o 92:<\/strong>&nbsp;O monumento hist\u00f3rico Forte Pr\u00edncipe&#8230;<br \/><strong><em>Resposta:<\/em><\/strong> D &#8211;  minera\u00e7\u00e3o aur\u00edfera.<\/p>\n\n\n\n<p><strong>Quest\u00e3o 93:<\/strong>&nbsp;O Brasil ir\u00e1 colher a sua maior safra&#8230;<br \/><strong><em>Resposta:<\/em><\/strong> B &#8211; soja e milho.<\/p>\n\n\n\n<p><strong>Quest\u00e3o 94:<\/strong>&nbsp;No per\u00edodo que envolve o antropoceno&#8230;<br \/><strong><em>Resposta:<\/em><\/strong> B &#8211; N\u00f4mades ocuparam a Amaz\u00f4nia&#8230;<\/p>\n\n\n\n<p><strong>Quest\u00e3o 95:<\/strong>&nbsp;Ao se alastrar a not\u00edcia do min\u00e9rio&#8230;<br \/><strong><em>Resposta:<\/em><\/strong> B &#8211; da maior explora\u00e7\u00e3o da cassiterita&#8230;<\/p>\n\n\n\n<p><strong>Quest\u00e3o 96:<\/strong>&nbsp;Na Amaz\u00f4nia, a atividade gom\u00edfera&#8230;<br \/><strong><em>Resposta:<\/em><\/strong> B &#8211; O primeiro ciclo amaz\u00f4nico&#8230;<\/p>\n\n\n\n<p><strong>Quest\u00e3o 97:<\/strong>&nbsp;No ano da sua cria\u00e7\u00e3o, o estado de Rond\u00f4nia&#8230;<br \/><strong><em>Resposta:<\/em><\/strong> A &#8211; No Estado Novo varguista&#8230;<\/p>\n\n\n\n<p><strong>Quest\u00e3o 98:<\/strong>&nbsp;A imagem a seguir mostra autoridades&#8230;<br \/><strong><em>Resposta:<\/em><\/strong> B &#8211; O ac\u00famulo de preju\u00edzos assumidos&#8230;<\/p>\n\n\n\n<p><strong>Quest\u00e3o 99: <\/strong>A bacia hidrogr\u00e1fica do rio Madeira&#8230;&nbsp;<br \/><strong><em>Resposta:<\/em><\/strong> E &#8211; Uma das principais usinas hidrel\u00e9tricas&#8230;<\/p>\n\n\n\n<p><strong>Quest\u00e3o 100:<\/strong>&nbsp;Considerando-se o mapa anterior, que mostra&#8230;<br \/><strong><em>Resposta:<\/em><\/strong> C &#8211;  teve plantio no sul do estado&#8230;<\/p>\n\n\n\n<p class=\"has-text-align-center has-cyan-bluish-gray-background-color has-background has-medium-font-size\"><strong>Saiba mais: <a href=\"https:\/\/www.estrategiaconcursos.com.br\/blog\/concurso-pge-ro-procurador\/\" target=\"_blank\" rel=\"noreferrer noopener\">concurso PGE RO Procurador<\/a><\/strong><\/p>\n\n\n\n<h2 class=\"wp-block-heading has-text-align-center\" id=\"h-quer-saber-tudo-sobre-concursos-previstos-confira-nossos-artigos\">Quer saber tudo sobre concursos previstos?<br \/>Confira nossos artigos!<\/h2>\n\n\n\n<ul class=\"wp-block-list\">\n<li><a href=\"https:\/\/www.estrategiaconcursos.com.br\/blog\/concursos-abertos\/\" target=\"_blank\" rel=\"noreferrer noopener\">Concursos abertos<\/a><\/li>\n\n\n\n<li><a href=\"https:\/\/www.estrategiaconcursos.com.br\/blog\/concursos-2022\/\" target=\"_blank\" rel=\"noreferrer noopener\">Concursos 2022<\/a><\/li>\n<\/ul>\n\n\n\n<h2 class=\"wp-block-heading has-text-align-center\" id=\"cursos\">Cursos e assinaturas<\/h2>\n\n\n\n<div class=\"container\" id=\"boxes\">\n  <div class=\"row\">\n\n    <div class=\"col-sm\">\n      <div class=\"banner-ecj\" id=\"box-assinatura\">\n        <h3 class=\"titulo-assinatura\">Curso para Concurso PGE RO <\/h3>\n        <p class=\"subtitulo-assinatura\">Cursos focados no edital do concurso<\/p>\n        <div class=\"box-botao\">\n          <a class=\"btn-assinatura\" target=\"_blank\" href=\"https:\/\/www.estrategiaconcursos.com.br\/cursosPorConcurso\/pge-ro-procurador-do-estado-de-rondonia\/\" role=\"button\" rel=\"noopener noreferrer\">Conhe\u00e7a mais<\/a>\n        <\/div>\n      <\/div>\n      <p class=\"texto-auxiliar\">Prepare-se com o melhor material e com quem mais aprova em concursos em todo o pa\u00eds. \n<\/p>\n    <\/div>\n\n  <\/div>\n<\/div>\n\n\n\n<div class=\"container\" id=\"boxes\">\n  <div class=\"row\">\n\n    <div class=\"col-sm\">\n      <div class=\"estrategia\" id=\"box-assinatura\">\n        <h3 class=\"titulo-assinatura\">Assinatura Concursos<\/h3>\n        <p class=\"subtitulo-assinatura\">Assinatura de 1 ano ou 2 anos<\/p>\n        <div class=\"box-botao\">\n          <a class=\"btn-assinatura\" target=\"_blank\" href=\"https:\/\/www.estrategiaconcursos.com.br\/assinaturas\/\" role=\"button\" rel=\"noopener noreferrer\">ASSINE AGORA<\/a>\n        <\/div>\n      <\/div>\n     \n    <\/div><\/div><\/div>\n","protected":false},"excerpt":{"rendered":"<p>Neste domingo, 06 de fevereiro, foram aplicadas as provas do concurso PGE RO Procurador.&nbsp;As avalia\u00e7\u00f5es tiveram a dura\u00e7\u00e3o total de 5 horas, com in\u00edcio \u00e0s 14h (hor\u00e1rio de Bras\u00edlia). Com o objetivo de ajudar a diminuir um pouco a ansiedade de saber se foi bem ou n\u00e3o em um concurso t\u00e3o visado e importante,&nbsp;nossos professores [&hellip;]<\/p>\n","protected":false},"author":2134,"featured_media":962422,"comment_status":"open","ping_status":"closed","sticky":false,"template":"","format":"standard","meta":{"post_tipo":"news","footnotes":""},"categories":[220196,220219],"tags":[],"tax_estado":[219984],"class_list":["post-962398","post","type-post","status-publish","format-standard","has-post-thumbnail","hentry","category-procuradorias","category-noticias","tax_estado-ro"],"acf":[],"yoast_head":"<!-- This site is optimized with the Yoast SEO Premium plugin v27.2 (Yoast SEO v27.2) - https:\/\/yoast.com\/product\/yoast-seo-premium-wordpress\/ -->\n<title>Gabarito Extraoficial: Procurador PGE RO<\/title>\n<meta name=\"description\" content=\"Concurso PGE RO Procurador: confira a corre\u00e7\u00e3o extraoficial do gabarito da prova da sele\u00e7\u00e3o. As informa\u00e7\u00f5es completas est\u00e3o no site da coruja!\" \/>\n<meta name=\"robots\" content=\"index, follow, max-snippet:-1, max-image-preview:large, max-video-preview:-1\" \/>\n<link rel=\"canonical\" href=\"https:\/\/www.estrategiaconcursos.com.br\/blog\/gabarito-extraoficial-procurador-pge-ro\/\" \/>\n<meta property=\"og:locale\" content=\"pt_BR\" \/>\n<meta property=\"og:type\" content=\"article\" \/>\n<meta property=\"og:title\" content=\"Gabarito Extraoficial: Procurador PGE RO\" \/>\n<meta property=\"og:description\" content=\"Concurso PGE RO Procurador: confira a corre\u00e7\u00e3o extraoficial do gabarito da prova da sele\u00e7\u00e3o. As informa\u00e7\u00f5es completas est\u00e3o no site da coruja!\" \/>\n<meta property=\"og:url\" content=\"https:\/\/www.estrategiaconcursos.com.br\/blog\/gabarito-extraoficial-procurador-pge-ro\/\" \/>\n<meta property=\"og:site_name\" content=\"Estrat\u00e9gia Concursos\" \/>\n<meta property=\"article:published_time\" content=\"2022-02-06T11:30:00+00:00\" \/>\n<meta property=\"article:modified_time\" content=\"2023-06-06T13:07:15+00:00\" \/>\n<meta property=\"og:image\" content=\"https:\/\/dhg1h5j42swfq.cloudfront.net\/2022\/02\/05122821\/1280-720-max-2-2.jpg\" \/>\n\t<meta property=\"og:image:width\" content=\"1280\" \/>\n\t<meta property=\"og:image:height\" content=\"720\" \/>\n\t<meta property=\"og:image:type\" content=\"image\/jpeg\" \/>\n<meta name=\"author\" content=\"Rafaela Teixeira\" \/>\n<meta name=\"twitter:card\" content=\"summary_large_image\" \/>\n<meta name=\"twitter:creator\" content=\"@EstratConcursos\" \/>\n<meta name=\"twitter:site\" content=\"@EstratConcursos\" \/>\n<meta name=\"twitter:label1\" content=\"Escrito por\" \/>\n\t<meta name=\"twitter:data1\" content=\"Rafaela Teixeira\" \/>\n\t<meta name=\"twitter:label2\" content=\"Est. tempo de leitura\" \/>\n\t<meta name=\"twitter:data2\" content=\"12 minutos\" \/>\n<script type=\"application\/ld+json\" class=\"yoast-schema-graph\">{\"@context\":\"https:\/\/schema.org\",\"@graph\":[{\"@type\":\"NewsArticle\",\"@id\":\"https:\/\/www.estrategiaconcursos.com.br\/blog\/gabarito-extraoficial-procurador-pge-ro\/#article\",\"isPartOf\":{\"@id\":\"https:\/\/www.estrategiaconcursos.com.br\/blog\/gabarito-extraoficial-procurador-pge-ro\/\"},\"author\":{\"name\":\"Rafaela Teixeira\",\"@id\":\"https:\/\/www.estrategiaconcursos.com.br\/blog\/#\/schema\/person\/e75352021ea7f60781c599934f916eb1\"},\"headline\":\"Gabarito Extraoficial: Procurador PGE RO\",\"datePublished\":\"2022-02-06T11:30:00+00:00\",\"dateModified\":\"2023-06-06T13:07:15+00:00\",\"mainEntityOfPage\":{\"@id\":\"https:\/\/www.estrategiaconcursos.com.br\/blog\/gabarito-extraoficial-procurador-pge-ro\/\"},\"wordCount\":2427,\"commentCount\":0,\"publisher\":{\"@id\":\"https:\/\/www.estrategiaconcursos.com.br\/blog\/#organization\"},\"image\":{\"@id\":\"https:\/\/www.estrategiaconcursos.com.br\/blog\/gabarito-extraoficial-procurador-pge-ro\/#primaryimage\"},\"thumbnailUrl\":\"https:\/\/dhg1h5j42swfq.cloudfront.net\/2022\/02\/05122821\/1280-720-max-2-2.jpg\",\"articleSection\":[\"Jur\u00eddico - Procuradorias\",\"\u00daltimas not\u00edcias\"],\"inLanguage\":\"pt-BR\",\"potentialAction\":[{\"@type\":\"CommentAction\",\"name\":\"Comment\",\"target\":[\"https:\/\/www.estrategiaconcursos.com.br\/blog\/gabarito-extraoficial-procurador-pge-ro\/#respond\"]}],\"copyrightYear\":\"2022\",\"copyrightHolder\":{\"@id\":\"https:\/\/www.estrategiaconcursos.com.br\/blog\/#organization\"}},{\"@type\":\"WebPage\",\"@id\":\"https:\/\/www.estrategiaconcursos.com.br\/blog\/gabarito-extraoficial-procurador-pge-ro\/\",\"url\":\"https:\/\/www.estrategiaconcursos.com.br\/blog\/gabarito-extraoficial-procurador-pge-ro\/\",\"name\":\"Gabarito Extraoficial: Procurador PGE RO\",\"isPartOf\":{\"@id\":\"https:\/\/www.estrategiaconcursos.com.br\/blog\/#website\"},\"primaryImageOfPage\":{\"@id\":\"https:\/\/www.estrategiaconcursos.com.br\/blog\/gabarito-extraoficial-procurador-pge-ro\/#primaryimage\"},\"image\":{\"@id\":\"https:\/\/www.estrategiaconcursos.com.br\/blog\/gabarito-extraoficial-procurador-pge-ro\/#primaryimage\"},\"thumbnailUrl\":\"https:\/\/dhg1h5j42swfq.cloudfront.net\/2022\/02\/05122821\/1280-720-max-2-2.jpg\",\"datePublished\":\"2022-02-06T11:30:00+00:00\",\"dateModified\":\"2023-06-06T13:07:15+00:00\",\"description\":\"Concurso PGE RO Procurador: confira a corre\u00e7\u00e3o extraoficial do gabarito da prova da sele\u00e7\u00e3o. As informa\u00e7\u00f5es completas est\u00e3o no site da coruja!\",\"breadcrumb\":{\"@id\":\"https:\/\/www.estrategiaconcursos.com.br\/blog\/gabarito-extraoficial-procurador-pge-ro\/#breadcrumb\"},\"inLanguage\":\"pt-BR\",\"potentialAction\":[{\"@type\":\"ReadAction\",\"target\":[\"https:\/\/www.estrategiaconcursos.com.br\/blog\/gabarito-extraoficial-procurador-pge-ro\/\"]}]},{\"@type\":\"ImageObject\",\"inLanguage\":\"pt-BR\",\"@id\":\"https:\/\/www.estrategiaconcursos.com.br\/blog\/gabarito-extraoficial-procurador-pge-ro\/#primaryimage\",\"url\":\"https:\/\/dhg1h5j42swfq.cloudfront.net\/2022\/02\/05122821\/1280-720-max-2-2.jpg\",\"contentUrl\":\"https:\/\/dhg1h5j42swfq.cloudfront.net\/2022\/02\/05122821\/1280-720-max-2-2.jpg\",\"width\":1280,\"height\":720},{\"@type\":\"BreadcrumbList\",\"@id\":\"https:\/\/www.estrategiaconcursos.com.br\/blog\/gabarito-extraoficial-procurador-pge-ro\/#breadcrumb\",\"itemListElement\":[{\"@type\":\"ListItem\",\"position\":1,\"name\":\"In\u00edcio\",\"item\":\"https:\/\/www.estrategiaconcursos.com.br\/blog\/\"},{\"@type\":\"ListItem\",\"position\":2,\"name\":\"Gabarito Extraoficial: Procurador PGE RO\"}]},{\"@type\":\"WebSite\",\"@id\":\"https:\/\/www.estrategiaconcursos.com.br\/blog\/#website\",\"url\":\"https:\/\/www.estrategiaconcursos.com.br\/blog\/\",\"name\":\"Estrat\u00e9gia Concursos\",\"description\":\"O blog da Estrat\u00e9gia Concursos traz not\u00edcias sobre concursos e artigos de professores oferecendo cursos para concursos (pdf + videaulas) no site.\",\"publisher\":{\"@id\":\"https:\/\/www.estrategiaconcursos.com.br\/blog\/#organization\"},\"potentialAction\":[{\"@type\":\"SearchAction\",\"target\":{\"@type\":\"EntryPoint\",\"urlTemplate\":\"https:\/\/www.estrategiaconcursos.com.br\/blog\/?s={search_term_string}\"},\"query-input\":{\"@type\":\"PropertyValueSpecification\",\"valueRequired\":true,\"valueName\":\"search_term_string\"}}],\"inLanguage\":\"pt-BR\"},{\"@type\":\"Organization\",\"@id\":\"https:\/\/www.estrategiaconcursos.com.br\/blog\/#organization\",\"name\":\"Estrat\u00e9gia Concursos\",\"url\":\"https:\/\/www.estrategiaconcursos.com.br\/blog\/\",\"logo\":{\"@type\":\"ImageObject\",\"inLanguage\":\"pt-BR\",\"@id\":\"https:\/\/www.estrategiaconcursos.com.br\/blog\/#\/schema\/logo\/image\/\",\"url\":\"https:\/\/dhg1h5j42swfq.cloudfront.net\/2025\/06\/03203428\/logo_concursos-1.jpg\",\"contentUrl\":\"https:\/\/dhg1h5j42swfq.cloudfront.net\/2025\/06\/03203428\/logo_concursos-1.jpg\",\"width\":230,\"height\":60,\"caption\":\"Estrat\u00e9gia Concursos\"},\"image\":{\"@id\":\"https:\/\/www.estrategiaconcursos.com.br\/blog\/#\/schema\/logo\/image\/\"},\"sameAs\":[\"https:\/\/x.com\/EstratConcursos\"]},{\"@type\":\"Person\",\"@id\":\"https:\/\/www.estrategiaconcursos.com.br\/blog\/#\/schema\/person\/e75352021ea7f60781c599934f916eb1\",\"name\":\"Rafaela Teixeira\",\"image\":{\"@type\":\"ImageObject\",\"inLanguage\":\"pt-BR\",\"@id\":\"https:\/\/secure.gravatar.com\/avatar\/8a349a2b22039b1ee88fc06461487c950fd6aa411ea8af8633314b43334ae793?s=96&d=mm&r=g\",\"url\":\"https:\/\/secure.gravatar.com\/avatar\/8a349a2b22039b1ee88fc06461487c950fd6aa411ea8af8633314b43334ae793?s=96&d=mm&r=g\",\"contentUrl\":\"https:\/\/secure.gravatar.com\/avatar\/8a349a2b22039b1ee88fc06461487c950fd6aa411ea8af8633314b43334ae793?s=96&d=mm&r=g\",\"caption\":\"Rafaela Teixeira\"},\"description\":\"Rafaela Teixeira \u00e9 advogada conveniada \u00e0 Defensoria P\u00fablica de S\u00e3o Paulo pela OAB, com experi\u00eancia em reda\u00e7\u00e3o jur\u00eddica e atua\u00e7\u00e3o em institui\u00e7\u00f5es p\u00fablicas, incluindo est\u00e1gio no TRE-SP. Possui mais de 7 anos de experi\u00eancia na produ\u00e7\u00e3o de conte\u00fados voltados ao nicho de concursos p\u00fablicos, com foco em apura\u00e7\u00e3o jornal\u00edstica cont\u00ednua, an\u00e1lise de editais e obten\u00e7\u00e3o de informa\u00e7\u00f5es diretamente junto a \u00f3rg\u00e3os e fontes oficiais. No Blog do Estrat\u00e9gia Concursos, atua como Analista de Conte\u00fado S\u00eanior, respons\u00e1vel pelo jornalismo do per\u00edodo noturno e da madrugada, com atua\u00e7\u00e3o transversal na cobertura de concursos p\u00fablicos, garantindo a continuidade, fluidez e confiabilidade das publica\u00e7\u00f5es e dos bastidores dos certames.\",\"url\":\"https:\/\/www.estrategiaconcursos.com.br\/blog\/author\/rafaela-teixeira\/\"}]}<\/script>\n<!-- \/ Yoast SEO Premium plugin. -->","yoast_head_json":{"title":"Gabarito Extraoficial: Procurador PGE RO","description":"Concurso PGE RO Procurador: confira a corre\u00e7\u00e3o extraoficial do gabarito da prova da sele\u00e7\u00e3o. As informa\u00e7\u00f5es completas est\u00e3o no site da coruja!","robots":{"index":"index","follow":"follow","max-snippet":"max-snippet:-1","max-image-preview":"max-image-preview:large","max-video-preview":"max-video-preview:-1"},"canonical":"https:\/\/www.estrategiaconcursos.com.br\/blog\/gabarito-extraoficial-procurador-pge-ro\/","og_locale":"pt_BR","og_type":"article","og_title":"Gabarito Extraoficial: Procurador PGE RO","og_description":"Concurso PGE RO Procurador: confira a corre\u00e7\u00e3o extraoficial do gabarito da prova da sele\u00e7\u00e3o. As informa\u00e7\u00f5es completas est\u00e3o no site da coruja!","og_url":"https:\/\/www.estrategiaconcursos.com.br\/blog\/gabarito-extraoficial-procurador-pge-ro\/","og_site_name":"Estrat\u00e9gia Concursos","article_published_time":"2022-02-06T11:30:00+00:00","article_modified_time":"2023-06-06T13:07:15+00:00","og_image":[{"width":1280,"height":720,"url":"https:\/\/dhg1h5j42swfq.cloudfront.net\/2022\/02\/05122821\/1280-720-max-2-2.jpg","type":"image\/jpeg"}],"author":"Rafaela Teixeira","twitter_card":"summary_large_image","twitter_creator":"@EstratConcursos","twitter_site":"@EstratConcursos","twitter_misc":{"Escrito por":"Rafaela Teixeira","Est. tempo de leitura":"12 minutos"},"schema":{"@context":"https:\/\/schema.org","@graph":[{"@type":"NewsArticle","@id":"https:\/\/www.estrategiaconcursos.com.br\/blog\/gabarito-extraoficial-procurador-pge-ro\/#article","isPartOf":{"@id":"https:\/\/www.estrategiaconcursos.com.br\/blog\/gabarito-extraoficial-procurador-pge-ro\/"},"author":{"name":"Rafaela Teixeira","@id":"https:\/\/www.estrategiaconcursos.com.br\/blog\/#\/schema\/person\/e75352021ea7f60781c599934f916eb1"},"headline":"Gabarito Extraoficial: Procurador PGE RO","datePublished":"2022-02-06T11:30:00+00:00","dateModified":"2023-06-06T13:07:15+00:00","mainEntityOfPage":{"@id":"https:\/\/www.estrategiaconcursos.com.br\/blog\/gabarito-extraoficial-procurador-pge-ro\/"},"wordCount":2427,"commentCount":0,"publisher":{"@id":"https:\/\/www.estrategiaconcursos.com.br\/blog\/#organization"},"image":{"@id":"https:\/\/www.estrategiaconcursos.com.br\/blog\/gabarito-extraoficial-procurador-pge-ro\/#primaryimage"},"thumbnailUrl":"https:\/\/dhg1h5j42swfq.cloudfront.net\/2022\/02\/05122821\/1280-720-max-2-2.jpg","articleSection":["Jur\u00eddico - Procuradorias","\u00daltimas not\u00edcias"],"inLanguage":"pt-BR","potentialAction":[{"@type":"CommentAction","name":"Comment","target":["https:\/\/www.estrategiaconcursos.com.br\/blog\/gabarito-extraoficial-procurador-pge-ro\/#respond"]}],"copyrightYear":"2022","copyrightHolder":{"@id":"https:\/\/www.estrategiaconcursos.com.br\/blog\/#organization"}},{"@type":"WebPage","@id":"https:\/\/www.estrategiaconcursos.com.br\/blog\/gabarito-extraoficial-procurador-pge-ro\/","url":"https:\/\/www.estrategiaconcursos.com.br\/blog\/gabarito-extraoficial-procurador-pge-ro\/","name":"Gabarito Extraoficial: Procurador PGE RO","isPartOf":{"@id":"https:\/\/www.estrategiaconcursos.com.br\/blog\/#website"},"primaryImageOfPage":{"@id":"https:\/\/www.estrategiaconcursos.com.br\/blog\/gabarito-extraoficial-procurador-pge-ro\/#primaryimage"},"image":{"@id":"https:\/\/www.estrategiaconcursos.com.br\/blog\/gabarito-extraoficial-procurador-pge-ro\/#primaryimage"},"thumbnailUrl":"https:\/\/dhg1h5j42swfq.cloudfront.net\/2022\/02\/05122821\/1280-720-max-2-2.jpg","datePublished":"2022-02-06T11:30:00+00:00","dateModified":"2023-06-06T13:07:15+00:00","description":"Concurso PGE RO Procurador: confira a corre\u00e7\u00e3o extraoficial do gabarito da prova da sele\u00e7\u00e3o. As informa\u00e7\u00f5es completas est\u00e3o no site da coruja!","breadcrumb":{"@id":"https:\/\/www.estrategiaconcursos.com.br\/blog\/gabarito-extraoficial-procurador-pge-ro\/#breadcrumb"},"inLanguage":"pt-BR","potentialAction":[{"@type":"ReadAction","target":["https:\/\/www.estrategiaconcursos.com.br\/blog\/gabarito-extraoficial-procurador-pge-ro\/"]}]},{"@type":"ImageObject","inLanguage":"pt-BR","@id":"https:\/\/www.estrategiaconcursos.com.br\/blog\/gabarito-extraoficial-procurador-pge-ro\/#primaryimage","url":"https:\/\/dhg1h5j42swfq.cloudfront.net\/2022\/02\/05122821\/1280-720-max-2-2.jpg","contentUrl":"https:\/\/dhg1h5j42swfq.cloudfront.net\/2022\/02\/05122821\/1280-720-max-2-2.jpg","width":1280,"height":720},{"@type":"BreadcrumbList","@id":"https:\/\/www.estrategiaconcursos.com.br\/blog\/gabarito-extraoficial-procurador-pge-ro\/#breadcrumb","itemListElement":[{"@type":"ListItem","position":1,"name":"In\u00edcio","item":"https:\/\/www.estrategiaconcursos.com.br\/blog\/"},{"@type":"ListItem","position":2,"name":"Gabarito Extraoficial: Procurador PGE RO"}]},{"@type":"WebSite","@id":"https:\/\/www.estrategiaconcursos.com.br\/blog\/#website","url":"https:\/\/www.estrategiaconcursos.com.br\/blog\/","name":"Estrat\u00e9gia Concursos","description":"O blog da Estrat\u00e9gia Concursos traz not\u00edcias sobre concursos e artigos de professores oferecendo cursos para concursos (pdf + videaulas) no site.","publisher":{"@id":"https:\/\/www.estrategiaconcursos.com.br\/blog\/#organization"},"potentialAction":[{"@type":"SearchAction","target":{"@type":"EntryPoint","urlTemplate":"https:\/\/www.estrategiaconcursos.com.br\/blog\/?s={search_term_string}"},"query-input":{"@type":"PropertyValueSpecification","valueRequired":true,"valueName":"search_term_string"}}],"inLanguage":"pt-BR"},{"@type":"Organization","@id":"https:\/\/www.estrategiaconcursos.com.br\/blog\/#organization","name":"Estrat\u00e9gia Concursos","url":"https:\/\/www.estrategiaconcursos.com.br\/blog\/","logo":{"@type":"ImageObject","inLanguage":"pt-BR","@id":"https:\/\/www.estrategiaconcursos.com.br\/blog\/#\/schema\/logo\/image\/","url":"https:\/\/dhg1h5j42swfq.cloudfront.net\/2025\/06\/03203428\/logo_concursos-1.jpg","contentUrl":"https:\/\/dhg1h5j42swfq.cloudfront.net\/2025\/06\/03203428\/logo_concursos-1.jpg","width":230,"height":60,"caption":"Estrat\u00e9gia Concursos"},"image":{"@id":"https:\/\/www.estrategiaconcursos.com.br\/blog\/#\/schema\/logo\/image\/"},"sameAs":["https:\/\/x.com\/EstratConcursos"]},{"@type":"Person","@id":"https:\/\/www.estrategiaconcursos.com.br\/blog\/#\/schema\/person\/e75352021ea7f60781c599934f916eb1","name":"Rafaela Teixeira","image":{"@type":"ImageObject","inLanguage":"pt-BR","@id":"https:\/\/secure.gravatar.com\/avatar\/8a349a2b22039b1ee88fc06461487c950fd6aa411ea8af8633314b43334ae793?s=96&d=mm&r=g","url":"https:\/\/secure.gravatar.com\/avatar\/8a349a2b22039b1ee88fc06461487c950fd6aa411ea8af8633314b43334ae793?s=96&d=mm&r=g","contentUrl":"https:\/\/secure.gravatar.com\/avatar\/8a349a2b22039b1ee88fc06461487c950fd6aa411ea8af8633314b43334ae793?s=96&d=mm&r=g","caption":"Rafaela Teixeira"},"description":"Rafaela Teixeira \u00e9 advogada conveniada \u00e0 Defensoria P\u00fablica de S\u00e3o Paulo pela OAB, com experi\u00eancia em reda\u00e7\u00e3o jur\u00eddica e atua\u00e7\u00e3o em institui\u00e7\u00f5es p\u00fablicas, incluindo est\u00e1gio no TRE-SP. Possui mais de 7 anos de experi\u00eancia na produ\u00e7\u00e3o de conte\u00fados voltados ao nicho de concursos p\u00fablicos, com foco em apura\u00e7\u00e3o jornal\u00edstica cont\u00ednua, an\u00e1lise de editais e obten\u00e7\u00e3o de informa\u00e7\u00f5es diretamente junto a \u00f3rg\u00e3os e fontes oficiais. No Blog do Estrat\u00e9gia Concursos, atua como Analista de Conte\u00fado S\u00eanior, respons\u00e1vel pelo jornalismo do per\u00edodo noturno e da madrugada, com atua\u00e7\u00e3o transversal na cobertura de concursos p\u00fablicos, garantindo a continuidade, fluidez e confiabilidade das publica\u00e7\u00f5es e dos bastidores dos certames.","url":"https:\/\/www.estrategiaconcursos.com.br\/blog\/author\/rafaela-teixeira\/"}]}},"_links":{"self":[{"href":"https:\/\/www.estrategiaconcursos.com.br\/blog\/wp-json\/wp\/v2\/posts\/962398","targetHints":{"allow":["GET"]}}],"collection":[{"href":"https:\/\/www.estrategiaconcursos.com.br\/blog\/wp-json\/wp\/v2\/posts"}],"about":[{"href":"https:\/\/www.estrategiaconcursos.com.br\/blog\/wp-json\/wp\/v2\/types\/post"}],"author":[{"embeddable":true,"href":"https:\/\/www.estrategiaconcursos.com.br\/blog\/wp-json\/wp\/v2\/users\/2134"}],"replies":[{"embeddable":true,"href":"https:\/\/www.estrategiaconcursos.com.br\/blog\/wp-json\/wp\/v2\/comments?post=962398"}],"version-history":[{"count":29,"href":"https:\/\/www.estrategiaconcursos.com.br\/blog\/wp-json\/wp\/v2\/posts\/962398\/revisions"}],"predecessor-version":[{"id":1228296,"href":"https:\/\/www.estrategiaconcursos.com.br\/blog\/wp-json\/wp\/v2\/posts\/962398\/revisions\/1228296"}],"wp:featuredmedia":[{"embeddable":true,"href":"https:\/\/www.estrategiaconcursos.com.br\/blog\/wp-json\/wp\/v2\/media\/962422"}],"wp:attachment":[{"href":"https:\/\/www.estrategiaconcursos.com.br\/blog\/wp-json\/wp\/v2\/media?parent=962398"}],"wp:term":[{"taxonomy":"category","embeddable":true,"href":"https:\/\/www.estrategiaconcursos.com.br\/blog\/wp-json\/wp\/v2\/categories?post=962398"},{"taxonomy":"post_tag","embeddable":true,"href":"https:\/\/www.estrategiaconcursos.com.br\/blog\/wp-json\/wp\/v2\/tags?post=962398"},{"taxonomy":"tax_estado","embeddable":true,"href":"https:\/\/www.estrategiaconcursos.com.br\/blog\/wp-json\/wp\/v2\/tax_estado?post=962398"}],"curies":[{"name":"wp","href":"https:\/\/api.w.org\/{rel}","templated":true}]}}