{"id":962395,"date":"2022-02-06T18:07:00","date_gmt":"2022-02-06T21:07:00","guid":{"rendered":"https:\/\/www.estrategiaconcursos.com.br\/blog\/?p=962395"},"modified":"2023-03-15T13:41:48","modified_gmt":"2023-03-15T16:41:48","slug":"gabarito-extraoficial-icmbio-tecnico-ambiental","status":"publish","type":"post","link":"https:\/\/www.estrategiaconcursos.com.br\/blog\/gabarito-extraoficial-icmbio-tecnico-ambiental\/","title":{"rendered":"Gabarito Extraoficial ICMBio: Cargo  T\u00e9cnico Ambiental &#8211; Confira!"},"content":{"rendered":"\n<p>Foram realizadas na tarde deste domingo, 6 de fevereiro, <strong>as Provas Objetiva e Discursiva do concurso ICMBio<\/strong>, para o cargo de <strong>T\u00e9cnico Ambiental<\/strong>, no qual foram ofertadas 135 vagas e registradas 18.089 inscri\u00e7\u00f5es. <\/p>\n\n\n\n<p>A previs\u00e3o de divulga\u00e7\u00e3o do gabarito preliminar \u00e9 para ter\u00e7a-feira, 8 de fevereiro, a partir das 19h no site do <a href=\"https:\/\/www.cebraspe.org.br\/concursos\/icmbio_21\" target=\"_blank\" rel=\"noreferrer noopener\">Cebraspe<\/a>.<\/p>\n\n\n\n<p>No entanto, sabemos que a ansiedade para conhecer seus acertos e erros \u00e9 grande. Por isso, realizamos a corre\u00e7\u00e3o AO VIVO das provas do certame. <\/p>\n\n\n\n<p>Agora, voc\u00ea j\u00e1 pode conferir o <strong><a href=\"https:\/\/youtu.be\/oCocMS0YQMo\" target=\"_blank\" rel=\"noreferrer noopener\">gabarito extraoficial ICMBIO para o cargo de T\u00e9cnico Ambiental<\/a><\/strong> durante a transmiss\u00e3o de nosso evento gratuito, a partir das 19 horas e 30 minutos, diretamente do canal do Estrat\u00e9gia Concursos no Youtube. <\/p>\n\n\n\n<h2 class=\"wp-block-heading\">Gabarito Extraoficial ICMBio: Cargo &#8211; T\u00e9cnico Ambiental! <\/h2>\n\n\n\n<p>Abaixo voc\u00ea confere as respostas do Gabarito Extraoficial ICMBio, realizadas pelo nosso time de professores. Mas fique atento ao in\u00edcio do enunciado da quest\u00e3o, pois a ordem dos itens muda conforme sua vers\u00e3o de prova.<\/p>\n\n\n\n<p><strong>Quest\u00e3o 1:&nbsp;<\/strong>O tema central do texto \u00e9 o crescimento exagerado das \u00e1rvores em grandes centros urbanos. <br \/><em><strong>Resposta:&nbsp;<\/strong><\/em>E<\/p>\n\n\n\n<p><strong>Quest\u00e3o 2:&nbsp;<\/strong> Predomina no texto a descri\u00e7\u00e3o dos tipos de malef\u00edcios que as \u00e1rvores podem causar&#8230;<br \/><em><strong>Resposta:<\/strong><\/em>&nbsp;E<\/p>\n\n\n\n<p><strong>Quest\u00e3o 3:&nbsp;<\/strong>Depreende-se do texto que a presen\u00e7a de \u00e1rvores nas cidades promove benef\u00edcios para&#8230;<br \/><em><strong>Resposta:<\/strong><\/em>&nbsp;C<\/p>\n\n\n\n<p><strong>Quest\u00e3o 4:&nbsp;<\/strong>No primeiro per\u00edodo do texto, a conjun\u00e7\u00e3o \u201cmas\u201d introduz uma ressalva \u00e0 afirma\u00e7\u00e3o&#8230;<br \/><em><strong>Resposta:<\/strong><\/em>&nbsp;C<\/p>\n\n\n\n<p><strong>Quest\u00e3o 5:<\/strong> Sem preju\u00edzo da corre\u00e7\u00e3o gramatical e dos sentidos do texto, a express\u00e3o &#8220;por serem&#8221;&#8230; <br \/><em><strong>Resposta:<\/strong><\/em>&nbsp;E<\/p>\n\n\n\n<p><strong>Quest\u00e3o 6:&nbsp;<\/strong>No segundo par\u00e1grafo, a elimina\u00e7\u00e3o das v\u00edrgulas que isolam o trecho &#8220;tamb\u00e9m conhecidas&#8230;<br \/><em><strong>Resposta:<\/strong><\/em>&nbsp;C<\/p>\n\n\n\n<p><strong>Quest\u00e3o 7:&nbsp;<\/strong>No primeiro per\u00edodo do segundo par\u00e1grafo, sem preju\u00edzo da corre\u00e7\u00e3o gramatical e da coer\u00eancia&#8230;<br \/><em><strong>Resposta:<\/strong><\/em>&nbsp;C<\/p>\n\n\n\n<p><strong>Quest\u00e3o 8:&nbsp;<\/strong>No terceiro par\u00e1grafo, o termo &#8220;As esp\u00e9cies de crescimento r\u00e1pido&#8221;, al\u00e9m de sujeito da ora\u00e7\u00e3o&#8230;<br \/><em><strong>Resposta:<\/strong><\/em>&nbsp;E<\/p>\n\n\n\n<p><strong>Quest\u00e3o 9:&nbsp;<\/strong>O texto atribui \u00e0 desigualdade social o fato de bairros nobres de grandes capitais brasileiras&#8230;<br \/><em><strong>Resposta:<\/strong><\/em>&nbsp;C<\/p>\n\n\n\n<p><strong>Quest\u00e3o 10:&nbsp;<\/strong>Quando servidores interagem com clientes internos, o funcionamento de ser cada um deles&#8230;<br \/><em><strong>Resposta:<\/strong><\/em>&nbsp;C<\/p>\n\n\n\n<p><strong>Quest\u00e3o 11:<\/strong> Mesmo as organiza\u00e7\u00f5es p\u00fablicas devem atentar-se \u00e0s necessidades dos seus clientes externos&#8230;.<br \/><em><strong>Resposta:<\/strong><\/em>&nbsp;C<\/p>\n\n\n\n<p><strong>Quest\u00e3o 12:&nbsp;<\/strong>A responsividade no atendimento diz respeito \u00e0 capacidade de transmitir confian\u00e7a ao cliente&#8230; <br \/><em><strong>Resposta:<\/strong><\/em>&nbsp;E<\/p>\n\n\n\n<p><strong>Quest\u00e3o 13:&nbsp;<\/strong>No atendimento a uma pessoa, conv\u00e9m conhecer as raz\u00f5es que a levaram a buscar o atendimento&#8230;<br \/><em><strong>Resposta:<\/strong><\/em>&nbsp;C<\/p>\n\n\n\n<p><strong>Quest\u00e3o 14:&nbsp;<\/strong>A aquisi\u00e7\u00e3o de material al\u00e9m da quantidade necess\u00e1ria representa imobiliza\u00e7\u00f5es em estoque ocioso<br \/><em><strong>Resposta:<\/strong><\/em>&nbsp;E<\/p>\n\n\n\n<p><strong>Quest\u00e3o 15:<\/strong> Material permanente antiecon\u00f4mico \u00e9 o que apresenta manuten\u00e7\u00e3o onerosa ou rendimento prec\u00e1rio&#8230;<br \/><em><strong>Resposta:<\/strong><\/em>&nbsp;C<\/p>\n\n\n\n<p><strong>Quest\u00e3o 16:&nbsp;<\/strong>Na classifica\u00e7\u00e3o de materiais, o atributo da flexibilidade refere-se \u00e0 necessidade de tal classifica\u00e7\u00e3o&#8230;<br \/><em><strong>Resposta:<\/strong><\/em>&nbsp;E<\/p>\n\n\n\n<p><strong>Quest\u00e3o 17:&nbsp;<\/strong>Agir\u00e1 de acordo com o previsto na Lei n.\u00ba 9.784\/1999 o servidor p\u00fablico federal que verificar&#8230; <br \/><em><strong>Resposta:<\/strong><\/em>&nbsp;E<\/p>\n\n\n\n<p><strong>Quest\u00e3o 18:&nbsp;<\/strong>A vincula\u00e7\u00e3o dos motivos \u00e0 validade do ato \u00e9 representada pela teoria dos motivos determinantes&#8230; <br \/><em><strong>Resposta:<\/strong><\/em>&nbsp;C<\/p>\n\n\n\n<p><strong>Quest\u00e3o 19:&nbsp;<\/strong>O Poder Judici\u00e1rio e a administra\u00e7\u00e3o p\u00fablica podem revogar ato administrativo mesmo que seus efeitos&#8230;<br \/><em><strong>Resposta:<\/strong><\/em>&nbsp;E<\/p>\n\n\n\n<p><strong>Quest\u00e3o 20:<\/strong> A diferen\u00e7a preponderante entre esses institutos decorre do n\u00famero de pessoas jur\u00eddicas envolvidas&#8230; <br \/><em><strong>Resposta:<\/strong><\/em>&nbsp;C<\/p>\n\n\n\n<p><strong>Quest\u00e3o 21:&nbsp;<\/strong>Ato administrativo \u00e9 aquele que decorre de acontecimentos naturais que independam do ser humano <br \/><em><strong>Resposta:<\/strong><\/em>&nbsp;E<\/p>\n\n\n\n<p><strong>Quest\u00e3o 22:&nbsp;<\/strong>As atividades de tratamento de dados pessoais dever\u00e3o observar a boa-f\u00e9 e princ\u00edpios como o da&#8230; <br \/><em><strong>Resposta:<\/strong><\/em>&nbsp;C<\/p>\n\n\n\n<p><strong>Quest\u00e3o 23:&nbsp;<\/strong>O tratamento dos dados pessoais somente poder\u00e1 ser realizado mediante o fornecimento do&#8230; <br \/><em><strong>Resposta:<\/strong><\/em>&nbsp;E<\/p>\n\n\n\n<p><strong>Quest\u00e3o 24:<\/strong> Os dados pessoais ser\u00e3o eliminados ap\u00f3s o t\u00e9rmino de seu tratamento, sendo autorizada a sua&#8230; <br \/><em><strong>Resposta:<\/strong><\/em>&nbsp;C<\/p>\n\n\n\n<p><strong>Quest\u00e3o 25:&nbsp;<\/strong>Na realiza\u00e7\u00e3o de suas a\u00e7\u00f5es administrativas, o ICMBio deve atuar em conson\u00e2ncia com o instrumento&#8230;<br \/><em><strong>Resposta:<\/strong><\/em>&nbsp;C<\/p>\n\n\n\n<p><strong>Quest\u00e3o 26:&nbsp;<\/strong>O ICMBio \u00e9 \u00f3rg\u00e3o integrante do Sistema Nacional do Meio Ambiente (SISNAMA), de acordo com a&#8230; <br \/><em><strong>Resposta:<\/strong><\/em>&nbsp;C<\/p>\n\n\n\n<p><strong>Quest\u00e3o 27:&nbsp;<\/strong>Visando a efetiva\u00e7\u00e3o dos objetivos do PNMA, sob os interesses determinados pela Uni\u00e3o, os estados&#8230; <br \/><em><strong>Resposta:<\/strong><\/em>&nbsp;E<\/p>\n\n\n\n<p><strong>Quest\u00e3o 28:&nbsp;<\/strong>Na perspectiva da PNMA, o conceito legal de meio ambiente \u00e9 amplo, abrangendo o conjunto de&#8230; <br \/><em><strong>Resposta:<\/strong><\/em>&nbsp;C<\/p>\n\n\n\n<p><strong>Quest\u00e3o 29:<\/strong> No \u00e2mbito da PNMA, o Conselho Nacional do Meio Ambiente (CONAMA) deve dispor sobre quais as&#8230; <br \/><em><strong>Resposta:<\/strong><\/em>&nbsp;E<\/p>\n\n\n\n<p><strong>Quest\u00e3o 30:&nbsp;<\/strong>A avoca\u00e7\u00e3o do ato delegado dever\u00e1 ocorrer nas hip\u00f3teses de o gestor entender por nova redistribui\u00e7\u00e3o&#8230;<br \/><em><strong>Resposta:<\/strong><\/em>&nbsp;E<\/p>\n\n\n\n<p><strong>Quest\u00e3o 31:&nbsp;<\/strong>Para a delega\u00e7\u00e3o de compet\u00eancia para editar atos normativos de organiza\u00e7\u00e3o interna e de administra\u00e7\u00e3o&#8230; <br \/><em><strong>Resposta:<\/strong><\/em>&nbsp;E<\/p>\n\n\n\n<p><strong>Quest\u00e3o 32:&nbsp;<\/strong>Para a formaliza\u00e7\u00e3o da delega\u00e7\u00e3o a ser promovida, deve ocorrer a publica\u00e7\u00e3o oficial. <br \/><em><strong>Resposta:<\/strong><\/em>&nbsp;C<\/p>\n\n\n\n<p><strong>Quest\u00e3o 33<\/strong>: Sob a conveni\u00eancia do gestor da UC, em raz\u00e3o de situa\u00e7\u00f5es envolvendo natureza t\u00e9cnica, social&#8230; <br \/><em><strong>Resposta:<\/strong><\/em>&nbsp;C<\/p>\n\n\n\n<p><strong>Quest\u00e3o 34:&nbsp;<\/strong>Para fins do Programa de Integridade, a Coordena\u00e7\u00e3o-Geral de Gest\u00e3o de Pessoas atua no tratamento&#8230; <br \/><em><strong>Resposta:<\/strong><\/em>&nbsp;C<\/p>\n\n\n\n<p><strong>Quest\u00e3o 35:&nbsp;<\/strong>Dotada de autonomia e de recursos materiais e humanos necess\u00e1rios ao desempenho de suas&#8230; <br \/><em><strong>Resposta:<\/strong><\/em>&nbsp;C<\/p>\n\n\n\n<p><strong>Quest\u00e3o 36:&nbsp;<\/strong>Plano de integridade \u00e9 o documento aprovado pela \u00e1rea gerencial de recursos humanos que&#8230; <br \/><em><strong>Resposta:<\/strong><\/em>&nbsp;E<\/p>\n\n\n\n<p><strong>Quest\u00e3o 37:&nbsp;<\/strong>Caracteriza-se como presente pr\u00eamio em dinheiro concedido por entidade cient\u00edfica a agente&#8230; <br \/><em><strong>Resposta:<\/strong><\/em>&nbsp;E<\/p>\n\n\n\n<p><strong>Quest\u00e3o 38:&nbsp;<\/strong>Mesmo que excepcionalmente, observado o interesse p\u00fablico, uma institui\u00e7\u00e3o privada n\u00e3o pode&#8230; <br \/><em><strong>Resposta:<\/strong><\/em> E <\/p>\n\n\n\n<p><strong>Quest\u00e3o 39:&nbsp;<\/strong>Respeito \u00e0 diversidade e igualdade de g\u00eanero s\u00e3o princ\u00edpios presentes no citado c\u00f3digo. <br \/><em><strong>Resposta:<\/strong><\/em>&nbsp;C<\/p>\n\n\n\n<p><strong>Quest\u00e3o 40:&nbsp;<\/strong>A matriz energ\u00e9tica do Brasil baseia-se na energia hidroel\u00e9trica; apesar das secas e da diminui\u00e7\u00e3o&#8230; <br \/><em><strong>Resposta:<\/strong><\/em>&nbsp;E<\/p>\n\n\n\n<p><strong>Quest\u00e3o 41:&nbsp;<\/strong>As atividades de explora\u00e7\u00e3o mineral no Brasil s\u00e3o licenciadas pelos \u00f3rg\u00e3os ambientais, o que diminui&#8230; <br \/><em><strong>Resposta:<\/strong><\/em>&nbsp;E<\/p>\n\n\n\n<p><strong>Quest\u00e3o 42:&nbsp;<\/strong>O aumento da ocorr\u00eancia e da intensidade dos desastres naturais tem despertado debates naturais&#8230; <br \/><em><strong>Resposta:<\/strong><\/em>&nbsp;C<\/p>\n\n\n\n<p><strong>Quest\u00e3o 43:&nbsp;<\/strong>A agricultura de precis\u00e3o no Brasil voltada \u00e0 produ\u00e7\u00e3o agr\u00edcola de <em>commodities<\/em> em larga escala \u00e9 uma&#8230; <br \/><em><strong>Resposta:<\/strong><\/em> C<\/p>\n\n\n\n<p><strong>Quest\u00e3o 44:&nbsp;<\/strong>A previs\u00e3o do tempo atmosf\u00e9rico envolve o uso de diferentes tecnologias, como as imagens de sat\u00e9lite&#8230; <br \/><em><strong>Resposta:<\/strong><\/em>&nbsp;C<\/p>\n\n\n\n<p><strong>Quest\u00e3o 45:<\/strong> O Office 365, tamb\u00e9m denominado Microsoft 365, cont\u00e9m um pacote de ferramentas de uso dom\u00e9stico&#8230; <br \/><em><strong>Resposta:<\/strong><\/em>&nbsp;C<\/p>\n\n\n\n<p><strong>Quest\u00e3o 46:&nbsp;<\/strong>No MS Outlook, \u00e9 poss\u00edvel fazer o agendamento de uma atividade usando o Calend\u00e1rio, o qual permite&#8230; <br \/><em><strong>Resposta:<\/strong><\/em>&nbsp;C<\/p>\n\n\n\n<p><strong>Quest\u00e3o 47:&nbsp;<\/strong><em>Spam<\/em> \u00e9 um tipo de v\u00edrus de <em>email<\/em> que se espalha automaticamente para todos os endere\u00e7os cadastrados..<br \/><em><strong>Resposta:<\/strong><\/em>&nbsp;E<\/p>\n\n\n\n<p><strong>Quest\u00e3o 48:&nbsp;<\/strong>No Google Chrome, ao se confirmar a op\u00e7\u00e3o <em>Definir<\/em> como padr\u00e3o, todos os <em>links<\/em> que se clicar ser\u00e3o&#8230; <br \/><em><strong>Resposta:<\/strong><\/em>&nbsp;C. Pass\u00edvel de recurso. <\/p>\n\n\n\n<p><strong>Quest\u00e3o 49:&nbsp;<\/strong>No MS Word, \u00e9 poss\u00edvel compartilhar um arquivo que est\u00e1 sendo criado, para ser editado por outras&#8230; <br \/><em><strong>Resposta:<\/strong><\/em>&nbsp;E<\/p>\n\n\n\n<p><strong>Quest\u00e3o 50:&nbsp;<\/strong>As mensagens da Caixa de Entrada do Outlook, depois de apagadas, ficam armazenadas na pasta de&#8230;<br \/><em><strong>Resposta:<\/strong><\/em>&nbsp;E<\/p>\n\n\n\n<p><strong>Quest\u00e3o 51:&nbsp;<\/strong>A zona de amortecimento constitui uma faixa de prote\u00e7\u00e3o pertencente \u00e0 unidade de conserva\u00e7\u00e3o&#8230; <br \/><em><strong>Resposta:<\/strong><\/em>&nbsp;E<\/p>\n\n\n\n<p><strong>Quest\u00e3o 52:&nbsp;<\/strong>\u00c1reas em altitude superior a 1.800 metros, com qualquer que seja a vegeta\u00e7\u00e3o, s\u00e3o consideradas \u00e1reas&#8230;<br \/><em><strong>Resposta:<\/strong><\/em>&nbsp;C<\/p>\n\n\n\n<p><strong>Quest\u00e3o 53:&nbsp;<\/strong>A reserva biol\u00f3gica (REBIO) representa, entre as categorias de unidade de conserva\u00e7\u00e3o (UC), uma das&#8230; <br \/><em><strong>Resposta:<\/strong><\/em>&nbsp;C<\/p>\n\n\n\n<p><strong>Quest\u00e3o 54:&nbsp;<\/strong>A distribui\u00e7\u00e3o uniforme de indiv\u00edduos de uma popula\u00e7\u00e3o pode ocorrer onde a competi\u00e7\u00e3o entre eles&#8230; <br \/><em><strong>Resposta:<\/strong><\/em>&nbsp;C<\/p>\n\n\n\n<p><strong>Quest\u00e3o 55:<\/strong> A probabilidade de um organismo deixar descendentes independe da territorialidade <br \/><em><strong>Resposta:<\/strong><\/em>&nbsp;E<\/p>\n\n\n\n<p><strong>Quest\u00e3o 56:&nbsp;<\/strong>Segundo o princ\u00edpio de Allee, \u00e0 medida que o n\u00famero de indiv\u00edduos de uma popula\u00e7\u00e3o, ou \u00e0 medida&#8230;<br \/><em><strong>Resposta:<\/strong><\/em>&nbsp;C<\/p>\n\n\n\n<p><strong>Quest\u00e3o 57:<\/strong> A ecologia de paisagem estabelece e analisa unicamente as rela\u00e7\u00f5es horizontais da biota com seu&#8230; <br \/><em><strong>Resposta:<\/strong><\/em>&nbsp;E<\/p>\n\n\n\n<p><strong>Quest\u00e3o 58:&nbsp;<\/strong>A matriz da paisagem atua regulando efeitos de borda de fragmentos do habitat.<br \/><em><strong>Resposta:<\/strong><\/em>&nbsp;C<\/p>\n\n\n\n<p><strong>Quest\u00e3o 59:&nbsp;<\/strong>O reconhecimento da  homogeneidade ou heterogeneidade de um objeto na paisagem independe da&#8230;<br \/><em><strong>Resposta:<\/strong><\/em>&nbsp;E<\/p>\n\n\n\n<p><strong>Quest\u00e3o 60:&nbsp;<\/strong>No cerrado, tanto o estrato lenhoso, constitu\u00eddo por \u00e1rvores e arbustos, quanto ao estrato herb\u00e1ceo&#8230;<br \/><em><strong>Resposta:<\/strong><\/em>&nbsp;C<\/p>\n\n\n\n<p><strong>Quest\u00e3o 61:&nbsp;<\/strong>Na mata atl\u00e2ntica, a distribui\u00e7\u00e3o azonal (varia\u00e7\u00e3o clim\u00e1tica latitudinal) e em altitudes vari\u00e1veis&#8230;<br \/><em><strong>Resposta:<\/strong><\/em>&nbsp;E<\/p>\n\n\n\n<p><strong>Quest\u00e3o 62:&nbsp;<\/strong>A ciclagem de nutrientes em florestas amaz\u00f4nicas envolve um conjunto complexo de mecanismos&#8230; <br \/><em><strong>Resposta:<\/strong><\/em>&nbsp;C<\/p>\n\n\n\n<p><strong>Quest\u00e3o 63:&nbsp;<\/strong>Na Amaz\u00f4nia, a extra\u00e7\u00e3o de produtos, em sua forma bruta, propicia o desenvolvimento econ\u00f4mico&#8230;<br \/><em><strong>Resposta:<\/strong><\/em>&nbsp;E<\/p>\n\n\n\n<p><strong>Quest\u00e3o 64:&nbsp;<\/strong>As primeiras atividades econ\u00f4micas desenvolvidas na regi\u00e3o amaz\u00f4nica tiveram impacto ambiental&#8230;<br \/><em><strong>Resposta:<\/strong><\/em>&nbsp;E<\/p>\n\n\n\n<p><strong>Quest\u00e3o 65:&nbsp;<\/strong>A PNB tem uma base principiol\u00f3gica utilitarista-antropoc\u00eantrica, \u00e0 medida que reconhece a necessidade&#8230; <br \/><em><strong>Resposta:<\/strong><\/em>&nbsp;E<\/p>\n\n\n\n<p><strong>Quest\u00e3o 66:&nbsp;<\/strong>O desenvolvimento, a promo\u00e7\u00e3o e a manuten\u00e7\u00e3o dos bancos de germoplasma correspondem a&#8230;<br \/><em><strong>Resposta:<\/strong><\/em>&nbsp;E<\/p>\n\n\n\n<p><strong>Quest\u00e3o 67:<\/strong> Em sentido econ\u00f4mico, os recursos gen\u00e9ticos da natureza s\u00e3o considerados patrim\u00f4nio da humanidade&#8230; <br \/><em><strong>Resposta:<\/strong><\/em> E<\/p>\n\n\n\n<p><strong>Quest\u00e3o 68:&nbsp;<\/strong>O acesso, o uso e a explora\u00e7\u00e3o l\u00edcita dos conhecimentos do Ashaninka sobre o uso do murumuru&#8230;<br \/><em><strong>Resposta:<\/strong><\/em>&nbsp;C<\/p>\n\n\n\n<p><strong>Quest\u00e3o 69:<\/strong> Nos termos da legisla\u00e7\u00e3o vigente, uma prote\u00edna oriunda do metabolismo de microrganismo isolado&#8230;<br \/><em><strong>Resposta:<\/strong><\/em>&nbsp;E<\/p>\n\n\n\n<p><strong>Quest\u00e3o 70:&nbsp;<\/strong>O CGen \u00e9 um \u00f3rg\u00e3o colegiado de car\u00e1ter deliberativo, normativo, consultivo e recursal, formado&#8230;. <br \/><em><strong>Resposta:<\/strong><\/em> C<\/p>\n\n\n\n<p><strong>Quest\u00e3o 71:&nbsp;<\/strong>A Lei n.\u00ba 5.197\/1967 protege os animais de quaisquer esp\u00e9cies de fauna silvestre que sejam&#8230; <br \/><em><strong>Resposta:<\/strong><\/em>&nbsp;E<\/p>\n\n\n\n<p><strong>Quest\u00e3o 72:&nbsp;<\/strong>A licen\u00e7a para ca\u00e7ar com armas de fogo, expedida por \u00f3rg\u00e3o competente, afasta a necessidade de&#8230; <br \/><em><strong>Resposta:<\/strong><\/em>&nbsp;E<\/p>\n\n\n\n<p><strong>Quest\u00e3o 73:&nbsp;<\/strong>A ca\u00e7a profissional \u00e9 vedada no ordenamento jur\u00eddico brasileiro vigente e sua pr\u00e1tica \u00e9 definida&#8230; <br \/><em><strong>Resposta:<\/strong><\/em>&nbsp;C<\/p>\n\n\n\n<p><strong>Quest\u00e3o 74:&nbsp;<\/strong>A explora\u00e7\u00e3o de florestas nativas para fins madeireiros, ainda que de dom\u00ednio privado, depende de&#8230; <br \/><em><strong>Resposta:<\/strong><\/em>&nbsp;C<\/p>\n\n\n\n<p><strong>Quest\u00e3o 75:&nbsp;<\/strong>S\u00e3o vedados pelo ordenamento jur\u00eddico brasileiro o manejo e a supress\u00e3o de florestas e forma\u00e7\u00f5es&#8230; <br \/><em><strong>Resposta:<\/strong><\/em>&nbsp;E<\/p>\n\n\n\n<p><strong>Quest\u00e3o 76:&nbsp;<\/strong>O Cadastro Ambiental Rural \u00e9 instrumento obrigat\u00f3rio para todos os im\u00f3veis rurais, por meio do qual&#8230; <br \/><em><strong>Resposta:<\/strong><\/em>&nbsp;C<\/p>\n\n\n\n<p><strong>Quest\u00e3o 77:&nbsp;<\/strong>O Servi\u00e7o Florestal Brasileiro \u00e9 o \u00f3rg\u00e3o aut\u00f4nomo vinculado ao Minist\u00e9rio do Meio Ambiente&#8230;<br \/><em><strong>Resposta:<\/strong><\/em> E<\/p>\n\n\n\n<p><strong>Quest\u00e3o 78:&nbsp;<\/strong>A supress\u00e3o de florestas e forma\u00e7\u00f5es sucessoras para substitui\u00e7\u00e3o por outras coberturas do solo&#8230; <br \/><em><strong>Resposta:<\/strong><\/em>&nbsp;C<\/p>\n\n\n\n<p><strong>Quest\u00e3o 79:<\/strong> A regenera\u00e7\u00e3o natural vegetativa depende do banco de sementes no solo na hora do dist\u00farbio&#8230; <br \/><em><strong>Resposta:<\/strong><\/em>&nbsp;C<\/p>\n\n\n\n<p><strong>Quest\u00e3o 80:&nbsp;<\/strong>A recupera\u00e7\u00e3o de \u00e1rea degradada consiste no retorno do ecossistema ao mais pr\u00f3ximo poss\u00edvel&#8230; <br \/><em><strong>Resposta:<\/strong><\/em> E<\/p>\n\n\n\n<p><strong>Quest\u00e3o 81:<\/strong> O plano de manejo florestal cont\u00e9m diretrizes e procedimentos para explora\u00e7\u00e3o racional da floresta&#8230; <br \/><em><strong>Resposta:<\/strong><\/em>&nbsp;C<\/p>\n\n\n\n<p><strong>Quest\u00e3o 82:&nbsp;<\/strong>O valor econ\u00f4mico do recurso ambiental de uso direto deriva-se de fun\u00e7\u00f5es ecossist\u00eamicas, como a&#8230;<br \/><em><strong>Resposta:<\/strong><\/em>&nbsp;E<\/p>\n\n\n\n<p><strong>Quest\u00e3o 83:&nbsp;<\/strong>\u00c9 dif\u00edcil a coloniza\u00e7\u00e3o das esp\u00e9cies florestais pioneiras em solos degradados, onde se desenvolvem&#8230; <br \/><em><strong>Resposta:<\/strong><\/em>&nbsp;E<\/p>\n\n\n\n<p><strong>Quest\u00e3o 84:&nbsp;<\/strong>O reflorestamento tem grande potencial de sequestro de carbono no solo e diminui\u00e7\u00e3o do fluxo de&#8230;<br \/><em><strong>Resposta:<\/strong><\/em>&nbsp;C<\/p>\n\n\n\n<p><strong>Quest\u00e3o 85:&nbsp;<\/strong>A mat\u00e9ria org\u00e2nica \u00e9 um dos maiores compartimentos terrestres de carbono, funcionando como&#8230; <br \/><em><strong>Resposta:<\/strong><\/em>&nbsp;E<\/p>\n\n\n\n<p><strong>Quest\u00e3o 86:&nbsp;<\/strong>O objetivo das concess\u00f5es florestais \u00e9 a utiliza\u00e7\u00e3o de produtos e servi\u00e7os florestais especificados em&#8230; <br \/><em><strong>Resposta:<\/strong><\/em>&nbsp;E<\/p>\n\n\n\n<p><strong>Quest\u00e3o 87:&nbsp;<\/strong>O processo de pir\u00f3lise de biomassa e aplica\u00e7\u00e3o de biocarv\u00e3o produzido no solo cria grande estoque&#8230; <br \/><em><strong>Resposta:<\/strong><\/em> C<\/p>\n\n\n\n<p><strong>Quest\u00e3o 88:&nbsp;<\/strong>O Fundo Nacional de Desenvolvimento Florestal, que tem car\u00e1ter cont\u00e1bil e \u00e9 gerido pelo \u00f3rg\u00e3o gestor&#8230; <br \/><em><strong>Resposta:<\/strong><\/em>&nbsp;E<\/p>\n\n\n\n<p><strong>Quest\u00e3o 89:<\/strong> Para cada unidade de gest\u00e3o licitada, deve ser celebrado contrato de concess\u00e3o exclusivo com&#8230; <br \/><em><strong>Resposta:<\/strong><\/em>&nbsp;E<\/p>\n\n\n\n<p><strong>Quest\u00e3o 90:&nbsp;<\/strong>O desmatamento e a queimada na floresta amaz\u00f4nica alteram o ciclo hidrol\u00f3gico e reduzem a&#8230; <br \/><em><strong>Resposta:<\/strong><\/em> E<\/p>\n\n\n\n<p><strong>Quest\u00e3o 91:&nbsp;<\/strong>Ao tomar conhecimento do desmatamento ilegal para uso agropecu\u00e1rio, o \u00f3rg\u00e3o ambiental competente&#8230; <br \/><em><strong>Resposta:<\/strong><\/em>&nbsp;E <\/p>\n\n\n\n<p><strong>Quest\u00e3o 92:<\/strong> O monitoramento por sat\u00e9lite da extra\u00e7\u00e3o seletiva de madeira na Amaz\u00f4nia Legal produz dados relativos.. <br \/><em><strong>Resposta:<\/strong><\/em>&nbsp;C<\/p>\n\n\n\n<p><strong>Quest\u00e3o 93:&nbsp;<\/strong>A r\u00e1pida identifica\u00e7\u00e3o de altera\u00e7\u00e3o na cobertura florestal amaz\u00f4nica \u00e9 realizada predominantemente&#8230; <br \/><em><strong>Resposta:<\/strong><\/em>&nbsp;C<\/p>\n\n\n\n<p><strong>Quest\u00e3o 94:&nbsp;<\/strong>Nos regimes de fogo em regi\u00f5es \u00famidas e produtivas, como na floresta amaz\u00f4nica, a atividade de&#8230;<br \/><em><strong>Resposta:<\/strong><\/em>&nbsp;E<\/p>\n\n\n\n<p><strong>Quest\u00e3o 95:&nbsp;<\/strong>A responsabiliza\u00e7\u00e3o direta de pessoas jur\u00eddicas, seja de natureza administrativa, penal ou c\u00edvel&#8230; <br \/><em><strong>Resposta:<\/strong><\/em>&nbsp;E<\/p>\n\n\n\n<p><strong>Quest\u00e3o 96:&nbsp;<\/strong>A advert\u00eancia \u00e9 uma san\u00e7\u00e3o que pode ser aplicada quando da constata\u00e7\u00e3o de infra\u00e7\u00f5es administrativas&#8230; <br \/><em><strong>Resposta:<\/strong><\/em>&nbsp;E<\/p>\n\n\n\n<p><strong>Quest\u00e3o 97:&nbsp;<\/strong>A suspens\u00e3o condicional da pena pode ser aplicada em casos de condena\u00e7\u00e3o a pena privativa de&#8230;<br \/><em><strong>Resposta:<\/strong><\/em> C<\/p>\n\n\n\n<p><strong>Quest\u00e3o 98:<\/strong> De acordo com a legisla\u00e7\u00e3o de reg\u00eancia, a pena de presta\u00e7\u00e3o de servi\u00e7os \u00e0 comunidade substitui a pena&#8230; <br \/><em><strong>Resposta:<\/strong><\/em>&nbsp;E<\/p>\n\n\n\n<p><strong>Quest\u00e3o 99:<\/strong> As penas de interdi\u00e7\u00e3o tempor\u00e1ria de direito baseiam-se na autodisciplina e no senso de&#8230; <br \/><em><strong>Resposta:<\/strong><\/em>&nbsp;E<\/p>\n\n\n\n<p><strong>Quest\u00e3o 100:&nbsp;<\/strong>Os \u00f3rg\u00e3o licenciadores devem observar os prazos estabelecidos para tramita\u00e7\u00e3o dos processos de&#8230; <br \/><em><strong>Resposta:<\/strong><\/em> E<\/p>\n\n\n\n<p><strong>Quest\u00e3o 101:&nbsp;<\/strong>Os licenciamentos ambientais s\u00e3o concedidos por um \u00fanico ente federativo. Por\u00e9m, os demais&#8230; <br \/><em><strong>Resposta:&nbsp;<\/strong><\/em>C<\/p>\n\n\n\n<p><strong>Quest\u00e3o 102:&nbsp;<\/strong>Para fins de coopera\u00e7\u00e3o institucional, os entes federativos podem se valer de conv\u00eanios, acordos de&#8230; <br \/><em><strong>Resposta:<\/strong><\/em>&nbsp;E<\/p>\n\n\n\n<p><strong>Quest\u00e3o 103:&nbsp;<\/strong>Um dos objetivos espec\u00edficos da referida pol\u00edtica \u00e9 garantir aos povos e comunidades tradicionais&#8230; <br \/><em><strong>Resposta:<\/strong><\/em>&nbsp;C<\/p>\n\n\n\n<p><strong>Quest\u00e3o 104:&nbsp;<\/strong>De acordo com a legisla\u00e7\u00e3o de reg\u00eancia, a prote\u00e7\u00e3o integral consiste no conjunto de m\u00e9todos&#8230;<br \/><em><strong>Resposta:<\/strong><\/em>&nbsp;E<\/p>\n\n\n\n<p><strong>Quest\u00e3o 105:<\/strong> No caso das unidades de conserva\u00e7\u00e3o de uso sustent\u00e1vel, os limites da UC em rela\u00e7\u00e3o ao subsolo&#8230;<br \/><em><strong>Resposta:<\/strong><\/em>&nbsp;C<\/p>\n\n\n\n<p><strong>Quest\u00e3o 106:&nbsp;<\/strong>A floresta nacional constitui o grupo das unidades de uso sustent\u00e1vel que comp\u00f5e o SNUC e \u00e9&#8230; <br \/><em><strong>Resposta:<\/strong><\/em>&nbsp;C<\/p>\n\n\n\n<p><strong>Quest\u00e3o 107:&nbsp;<\/strong>No \u00e2mbito do ensino formal, a educa\u00e7\u00e3o ambiental deve ser implantada como disciplina espec\u00edfica&#8230; <br \/><em><strong>Resposta:<\/strong><\/em>&nbsp;E<\/p>\n\n\n\n<p><strong>Quest\u00e3o 108:&nbsp;<\/strong>Os meios de comunica\u00e7\u00e3o de massa t\u00eam a incumb\u00eancia de colaborar de maneira ativa e permanente&#8230; <br \/><em><strong>Resposta:<\/strong><\/em>&nbsp;C<\/p>\n\n\n\n<p><strong>Quest\u00e3o 109:&nbsp;<\/strong>Ao comit\u00ea geral cabe coordenar, executar e operacionalizar o Programa Bolsa Verde, observadas as&#8230; <br \/><em><strong>Resposta:<\/strong><\/em>&nbsp;E<\/p>\n\n\n\n<p><strong>Quest\u00e3o 110:&nbsp;<\/strong>Os objetivos do programa incluem a promo\u00e7\u00e3o da cidadania, a melhoria das condi\u00e7\u00f5es de vida, a&#8230;<br \/><em><strong>Resposta:<\/strong><\/em>&nbsp;C<\/p>\n\n\n\n<p><strong>Quest\u00e3o 111:<\/strong> As fam\u00edlias beneficiadas pelo referido programa poder\u00e3o desenvolver projetos de assentamento&#8230;<br \/><em><strong>Resposta:<\/strong><\/em>&nbsp;E<\/p>\n\n\n\n<p><strong>Quest\u00e3o 112:&nbsp;<\/strong>Compete ao comit\u00ea gestor do Programa Bolsa Verde, entre outras atribui\u00e7\u00f5es, a indica\u00e7\u00e3o de \u00e1reas&#8230; <br \/><em><strong>Resposta:<\/strong><\/em>&nbsp;C<\/p>\n\n\n\n<p><strong>Quest\u00e3o 113:&nbsp;<\/strong>Assegurar os direitos territoriais de comunidades quilombolas e povos ind\u00edgenas como instrumento&#8230;<br \/><em><strong>Resposta:<\/strong><\/em>&nbsp;C<\/p>\n\n\n\n<p><strong>Quest\u00e3o 114:&nbsp;<\/strong>Os princ\u00edpios do PNAP incluem o respeito \u00e0 diversidade da vida e ao processo evolutivo, a soberania&#8230; <br \/><em><strong>Resposta:<\/strong><\/em>&nbsp;E<\/p>\n\n\n\n<p><strong>Quest\u00e3o 115:<\/strong> As estrat\u00e9gias do PNAP incluem a atualiza\u00e7\u00e3o das \u00e1reas priorit\u00e1rias para a biodiversidade nos diversos&#8230; <br \/><em><strong>Resposta:<\/strong><\/em>&nbsp;C<\/p>\n\n\n\n<p><strong>Quest\u00e3o 116:&nbsp;<\/strong>S\u00e3o linhas de atua\u00e7\u00e3o da PNEA na educa\u00e7\u00e3o escolar a capacita\u00e7\u00e3o de recursos humanos&#8230;<br \/><em><strong>Resposta:<\/strong><\/em>&nbsp;E<\/p>\n\n\n\n<p><strong>Quest\u00e3o 117:&nbsp;<\/strong>A educa\u00e7\u00e3o ambiental tem como objetivos fundamentais, entre outros, a garantia de democratiza\u00e7\u00e3o&#8230; <br \/><em><strong>Resposta:<\/strong><\/em>&nbsp;E<\/p>\n\n\n\n<p><strong>Quest\u00e3o 118:&nbsp;<\/strong>Os programas de educa\u00e7\u00e3o ambiental devem ser integrados a todos os n\u00edveis e modalidades de ensino&#8230; <br \/><em><strong>Resposta:<\/strong><\/em>&nbsp;C<\/p>\n\n\n\n<p><strong>Quest\u00e3o 119:&nbsp;<\/strong>A erradica\u00e7\u00e3o da pobreza e da marginaliza\u00e7\u00e3o, a redu\u00e7\u00e3o das desigualdades sociais e regionais, a&#8230;<br \/><em><strong>Resposta:<\/strong><\/em>&nbsp;E<\/p>\n\n\n\n<p><strong>Quest\u00e3o 120:<\/strong> Constitui crime inafian\u00e7\u00e1vel, imprescrit\u00edvel e insuscet\u00edvel de gra\u00e7a ou anistia a pr\u00e1tica da tortura, o&#8230;<br \/><em><strong>Resposta:<\/strong><\/em>&nbsp;E<\/p>\n\n\n\n<p class=\"has-text-align-center has-light-green-cyan-background-color has-background has-medium-font-size\"><strong>Mais informa\u00e7\u00f5es: <a href=\"https:\/\/www.estrategiaconcursos.com.br\/blog\/concurso-icmbio\" target=\"_blank\" rel=\"noreferrer noopener\">Concurso ICMBio<\/a><\/strong><\/p>\n\n\n\n<h2 class=\"has-text-align-center wp-block-heading\" id=\"cursos-assinatura\">Quer estudar para o concurso ICMBio?<\/h2>\n\n\n\n<div class=\"container\" id=\"boxes\">\n  <div class=\"row\">\n\n    <div class=\"col-sm\">\n      <div class=\"banner-estrategia\" id=\"box-assinatura\">\n        <h3 class=\"titulo-assinatura\">Cursos para ICMBio<\/h3>\n        <p class=\"subtitulo-assinatura\">Estude conosco<\/p>\n        <div class=\"box-botao\">\n          <a class=\"btn-assinatura\" target=\"_blank\" href=\"https:\/\/www.estrategiaconcursos.com.br\/cursosPorConcurso\/icmbio-241\/\" role=\"button\" rel=\"noopener noreferrer\">Conhe\u00e7a os cursos<\/a>\n        <\/div>\n      <\/div>\n     \n    <\/div>\n\n  <\/div>\n<\/div>\n\n\n\n<div class=\"container\" id=\"boxes\">\n  <div class=\"row\">\n\n    <div class=\"col-sm\">\n      <div class=\"estrategia\" id=\"box-assinatura\">\n        <h3 class=\"titulo-assinatura\">Assinaturas<\/h3>\n        <p class=\"subtitulo-assinatura\">Assinatura de 1 ano ou 2 anos<\/p>\n        <div class=\"box-botao\">\n          <a class=\"btn-assinatura\" target=\"_blank\" href=\"https:\/\/www.estrategiaconcursos.com.br\/assinaturas\/\" role=\"button\" rel=\"noopener noreferrer\">ASSINE AGORA<\/a>\n        <\/div>\n      <\/div>\n     \n    <\/div><\/div><\/div>\n\n\n\n<h2 class=\"has-text-align-center wp-block-heading\">Quer saber tudo sobre concursos previstos?<br \/>Confira nossos artigos!<\/h2>\n\n\n\n<ul class=\"wp-block-list\">\n<li><a target=\"_blank\" href=\"https:\/\/www.estrategiaconcursos.com.br\/blog\/concursos-abertos\/\" rel=\"noreferrer noopener\">Concursos abertos<\/a><\/li>\n\n\n\n<li><a target=\"_blank\" href=\"https:\/\/www.estrategiaconcursos.com.br\/blog\/concursos-2022\/\" rel=\"noreferrer noopener\">Concursos 2022<\/a><\/li>\n<\/ul>\n","protected":false},"excerpt":{"rendered":"<p>Foram realizadas na tarde deste domingo, 6 de fevereiro, as Provas Objetiva e Discursiva do concurso ICMBio, para o cargo de T\u00e9cnico Ambiental, no qual foram ofertadas 135 vagas e registradas 18.089 inscri\u00e7\u00f5es. A previs\u00e3o de divulga\u00e7\u00e3o do gabarito preliminar \u00e9 para ter\u00e7a-feira, 8 de fevereiro, a partir das 19h no site do Cebraspe. No [&hellip;]<\/p>\n","protected":false},"author":1,"featured_media":962404,"comment_status":"open","ping_status":"closed","sticky":false,"template":"","format":"standard","meta":{"post_tipo":"news","footnotes":""},"categories":[214992],"tags":[],"tax_estado":[219963],"class_list":["post-962395","post","type-post","status-publish","format-standard","has-post-thumbnail","hentry","category-concursos-administrativos","tax_estado-concursos-federais"],"acf":[],"yoast_head":"<!-- This site is optimized with the Yoast SEO Premium plugin v27.2 (Yoast SEO v27.2) - https:\/\/yoast.com\/product\/yoast-seo-premium-wordpress\/ -->\n<title>Gabarito Extraoficial ICMBio: Cargo T\u00e9cnico Ambiental - Confira!<\/title>\n<meta name=\"description\" content=\"Confira no in\u00edcio da noite deste domingo a corre\u00e7\u00e3o da prova e apresenta\u00e7\u00e3o do Gabarito Extraoficial ICMBio: Cargo T\u00e9cnico Ambiental!\" \/>\n<meta name=\"robots\" content=\"index, follow, max-snippet:-1, max-image-preview:large, max-video-preview:-1\" \/>\n<link rel=\"canonical\" href=\"https:\/\/www.estrategiaconcursos.com.br\/blog\/gabarito-extraoficial-icmbio-tecnico-ambiental\/\" \/>\n<meta property=\"og:locale\" content=\"pt_BR\" \/>\n<meta property=\"og:type\" content=\"article\" \/>\n<meta property=\"og:title\" content=\"Gabarito Extraoficial ICMBio: Cargo T\u00e9cnico Ambiental - Confira!\" \/>\n<meta property=\"og:description\" content=\"Confira no in\u00edcio da noite deste domingo a corre\u00e7\u00e3o da prova e apresenta\u00e7\u00e3o do Gabarito Extraoficial ICMBio: Cargo T\u00e9cnico Ambiental!\" \/>\n<meta property=\"og:url\" content=\"https:\/\/www.estrategiaconcursos.com.br\/blog\/gabarito-extraoficial-icmbio-tecnico-ambiental\/\" \/>\n<meta property=\"og:site_name\" content=\"Estrat\u00e9gia Concursos\" \/>\n<meta property=\"article:author\" content=\"https:\/\/www.facebook.com\/EstrategiaConcursos\" \/>\n<meta property=\"article:published_time\" content=\"2022-02-06T21:07:00+00:00\" \/>\n<meta property=\"article:modified_time\" content=\"2023-03-15T16:41:48+00:00\" \/>\n<meta property=\"og:image\" content=\"https:\/\/dhg1h5j42swfq.cloudfront.net\/2022\/02\/05121425\/1280-720-max-1-6.jpg\" \/>\n\t<meta property=\"og:image:width\" content=\"1280\" \/>\n\t<meta property=\"og:image:height\" content=\"720\" \/>\n\t<meta property=\"og:image:type\" content=\"image\/jpeg\" \/>\n<meta name=\"author\" content=\"Coordena\u00e7\u00e3o\" \/>\n<meta name=\"twitter:card\" content=\"summary_large_image\" \/>\n<meta name=\"twitter:creator\" content=\"@EstratConcursos\" \/>\n<meta name=\"twitter:site\" content=\"@EstratConcursos\" \/>\n<meta name=\"twitter:label1\" content=\"Escrito por\" \/>\n\t<meta name=\"twitter:data1\" content=\"Coordena\u00e7\u00e3o\" \/>\n\t<meta name=\"twitter:label2\" content=\"Est. tempo de leitura\" \/>\n\t<meta name=\"twitter:data2\" content=\"14 minutos\" \/>\n<script type=\"application\/ld+json\" class=\"yoast-schema-graph\">{\"@context\":\"https:\/\/schema.org\",\"@graph\":[{\"@type\":\"NewsArticle\",\"@id\":\"https:\/\/www.estrategiaconcursos.com.br\/blog\/gabarito-extraoficial-icmbio-tecnico-ambiental\/#article\",\"isPartOf\":{\"@id\":\"https:\/\/www.estrategiaconcursos.com.br\/blog\/gabarito-extraoficial-icmbio-tecnico-ambiental\/\"},\"author\":{\"name\":\"Coordena\u00e7\u00e3o\",\"@id\":\"https:\/\/www.estrategiaconcursos.com.br\/blog\/#\/schema\/person\/b4a388c97673c5f483d72185668afa1f\"},\"headline\":\"Gabarito Extraoficial ICMBio: Cargo T\u00e9cnico Ambiental &#8211; Confira!\",\"datePublished\":\"2022-02-06T21:07:00+00:00\",\"dateModified\":\"2023-03-15T16:41:48+00:00\",\"mainEntityOfPage\":{\"@id\":\"https:\/\/www.estrategiaconcursos.com.br\/blog\/gabarito-extraoficial-icmbio-tecnico-ambiental\/\"},\"wordCount\":2883,\"commentCount\":0,\"publisher\":{\"@id\":\"https:\/\/www.estrategiaconcursos.com.br\/blog\/#organization\"},\"image\":{\"@id\":\"https:\/\/www.estrategiaconcursos.com.br\/blog\/gabarito-extraoficial-icmbio-tecnico-ambiental\/#primaryimage\"},\"thumbnailUrl\":\"https:\/\/dhg1h5j42swfq.cloudfront.net\/2022\/02\/05121425\/1280-720-max-1-6.jpg\",\"articleSection\":[\"Executivo (Administrativa)\"],\"inLanguage\":\"pt-BR\",\"potentialAction\":[{\"@type\":\"CommentAction\",\"name\":\"Comment\",\"target\":[\"https:\/\/www.estrategiaconcursos.com.br\/blog\/gabarito-extraoficial-icmbio-tecnico-ambiental\/#respond\"]}],\"copyrightYear\":\"2022\",\"copyrightHolder\":{\"@id\":\"https:\/\/www.estrategiaconcursos.com.br\/blog\/#organization\"}},{\"@type\":\"WebPage\",\"@id\":\"https:\/\/www.estrategiaconcursos.com.br\/blog\/gabarito-extraoficial-icmbio-tecnico-ambiental\/\",\"url\":\"https:\/\/www.estrategiaconcursos.com.br\/blog\/gabarito-extraoficial-icmbio-tecnico-ambiental\/\",\"name\":\"Gabarito Extraoficial ICMBio: Cargo T\u00e9cnico Ambiental - Confira!\",\"isPartOf\":{\"@id\":\"https:\/\/www.estrategiaconcursos.com.br\/blog\/#website\"},\"primaryImageOfPage\":{\"@id\":\"https:\/\/www.estrategiaconcursos.com.br\/blog\/gabarito-extraoficial-icmbio-tecnico-ambiental\/#primaryimage\"},\"image\":{\"@id\":\"https:\/\/www.estrategiaconcursos.com.br\/blog\/gabarito-extraoficial-icmbio-tecnico-ambiental\/#primaryimage\"},\"thumbnailUrl\":\"https:\/\/dhg1h5j42swfq.cloudfront.net\/2022\/02\/05121425\/1280-720-max-1-6.jpg\",\"datePublished\":\"2022-02-06T21:07:00+00:00\",\"dateModified\":\"2023-03-15T16:41:48+00:00\",\"description\":\"Confira no in\u00edcio da noite deste domingo a corre\u00e7\u00e3o da prova e apresenta\u00e7\u00e3o do Gabarito Extraoficial ICMBio: Cargo T\u00e9cnico Ambiental!\",\"breadcrumb\":{\"@id\":\"https:\/\/www.estrategiaconcursos.com.br\/blog\/gabarito-extraoficial-icmbio-tecnico-ambiental\/#breadcrumb\"},\"inLanguage\":\"pt-BR\",\"potentialAction\":[{\"@type\":\"ReadAction\",\"target\":[\"https:\/\/www.estrategiaconcursos.com.br\/blog\/gabarito-extraoficial-icmbio-tecnico-ambiental\/\"]}]},{\"@type\":\"ImageObject\",\"inLanguage\":\"pt-BR\",\"@id\":\"https:\/\/www.estrategiaconcursos.com.br\/blog\/gabarito-extraoficial-icmbio-tecnico-ambiental\/#primaryimage\",\"url\":\"https:\/\/dhg1h5j42swfq.cloudfront.net\/2022\/02\/05121425\/1280-720-max-1-6.jpg\",\"contentUrl\":\"https:\/\/dhg1h5j42swfq.cloudfront.net\/2022\/02\/05121425\/1280-720-max-1-6.jpg\",\"width\":1280,\"height\":720,\"caption\":\"Gabarito Extraoficial ICMBio \u2013 Cargo:\"},{\"@type\":\"BreadcrumbList\",\"@id\":\"https:\/\/www.estrategiaconcursos.com.br\/blog\/gabarito-extraoficial-icmbio-tecnico-ambiental\/#breadcrumb\",\"itemListElement\":[{\"@type\":\"ListItem\",\"position\":1,\"name\":\"In\u00edcio\",\"item\":\"https:\/\/www.estrategiaconcursos.com.br\/blog\/\"},{\"@type\":\"ListItem\",\"position\":2,\"name\":\"Gabarito Extraoficial ICMBio: Cargo T\u00e9cnico Ambiental &#8211; Confira!\"}]},{\"@type\":\"WebSite\",\"@id\":\"https:\/\/www.estrategiaconcursos.com.br\/blog\/#website\",\"url\":\"https:\/\/www.estrategiaconcursos.com.br\/blog\/\",\"name\":\"Estrat\u00e9gia Concursos\",\"description\":\"O blog da Estrat\u00e9gia Concursos traz not\u00edcias sobre concursos e artigos de professores oferecendo cursos para concursos (pdf + videaulas) no site.\",\"publisher\":{\"@id\":\"https:\/\/www.estrategiaconcursos.com.br\/blog\/#organization\"},\"potentialAction\":[{\"@type\":\"SearchAction\",\"target\":{\"@type\":\"EntryPoint\",\"urlTemplate\":\"https:\/\/www.estrategiaconcursos.com.br\/blog\/?s={search_term_string}\"},\"query-input\":{\"@type\":\"PropertyValueSpecification\",\"valueRequired\":true,\"valueName\":\"search_term_string\"}}],\"inLanguage\":\"pt-BR\"},{\"@type\":\"Organization\",\"@id\":\"https:\/\/www.estrategiaconcursos.com.br\/blog\/#organization\",\"name\":\"Estrat\u00e9gia Concursos\",\"url\":\"https:\/\/www.estrategiaconcursos.com.br\/blog\/\",\"logo\":{\"@type\":\"ImageObject\",\"inLanguage\":\"pt-BR\",\"@id\":\"https:\/\/www.estrategiaconcursos.com.br\/blog\/#\/schema\/logo\/image\/\",\"url\":\"https:\/\/dhg1h5j42swfq.cloudfront.net\/2025\/06\/03203428\/logo_concursos-1.jpg\",\"contentUrl\":\"https:\/\/dhg1h5j42swfq.cloudfront.net\/2025\/06\/03203428\/logo_concursos-1.jpg\",\"width\":230,\"height\":60,\"caption\":\"Estrat\u00e9gia Concursos\"},\"image\":{\"@id\":\"https:\/\/www.estrategiaconcursos.com.br\/blog\/#\/schema\/logo\/image\/\"},\"sameAs\":[\"https:\/\/x.com\/EstratConcursos\"]},{\"@type\":\"Person\",\"@id\":\"https:\/\/www.estrategiaconcursos.com.br\/blog\/#\/schema\/person\/b4a388c97673c5f483d72185668afa1f\",\"name\":\"Coordena\u00e7\u00e3o\",\"image\":{\"@type\":\"ImageObject\",\"inLanguage\":\"pt-BR\",\"@id\":\"https:\/\/secure.gravatar.com\/avatar\/b720319e4c9a967eb58678d110f4fe35452fc5d5f97b202bac7b8acceb18c6ad?s=96&d=mm&r=g\",\"url\":\"https:\/\/secure.gravatar.com\/avatar\/b720319e4c9a967eb58678d110f4fe35452fc5d5f97b202bac7b8acceb18c6ad?s=96&d=mm&r=g\",\"contentUrl\":\"https:\/\/secure.gravatar.com\/avatar\/b720319e4c9a967eb58678d110f4fe35452fc5d5f97b202bac7b8acceb18c6ad?s=96&d=mm&r=g\",\"caption\":\"Coordena\u00e7\u00e3o\"},\"sameAs\":[\"https:\/\/www.facebook.com\/EstrategiaConcursos\",\"https:\/\/x.com\/EstratConcursos\"],\"url\":\"https:\/\/www.estrategiaconcursos.com.br\/blog\/author\/estrategia2013\/\"}]}<\/script>\n<!-- \/ Yoast SEO Premium plugin. -->","yoast_head_json":{"title":"Gabarito Extraoficial ICMBio: Cargo T\u00e9cnico Ambiental - Confira!","description":"Confira no in\u00edcio da noite deste domingo a corre\u00e7\u00e3o da prova e apresenta\u00e7\u00e3o do Gabarito Extraoficial ICMBio: Cargo T\u00e9cnico Ambiental!","robots":{"index":"index","follow":"follow","max-snippet":"max-snippet:-1","max-image-preview":"max-image-preview:large","max-video-preview":"max-video-preview:-1"},"canonical":"https:\/\/www.estrategiaconcursos.com.br\/blog\/gabarito-extraoficial-icmbio-tecnico-ambiental\/","og_locale":"pt_BR","og_type":"article","og_title":"Gabarito Extraoficial ICMBio: Cargo T\u00e9cnico Ambiental - Confira!","og_description":"Confira no in\u00edcio da noite deste domingo a corre\u00e7\u00e3o da prova e apresenta\u00e7\u00e3o do Gabarito Extraoficial ICMBio: Cargo T\u00e9cnico Ambiental!","og_url":"https:\/\/www.estrategiaconcursos.com.br\/blog\/gabarito-extraoficial-icmbio-tecnico-ambiental\/","og_site_name":"Estrat\u00e9gia Concursos","article_author":"https:\/\/www.facebook.com\/EstrategiaConcursos","article_published_time":"2022-02-06T21:07:00+00:00","article_modified_time":"2023-03-15T16:41:48+00:00","og_image":[{"width":1280,"height":720,"url":"https:\/\/dhg1h5j42swfq.cloudfront.net\/2022\/02\/05121425\/1280-720-max-1-6.jpg","type":"image\/jpeg"}],"author":"Coordena\u00e7\u00e3o","twitter_card":"summary_large_image","twitter_creator":"@EstratConcursos","twitter_site":"@EstratConcursos","twitter_misc":{"Escrito por":"Coordena\u00e7\u00e3o","Est. tempo de leitura":"14 minutos"},"schema":{"@context":"https:\/\/schema.org","@graph":[{"@type":"NewsArticle","@id":"https:\/\/www.estrategiaconcursos.com.br\/blog\/gabarito-extraoficial-icmbio-tecnico-ambiental\/#article","isPartOf":{"@id":"https:\/\/www.estrategiaconcursos.com.br\/blog\/gabarito-extraoficial-icmbio-tecnico-ambiental\/"},"author":{"name":"Coordena\u00e7\u00e3o","@id":"https:\/\/www.estrategiaconcursos.com.br\/blog\/#\/schema\/person\/b4a388c97673c5f483d72185668afa1f"},"headline":"Gabarito Extraoficial ICMBio: Cargo T\u00e9cnico Ambiental &#8211; Confira!","datePublished":"2022-02-06T21:07:00+00:00","dateModified":"2023-03-15T16:41:48+00:00","mainEntityOfPage":{"@id":"https:\/\/www.estrategiaconcursos.com.br\/blog\/gabarito-extraoficial-icmbio-tecnico-ambiental\/"},"wordCount":2883,"commentCount":0,"publisher":{"@id":"https:\/\/www.estrategiaconcursos.com.br\/blog\/#organization"},"image":{"@id":"https:\/\/www.estrategiaconcursos.com.br\/blog\/gabarito-extraoficial-icmbio-tecnico-ambiental\/#primaryimage"},"thumbnailUrl":"https:\/\/dhg1h5j42swfq.cloudfront.net\/2022\/02\/05121425\/1280-720-max-1-6.jpg","articleSection":["Executivo (Administrativa)"],"inLanguage":"pt-BR","potentialAction":[{"@type":"CommentAction","name":"Comment","target":["https:\/\/www.estrategiaconcursos.com.br\/blog\/gabarito-extraoficial-icmbio-tecnico-ambiental\/#respond"]}],"copyrightYear":"2022","copyrightHolder":{"@id":"https:\/\/www.estrategiaconcursos.com.br\/blog\/#organization"}},{"@type":"WebPage","@id":"https:\/\/www.estrategiaconcursos.com.br\/blog\/gabarito-extraoficial-icmbio-tecnico-ambiental\/","url":"https:\/\/www.estrategiaconcursos.com.br\/blog\/gabarito-extraoficial-icmbio-tecnico-ambiental\/","name":"Gabarito Extraoficial ICMBio: Cargo T\u00e9cnico Ambiental - Confira!","isPartOf":{"@id":"https:\/\/www.estrategiaconcursos.com.br\/blog\/#website"},"primaryImageOfPage":{"@id":"https:\/\/www.estrategiaconcursos.com.br\/blog\/gabarito-extraoficial-icmbio-tecnico-ambiental\/#primaryimage"},"image":{"@id":"https:\/\/www.estrategiaconcursos.com.br\/blog\/gabarito-extraoficial-icmbio-tecnico-ambiental\/#primaryimage"},"thumbnailUrl":"https:\/\/dhg1h5j42swfq.cloudfront.net\/2022\/02\/05121425\/1280-720-max-1-6.jpg","datePublished":"2022-02-06T21:07:00+00:00","dateModified":"2023-03-15T16:41:48+00:00","description":"Confira no in\u00edcio da noite deste domingo a corre\u00e7\u00e3o da prova e apresenta\u00e7\u00e3o do Gabarito Extraoficial ICMBio: Cargo T\u00e9cnico Ambiental!","breadcrumb":{"@id":"https:\/\/www.estrategiaconcursos.com.br\/blog\/gabarito-extraoficial-icmbio-tecnico-ambiental\/#breadcrumb"},"inLanguage":"pt-BR","potentialAction":[{"@type":"ReadAction","target":["https:\/\/www.estrategiaconcursos.com.br\/blog\/gabarito-extraoficial-icmbio-tecnico-ambiental\/"]}]},{"@type":"ImageObject","inLanguage":"pt-BR","@id":"https:\/\/www.estrategiaconcursos.com.br\/blog\/gabarito-extraoficial-icmbio-tecnico-ambiental\/#primaryimage","url":"https:\/\/dhg1h5j42swfq.cloudfront.net\/2022\/02\/05121425\/1280-720-max-1-6.jpg","contentUrl":"https:\/\/dhg1h5j42swfq.cloudfront.net\/2022\/02\/05121425\/1280-720-max-1-6.jpg","width":1280,"height":720,"caption":"Gabarito Extraoficial ICMBio \u2013 Cargo:"},{"@type":"BreadcrumbList","@id":"https:\/\/www.estrategiaconcursos.com.br\/blog\/gabarito-extraoficial-icmbio-tecnico-ambiental\/#breadcrumb","itemListElement":[{"@type":"ListItem","position":1,"name":"In\u00edcio","item":"https:\/\/www.estrategiaconcursos.com.br\/blog\/"},{"@type":"ListItem","position":2,"name":"Gabarito Extraoficial ICMBio: Cargo T\u00e9cnico Ambiental &#8211; Confira!"}]},{"@type":"WebSite","@id":"https:\/\/www.estrategiaconcursos.com.br\/blog\/#website","url":"https:\/\/www.estrategiaconcursos.com.br\/blog\/","name":"Estrat\u00e9gia Concursos","description":"O blog da Estrat\u00e9gia Concursos traz not\u00edcias sobre concursos e artigos de professores oferecendo cursos para concursos (pdf + videaulas) no site.","publisher":{"@id":"https:\/\/www.estrategiaconcursos.com.br\/blog\/#organization"},"potentialAction":[{"@type":"SearchAction","target":{"@type":"EntryPoint","urlTemplate":"https:\/\/www.estrategiaconcursos.com.br\/blog\/?s={search_term_string}"},"query-input":{"@type":"PropertyValueSpecification","valueRequired":true,"valueName":"search_term_string"}}],"inLanguage":"pt-BR"},{"@type":"Organization","@id":"https:\/\/www.estrategiaconcursos.com.br\/blog\/#organization","name":"Estrat\u00e9gia Concursos","url":"https:\/\/www.estrategiaconcursos.com.br\/blog\/","logo":{"@type":"ImageObject","inLanguage":"pt-BR","@id":"https:\/\/www.estrategiaconcursos.com.br\/blog\/#\/schema\/logo\/image\/","url":"https:\/\/dhg1h5j42swfq.cloudfront.net\/2025\/06\/03203428\/logo_concursos-1.jpg","contentUrl":"https:\/\/dhg1h5j42swfq.cloudfront.net\/2025\/06\/03203428\/logo_concursos-1.jpg","width":230,"height":60,"caption":"Estrat\u00e9gia Concursos"},"image":{"@id":"https:\/\/www.estrategiaconcursos.com.br\/blog\/#\/schema\/logo\/image\/"},"sameAs":["https:\/\/x.com\/EstratConcursos"]},{"@type":"Person","@id":"https:\/\/www.estrategiaconcursos.com.br\/blog\/#\/schema\/person\/b4a388c97673c5f483d72185668afa1f","name":"Coordena\u00e7\u00e3o","image":{"@type":"ImageObject","inLanguage":"pt-BR","@id":"https:\/\/secure.gravatar.com\/avatar\/b720319e4c9a967eb58678d110f4fe35452fc5d5f97b202bac7b8acceb18c6ad?s=96&d=mm&r=g","url":"https:\/\/secure.gravatar.com\/avatar\/b720319e4c9a967eb58678d110f4fe35452fc5d5f97b202bac7b8acceb18c6ad?s=96&d=mm&r=g","contentUrl":"https:\/\/secure.gravatar.com\/avatar\/b720319e4c9a967eb58678d110f4fe35452fc5d5f97b202bac7b8acceb18c6ad?s=96&d=mm&r=g","caption":"Coordena\u00e7\u00e3o"},"sameAs":["https:\/\/www.facebook.com\/EstrategiaConcursos","https:\/\/x.com\/EstratConcursos"],"url":"https:\/\/www.estrategiaconcursos.com.br\/blog\/author\/estrategia2013\/"}]}},"_links":{"self":[{"href":"https:\/\/www.estrategiaconcursos.com.br\/blog\/wp-json\/wp\/v2\/posts\/962395","targetHints":{"allow":["GET"]}}],"collection":[{"href":"https:\/\/www.estrategiaconcursos.com.br\/blog\/wp-json\/wp\/v2\/posts"}],"about":[{"href":"https:\/\/www.estrategiaconcursos.com.br\/blog\/wp-json\/wp\/v2\/types\/post"}],"author":[{"embeddable":true,"href":"https:\/\/www.estrategiaconcursos.com.br\/blog\/wp-json\/wp\/v2\/users\/1"}],"replies":[{"embeddable":true,"href":"https:\/\/www.estrategiaconcursos.com.br\/blog\/wp-json\/wp\/v2\/comments?post=962395"}],"version-history":[{"count":110,"href":"https:\/\/www.estrategiaconcursos.com.br\/blog\/wp-json\/wp\/v2\/posts\/962395\/revisions"}],"predecessor-version":[{"id":1187140,"href":"https:\/\/www.estrategiaconcursos.com.br\/blog\/wp-json\/wp\/v2\/posts\/962395\/revisions\/1187140"}],"wp:featuredmedia":[{"embeddable":true,"href":"https:\/\/www.estrategiaconcursos.com.br\/blog\/wp-json\/wp\/v2\/media\/962404"}],"wp:attachment":[{"href":"https:\/\/www.estrategiaconcursos.com.br\/blog\/wp-json\/wp\/v2\/media?parent=962395"}],"wp:term":[{"taxonomy":"category","embeddable":true,"href":"https:\/\/www.estrategiaconcursos.com.br\/blog\/wp-json\/wp\/v2\/categories?post=962395"},{"taxonomy":"post_tag","embeddable":true,"href":"https:\/\/www.estrategiaconcursos.com.br\/blog\/wp-json\/wp\/v2\/tags?post=962395"},{"taxonomy":"tax_estado","embeddable":true,"href":"https:\/\/www.estrategiaconcursos.com.br\/blog\/wp-json\/wp\/v2\/tax_estado?post=962395"}],"curies":[{"name":"wp","href":"https:\/\/api.w.org\/{rel}","templated":true}]}}