{"id":962241,"date":"2022-02-05T09:47:33","date_gmt":"2022-02-05T12:47:33","guid":{"rendered":"https:\/\/www.estrategiaconcursos.com.br\/blog\/?p=962241"},"modified":"2025-07-09T11:01:46","modified_gmt":"2025-07-09T14:01:46","slug":"concurso-sefaz-se-fim-inscricoes","status":"publish","type":"post","link":"https:\/\/www.estrategiaconcursos.com.br\/blog\/concurso-sefaz-se-fim-inscricoes\/","title":{"rendered":"Concurso Sefaz SE tem inscri\u00e7\u00f5es at\u00e9 amanh\u00e3 (06); Corre!"},"content":{"rendered":"\n<p>Se voc\u00ea quer participar do<em><strong> concurso Sefaz SE<\/strong><\/em>, deve se apressar, pois as inscri\u00e7\u00f5es do certame se encerram neste domingo,<strong> 06 de fevereiro<\/strong>.<\/p>\n\n\n\n<p>Todo o processo deve ser feito no site da banca organizadora, o <strong><a href=\"https:\/\/www.cebraspe.org.br\/concursos\/SEFAZ_SE_21_AUDITOR\" target=\"_blank\" rel=\"noreferrer noopener\">Cebraspe<\/a><\/strong>, at\u00e9 \u00e0s 18h. Esse mesmo prazo vale para aqueles que desejam solicitar a<strong> isen\u00e7\u00e3o <\/strong>do pagamento da taxa.<\/p>\n\n\n\n<p>Quem n\u00e3o se enquadra nos requisitos necess\u00e1rios para isen\u00e7\u00e3o, dever\u00e1 pagar uma taxa fixada em<strong> R$ 210,00<\/strong>. O valor deve ser pago at\u00e9 25 de fevereiro de 2022.<\/p>\n\n\n\n<div class=\"wp-block-image\"><figure class=\"aligncenter size-large is-resized\"><img loading=\"lazy\" decoding=\"async\" src=\"https:\/\/dhg1h5j42swfq.cloudfront.net\/2022\/02\/05093810\/image-107-1024x532.png\" alt=\"Concurso Sefaz SE tem inscri\u00e7\u00f5es at\u00e9 amanh\u00e3 (06); Corre!\" class=\"wp-image-962253\" width=\"745\" height=\"387\" srcset=\"https:\/\/dhg1h5j42swfq.cloudfront.net\/2022\/02\/05093810\/image-107-1024x532.png 1024w, https:\/\/dhg1h5j42swfq.cloudfront.net\/2022\/02\/05093810\/image-107-300x156.png 300w, https:\/\/dhg1h5j42swfq.cloudfront.net\/2022\/02\/05093810\/image-107-768x399.png 768w, https:\/\/dhg1h5j42swfq.cloudfront.net\/2022\/02\/05093810\/image-107-610x317.png 610w, https:\/\/dhg1h5j42swfq.cloudfront.net\/2022\/02\/05093810\/image-107.png 1204w\" sizes=\"auto, (max-width: 745px) 100vw, 745px\" \/><\/figure><\/div>\n\n\n\n<h2 class=\"wp-block-heading\">Isen\u00e7\u00e3o da taxa de inscri\u00e7\u00e3o<\/h2>\n\n\n\n<p>Para solicitar a isen\u00e7\u00e3o de taxa de inscri\u00e7\u00e3o, os candidatos dever\u00e3o enviar, por meio de <a href=\"https:\/\/security.cebraspe.org.br\/SEFAZ_SE_21_AUDITOR\/Upload\/Isencao\" target=\"_blank\" rel=\"noreferrer noopener\">link espec\u00edfico<\/a>, a imagem leg\u00edvel da documenta\u00e7\u00e3o solicitada, conforme o caso em que se enquadra:<\/p>\n\n\n\n<p><strong>1\u00aa POSSIBILIDADE<\/strong> (doador de sangue, conforme a Lei Estadual n\u00ba 4.087\/1999): certid\u00e3o emitida pelo Centro de Hemoterapia do Estado de Sergipe (HEMOSE), comprovando que realizou, no m\u00ednimo, duas doa\u00e7\u00f5es de sangue, no per\u00edodo de um ano, sendo que a \u00faltima doa\u00e7\u00e3o dever\u00e1 ter sido realizada no prazo anterior de seis meses antes da efetiva\u00e7\u00e3o da inscri\u00e7\u00e3o.<\/p>\n\n\n\n<p><strong>2\u00aa POSSIBILIDADE <\/strong>(doador de medula \u00f3ssea, conforme a Lei Estadual n\u00ba 8.094\/2016): carteira de doador emitida pelo Registro Nacional de Doadores de Medula \u00d3ssea (REDOME).<\/p>\n\n\n\n<p><strong>3\u00aa POSSIBILIDADE<\/strong> (desempregado, conforme a Lei Estadual n\u00ba 5.968\/2006):<\/p>\n\n\n\n<ul class=\"wp-block-list\"><li><strong>a) <\/strong>Carteira de Trabalho e Previd\u00eancia Social (CTPS) com a baixa do \u00faltimo emprego, contendo as p\u00e1ginas de identifica\u00e7\u00e3o pessoal, de contrato de servi\u00e7o, inclusive a primeira p\u00e1gina em branco subsequente ao \u00faltimo contrato; ou<\/li><li><strong>b)<\/strong> documento que comprove o recebimento do seguro-desemprego; ou<\/li><li><strong>c)<\/strong> publica\u00e7\u00e3o do ato que o exonerou, se ex-servidor vinculado \u00e0 administra\u00e7\u00e3o p\u00fablica pelo regime estatut\u00e1rio.<\/li><\/ul>\n\n\n\n<h2 class=\"wp-block-heading\">Principais datas do concurso Sefaz SE<\/h2>\n\n\n\n<ul class=\"has-background wp-block-list\" style=\"background-color:#e7eaec\"><li><strong>Inscri\u00e7\u00e3o:&nbsp;<\/strong>at\u00e9 18h de 06\/02\/2022<\/li><li><strong>Isen\u00e7\u00e3o da taxa:&nbsp;<\/strong>at\u00e9 18h de 06\/02\/2022<\/li><li><strong>Pagamento da taxa:&nbsp;<\/strong>at\u00e9 25\/02\/2022<\/li><li><strong>Prova objetiva e discursiva:&nbsp;<\/strong>03\/04\/2022 (manh\u00e3 e tarde)<\/li><\/ul>\n\n\n\n<p class=\"has-text-align-center\"><em>Quer ficar por dentro de todas as informa\u00e7\u00f5es sobre o concurso Sefaz SE? Ent\u00e3o n\u00e3o deixe de conferir nosso artigo completo sobre a sele\u00e7\u00e3o:<\/em><\/p>\n\n\n\n<p class=\"has-text-align-center has-luminous-vivid-amber-background-color has-background has-medium-font-size\"><strong>Mais informa\u00e7\u00f5es: <a href=\"https:\/\/www.estrategiaconcursos.com.br\/blog\/concurso-sefaz-se\/\" target=\"_blank\" rel=\"noreferrer noopener\">Concurso Sefaz SE<\/a><\/strong><\/p>\n\n\n\n<hr class=\"wp-block-separator\"\/>\n\n\n\n<h2 class=\"has-text-align-center wp-block-heading\" id=\"cursos\"><em><strong>Cursos&nbsp;para&nbsp;o&nbsp;Concurso SEFAZ SE<\/strong><\/em><\/h2>\n\n\n\n<div class=\"container\" id=\"boxes\">\n  <div class=\"row\">\n\n    <div class=\"col-sm\">\n      <div class=\"banner-fiscal-01\" id=\"box-assinatura\">\n        <h3 class=\"titulo-assinatura\">Carreiras Fiscais<\/h3>\n        <p class=\"subtitulo-assinatura\">Conhe\u00e7a os cursos para Sefaz SE<\/p>\n        <div class=\"box-botao\">\n          <a class=\"btn-assinatura\" target=\"_blank\" href=\"https:\/\/www.estrategiaconcursos.com.br\/cursosPorConcurso\/secretaria-da-fazenda-de-sergipe-sefaz-se\/\" role=\"button\" rel=\"noopener noreferrer\">Conhe\u00e7a mais<\/a>\n        <\/div>\n      <\/div>\n     \n    <\/div>\n\n  <\/div>\n<\/div>\n\n\n\n<div class=\"container\" id=\"boxes\">\n  <div class=\"row\">\n\n    <div class=\"col-sm\">\n      <div class=\"estrategia\" id=\"box-assinatura\">\n        <h3 class=\"titulo-assinatura\">Assinatura Concursos<\/h3>\n        <p class=\"subtitulo-assinatura\">Assinatura de 1 ano ou 2 anos<\/p>\n        <div class=\"box-botao\">\n          <a class=\"btn-assinatura\" target=\"_blank\" href=\"https:\/\/www.estrategiaconcursos.com.br\/assinaturas\/\" role=\"button\" rel=\"noopener noreferrer\">ASSINE AGORA<\/a>\n        <\/div>\n      <\/div><\/div><\/div><\/div>\n\n\n\n<h2 class=\"has-text-align-center wp-block-heading\" id=\"h-quer-saber-tudo-sobre-concursos-previstos-confira-nossos-artigos\">Quer saber tudo sobre concursos previstos?<br \/>Confira nossos artigos!<\/h2>\n\n\n\n<ul class=\"wp-block-list\"><li><a href=\"https:\/\/www.estrategiaconcursos.com.br\/blog\/concursos-abertos\/\" target=\"_blank\" rel=\"noreferrer noopener\">Concursos abertos<\/a><\/li><li><a href=\"https:\/\/www.estrategiaconcursos.com.br\/blog\/concursos-2022\/\" target=\"_blank\" rel=\"noreferrer noopener\">Concursos 2022<\/a><\/li><\/ul>\n","protected":false},"excerpt":{"rendered":"<p>Se voc\u00ea quer participar do concurso Sefaz SE, deve se apressar, pois as inscri\u00e7\u00f5es do certame se encerram neste domingo, 06 de fevereiro. Todo o processo deve ser feito no site da banca organizadora, o Cebraspe, at\u00e9 \u00e0s 18h. Esse mesmo prazo vale para aqueles que desejam solicitar a isen\u00e7\u00e3o do pagamento da taxa. Quem [&hellip;]<\/p>\n","protected":false},"author":659,"featured_media":905414,"comment_status":"open","ping_status":"closed","sticky":false,"template":"","format":"standard","meta":{"post_tipo":"news","footnotes":""},"categories":[1983,220219],"tags":[],"tax_estado":[219988],"class_list":["post-962241","post","type-post","status-publish","format-standard","has-post-thumbnail","hentry","category-fiscal-estadual","category-noticias","tax_estado-se"],"acf":[],"yoast_head":"<!-- This site is optimized with the Yoast SEO Premium plugin v27.2 (Yoast SEO v27.2) - https:\/\/yoast.com\/product\/yoast-seo-premium-wordpress\/ -->\n<title>Concurso Sefaz SE tem inscri\u00e7\u00f5es at\u00e9 amanh\u00e3 (06); Corre!<\/title>\n<meta name=\"description\" content=\"Concurso Sefaz SE: inscri\u00e7\u00f5es do certame acabam no pr\u00f3ximo domingo (06\/02). Todo o processo deve ser feito no site do Cebraspe.\" \/>\n<meta name=\"robots\" content=\"index, follow, max-snippet:-1, max-image-preview:large, max-video-preview:-1\" \/>\n<link rel=\"canonical\" href=\"https:\/\/www.estrategiaconcursos.com.br\/blog\/concurso-sefaz-se-fim-inscricoes\/\" \/>\n<meta property=\"og:locale\" content=\"pt_BR\" \/>\n<meta property=\"og:type\" content=\"article\" \/>\n<meta property=\"og:title\" content=\"Concurso Sefaz SE tem inscri\u00e7\u00f5es at\u00e9 amanh\u00e3 (06); Corre!\" \/>\n<meta property=\"og:description\" content=\"Concurso Sefaz SE: inscri\u00e7\u00f5es do certame acabam no pr\u00f3ximo domingo (06\/02). Todo o processo deve ser feito no site do Cebraspe.\" \/>\n<meta property=\"og:url\" content=\"https:\/\/www.estrategiaconcursos.com.br\/blog\/concurso-sefaz-se-fim-inscricoes\/\" \/>\n<meta property=\"og:site_name\" content=\"Estrat\u00e9gia Concursos\" \/>\n<meta property=\"article:published_time\" content=\"2022-02-05T12:47:33+00:00\" \/>\n<meta property=\"article:modified_time\" content=\"2025-07-09T14:01:46+00:00\" \/>\n<meta property=\"og:image\" content=\"https:\/\/dhg1h5j42swfq.cloudfront.net\/2021\/11\/10115112\/sefaz.jpg\" \/>\n\t<meta property=\"og:image:width\" content=\"768\" \/>\n\t<meta property=\"og:image:height\" content=\"432\" \/>\n\t<meta property=\"og:image:type\" content=\"image\/jpeg\" \/>\n<meta name=\"author\" content=\"Camila Leite\" \/>\n<meta name=\"twitter:card\" content=\"summary_large_image\" \/>\n<meta name=\"twitter:creator\" content=\"@EstratConcursos\" \/>\n<meta name=\"twitter:site\" content=\"@EstratConcursos\" \/>\n<meta name=\"twitter:label1\" content=\"Escrito por\" \/>\n\t<meta name=\"twitter:data1\" content=\"Camila Leite\" \/>\n\t<meta name=\"twitter:label2\" content=\"Est. tempo de leitura\" \/>\n\t<meta name=\"twitter:data2\" content=\"3 minutos\" \/>\n<script type=\"application\/ld+json\" class=\"yoast-schema-graph\">{\"@context\":\"https:\/\/schema.org\",\"@graph\":[{\"@type\":\"NewsArticle\",\"@id\":\"https:\/\/www.estrategiaconcursos.com.br\/blog\/concurso-sefaz-se-fim-inscricoes\/#article\",\"isPartOf\":{\"@id\":\"https:\/\/www.estrategiaconcursos.com.br\/blog\/concurso-sefaz-se-fim-inscricoes\/\"},\"author\":{\"name\":\"Camila Leite\",\"@id\":\"https:\/\/www.estrategiaconcursos.com.br\/blog\/#\/schema\/person\/84ecdc6eb58d3cf1689bf76c5cd8fb38\"},\"headline\":\"Concurso Sefaz SE tem inscri\u00e7\u00f5es at\u00e9 amanh\u00e3 (06); Corre!\",\"datePublished\":\"2022-02-05T12:47:33+00:00\",\"dateModified\":\"2025-07-09T14:01:46+00:00\",\"mainEntityOfPage\":{\"@id\":\"https:\/\/www.estrategiaconcursos.com.br\/blog\/concurso-sefaz-se-fim-inscricoes\/\"},\"wordCount\":403,\"commentCount\":0,\"publisher\":{\"@id\":\"https:\/\/www.estrategiaconcursos.com.br\/blog\/#organization\"},\"image\":{\"@id\":\"https:\/\/www.estrategiaconcursos.com.br\/blog\/concurso-sefaz-se-fim-inscricoes\/#primaryimage\"},\"thumbnailUrl\":\"https:\/\/dhg1h5j42swfq.cloudfront.net\/2021\/11\/10115112\/sefaz.jpg\",\"articleSection\":[\"Fiscal - Estadual (ICMS)\",\"\u00daltimas not\u00edcias\"],\"inLanguage\":\"pt-BR\",\"potentialAction\":[{\"@type\":\"CommentAction\",\"name\":\"Comment\",\"target\":[\"https:\/\/www.estrategiaconcursos.com.br\/blog\/concurso-sefaz-se-fim-inscricoes\/#respond\"]}],\"copyrightYear\":\"2022\",\"copyrightHolder\":{\"@id\":\"https:\/\/www.estrategiaconcursos.com.br\/blog\/#organization\"}},{\"@type\":\"WebPage\",\"@id\":\"https:\/\/www.estrategiaconcursos.com.br\/blog\/concurso-sefaz-se-fim-inscricoes\/\",\"url\":\"https:\/\/www.estrategiaconcursos.com.br\/blog\/concurso-sefaz-se-fim-inscricoes\/\",\"name\":\"Concurso Sefaz SE tem inscri\u00e7\u00f5es at\u00e9 amanh\u00e3 (06); Corre!\",\"isPartOf\":{\"@id\":\"https:\/\/www.estrategiaconcursos.com.br\/blog\/#website\"},\"primaryImageOfPage\":{\"@id\":\"https:\/\/www.estrategiaconcursos.com.br\/blog\/concurso-sefaz-se-fim-inscricoes\/#primaryimage\"},\"image\":{\"@id\":\"https:\/\/www.estrategiaconcursos.com.br\/blog\/concurso-sefaz-se-fim-inscricoes\/#primaryimage\"},\"thumbnailUrl\":\"https:\/\/dhg1h5j42swfq.cloudfront.net\/2021\/11\/10115112\/sefaz.jpg\",\"datePublished\":\"2022-02-05T12:47:33+00:00\",\"dateModified\":\"2025-07-09T14:01:46+00:00\",\"description\":\"Concurso Sefaz SE: inscri\u00e7\u00f5es do certame acabam no pr\u00f3ximo domingo (06\/02). Todo o processo deve ser feito no site do Cebraspe.\",\"breadcrumb\":{\"@id\":\"https:\/\/www.estrategiaconcursos.com.br\/blog\/concurso-sefaz-se-fim-inscricoes\/#breadcrumb\"},\"inLanguage\":\"pt-BR\",\"potentialAction\":[{\"@type\":\"ReadAction\",\"target\":[\"https:\/\/www.estrategiaconcursos.com.br\/blog\/concurso-sefaz-se-fim-inscricoes\/\"]}]},{\"@type\":\"ImageObject\",\"inLanguage\":\"pt-BR\",\"@id\":\"https:\/\/www.estrategiaconcursos.com.br\/blog\/concurso-sefaz-se-fim-inscricoes\/#primaryimage\",\"url\":\"https:\/\/dhg1h5j42swfq.cloudfront.net\/2021\/11\/10115112\/sefaz.jpg\",\"contentUrl\":\"https:\/\/dhg1h5j42swfq.cloudfront.net\/2021\/11\/10115112\/sefaz.jpg\",\"width\":768,\"height\":432,\"caption\":\"Concurso Sefaz SE contrata\u00e7\u00f5es\"},{\"@type\":\"BreadcrumbList\",\"@id\":\"https:\/\/www.estrategiaconcursos.com.br\/blog\/concurso-sefaz-se-fim-inscricoes\/#breadcrumb\",\"itemListElement\":[{\"@type\":\"ListItem\",\"position\":1,\"name\":\"In\u00edcio\",\"item\":\"https:\/\/www.estrategiaconcursos.com.br\/blog\/\"},{\"@type\":\"ListItem\",\"position\":2,\"name\":\"Concurso Sefaz SE tem inscri\u00e7\u00f5es at\u00e9 amanh\u00e3 (06); Corre!\"}]},{\"@type\":\"WebSite\",\"@id\":\"https:\/\/www.estrategiaconcursos.com.br\/blog\/#website\",\"url\":\"https:\/\/www.estrategiaconcursos.com.br\/blog\/\",\"name\":\"Estrat\u00e9gia Concursos\",\"description\":\"O blog da Estrat\u00e9gia Concursos traz not\u00edcias sobre concursos e artigos de professores oferecendo cursos para concursos (pdf + videaulas) no site.\",\"publisher\":{\"@id\":\"https:\/\/www.estrategiaconcursos.com.br\/blog\/#organization\"},\"potentialAction\":[{\"@type\":\"SearchAction\",\"target\":{\"@type\":\"EntryPoint\",\"urlTemplate\":\"https:\/\/www.estrategiaconcursos.com.br\/blog\/?s={search_term_string}\"},\"query-input\":{\"@type\":\"PropertyValueSpecification\",\"valueRequired\":true,\"valueName\":\"search_term_string\"}}],\"inLanguage\":\"pt-BR\"},{\"@type\":\"Organization\",\"@id\":\"https:\/\/www.estrategiaconcursos.com.br\/blog\/#organization\",\"name\":\"Estrat\u00e9gia Concursos\",\"url\":\"https:\/\/www.estrategiaconcursos.com.br\/blog\/\",\"logo\":{\"@type\":\"ImageObject\",\"inLanguage\":\"pt-BR\",\"@id\":\"https:\/\/www.estrategiaconcursos.com.br\/blog\/#\/schema\/logo\/image\/\",\"url\":\"https:\/\/dhg1h5j42swfq.cloudfront.net\/2025\/06\/03203428\/logo_concursos-1.jpg\",\"contentUrl\":\"https:\/\/dhg1h5j42swfq.cloudfront.net\/2025\/06\/03203428\/logo_concursos-1.jpg\",\"width\":230,\"height\":60,\"caption\":\"Estrat\u00e9gia Concursos\"},\"image\":{\"@id\":\"https:\/\/www.estrategiaconcursos.com.br\/blog\/#\/schema\/logo\/image\/\"},\"sameAs\":[\"https:\/\/x.com\/EstratConcursos\"]},{\"@type\":\"Person\",\"@id\":\"https:\/\/www.estrategiaconcursos.com.br\/blog\/#\/schema\/person\/84ecdc6eb58d3cf1689bf76c5cd8fb38\",\"name\":\"Camila Leite\",\"image\":{\"@type\":\"ImageObject\",\"inLanguage\":\"pt-BR\",\"@id\":\"https:\/\/secure.gravatar.com\/avatar\/f2f8faef639c8a2bfb7fb909912a56917f4c3a0aed064500168e2fb8ea55cf61?s=96&d=mm&r=g\",\"url\":\"https:\/\/secure.gravatar.com\/avatar\/f2f8faef639c8a2bfb7fb909912a56917f4c3a0aed064500168e2fb8ea55cf61?s=96&d=mm&r=g\",\"contentUrl\":\"https:\/\/secure.gravatar.com\/avatar\/f2f8faef639c8a2bfb7fb909912a56917f4c3a0aed064500168e2fb8ea55cf61?s=96&d=mm&r=g\",\"caption\":\"Camila Leite\"},\"description\":\"Formada em Design Gr\u00e1fico e em Propaganda e Marketing pela UNIP, integra a equipe de jornalismo do Estrat\u00e9gia Concursos desde 2018. Ao longo dos anos, construiu uma s\u00f3lida experi\u00eancia na produ\u00e7\u00e3o de conte\u00fado informativo e relevante para concurseiros. Desde 2020, atua na cobertura das \u00e1reas Fiscal \u2014 com \u00eanfase nas Secretarias de Fazenda (Sefaz) das regi\u00f5es Sul e Sudeste \u2014, al\u00e9m da cobertura de concursos federais, como CNU, Petrobras, CGU, Receita Federal, ag\u00eancias reguladoras (Anvisa, ANAC, entre outras) e INSS. Mant\u00e9m contato direto com os principais \u00f3rg\u00e3os p\u00fablicos, acompanhando editais, atualiza\u00e7\u00f5es e movimenta\u00e7\u00f5es importantes para os candidatos.\",\"sameAs\":[\"https:\/\/www.linkedin.com\/in\/camila-pinheiro-leite-9ba135b6\/\"],\"url\":\"https:\/\/www.estrategiaconcursos.com.br\/blog\/author\/camila-leiteestrategiaconcursos-com-br\/\"}]}<\/script>\n<!-- \/ Yoast SEO Premium plugin. -->","yoast_head_json":{"title":"Concurso Sefaz SE tem inscri\u00e7\u00f5es at\u00e9 amanh\u00e3 (06); Corre!","description":"Concurso Sefaz SE: inscri\u00e7\u00f5es do certame acabam no pr\u00f3ximo domingo (06\/02). Todo o processo deve ser feito no site do Cebraspe.","robots":{"index":"index","follow":"follow","max-snippet":"max-snippet:-1","max-image-preview":"max-image-preview:large","max-video-preview":"max-video-preview:-1"},"canonical":"https:\/\/www.estrategiaconcursos.com.br\/blog\/concurso-sefaz-se-fim-inscricoes\/","og_locale":"pt_BR","og_type":"article","og_title":"Concurso Sefaz SE tem inscri\u00e7\u00f5es at\u00e9 amanh\u00e3 (06); Corre!","og_description":"Concurso Sefaz SE: inscri\u00e7\u00f5es do certame acabam no pr\u00f3ximo domingo (06\/02). Todo o processo deve ser feito no site do Cebraspe.","og_url":"https:\/\/www.estrategiaconcursos.com.br\/blog\/concurso-sefaz-se-fim-inscricoes\/","og_site_name":"Estrat\u00e9gia Concursos","article_published_time":"2022-02-05T12:47:33+00:00","article_modified_time":"2025-07-09T14:01:46+00:00","og_image":[{"width":768,"height":432,"url":"https:\/\/dhg1h5j42swfq.cloudfront.net\/2021\/11\/10115112\/sefaz.jpg","type":"image\/jpeg"}],"author":"Camila Leite","twitter_card":"summary_large_image","twitter_creator":"@EstratConcursos","twitter_site":"@EstratConcursos","twitter_misc":{"Escrito por":"Camila Leite","Est. tempo de leitura":"3 minutos"},"schema":{"@context":"https:\/\/schema.org","@graph":[{"@type":"NewsArticle","@id":"https:\/\/www.estrategiaconcursos.com.br\/blog\/concurso-sefaz-se-fim-inscricoes\/#article","isPartOf":{"@id":"https:\/\/www.estrategiaconcursos.com.br\/blog\/concurso-sefaz-se-fim-inscricoes\/"},"author":{"name":"Camila Leite","@id":"https:\/\/www.estrategiaconcursos.com.br\/blog\/#\/schema\/person\/84ecdc6eb58d3cf1689bf76c5cd8fb38"},"headline":"Concurso Sefaz SE tem inscri\u00e7\u00f5es at\u00e9 amanh\u00e3 (06); Corre!","datePublished":"2022-02-05T12:47:33+00:00","dateModified":"2025-07-09T14:01:46+00:00","mainEntityOfPage":{"@id":"https:\/\/www.estrategiaconcursos.com.br\/blog\/concurso-sefaz-se-fim-inscricoes\/"},"wordCount":403,"commentCount":0,"publisher":{"@id":"https:\/\/www.estrategiaconcursos.com.br\/blog\/#organization"},"image":{"@id":"https:\/\/www.estrategiaconcursos.com.br\/blog\/concurso-sefaz-se-fim-inscricoes\/#primaryimage"},"thumbnailUrl":"https:\/\/dhg1h5j42swfq.cloudfront.net\/2021\/11\/10115112\/sefaz.jpg","articleSection":["Fiscal - Estadual (ICMS)","\u00daltimas not\u00edcias"],"inLanguage":"pt-BR","potentialAction":[{"@type":"CommentAction","name":"Comment","target":["https:\/\/www.estrategiaconcursos.com.br\/blog\/concurso-sefaz-se-fim-inscricoes\/#respond"]}],"copyrightYear":"2022","copyrightHolder":{"@id":"https:\/\/www.estrategiaconcursos.com.br\/blog\/#organization"}},{"@type":"WebPage","@id":"https:\/\/www.estrategiaconcursos.com.br\/blog\/concurso-sefaz-se-fim-inscricoes\/","url":"https:\/\/www.estrategiaconcursos.com.br\/blog\/concurso-sefaz-se-fim-inscricoes\/","name":"Concurso Sefaz SE tem inscri\u00e7\u00f5es at\u00e9 amanh\u00e3 (06); Corre!","isPartOf":{"@id":"https:\/\/www.estrategiaconcursos.com.br\/blog\/#website"},"primaryImageOfPage":{"@id":"https:\/\/www.estrategiaconcursos.com.br\/blog\/concurso-sefaz-se-fim-inscricoes\/#primaryimage"},"image":{"@id":"https:\/\/www.estrategiaconcursos.com.br\/blog\/concurso-sefaz-se-fim-inscricoes\/#primaryimage"},"thumbnailUrl":"https:\/\/dhg1h5j42swfq.cloudfront.net\/2021\/11\/10115112\/sefaz.jpg","datePublished":"2022-02-05T12:47:33+00:00","dateModified":"2025-07-09T14:01:46+00:00","description":"Concurso Sefaz SE: inscri\u00e7\u00f5es do certame acabam no pr\u00f3ximo domingo (06\/02). Todo o processo deve ser feito no site do Cebraspe.","breadcrumb":{"@id":"https:\/\/www.estrategiaconcursos.com.br\/blog\/concurso-sefaz-se-fim-inscricoes\/#breadcrumb"},"inLanguage":"pt-BR","potentialAction":[{"@type":"ReadAction","target":["https:\/\/www.estrategiaconcursos.com.br\/blog\/concurso-sefaz-se-fim-inscricoes\/"]}]},{"@type":"ImageObject","inLanguage":"pt-BR","@id":"https:\/\/www.estrategiaconcursos.com.br\/blog\/concurso-sefaz-se-fim-inscricoes\/#primaryimage","url":"https:\/\/dhg1h5j42swfq.cloudfront.net\/2021\/11\/10115112\/sefaz.jpg","contentUrl":"https:\/\/dhg1h5j42swfq.cloudfront.net\/2021\/11\/10115112\/sefaz.jpg","width":768,"height":432,"caption":"Concurso Sefaz SE contrata\u00e7\u00f5es"},{"@type":"BreadcrumbList","@id":"https:\/\/www.estrategiaconcursos.com.br\/blog\/concurso-sefaz-se-fim-inscricoes\/#breadcrumb","itemListElement":[{"@type":"ListItem","position":1,"name":"In\u00edcio","item":"https:\/\/www.estrategiaconcursos.com.br\/blog\/"},{"@type":"ListItem","position":2,"name":"Concurso Sefaz SE tem inscri\u00e7\u00f5es at\u00e9 amanh\u00e3 (06); Corre!"}]},{"@type":"WebSite","@id":"https:\/\/www.estrategiaconcursos.com.br\/blog\/#website","url":"https:\/\/www.estrategiaconcursos.com.br\/blog\/","name":"Estrat\u00e9gia Concursos","description":"O blog da Estrat\u00e9gia Concursos traz not\u00edcias sobre concursos e artigos de professores oferecendo cursos para concursos (pdf + videaulas) no site.","publisher":{"@id":"https:\/\/www.estrategiaconcursos.com.br\/blog\/#organization"},"potentialAction":[{"@type":"SearchAction","target":{"@type":"EntryPoint","urlTemplate":"https:\/\/www.estrategiaconcursos.com.br\/blog\/?s={search_term_string}"},"query-input":{"@type":"PropertyValueSpecification","valueRequired":true,"valueName":"search_term_string"}}],"inLanguage":"pt-BR"},{"@type":"Organization","@id":"https:\/\/www.estrategiaconcursos.com.br\/blog\/#organization","name":"Estrat\u00e9gia Concursos","url":"https:\/\/www.estrategiaconcursos.com.br\/blog\/","logo":{"@type":"ImageObject","inLanguage":"pt-BR","@id":"https:\/\/www.estrategiaconcursos.com.br\/blog\/#\/schema\/logo\/image\/","url":"https:\/\/dhg1h5j42swfq.cloudfront.net\/2025\/06\/03203428\/logo_concursos-1.jpg","contentUrl":"https:\/\/dhg1h5j42swfq.cloudfront.net\/2025\/06\/03203428\/logo_concursos-1.jpg","width":230,"height":60,"caption":"Estrat\u00e9gia Concursos"},"image":{"@id":"https:\/\/www.estrategiaconcursos.com.br\/blog\/#\/schema\/logo\/image\/"},"sameAs":["https:\/\/x.com\/EstratConcursos"]},{"@type":"Person","@id":"https:\/\/www.estrategiaconcursos.com.br\/blog\/#\/schema\/person\/84ecdc6eb58d3cf1689bf76c5cd8fb38","name":"Camila Leite","image":{"@type":"ImageObject","inLanguage":"pt-BR","@id":"https:\/\/secure.gravatar.com\/avatar\/f2f8faef639c8a2bfb7fb909912a56917f4c3a0aed064500168e2fb8ea55cf61?s=96&d=mm&r=g","url":"https:\/\/secure.gravatar.com\/avatar\/f2f8faef639c8a2bfb7fb909912a56917f4c3a0aed064500168e2fb8ea55cf61?s=96&d=mm&r=g","contentUrl":"https:\/\/secure.gravatar.com\/avatar\/f2f8faef639c8a2bfb7fb909912a56917f4c3a0aed064500168e2fb8ea55cf61?s=96&d=mm&r=g","caption":"Camila Leite"},"description":"Formada em Design Gr\u00e1fico e em Propaganda e Marketing pela UNIP, integra a equipe de jornalismo do Estrat\u00e9gia Concursos desde 2018. Ao longo dos anos, construiu uma s\u00f3lida experi\u00eancia na produ\u00e7\u00e3o de conte\u00fado informativo e relevante para concurseiros. Desde 2020, atua na cobertura das \u00e1reas Fiscal \u2014 com \u00eanfase nas Secretarias de Fazenda (Sefaz) das regi\u00f5es Sul e Sudeste \u2014, al\u00e9m da cobertura de concursos federais, como CNU, Petrobras, CGU, Receita Federal, ag\u00eancias reguladoras (Anvisa, ANAC, entre outras) e INSS. Mant\u00e9m contato direto com os principais \u00f3rg\u00e3os p\u00fablicos, acompanhando editais, atualiza\u00e7\u00f5es e movimenta\u00e7\u00f5es importantes para os candidatos.","sameAs":["https:\/\/www.linkedin.com\/in\/camila-pinheiro-leite-9ba135b6\/"],"url":"https:\/\/www.estrategiaconcursos.com.br\/blog\/author\/camila-leiteestrategiaconcursos-com-br\/"}]}},"_links":{"self":[{"href":"https:\/\/www.estrategiaconcursos.com.br\/blog\/wp-json\/wp\/v2\/posts\/962241","targetHints":{"allow":["GET"]}}],"collection":[{"href":"https:\/\/www.estrategiaconcursos.com.br\/blog\/wp-json\/wp\/v2\/posts"}],"about":[{"href":"https:\/\/www.estrategiaconcursos.com.br\/blog\/wp-json\/wp\/v2\/types\/post"}],"author":[{"embeddable":true,"href":"https:\/\/www.estrategiaconcursos.com.br\/blog\/wp-json\/wp\/v2\/users\/659"}],"replies":[{"embeddable":true,"href":"https:\/\/www.estrategiaconcursos.com.br\/blog\/wp-json\/wp\/v2\/comments?post=962241"}],"version-history":[{"count":6,"href":"https:\/\/www.estrategiaconcursos.com.br\/blog\/wp-json\/wp\/v2\/posts\/962241\/revisions"}],"predecessor-version":[{"id":962259,"href":"https:\/\/www.estrategiaconcursos.com.br\/blog\/wp-json\/wp\/v2\/posts\/962241\/revisions\/962259"}],"wp:featuredmedia":[{"embeddable":true,"href":"https:\/\/www.estrategiaconcursos.com.br\/blog\/wp-json\/wp\/v2\/media\/905414"}],"wp:attachment":[{"href":"https:\/\/www.estrategiaconcursos.com.br\/blog\/wp-json\/wp\/v2\/media?parent=962241"}],"wp:term":[{"taxonomy":"category","embeddable":true,"href":"https:\/\/www.estrategiaconcursos.com.br\/blog\/wp-json\/wp\/v2\/categories?post=962241"},{"taxonomy":"post_tag","embeddable":true,"href":"https:\/\/www.estrategiaconcursos.com.br\/blog\/wp-json\/wp\/v2\/tags?post=962241"},{"taxonomy":"tax_estado","embeddable":true,"href":"https:\/\/www.estrategiaconcursos.com.br\/blog\/wp-json\/wp\/v2\/tax_estado?post=962241"}],"curies":[{"name":"wp","href":"https:\/\/api.w.org\/{rel}","templated":true}]}}