{"id":962114,"date":"2022-02-07T18:30:00","date_gmt":"2022-02-07T21:30:00","guid":{"rendered":"https:\/\/www.estrategiaconcursos.com.br\/blog\/?p=962114"},"modified":"2023-03-15T13:50:58","modified_gmt":"2023-03-15T16:50:58","slug":"hora-da-verdade-pc-pb-cargo-perito-oficial-criminal","status":"publish","type":"post","link":"https:\/\/www.estrategiaconcursos.com.br\/blog\/hora-da-verdade-pc-pb-cargo-perito-oficial-criminal\/","title":{"rendered":"Hora da Verdade PC PB \u2013 Cargo: Perito Oficial Criminal"},"content":{"rendered":"\n<p>O concurso Pol\u00edcia Civil da Para\u00edba oferta 1.400 vagas iniciais, sendo 155 para o cargo de Perito Criminal. Com remunera\u00e7\u00e3o de R$ 9.920,99, as oportunidades no cargo abrangem v\u00e1rias especialidades. A aplica\u00e7\u00e3o das provas est\u00e1 prevista para o dia 13 de fevereiro.<\/p>\n\n\n\n<p>Com as provas se aproximando, essa \u00e9 a hora da verdade! \u00c9 o momento em que os alunos do Estrat\u00e9gia Concursos devem intensificar a prepara\u00e7\u00e3o, focando nos principais pontos cobrados pela banca. Para alcan\u00e7ar a aprova\u00e7\u00e3o, \u00e9 necess\u00e1rio estudar com <strong><em>Estrat\u00e9gia<\/em><\/strong>!<\/p>\n\n\n\n<p>Por isso, nesta <strong>segunda-feira<\/strong>, <strong>07 de fevereiro<\/strong>, o <strong>Estrat\u00e9gia Concursos<\/strong> ir\u00e1 realizar o evento &#8216;<strong><a href=\"https:\/\/youtu.be\/qr97f57OS-c\" target=\"_blank\" rel=\"noreferrer noopener\">Hora da Verdade PC PB \u2013 Cargo: Perito Oficial Criminal<\/a><\/strong>&#8216; <strong>a partir das 19h<\/strong>. Confira o cronograma a seguir:<\/p>\n\n\n\n<figure class=\"wp-block-table is-style-stripes\"><table><tbody><tr><td class=\"has-text-align-center\" data-align=\"center\"><strong>Dia e Hor\u00e1rio<\/strong><\/td><td class=\"has-text-align-center\" data-align=\"center\"><strong>Disciplina<\/strong><\/td><td class=\"has-text-align-center\" data-align=\"center\"><strong>Professor<\/strong><\/td><\/tr><tr><td class=\"has-text-align-center\" data-align=\"center\">07\/02, \u00e0s 19h<\/td><td class=\"has-text-align-center\" data-align=\"center\">Medicina Legal<\/td><td class=\"has-text-align-center\" data-align=\"center\">Paulo Bilynskyj<\/td><\/tr><tr><td class=\"has-text-align-center\" data-align=\"center\">08\/02, \u00e0s 14h<\/td><td class=\"has-text-align-center\" data-align=\"center\">Inform\u00e1tica<\/td><td class=\"has-text-align-center\" data-align=\"center\">Rani Passos<\/td><\/tr><tr><td class=\"has-text-align-center\" data-align=\"center\">08\/02, \u00e0s 19h<\/td><td class=\"has-text-align-center\" data-align=\"center\">Criminal\u00edstica<\/td><td class=\"has-text-align-center\" data-align=\"center\">Alexandre Herculano<\/td><\/tr><tr><td class=\"has-text-align-center\" data-align=\"center\">09\/02, \u00e0s 14h<\/td><td class=\"has-text-align-center\" data-align=\"center\">Portugu\u00eas<\/td><td class=\"has-text-align-center\" data-align=\"center\">Jana\u00edna Arruda<\/td><\/tr><tr><td class=\"has-text-align-center\" data-align=\"center\">09\/02, \u00e0s 19h<\/td><td class=\"has-text-align-center\" data-align=\"center\">No\u00e7\u00f5es De Direito Administrativo<\/td><td class=\"has-text-align-center\" data-align=\"center\">Th\u00e1llius Moraes<\/td><\/tr><tr><td class=\"has-text-align-center\" data-align=\"center\">10\/02, \u00e0s 14h<\/td><td class=\"has-text-align-center\" data-align=\"center\">Direito Penal e Processual<\/td><td class=\"has-text-align-center\" data-align=\"center\">Priscila Silveira<\/td><\/tr><tr><td class=\"has-text-align-center\" data-align=\"center\">10\/02, \u00e0s 19h<\/td><td class=\"has-text-align-center\" data-align=\"center\">Discursivas<\/td><td class=\"has-text-align-center\" data-align=\"center\">Rodolfo Gracioli<\/td><\/tr><tr><td class=\"has-text-align-center\" data-align=\"center\">11\/02, \u00e0s 19h<\/td><td class=\"has-text-align-center\" data-align=\"center\">Racioc\u00ednio L\u00f3gico e Matem\u00e1tica<\/td><td class=\"has-text-align-center\" data-align=\"center\">Carlos Henrique<\/td><\/tr><\/tbody><\/table><\/figure>\n\n\n\n<h3 class=\"has-text-align-center has-cyan-bluish-gray-background-color has-background wp-block-heading\" id=\"h-saiba-mais-concurso-pc-pb\">Saiba mais: <a href=\"https:\/\/www.estrategiaconcursos.com.br\/blog\/concurso-pc-pb\/\" target=\"_blank\" rel=\"noreferrer noopener\">Concurso PC PB<\/a><\/h3>\n\n\n\n<h2 class=\"has-text-align-center wp-block-heading\">Quer estudar para PC PB?<\/h2>\n\n\n\n<div class=\"container\" id=\"boxes\">\n  <div class=\"row\"> \n\n    <div class=\"col-sm\">\n      <div class=\"banner-policial\" id=\"box-assinatura\">\n        <h3 class=\"titulo-assinatura\">Concurso PC PB<\/h3>\n        <p class=\"subtitulo-assinatura\">Conhe\u00e7a os cursos<\/p>\n        <div class=\"box-botao\">\n          <a class=\"btn-assinatura\" target=\"_blank\" href=\"https:\/\/www.estrategiaconcursos.com.br\/cursosPorConcurso\/policia-civil-do-estado-da-paraiba-pc-pb\/\" role=\"button\" rel=\"noopener noreferrer\">Conhe\u00e7a mais<\/a>\n        <\/div>\n      <\/div>\n     \n\n  <\/div>\n<\/div><\/div>\n\n\n\n<div class=\"container\" id=\"boxes\">\n  <div class=\"row\">\n\n    <div class=\"col-sm\">\n      <div class=\"estrategia\" id=\"box-assinatura\">\n        <h3 class=\"titulo-assinatura\">Assinatura de Concursos<\/h3>\n        <p class=\"subtitulo-assinatura\">Assinatura de 1 ano ou 2 anos<\/p>\n        <div class=\"box-botao\">\n          <a class=\"btn-assinatura\" target=\"_blank\" href=\"https:\/\/www.estrategiaconcursos.com.br\/assinaturas\/\" role=\"button\" rel=\"noopener noreferrer\">ASSINE AGORA<\/a>\n        <\/div>\n      <\/div>\n     \n    <\/div><\/div><\/div>\n\n\n\n<h2 class=\"has-text-align-center wp-block-heading\" id=\"h-quer-saber-tudo-sobre-concursos-previstos-confira-nossos-artigos\">Quer saber tudo sobre concursos previstos?<br \/>Confira nossos artigos!<\/h2>\n\n\n\n<ul class=\"wp-block-list\">\n<li><a href=\"https:\/\/www.estrategiaconcursos.com.br\/blog\/concursos-abertos\/\" target=\"_blank\" rel=\"noreferrer noopener\">Concursos abertos<\/a><\/li>\n\n\n\n<li><a href=\"https:\/\/www.estrategiaconcursos.com.br\/blog\/concursos-2022\/\" target=\"_blank\" rel=\"noreferrer noopener\">Concursos 2022<\/a><\/li>\n<\/ul>\n","protected":false},"excerpt":{"rendered":"<p>O concurso Pol\u00edcia Civil da Para\u00edba oferta 1.400 vagas iniciais, sendo 155 para o cargo de Perito Criminal. Com remunera\u00e7\u00e3o de R$ 9.920,99, as oportunidades no cargo abrangem v\u00e1rias especialidades. A aplica\u00e7\u00e3o das provas est\u00e1 prevista para o dia 13 de fevereiro. Com as provas se aproximando, essa \u00e9 a hora da verdade! \u00c9 o [&hellip;]<\/p>\n","protected":false},"author":2041,"featured_media":962115,"comment_status":"open","ping_status":"closed","sticky":false,"template":"","format":"standard","meta":{"post_tipo":"news","footnotes":""},"categories":[220190],"tags":[],"tax_estado":[219978],"class_list":["post-962114","post","type-post","status-publish","format-standard","has-post-thumbnail","hentry","category-policial-peritos","tax_estado-pb"],"acf":[],"yoast_head":"<!-- This site is optimized with the Yoast SEO Premium plugin v27.2 (Yoast SEO v27.2) - https:\/\/yoast.com\/product\/yoast-seo-premium-wordpress\/ -->\n<title>Hora da Verdade PC PB \u2013 Cargo: Perito Oficial Criminal<\/title>\n<meta name=\"description\" content=\"Hora da Verdade PC PB \u2013 Cargo: Perito Oficial Criminal\" \/>\n<meta name=\"robots\" content=\"index, follow, max-snippet:-1, max-image-preview:large, max-video-preview:-1\" \/>\n<link rel=\"canonical\" href=\"https:\/\/www.estrategiaconcursos.com.br\/blog\/hora-da-verdade-pc-pb-cargo-perito-oficial-criminal\/\" \/>\n<meta property=\"og:locale\" content=\"pt_BR\" \/>\n<meta property=\"og:type\" content=\"article\" \/>\n<meta property=\"og:title\" content=\"Hora da Verdade PC PB \u2013 Cargo: Perito Oficial Criminal\" \/>\n<meta property=\"og:description\" content=\"Hora da Verdade PC PB \u2013 Cargo: Perito Oficial Criminal\" \/>\n<meta property=\"og:url\" content=\"https:\/\/www.estrategiaconcursos.com.br\/blog\/hora-da-verdade-pc-pb-cargo-perito-oficial-criminal\/\" \/>\n<meta property=\"og:site_name\" content=\"Estrat\u00e9gia Concursos\" \/>\n<meta property=\"article:published_time\" content=\"2022-02-07T21:30:00+00:00\" \/>\n<meta property=\"article:modified_time\" content=\"2023-03-15T16:50:58+00:00\" \/>\n<meta property=\"og:image\" content=\"https:\/\/dhg1h5j42swfq.cloudfront.net\/2022\/02\/04193247\/1280-720-max-3-1.jpg\" \/>\n\t<meta property=\"og:image:width\" content=\"1280\" \/>\n\t<meta property=\"og:image:height\" content=\"720\" \/>\n\t<meta property=\"og:image:type\" content=\"image\/jpeg\" \/>\n<meta name=\"author\" content=\"Thiago Cavalcante Gomes\" \/>\n<meta name=\"twitter:card\" content=\"summary_large_image\" \/>\n<meta name=\"twitter:creator\" content=\"@EstratConcursos\" \/>\n<meta name=\"twitter:site\" content=\"@EstratConcursos\" \/>\n<meta name=\"twitter:label1\" content=\"Escrito por\" \/>\n\t<meta name=\"twitter:data1\" content=\"Thiago Cavalcante Gomes\" \/>\n\t<meta name=\"twitter:label2\" content=\"Est. tempo de leitura\" \/>\n\t<meta name=\"twitter:data2\" content=\"2 minutos\" \/>\n<script type=\"application\/ld+json\" class=\"yoast-schema-graph\">{\"@context\":\"https:\/\/schema.org\",\"@graph\":[{\"@type\":\"NewsArticle\",\"@id\":\"https:\/\/www.estrategiaconcursos.com.br\/blog\/hora-da-verdade-pc-pb-cargo-perito-oficial-criminal\/#article\",\"isPartOf\":{\"@id\":\"https:\/\/www.estrategiaconcursos.com.br\/blog\/hora-da-verdade-pc-pb-cargo-perito-oficial-criminal\/\"},\"author\":{\"name\":\"Thiago Cavalcante Gomes\",\"@id\":\"https:\/\/www.estrategiaconcursos.com.br\/blog\/#\/schema\/person\/4970184533d0a3ffa5b0299ae0a2b21f\"},\"headline\":\"Hora da Verdade PC PB \u2013 Cargo: Perito Oficial Criminal\",\"datePublished\":\"2022-02-07T21:30:00+00:00\",\"dateModified\":\"2023-03-15T16:50:58+00:00\",\"mainEntityOfPage\":{\"@id\":\"https:\/\/www.estrategiaconcursos.com.br\/blog\/hora-da-verdade-pc-pb-cargo-perito-oficial-criminal\/\"},\"wordCount\":235,\"commentCount\":0,\"publisher\":{\"@id\":\"https:\/\/www.estrategiaconcursos.com.br\/blog\/#organization\"},\"image\":{\"@id\":\"https:\/\/www.estrategiaconcursos.com.br\/blog\/hora-da-verdade-pc-pb-cargo-perito-oficial-criminal\/#primaryimage\"},\"thumbnailUrl\":\"https:\/\/dhg1h5j42swfq.cloudfront.net\/2022\/02\/04193247\/1280-720-max-3-1.jpg\",\"articleSection\":[\"Policial (Peritos, Papiloscopistas)\"],\"inLanguage\":\"pt-BR\",\"potentialAction\":[{\"@type\":\"CommentAction\",\"name\":\"Comment\",\"target\":[\"https:\/\/www.estrategiaconcursos.com.br\/blog\/hora-da-verdade-pc-pb-cargo-perito-oficial-criminal\/#respond\"]}],\"copyrightYear\":\"2022\",\"copyrightHolder\":{\"@id\":\"https:\/\/www.estrategiaconcursos.com.br\/blog\/#organization\"}},{\"@type\":\"WebPage\",\"@id\":\"https:\/\/www.estrategiaconcursos.com.br\/blog\/hora-da-verdade-pc-pb-cargo-perito-oficial-criminal\/\",\"url\":\"https:\/\/www.estrategiaconcursos.com.br\/blog\/hora-da-verdade-pc-pb-cargo-perito-oficial-criminal\/\",\"name\":\"Hora da Verdade PC PB \u2013 Cargo: Perito Oficial Criminal\",\"isPartOf\":{\"@id\":\"https:\/\/www.estrategiaconcursos.com.br\/blog\/#website\"},\"primaryImageOfPage\":{\"@id\":\"https:\/\/www.estrategiaconcursos.com.br\/blog\/hora-da-verdade-pc-pb-cargo-perito-oficial-criminal\/#primaryimage\"},\"image\":{\"@id\":\"https:\/\/www.estrategiaconcursos.com.br\/blog\/hora-da-verdade-pc-pb-cargo-perito-oficial-criminal\/#primaryimage\"},\"thumbnailUrl\":\"https:\/\/dhg1h5j42swfq.cloudfront.net\/2022\/02\/04193247\/1280-720-max-3-1.jpg\",\"datePublished\":\"2022-02-07T21:30:00+00:00\",\"dateModified\":\"2023-03-15T16:50:58+00:00\",\"description\":\"Hora da Verdade PC PB \u2013 Cargo: Perito Oficial Criminal\",\"breadcrumb\":{\"@id\":\"https:\/\/www.estrategiaconcursos.com.br\/blog\/hora-da-verdade-pc-pb-cargo-perito-oficial-criminal\/#breadcrumb\"},\"inLanguage\":\"pt-BR\",\"potentialAction\":[{\"@type\":\"ReadAction\",\"target\":[\"https:\/\/www.estrategiaconcursos.com.br\/blog\/hora-da-verdade-pc-pb-cargo-perito-oficial-criminal\/\"]}]},{\"@type\":\"ImageObject\",\"inLanguage\":\"pt-BR\",\"@id\":\"https:\/\/www.estrategiaconcursos.com.br\/blog\/hora-da-verdade-pc-pb-cargo-perito-oficial-criminal\/#primaryimage\",\"url\":\"https:\/\/dhg1h5j42swfq.cloudfront.net\/2022\/02\/04193247\/1280-720-max-3-1.jpg\",\"contentUrl\":\"https:\/\/dhg1h5j42swfq.cloudfront.net\/2022\/02\/04193247\/1280-720-max-3-1.jpg\",\"width\":1280,\"height\":720},{\"@type\":\"BreadcrumbList\",\"@id\":\"https:\/\/www.estrategiaconcursos.com.br\/blog\/hora-da-verdade-pc-pb-cargo-perito-oficial-criminal\/#breadcrumb\",\"itemListElement\":[{\"@type\":\"ListItem\",\"position\":1,\"name\":\"In\u00edcio\",\"item\":\"https:\/\/www.estrategiaconcursos.com.br\/blog\/\"},{\"@type\":\"ListItem\",\"position\":2,\"name\":\"Hora da Verdade PC PB \u2013 Cargo: Perito Oficial Criminal\"}]},{\"@type\":\"WebSite\",\"@id\":\"https:\/\/www.estrategiaconcursos.com.br\/blog\/#website\",\"url\":\"https:\/\/www.estrategiaconcursos.com.br\/blog\/\",\"name\":\"Estrat\u00e9gia Concursos\",\"description\":\"O blog da Estrat\u00e9gia Concursos traz not\u00edcias sobre concursos e artigos de professores oferecendo cursos para concursos (pdf + videaulas) no site.\",\"publisher\":{\"@id\":\"https:\/\/www.estrategiaconcursos.com.br\/blog\/#organization\"},\"potentialAction\":[{\"@type\":\"SearchAction\",\"target\":{\"@type\":\"EntryPoint\",\"urlTemplate\":\"https:\/\/www.estrategiaconcursos.com.br\/blog\/?s={search_term_string}\"},\"query-input\":{\"@type\":\"PropertyValueSpecification\",\"valueRequired\":true,\"valueName\":\"search_term_string\"}}],\"inLanguage\":\"pt-BR\"},{\"@type\":\"Organization\",\"@id\":\"https:\/\/www.estrategiaconcursos.com.br\/blog\/#organization\",\"name\":\"Estrat\u00e9gia Concursos\",\"url\":\"https:\/\/www.estrategiaconcursos.com.br\/blog\/\",\"logo\":{\"@type\":\"ImageObject\",\"inLanguage\":\"pt-BR\",\"@id\":\"https:\/\/www.estrategiaconcursos.com.br\/blog\/#\/schema\/logo\/image\/\",\"url\":\"https:\/\/dhg1h5j42swfq.cloudfront.net\/2025\/06\/03203428\/logo_concursos-1.jpg\",\"contentUrl\":\"https:\/\/dhg1h5j42swfq.cloudfront.net\/2025\/06\/03203428\/logo_concursos-1.jpg\",\"width\":230,\"height\":60,\"caption\":\"Estrat\u00e9gia Concursos\"},\"image\":{\"@id\":\"https:\/\/www.estrategiaconcursos.com.br\/blog\/#\/schema\/logo\/image\/\"},\"sameAs\":[\"https:\/\/x.com\/EstratConcursos\"]},{\"@type\":\"Person\",\"@id\":\"https:\/\/www.estrategiaconcursos.com.br\/blog\/#\/schema\/person\/4970184533d0a3ffa5b0299ae0a2b21f\",\"name\":\"Thiago Cavalcante Gomes\",\"image\":{\"@type\":\"ImageObject\",\"inLanguage\":\"pt-BR\",\"@id\":\"https:\/\/secure.gravatar.com\/avatar\/?s=96&d=mm&r=g\",\"url\":\"https:\/\/secure.gravatar.com\/avatar\/?s=96&d=mm&r=g\",\"contentUrl\":\"https:\/\/secure.gravatar.com\/avatar\/?s=96&d=mm&r=g\",\"caption\":\"Thiago Cavalcante Gomes\"},\"url\":\"https:\/\/www.estrategiaconcursos.com.br\/blog\/author\/thiago-gomes\/\"}]}<\/script>\n<!-- \/ Yoast SEO Premium plugin. -->","yoast_head_json":{"title":"Hora da Verdade PC PB \u2013 Cargo: Perito Oficial Criminal","description":"Hora da Verdade PC PB \u2013 Cargo: Perito Oficial Criminal","robots":{"index":"index","follow":"follow","max-snippet":"max-snippet:-1","max-image-preview":"max-image-preview:large","max-video-preview":"max-video-preview:-1"},"canonical":"https:\/\/www.estrategiaconcursos.com.br\/blog\/hora-da-verdade-pc-pb-cargo-perito-oficial-criminal\/","og_locale":"pt_BR","og_type":"article","og_title":"Hora da Verdade PC PB \u2013 Cargo: Perito Oficial Criminal","og_description":"Hora da Verdade PC PB \u2013 Cargo: Perito Oficial Criminal","og_url":"https:\/\/www.estrategiaconcursos.com.br\/blog\/hora-da-verdade-pc-pb-cargo-perito-oficial-criminal\/","og_site_name":"Estrat\u00e9gia Concursos","article_published_time":"2022-02-07T21:30:00+00:00","article_modified_time":"2023-03-15T16:50:58+00:00","og_image":[{"width":1280,"height":720,"url":"https:\/\/dhg1h5j42swfq.cloudfront.net\/2022\/02\/04193247\/1280-720-max-3-1.jpg","type":"image\/jpeg"}],"author":"Thiago Cavalcante Gomes","twitter_card":"summary_large_image","twitter_creator":"@EstratConcursos","twitter_site":"@EstratConcursos","twitter_misc":{"Escrito por":"Thiago Cavalcante Gomes","Est. tempo de leitura":"2 minutos"},"schema":{"@context":"https:\/\/schema.org","@graph":[{"@type":"NewsArticle","@id":"https:\/\/www.estrategiaconcursos.com.br\/blog\/hora-da-verdade-pc-pb-cargo-perito-oficial-criminal\/#article","isPartOf":{"@id":"https:\/\/www.estrategiaconcursos.com.br\/blog\/hora-da-verdade-pc-pb-cargo-perito-oficial-criminal\/"},"author":{"name":"Thiago Cavalcante Gomes","@id":"https:\/\/www.estrategiaconcursos.com.br\/blog\/#\/schema\/person\/4970184533d0a3ffa5b0299ae0a2b21f"},"headline":"Hora da Verdade PC PB \u2013 Cargo: Perito Oficial Criminal","datePublished":"2022-02-07T21:30:00+00:00","dateModified":"2023-03-15T16:50:58+00:00","mainEntityOfPage":{"@id":"https:\/\/www.estrategiaconcursos.com.br\/blog\/hora-da-verdade-pc-pb-cargo-perito-oficial-criminal\/"},"wordCount":235,"commentCount":0,"publisher":{"@id":"https:\/\/www.estrategiaconcursos.com.br\/blog\/#organization"},"image":{"@id":"https:\/\/www.estrategiaconcursos.com.br\/blog\/hora-da-verdade-pc-pb-cargo-perito-oficial-criminal\/#primaryimage"},"thumbnailUrl":"https:\/\/dhg1h5j42swfq.cloudfront.net\/2022\/02\/04193247\/1280-720-max-3-1.jpg","articleSection":["Policial (Peritos, Papiloscopistas)"],"inLanguage":"pt-BR","potentialAction":[{"@type":"CommentAction","name":"Comment","target":["https:\/\/www.estrategiaconcursos.com.br\/blog\/hora-da-verdade-pc-pb-cargo-perito-oficial-criminal\/#respond"]}],"copyrightYear":"2022","copyrightHolder":{"@id":"https:\/\/www.estrategiaconcursos.com.br\/blog\/#organization"}},{"@type":"WebPage","@id":"https:\/\/www.estrategiaconcursos.com.br\/blog\/hora-da-verdade-pc-pb-cargo-perito-oficial-criminal\/","url":"https:\/\/www.estrategiaconcursos.com.br\/blog\/hora-da-verdade-pc-pb-cargo-perito-oficial-criminal\/","name":"Hora da Verdade PC PB \u2013 Cargo: Perito Oficial Criminal","isPartOf":{"@id":"https:\/\/www.estrategiaconcursos.com.br\/blog\/#website"},"primaryImageOfPage":{"@id":"https:\/\/www.estrategiaconcursos.com.br\/blog\/hora-da-verdade-pc-pb-cargo-perito-oficial-criminal\/#primaryimage"},"image":{"@id":"https:\/\/www.estrategiaconcursos.com.br\/blog\/hora-da-verdade-pc-pb-cargo-perito-oficial-criminal\/#primaryimage"},"thumbnailUrl":"https:\/\/dhg1h5j42swfq.cloudfront.net\/2022\/02\/04193247\/1280-720-max-3-1.jpg","datePublished":"2022-02-07T21:30:00+00:00","dateModified":"2023-03-15T16:50:58+00:00","description":"Hora da Verdade PC PB \u2013 Cargo: Perito Oficial Criminal","breadcrumb":{"@id":"https:\/\/www.estrategiaconcursos.com.br\/blog\/hora-da-verdade-pc-pb-cargo-perito-oficial-criminal\/#breadcrumb"},"inLanguage":"pt-BR","potentialAction":[{"@type":"ReadAction","target":["https:\/\/www.estrategiaconcursos.com.br\/blog\/hora-da-verdade-pc-pb-cargo-perito-oficial-criminal\/"]}]},{"@type":"ImageObject","inLanguage":"pt-BR","@id":"https:\/\/www.estrategiaconcursos.com.br\/blog\/hora-da-verdade-pc-pb-cargo-perito-oficial-criminal\/#primaryimage","url":"https:\/\/dhg1h5j42swfq.cloudfront.net\/2022\/02\/04193247\/1280-720-max-3-1.jpg","contentUrl":"https:\/\/dhg1h5j42swfq.cloudfront.net\/2022\/02\/04193247\/1280-720-max-3-1.jpg","width":1280,"height":720},{"@type":"BreadcrumbList","@id":"https:\/\/www.estrategiaconcursos.com.br\/blog\/hora-da-verdade-pc-pb-cargo-perito-oficial-criminal\/#breadcrumb","itemListElement":[{"@type":"ListItem","position":1,"name":"In\u00edcio","item":"https:\/\/www.estrategiaconcursos.com.br\/blog\/"},{"@type":"ListItem","position":2,"name":"Hora da Verdade PC PB \u2013 Cargo: Perito Oficial Criminal"}]},{"@type":"WebSite","@id":"https:\/\/www.estrategiaconcursos.com.br\/blog\/#website","url":"https:\/\/www.estrategiaconcursos.com.br\/blog\/","name":"Estrat\u00e9gia Concursos","description":"O blog da Estrat\u00e9gia Concursos traz not\u00edcias sobre concursos e artigos de professores oferecendo cursos para concursos (pdf + videaulas) no site.","publisher":{"@id":"https:\/\/www.estrategiaconcursos.com.br\/blog\/#organization"},"potentialAction":[{"@type":"SearchAction","target":{"@type":"EntryPoint","urlTemplate":"https:\/\/www.estrategiaconcursos.com.br\/blog\/?s={search_term_string}"},"query-input":{"@type":"PropertyValueSpecification","valueRequired":true,"valueName":"search_term_string"}}],"inLanguage":"pt-BR"},{"@type":"Organization","@id":"https:\/\/www.estrategiaconcursos.com.br\/blog\/#organization","name":"Estrat\u00e9gia Concursos","url":"https:\/\/www.estrategiaconcursos.com.br\/blog\/","logo":{"@type":"ImageObject","inLanguage":"pt-BR","@id":"https:\/\/www.estrategiaconcursos.com.br\/blog\/#\/schema\/logo\/image\/","url":"https:\/\/dhg1h5j42swfq.cloudfront.net\/2025\/06\/03203428\/logo_concursos-1.jpg","contentUrl":"https:\/\/dhg1h5j42swfq.cloudfront.net\/2025\/06\/03203428\/logo_concursos-1.jpg","width":230,"height":60,"caption":"Estrat\u00e9gia Concursos"},"image":{"@id":"https:\/\/www.estrategiaconcursos.com.br\/blog\/#\/schema\/logo\/image\/"},"sameAs":["https:\/\/x.com\/EstratConcursos"]},{"@type":"Person","@id":"https:\/\/www.estrategiaconcursos.com.br\/blog\/#\/schema\/person\/4970184533d0a3ffa5b0299ae0a2b21f","name":"Thiago Cavalcante Gomes","image":{"@type":"ImageObject","inLanguage":"pt-BR","@id":"https:\/\/secure.gravatar.com\/avatar\/?s=96&d=mm&r=g","url":"https:\/\/secure.gravatar.com\/avatar\/?s=96&d=mm&r=g","contentUrl":"https:\/\/secure.gravatar.com\/avatar\/?s=96&d=mm&r=g","caption":"Thiago Cavalcante Gomes"},"url":"https:\/\/www.estrategiaconcursos.com.br\/blog\/author\/thiago-gomes\/"}]}},"_links":{"self":[{"href":"https:\/\/www.estrategiaconcursos.com.br\/blog\/wp-json\/wp\/v2\/posts\/962114","targetHints":{"allow":["GET"]}}],"collection":[{"href":"https:\/\/www.estrategiaconcursos.com.br\/blog\/wp-json\/wp\/v2\/posts"}],"about":[{"href":"https:\/\/www.estrategiaconcursos.com.br\/blog\/wp-json\/wp\/v2\/types\/post"}],"author":[{"embeddable":true,"href":"https:\/\/www.estrategiaconcursos.com.br\/blog\/wp-json\/wp\/v2\/users\/2041"}],"replies":[{"embeddable":true,"href":"https:\/\/www.estrategiaconcursos.com.br\/blog\/wp-json\/wp\/v2\/comments?post=962114"}],"version-history":[{"count":4,"href":"https:\/\/www.estrategiaconcursos.com.br\/blog\/wp-json\/wp\/v2\/posts\/962114\/revisions"}],"predecessor-version":[{"id":1187150,"href":"https:\/\/www.estrategiaconcursos.com.br\/blog\/wp-json\/wp\/v2\/posts\/962114\/revisions\/1187150"}],"wp:featuredmedia":[{"embeddable":true,"href":"https:\/\/www.estrategiaconcursos.com.br\/blog\/wp-json\/wp\/v2\/media\/962115"}],"wp:attachment":[{"href":"https:\/\/www.estrategiaconcursos.com.br\/blog\/wp-json\/wp\/v2\/media?parent=962114"}],"wp:term":[{"taxonomy":"category","embeddable":true,"href":"https:\/\/www.estrategiaconcursos.com.br\/blog\/wp-json\/wp\/v2\/categories?post=962114"},{"taxonomy":"post_tag","embeddable":true,"href":"https:\/\/www.estrategiaconcursos.com.br\/blog\/wp-json\/wp\/v2\/tags?post=962114"},{"taxonomy":"tax_estado","embeddable":true,"href":"https:\/\/www.estrategiaconcursos.com.br\/blog\/wp-json\/wp\/v2\/tax_estado?post=962114"}],"curies":[{"name":"wp","href":"https:\/\/api.w.org\/{rel}","templated":true}]}}