{"id":961525,"date":"2022-06-14T16:15:00","date_gmt":"2022-06-14T19:15:00","guid":{"rendered":"https:\/\/www.estrategiaconcursos.com.br\/blog\/?p=961525"},"modified":"2022-06-15T17:32:35","modified_gmt":"2022-06-15T20:32:35","slug":"concurso-eptv-rs","status":"publish","type":"post","link":"https:\/\/www.estrategiaconcursos.com.br\/blog\/concurso-eptv-rs\/","title":{"rendered":"Concurso EPTV RS: sele\u00e7\u00e3o \u00e9 parcialmente homologada"},"content":{"rendered":"\n<p>Foi divulgada a homologa\u00e7\u00e3o do <strong><em>concurso <strong>EPTV<\/strong> <\/em><\/strong><em>(Empresa P\u00fablica de Tr\u00e2nsito de Viam\u00e3o)<\/em> exclusivamente para os cargos de fase \u00fanica.<\/p>\n\n\n\n<p>Os candidatos ao cargo de <strong>Advogado <\/strong>ainda passar\u00e3o pela prova discursiva, marcada para a data prevista de 26 de junho.<\/p>\n\n\n\n<p>Aos demais cargos, a sele\u00e7\u00e3o ficar\u00e1 v\u00e1lida at\u00e9 o dia 14 de junho de 2024, podendo ser prorrogada por mais dois anos, caso necess\u00e1rio.<\/p>\n\n\n\n<ul class=\"wp-block-list\"><li><a href=\"https:\/\/dhg1h5j42swfq.cloudfront.net\/2022\/06\/14154733\/649_edital_18-2022_homologaaaofinal-sem2aetapa_rev2_62a88fa90c4b8.pdf\" target=\"_blank\" rel=\"noreferrer noopener nofollow\">Homologa\u00e7\u00e3o &#8211; Cargos fase \u00fanica<\/a><\/li><\/ul>\n\n\n\n<ul class=\"has-very-light-gray-to-cyan-bluish-gray-gradient-background has-background wp-block-list\"><li><strong>Empresa P\u00fablica de Tr\u00e2nsito de Viam\u00e3o<\/strong><\/li><li><strong>Status: <\/strong>Concurso homologado para cargos de fase \u00fanica<\/li><li><strong>Banca: <\/strong><a href=\"https:\/\/www.fundatec.org.br\/portal\/concursos\/index_concursos.php?concurso=649\" target=\"_blank\" rel=\"noreferrer noopener\">Fundatec<\/a><\/li><li><strong>Vagas:<\/strong> 15 + CR<\/li><li><strong>Sal\u00e1rio:<\/strong> R$ 2.038,81 a R$ 4.542,30<\/li><li><strong>Edital<\/strong>:&nbsp;<span style=\"text-decoration: underline;\"><a href=\"https:\/\/dhg1h5j42swfq.cloudfront.net\/2022\/02\/04114311\/edital_1_61fc33f3a5a43.pdf\" target=\"_blank\" rel=\"noreferrer noopener nofollow\">Edital EPTV 2022<\/a><\/span><\/li><\/ul>\n\n\n\n<p>O edital oferta <strong>15 vagas<\/strong> mais cadastro reserva para cargos de n\u00edveis m\u00e9dio, t\u00e9cnico e superior. J\u00e1 os sal\u00e1rios iniciais podem variar entre R$ 2.038,81 a R$ 4.542,30.<\/p>\n\n\n\n<p>Se voc\u00ea tem interesse no certame, confira, ao longo deste artigo, as principais informa\u00e7\u00f5es sobre o concurso EPTV RS. Acompanhe os t\u00f3picos abaixo:<\/p>\n\n\n\n<ul class=\"wp-block-list\" id=\"indice\"><li><a href=\"#datas\">Principais datas<\/a><\/li><li><a href=\"#cargos-vagas\">Distribui\u00e7\u00e3o das vagas<\/a><\/li><li><a href=\"#etapas\">Etapas<\/a><ul><li><a href=\"#objetiva\">Prova objetiva<\/a><\/li><li><a href=\"#discursiva\">Prova discursiva<\/a><\/li><\/ul><\/li><li><a href=\"#cursos-assinatura\">Assinatura e cursos<\/a><\/li><li><a href=\"#ficha\">Ficha t\u00e9cnica<\/a><\/li><\/ul>\n\n\n\n<div class=\"container\" id=\"boxes\">\n  <div class=\"row\">\n\n    <div class=\"col-sm\">\n      <div class=\"banner-estrategia\" id=\"box-assinatura\">\n        <h3 class=\"titulo-assinatura\">Cursos para concursos<\/h3>\n        <p class=\"subtitulo-assinatura\">Estude conosco para o concurso<\/p>\n        <div class=\"box-botao\">\n          <a class=\"btn-assinatura\" target=\"_blank\" href=\"https:\/\/www.estrategiaconcursos.com.br\/cursos\/concurso\/\" role=\"button\" rel=\"noopener noreferrer\">Conhe\u00e7a os cursos<\/a>\n        <\/div>\n      <\/div>\n   \n    <\/div>\n\n  <\/div>\n<\/div>\n\n\n\n<h2 class=\"wp-block-heading\" id=\"datas\">Concurso EPTV RS: Principais datas  <\/h2>\n\n\n\n<ul class=\"wp-block-list\"><li><strong>Inscri\u00e7\u00f5es<\/strong>: <s>17\/02 a 21\/03\/2022<\/s><\/li><li><strong>Isen\u00e7\u00e3o da taxa<\/strong>:&nbsp;<s>21\/02 a 11\/03\/2022<\/s><\/li><li><strong>\u00daltimo dia para pagamento<\/strong>: <s>at\u00e9 05\/04\/2022<\/s><\/li><li><strong>Prova<\/strong> <strong>objetiva<\/strong>: <s>07 e 08\/05\/2022<\/s><\/li><li><strong>Prova discursiva<\/strong>: 26\/06 (advogado)<\/li><\/ul>\n\n\n\n<h2 class=\"wp-block-heading\" id=\"h-concurso-eptv-rs-cargos-e-vagas\">Concurso EPTV RS: Cargos e vagas <\/h2>\n\n\n\n<figure class=\"wp-block-table is-style-stripes\"><table class=\"has-fixed-layout\"><thead><tr><th class=\"has-text-align-center\" data-align=\"center\">Cargo<\/th><th class=\"has-text-align-center\" data-align=\"center\">Vagas<\/th><th class=\"has-text-align-center\" data-align=\"center\">Remunera\u00e7\u00e3o<\/th><th class=\"has-text-align-center\" data-align=\"center\">Escolaridade<\/th><\/tr><\/thead><tbody><tr><td class=\"has-text-align-center\" data-align=\"center\">Auxiliar Administrativo<\/td><td class=\"has-text-align-center\" data-align=\"center\">06 + CR<\/td><td class=\"has-text-align-center\" data-align=\"center\">R$ 2.038,81<\/td><td class=\"has-text-align-center\" data-align=\"center\">M\u00e9dio<\/td><\/tr><tr><td class=\"has-text-align-center\" data-align=\"center\">Agente de Tr\u00e2nsito e<br \/>Transporte<\/td><td class=\"has-text-align-center\" data-align=\"center\">06 + CR<\/td><td class=\"has-text-align-center\" data-align=\"center\">R$ 2.691,46<\/td><td class=\"has-text-align-center\" data-align=\"center\">M\u00e9dio<\/td><\/tr><tr><td class=\"has-text-align-center\" data-align=\"center\">T\u00e9cnico em<br \/>Inform\u00e1tica \u2013\u00canfase<br \/>Suporte<\/td><td class=\"has-text-align-center\" data-align=\"center\">01 + CR<\/td><td class=\"has-text-align-center\" data-align=\"center\">R$ 2.691,46<\/td><td class=\"has-text-align-center\" data-align=\"center\">T\u00e9cnico<\/td><\/tr><tr><td class=\"has-text-align-center\" data-align=\"center\">Engenheiro Civil \u2013<br \/>Tr\u00e1fego<\/td><td class=\"has-text-align-center\" data-align=\"center\">01 + CR<\/td><td class=\"has-text-align-center\" data-align=\"center\">R$ 4.542,30<\/td><td class=\"has-text-align-center\" data-align=\"center\">Superior<\/td><\/tr><tr><td class=\"has-text-align-center\" data-align=\"center\">Contador<\/td><td class=\"has-text-align-center\" data-align=\"center\">01 + CR<\/td><td class=\"has-text-align-center\" data-align=\"center\">R$ 4.542,30<\/td><td class=\"has-text-align-center\" data-align=\"center\"> Superior <\/td><\/tr><tr><td class=\"has-text-align-center\" data-align=\"center\">Assessor de<br \/>Comunica\u00e7\u00e3o<\/td><td class=\"has-text-align-center\" data-align=\"center\">CR<\/td><td class=\"has-text-align-center\" data-align=\"center\">R$ 2.691,46<\/td><td class=\"has-text-align-center\" data-align=\"center\"> Superior <\/td><\/tr><tr><td class=\"has-text-align-center\" data-align=\"center\">Advogado<\/td><td class=\"has-text-align-center\" data-align=\"center\">CR<\/td><td class=\"has-text-align-center\" data-align=\"center\">R$ 4.542,30<\/td><td class=\"has-text-align-center\" data-align=\"center\"> Superior  <\/td><\/tr><\/tbody><\/table><\/figure>\n\n\n\n<h2 class=\"wp-block-heading\" id=\"etapas\">Concurso EPTV RS: Etapas <\/h2>\n\n\n\n<ol class=\"wp-block-list\"><li><strong>Prova objetiva<\/strong>, de car\u00e1ter eliminat\u00f3rio e classificat\u00f3rio, para todos os cargos, realizada nos Munic\u00edpios de Viam\u00e3o e\/ou Porto Alegre\/RS.<\/li><li><strong>Prova discursiva<\/strong>, de car\u00e1ter eliminat\u00f3rio e classificat\u00f3rio, somente para Advogado, em princ\u00edpio, realizada no Munic\u00edpio de Porto Alegre\/RS.<\/li><\/ol>\n\n\n\n<h3 class=\"wp-block-heading\" id=\"objetiva\">Prova Objetiva<\/h3>\n\n\n\n<p>O candidato teve 3 horas e 30 minutos para a resolu\u00e7\u00e3o da prova. As quest\u00f5es foram de m\u00faltipla escolha, com 05 alternativas (A, B, C, D e E) e uma \u00fanica resposta correta.<\/p>\n\n\n\n<div class=\"wp-block-image\"><figure class=\"aligncenter size-full\"><img loading=\"lazy\" decoding=\"async\" width=\"713\" height=\"268\" src=\"https:\/\/dhg1h5j42swfq.cloudfront.net\/2022\/02\/04115849\/image-87.png\" alt=\"Concurso EPTV RS: prova objetiva\" class=\"wp-image-961604\" srcset=\"https:\/\/dhg1h5j42swfq.cloudfront.net\/2022\/02\/04115849\/image-87.png 713w, https:\/\/dhg1h5j42swfq.cloudfront.net\/2022\/02\/04115849\/image-87-300x113.png 300w, https:\/\/dhg1h5j42swfq.cloudfront.net\/2022\/02\/04115849\/image-87-610x229.png 610w\" sizes=\"auto, (max-width: 713px) 100vw, 713px\" \/><\/figure><\/div>\n\n\n\n<h3 class=\"wp-block-heading\" id=\"discursiva\">Prova discursiva<\/h3>\n\n\n\n<div class=\"wp-block-image\"><figure class=\"aligncenter size-full\"><img loading=\"lazy\" decoding=\"async\" width=\"705\" height=\"101\" src=\"https:\/\/dhg1h5j42swfq.cloudfront.net\/2022\/02\/04115949\/image-88.png\" alt=\"Concurso EPTV RS: prova discursiva\" class=\"wp-image-961612\" srcset=\"https:\/\/dhg1h5j42swfq.cloudfront.net\/2022\/02\/04115949\/image-88.png 705w, https:\/\/dhg1h5j42swfq.cloudfront.net\/2022\/02\/04115949\/image-88-300x43.png 300w, https:\/\/dhg1h5j42swfq.cloudfront.net\/2022\/02\/04115949\/image-88-610x87.png 610w\" sizes=\"auto, (max-width: 705px) 100vw, 705px\" \/><\/figure><\/div>\n\n\n\n<p>O candidato dever\u00e1 redigir um texto com no m\u00ednimo 15 e, no m\u00e1ximo, 30 linhas. Qualquer texto al\u00e9m desta extens\u00e3o ser\u00e1 desconsiderado.<\/p>\n\n\n\n<p>Al\u00e9m da reda\u00e7\u00e3o t\u00e9cnica e o conte\u00fado desenvolvido, ser\u00e1 avaliado tamb\u00e9m o correto uso do padr\u00e3o culto da L\u00edngua Portuguesa, observados os mecanismos lingu\u00edsticos e os procedimentos de coes\u00e3o e argumenta\u00e7\u00e3o.<\/p>\n\n\n\n<p>O candidato ter\u00e1 <strong>duas horas<\/strong> para a resolu\u00e7\u00e3o da Prova Discursiva, que segue prevista para o m\u00eas de junho.<\/p>\n\n\n\n<hr class=\"wp-block-separator\"\/>\n\n\n\n<h2 class=\"has-text-align-center wp-block-heading\" id=\"cursos-assinatura\"><em>Quer estudar para o concurso EPTV RS?<\/em><\/h2>\n\n\n\n<div class=\"container\" id=\"boxes\">\n  <div class=\"row\">\n\n    <div class=\"col-sm\">\n      <div class=\"banner-estrategia\" id=\"box-assinatura\">\n        <h3 class=\"titulo-assinatura\">Cursos para concursos<\/h3>\n        <p class=\"subtitulo-assinatura\">Estude conosco para o concurso<\/p>\n        <div class=\"box-botao\">\n          <a class=\"btn-assinatura\" target=\"_blank\" href=\"https:\/\/www.estrategiaconcursos.com.br\/cursos\/concurso\/\" role=\"button\" rel=\"noopener noreferrer\">Conhe\u00e7a os cursos<\/a>\n        <\/div>\n      <\/div>\n   \n    <\/div>\n\n  <\/div>\n<\/div>\n\n\n\n<div class=\"container\" id=\"boxes\">\n  <div class=\"row\">\n\n    <div class=\"col-sm\">\n      <div class=\"estrategia\" id=\"box-assinatura\">\n        <h3 class=\"titulo-assinatura\"> Concursos P\u00fablicos\n        <p class=\"subtitulo-assinatura\">Assinatura de 1 ano ou 2 anos<\/p>\n        <div class=\"box-botao\">\n          <a class=\"btn-assinatura\" target=\"_blank\" href=\"https:\/\/www.estrategiaconcursos.com.br\/assinaturas\/\" role=\"button\" rel=\"noopener noreferrer\">ASSINE AGORA<\/a>\n        <\/div>\n      <\/h3><\/div><\/div><\/div><\/div>\n\n\n\n<h2 class=\"has-text-align-center wp-block-heading\" id=\"quer-saber-tudo-sobre-concursos-previstos-confira-nossos-artigos\">Quer saber tudo sobre concursos previstos?<br \/>Confira nossos artigos!<\/h2>\n\n\n\n<ul class=\"wp-block-list\"><li><a target=\"_blank\" href=\"https:\/\/www.estrategiaconcursos.com.br\/blog\/concursos-abertos\/\" rel=\"noreferrer noopener\">Concursos abertos<\/a><\/li><li><a target=\"_blank\" href=\"https:\/\/www.estrategiaconcursos.com.br\/blog\/concursos-2022\/\" rel=\"noreferrer noopener\">Concursos 2022<\/a><\/li><\/ul>\n\n\n\n<figure class=\"wp-block-image size-large is-resized\"><img loading=\"lazy\" decoding=\"async\" src=\"https:\/\/dhg1h5j42swfq.cloudfront.net\/2021\/07\/06093407\/ficha-tecnica-1-1024x632.png\" alt=\"Ficha T\u00e9cnica Concurso EPTV RS\" class=\"wp-image-788054\" width=\"273\" height=\"168\" srcset=\"https:\/\/dhg1h5j42swfq.cloudfront.net\/2021\/07\/06093407\/ficha-tecnica-1-1024x632.png 1024w, https:\/\/dhg1h5j42swfq.cloudfront.net\/2021\/07\/06093407\/ficha-tecnica-1-300x185.png 300w, https:\/\/dhg1h5j42swfq.cloudfront.net\/2021\/07\/06093407\/ficha-tecnica-1-768x474.png 768w, https:\/\/dhg1h5j42swfq.cloudfront.net\/2021\/07\/06093407\/ficha-tecnica-1-1536x948.png 1536w, https:\/\/dhg1h5j42swfq.cloudfront.net\/2021\/07\/06093407\/ficha-tecnica-1-610x377.png 610w, https:\/\/dhg1h5j42swfq.cloudfront.net\/2021\/07\/06093407\/ficha-tecnica-1.png 1571w\" sizes=\"auto, (max-width: 273px) 100vw, 273px\" \/><\/figure>\n\n\n\n<h3 class=\"wp-block-heading\" id=\"ficha-tecnica\">Informa\u00e7\u00f5es do Concurso EPTV RS<\/h3>\n\n\n\n<ul class=\"wp-block-list\"><li><strong>Ano: <\/strong>2022<\/li><li><strong style=\"color: initial;\">Vagas:&nbsp;<\/strong><span style=\"color: initial;\">15 + CR<\/span><\/li><li><strong>Banca:&nbsp;<\/strong>Fundatec<\/li><li><strong>Cargos: <\/strong>V\u00e1rios<\/li><li><strong>Escolaridade:<\/strong>&nbsp;N\u00edveis m\u00e9dio, t\u00e9cnico e superior<\/li><li><strong>Edital: <\/strong><span style=\"text-decoration: underline;\"><a href=\"https:\/\/dhg1h5j42swfq.cloudfront.net\/2022\/02\/04114311\/edital_1_61fc33f3a5a43.pdf\" target=\"_blank\" rel=\"noreferrer noopener nofollow\">Edital EPTV 2022<\/a><\/span> <\/li><li><strong>Retifica\u00e7\u00f5es:<\/strong> <a href=\"https:\/\/dhg1h5j42swfq.cloudfront.net\/2022\/02\/17141405\/649_edital_02-2022_retificativo_concurso01_aprovado_62018d9e1cec6-2.pdf\" target=\"_blank\" rel=\"noreferrer noopener nofollow\">Retif. I<\/a><strong> <\/strong>| <a href=\"https:\/\/dhg1h5j42swfq.cloudfront.net\/2022\/02\/17141452\/649_edital_03-2022_retificativo_concursos_6202d7acddcc4.pdf\" target=\"_blank\" rel=\"noreferrer noopener nofollow\">Retif. III<\/a> | <a href=\"https:\/\/dhg1h5j42swfq.cloudfront.net\/2022\/02\/14141229\/649_edital_04-2022_retificativo_concurso01_6206eb6e45a16.pdf\" target=\"_blank\" rel=\"noreferrer noopener nofollow\">Retif. IV<\/a> | <a href=\"https:\/\/dhg1h5j42swfq.cloudfront.net\/2022\/02\/17141332\/649_edital_05-2022_retificativo_concurso01_rev3_620e6dfbc2ec9.pdf\" target=\"_blank\" rel=\"noreferrer noopener nofollow\">Retif. V<\/a><span style=\"text-decoration: underline;\"><\/span><\/li><\/ul>\n","protected":false},"excerpt":{"rendered":"<p>Foi divulgada a homologa\u00e7\u00e3o do concurso EPTV (Empresa P\u00fablica de Tr\u00e2nsito de Viam\u00e3o) exclusivamente para os cargos de fase \u00fanica. Os candidatos ao cargo de Advogado ainda passar\u00e3o pela prova discursiva, marcada para a data prevista de 26 de junho. Aos demais cargos, a sele\u00e7\u00e3o ficar\u00e1 v\u00e1lida at\u00e9 o dia 14 de junho de 2024, [&hellip;]<\/p>\n","protected":false},"author":1,"featured_media":965380,"comment_status":"open","ping_status":"closed","sticky":false,"template":"","format":"standard","meta":{"post_tipo":"news_page","footnotes":""},"categories":[214992],"tags":[],"tax_estado":[219986],"class_list":["post-961525","post","type-post","status-publish","format-standard","has-post-thumbnail","hentry","category-concursos-administrativos","tax_estado-rs"],"acf":[],"yoast_head":"<!-- This site is optimized with the Yoast SEO Premium plugin v27.2 (Yoast SEO v27.2) - https:\/\/yoast.com\/product\/yoast-seo-premium-wordpress\/ -->\n<title>Concurso EPTV RS: sele\u00e7\u00e3o \u00e9 parcialmente homologada<\/title>\n<meta name=\"description\" content=\"Concurso EPTV RS: cargos de fase \u00fanica tem resultado final homologado. Candidatos ao cargo de Advogado ainda passar\u00e3o pela Discursiva.\" \/>\n<meta name=\"robots\" content=\"index, follow, max-snippet:-1, max-image-preview:large, max-video-preview:-1\" \/>\n<link rel=\"canonical\" href=\"https:\/\/www.estrategiaconcursos.com.br\/blog\/concurso-eptv-rs\/\" \/>\n<meta property=\"og:locale\" content=\"pt_BR\" \/>\n<meta property=\"og:type\" content=\"article\" \/>\n<meta property=\"og:title\" content=\"Concurso EPTV RS: sele\u00e7\u00e3o \u00e9 parcialmente homologada\" \/>\n<meta property=\"og:description\" content=\"Concurso EPTV RS: cargos de fase \u00fanica tem resultado final homologado. Candidatos ao cargo de Advogado ainda passar\u00e3o pela Discursiva.\" \/>\n<meta property=\"og:url\" content=\"https:\/\/www.estrategiaconcursos.com.br\/blog\/concurso-eptv-rs\/\" \/>\n<meta property=\"og:site_name\" content=\"Estrat\u00e9gia Concursos\" \/>\n<meta property=\"article:author\" content=\"https:\/\/www.facebook.com\/EstrategiaConcursos\" \/>\n<meta property=\"article:published_time\" content=\"2022-06-14T19:15:00+00:00\" \/>\n<meta property=\"article:modified_time\" content=\"2022-06-15T20:32:35+00:00\" \/>\n<meta property=\"og:image\" content=\"https:\/\/dhg1h5j42swfq.cloudfront.net\/2022\/02\/09134036\/eptv.jpg\" \/>\n\t<meta property=\"og:image:width\" content=\"768\" \/>\n\t<meta property=\"og:image:height\" content=\"432\" \/>\n\t<meta property=\"og:image:type\" content=\"image\/jpeg\" \/>\n<meta name=\"author\" content=\"Coordena\u00e7\u00e3o\" \/>\n<meta name=\"twitter:card\" content=\"summary_large_image\" \/>\n<meta name=\"twitter:creator\" content=\"@EstratConcursos\" \/>\n<meta name=\"twitter:site\" content=\"@EstratConcursos\" \/>\n<meta name=\"twitter:label1\" content=\"Escrito por\" \/>\n\t<meta name=\"twitter:data1\" content=\"Coordena\u00e7\u00e3o\" \/>\n\t<meta name=\"twitter:label2\" content=\"Est. tempo de leitura\" \/>\n\t<meta name=\"twitter:data2\" content=\"4 minutos\" \/>\n<script type=\"application\/ld+json\" class=\"yoast-schema-graph\">{\"@context\":\"https:\/\/schema.org\",\"@graph\":[{\"@type\":\"NewsArticle\",\"@id\":\"https:\/\/www.estrategiaconcursos.com.br\/blog\/concurso-eptv-rs\/#article\",\"isPartOf\":{\"@id\":\"https:\/\/www.estrategiaconcursos.com.br\/blog\/concurso-eptv-rs\/\"},\"author\":{\"name\":\"Coordena\u00e7\u00e3o\",\"@id\":\"https:\/\/www.estrategiaconcursos.com.br\/blog\/#\/schema\/person\/b4a388c97673c5f483d72185668afa1f\"},\"headline\":\"Concurso EPTV RS: sele\u00e7\u00e3o \u00e9 parcialmente homologada\",\"datePublished\":\"2022-06-14T19:15:00+00:00\",\"dateModified\":\"2022-06-15T20:32:35+00:00\",\"mainEntityOfPage\":{\"@id\":\"https:\/\/www.estrategiaconcursos.com.br\/blog\/concurso-eptv-rs\/\"},\"wordCount\":533,\"commentCount\":0,\"publisher\":{\"@id\":\"https:\/\/www.estrategiaconcursos.com.br\/blog\/#organization\"},\"image\":{\"@id\":\"https:\/\/www.estrategiaconcursos.com.br\/blog\/concurso-eptv-rs\/#primaryimage\"},\"thumbnailUrl\":\"https:\/\/dhg1h5j42swfq.cloudfront.net\/2022\/02\/09134036\/eptv.jpg\",\"articleSection\":[\"Executivo (Administrativa)\"],\"inLanguage\":\"pt-BR\",\"potentialAction\":[{\"@type\":\"CommentAction\",\"name\":\"Comment\",\"target\":[\"https:\/\/www.estrategiaconcursos.com.br\/blog\/concurso-eptv-rs\/#respond\"]}],\"copyrightYear\":\"2022\",\"copyrightHolder\":{\"@id\":\"https:\/\/www.estrategiaconcursos.com.br\/blog\/#organization\"}},{\"@type\":\"WebPage\",\"@id\":\"https:\/\/www.estrategiaconcursos.com.br\/blog\/concurso-eptv-rs\/\",\"url\":\"https:\/\/www.estrategiaconcursos.com.br\/blog\/concurso-eptv-rs\/\",\"name\":\"Concurso EPTV RS: sele\u00e7\u00e3o \u00e9 parcialmente homologada\",\"isPartOf\":{\"@id\":\"https:\/\/www.estrategiaconcursos.com.br\/blog\/#website\"},\"primaryImageOfPage\":{\"@id\":\"https:\/\/www.estrategiaconcursos.com.br\/blog\/concurso-eptv-rs\/#primaryimage\"},\"image\":{\"@id\":\"https:\/\/www.estrategiaconcursos.com.br\/blog\/concurso-eptv-rs\/#primaryimage\"},\"thumbnailUrl\":\"https:\/\/dhg1h5j42swfq.cloudfront.net\/2022\/02\/09134036\/eptv.jpg\",\"datePublished\":\"2022-06-14T19:15:00+00:00\",\"dateModified\":\"2022-06-15T20:32:35+00:00\",\"description\":\"Concurso EPTV RS: cargos de fase \u00fanica tem resultado final homologado. Candidatos ao cargo de Advogado ainda passar\u00e3o pela Discursiva.\",\"breadcrumb\":{\"@id\":\"https:\/\/www.estrategiaconcursos.com.br\/blog\/concurso-eptv-rs\/#breadcrumb\"},\"inLanguage\":\"pt-BR\",\"potentialAction\":[{\"@type\":\"ReadAction\",\"target\":[\"https:\/\/www.estrategiaconcursos.com.br\/blog\/concurso-eptv-rs\/\"]}]},{\"@type\":\"ImageObject\",\"inLanguage\":\"pt-BR\",\"@id\":\"https:\/\/www.estrategiaconcursos.com.br\/blog\/concurso-eptv-rs\/#primaryimage\",\"url\":\"https:\/\/dhg1h5j42swfq.cloudfront.net\/2022\/02\/09134036\/eptv.jpg\",\"contentUrl\":\"https:\/\/dhg1h5j42swfq.cloudfront.net\/2022\/02\/09134036\/eptv.jpg\",\"width\":768,\"height\":432},{\"@type\":\"BreadcrumbList\",\"@id\":\"https:\/\/www.estrategiaconcursos.com.br\/blog\/concurso-eptv-rs\/#breadcrumb\",\"itemListElement\":[{\"@type\":\"ListItem\",\"position\":1,\"name\":\"In\u00edcio\",\"item\":\"https:\/\/www.estrategiaconcursos.com.br\/blog\/\"},{\"@type\":\"ListItem\",\"position\":2,\"name\":\"Concurso EPTV RS: sele\u00e7\u00e3o \u00e9 parcialmente homologada\"}]},{\"@type\":\"WebSite\",\"@id\":\"https:\/\/www.estrategiaconcursos.com.br\/blog\/#website\",\"url\":\"https:\/\/www.estrategiaconcursos.com.br\/blog\/\",\"name\":\"Estrat\u00e9gia Concursos\",\"description\":\"O blog da Estrat\u00e9gia Concursos traz not\u00edcias sobre concursos e artigos de professores oferecendo cursos para concursos (pdf + videaulas) no site.\",\"publisher\":{\"@id\":\"https:\/\/www.estrategiaconcursos.com.br\/blog\/#organization\"},\"potentialAction\":[{\"@type\":\"SearchAction\",\"target\":{\"@type\":\"EntryPoint\",\"urlTemplate\":\"https:\/\/www.estrategiaconcursos.com.br\/blog\/?s={search_term_string}\"},\"query-input\":{\"@type\":\"PropertyValueSpecification\",\"valueRequired\":true,\"valueName\":\"search_term_string\"}}],\"inLanguage\":\"pt-BR\"},{\"@type\":\"Organization\",\"@id\":\"https:\/\/www.estrategiaconcursos.com.br\/blog\/#organization\",\"name\":\"Estrat\u00e9gia Concursos\",\"url\":\"https:\/\/www.estrategiaconcursos.com.br\/blog\/\",\"logo\":{\"@type\":\"ImageObject\",\"inLanguage\":\"pt-BR\",\"@id\":\"https:\/\/www.estrategiaconcursos.com.br\/blog\/#\/schema\/logo\/image\/\",\"url\":\"https:\/\/dhg1h5j42swfq.cloudfront.net\/2025\/06\/03203428\/logo_concursos-1.jpg\",\"contentUrl\":\"https:\/\/dhg1h5j42swfq.cloudfront.net\/2025\/06\/03203428\/logo_concursos-1.jpg\",\"width\":230,\"height\":60,\"caption\":\"Estrat\u00e9gia Concursos\"},\"image\":{\"@id\":\"https:\/\/www.estrategiaconcursos.com.br\/blog\/#\/schema\/logo\/image\/\"},\"sameAs\":[\"https:\/\/x.com\/EstratConcursos\"]},{\"@type\":\"Person\",\"@id\":\"https:\/\/www.estrategiaconcursos.com.br\/blog\/#\/schema\/person\/b4a388c97673c5f483d72185668afa1f\",\"name\":\"Coordena\u00e7\u00e3o\",\"image\":{\"@type\":\"ImageObject\",\"inLanguage\":\"pt-BR\",\"@id\":\"https:\/\/secure.gravatar.com\/avatar\/b720319e4c9a967eb58678d110f4fe35452fc5d5f97b202bac7b8acceb18c6ad?s=96&d=mm&r=g\",\"url\":\"https:\/\/secure.gravatar.com\/avatar\/b720319e4c9a967eb58678d110f4fe35452fc5d5f97b202bac7b8acceb18c6ad?s=96&d=mm&r=g\",\"contentUrl\":\"https:\/\/secure.gravatar.com\/avatar\/b720319e4c9a967eb58678d110f4fe35452fc5d5f97b202bac7b8acceb18c6ad?s=96&d=mm&r=g\",\"caption\":\"Coordena\u00e7\u00e3o\"},\"sameAs\":[\"https:\/\/www.facebook.com\/EstrategiaConcursos\",\"https:\/\/x.com\/EstratConcursos\"],\"url\":\"https:\/\/www.estrategiaconcursos.com.br\/blog\/author\/estrategia2013\/\"}]}<\/script>\n<!-- \/ Yoast SEO Premium plugin. -->","yoast_head_json":{"title":"Concurso EPTV RS: sele\u00e7\u00e3o \u00e9 parcialmente homologada","description":"Concurso EPTV RS: cargos de fase \u00fanica tem resultado final homologado. Candidatos ao cargo de Advogado ainda passar\u00e3o pela Discursiva.","robots":{"index":"index","follow":"follow","max-snippet":"max-snippet:-1","max-image-preview":"max-image-preview:large","max-video-preview":"max-video-preview:-1"},"canonical":"https:\/\/www.estrategiaconcursos.com.br\/blog\/concurso-eptv-rs\/","og_locale":"pt_BR","og_type":"article","og_title":"Concurso EPTV RS: sele\u00e7\u00e3o \u00e9 parcialmente homologada","og_description":"Concurso EPTV RS: cargos de fase \u00fanica tem resultado final homologado. Candidatos ao cargo de Advogado ainda passar\u00e3o pela Discursiva.","og_url":"https:\/\/www.estrategiaconcursos.com.br\/blog\/concurso-eptv-rs\/","og_site_name":"Estrat\u00e9gia Concursos","article_author":"https:\/\/www.facebook.com\/EstrategiaConcursos","article_published_time":"2022-06-14T19:15:00+00:00","article_modified_time":"2022-06-15T20:32:35+00:00","og_image":[{"width":768,"height":432,"url":"https:\/\/dhg1h5j42swfq.cloudfront.net\/2022\/02\/09134036\/eptv.jpg","type":"image\/jpeg"}],"author":"Coordena\u00e7\u00e3o","twitter_card":"summary_large_image","twitter_creator":"@EstratConcursos","twitter_site":"@EstratConcursos","twitter_misc":{"Escrito por":"Coordena\u00e7\u00e3o","Est. tempo de leitura":"4 minutos"},"schema":{"@context":"https:\/\/schema.org","@graph":[{"@type":"NewsArticle","@id":"https:\/\/www.estrategiaconcursos.com.br\/blog\/concurso-eptv-rs\/#article","isPartOf":{"@id":"https:\/\/www.estrategiaconcursos.com.br\/blog\/concurso-eptv-rs\/"},"author":{"name":"Coordena\u00e7\u00e3o","@id":"https:\/\/www.estrategiaconcursos.com.br\/blog\/#\/schema\/person\/b4a388c97673c5f483d72185668afa1f"},"headline":"Concurso EPTV RS: sele\u00e7\u00e3o \u00e9 parcialmente homologada","datePublished":"2022-06-14T19:15:00+00:00","dateModified":"2022-06-15T20:32:35+00:00","mainEntityOfPage":{"@id":"https:\/\/www.estrategiaconcursos.com.br\/blog\/concurso-eptv-rs\/"},"wordCount":533,"commentCount":0,"publisher":{"@id":"https:\/\/www.estrategiaconcursos.com.br\/blog\/#organization"},"image":{"@id":"https:\/\/www.estrategiaconcursos.com.br\/blog\/concurso-eptv-rs\/#primaryimage"},"thumbnailUrl":"https:\/\/dhg1h5j42swfq.cloudfront.net\/2022\/02\/09134036\/eptv.jpg","articleSection":["Executivo (Administrativa)"],"inLanguage":"pt-BR","potentialAction":[{"@type":"CommentAction","name":"Comment","target":["https:\/\/www.estrategiaconcursos.com.br\/blog\/concurso-eptv-rs\/#respond"]}],"copyrightYear":"2022","copyrightHolder":{"@id":"https:\/\/www.estrategiaconcursos.com.br\/blog\/#organization"}},{"@type":"WebPage","@id":"https:\/\/www.estrategiaconcursos.com.br\/blog\/concurso-eptv-rs\/","url":"https:\/\/www.estrategiaconcursos.com.br\/blog\/concurso-eptv-rs\/","name":"Concurso EPTV RS: sele\u00e7\u00e3o \u00e9 parcialmente homologada","isPartOf":{"@id":"https:\/\/www.estrategiaconcursos.com.br\/blog\/#website"},"primaryImageOfPage":{"@id":"https:\/\/www.estrategiaconcursos.com.br\/blog\/concurso-eptv-rs\/#primaryimage"},"image":{"@id":"https:\/\/www.estrategiaconcursos.com.br\/blog\/concurso-eptv-rs\/#primaryimage"},"thumbnailUrl":"https:\/\/dhg1h5j42swfq.cloudfront.net\/2022\/02\/09134036\/eptv.jpg","datePublished":"2022-06-14T19:15:00+00:00","dateModified":"2022-06-15T20:32:35+00:00","description":"Concurso EPTV RS: cargos de fase \u00fanica tem resultado final homologado. Candidatos ao cargo de Advogado ainda passar\u00e3o pela Discursiva.","breadcrumb":{"@id":"https:\/\/www.estrategiaconcursos.com.br\/blog\/concurso-eptv-rs\/#breadcrumb"},"inLanguage":"pt-BR","potentialAction":[{"@type":"ReadAction","target":["https:\/\/www.estrategiaconcursos.com.br\/blog\/concurso-eptv-rs\/"]}]},{"@type":"ImageObject","inLanguage":"pt-BR","@id":"https:\/\/www.estrategiaconcursos.com.br\/blog\/concurso-eptv-rs\/#primaryimage","url":"https:\/\/dhg1h5j42swfq.cloudfront.net\/2022\/02\/09134036\/eptv.jpg","contentUrl":"https:\/\/dhg1h5j42swfq.cloudfront.net\/2022\/02\/09134036\/eptv.jpg","width":768,"height":432},{"@type":"BreadcrumbList","@id":"https:\/\/www.estrategiaconcursos.com.br\/blog\/concurso-eptv-rs\/#breadcrumb","itemListElement":[{"@type":"ListItem","position":1,"name":"In\u00edcio","item":"https:\/\/www.estrategiaconcursos.com.br\/blog\/"},{"@type":"ListItem","position":2,"name":"Concurso EPTV RS: sele\u00e7\u00e3o \u00e9 parcialmente homologada"}]},{"@type":"WebSite","@id":"https:\/\/www.estrategiaconcursos.com.br\/blog\/#website","url":"https:\/\/www.estrategiaconcursos.com.br\/blog\/","name":"Estrat\u00e9gia Concursos","description":"O blog da Estrat\u00e9gia Concursos traz not\u00edcias sobre concursos e artigos de professores oferecendo cursos para concursos (pdf + videaulas) no site.","publisher":{"@id":"https:\/\/www.estrategiaconcursos.com.br\/blog\/#organization"},"potentialAction":[{"@type":"SearchAction","target":{"@type":"EntryPoint","urlTemplate":"https:\/\/www.estrategiaconcursos.com.br\/blog\/?s={search_term_string}"},"query-input":{"@type":"PropertyValueSpecification","valueRequired":true,"valueName":"search_term_string"}}],"inLanguage":"pt-BR"},{"@type":"Organization","@id":"https:\/\/www.estrategiaconcursos.com.br\/blog\/#organization","name":"Estrat\u00e9gia Concursos","url":"https:\/\/www.estrategiaconcursos.com.br\/blog\/","logo":{"@type":"ImageObject","inLanguage":"pt-BR","@id":"https:\/\/www.estrategiaconcursos.com.br\/blog\/#\/schema\/logo\/image\/","url":"https:\/\/dhg1h5j42swfq.cloudfront.net\/2025\/06\/03203428\/logo_concursos-1.jpg","contentUrl":"https:\/\/dhg1h5j42swfq.cloudfront.net\/2025\/06\/03203428\/logo_concursos-1.jpg","width":230,"height":60,"caption":"Estrat\u00e9gia Concursos"},"image":{"@id":"https:\/\/www.estrategiaconcursos.com.br\/blog\/#\/schema\/logo\/image\/"},"sameAs":["https:\/\/x.com\/EstratConcursos"]},{"@type":"Person","@id":"https:\/\/www.estrategiaconcursos.com.br\/blog\/#\/schema\/person\/b4a388c97673c5f483d72185668afa1f","name":"Coordena\u00e7\u00e3o","image":{"@type":"ImageObject","inLanguage":"pt-BR","@id":"https:\/\/secure.gravatar.com\/avatar\/b720319e4c9a967eb58678d110f4fe35452fc5d5f97b202bac7b8acceb18c6ad?s=96&d=mm&r=g","url":"https:\/\/secure.gravatar.com\/avatar\/b720319e4c9a967eb58678d110f4fe35452fc5d5f97b202bac7b8acceb18c6ad?s=96&d=mm&r=g","contentUrl":"https:\/\/secure.gravatar.com\/avatar\/b720319e4c9a967eb58678d110f4fe35452fc5d5f97b202bac7b8acceb18c6ad?s=96&d=mm&r=g","caption":"Coordena\u00e7\u00e3o"},"sameAs":["https:\/\/www.facebook.com\/EstrategiaConcursos","https:\/\/x.com\/EstratConcursos"],"url":"https:\/\/www.estrategiaconcursos.com.br\/blog\/author\/estrategia2013\/"}]}},"_links":{"self":[{"href":"https:\/\/www.estrategiaconcursos.com.br\/blog\/wp-json\/wp\/v2\/posts\/961525","targetHints":{"allow":["GET"]}}],"collection":[{"href":"https:\/\/www.estrategiaconcursos.com.br\/blog\/wp-json\/wp\/v2\/posts"}],"about":[{"href":"https:\/\/www.estrategiaconcursos.com.br\/blog\/wp-json\/wp\/v2\/types\/post"}],"author":[{"embeddable":true,"href":"https:\/\/www.estrategiaconcursos.com.br\/blog\/wp-json\/wp\/v2\/users\/1"}],"replies":[{"embeddable":true,"href":"https:\/\/www.estrategiaconcursos.com.br\/blog\/wp-json\/wp\/v2\/comments?post=961525"}],"version-history":[{"count":28,"href":"https:\/\/www.estrategiaconcursos.com.br\/blog\/wp-json\/wp\/v2\/posts\/961525\/revisions"}],"predecessor-version":[{"id":1046090,"href":"https:\/\/www.estrategiaconcursos.com.br\/blog\/wp-json\/wp\/v2\/posts\/961525\/revisions\/1046090"}],"wp:featuredmedia":[{"embeddable":true,"href":"https:\/\/www.estrategiaconcursos.com.br\/blog\/wp-json\/wp\/v2\/media\/965380"}],"wp:attachment":[{"href":"https:\/\/www.estrategiaconcursos.com.br\/blog\/wp-json\/wp\/v2\/media?parent=961525"}],"wp:term":[{"taxonomy":"category","embeddable":true,"href":"https:\/\/www.estrategiaconcursos.com.br\/blog\/wp-json\/wp\/v2\/categories?post=961525"},{"taxonomy":"post_tag","embeddable":true,"href":"https:\/\/www.estrategiaconcursos.com.br\/blog\/wp-json\/wp\/v2\/tags?post=961525"},{"taxonomy":"tax_estado","embeddable":true,"href":"https:\/\/www.estrategiaconcursos.com.br\/blog\/wp-json\/wp\/v2\/tax_estado?post=961525"}],"curies":[{"name":"wp","href":"https:\/\/api.w.org\/{rel}","templated":true}]}}