{"id":96125,"date":"2017-11-20T15:15:12","date_gmt":"2017-11-20T18:15:12","guid":{"rendered":"https:\/\/www.estrategiaconcursos.com.br\/blog\/?p=96125"},"modified":"2022-12-02T18:34:25","modified_gmt":"2022-12-02T21:34:25","slug":"ansiedade-e-medo-nao-se-preocupe-mais-com-isso","status":"publish","type":"post","link":"https:\/\/www.estrategiaconcursos.com.br\/blog\/ansiedade-e-medo-nao-se-preocupe-mais-com-isso\/","title":{"rendered":"Ansiedade e medo: n\u00e3o se preocupe mais com isso!!"},"content":{"rendered":"<p style=\"text-align: justify;\">Ol\u00e1, tudo bem?!<\/p>\n<p style=\"text-align: justify;\">Aqui \u00e9 Fabr\u00edcio R\u00eago, sou professor do Estrat\u00e9gia e Coach de Equil\u00edbrio Mental. Caso ainda n\u00e3o nos conhe\u00e7amos, seja bem-vindo e obrigado por sua aten\u00e7\u00e3o!<\/p>\n<p style=\"text-align: justify;\">No v\u00eddeo que trago hoje falo sobre duas sensa\u00e7\u00f5es que aterrorizam os candidatos a provas e concursos: <strong>ansiedade e medo<\/strong>. E digo mais: \u00e9 a causa de muitas reprova\u00e7\u00f5es que vemos por a\u00ed afora! <strong>Voc\u00ea n\u00e3o deve se preocupar com isso, literalmente!<\/strong><\/p>\n<p style=\"text-align: justify;\">Quanto mais aten\u00e7\u00e3o e vontade de nos livrarmos dessas sensa\u00e7\u00f5es, mais elas se fortalecem e nos aterrorizam. Verdade pura! A solu\u00e7\u00e3o pode vir de diversas formas, das mais sofisticadas \u00e0s mais antigas (e funcionais!), tais como PNL, Coaching, Terapia, etc. Se liga no que eu falo no v\u00eddeo&#8230; em breve mais assuntos semelhantes!<\/p>\n<p style=\"text-align: justify;\">No meu Insta estou postando todos os dias uma frase provocativa, algo que te leva \u00e0 reflex\u00e3o! Se liga l\u00e1, o pessoal tem adorado:<\/p>\n<p style=\"text-align: justify;\">(basta clicar nos \u00edcones):<\/p>\n<p><a href=\"https:\/\/www.instagram.com\/prof.fabriciorego\/\" target=\"_blank\" rel=\"noopener\"><img loading=\"lazy\" decoding=\"async\" class=\"alignleft wp-image-93177\" src=\"https:\/\/dhg1h5j42swfq.cloudfront.net\/2017\/10\/20092944\/rede-ig.jpg\" alt=\"\" width=\"58\" height=\"58\" srcset=\"https:\/\/dhg1h5j42swfq.cloudfront.net\/2017\/10\/20092944\/rede-ig.jpg 626w, https:\/\/dhg1h5j42swfq.cloudfront.net\/2017\/10\/20092944\/rede-ig.jpg 150w, https:\/\/dhg1h5j42swfq.cloudfront.net\/2017\/10\/20092944\/rede-ig.jpg 300w, https:\/\/dhg1h5j42swfq.cloudfront.net\/2017\/10\/20092944\/rede-ig.jpg 610w\" sizes=\"auto, (max-width: 58px) 100vw, 58px\" \/><\/a> <a href=\"https:\/\/www.facebook.com\/professorfabriciorego\/\" target=\"_blank\" rel=\"noopener\"><img loading=\"lazy\" decoding=\"async\" class=\"alignleft wp-image-93178\" src=\"https:\/\/dhg1h5j42swfq.cloudfront.net\/2017\/10\/20092945\/redes-facx.jpg\" alt=\"\" width=\"63\" height=\"63\" srcset=\"https:\/\/dhg1h5j42swfq.cloudfront.net\/2017\/10\/20092945\/redes-facx.jpg 400w, https:\/\/dhg1h5j42swfq.cloudfront.net\/2017\/10\/20092945\/redes-facx.jpg 150w, https:\/\/dhg1h5j42swfq.cloudfront.net\/2017\/10\/20092945\/redes-facx.jpg 300w\" sizes=\"auto, (max-width: 63px) 100vw, 63px\" \/><\/a> <a href=\"https:\/\/www.youtube.com\/channel\/UClhEu_ETPnguVIHhD-B8Juw\" target=\"_blank\" rel=\"noopener\"><img loading=\"lazy\" decoding=\"async\" class=\"alignleft wp-image-93179\" src=\"https:\/\/dhg1h5j42swfq.cloudfront.net\/2017\/10\/20092946\/redes-youtube.png\" alt=\"\" width=\"62\" height=\"62\" srcset=\"https:\/\/dhg1h5j42swfq.cloudfront.net\/2017\/10\/20092946\/redes-youtube.png 512w, https:\/\/dhg1h5j42swfq.cloudfront.net\/2017\/10\/20092946\/redes-youtube.png 150w, https:\/\/dhg1h5j42swfq.cloudfront.net\/2017\/10\/20092946\/redes-youtube.png 300w\" sizes=\"auto, (max-width: 62px) 100vw, 62px\" \/><\/a><\/p>\n","protected":false},"excerpt":{"rendered":"<p>Ol\u00e1, tudo bem?! Aqui \u00e9 Fabr\u00edcio R\u00eago, sou professor do Estrat\u00e9gia e Coach de Equil\u00edbrio Mental. Caso ainda n\u00e3o nos conhe\u00e7amos, seja bem-vindo e obrigado por sua aten\u00e7\u00e3o! No v\u00eddeo que trago hoje falo sobre duas sensa\u00e7\u00f5es que aterrorizam os candidatos a provas e concursos: ansiedade e medo. E digo mais: \u00e9 a causa de [&hellip;]<\/p>\n","protected":false},"author":48,"featured_media":0,"comment_status":"open","ping_status":"open","sticky":false,"template":"","format":"standard","meta":{"post_tipo":"article","footnotes":""},"categories":[1],"tags":[],"tax_estado":[],"class_list":["post-96125","post","type-post","status-publish","format-standard","hentry","category-cursos-e-concursos"],"acf":[],"yoast_head":"<!-- This site is optimized with the Yoast SEO Premium plugin v27.2 (Yoast SEO v27.2) - https:\/\/yoast.com\/product\/yoast-seo-premium-wordpress\/ -->\n<title>Ansiedade e medo: n\u00e3o se preocupe mais com isso!!<\/title>\n<meta name=\"robots\" content=\"index, follow, max-snippet:-1, max-image-preview:large, max-video-preview:-1\" \/>\n<link rel=\"canonical\" href=\"https:\/\/www.estrategiaconcursos.com.br\/blog\/ansiedade-e-medo-nao-se-preocupe-mais-com-isso\/\" \/>\n<meta property=\"og:locale\" content=\"pt_BR\" \/>\n<meta property=\"og:type\" content=\"article\" \/>\n<meta property=\"og:title\" content=\"Ansiedade e medo: n\u00e3o se preocupe mais com isso!!\" \/>\n<meta property=\"og:description\" content=\"Ol\u00e1, tudo bem?! Aqui \u00e9 Fabr\u00edcio R\u00eago, sou professor do Estrat\u00e9gia e Coach de Equil\u00edbrio Mental. Caso ainda n\u00e3o nos conhe\u00e7amos, seja bem-vindo e obrigado por sua aten\u00e7\u00e3o! No v\u00eddeo que trago hoje falo sobre duas sensa\u00e7\u00f5es que aterrorizam os candidatos a provas e concursos: ansiedade e medo. E digo mais: \u00e9 a causa de [&hellip;]\" \/>\n<meta property=\"og:url\" content=\"https:\/\/www.estrategiaconcursos.com.br\/blog\/ansiedade-e-medo-nao-se-preocupe-mais-com-isso\/\" \/>\n<meta property=\"og:site_name\" content=\"Estrat\u00e9gia Concursos\" \/>\n<meta property=\"article:published_time\" content=\"2017-11-20T18:15:12+00:00\" \/>\n<meta property=\"article:modified_time\" content=\"2022-12-02T21:34:25+00:00\" \/>\n<meta property=\"og:image\" content=\"https:\/\/www.estrategiaconcursos.com.br\/blog\/wp-content\/uploads\/2017\/10\/rede-ig.jpg\" \/>\n<meta name=\"author\" content=\"Coordena\u00e7\u00e3o\" \/>\n<meta name=\"twitter:card\" content=\"summary_large_image\" \/>\n<meta name=\"twitter:creator\" content=\"@EstratConcursos\" \/>\n<meta name=\"twitter:site\" content=\"@EstratConcursos\" \/>\n<meta name=\"twitter:label1\" content=\"Escrito por\" \/>\n\t<meta name=\"twitter:data1\" content=\"Coordena\u00e7\u00e3o\" \/>\n\t<meta name=\"twitter:label2\" content=\"Est. tempo de leitura\" \/>\n\t<meta name=\"twitter:data2\" content=\"1 minuto\" \/>\n<script type=\"application\/ld+json\" class=\"yoast-schema-graph\">{\"@context\":\"https:\/\/schema.org\",\"@graph\":[{\"@type\":\"NewsArticle\",\"@id\":\"https:\/\/www.estrategiaconcursos.com.br\/blog\/ansiedade-e-medo-nao-se-preocupe-mais-com-isso\/#article\",\"isPartOf\":{\"@id\":\"https:\/\/www.estrategiaconcursos.com.br\/blog\/ansiedade-e-medo-nao-se-preocupe-mais-com-isso\/\"},\"author\":{\"name\":\"Coordena\u00e7\u00e3o\",\"@id\":\"https:\/\/www.estrategiaconcursos.com.br\/blog\/#\/schema\/person\/cdad40b5818eb228a838461fcd656da7\"},\"headline\":\"Ansiedade e medo: n\u00e3o se preocupe mais com isso!!\",\"datePublished\":\"2017-11-20T18:15:12+00:00\",\"dateModified\":\"2022-12-02T21:34:25+00:00\",\"mainEntityOfPage\":{\"@id\":\"https:\/\/www.estrategiaconcursos.com.br\/blog\/ansiedade-e-medo-nao-se-preocupe-mais-com-isso\/\"},\"wordCount\":174,\"commentCount\":0,\"publisher\":{\"@id\":\"https:\/\/www.estrategiaconcursos.com.br\/blog\/#organization\"},\"image\":{\"@id\":\"https:\/\/www.estrategiaconcursos.com.br\/blog\/ansiedade-e-medo-nao-se-preocupe-mais-com-isso\/#primaryimage\"},\"thumbnailUrl\":\"https:\/\/www.estrategiaconcursos.com.br\/blog\/wp-content\/uploads\/2017\/10\/rede-ig.jpg\",\"articleSection\":[\"Concursos P\u00fablicos\"],\"inLanguage\":\"pt-BR\",\"potentialAction\":[{\"@type\":\"CommentAction\",\"name\":\"Comment\",\"target\":[\"https:\/\/www.estrategiaconcursos.com.br\/blog\/ansiedade-e-medo-nao-se-preocupe-mais-com-isso\/#respond\"]}],\"copyrightYear\":\"2017\",\"copyrightHolder\":{\"@id\":\"https:\/\/www.estrategiaconcursos.com.br\/blog\/#organization\"}},{\"@type\":\"WebPage\",\"@id\":\"https:\/\/www.estrategiaconcursos.com.br\/blog\/ansiedade-e-medo-nao-se-preocupe-mais-com-isso\/\",\"url\":\"https:\/\/www.estrategiaconcursos.com.br\/blog\/ansiedade-e-medo-nao-se-preocupe-mais-com-isso\/\",\"name\":\"Ansiedade e medo: n\u00e3o se preocupe mais com isso!!\",\"isPartOf\":{\"@id\":\"https:\/\/www.estrategiaconcursos.com.br\/blog\/#website\"},\"primaryImageOfPage\":{\"@id\":\"https:\/\/www.estrategiaconcursos.com.br\/blog\/ansiedade-e-medo-nao-se-preocupe-mais-com-isso\/#primaryimage\"},\"image\":{\"@id\":\"https:\/\/www.estrategiaconcursos.com.br\/blog\/ansiedade-e-medo-nao-se-preocupe-mais-com-isso\/#primaryimage\"},\"thumbnailUrl\":\"https:\/\/www.estrategiaconcursos.com.br\/blog\/wp-content\/uploads\/2017\/10\/rede-ig.jpg\",\"datePublished\":\"2017-11-20T18:15:12+00:00\",\"dateModified\":\"2022-12-02T21:34:25+00:00\",\"breadcrumb\":{\"@id\":\"https:\/\/www.estrategiaconcursos.com.br\/blog\/ansiedade-e-medo-nao-se-preocupe-mais-com-isso\/#breadcrumb\"},\"inLanguage\":\"pt-BR\",\"potentialAction\":[{\"@type\":\"ReadAction\",\"target\":[\"https:\/\/www.estrategiaconcursos.com.br\/blog\/ansiedade-e-medo-nao-se-preocupe-mais-com-isso\/\"]}]},{\"@type\":\"ImageObject\",\"inLanguage\":\"pt-BR\",\"@id\":\"https:\/\/www.estrategiaconcursos.com.br\/blog\/ansiedade-e-medo-nao-se-preocupe-mais-com-isso\/#primaryimage\",\"url\":\"https:\/\/dhg1h5j42swfq.cloudfront.net\/2017\/10\/20092944\/rede-ig.jpg\",\"contentUrl\":\"https:\/\/dhg1h5j42swfq.cloudfront.net\/2017\/10\/20092944\/rede-ig.jpg\",\"width\":626,\"height\":626},{\"@type\":\"BreadcrumbList\",\"@id\":\"https:\/\/www.estrategiaconcursos.com.br\/blog\/ansiedade-e-medo-nao-se-preocupe-mais-com-isso\/#breadcrumb\",\"itemListElement\":[{\"@type\":\"ListItem\",\"position\":1,\"name\":\"In\u00edcio\",\"item\":\"https:\/\/www.estrategiaconcursos.com.br\/blog\/\"},{\"@type\":\"ListItem\",\"position\":2,\"name\":\"Ansiedade e medo: n\u00e3o se preocupe mais com isso!!\"}]},{\"@type\":\"WebSite\",\"@id\":\"https:\/\/www.estrategiaconcursos.com.br\/blog\/#website\",\"url\":\"https:\/\/www.estrategiaconcursos.com.br\/blog\/\",\"name\":\"Estrat\u00e9gia Concursos\",\"description\":\"O blog da Estrat\u00e9gia Concursos traz not\u00edcias sobre concursos e artigos de professores oferecendo cursos para concursos (pdf + videaulas) no site.\",\"publisher\":{\"@id\":\"https:\/\/www.estrategiaconcursos.com.br\/blog\/#organization\"},\"potentialAction\":[{\"@type\":\"SearchAction\",\"target\":{\"@type\":\"EntryPoint\",\"urlTemplate\":\"https:\/\/www.estrategiaconcursos.com.br\/blog\/?s={search_term_string}\"},\"query-input\":{\"@type\":\"PropertyValueSpecification\",\"valueRequired\":true,\"valueName\":\"search_term_string\"}}],\"inLanguage\":\"pt-BR\"},{\"@type\":\"Organization\",\"@id\":\"https:\/\/www.estrategiaconcursos.com.br\/blog\/#organization\",\"name\":\"Estrat\u00e9gia Concursos\",\"url\":\"https:\/\/www.estrategiaconcursos.com.br\/blog\/\",\"logo\":{\"@type\":\"ImageObject\",\"inLanguage\":\"pt-BR\",\"@id\":\"https:\/\/www.estrategiaconcursos.com.br\/blog\/#\/schema\/logo\/image\/\",\"url\":\"https:\/\/dhg1h5j42swfq.cloudfront.net\/2025\/06\/03203428\/logo_concursos-1.jpg\",\"contentUrl\":\"https:\/\/dhg1h5j42swfq.cloudfront.net\/2025\/06\/03203428\/logo_concursos-1.jpg\",\"width\":230,\"height\":60,\"caption\":\"Estrat\u00e9gia Concursos\"},\"image\":{\"@id\":\"https:\/\/www.estrategiaconcursos.com.br\/blog\/#\/schema\/logo\/image\/\"},\"sameAs\":[\"https:\/\/x.com\/EstratConcursos\"]},{\"@type\":\"Person\",\"@id\":\"https:\/\/www.estrategiaconcursos.com.br\/blog\/#\/schema\/person\/cdad40b5818eb228a838461fcd656da7\",\"name\":\"Coordena\u00e7\u00e3o\",\"image\":{\"@type\":\"ImageObject\",\"inLanguage\":\"pt-BR\",\"@id\":\"https:\/\/secure.gravatar.com\/avatar\/a413b22da0f5009c634f6c4586a2dbe5207074fd5becd88db5183b8069ef25e4?s=96&d=mm&r=g\",\"url\":\"https:\/\/secure.gravatar.com\/avatar\/a413b22da0f5009c634f6c4586a2dbe5207074fd5becd88db5183b8069ef25e4?s=96&d=mm&r=g\",\"contentUrl\":\"https:\/\/secure.gravatar.com\/avatar\/a413b22da0f5009c634f6c4586a2dbe5207074fd5becd88db5183b8069ef25e4?s=96&d=mm&r=g\",\"caption\":\"Coordena\u00e7\u00e3o\"},\"url\":\"https:\/\/www.estrategiaconcursos.com.br\/blog\/author\/contatoestrategiaconcursos-com-br\/\"}]}<\/script>\n<!-- \/ Yoast SEO Premium plugin. -->","yoast_head_json":{"title":"Ansiedade e medo: n\u00e3o se preocupe mais com isso!!","robots":{"index":"index","follow":"follow","max-snippet":"max-snippet:-1","max-image-preview":"max-image-preview:large","max-video-preview":"max-video-preview:-1"},"canonical":"https:\/\/www.estrategiaconcursos.com.br\/blog\/ansiedade-e-medo-nao-se-preocupe-mais-com-isso\/","og_locale":"pt_BR","og_type":"article","og_title":"Ansiedade e medo: n\u00e3o se preocupe mais com isso!!","og_description":"Ol\u00e1, tudo bem?! Aqui \u00e9 Fabr\u00edcio R\u00eago, sou professor do Estrat\u00e9gia e Coach de Equil\u00edbrio Mental. Caso ainda n\u00e3o nos conhe\u00e7amos, seja bem-vindo e obrigado por sua aten\u00e7\u00e3o! No v\u00eddeo que trago hoje falo sobre duas sensa\u00e7\u00f5es que aterrorizam os candidatos a provas e concursos: ansiedade e medo. E digo mais: \u00e9 a causa de [&hellip;]","og_url":"https:\/\/www.estrategiaconcursos.com.br\/blog\/ansiedade-e-medo-nao-se-preocupe-mais-com-isso\/","og_site_name":"Estrat\u00e9gia Concursos","article_published_time":"2017-11-20T18:15:12+00:00","article_modified_time":"2022-12-02T21:34:25+00:00","og_image":[{"url":"https:\/\/www.estrategiaconcursos.com.br\/blog\/wp-content\/uploads\/2017\/10\/rede-ig.jpg","type":"","width":"","height":""}],"author":"Coordena\u00e7\u00e3o","twitter_card":"summary_large_image","twitter_creator":"@EstratConcursos","twitter_site":"@EstratConcursos","twitter_misc":{"Escrito por":"Coordena\u00e7\u00e3o","Est. tempo de leitura":"1 minuto"},"schema":{"@context":"https:\/\/schema.org","@graph":[{"@type":"NewsArticle","@id":"https:\/\/www.estrategiaconcursos.com.br\/blog\/ansiedade-e-medo-nao-se-preocupe-mais-com-isso\/#article","isPartOf":{"@id":"https:\/\/www.estrategiaconcursos.com.br\/blog\/ansiedade-e-medo-nao-se-preocupe-mais-com-isso\/"},"author":{"name":"Coordena\u00e7\u00e3o","@id":"https:\/\/www.estrategiaconcursos.com.br\/blog\/#\/schema\/person\/cdad40b5818eb228a838461fcd656da7"},"headline":"Ansiedade e medo: n\u00e3o se preocupe mais com isso!!","datePublished":"2017-11-20T18:15:12+00:00","dateModified":"2022-12-02T21:34:25+00:00","mainEntityOfPage":{"@id":"https:\/\/www.estrategiaconcursos.com.br\/blog\/ansiedade-e-medo-nao-se-preocupe-mais-com-isso\/"},"wordCount":174,"commentCount":0,"publisher":{"@id":"https:\/\/www.estrategiaconcursos.com.br\/blog\/#organization"},"image":{"@id":"https:\/\/www.estrategiaconcursos.com.br\/blog\/ansiedade-e-medo-nao-se-preocupe-mais-com-isso\/#primaryimage"},"thumbnailUrl":"https:\/\/www.estrategiaconcursos.com.br\/blog\/wp-content\/uploads\/2017\/10\/rede-ig.jpg","articleSection":["Concursos P\u00fablicos"],"inLanguage":"pt-BR","potentialAction":[{"@type":"CommentAction","name":"Comment","target":["https:\/\/www.estrategiaconcursos.com.br\/blog\/ansiedade-e-medo-nao-se-preocupe-mais-com-isso\/#respond"]}],"copyrightYear":"2017","copyrightHolder":{"@id":"https:\/\/www.estrategiaconcursos.com.br\/blog\/#organization"}},{"@type":"WebPage","@id":"https:\/\/www.estrategiaconcursos.com.br\/blog\/ansiedade-e-medo-nao-se-preocupe-mais-com-isso\/","url":"https:\/\/www.estrategiaconcursos.com.br\/blog\/ansiedade-e-medo-nao-se-preocupe-mais-com-isso\/","name":"Ansiedade e medo: n\u00e3o se preocupe mais com isso!!","isPartOf":{"@id":"https:\/\/www.estrategiaconcursos.com.br\/blog\/#website"},"primaryImageOfPage":{"@id":"https:\/\/www.estrategiaconcursos.com.br\/blog\/ansiedade-e-medo-nao-se-preocupe-mais-com-isso\/#primaryimage"},"image":{"@id":"https:\/\/www.estrategiaconcursos.com.br\/blog\/ansiedade-e-medo-nao-se-preocupe-mais-com-isso\/#primaryimage"},"thumbnailUrl":"https:\/\/www.estrategiaconcursos.com.br\/blog\/wp-content\/uploads\/2017\/10\/rede-ig.jpg","datePublished":"2017-11-20T18:15:12+00:00","dateModified":"2022-12-02T21:34:25+00:00","breadcrumb":{"@id":"https:\/\/www.estrategiaconcursos.com.br\/blog\/ansiedade-e-medo-nao-se-preocupe-mais-com-isso\/#breadcrumb"},"inLanguage":"pt-BR","potentialAction":[{"@type":"ReadAction","target":["https:\/\/www.estrategiaconcursos.com.br\/blog\/ansiedade-e-medo-nao-se-preocupe-mais-com-isso\/"]}]},{"@type":"ImageObject","inLanguage":"pt-BR","@id":"https:\/\/www.estrategiaconcursos.com.br\/blog\/ansiedade-e-medo-nao-se-preocupe-mais-com-isso\/#primaryimage","url":"https:\/\/dhg1h5j42swfq.cloudfront.net\/2017\/10\/20092944\/rede-ig.jpg","contentUrl":"https:\/\/dhg1h5j42swfq.cloudfront.net\/2017\/10\/20092944\/rede-ig.jpg","width":626,"height":626},{"@type":"BreadcrumbList","@id":"https:\/\/www.estrategiaconcursos.com.br\/blog\/ansiedade-e-medo-nao-se-preocupe-mais-com-isso\/#breadcrumb","itemListElement":[{"@type":"ListItem","position":1,"name":"In\u00edcio","item":"https:\/\/www.estrategiaconcursos.com.br\/blog\/"},{"@type":"ListItem","position":2,"name":"Ansiedade e medo: n\u00e3o se preocupe mais com isso!!"}]},{"@type":"WebSite","@id":"https:\/\/www.estrategiaconcursos.com.br\/blog\/#website","url":"https:\/\/www.estrategiaconcursos.com.br\/blog\/","name":"Estrat\u00e9gia Concursos","description":"O blog da Estrat\u00e9gia Concursos traz not\u00edcias sobre concursos e artigos de professores oferecendo cursos para concursos (pdf + videaulas) no site.","publisher":{"@id":"https:\/\/www.estrategiaconcursos.com.br\/blog\/#organization"},"potentialAction":[{"@type":"SearchAction","target":{"@type":"EntryPoint","urlTemplate":"https:\/\/www.estrategiaconcursos.com.br\/blog\/?s={search_term_string}"},"query-input":{"@type":"PropertyValueSpecification","valueRequired":true,"valueName":"search_term_string"}}],"inLanguage":"pt-BR"},{"@type":"Organization","@id":"https:\/\/www.estrategiaconcursos.com.br\/blog\/#organization","name":"Estrat\u00e9gia Concursos","url":"https:\/\/www.estrategiaconcursos.com.br\/blog\/","logo":{"@type":"ImageObject","inLanguage":"pt-BR","@id":"https:\/\/www.estrategiaconcursos.com.br\/blog\/#\/schema\/logo\/image\/","url":"https:\/\/dhg1h5j42swfq.cloudfront.net\/2025\/06\/03203428\/logo_concursos-1.jpg","contentUrl":"https:\/\/dhg1h5j42swfq.cloudfront.net\/2025\/06\/03203428\/logo_concursos-1.jpg","width":230,"height":60,"caption":"Estrat\u00e9gia Concursos"},"image":{"@id":"https:\/\/www.estrategiaconcursos.com.br\/blog\/#\/schema\/logo\/image\/"},"sameAs":["https:\/\/x.com\/EstratConcursos"]},{"@type":"Person","@id":"https:\/\/www.estrategiaconcursos.com.br\/blog\/#\/schema\/person\/cdad40b5818eb228a838461fcd656da7","name":"Coordena\u00e7\u00e3o","image":{"@type":"ImageObject","inLanguage":"pt-BR","@id":"https:\/\/secure.gravatar.com\/avatar\/a413b22da0f5009c634f6c4586a2dbe5207074fd5becd88db5183b8069ef25e4?s=96&d=mm&r=g","url":"https:\/\/secure.gravatar.com\/avatar\/a413b22da0f5009c634f6c4586a2dbe5207074fd5becd88db5183b8069ef25e4?s=96&d=mm&r=g","contentUrl":"https:\/\/secure.gravatar.com\/avatar\/a413b22da0f5009c634f6c4586a2dbe5207074fd5becd88db5183b8069ef25e4?s=96&d=mm&r=g","caption":"Coordena\u00e7\u00e3o"},"url":"https:\/\/www.estrategiaconcursos.com.br\/blog\/author\/contatoestrategiaconcursos-com-br\/"}]}},"_links":{"self":[{"href":"https:\/\/www.estrategiaconcursos.com.br\/blog\/wp-json\/wp\/v2\/posts\/96125","targetHints":{"allow":["GET"]}}],"collection":[{"href":"https:\/\/www.estrategiaconcursos.com.br\/blog\/wp-json\/wp\/v2\/posts"}],"about":[{"href":"https:\/\/www.estrategiaconcursos.com.br\/blog\/wp-json\/wp\/v2\/types\/post"}],"author":[{"embeddable":true,"href":"https:\/\/www.estrategiaconcursos.com.br\/blog\/wp-json\/wp\/v2\/users\/48"}],"replies":[{"embeddable":true,"href":"https:\/\/www.estrategiaconcursos.com.br\/blog\/wp-json\/wp\/v2\/comments?post=96125"}],"version-history":[{"count":2,"href":"https:\/\/www.estrategiaconcursos.com.br\/blog\/wp-json\/wp\/v2\/posts\/96125\/revisions"}],"predecessor-version":[{"id":1133672,"href":"https:\/\/www.estrategiaconcursos.com.br\/blog\/wp-json\/wp\/v2\/posts\/96125\/revisions\/1133672"}],"wp:attachment":[{"href":"https:\/\/www.estrategiaconcursos.com.br\/blog\/wp-json\/wp\/v2\/media?parent=96125"}],"wp:term":[{"taxonomy":"category","embeddable":true,"href":"https:\/\/www.estrategiaconcursos.com.br\/blog\/wp-json\/wp\/v2\/categories?post=96125"},{"taxonomy":"post_tag","embeddable":true,"href":"https:\/\/www.estrategiaconcursos.com.br\/blog\/wp-json\/wp\/v2\/tags?post=96125"},{"taxonomy":"tax_estado","embeddable":true,"href":"https:\/\/www.estrategiaconcursos.com.br\/blog\/wp-json\/wp\/v2\/tax_estado?post=96125"}],"curies":[{"name":"wp","href":"https:\/\/api.w.org\/{rel}","templated":true}]}}