{"id":961113,"date":"2022-02-24T16:30:00","date_gmt":"2022-02-24T19:30:00","guid":{"rendered":"https:\/\/www.estrategiaconcursos.com.br\/blog\/?p=961113"},"modified":"2022-10-26T15:38:05","modified_gmt":"2022-10-26T18:38:05","slug":"edital-camara-porto-alegre","status":"publish","type":"post","link":"https:\/\/www.estrategiaconcursos.com.br\/blog\/edital-camara-porto-alegre\/","title":{"rendered":"Edital C\u00e2mara Porto Alegre est\u00e1 com inscri\u00e7\u00f5es encerradas!"},"content":{"rendered":"\n<p>Est\u00e3o encerradas as inscri\u00e7\u00f5es do edital do <strong>concurso C\u00e2mara Porto Alegre<\/strong>. Os interessados puderam se candidatar at\u00e9 o dia 03 de mar\u00e7o, no portal da banca <a href=\"https:\/\/legalleconcursos.com.br\/editais\/futuros\" target=\"_blank\" rel=\"noreferrer noopener\">Legalle<\/a>.<\/p>\n\n\n\n<p>S\u00e3o ofertadas <strong>45 vagas<\/strong> imediatas, al\u00e9m de cadastro reserva, para cargos nos n\u00edveis m\u00e9dio e superior de forma\u00e7\u00e3o. Os sal\u00e1rios variam de <span style=\"font-size: revert; color: initial;\"><strong>R$ 4.513,80 a R$ 13.986,10<\/strong><\/span>.<\/p>\n\n\n\n<ul class=\"has-background wp-block-list\" style=\"background-color:#dec583\"><li><strong style=\"background-color: initial; color: initial;\">Banca:<\/strong><span style=\"color: initial;\"> Legalle Concursos<\/span><\/li><li><strong>Vagas:<\/strong> 45 + CR<\/li><li><strong>Cargo<\/strong>: diversos<\/li><li><strong>Sal\u00e1rio inicial:<\/strong> R$ 4.513,80 a R$ 13.986,10<\/li><li><strong>Editais 2022<\/strong>: <a href=\"https:\/\/dhg1h5j42swfq.cloudfront.net\/2022\/02\/04090800\/cmpa-edital-1-1.pdf\" target=\"_blank\" rel=\"noreferrer noopener\">Edital 01<\/a> | <a href=\"https:\/\/dhg1h5j42swfq.cloudfront.net\/2022\/02\/04090804\/cmpa-edital-2-1.pdf\" target=\"_blank\" rel=\"noreferrer noopener\">Edital 02<\/a> | <a href=\"https:\/\/dhg1h5j42swfq.cloudfront.net\/2022\/02\/24163413\/f50162c4d6dc35339359cbd7239bade2.pdf\" target=\"_blank\" rel=\"noreferrer noopener nofollow\">1\u00aa ret<\/a><\/li><\/ul>\n\n\n\n<div class=\"container\" id=\"boxes\">\n  <div class=\"row\">\n\n    <div class=\"col-sm\">\n      <div class=\"banner-legislativo\" id=\"box-assinatura\">\n        <h3 class=\"titulo-assinatura\">C\u00e2mara Porto Alegre<\/h3>\n        <p class=\"subtitulo-assinatura\">Conhe\u00e7a os cursos<\/p>\n        <div class=\"box-botao\">\n          <a class=\"btn-assinatura\" target=\"_blank\" href=\"https:\/\/www.estrategiaconcursos.com.br\/cursosPorConcurso\/camara-municipal-de-porto-alegre-rs\/\" role=\"button\" rel=\"noopener noreferrer\">Conhe\u00e7a mais<\/a>\n        <\/div>\n      <\/div>\n     \n\n  <\/div>\n<\/div><\/div>\n\n\n\n<h2 class=\"wp-block-heading\" id=\"datas\">Principais datas do edital C\u00e2mara Porto Alegre<\/h2>\n\n\n\n<p class=\"has-very-light-gray-background-color has-background\"><strong>Inscri\u00e7\u00f5es<\/strong>: <s>04 de fevereiro a 03 de mar\u00e7o<\/s><br \/><strong>Isen\u00e7\u00e3o da taxa<\/strong>: <s>04 a 10 de fevereiro<\/s><br \/><strong>\u00daltimo dia para pagamento<\/strong>: 04 de mar\u00e7o<br \/><strong>Prova<\/strong>: 10 de abril<\/p>\n\n\n\n<p>Lembrando que as taxas foram definidas de acordo com o cargo pretendido, sendo:<\/p>\n\n\n\n<ul class=\"wp-block-list\"><li><strong>N\u00edvel M\u00e9dio:<\/strong> R$ 88,85 a R$ 98,72<\/li><li><strong>N\u00edvel Superior: <\/strong>R$ 172,77 a R$ 259,15<\/li><\/ul>\n\n\n\n<h2 class=\"wp-block-heading\" id=\"cargos-vagas\">Cargos e vagas do edital C\u00e2mara Porto Alegre<\/h2>\n\n\n\n<h3 class=\"wp-block-heading\" id=\"superior\">N\u00edvel m\u00e9dio<\/h3>\n\n\n\n<figure class=\"wp-block-table is-style-stripes\"><table class=\"has-background has-fixed-layout\" style=\"background-color:#dec583\"><thead><tr><th class=\"has-text-align-center\" data-align=\"center\">CARGOS<\/th><th class=\"has-text-align-center\" data-align=\"center\">VAGAS<\/th><th class=\"has-text-align-center\" data-align=\"center\">SAL\u00c1RIO<\/th><\/tr><\/thead><tbody><tr><td class=\"has-text-align-center\" data-align=\"center\"><a href=\"https:\/\/www.estrategiaconcursos.com.br\/curso\/camara-de-porto-alegre-rs-assistente-legislativo-pacote-2022-pos-edital\/\" target=\"_blank\" rel=\"noreferrer noopener\">Assistente Legislativo I<\/a><\/td><td class=\"has-text-align-center\" data-align=\"center\">33 + CR<\/td><td class=\"has-text-align-center\" data-align=\"center\">pode alcan\u00e7ar R$ 8.229,14<\/td><\/tr><tr><td class=\"has-text-align-center\" data-align=\"center\">Eletrot\u00e9cnico<\/td><td class=\"has-text-align-center\" data-align=\"center\">2 + CR<\/td><td class=\"has-text-align-center\" data-align=\"center\">pode alcan\u00e7ar R$ 5.416,56<\/td><\/tr><tr><td class=\"has-text-align-center\" data-align=\"center\">T\u00e9cnico em Inform\u00e1tica<\/td><td class=\"has-text-align-center\" data-align=\"center\">2 + CR<\/td><td class=\"has-text-align-center\" data-align=\"center\">pode alcan\u00e7ar R$ 4.513,80<\/td><\/tr><\/tbody><\/table><\/figure>\n\n\n\n<h3 class=\"wp-block-heading\" id=\"superior\">N\u00edvel superior<\/h3>\n\n\n\n<figure class=\"wp-block-table is-style-stripes\"><table class=\"has-background has-fixed-layout\" style=\"background-color:#dec583\"><thead><tr><th class=\"has-text-align-center\" data-align=\"center\">CARGOS<\/th><th class=\"has-text-align-center\" data-align=\"center\">VAGAS<\/th><th class=\"has-text-align-center\" data-align=\"center\">SAL\u00c1RIO<\/th><\/tr><\/thead><tbody><tr><td class=\"has-text-align-center\" data-align=\"center\">Analista de TI<\/td><td class=\"has-text-align-center\" data-align=\"center\">CR<\/td><td class=\"has-text-align-center\" data-align=\"center\">pode alcan\u00e7ar R$ 11.376,90<\/td><\/tr><tr><td class=\"has-text-align-center\" data-align=\"center\"><a href=\"https:\/\/www.estrategiaconcursos.com.br\/curso\/camara-de-porto-alegre-rs-assessor-legislativo-pacote-2022-pos-edital\/\" target=\"_blank\" rel=\"noreferrer noopener\">Assessor Legislativo I<\/a><\/td><td class=\"has-text-align-center\" data-align=\"center\">5 + CR<\/td><td class=\"has-text-align-center\" data-align=\"center\">pode alcan\u00e7ar R$ 12.306,90<\/td><\/tr><tr><td class=\"has-text-align-center\" data-align=\"center\"><a href=\"https:\/\/www.estrategiaconcursos.com.br\/curso\/camara-de-porto-alegre-rs-contador-pacote-2022-pos-edital\/\" target=\"_blank\" rel=\"noreferrer noopener\">Contador I<\/a><\/td><td class=\"has-text-align-center\" data-align=\"center\">CR<\/td><td class=\"has-text-align-center\" data-align=\"center\">pode alcan\u00e7ar R$ 13.986,10<\/td><\/tr><tr><td class=\"has-text-align-center\" data-align=\"center\">Engenheiro Civil<\/td><td class=\"has-text-align-center\" data-align=\"center\">2 + CR<\/td><td class=\"has-text-align-center\" data-align=\"center\">pode alcan\u00e7ar R$ 12.306,90<\/td><\/tr><tr><td class=\"has-text-align-center\" data-align=\"center\">Jornalista Radialista<\/td><td class=\"has-text-align-center\" data-align=\"center\">CR<\/td><td class=\"has-text-align-center\" data-align=\"center\">pode alcan\u00e7ar R$ 12.306,90<\/td><\/tr><tr><td class=\"has-text-align-center\" data-align=\"center\">Jornalista Rep\u00f3rter<\/td><td class=\"has-text-align-center\" data-align=\"center\">1 + CR<\/td><td class=\"has-text-align-center\" data-align=\"center\">pode alcan\u00e7ar R$ 12.306,90<\/td><\/tr><tr><td class=\"has-text-align-center\" data-align=\"center\">Jornalista Fot\u00f3grafo<\/td><td class=\"has-text-align-center\" data-align=\"center\">CR<\/td><td class=\"has-text-align-center\" data-align=\"center\">pode alcan\u00e7ar R$ 12.306,90<\/td><\/tr><tr><td class=\"has-text-align-center\" data-align=\"center\">M\u00e9dico<\/td><td class=\"has-text-align-center\" data-align=\"center\">CR<\/td><td class=\"has-text-align-center\" data-align=\"center\">pode alcan\u00e7ar R$ 13.350,90<\/td><\/tr><tr><td class=\"has-text-align-center\" data-align=\"center\">Taqu\u00edgrafo I<\/td><td class=\"has-text-align-center\" data-align=\"center\">CR<\/td><td class=\"has-text-align-center\" data-align=\"center\">pode alcan\u00e7ar R$ 11.376,90<\/td><\/tr><\/tbody><\/table><\/figure>\n\n\n\n<h2 class=\"wp-block-heading\" id=\"etapas\">Etapas e provas do edital C\u00e2mara Porto Alegre<\/h2>\n\n\n\n<p>A sele\u00e7\u00e3o dos candidatos inscritos no edital C\u00e2mara Porto Alegre varia conforme o cargo e se dar\u00e1 mediante aplica\u00e7\u00e3o das seguintes etapas:<\/p>\n\n\n\n<h4 class=\"wp-block-heading\" id=\"eletrotecnico-e-tecnico-em-informatica\">Eletrot\u00e9cnico e T\u00e9cnico em Inform\u00e1tica<\/h4>\n\n\n\n<ul class=\"wp-block-list\"><li>Prova objetiva &#8211; eliminat\u00f3rio e classificat\u00f3rio.<\/li><\/ul>\n\n\n\n<h4 class=\"wp-block-heading\" id=\"assistente-legislativo-e-assessor-legislativo\">Assistente Legislativo e Assessor Legislativo<\/h4>\n\n\n\n<ul class=\"wp-block-list\"><li>Prova objetiva &#8211; eliminat\u00f3rio e classificat\u00f3rio;<\/li><li>Prova de reda\u00e7\u00e3o &#8211; eliminat\u00f3rio e classificat\u00f3rio.<\/li><\/ul>\n\n\n\n<h4 class=\"wp-block-heading\" id=\"demais-cargos\">Demais cargos<\/h4>\n\n\n\n<ul class=\"wp-block-list\"><li>Prova objetiva &#8211; eliminat\u00f3rio e classificat\u00f3rio;<\/li><li>Prova discursiva &#8211; eliminat\u00f3rio e classificat\u00f3rio;<\/li><li>Prova pr\u00e1tica &#8211; eliminat\u00f3rio e classificat\u00f3rio (somente para os cargos de Jornalista e Taqu\u00edgrafo).<\/li><\/ul>\n\n\n\n<h3 class=\"wp-block-heading\" id=\"objetiva\">Prova Objetiva<\/h3>\n\n\n\n<p>A prova te\u00f3rico-objetiva, de car\u00e1ter eliminat\u00f3rio e classificat\u00f3rio, ser\u00e1 aplicada a todos os cargos no dia determinado no Cronograma de Execu\u00e7\u00e3o.<\/p>\n\n\n\n<p>A prova contar\u00e1 com quest\u00f5es de m\u00faltipla escolha compostas de 05 (cinco) alternativas (A, B, C, D e E), conforme o PROGRAMAS DA PROVA TE\u00d3RICO-OBJETIVA do Anexo II do edital.<\/p>\n\n\n\n<figure class=\"wp-block-image aligncenter size-full is-resized\"><img loading=\"lazy\" decoding=\"async\" src=\"https:\/\/dhg1h5j42swfq.cloudfront.net\/2022\/02\/04091644\/image-78.png\" alt=\"\" class=\"wp-image-961379\" width=\"552\" height=\"638\" srcset=\"https:\/\/dhg1h5j42swfq.cloudfront.net\/2022\/02\/04091644\/image-78.png 676w, https:\/\/dhg1h5j42swfq.cloudfront.net\/2022\/02\/04091644\/image-78-260x300.png 260w, https:\/\/dhg1h5j42swfq.cloudfront.net\/2022\/02\/04091644\/image-78-610x705.png 610w\" sizes=\"auto, (max-width: 552px) 100vw, 552px\" \/><figcaption>Provas Objetivas edital C\u00e2mara Porto Alegre <\/figcaption><\/figure>\n\n\n\n<figure class=\"wp-block-image aligncenter size-large is-resized\"><img loading=\"lazy\" decoding=\"async\" src=\"https:\/\/dhg1h5j42swfq.cloudfront.net\/2022\/02\/04092102\/image-79-735x1024.png\" alt=\"edital C\u00e2mara Porto Alegre\" class=\"wp-image-961385\" width=\"546\" height=\"761\" srcset=\"https:\/\/dhg1h5j42swfq.cloudfront.net\/2022\/02\/04092102\/image-79-735x1024.png 735w, https:\/\/dhg1h5j42swfq.cloudfront.net\/2022\/02\/04092102\/image-79-215x300.png 215w, https:\/\/dhg1h5j42swfq.cloudfront.net\/2022\/02\/04092102\/image-79-768x1069.png 768w, https:\/\/dhg1h5j42swfq.cloudfront.net\/2022\/02\/04092102\/image-79-610x849.png 610w, https:\/\/dhg1h5j42swfq.cloudfront.net\/2022\/02\/04092102\/image-79.png 846w\" sizes=\"auto, (max-width: 546px) 100vw, 546px\" \/><figcaption>Provas objetivas edital C\u00e2mara Porto Alegre <\/figcaption><\/figure>\n\n\n\n<h3 class=\"wp-block-heading\" id=\"oral\">Prova de Reda\u00e7\u00e3o<\/h3>\n\n\n\n<p>A prova de reda\u00e7\u00e3o, de car\u00e1ter eliminat\u00f3rio e classificat\u00f3rio, ser\u00e1 aplicada para os cargos de Assistente Legislativo I e Assessor Legislativo I, juntamente \u00e0 Prova Te\u00f3rico-Objetiva. A n\u00e3o realiza\u00e7\u00e3o desta etapa elimina automaticamente o candidato do certame.<\/p>\n\n\n\n<p>A prova de reda\u00e7\u00e3o, de car\u00e1ter eliminat\u00f3rio e classificat\u00f3rio, ser\u00e1 aplicada para os cargos de Jornalista Radialista, Jornalista Rep\u00f3rter, Jornalista Rep\u00f3rter Fotogr\u00e1fico e Taqu\u00edgrafo I, juntamente \u00e0 Prova Te\u00f3rico-Objetiva. A n\u00e3o realiza\u00e7\u00e3o desta etapa elimina automaticamente o candidato do certame.<\/p>\n\n\n\n<p>A prova de reda\u00e7\u00e3o contar\u00e1 com uma proposta \u00fanica para elabora\u00e7\u00e3o de um texto dissertativo-argumentativo, onde ser\u00e1 avaliado, na escala de zero a cem pontos, o dom\u00ednio de reda\u00e7\u00e3o e do conte\u00fado desenvolvido.<\/p>\n\n\n\n<h3 class=\"wp-block-heading\" id=\"discursiva\">Prova Discursiva<\/h3>\n\n\n\n<p>A prova discursiva, de car\u00e1ter eliminat\u00f3rio e classificat\u00f3rio, ser\u00e1 aplicada para os cargos de Analista de Tecnologia da Informa\u00e7\u00e3o, Contador I, Engenheiro Civil e M\u00e9dico. A n\u00e3o realiza\u00e7\u00e3o desta etapa elimina automaticamente o candidato do certame.<\/p>\n\n\n\n<p>A prova discursiva contar\u00e1 com 5 (cinco) quest\u00f5es pr\u00e1tico-discursivas e abordar\u00e1 quaisquer temas previstos para Conhecimentos Espec\u00edficos do Cargo no Anexo II do edital.<\/p>\n\n\n\n<p>A Prova Discursiva ser\u00e1 composta de 5 (cinco) quest\u00f5es pr\u00e1tico-discursivas. Ser\u00e1 exigido o m\u00ednimo de 10 (dez) linhas e o m\u00e1ximo de 15 (quinze) linhas para cada quest\u00e3o. Qualquer texto al\u00e9m desta extens\u00e3o ser\u00e1 desconsiderado.<\/p>\n\n\n\n<h3 class=\"wp-block-heading\" id=\"prova-pratica\">Prova Pr\u00e1tica<\/h3>\n\n\n\n<p>Haver\u00e1 Prova Pr\u00e1tica, de car\u00e1ter eliminat\u00f3rio e classificat\u00f3rio, ser\u00e1 aplicada para os cargos de Jornalista Radialista, Jornalista Rep\u00f3rter, Jornalista Rep\u00f3rter Fotogr\u00e1fico e Taqu\u00edgrafo I. A n\u00e3o realiza\u00e7\u00e3o desta etapa elimina automaticamente o candidato do certame.<\/p>\n\n\n\n<p>Respeitados os empates na \u00faltima posi\u00e7\u00e3o, ser\u00e3o convocados para a Prova Pr\u00e1tica dos candidatos aprovados e mais bem classificados nas Prova Te\u00f3rico-Objetiva e de Reda\u00e7\u00e3o, at\u00e9 o limite estabelecido no quadro a seguir:<\/p>\n\n\n\n<figure class=\"wp-block-image aligncenter size-full is-resized\"><img loading=\"lazy\" decoding=\"async\" src=\"https:\/\/dhg1h5j42swfq.cloudfront.net\/2022\/02\/04092318\/image-80.png\" alt=\"edital C\u00e2mara Porto Alegre\" class=\"wp-image-961386\" width=\"652\" height=\"160\" srcset=\"https:\/\/dhg1h5j42swfq.cloudfront.net\/2022\/02\/04092318\/image-80.png 836w, https:\/\/dhg1h5j42swfq.cloudfront.net\/2022\/02\/04092318\/image-80-300x74.png 300w, https:\/\/dhg1h5j42swfq.cloudfront.net\/2022\/02\/04092318\/image-80-768x188.png 768w, https:\/\/dhg1h5j42swfq.cloudfront.net\/2022\/02\/04092318\/image-80-610x150.png 610w\" sizes=\"auto, (max-width: 652px) 100vw, 652px\" \/><figcaption>Prova pr\u00e1tica edital C\u00e2mara Porto Alegre <\/figcaption><\/figure>\n\n\n\n<p>A nota ser\u00e1 atribu\u00edda na escala de 0 (zero) a 100 (vinte) pontos para a Prova Pr\u00e1tica. Ser\u00e1 considerado eliminado o candidato que obtiver nota inferior a 60 (sessenta) pontos no total desta prova.<\/p>\n\n\n\n<p>A prova pr\u00e1tica se destina a avaliar a experi\u00eancia e os conhecimentos pr\u00e1ticos e t\u00e9cnicos que os candidatos possuem no desempenho de atividades que s\u00e3o inerentes ao cargo pleiteado, constando de demonstra\u00e7\u00e3o pr\u00e1tica de sua habilita\u00e7\u00e3o na execu\u00e7\u00e3o das atribui\u00e7\u00f5es do cargo, resultando em Parecer de Avalia\u00e7\u00e3o da Prova Pr\u00e1tica.<\/p>\n\n\n\n<h2 class=\"has-text-align-center wp-block-heading\" id=\"h-quer-saber-tudo-sobre-concursos-previstos-confira-nossos-artigos\">Quer saber tudo sobre concursos previstos?<br \/>Confira  nossos artigos!<\/h2>\n\n\n\n<ul class=\"wp-block-list\"><li><a href=\"https:\/\/www.estrategiaconcursos.com.br\/blog\/concursos-abertos\/\" target=\"_blank\" rel=\"noreferrer noopener\">Concursos abertos<\/a><\/li><li><a href=\"https:\/\/www.estrategiaconcursos.com.br\/blog\/concursos-2022\/\" target=\"_blank\" rel=\"noreferrer noopener\">Concursos 2022<\/a><\/li><\/ul>\n\n\n\n<div class=\"container\" id=\"boxes\">\n  <div class=\"row\">\n\n    <div class=\"col-sm\">\n      <div class=\"banner-legislativo\" id=\"box-assinatura\">\n        <h3 class=\"titulo-assinatura\">C\u00e2mara Porto Alegre<\/h3>\n        <p class=\"subtitulo-assinatura\">Conhe\u00e7a os cursos<\/p>\n        <div class=\"box-botao\">\n          <a class=\"btn-assinatura\" target=\"_blank\" href=\"https:\/\/www.estrategiaconcursos.com.br\/cursosPorConcurso\/camara-municipal-de-porto-alegre-rs\/\" role=\"button\" rel=\"noopener noreferrer\">Conhe\u00e7a mais<\/a>\n        <\/div>\n      <\/div>\n     \n\n  <\/div>\n<\/div><\/div>\n\n\n\n<div class=\"container\" id=\"boxes\">\n  <div class=\"row\">\n\n    <div class=\"col-sm\">\n      <div class=\"estrategia\" id=\"box-assinatura\">\n        <h3 class=\"titulo-assinatura\">Assinatura de Concursos<\/h3>\n        <p class=\"subtitulo-assinatura\">Assinatura de 1 ano ou 2 anos<\/p>\n        <div class=\"box-botao\">\n          <a class=\"btn-assinatura\" target=\"_blank\" href=\"https:\/\/www.estrategiaconcursos.com.br\/assinaturas\/\" role=\"button\" rel=\"noopener noreferrer\">ASSINE AGORA<\/a>\n        <\/div>\n      <\/div>\n     \n    <\/div><\/div><\/div>\n\n\n\n<figure class=\"wp-block-image size-large is-resized\"><img loading=\"lazy\" decoding=\"async\" src=\"https:\/\/dhg1h5j42swfq.cloudfront.net\/2025\/06\/27101122\/ficha-tecnica-1-1024x632.png\" alt=\"Ficha t\u00e9cnica do edital C\u00e2mara de Porto Alegre\" class=\"wp-image-702728\" width=\"216\" height=\"133\" srcset=\"https:\/\/dhg1h5j42swfq.cloudfront.net\/2025\/06\/27101122\/ficha-tecnica-1-1024x632.png 1024w, https:\/\/dhg1h5j42swfq.cloudfront.net\/2025\/06\/27101122\/ficha-tecnica-1-300x185.png 300w, https:\/\/dhg1h5j42swfq.cloudfront.net\/2025\/06\/27101122\/ficha-tecnica-1-768x474.png 768w, https:\/\/dhg1h5j42swfq.cloudfront.net\/2025\/06\/27101122\/ficha-tecnica-1-1536x948.png 1536w, https:\/\/dhg1h5j42swfq.cloudfront.net\/2025\/06\/27101122\/ficha-tecnica-1-610x377.png 610w, https:\/\/dhg1h5j42swfq.cloudfront.net\/2025\/06\/27101122\/ficha-tecnica-1.png 1571w\" sizes=\"auto, (max-width: 216px) 100vw, 216px\" \/><\/figure>\n\n\n\n<h3 class=\"wp-block-heading\" id=\"block-ba1614b5-988b-41ef-892d-f4c9f7e9dd42\">Informa\u00e7\u00f5es do edital C\u00e2mara Porto Alegre<\/h3>\n\n\n\n<ul class=\"wp-block-list\" id=\"block-46dd482c-33cf-409c-8762-75c111403f14\"><li><strong>Inscri\u00e7\u00f5es<\/strong>: 04\/02 a 03\/03\/2022<\/li><li><strong>Provas<\/strong>: 10\/04\/2022<\/li><li><strong>Vagas<\/strong>: 45 + CR<\/li><li><strong>Cargos<\/strong>: diversos<\/li><li><strong>Banca<\/strong>: Legalle <\/li><li><strong>Escolaridade<\/strong>: N\u00edvel m\u00e9dio e superior<\/li><li><strong>Edital<\/strong>:&nbsp;<a href=\"https:\/\/dhg1h5j42swfq.cloudfront.net\/2022\/02\/04090800\/cmpa-edital-1-1.pdf\" target=\"_blank\" rel=\"noreferrer noopener nofollow\"><\/a><a href=\"https:\/\/dhg1h5j42swfq.cloudfront.net\/2022\/02\/04090800\/cmpa-edital-1-1.pdf\" target=\"_blank\" rel=\"noreferrer noopener\">Edital 01<\/a> | <a href=\"https:\/\/dhg1h5j42swfq.cloudfront.net\/2022\/02\/04090804\/cmpa-edital-2-1.pdf\" target=\"_blank\" rel=\"noreferrer noopener\">Edital 02<\/a> | <a href=\"https:\/\/dhg1h5j42swfq.cloudfront.net\/2022\/02\/24163413\/f50162c4d6dc35339359cbd7239bade2.pdf\" target=\"_blank\" rel=\"noreferrer noopener nofollow\">1\u00aa retifica\u00e7\u00e3o<\/a><\/li><\/ul>\n","protected":false},"excerpt":{"rendered":"<p>Est\u00e3o encerradas as inscri\u00e7\u00f5es do edital do concurso C\u00e2mara Porto Alegre. Os interessados puderam se candidatar at\u00e9 o dia 03 de mar\u00e7o, no portal da banca Legalle. S\u00e3o ofertadas 45 vagas imediatas, al\u00e9m de cadastro reserva, para cargos nos n\u00edveis m\u00e9dio e superior de forma\u00e7\u00e3o. Os sal\u00e1rios variam de R$ 4.513,80 a R$ 13.986,10. Banca: [&hellip;]<\/p>\n","protected":false},"author":2041,"featured_media":932528,"comment_status":"open","ping_status":"closed","sticky":false,"template":"","format":"standard","meta":{"post_tipo":"news","footnotes":""},"categories":[2017],"tags":[],"tax_estado":[219986],"class_list":["post-961113","post","type-post","status-publish","format-standard","has-post-thumbnail","hentry","category-concursos-legislativos","tax_estado-rs"],"acf":[],"yoast_head":"<!-- This site is optimized with the Yoast SEO Premium plugin v27.2 (Yoast SEO v27.2) - https:\/\/yoast.com\/product\/yoast-seo-premium-wordpress\/ -->\n<title>Edital C\u00e2mara Porto Alegre est\u00e1 com inscri\u00e7\u00f5es encerradas!<\/title>\n<meta name=\"description\" content=\"Edital C\u00e2mara de Porto Alegre \u00e9 publicado com a oferta de 45 vagas + CR para cargos de n\u00edvel m\u00e9dio e superior. Inscri\u00e7\u00f5es encerradas!\" \/>\n<meta name=\"robots\" content=\"index, follow, max-snippet:-1, max-image-preview:large, max-video-preview:-1\" \/>\n<link rel=\"canonical\" href=\"https:\/\/www.estrategiaconcursos.com.br\/blog\/edital-camara-porto-alegre\/\" \/>\n<meta property=\"og:locale\" content=\"pt_BR\" \/>\n<meta property=\"og:type\" content=\"article\" \/>\n<meta property=\"og:title\" content=\"Edital C\u00e2mara Porto Alegre est\u00e1 com inscri\u00e7\u00f5es encerradas!\" \/>\n<meta property=\"og:description\" content=\"Edital C\u00e2mara de Porto Alegre \u00e9 publicado com a oferta de 45 vagas + CR para cargos de n\u00edvel m\u00e9dio e superior. Inscri\u00e7\u00f5es encerradas!\" \/>\n<meta property=\"og:url\" content=\"https:\/\/www.estrategiaconcursos.com.br\/blog\/edital-camara-porto-alegre\/\" \/>\n<meta property=\"og:site_name\" content=\"Estrat\u00e9gia Concursos\" \/>\n<meta property=\"article:published_time\" content=\"2022-02-24T19:30:00+00:00\" \/>\n<meta property=\"article:modified_time\" content=\"2022-10-26T18:38:05+00:00\" \/>\n<meta property=\"og:image\" content=\"https:\/\/dhg1h5j42swfq.cloudfront.net\/2021\/12\/18113229\/camara_porto_alegre.jpg\" \/>\n\t<meta property=\"og:image:width\" content=\"768\" \/>\n\t<meta property=\"og:image:height\" content=\"432\" \/>\n\t<meta property=\"og:image:type\" content=\"image\/jpeg\" \/>\n<meta name=\"author\" content=\"Thiago Cavalcante Gomes\" \/>\n<meta name=\"twitter:card\" content=\"summary_large_image\" \/>\n<meta name=\"twitter:creator\" content=\"@EstratConcursos\" \/>\n<meta name=\"twitter:site\" content=\"@EstratConcursos\" \/>\n<meta name=\"twitter:label1\" content=\"Escrito por\" \/>\n\t<meta name=\"twitter:data1\" content=\"Thiago Cavalcante Gomes\" \/>\n\t<meta name=\"twitter:label2\" content=\"Est. tempo de leitura\" \/>\n\t<meta name=\"twitter:data2\" content=\"6 minutos\" \/>\n<script type=\"application\/ld+json\" class=\"yoast-schema-graph\">{\"@context\":\"https:\/\/schema.org\",\"@graph\":[{\"@type\":\"NewsArticle\",\"@id\":\"https:\/\/www.estrategiaconcursos.com.br\/blog\/edital-camara-porto-alegre\/#article\",\"isPartOf\":{\"@id\":\"https:\/\/www.estrategiaconcursos.com.br\/blog\/edital-camara-porto-alegre\/\"},\"author\":{\"name\":\"Thiago Cavalcante Gomes\",\"@id\":\"https:\/\/www.estrategiaconcursos.com.br\/blog\/#\/schema\/person\/4970184533d0a3ffa5b0299ae0a2b21f\"},\"headline\":\"Edital C\u00e2mara Porto Alegre est\u00e1 com inscri\u00e7\u00f5es encerradas!\",\"datePublished\":\"2022-02-24T19:30:00+00:00\",\"dateModified\":\"2022-10-26T18:38:05+00:00\",\"mainEntityOfPage\":{\"@id\":\"https:\/\/www.estrategiaconcursos.com.br\/blog\/edital-camara-porto-alegre\/\"},\"wordCount\":955,\"commentCount\":0,\"publisher\":{\"@id\":\"https:\/\/www.estrategiaconcursos.com.br\/blog\/#organization\"},\"image\":{\"@id\":\"https:\/\/www.estrategiaconcursos.com.br\/blog\/edital-camara-porto-alegre\/#primaryimage\"},\"thumbnailUrl\":\"https:\/\/dhg1h5j42swfq.cloudfront.net\/2021\/12\/18113229\/camara_porto_alegre.jpg\",\"articleSection\":[\"Legislativo\"],\"inLanguage\":\"pt-BR\",\"potentialAction\":[{\"@type\":\"CommentAction\",\"name\":\"Comment\",\"target\":[\"https:\/\/www.estrategiaconcursos.com.br\/blog\/edital-camara-porto-alegre\/#respond\"]}],\"copyrightYear\":\"2022\",\"copyrightHolder\":{\"@id\":\"https:\/\/www.estrategiaconcursos.com.br\/blog\/#organization\"}},{\"@type\":\"WebPage\",\"@id\":\"https:\/\/www.estrategiaconcursos.com.br\/blog\/edital-camara-porto-alegre\/\",\"url\":\"https:\/\/www.estrategiaconcursos.com.br\/blog\/edital-camara-porto-alegre\/\",\"name\":\"Edital C\u00e2mara Porto Alegre est\u00e1 com inscri\u00e7\u00f5es encerradas!\",\"isPartOf\":{\"@id\":\"https:\/\/www.estrategiaconcursos.com.br\/blog\/#website\"},\"primaryImageOfPage\":{\"@id\":\"https:\/\/www.estrategiaconcursos.com.br\/blog\/edital-camara-porto-alegre\/#primaryimage\"},\"image\":{\"@id\":\"https:\/\/www.estrategiaconcursos.com.br\/blog\/edital-camara-porto-alegre\/#primaryimage\"},\"thumbnailUrl\":\"https:\/\/dhg1h5j42swfq.cloudfront.net\/2021\/12\/18113229\/camara_porto_alegre.jpg\",\"datePublished\":\"2022-02-24T19:30:00+00:00\",\"dateModified\":\"2022-10-26T18:38:05+00:00\",\"description\":\"Edital C\u00e2mara de Porto Alegre \u00e9 publicado com a oferta de 45 vagas + CR para cargos de n\u00edvel m\u00e9dio e superior. Inscri\u00e7\u00f5es encerradas!\",\"breadcrumb\":{\"@id\":\"https:\/\/www.estrategiaconcursos.com.br\/blog\/edital-camara-porto-alegre\/#breadcrumb\"},\"inLanguage\":\"pt-BR\",\"potentialAction\":[{\"@type\":\"ReadAction\",\"target\":[\"https:\/\/www.estrategiaconcursos.com.br\/blog\/edital-camara-porto-alegre\/\"]}]},{\"@type\":\"ImageObject\",\"inLanguage\":\"pt-BR\",\"@id\":\"https:\/\/www.estrategiaconcursos.com.br\/blog\/edital-camara-porto-alegre\/#primaryimage\",\"url\":\"https:\/\/dhg1h5j42swfq.cloudfront.net\/2021\/12\/18113229\/camara_porto_alegre.jpg\",\"contentUrl\":\"https:\/\/dhg1h5j42swfq.cloudfront.net\/2021\/12\/18113229\/camara_porto_alegre.jpg\",\"width\":768,\"height\":432},{\"@type\":\"BreadcrumbList\",\"@id\":\"https:\/\/www.estrategiaconcursos.com.br\/blog\/edital-camara-porto-alegre\/#breadcrumb\",\"itemListElement\":[{\"@type\":\"ListItem\",\"position\":1,\"name\":\"In\u00edcio\",\"item\":\"https:\/\/www.estrategiaconcursos.com.br\/blog\/\"},{\"@type\":\"ListItem\",\"position\":2,\"name\":\"Edital C\u00e2mara Porto Alegre est\u00e1 com inscri\u00e7\u00f5es encerradas!\"}]},{\"@type\":\"WebSite\",\"@id\":\"https:\/\/www.estrategiaconcursos.com.br\/blog\/#website\",\"url\":\"https:\/\/www.estrategiaconcursos.com.br\/blog\/\",\"name\":\"Estrat\u00e9gia Concursos\",\"description\":\"O blog da Estrat\u00e9gia Concursos traz not\u00edcias sobre concursos e artigos de professores oferecendo cursos para concursos (pdf + videaulas) no site.\",\"publisher\":{\"@id\":\"https:\/\/www.estrategiaconcursos.com.br\/blog\/#organization\"},\"potentialAction\":[{\"@type\":\"SearchAction\",\"target\":{\"@type\":\"EntryPoint\",\"urlTemplate\":\"https:\/\/www.estrategiaconcursos.com.br\/blog\/?s={search_term_string}\"},\"query-input\":{\"@type\":\"PropertyValueSpecification\",\"valueRequired\":true,\"valueName\":\"search_term_string\"}}],\"inLanguage\":\"pt-BR\"},{\"@type\":\"Organization\",\"@id\":\"https:\/\/www.estrategiaconcursos.com.br\/blog\/#organization\",\"name\":\"Estrat\u00e9gia Concursos\",\"url\":\"https:\/\/www.estrategiaconcursos.com.br\/blog\/\",\"logo\":{\"@type\":\"ImageObject\",\"inLanguage\":\"pt-BR\",\"@id\":\"https:\/\/www.estrategiaconcursos.com.br\/blog\/#\/schema\/logo\/image\/\",\"url\":\"https:\/\/dhg1h5j42swfq.cloudfront.net\/2025\/06\/03203428\/logo_concursos-1.jpg\",\"contentUrl\":\"https:\/\/dhg1h5j42swfq.cloudfront.net\/2025\/06\/03203428\/logo_concursos-1.jpg\",\"width\":230,\"height\":60,\"caption\":\"Estrat\u00e9gia Concursos\"},\"image\":{\"@id\":\"https:\/\/www.estrategiaconcursos.com.br\/blog\/#\/schema\/logo\/image\/\"},\"sameAs\":[\"https:\/\/x.com\/EstratConcursos\"]},{\"@type\":\"Person\",\"@id\":\"https:\/\/www.estrategiaconcursos.com.br\/blog\/#\/schema\/person\/4970184533d0a3ffa5b0299ae0a2b21f\",\"name\":\"Thiago Cavalcante Gomes\",\"image\":{\"@type\":\"ImageObject\",\"inLanguage\":\"pt-BR\",\"@id\":\"https:\/\/secure.gravatar.com\/avatar\/?s=96&d=mm&r=g\",\"url\":\"https:\/\/secure.gravatar.com\/avatar\/?s=96&d=mm&r=g\",\"contentUrl\":\"https:\/\/secure.gravatar.com\/avatar\/?s=96&d=mm&r=g\",\"caption\":\"Thiago Cavalcante Gomes\"},\"url\":\"https:\/\/www.estrategiaconcursos.com.br\/blog\/author\/thiago-gomes\/\"}]}<\/script>\n<!-- \/ Yoast SEO Premium plugin. -->","yoast_head_json":{"title":"Edital C\u00e2mara Porto Alegre est\u00e1 com inscri\u00e7\u00f5es encerradas!","description":"Edital C\u00e2mara de Porto Alegre \u00e9 publicado com a oferta de 45 vagas + CR para cargos de n\u00edvel m\u00e9dio e superior. Inscri\u00e7\u00f5es encerradas!","robots":{"index":"index","follow":"follow","max-snippet":"max-snippet:-1","max-image-preview":"max-image-preview:large","max-video-preview":"max-video-preview:-1"},"canonical":"https:\/\/www.estrategiaconcursos.com.br\/blog\/edital-camara-porto-alegre\/","og_locale":"pt_BR","og_type":"article","og_title":"Edital C\u00e2mara Porto Alegre est\u00e1 com inscri\u00e7\u00f5es encerradas!","og_description":"Edital C\u00e2mara de Porto Alegre \u00e9 publicado com a oferta de 45 vagas + CR para cargos de n\u00edvel m\u00e9dio e superior. Inscri\u00e7\u00f5es encerradas!","og_url":"https:\/\/www.estrategiaconcursos.com.br\/blog\/edital-camara-porto-alegre\/","og_site_name":"Estrat\u00e9gia Concursos","article_published_time":"2022-02-24T19:30:00+00:00","article_modified_time":"2022-10-26T18:38:05+00:00","og_image":[{"width":768,"height":432,"url":"https:\/\/dhg1h5j42swfq.cloudfront.net\/2021\/12\/18113229\/camara_porto_alegre.jpg","type":"image\/jpeg"}],"author":"Thiago Cavalcante Gomes","twitter_card":"summary_large_image","twitter_creator":"@EstratConcursos","twitter_site":"@EstratConcursos","twitter_misc":{"Escrito por":"Thiago Cavalcante Gomes","Est. tempo de leitura":"6 minutos"},"schema":{"@context":"https:\/\/schema.org","@graph":[{"@type":"NewsArticle","@id":"https:\/\/www.estrategiaconcursos.com.br\/blog\/edital-camara-porto-alegre\/#article","isPartOf":{"@id":"https:\/\/www.estrategiaconcursos.com.br\/blog\/edital-camara-porto-alegre\/"},"author":{"name":"Thiago Cavalcante Gomes","@id":"https:\/\/www.estrategiaconcursos.com.br\/blog\/#\/schema\/person\/4970184533d0a3ffa5b0299ae0a2b21f"},"headline":"Edital C\u00e2mara Porto Alegre est\u00e1 com inscri\u00e7\u00f5es encerradas!","datePublished":"2022-02-24T19:30:00+00:00","dateModified":"2022-10-26T18:38:05+00:00","mainEntityOfPage":{"@id":"https:\/\/www.estrategiaconcursos.com.br\/blog\/edital-camara-porto-alegre\/"},"wordCount":955,"commentCount":0,"publisher":{"@id":"https:\/\/www.estrategiaconcursos.com.br\/blog\/#organization"},"image":{"@id":"https:\/\/www.estrategiaconcursos.com.br\/blog\/edital-camara-porto-alegre\/#primaryimage"},"thumbnailUrl":"https:\/\/dhg1h5j42swfq.cloudfront.net\/2021\/12\/18113229\/camara_porto_alegre.jpg","articleSection":["Legislativo"],"inLanguage":"pt-BR","potentialAction":[{"@type":"CommentAction","name":"Comment","target":["https:\/\/www.estrategiaconcursos.com.br\/blog\/edital-camara-porto-alegre\/#respond"]}],"copyrightYear":"2022","copyrightHolder":{"@id":"https:\/\/www.estrategiaconcursos.com.br\/blog\/#organization"}},{"@type":"WebPage","@id":"https:\/\/www.estrategiaconcursos.com.br\/blog\/edital-camara-porto-alegre\/","url":"https:\/\/www.estrategiaconcursos.com.br\/blog\/edital-camara-porto-alegre\/","name":"Edital C\u00e2mara Porto Alegre est\u00e1 com inscri\u00e7\u00f5es encerradas!","isPartOf":{"@id":"https:\/\/www.estrategiaconcursos.com.br\/blog\/#website"},"primaryImageOfPage":{"@id":"https:\/\/www.estrategiaconcursos.com.br\/blog\/edital-camara-porto-alegre\/#primaryimage"},"image":{"@id":"https:\/\/www.estrategiaconcursos.com.br\/blog\/edital-camara-porto-alegre\/#primaryimage"},"thumbnailUrl":"https:\/\/dhg1h5j42swfq.cloudfront.net\/2021\/12\/18113229\/camara_porto_alegre.jpg","datePublished":"2022-02-24T19:30:00+00:00","dateModified":"2022-10-26T18:38:05+00:00","description":"Edital C\u00e2mara de Porto Alegre \u00e9 publicado com a oferta de 45 vagas + CR para cargos de n\u00edvel m\u00e9dio e superior. Inscri\u00e7\u00f5es encerradas!","breadcrumb":{"@id":"https:\/\/www.estrategiaconcursos.com.br\/blog\/edital-camara-porto-alegre\/#breadcrumb"},"inLanguage":"pt-BR","potentialAction":[{"@type":"ReadAction","target":["https:\/\/www.estrategiaconcursos.com.br\/blog\/edital-camara-porto-alegre\/"]}]},{"@type":"ImageObject","inLanguage":"pt-BR","@id":"https:\/\/www.estrategiaconcursos.com.br\/blog\/edital-camara-porto-alegre\/#primaryimage","url":"https:\/\/dhg1h5j42swfq.cloudfront.net\/2021\/12\/18113229\/camara_porto_alegre.jpg","contentUrl":"https:\/\/dhg1h5j42swfq.cloudfront.net\/2021\/12\/18113229\/camara_porto_alegre.jpg","width":768,"height":432},{"@type":"BreadcrumbList","@id":"https:\/\/www.estrategiaconcursos.com.br\/blog\/edital-camara-porto-alegre\/#breadcrumb","itemListElement":[{"@type":"ListItem","position":1,"name":"In\u00edcio","item":"https:\/\/www.estrategiaconcursos.com.br\/blog\/"},{"@type":"ListItem","position":2,"name":"Edital C\u00e2mara Porto Alegre est\u00e1 com inscri\u00e7\u00f5es encerradas!"}]},{"@type":"WebSite","@id":"https:\/\/www.estrategiaconcursos.com.br\/blog\/#website","url":"https:\/\/www.estrategiaconcursos.com.br\/blog\/","name":"Estrat\u00e9gia Concursos","description":"O blog da Estrat\u00e9gia Concursos traz not\u00edcias sobre concursos e artigos de professores oferecendo cursos para concursos (pdf + videaulas) no site.","publisher":{"@id":"https:\/\/www.estrategiaconcursos.com.br\/blog\/#organization"},"potentialAction":[{"@type":"SearchAction","target":{"@type":"EntryPoint","urlTemplate":"https:\/\/www.estrategiaconcursos.com.br\/blog\/?s={search_term_string}"},"query-input":{"@type":"PropertyValueSpecification","valueRequired":true,"valueName":"search_term_string"}}],"inLanguage":"pt-BR"},{"@type":"Organization","@id":"https:\/\/www.estrategiaconcursos.com.br\/blog\/#organization","name":"Estrat\u00e9gia Concursos","url":"https:\/\/www.estrategiaconcursos.com.br\/blog\/","logo":{"@type":"ImageObject","inLanguage":"pt-BR","@id":"https:\/\/www.estrategiaconcursos.com.br\/blog\/#\/schema\/logo\/image\/","url":"https:\/\/dhg1h5j42swfq.cloudfront.net\/2025\/06\/03203428\/logo_concursos-1.jpg","contentUrl":"https:\/\/dhg1h5j42swfq.cloudfront.net\/2025\/06\/03203428\/logo_concursos-1.jpg","width":230,"height":60,"caption":"Estrat\u00e9gia Concursos"},"image":{"@id":"https:\/\/www.estrategiaconcursos.com.br\/blog\/#\/schema\/logo\/image\/"},"sameAs":["https:\/\/x.com\/EstratConcursos"]},{"@type":"Person","@id":"https:\/\/www.estrategiaconcursos.com.br\/blog\/#\/schema\/person\/4970184533d0a3ffa5b0299ae0a2b21f","name":"Thiago Cavalcante Gomes","image":{"@type":"ImageObject","inLanguage":"pt-BR","@id":"https:\/\/secure.gravatar.com\/avatar\/?s=96&d=mm&r=g","url":"https:\/\/secure.gravatar.com\/avatar\/?s=96&d=mm&r=g","contentUrl":"https:\/\/secure.gravatar.com\/avatar\/?s=96&d=mm&r=g","caption":"Thiago Cavalcante Gomes"},"url":"https:\/\/www.estrategiaconcursos.com.br\/blog\/author\/thiago-gomes\/"}]}},"_links":{"self":[{"href":"https:\/\/www.estrategiaconcursos.com.br\/blog\/wp-json\/wp\/v2\/posts\/961113","targetHints":{"allow":["GET"]}}],"collection":[{"href":"https:\/\/www.estrategiaconcursos.com.br\/blog\/wp-json\/wp\/v2\/posts"}],"about":[{"href":"https:\/\/www.estrategiaconcursos.com.br\/blog\/wp-json\/wp\/v2\/types\/post"}],"author":[{"embeddable":true,"href":"https:\/\/www.estrategiaconcursos.com.br\/blog\/wp-json\/wp\/v2\/users\/2041"}],"replies":[{"embeddable":true,"href":"https:\/\/www.estrategiaconcursos.com.br\/blog\/wp-json\/wp\/v2\/comments?post=961113"}],"version-history":[{"count":22,"href":"https:\/\/www.estrategiaconcursos.com.br\/blog\/wp-json\/wp\/v2\/posts\/961113\/revisions"}],"predecessor-version":[{"id":1116053,"href":"https:\/\/www.estrategiaconcursos.com.br\/blog\/wp-json\/wp\/v2\/posts\/961113\/revisions\/1116053"}],"wp:featuredmedia":[{"embeddable":true,"href":"https:\/\/www.estrategiaconcursos.com.br\/blog\/wp-json\/wp\/v2\/media\/932528"}],"wp:attachment":[{"href":"https:\/\/www.estrategiaconcursos.com.br\/blog\/wp-json\/wp\/v2\/media?parent=961113"}],"wp:term":[{"taxonomy":"category","embeddable":true,"href":"https:\/\/www.estrategiaconcursos.com.br\/blog\/wp-json\/wp\/v2\/categories?post=961113"},{"taxonomy":"post_tag","embeddable":true,"href":"https:\/\/www.estrategiaconcursos.com.br\/blog\/wp-json\/wp\/v2\/tags?post=961113"},{"taxonomy":"tax_estado","embeddable":true,"href":"https:\/\/www.estrategiaconcursos.com.br\/blog\/wp-json\/wp\/v2\/tax_estado?post=961113"}],"curies":[{"name":"wp","href":"https:\/\/api.w.org\/{rel}","templated":true}]}}