{"id":961093,"date":"2022-02-03T19:37:17","date_gmt":"2022-02-03T22:37:17","guid":{"rendered":"https:\/\/www.estrategiaconcursos.com.br\/blog\/?p=961093"},"modified":"2022-02-03T19:55:13","modified_gmt":"2022-02-03T22:55:13","slug":"concurso-camara-porto-alegre-tera-edital-publicado-amanha","status":"publish","type":"post","link":"https:\/\/www.estrategiaconcursos.com.br\/blog\/concurso-camara-porto-alegre-tera-edital-publicado-amanha\/","title":{"rendered":"Concurso C\u00e2mara Porto Alegre ter\u00e1 edital publicado amanh\u00e3!"},"content":{"rendered":"\n<p>Aten\u00e7\u00e3o, corujas! O <strong>edital do concurso C\u00e2mara de Porto Alegre<\/strong> ser\u00e1 publicado amanh\u00e3. A novidade foi divulgada no <a href=\"http:\/\/www2.portoalegre.rs.gov.br\/dopa\/\" target=\"_blank\" rel=\"noreferrer noopener\">Di\u00e1rio Oficial<\/a> da casa legislativa nesta quinta-feira, 03 de fevereiro.<\/p>\n\n\n\n<div class=\"wp-block-image is-style-default\"><figure class=\"aligncenter size-full\"><img loading=\"lazy\" decoding=\"async\" width=\"669\" height=\"374\" src=\"https:\/\/dhg1h5j42swfq.cloudfront.net\/2022\/02\/03192206\/image-76.png\" alt=\"Concurso C\u00e2mara Porto Alegre ter\u00e1 edital publicado amanh\u00e3!\" class=\"wp-image-961094\" srcset=\"https:\/\/dhg1h5j42swfq.cloudfront.net\/2022\/02\/03192206\/image-76.png 669w, https:\/\/dhg1h5j42swfq.cloudfront.net\/2022\/02\/03192206\/image-76-300x168.png 300w, https:\/\/dhg1h5j42swfq.cloudfront.net\/2022\/02\/03192206\/image-76-610x341.png 610w\" sizes=\"auto, (max-width: 669px) 100vw, 669px\" \/><figcaption>Concurso C\u00e2mara Porto Alegre ter\u00e1 edital publicado amanh\u00e3! | DOM<\/figcaption><\/figure><\/div>\n\n\n\n<p>Sob organiza\u00e7\u00e3o da banca Legalle, ser\u00e3o divulgados <strong>tr\u00eas editais<\/strong> com a oferta de <strong>45 vagas<\/strong> e forma\u00e7\u00e3o de cadastro reserva. Confira a seguir:<\/p>\n\n\n\n<ul class=\"wp-block-list\"><li><strong>Edital n\u00b001<\/strong> \u00e9 destinado aos cargos de Assessor Legislativo, Assistente Legislativo, Eletrot\u00e9cnico e T\u00e9cnico em Inform\u00e1tica;<\/li><li><strong>Edital n\u00b002<\/strong> ser\u00e1 destinado aos cargos de Analista de TI, Contador, Engenheiro Civil, Jornalista (v\u00e1rias especialidades), M\u00e9dico e Taqu\u00edgrafo;<\/li><li><strong>Edital n\u00b003<\/strong> \u00e9 destinado ao cargo de Procurador.<\/li><\/ul>\n\n\n\n<p>De acordo com o termo de refer\u00eancia, a remunera\u00e7\u00e3o varia de R$ 2.680,50 a R$ 4.779,30. A jornada de trabalho \u00e9 de 30h semanais. Importante frisar que no Portal da Transpar\u00eancia do \u00f3rg\u00e3o constam mais de 130 cargos vagos para serem preenchidos atrav\u00e9s de concurso p\u00fablico.<\/p>\n\n\n\n<p class=\"has-text-align-center\">Preparamos um artigo completo e atualizado sobre o concurso C\u00e2mara Porto Alegre.<\/p>\n\n\n\n<h3 class=\"has-text-align-center has-background wp-block-heading\" id=\"h-concurso-camara-porto-alegre\" style=\"background-color:#d0c095\"><a href=\"https:\/\/www.estrategiaconcursos.com.br\/blog\/concurso-camara-porto-alegre\/\" target=\"_blank\" rel=\"noreferrer noopener\">Concurso C\u00e2mara Porto Alegre<\/a><\/h3>\n\n\n\n<h3 class=\"has-text-align-center wp-block-heading\">Quer estudar para o concurso C\u00e2mara Porto Alegre?<br \/>Acesse nossos cursos a seguir!<\/h3>\n\n\n\n<div class=\"container\" id=\"boxes\">\n  <div class=\"row\">\n\n    <div class=\"col-sm\">\n      <div class=\"banner-legislativo\" id=\"box-assinatura\">\n        <h3 class=\"titulo-assinatura\">Concurso C\u00e2mara POA<\/h3>\n        <p class=\"subtitulo-assinatura\">Conhe\u00e7a os cursos<\/p>\n        <div class=\"box-botao\">\n          <a class=\"btn-assinatura\" target=\"_blank\" href=\"https:\/\/www.estrategiaconcursos.com.br\/cursosPorConcurso\/area-legislativa-pacotes-promocionais\/\" role=\"button\" rel=\"noopener noreferrer\">Conhe\u00e7a mais<\/a>\n        <\/div>\n      <\/div>\n     \n\n  <\/div>\n<\/div><\/div>\n\n\n\n<div class=\"container\" id=\"boxes\">\n  <div class=\"row\">\n\n    <div class=\"col-sm\">\n      <div class=\"estrategia\" id=\"box-assinatura\">\n        <h3 class=\"titulo-assinatura\">Assinatura de Concursos<\/h3>\n        <p class=\"subtitulo-assinatura\">Assinatura de 1 ano ou 2 anos<\/p>\n        <div class=\"box-botao\">\n          <a class=\"btn-assinatura\" target=\"_blank\" href=\"https:\/\/www.estrategiaconcursos.com.br\/assinaturas\/\" role=\"button\" rel=\"noopener noreferrer\">ASSINE AGORA<\/a>\n        <\/div>\n      <\/div>\n     \n    <\/div><\/div><\/div>\n\n\n\n<h2 class=\"has-text-align-center wp-block-heading\" id=\"h-quer-saber-tudo-sobre-concursos-previstos-confira-nossos-artigos\">Quer saber tudo sobre concursos previstos?<br \/>Confira nossos artigos!<\/h2>\n\n\n\n<ul class=\"wp-block-list\"><li><a href=\"https:\/\/www.estrategiaconcursos.com.br\/blog\/concursos-abertos\/\" target=\"_blank\" rel=\"noreferrer noopener\">Concursos abertos<\/a><\/li><li><a href=\"https:\/\/www.estrategiaconcursos.com.br\/blog\/concursos-2022\/\" target=\"_blank\" rel=\"noreferrer noopener\">Concursos 2022<\/a><\/li><\/ul>\n","protected":false},"excerpt":{"rendered":"<p>Aten\u00e7\u00e3o, corujas! O edital do concurso C\u00e2mara de Porto Alegre ser\u00e1 publicado amanh\u00e3. A novidade foi divulgada no Di\u00e1rio Oficial da casa legislativa nesta quinta-feira, 03 de fevereiro. Sob organiza\u00e7\u00e3o da banca Legalle, ser\u00e3o divulgados tr\u00eas editais com a oferta de 45 vagas e forma\u00e7\u00e3o de cadastro reserva. Confira a seguir: Edital n\u00b001 \u00e9 destinado [&hellip;]<\/p>\n","protected":false},"author":2041,"featured_media":932528,"comment_status":"open","ping_status":"closed","sticky":false,"template":"","format":"standard","meta":{"post_tipo":"news","footnotes":""},"categories":[2017,220219],"tags":[],"tax_estado":[219986],"class_list":["post-961093","post","type-post","status-publish","format-standard","has-post-thumbnail","hentry","category-concursos-legislativos","category-noticias","tax_estado-rs"],"acf":[],"yoast_head":"<!-- This site is optimized with the Yoast SEO Premium plugin v27.2 (Yoast SEO v27.2) - https:\/\/yoast.com\/product\/yoast-seo-premium-wordpress\/ -->\n<title>Concurso C\u00e2mara Porto Alegre ter\u00e1 edital publicado amanh\u00e3!<\/title>\n<meta name=\"description\" content=\"O edital do concurso C\u00e2mara de Porto Alegre ser\u00e1 publicado amanh\u00e3. A novidade foi divulgada nesta quinta-feira, 03 de fevereiro. Confira!\" \/>\n<meta name=\"robots\" content=\"index, follow, max-snippet:-1, max-image-preview:large, max-video-preview:-1\" \/>\n<link rel=\"canonical\" href=\"https:\/\/www.estrategiaconcursos.com.br\/blog\/concurso-camara-porto-alegre-tera-edital-publicado-amanha\/\" \/>\n<meta property=\"og:locale\" content=\"pt_BR\" \/>\n<meta property=\"og:type\" content=\"article\" \/>\n<meta property=\"og:title\" content=\"Concurso C\u00e2mara Porto Alegre ter\u00e1 edital publicado amanh\u00e3!\" \/>\n<meta property=\"og:description\" content=\"O edital do concurso C\u00e2mara de Porto Alegre ser\u00e1 publicado amanh\u00e3. A novidade foi divulgada nesta quinta-feira, 03 de fevereiro. Confira!\" \/>\n<meta property=\"og:url\" content=\"https:\/\/www.estrategiaconcursos.com.br\/blog\/concurso-camara-porto-alegre-tera-edital-publicado-amanha\/\" \/>\n<meta property=\"og:site_name\" content=\"Estrat\u00e9gia Concursos\" \/>\n<meta property=\"article:published_time\" content=\"2022-02-03T22:37:17+00:00\" \/>\n<meta property=\"article:modified_time\" content=\"2022-02-03T22:55:13+00:00\" \/>\n<meta property=\"og:image\" content=\"https:\/\/dhg1h5j42swfq.cloudfront.net\/2021\/12\/18113229\/camara_porto_alegre.jpg\" \/>\n\t<meta property=\"og:image:width\" content=\"768\" \/>\n\t<meta property=\"og:image:height\" content=\"432\" \/>\n\t<meta property=\"og:image:type\" content=\"image\/jpeg\" \/>\n<meta name=\"author\" content=\"Thiago Cavalcante Gomes\" \/>\n<meta name=\"twitter:card\" content=\"summary_large_image\" \/>\n<meta name=\"twitter:creator\" content=\"@EstratConcursos\" \/>\n<meta name=\"twitter:site\" content=\"@EstratConcursos\" \/>\n<meta name=\"twitter:label1\" content=\"Escrito por\" \/>\n\t<meta name=\"twitter:data1\" content=\"Thiago Cavalcante Gomes\" \/>\n\t<meta name=\"twitter:label2\" content=\"Est. tempo de leitura\" \/>\n\t<meta name=\"twitter:data2\" content=\"2 minutos\" \/>\n<script type=\"application\/ld+json\" class=\"yoast-schema-graph\">{\"@context\":\"https:\/\/schema.org\",\"@graph\":[{\"@type\":\"NewsArticle\",\"@id\":\"https:\/\/www.estrategiaconcursos.com.br\/blog\/concurso-camara-porto-alegre-tera-edital-publicado-amanha\/#article\",\"isPartOf\":{\"@id\":\"https:\/\/www.estrategiaconcursos.com.br\/blog\/concurso-camara-porto-alegre-tera-edital-publicado-amanha\/\"},\"author\":{\"name\":\"Thiago Cavalcante Gomes\",\"@id\":\"https:\/\/www.estrategiaconcursos.com.br\/blog\/#\/schema\/person\/4970184533d0a3ffa5b0299ae0a2b21f\"},\"headline\":\"Concurso C\u00e2mara Porto Alegre ter\u00e1 edital publicado amanh\u00e3!\",\"datePublished\":\"2022-02-03T22:37:17+00:00\",\"dateModified\":\"2022-02-03T22:55:13+00:00\",\"mainEntityOfPage\":{\"@id\":\"https:\/\/www.estrategiaconcursos.com.br\/blog\/concurso-camara-porto-alegre-tera-edital-publicado-amanha\/\"},\"wordCount\":235,\"commentCount\":0,\"publisher\":{\"@id\":\"https:\/\/www.estrategiaconcursos.com.br\/blog\/#organization\"},\"image\":{\"@id\":\"https:\/\/www.estrategiaconcursos.com.br\/blog\/concurso-camara-porto-alegre-tera-edital-publicado-amanha\/#primaryimage\"},\"thumbnailUrl\":\"https:\/\/dhg1h5j42swfq.cloudfront.net\/2021\/12\/18113229\/camara_porto_alegre.jpg\",\"articleSection\":[\"Legislativo\",\"\u00daltimas not\u00edcias\"],\"inLanguage\":\"pt-BR\",\"potentialAction\":[{\"@type\":\"CommentAction\",\"name\":\"Comment\",\"target\":[\"https:\/\/www.estrategiaconcursos.com.br\/blog\/concurso-camara-porto-alegre-tera-edital-publicado-amanha\/#respond\"]}],\"copyrightYear\":\"2022\",\"copyrightHolder\":{\"@id\":\"https:\/\/www.estrategiaconcursos.com.br\/blog\/#organization\"}},{\"@type\":\"WebPage\",\"@id\":\"https:\/\/www.estrategiaconcursos.com.br\/blog\/concurso-camara-porto-alegre-tera-edital-publicado-amanha\/\",\"url\":\"https:\/\/www.estrategiaconcursos.com.br\/blog\/concurso-camara-porto-alegre-tera-edital-publicado-amanha\/\",\"name\":\"Concurso C\u00e2mara Porto Alegre ter\u00e1 edital publicado amanh\u00e3!\",\"isPartOf\":{\"@id\":\"https:\/\/www.estrategiaconcursos.com.br\/blog\/#website\"},\"primaryImageOfPage\":{\"@id\":\"https:\/\/www.estrategiaconcursos.com.br\/blog\/concurso-camara-porto-alegre-tera-edital-publicado-amanha\/#primaryimage\"},\"image\":{\"@id\":\"https:\/\/www.estrategiaconcursos.com.br\/blog\/concurso-camara-porto-alegre-tera-edital-publicado-amanha\/#primaryimage\"},\"thumbnailUrl\":\"https:\/\/dhg1h5j42swfq.cloudfront.net\/2021\/12\/18113229\/camara_porto_alegre.jpg\",\"datePublished\":\"2022-02-03T22:37:17+00:00\",\"dateModified\":\"2022-02-03T22:55:13+00:00\",\"description\":\"O edital do concurso C\u00e2mara de Porto Alegre ser\u00e1 publicado amanh\u00e3. A novidade foi divulgada nesta quinta-feira, 03 de fevereiro. Confira!\",\"breadcrumb\":{\"@id\":\"https:\/\/www.estrategiaconcursos.com.br\/blog\/concurso-camara-porto-alegre-tera-edital-publicado-amanha\/#breadcrumb\"},\"inLanguage\":\"pt-BR\",\"potentialAction\":[{\"@type\":\"ReadAction\",\"target\":[\"https:\/\/www.estrategiaconcursos.com.br\/blog\/concurso-camara-porto-alegre-tera-edital-publicado-amanha\/\"]}]},{\"@type\":\"ImageObject\",\"inLanguage\":\"pt-BR\",\"@id\":\"https:\/\/www.estrategiaconcursos.com.br\/blog\/concurso-camara-porto-alegre-tera-edital-publicado-amanha\/#primaryimage\",\"url\":\"https:\/\/dhg1h5j42swfq.cloudfront.net\/2021\/12\/18113229\/camara_porto_alegre.jpg\",\"contentUrl\":\"https:\/\/dhg1h5j42swfq.cloudfront.net\/2021\/12\/18113229\/camara_porto_alegre.jpg\",\"width\":768,\"height\":432},{\"@type\":\"BreadcrumbList\",\"@id\":\"https:\/\/www.estrategiaconcursos.com.br\/blog\/concurso-camara-porto-alegre-tera-edital-publicado-amanha\/#breadcrumb\",\"itemListElement\":[{\"@type\":\"ListItem\",\"position\":1,\"name\":\"In\u00edcio\",\"item\":\"https:\/\/www.estrategiaconcursos.com.br\/blog\/\"},{\"@type\":\"ListItem\",\"position\":2,\"name\":\"Concurso C\u00e2mara Porto Alegre ter\u00e1 edital publicado amanh\u00e3!\"}]},{\"@type\":\"WebSite\",\"@id\":\"https:\/\/www.estrategiaconcursos.com.br\/blog\/#website\",\"url\":\"https:\/\/www.estrategiaconcursos.com.br\/blog\/\",\"name\":\"Estrat\u00e9gia Concursos\",\"description\":\"O blog da Estrat\u00e9gia Concursos traz not\u00edcias sobre concursos e artigos de professores oferecendo cursos para concursos (pdf + videaulas) no site.\",\"publisher\":{\"@id\":\"https:\/\/www.estrategiaconcursos.com.br\/blog\/#organization\"},\"potentialAction\":[{\"@type\":\"SearchAction\",\"target\":{\"@type\":\"EntryPoint\",\"urlTemplate\":\"https:\/\/www.estrategiaconcursos.com.br\/blog\/?s={search_term_string}\"},\"query-input\":{\"@type\":\"PropertyValueSpecification\",\"valueRequired\":true,\"valueName\":\"search_term_string\"}}],\"inLanguage\":\"pt-BR\"},{\"@type\":\"Organization\",\"@id\":\"https:\/\/www.estrategiaconcursos.com.br\/blog\/#organization\",\"name\":\"Estrat\u00e9gia Concursos\",\"url\":\"https:\/\/www.estrategiaconcursos.com.br\/blog\/\",\"logo\":{\"@type\":\"ImageObject\",\"inLanguage\":\"pt-BR\",\"@id\":\"https:\/\/www.estrategiaconcursos.com.br\/blog\/#\/schema\/logo\/image\/\",\"url\":\"https:\/\/dhg1h5j42swfq.cloudfront.net\/2025\/06\/03203428\/logo_concursos-1.jpg\",\"contentUrl\":\"https:\/\/dhg1h5j42swfq.cloudfront.net\/2025\/06\/03203428\/logo_concursos-1.jpg\",\"width\":230,\"height\":60,\"caption\":\"Estrat\u00e9gia Concursos\"},\"image\":{\"@id\":\"https:\/\/www.estrategiaconcursos.com.br\/blog\/#\/schema\/logo\/image\/\"},\"sameAs\":[\"https:\/\/x.com\/EstratConcursos\"]},{\"@type\":\"Person\",\"@id\":\"https:\/\/www.estrategiaconcursos.com.br\/blog\/#\/schema\/person\/4970184533d0a3ffa5b0299ae0a2b21f\",\"name\":\"Thiago Cavalcante Gomes\",\"image\":{\"@type\":\"ImageObject\",\"inLanguage\":\"pt-BR\",\"@id\":\"https:\/\/secure.gravatar.com\/avatar\/?s=96&d=mm&r=g\",\"url\":\"https:\/\/secure.gravatar.com\/avatar\/?s=96&d=mm&r=g\",\"contentUrl\":\"https:\/\/secure.gravatar.com\/avatar\/?s=96&d=mm&r=g\",\"caption\":\"Thiago Cavalcante Gomes\"},\"url\":\"https:\/\/www.estrategiaconcursos.com.br\/blog\/author\/thiago-gomes\/\"}]}<\/script>\n<!-- \/ Yoast SEO Premium plugin. -->","yoast_head_json":{"title":"Concurso C\u00e2mara Porto Alegre ter\u00e1 edital publicado amanh\u00e3!","description":"O edital do concurso C\u00e2mara de Porto Alegre ser\u00e1 publicado amanh\u00e3. A novidade foi divulgada nesta quinta-feira, 03 de fevereiro. Confira!","robots":{"index":"index","follow":"follow","max-snippet":"max-snippet:-1","max-image-preview":"max-image-preview:large","max-video-preview":"max-video-preview:-1"},"canonical":"https:\/\/www.estrategiaconcursos.com.br\/blog\/concurso-camara-porto-alegre-tera-edital-publicado-amanha\/","og_locale":"pt_BR","og_type":"article","og_title":"Concurso C\u00e2mara Porto Alegre ter\u00e1 edital publicado amanh\u00e3!","og_description":"O edital do concurso C\u00e2mara de Porto Alegre ser\u00e1 publicado amanh\u00e3. A novidade foi divulgada nesta quinta-feira, 03 de fevereiro. Confira!","og_url":"https:\/\/www.estrategiaconcursos.com.br\/blog\/concurso-camara-porto-alegre-tera-edital-publicado-amanha\/","og_site_name":"Estrat\u00e9gia Concursos","article_published_time":"2022-02-03T22:37:17+00:00","article_modified_time":"2022-02-03T22:55:13+00:00","og_image":[{"width":768,"height":432,"url":"https:\/\/dhg1h5j42swfq.cloudfront.net\/2021\/12\/18113229\/camara_porto_alegre.jpg","type":"image\/jpeg"}],"author":"Thiago Cavalcante Gomes","twitter_card":"summary_large_image","twitter_creator":"@EstratConcursos","twitter_site":"@EstratConcursos","twitter_misc":{"Escrito por":"Thiago Cavalcante Gomes","Est. tempo de leitura":"2 minutos"},"schema":{"@context":"https:\/\/schema.org","@graph":[{"@type":"NewsArticle","@id":"https:\/\/www.estrategiaconcursos.com.br\/blog\/concurso-camara-porto-alegre-tera-edital-publicado-amanha\/#article","isPartOf":{"@id":"https:\/\/www.estrategiaconcursos.com.br\/blog\/concurso-camara-porto-alegre-tera-edital-publicado-amanha\/"},"author":{"name":"Thiago Cavalcante Gomes","@id":"https:\/\/www.estrategiaconcursos.com.br\/blog\/#\/schema\/person\/4970184533d0a3ffa5b0299ae0a2b21f"},"headline":"Concurso C\u00e2mara Porto Alegre ter\u00e1 edital publicado amanh\u00e3!","datePublished":"2022-02-03T22:37:17+00:00","dateModified":"2022-02-03T22:55:13+00:00","mainEntityOfPage":{"@id":"https:\/\/www.estrategiaconcursos.com.br\/blog\/concurso-camara-porto-alegre-tera-edital-publicado-amanha\/"},"wordCount":235,"commentCount":0,"publisher":{"@id":"https:\/\/www.estrategiaconcursos.com.br\/blog\/#organization"},"image":{"@id":"https:\/\/www.estrategiaconcursos.com.br\/blog\/concurso-camara-porto-alegre-tera-edital-publicado-amanha\/#primaryimage"},"thumbnailUrl":"https:\/\/dhg1h5j42swfq.cloudfront.net\/2021\/12\/18113229\/camara_porto_alegre.jpg","articleSection":["Legislativo","\u00daltimas not\u00edcias"],"inLanguage":"pt-BR","potentialAction":[{"@type":"CommentAction","name":"Comment","target":["https:\/\/www.estrategiaconcursos.com.br\/blog\/concurso-camara-porto-alegre-tera-edital-publicado-amanha\/#respond"]}],"copyrightYear":"2022","copyrightHolder":{"@id":"https:\/\/www.estrategiaconcursos.com.br\/blog\/#organization"}},{"@type":"WebPage","@id":"https:\/\/www.estrategiaconcursos.com.br\/blog\/concurso-camara-porto-alegre-tera-edital-publicado-amanha\/","url":"https:\/\/www.estrategiaconcursos.com.br\/blog\/concurso-camara-porto-alegre-tera-edital-publicado-amanha\/","name":"Concurso C\u00e2mara Porto Alegre ter\u00e1 edital publicado amanh\u00e3!","isPartOf":{"@id":"https:\/\/www.estrategiaconcursos.com.br\/blog\/#website"},"primaryImageOfPage":{"@id":"https:\/\/www.estrategiaconcursos.com.br\/blog\/concurso-camara-porto-alegre-tera-edital-publicado-amanha\/#primaryimage"},"image":{"@id":"https:\/\/www.estrategiaconcursos.com.br\/blog\/concurso-camara-porto-alegre-tera-edital-publicado-amanha\/#primaryimage"},"thumbnailUrl":"https:\/\/dhg1h5j42swfq.cloudfront.net\/2021\/12\/18113229\/camara_porto_alegre.jpg","datePublished":"2022-02-03T22:37:17+00:00","dateModified":"2022-02-03T22:55:13+00:00","description":"O edital do concurso C\u00e2mara de Porto Alegre ser\u00e1 publicado amanh\u00e3. A novidade foi divulgada nesta quinta-feira, 03 de fevereiro. Confira!","breadcrumb":{"@id":"https:\/\/www.estrategiaconcursos.com.br\/blog\/concurso-camara-porto-alegre-tera-edital-publicado-amanha\/#breadcrumb"},"inLanguage":"pt-BR","potentialAction":[{"@type":"ReadAction","target":["https:\/\/www.estrategiaconcursos.com.br\/blog\/concurso-camara-porto-alegre-tera-edital-publicado-amanha\/"]}]},{"@type":"ImageObject","inLanguage":"pt-BR","@id":"https:\/\/www.estrategiaconcursos.com.br\/blog\/concurso-camara-porto-alegre-tera-edital-publicado-amanha\/#primaryimage","url":"https:\/\/dhg1h5j42swfq.cloudfront.net\/2021\/12\/18113229\/camara_porto_alegre.jpg","contentUrl":"https:\/\/dhg1h5j42swfq.cloudfront.net\/2021\/12\/18113229\/camara_porto_alegre.jpg","width":768,"height":432},{"@type":"BreadcrumbList","@id":"https:\/\/www.estrategiaconcursos.com.br\/blog\/concurso-camara-porto-alegre-tera-edital-publicado-amanha\/#breadcrumb","itemListElement":[{"@type":"ListItem","position":1,"name":"In\u00edcio","item":"https:\/\/www.estrategiaconcursos.com.br\/blog\/"},{"@type":"ListItem","position":2,"name":"Concurso C\u00e2mara Porto Alegre ter\u00e1 edital publicado amanh\u00e3!"}]},{"@type":"WebSite","@id":"https:\/\/www.estrategiaconcursos.com.br\/blog\/#website","url":"https:\/\/www.estrategiaconcursos.com.br\/blog\/","name":"Estrat\u00e9gia Concursos","description":"O blog da Estrat\u00e9gia Concursos traz not\u00edcias sobre concursos e artigos de professores oferecendo cursos para concursos (pdf + videaulas) no site.","publisher":{"@id":"https:\/\/www.estrategiaconcursos.com.br\/blog\/#organization"},"potentialAction":[{"@type":"SearchAction","target":{"@type":"EntryPoint","urlTemplate":"https:\/\/www.estrategiaconcursos.com.br\/blog\/?s={search_term_string}"},"query-input":{"@type":"PropertyValueSpecification","valueRequired":true,"valueName":"search_term_string"}}],"inLanguage":"pt-BR"},{"@type":"Organization","@id":"https:\/\/www.estrategiaconcursos.com.br\/blog\/#organization","name":"Estrat\u00e9gia Concursos","url":"https:\/\/www.estrategiaconcursos.com.br\/blog\/","logo":{"@type":"ImageObject","inLanguage":"pt-BR","@id":"https:\/\/www.estrategiaconcursos.com.br\/blog\/#\/schema\/logo\/image\/","url":"https:\/\/dhg1h5j42swfq.cloudfront.net\/2025\/06\/03203428\/logo_concursos-1.jpg","contentUrl":"https:\/\/dhg1h5j42swfq.cloudfront.net\/2025\/06\/03203428\/logo_concursos-1.jpg","width":230,"height":60,"caption":"Estrat\u00e9gia Concursos"},"image":{"@id":"https:\/\/www.estrategiaconcursos.com.br\/blog\/#\/schema\/logo\/image\/"},"sameAs":["https:\/\/x.com\/EstratConcursos"]},{"@type":"Person","@id":"https:\/\/www.estrategiaconcursos.com.br\/blog\/#\/schema\/person\/4970184533d0a3ffa5b0299ae0a2b21f","name":"Thiago Cavalcante Gomes","image":{"@type":"ImageObject","inLanguage":"pt-BR","@id":"https:\/\/secure.gravatar.com\/avatar\/?s=96&d=mm&r=g","url":"https:\/\/secure.gravatar.com\/avatar\/?s=96&d=mm&r=g","contentUrl":"https:\/\/secure.gravatar.com\/avatar\/?s=96&d=mm&r=g","caption":"Thiago Cavalcante Gomes"},"url":"https:\/\/www.estrategiaconcursos.com.br\/blog\/author\/thiago-gomes\/"}]}},"_links":{"self":[{"href":"https:\/\/www.estrategiaconcursos.com.br\/blog\/wp-json\/wp\/v2\/posts\/961093","targetHints":{"allow":["GET"]}}],"collection":[{"href":"https:\/\/www.estrategiaconcursos.com.br\/blog\/wp-json\/wp\/v2\/posts"}],"about":[{"href":"https:\/\/www.estrategiaconcursos.com.br\/blog\/wp-json\/wp\/v2\/types\/post"}],"author":[{"embeddable":true,"href":"https:\/\/www.estrategiaconcursos.com.br\/blog\/wp-json\/wp\/v2\/users\/2041"}],"replies":[{"embeddable":true,"href":"https:\/\/www.estrategiaconcursos.com.br\/blog\/wp-json\/wp\/v2\/comments?post=961093"}],"version-history":[{"count":5,"href":"https:\/\/www.estrategiaconcursos.com.br\/blog\/wp-json\/wp\/v2\/posts\/961093\/revisions"}],"predecessor-version":[{"id":961125,"href":"https:\/\/www.estrategiaconcursos.com.br\/blog\/wp-json\/wp\/v2\/posts\/961093\/revisions\/961125"}],"wp:featuredmedia":[{"embeddable":true,"href":"https:\/\/www.estrategiaconcursos.com.br\/blog\/wp-json\/wp\/v2\/media\/932528"}],"wp:attachment":[{"href":"https:\/\/www.estrategiaconcursos.com.br\/blog\/wp-json\/wp\/v2\/media?parent=961093"}],"wp:term":[{"taxonomy":"category","embeddable":true,"href":"https:\/\/www.estrategiaconcursos.com.br\/blog\/wp-json\/wp\/v2\/categories?post=961093"},{"taxonomy":"post_tag","embeddable":true,"href":"https:\/\/www.estrategiaconcursos.com.br\/blog\/wp-json\/wp\/v2\/tags?post=961093"},{"taxonomy":"tax_estado","embeddable":true,"href":"https:\/\/www.estrategiaconcursos.com.br\/blog\/wp-json\/wp\/v2\/tax_estado?post=961093"}],"curies":[{"name":"wp","href":"https:\/\/api.w.org\/{rel}","templated":true}]}}