{"id":96076,"date":"2017-11-20T02:08:00","date_gmt":"2017-11-20T05:08:00","guid":{"rendered":"https:\/\/www.estrategiaconcursos.com.br\/blog\/?p=96076"},"modified":"2020-12-05T08:45:28","modified_gmt":"2020-12-05T11:45:28","slug":"oab-xxiv-eoab-comentarios-as-questoes-de-processo-civil","status":"publish","type":"post","link":"https:\/\/www.estrategiaconcursos.com.br\/blog\/oab-xxiv-eoab-comentarios-as-questoes-de-processo-civil\/","title":{"rendered":"[OAB &#8211; XXIV EOAB] Coment\u00e1rios \u00e0s quest\u00f5es de Processo Civil"},"content":{"rendered":"<p style=\"text-align: justify\">Boa noite, pessoal!<\/p>\n<p style=\"text-align: justify\">Vamos, neste artigo, analisar as quest\u00f5es de Direito Processual Civil aplicada na prova do XXIV Exame de Ordem.<\/p>\n<p style=\"text-align: justify\">Notamos que a FGV fez algumas pegadinhas maldosas para induzi-los a erro. Tomara que voc\u00eas n\u00e3o tenham ca\u00eddo! Fora isso, n\u00e3o identificamos nenhum problema com a prova de Processo Civil. Em nosso sentir, n\u00e3o h\u00e1 quest\u00f5es pass\u00edveis de recursos.<\/p>\n<p style=\"text-align: justify\">Antes, deixo meu perfil do Instagram: <a href=\"https:\/\/www.instagram.com\/proftorques\/\">www.instagram.com\/proftorques<\/a><\/p>\n<p style=\"text-align: justify\">Al\u00e9m disso, gostaria de fazer um convite para voc\u00ea conhecer nossos cursos para o Exame de Ordem:<\/p>\n<p style=\"text-align: justify\"><a href=\"https:\/\/www.estrategiaconcursos.com.br\/curso\/pacote-completo-p-oab-1-fase-xxv-exame-de-ordem-com-videoaulas\/\">PACOTE PRIMEIRA FASE XXV EOAB<\/a><\/p>\n<p style=\"text-align: justify\"><a href=\"https:\/\/www.estrategiaconcursos.com.br\/cursosPorConcurso\/oab-2-fase-192\/\">CURSOS SEGUNDA FASE XXIV EOAB<\/a><\/p>\n<p style=\"text-align: justify\">Vamos l\u00e1?!<\/p>\n<p style=\"text-align: justify\">&#8212;<\/p>\n<p style=\"text-align: justify\">Quest\u00e3o 51 &#8211; Maria dirigia seu carro em dire\u00e7\u00e3o ao trabalho, quando se envolveu em acidente com um ve\u00edculo do Munic\u00edpio de S\u00e3o Paulo, afetado \u00e0 Secretaria de Sa\u00fade. Em raz\u00e3o da gravidade do acidente, Maria permaneceu 06 (seis) meses internada, sendo necess\u00e1ria a realiza\u00e7\u00e3o de 03 (tr\u00eas) cirurgias.<\/p>\n<p>Quinze dias ap\u00f3s a alta m\u00e9dica, a v\u00edtima ingressou com a\u00e7\u00e3o de repara\u00e7\u00e3o por danos morais e materiais em face do ente p\u00fablico. Na senten\u00e7a, os pedidos foram julgados procedentes, com condena\u00e7\u00e3o do ente p\u00fablico ao pagamento de 200 (duzentos) sal\u00e1rios m\u00ednimos, n\u00e3o tendo a r\u00e9 interposto recurso. Diante de tais considera\u00e7\u00f5es, assinale a afirmativa correta.<\/p>\n<p>A) Ainda que o Munic\u00edpio de S\u00e3o Paulo n\u00e3o interponha qualquer recurso, a senten\u00e7a est\u00e1 sujeita \u00e0 remessa necess\u00e1ria, pois a condena\u00e7\u00e3o \u00e9 superior a 100 (cem) sal\u00e1rios m\u00ednimos, limite aplic\u00e1vel ao caso, o que impede o cumprimento de senten\u00e7a pelo advogado da autora.<\/p>\n<p>B) A senten\u00e7a est\u00e1 sujeita \u00e0 remessa necess\u00e1ria em qualquer condena\u00e7\u00e3o que envolva a Fazenda P\u00fablica.<\/p>\n<p>C) A senten\u00e7a n\u00e3o est\u00e1 sujeita \u00e0 remessa necess\u00e1ria, porquanto a senten\u00e7a condenat\u00f3ria \u00e9 il\u00edquida. Maria poder\u00e1, assim, propor a execu\u00e7\u00e3o contra a Fazenda P\u00fablica t\u00e3o logo a senten\u00e7a transite em julgado.<\/p>\n<p>D) A senten\u00e7a n\u00e3o est\u00e1 sujeita \u00e0 remessa necess\u00e1ria, pois a condena\u00e7\u00e3o \u00e9 inferior a 500 (quinhentos) sal\u00e1rios m\u00ednimos, limite aplic\u00e1vel ao caso. Ap\u00f3s o tr\u00e2nsito em julgado, Maria poder\u00e1 promover o cumprimento de senten\u00e7a em face do Munic\u00edpio de S\u00e3o Paulo.<\/p>\n<p style=\"text-align: justify\"><strong>Coment\u00e1rios<\/strong><\/p>\n<p style=\"text-align: justify\">De acordo com o art. 496, \u00a73\u00ba, II, do NCPC, as condena\u00e7\u00f5es contra a Fazenda P\u00fablica est\u00e3o sujeitas&nbsp; ao duplo grau de jurisdi\u00e7\u00e3o, n\u00e3o produzindo efeito sen\u00e3o depois de confirmada pelo tribunal, a senten\u00e7a. H\u00e1, contudo, exce\u00e7\u00f5es.<\/p>\n<p style=\"text-align: justify\">Quando a condena\u00e7\u00e3o for inferior a 500 sal\u00e1rios m\u00ednimos contra munic\u00edpios de capitais, n\u00e3o haver\u00e1 duplo grau de jurisdi\u00e7\u00e3o obrigat\u00f3rio. Ao passo que, para os demais munic\u00edpios o limite \u00e9 de 100 sal\u00e1rios m\u00ednimos.<\/p>\n<p style=\"text-align: justify\">Veja:<\/p>\n<p style=\"text-align: justify\">Art. 496.&nbsp; Est\u00e1 sujeita ao duplo grau de jurisdi\u00e7\u00e3o, n\u00e3o produzindo efeito sen\u00e3o depois de confirmada pelo tribunal, a senten\u00e7a:<\/p>\n<p style=\"text-align: justify\">3\u00ba N\u00e3o se aplica o disposto neste artigo quando a condena\u00e7\u00e3o ou o proveito econ\u00f4mico obtido na causa for de valor certo e l\u00edquido inferior a: (&#8230;)<\/p>\n<p style=\"text-align: justify\">II &#8211; <strong>500 (quinhentos) sal\u00e1rios-m\u00ednimos <\/strong>para os Estados, o Distrito Federal, as respectivas autarquias e funda\u00e7\u00f5es de direito p\u00fablico e <strong>os Munic\u00edpios que constituam capitais dos Estados<\/strong>; (&#8230;).<\/p>\n<p style=\"text-align: justify\">Logo, a <strong>letra D<\/strong> \u00e9 a correta e gabarito da quest\u00e3o.<\/p>\n<p style=\"text-align: justify\">&#8212;<\/p>\n<p style=\"text-align: justify\">Quest\u00e3o 52 &#8211; Arthur ajuizou a\u00e7\u00e3o perante o Juizado Especial C\u00edvel da Comarca do Rio de Janeiro, com o objetivo de obter repara\u00e7\u00e3o por danos materiais, em raz\u00e3o de falha na presta\u00e7\u00e3o de servi\u00e7os pela sociedade empres\u00e1ria Consultex. A senten\u00e7a de improced\u00eancia dos pedidos iniciais foi publicada, mas n\u00e3o apreciou juridicamente um argumento relevante suscitado na inicial, desconsiderando, em sua fundamenta\u00e7\u00e3o, importante prova do nexo de causalidade. Arthur pretende opor embargos de declara\u00e7\u00e3o para ver sanada tal omiss\u00e3o.<\/p>\n<p style=\"text-align: justify\">Diante de tal cen\u00e1rio, assinale a afirmativa correta.<\/p>\n<p>A) Arthur poder\u00e1 opor embargos de declara\u00e7\u00e3o, suspendendo o prazo para interposi\u00e7\u00e3o de recurso para a Turma Recursal.<\/p>\n<p>B) Os embargos n\u00e3o interrompem ou suspendem o prazo para interposi\u00e7\u00e3o de recurso para a Turma Recursal, de modo que Arthur dever\u00e1 optar entre os embargos ou o recurso, sob pena de preclus\u00e3o.<\/p>\n<p>C) Eventuais embargos de declara\u00e7\u00e3o interpostos por Arthur interromper\u00e3o o prazo para interposi\u00e7\u00e3o de recurso para a Turma Recursal.<\/p>\n<p>D) Arthur n\u00e3o dever\u00e1 interpor embargos de declara\u00e7\u00e3o pois estes n\u00e3o s\u00e3o cab\u00edveis no \u00e2mbito de Juizados Especiais.<\/p>\n<p style=\"text-align: justify\"><strong>Coment\u00e1rios<\/strong><\/p>\n<p style=\"text-align: justify\">Nessa quest\u00e3o, bastava que voc\u00ea conhecesse o art. 50 da Lei 9.099\/1995, que estabelece que os embargos de declara\u00e7\u00e3o geram a interrup\u00e7\u00e3o dos demais prazos recursais. Logo, a <strong>letra C<\/strong> \u00e9 o gabarito da quest\u00e3o.<\/p>\n<p style=\"text-align: justify\">&#8212;<\/p>\n<p style=\"text-align: justify\"><strong>Quest\u00e3o 53<\/strong> &#8211; Marcos se envolveu em um acidente, abalroando a motocicleta de Bruno, em raz\u00e3o de n\u00e3o ter visto que a pista estava interditada. Bruno ajuizou, em face de Marcos, a\u00e7\u00e3o de indeniza\u00e7\u00e3o por danos materiais, visando receber os valores necess\u00e1rios ao conserto de sua motocicleta. Marcos, ao receber a cita\u00e7\u00e3o da a\u00e7\u00e3o, entendeu que a responsabilidade de pagamento era da Seguradora Confian\u00e7a, em virtude de contrato de seguro que havia pactuado para seu ve\u00edculo, antes do acidente.<\/p>\n<p style=\"text-align: justify\">Diante de tal situa\u00e7\u00e3o, assinale a afirmativa correta.<\/p>\n<p>A) Marcos pode promover oposi\u00e7\u00e3o em face de Bruno e da seguradora.<\/p>\n<p>B) Marcos pode promover denuncia\u00e7\u00e3o da lide \u00e0 seguradora.<\/p>\n<p>C) Marcos pode pedir a instaura\u00e7\u00e3o de incidente de desconsidera\u00e7\u00e3o da personalidade jur\u00eddica em face da seguradora.<\/p>\n<p>D) Marcos pode promover o chamamento ao processo da seguradora.<\/p>\n<p style=\"text-align: justify\"><strong>Coment\u00e1rios<\/strong><\/p>\n<p style=\"text-align: justify\">No caso, o r\u00e9u Bruno pretende trazer \u00e0 lide a seguradora que \u00e9 obrigada contratualmente a indeniza\u00e7\u00e3o o preju\u00edzo causado pelo r\u00e9u. Desse modo, com fundamento com o art. 125, II, do NCPC, Marcos deve promover a denuncia\u00e7\u00e3o da lide. Assim, a <strong>letra B<\/strong> \u00e9 a correta e gabarito da quest\u00e3o.<\/p>\n<p style=\"text-align: justify\">&#8212;<\/p>\n<p style=\"text-align: justify\"><strong>Quest\u00e3o 54<\/strong> &#8211; O Supermercado \u201cX\u201d firmou contrato com a pessoa jur\u00eddica \u201cExcel\u00eancia\u201d \u2013 sociedade empres\u00e1ria de renome &#8211; para que esta lhe prestasse assessoria estrat\u00e9gica e planejamento empresarial no processo de expans\u00e3o de suas unidades por todo o pa\u00eds.<\/p>\n<p style=\"text-align: justify\">Diante da discuss\u00e3o quanto ao cumprimento da presta\u00e7\u00e3o acordada, uma vez que o supermercado entendeu que o servi\u00e7o fora prestado de forma deficiente, as partes se socorreram da arbitragem, em raz\u00e3o de expressa previs\u00e3o do meio de solu\u00e7\u00e3o de conflitos trazida no contrato.<\/p>\n<p style=\"text-align: justify\">Na arbitragem, restou decidido que assistia raz\u00e3o ao supermercado, sendo a sociedade empres\u00e1ria \u201cExcel\u00eancia\u201d condenada ao pagamento de indeniza\u00e7\u00e3o, al\u00e9m de multa de 30%.<\/p>\n<p style=\"text-align: justify\">Considerando o exposto, assinale a afirmativa correta.<\/p>\n<p>A) Por se tratar de um t\u00edtulo executivo extrajudicial, deve ser instaurado um processo de execu\u00e7\u00e3o.<\/p>\n<p>B) Por se tratar de um t\u00edtulo executivo judicial, ser\u00e1 promovido segundo as regras do cumprimento de senten\u00e7a.<\/p>\n<p>C) A senten\u00e7a arbitral s\u00f3 poder\u00e1 ser executada junto ao Poder Judici\u00e1rio ap\u00f3s ser confirmada em processo de conhecimento, quando adquire for\u00e7a de t\u00edtulo executivo judicial.<\/p>\n<p>D) A senten\u00e7a arbitral ser\u00e1 executada segundo as regras do cumprimento de senten\u00e7a, tendo em vista seu car\u00e1ter de t\u00edtulo executivo extrajudicial.<\/p>\n<p style=\"text-align: justify\"><strong>Coment\u00e1rios<\/strong><\/p>\n<p style=\"text-align: justify\">Para responder \u00e0 quest\u00e3o, necess\u00e1rio lembrar que a senten\u00e7a arbitral \u00e9 t\u00edtulo executivo judicial, de modo que se submete \u00e0s regras do cumprimento de senten\u00e7as. Como n\u00e3o se trata de t\u00edtulo executivo extrajudicial n\u00e3o observa o regramento da execu\u00e7\u00e3o propriamente, mas do cumprimento de senten\u00e7a. Assim, com fundamento no art. 515, VII, do NCPC, est\u00e1 correta a <strong>letra B<\/strong>, gabarito da quest\u00e3o.<\/p>\n<p style=\"text-align: justify\">&#8212;<\/p>\n<p style=\"text-align: justify\"><strong>Quest\u00e3o 55<\/strong> &#8211; Leilane, autora da a\u00e7\u00e3o de indeniza\u00e7\u00e3o por danos morais, proposta em face de Carlindo na 5\u00aa Vara C\u00edvel da comarca da capital, informou, em sua peti\u00e7\u00e3o inicial, que n\u00e3o possu\u00eda interesse na audi\u00eancia de concilia\u00e7\u00e3o prevista no Art. 334 do CPC\/15. Mesmo assim, o magistrado marcou a audi\u00eancia de concilia\u00e7\u00e3o e ordenou a cita\u00e7\u00e3o do r\u00e9u.<\/p>\n<p style=\"text-align: justify\">O r\u00e9u, regularmente citado, manifestou interesse na realiza\u00e7\u00e3o da referida audi\u00eancia, na qual apenas o r\u00e9u compareceu. O juiz, ent\u00e3o, aplicou \u00e0 autora a multa de 2% sobre o valor da causa.<\/p>\n<p style=\"text-align: justify\">Sobre o procedimento do magistrado, a partir do caso apresentado, assinale a afirmativa correta.<\/p>\n<p>A) O magistrado n\u00e3o deveria ter marcado a audi\u00eancia de concilia\u00e7\u00e3o, j\u00e1 que a autora informou, em sua peti\u00e7\u00e3o inicial, que n\u00e3o possu\u00eda interesse.<\/p>\n<p>B) O magistrado agiu corretamente, tendo em vista que a conduta da autora se caracteriza como um ato atentat\u00f3rio \u00e0 dignidade da justi\u00e7a.<\/p>\n<p>C) O magistrado deveria ter declarado o processo extinto sem resolu\u00e7\u00e3o do m\u00e9rito, e a multa n\u00e3o possui fundamento legal.<\/p>\n<p>D) A manifesta\u00e7\u00e3o de interesse do r\u00e9u na realiza\u00e7\u00e3o da referida audi\u00eancia pode ser feita em at\u00e9 72 horas antes da sua realiza\u00e7\u00e3o.<\/p>\n<p style=\"text-align: justify\"><strong>Coment\u00e1rios<\/strong><\/p>\n<p style=\"text-align: justify\">Quest\u00e3o interessant\u00edssima! De acordo com o NCPC, a audi\u00eancia de concilia\u00e7\u00e3o e media\u00e7\u00e3o \u00e9 regra no processo civil. Assim, mesmo que uma das partes, autor ou r\u00e9u, n\u00e3o desejem, em um primeiro comento, conciliar, haver\u00e1 cita\u00e7\u00e3o do r\u00e9u e intima\u00e7\u00e3o do autor para a referida audi\u00eancia.<\/p>\n<p style=\"text-align: justify\">De acordo com o NCPC, n\u00e3o haver\u00e1 agendamento da audi\u00eancia de concilia\u00e7\u00e3o e de media\u00e7\u00e3o em duas hip\u00f3teses: a) quando ambas as partes manifestarem expressamente que n\u00e3o desejam participar da audi\u00eancia de concilia\u00e7\u00e3o; e b) quando envolver direitos indispon\u00edveis, caso em que a vontade combinada de ambas as partes \u00e9 irrelevante.<\/p>\n<p style=\"text-align: justify\">No caso do enunciado, o autor, por estar obrigado a comparecer, sofrer\u00e1 multa de at\u00e9 2% sobre o valor da causa como multa em raz\u00e3o do n\u00e3o comparecimento \u00e0 audi\u00eancia, embora fosse obrigada.<\/p>\n<p style=\"text-align: justify\">Veja os dispositivos do art. 334, do NCPC:<\/p>\n<p style=\"text-align: justify\">4\u00ba A audi\u00eancia n\u00e3o ser\u00e1 realizada:<\/p>\n<p style=\"text-align: justify\">I &#8211; se ambas as partes manifestarem, expressamente, desinteresse na composi\u00e7\u00e3o consensual;<\/p>\n<p style=\"text-align: justify\">5\u00ba O autor dever\u00e1 indicar, na peti\u00e7\u00e3o inicial, seu desinteresse na autocomposi\u00e7\u00e3o, e o r\u00e9u dever\u00e1 faz\u00ea-lo, por peti\u00e7\u00e3o, apresentada com 10 (dez) dias de anteced\u00eancia, contados da data da audi\u00eancia.<\/p>\n<p style=\"text-align: justify\">8\u00ba O n\u00e3o comparecimento injustificado do autor ou do r\u00e9u \u00e0 audi\u00eancia de concilia\u00e7\u00e3o \u00e9 considerado ato atentat\u00f3rio \u00e0 dignidade da justi\u00e7a e ser\u00e1 sancionado com multa de at\u00e9 dois por cento da vantagem econ\u00f4mica pretendida ou do valor da causa, revertida em favor da Uni\u00e3o ou do Estado.<\/p>\n<p style=\"text-align: justify\">Logo, a <strong>letra B<\/strong> est\u00e1 correta e \u00e9 gabarito da quest\u00e3o.<\/p>\n<p style=\"text-align: justify\">&#8212;<\/p>\n<p style=\"text-align: justify\"><strong>Quest\u00e3o 56<\/strong> &#8211; O advogado Jonas interp\u00f4s Recurso Especial contra ac\u00f3rd\u00e3o do Tribunal de Justi\u00e7a do Estado X. Ocorre que, no corrente ano, a Vice-Presid\u00eancia\/Presid\u00eancia do referido Tribunal negou seguimento ao recurso interposto, afirmando que o ac\u00f3rd\u00e3o recorrido se encontra no mesmo sentido de precedente do STJ, julgado sob o rito dos recursos repetitivos.<\/p>\n<p style=\"text-align: justify\">Nessa hip\u00f3tese, caso deseje impugnar a referida decis\u00e3o, o advogado dever\u00e1 interpor<\/p>\n<p>A) Agravo de Instrumento, direcionado ao Ministro Presidente do STJ.<\/p>\n<p>B) Agravo em Recurso Especial, direcionado ao Ministro Presidente do STJ.<\/p>\n<p>C) Agravo em Recurso Especial, direcionado ao VicePresidente do Tribunal de Justi\u00e7a do Estado X.<\/p>\n<p>D) Agravo Interno, direcionado ao \u00f3rg\u00e3o colegiado competente para revisar as decis\u00f5es do Presidente\/VicePresidente do Tribunal de Justi\u00e7a.<\/p>\n<p style=\"text-align: justify\"><strong>Coment\u00e1rios<\/strong><\/p>\n<p style=\"text-align: justify\">Cuidado! Das decis\u00f5es interlocut\u00f3rias, cabe, como regra o agravo de instrumento, inclusive nos casos de n\u00e3o admiss\u00e3o de recurso no tribunal pelo Presidente. Contudo, quando esse indeferimento estiver atrelado a contrariedade a precedentes vinculativos, o recurso cab\u00edvel ser\u00e1 o agravo interno, por for\u00e7a do art. 1.030, I, combinado com o \u00a72\u00ba.<\/p>\n<p style=\"text-align: justify\">Veja:<\/p>\n<p style=\"text-align: justify\">Art.&nbsp; 1.030. Recebida a peti\u00e7\u00e3o do recurso pela secretaria do tribunal, o recorrido ser\u00e1 intimado para apresentar contrarraz\u00f5es no prazo de 15 (quinze) dias, findo o qual os autos ser\u00e3o conclusos ao presidente ou ao vice-presidente do tribunal recorrido, que dever\u00e1: (Reda\u00e7\u00e3o dada pela Lei n\u00ba 13.256, de 2016)<\/p>\n<p style=\"text-align: justify\">I \u2013 negar seguimento: b)&nbsp; a recurso extraordin\u00e1rio ou a recurso especial interposto contra ac\u00f3rd\u00e3o que esteja em conformidade com entendimento do Supremo Tribunal Federal ou do Superior Tribunal de Justi\u00e7a, respectivamente, exarado no regime de julgamento de recursos repetitivos;<\/p>\n<p style=\"text-align: justify\">2\u00ba Da decis\u00e3o proferida com fundamento nos incisos I e III caber\u00e1 agravo interno, nos termos do art. 1.021.<\/p>\n<p style=\"text-align: justify\">Assim, a <strong>letra D<\/strong> \u00e9 a correta e gabarito da quest\u00e3o.<\/p>\n<p style=\"text-align: justify\">&#8212;<\/p>\n<p style=\"text-align: justify\"><strong>Quest\u00e3o 57<\/strong> &#8211;&nbsp; O Sr. Jo\u00e3o, pessoa idosa e benefici\u00e1ria de plano de sa\u00fade individual da sociedade \u201cABC Sa\u00fade Ltda.\u201d, come\u00e7a a sentir fortes dores no peito durante a madrugada e, socorrido por seus familiares, \u00e9 encaminhado para a unidade hospitalar mais pr\u00f3xima.<\/p>\n<p style=\"text-align: justify\">O m\u00e9dico respons\u00e1vel pelo atendimento inicial constata um quadro cl\u00ednico grave, com risco de morte, sendo necess\u00e1rio o imediato encaminhamento do Sr. Jo\u00e3o para a Unidade de Terapia Intensiva (UTI) do hospital. Ao ser contatado, o plano de sa\u00fade informa que n\u00e3o autoriza a interna\u00e7\u00e3o, uma vez que Sr. Jo\u00e3o ainda n\u00e3o havia cumprido o per\u00edodo de car\u00eancia exigido em contrato. &nbsp;Imediatamente, um dos filhos do Sr. Jo\u00e3o, advogado, elabora a a\u00e7\u00e3o cab\u00edvel e recorre ao plant\u00e3o judicial do Tribunal de Justi\u00e7a do estado em que reside.<\/p>\n<p style=\"text-align: justify\">A partir do caso narrado, assinale a alternativa correta.<\/p>\n<p style=\"text-align: justify\">A) A tutela de urg\u00eancia a ser requerida deve ser deferida, tendo em vista os princ\u00edpios da coopera\u00e7\u00e3o e da n\u00e3o surpresa que regem a codifica\u00e7\u00e3o processual vigente, ap\u00f3s a pr\u00e9via oitiva do representante legal do plano de sa\u00fade \u201cABC Sa\u00fade Ltda.\u201d, no prazo de 5 (cinco) dias \u00fateis.<\/p>\n<p style=\"text-align: justify\">B) Uma vez demonstrado o perigo de dano ou de risco ao resultado \u00fatil do processo, o magistrado poder\u00e1 conceder tutela de evid\u00eancia em favor do Sr. Jo\u00e3o, autorizando sua interna\u00e7\u00e3o provis\u00f3ria na Unidade de Terapia Intensiva do hospital.<\/p>\n<p style=\"text-align: justify\">C) Diante da urg\u00eancia do caso, contempor\u00e2nea \u00e0 propositura da a\u00e7\u00e3o, a peti\u00e7\u00e3o inicial redigida poderia limitar-se ao requerimento da tutela antecipada e \u00e0 indica\u00e7\u00e3o do pedido final. Concedida a tutela antecipada, o autor dever\u00e1 aditar a peti\u00e7\u00e3o inicial em 15 (quinze) dias ou em outro prazo maior que o juiz fixar.<\/p>\n<p style=\"text-align: justify\">D) Concedida a tutela provis\u00f3ria requerida em favor do Sr. Jo\u00e3o, ela conserva sua efic\u00e1cia na pend\u00eancia do processo, apenas podendo vir a ser revogada ou modificada com a prola\u00e7\u00e3o da senten\u00e7a definitiva de m\u00e9rito.<\/p>\n<p style=\"text-align: justify\"><strong>Coment\u00e1rios<\/strong><\/p>\n<p style=\"text-align: justify\">A negativa de realiza\u00e7\u00e3o de cirurgia de urg\u00eancia caracteriza situa\u00e7\u00e3o evidente de tutela de urg\u00eancia antecipada, ajuiz\u00e1vel de forma antecedente. Essa a\u00e7\u00e3o ser\u00e1 proposta por interm\u00e9dio de peti\u00e7\u00e3o inicial sumarizada que, deferida, implicar\u00e1 no prazo de 15 dias para que a parte autoria possa complementar a a\u00e7\u00e3o principal.<\/p>\n<p style=\"text-align: justify\">Desse modo, a <strong>alternativa D<\/strong> \u00e9 a correta e gabarito da quest\u00e3o.<\/p>\n<p style=\"text-align: justify\">&#8212;<\/p>\n<p style=\"text-align: justify\">\u00c9 isso, pessoal!<\/p>\n<p style=\"text-align: justify\">Confira:<\/p>\n<p style=\"text-align: justify\"><a href=\"https:\/\/www.estrategiaconcursos.com.br\/curso\/pacote-completo-p-oab-1-fase-xxv-exame-de-ordem-com-videoaulas\/\">PACOTE PRIMEIRA FASE XXV EOAB<\/a><\/p>\n<p style=\"text-align: justify\"><a href=\"https:\/\/www.estrategiaconcursos.com.br\/cursosPorConcurso\/oab-2-fase-192\/\">CURSOS SEGUNDA FASE XXIV EOAB<\/a><\/p>\n<p style=\"text-align: justify\">Vou ficando por aqui!<\/p>\n<p style=\"text-align: justify\">Abra\u00e7o! Sucesso na segunda fase!<\/p>\n<p style=\"text-align: justify\">Qualquer d\u00favida estou \u00e0 disposi\u00e7\u00e3o!<\/p>\n<p style=\"text-align: justify\">Prof. Ricardo Torques!<\/p>\n","protected":false},"excerpt":{"rendered":"<p>Boa noite, pessoal! Vamos, neste artigo, analisar as quest\u00f5es de Direito Processual Civil aplicada na prova do XXIV Exame de Ordem. Notamos que a FGV fez algumas pegadinhas maldosas para induzi-los a erro. Tomara que voc\u00eas n\u00e3o tenham ca\u00eddo! Fora isso, n\u00e3o identificamos nenhum problema com a prova de Processo Civil. Em nosso sentir, n\u00e3o [&hellip;]<\/p>\n","protected":false},"author":180,"featured_media":0,"comment_status":"open","ping_status":"open","sticky":false,"template":"","format":"standard","meta":{"post_tipo":"article","footnotes":""},"categories":[1],"tags":[1690,1107,71,1182,3087],"tax_estado":[219963],"class_list":["post-96076","post","type-post","status-publish","format-standard","hentry","category-cursos-e-concursos","tag-direito-processual-civil","tag-novo-cpc","tag-oab","tag-processo-civil","tag-xxiv-exame-de-ordem","tax_estado-concursos-federais"],"acf":[],"yoast_head":"<!-- This site is optimized with the Yoast SEO Premium plugin v27.2 (Yoast SEO v27.2) - https:\/\/yoast.com\/product\/yoast-seo-premium-wordpress\/ -->\n<title>[OAB - XXIV EOAB] Coment\u00e1rios \u00e0s quest\u00f5es de Processo Civil<\/title>\n<meta name=\"robots\" content=\"index, follow, max-snippet:-1, max-image-preview:large, max-video-preview:-1\" \/>\n<link rel=\"canonical\" href=\"https:\/\/www.estrategiaconcursos.com.br\/blog\/oab-xxiv-eoab-comentarios-as-questoes-de-processo-civil\/\" \/>\n<meta property=\"og:locale\" content=\"pt_BR\" \/>\n<meta property=\"og:type\" content=\"article\" \/>\n<meta property=\"og:title\" content=\"[OAB - XXIV EOAB] Coment\u00e1rios \u00e0s quest\u00f5es de Processo Civil\" \/>\n<meta property=\"og:description\" content=\"Boa noite, pessoal! Vamos, neste artigo, analisar as quest\u00f5es de Direito Processual Civil aplicada na prova do XXIV Exame de Ordem. Notamos que a FGV fez algumas pegadinhas maldosas para induzi-los a erro. Tomara que voc\u00eas n\u00e3o tenham ca\u00eddo! Fora isso, n\u00e3o identificamos nenhum problema com a prova de Processo Civil. Em nosso sentir, n\u00e3o [&hellip;]\" \/>\n<meta property=\"og:url\" content=\"https:\/\/www.estrategiaconcursos.com.br\/blog\/oab-xxiv-eoab-comentarios-as-questoes-de-processo-civil\/\" \/>\n<meta property=\"og:site_name\" content=\"Estrat\u00e9gia Concursos\" \/>\n<meta property=\"article:author\" content=\"https:\/\/www.facebook.com\/ricardo.s.torques\" \/>\n<meta property=\"article:published_time\" content=\"2017-11-20T05:08:00+00:00\" \/>\n<meta property=\"article:modified_time\" content=\"2020-12-05T11:45:28+00:00\" \/>\n<meta name=\"author\" content=\"Ricardo Torques\" \/>\n<meta name=\"twitter:card\" content=\"summary_large_image\" \/>\n<meta name=\"twitter:creator\" content=\"@EstratConcursos\" \/>\n<meta name=\"twitter:site\" content=\"@EstratConcursos\" \/>\n<meta name=\"twitter:label1\" content=\"Escrito por\" \/>\n\t<meta name=\"twitter:data1\" content=\"Ricardo Torques\" \/>\n\t<meta name=\"twitter:label2\" content=\"Est. tempo de leitura\" \/>\n\t<meta name=\"twitter:data2\" content=\"13 minutos\" \/>\n<script type=\"application\/ld+json\" class=\"yoast-schema-graph\">{\"@context\":\"https:\/\/schema.org\",\"@graph\":[{\"@type\":\"NewsArticle\",\"@id\":\"https:\/\/www.estrategiaconcursos.com.br\/blog\/oab-xxiv-eoab-comentarios-as-questoes-de-processo-civil\/#article\",\"isPartOf\":{\"@id\":\"https:\/\/www.estrategiaconcursos.com.br\/blog\/oab-xxiv-eoab-comentarios-as-questoes-de-processo-civil\/\"},\"author\":{\"name\":\"Ricardo Torques\",\"@id\":\"https:\/\/www.estrategiaconcursos.com.br\/blog\/#\/schema\/person\/aa39cf5ddb518e5bdce27c35788405e2\"},\"headline\":\"[OAB &#8211; XXIV EOAB] Coment\u00e1rios \u00e0s quest\u00f5es de Processo Civil\",\"datePublished\":\"2017-11-20T05:08:00+00:00\",\"dateModified\":\"2020-12-05T11:45:28+00:00\",\"mainEntityOfPage\":{\"@id\":\"https:\/\/www.estrategiaconcursos.com.br\/blog\/oab-xxiv-eoab-comentarios-as-questoes-de-processo-civil\/\"},\"wordCount\":2613,\"commentCount\":1,\"publisher\":{\"@id\":\"https:\/\/www.estrategiaconcursos.com.br\/blog\/#organization\"},\"keywords\":[\"Direito Processual Civil\",\"Novo CPC\",\"OAB\",\"Processo Civil\",\"XXIV Exame de Ordem\"],\"articleSection\":[\"Concursos P\u00fablicos\"],\"inLanguage\":\"pt-BR\",\"potentialAction\":[{\"@type\":\"CommentAction\",\"name\":\"Comment\",\"target\":[\"https:\/\/www.estrategiaconcursos.com.br\/blog\/oab-xxiv-eoab-comentarios-as-questoes-de-processo-civil\/#respond\"]}],\"copyrightYear\":\"2017\",\"copyrightHolder\":{\"@id\":\"https:\/\/www.estrategiaconcursos.com.br\/blog\/#organization\"}},{\"@type\":\"WebPage\",\"@id\":\"https:\/\/www.estrategiaconcursos.com.br\/blog\/oab-xxiv-eoab-comentarios-as-questoes-de-processo-civil\/\",\"url\":\"https:\/\/www.estrategiaconcursos.com.br\/blog\/oab-xxiv-eoab-comentarios-as-questoes-de-processo-civil\/\",\"name\":\"[OAB - XXIV EOAB] Coment\u00e1rios \u00e0s quest\u00f5es de Processo Civil\",\"isPartOf\":{\"@id\":\"https:\/\/www.estrategiaconcursos.com.br\/blog\/#website\"},\"datePublished\":\"2017-11-20T05:08:00+00:00\",\"dateModified\":\"2020-12-05T11:45:28+00:00\",\"breadcrumb\":{\"@id\":\"https:\/\/www.estrategiaconcursos.com.br\/blog\/oab-xxiv-eoab-comentarios-as-questoes-de-processo-civil\/#breadcrumb\"},\"inLanguage\":\"pt-BR\",\"potentialAction\":[{\"@type\":\"ReadAction\",\"target\":[\"https:\/\/www.estrategiaconcursos.com.br\/blog\/oab-xxiv-eoab-comentarios-as-questoes-de-processo-civil\/\"]}]},{\"@type\":\"BreadcrumbList\",\"@id\":\"https:\/\/www.estrategiaconcursos.com.br\/blog\/oab-xxiv-eoab-comentarios-as-questoes-de-processo-civil\/#breadcrumb\",\"itemListElement\":[{\"@type\":\"ListItem\",\"position\":1,\"name\":\"In\u00edcio\",\"item\":\"https:\/\/www.estrategiaconcursos.com.br\/blog\/\"},{\"@type\":\"ListItem\",\"position\":2,\"name\":\"[OAB &#8211; XXIV EOAB] Coment\u00e1rios \u00e0s quest\u00f5es de Processo Civil\"}]},{\"@type\":\"WebSite\",\"@id\":\"https:\/\/www.estrategiaconcursos.com.br\/blog\/#website\",\"url\":\"https:\/\/www.estrategiaconcursos.com.br\/blog\/\",\"name\":\"Estrat\u00e9gia Concursos\",\"description\":\"O blog da Estrat\u00e9gia Concursos traz not\u00edcias sobre concursos e artigos de professores oferecendo cursos para concursos (pdf + videaulas) no site.\",\"publisher\":{\"@id\":\"https:\/\/www.estrategiaconcursos.com.br\/blog\/#organization\"},\"potentialAction\":[{\"@type\":\"SearchAction\",\"target\":{\"@type\":\"EntryPoint\",\"urlTemplate\":\"https:\/\/www.estrategiaconcursos.com.br\/blog\/?s={search_term_string}\"},\"query-input\":{\"@type\":\"PropertyValueSpecification\",\"valueRequired\":true,\"valueName\":\"search_term_string\"}}],\"inLanguage\":\"pt-BR\"},{\"@type\":\"Organization\",\"@id\":\"https:\/\/www.estrategiaconcursos.com.br\/blog\/#organization\",\"name\":\"Estrat\u00e9gia Concursos\",\"url\":\"https:\/\/www.estrategiaconcursos.com.br\/blog\/\",\"logo\":{\"@type\":\"ImageObject\",\"inLanguage\":\"pt-BR\",\"@id\":\"https:\/\/www.estrategiaconcursos.com.br\/blog\/#\/schema\/logo\/image\/\",\"url\":\"https:\/\/dhg1h5j42swfq.cloudfront.net\/2025\/06\/03203428\/logo_concursos-1.jpg\",\"contentUrl\":\"https:\/\/dhg1h5j42swfq.cloudfront.net\/2025\/06\/03203428\/logo_concursos-1.jpg\",\"width\":230,\"height\":60,\"caption\":\"Estrat\u00e9gia Concursos\"},\"image\":{\"@id\":\"https:\/\/www.estrategiaconcursos.com.br\/blog\/#\/schema\/logo\/image\/\"},\"sameAs\":[\"https:\/\/x.com\/EstratConcursos\"]},{\"@type\":\"Person\",\"@id\":\"https:\/\/www.estrategiaconcursos.com.br\/blog\/#\/schema\/person\/aa39cf5ddb518e5bdce27c35788405e2\",\"name\":\"Ricardo Torques\",\"image\":{\"@type\":\"ImageObject\",\"inLanguage\":\"pt-BR\",\"@id\":\"https:\/\/secure.gravatar.com\/avatar\/ce9ac6c3cff25fe86d15ed568ebc64d1724baf5c0693133bcb1f6073f712f92a?s=96&d=mm&r=g\",\"url\":\"https:\/\/secure.gravatar.com\/avatar\/ce9ac6c3cff25fe86d15ed568ebc64d1724baf5c0693133bcb1f6073f712f92a?s=96&d=mm&r=g\",\"contentUrl\":\"https:\/\/secure.gravatar.com\/avatar\/ce9ac6c3cff25fe86d15ed568ebc64d1724baf5c0693133bcb1f6073f712f92a?s=96&d=mm&r=g\",\"caption\":\"Ricardo Torques\"},\"sameAs\":[\"https:\/\/www.facebook.com\/ricardo.s.torques\"],\"url\":\"https:\/\/www.estrategiaconcursos.com.br\/blog\/author\/ricardotorquesestrategiaconcursos-com-br\/\"}]}<\/script>\n<!-- \/ Yoast SEO Premium plugin. -->","yoast_head_json":{"title":"[OAB - XXIV EOAB] Coment\u00e1rios \u00e0s quest\u00f5es de Processo Civil","robots":{"index":"index","follow":"follow","max-snippet":"max-snippet:-1","max-image-preview":"max-image-preview:large","max-video-preview":"max-video-preview:-1"},"canonical":"https:\/\/www.estrategiaconcursos.com.br\/blog\/oab-xxiv-eoab-comentarios-as-questoes-de-processo-civil\/","og_locale":"pt_BR","og_type":"article","og_title":"[OAB - XXIV EOAB] Coment\u00e1rios \u00e0s quest\u00f5es de Processo Civil","og_description":"Boa noite, pessoal! Vamos, neste artigo, analisar as quest\u00f5es de Direito Processual Civil aplicada na prova do XXIV Exame de Ordem. Notamos que a FGV fez algumas pegadinhas maldosas para induzi-los a erro. Tomara que voc\u00eas n\u00e3o tenham ca\u00eddo! Fora isso, n\u00e3o identificamos nenhum problema com a prova de Processo Civil. Em nosso sentir, n\u00e3o [&hellip;]","og_url":"https:\/\/www.estrategiaconcursos.com.br\/blog\/oab-xxiv-eoab-comentarios-as-questoes-de-processo-civil\/","og_site_name":"Estrat\u00e9gia Concursos","article_author":"https:\/\/www.facebook.com\/ricardo.s.torques","article_published_time":"2017-11-20T05:08:00+00:00","article_modified_time":"2020-12-05T11:45:28+00:00","author":"Ricardo Torques","twitter_card":"summary_large_image","twitter_creator":"@EstratConcursos","twitter_site":"@EstratConcursos","twitter_misc":{"Escrito por":"Ricardo Torques","Est. tempo de leitura":"13 minutos"},"schema":{"@context":"https:\/\/schema.org","@graph":[{"@type":"NewsArticle","@id":"https:\/\/www.estrategiaconcursos.com.br\/blog\/oab-xxiv-eoab-comentarios-as-questoes-de-processo-civil\/#article","isPartOf":{"@id":"https:\/\/www.estrategiaconcursos.com.br\/blog\/oab-xxiv-eoab-comentarios-as-questoes-de-processo-civil\/"},"author":{"name":"Ricardo Torques","@id":"https:\/\/www.estrategiaconcursos.com.br\/blog\/#\/schema\/person\/aa39cf5ddb518e5bdce27c35788405e2"},"headline":"[OAB &#8211; XXIV EOAB] Coment\u00e1rios \u00e0s quest\u00f5es de Processo Civil","datePublished":"2017-11-20T05:08:00+00:00","dateModified":"2020-12-05T11:45:28+00:00","mainEntityOfPage":{"@id":"https:\/\/www.estrategiaconcursos.com.br\/blog\/oab-xxiv-eoab-comentarios-as-questoes-de-processo-civil\/"},"wordCount":2613,"commentCount":1,"publisher":{"@id":"https:\/\/www.estrategiaconcursos.com.br\/blog\/#organization"},"keywords":["Direito Processual Civil","Novo CPC","OAB","Processo Civil","XXIV Exame de Ordem"],"articleSection":["Concursos P\u00fablicos"],"inLanguage":"pt-BR","potentialAction":[{"@type":"CommentAction","name":"Comment","target":["https:\/\/www.estrategiaconcursos.com.br\/blog\/oab-xxiv-eoab-comentarios-as-questoes-de-processo-civil\/#respond"]}],"copyrightYear":"2017","copyrightHolder":{"@id":"https:\/\/www.estrategiaconcursos.com.br\/blog\/#organization"}},{"@type":"WebPage","@id":"https:\/\/www.estrategiaconcursos.com.br\/blog\/oab-xxiv-eoab-comentarios-as-questoes-de-processo-civil\/","url":"https:\/\/www.estrategiaconcursos.com.br\/blog\/oab-xxiv-eoab-comentarios-as-questoes-de-processo-civil\/","name":"[OAB - XXIV EOAB] Coment\u00e1rios \u00e0s quest\u00f5es de Processo Civil","isPartOf":{"@id":"https:\/\/www.estrategiaconcursos.com.br\/blog\/#website"},"datePublished":"2017-11-20T05:08:00+00:00","dateModified":"2020-12-05T11:45:28+00:00","breadcrumb":{"@id":"https:\/\/www.estrategiaconcursos.com.br\/blog\/oab-xxiv-eoab-comentarios-as-questoes-de-processo-civil\/#breadcrumb"},"inLanguage":"pt-BR","potentialAction":[{"@type":"ReadAction","target":["https:\/\/www.estrategiaconcursos.com.br\/blog\/oab-xxiv-eoab-comentarios-as-questoes-de-processo-civil\/"]}]},{"@type":"BreadcrumbList","@id":"https:\/\/www.estrategiaconcursos.com.br\/blog\/oab-xxiv-eoab-comentarios-as-questoes-de-processo-civil\/#breadcrumb","itemListElement":[{"@type":"ListItem","position":1,"name":"In\u00edcio","item":"https:\/\/www.estrategiaconcursos.com.br\/blog\/"},{"@type":"ListItem","position":2,"name":"[OAB &#8211; XXIV EOAB] Coment\u00e1rios \u00e0s quest\u00f5es de Processo Civil"}]},{"@type":"WebSite","@id":"https:\/\/www.estrategiaconcursos.com.br\/blog\/#website","url":"https:\/\/www.estrategiaconcursos.com.br\/blog\/","name":"Estrat\u00e9gia Concursos","description":"O blog da Estrat\u00e9gia Concursos traz not\u00edcias sobre concursos e artigos de professores oferecendo cursos para concursos (pdf + videaulas) no site.","publisher":{"@id":"https:\/\/www.estrategiaconcursos.com.br\/blog\/#organization"},"potentialAction":[{"@type":"SearchAction","target":{"@type":"EntryPoint","urlTemplate":"https:\/\/www.estrategiaconcursos.com.br\/blog\/?s={search_term_string}"},"query-input":{"@type":"PropertyValueSpecification","valueRequired":true,"valueName":"search_term_string"}}],"inLanguage":"pt-BR"},{"@type":"Organization","@id":"https:\/\/www.estrategiaconcursos.com.br\/blog\/#organization","name":"Estrat\u00e9gia Concursos","url":"https:\/\/www.estrategiaconcursos.com.br\/blog\/","logo":{"@type":"ImageObject","inLanguage":"pt-BR","@id":"https:\/\/www.estrategiaconcursos.com.br\/blog\/#\/schema\/logo\/image\/","url":"https:\/\/dhg1h5j42swfq.cloudfront.net\/2025\/06\/03203428\/logo_concursos-1.jpg","contentUrl":"https:\/\/dhg1h5j42swfq.cloudfront.net\/2025\/06\/03203428\/logo_concursos-1.jpg","width":230,"height":60,"caption":"Estrat\u00e9gia Concursos"},"image":{"@id":"https:\/\/www.estrategiaconcursos.com.br\/blog\/#\/schema\/logo\/image\/"},"sameAs":["https:\/\/x.com\/EstratConcursos"]},{"@type":"Person","@id":"https:\/\/www.estrategiaconcursos.com.br\/blog\/#\/schema\/person\/aa39cf5ddb518e5bdce27c35788405e2","name":"Ricardo Torques","image":{"@type":"ImageObject","inLanguage":"pt-BR","@id":"https:\/\/secure.gravatar.com\/avatar\/ce9ac6c3cff25fe86d15ed568ebc64d1724baf5c0693133bcb1f6073f712f92a?s=96&d=mm&r=g","url":"https:\/\/secure.gravatar.com\/avatar\/ce9ac6c3cff25fe86d15ed568ebc64d1724baf5c0693133bcb1f6073f712f92a?s=96&d=mm&r=g","contentUrl":"https:\/\/secure.gravatar.com\/avatar\/ce9ac6c3cff25fe86d15ed568ebc64d1724baf5c0693133bcb1f6073f712f92a?s=96&d=mm&r=g","caption":"Ricardo Torques"},"sameAs":["https:\/\/www.facebook.com\/ricardo.s.torques"],"url":"https:\/\/www.estrategiaconcursos.com.br\/blog\/author\/ricardotorquesestrategiaconcursos-com-br\/"}]}},"_links":{"self":[{"href":"https:\/\/www.estrategiaconcursos.com.br\/blog\/wp-json\/wp\/v2\/posts\/96076","targetHints":{"allow":["GET"]}}],"collection":[{"href":"https:\/\/www.estrategiaconcursos.com.br\/blog\/wp-json\/wp\/v2\/posts"}],"about":[{"href":"https:\/\/www.estrategiaconcursos.com.br\/blog\/wp-json\/wp\/v2\/types\/post"}],"author":[{"embeddable":true,"href":"https:\/\/www.estrategiaconcursos.com.br\/blog\/wp-json\/wp\/v2\/users\/180"}],"replies":[{"embeddable":true,"href":"https:\/\/www.estrategiaconcursos.com.br\/blog\/wp-json\/wp\/v2\/comments?post=96076"}],"version-history":[{"count":2,"href":"https:\/\/www.estrategiaconcursos.com.br\/blog\/wp-json\/wp\/v2\/posts\/96076\/revisions"}],"predecessor-version":[{"id":623699,"href":"https:\/\/www.estrategiaconcursos.com.br\/blog\/wp-json\/wp\/v2\/posts\/96076\/revisions\/623699"}],"wp:attachment":[{"href":"https:\/\/www.estrategiaconcursos.com.br\/blog\/wp-json\/wp\/v2\/media?parent=96076"}],"wp:term":[{"taxonomy":"category","embeddable":true,"href":"https:\/\/www.estrategiaconcursos.com.br\/blog\/wp-json\/wp\/v2\/categories?post=96076"},{"taxonomy":"post_tag","embeddable":true,"href":"https:\/\/www.estrategiaconcursos.com.br\/blog\/wp-json\/wp\/v2\/tags?post=96076"},{"taxonomy":"tax_estado","embeddable":true,"href":"https:\/\/www.estrategiaconcursos.com.br\/blog\/wp-json\/wp\/v2\/tax_estado?post=96076"}],"curies":[{"name":"wp","href":"https:\/\/api.w.org\/{rel}","templated":true}]}}